{"id":19054,"date":"2022-06-02T13:28:00","date_gmt":"2022-06-02T11:28:00","guid":{"rendered":"https:\/\/www.salesianos.edu\/revistasmx\/?p=19054"},"modified":"2022-06-03T08:37:09","modified_gmt":"2022-06-03T06:37:09","slug":"de-santiago-a-turin-un-verano-salesiano-ilusionante","status":"publish","type":"post","link":"http:\/\/www.salesianos.edu\/revistasmx\/de-santiago-a-turin-un-verano-salesiano-ilusionante\/","title":{"rendered":"De Santiago a Tur\u00edn: Un Verano salesiano ilusionante"},"content":{"rendered":"<div id=\"fb-root\"><\/div>\n<p>[et_pb_section fb_built=\u00bb1&#8243; admin_label=\u00bbsection\u00bb _builder_version=\u00bb4.16&#8243; global_colors_info=\u00bb{}\u00bb][et_pb_row admin_label=\u00bbrow\u00bb _builder_version=\u00bb4.16&#8243; background_size=\u00bbinitial\u00bb background_position=\u00bbtop_left\u00bb background_repeat=\u00bbrepeat\u00bb global_colors_info=\u00bb{}\u00bb][et_pb_column type=\u00bb4_4&#8243; _builder_version=\u00bb4.16&#8243; custom_padding=\u00bb|||\u00bb global_colors_info=\u00bb{}\u00bb custom_padding__hover=\u00bb|||\u00bb][et_pb_text _builder_version=\u00bb4.17.4&#8243; _module_preset=\u00bbdefault\u00bb global_colors_info=\u00bb{}\u00bb]<\/p>\n<p><span style=\"font-weight: 400\">Para ello, este <\/span><b>#VeranoSalesiano<\/b><span style=\"font-weight: 400\"> cuenta con el regreso del Campobosco, un encuentro organizado por la pastoral juvenil salesiana de Espa\u00f1a y Portugal que tendr\u00e1 lugar del 30 de julio al 8 de agosto y en el que se recorrer\u00e1 la tierra donde naci\u00f3 el carisma salesiano, la tierra de Don Bosco y Madre Mazarello, acerc\u00e1ndose a su experiencia espiritual y a su respuesta creyente.<\/span><\/p>\n<p><span style=\"font-weight: 400\">Para <\/span><b>Xabier Camino <\/b><span style=\"font-weight: 400\">y <\/span><b>Jordi Lleix\u00e0<\/b><span style=\"font-weight: 400\">, delegados inspectoriales de Pastoral Juvenil, el verano se presenta emocionante con el Campobosco por delante.\u00a0<\/span><\/p>\n<blockquote>\n<p><em><strong>\u201cEl CampoBosco siempre es un regalo de encuentro. La experiencia toca lo m\u00e1s profundo de quienes participan, favoreciendo un viaje interior a las ra\u00edces de nuestro carisma salesiano que fortalece a\u00fan m\u00e1s lo que somos y hacemos en cada una de nuestras Casas\u201d explica Xabi. \u201cVisitar los lugares de nuestros or\u00edgenes remueve nuestro coraz\u00f3n y nos retrotrae a nuestras ra\u00edces, que nos recuerdan qui\u00e9nes somos y qui\u00e9nes estamos llamados a ser en la Iglesia y en el mundo. La experiencia no deja indiferente a nadie y, ciertamente, marca un antes y un despu\u00e9s en la vida cristiana de los j\u00f3venes que participan en ella\u201d a\u00f1ade.\u00a0<\/strong><\/em><\/p>\n<\/blockquote>\n<p><span style=\"font-weight: 400\">\u201cHe tenido la oportunidad de participar en seis CampoBoscos. Este del 2022 ser\u00e1 el s\u00e9ptimo para m\u00ed, en esta ocasi\u00f3n como Delegado inspectorial de Pastoral Juvenil. Las expectativas son muy altas porque, tras estos a\u00f1os de pandemia, la ilusi\u00f3n por encontrarnos en la Tierra Santa salesiana es a\u00fan mayor y se palpa en el ambiente de quienes ya esperan el encuentro con muchas ganas. Ser\u00e1 una oportunidad para sentirnos familia, celebrar juntos nuestra fe, compartir la alegr\u00eda propia de nuestra espiritualidad juvenil salesiana y seguir comprometiendo nuestra vida en un proyecto vocacional lleno de sentido a la luz del Evangelio\u201d concluye.<\/span><\/p>\n<blockquote>\n<p><em><strong>Por otra parte, Jordi espera que \u201ceste encuentro sea para sus participantes, y para todas las personas que les acompa\u00f1amos, una experiencia de encuentro con Jes\u00fas Resucitado que nos impulse a implicarnos m\u00e1s en la apasionante misi\u00f3n salesiana. Ir a los or\u00edgenes de las vidas de Don Bosco y Mar\u00eda Mazzarello nos tiene que ayudar a ver que todo es obra de Dios, que ellos sintieron la llamada a dar su vida por los j\u00f3venes, y que ahora esta llamada se dirige a nosotros. El Campobosco siempre ha sido un momento de revitalizaci\u00f3n pastoral para las Inspector\u00edas y cada una de las casas que participan. Mi deseo es que esta vez vuelva a serlo.\u00bb<\/strong><\/em><\/p>\n<\/blockquote>\n<p><span style=\"font-weight: 400\">\u201cEn el horizonte del <\/span><b>A\u00f1o de la Familia<\/b><span style=\"font-weight: 400\">, del cuarto centenario de la muerte de San Francisco de Sales y del 150 aniversario de la fundaci\u00f3n del Instituto de las Hijas de Mar\u00eda Auxiliadora, con el Campobosco nos acercaremos a Jes\u00fas y su Evangelio a trav\u00e9s de la Palabra de Dios, nos fijaremos en el rostro de Jes\u00fas que inspir\u00f3 a nuestros fundadores, nos dejaremos confrontar por la fe que vivieron Don Bosco, Madre Mazzarello, y los j\u00f3venes del primer Oratorio. En este Campobosco queremos alentar el protagonismo de los j\u00f3venes, haciendo camino sinodal con la Iglesia de nuestro tiempo\u201d, comentan desde la organizaci\u00f3n tras el lanzamiento de la convocatoria.<\/span><\/p>\n<p>[\/et_pb_text][deg_elastic_gallery gallery_ids=\u00bb19070,19058&#8243; _builder_version=\u00bb4.17.4&#8243; _module_preset=\u00bbdefault\u00bb global_colors_info=\u00bb{}\u00bb][\/deg_elastic_gallery][et_pb_text _builder_version=\u00bb4.17.4&#8243; _module_preset=\u00bbdefault\u00bb hover_enabled=\u00bb0&#8243; global_colors_info=\u00bb{}\u00bb sticky_enabled=\u00bb0&#8243;]<\/p>\n<p><b>Los objetivos de este encuentro son h<\/b><span style=\"font-weight: 400\">acer experiencia de vida cristiana recorriendo los lugares donde naci\u00f3 el carisma salesiano encontr\u00e1ndonos con Jes\u00fas a trav\u00e9s de la experiencia de vida cristiana que vivieron Don Bosco, Madre Mazzarello y los j\u00f3venes del primer Oratorio. Proponer las figuras de los j\u00f3venes santos que florecieron en Valdocco y Mornese como inspiraci\u00f3n para el propio proyecto de vida evang\u00e9lico y vivir la eclesialidad desde el protagonismo juvenil y la comuni\u00f3n carism\u00e1tica en sinton\u00eda con toda la comunidad cristiana que camina hacia el s\u00ednodo.<\/span><\/p>\n<p><span style=\"font-weight: 400\">Para <\/span><b>\u00c1lvaro Blanco<\/b><span style=\"font-weight: 400\">, <strong>animador salesiano<\/strong>, ser\u00e1 su primer Campobosco y espera que sea una experiencia \u201cque no deje indiferente a ninguno de los asistentes, que nos haga sentir hijos de un mismo Dios y participantes de una misma comunidad salesiana y eclesial\u201d. \u201cEs una gran oportunidad para acudir a la matriz de todos nuestros ambientes, all\u00ed donde Don Bosco so\u00f1\u00f3 y comenz\u00f3 a construir desde cero. Son d\u00edas para compartir experiencias, conocer otras realidades y empaparse de todo lo bueno que supone darse a los dem\u00e1s\u201d a\u00f1ade.<\/span><\/p>\n<p><span style=\"font-weight: 400\">Por otra parte para<\/span><b> Pedro Hern\u00e1ndez, coordinador nacional de Centros Juveniles \u201c<\/b><span style=\"font-weight: 400\">andar por el Colle, Chieri Mornese y Valdocco es experimentar en primera persona lo que llevan escuchando y experimentando en sus casas desde la infancia\u201d. \u201dRezar en la bas\u00edlica de Mar\u00eda Auxiliadora o en la capilla Pinardi; beber de la fuente en el patio de Valdocco; asomarse a la ventana de la Valponasca es acercarse a lo que vivieron Don Bosco, Madre Mazzarello y los primeros muchachos y muchachas del Oratorio\u201d a\u00f1ade.<\/span><\/p>\n<p><span style=\"font-weight: 400\">Adem\u00e1s, este a\u00f1o, cree que ser\u00e1 especial. \u201cDespu\u00e9s de lo pasado, hay ganas de vida, hay necesidad de esperanza y de seguir caminando. La respuesta a la convocatoria ha sido magn\u00edfica. Es por esto que so\u00f1amos con que cada joven que participe en el Campobosco SE ATREVA a encontrarse con el Dios de Jes\u00fas, CONF\u00cdE en la fuerza que cada uno tenemos y en la de la comunidad y VIVA una experiencia de encuentro con los dem\u00e1s y con el Se\u00f1or en la tierra de Don Bosco y con el carisma salesiano\u201d afirma.<\/span><\/p>\n<p>[\/et_pb_text][deg_elastic_gallery gallery_ids=\u00bb19060,19059&#8243; _builder_version=\u00bb4.17.4&#8243; _module_preset=\u00bbdefault\u00bb global_colors_info=\u00bb{}\u00bb][\/deg_elastic_gallery][et_pb_text _builder_version=\u00bb4.17.4&#8243; _module_preset=\u00bbdefault\u00bb hover_enabled=\u00bb0&#8243; global_colors_info=\u00bb{}\u00bb sticky_enabled=\u00bb0&#8243;]<\/p>\n<p><b>Peregrinaci\u00f3n Europea de J\u00f3venes<\/b><\/p>\n<p><span style=\"font-weight: 400\">Por otra parte, este tiempo estival cuenta tambi\u00e9n con una invitaci\u00f3n muy especial.<\/span><span style=\"font-weight: 400\"> El <\/span><a href=\"https:\/\/pastoraljuvenil.es\/mjs-2\/\"><span style=\"font-weight: 400\">Movimiento Juvenil Salesiano (MJS)<\/span><\/a><span style=\"font-weight: 400\"> ofrece la posibilidad, en este ilusionante a\u00f1o santo, de participar en la Peregrinaci\u00f3n Europea de J\u00f3venes (PEJ) a Santiago de Compostela. Esta experiencia se desarrollar\u00e1 del 1 al 7 de agosto, con la realizaci\u00f3n de un tramo del <\/span><b>Camino a Santiago<\/b><span style=\"font-weight: 400\">. La peregrinaci\u00f3n para j\u00f3venes de este 2022 lleva por lema <\/span><b>\u201cJoven lev\u00e1ntate y s\u00e9 testigo. El ap\u00f3stol Santiago te espera\u201d<\/b><span style=\"font-weight: 400\"> y se convoca con motivo del <\/span><a href=\"https:\/\/anosantocompostelano.org\/\"><span style=\"font-weight: 400\">A\u00f1o Santo Compostelano 2021<\/span><\/a><span style=\"font-weight: 400\"> que fue prorrogado hasta finales del 2022 por el Papa Francisco.<\/span><\/p>\n<p><span style=\"font-weight: 400\">La capital gallega se convertir\u00e1 por unos d\u00edas en un punto de encuentro de<\/span><b> j\u00f3venes<\/b><span style=\"font-weight: 400\"> llegados de diferentes puntos de <\/span><b>Europa<\/b><span style=\"font-weight: 400\">. Una nueva oportunidad para que los j\u00f3venes de las casas salesianas se pongan en camino en comunidad, compartiendo momentos de oraci\u00f3n y crecimiento personal, adem\u00e1s de actividades como conciertos y otras experiencias l\u00fadicas.<\/span><\/p>\n<p>[\/et_pb_text][deg_elastic_gallery gallery_ids=\u00bb19071,19064&#8243; _builder_version=\u00bb4.17.4&#8243; _module_preset=\u00bbdefault\u00bb global_colors_info=\u00bb{}\u00bb][\/deg_elastic_gallery][et_pb_text _builder_version=\u00bb4.17.4&#8243; _module_preset=\u00bbdefault\u00bb hover_enabled=\u00bb0&#8243; global_colors_info=\u00bb{}\u00bb sticky_enabled=\u00bb0&#8243;]<\/p>\n<p><b>Otras actividades formativas y de verano<\/b><\/p>\n<p><span style=\"font-weight: 400\">Adem\u00e1s de estos dos eventos, en los que se concentrar\u00e1n miles de j\u00f3venes, se contar\u00e1 con el habitual programa con una amplia programaci\u00f3n de actividades desarrolladas desde los Centros Juveniles, para los destinatarios de los grupos del Itinerario de Educaci\u00f3n en la Fe o pensando en la formaci\u00f3n de los futuros animadores desde las Federaciones y Escuelas de Tiempo Libre.<\/span><\/p>\n<p><span style=\"font-weight: 400\">El coordinador inspectorial de Educaci\u00f3n en la Fe, <\/span><b>Jos\u00e9 Luis Navarro<\/b><span style=\"font-weight: 400\">, cuenta que\u00a0<\/span><span style=\"font-weight: 400\">\u201cla experiencia de estos a\u00f1os de pandemia ha puesto de manifiesto la necesidad de seguir ofreciendo espacios de relaci\u00f3n para el crecimiento humano y espiritual de tantos ni\u00f1os, adolescentes y j\u00f3venes que necesitan vivir momentos de encuentro de calidad. Ciertamente la pandemia ha pasado factura y muchas actividades que ya eran tradicionales deben ser repensadas y pelanzadas de nuevo, pero es maravilloso ver como desde la Inspector\u00eda y desde cada una de las casas a nivel local se est\u00e1n multiplicando las programaci\u00f3n de actividades de verano que van a tratar sin duda de generar estos espacios de vida durante verano\u201d.<\/span><\/p>\n<p><span style=\"font-weight: 400\">Desde la Delegaci\u00f3n de Pastoral juvenil se presenta a\u00f1o tras a\u00f1o una amplia oferta de campamentos y actividades para los destinatarios del Itinerario de Educaci\u00f3n en la Fe (IEF), comprendidos entre los \u00faltimos cursos de primaria y los j\u00f3venes universitarios. Cada etapa puede participar en estas iniciativas celebradas de junio a agosto catalogadas por muchos como el mejor momento del curso donde participan salesianos, animadores, seglares y chicos implicados en las actividades de campamentos, oratorios, colonias, escuelas de animadores, etc.<\/span><\/p>\n<p>[\/et_pb_text][deg_elastic_gallery gallery_ids=\u00bb19068,19066&#8243; _builder_version=\u00bb4.17.4&#8243; _module_preset=\u00bbdefault\u00bb global_colors_info=\u00bb{}\u00bb][\/deg_elastic_gallery][et_pb_text _builder_version=\u00bb4.17.4&#8243; _module_preset=\u00bbdefault\u00bb global_colors_info=\u00bb{}\u00bb]<\/p>\n<p><span style=\"font-weight: 400\">Por este motivo deseo que las actividades de verano cojan mucha fuerza y puedan llegar con m\u00e1s fuerza despu\u00e9s de la pandemia. Especialmente espero que los campamentos del IEF ayuden a seguir educando y evangelizando desde el tiempo libre. A llevar la buena noticia del Evangelio a tantos j\u00f3venes de nuestra inspector\u00eda que desde la diversi\u00f3n, el grupo, la celebraci\u00f3n de la fe, la amistad&#8230; tengas experiencias significativas que vayan cambiando poco a poco su vida en el descubrimiento de la propia vocaci\u00f3n.\u00a0<\/span><\/p>\n<p><span style=\"font-weight: 400\">Los campamentos del IEF quieren ser un momento fuerte en la vida de todos los que participan del itinerario de crecimiento en la fe.\u00a0<\/span><\/p>\n<p><span style=\"font-weight: 400\">Como recoge el <\/span><b>Libro Gu\u00eda del Animador<\/b><span style=\"font-weight: 400\">, \u00ablos campamentos de verano, organizados a nivel local o inspectorial, para vivir una experiencia de convivencia, reflexi\u00f3n y celebraci\u00f3n, que sirva de s\u00edntesis del proceso de fe seguido durante el curso y de p\u00f3rtico del siguiente.\u00bb<\/span><\/p>\n<p><span style=\"font-weight: 400\">\u00a0<\/span><span style=\"font-weight: 400\">Como hilo conductor de estas experiencias estar\u00e1 en redes sociales el hashtag <\/span><b>#VeranoSalesiano<\/b><span style=\"font-weight: 400\"> donde, al igual que en a\u00f1os anteriores, se compartir\u00e1n los momentos vividos por diferentes puntos de la geograf\u00eda inspectorial.<\/span><\/p>\n<p>[\/et_pb_text][et_pb_button button_url=\u00bbhttps:\/\/salesianos.info\/blog\/fechas-a-tener-en-cuenta-para-vivir-con-intensidad-el-veranosalesiano\/%20&#8243; button_text=\u00bbFechas y lugares\u00bb _builder_version=\u00bb4.17.4&#8243; _module_preset=\u00bbdefault\u00bb global_colors_info=\u00bb{}\u00bb][\/et_pb_button][et_pb_gallery gallery_ids=\u00bb19076,19075,19074,19073,19072,19071,19065,19066,19067,19068,19069,19070,19064,19062,19063,19061,19060,19059,19058,19057&#8243; _builder_version=\u00bb4.17.4&#8243; _module_preset=\u00bbdefault\u00bb global_colors_info=\u00bb{}\u00bb][\/et_pb_gallery][\/et_pb_column][\/et_pb_row][\/et_pb_section]<\/p>\n","protected":false},"excerpt":{"rendered":"<p>\u00a1Atr\u00e9vete, conf\u00eda, vive! Este lema, escogido para el Campobosco 2022 es el mejor mensaje posible para anunciar lo que est\u00e1 por venir en un verano muy especial. Tras el exigente tiempo de pandemia, condicionado por las restricciones sanitarias, la juventud salesiana vuelve a mirar a los meses de verano con ilusi\u00f3n sabiendo que muchas de las actividades centrales del a\u00f1o han vuelto con m\u00e1s fuerza que nunca.<\/p>\n","protected":false},"author":5,"featured_media":19062,"comment_status":"open","ping_status":"closed","sticky":false,"template":"","format":"standard","meta":{"_et_pb_use_builder":"on","_et_pb_old_content":"","_et_gb_content_width":"","footnotes":""},"categories":[34],"tags":[],"class_list":["post-19054","post","type-post","status-publish","format-standard","has-post-thumbnail","hentry","category-a-fondo"],"yoast_head":"<!-- This site is optimized with the Yoast SEO plugin v27.5 - https:\/\/yoast.com\/product\/yoast-seo-wordpress\/ -->\n<title>De Santiago a Tur\u00edn: Un Verano salesiano ilusionante - Revista SMX<\/title>\n<meta name=\"robots\" content=\"index, follow, max-snippet:-1, max-image-preview:large, max-video-preview:-1\" \/>\n<link rel=\"canonical\" href=\"http:\/\/www.salesianos.edu\/revistasmx\/de-santiago-a-turin-un-verano-salesiano-ilusionante\/\" \/>\n<meta property=\"og:locale\" content=\"es_ES\" \/>\n<meta property=\"og:type\" content=\"article\" \/>\n<meta property=\"og:title\" content=\"De Santiago a Tur\u00edn: Un Verano salesiano ilusionante - Revista SMX\" \/>\n<meta property=\"og:description\" content=\"\u00a1Atr\u00e9vete, conf\u00eda, vive! Este lema, escogido para el Campobosco 2022 es el mejor mensaje posible para anunciar lo que est\u00e1 por venir en un verano muy especial. Tras el exigente tiempo de pandemia, condicionado por las restricciones sanitarias, la juventud salesiana vuelve a mirar a los meses de verano con ilusi\u00f3n sabiendo que muchas de las actividades centrales del a\u00f1o han vuelto con m\u00e1s fuerza que nunca.\" \/>\n<meta property=\"og:url\" content=\"http:\/\/www.salesianos.edu\/revistasmx\/de-santiago-a-turin-un-verano-salesiano-ilusionante\/\" \/>\n<meta property=\"og:site_name\" content=\"Revista SMX\" \/>\n<meta property=\"article:published_time\" content=\"2022-06-02T11:28:00+00:00\" \/>\n<meta property=\"article:modified_time\" content=\"2022-06-03T06:37:09+00:00\" \/>\n<meta property=\"og:image\" content=\"https:\/\/www.salesianos.edu\/revistasmx\/wp-content\/uploads\/sites\/8\/2022\/06\/noticia_Impeesa_22_04_17_Grupo-scout-carrasqueta_1.jpeg\" \/>\n\t<meta property=\"og:image:width\" content=\"1000\" \/>\n\t<meta property=\"og:image:height\" content=\"450\" \/>\n\t<meta property=\"og:image:type\" content=\"image\/jpeg\" \/>\n<meta name=\"author\" content=\"martapeirat\" \/>\n<meta name=\"twitter:card\" content=\"summary_large_image\" \/>\n<meta name=\"twitter:label1\" content=\"Escrito por\" \/>\n\t<meta name=\"twitter:data1\" content=\"martapeirat\" \/>\n\t<meta name=\"twitter:label2\" content=\"Tiempo de lectura\" \/>\n\t<meta name=\"twitter:data2\" content=\"9 minutos\" \/>\n<script type=\"application\/ld+json\" class=\"yoast-schema-graph\">{\"@context\":\"https:\\\/\\\/schema.org\",\"@graph\":[{\"@type\":\"Article\",\"@id\":\"http:\\\/\\\/www.salesianos.edu\\\/revistasmx\\\/de-santiago-a-turin-un-verano-salesiano-ilusionante\\\/#article\",\"isPartOf\":{\"@id\":\"http:\\\/\\\/www.salesianos.edu\\\/revistasmx\\\/de-santiago-a-turin-un-verano-salesiano-ilusionante\\\/\"},\"author\":{\"name\":\"martapeirat\",\"@id\":\"http:\\\/\\\/www.salesianos.edu\\\/revistasmx\\\/#\\\/schema\\\/person\\\/20a80be1bb4e0ed82068c57facf5b237\"},\"headline\":\"De Santiago a Tur\u00edn: Un Verano salesiano ilusionante\",\"datePublished\":\"2022-06-02T11:28:00+00:00\",\"dateModified\":\"2022-06-03T06:37:09+00:00\",\"mainEntityOfPage\":{\"@id\":\"http:\\\/\\\/www.salesianos.edu\\\/revistasmx\\\/de-santiago-a-turin-un-verano-salesiano-ilusionante\\\/\"},\"wordCount\":1829,\"commentCount\":0,\"image\":{\"@id\":\"http:\\\/\\\/www.salesianos.edu\\\/revistasmx\\\/de-santiago-a-turin-un-verano-salesiano-ilusionante\\\/#primaryimage\"},\"thumbnailUrl\":\"http:\\\/\\\/www.salesianos.edu\\\/revistasmx\\\/wp-content\\\/uploads\\\/sites\\\/8\\\/2022\\\/06\\\/noticia_Impeesa_22_04_17_Grupo-scout-carrasqueta_1.jpeg\",\"articleSection\":[\"A FONDO\"],\"inLanguage\":\"es\",\"potentialAction\":[{\"@type\":\"CommentAction\",\"name\":\"Comment\",\"target\":[\"http:\\\/\\\/www.salesianos.edu\\\/revistasmx\\\/de-santiago-a-turin-un-verano-salesiano-ilusionante\\\/#respond\"]}]},{\"@type\":\"WebPage\",\"@id\":\"http:\\\/\\\/www.salesianos.edu\\\/revistasmx\\\/de-santiago-a-turin-un-verano-salesiano-ilusionante\\\/\",\"url\":\"http:\\\/\\\/www.salesianos.edu\\\/revistasmx\\\/de-santiago-a-turin-un-verano-salesiano-ilusionante\\\/\",\"name\":\"De Santiago a Tur\u00edn: Un Verano salesiano ilusionante - Revista SMX\",\"isPartOf\":{\"@id\":\"http:\\\/\\\/www.salesianos.edu\\\/revistasmx\\\/#website\"},\"primaryImageOfPage\":{\"@id\":\"http:\\\/\\\/www.salesianos.edu\\\/revistasmx\\\/de-santiago-a-turin-un-verano-salesiano-ilusionante\\\/#primaryimage\"},\"image\":{\"@id\":\"http:\\\/\\\/www.salesianos.edu\\\/revistasmx\\\/de-santiago-a-turin-un-verano-salesiano-ilusionante\\\/#primaryimage\"},\"thumbnailUrl\":\"http:\\\/\\\/www.salesianos.edu\\\/revistasmx\\\/wp-content\\\/uploads\\\/sites\\\/8\\\/2022\\\/06\\\/noticia_Impeesa_22_04_17_Grupo-scout-carrasqueta_1.jpeg\",\"datePublished\":\"2022-06-02T11:28:00+00:00\",\"dateModified\":\"2022-06-03T06:37:09+00:00\",\"author\":{\"@id\":\"http:\\\/\\\/www.salesianos.edu\\\/revistasmx\\\/#\\\/schema\\\/person\\\/20a80be1bb4e0ed82068c57facf5b237\"},\"breadcrumb\":{\"@id\":\"http:\\\/\\\/www.salesianos.edu\\\/revistasmx\\\/de-santiago-a-turin-un-verano-salesiano-ilusionante\\\/#breadcrumb\"},\"inLanguage\":\"es\",\"potentialAction\":[{\"@type\":\"ReadAction\",\"target\":[\"http:\\\/\\\/www.salesianos.edu\\\/revistasmx\\\/de-santiago-a-turin-un-verano-salesiano-ilusionante\\\/\"]}]},{\"@type\":\"ImageObject\",\"inLanguage\":\"es\",\"@id\":\"http:\\\/\\\/www.salesianos.edu\\\/revistasmx\\\/de-santiago-a-turin-un-verano-salesiano-ilusionante\\\/#primaryimage\",\"url\":\"http:\\\/\\\/www.salesianos.edu\\\/revistasmx\\\/wp-content\\\/uploads\\\/sites\\\/8\\\/2022\\\/06\\\/noticia_Impeesa_22_04_17_Grupo-scout-carrasqueta_1.jpeg\",\"contentUrl\":\"http:\\\/\\\/www.salesianos.edu\\\/revistasmx\\\/wp-content\\\/uploads\\\/sites\\\/8\\\/2022\\\/06\\\/noticia_Impeesa_22_04_17_Grupo-scout-carrasqueta_1.jpeg\",\"width\":1000,\"height\":450},{\"@type\":\"BreadcrumbList\",\"@id\":\"http:\\\/\\\/www.salesianos.edu\\\/revistasmx\\\/de-santiago-a-turin-un-verano-salesiano-ilusionante\\\/#breadcrumb\",\"itemListElement\":[{\"@type\":\"ListItem\",\"position\":1,\"name\":\"Portada\",\"item\":\"https:\\\/\\\/www.salesianos.edu\\\/revistasmx\\\/\"},{\"@type\":\"ListItem\",\"position\":2,\"name\":\"De Santiago a Tur\u00edn: Un Verano salesiano ilusionante\"}]},{\"@type\":\"WebSite\",\"@id\":\"http:\\\/\\\/www.salesianos.edu\\\/revistasmx\\\/#website\",\"url\":\"http:\\\/\\\/www.salesianos.edu\\\/revistasmx\\\/\",\"name\":\"Revista SMX\",\"description\":\"P\u00e1gina oficial de Inspector\u00eda Salesiana Mar\u00eda Auxiliadora\",\"potentialAction\":[{\"@type\":\"SearchAction\",\"target\":{\"@type\":\"EntryPoint\",\"urlTemplate\":\"http:\\\/\\\/www.salesianos.edu\\\/revistasmx\\\/?s={search_term_string}\"},\"query-input\":{\"@type\":\"PropertyValueSpecification\",\"valueRequired\":true,\"valueName\":\"search_term_string\"}}],\"inLanguage\":\"es\"},{\"@type\":\"Person\",\"@id\":\"http:\\\/\\\/www.salesianos.edu\\\/revistasmx\\\/#\\\/schema\\\/person\\\/20a80be1bb4e0ed82068c57facf5b237\",\"name\":\"martapeirat\",\"image\":{\"@type\":\"ImageObject\",\"inLanguage\":\"es\",\"@id\":\"https:\\\/\\\/secure.gravatar.com\\\/avatar\\\/1139b81b40ed1dde466563679597db378e7092bbfdd7ebb264c437fedde866d7?s=96&d=mm&r=g\",\"url\":\"https:\\\/\\\/secure.gravatar.com\\\/avatar\\\/1139b81b40ed1dde466563679597db378e7092bbfdd7ebb264c437fedde866d7?s=96&d=mm&r=g\",\"contentUrl\":\"https:\\\/\\\/secure.gravatar.com\\\/avatar\\\/1139b81b40ed1dde466563679597db378e7092bbfdd7ebb264c437fedde866d7?s=96&d=mm&r=g\",\"caption\":\"martapeirat\"}}]}<\/script>\n<!-- \/ Yoast SEO plugin. -->","yoast_head_json":{"title":"De Santiago a Tur\u00edn: Un Verano salesiano ilusionante - Revista SMX","robots":{"index":"index","follow":"follow","max-snippet":"max-snippet:-1","max-image-preview":"max-image-preview:large","max-video-preview":"max-video-preview:-1"},"canonical":"http:\/\/www.salesianos.edu\/revistasmx\/de-santiago-a-turin-un-verano-salesiano-ilusionante\/","og_locale":"es_ES","og_type":"article","og_title":"De Santiago a Tur\u00edn: Un Verano salesiano ilusionante - Revista SMX","og_description":"\u00a1Atr\u00e9vete, conf\u00eda, vive! Este lema, escogido para el Campobosco 2022 es el mejor mensaje posible para anunciar lo que est\u00e1 por venir en un verano muy especial. Tras el exigente tiempo de pandemia, condicionado por las restricciones sanitarias, la juventud salesiana vuelve a mirar a los meses de verano con ilusi\u00f3n sabiendo que muchas de las actividades centrales del a\u00f1o han vuelto con m\u00e1s fuerza que nunca.","og_url":"http:\/\/www.salesianos.edu\/revistasmx\/de-santiago-a-turin-un-verano-salesiano-ilusionante\/","og_site_name":"Revista SMX","article_published_time":"2022-06-02T11:28:00+00:00","article_modified_time":"2022-06-03T06:37:09+00:00","og_image":[{"width":1000,"height":450,"url":"https:\/\/www.salesianos.edu\/revistasmx\/wp-content\/uploads\/sites\/8\/2022\/06\/noticia_Impeesa_22_04_17_Grupo-scout-carrasqueta_1.jpeg","type":"image\/jpeg"}],"author":"martapeirat","twitter_card":"summary_large_image","twitter_misc":{"Escrito por":"martapeirat","Tiempo de lectura":"9 minutos"},"schema":{"@context":"https:\/\/schema.org","@graph":[{"@type":"Article","@id":"http:\/\/www.salesianos.edu\/revistasmx\/de-santiago-a-turin-un-verano-salesiano-ilusionante\/#article","isPartOf":{"@id":"http:\/\/www.salesianos.edu\/revistasmx\/de-santiago-a-turin-un-verano-salesiano-ilusionante\/"},"author":{"name":"martapeirat","@id":"http:\/\/www.salesianos.edu\/revistasmx\/#\/schema\/person\/20a80be1bb4e0ed82068c57facf5b237"},"headline":"De Santiago a Tur\u00edn: Un Verano salesiano ilusionante","datePublished":"2022-06-02T11:28:00+00:00","dateModified":"2022-06-03T06:37:09+00:00","mainEntityOfPage":{"@id":"http:\/\/www.salesianos.edu\/revistasmx\/de-santiago-a-turin-un-verano-salesiano-ilusionante\/"},"wordCount":1829,"commentCount":0,"image":{"@id":"http:\/\/www.salesianos.edu\/revistasmx\/de-santiago-a-turin-un-verano-salesiano-ilusionante\/#primaryimage"},"thumbnailUrl":"http:\/\/www.salesianos.edu\/revistasmx\/wp-content\/uploads\/sites\/8\/2022\/06\/noticia_Impeesa_22_04_17_Grupo-scout-carrasqueta_1.jpeg","articleSection":["A FONDO"],"inLanguage":"es","potentialAction":[{"@type":"CommentAction","name":"Comment","target":["http:\/\/www.salesianos.edu\/revistasmx\/de-santiago-a-turin-un-verano-salesiano-ilusionante\/#respond"]}]},{"@type":"WebPage","@id":"http:\/\/www.salesianos.edu\/revistasmx\/de-santiago-a-turin-un-verano-salesiano-ilusionante\/","url":"http:\/\/www.salesianos.edu\/revistasmx\/de-santiago-a-turin-un-verano-salesiano-ilusionante\/","name":"De Santiago a Tur\u00edn: Un Verano salesiano ilusionante - Revista SMX","isPartOf":{"@id":"http:\/\/www.salesianos.edu\/revistasmx\/#website"},"primaryImageOfPage":{"@id":"http:\/\/www.salesianos.edu\/revistasmx\/de-santiago-a-turin-un-verano-salesiano-ilusionante\/#primaryimage"},"image":{"@id":"http:\/\/www.salesianos.edu\/revistasmx\/de-santiago-a-turin-un-verano-salesiano-ilusionante\/#primaryimage"},"thumbnailUrl":"http:\/\/www.salesianos.edu\/revistasmx\/wp-content\/uploads\/sites\/8\/2022\/06\/noticia_Impeesa_22_04_17_Grupo-scout-carrasqueta_1.jpeg","datePublished":"2022-06-02T11:28:00+00:00","dateModified":"2022-06-03T06:37:09+00:00","author":{"@id":"http:\/\/www.salesianos.edu\/revistasmx\/#\/schema\/person\/20a80be1bb4e0ed82068c57facf5b237"},"breadcrumb":{"@id":"http:\/\/www.salesianos.edu\/revistasmx\/de-santiago-a-turin-un-verano-salesiano-ilusionante\/#breadcrumb"},"inLanguage":"es","potentialAction":[{"@type":"ReadAction","target":["http:\/\/www.salesianos.edu\/revistasmx\/de-santiago-a-turin-un-verano-salesiano-ilusionante\/"]}]},{"@type":"ImageObject","inLanguage":"es","@id":"http:\/\/www.salesianos.edu\/revistasmx\/de-santiago-a-turin-un-verano-salesiano-ilusionante\/#primaryimage","url":"http:\/\/www.salesianos.edu\/revistasmx\/wp-content\/uploads\/sites\/8\/2022\/06\/noticia_Impeesa_22_04_17_Grupo-scout-carrasqueta_1.jpeg","contentUrl":"http:\/\/www.salesianos.edu\/revistasmx\/wp-content\/uploads\/sites\/8\/2022\/06\/noticia_Impeesa_22_04_17_Grupo-scout-carrasqueta_1.jpeg","width":1000,"height":450},{"@type":"BreadcrumbList","@id":"http:\/\/www.salesianos.edu\/revistasmx\/de-santiago-a-turin-un-verano-salesiano-ilusionante\/#breadcrumb","itemListElement":[{"@type":"ListItem","position":1,"name":"Portada","item":"https:\/\/www.salesianos.edu\/revistasmx\/"},{"@type":"ListItem","position":2,"name":"De Santiago a Tur\u00edn: Un Verano salesiano ilusionante"}]},{"@type":"WebSite","@id":"http:\/\/www.salesianos.edu\/revistasmx\/#website","url":"http:\/\/www.salesianos.edu\/revistasmx\/","name":"Revista SMX","description":"P\u00e1gina oficial de Inspector\u00eda Salesiana Mar\u00eda Auxiliadora","potentialAction":[{"@type":"SearchAction","target":{"@type":"EntryPoint","urlTemplate":"http:\/\/www.salesianos.edu\/revistasmx\/?s={search_term_string}"},"query-input":{"@type":"PropertyValueSpecification","valueRequired":true,"valueName":"search_term_string"}}],"inLanguage":"es"},{"@type":"Person","@id":"http:\/\/www.salesianos.edu\/revistasmx\/#\/schema\/person\/20a80be1bb4e0ed82068c57facf5b237","name":"martapeirat","image":{"@type":"ImageObject","inLanguage":"es","@id":"https:\/\/secure.gravatar.com\/avatar\/1139b81b40ed1dde466563679597db378e7092bbfdd7ebb264c437fedde866d7?s=96&d=mm&r=g","url":"https:\/\/secure.gravatar.com\/avatar\/1139b81b40ed1dde466563679597db378e7092bbfdd7ebb264c437fedde866d7?s=96&d=mm&r=g","contentUrl":"https:\/\/secure.gravatar.com\/avatar\/1139b81b40ed1dde466563679597db378e7092bbfdd7ebb264c437fedde866d7?s=96&d=mm&r=g","caption":"martapeirat"}}]}},"_links":{"self":[{"href":"http:\/\/www.salesianos.edu\/revistasmx\/wp-json\/wp\/v2\/posts\/19054","targetHints":{"allow":["GET"]}}],"collection":[{"href":"http:\/\/www.salesianos.edu\/revistasmx\/wp-json\/wp\/v2\/posts"}],"about":[{"href":"http:\/\/www.salesianos.edu\/revistasmx\/wp-json\/wp\/v2\/types\/post"}],"author":[{"embeddable":true,"href":"http:\/\/www.salesianos.edu\/revistasmx\/wp-json\/wp\/v2\/users\/5"}],"replies":[{"embeddable":true,"href":"http:\/\/www.salesianos.edu\/revistasmx\/wp-json\/wp\/v2\/comments?post=19054"}],"version-history":[{"count":4,"href":"http:\/\/www.salesianos.edu\/revistasmx\/wp-json\/wp\/v2\/posts\/19054\/revisions"}],"predecessor-version":[{"id":19084,"href":"http:\/\/www.salesianos.edu\/revistasmx\/wp-json\/wp\/v2\/posts\/19054\/revisions\/19084"}],"wp:featuredmedia":[{"embeddable":true,"href":"http:\/\/www.salesianos.edu\/revistasmx\/wp-json\/wp\/v2\/media\/19062"}],"wp:attachment":[{"href":"http:\/\/www.salesianos.edu\/revistasmx\/wp-json\/wp\/v2\/media?parent=19054"}],"wp:term":[{"taxonomy":"category","embeddable":true,"href":"http:\/\/www.salesianos.edu\/revistasmx\/wp-json\/wp\/v2\/categories?post=19054"},{"taxonomy":"post_tag","embeddable":true,"href":"http:\/\/www.salesianos.edu\/revistasmx\/wp-json\/wp\/v2\/tags?post=19054"}],"curies":[{"name":"wp","href":"https:\/\/api.w.org\/{rel}","templated":true}]}}