{"id":18918,"date":"2022-04-29T08:31:58","date_gmt":"2022-04-29T06:31:58","guid":{"rendered":"https:\/\/www.salesianos.edu\/revistasmx\/?p=18918"},"modified":"2022-04-29T11:40:18","modified_gmt":"2022-04-29T09:40:18","slug":"balance-nos-mueve-la-esperanza","status":"publish","type":"post","link":"http:\/\/www.salesianos.edu\/revistasmx\/balance-nos-mueve-la-esperanza\/","title":{"rendered":"Lleg\u00f3 la hora de hacer balance del &#8216;Nos mueve la esperanza&#8217;"},"content":{"rendered":"<div id=\"fb-root\"><\/div>\n<p>[et_pb_section fb_built=\u00bb1&#8243; admin_label=\u00bbsection\u00bb _builder_version=\u00bb4.16&#8243; global_colors_info=\u00bb{}\u00bb theme_builder_area=\u00bbpost_content\u00bb][et_pb_row admin_label=\u00bbrow\u00bb _builder_version=\u00bb4.16&#8243; background_size=\u00bbinitial\u00bb background_position=\u00bbtop_left\u00bb background_repeat=\u00bbrepeat\u00bb global_colors_info=\u00bb{}\u00bb theme_builder_area=\u00bbpost_content\u00bb][et_pb_column type=\u00bb4_4&#8243; _builder_version=\u00bb4.16&#8243; custom_padding=\u00bb|||\u00bb global_colors_info=\u00bb{}\u00bb custom_padding__hover=\u00bb|||\u00bb theme_builder_area=\u00bbpost_content\u00bb][et_pb_text _builder_version=\u00bb4.17.3&#8243; _module_preset=\u00bbdefault\u00bb global_colors_info=\u00bb{}\u00bb theme_builder_area=\u00bbpost_content\u00bb]<\/p>\n<p><span style=\"font-weight: 400\">Desde que el pasado 9 de junio de 2021 se lanzara el lema <\/span><a href=\"https:\/\/www.salesianos.edu\/nosmuevelaesperanza\/\"><b>\u2018Nos mueve la esperanza\u2019<\/b><\/a><span style=\"font-weight: 400\"> coincidiendo con el <\/span><span style=\"font-weight: 400\">encuentro del consejo inspectorial con los consejos de Obra, han pasado 11 meses en los que la Inspector\u00eda Salesiana Mar\u00eda Auxiliadora ha profundizado en el sentido evangelizador con cada una de las actividades e iniciativas que en ella se han realizado.<\/span><\/p>\n<p><span style=\"font-weight: 400\">El delegado de Pastoral Juvenil <\/span><b>Jordi Lleix\u00e0<\/b><span style=\"font-weight: 400\">, al explicar el esl\u00f3gan<\/span><span style=\"font-weight: 400\">\u00a0contaba que era reflejo del Aguinaldo del <\/span><b>Rector Mayor<\/b><span style=\"font-weight: 400\">. <\/span><i><span style=\"font-weight: 400\">\u00abSiguiendo con la l\u00ednea de trabajo de los \u00faltimos a\u00f1os, con la que hemos trabajado distintas opciones del <\/span><\/i><b><i>Proyecto Org\u00e1nico Inspectorial<\/i><\/b><i><span style=\"font-weight: 400\">, el curso 2021-22 nos centraremos en la opci\u00f3n tercera<\/span><\/i><span style=\"font-weight: 400\">, compart\u00eda el salesiano sobre una esperanza que surge del encuentro personal con Jesucristo.\u00a0<\/span><\/p>\n<p><span style=\"font-weight: 400\">Cada uno de los encuentros de coordinaci\u00f3n llevados a cabo este curso han estado apoyados en el lema, de igual manera se ha insistido en cada una de las<\/span><b> Escuelas, Parroquias, Centros Juveniles y Plataformas Sociales<\/b><span style=\"font-weight: 400\"> donde ha resonado este hilo conductor que animaba a salir al encuentro con <\/span><b>Jes\u00fas<\/b><span style=\"font-weight: 400\"> anima a salir al encuentro del otro y compartir la fe y la esperanza.<\/span><\/p>\n<blockquote>\n<p>\u201cAnte el individualismo al que nos pod\u00eda llevar el confinamiento debido al aislamiento se ha respondido con mayor comunicaci\u00f3n y conexi\u00f3n entre todos; ante la inestabilidad y la incertidumbre, se ha reaccionado con creatividad y talento; ante la dispersi\u00f3n de enfrentarse a lo desconocido nos hemos movilizado para pensar y discernir las posibilidades y respuestas m\u00e1s adecuadas; ante la falta de recursos adecuados se han dise\u00f1ado nuevos escenarios de trabajo y de relaciones\u201d, explica el coordinador inspectorial de Plataformas Sociales,<strong> Joan Valls<\/strong>. Se trataba fundamentalmente del apartado del POI que habla de la evangelizaci\u00f3n y este lema nos ha permitido seguir reflexionando a todos los niveles en la pedagog\u00eda del anuncio del Evangelio, en c\u00f3mo realizar el primer anuncio y en c\u00f3mo seguir profundizando en los itinerarios sobre la espiritualidad y la apertura a la trascendencia\u00bb a\u00f1ad\u00eda.<\/p>\n<\/blockquote>\n<p>[\/et_pb_text][\/et_pb_column][\/et_pb_row][et_pb_row column_structure=\u00bb1_2,1_2&#8243; _builder_version=\u00bb4.17.3&#8243; _module_preset=\u00bbdefault\u00bb global_colors_info=\u00bb{}\u00bb theme_builder_area=\u00bbpost_content\u00bb][et_pb_column type=\u00bb1_2&#8243; _builder_version=\u00bb4.17.3&#8243; _module_preset=\u00bbdefault\u00bb global_colors_info=\u00bb{}\u00bb theme_builder_area=\u00bbpost_content\u00bb][et_pb_image src=\u00bbhttps:\/\/www.salesianos.edu\/revistasmx\/wp-content\/uploads\/sites\/8\/2022\/04\/photo5843435502110358380.jpg\u00bb _builder_version=\u00bb4.17.3&#8243; _module_preset=\u00bbdefault\u00bb global_colors_info=\u00bb{}\u00bb theme_builder_area=\u00bbpost_content\u00bb][\/et_pb_image][et_pb_tabs _builder_version=\u00bb4.17.3&#8243; _module_preset=\u00bbdefault\u00bb global_colors_info=\u00bb{}\u00bb theme_builder_area=\u00bbpost_content\u00bb][et_pb_tab title=\u00bbLos \u00faltimos con esperanza\u00bb _builder_version=\u00bb4.17.3&#8243; _module_preset=\u00bbdefault\u00bb global_colors_info=\u00bb{}\u00bb theme_builder_area=\u00bbpost_content\u00bb]<\/p>\n<p><span style=\"font-weight: 400\">La acogida en las <\/span><b>Plataformas Sociales<\/b><span style=\"font-weight: 400\"> ha sido positiva porque respond\u00eda a la necesidad de resituarnos despu\u00e9s de unos a\u00f1os muy duros. \u201cSe han consolidado dos criterios de actuaci\u00f3n como los m\u00e1s significativos entre nosotros: el de la necesidad de <\/span><b>cuidarnos mutuamente<\/b><span style=\"font-weight: 400\"> como una de las tareas b\u00e1sicas a seguir trabajando y el de <\/span><b>exorcizar el desaliento<\/b><span style=\"font-weight: 400\"> que en algunos momentos hemos tenido y que puede persistir como cansancio o incluso como impotencia ante el crecimiento de las desigualdades y de la brecha educativa cada vez mayor con la que nos encontramos\u201d a\u00f1ad\u00eda Joan Valls.<\/span><\/p>\n<p>[\/et_pb_tab][\/et_pb_tabs][et_pb_image src=\u00bbhttps:\/\/www.salesianos.edu\/revistasmx\/wp-content\/uploads\/sites\/8\/2022\/04\/LaPalma-1.jpeg\u00bb _builder_version=\u00bb4.17.3&#8243; _module_preset=\u00bbdefault\u00bb global_colors_info=\u00bb{}\u00bb theme_builder_area=\u00bbpost_content\u00bb][\/et_pb_image][et_pb_image src=\u00bbhttps:\/\/www.salesianos.edu\/revistasmx\/wp-content\/uploads\/sites\/8\/2022\/04\/acampada-amigos.jpeg\u00bb title_text=\u00bbacampada amigos\u00bb _builder_version=\u00bb4.17.3&#8243; _module_preset=\u00bbdefault\u00bb global_colors_info=\u00bb{}\u00bb theme_builder_area=\u00bbpost_content\u00bb][\/et_pb_image][\/et_pb_column][et_pb_column type=\u00bb1_2&#8243; _builder_version=\u00bb4.17.3&#8243; _module_preset=\u00bbdefault\u00bb global_colors_info=\u00bb{}\u00bb theme_builder_area=\u00bbpost_content\u00bb][et_pb_tabs _builder_version=\u00bb4.17.3&#8243; _module_preset=\u00bbdefault\u00bb global_colors_info=\u00bb{}\u00bb theme_builder_area=\u00bbpost_content\u00bb][et_pb_tab title=\u00bbJ\u00f3venes llenos de esperanza\u00bb _builder_version=\u00bb4.17.3&#8243; _module_preset=\u00bbdefault\u00bb global_colors_info=\u00bb{}\u00bb theme_builder_area=\u00bbpost_content\u00bb]<\/p>\n<p><span style=\"font-weight: 400\">Por otra parte, <\/span><b>Firenze Bisio, del equipo inspectorial de Pastoral Juvenil, <\/b><span style=\"font-weight: 400\">observa que a\u00f1o tras a\u00f1o desde la unificaci\u00f3n de la Inspector\u00eda el lema va calando m\u00e1s en los j\u00f3venes ya que se trabaja desde la unidad en las casas salesianas. \u00abLa palabra -esperanza- es un t\u00e9rmino que, como tal, quiz\u00e1s muchos de ellos hab\u00edan \u201colvidado\u201d y que han aprendido nuevamente a utilizarla, o por lo menos a recordarla.\u00a0<\/span><\/p>\n<p><span style=\"font-weight: 400\">Adem\u00e1s, sigue resultando muy positivo poder tener disponible en la web esos materiales que al fin y al cabo son herramientas que nos ayudan a poder guiarnos para que todos conozcamos m\u00e1s la campa\u00f1a y su significado e intentar aplicarlo a la realidad\u00bb explica.\u00a0<\/span><\/p>\n<p><b>\u201c<\/b><span style=\"font-weight: 400\">Despu\u00e9s de las circunstancias de pandemia vividas en cada hogar, es ahora cuando estamos siendo conscientes de lo que ha ocasionado este periodo. Esa confianza de y entre los j\u00f3venes se ha vuelto un poco m\u00e1s fr\u00e1gil (entre otras cosas) y creo que estamos en ese proceso de volver a facilitarles nuestra cercan\u00eda y las herramientas necesarias para que no dejen de trabajar en ese proceso de fe y \u00e1nimo para poder seguir teniendo sue\u00f1os y metas, siendo conscientes que supone un esfuerzo. Su realidad hoy es bien distinta, y es que esa realidad no deja de cambiar constantemente. Es una oportunidad poder estar a su lado porque hoy, s\u00ed veo que sienten un poco m\u00e1s de esperanza independientemente del resultado positivo o no tan positivo que puedan obtener. Si una de las cosas que hemos aprendido de la esperanza es estar en camino. \u00a1Caminando est\u00e1n! Pero a\u00fan queda camino que recorrer junto a ellos\u201d a\u00f1ade.<\/span><\/p>\n<p>[\/et_pb_tab][\/et_pb_tabs][et_pb_image src=\u00bbhttps:\/\/www.salesianos.edu\/revistasmx\/wp-content\/uploads\/sites\/8\/2022\/04\/ConvivenciasFPB.jpg\u00bb _builder_version=\u00bb4.17.3&#8243; _module_preset=\u00bbdefault\u00bb global_colors_info=\u00bb{}\u00bb theme_builder_area=\u00bbpost_content\u00bb][\/et_pb_image][et_pb_tabs _builder_version=\u00bb4.17.3&#8243; _module_preset=\u00bbdefault\u00bb global_colors_info=\u00bb{}\u00bb theme_builder_area=\u00bbpost_content\u00bb][et_pb_tab title=\u00bbEscuelas repletas de esperanza\u00bb _builder_version=\u00bb4.17.3&#8243; _module_preset=\u00bbdefault\u00bb global_colors_info=\u00bb{}\u00bb theme_builder_area=\u00bbpost_content\u00bb]<\/p>\n<p><span style=\"font-weight: 400\">El coordinador inspectorial de Escuelas, <\/span><b>Miguel Canino<\/b><span style=\"font-weight: 400\">, cuenta que \u201csin duda, el lema \u2018<\/span><i><span style=\"font-weight: 400\">Nos mueve la Esperanza\u2019<\/span><\/i><span style=\"font-weight: 400\"> ha tenido una amplia acogida en nuestras escuelas. As\u00ed, hemos descubierto la sinton\u00eda entre las vivencias, aspiraciones y necesidades de las escuelas durante la pandemia y los grandes valores que este lema nos ha ofrecido\u201d explicaba.<\/span><\/p>\n<p><span style=\"font-weight: 400\">\u00abM\u00e1s all\u00e1 de los materiales y las propuestas concretas, que han sido bien valorados, la necesidad de cultivar la vivencia de una Esperanza que nace de nuestra fe en Jesucristo nos ha motivado para ofrecer una respuesta salesiana a los m\u00faltiples retos que las escuelas han tenido que afrontar en estos meses\u00bb compart\u00eda.<\/span><\/p>\n<p>[\/et_pb_tab][\/et_pb_tabs][\/et_pb_column][\/et_pb_row][et_pb_row _builder_version=\u00bb4.17.3&#8243; _module_preset=\u00bbdefault\u00bb global_colors_info=\u00bb{}\u00bb theme_builder_area=\u00bbpost_content\u00bb][et_pb_column type=\u00bb4_4&#8243; _builder_version=\u00bb4.17.3&#8243; _module_preset=\u00bbdefault\u00bb global_colors_info=\u00bb{}\u00bb theme_builder_area=\u00bbpost_content\u00bb][et_pb_divider _builder_version=\u00bb4.17.3&#8243; _module_preset=\u00bbdefault\u00bb global_colors_info=\u00bb{}\u00bb theme_builder_area=\u00bbpost_content\u00bb][\/et_pb_divider][\/et_pb_column][\/et_pb_row][et_pb_row column_structure=\u00bb1_2,1_2&#8243; _builder_version=\u00bb4.17.3&#8243; _module_preset=\u00bbdefault\u00bb global_colors_info=\u00bb{}\u00bb theme_builder_area=\u00bbpost_content\u00bb][et_pb_column type=\u00bb1_2&#8243; _builder_version=\u00bb4.17.3&#8243; _module_preset=\u00bbdefault\u00bb global_colors_info=\u00bb{}\u00bb theme_builder_area=\u00bbpost_content\u00bb][et_pb_testimonial _builder_version=\u00bb4.17.3&#8243; _module_preset=\u00bbdefault\u00bb global_colors_info=\u00bb{}\u00bb theme_builder_area=\u00bbpost_content\u00bb]<\/p>\n<p><span style=\"color: #800000\"><strong>Comunicar la esperanza<\/strong><\/span><\/p>\n<p><span style=\"font-weight: 400\">El delegado inspectorial de Comunicaci\u00f3n, <\/span><b>Carlos Mart\u00edn<\/b><span style=\"font-weight: 400\"> explicaba que, al igual que en a\u00f1os anteriores con <\/span><b>&#8216;Somos Uno&#8217;, &#8216;Primero, los \u00daltimos&#8217; y &#8216;Ven y ver\u00e1s&#8217;, <\/b><span style=\"font-weight: 400\">es un verdadero regalo ver de cerca que las ideas, los proyectos o los objetivos transversales tienen nombres y apellidos y se hacen realidad en cada casa y entidad salesiana. &#8216;Nos mueve la Esperanza&#8217; ha remarcado el sentido evangelizador de la misi\u00f3n recogido en el \u201c<\/span><b>Proyecto Org\u00e1nico Inspectorial<\/b><span style=\"font-weight: 400\">\u201d y se ha podido trasladar a numerosas acciones que lo han llevado a lo concreto en el d\u00eda a d\u00eda y tambi\u00e9n a la comunicaci\u00f3n.\u00a0<\/span><\/p>\n<p><span style=\"font-weight: 400\">\u00abPara nuestro equipo, que tenemos la suerte de acompa\u00f1ar algunas acciones concretas como el desarrollo de la imagen o peticiones diarias que est\u00e1n relacionadas, valoramos que existan elementos que unan de un rinc\u00f3n a otro de nuestra inspector\u00eda. Desde los mensajes en redes sociales con el hashtag <\/span><b>#NosMueveLaEsperanza<\/b><span style=\"font-weight: 400\"> hasta multitud de elementos que nos hacen sentirnos en comuni\u00f3n. Eso ayuda a sentirse en familia\u00bb insist\u00eda.\u00a0<\/span><\/p>\n<p>[\/et_pb_testimonial][\/et_pb_column][et_pb_column type=\u00bb1_2&#8243; _builder_version=\u00bb4.17.3&#8243; _module_preset=\u00bbdefault\u00bb global_colors_info=\u00bb{}\u00bb theme_builder_area=\u00bbpost_content\u00bb][et_pb_testimonial _builder_version=\u00bb4.17.3&#8243; _module_preset=\u00bbdefault\u00bb global_colors_info=\u00bb{}\u00bb theme_builder_area=\u00bbpost_content\u00bb]<\/p>\n<p><span style=\"color: #800000\"><strong>Casas salesianas m\u00e1s esperanzadas<\/strong><\/span><\/p>\n<p><span style=\"font-weight: 400\">En Salesianos C\u00f3rdoba explica el director, <\/span><b>Jos\u00e9 Antonio Perdigones<\/b><span style=\"font-weight: 400\">, que la Campa\u00f1a fue muy bien acogida tras venir de una buena experiencia con Somos Uno. \u201cQuiz\u00e1s, con el paso de los meses, hemos constatado que la campa\u00f1a no estaba siendo tan rica como la anterior. Empezando por el tema de materiales, que en algunos aspectos ha sido pobre. No est\u00e1 teniendo el mismo eco, aunque eso no significa que no sea acogida\u201d explicaba.<\/span><\/p>\n<p><span style=\"font-weight: 400\">\u00abAl terminar el curso podemos decir que hay un poco m\u00e1s de esperanza en nuestros ni\u00f1os, j\u00f3venes, educadores y personal de servicios. En el origen de la campa\u00f1a, al hablar de Esperanza, hablamos de Jesucristo Resucitado, que es realmente nuestra esperanza. En el desarrollo de la campa\u00f1a creo que hemos ido desembocando m\u00e1s en un valor, una actitud\u201d a\u00f1ade el director salesiano bajo una mirada pr\u00e1ctica con la experiencia diaria.<\/span><\/p>\n<p>&nbsp;<\/p>\n<p>[\/et_pb_testimonial][\/et_pb_column][\/et_pb_row][et_pb_row column_structure=\u00bb1_2,1_2&#8243; _builder_version=\u00bb4.17.3&#8243; _module_preset=\u00bbdefault\u00bb global_colors_info=\u00bb{}\u00bb theme_builder_area=\u00bbpost_content\u00bb][et_pb_column type=\u00bb1_2&#8243; _builder_version=\u00bb4.17.3&#8243; _module_preset=\u00bbdefault\u00bb global_colors_info=\u00bb{}\u00bb theme_builder_area=\u00bbpost_content\u00bb][et_pb_image src=\u00bbhttps:\/\/www.salesianos.edu\/revistasmx\/wp-content\/uploads\/sites\/8\/2022\/04\/montilla.jpeg\u00bb _builder_version=\u00bb4.17.3&#8243; _module_preset=\u00bbdefault\u00bb global_colors_info=\u00bb{}\u00bb theme_builder_area=\u00bbpost_content\u00bb][\/et_pb_image][\/et_pb_column][et_pb_column type=\u00bb1_2&#8243; _builder_version=\u00bb4.17.3&#8243; _module_preset=\u00bbdefault\u00bb global_colors_info=\u00bb{}\u00bb theme_builder_area=\u00bbpost_content\u00bb][et_pb_testimonial _builder_version=\u00bb4.17.3&#8243; _module_preset=\u00bbdefault\u00bb global_colors_info=\u00bb{}\u00bb theme_builder_area=\u00bbpost_content\u00bb]<\/p>\n<p><span style=\"color: #800000;\"><strong>Parroquias salesianas fortalecidas<\/strong><\/span><\/p>\n<p><span style=\"color: #000000;\">El coordinador inspectorial de Parroquias, <strong>Santiago Mu\u00f1oz<\/strong>, explica que \u00abpor los comentarios que hemos ido haciendo en las reuniones de p\u00e1rrocos, la propuesta del lema ha tenido muy buena acogida. Se ha intentado acoger en las programaciones de las Parroquias (este era uno de los objetivos a trabajar en el curso: acoger y trabajar el lema). Ha dado juego su estructuraci\u00f3n en tres partes para poder ir profundizando cada trimestre en un aspecto concreto. Los diferentes momentos importantes del a\u00f1o lit\u00fargico y de la vida parroquial han considerado los diversos aspectos de la esperanza\u00bb.\u00a0<\/span><\/p>\n<div><strong><em><span style=\"color: #000000;\">\u00abEl lema ha sido muy acertado para profundizar y reforzar un tema muy importante en la vida cristiana que est\u00e1 bastante afectado con la realidad de los \u00faltimos tiempos: pandemia, crisis, guerra&#8230; Los feligreses necesitaban fortalecer este tema en comunidad y ahondar en la esperanza ha sido de gran ayuda para todos\u00bb, a\u00f1ade.<\/p>\n<p><\/span><\/em><\/strong><\/div>\n<p><span style=\"color: #000000;\">\u00abEn este curso se ha ido recuperando poco a poco la esperanza que se hab\u00eda enfriado. Nos hemos ayudado unos a otros a tomar conciencia y vivir desde la la Esperanza, as\u00ed como a descubrir con profundidad en qu\u00e9 se basa y sustenta nuestra esperanza\u00bb, afirma el coordinador.<\/span><\/p>\n<p>&nbsp;<\/p>\n<p>[\/et_pb_testimonial][\/et_pb_column][\/et_pb_row][et_pb_row column_structure=\u00bb1_2,1_2&#8243; _builder_version=\u00bb4.17.3&#8243; _module_preset=\u00bbdefault\u00bb global_colors_info=\u00bb{}\u00bb theme_builder_area=\u00bbpost_content\u00bb][et_pb_column type=\u00bb1_2&#8243; _builder_version=\u00bb4.17.3&#8243; _module_preset=\u00bbdefault\u00bb global_colors_info=\u00bb{}\u00bb theme_builder_area=\u00bbpost_content\u00bb][et_pb_blurb title=\u00bbDon Marcelo Farf\u00e1n, un testigo extraordinario\u00bb _builder_version=\u00bb4.17.3&#8243; _module_preset=\u00bbdefault\u00bb global_colors_info=\u00bb{}\u00bb theme_builder_area=\u00bbpost_content\u00bb]<\/p>\n<p><span style=\"font-weight: 400\">El salesiano <strong>don Marcelo Farf\u00e1n<\/strong>, que realiza la visita extraordinaria en la inspector\u00eda desde el 1 de septiembre de 2021 en nombre del <strong>Rector Mayor<\/strong>, est\u00e1 siendo un espectador privilegiado de este lema. Durante estos meses ha visitado las 75 casas que, repartidas por <strong>Andaluc\u00eda, Extremadura, Murcia, Comunidad Valenciana, Arag\u00f3n, Catalu\u00f1a, Islas Baleares e Islas Canarias<\/strong>, forman el territorio inspectorial, con un promedio de dos d\u00edas en cada una de ellas.\u00a0<\/span><\/p>\n<p><span style=\"font-weight: 400\">Para muestra, en su visita a Salesianos <strong>Sarri\u00e0<\/strong>, protagoniz\u00f3 uno de los \u2018Buenos d\u00edas\u2019 donde dialog\u00f3 con los alumnos acerca de la situaci\u00f3n de los j\u00f3venes en el contexto actual en clave de esperanza apoyado en el lema \u2018Nos mueve la esperanza\u2019. Para Farf\u00e1n, \u2018la pandemia ha hecho que se plantee aquello que es importante en la vida. En este contexto en el que nos hemos visto obligados a quedarnos con aquello esencial, Don Bosco nos llamar\u00eda a dos cosas: <strong>Amar y ser amados para poder servir y transformar el mundo<\/strong>\u2019.\u00a0\u00a0<\/span><\/p>\n<p>[\/et_pb_blurb][\/et_pb_column][et_pb_column type=\u00bb1_2&#8243; _builder_version=\u00bb4.17.3&#8243; _module_preset=\u00bbdefault\u00bb global_colors_info=\u00bb{}\u00bb theme_builder_area=\u00bbpost_content\u00bb][et_pb_image src=\u00bbhttps:\/\/www.salesianos.edu\/revistasmx\/wp-content\/uploads\/sites\/8\/2022\/04\/Farfan-Moron.jpeg\u00bb title_text=\u00bbFarfan Moron\u00bb _builder_version=\u00bb4.17.3&#8243; _module_preset=\u00bbdefault\u00bb global_colors_info=\u00bb{}\u00bb theme_builder_area=\u00bbpost_content\u00bb][\/et_pb_image][\/et_pb_column][\/et_pb_row][et_pb_row _builder_version=\u00bb4.17.3&#8243; _module_preset=\u00bbdefault\u00bb global_colors_info=\u00bb{}\u00bb theme_builder_area=\u00bbpost_content\u00bb][et_pb_column type=\u00bb4_4&#8243; _builder_version=\u00bb4.17.3&#8243; _module_preset=\u00bbdefault\u00bb global_colors_info=\u00bb{}\u00bb theme_builder_area=\u00bbpost_content\u00bb][et_pb_gallery gallery_ids=\u00bb18960,18959,18958,18957,18956,18955,18954,18945,18946,18947,18949,18950,18952,18951,18953,18944,18943,18942,18940,18939,18938&#8243; _builder_version=\u00bb4.17.3&#8243; _module_preset=\u00bbdefault\u00bb global_colors_info=\u00bb{}\u00bb theme_builder_area=\u00bbpost_content\u00bb][\/et_pb_gallery][\/et_pb_column][\/et_pb_row][\/et_pb_section]<\/p>\n","protected":false},"excerpt":{"rendered":"<p>Desde que el pasado 9 de junio de 2021 se lanzara el lema \u2018Nos mueve la esperanza\u2019 en el encuentro del consejo inspectorial con los consejos de Obra, han pasado 11 meses en los que la Inspector\u00eda ha ejercitado la esperanza con cada una de las actividades e iniciativas que en ella se han realizado.<\/p>\n","protected":false},"author":5,"featured_media":18921,"comment_status":"open","ping_status":"closed","sticky":false,"template":"","format":"standard","meta":{"_et_pb_use_builder":"on","_et_pb_old_content":"","_et_gb_content_width":"","footnotes":""},"categories":[34],"tags":[],"class_list":["post-18918","post","type-post","status-publish","format-standard","has-post-thumbnail","hentry","category-a-fondo"],"yoast_head":"<!-- This site is optimized with the Yoast SEO plugin v27.5 - https:\/\/yoast.com\/product\/yoast-seo-wordpress\/ -->\n<title>Lleg\u00f3 la hora de hacer balance del &#039;Nos mueve la esperanza&#039; - Revista SMX<\/title>\n<meta name=\"robots\" content=\"index, follow, max-snippet:-1, max-image-preview:large, max-video-preview:-1\" \/>\n<link rel=\"canonical\" href=\"http:\/\/www.salesianos.edu\/revistasmx\/balance-nos-mueve-la-esperanza\/\" \/>\n<meta property=\"og:locale\" content=\"es_ES\" \/>\n<meta property=\"og:type\" content=\"article\" \/>\n<meta property=\"og:title\" content=\"Lleg\u00f3 la hora de hacer balance del &#039;Nos mueve la esperanza&#039; - Revista SMX\" \/>\n<meta property=\"og:description\" content=\"Desde que el pasado 9 de junio de 2021 se lanzara el lema \u2018Nos mueve la esperanza\u2019 en el encuentro del consejo inspectorial con los consejos de Obra, han pasado 11 meses en los que la Inspector\u00eda ha ejercitado la esperanza con cada una de las actividades e iniciativas que en ella se han realizado.\" \/>\n<meta property=\"og:url\" content=\"http:\/\/www.salesianos.edu\/revistasmx\/balance-nos-mueve-la-esperanza\/\" \/>\n<meta property=\"og:site_name\" content=\"Revista SMX\" \/>\n<meta property=\"article:published_time\" content=\"2022-04-29T06:31:58+00:00\" \/>\n<meta property=\"article:modified_time\" content=\"2022-04-29T09:40:18+00:00\" \/>\n<meta property=\"og:image\" content=\"http:\/\/www.salesianos.edu\/revistasmx\/wp-content\/uploads\/sites\/8\/2022\/04\/Jerez-Torres-Silva-Esperanza.jpeg\" \/>\n\t<meta property=\"og:image:width\" content=\"1590\" \/>\n\t<meta property=\"og:image:height\" content=\"1100\" \/>\n\t<meta property=\"og:image:type\" content=\"image\/jpeg\" \/>\n<meta name=\"author\" content=\"martapeirat\" \/>\n<meta name=\"twitter:card\" content=\"summary_large_image\" \/>\n<meta name=\"twitter:label1\" content=\"Escrito por\" \/>\n\t<meta name=\"twitter:data1\" content=\"martapeirat\" \/>\n\t<meta name=\"twitter:label2\" content=\"Tiempo de lectura\" \/>\n\t<meta name=\"twitter:data2\" content=\"12 minutos\" \/>\n<script type=\"application\/ld+json\" class=\"yoast-schema-graph\">{\"@context\":\"https:\\\/\\\/schema.org\",\"@graph\":[{\"@type\":\"Article\",\"@id\":\"http:\\\/\\\/www.salesianos.edu\\\/revistasmx\\\/balance-nos-mueve-la-esperanza\\\/#article\",\"isPartOf\":{\"@id\":\"http:\\\/\\\/www.salesianos.edu\\\/revistasmx\\\/balance-nos-mueve-la-esperanza\\\/\"},\"author\":{\"name\":\"martapeirat\",\"@id\":\"http:\\\/\\\/www.salesianos.edu\\\/revistasmx\\\/#\\\/schema\\\/person\\\/20a80be1bb4e0ed82068c57facf5b237\"},\"headline\":\"Lleg\u00f3 la hora de hacer balance del &#8216;Nos mueve la esperanza&#8217;\",\"datePublished\":\"2022-04-29T06:31:58+00:00\",\"dateModified\":\"2022-04-29T09:40:18+00:00\",\"mainEntityOfPage\":{\"@id\":\"http:\\\/\\\/www.salesianos.edu\\\/revistasmx\\\/balance-nos-mueve-la-esperanza\\\/\"},\"wordCount\":2433,\"commentCount\":0,\"image\":{\"@id\":\"http:\\\/\\\/www.salesianos.edu\\\/revistasmx\\\/balance-nos-mueve-la-esperanza\\\/#primaryimage\"},\"thumbnailUrl\":\"http:\\\/\\\/www.salesianos.edu\\\/revistasmx\\\/wp-content\\\/uploads\\\/sites\\\/8\\\/2022\\\/04\\\/Jerez-Torres-Silva-Esperanza.jpeg\",\"articleSection\":[\"A FONDO\"],\"inLanguage\":\"es\",\"potentialAction\":[{\"@type\":\"CommentAction\",\"name\":\"Comment\",\"target\":[\"http:\\\/\\\/www.salesianos.edu\\\/revistasmx\\\/balance-nos-mueve-la-esperanza\\\/#respond\"]}]},{\"@type\":\"WebPage\",\"@id\":\"http:\\\/\\\/www.salesianos.edu\\\/revistasmx\\\/balance-nos-mueve-la-esperanza\\\/\",\"url\":\"http:\\\/\\\/www.salesianos.edu\\\/revistasmx\\\/balance-nos-mueve-la-esperanza\\\/\",\"name\":\"Lleg\u00f3 la hora de hacer balance del 'Nos mueve la esperanza' - Revista SMX\",\"isPartOf\":{\"@id\":\"http:\\\/\\\/www.salesianos.edu\\\/revistasmx\\\/#website\"},\"primaryImageOfPage\":{\"@id\":\"http:\\\/\\\/www.salesianos.edu\\\/revistasmx\\\/balance-nos-mueve-la-esperanza\\\/#primaryimage\"},\"image\":{\"@id\":\"http:\\\/\\\/www.salesianos.edu\\\/revistasmx\\\/balance-nos-mueve-la-esperanza\\\/#primaryimage\"},\"thumbnailUrl\":\"http:\\\/\\\/www.salesianos.edu\\\/revistasmx\\\/wp-content\\\/uploads\\\/sites\\\/8\\\/2022\\\/04\\\/Jerez-Torres-Silva-Esperanza.jpeg\",\"datePublished\":\"2022-04-29T06:31:58+00:00\",\"dateModified\":\"2022-04-29T09:40:18+00:00\",\"author\":{\"@id\":\"http:\\\/\\\/www.salesianos.edu\\\/revistasmx\\\/#\\\/schema\\\/person\\\/20a80be1bb4e0ed82068c57facf5b237\"},\"breadcrumb\":{\"@id\":\"http:\\\/\\\/www.salesianos.edu\\\/revistasmx\\\/balance-nos-mueve-la-esperanza\\\/#breadcrumb\"},\"inLanguage\":\"es\",\"potentialAction\":[{\"@type\":\"ReadAction\",\"target\":[\"http:\\\/\\\/www.salesianos.edu\\\/revistasmx\\\/balance-nos-mueve-la-esperanza\\\/\"]}]},{\"@type\":\"ImageObject\",\"inLanguage\":\"es\",\"@id\":\"http:\\\/\\\/www.salesianos.edu\\\/revistasmx\\\/balance-nos-mueve-la-esperanza\\\/#primaryimage\",\"url\":\"http:\\\/\\\/www.salesianos.edu\\\/revistasmx\\\/wp-content\\\/uploads\\\/sites\\\/8\\\/2022\\\/04\\\/Jerez-Torres-Silva-Esperanza.jpeg\",\"contentUrl\":\"http:\\\/\\\/www.salesianos.edu\\\/revistasmx\\\/wp-content\\\/uploads\\\/sites\\\/8\\\/2022\\\/04\\\/Jerez-Torres-Silva-Esperanza.jpeg\",\"width\":1590,\"height\":1100},{\"@type\":\"BreadcrumbList\",\"@id\":\"http:\\\/\\\/www.salesianos.edu\\\/revistasmx\\\/balance-nos-mueve-la-esperanza\\\/#breadcrumb\",\"itemListElement\":[{\"@type\":\"ListItem\",\"position\":1,\"name\":\"Portada\",\"item\":\"https:\\\/\\\/www.salesianos.edu\\\/revistasmx\\\/\"},{\"@type\":\"ListItem\",\"position\":2,\"name\":\"Lleg\u00f3 la hora de hacer balance del &#8216;Nos mueve la esperanza&#8217;\"}]},{\"@type\":\"WebSite\",\"@id\":\"http:\\\/\\\/www.salesianos.edu\\\/revistasmx\\\/#website\",\"url\":\"http:\\\/\\\/www.salesianos.edu\\\/revistasmx\\\/\",\"name\":\"Revista SMX\",\"description\":\"P\u00e1gina oficial de Inspector\u00eda Salesiana Mar\u00eda Auxiliadora\",\"potentialAction\":[{\"@type\":\"SearchAction\",\"target\":{\"@type\":\"EntryPoint\",\"urlTemplate\":\"http:\\\/\\\/www.salesianos.edu\\\/revistasmx\\\/?s={search_term_string}\"},\"query-input\":{\"@type\":\"PropertyValueSpecification\",\"valueRequired\":true,\"valueName\":\"search_term_string\"}}],\"inLanguage\":\"es\"},{\"@type\":\"Person\",\"@id\":\"http:\\\/\\\/www.salesianos.edu\\\/revistasmx\\\/#\\\/schema\\\/person\\\/20a80be1bb4e0ed82068c57facf5b237\",\"name\":\"martapeirat\",\"image\":{\"@type\":\"ImageObject\",\"inLanguage\":\"es\",\"@id\":\"https:\\\/\\\/secure.gravatar.com\\\/avatar\\\/1139b81b40ed1dde466563679597db378e7092bbfdd7ebb264c437fedde866d7?s=96&d=mm&r=g\",\"url\":\"https:\\\/\\\/secure.gravatar.com\\\/avatar\\\/1139b81b40ed1dde466563679597db378e7092bbfdd7ebb264c437fedde866d7?s=96&d=mm&r=g\",\"contentUrl\":\"https:\\\/\\\/secure.gravatar.com\\\/avatar\\\/1139b81b40ed1dde466563679597db378e7092bbfdd7ebb264c437fedde866d7?s=96&d=mm&r=g\",\"caption\":\"martapeirat\"}}]}<\/script>\n<!-- \/ Yoast SEO plugin. -->","yoast_head_json":{"title":"Lleg\u00f3 la hora de hacer balance del 'Nos mueve la esperanza' - Revista SMX","robots":{"index":"index","follow":"follow","max-snippet":"max-snippet:-1","max-image-preview":"max-image-preview:large","max-video-preview":"max-video-preview:-1"},"canonical":"http:\/\/www.salesianos.edu\/revistasmx\/balance-nos-mueve-la-esperanza\/","og_locale":"es_ES","og_type":"article","og_title":"Lleg\u00f3 la hora de hacer balance del 'Nos mueve la esperanza' - Revista SMX","og_description":"Desde que el pasado 9 de junio de 2021 se lanzara el lema \u2018Nos mueve la esperanza\u2019 en el encuentro del consejo inspectorial con los consejos de Obra, han pasado 11 meses en los que la Inspector\u00eda ha ejercitado la esperanza con cada una de las actividades e iniciativas que en ella se han realizado.","og_url":"http:\/\/www.salesianos.edu\/revistasmx\/balance-nos-mueve-la-esperanza\/","og_site_name":"Revista SMX","article_published_time":"2022-04-29T06:31:58+00:00","article_modified_time":"2022-04-29T09:40:18+00:00","og_image":[{"width":1590,"height":1100,"url":"http:\/\/www.salesianos.edu\/revistasmx\/wp-content\/uploads\/sites\/8\/2022\/04\/Jerez-Torres-Silva-Esperanza.jpeg","type":"image\/jpeg"}],"author":"martapeirat","twitter_card":"summary_large_image","twitter_misc":{"Escrito por":"martapeirat","Tiempo de lectura":"12 minutos"},"schema":{"@context":"https:\/\/schema.org","@graph":[{"@type":"Article","@id":"http:\/\/www.salesianos.edu\/revistasmx\/balance-nos-mueve-la-esperanza\/#article","isPartOf":{"@id":"http:\/\/www.salesianos.edu\/revistasmx\/balance-nos-mueve-la-esperanza\/"},"author":{"name":"martapeirat","@id":"http:\/\/www.salesianos.edu\/revistasmx\/#\/schema\/person\/20a80be1bb4e0ed82068c57facf5b237"},"headline":"Lleg\u00f3 la hora de hacer balance del &#8216;Nos mueve la esperanza&#8217;","datePublished":"2022-04-29T06:31:58+00:00","dateModified":"2022-04-29T09:40:18+00:00","mainEntityOfPage":{"@id":"http:\/\/www.salesianos.edu\/revistasmx\/balance-nos-mueve-la-esperanza\/"},"wordCount":2433,"commentCount":0,"image":{"@id":"http:\/\/www.salesianos.edu\/revistasmx\/balance-nos-mueve-la-esperanza\/#primaryimage"},"thumbnailUrl":"http:\/\/www.salesianos.edu\/revistasmx\/wp-content\/uploads\/sites\/8\/2022\/04\/Jerez-Torres-Silva-Esperanza.jpeg","articleSection":["A FONDO"],"inLanguage":"es","potentialAction":[{"@type":"CommentAction","name":"Comment","target":["http:\/\/www.salesianos.edu\/revistasmx\/balance-nos-mueve-la-esperanza\/#respond"]}]},{"@type":"WebPage","@id":"http:\/\/www.salesianos.edu\/revistasmx\/balance-nos-mueve-la-esperanza\/","url":"http:\/\/www.salesianos.edu\/revistasmx\/balance-nos-mueve-la-esperanza\/","name":"Lleg\u00f3 la hora de hacer balance del 'Nos mueve la esperanza' - Revista SMX","isPartOf":{"@id":"http:\/\/www.salesianos.edu\/revistasmx\/#website"},"primaryImageOfPage":{"@id":"http:\/\/www.salesianos.edu\/revistasmx\/balance-nos-mueve-la-esperanza\/#primaryimage"},"image":{"@id":"http:\/\/www.salesianos.edu\/revistasmx\/balance-nos-mueve-la-esperanza\/#primaryimage"},"thumbnailUrl":"http:\/\/www.salesianos.edu\/revistasmx\/wp-content\/uploads\/sites\/8\/2022\/04\/Jerez-Torres-Silva-Esperanza.jpeg","datePublished":"2022-04-29T06:31:58+00:00","dateModified":"2022-04-29T09:40:18+00:00","author":{"@id":"http:\/\/www.salesianos.edu\/revistasmx\/#\/schema\/person\/20a80be1bb4e0ed82068c57facf5b237"},"breadcrumb":{"@id":"http:\/\/www.salesianos.edu\/revistasmx\/balance-nos-mueve-la-esperanza\/#breadcrumb"},"inLanguage":"es","potentialAction":[{"@type":"ReadAction","target":["http:\/\/www.salesianos.edu\/revistasmx\/balance-nos-mueve-la-esperanza\/"]}]},{"@type":"ImageObject","inLanguage":"es","@id":"http:\/\/www.salesianos.edu\/revistasmx\/balance-nos-mueve-la-esperanza\/#primaryimage","url":"http:\/\/www.salesianos.edu\/revistasmx\/wp-content\/uploads\/sites\/8\/2022\/04\/Jerez-Torres-Silva-Esperanza.jpeg","contentUrl":"http:\/\/www.salesianos.edu\/revistasmx\/wp-content\/uploads\/sites\/8\/2022\/04\/Jerez-Torres-Silva-Esperanza.jpeg","width":1590,"height":1100},{"@type":"BreadcrumbList","@id":"http:\/\/www.salesianos.edu\/revistasmx\/balance-nos-mueve-la-esperanza\/#breadcrumb","itemListElement":[{"@type":"ListItem","position":1,"name":"Portada","item":"https:\/\/www.salesianos.edu\/revistasmx\/"},{"@type":"ListItem","position":2,"name":"Lleg\u00f3 la hora de hacer balance del &#8216;Nos mueve la esperanza&#8217;"}]},{"@type":"WebSite","@id":"http:\/\/www.salesianos.edu\/revistasmx\/#website","url":"http:\/\/www.salesianos.edu\/revistasmx\/","name":"Revista SMX","description":"P\u00e1gina oficial de Inspector\u00eda Salesiana Mar\u00eda Auxiliadora","potentialAction":[{"@type":"SearchAction","target":{"@type":"EntryPoint","urlTemplate":"http:\/\/www.salesianos.edu\/revistasmx\/?s={search_term_string}"},"query-input":{"@type":"PropertyValueSpecification","valueRequired":true,"valueName":"search_term_string"}}],"inLanguage":"es"},{"@type":"Person","@id":"http:\/\/www.salesianos.edu\/revistasmx\/#\/schema\/person\/20a80be1bb4e0ed82068c57facf5b237","name":"martapeirat","image":{"@type":"ImageObject","inLanguage":"es","@id":"https:\/\/secure.gravatar.com\/avatar\/1139b81b40ed1dde466563679597db378e7092bbfdd7ebb264c437fedde866d7?s=96&d=mm&r=g","url":"https:\/\/secure.gravatar.com\/avatar\/1139b81b40ed1dde466563679597db378e7092bbfdd7ebb264c437fedde866d7?s=96&d=mm&r=g","contentUrl":"https:\/\/secure.gravatar.com\/avatar\/1139b81b40ed1dde466563679597db378e7092bbfdd7ebb264c437fedde866d7?s=96&d=mm&r=g","caption":"martapeirat"}}]}},"_links":{"self":[{"href":"http:\/\/www.salesianos.edu\/revistasmx\/wp-json\/wp\/v2\/posts\/18918","targetHints":{"allow":["GET"]}}],"collection":[{"href":"http:\/\/www.salesianos.edu\/revistasmx\/wp-json\/wp\/v2\/posts"}],"about":[{"href":"http:\/\/www.salesianos.edu\/revistasmx\/wp-json\/wp\/v2\/types\/post"}],"author":[{"embeddable":true,"href":"http:\/\/www.salesianos.edu\/revistasmx\/wp-json\/wp\/v2\/users\/5"}],"replies":[{"embeddable":true,"href":"http:\/\/www.salesianos.edu\/revistasmx\/wp-json\/wp\/v2\/comments?post=18918"}],"version-history":[{"count":21,"href":"http:\/\/www.salesianos.edu\/revistasmx\/wp-json\/wp\/v2\/posts\/18918\/revisions"}],"predecessor-version":[{"id":18998,"href":"http:\/\/www.salesianos.edu\/revistasmx\/wp-json\/wp\/v2\/posts\/18918\/revisions\/18998"}],"wp:featuredmedia":[{"embeddable":true,"href":"http:\/\/www.salesianos.edu\/revistasmx\/wp-json\/wp\/v2\/media\/18921"}],"wp:attachment":[{"href":"http:\/\/www.salesianos.edu\/revistasmx\/wp-json\/wp\/v2\/media?parent=18918"}],"wp:term":[{"taxonomy":"category","embeddable":true,"href":"http:\/\/www.salesianos.edu\/revistasmx\/wp-json\/wp\/v2\/categories?post=18918"},{"taxonomy":"post_tag","embeddable":true,"href":"http:\/\/www.salesianos.edu\/revistasmx\/wp-json\/wp\/v2\/tags?post=18918"}],"curies":[{"name":"wp","href":"https:\/\/api.w.org\/{rel}","templated":true}]}}