{"id":18332,"date":"2021-12-02T10:49:14","date_gmt":"2021-12-02T09:49:14","guid":{"rendered":"https:\/\/www.salesianos.edu\/revistasmx\/?p=18332"},"modified":"2021-12-02T11:03:00","modified_gmt":"2021-12-02T10:03:00","slug":"carmona-y-jerez-torres-silva-dos-aniversarios-para-recordar-el-pasado-mientras-se-proyecta-el-futuro","status":"publish","type":"post","link":"http:\/\/www.salesianos.edu\/revistasmx\/carmona-y-jerez-torres-silva-dos-aniversarios-para-recordar-el-pasado-mientras-se-proyecta-el-futuro\/","title":{"rendered":"Carmona y Jerez Torres Silva, dos aniversarios para recordar el pasado mientras se proyecta el futuro"},"content":{"rendered":"<div id=\"fb-root\"><\/div>\n<p>[et_pb_section fb_built=\u00bb1&#8243; admin_label=\u00bbsection\u00bb _builder_version=\u00bb3.22&#8243; global_colors_info=\u00bb{}\u00bb][et_pb_row column_structure=\u00bb1_2,1_2&#8243; _builder_version=\u00bb4.14.2&#8243; _module_preset=\u00bbdefault\u00bb global_colors_info=\u00bb{}\u00bb][et_pb_column type=\u00bb1_2&#8243; _builder_version=\u00bb4.14.2&#8243; _module_preset=\u00bbdefault\u00bb custom_css_main_element=\u00bbdisplay: inline-block;||max-width:50%;\u00bb global_colors_info=\u00bb{}\u00bb][et_pb_number_counter title=\u00bba\u00f1os en Jerez Torres Silva\u00bb number=\u00bb75&#8243; percent_sign=\u00bboff\u00bb _builder_version=\u00bb4.14.2&#8243; _module_preset=\u00bbdefault\u00bb title_text_align=\u00bbcenter\u00bb title_font_size=\u00bb30px\u00bb number_text_align=\u00bbcenter\u00bb module_alignment=\u00bbcenter\u00bb global_colors_info=\u00bb{}\u00bb][\/et_pb_number_counter][\/et_pb_column][et_pb_column type=\u00bb1_2&#8243; _builder_version=\u00bb4.14.2&#8243; _module_preset=\u00bbdefault\u00bb custom_css_main_element=\u00bbdisplay: inline-block;||max-width:50%;\u00bb global_colors_info=\u00bb{}\u00bb][et_pb_number_counter title=\u00bba\u00f1os en Carmona\u00bb number=\u00bb125&#8243; percent_sign=\u00bboff\u00bb _builder_version=\u00bb4.14.2&#8243; _module_preset=\u00bbdefault\u00bb title_text_align=\u00bbcenter\u00bb title_font_size=\u00bb30px\u00bb number_text_align=\u00bbcenter\u00bb module_alignment=\u00bbcenter\u00bb global_colors_info=\u00bb{}\u00bb][\/et_pb_number_counter][\/et_pb_column][\/et_pb_row][et_pb_row admin_label=\u00bbrow\u00bb _builder_version=\u00bb3.25&#8243; background_size=\u00bbinitial\u00bb background_position=\u00bbtop_left\u00bb background_repeat=\u00bbrepeat\u00bb global_colors_info=\u00bb{}\u00bb][et_pb_column type=\u00bb4_4&#8243; _builder_version=\u00bb3.25&#8243; custom_padding=\u00bb|||\u00bb global_colors_info=\u00bb{}\u00bb custom_padding__hover=\u00bb|||\u00bb][et_pb_text _builder_version=\u00bb4.14.2&#8243; _module_preset=\u00bbdefault\u00bb global_colors_info=\u00bb{}\u00bb]<\/p>\n<p><span style=\"font-weight: 400;\">La Inspector\u00eda Mar\u00eda Auxiliadora encara la recta final del a\u00f1o 2021 y mira con esperanza al 2022 al comprobar la intensa vida que emana de las diferentes presencias salesianas. Aunque dentro de este conjunto hay varias casas que tienen el curso actual se\u00f1alado en rojo por un motivo especial. Entre ellas, Carmona y Jerez Torres Silva que festejan sus 125 y 75 a\u00f1os con el compromiso intacto con el desarrollo de la juventud.<\/span><\/p>\n<p><span style=\"font-weight: 400;\">\u201cSon ya 125 a\u00f1os los que iluminan la presencia salesiana en la historia de Carmona. All\u00e1 por septiembre de 1897 llegaron a nuestra ciudad los salesianos. Gracias a la generosidad de do\u00f1a Dolores Quintanilla y Montoya que cedi\u00f3 una casa en la calle Paso de la Condesa. Se llegaron a construir cuatro clases en ese inmueble\u201d, comparten desde la localidad sevillana sobre el origen de una presencia enmarcada en la campi\u00f1a a tan solo 34 kil\u00f3metros de la capital.\u00a0<\/span><\/p>\n<p><span style=\"font-weight: 400;\">\u201cTras un proyecto de Escuelas Profesionales de Santa Mar\u00eda de Gracia, no llevado a cabo finalmente, los salesianos consiguen unos terrenos para su nuevo colegio. Ser\u00e1 junto a la iglesia de San Francisco, donde se desarrollar\u00e1 la labor salesiana desde 1957\u201d, explican sobre los primeros a\u00f1os para destacar algunas de las figuras claves de la historia. \u201cSer\u00e1 con Antonio Guti\u00e9rrez como director salesiano cuando se inauguran las instalaciones actuales de la casa salesiana de Carmona en 1970. A las afueras, en la carretera de El Viso, zona de expansi\u00f3n de la ciudad. La comunidad salesiana dej\u00f3 la ciudad en 1989, siendo Carmona atendida posteriormente por la casa salesiana de Alcal\u00e1 de Guadaira y luego por el Teologado y la casa inspectorial de Sevilla en sus primeros a\u00f1os\u201d, a\u00f1aden sobre la transformaci\u00f3n vivida en las \u00faltimas d\u00e9cadas.<\/span><\/p>\n<p><span style=\"font-weight: 400;\">Una labor educativa muy valorada en la localidad desde los antiguos terrenos del Tiro de Pich\u00f3n, donde actualmente se ubica. Con 125 a\u00f1os de historia es la segunda entidad educativa m\u00e1s antigua de la ciudad, adem\u00e1s de contar con miles de antiguos alumnos carmonenses con el paso de las distintas generaciones entre sus patios. Es Carmona la primera presencia salesiana de la Inspector\u00eda de Mar\u00eda Auxiliadora en ceder su labor a un equipo de laicos, educadores y animadores, que hasta hoy siguen compartiendo la misi\u00f3n salesiana. La labor pastoral y educativa de la comunidad educativa de Carmona est\u00e1 dejando constancia que el esp\u00edritu de Don Bosco sigue presente en esta tierra andaluza.<\/span><\/p>\n<p><span style=\"font-weight: 400;\">Saltando de provincia contin\u00faa la celebraci\u00f3n. En Jerez se apagan las velas por las bodas de diamantes de la presencia salesiana de Torres Silva, que lleva por nombre el recuerdo vivo de un buen sacerdote diocesano preocupado por los chavales necesitados de la ciudad. \u201cEl Padre Juan se puso a trabajar para edificar lo que ser\u00eda el Oratorio, una vez finalizado lo entreg\u00f3 a la Congregaci\u00f3n que m\u00e1s se adaptaba a su idea original\u201d, explican sobre el origen de una presencia fundada en 1947 que cont\u00f3 con la ayuda de la poblaci\u00f3n local y de \u00c1lvaro Domecq y D\u00edez, principal benefactor.\u00a0<\/span><\/p>\n<blockquote>\n<p><span style=\"font-weight: 400;\">\u201cPara buscar financiaci\u00f3n, en 1939 se comenz\u00f3 a publicar un bolet\u00edn mensual titulado \u2018Oratorio Festivo Domingo Savio\u2019 de la mano de Antonio G\u00e1ndara, un salesiano veterano que le asesor\u00f3 en los primeros momentos dif\u00edciles para recaudar fondos. Para poner en marcha su proyecto de abrir un colegio, s\u00f3lo le hac\u00eda falta el peque\u00f1o detalle de \u00abmedio mill\u00f3n\u00bb y para conseguirlo recurri\u00f3, entre otros m\u00e9todos, a la distribuci\u00f3n, con este fin ben\u00e9fico, de estampitas y calendarios de bolsillo. Acompa\u00f1ado siempre de &#8216;Luquillas&#8217;, su &#8216;lazarillo&#8217; de confianza, las colocaba en oficinas, banquetes y talleres\u201d, explican sobre los a\u00f1os previos a la inauguraci\u00f3n.<\/span><\/p>\n<\/blockquote>\n<p><span style=\"font-weight: 400;\">El esp\u00edritu familiar sigue presente como principal se\u00f1a de identidad junto con la cercan\u00eda y la alegr\u00eda. \u201cEn 1982 se inscribe como Salesianos Padre Torres Silva en honor al promotor de este centro, pero sigue siendo m\u00e1s conocido en Jerez por Oratorio Festivo, por su origen e inspiraci\u00f3n salesiana\u201d, comparten.<\/span><\/p>\n<p><span style=\"font-weight: 400;\">Adem\u00e1s, la presencia sigue muy vinculada a la hermandad de Las Angustias, a la que pertenec\u00eda Torres Silva y a la de La Yedra por vecindad. Una labor que mantiene plenamente el sentido de Don Bosco y la devoci\u00f3n a Mar\u00eda Auxiliadora y que se ha actualizado con el paso del tiempo. \u201cSomos un centro fiel a sus or\u00edgenes pastoral que integra sus acciones como casa salesiana con el Itinerario de Educaci\u00f3n en la Fe y el Movimiento Juvenil Salesiano, y que apuesta desde la escuela porn la participaci\u00f3n en el Programa Erasmus +, los proyectos eTwinnig o el Plan de incorporaci\u00f3n de nuevas tecnolog\u00eda GSuite y Edeb\u00e9 on, con el trabajo con nuevas metodolog\u00edas y cooperativo\u201d, a\u00f1aden.<\/span><\/p>\n<p><span style=\"font-weight: 400;\">As\u00ed se vive el curso 2021\/22, un a\u00f1o en el que Carmona y Jerez Torres Silva se unen por el fruto de su rica historia y gracias a la vigencia del estilo de Don Bosco. Una oportunidad para recordar el pasado mientras se proyecta el futuro.<\/span><\/p>\n<p>[\/et_pb_text][\/et_pb_column][\/et_pb_row][et_pb_row _builder_version=\u00bb4.14.2&#8243; _module_preset=\u00bbdefault\u00bb global_colors_info=\u00bb{}\u00bb][et_pb_column type=\u00bb4_4&#8243; _builder_version=\u00bb4.14.2&#8243; _module_preset=\u00bbdefault\u00bb global_colors_info=\u00bb{}\u00bb][deg_elastic_gallery gallery_ids=\u00bb18336,18339,18340,18341,18342,18343,18344,18345,18346,18333,18334,18335&#8243; row_height=\u00bb142&#8243; gutter=\u00bb5&#8243; images_size=\u00bbdeg_image_justify_small\u00bb zoom_icon_color=\u00bb#FFFFFF\u00bb hover_overlay_color=\u00bbrgba(255,255,255,0.19)\u00bb _builder_version=\u00bb4.14.2&#8243; _module_preset=\u00bbdefault\u00bb global_colors_info=\u00bb{}\u00bb][\/deg_elastic_gallery][\/et_pb_column][\/et_pb_row][\/et_pb_section]<\/p>\n","protected":false},"excerpt":{"rendered":"<p>Festejan sus 125 y 75 a\u00f1os con el compromiso intacto con el desarrollo de la juventud.<\/p>\n","protected":false},"author":12,"featured_media":18343,"comment_status":"open","ping_status":"closed","sticky":false,"template":"","format":"standard","meta":{"_et_pb_use_builder":"on","_et_pb_old_content":"","_et_gb_content_width":"","footnotes":""},"categories":[34],"tags":[],"class_list":["post-18332","post","type-post","status-publish","format-standard","has-post-thumbnail","hentry","category-a-fondo"],"yoast_head":"<!-- This site is optimized with the Yoast SEO plugin v27.5 - https:\/\/yoast.com\/product\/yoast-seo-wordpress\/ -->\n<title>Carmona y Jerez Torres Silva, dos aniversarios para recordar el pasado mientras se proyecta el futuro - Revista SMX<\/title>\n<meta name=\"robots\" content=\"index, follow, max-snippet:-1, max-image-preview:large, max-video-preview:-1\" \/>\n<link rel=\"canonical\" href=\"http:\/\/www.salesianos.edu\/revistasmx\/carmona-y-jerez-torres-silva-dos-aniversarios-para-recordar-el-pasado-mientras-se-proyecta-el-futuro\/\" \/>\n<meta property=\"og:locale\" content=\"es_ES\" \/>\n<meta property=\"og:type\" content=\"article\" \/>\n<meta property=\"og:title\" content=\"Carmona y Jerez Torres Silva, dos aniversarios para recordar el pasado mientras se proyecta el futuro - Revista SMX\" \/>\n<meta property=\"og:description\" content=\"Festejan sus 125 y 75 a\u00f1os con el compromiso intacto con el desarrollo de la juventud.\" \/>\n<meta property=\"og:url\" content=\"http:\/\/www.salesianos.edu\/revistasmx\/carmona-y-jerez-torres-silva-dos-aniversarios-para-recordar-el-pasado-mientras-se-proyecta-el-futuro\/\" \/>\n<meta property=\"og:site_name\" content=\"Revista SMX\" \/>\n<meta property=\"article:published_time\" content=\"2021-12-02T09:49:14+00:00\" \/>\n<meta property=\"article:modified_time\" content=\"2021-12-02T10:03:00+00:00\" \/>\n<meta property=\"og:image\" content=\"https:\/\/www.salesianos.edu\/revistasmx\/wp-content\/uploads\/sites\/8\/2021\/12\/Jerez-Torres-Silva-Esperanza.jpeg\" \/>\n\t<meta property=\"og:image:width\" content=\"1590\" \/>\n\t<meta property=\"og:image:height\" content=\"1100\" \/>\n\t<meta property=\"og:image:type\" content=\"image\/jpeg\" \/>\n<meta name=\"author\" content=\"joseluisgarciamoscoso\" \/>\n<meta name=\"twitter:card\" content=\"summary_large_image\" \/>\n<meta name=\"twitter:label1\" content=\"Escrito por\" \/>\n\t<meta name=\"twitter:data1\" content=\"joseluisgarciamoscoso\" \/>\n\t<meta name=\"twitter:label2\" content=\"Tiempo de lectura\" \/>\n\t<meta name=\"twitter:data2\" content=\"6 minutos\" \/>\n<script type=\"application\/ld+json\" class=\"yoast-schema-graph\">{\"@context\":\"https:\\\/\\\/schema.org\",\"@graph\":[{\"@type\":\"Article\",\"@id\":\"http:\\\/\\\/www.salesianos.edu\\\/revistasmx\\\/carmona-y-jerez-torres-silva-dos-aniversarios-para-recordar-el-pasado-mientras-se-proyecta-el-futuro\\\/#article\",\"isPartOf\":{\"@id\":\"http:\\\/\\\/www.salesianos.edu\\\/revistasmx\\\/carmona-y-jerez-torres-silva-dos-aniversarios-para-recordar-el-pasado-mientras-se-proyecta-el-futuro\\\/\"},\"author\":{\"name\":\"joseluisgarciamoscoso\",\"@id\":\"http:\\\/\\\/www.salesianos.edu\\\/revistasmx\\\/#\\\/schema\\\/person\\\/a1d72ee5373cce7347fb2993ba9f47d6\"},\"headline\":\"Carmona y Jerez Torres Silva, dos aniversarios para recordar el pasado mientras se proyecta el futuro\",\"datePublished\":\"2021-12-02T09:49:14+00:00\",\"dateModified\":\"2021-12-02T10:03:00+00:00\",\"mainEntityOfPage\":{\"@id\":\"http:\\\/\\\/www.salesianos.edu\\\/revistasmx\\\/carmona-y-jerez-torres-silva-dos-aniversarios-para-recordar-el-pasado-mientras-se-proyecta-el-futuro\\\/\"},\"wordCount\":1154,\"commentCount\":0,\"image\":{\"@id\":\"http:\\\/\\\/www.salesianos.edu\\\/revistasmx\\\/carmona-y-jerez-torres-silva-dos-aniversarios-para-recordar-el-pasado-mientras-se-proyecta-el-futuro\\\/#primaryimage\"},\"thumbnailUrl\":\"http:\\\/\\\/www.salesianos.edu\\\/revistasmx\\\/wp-content\\\/uploads\\\/sites\\\/8\\\/2021\\\/12\\\/Jerez-Torres-Silva-Esperanza.jpeg\",\"articleSection\":[\"A FONDO\"],\"inLanguage\":\"es\",\"potentialAction\":[{\"@type\":\"CommentAction\",\"name\":\"Comment\",\"target\":[\"http:\\\/\\\/www.salesianos.edu\\\/revistasmx\\\/carmona-y-jerez-torres-silva-dos-aniversarios-para-recordar-el-pasado-mientras-se-proyecta-el-futuro\\\/#respond\"]}]},{\"@type\":\"WebPage\",\"@id\":\"http:\\\/\\\/www.salesianos.edu\\\/revistasmx\\\/carmona-y-jerez-torres-silva-dos-aniversarios-para-recordar-el-pasado-mientras-se-proyecta-el-futuro\\\/\",\"url\":\"http:\\\/\\\/www.salesianos.edu\\\/revistasmx\\\/carmona-y-jerez-torres-silva-dos-aniversarios-para-recordar-el-pasado-mientras-se-proyecta-el-futuro\\\/\",\"name\":\"Carmona y Jerez Torres Silva, dos aniversarios para recordar el pasado mientras se proyecta el futuro - Revista SMX\",\"isPartOf\":{\"@id\":\"http:\\\/\\\/www.salesianos.edu\\\/revistasmx\\\/#website\"},\"primaryImageOfPage\":{\"@id\":\"http:\\\/\\\/www.salesianos.edu\\\/revistasmx\\\/carmona-y-jerez-torres-silva-dos-aniversarios-para-recordar-el-pasado-mientras-se-proyecta-el-futuro\\\/#primaryimage\"},\"image\":{\"@id\":\"http:\\\/\\\/www.salesianos.edu\\\/revistasmx\\\/carmona-y-jerez-torres-silva-dos-aniversarios-para-recordar-el-pasado-mientras-se-proyecta-el-futuro\\\/#primaryimage\"},\"thumbnailUrl\":\"http:\\\/\\\/www.salesianos.edu\\\/revistasmx\\\/wp-content\\\/uploads\\\/sites\\\/8\\\/2021\\\/12\\\/Jerez-Torres-Silva-Esperanza.jpeg\",\"datePublished\":\"2021-12-02T09:49:14+00:00\",\"dateModified\":\"2021-12-02T10:03:00+00:00\",\"author\":{\"@id\":\"http:\\\/\\\/www.salesianos.edu\\\/revistasmx\\\/#\\\/schema\\\/person\\\/a1d72ee5373cce7347fb2993ba9f47d6\"},\"breadcrumb\":{\"@id\":\"http:\\\/\\\/www.salesianos.edu\\\/revistasmx\\\/carmona-y-jerez-torres-silva-dos-aniversarios-para-recordar-el-pasado-mientras-se-proyecta-el-futuro\\\/#breadcrumb\"},\"inLanguage\":\"es\",\"potentialAction\":[{\"@type\":\"ReadAction\",\"target\":[\"http:\\\/\\\/www.salesianos.edu\\\/revistasmx\\\/carmona-y-jerez-torres-silva-dos-aniversarios-para-recordar-el-pasado-mientras-se-proyecta-el-futuro\\\/\"]}]},{\"@type\":\"ImageObject\",\"inLanguage\":\"es\",\"@id\":\"http:\\\/\\\/www.salesianos.edu\\\/revistasmx\\\/carmona-y-jerez-torres-silva-dos-aniversarios-para-recordar-el-pasado-mientras-se-proyecta-el-futuro\\\/#primaryimage\",\"url\":\"http:\\\/\\\/www.salesianos.edu\\\/revistasmx\\\/wp-content\\\/uploads\\\/sites\\\/8\\\/2021\\\/12\\\/Jerez-Torres-Silva-Esperanza.jpeg\",\"contentUrl\":\"http:\\\/\\\/www.salesianos.edu\\\/revistasmx\\\/wp-content\\\/uploads\\\/sites\\\/8\\\/2021\\\/12\\\/Jerez-Torres-Silva-Esperanza.jpeg\",\"width\":1590,\"height\":1100},{\"@type\":\"BreadcrumbList\",\"@id\":\"http:\\\/\\\/www.salesianos.edu\\\/revistasmx\\\/carmona-y-jerez-torres-silva-dos-aniversarios-para-recordar-el-pasado-mientras-se-proyecta-el-futuro\\\/#breadcrumb\",\"itemListElement\":[{\"@type\":\"ListItem\",\"position\":1,\"name\":\"Portada\",\"item\":\"https:\\\/\\\/www.salesianos.edu\\\/revistasmx\\\/\"},{\"@type\":\"ListItem\",\"position\":2,\"name\":\"Carmona y Jerez Torres Silva, dos aniversarios para recordar el pasado mientras se proyecta el futuro\"}]},{\"@type\":\"WebSite\",\"@id\":\"http:\\\/\\\/www.salesianos.edu\\\/revistasmx\\\/#website\",\"url\":\"http:\\\/\\\/www.salesianos.edu\\\/revistasmx\\\/\",\"name\":\"Revista SMX\",\"description\":\"P\u00e1gina oficial de Inspector\u00eda Salesiana Mar\u00eda Auxiliadora\",\"potentialAction\":[{\"@type\":\"SearchAction\",\"target\":{\"@type\":\"EntryPoint\",\"urlTemplate\":\"http:\\\/\\\/www.salesianos.edu\\\/revistasmx\\\/?s={search_term_string}\"},\"query-input\":{\"@type\":\"PropertyValueSpecification\",\"valueRequired\":true,\"valueName\":\"search_term_string\"}}],\"inLanguage\":\"es\"},{\"@type\":\"Person\",\"@id\":\"http:\\\/\\\/www.salesianos.edu\\\/revistasmx\\\/#\\\/schema\\\/person\\\/a1d72ee5373cce7347fb2993ba9f47d6\",\"name\":\"joseluisgarciamoscoso\",\"image\":{\"@type\":\"ImageObject\",\"inLanguage\":\"es\",\"@id\":\"https:\\\/\\\/secure.gravatar.com\\\/avatar\\\/3fda3a0b2db3bc9a39871e47cbd526b42d6c3b74755b7ae1400a87b2913fea6a?s=96&d=mm&r=g\",\"url\":\"https:\\\/\\\/secure.gravatar.com\\\/avatar\\\/3fda3a0b2db3bc9a39871e47cbd526b42d6c3b74755b7ae1400a87b2913fea6a?s=96&d=mm&r=g\",\"contentUrl\":\"https:\\\/\\\/secure.gravatar.com\\\/avatar\\\/3fda3a0b2db3bc9a39871e47cbd526b42d6c3b74755b7ae1400a87b2913fea6a?s=96&d=mm&r=g\",\"caption\":\"joseluisgarciamoscoso\"}}]}<\/script>\n<!-- \/ Yoast SEO plugin. -->","yoast_head_json":{"title":"Carmona y Jerez Torres Silva, dos aniversarios para recordar el pasado mientras se proyecta el futuro - Revista SMX","robots":{"index":"index","follow":"follow","max-snippet":"max-snippet:-1","max-image-preview":"max-image-preview:large","max-video-preview":"max-video-preview:-1"},"canonical":"http:\/\/www.salesianos.edu\/revistasmx\/carmona-y-jerez-torres-silva-dos-aniversarios-para-recordar-el-pasado-mientras-se-proyecta-el-futuro\/","og_locale":"es_ES","og_type":"article","og_title":"Carmona y Jerez Torres Silva, dos aniversarios para recordar el pasado mientras se proyecta el futuro - Revista SMX","og_description":"Festejan sus 125 y 75 a\u00f1os con el compromiso intacto con el desarrollo de la juventud.","og_url":"http:\/\/www.salesianos.edu\/revistasmx\/carmona-y-jerez-torres-silva-dos-aniversarios-para-recordar-el-pasado-mientras-se-proyecta-el-futuro\/","og_site_name":"Revista SMX","article_published_time":"2021-12-02T09:49:14+00:00","article_modified_time":"2021-12-02T10:03:00+00:00","og_image":[{"width":1590,"height":1100,"url":"https:\/\/www.salesianos.edu\/revistasmx\/wp-content\/uploads\/sites\/8\/2021\/12\/Jerez-Torres-Silva-Esperanza.jpeg","type":"image\/jpeg"}],"author":"joseluisgarciamoscoso","twitter_card":"summary_large_image","twitter_misc":{"Escrito por":"joseluisgarciamoscoso","Tiempo de lectura":"6 minutos"},"schema":{"@context":"https:\/\/schema.org","@graph":[{"@type":"Article","@id":"http:\/\/www.salesianos.edu\/revistasmx\/carmona-y-jerez-torres-silva-dos-aniversarios-para-recordar-el-pasado-mientras-se-proyecta-el-futuro\/#article","isPartOf":{"@id":"http:\/\/www.salesianos.edu\/revistasmx\/carmona-y-jerez-torres-silva-dos-aniversarios-para-recordar-el-pasado-mientras-se-proyecta-el-futuro\/"},"author":{"name":"joseluisgarciamoscoso","@id":"http:\/\/www.salesianos.edu\/revistasmx\/#\/schema\/person\/a1d72ee5373cce7347fb2993ba9f47d6"},"headline":"Carmona y Jerez Torres Silva, dos aniversarios para recordar el pasado mientras se proyecta el futuro","datePublished":"2021-12-02T09:49:14+00:00","dateModified":"2021-12-02T10:03:00+00:00","mainEntityOfPage":{"@id":"http:\/\/www.salesianos.edu\/revistasmx\/carmona-y-jerez-torres-silva-dos-aniversarios-para-recordar-el-pasado-mientras-se-proyecta-el-futuro\/"},"wordCount":1154,"commentCount":0,"image":{"@id":"http:\/\/www.salesianos.edu\/revistasmx\/carmona-y-jerez-torres-silva-dos-aniversarios-para-recordar-el-pasado-mientras-se-proyecta-el-futuro\/#primaryimage"},"thumbnailUrl":"http:\/\/www.salesianos.edu\/revistasmx\/wp-content\/uploads\/sites\/8\/2021\/12\/Jerez-Torres-Silva-Esperanza.jpeg","articleSection":["A FONDO"],"inLanguage":"es","potentialAction":[{"@type":"CommentAction","name":"Comment","target":["http:\/\/www.salesianos.edu\/revistasmx\/carmona-y-jerez-torres-silva-dos-aniversarios-para-recordar-el-pasado-mientras-se-proyecta-el-futuro\/#respond"]}]},{"@type":"WebPage","@id":"http:\/\/www.salesianos.edu\/revistasmx\/carmona-y-jerez-torres-silva-dos-aniversarios-para-recordar-el-pasado-mientras-se-proyecta-el-futuro\/","url":"http:\/\/www.salesianos.edu\/revistasmx\/carmona-y-jerez-torres-silva-dos-aniversarios-para-recordar-el-pasado-mientras-se-proyecta-el-futuro\/","name":"Carmona y Jerez Torres Silva, dos aniversarios para recordar el pasado mientras se proyecta el futuro - Revista SMX","isPartOf":{"@id":"http:\/\/www.salesianos.edu\/revistasmx\/#website"},"primaryImageOfPage":{"@id":"http:\/\/www.salesianos.edu\/revistasmx\/carmona-y-jerez-torres-silva-dos-aniversarios-para-recordar-el-pasado-mientras-se-proyecta-el-futuro\/#primaryimage"},"image":{"@id":"http:\/\/www.salesianos.edu\/revistasmx\/carmona-y-jerez-torres-silva-dos-aniversarios-para-recordar-el-pasado-mientras-se-proyecta-el-futuro\/#primaryimage"},"thumbnailUrl":"http:\/\/www.salesianos.edu\/revistasmx\/wp-content\/uploads\/sites\/8\/2021\/12\/Jerez-Torres-Silva-Esperanza.jpeg","datePublished":"2021-12-02T09:49:14+00:00","dateModified":"2021-12-02T10:03:00+00:00","author":{"@id":"http:\/\/www.salesianos.edu\/revistasmx\/#\/schema\/person\/a1d72ee5373cce7347fb2993ba9f47d6"},"breadcrumb":{"@id":"http:\/\/www.salesianos.edu\/revistasmx\/carmona-y-jerez-torres-silva-dos-aniversarios-para-recordar-el-pasado-mientras-se-proyecta-el-futuro\/#breadcrumb"},"inLanguage":"es","potentialAction":[{"@type":"ReadAction","target":["http:\/\/www.salesianos.edu\/revistasmx\/carmona-y-jerez-torres-silva-dos-aniversarios-para-recordar-el-pasado-mientras-se-proyecta-el-futuro\/"]}]},{"@type":"ImageObject","inLanguage":"es","@id":"http:\/\/www.salesianos.edu\/revistasmx\/carmona-y-jerez-torres-silva-dos-aniversarios-para-recordar-el-pasado-mientras-se-proyecta-el-futuro\/#primaryimage","url":"http:\/\/www.salesianos.edu\/revistasmx\/wp-content\/uploads\/sites\/8\/2021\/12\/Jerez-Torres-Silva-Esperanza.jpeg","contentUrl":"http:\/\/www.salesianos.edu\/revistasmx\/wp-content\/uploads\/sites\/8\/2021\/12\/Jerez-Torres-Silva-Esperanza.jpeg","width":1590,"height":1100},{"@type":"BreadcrumbList","@id":"http:\/\/www.salesianos.edu\/revistasmx\/carmona-y-jerez-torres-silva-dos-aniversarios-para-recordar-el-pasado-mientras-se-proyecta-el-futuro\/#breadcrumb","itemListElement":[{"@type":"ListItem","position":1,"name":"Portada","item":"https:\/\/www.salesianos.edu\/revistasmx\/"},{"@type":"ListItem","position":2,"name":"Carmona y Jerez Torres Silva, dos aniversarios para recordar el pasado mientras se proyecta el futuro"}]},{"@type":"WebSite","@id":"http:\/\/www.salesianos.edu\/revistasmx\/#website","url":"http:\/\/www.salesianos.edu\/revistasmx\/","name":"Revista SMX","description":"P\u00e1gina oficial de Inspector\u00eda Salesiana Mar\u00eda Auxiliadora","potentialAction":[{"@type":"SearchAction","target":{"@type":"EntryPoint","urlTemplate":"http:\/\/www.salesianos.edu\/revistasmx\/?s={search_term_string}"},"query-input":{"@type":"PropertyValueSpecification","valueRequired":true,"valueName":"search_term_string"}}],"inLanguage":"es"},{"@type":"Person","@id":"http:\/\/www.salesianos.edu\/revistasmx\/#\/schema\/person\/a1d72ee5373cce7347fb2993ba9f47d6","name":"joseluisgarciamoscoso","image":{"@type":"ImageObject","inLanguage":"es","@id":"https:\/\/secure.gravatar.com\/avatar\/3fda3a0b2db3bc9a39871e47cbd526b42d6c3b74755b7ae1400a87b2913fea6a?s=96&d=mm&r=g","url":"https:\/\/secure.gravatar.com\/avatar\/3fda3a0b2db3bc9a39871e47cbd526b42d6c3b74755b7ae1400a87b2913fea6a?s=96&d=mm&r=g","contentUrl":"https:\/\/secure.gravatar.com\/avatar\/3fda3a0b2db3bc9a39871e47cbd526b42d6c3b74755b7ae1400a87b2913fea6a?s=96&d=mm&r=g","caption":"joseluisgarciamoscoso"}}]}},"_links":{"self":[{"href":"http:\/\/www.salesianos.edu\/revistasmx\/wp-json\/wp\/v2\/posts\/18332","targetHints":{"allow":["GET"]}}],"collection":[{"href":"http:\/\/www.salesianos.edu\/revistasmx\/wp-json\/wp\/v2\/posts"}],"about":[{"href":"http:\/\/www.salesianos.edu\/revistasmx\/wp-json\/wp\/v2\/types\/post"}],"author":[{"embeddable":true,"href":"http:\/\/www.salesianos.edu\/revistasmx\/wp-json\/wp\/v2\/users\/12"}],"replies":[{"embeddable":true,"href":"http:\/\/www.salesianos.edu\/revistasmx\/wp-json\/wp\/v2\/comments?post=18332"}],"version-history":[{"count":7,"href":"http:\/\/www.salesianos.edu\/revistasmx\/wp-json\/wp\/v2\/posts\/18332\/revisions"}],"predecessor-version":[{"id":18358,"href":"http:\/\/www.salesianos.edu\/revistasmx\/wp-json\/wp\/v2\/posts\/18332\/revisions\/18358"}],"wp:featuredmedia":[{"embeddable":true,"href":"http:\/\/www.salesianos.edu\/revistasmx\/wp-json\/wp\/v2\/media\/18343"}],"wp:attachment":[{"href":"http:\/\/www.salesianos.edu\/revistasmx\/wp-json\/wp\/v2\/media?parent=18332"}],"wp:term":[{"taxonomy":"category","embeddable":true,"href":"http:\/\/www.salesianos.edu\/revistasmx\/wp-json\/wp\/v2\/categories?post=18332"},{"taxonomy":"post_tag","embeddable":true,"href":"http:\/\/www.salesianos.edu\/revistasmx\/wp-json\/wp\/v2\/tags?post=18332"}],"curies":[{"name":"wp","href":"https:\/\/api.w.org\/{rel}","templated":true}]}}