{"id":18173,"date":"2021-10-28T09:10:05","date_gmt":"2021-10-28T07:10:05","guid":{"rendered":"https:\/\/www.salesianos.edu\/revistasmx\/?p=18173"},"modified":"2021-10-28T09:10:09","modified_gmt":"2021-10-28T07:10:09","slug":"mas-de-1000-jovenes-compartiendo-una-misma-ilusion-el-don-bosco-global-festival-de-cine-joven-lo-hace-realidad","status":"publish","type":"post","link":"http:\/\/www.salesianos.edu\/revistasmx\/mas-de-1000-jovenes-compartiendo-una-misma-ilusion-el-don-bosco-global-festival-de-cine-joven-lo-hace-realidad\/","title":{"rendered":"\u00bfM\u00e1s de 1000 j\u00f3venes compartiendo una misma ilusi\u00f3n? El \u00abDon Bosco Global Festival de Cine Joven\u201d lo hace realidad"},"content":{"rendered":"<div id=\"fb-root\"><\/div>\n<p>[et_pb_section fb_built=\u00bb1&#8243; _builder_version=\u00bb4.11.4&#8243; _module_preset=\u00bbdefault\u00bb][et_pb_row _builder_version=\u00bb4.11.4&#8243; _module_preset=\u00bbdefault\u00bb][et_pb_column _builder_version=\u00bb4.11.4&#8243; _module_preset=\u00bbdefault\u00bb type=\u00bb4_4&#8243;][et_pb_text _builder_version=\u00bb4.11.4&#8243; _module_preset=\u00bbdefault\u00bb hover_enabled=\u00bb0&#8243; sticky_enabled=\u00bb0&#8243;]<\/p>\n<p>Un festival de cine salesiano mundial, un proyecto \u00fanico para hacer participar a los j\u00f3venes a nivel global con la elaboraci\u00f3n de cortometrajes en una gran iniciativa de protagonismo juvenil, intercambio art\u00edstico y de valores. Es el \u201cDon Bosco Global Youth Film Festival\u201d que se celebrar\u00e1 durante dos d\u00edas, el 18 y 19 de noviembre de 2021, en cientos de lugares diferentes, a lo largo de todos los husos horarios de 134 pa\u00edses del mundo.<\/p>\n<p>Ser\u00e1 una verdadera \u201cfiesta de cine\u201d para los j\u00f3venes,\u00a0por\u00a0los j\u00f3venes y\u00a0con\u00a0j\u00f3venes. Podr\u00e1 participar cualquier persona menor de 30 a\u00f1os, independientemente de su religi\u00f3n o la pertenencia a las presencias salesianas, aunque obviamente ser\u00e1n prioridad a trav\u00e9s de estas, que se pretende estimular la mayor participaci\u00f3n posible.<\/p>\n<p>El viernes 15 de octubre fue el \u00faltimo d\u00eda para enviar v\u00eddeos al \u2018Festival Global de Cine Juvenil Don Bosco\u2019 (DBGYFF). Se recibieron m\u00e1s de mil v\u00eddeos de todos los rincones del mundo. Estos dan testimonio de la participaci\u00f3n de toda la Familia Salesiana, superando las expectativas.<\/p>\n<p>La idea de un\u00a0festival mundial capaz de hacer participar a miles y miles de j\u00f3venes de todo el mundo viene directamente del Rector Mayor de los Salesianos, el padre \u00c1ngel Fern\u00e1ndez Artime, que ya hab\u00eda empezado a acariciar esta idea en el sexenio pasado y que ha sentido ahora la oportunidad. Por la pandemia, el mundo necesita la energ\u00eda y la mirada de esperanza de los j\u00f3venes.<\/p>\n<p>El festival, de hecho, tendr\u00e1 como tema, el lema del Aguinaldo del Rector Mayor para 2021, \u201cNos mueve la Esperanza\u201d, e incluye tres categor\u00edas en las que j\u00f3venes de todo el mundo podr\u00e1n presentar sus obras: cortometrajes (v\u00eddeos de un minuto y de 10 minutos), videos animados (de un minuto y de cinco minutos) y v\u00eddeos musicales (hasta cinco minutos).<\/p>\n<p>[\/et_pb_text][et_pb_image _builder_version=\u00bb4.11.4&#8243; _module_preset=\u00bbdefault\u00bb title_text=\u00bbBannerResorcesES copia\u00bb src=\u00bbhttp:\/\/www.salesianos.edu\/revistasmx\/wp-content\/uploads\/sites\/8\/2021\/10\/BannerResorcesES-copia.jpg\u00bb hover_enabled=\u00bb0&#8243; sticky_enabled=\u00bb0&#8243;][\/et_pb_image][\/et_pb_column][\/et_pb_row][et_pb_row _builder_version=\u00bb4.11.4&#8243; _module_preset=\u00bbdefault\u00bb][et_pb_column _builder_version=\u00bb4.11.4&#8243; _module_preset=\u00bbdefault\u00bb type=\u00bb4_4&#8243;][et_pb_text _builder_version=\u00bb4.11.4&#8243; _module_preset=\u00bbdefault\u00bb hover_enabled=\u00bb0&#8243; sticky_enabled=\u00bb0&#8243;]<\/p>\n<p><strong>La esperanza la traen los j\u00f3venes<\/strong><\/p>\n<p>En primer lugar, se puede constatar un \u00e9xito en la participaci\u00f3n conjunta de salesianos, educadores y j\u00f3venes en el evento: muchos de los v\u00eddeos presentados son el resultado del trabajo conjunto en escuelas, centros educativos y oratorios de la Familia Salesiana, y en varios casos tambi\u00e9n se han sumado los de las Hijas de Mar\u00eda Auxiliadora y de otros grupos.<\/p>\n<p>Al mismo tiempo, el objetivo final del Festival, convertir a los j\u00f3venes en embajadores de la esperanza en sus realidades, parece que se ha logrado ya en la fase preparatoria del trabajo<\/p>\n<p>Y para fomentar a\u00fan m\u00e1s la participaci\u00f3n, el Dicasterio de la Comunicaci\u00f3n Social ha previsto importantes premios para los vencedores, por un importe total de 100 mil euros. Los ganadores ser\u00e1n decididos por tres jurados por categor\u00eda, compuesto por personalidades del mundo cinematogr\u00e1fico, personalidades juveniles y autoridades del mundo salesiano.<\/p>\n<p>\u201cEs una iniciativa que cumple numerosos objetivos del Programa de nuestro Dicasterio para este sexenio, en el que particip\u00f3 espec\u00edficamente Gild\u00e0sio Mendes, Consejero General de Comunicaci\u00f3n Social. Se trata de una propuesta de comunicaci\u00f3n en una perspectiva pastoral educativa, una forma de estar activamente presente en el mundo digital con una clara identidad salesiana, anunciando la Buena Nueva y el Mensaje del Aguinaldo 2021. Adem\u00e1s, favorecer\u00e1 el di\u00e1logo educativo y creativo para evangelizar a los j\u00f3venes en su h\u00e1bitat digital, promover\u00e1 el protagonismo de los j\u00f3venes en la construcci\u00f3n de un mundo mejor y desarrollar\u00e1 la sinergia entre salesianos y j\u00f3venes tanto a nivel local como global\u201d.<\/p>\n<p>Otra iniciativa interesante, en este sentido, es precisamente la de involucrar a los mismos j\u00f3venes que gravitan en los c\u00edrculos salesianos como \u201cembajadores de la esperanza\u201d, para que puedan promover el festival entre sus compa\u00f1eros y as\u00ed contribuir a la difusi\u00f3n del mensaje que quieren ofrecer.<\/p>\n<p>\u201cEste Festival (DBGYFF) es verdaderamente el primero en su g\u00e9nero \u2013explic\u00f3 Don Harris Pakkam, Coordinador de la iniciativa\u2013. Es un festival a nivel mundial ofrecido a los j\u00f3venes cineastas con su talento y contribuir\u00e1 al bien com\u00fan. Queremos darles a ellos un punto de encuentro atrayente, para hacer que se informen, aprendan, se diviertan y entiendan el mundo y aquellos valores que les ayudan a vivir bien. Al mismo tiempo queremos \u2018incendiar el mundo con la esperanza\u2019, con una chispa que ellos mismos son llamados a defender, inculcar y desarrollar en la sociedad postcovid\u201d.<\/p>\n<p><strong>El festival cuenta con una web de referencia<\/strong><\/p>\n<p>Trat\u00e1ndose de un festival \u201cdifundido\u201d en todo el mundo, \u201ces importante el rol de la plataforma web\u00a0<a href=\"https:\/\/www.dbgyff.com\/\">https:\/\/www.dbgyff.com<\/a>, mucho m\u00e1s que el \u201csitio del festival\u201d. De hecho, los aspirantes a cineastas la encontrar\u00e1n, en cinco idiomas (ingl\u00e9s, italiano, franc\u00e9s y portugu\u00e9s), toda la informaci\u00f3n y los recursos necesarios, adem\u00e1s deber\u00e1n gestionar en la fase de env\u00edo del video, podr\u00e1n controlar el avance de los trabajos, controlar las actividades de los distintos jurados, y al finalizar el festival, pero tambi\u00e9n ver todos los v\u00eddeos que participar\u00e1n en la iniciativa.<\/p>\n<p>El DBGYFF, que tiene en vista volverse un evento anual, pretende ser un festival de cine de relevancia mundial y un evento medi\u00e1tico de gran profundidad, que quiere contar con la participaci\u00f3n del mayor n\u00famero de participantes y espectadores, en el mayor n\u00famero de sedes.<\/p>\n<p>Para todos, ser\u00e1 posible ver la transmisi\u00f3n en\u00a0<em>directo\u00a0<\/em>desde el sitio web oficial del festival \u2013<a href=\"http:\/\/www.dbgyff.com\/\">dbgyff.com<\/a>\u2013 que, entre los distintos momentos, tambi\u00e9n transmitir\u00e1 las ceremonias oficiales de Tur\u00edn, en particular, el jueves 18 de noviembre, la inauguraci\u00f3n, y el viernes 19, la proclamaci\u00f3n de los ganadores.<\/p>\n<p>[\/et_pb_text][\/et_pb_column][\/et_pb_row][et_pb_row _builder_version=\u00bb4.11.4&#8243; _module_preset=\u00bbdefault\u00bb column_structure=\u00bb1_3,1_3,1_3&#8243; custom_padding=\u00bb7px|||||\u00bb][et_pb_column _builder_version=\u00bb4.11.4&#8243; _module_preset=\u00bbdefault\u00bb type=\u00bb1_3&#8243;][et_pb_video _builder_version=\u00bb4.11.4&#8243; _module_preset=\u00bbdefault\u00bb src=\u00bbhttps:\/\/www.salesianos.edu\/wp-content\/uploads\/2021\/07\/Festival.mp4&#8243; hover_enabled=\u00bb0&#8243; sticky_enabled=\u00bb0&#8243; box_shadow_style=\u00bbpreset1&#8243; border_radii=\u00bbon|20px|20px|20px|20px\u00bb border_width_all=\u00bb1px\u00bb border_color_all=\u00bb#DC001B\u00bb][\/et_pb_video][\/et_pb_column][et_pb_column _builder_version=\u00bb4.11.4&#8243; _module_preset=\u00bbdefault\u00bb type=\u00bb1_3&#8243;][et_pb_video _builder_version=\u00bb4.11.4&#8243; _module_preset=\u00bbdefault\u00bb src=\u00bbhttps:\/\/www.salesianos.edu\/wp-content\/uploads\/2021\/07\/Invitacion.mp4&#8243; sticky_enabled=\u00bb0&#8243; box_shadow_style=\u00bbpreset1&#8243; border_radii=\u00bbon|20px|20px|20px|20px\u00bb border_width_all=\u00bb1px\u00bb border_color_all=\u00bb#DC001B\u00bb][\/et_pb_video][\/et_pb_column][et_pb_column _builder_version=\u00bb4.11.4&#8243; _module_preset=\u00bbdefault\u00bb type=\u00bb1_3&#8243;][et_pb_video _builder_version=\u00bb4.11.4&#8243; _module_preset=\u00bbdefault\u00bb src=\u00bbhttps:\/\/www.salesianos.edu\/wp-content\/uploads\/2021\/07\/DFfestival.mp4&#8243; sticky_enabled=\u00bb0&#8243; box_shadow_style=\u00bbpreset1&#8243; border_radii=\u00bbon|20px|20px|20px|20px\u00bb border_width_all=\u00bb1px\u00bb border_color_all=\u00bb#DC001B\u00bb][\/et_pb_video][\/et_pb_column][\/et_pb_row][et_pb_row _builder_version=\u00bb4.11.4&#8243; _module_preset=\u00bbdefault\u00bb][et_pb_column _builder_version=\u00bb4.11.4&#8243; _module_preset=\u00bbdefault\u00bb type=\u00bb4_4&#8243;][et_pb_image src=\u00bbhttp:\/\/www.salesianos.edu\/revistasmx\/wp-content\/uploads\/sites\/8\/2021\/10\/6-copia-scaled.jpg\u00bb _builder_version=\u00bb4.11.4&#8243; _module_preset=\u00bbdefault\u00bb title_text=\u00bb6 copia\u00bb hover_enabled=\u00bb0&#8243; sticky_enabled=\u00bb0&#8243;][\/et_pb_image][\/et_pb_column][\/et_pb_row][\/et_pb_section]<\/p>\n","protected":false},"excerpt":{"rendered":"<p>Se celebrar\u00e1 durante dos d\u00edas, el 18 y 19 de noviembre de 2021, en cientos de lugares diferentes, a lo largo de todos los husos horarios de 134 pa\u00edses del mundo.<\/p>\n","protected":false},"author":12,"featured_media":18178,"comment_status":"open","ping_status":"closed","sticky":false,"template":"","format":"standard","meta":{"_et_pb_use_builder":"on","_et_pb_old_content":"","_et_gb_content_width":"","footnotes":""},"categories":[34],"tags":[],"class_list":["post-18173","post","type-post","status-publish","format-standard","has-post-thumbnail","hentry","category-a-fondo"],"yoast_head":"<!-- This site is optimized with the Yoast SEO plugin v27.5 - https:\/\/yoast.com\/product\/yoast-seo-wordpress\/ -->\n<title>\u00bfM\u00e1s de 1000 j\u00f3venes compartiendo una misma ilusi\u00f3n? El &quot;Don Bosco Global Festival de Cine Joven\u201d lo hace realidad - Revista SMX<\/title>\n<meta name=\"robots\" content=\"index, follow, max-snippet:-1, max-image-preview:large, max-video-preview:-1\" \/>\n<link rel=\"canonical\" href=\"http:\/\/www.salesianos.edu\/revistasmx\/mas-de-1000-jovenes-compartiendo-una-misma-ilusion-el-don-bosco-global-festival-de-cine-joven-lo-hace-realidad\/\" \/>\n<meta property=\"og:locale\" content=\"es_ES\" \/>\n<meta property=\"og:type\" content=\"article\" \/>\n<meta property=\"og:title\" content=\"\u00bfM\u00e1s de 1000 j\u00f3venes compartiendo una misma ilusi\u00f3n? El &quot;Don Bosco Global Festival de Cine Joven\u201d lo hace realidad - Revista SMX\" \/>\n<meta property=\"og:description\" content=\"Se celebrar\u00e1 durante dos d\u00edas, el 18 y 19 de noviembre de 2021, en cientos de lugares diferentes, a lo largo de todos los husos horarios de 134 pa\u00edses del mundo.\" \/>\n<meta property=\"og:url\" content=\"http:\/\/www.salesianos.edu\/revistasmx\/mas-de-1000-jovenes-compartiendo-una-misma-ilusion-el-don-bosco-global-festival-de-cine-joven-lo-hace-realidad\/\" \/>\n<meta property=\"og:site_name\" content=\"Revista SMX\" \/>\n<meta property=\"article:published_time\" content=\"2021-10-28T07:10:05+00:00\" \/>\n<meta property=\"article:modified_time\" content=\"2021-10-28T07:10:09+00:00\" \/>\n<meta property=\"og:image\" content=\"https:\/\/www.salesianos.edu\/revistasmx\/wp-content\/uploads\/sites\/8\/2021\/10\/ESposter10.jpg\" \/>\n\t<meta property=\"og:image:width\" content=\"1920\" \/>\n\t<meta property=\"og:image:height\" content=\"1080\" \/>\n\t<meta property=\"og:image:type\" content=\"image\/jpeg\" \/>\n<meta name=\"author\" content=\"joseluisgarciamoscoso\" \/>\n<meta name=\"twitter:card\" content=\"summary_large_image\" \/>\n<meta name=\"twitter:label1\" content=\"Escrito por\" \/>\n\t<meta name=\"twitter:data1\" content=\"joseluisgarciamoscoso\" \/>\n\t<meta name=\"twitter:label2\" content=\"Tiempo de lectura\" \/>\n\t<meta name=\"twitter:data2\" content=\"7 minutos\" \/>\n<script type=\"application\/ld+json\" class=\"yoast-schema-graph\">{\"@context\":\"https:\\\/\\\/schema.org\",\"@graph\":[{\"@type\":\"Article\",\"@id\":\"http:\\\/\\\/www.salesianos.edu\\\/revistasmx\\\/mas-de-1000-jovenes-compartiendo-una-misma-ilusion-el-don-bosco-global-festival-de-cine-joven-lo-hace-realidad\\\/#article\",\"isPartOf\":{\"@id\":\"http:\\\/\\\/www.salesianos.edu\\\/revistasmx\\\/mas-de-1000-jovenes-compartiendo-una-misma-ilusion-el-don-bosco-global-festival-de-cine-joven-lo-hace-realidad\\\/\"},\"author\":{\"name\":\"joseluisgarciamoscoso\",\"@id\":\"http:\\\/\\\/www.salesianos.edu\\\/revistasmx\\\/#\\\/schema\\\/person\\\/a1d72ee5373cce7347fb2993ba9f47d6\"},\"headline\":\"\u00bfM\u00e1s de 1000 j\u00f3venes compartiendo una misma ilusi\u00f3n? El \u00abDon Bosco Global Festival de Cine Joven\u201d lo hace realidad\",\"datePublished\":\"2021-10-28T07:10:05+00:00\",\"dateModified\":\"2021-10-28T07:10:09+00:00\",\"mainEntityOfPage\":{\"@id\":\"http:\\\/\\\/www.salesianos.edu\\\/revistasmx\\\/mas-de-1000-jovenes-compartiendo-una-misma-ilusion-el-don-bosco-global-festival-de-cine-joven-lo-hace-realidad\\\/\"},\"wordCount\":1330,\"commentCount\":0,\"image\":{\"@id\":\"http:\\\/\\\/www.salesianos.edu\\\/revistasmx\\\/mas-de-1000-jovenes-compartiendo-una-misma-ilusion-el-don-bosco-global-festival-de-cine-joven-lo-hace-realidad\\\/#primaryimage\"},\"thumbnailUrl\":\"http:\\\/\\\/www.salesianos.edu\\\/revistasmx\\\/wp-content\\\/uploads\\\/sites\\\/8\\\/2021\\\/10\\\/ESposter10.jpg\",\"articleSection\":[\"A FONDO\"],\"inLanguage\":\"es\",\"potentialAction\":[{\"@type\":\"CommentAction\",\"name\":\"Comment\",\"target\":[\"http:\\\/\\\/www.salesianos.edu\\\/revistasmx\\\/mas-de-1000-jovenes-compartiendo-una-misma-ilusion-el-don-bosco-global-festival-de-cine-joven-lo-hace-realidad\\\/#respond\"]}]},{\"@type\":\"WebPage\",\"@id\":\"http:\\\/\\\/www.salesianos.edu\\\/revistasmx\\\/mas-de-1000-jovenes-compartiendo-una-misma-ilusion-el-don-bosco-global-festival-de-cine-joven-lo-hace-realidad\\\/\",\"url\":\"http:\\\/\\\/www.salesianos.edu\\\/revistasmx\\\/mas-de-1000-jovenes-compartiendo-una-misma-ilusion-el-don-bosco-global-festival-de-cine-joven-lo-hace-realidad\\\/\",\"name\":\"\u00bfM\u00e1s de 1000 j\u00f3venes compartiendo una misma ilusi\u00f3n? El \\\"Don Bosco Global Festival de Cine Joven\u201d lo hace realidad - Revista SMX\",\"isPartOf\":{\"@id\":\"http:\\\/\\\/www.salesianos.edu\\\/revistasmx\\\/#website\"},\"primaryImageOfPage\":{\"@id\":\"http:\\\/\\\/www.salesianos.edu\\\/revistasmx\\\/mas-de-1000-jovenes-compartiendo-una-misma-ilusion-el-don-bosco-global-festival-de-cine-joven-lo-hace-realidad\\\/#primaryimage\"},\"image\":{\"@id\":\"http:\\\/\\\/www.salesianos.edu\\\/revistasmx\\\/mas-de-1000-jovenes-compartiendo-una-misma-ilusion-el-don-bosco-global-festival-de-cine-joven-lo-hace-realidad\\\/#primaryimage\"},\"thumbnailUrl\":\"http:\\\/\\\/www.salesianos.edu\\\/revistasmx\\\/wp-content\\\/uploads\\\/sites\\\/8\\\/2021\\\/10\\\/ESposter10.jpg\",\"datePublished\":\"2021-10-28T07:10:05+00:00\",\"dateModified\":\"2021-10-28T07:10:09+00:00\",\"author\":{\"@id\":\"http:\\\/\\\/www.salesianos.edu\\\/revistasmx\\\/#\\\/schema\\\/person\\\/a1d72ee5373cce7347fb2993ba9f47d6\"},\"breadcrumb\":{\"@id\":\"http:\\\/\\\/www.salesianos.edu\\\/revistasmx\\\/mas-de-1000-jovenes-compartiendo-una-misma-ilusion-el-don-bosco-global-festival-de-cine-joven-lo-hace-realidad\\\/#breadcrumb\"},\"inLanguage\":\"es\",\"potentialAction\":[{\"@type\":\"ReadAction\",\"target\":[\"http:\\\/\\\/www.salesianos.edu\\\/revistasmx\\\/mas-de-1000-jovenes-compartiendo-una-misma-ilusion-el-don-bosco-global-festival-de-cine-joven-lo-hace-realidad\\\/\"]}]},{\"@type\":\"ImageObject\",\"inLanguage\":\"es\",\"@id\":\"http:\\\/\\\/www.salesianos.edu\\\/revistasmx\\\/mas-de-1000-jovenes-compartiendo-una-misma-ilusion-el-don-bosco-global-festival-de-cine-joven-lo-hace-realidad\\\/#primaryimage\",\"url\":\"http:\\\/\\\/www.salesianos.edu\\\/revistasmx\\\/wp-content\\\/uploads\\\/sites\\\/8\\\/2021\\\/10\\\/ESposter10.jpg\",\"contentUrl\":\"http:\\\/\\\/www.salesianos.edu\\\/revistasmx\\\/wp-content\\\/uploads\\\/sites\\\/8\\\/2021\\\/10\\\/ESposter10.jpg\",\"width\":1920,\"height\":1080},{\"@type\":\"BreadcrumbList\",\"@id\":\"http:\\\/\\\/www.salesianos.edu\\\/revistasmx\\\/mas-de-1000-jovenes-compartiendo-una-misma-ilusion-el-don-bosco-global-festival-de-cine-joven-lo-hace-realidad\\\/#breadcrumb\",\"itemListElement\":[{\"@type\":\"ListItem\",\"position\":1,\"name\":\"Portada\",\"item\":\"https:\\\/\\\/www.salesianos.edu\\\/revistasmx\\\/\"},{\"@type\":\"ListItem\",\"position\":2,\"name\":\"\u00bfM\u00e1s de 1000 j\u00f3venes compartiendo una misma ilusi\u00f3n? El \u00abDon Bosco Global Festival de Cine Joven\u201d lo hace realidad\"}]},{\"@type\":\"WebSite\",\"@id\":\"http:\\\/\\\/www.salesianos.edu\\\/revistasmx\\\/#website\",\"url\":\"http:\\\/\\\/www.salesianos.edu\\\/revistasmx\\\/\",\"name\":\"Revista SMX\",\"description\":\"P\u00e1gina oficial de Inspector\u00eda Salesiana Mar\u00eda Auxiliadora\",\"potentialAction\":[{\"@type\":\"SearchAction\",\"target\":{\"@type\":\"EntryPoint\",\"urlTemplate\":\"http:\\\/\\\/www.salesianos.edu\\\/revistasmx\\\/?s={search_term_string}\"},\"query-input\":{\"@type\":\"PropertyValueSpecification\",\"valueRequired\":true,\"valueName\":\"search_term_string\"}}],\"inLanguage\":\"es\"},{\"@type\":\"Person\",\"@id\":\"http:\\\/\\\/www.salesianos.edu\\\/revistasmx\\\/#\\\/schema\\\/person\\\/a1d72ee5373cce7347fb2993ba9f47d6\",\"name\":\"joseluisgarciamoscoso\",\"image\":{\"@type\":\"ImageObject\",\"inLanguage\":\"es\",\"@id\":\"https:\\\/\\\/secure.gravatar.com\\\/avatar\\\/3fda3a0b2db3bc9a39871e47cbd526b42d6c3b74755b7ae1400a87b2913fea6a?s=96&d=mm&r=g\",\"url\":\"https:\\\/\\\/secure.gravatar.com\\\/avatar\\\/3fda3a0b2db3bc9a39871e47cbd526b42d6c3b74755b7ae1400a87b2913fea6a?s=96&d=mm&r=g\",\"contentUrl\":\"https:\\\/\\\/secure.gravatar.com\\\/avatar\\\/3fda3a0b2db3bc9a39871e47cbd526b42d6c3b74755b7ae1400a87b2913fea6a?s=96&d=mm&r=g\",\"caption\":\"joseluisgarciamoscoso\"}}]}<\/script>\n<!-- \/ Yoast SEO plugin. -->","yoast_head_json":{"title":"\u00bfM\u00e1s de 1000 j\u00f3venes compartiendo una misma ilusi\u00f3n? El \"Don Bosco Global Festival de Cine Joven\u201d lo hace realidad - Revista SMX","robots":{"index":"index","follow":"follow","max-snippet":"max-snippet:-1","max-image-preview":"max-image-preview:large","max-video-preview":"max-video-preview:-1"},"canonical":"http:\/\/www.salesianos.edu\/revistasmx\/mas-de-1000-jovenes-compartiendo-una-misma-ilusion-el-don-bosco-global-festival-de-cine-joven-lo-hace-realidad\/","og_locale":"es_ES","og_type":"article","og_title":"\u00bfM\u00e1s de 1000 j\u00f3venes compartiendo una misma ilusi\u00f3n? El \"Don Bosco Global Festival de Cine Joven\u201d lo hace realidad - Revista SMX","og_description":"Se celebrar\u00e1 durante dos d\u00edas, el 18 y 19 de noviembre de 2021, en cientos de lugares diferentes, a lo largo de todos los husos horarios de 134 pa\u00edses del mundo.","og_url":"http:\/\/www.salesianos.edu\/revistasmx\/mas-de-1000-jovenes-compartiendo-una-misma-ilusion-el-don-bosco-global-festival-de-cine-joven-lo-hace-realidad\/","og_site_name":"Revista SMX","article_published_time":"2021-10-28T07:10:05+00:00","article_modified_time":"2021-10-28T07:10:09+00:00","og_image":[{"width":1920,"height":1080,"url":"https:\/\/www.salesianos.edu\/revistasmx\/wp-content\/uploads\/sites\/8\/2021\/10\/ESposter10.jpg","type":"image\/jpeg"}],"author":"joseluisgarciamoscoso","twitter_card":"summary_large_image","twitter_misc":{"Escrito por":"joseluisgarciamoscoso","Tiempo de lectura":"7 minutos"},"schema":{"@context":"https:\/\/schema.org","@graph":[{"@type":"Article","@id":"http:\/\/www.salesianos.edu\/revistasmx\/mas-de-1000-jovenes-compartiendo-una-misma-ilusion-el-don-bosco-global-festival-de-cine-joven-lo-hace-realidad\/#article","isPartOf":{"@id":"http:\/\/www.salesianos.edu\/revistasmx\/mas-de-1000-jovenes-compartiendo-una-misma-ilusion-el-don-bosco-global-festival-de-cine-joven-lo-hace-realidad\/"},"author":{"name":"joseluisgarciamoscoso","@id":"http:\/\/www.salesianos.edu\/revistasmx\/#\/schema\/person\/a1d72ee5373cce7347fb2993ba9f47d6"},"headline":"\u00bfM\u00e1s de 1000 j\u00f3venes compartiendo una misma ilusi\u00f3n? El \u00abDon Bosco Global Festival de Cine Joven\u201d lo hace realidad","datePublished":"2021-10-28T07:10:05+00:00","dateModified":"2021-10-28T07:10:09+00:00","mainEntityOfPage":{"@id":"http:\/\/www.salesianos.edu\/revistasmx\/mas-de-1000-jovenes-compartiendo-una-misma-ilusion-el-don-bosco-global-festival-de-cine-joven-lo-hace-realidad\/"},"wordCount":1330,"commentCount":0,"image":{"@id":"http:\/\/www.salesianos.edu\/revistasmx\/mas-de-1000-jovenes-compartiendo-una-misma-ilusion-el-don-bosco-global-festival-de-cine-joven-lo-hace-realidad\/#primaryimage"},"thumbnailUrl":"http:\/\/www.salesianos.edu\/revistasmx\/wp-content\/uploads\/sites\/8\/2021\/10\/ESposter10.jpg","articleSection":["A FONDO"],"inLanguage":"es","potentialAction":[{"@type":"CommentAction","name":"Comment","target":["http:\/\/www.salesianos.edu\/revistasmx\/mas-de-1000-jovenes-compartiendo-una-misma-ilusion-el-don-bosco-global-festival-de-cine-joven-lo-hace-realidad\/#respond"]}]},{"@type":"WebPage","@id":"http:\/\/www.salesianos.edu\/revistasmx\/mas-de-1000-jovenes-compartiendo-una-misma-ilusion-el-don-bosco-global-festival-de-cine-joven-lo-hace-realidad\/","url":"http:\/\/www.salesianos.edu\/revistasmx\/mas-de-1000-jovenes-compartiendo-una-misma-ilusion-el-don-bosco-global-festival-de-cine-joven-lo-hace-realidad\/","name":"\u00bfM\u00e1s de 1000 j\u00f3venes compartiendo una misma ilusi\u00f3n? El \"Don Bosco Global Festival de Cine Joven\u201d lo hace realidad - Revista SMX","isPartOf":{"@id":"http:\/\/www.salesianos.edu\/revistasmx\/#website"},"primaryImageOfPage":{"@id":"http:\/\/www.salesianos.edu\/revistasmx\/mas-de-1000-jovenes-compartiendo-una-misma-ilusion-el-don-bosco-global-festival-de-cine-joven-lo-hace-realidad\/#primaryimage"},"image":{"@id":"http:\/\/www.salesianos.edu\/revistasmx\/mas-de-1000-jovenes-compartiendo-una-misma-ilusion-el-don-bosco-global-festival-de-cine-joven-lo-hace-realidad\/#primaryimage"},"thumbnailUrl":"http:\/\/www.salesianos.edu\/revistasmx\/wp-content\/uploads\/sites\/8\/2021\/10\/ESposter10.jpg","datePublished":"2021-10-28T07:10:05+00:00","dateModified":"2021-10-28T07:10:09+00:00","author":{"@id":"http:\/\/www.salesianos.edu\/revistasmx\/#\/schema\/person\/a1d72ee5373cce7347fb2993ba9f47d6"},"breadcrumb":{"@id":"http:\/\/www.salesianos.edu\/revistasmx\/mas-de-1000-jovenes-compartiendo-una-misma-ilusion-el-don-bosco-global-festival-de-cine-joven-lo-hace-realidad\/#breadcrumb"},"inLanguage":"es","potentialAction":[{"@type":"ReadAction","target":["http:\/\/www.salesianos.edu\/revistasmx\/mas-de-1000-jovenes-compartiendo-una-misma-ilusion-el-don-bosco-global-festival-de-cine-joven-lo-hace-realidad\/"]}]},{"@type":"ImageObject","inLanguage":"es","@id":"http:\/\/www.salesianos.edu\/revistasmx\/mas-de-1000-jovenes-compartiendo-una-misma-ilusion-el-don-bosco-global-festival-de-cine-joven-lo-hace-realidad\/#primaryimage","url":"http:\/\/www.salesianos.edu\/revistasmx\/wp-content\/uploads\/sites\/8\/2021\/10\/ESposter10.jpg","contentUrl":"http:\/\/www.salesianos.edu\/revistasmx\/wp-content\/uploads\/sites\/8\/2021\/10\/ESposter10.jpg","width":1920,"height":1080},{"@type":"BreadcrumbList","@id":"http:\/\/www.salesianos.edu\/revistasmx\/mas-de-1000-jovenes-compartiendo-una-misma-ilusion-el-don-bosco-global-festival-de-cine-joven-lo-hace-realidad\/#breadcrumb","itemListElement":[{"@type":"ListItem","position":1,"name":"Portada","item":"https:\/\/www.salesianos.edu\/revistasmx\/"},{"@type":"ListItem","position":2,"name":"\u00bfM\u00e1s de 1000 j\u00f3venes compartiendo una misma ilusi\u00f3n? El \u00abDon Bosco Global Festival de Cine Joven\u201d lo hace realidad"}]},{"@type":"WebSite","@id":"http:\/\/www.salesianos.edu\/revistasmx\/#website","url":"http:\/\/www.salesianos.edu\/revistasmx\/","name":"Revista SMX","description":"P\u00e1gina oficial de Inspector\u00eda Salesiana Mar\u00eda Auxiliadora","potentialAction":[{"@type":"SearchAction","target":{"@type":"EntryPoint","urlTemplate":"http:\/\/www.salesianos.edu\/revistasmx\/?s={search_term_string}"},"query-input":{"@type":"PropertyValueSpecification","valueRequired":true,"valueName":"search_term_string"}}],"inLanguage":"es"},{"@type":"Person","@id":"http:\/\/www.salesianos.edu\/revistasmx\/#\/schema\/person\/a1d72ee5373cce7347fb2993ba9f47d6","name":"joseluisgarciamoscoso","image":{"@type":"ImageObject","inLanguage":"es","@id":"https:\/\/secure.gravatar.com\/avatar\/3fda3a0b2db3bc9a39871e47cbd526b42d6c3b74755b7ae1400a87b2913fea6a?s=96&d=mm&r=g","url":"https:\/\/secure.gravatar.com\/avatar\/3fda3a0b2db3bc9a39871e47cbd526b42d6c3b74755b7ae1400a87b2913fea6a?s=96&d=mm&r=g","contentUrl":"https:\/\/secure.gravatar.com\/avatar\/3fda3a0b2db3bc9a39871e47cbd526b42d6c3b74755b7ae1400a87b2913fea6a?s=96&d=mm&r=g","caption":"joseluisgarciamoscoso"}}]}},"_links":{"self":[{"href":"http:\/\/www.salesianos.edu\/revistasmx\/wp-json\/wp\/v2\/posts\/18173","targetHints":{"allow":["GET"]}}],"collection":[{"href":"http:\/\/www.salesianos.edu\/revistasmx\/wp-json\/wp\/v2\/posts"}],"about":[{"href":"http:\/\/www.salesianos.edu\/revistasmx\/wp-json\/wp\/v2\/types\/post"}],"author":[{"embeddable":true,"href":"http:\/\/www.salesianos.edu\/revistasmx\/wp-json\/wp\/v2\/users\/12"}],"replies":[{"embeddable":true,"href":"http:\/\/www.salesianos.edu\/revistasmx\/wp-json\/wp\/v2\/comments?post=18173"}],"version-history":[{"count":2,"href":"http:\/\/www.salesianos.edu\/revistasmx\/wp-json\/wp\/v2\/posts\/18173\/revisions"}],"predecessor-version":[{"id":18180,"href":"http:\/\/www.salesianos.edu\/revistasmx\/wp-json\/wp\/v2\/posts\/18173\/revisions\/18180"}],"wp:featuredmedia":[{"embeddable":true,"href":"http:\/\/www.salesianos.edu\/revistasmx\/wp-json\/wp\/v2\/media\/18178"}],"wp:attachment":[{"href":"http:\/\/www.salesianos.edu\/revistasmx\/wp-json\/wp\/v2\/media?parent=18173"}],"wp:term":[{"taxonomy":"category","embeddable":true,"href":"http:\/\/www.salesianos.edu\/revistasmx\/wp-json\/wp\/v2\/categories?post=18173"},{"taxonomy":"post_tag","embeddable":true,"href":"http:\/\/www.salesianos.edu\/revistasmx\/wp-json\/wp\/v2\/tags?post=18173"}],"curies":[{"name":"wp","href":"https:\/\/api.w.org\/{rel}","templated":true}]}}