{"id":17360,"date":"2021-04-29T10:59:00","date_gmt":"2021-04-29T08:59:00","guid":{"rendered":"https:\/\/www.salesianos.edu\/revistasmx\/?p=17360"},"modified":"2021-04-29T14:24:46","modified_gmt":"2021-04-29T12:24:46","slug":"un-historia-desperanca-per-mirar-el-futur","status":"publish","type":"post","link":"http:\/\/www.salesianos.edu\/revistasmx\/ca\/un-historia-desperanca-per-mirar-el-futur\/","title":{"rendered":"Un hist\u00f2ria d&#8217;esperan\u00e7a per mirar el futur"},"content":{"rendered":"<div id=\"fb-root\"><\/div>\n<p>[et_pb_section fb_built=\u00bb1&#8243; _builder_version=\u00bb4.9.4&#8243; _module_preset=\u00bbdefault\u00bb][et_pb_row _builder_version=\u00bb4.9.4&#8243; _module_preset=\u00bbdefault\u00bb][et_pb_column type=\u00bb4_4&#8243; _builder_version=\u00bb4.9.4&#8243; _module_preset=\u00bbdefault\u00bb][et_pb_text _builder_version=\u00bb4.9.4&#8243; _module_preset=\u00bbdefault\u00bb hover_enabled=\u00bb0&#8243; sticky_enabled=\u00bb0&#8243;]<\/p>\n<div>\n<p class=\"Normal1\"><b>Diferents cases salesianes, entre les quals es troben Granada, Linares o Sant Josep Artes\u00e0 d&#8217;Elx, recorden les seves arrels durant la celebraci\u00f3 de les noces d&#8217;or i brillants emmarcades en aquest curs amb el comprom\u00eds intacte amb la joventut.<\/b><\/p>\n<\/div>\n<div>\n<p class=\"Normal1\"><b>La Inspectoria Salesiana Maria Auxiliadora encara la recta final d&#8217;un nou curs en el qual s\u2019ha tornat a ballar al ritme marcat per la pand\u00e8mia, per\u00f2 que no ha impedit celebrar la vida i la hist\u00f2ria salesiana a diferents punts d&#8217;Espanya. Tot i que dins d&#8217;aquest conjunt hi ha diverses cases que tenen el curs actual assenyalat en vermell per un motiu especial.<\/b><b> <\/b><b>Granada, Linares i Sant Josep Artes\u00e0 d&#8217;Elx festegen els seus 50 i 75 anys; unes noces d&#8217;or i brillants que reflecteixen el vigent comprom\u00eds salesi\u00e0 amb la joventut. Altres cases salesianes continuen les celebracions que van comen\u00e7ar el 2019 i que, a causa de les restriccions sanit\u00e0ries, van haver de posposar-se o allargar-se en el temps; com \u00e9s el cas de Ja\u00e9n, Joan XXIII d&#8217;Alcoi, Sant Joan Bosco de Val\u00e8ncia o el Colegio Mayor Universitario San Juan Bosco de Sevilla.<\/b><\/p>\n<\/div>\n<p>[\/et_pb_text][\/et_pb_column][\/et_pb_row][et_pb_row column_structure=\u00bb1_3,2_3&#8243; _builder_version=\u00bb4.9.4&#8243; _module_preset=\u00bbdefault\u00bb][et_pb_column type=\u00bb1_3&#8243; _builder_version=\u00bb4.9.4&#8243; _module_preset=\u00bbdefault\u00bb][et_pb_image src=\u00bbhttps:\/\/www.salesianos.edu\/revistasmx\/wp-content\/uploads\/sites\/8\/2021\/04\/WhatsApp-Image-2021-02-03-at-10.50.38.jpeg\u00bb title_text=\u00bbWhatsApp Image 2021-02-03 at 10.50.38&#8243; _builder_version=\u00bb4.9.4&#8243; _module_preset=\u00bbdefault\u00bb][\/et_pb_image][\/et_pb_column][et_pb_column type=\u00bb2_3&#8243; _builder_version=\u00bb4.9.4&#8243; _module_preset=\u00bbdefault\u00bb][et_pb_text _builder_version=\u00bb4.9.4&#8243; _module_preset=\u00bbdefault\u00bb]<\/p>\n<div>\n<p class=\"Normal1\">Per a <b>Marco Antonio Romero<\/b>, director de <b>Salesians Granada<\/b>, \u00abqualsevol aniversari suposa recon\u00e8ixer una hist\u00f2ria passada\u00bb. En aquest cas es tracta de la hist\u00f2ria d&#8217;un immens puzzle de persones que han contribu\u00eft a escriure <a href=\"https:\/\/www.salesians.cat\/granada-comenca-la-celebracio-del-75e-aniversari\/\">75 anys<\/a> d\u2019hist\u00f2ria salesiana a la ciutat de Granada. \u00abTot i haver tingut moments dif\u00edcils, com en qualsevol fam\u00edlia, tamb\u00e9 en la nostra hist\u00f2ria salesiana han brillat m\u00e9s els moments que D\u00e9u ha anat inspirant en cada persona que, en el transcurs dels anys, han fet possible la joia present que estem vivint tot i la pand\u00e8mia. Un present amb gaireb\u00e9 1.300 alumnes, 80 treballadors, una immensa fam\u00edlia salesiana, i un barri ple de joves que segueixen demandant una resposta salesiana actualitzada als problemes als quals avui s&#8217;han d&#8217;enfrontar per aconseguir fer realitat els seus somnis juvenils\u00bb, explica.<\/p>\n<div>\n<p class=\"Normal1\"><b><i>A causa de la pand\u00e8mia han hagut de ser molt prudents. Per a l&#8217;ocasi\u00f3 han aprovat una programaci\u00f3 d&#8217;actes sense dates tancades, per anar fent el que es pugui segons les mesures sanit\u00e0ries ho vagin permetent. <\/i><\/b>Han pogut escollir un logotip commemoratiu, decorar el col\u00b7legi amb banderes, gravar alguns documentals i anar preparant un llibre sobre la hist\u00f2ria de la casa. Els falta una inauguraci\u00f3 oficial del 75\u00e8 aniversari, que si no poden fer-la abans d&#8217;acabar el curs, es realitzar\u00e0 en el mes de setembre. <b><i>\u00abEl m\u00e9s important de tot \u00e9s que la gent est\u00e0 en mode acci\u00f3 de gr\u00e0cies, reconeixent que tot el que s&#8217;ha anat realitzant ha estat una contribuci\u00f3 per a una hist\u00f2ria molt salesiana\u00bb, <\/i><\/b>conclou el salesi\u00e0.<\/p>\n<\/div>\n<\/div>\n<p>[\/et_pb_text][\/et_pb_column][\/et_pb_row][et_pb_row column_structure=\u00bb2_3,1_3&#8243; _builder_version=\u00bb4.9.4&#8243; _module_preset=\u00bbdefault\u00bb][et_pb_column type=\u00bb2_3&#8243; _builder_version=\u00bb4.9.4&#8243; _module_preset=\u00bbdefault\u00bb][et_pb_text _builder_version=\u00bb4.9.4&#8243; _module_preset=\u00bbdefault\u00bb hover_enabled=\u00bb0&#8243; sticky_enabled=\u00bb0&#8243;]<\/p>\n<div>\n<p class=\"Normal1\">Per a tots els membres la Comunitat Educativa de <b>Salesians Linares<\/b> tamb\u00e9 \u00e9s una <a href=\"https:\/\/www.salesians.cat\/la-familia-salesiana-de-linares-commemora-el-mig-segle-de-vida-del-collegi-san-agustin\/\">gran satisfacci\u00f3 aquesta celebraci\u00f3.<\/a> Amb ella volen donar gr\u00e0cies a D\u00e9u pels beneficis rebuts; fer mem\u00f2ria de moltes persones que han deixat la seva vida en l&#8217;educaci\u00f3 d\u2019infants i joves; projectar a la ciutat la vida que aquesta casa segueix tenint en el camp educativo-pastoral i renovar la il\u00b7lusi\u00f3 i el comprom\u00eds de tots els implicats en desenvolupar i seguir donant vida a aquest gran projecte durant molts anys m\u00e9s.<\/p>\n<\/div>\n<div>\n<p class=\"Normal1\"><b>Teodoro Castillejo<\/b>, director de la pres\u00e8ncia salesiana, explica que estan vivint l&#8217;aniversari amb molta il\u00b7lusi\u00f3 i implicaci\u00f3 per part de tots els que formen part de la gran Fam\u00edlia Salesiana de Linares i per tota la ciutat. <b><i>\u00abLes dificultats que est\u00e0 provocant la pand\u00e8mia per desenvolupar tots els actes multitudinaris programats s&#8217;afronten amb \u00e0nim renovat i creativitat\u00bb, afegeix.<\/i><\/b><\/p>\n<\/div>\n<p>[\/et_pb_text][\/et_pb_column][et_pb_column type=\u00bb1_3&#8243; _builder_version=\u00bb4.9.4&#8243; _module_preset=\u00bbdefault\u00bb][et_pb_image src=\u00bbhttps:\/\/www.salesianos.edu\/revistasmx\/wp-content\/uploads\/sites\/8\/2021\/04\/Unknown.jpeg\u00bb title_text=\u00bbUnknown\u00bb _builder_version=\u00bb4.9.4&#8243; _module_preset=\u00bbdefault\u00bb][\/et_pb_image][\/et_pb_column][\/et_pb_row][et_pb_row column_structure=\u00bb1_4,3_4&#8243; _builder_version=\u00bb4.9.4&#8243; _module_preset=\u00bbdefault\u00bb custom_padding=\u00bb18px|||||\u00bb][et_pb_column type=\u00bb1_4&#8243; _builder_version=\u00bb4.9.4&#8243; _module_preset=\u00bbdefault\u00bb][et_pb_image src=\u00bbhttps:\/\/www.salesianos.edu\/revistasmx\/wp-content\/uploads\/sites\/8\/2021\/04\/a12dce3c-c023-4f88-82b3-078384d06e62-e1619685610535.jpg\u00bb title_text=\u00bba12dce3c-c023-4f88-82b3-078384d06e62&#8243; _builder_version=\u00bb4.9.4&#8243; _module_preset=\u00bbdefault\u00bb border_radii=\u00bbon|20px|20px|20px|20px\u00bb][\/et_pb_image][\/et_pb_column][et_pb_column type=\u00bb3_4&#8243; _builder_version=\u00bb4.9.4&#8243; _module_preset=\u00bbdefault\u00bb][et_pb_text _builder_version=\u00bb4.9.4&#8243; _module_preset=\u00bbdefault\u00bb custom_padding=\u00bb22px|||||\u00bb hover_enabled=\u00bb0&#8243; sticky_enabled=\u00bb0&#8243;]<\/p>\n<div>\n<p class=\"Normal1\">D&#8217;altra banda, a <b>Salesians Sant Josep Artes\u00e0<\/b> <b>d&#8217;Elx <\/b>celebren 50 anys plens de bones experi\u00e8ncies educatives; de servei als joves i a la societat. \u00ab\u00c9s una cosa que val la pena ser celebrada per projectar el futur\u00bb, afirma el director de Salesians Elx, Miguel Gamb\u00edn. A causa de la pand\u00e8mia la celebraci\u00f3 ser\u00e0 molt redu\u00efda, per\u00f2 en la Formaci\u00f3 Professional aix\u00f2 s&#8217;est\u00e0 vivint molt intensament, ja que els professors i alumnes de diferents especialitats estan bolcats en la <a href=\"https:\/\/www.salesians.cat\/50-anys-de-vida-a-salesians-sant-josep-artesa-delx\/\">realitzaci\u00f3 d&#8217;un monument<\/a> que es lliurar\u00e0 a la ciutat\u00bb, explica.<\/p>\n<\/div>\n<p>[\/et_pb_text][\/et_pb_column][\/et_pb_row][et_pb_row column_structure=\u00bb1_2,1_4,1_4&#8243; _builder_version=\u00bb4.9.4&#8243; _module_preset=\u00bbdefault\u00bb][et_pb_column type=\u00bb1_2&#8243; _builder_version=\u00bb4.9.4&#8243; _module_preset=\u00bbdefault\u00bb][et_pb_text _builder_version=\u00bb4.9.4&#8243; _module_preset=\u00bbdefault\u00bb hover_enabled=\u00bb0&#8243; sticky_enabled=\u00bb0&#8243;]<\/p>\n<div>\n<p class=\"Normal1\">Per a <b>Jorge Pastor<\/b>, director del col\u00b7legi <b>Salesians Joan XXIII d\u2019Alcoi, <\/b>celebrar cinc d\u00e8cades <a href=\"https:\/\/alcoy.salesianos.edu\/colegioj23\/exposicion-50-anos-de-fp-en-salesianos-juan-xxiii\/\">suposa mirar enrere en senyal d&#8217;agra\u00efment a aquells que han format part d&#8217;aquesta bonica realitat<\/a> i posar la vista, tamb\u00e9, en el futur. La pand\u00e8mia ha impedit realitzar actes de concurr\u00e8ncia p\u00fablica. No obstant aix\u00f2, l&#8217;aniversari ha estat present entre els membres de la comunitat educativa. <b><i>\u00abSobretot ha servit per posar en valor i recordar tot el que ha fet aquesta casa en els seus primers 50 anys de vida: recordar moments, an\u00e8cdotes i activitats, moltes d&#8217;elles, en les quals hem estat pioners, com l&#8217;aposta pels antics PGS . Ha suposat en definitiva un al\u00b7licient per recon\u00e8ixer el treball realitzat\u00bb, <\/i><\/b>afegeix.<\/p>\n<\/div>\n<p>[\/et_pb_text][\/et_pb_column][et_pb_column type=\u00bb1_4&#8243; _builder_version=\u00bb4.9.4&#8243; _module_preset=\u00bbdefault\u00bb][et_pb_video src=\u00bbhttps:\/\/www.youtube.com\/watch?v=mDSwLVf0qAI&amp;t=36s\u00bb _builder_version=\u00bb4.9.4&#8243; _module_preset=\u00bbdefault\u00bb][\/et_pb_video][\/et_pb_column][et_pb_column type=\u00bb1_4&#8243; _builder_version=\u00bb4.9.4&#8243; _module_preset=\u00bbdefault\u00bb][et_pb_image src=\u00bbhttps:\/\/www.salesianos.edu\/revistasmx\/wp-content\/uploads\/sites\/8\/2021\/04\/LOGO50ANIVERSARIO.png\u00bb title_text=\u00bbLOGO50ANIVERSARIO\u00bb _builder_version=\u00bb4.9.4&#8243; _module_preset=\u00bbdefault\u00bb custom_margin=\u00bb-28px||||false|false\u00bb custom_padding=\u00bb0px|||||\u00bb][\/et_pb_image][\/et_pb_column][\/et_pb_row][et_pb_row column_structure=\u00bb1_4,3_4&#8243; _builder_version=\u00bb4.9.4&#8243; _module_preset=\u00bbdefault\u00bb][et_pb_column type=\u00bb1_4&#8243; _builder_version=\u00bb4.9.4&#8243; _module_preset=\u00bbdefault\u00bb][et_pb_image src=\u00bbhttps:\/\/www.salesianos.edu\/revistasmx\/wp-content\/uploads\/sites\/8\/2021\/04\/Cartel-Programacion-copia.png\u00bb title_text=\u00bbCartel-Programacion copia\u00bb _builder_version=\u00bb4.9.4&#8243; _module_preset=\u00bbdefault\u00bb border_radii=\u00bbon|20px|20px|20px|20px\u00bb][\/et_pb_image][\/et_pb_column][et_pb_column type=\u00bb3_4&#8243; _builder_version=\u00bb4.9.4&#8243; _module_preset=\u00bbdefault\u00bb][et_pb_text _builder_version=\u00bb4.9.4&#8243; _module_preset=\u00bbdefault\u00bb custom_padding=\u00bb22px|||||\u00bb]<\/p>\n<div>\n<p class=\"Normal1\">En el marc dels 50 anys de pres\u00e8ncia dels <b>Salesians a Ja\u00e9n<\/b>, la Comunitat Salesiana i la Fam\u00edlia Salesiana han volgut agrair a D\u00e9u, i a l&#8217;Esgl\u00e9sia i societat de la ciutat, la seva acollida i suport. Per aix\u00f2 s&#8217;han projectat <a href=\"https:\/\/www.salesians.cat\/els-salesians-celebren-el-cinquante-aniversari-de-la-seva-presencia-a-jaen\/\">una s\u00e8rie d&#8217;actes commemoratius<\/a> d&#8217;aquesta efem\u00e8ride que s&#8217;han anat adaptant a les circumst\u00e0ncies i restriccions en cada moment. Durant els propers mesos celebraran una vetllada titulada <i>50 anys alservei dels joves<\/i> i al setembre l&#8217;acte de cloenda del Cinquantenari.<\/p>\n<\/div>\n<p>[\/et_pb_text][\/et_pb_column][\/et_pb_row][et_pb_row column_structure=\u00bb3_5,2_5&#8243; _builder_version=\u00bb4.9.4&#8243; _module_preset=\u00bbdefault\u00bb][et_pb_column type=\u00bb3_5&#8243; _builder_version=\u00bb4.9.4&#8243; _module_preset=\u00bbdefault\u00bb][et_pb_text _builder_version=\u00bb4.9.4&#8243; _module_preset=\u00bbdefault\u00bb]<\/p>\n<div>\n<h3 class=\"Normal1\"><b>Un himne per al record<\/b><\/h3>\n<\/div>\n<div>\n<div>\n<p class=\"Normal1\">El 31 de gener de 2021 la comunitat educativa de Sant Joan Bosco de Val\u00e8ncia va llan\u00e7ar un <b>himne commemoratiu<\/b> per celebrar els <b>75 anys de la pres\u00e8ncia salesiana<\/b> a la zona de Na Rovella. La comunitat <a href=\"https:\/\/www.salesians.cat\/salesians-sant-joan-bosco-de-valencia-llanca-lhimne-del-75e-aniversari-de-la-casa-salesiana\/\">va comen\u00e7ar el seu cam\u00ed el 1945<\/a>, cinc anys despr\u00e9s de la col\u00b7locaci\u00f3 de la primera pedra d&#8217;aquesta casa, situada a l&#8217;Avinguda de la Plata. Els terrenys van ser donats per Jos\u00e9 Gil del Castillo, gran amic i admirador de l&#8217;Obra Salesiana. L&#8217;activitat dels primers anys es va limitar a l&#8217;escola i a l&#8217;oratori festiu amb els nens i joves de la barriada, per aquell temps a l&#8217;extraradi urb\u00e0, envoltat d&#8217;hortes. com recordava Basilio Bustillo, salesi\u00e0 d&#8217;aquella primera comunitat: \u00abels carrers eren de fang i es podia considerar un barri de tercera classe. En ell hi havia fam i molt pocs nens anaven a l&#8217;escola \u00ab. El col\u00b7legi Salesi\u00e0 Sant Joan Bosco, des d&#8217;un primer moment, va n\u00e9ixer amb voluntat popular i va tenir una gran acceptaci\u00f3 al barri. Avui en dia, \u00e9s una pres\u00e8ncia ben consolidada. L&#8217;inicial car\u00e0cter popular l&#8217;ha acompanyat sempre i roman en l&#8217;actualitat, com un senyal d&#8217;identitat.<\/p>\n<\/div>\n<\/div>\n<p>[\/et_pb_text][\/et_pb_column][et_pb_column type=\u00bb2_5&#8243; _builder_version=\u00bb4.9.4&#8243; _module_preset=\u00bbdefault\u00bb][et_pb_video src=\u00bbhttps:\/\/www.youtube.com\/watch?v=aBmkM6KUVm0&#8243; _builder_version=\u00bb4.9.4&#8243; _module_preset=\u00bbdefault\u00bb custom_padding=\u00bb15px|||||\u00bb][\/et_pb_video][\/et_pb_column][\/et_pb_row][et_pb_row column_structure=\u00bb1_3,2_3&#8243; _builder_version=\u00bb4.9.4&#8243; _module_preset=\u00bbdefault\u00bb custom_padding=\u00bb18px|||||\u00bb][et_pb_column type=\u00bb1_3&#8243; _builder_version=\u00bb4.9.4&#8243; _module_preset=\u00bbdefault\u00bb][et_pb_image src=\u00bbhttps:\/\/www.salesianos.edu\/revistasmx\/wp-content\/uploads\/sites\/8\/2021\/04\/75aniversario_background-copia.jpg\u00bb title_text=\u00bb75aniversario_background copia\u00bb _builder_version=\u00bb4.9.4&#8243; _module_preset=\u00bbdefault\u00bb custom_padding=\u00bb17px|||||\u00bb border_radii=\u00bbon|20px|20px|20px|20px\u00bb][\/et_pb_image][\/et_pb_column][et_pb_column type=\u00bb2_3&#8243; _builder_version=\u00bb4.9.4&#8243; _module_preset=\u00bbdefault\u00bb][et_pb_text _builder_version=\u00bb4.9.4&#8243; _module_preset=\u00bbdefault\u00bb custom_padding=\u00bb22px|||||\u00bb]<\/p>\n<div>\n<h3 class=\"Normal1\"><b>Una medalla per a l&#8217;eternitat<\/b><\/h3>\n<\/div>\n<div>\n<p class=\"Normal1\">El 7 de setembre de 2020 es va fer p\u00fablica per la Junta de Portaveus de l&#8217;Ajuntament de <b>Sevilla<\/b> la proposta de les distincions honor\u00edfiques de la ciutat per a persones i entitats corresponent al 2020, entre les que es trobava el <a href=\"https:\/\/cmusanjuanbosco.es\/\"><b>Colegio Mayor San Juan Bosco<\/b><\/a><a href=\"https:\/\/cmusanjuanbosco.es\/\">.<\/a> Des de l&#8217;any 1943 els salesians <a href=\"https:\/\/www.salesianos.edu\/el-colegio-mayor-san-juan-bosco-reconocido-con-la-medalla-de-la-ciudad-de-sevilla-por-sus-75-anos-de-vida\/\">no han deixat d&#8217;acompanyar els universitaris a Sevilla a trav\u00e9s de la seva \u00abCasa\u00bb<\/a> amb un primer grup d&#8217;universitaris que van viure a la casa salesiana de San Benito de Calatrava al centre de Sevilla mentre es constru\u00efa l&#8217;edifici actual al costat del carrer Arroyo. Al llarg dels seus 75 anys d&#8217;exist\u00e8ncia, ha contribu\u00eft a enriquir la vida pol\u00edtica, acad\u00e8mica, religiosa, cultural i social amb els seus antics col\u00b7legials que han ocupat responsabilitats de grau m\u00e0xim. Ells s\u00f3n el signe evident dels valors personificats que Sant Joan Bosco va treballar amb els joves i que els seus Salesians segueixen desenvolupant.<\/p>\n<\/div>\n<p>[\/et_pb_text][\/et_pb_column][\/et_pb_row][et_pb_row _builder_version=\u00bb4.9.4&#8243; _module_preset=\u00bbdefault\u00bb custom_padding=\u00bb||102px|||\u00bb][et_pb_column type=\u00bb4_4&#8243; _builder_version=\u00bb4.9.4&#8243; _module_preset=\u00bbdefault\u00bb][et_pb_text _builder_version=\u00bb4.9.4&#8243; _module_preset=\u00bbdefault\u00bb]<\/p>\n<div>\n<p class=\"Normal1\"><span>A m\u00e9s de les pres\u00e8ncies salesianes, les Associacions de <a href=\"https:\/\/www.salesians.cat\/lassociacio-de-maria-auxiliadora-dutrera-va-celebrar-el-seu-125e-aniversari-amb-una-missa-daccio-de-gracies\/\"><b>Sevilla-Trinidad, Utrera i Rota <\/b><\/a>recordaran aquest any per la celebraci\u00f3 del seu 125\u00e8 i 50\u00e8 aniversari.\u00a0<\/span><\/p>\n<\/div>\n<div>\n<p class=\"Normal1\"><span style=\"font-size: 14px\">Aix\u00ed es viu el curs 2020\/21, un any en el qual <\/span><b style=\"font-size: 14px\">Granada, Linares i Sant Josep Artes\u00e0 d\u2019Elx<\/b><b style=\"font-size: 14px\"> <\/b><span style=\"font-size: 14px\">s&#8217;uneixen pel fruit de la seva rica hist\u00f2ria i gr\u00e0cies a la vig\u00e8ncia de l&#8217;estil de Don Bosco. Una oportunitat per recordar el passat mentre es projecta el futur amb esperan\u00e7a.<\/span><\/p>\n<\/div>\n<p>&nbsp;<\/p>\n<p>[\/et_pb_text][et_pb_gallery gallery_ids=\u00bb17339,17324,17320,17319,17317,17316,17315,17314,17311&#8243; show_title_and_caption=\u00bboff\u00bb show_pagination=\u00bboff\u00bb _builder_version=\u00bb4.9.4&#8243; custom_margin=\u00bb||-19px|||\u00bb border_radii=\u00bbon|20px|20px|20px|20px\u00bb border_width_all=\u00bb3px\u00bb border_color_all=\u00bb#dc001b\u00bb][\/et_pb_gallery][\/et_pb_column][\/et_pb_row][\/et_pb_section]<\/p>\n","protected":false},"excerpt":{"rendered":"<p>Diferents cases salesianes, entre les quals es troben Granada, Linares o Sant Josep Artes\u00e0 d&#8217;Elx, recorden les seves arrels durant la celebraci\u00f3 de les noces d&#8217;or i brillants emmarcades en aquest curs amb el comprom\u00eds intacte amb la joventut. La Inspectoria Salesiana Maria Auxiliadora encara la recta final d&#8217;un nou curs en el qual s\u2019ha [&hellip;]<\/p>\n","protected":false},"author":12,"featured_media":17381,"comment_status":"open","ping_status":"closed","sticky":false,"template":"","format":"standard","meta":{"_et_pb_use_builder":"on","_et_pb_old_content":"","_et_gb_content_width":"","footnotes":""},"categories":[53],"tags":[],"class_list":["post-17360","post","type-post","status-publish","format-standard","has-post-thumbnail","hentry","category-a-fons"],"yoast_head":"<!-- This site is optimized with the Yoast SEO plugin v27.5 - https:\/\/yoast.com\/product\/yoast-seo-wordpress\/ -->\n<title>Un hist\u00f2ria d&#039;esperan\u00e7a per mirar el futur - Revista SMX<\/title>\n<meta name=\"robots\" content=\"index, follow, max-snippet:-1, max-image-preview:large, max-video-preview:-1\" \/>\n<link rel=\"canonical\" href=\"http:\/\/www.salesianos.edu\/revistasmx\/ca\/un-historia-desperanca-per-mirar-el-futur\/\" \/>\n<meta property=\"og:locale\" content=\"es_ES\" \/>\n<meta property=\"og:type\" content=\"article\" \/>\n<meta property=\"og:title\" content=\"Un hist\u00f2ria d&#039;esperan\u00e7a per mirar el futur - Revista SMX\" \/>\n<meta property=\"og:description\" content=\"Titulo p\u00e1ginas Subtitulo 1 Lorem Ipsum es simplemente el texto de relleno de las imprentas y archivos de texto. Lorem Ipsum ha sido el texto de relleno est\u00e1ndar de las industrias desde el a\u00f1o 1500, cuando un impresor (N. del T. persona que se dedica a la imprenta) desconocido us\u00f3 una galer\u00eda de textos y [&hellip;]\" \/>\n<meta property=\"og:url\" content=\"http:\/\/www.salesianos.edu\/revistasmx\/ca\/un-historia-desperanca-per-mirar-el-futur\/\" \/>\n<meta property=\"og:site_name\" content=\"Revista SMX\" \/>\n<meta property=\"article:published_time\" content=\"2021-04-29T08:59:00+00:00\" \/>\n<meta property=\"article:modified_time\" content=\"2021-04-29T12:24:46+00:00\" \/>\n<meta property=\"og:image\" content=\"https:\/\/www.salesianos.edu\/revistasmx\/wp-content\/uploads\/sites\/8\/2021\/04\/WhatsApp-Image-2021-04-29-at-09.58.44-1-1.jpeg\" \/>\n\t<meta property=\"og:image:width\" content=\"1600\" \/>\n\t<meta property=\"og:image:height\" content=\"1200\" \/>\n\t<meta property=\"og:image:type\" content=\"image\/jpeg\" \/>\n<meta name=\"author\" content=\"joseluisgarciamoscoso\" \/>\n<meta name=\"twitter:card\" content=\"summary_large_image\" \/>\n<meta name=\"twitter:label1\" content=\"Escrito por\" \/>\n\t<meta name=\"twitter:data1\" content=\"joseluisgarciamoscoso\" \/>\n\t<meta name=\"twitter:label2\" content=\"Tiempo de lectura\" \/>\n\t<meta name=\"twitter:data2\" content=\"11 minutos\" \/>\n<script type=\"application\/ld+json\" class=\"yoast-schema-graph\">{\"@context\":\"https:\\\/\\\/schema.org\",\"@graph\":[{\"@type\":\"Article\",\"@id\":\"http:\\\/\\\/www.salesianos.edu\\\/revistasmx\\\/ca\\\/un-historia-desperanca-per-mirar-el-futur\\\/#article\",\"isPartOf\":{\"@id\":\"http:\\\/\\\/www.salesianos.edu\\\/revistasmx\\\/ca\\\/un-historia-desperanca-per-mirar-el-futur\\\/\"},\"author\":{\"name\":\"joseluisgarciamoscoso\",\"@id\":\"http:\\\/\\\/www.salesianos.edu\\\/revistasmx\\\/#\\\/schema\\\/person\\\/a1d72ee5373cce7347fb2993ba9f47d6\"},\"headline\":\"Un hist\u00f2ria d&#8217;esperan\u00e7a per mirar el futur\",\"datePublished\":\"2021-04-29T08:59:00+00:00\",\"dateModified\":\"2021-04-29T12:24:46+00:00\",\"mainEntityOfPage\":{\"@id\":\"http:\\\/\\\/www.salesianos.edu\\\/revistasmx\\\/ca\\\/un-historia-desperanca-per-mirar-el-futur\\\/\"},\"wordCount\":2180,\"commentCount\":0,\"image\":{\"@id\":\"http:\\\/\\\/www.salesianos.edu\\\/revistasmx\\\/ca\\\/un-historia-desperanca-per-mirar-el-futur\\\/#primaryimage\"},\"thumbnailUrl\":\"http:\\\/\\\/www.salesianos.edu\\\/revistasmx\\\/wp-content\\\/uploads\\\/sites\\\/8\\\/2021\\\/04\\\/WhatsApp-Image-2021-04-29-at-09.58.44-1-1.jpeg\",\"articleSection\":[\"A FONS\"],\"inLanguage\":\"es\",\"potentialAction\":[{\"@type\":\"CommentAction\",\"name\":\"Comment\",\"target\":[\"http:\\\/\\\/www.salesianos.edu\\\/revistasmx\\\/ca\\\/un-historia-desperanca-per-mirar-el-futur\\\/#respond\"]}]},{\"@type\":\"WebPage\",\"@id\":\"http:\\\/\\\/www.salesianos.edu\\\/revistasmx\\\/ca\\\/un-historia-desperanca-per-mirar-el-futur\\\/\",\"url\":\"http:\\\/\\\/www.salesianos.edu\\\/revistasmx\\\/ca\\\/un-historia-desperanca-per-mirar-el-futur\\\/\",\"name\":\"Un hist\u00f2ria d'esperan\u00e7a per mirar el futur - Revista SMX\",\"isPartOf\":{\"@id\":\"http:\\\/\\\/www.salesianos.edu\\\/revistasmx\\\/#website\"},\"primaryImageOfPage\":{\"@id\":\"http:\\\/\\\/www.salesianos.edu\\\/revistasmx\\\/ca\\\/un-historia-desperanca-per-mirar-el-futur\\\/#primaryimage\"},\"image\":{\"@id\":\"http:\\\/\\\/www.salesianos.edu\\\/revistasmx\\\/ca\\\/un-historia-desperanca-per-mirar-el-futur\\\/#primaryimage\"},\"thumbnailUrl\":\"http:\\\/\\\/www.salesianos.edu\\\/revistasmx\\\/wp-content\\\/uploads\\\/sites\\\/8\\\/2021\\\/04\\\/WhatsApp-Image-2021-04-29-at-09.58.44-1-1.jpeg\",\"datePublished\":\"2021-04-29T08:59:00+00:00\",\"dateModified\":\"2021-04-29T12:24:46+00:00\",\"author\":{\"@id\":\"http:\\\/\\\/www.salesianos.edu\\\/revistasmx\\\/#\\\/schema\\\/person\\\/a1d72ee5373cce7347fb2993ba9f47d6\"},\"breadcrumb\":{\"@id\":\"http:\\\/\\\/www.salesianos.edu\\\/revistasmx\\\/ca\\\/un-historia-desperanca-per-mirar-el-futur\\\/#breadcrumb\"},\"inLanguage\":\"es\",\"potentialAction\":[{\"@type\":\"ReadAction\",\"target\":[\"http:\\\/\\\/www.salesianos.edu\\\/revistasmx\\\/ca\\\/un-historia-desperanca-per-mirar-el-futur\\\/\"]}]},{\"@type\":\"ImageObject\",\"inLanguage\":\"es\",\"@id\":\"http:\\\/\\\/www.salesianos.edu\\\/revistasmx\\\/ca\\\/un-historia-desperanca-per-mirar-el-futur\\\/#primaryimage\",\"url\":\"http:\\\/\\\/www.salesianos.edu\\\/revistasmx\\\/wp-content\\\/uploads\\\/sites\\\/8\\\/2021\\\/04\\\/WhatsApp-Image-2021-04-29-at-09.58.44-1-1.jpeg\",\"contentUrl\":\"http:\\\/\\\/www.salesianos.edu\\\/revistasmx\\\/wp-content\\\/uploads\\\/sites\\\/8\\\/2021\\\/04\\\/WhatsApp-Image-2021-04-29-at-09.58.44-1-1.jpeg\",\"width\":1600,\"height\":1200},{\"@type\":\"BreadcrumbList\",\"@id\":\"http:\\\/\\\/www.salesianos.edu\\\/revistasmx\\\/ca\\\/un-historia-desperanca-per-mirar-el-futur\\\/#breadcrumb\",\"itemListElement\":[{\"@type\":\"ListItem\",\"position\":1,\"name\":\"Portada\",\"item\":\"https:\\\/\\\/www.salesianos.edu\\\/revistasmx\\\/\"},{\"@type\":\"ListItem\",\"position\":2,\"name\":\"Un hist\u00f2ria d&#8217;esperan\u00e7a per mirar el futur\"}]},{\"@type\":\"WebSite\",\"@id\":\"http:\\\/\\\/www.salesianos.edu\\\/revistasmx\\\/#website\",\"url\":\"http:\\\/\\\/www.salesianos.edu\\\/revistasmx\\\/\",\"name\":\"Revista SMX\",\"description\":\"P\u00e1gina oficial de Inspector\u00eda Salesiana Mar\u00eda Auxiliadora\",\"potentialAction\":[{\"@type\":\"SearchAction\",\"target\":{\"@type\":\"EntryPoint\",\"urlTemplate\":\"http:\\\/\\\/www.salesianos.edu\\\/revistasmx\\\/?s={search_term_string}\"},\"query-input\":{\"@type\":\"PropertyValueSpecification\",\"valueRequired\":true,\"valueName\":\"search_term_string\"}}],\"inLanguage\":\"es\"},{\"@type\":\"Person\",\"@id\":\"http:\\\/\\\/www.salesianos.edu\\\/revistasmx\\\/#\\\/schema\\\/person\\\/a1d72ee5373cce7347fb2993ba9f47d6\",\"name\":\"joseluisgarciamoscoso\",\"image\":{\"@type\":\"ImageObject\",\"inLanguage\":\"es\",\"@id\":\"https:\\\/\\\/secure.gravatar.com\\\/avatar\\\/3fda3a0b2db3bc9a39871e47cbd526b42d6c3b74755b7ae1400a87b2913fea6a?s=96&d=mm&r=g\",\"url\":\"https:\\\/\\\/secure.gravatar.com\\\/avatar\\\/3fda3a0b2db3bc9a39871e47cbd526b42d6c3b74755b7ae1400a87b2913fea6a?s=96&d=mm&r=g\",\"contentUrl\":\"https:\\\/\\\/secure.gravatar.com\\\/avatar\\\/3fda3a0b2db3bc9a39871e47cbd526b42d6c3b74755b7ae1400a87b2913fea6a?s=96&d=mm&r=g\",\"caption\":\"joseluisgarciamoscoso\"}}]}<\/script>\n<!-- \/ Yoast SEO plugin. -->","yoast_head_json":{"title":"Un hist\u00f2ria d'esperan\u00e7a per mirar el futur - Revista SMX","robots":{"index":"index","follow":"follow","max-snippet":"max-snippet:-1","max-image-preview":"max-image-preview:large","max-video-preview":"max-video-preview:-1"},"canonical":"http:\/\/www.salesianos.edu\/revistasmx\/ca\/un-historia-desperanca-per-mirar-el-futur\/","og_locale":"es_ES","og_type":"article","og_title":"Un hist\u00f2ria d'esperan\u00e7a per mirar el futur - Revista SMX","og_description":"Titulo p\u00e1ginas Subtitulo 1 Lorem Ipsum es simplemente el texto de relleno de las imprentas y archivos de texto. Lorem Ipsum ha sido el texto de relleno est\u00e1ndar de las industrias desde el a\u00f1o 1500, cuando un impresor (N. del T. persona que se dedica a la imprenta) desconocido us\u00f3 una galer\u00eda de textos y [&hellip;]","og_url":"http:\/\/www.salesianos.edu\/revistasmx\/ca\/un-historia-desperanca-per-mirar-el-futur\/","og_site_name":"Revista SMX","article_published_time":"2021-04-29T08:59:00+00:00","article_modified_time":"2021-04-29T12:24:46+00:00","og_image":[{"width":1600,"height":1200,"url":"https:\/\/www.salesianos.edu\/revistasmx\/wp-content\/uploads\/sites\/8\/2021\/04\/WhatsApp-Image-2021-04-29-at-09.58.44-1-1.jpeg","type":"image\/jpeg"}],"author":"joseluisgarciamoscoso","twitter_card":"summary_large_image","twitter_misc":{"Escrito por":"joseluisgarciamoscoso","Tiempo de lectura":"11 minutos"},"schema":{"@context":"https:\/\/schema.org","@graph":[{"@type":"Article","@id":"http:\/\/www.salesianos.edu\/revistasmx\/ca\/un-historia-desperanca-per-mirar-el-futur\/#article","isPartOf":{"@id":"http:\/\/www.salesianos.edu\/revistasmx\/ca\/un-historia-desperanca-per-mirar-el-futur\/"},"author":{"name":"joseluisgarciamoscoso","@id":"http:\/\/www.salesianos.edu\/revistasmx\/#\/schema\/person\/a1d72ee5373cce7347fb2993ba9f47d6"},"headline":"Un hist\u00f2ria d&#8217;esperan\u00e7a per mirar el futur","datePublished":"2021-04-29T08:59:00+00:00","dateModified":"2021-04-29T12:24:46+00:00","mainEntityOfPage":{"@id":"http:\/\/www.salesianos.edu\/revistasmx\/ca\/un-historia-desperanca-per-mirar-el-futur\/"},"wordCount":2180,"commentCount":0,"image":{"@id":"http:\/\/www.salesianos.edu\/revistasmx\/ca\/un-historia-desperanca-per-mirar-el-futur\/#primaryimage"},"thumbnailUrl":"http:\/\/www.salesianos.edu\/revistasmx\/wp-content\/uploads\/sites\/8\/2021\/04\/WhatsApp-Image-2021-04-29-at-09.58.44-1-1.jpeg","articleSection":["A FONS"],"inLanguage":"es","potentialAction":[{"@type":"CommentAction","name":"Comment","target":["http:\/\/www.salesianos.edu\/revistasmx\/ca\/un-historia-desperanca-per-mirar-el-futur\/#respond"]}]},{"@type":"WebPage","@id":"http:\/\/www.salesianos.edu\/revistasmx\/ca\/un-historia-desperanca-per-mirar-el-futur\/","url":"http:\/\/www.salesianos.edu\/revistasmx\/ca\/un-historia-desperanca-per-mirar-el-futur\/","name":"Un hist\u00f2ria d'esperan\u00e7a per mirar el futur - Revista SMX","isPartOf":{"@id":"http:\/\/www.salesianos.edu\/revistasmx\/#website"},"primaryImageOfPage":{"@id":"http:\/\/www.salesianos.edu\/revistasmx\/ca\/un-historia-desperanca-per-mirar-el-futur\/#primaryimage"},"image":{"@id":"http:\/\/www.salesianos.edu\/revistasmx\/ca\/un-historia-desperanca-per-mirar-el-futur\/#primaryimage"},"thumbnailUrl":"http:\/\/www.salesianos.edu\/revistasmx\/wp-content\/uploads\/sites\/8\/2021\/04\/WhatsApp-Image-2021-04-29-at-09.58.44-1-1.jpeg","datePublished":"2021-04-29T08:59:00+00:00","dateModified":"2021-04-29T12:24:46+00:00","author":{"@id":"http:\/\/www.salesianos.edu\/revistasmx\/#\/schema\/person\/a1d72ee5373cce7347fb2993ba9f47d6"},"breadcrumb":{"@id":"http:\/\/www.salesianos.edu\/revistasmx\/ca\/un-historia-desperanca-per-mirar-el-futur\/#breadcrumb"},"inLanguage":"es","potentialAction":[{"@type":"ReadAction","target":["http:\/\/www.salesianos.edu\/revistasmx\/ca\/un-historia-desperanca-per-mirar-el-futur\/"]}]},{"@type":"ImageObject","inLanguage":"es","@id":"http:\/\/www.salesianos.edu\/revistasmx\/ca\/un-historia-desperanca-per-mirar-el-futur\/#primaryimage","url":"http:\/\/www.salesianos.edu\/revistasmx\/wp-content\/uploads\/sites\/8\/2021\/04\/WhatsApp-Image-2021-04-29-at-09.58.44-1-1.jpeg","contentUrl":"http:\/\/www.salesianos.edu\/revistasmx\/wp-content\/uploads\/sites\/8\/2021\/04\/WhatsApp-Image-2021-04-29-at-09.58.44-1-1.jpeg","width":1600,"height":1200},{"@type":"BreadcrumbList","@id":"http:\/\/www.salesianos.edu\/revistasmx\/ca\/un-historia-desperanca-per-mirar-el-futur\/#breadcrumb","itemListElement":[{"@type":"ListItem","position":1,"name":"Portada","item":"https:\/\/www.salesianos.edu\/revistasmx\/"},{"@type":"ListItem","position":2,"name":"Un hist\u00f2ria d&#8217;esperan\u00e7a per mirar el futur"}]},{"@type":"WebSite","@id":"http:\/\/www.salesianos.edu\/revistasmx\/#website","url":"http:\/\/www.salesianos.edu\/revistasmx\/","name":"Revista SMX","description":"P\u00e1gina oficial de Inspector\u00eda Salesiana Mar\u00eda Auxiliadora","potentialAction":[{"@type":"SearchAction","target":{"@type":"EntryPoint","urlTemplate":"http:\/\/www.salesianos.edu\/revistasmx\/?s={search_term_string}"},"query-input":{"@type":"PropertyValueSpecification","valueRequired":true,"valueName":"search_term_string"}}],"inLanguage":"es"},{"@type":"Person","@id":"http:\/\/www.salesianos.edu\/revistasmx\/#\/schema\/person\/a1d72ee5373cce7347fb2993ba9f47d6","name":"joseluisgarciamoscoso","image":{"@type":"ImageObject","inLanguage":"es","@id":"https:\/\/secure.gravatar.com\/avatar\/3fda3a0b2db3bc9a39871e47cbd526b42d6c3b74755b7ae1400a87b2913fea6a?s=96&d=mm&r=g","url":"https:\/\/secure.gravatar.com\/avatar\/3fda3a0b2db3bc9a39871e47cbd526b42d6c3b74755b7ae1400a87b2913fea6a?s=96&d=mm&r=g","contentUrl":"https:\/\/secure.gravatar.com\/avatar\/3fda3a0b2db3bc9a39871e47cbd526b42d6c3b74755b7ae1400a87b2913fea6a?s=96&d=mm&r=g","caption":"joseluisgarciamoscoso"}}]}},"_links":{"self":[{"href":"http:\/\/www.salesianos.edu\/revistasmx\/wp-json\/wp\/v2\/posts\/17360","targetHints":{"allow":["GET"]}}],"collection":[{"href":"http:\/\/www.salesianos.edu\/revistasmx\/wp-json\/wp\/v2\/posts"}],"about":[{"href":"http:\/\/www.salesianos.edu\/revistasmx\/wp-json\/wp\/v2\/types\/post"}],"author":[{"embeddable":true,"href":"http:\/\/www.salesianos.edu\/revistasmx\/wp-json\/wp\/v2\/users\/12"}],"replies":[{"embeddable":true,"href":"http:\/\/www.salesianos.edu\/revistasmx\/wp-json\/wp\/v2\/comments?post=17360"}],"version-history":[{"count":4,"href":"http:\/\/www.salesianos.edu\/revistasmx\/wp-json\/wp\/v2\/posts\/17360\/revisions"}],"predecessor-version":[{"id":17474,"href":"http:\/\/www.salesianos.edu\/revistasmx\/wp-json\/wp\/v2\/posts\/17360\/revisions\/17474"}],"wp:featuredmedia":[{"embeddable":true,"href":"http:\/\/www.salesianos.edu\/revistasmx\/wp-json\/wp\/v2\/media\/17381"}],"wp:attachment":[{"href":"http:\/\/www.salesianos.edu\/revistasmx\/wp-json\/wp\/v2\/media?parent=17360"}],"wp:term":[{"taxonomy":"category","embeddable":true,"href":"http:\/\/www.salesianos.edu\/revistasmx\/wp-json\/wp\/v2\/categories?post=17360"},{"taxonomy":"post_tag","embeddable":true,"href":"http:\/\/www.salesianos.edu\/revistasmx\/wp-json\/wp\/v2\/tags?post=17360"}],"curies":[{"name":"wp","href":"https:\/\/api.w.org\/{rel}","templated":true}]}}