{"id":17308,"date":"2021-04-29T10:42:27","date_gmt":"2021-04-29T08:42:27","guid":{"rendered":"https:\/\/www.salesianos.edu\/revistasmx\/?p=17308"},"modified":"2021-04-29T14:30:26","modified_gmt":"2021-04-29T12:30:26","slug":"un-historia-de-esperanza-para-mirar-al-futuro","status":"publish","type":"post","link":"http:\/\/www.salesianos.edu\/revistasmx\/un-historia-de-esperanza-para-mirar-al-futuro\/","title":{"rendered":"Una historia de esperanza para mirar al futuro"},"content":{"rendered":"<div id=\"fb-root\"><\/div>\n<p>[et_pb_section fb_built=\u00bb1&#8243; _builder_version=\u00bb4.9.4&#8243; _module_preset=\u00bbdefault\u00bb][et_pb_row _builder_version=\u00bb4.9.4&#8243; _module_preset=\u00bbdefault\u00bb][et_pb_column type=\u00bb4_4&#8243; _builder_version=\u00bb4.9.4&#8243; _module_preset=\u00bbdefault\u00bb][et_pb_text _builder_version=\u00bb4.9.4&#8243; _module_preset=\u00bbdefault\u00bb]<\/p>\n<p><b>La Inspector\u00eda Salesiana Mar\u00eda Auxiliadora encara la recta final de un nuevo curso en el que se volvi\u00f3 a bailar al ritmo marcado por la pandemia, pero que no impidi\u00f3 celebrar la vida y la historia salesiana en distintos puntos de Espa\u00f1a. Aunque dentro de este conjunto hay varias casas que tienen el curso actual se\u00f1alado en rojo por un motivo especial. <\/b><b>Granada, Linares y San Jos\u00e9 Artesano de Elche <\/b><b>festejan sus <\/b><b>50 y 75 a\u00f1os<\/b><b>; unas bodas de oro y brillantes que reflejan el vigente compromiso salesiano con la juventud. Otras casas salesianas contin\u00faan las celebraciones que comenzaron en 2019 y que, debido a las restricciones sanitarias, debieron posponerse o alargarse en el tiempo; como es el caso de <\/b><b>Ja\u00e9n, Juan XXIII de Alcoy, San Juan Bosco de Valencia o el Colegio Mayor Universitario San Juan Bosco de Sevilla.<\/b><\/p>\n<p>[\/et_pb_text][\/et_pb_column][\/et_pb_row][et_pb_row column_structure=\u00bb1_3,2_3&#8243; _builder_version=\u00bb4.9.4&#8243; _module_preset=\u00bbdefault\u00bb][et_pb_column type=\u00bb1_3&#8243; _builder_version=\u00bb4.9.4&#8243; _module_preset=\u00bbdefault\u00bb][et_pb_image src=\u00bbhttps:\/\/www.salesianos.edu\/revistasmx\/wp-content\/uploads\/sites\/8\/2021\/04\/WhatsApp-Image-2021-02-03-at-10.50.38.jpeg\u00bb title_text=\u00bbWhatsApp Image 2021-02-03 at 10.50.38&#8243; _builder_version=\u00bb4.9.4&#8243; _module_preset=\u00bbdefault\u00bb][\/et_pb_image][\/et_pb_column][et_pb_column type=\u00bb2_3&#8243; _builder_version=\u00bb4.9.4&#8243; _module_preset=\u00bbdefault\u00bb][et_pb_text _builder_version=\u00bb4.9.4&#8243; _module_preset=\u00bbdefault\u00bb]<\/p>\n<p><span style=\"font-weight: 400\">Para <\/span><b>Marco Antonio Romero<\/b><span style=\"font-weight: 400\">, director de <\/span><b>Salesianos Granada<\/b><span style=\"font-weight: 400\">, \u201ccualquier aniversario supone reconocer una historia pasada\u201d. En este caso se trata de la historia de un inmenso puzle de personas que han contribuido a escribir<\/span><a href=\"https:\/\/www.salesianos.edu\/granada-comienza-la-celebracion-del-75-aniversario\/\"><span style=\"font-weight: 400\"> 75 a\u00f1os de historia<\/span><\/a><span style=\"font-weight: 400\"> salesiana en la ciudad de Granada. \u201cA pesar de haber tenido momentos dif\u00edciles, como en cualquier familia, tambi\u00e9n en nuestra historia salesiana han brillado m\u00e1s los momentos que Dios ha ido inspirando en cada persona que en el ir pasando de los a\u00f1os, han hecho posible el entusiasmante presente que estamos viviendo a pesar de la pandemia. Un presente con casi 1300 alumnos, 80 trabajadores, una inmensa familia salesiana, y un barrio lleno de j\u00f3venes que siguen demandando una respuesta salesiana actualizada a los problemas a los que hoy se tienen que enfrentar para conseguir hacer realidad sus sue\u00f1os juveniles\u201d explica.<\/span><\/p>\n<p><b><i>Debido a la pandemia han tenido que ser muy prudentes. Para la ocasi\u00f3n han aprobado una programaci\u00f3n de actos sin fechas cerradas, para ir haciendo lo que se pueda seg\u00fan las medidas sanitarias lo van permitiendo.<\/i><\/b> <span style=\"font-weight: 400\">Han podido escoger un logotipo conmemorativo, decorar el colegio con banderas, grabar algunos documentales e ir preparando un libro sobre la historia de la casa. Les falta una inauguraci\u00f3n oficial del 75 aniversario, que si no pueden hacerla antes de acabar el curso, se realizar\u00e1 en el mes de septiembre. <\/span><b><i>\u201cLo importante de todo es que la gente est\u00e1 en modo acci\u00f3n de gracias, reconociendo que todo lo que se ha ido realizando ha sido una contribuci\u00f3n para una historia muy salesiana.\u201d <\/i><\/b><span style=\"font-weight: 400\">concluye el salesiano.<\/span><\/p>\n<p>[\/et_pb_text][\/et_pb_column][\/et_pb_row][et_pb_row column_structure=\u00bb2_3,1_3&#8243; _builder_version=\u00bb4.9.4&#8243; _module_preset=\u00bbdefault\u00bb][et_pb_column type=\u00bb2_3&#8243; _builder_version=\u00bb4.9.4&#8243; _module_preset=\u00bbdefault\u00bb][et_pb_text _builder_version=\u00bb4.9.4&#8243; _module_preset=\u00bbdefault\u00bb]<\/p>\n<p><span style=\"font-weight: 400\">Para todos los miembros la Comunidad Educativa de <\/span><b>Salesianos Linares<\/b><span style=\"font-weight: 400\"> tambi\u00e9n es <a href=\"https:\/\/www.salesianos.edu\/la-familia-salesiana-linarense-conmemora-el-medio-siglo-de-vida-del-colegio-san-agustin\/\">una <\/a><\/span><a href=\"https:\/\/www.salesianos.edu\/la-familia-salesiana-linarense-conmemora-el-medio-siglo-de-vida-del-colegio-san-agustin\/\"><span style=\"font-weight: 400\">gran satisfacci\u00f3n esta celebraci\u00f3n.<\/span><\/a><span style=\"font-weight: 400\"> Con ella quieren dar gracias a Dios por los beneficios recibidos; hacer memoria de muchas personas que han gastado su vida en la educaci\u00f3n de ni\u00f1os y j\u00f3venes; proyectar en la ciudad la vida que esta casa sigue teniendo en el campo educativo-pastoral y renovar la ilusi\u00f3n y el compromiso de\u00a0 todos los implicados en desarrollar y seguir dando vida a este gran proyecto durante muchos a\u00f1os m\u00e1s.\u00a0<\/span><\/p>\n<p><span style=\"font-weight: 400\">Teodoro Castillejo, director de la presencia salesiana, explica que est\u00e1n viviendo el aniversario con mucha ilusi\u00f3n e implicaci\u00f3n por parte de todos los que forman parte de la gran Familia Salesiana de Linares y por toda la ciudad jiennense. <\/span><b><i>\u201cLas dificultades que est\u00e1 provocando la pandemia para desarrollar todos los actos multitudinarios programados se afrontan con \u00e1nimo renovado y creatividad\u201d <\/i><\/b><b>a\u00f1ade. <\/b><\/p>\n<p>[\/et_pb_text][\/et_pb_column][et_pb_column type=\u00bb1_3&#8243; _builder_version=\u00bb4.9.4&#8243; _module_preset=\u00bbdefault\u00bb][et_pb_image src=\u00bbhttps:\/\/www.salesianos.edu\/revistasmx\/wp-content\/uploads\/sites\/8\/2021\/04\/Unknown.jpeg\u00bb title_text=\u00bbUnknown\u00bb _builder_version=\u00bb4.9.4&#8243; _module_preset=\u00bbdefault\u00bb][\/et_pb_image][\/et_pb_column][\/et_pb_row][et_pb_row column_structure=\u00bb1_4,3_4&#8243; _builder_version=\u00bb4.9.4&#8243; _module_preset=\u00bbdefault\u00bb custom_padding=\u00bb18px|||||\u00bb][et_pb_column type=\u00bb1_4&#8243; _builder_version=\u00bb4.9.4&#8243; _module_preset=\u00bbdefault\u00bb][et_pb_image src=\u00bbhttps:\/\/www.salesianos.edu\/revistasmx\/wp-content\/uploads\/sites\/8\/2021\/04\/a12dce3c-c023-4f88-82b3-078384d06e62-e1619685610535.jpg\u00bb title_text=\u00bba12dce3c-c023-4f88-82b3-078384d06e62&#8243; _builder_version=\u00bb4.9.4&#8243; _module_preset=\u00bbdefault\u00bb border_radii=\u00bbon|20px|20px|20px|20px\u00bb][\/et_pb_image][\/et_pb_column][et_pb_column type=\u00bb3_4&#8243; _builder_version=\u00bb4.9.4&#8243; _module_preset=\u00bbdefault\u00bb][et_pb_text _builder_version=\u00bb4.9.4&#8243; _module_preset=\u00bbdefault\u00bb custom_padding=\u00bb22px|||||\u00bb]<\/p>\n<p><span style=\"font-weight: 400\">Por otra parte, en <\/span><b>Salesianos San Jos\u00e9 Artesano de Elche<\/b><span style=\"font-weight: 400\"> celebran 50 a\u00f1os llenos de buenas<\/span> <span style=\"font-weight: 400\">experiencias educativas; de servicio a los j\u00f3venes y a la sociedad. \u201cEs algo que merece la pena ser celebrado para proyectar el futuro\u201d afirma el director de Salesianos Elche, <\/span><b>Miguel Gamb\u00edn<\/b><span style=\"font-weight: 400\">. Debido a la pandemia la celebraci\u00f3n va a ser muy reducida, pero en la Formaci\u00f3n Profesional esto se est\u00e1 viviendo muy intensamente, pues los profesores y alumnos de diferentes especialidades est\u00e1n volcados en la r<\/span><span style=\"font-weight: 400\">ealizaci\u00f3n de un monumento <\/span><span style=\"font-weight: 400\">que se entregar\u00e1\u00a0 a la ciudad\u201d, explica. <\/span><\/p>\n<p>[\/et_pb_text][\/et_pb_column][\/et_pb_row][et_pb_row column_structure=\u00bb1_2,1_4,1_4&#8243; _builder_version=\u00bb4.9.4&#8243; _module_preset=\u00bbdefault\u00bb][et_pb_column type=\u00bb1_2&#8243; _builder_version=\u00bb4.9.4&#8243; _module_preset=\u00bbdefault\u00bb][et_pb_text _builder_version=\u00bb4.9.4&#8243; _module_preset=\u00bbdefault\u00bb hover_enabled=\u00bb0&#8243; sticky_enabled=\u00bb0&#8243;]<\/p>\n<p><span style=\"font-weight: 400\">Para <\/span><b>Jorge Pastor<\/b><span style=\"font-weight: 400\">, director del colegio <\/span><b>Salesianos Juan XXIII de Alcoy, <\/b><span style=\"font-weight: 400\">celebrar cinco d\u00e9cadas supone <\/span><span style=\"font-weight: 400\">echar la vista atr\u00e1s en se\u00f1al de agradecimiento<\/span><span style=\"font-weight: 400\"> a aqu\u00e9llos que han formado parte de esta bonita realidad y poner la vista, tambi\u00e9n, en el futuro. La pandemia ha impedido realizar actos de p\u00fablica concurrencia. No obstante, el aniversario ha estado presente entre los miembros de la comunidad educativa. <\/span><b><i>\u201cSobretodo ha servido para poner en valor y recordar lo mucho que ha hecho esta casa en sus primeros 50 a\u00f1os de vida: recordar momentos, an\u00e9cdotas y actividades, muchas de ellas, en las que hemos sido pioneros, como la apuesta por los antiguos PGS. Ha supuesto en definitiva un aliciente para reconocer el trabajo realizado.\u201d <\/i><\/b><span style=\"font-weight: 400\">a\u00f1ade.<\/span><\/p>\n<p>[\/et_pb_text][\/et_pb_column][et_pb_column type=\u00bb1_4&#8243; _builder_version=\u00bb4.9.4&#8243; _module_preset=\u00bbdefault\u00bb][et_pb_video src=\u00bbhttps:\/\/www.youtube.com\/watch?v=mDSwLVf0qAI&amp;t=36s\u00bb _builder_version=\u00bb4.9.4&#8243; _module_preset=\u00bbdefault\u00bb][\/et_pb_video][\/et_pb_column][et_pb_column type=\u00bb1_4&#8243; _builder_version=\u00bb4.9.4&#8243; _module_preset=\u00bbdefault\u00bb][et_pb_image src=\u00bbhttps:\/\/www.salesianos.edu\/revistasmx\/wp-content\/uploads\/sites\/8\/2021\/04\/LOGO50ANIVERSARIO.png\u00bb title_text=\u00bbLOGO50ANIVERSARIO\u00bb _builder_version=\u00bb4.9.4&#8243; _module_preset=\u00bbdefault\u00bb custom_margin=\u00bb-28px||||false|false\u00bb custom_padding=\u00bb0px|||||\u00bb][\/et_pb_image][\/et_pb_column][\/et_pb_row][et_pb_row column_structure=\u00bb1_4,3_4&#8243; _builder_version=\u00bb4.9.4&#8243; _module_preset=\u00bbdefault\u00bb][et_pb_column type=\u00bb1_4&#8243; _builder_version=\u00bb4.9.4&#8243; _module_preset=\u00bbdefault\u00bb][et_pb_image src=\u00bbhttps:\/\/www.salesianos.edu\/revistasmx\/wp-content\/uploads\/sites\/8\/2021\/04\/Cartel-Programacion-copia.png\u00bb title_text=\u00bbCartel-Programacion copia\u00bb _builder_version=\u00bb4.9.4&#8243; _module_preset=\u00bbdefault\u00bb border_radii=\u00bbon|20px|20px|20px|20px\u00bb][\/et_pb_image][\/et_pb_column][et_pb_column type=\u00bb3_4&#8243; _builder_version=\u00bb4.9.4&#8243; _module_preset=\u00bbdefault\u00bb][et_pb_text _builder_version=\u00bb4.9.4&#8243; _module_preset=\u00bbdefault\u00bb custom_padding=\u00bb22px|||||\u00bb]<\/p>\n<p><span style=\"font-weight: 400\">En el marco de los 50 a\u00f1os de presencia de los <\/span><b>Salesianos en Ja\u00e9n<\/b><span style=\"font-weight: 400\">, la Comunidad Salesiana y la Familia Salesiana han querido agradecer a Dios, y a la Iglesia y sociedad de la ciudad de Ja\u00e9n, su acogida y apoyo. Para ello se han proyectado <a href=\"https:\/\/www.salesianos.edu\/los-salesianos-celebra-el-cincuenta-aniversario-de-su-presencia-en-jaen\/\">u<\/a><\/span><a href=\"https:\/\/www.salesianos.edu\/los-salesianos-celebra-el-cincuenta-aniversario-de-su-presencia-en-jaen\/\"><span style=\"font-weight: 400\">na serie de actos conmemorativos de esta efem\u00e9ride<\/span><\/a><span style=\"font-weight: 400\"> que se han ido adaptando a las circunstancias y restricciones en cada momento. Durante los pr\u00f3ximos meses celebrar\u00e1n una velada titulada \u201850 a\u00f1os al servicio de los j\u00f3venes\u2019 y en septiembre el acto de clausura del Cincuentenario.<\/span><\/p>\n<p>[\/et_pb_text][\/et_pb_column][\/et_pb_row][et_pb_row column_structure=\u00bb3_5,2_5&#8243; _builder_version=\u00bb4.9.4&#8243; _module_preset=\u00bbdefault\u00bb][et_pb_column type=\u00bb3_5&#8243; _builder_version=\u00bb4.9.4&#8243; _module_preset=\u00bbdefault\u00bb][et_pb_text _builder_version=\u00bb4.9.4&#8243; _module_preset=\u00bbdefault\u00bb]<\/p>\n<h3><b>Un himno para el recuerdo\u00a0<\/b><\/h3>\n<p><span style=\"font-weight: 400\">El 31 de enero de 2021 la comunidad educativa de San Juan Bosco de Valencia lanz\u00f3 un <\/span><b>himno conmemorativo<\/b><span style=\"font-weight: 400\"> para celebrar los <\/span><b>75 a\u00f1os de la presencia<\/b><span style=\"font-weight: 400\"> salesiana en la zona de Na Rovella. La comunidad salesiana <\/span><a href=\"https:\/\/www.salesianos.edu\/salesianos-san-juan-bosco-de-valencia-lanza-el-himno-del-75-aniversario-de-la-casa-salesiana\/\"><span style=\"font-weight: 400\">comenz\u00f3 su andadura en 1945<\/span><\/a><span style=\"font-weight: 400\">, cinco a\u00f1os despu\u00e9s de la colocaci\u00f3n de la primera piedra de esta Casa, sita en la Avenida de la Plata. Los terrenos fueron donados por Jos\u00e9 Gil del Castillo, gran amigo y admirador de la Obra Salesiana. <\/span><span style=\"font-weight: 400\">La actividad de los primeros a\u00f1os se limit\u00f3 al colegio y al oratorio festivo con los ni\u00f1os y j\u00f3venes de la barriada, en aquel entonces en el extrarradio urbano, rodeado de huertas. Como recordaba Basilio Bustillo, salesiano de aquella primera comunidad: \u201clas calles eran de barro y se pod\u00eda considerar un barrio de tercera clase. En \u00e9l hab\u00eda hambre y muy pocos ni\u00f1os iban a la escuela\u201d.\u00a0 El colegio Salesiano San Juan Bosco, desde un primer momento naci\u00f3 con voluntad popular y tuvo una gran aceptaci\u00f3n en el barrio. <\/span><span style=\"font-weight: 400\">Hoy en d\u00eda, es una presencia bien consolidada. El inicial car\u00e1cter popular le ha acompa\u00f1ado siempre y permanece en la actualidad, como una se\u00f1al de identidad.<\/span><\/p>\n<p>[\/et_pb_text][\/et_pb_column][et_pb_column type=\u00bb2_5&#8243; _builder_version=\u00bb4.9.4&#8243; _module_preset=\u00bbdefault\u00bb][et_pb_video src=\u00bbhttps:\/\/www.youtube.com\/watch?v=aBmkM6KUVm0&#8243; _builder_version=\u00bb4.9.4&#8243; _module_preset=\u00bbdefault\u00bb custom_padding=\u00bb15px|||||\u00bb][\/et_pb_video][\/et_pb_column][\/et_pb_row][et_pb_row column_structure=\u00bb1_3,2_3&#8243; _builder_version=\u00bb4.9.4&#8243; _module_preset=\u00bbdefault\u00bb custom_padding=\u00bb18px|||||\u00bb][et_pb_column type=\u00bb1_3&#8243; _builder_version=\u00bb4.9.4&#8243; _module_preset=\u00bbdefault\u00bb][et_pb_image src=\u00bbhttps:\/\/www.salesianos.edu\/revistasmx\/wp-content\/uploads\/sites\/8\/2021\/04\/75aniversario_background-copia.jpg\u00bb title_text=\u00bb75aniversario_background copia\u00bb _builder_version=\u00bb4.9.4&#8243; _module_preset=\u00bbdefault\u00bb custom_padding=\u00bb17px|||||\u00bb border_radii=\u00bbon|20px|20px|20px|20px\u00bb][\/et_pb_image][\/et_pb_column][et_pb_column type=\u00bb2_3&#8243; _builder_version=\u00bb4.9.4&#8243; _module_preset=\u00bbdefault\u00bb][et_pb_text _builder_version=\u00bb4.9.4&#8243; _module_preset=\u00bbdefault\u00bb custom_padding=\u00bb22px|||||\u00bb]<\/p>\n<h3><b>Una medalla para la eternidad<\/b><\/h3>\n<p><span style=\"font-weight: 400\">El 7 de septiembre de 2020 se hizo p\u00fablico por la Junta de Portavoces del Ayuntamiento de <\/span><b>Sevilla<\/b><span style=\"font-weight: 400\"> la propuesta de las distinciones honor\u00edficas de la ciudad para personas y entidades correspondiente a 2020 entre las que se encuentra el <\/span><a href=\"https:\/\/cmusanjuanbosco.es\/\"><b>Colegio Mayor San Juan Bosco<\/b><span style=\"font-weight: 400\">.<\/span><\/a><span style=\"font-weight: 400\"> Desde el a\u00f1o 1943 los salesianos <\/span><a href=\"https:\/\/www.salesianos.edu\/el-colegio-mayor-san-juan-bosco-reconocido-con-la-medalla-de-la-ciudad-de-sevilla-por-sus-75-anos-de-vida\/\"><span style=\"font-weight: 400\">no han dejado de acompa\u00f1ar a los universitarios <\/span><\/a><span style=\"font-weight: 400\">en Sevilla a trav\u00e9s de su \u201cCasa\u201d con un primer grupo de universitarios que vivieron en la casa salesiana de San Benito de Calatrava en el centro de Sevilla mientras se constru\u00eda el edificio actual junto a la calle Arroyo. A lo largo de sus 75 a\u00f1os de existencia, ha contribuido a enriquecer la vida pol\u00edtica, acad\u00e9mica, religiosa, cultural y social con sus antiguos colegiales que han ocupado responsabilidades de grado m\u00e1ximo. Ellos son el signo evidente de los valores personificados que San Juan Bosco trabaj\u00f3 con los j\u00f3venes y que sus Salesianos siguen desarrollando.<\/span><\/p>\n<p>[\/et_pb_text][\/et_pb_column][\/et_pb_row][et_pb_row _builder_version=\u00bb4.9.4&#8243; _module_preset=\u00bbdefault\u00bb][et_pb_column type=\u00bb4_4&#8243; _builder_version=\u00bb4.9.4&#8243; _module_preset=\u00bbdefault\u00bb][et_pb_text _builder_version=\u00bb4.9.4&#8243; _module_preset=\u00bbdefault\u00bb]<\/p>\n<p><span style=\"font-weight: 400\">Adem\u00e1s de las presencias salesianas, las Asociaciones de <\/span><b><a href=\"https:\/\/www.salesianos.edu\/la-asociacion-de-maria-auxiliadora-de-utrera-celebra-su-125o-aniversario-con-una-misa-de-accion-de-gracias\/\">Sevilla-Trinidad, Rota<\/a> y <a href=\"https:\/\/www.salesianos.edu\/la-asociacion-de-maria-auxiliadora-de-utrera-celebra-su-125o-aniversario-con-una-misa-de-accion-de-gracias\/\">Utrera<\/a>\u00a0<\/b><span style=\"font-weight: 400\">recordar\u00e1n este a\u00f1o por la celebraci\u00f3n de su 125 y 50 aniversario.<\/span><\/p>\n<p><span style=\"font-weight: 400\">As\u00ed se vive el curso 2020\/21, un a\u00f1o en el que <\/span><b>Granada, Linares y San Jos\u00e9 Artesano de Elche<\/b> <span style=\"font-weight: 400\">se unen por el fruto de su rica historia y gracias a la vigencia del estilo de Don Bosco. Una oportunidad para recordar el pasado mientras se proyecta el futuro con esperanza.\u00a0<\/span><\/p>\n<p>&nbsp;<\/p>\n<p>[\/et_pb_text][et_pb_gallery gallery_ids=\u00bb17339,17324,17320,17319,17317,17316,17315,17314,17311&#8243; show_title_and_caption=\u00bboff\u00bb show_pagination=\u00bboff\u00bb _builder_version=\u00bb4.9.4&#8243; custom_margin=\u00bb||-19px|||\u00bb border_radii=\u00bbon|20px|20px|20px|20px\u00bb border_width_all=\u00bb3px\u00bb border_color_all=\u00bb#dc001b\u00bb][\/et_pb_gallery][\/et_pb_column][\/et_pb_row][\/et_pb_section]<\/p>\n","protected":false},"excerpt":{"rendered":"<p>Diferentes casas salesianas, entre las que se encuentran Granada, Linares o San Jos\u00e9 Artesano de Elche, recuerdan sus ra\u00edces durante la celebraci\u00f3n de sus bodas de oro y brillantes enmarcadas en este curso con el compromiso intacto con la juventud.<\/p>\n","protected":false},"author":12,"featured_media":17324,"comment_status":"open","ping_status":"closed","sticky":false,"template":"","format":"standard","meta":{"_et_pb_use_builder":"on","_et_pb_old_content":"","_et_gb_content_width":"","footnotes":""},"categories":[34],"tags":[],"class_list":["post-17308","post","type-post","status-publish","format-standard","has-post-thumbnail","hentry","category-a-fondo"],"yoast_head":"<!-- This site is optimized with the Yoast SEO plugin v27.5 - https:\/\/yoast.com\/product\/yoast-seo-wordpress\/ -->\n<title>Una historia de esperanza para mirar al futuro - Revista SMX<\/title>\n<meta name=\"robots\" content=\"index, follow, max-snippet:-1, max-image-preview:large, max-video-preview:-1\" \/>\n<link rel=\"canonical\" href=\"http:\/\/www.salesianos.edu\/revistasmx\/un-historia-de-esperanza-para-mirar-al-futuro\/\" \/>\n<meta property=\"og:locale\" content=\"es_ES\" \/>\n<meta property=\"og:type\" content=\"article\" \/>\n<meta property=\"og:title\" content=\"Una historia de esperanza para mirar al futuro - Revista SMX\" \/>\n<meta property=\"og:description\" content=\"Diferentes casas salesianas, entre las que se encuentran Granada, Linares o San Jos\u00e9 Artesano de Elche, recuerdan sus ra\u00edces durante la celebraci\u00f3n de sus bodas de oro y brillantes enmarcadas en este curso con el compromiso intacto con la juventud.\" \/>\n<meta property=\"og:url\" content=\"http:\/\/www.salesianos.edu\/revistasmx\/un-historia-de-esperanza-para-mirar-al-futuro\/\" \/>\n<meta property=\"og:site_name\" content=\"Revista SMX\" \/>\n<meta property=\"article:published_time\" content=\"2021-04-29T08:42:27+00:00\" \/>\n<meta property=\"article:modified_time\" content=\"2021-04-29T12:30:26+00:00\" \/>\n<meta property=\"og:image\" content=\"https:\/\/www.salesianos.edu\/revistasmx\/wp-content\/uploads\/sites\/8\/2021\/04\/WhatsApp-Image-2021-04-29-at-09.58.44-1.jpeg\" \/>\n\t<meta property=\"og:image:width\" content=\"1600\" \/>\n\t<meta property=\"og:image:height\" content=\"1200\" \/>\n\t<meta property=\"og:image:type\" content=\"image\/jpeg\" \/>\n<meta name=\"author\" content=\"joseluisgarciamoscoso\" \/>\n<meta name=\"twitter:card\" content=\"summary_large_image\" \/>\n<meta name=\"twitter:label1\" content=\"Escrito por\" \/>\n\t<meta name=\"twitter:data1\" content=\"joseluisgarciamoscoso\" \/>\n\t<meta name=\"twitter:label2\" content=\"Tiempo de lectura\" \/>\n\t<meta name=\"twitter:data2\" content=\"10 minutos\" \/>\n<script type=\"application\/ld+json\" class=\"yoast-schema-graph\">{\"@context\":\"https:\\\/\\\/schema.org\",\"@graph\":[{\"@type\":\"Article\",\"@id\":\"http:\\\/\\\/www.salesianos.edu\\\/revistasmx\\\/un-historia-de-esperanza-para-mirar-al-futuro\\\/#article\",\"isPartOf\":{\"@id\":\"http:\\\/\\\/www.salesianos.edu\\\/revistasmx\\\/un-historia-de-esperanza-para-mirar-al-futuro\\\/\"},\"author\":{\"name\":\"joseluisgarciamoscoso\",\"@id\":\"http:\\\/\\\/www.salesianos.edu\\\/revistasmx\\\/#\\\/schema\\\/person\\\/a1d72ee5373cce7347fb2993ba9f47d6\"},\"headline\":\"Una historia de esperanza para mirar al futuro\",\"datePublished\":\"2021-04-29T08:42:27+00:00\",\"dateModified\":\"2021-04-29T12:30:26+00:00\",\"mainEntityOfPage\":{\"@id\":\"http:\\\/\\\/www.salesianos.edu\\\/revistasmx\\\/un-historia-de-esperanza-para-mirar-al-futuro\\\/\"},\"wordCount\":2105,\"commentCount\":0,\"image\":{\"@id\":\"http:\\\/\\\/www.salesianos.edu\\\/revistasmx\\\/un-historia-de-esperanza-para-mirar-al-futuro\\\/#primaryimage\"},\"thumbnailUrl\":\"http:\\\/\\\/www.salesianos.edu\\\/revistasmx\\\/wp-content\\\/uploads\\\/sites\\\/8\\\/2021\\\/04\\\/WhatsApp-Image-2021-04-29-at-09.58.44-1.jpeg\",\"articleSection\":[\"A FONDO\"],\"inLanguage\":\"es\",\"potentialAction\":[{\"@type\":\"CommentAction\",\"name\":\"Comment\",\"target\":[\"http:\\\/\\\/www.salesianos.edu\\\/revistasmx\\\/un-historia-de-esperanza-para-mirar-al-futuro\\\/#respond\"]}]},{\"@type\":\"WebPage\",\"@id\":\"http:\\\/\\\/www.salesianos.edu\\\/revistasmx\\\/un-historia-de-esperanza-para-mirar-al-futuro\\\/\",\"url\":\"http:\\\/\\\/www.salesianos.edu\\\/revistasmx\\\/un-historia-de-esperanza-para-mirar-al-futuro\\\/\",\"name\":\"Una historia de esperanza para mirar al futuro - Revista SMX\",\"isPartOf\":{\"@id\":\"http:\\\/\\\/www.salesianos.edu\\\/revistasmx\\\/#website\"},\"primaryImageOfPage\":{\"@id\":\"http:\\\/\\\/www.salesianos.edu\\\/revistasmx\\\/un-historia-de-esperanza-para-mirar-al-futuro\\\/#primaryimage\"},\"image\":{\"@id\":\"http:\\\/\\\/www.salesianos.edu\\\/revistasmx\\\/un-historia-de-esperanza-para-mirar-al-futuro\\\/#primaryimage\"},\"thumbnailUrl\":\"http:\\\/\\\/www.salesianos.edu\\\/revistasmx\\\/wp-content\\\/uploads\\\/sites\\\/8\\\/2021\\\/04\\\/WhatsApp-Image-2021-04-29-at-09.58.44-1.jpeg\",\"datePublished\":\"2021-04-29T08:42:27+00:00\",\"dateModified\":\"2021-04-29T12:30:26+00:00\",\"author\":{\"@id\":\"http:\\\/\\\/www.salesianos.edu\\\/revistasmx\\\/#\\\/schema\\\/person\\\/a1d72ee5373cce7347fb2993ba9f47d6\"},\"breadcrumb\":{\"@id\":\"http:\\\/\\\/www.salesianos.edu\\\/revistasmx\\\/un-historia-de-esperanza-para-mirar-al-futuro\\\/#breadcrumb\"},\"inLanguage\":\"es\",\"potentialAction\":[{\"@type\":\"ReadAction\",\"target\":[\"http:\\\/\\\/www.salesianos.edu\\\/revistasmx\\\/un-historia-de-esperanza-para-mirar-al-futuro\\\/\"]}]},{\"@type\":\"ImageObject\",\"inLanguage\":\"es\",\"@id\":\"http:\\\/\\\/www.salesianos.edu\\\/revistasmx\\\/un-historia-de-esperanza-para-mirar-al-futuro\\\/#primaryimage\",\"url\":\"http:\\\/\\\/www.salesianos.edu\\\/revistasmx\\\/wp-content\\\/uploads\\\/sites\\\/8\\\/2021\\\/04\\\/WhatsApp-Image-2021-04-29-at-09.58.44-1.jpeg\",\"contentUrl\":\"http:\\\/\\\/www.salesianos.edu\\\/revistasmx\\\/wp-content\\\/uploads\\\/sites\\\/8\\\/2021\\\/04\\\/WhatsApp-Image-2021-04-29-at-09.58.44-1.jpeg\",\"width\":1600,\"height\":1200},{\"@type\":\"BreadcrumbList\",\"@id\":\"http:\\\/\\\/www.salesianos.edu\\\/revistasmx\\\/un-historia-de-esperanza-para-mirar-al-futuro\\\/#breadcrumb\",\"itemListElement\":[{\"@type\":\"ListItem\",\"position\":1,\"name\":\"Portada\",\"item\":\"https:\\\/\\\/www.salesianos.edu\\\/revistasmx\\\/\"},{\"@type\":\"ListItem\",\"position\":2,\"name\":\"Una historia de esperanza para mirar al futuro\"}]},{\"@type\":\"WebSite\",\"@id\":\"http:\\\/\\\/www.salesianos.edu\\\/revistasmx\\\/#website\",\"url\":\"http:\\\/\\\/www.salesianos.edu\\\/revistasmx\\\/\",\"name\":\"Revista SMX\",\"description\":\"P\u00e1gina oficial de Inspector\u00eda Salesiana Mar\u00eda Auxiliadora\",\"potentialAction\":[{\"@type\":\"SearchAction\",\"target\":{\"@type\":\"EntryPoint\",\"urlTemplate\":\"http:\\\/\\\/www.salesianos.edu\\\/revistasmx\\\/?s={search_term_string}\"},\"query-input\":{\"@type\":\"PropertyValueSpecification\",\"valueRequired\":true,\"valueName\":\"search_term_string\"}}],\"inLanguage\":\"es\"},{\"@type\":\"Person\",\"@id\":\"http:\\\/\\\/www.salesianos.edu\\\/revistasmx\\\/#\\\/schema\\\/person\\\/a1d72ee5373cce7347fb2993ba9f47d6\",\"name\":\"joseluisgarciamoscoso\",\"image\":{\"@type\":\"ImageObject\",\"inLanguage\":\"es\",\"@id\":\"https:\\\/\\\/secure.gravatar.com\\\/avatar\\\/3fda3a0b2db3bc9a39871e47cbd526b42d6c3b74755b7ae1400a87b2913fea6a?s=96&d=mm&r=g\",\"url\":\"https:\\\/\\\/secure.gravatar.com\\\/avatar\\\/3fda3a0b2db3bc9a39871e47cbd526b42d6c3b74755b7ae1400a87b2913fea6a?s=96&d=mm&r=g\",\"contentUrl\":\"https:\\\/\\\/secure.gravatar.com\\\/avatar\\\/3fda3a0b2db3bc9a39871e47cbd526b42d6c3b74755b7ae1400a87b2913fea6a?s=96&d=mm&r=g\",\"caption\":\"joseluisgarciamoscoso\"}}]}<\/script>\n<!-- \/ Yoast SEO plugin. -->","yoast_head_json":{"title":"Una historia de esperanza para mirar al futuro - Revista SMX","robots":{"index":"index","follow":"follow","max-snippet":"max-snippet:-1","max-image-preview":"max-image-preview:large","max-video-preview":"max-video-preview:-1"},"canonical":"http:\/\/www.salesianos.edu\/revistasmx\/un-historia-de-esperanza-para-mirar-al-futuro\/","og_locale":"es_ES","og_type":"article","og_title":"Una historia de esperanza para mirar al futuro - Revista SMX","og_description":"Diferentes casas salesianas, entre las que se encuentran Granada, Linares o San Jos\u00e9 Artesano de Elche, recuerdan sus ra\u00edces durante la celebraci\u00f3n de sus bodas de oro y brillantes enmarcadas en este curso con el compromiso intacto con la juventud.","og_url":"http:\/\/www.salesianos.edu\/revistasmx\/un-historia-de-esperanza-para-mirar-al-futuro\/","og_site_name":"Revista SMX","article_published_time":"2021-04-29T08:42:27+00:00","article_modified_time":"2021-04-29T12:30:26+00:00","og_image":[{"width":1600,"height":1200,"url":"https:\/\/www.salesianos.edu\/revistasmx\/wp-content\/uploads\/sites\/8\/2021\/04\/WhatsApp-Image-2021-04-29-at-09.58.44-1.jpeg","type":"image\/jpeg"}],"author":"joseluisgarciamoscoso","twitter_card":"summary_large_image","twitter_misc":{"Escrito por":"joseluisgarciamoscoso","Tiempo de lectura":"10 minutos"},"schema":{"@context":"https:\/\/schema.org","@graph":[{"@type":"Article","@id":"http:\/\/www.salesianos.edu\/revistasmx\/un-historia-de-esperanza-para-mirar-al-futuro\/#article","isPartOf":{"@id":"http:\/\/www.salesianos.edu\/revistasmx\/un-historia-de-esperanza-para-mirar-al-futuro\/"},"author":{"name":"joseluisgarciamoscoso","@id":"http:\/\/www.salesianos.edu\/revistasmx\/#\/schema\/person\/a1d72ee5373cce7347fb2993ba9f47d6"},"headline":"Una historia de esperanza para mirar al futuro","datePublished":"2021-04-29T08:42:27+00:00","dateModified":"2021-04-29T12:30:26+00:00","mainEntityOfPage":{"@id":"http:\/\/www.salesianos.edu\/revistasmx\/un-historia-de-esperanza-para-mirar-al-futuro\/"},"wordCount":2105,"commentCount":0,"image":{"@id":"http:\/\/www.salesianos.edu\/revistasmx\/un-historia-de-esperanza-para-mirar-al-futuro\/#primaryimage"},"thumbnailUrl":"http:\/\/www.salesianos.edu\/revistasmx\/wp-content\/uploads\/sites\/8\/2021\/04\/WhatsApp-Image-2021-04-29-at-09.58.44-1.jpeg","articleSection":["A FONDO"],"inLanguage":"es","potentialAction":[{"@type":"CommentAction","name":"Comment","target":["http:\/\/www.salesianos.edu\/revistasmx\/un-historia-de-esperanza-para-mirar-al-futuro\/#respond"]}]},{"@type":"WebPage","@id":"http:\/\/www.salesianos.edu\/revistasmx\/un-historia-de-esperanza-para-mirar-al-futuro\/","url":"http:\/\/www.salesianos.edu\/revistasmx\/un-historia-de-esperanza-para-mirar-al-futuro\/","name":"Una historia de esperanza para mirar al futuro - Revista SMX","isPartOf":{"@id":"http:\/\/www.salesianos.edu\/revistasmx\/#website"},"primaryImageOfPage":{"@id":"http:\/\/www.salesianos.edu\/revistasmx\/un-historia-de-esperanza-para-mirar-al-futuro\/#primaryimage"},"image":{"@id":"http:\/\/www.salesianos.edu\/revistasmx\/un-historia-de-esperanza-para-mirar-al-futuro\/#primaryimage"},"thumbnailUrl":"http:\/\/www.salesianos.edu\/revistasmx\/wp-content\/uploads\/sites\/8\/2021\/04\/WhatsApp-Image-2021-04-29-at-09.58.44-1.jpeg","datePublished":"2021-04-29T08:42:27+00:00","dateModified":"2021-04-29T12:30:26+00:00","author":{"@id":"http:\/\/www.salesianos.edu\/revistasmx\/#\/schema\/person\/a1d72ee5373cce7347fb2993ba9f47d6"},"breadcrumb":{"@id":"http:\/\/www.salesianos.edu\/revistasmx\/un-historia-de-esperanza-para-mirar-al-futuro\/#breadcrumb"},"inLanguage":"es","potentialAction":[{"@type":"ReadAction","target":["http:\/\/www.salesianos.edu\/revistasmx\/un-historia-de-esperanza-para-mirar-al-futuro\/"]}]},{"@type":"ImageObject","inLanguage":"es","@id":"http:\/\/www.salesianos.edu\/revistasmx\/un-historia-de-esperanza-para-mirar-al-futuro\/#primaryimage","url":"http:\/\/www.salesianos.edu\/revistasmx\/wp-content\/uploads\/sites\/8\/2021\/04\/WhatsApp-Image-2021-04-29-at-09.58.44-1.jpeg","contentUrl":"http:\/\/www.salesianos.edu\/revistasmx\/wp-content\/uploads\/sites\/8\/2021\/04\/WhatsApp-Image-2021-04-29-at-09.58.44-1.jpeg","width":1600,"height":1200},{"@type":"BreadcrumbList","@id":"http:\/\/www.salesianos.edu\/revistasmx\/un-historia-de-esperanza-para-mirar-al-futuro\/#breadcrumb","itemListElement":[{"@type":"ListItem","position":1,"name":"Portada","item":"https:\/\/www.salesianos.edu\/revistasmx\/"},{"@type":"ListItem","position":2,"name":"Una historia de esperanza para mirar al futuro"}]},{"@type":"WebSite","@id":"http:\/\/www.salesianos.edu\/revistasmx\/#website","url":"http:\/\/www.salesianos.edu\/revistasmx\/","name":"Revista SMX","description":"P\u00e1gina oficial de Inspector\u00eda Salesiana Mar\u00eda Auxiliadora","potentialAction":[{"@type":"SearchAction","target":{"@type":"EntryPoint","urlTemplate":"http:\/\/www.salesianos.edu\/revistasmx\/?s={search_term_string}"},"query-input":{"@type":"PropertyValueSpecification","valueRequired":true,"valueName":"search_term_string"}}],"inLanguage":"es"},{"@type":"Person","@id":"http:\/\/www.salesianos.edu\/revistasmx\/#\/schema\/person\/a1d72ee5373cce7347fb2993ba9f47d6","name":"joseluisgarciamoscoso","image":{"@type":"ImageObject","inLanguage":"es","@id":"https:\/\/secure.gravatar.com\/avatar\/3fda3a0b2db3bc9a39871e47cbd526b42d6c3b74755b7ae1400a87b2913fea6a?s=96&d=mm&r=g","url":"https:\/\/secure.gravatar.com\/avatar\/3fda3a0b2db3bc9a39871e47cbd526b42d6c3b74755b7ae1400a87b2913fea6a?s=96&d=mm&r=g","contentUrl":"https:\/\/secure.gravatar.com\/avatar\/3fda3a0b2db3bc9a39871e47cbd526b42d6c3b74755b7ae1400a87b2913fea6a?s=96&d=mm&r=g","caption":"joseluisgarciamoscoso"}}]}},"_links":{"self":[{"href":"http:\/\/www.salesianos.edu\/revistasmx\/wp-json\/wp\/v2\/posts\/17308","targetHints":{"allow":["GET"]}}],"collection":[{"href":"http:\/\/www.salesianos.edu\/revistasmx\/wp-json\/wp\/v2\/posts"}],"about":[{"href":"http:\/\/www.salesianos.edu\/revistasmx\/wp-json\/wp\/v2\/types\/post"}],"author":[{"embeddable":true,"href":"http:\/\/www.salesianos.edu\/revistasmx\/wp-json\/wp\/v2\/users\/12"}],"replies":[{"embeddable":true,"href":"http:\/\/www.salesianos.edu\/revistasmx\/wp-json\/wp\/v2\/comments?post=17308"}],"version-history":[{"count":7,"href":"http:\/\/www.salesianos.edu\/revistasmx\/wp-json\/wp\/v2\/posts\/17308\/revisions"}],"predecessor-version":[{"id":17479,"href":"http:\/\/www.salesianos.edu\/revistasmx\/wp-json\/wp\/v2\/posts\/17308\/revisions\/17479"}],"wp:featuredmedia":[{"embeddable":true,"href":"http:\/\/www.salesianos.edu\/revistasmx\/wp-json\/wp\/v2\/media\/17324"}],"wp:attachment":[{"href":"http:\/\/www.salesianos.edu\/revistasmx\/wp-json\/wp\/v2\/media?parent=17308"}],"wp:term":[{"taxonomy":"category","embeddable":true,"href":"http:\/\/www.salesianos.edu\/revistasmx\/wp-json\/wp\/v2\/categories?post=17308"},{"taxonomy":"post_tag","embeddable":true,"href":"http:\/\/www.salesianos.edu\/revistasmx\/wp-json\/wp\/v2\/tags?post=17308"}],"curies":[{"name":"wp","href":"https:\/\/api.w.org\/{rel}","templated":true}]}}