{"id":17281,"date":"2021-04-29T09:17:28","date_gmt":"2021-04-29T07:17:28","guid":{"rendered":"https:\/\/www.salesianos.edu\/revistasmx\/?p=17281"},"modified":"2021-04-29T09:17:31","modified_gmt":"2021-04-29T07:17:31","slug":"la-veu-dels-joves-miguel-gomez","status":"publish","type":"post","link":"http:\/\/www.salesianos.edu\/revistasmx\/ca\/la-veu-dels-joves-miguel-gomez\/","title":{"rendered":"La veu dels joves: Miguel G\u00f3mez"},"content":{"rendered":"<div id=\"fb-root\"><\/div>\n<p>[et_pb_section fb_built=\u00bb1&#8243; admin_label=\u00bbsection\u00bb _builder_version=\u00bb3.22&#8243;][et_pb_row admin_label=\u00bbrow\u00bb _builder_version=\u00bb3.25&#8243; background_size=\u00bbinitial\u00bb background_position=\u00bbtop_left\u00bb background_repeat=\u00bbrepeat\u00bb][et_pb_column type=\u00bb4_4&#8243; _builder_version=\u00bb3.25&#8243; custom_padding=\u00bb|||\u00bb custom_padding__hover=\u00bb|||\u00bb][et_pb_text _builder_version=\u00bb4.9.4&#8243; _module_preset=\u00bbdefault\u00bb hover_enabled=\u00bb0&#8243; sticky_enabled=\u00bb0&#8243;]<\/p>\n<p><span style=\"font-weight: 400\">Em dic Miguel G\u00f3mez, soc de Sant Boi, i quan em van demanar escriure sobre els salesians, les dues primeres paraules que se&#8217;m van venir al cap va ser <\/span><i><span style=\"font-weight: 400\">implicaci\u00f3 <\/span><\/i><span style=\"font-weight: 400\">i <\/span><i><span style=\"font-weight: 400\">acompanyament.<\/span><\/i><\/p>\n<p><span style=\"font-weight: 400\">Parlant d&#8217;implicaci\u00f3, puc dir que he tingut la sort de estar a prop i treballar sempre amb salesians molt compromesos\u00a0 amb la seva tasca, i aix\u00f2 sempre ens ha facilitat la feina a tots els joves voluntaris. Amb els que he compartit centre juvenil han estat sempre al peu del can\u00f3, sempre amb ganes d&#8217;ajudar i d&#8217;aportar.\u00a0<\/span><span style=\"font-weight: 400\">\u00a0<\/span><\/p>\n<p><span style=\"font-weight: 400\">I per la banda d&#8217;acompanyament, penso que \u00e9s una de les funcions m\u00e9s importants i necess\u00e0ries dins d&#8217;un centre juvenil i dins de cada projecte. Acompanyant als monitors d&#8217;una manera o d&#8217;altre, els est\u00e0s cuidant, et preocupes per ells i elles i evites que es \u201ccremin\u201d.\u00a0<\/span><\/p>\n<p><span style=\"font-weight: 400\">Personalment, he estat acompanyat per diferents salesians, i en ells he vist sempre molt present la figura de D\u00e9u, una m\u00e0 que t&#8217;acompanya, una persona que t&#8217;escolta i et guia. Valoro de tot cor la tasca que fan, i amb el que em quedo \u00e9s amb que ho fan de forma vocacional, sense esperar res a canvi, i amb l&#8217;objectiu d&#8217;educar des de l&#8217;amor i la fe.<\/span><\/p>\n<p>[\/et_pb_text][\/et_pb_column][\/et_pb_row][\/et_pb_section]<\/p>\n","protected":false},"excerpt":{"rendered":"<p>\u00abHe estat acompanyat per diferents salesians, i en ells he vist sempre molt present la figura de D\u00e9u\u00bb<\/p>\n","protected":false},"author":5,"featured_media":17279,"comment_status":"open","ping_status":"closed","sticky":false,"template":"","format":"standard","meta":{"_et_pb_use_builder":"on","_et_pb_old_content":"","_et_gb_content_width":"","footnotes":""},"categories":[622,84],"tags":[],"class_list":["post-17281","post","type-post","status-publish","format-standard","has-post-thumbnail","hentry","category-la-veu-dels-joves","category-vine-i-segueix-me"],"yoast_head":"<!-- This site is optimized with the Yoast SEO plugin v27.5 - https:\/\/yoast.com\/product\/yoast-seo-wordpress\/ -->\n<title>La veu dels joves: Miguel G\u00f3mez - Revista SMX<\/title>\n<meta name=\"robots\" content=\"index, follow, max-snippet:-1, max-image-preview:large, max-video-preview:-1\" \/>\n<link rel=\"canonical\" href=\"http:\/\/www.salesianos.edu\/revistasmx\/ca\/la-veu-dels-joves-miguel-gomez\/\" \/>\n<meta property=\"og:locale\" content=\"es_ES\" \/>\n<meta property=\"og:type\" content=\"article\" \/>\n<meta property=\"og:title\" content=\"La veu dels joves: Miguel G\u00f3mez - Revista SMX\" \/>\n<meta property=\"og:description\" content=\"&quot;He estat acompanyat per diferents salesians, i en ells he vist sempre molt present la figura de D\u00e9u&quot;\" \/>\n<meta property=\"og:url\" content=\"http:\/\/www.salesianos.edu\/revistasmx\/ca\/la-veu-dels-joves-miguel-gomez\/\" \/>\n<meta property=\"og:site_name\" content=\"Revista SMX\" \/>\n<meta property=\"article:published_time\" content=\"2021-04-29T07:17:28+00:00\" \/>\n<meta property=\"article:modified_time\" content=\"2021-04-29T07:17:31+00:00\" \/>\n<meta property=\"og:image\" content=\"http:\/\/www.salesianos.edu\/revistasmx\/wp-content\/uploads\/sites\/8\/2021\/04\/Foto-Miguel-Go\u0301mez-.jpeg\" \/>\n\t<meta property=\"og:image:width\" content=\"1365\" \/>\n\t<meta property=\"og:image:height\" content=\"2048\" \/>\n\t<meta property=\"og:image:type\" content=\"image\/jpeg\" \/>\n<meta name=\"author\" content=\"martapeirat\" \/>\n<meta name=\"twitter:card\" content=\"summary_large_image\" \/>\n<meta name=\"twitter:label1\" content=\"Escrito por\" \/>\n\t<meta name=\"twitter:data1\" content=\"martapeirat\" \/>\n\t<meta name=\"twitter:label2\" content=\"Tiempo de lectura\" \/>\n\t<meta name=\"twitter:data2\" content=\"1 minuto\" \/>\n<script type=\"application\/ld+json\" class=\"yoast-schema-graph\">{\"@context\":\"https:\\\/\\\/schema.org\",\"@graph\":[{\"@type\":\"Article\",\"@id\":\"http:\\\/\\\/www.salesianos.edu\\\/revistasmx\\\/ca\\\/la-veu-dels-joves-miguel-gomez\\\/#article\",\"isPartOf\":{\"@id\":\"http:\\\/\\\/www.salesianos.edu\\\/revistasmx\\\/ca\\\/la-veu-dels-joves-miguel-gomez\\\/\"},\"author\":{\"name\":\"martapeirat\",\"@id\":\"http:\\\/\\\/www.salesianos.edu\\\/revistasmx\\\/#\\\/schema\\\/person\\\/20a80be1bb4e0ed82068c57facf5b237\"},\"headline\":\"La veu dels joves: Miguel G\u00f3mez\",\"datePublished\":\"2021-04-29T07:17:28+00:00\",\"dateModified\":\"2021-04-29T07:17:31+00:00\",\"mainEntityOfPage\":{\"@id\":\"http:\\\/\\\/www.salesianos.edu\\\/revistasmx\\\/ca\\\/la-veu-dels-joves-miguel-gomez\\\/\"},\"wordCount\":290,\"commentCount\":0,\"image\":{\"@id\":\"http:\\\/\\\/www.salesianos.edu\\\/revistasmx\\\/ca\\\/la-veu-dels-joves-miguel-gomez\\\/#primaryimage\"},\"thumbnailUrl\":\"http:\\\/\\\/www.salesianos.edu\\\/revistasmx\\\/wp-content\\\/uploads\\\/sites\\\/8\\\/2021\\\/04\\\/Foto-Miguel-Go\u0301mez-.jpeg\",\"articleSection\":[\"La veu dels joves\",\"VINE I SEGUEIX-ME\"],\"inLanguage\":\"es\",\"potentialAction\":[{\"@type\":\"CommentAction\",\"name\":\"Comment\",\"target\":[\"http:\\\/\\\/www.salesianos.edu\\\/revistasmx\\\/ca\\\/la-veu-dels-joves-miguel-gomez\\\/#respond\"]}]},{\"@type\":\"WebPage\",\"@id\":\"http:\\\/\\\/www.salesianos.edu\\\/revistasmx\\\/ca\\\/la-veu-dels-joves-miguel-gomez\\\/\",\"url\":\"http:\\\/\\\/www.salesianos.edu\\\/revistasmx\\\/ca\\\/la-veu-dels-joves-miguel-gomez\\\/\",\"name\":\"La veu dels joves: Miguel G\u00f3mez - Revista SMX\",\"isPartOf\":{\"@id\":\"http:\\\/\\\/www.salesianos.edu\\\/revistasmx\\\/#website\"},\"primaryImageOfPage\":{\"@id\":\"http:\\\/\\\/www.salesianos.edu\\\/revistasmx\\\/ca\\\/la-veu-dels-joves-miguel-gomez\\\/#primaryimage\"},\"image\":{\"@id\":\"http:\\\/\\\/www.salesianos.edu\\\/revistasmx\\\/ca\\\/la-veu-dels-joves-miguel-gomez\\\/#primaryimage\"},\"thumbnailUrl\":\"http:\\\/\\\/www.salesianos.edu\\\/revistasmx\\\/wp-content\\\/uploads\\\/sites\\\/8\\\/2021\\\/04\\\/Foto-Miguel-Go\u0301mez-.jpeg\",\"datePublished\":\"2021-04-29T07:17:28+00:00\",\"dateModified\":\"2021-04-29T07:17:31+00:00\",\"author\":{\"@id\":\"http:\\\/\\\/www.salesianos.edu\\\/revistasmx\\\/#\\\/schema\\\/person\\\/20a80be1bb4e0ed82068c57facf5b237\"},\"breadcrumb\":{\"@id\":\"http:\\\/\\\/www.salesianos.edu\\\/revistasmx\\\/ca\\\/la-veu-dels-joves-miguel-gomez\\\/#breadcrumb\"},\"inLanguage\":\"es\",\"potentialAction\":[{\"@type\":\"ReadAction\",\"target\":[\"http:\\\/\\\/www.salesianos.edu\\\/revistasmx\\\/ca\\\/la-veu-dels-joves-miguel-gomez\\\/\"]}]},{\"@type\":\"ImageObject\",\"inLanguage\":\"es\",\"@id\":\"http:\\\/\\\/www.salesianos.edu\\\/revistasmx\\\/ca\\\/la-veu-dels-joves-miguel-gomez\\\/#primaryimage\",\"url\":\"http:\\\/\\\/www.salesianos.edu\\\/revistasmx\\\/wp-content\\\/uploads\\\/sites\\\/8\\\/2021\\\/04\\\/Foto-Miguel-Go\u0301mez-.jpeg\",\"contentUrl\":\"http:\\\/\\\/www.salesianos.edu\\\/revistasmx\\\/wp-content\\\/uploads\\\/sites\\\/8\\\/2021\\\/04\\\/Foto-Miguel-Go\u0301mez-.jpeg\",\"width\":1365,\"height\":2048},{\"@type\":\"BreadcrumbList\",\"@id\":\"http:\\\/\\\/www.salesianos.edu\\\/revistasmx\\\/ca\\\/la-veu-dels-joves-miguel-gomez\\\/#breadcrumb\",\"itemListElement\":[{\"@type\":\"ListItem\",\"position\":1,\"name\":\"Portada\",\"item\":\"https:\\\/\\\/www.salesianos.edu\\\/revistasmx\\\/\"},{\"@type\":\"ListItem\",\"position\":2,\"name\":\"La veu dels joves: Miguel G\u00f3mez\"}]},{\"@type\":\"WebSite\",\"@id\":\"http:\\\/\\\/www.salesianos.edu\\\/revistasmx\\\/#website\",\"url\":\"http:\\\/\\\/www.salesianos.edu\\\/revistasmx\\\/\",\"name\":\"Revista SMX\",\"description\":\"P\u00e1gina oficial de Inspector\u00eda Salesiana Mar\u00eda Auxiliadora\",\"potentialAction\":[{\"@type\":\"SearchAction\",\"target\":{\"@type\":\"EntryPoint\",\"urlTemplate\":\"http:\\\/\\\/www.salesianos.edu\\\/revistasmx\\\/?s={search_term_string}\"},\"query-input\":{\"@type\":\"PropertyValueSpecification\",\"valueRequired\":true,\"valueName\":\"search_term_string\"}}],\"inLanguage\":\"es\"},{\"@type\":\"Person\",\"@id\":\"http:\\\/\\\/www.salesianos.edu\\\/revistasmx\\\/#\\\/schema\\\/person\\\/20a80be1bb4e0ed82068c57facf5b237\",\"name\":\"martapeirat\",\"image\":{\"@type\":\"ImageObject\",\"inLanguage\":\"es\",\"@id\":\"https:\\\/\\\/secure.gravatar.com\\\/avatar\\\/1139b81b40ed1dde466563679597db378e7092bbfdd7ebb264c437fedde866d7?s=96&d=mm&r=g\",\"url\":\"https:\\\/\\\/secure.gravatar.com\\\/avatar\\\/1139b81b40ed1dde466563679597db378e7092bbfdd7ebb264c437fedde866d7?s=96&d=mm&r=g\",\"contentUrl\":\"https:\\\/\\\/secure.gravatar.com\\\/avatar\\\/1139b81b40ed1dde466563679597db378e7092bbfdd7ebb264c437fedde866d7?s=96&d=mm&r=g\",\"caption\":\"martapeirat\"}}]}<\/script>\n<!-- \/ Yoast SEO plugin. -->","yoast_head_json":{"title":"La veu dels joves: Miguel G\u00f3mez - Revista SMX","robots":{"index":"index","follow":"follow","max-snippet":"max-snippet:-1","max-image-preview":"max-image-preview:large","max-video-preview":"max-video-preview:-1"},"canonical":"http:\/\/www.salesianos.edu\/revistasmx\/ca\/la-veu-dels-joves-miguel-gomez\/","og_locale":"es_ES","og_type":"article","og_title":"La veu dels joves: Miguel G\u00f3mez - Revista SMX","og_description":"\"He estat acompanyat per diferents salesians, i en ells he vist sempre molt present la figura de D\u00e9u\"","og_url":"http:\/\/www.salesianos.edu\/revistasmx\/ca\/la-veu-dels-joves-miguel-gomez\/","og_site_name":"Revista SMX","article_published_time":"2021-04-29T07:17:28+00:00","article_modified_time":"2021-04-29T07:17:31+00:00","og_image":[{"width":1365,"height":2048,"url":"http:\/\/www.salesianos.edu\/revistasmx\/wp-content\/uploads\/sites\/8\/2021\/04\/Foto-Miguel-Go\u0301mez-.jpeg","type":"image\/jpeg"}],"author":"martapeirat","twitter_card":"summary_large_image","twitter_misc":{"Escrito por":"martapeirat","Tiempo de lectura":"1 minuto"},"schema":{"@context":"https:\/\/schema.org","@graph":[{"@type":"Article","@id":"http:\/\/www.salesianos.edu\/revistasmx\/ca\/la-veu-dels-joves-miguel-gomez\/#article","isPartOf":{"@id":"http:\/\/www.salesianos.edu\/revistasmx\/ca\/la-veu-dels-joves-miguel-gomez\/"},"author":{"name":"martapeirat","@id":"http:\/\/www.salesianos.edu\/revistasmx\/#\/schema\/person\/20a80be1bb4e0ed82068c57facf5b237"},"headline":"La veu dels joves: Miguel G\u00f3mez","datePublished":"2021-04-29T07:17:28+00:00","dateModified":"2021-04-29T07:17:31+00:00","mainEntityOfPage":{"@id":"http:\/\/www.salesianos.edu\/revistasmx\/ca\/la-veu-dels-joves-miguel-gomez\/"},"wordCount":290,"commentCount":0,"image":{"@id":"http:\/\/www.salesianos.edu\/revistasmx\/ca\/la-veu-dels-joves-miguel-gomez\/#primaryimage"},"thumbnailUrl":"http:\/\/www.salesianos.edu\/revistasmx\/wp-content\/uploads\/sites\/8\/2021\/04\/Foto-Miguel-Go\u0301mez-.jpeg","articleSection":["La veu dels joves","VINE I SEGUEIX-ME"],"inLanguage":"es","potentialAction":[{"@type":"CommentAction","name":"Comment","target":["http:\/\/www.salesianos.edu\/revistasmx\/ca\/la-veu-dels-joves-miguel-gomez\/#respond"]}]},{"@type":"WebPage","@id":"http:\/\/www.salesianos.edu\/revistasmx\/ca\/la-veu-dels-joves-miguel-gomez\/","url":"http:\/\/www.salesianos.edu\/revistasmx\/ca\/la-veu-dels-joves-miguel-gomez\/","name":"La veu dels joves: Miguel G\u00f3mez - Revista SMX","isPartOf":{"@id":"http:\/\/www.salesianos.edu\/revistasmx\/#website"},"primaryImageOfPage":{"@id":"http:\/\/www.salesianos.edu\/revistasmx\/ca\/la-veu-dels-joves-miguel-gomez\/#primaryimage"},"image":{"@id":"http:\/\/www.salesianos.edu\/revistasmx\/ca\/la-veu-dels-joves-miguel-gomez\/#primaryimage"},"thumbnailUrl":"http:\/\/www.salesianos.edu\/revistasmx\/wp-content\/uploads\/sites\/8\/2021\/04\/Foto-Miguel-Go\u0301mez-.jpeg","datePublished":"2021-04-29T07:17:28+00:00","dateModified":"2021-04-29T07:17:31+00:00","author":{"@id":"http:\/\/www.salesianos.edu\/revistasmx\/#\/schema\/person\/20a80be1bb4e0ed82068c57facf5b237"},"breadcrumb":{"@id":"http:\/\/www.salesianos.edu\/revistasmx\/ca\/la-veu-dels-joves-miguel-gomez\/#breadcrumb"},"inLanguage":"es","potentialAction":[{"@type":"ReadAction","target":["http:\/\/www.salesianos.edu\/revistasmx\/ca\/la-veu-dels-joves-miguel-gomez\/"]}]},{"@type":"ImageObject","inLanguage":"es","@id":"http:\/\/www.salesianos.edu\/revistasmx\/ca\/la-veu-dels-joves-miguel-gomez\/#primaryimage","url":"http:\/\/www.salesianos.edu\/revistasmx\/wp-content\/uploads\/sites\/8\/2021\/04\/Foto-Miguel-Go\u0301mez-.jpeg","contentUrl":"http:\/\/www.salesianos.edu\/revistasmx\/wp-content\/uploads\/sites\/8\/2021\/04\/Foto-Miguel-Go\u0301mez-.jpeg","width":1365,"height":2048},{"@type":"BreadcrumbList","@id":"http:\/\/www.salesianos.edu\/revistasmx\/ca\/la-veu-dels-joves-miguel-gomez\/#breadcrumb","itemListElement":[{"@type":"ListItem","position":1,"name":"Portada","item":"https:\/\/www.salesianos.edu\/revistasmx\/"},{"@type":"ListItem","position":2,"name":"La veu dels joves: Miguel G\u00f3mez"}]},{"@type":"WebSite","@id":"http:\/\/www.salesianos.edu\/revistasmx\/#website","url":"http:\/\/www.salesianos.edu\/revistasmx\/","name":"Revista SMX","description":"P\u00e1gina oficial de Inspector\u00eda Salesiana Mar\u00eda Auxiliadora","potentialAction":[{"@type":"SearchAction","target":{"@type":"EntryPoint","urlTemplate":"http:\/\/www.salesianos.edu\/revistasmx\/?s={search_term_string}"},"query-input":{"@type":"PropertyValueSpecification","valueRequired":true,"valueName":"search_term_string"}}],"inLanguage":"es"},{"@type":"Person","@id":"http:\/\/www.salesianos.edu\/revistasmx\/#\/schema\/person\/20a80be1bb4e0ed82068c57facf5b237","name":"martapeirat","image":{"@type":"ImageObject","inLanguage":"es","@id":"https:\/\/secure.gravatar.com\/avatar\/1139b81b40ed1dde466563679597db378e7092bbfdd7ebb264c437fedde866d7?s=96&d=mm&r=g","url":"https:\/\/secure.gravatar.com\/avatar\/1139b81b40ed1dde466563679597db378e7092bbfdd7ebb264c437fedde866d7?s=96&d=mm&r=g","contentUrl":"https:\/\/secure.gravatar.com\/avatar\/1139b81b40ed1dde466563679597db378e7092bbfdd7ebb264c437fedde866d7?s=96&d=mm&r=g","caption":"martapeirat"}}]}},"_links":{"self":[{"href":"http:\/\/www.salesianos.edu\/revistasmx\/wp-json\/wp\/v2\/posts\/17281","targetHints":{"allow":["GET"]}}],"collection":[{"href":"http:\/\/www.salesianos.edu\/revistasmx\/wp-json\/wp\/v2\/posts"}],"about":[{"href":"http:\/\/www.salesianos.edu\/revistasmx\/wp-json\/wp\/v2\/types\/post"}],"author":[{"embeddable":true,"href":"http:\/\/www.salesianos.edu\/revistasmx\/wp-json\/wp\/v2\/users\/5"}],"replies":[{"embeddable":true,"href":"http:\/\/www.salesianos.edu\/revistasmx\/wp-json\/wp\/v2\/comments?post=17281"}],"version-history":[{"count":4,"href":"http:\/\/www.salesianos.edu\/revistasmx\/wp-json\/wp\/v2\/posts\/17281\/revisions"}],"predecessor-version":[{"id":17286,"href":"http:\/\/www.salesianos.edu\/revistasmx\/wp-json\/wp\/v2\/posts\/17281\/revisions\/17286"}],"wp:featuredmedia":[{"embeddable":true,"href":"http:\/\/www.salesianos.edu\/revistasmx\/wp-json\/wp\/v2\/media\/17279"}],"wp:attachment":[{"href":"http:\/\/www.salesianos.edu\/revistasmx\/wp-json\/wp\/v2\/media?parent=17281"}],"wp:term":[{"taxonomy":"category","embeddable":true,"href":"http:\/\/www.salesianos.edu\/revistasmx\/wp-json\/wp\/v2\/categories?post=17281"},{"taxonomy":"post_tag","embeddable":true,"href":"http:\/\/www.salesianos.edu\/revistasmx\/wp-json\/wp\/v2\/tags?post=17281"}],"curies":[{"name":"wp","href":"https:\/\/api.w.org\/{rel}","templated":true}]}}