{"id":17170,"date":"2021-03-24T13:00:40","date_gmt":"2021-03-24T12:00:40","guid":{"rendered":"https:\/\/www.salesianos.edu\/revistasmx\/?p=17170"},"modified":"2021-03-29T12:37:44","modified_gmt":"2021-03-29T10:37:44","slug":"una-cosa-et-falta-6-per-que-es-important-el-camp-de-leducacio-en-la-fe-en-lanimacio-vocacional","status":"publish","type":"post","link":"http:\/\/www.salesianos.edu\/revistasmx\/ca\/una-cosa-et-falta-6-per-que-es-important-el-camp-de-leducacio-en-la-fe-en-lanimacio-vocacional\/","title":{"rendered":"&#8216;Una cosa et falta&#8217; 6 Per qu\u00e8 \u00e9s important el camp de l&#8217;educaci\u00f3 en la fe en l&#8217;animaci\u00f3 vocacional?"},"content":{"rendered":"<div id=\"fb-root\"><\/div>\n<p>[et_pb_section fb_built=\u00bb1&#8243; admin_label=\u00bbsection\u00bb _builder_version=\u00bb3.22&#8243;][et_pb_row admin_label=\u00bbrow\u00bb _builder_version=\u00bb3.25&#8243; background_size=\u00bbinitial\u00bb background_position=\u00bbtop_left\u00bb background_repeat=\u00bbrepeat\u00bb][et_pb_column type=\u00bb4_4&#8243; _builder_version=\u00bb3.25&#8243; custom_padding=\u00bb|||\u00bb custom_padding__hover=\u00bb|||\u00bb][et_pb_video src=\u00bbhttps:\/\/youtu.be\/Y1jhGfPL_x8&#8243; _builder_version=\u00bb4.9.2&#8243; _module_preset=\u00bbdefault\u00bb][\/et_pb_video][et_pb_text _builder_version=\u00bb4.9.2&#8243; _module_preset=\u00bbdefault\u00bb]<\/p>\n<p>A la secci\u00f3\u00a0<strong>\u201cUna cosa et falta<\/strong>\u00a0\u2018cada mes s\u2019explica un dels 10 cap\u00edtols de el llibre que porta el mateix t\u00edtol, responent a diferents q\u00fcestions relacionades amb vocaci\u00f3 i vocacions en l\u2019Esgl\u00e9sia actual. A trav\u00e9s dels diferents cap\u00edtols s\u2019abordaran entre altres q\u00fcestions el sentit de la pastoral juvenil vocacional i la cultura vocacional, el perfil de l\u2019animador vocacional o la seva relaci\u00f3 amb els itineraris d\u2019educaci\u00f3 en la fe.<\/p>\n<p>[\/et_pb_text][\/et_pb_column][\/et_pb_row][\/et_pb_section]<\/p>\n","protected":false},"excerpt":{"rendered":"<p>Maje Yag\u00fces Fabregat, integrant de la comissi\u00f3 inspectorial de l&#8217;Itinerari d&#8217;Educaci\u00f3 en la Fe.<\/p>\n","protected":false},"author":5,"featured_media":17160,"comment_status":"open","ping_status":"closed","sticky":false,"template":"","format":"standard","meta":{"_et_pb_use_builder":"on","_et_pb_old_content":"","_et_gb_content_width":"","footnotes":""},"categories":[600,84],"tags":[],"class_list":["post-17170","post","type-post","status-publish","format-standard","has-post-thumbnail","hentry","category-una-cosa-et-falta","category-vine-i-segueix-me"],"yoast_head":"<!-- This site is optimized with the Yoast SEO plugin v27.5 - https:\/\/yoast.com\/product\/yoast-seo-wordpress\/ -->\n<title>&#039;Una cosa et falta&#039; 6 Per qu\u00e8 \u00e9s important el camp de l&#039;educaci\u00f3 en la fe en l&#039;animaci\u00f3 vocacional? - Revista SMX<\/title>\n<meta name=\"robots\" content=\"index, follow, max-snippet:-1, max-image-preview:large, max-video-preview:-1\" \/>\n<link rel=\"canonical\" href=\"http:\/\/www.salesianos.edu\/revistasmx\/ca\/una-cosa-et-falta-6-per-que-es-important-el-camp-de-leducacio-en-la-fe-en-lanimacio-vocacional\/\" \/>\n<meta property=\"og:locale\" content=\"es_ES\" \/>\n<meta property=\"og:type\" content=\"article\" \/>\n<meta property=\"og:title\" content=\"&#039;Una cosa et falta&#039; 6 Per qu\u00e8 \u00e9s important el camp de l&#039;educaci\u00f3 en la fe en l&#039;animaci\u00f3 vocacional? - Revista SMX\" \/>\n<meta property=\"og:description\" content=\"Maje Yag\u00fces Fabregat, integrant de la comissi\u00f3 inspectorial de l&#039;Itinerari d&#039;Educaci\u00f3 en la Fe.\" \/>\n<meta property=\"og:url\" content=\"http:\/\/www.salesianos.edu\/revistasmx\/ca\/una-cosa-et-falta-6-per-que-es-important-el-camp-de-leducacio-en-la-fe-en-lanimacio-vocacional\/\" \/>\n<meta property=\"og:site_name\" content=\"Revista SMX\" \/>\n<meta property=\"article:published_time\" content=\"2021-03-24T12:00:40+00:00\" \/>\n<meta property=\"article:modified_time\" content=\"2021-03-29T10:37:44+00:00\" \/>\n<meta property=\"og:image\" content=\"http:\/\/www.salesianos.edu\/revistasmx\/wp-content\/uploads\/sites\/8\/2021\/03\/Captura-de-pantalla-2021-03-29-a-las-11.01.03.png\" \/>\n\t<meta property=\"og:image:width\" content=\"865\" \/>\n\t<meta property=\"og:image:height\" content=\"587\" \/>\n\t<meta property=\"og:image:type\" content=\"image\/png\" \/>\n<meta name=\"author\" content=\"martapeirat\" \/>\n<meta name=\"twitter:card\" content=\"summary_large_image\" \/>\n<meta name=\"twitter:label1\" content=\"Escrito por\" \/>\n\t<meta name=\"twitter:data1\" content=\"martapeirat\" \/>\n\t<meta name=\"twitter:label2\" content=\"Tiempo de lectura\" \/>\n\t<meta name=\"twitter:data2\" content=\"1 minuto\" \/>\n<script type=\"application\/ld+json\" class=\"yoast-schema-graph\">{\"@context\":\"https:\\\/\\\/schema.org\",\"@graph\":[{\"@type\":\"Article\",\"@id\":\"http:\\\/\\\/www.salesianos.edu\\\/revistasmx\\\/ca\\\/una-cosa-et-falta-6-per-que-es-important-el-camp-de-leducacio-en-la-fe-en-lanimacio-vocacional\\\/#article\",\"isPartOf\":{\"@id\":\"http:\\\/\\\/www.salesianos.edu\\\/revistasmx\\\/ca\\\/una-cosa-et-falta-6-per-que-es-important-el-camp-de-leducacio-en-la-fe-en-lanimacio-vocacional\\\/\"},\"author\":{\"name\":\"martapeirat\",\"@id\":\"http:\\\/\\\/www.salesianos.edu\\\/revistasmx\\\/#\\\/schema\\\/person\\\/20a80be1bb4e0ed82068c57facf5b237\"},\"headline\":\"&#8216;Una cosa et falta&#8217; 6 Per qu\u00e8 \u00e9s important el camp de l&#8217;educaci\u00f3 en la fe en l&#8217;animaci\u00f3 vocacional?\",\"datePublished\":\"2021-03-24T12:00:40+00:00\",\"dateModified\":\"2021-03-29T10:37:44+00:00\",\"mainEntityOfPage\":{\"@id\":\"http:\\\/\\\/www.salesianos.edu\\\/revistasmx\\\/ca\\\/una-cosa-et-falta-6-per-que-es-important-el-camp-de-leducacio-en-la-fe-en-lanimacio-vocacional\\\/\"},\"wordCount\":178,\"commentCount\":0,\"image\":{\"@id\":\"http:\\\/\\\/www.salesianos.edu\\\/revistasmx\\\/ca\\\/una-cosa-et-falta-6-per-que-es-important-el-camp-de-leducacio-en-la-fe-en-lanimacio-vocacional\\\/#primaryimage\"},\"thumbnailUrl\":\"http:\\\/\\\/www.salesianos.edu\\\/revistasmx\\\/wp-content\\\/uploads\\\/sites\\\/8\\\/2021\\\/03\\\/Captura-de-pantalla-2021-03-29-a-las-11.01.03.png\",\"articleSection\":[\"Una cosa et falta\",\"VINE I SEGUEIX-ME\"],\"inLanguage\":\"es\",\"potentialAction\":[{\"@type\":\"CommentAction\",\"name\":\"Comment\",\"target\":[\"http:\\\/\\\/www.salesianos.edu\\\/revistasmx\\\/ca\\\/una-cosa-et-falta-6-per-que-es-important-el-camp-de-leducacio-en-la-fe-en-lanimacio-vocacional\\\/#respond\"]}]},{\"@type\":\"WebPage\",\"@id\":\"http:\\\/\\\/www.salesianos.edu\\\/revistasmx\\\/ca\\\/una-cosa-et-falta-6-per-que-es-important-el-camp-de-leducacio-en-la-fe-en-lanimacio-vocacional\\\/\",\"url\":\"http:\\\/\\\/www.salesianos.edu\\\/revistasmx\\\/ca\\\/una-cosa-et-falta-6-per-que-es-important-el-camp-de-leducacio-en-la-fe-en-lanimacio-vocacional\\\/\",\"name\":\"'Una cosa et falta' 6 Per qu\u00e8 \u00e9s important el camp de l'educaci\u00f3 en la fe en l'animaci\u00f3 vocacional? - Revista SMX\",\"isPartOf\":{\"@id\":\"http:\\\/\\\/www.salesianos.edu\\\/revistasmx\\\/#website\"},\"primaryImageOfPage\":{\"@id\":\"http:\\\/\\\/www.salesianos.edu\\\/revistasmx\\\/ca\\\/una-cosa-et-falta-6-per-que-es-important-el-camp-de-leducacio-en-la-fe-en-lanimacio-vocacional\\\/#primaryimage\"},\"image\":{\"@id\":\"http:\\\/\\\/www.salesianos.edu\\\/revistasmx\\\/ca\\\/una-cosa-et-falta-6-per-que-es-important-el-camp-de-leducacio-en-la-fe-en-lanimacio-vocacional\\\/#primaryimage\"},\"thumbnailUrl\":\"http:\\\/\\\/www.salesianos.edu\\\/revistasmx\\\/wp-content\\\/uploads\\\/sites\\\/8\\\/2021\\\/03\\\/Captura-de-pantalla-2021-03-29-a-las-11.01.03.png\",\"datePublished\":\"2021-03-24T12:00:40+00:00\",\"dateModified\":\"2021-03-29T10:37:44+00:00\",\"author\":{\"@id\":\"http:\\\/\\\/www.salesianos.edu\\\/revistasmx\\\/#\\\/schema\\\/person\\\/20a80be1bb4e0ed82068c57facf5b237\"},\"breadcrumb\":{\"@id\":\"http:\\\/\\\/www.salesianos.edu\\\/revistasmx\\\/ca\\\/una-cosa-et-falta-6-per-que-es-important-el-camp-de-leducacio-en-la-fe-en-lanimacio-vocacional\\\/#breadcrumb\"},\"inLanguage\":\"es\",\"potentialAction\":[{\"@type\":\"ReadAction\",\"target\":[\"http:\\\/\\\/www.salesianos.edu\\\/revistasmx\\\/ca\\\/una-cosa-et-falta-6-per-que-es-important-el-camp-de-leducacio-en-la-fe-en-lanimacio-vocacional\\\/\"]}]},{\"@type\":\"ImageObject\",\"inLanguage\":\"es\",\"@id\":\"http:\\\/\\\/www.salesianos.edu\\\/revistasmx\\\/ca\\\/una-cosa-et-falta-6-per-que-es-important-el-camp-de-leducacio-en-la-fe-en-lanimacio-vocacional\\\/#primaryimage\",\"url\":\"http:\\\/\\\/www.salesianos.edu\\\/revistasmx\\\/wp-content\\\/uploads\\\/sites\\\/8\\\/2021\\\/03\\\/Captura-de-pantalla-2021-03-29-a-las-11.01.03.png\",\"contentUrl\":\"http:\\\/\\\/www.salesianos.edu\\\/revistasmx\\\/wp-content\\\/uploads\\\/sites\\\/8\\\/2021\\\/03\\\/Captura-de-pantalla-2021-03-29-a-las-11.01.03.png\",\"width\":865,\"height\":587},{\"@type\":\"BreadcrumbList\",\"@id\":\"http:\\\/\\\/www.salesianos.edu\\\/revistasmx\\\/ca\\\/una-cosa-et-falta-6-per-que-es-important-el-camp-de-leducacio-en-la-fe-en-lanimacio-vocacional\\\/#breadcrumb\",\"itemListElement\":[{\"@type\":\"ListItem\",\"position\":1,\"name\":\"Portada\",\"item\":\"http:\\\/\\\/www.salesianos.edu\\\/revistasmx\\\/\"},{\"@type\":\"ListItem\",\"position\":2,\"name\":\"&#8216;Una cosa et falta&#8217; 6 Per qu\u00e8 \u00e9s important el camp de l&#8217;educaci\u00f3 en la fe en l&#8217;animaci\u00f3 vocacional?\"}]},{\"@type\":\"WebSite\",\"@id\":\"http:\\\/\\\/www.salesianos.edu\\\/revistasmx\\\/#website\",\"url\":\"http:\\\/\\\/www.salesianos.edu\\\/revistasmx\\\/\",\"name\":\"Revista SMX\",\"description\":\"P\u00e1gina oficial de Inspector\u00eda Salesiana Mar\u00eda Auxiliadora\",\"potentialAction\":[{\"@type\":\"SearchAction\",\"target\":{\"@type\":\"EntryPoint\",\"urlTemplate\":\"http:\\\/\\\/www.salesianos.edu\\\/revistasmx\\\/?s={search_term_string}\"},\"query-input\":{\"@type\":\"PropertyValueSpecification\",\"valueRequired\":true,\"valueName\":\"search_term_string\"}}],\"inLanguage\":\"es\"},{\"@type\":\"Person\",\"@id\":\"http:\\\/\\\/www.salesianos.edu\\\/revistasmx\\\/#\\\/schema\\\/person\\\/20a80be1bb4e0ed82068c57facf5b237\",\"name\":\"martapeirat\",\"image\":{\"@type\":\"ImageObject\",\"inLanguage\":\"es\",\"@id\":\"https:\\\/\\\/secure.gravatar.com\\\/avatar\\\/1139b81b40ed1dde466563679597db378e7092bbfdd7ebb264c437fedde866d7?s=96&d=mm&r=g\",\"url\":\"https:\\\/\\\/secure.gravatar.com\\\/avatar\\\/1139b81b40ed1dde466563679597db378e7092bbfdd7ebb264c437fedde866d7?s=96&d=mm&r=g\",\"contentUrl\":\"https:\\\/\\\/secure.gravatar.com\\\/avatar\\\/1139b81b40ed1dde466563679597db378e7092bbfdd7ebb264c437fedde866d7?s=96&d=mm&r=g\",\"caption\":\"martapeirat\"}}]}<\/script>\n<!-- \/ Yoast SEO plugin. -->","yoast_head_json":{"title":"'Una cosa et falta' 6 Per qu\u00e8 \u00e9s important el camp de l'educaci\u00f3 en la fe en l'animaci\u00f3 vocacional? - Revista SMX","robots":{"index":"index","follow":"follow","max-snippet":"max-snippet:-1","max-image-preview":"max-image-preview:large","max-video-preview":"max-video-preview:-1"},"canonical":"http:\/\/www.salesianos.edu\/revistasmx\/ca\/una-cosa-et-falta-6-per-que-es-important-el-camp-de-leducacio-en-la-fe-en-lanimacio-vocacional\/","og_locale":"es_ES","og_type":"article","og_title":"'Una cosa et falta' 6 Per qu\u00e8 \u00e9s important el camp de l'educaci\u00f3 en la fe en l'animaci\u00f3 vocacional? - Revista SMX","og_description":"Maje Yag\u00fces Fabregat, integrant de la comissi\u00f3 inspectorial de l'Itinerari d'Educaci\u00f3 en la Fe.","og_url":"http:\/\/www.salesianos.edu\/revistasmx\/ca\/una-cosa-et-falta-6-per-que-es-important-el-camp-de-leducacio-en-la-fe-en-lanimacio-vocacional\/","og_site_name":"Revista SMX","article_published_time":"2021-03-24T12:00:40+00:00","article_modified_time":"2021-03-29T10:37:44+00:00","og_image":[{"width":865,"height":587,"url":"http:\/\/www.salesianos.edu\/revistasmx\/wp-content\/uploads\/sites\/8\/2021\/03\/Captura-de-pantalla-2021-03-29-a-las-11.01.03.png","type":"image\/png"}],"author":"martapeirat","twitter_card":"summary_large_image","twitter_misc":{"Escrito por":"martapeirat","Tiempo de lectura":"1 minuto"},"schema":{"@context":"https:\/\/schema.org","@graph":[{"@type":"Article","@id":"http:\/\/www.salesianos.edu\/revistasmx\/ca\/una-cosa-et-falta-6-per-que-es-important-el-camp-de-leducacio-en-la-fe-en-lanimacio-vocacional\/#article","isPartOf":{"@id":"http:\/\/www.salesianos.edu\/revistasmx\/ca\/una-cosa-et-falta-6-per-que-es-important-el-camp-de-leducacio-en-la-fe-en-lanimacio-vocacional\/"},"author":{"name":"martapeirat","@id":"http:\/\/www.salesianos.edu\/revistasmx\/#\/schema\/person\/20a80be1bb4e0ed82068c57facf5b237"},"headline":"&#8216;Una cosa et falta&#8217; 6 Per qu\u00e8 \u00e9s important el camp de l&#8217;educaci\u00f3 en la fe en l&#8217;animaci\u00f3 vocacional?","datePublished":"2021-03-24T12:00:40+00:00","dateModified":"2021-03-29T10:37:44+00:00","mainEntityOfPage":{"@id":"http:\/\/www.salesianos.edu\/revistasmx\/ca\/una-cosa-et-falta-6-per-que-es-important-el-camp-de-leducacio-en-la-fe-en-lanimacio-vocacional\/"},"wordCount":178,"commentCount":0,"image":{"@id":"http:\/\/www.salesianos.edu\/revistasmx\/ca\/una-cosa-et-falta-6-per-que-es-important-el-camp-de-leducacio-en-la-fe-en-lanimacio-vocacional\/#primaryimage"},"thumbnailUrl":"http:\/\/www.salesianos.edu\/revistasmx\/wp-content\/uploads\/sites\/8\/2021\/03\/Captura-de-pantalla-2021-03-29-a-las-11.01.03.png","articleSection":["Una cosa et falta","VINE I SEGUEIX-ME"],"inLanguage":"es","potentialAction":[{"@type":"CommentAction","name":"Comment","target":["http:\/\/www.salesianos.edu\/revistasmx\/ca\/una-cosa-et-falta-6-per-que-es-important-el-camp-de-leducacio-en-la-fe-en-lanimacio-vocacional\/#respond"]}]},{"@type":"WebPage","@id":"http:\/\/www.salesianos.edu\/revistasmx\/ca\/una-cosa-et-falta-6-per-que-es-important-el-camp-de-leducacio-en-la-fe-en-lanimacio-vocacional\/","url":"http:\/\/www.salesianos.edu\/revistasmx\/ca\/una-cosa-et-falta-6-per-que-es-important-el-camp-de-leducacio-en-la-fe-en-lanimacio-vocacional\/","name":"'Una cosa et falta' 6 Per qu\u00e8 \u00e9s important el camp de l'educaci\u00f3 en la fe en l'animaci\u00f3 vocacional? - Revista SMX","isPartOf":{"@id":"http:\/\/www.salesianos.edu\/revistasmx\/#website"},"primaryImageOfPage":{"@id":"http:\/\/www.salesianos.edu\/revistasmx\/ca\/una-cosa-et-falta-6-per-que-es-important-el-camp-de-leducacio-en-la-fe-en-lanimacio-vocacional\/#primaryimage"},"image":{"@id":"http:\/\/www.salesianos.edu\/revistasmx\/ca\/una-cosa-et-falta-6-per-que-es-important-el-camp-de-leducacio-en-la-fe-en-lanimacio-vocacional\/#primaryimage"},"thumbnailUrl":"http:\/\/www.salesianos.edu\/revistasmx\/wp-content\/uploads\/sites\/8\/2021\/03\/Captura-de-pantalla-2021-03-29-a-las-11.01.03.png","datePublished":"2021-03-24T12:00:40+00:00","dateModified":"2021-03-29T10:37:44+00:00","author":{"@id":"http:\/\/www.salesianos.edu\/revistasmx\/#\/schema\/person\/20a80be1bb4e0ed82068c57facf5b237"},"breadcrumb":{"@id":"http:\/\/www.salesianos.edu\/revistasmx\/ca\/una-cosa-et-falta-6-per-que-es-important-el-camp-de-leducacio-en-la-fe-en-lanimacio-vocacional\/#breadcrumb"},"inLanguage":"es","potentialAction":[{"@type":"ReadAction","target":["http:\/\/www.salesianos.edu\/revistasmx\/ca\/una-cosa-et-falta-6-per-que-es-important-el-camp-de-leducacio-en-la-fe-en-lanimacio-vocacional\/"]}]},{"@type":"ImageObject","inLanguage":"es","@id":"http:\/\/www.salesianos.edu\/revistasmx\/ca\/una-cosa-et-falta-6-per-que-es-important-el-camp-de-leducacio-en-la-fe-en-lanimacio-vocacional\/#primaryimage","url":"http:\/\/www.salesianos.edu\/revistasmx\/wp-content\/uploads\/sites\/8\/2021\/03\/Captura-de-pantalla-2021-03-29-a-las-11.01.03.png","contentUrl":"http:\/\/www.salesianos.edu\/revistasmx\/wp-content\/uploads\/sites\/8\/2021\/03\/Captura-de-pantalla-2021-03-29-a-las-11.01.03.png","width":865,"height":587},{"@type":"BreadcrumbList","@id":"http:\/\/www.salesianos.edu\/revistasmx\/ca\/una-cosa-et-falta-6-per-que-es-important-el-camp-de-leducacio-en-la-fe-en-lanimacio-vocacional\/#breadcrumb","itemListElement":[{"@type":"ListItem","position":1,"name":"Portada","item":"http:\/\/www.salesianos.edu\/revistasmx\/"},{"@type":"ListItem","position":2,"name":"&#8216;Una cosa et falta&#8217; 6 Per qu\u00e8 \u00e9s important el camp de l&#8217;educaci\u00f3 en la fe en l&#8217;animaci\u00f3 vocacional?"}]},{"@type":"WebSite","@id":"http:\/\/www.salesianos.edu\/revistasmx\/#website","url":"http:\/\/www.salesianos.edu\/revistasmx\/","name":"Revista SMX","description":"P\u00e1gina oficial de Inspector\u00eda Salesiana Mar\u00eda Auxiliadora","potentialAction":[{"@type":"SearchAction","target":{"@type":"EntryPoint","urlTemplate":"http:\/\/www.salesianos.edu\/revistasmx\/?s={search_term_string}"},"query-input":{"@type":"PropertyValueSpecification","valueRequired":true,"valueName":"search_term_string"}}],"inLanguage":"es"},{"@type":"Person","@id":"http:\/\/www.salesianos.edu\/revistasmx\/#\/schema\/person\/20a80be1bb4e0ed82068c57facf5b237","name":"martapeirat","image":{"@type":"ImageObject","inLanguage":"es","@id":"https:\/\/secure.gravatar.com\/avatar\/1139b81b40ed1dde466563679597db378e7092bbfdd7ebb264c437fedde866d7?s=96&d=mm&r=g","url":"https:\/\/secure.gravatar.com\/avatar\/1139b81b40ed1dde466563679597db378e7092bbfdd7ebb264c437fedde866d7?s=96&d=mm&r=g","contentUrl":"https:\/\/secure.gravatar.com\/avatar\/1139b81b40ed1dde466563679597db378e7092bbfdd7ebb264c437fedde866d7?s=96&d=mm&r=g","caption":"martapeirat"}}]}},"_links":{"self":[{"href":"http:\/\/www.salesianos.edu\/revistasmx\/wp-json\/wp\/v2\/posts\/17170","targetHints":{"allow":["GET"]}}],"collection":[{"href":"http:\/\/www.salesianos.edu\/revistasmx\/wp-json\/wp\/v2\/posts"}],"about":[{"href":"http:\/\/www.salesianos.edu\/revistasmx\/wp-json\/wp\/v2\/types\/post"}],"author":[{"embeddable":true,"href":"http:\/\/www.salesianos.edu\/revistasmx\/wp-json\/wp\/v2\/users\/5"}],"replies":[{"embeddable":true,"href":"http:\/\/www.salesianos.edu\/revistasmx\/wp-json\/wp\/v2\/comments?post=17170"}],"version-history":[{"count":5,"href":"http:\/\/www.salesianos.edu\/revistasmx\/wp-json\/wp\/v2\/posts\/17170\/revisions"}],"predecessor-version":[{"id":17178,"href":"http:\/\/www.salesianos.edu\/revistasmx\/wp-json\/wp\/v2\/posts\/17170\/revisions\/17178"}],"wp:featuredmedia":[{"embeddable":true,"href":"http:\/\/www.salesianos.edu\/revistasmx\/wp-json\/wp\/v2\/media\/17160"}],"wp:attachment":[{"href":"http:\/\/www.salesianos.edu\/revistasmx\/wp-json\/wp\/v2\/media?parent=17170"}],"wp:term":[{"taxonomy":"category","embeddable":true,"href":"http:\/\/www.salesianos.edu\/revistasmx\/wp-json\/wp\/v2\/categories?post=17170"},{"taxonomy":"post_tag","embeddable":true,"href":"http:\/\/www.salesianos.edu\/revistasmx\/wp-json\/wp\/v2\/tags?post=17170"}],"curies":[{"name":"wp","href":"https:\/\/api.w.org\/{rel}","templated":true}]}}