{"id":17096,"date":"2021-03-29T00:44:14","date_gmt":"2021-03-28T22:44:14","guid":{"rendered":"https:\/\/www.salesianos.edu\/revistasmx\/?p=17096"},"modified":"2021-03-29T13:33:46","modified_gmt":"2021-03-29T11:33:46","slug":"els-joves-de-la-casa-bartolome-blanco-participen-en-la-trobada-vocacional-i-en-un-reces-comunitari","status":"publish","type":"post","link":"http:\/\/www.salesianos.edu\/revistasmx\/ca\/els-joves-de-la-casa-bartolome-blanco-participen-en-la-trobada-vocacional-i-en-un-reces-comunitari\/","title":{"rendered":"Els joves de la Casa Bartolom\u00e9 Blanco participen en la Trobada Vocacional i en un rec\u00e9s comunitari"},"content":{"rendered":"<div id=\"fb-root\"><\/div>\n<p>[et_pb_section fb_built=\u00bb1&#8243; _builder_version=\u00bb3.22&#8243;][et_pb_row _builder_version=\u00bb3.25&#8243; background_size=\u00bbinitial\u00bb background_position=\u00bbtop_left\u00bb background_repeat=\u00bbrepeat\u00bb][et_pb_column type=\u00bb4_4&#8243; _builder_version=\u00bb3.25&#8243; custom_padding=\u00bb|||\u00bb custom_padding__hover=\u00bb|||\u00bb][et_pb_text _builder_version=\u00bb4.9.2&#8243; background_size=\u00bbinitial\u00bb background_position=\u00bbtop_left\u00bb background_repeat=\u00bbrepeat\u00bb hover_enabled=\u00bb0&#8243; sticky_enabled=\u00bb0&#8243;]<\/p>\n<p><em>Miguel \u00c1ngel Nu\u00edn, sdb<\/em><\/p>\n<p>Durant el mes de mar\u00e7 la comunitat ha estat vivint intensament la quaresma cuidant els moments de preg\u00e0ria, participant en els recessos i conviv\u00e8ncies que s&#8217;han ofert a la casa de la Trinidad. Els salesians han estat bolcats atenent moltes celebracions.<\/p>\n<p>Al final del mat\u00ed del dissabte 26 vam organitzar un petit curset de m\u00e0gia animat per Sergio Codera, que va fer les del\u00edcies dels participants. L&#8217;1 de mar\u00e7 tota la comunitat vam anar a Mor\u00f3n d&#8217;excursi\u00f3. Vam poder pujar a la Serra del Espartero i, en tornar, ens tenien preparada al Col\u00b7legi una meravellosa paella. Despr\u00e9s de dinar, vam fer una passejada durant la qual vam visitar el Castell i l&#8217;Esgl\u00e9sia de San Miguel. Vam acabar la jornada amb un partit de futbol. Va ser una jornada estupenda.<\/p>\n<p>Tamb\u00e9 vam preparar la Jornada Vocacional del dissabte 20 de mar\u00e7 i vam participar-hi; vam poder escoltar els testimonis de diversos salesians que ens van animar a seguir en el cam\u00ed de l&#8217;entrega generosa als altres. Vam acabar aquest dia amb una vetlla de preg\u00e0ria que es troba penjada a youtube.<\/p>\n<p>El dia de Sant Josep vam despertar amb la trista not\u00edcia de la mort del pare d&#8217;Abraham. Alguns membres de la comunitat van estar acompanyant-lo en el funeral, que es va celebrar a Ronda, el dimarts 23. Dijous 25 a la tarda hem celebrat un rec\u00e9s comunitari animat per Leo, que ens va preparar de manera immediata a viure la Setmana Santa i el Tr\u00edduum Pascual. El Diumenge de Rams i el Tr\u00edduum pasqual ens hem unit a la pasqua urbana organitzada per les cases de la Trinidad, Mor\u00f3n i Carmona. Comencem a assaborir l&#8217;alegria de la Pasqua de Resurrecci\u00f3.<\/p>\n<p>[\/et_pb_text][\/et_pb_column][\/et_pb_row][\/et_pb_section]<\/p>\n","protected":false},"excerpt":{"rendered":"<p> Comencem a assaborir l&#8217;alegria de la Pasqua de Resurrecci\u00f3.<\/p>\n","protected":false},"author":5,"featured_media":17093,"comment_status":"open","ping_status":"closed","sticky":false,"template":"","format":"standard","meta":{"_et_pb_use_builder":"on","_et_pb_old_content":"","_et_gb_content_width":"","footnotes":""},"categories":[148,84],"tags":[],"class_list":["post-17096","post","type-post","status-publish","format-standard","has-post-thumbnail","hentry","category-noticies-vocacionals","category-vine-i-segueix-me"],"yoast_head":"<!-- This site is optimized with the Yoast SEO plugin v27.5 - https:\/\/yoast.com\/product\/yoast-seo-wordpress\/ -->\n<title>Els joves de la Casa Bartolom\u00e9 Blanco participen en la Trobada Vocacional i en un rec\u00e9s comunitari - Revista SMX<\/title>\n<meta name=\"robots\" content=\"index, follow, max-snippet:-1, max-image-preview:large, max-video-preview:-1\" \/>\n<link rel=\"canonical\" href=\"http:\/\/www.salesianos.edu\/revistasmx\/ca\/els-joves-de-la-casa-bartolome-blanco-participen-en-la-trobada-vocacional-i-en-un-reces-comunitari\/\" \/>\n<meta property=\"og:locale\" content=\"es_ES\" \/>\n<meta property=\"og:type\" content=\"article\" \/>\n<meta property=\"og:title\" content=\"Els joves de la Casa Bartolom\u00e9 Blanco participen en la Trobada Vocacional i en un rec\u00e9s comunitari - Revista SMX\" \/>\n<meta property=\"og:description\" content=\"Comencem a assaborir l&#039;alegria de la Pasqua de Resurrecci\u00f3.\" \/>\n<meta property=\"og:url\" content=\"http:\/\/www.salesianos.edu\/revistasmx\/ca\/els-joves-de-la-casa-bartolome-blanco-participen-en-la-trobada-vocacional-i-en-un-reces-comunitari\/\" \/>\n<meta property=\"og:site_name\" content=\"Revista SMX\" \/>\n<meta property=\"article:published_time\" content=\"2021-03-28T22:44:14+00:00\" \/>\n<meta property=\"article:modified_time\" content=\"2021-03-29T11:33:46+00:00\" \/>\n<meta property=\"og:image\" content=\"http:\/\/www.salesianos.edu\/revistasmx\/wp-content\/uploads\/sites\/8\/2021\/03\/Foto-Noticias--scaled.jpg\" \/>\n\t<meta property=\"og:image:width\" content=\"2560\" \/>\n\t<meta property=\"og:image:height\" content=\"1152\" \/>\n\t<meta property=\"og:image:type\" content=\"image\/jpeg\" \/>\n<meta name=\"author\" content=\"martapeirat\" \/>\n<meta name=\"twitter:card\" content=\"summary_large_image\" \/>\n<meta name=\"twitter:label1\" content=\"Escrito por\" \/>\n\t<meta name=\"twitter:data1\" content=\"martapeirat\" \/>\n\t<meta name=\"twitter:label2\" content=\"Tiempo de lectura\" \/>\n\t<meta name=\"twitter:data2\" content=\"2 minutos\" \/>\n<script type=\"application\/ld+json\" class=\"yoast-schema-graph\">{\"@context\":\"https:\\\/\\\/schema.org\",\"@graph\":[{\"@type\":\"Article\",\"@id\":\"http:\\\/\\\/www.salesianos.edu\\\/revistasmx\\\/ca\\\/els-joves-de-la-casa-bartolome-blanco-participen-en-la-trobada-vocacional-i-en-un-reces-comunitari\\\/#article\",\"isPartOf\":{\"@id\":\"http:\\\/\\\/www.salesianos.edu\\\/revistasmx\\\/ca\\\/els-joves-de-la-casa-bartolome-blanco-participen-en-la-trobada-vocacional-i-en-un-reces-comunitari\\\/\"},\"author\":{\"name\":\"martapeirat\",\"@id\":\"http:\\\/\\\/www.salesianos.edu\\\/revistasmx\\\/#\\\/schema\\\/person\\\/20a80be1bb4e0ed82068c57facf5b237\"},\"headline\":\"Els joves de la Casa Bartolom\u00e9 Blanco participen en la Trobada Vocacional i en un rec\u00e9s comunitari\",\"datePublished\":\"2021-03-28T22:44:14+00:00\",\"dateModified\":\"2021-03-29T11:33:46+00:00\",\"mainEntityOfPage\":{\"@id\":\"http:\\\/\\\/www.salesianos.edu\\\/revistasmx\\\/ca\\\/els-joves-de-la-casa-bartolome-blanco-participen-en-la-trobada-vocacional-i-en-un-reces-comunitari\\\/\"},\"wordCount\":383,\"commentCount\":0,\"image\":{\"@id\":\"http:\\\/\\\/www.salesianos.edu\\\/revistasmx\\\/ca\\\/els-joves-de-la-casa-bartolome-blanco-participen-en-la-trobada-vocacional-i-en-un-reces-comunitari\\\/#primaryimage\"},\"thumbnailUrl\":\"http:\\\/\\\/www.salesianos.edu\\\/revistasmx\\\/wp-content\\\/uploads\\\/sites\\\/8\\\/2021\\\/03\\\/Foto-Noticias--scaled.jpg\",\"articleSection\":[\"Not\u00edcies Vocacionals\",\"VINE I SEGUEIX-ME\"],\"inLanguage\":\"es\",\"potentialAction\":[{\"@type\":\"CommentAction\",\"name\":\"Comment\",\"target\":[\"http:\\\/\\\/www.salesianos.edu\\\/revistasmx\\\/ca\\\/els-joves-de-la-casa-bartolome-blanco-participen-en-la-trobada-vocacional-i-en-un-reces-comunitari\\\/#respond\"]}]},{\"@type\":\"WebPage\",\"@id\":\"http:\\\/\\\/www.salesianos.edu\\\/revistasmx\\\/ca\\\/els-joves-de-la-casa-bartolome-blanco-participen-en-la-trobada-vocacional-i-en-un-reces-comunitari\\\/\",\"url\":\"http:\\\/\\\/www.salesianos.edu\\\/revistasmx\\\/ca\\\/els-joves-de-la-casa-bartolome-blanco-participen-en-la-trobada-vocacional-i-en-un-reces-comunitari\\\/\",\"name\":\"Els joves de la Casa Bartolom\u00e9 Blanco participen en la Trobada Vocacional i en un rec\u00e9s comunitari - Revista SMX\",\"isPartOf\":{\"@id\":\"http:\\\/\\\/www.salesianos.edu\\\/revistasmx\\\/#website\"},\"primaryImageOfPage\":{\"@id\":\"http:\\\/\\\/www.salesianos.edu\\\/revistasmx\\\/ca\\\/els-joves-de-la-casa-bartolome-blanco-participen-en-la-trobada-vocacional-i-en-un-reces-comunitari\\\/#primaryimage\"},\"image\":{\"@id\":\"http:\\\/\\\/www.salesianos.edu\\\/revistasmx\\\/ca\\\/els-joves-de-la-casa-bartolome-blanco-participen-en-la-trobada-vocacional-i-en-un-reces-comunitari\\\/#primaryimage\"},\"thumbnailUrl\":\"http:\\\/\\\/www.salesianos.edu\\\/revistasmx\\\/wp-content\\\/uploads\\\/sites\\\/8\\\/2021\\\/03\\\/Foto-Noticias--scaled.jpg\",\"datePublished\":\"2021-03-28T22:44:14+00:00\",\"dateModified\":\"2021-03-29T11:33:46+00:00\",\"author\":{\"@id\":\"http:\\\/\\\/www.salesianos.edu\\\/revistasmx\\\/#\\\/schema\\\/person\\\/20a80be1bb4e0ed82068c57facf5b237\"},\"breadcrumb\":{\"@id\":\"http:\\\/\\\/www.salesianos.edu\\\/revistasmx\\\/ca\\\/els-joves-de-la-casa-bartolome-blanco-participen-en-la-trobada-vocacional-i-en-un-reces-comunitari\\\/#breadcrumb\"},\"inLanguage\":\"es\",\"potentialAction\":[{\"@type\":\"ReadAction\",\"target\":[\"http:\\\/\\\/www.salesianos.edu\\\/revistasmx\\\/ca\\\/els-joves-de-la-casa-bartolome-blanco-participen-en-la-trobada-vocacional-i-en-un-reces-comunitari\\\/\"]}]},{\"@type\":\"ImageObject\",\"inLanguage\":\"es\",\"@id\":\"http:\\\/\\\/www.salesianos.edu\\\/revistasmx\\\/ca\\\/els-joves-de-la-casa-bartolome-blanco-participen-en-la-trobada-vocacional-i-en-un-reces-comunitari\\\/#primaryimage\",\"url\":\"http:\\\/\\\/www.salesianos.edu\\\/revistasmx\\\/wp-content\\\/uploads\\\/sites\\\/8\\\/2021\\\/03\\\/Foto-Noticias--scaled.jpg\",\"contentUrl\":\"http:\\\/\\\/www.salesianos.edu\\\/revistasmx\\\/wp-content\\\/uploads\\\/sites\\\/8\\\/2021\\\/03\\\/Foto-Noticias--scaled.jpg\",\"width\":2560,\"height\":1152},{\"@type\":\"BreadcrumbList\",\"@id\":\"http:\\\/\\\/www.salesianos.edu\\\/revistasmx\\\/ca\\\/els-joves-de-la-casa-bartolome-blanco-participen-en-la-trobada-vocacional-i-en-un-reces-comunitari\\\/#breadcrumb\",\"itemListElement\":[{\"@type\":\"ListItem\",\"position\":1,\"name\":\"Portada\",\"item\":\"https:\\\/\\\/www.salesianos.edu\\\/revistasmx\\\/\"},{\"@type\":\"ListItem\",\"position\":2,\"name\":\"Els joves de la Casa Bartolom\u00e9 Blanco participen en la Trobada Vocacional i en un rec\u00e9s comunitari\"}]},{\"@type\":\"WebSite\",\"@id\":\"http:\\\/\\\/www.salesianos.edu\\\/revistasmx\\\/#website\",\"url\":\"http:\\\/\\\/www.salesianos.edu\\\/revistasmx\\\/\",\"name\":\"Revista SMX\",\"description\":\"P\u00e1gina oficial de Inspector\u00eda Salesiana Mar\u00eda Auxiliadora\",\"potentialAction\":[{\"@type\":\"SearchAction\",\"target\":{\"@type\":\"EntryPoint\",\"urlTemplate\":\"http:\\\/\\\/www.salesianos.edu\\\/revistasmx\\\/?s={search_term_string}\"},\"query-input\":{\"@type\":\"PropertyValueSpecification\",\"valueRequired\":true,\"valueName\":\"search_term_string\"}}],\"inLanguage\":\"es\"},{\"@type\":\"Person\",\"@id\":\"http:\\\/\\\/www.salesianos.edu\\\/revistasmx\\\/#\\\/schema\\\/person\\\/20a80be1bb4e0ed82068c57facf5b237\",\"name\":\"martapeirat\",\"image\":{\"@type\":\"ImageObject\",\"inLanguage\":\"es\",\"@id\":\"https:\\\/\\\/secure.gravatar.com\\\/avatar\\\/1139b81b40ed1dde466563679597db378e7092bbfdd7ebb264c437fedde866d7?s=96&d=mm&r=g\",\"url\":\"https:\\\/\\\/secure.gravatar.com\\\/avatar\\\/1139b81b40ed1dde466563679597db378e7092bbfdd7ebb264c437fedde866d7?s=96&d=mm&r=g\",\"contentUrl\":\"https:\\\/\\\/secure.gravatar.com\\\/avatar\\\/1139b81b40ed1dde466563679597db378e7092bbfdd7ebb264c437fedde866d7?s=96&d=mm&r=g\",\"caption\":\"martapeirat\"}}]}<\/script>\n<!-- \/ Yoast SEO plugin. -->","yoast_head_json":{"title":"Els joves de la Casa Bartolom\u00e9 Blanco participen en la Trobada Vocacional i en un rec\u00e9s comunitari - Revista SMX","robots":{"index":"index","follow":"follow","max-snippet":"max-snippet:-1","max-image-preview":"max-image-preview:large","max-video-preview":"max-video-preview:-1"},"canonical":"http:\/\/www.salesianos.edu\/revistasmx\/ca\/els-joves-de-la-casa-bartolome-blanco-participen-en-la-trobada-vocacional-i-en-un-reces-comunitari\/","og_locale":"es_ES","og_type":"article","og_title":"Els joves de la Casa Bartolom\u00e9 Blanco participen en la Trobada Vocacional i en un rec\u00e9s comunitari - Revista SMX","og_description":"Comencem a assaborir l'alegria de la Pasqua de Resurrecci\u00f3.","og_url":"http:\/\/www.salesianos.edu\/revistasmx\/ca\/els-joves-de-la-casa-bartolome-blanco-participen-en-la-trobada-vocacional-i-en-un-reces-comunitari\/","og_site_name":"Revista SMX","article_published_time":"2021-03-28T22:44:14+00:00","article_modified_time":"2021-03-29T11:33:46+00:00","og_image":[{"width":2560,"height":1152,"url":"http:\/\/www.salesianos.edu\/revistasmx\/wp-content\/uploads\/sites\/8\/2021\/03\/Foto-Noticias--scaled.jpg","type":"image\/jpeg"}],"author":"martapeirat","twitter_card":"summary_large_image","twitter_misc":{"Escrito por":"martapeirat","Tiempo de lectura":"2 minutos"},"schema":{"@context":"https:\/\/schema.org","@graph":[{"@type":"Article","@id":"http:\/\/www.salesianos.edu\/revistasmx\/ca\/els-joves-de-la-casa-bartolome-blanco-participen-en-la-trobada-vocacional-i-en-un-reces-comunitari\/#article","isPartOf":{"@id":"http:\/\/www.salesianos.edu\/revistasmx\/ca\/els-joves-de-la-casa-bartolome-blanco-participen-en-la-trobada-vocacional-i-en-un-reces-comunitari\/"},"author":{"name":"martapeirat","@id":"http:\/\/www.salesianos.edu\/revistasmx\/#\/schema\/person\/20a80be1bb4e0ed82068c57facf5b237"},"headline":"Els joves de la Casa Bartolom\u00e9 Blanco participen en la Trobada Vocacional i en un rec\u00e9s comunitari","datePublished":"2021-03-28T22:44:14+00:00","dateModified":"2021-03-29T11:33:46+00:00","mainEntityOfPage":{"@id":"http:\/\/www.salesianos.edu\/revistasmx\/ca\/els-joves-de-la-casa-bartolome-blanco-participen-en-la-trobada-vocacional-i-en-un-reces-comunitari\/"},"wordCount":383,"commentCount":0,"image":{"@id":"http:\/\/www.salesianos.edu\/revistasmx\/ca\/els-joves-de-la-casa-bartolome-blanco-participen-en-la-trobada-vocacional-i-en-un-reces-comunitari\/#primaryimage"},"thumbnailUrl":"http:\/\/www.salesianos.edu\/revistasmx\/wp-content\/uploads\/sites\/8\/2021\/03\/Foto-Noticias--scaled.jpg","articleSection":["Not\u00edcies Vocacionals","VINE I SEGUEIX-ME"],"inLanguage":"es","potentialAction":[{"@type":"CommentAction","name":"Comment","target":["http:\/\/www.salesianos.edu\/revistasmx\/ca\/els-joves-de-la-casa-bartolome-blanco-participen-en-la-trobada-vocacional-i-en-un-reces-comunitari\/#respond"]}]},{"@type":"WebPage","@id":"http:\/\/www.salesianos.edu\/revistasmx\/ca\/els-joves-de-la-casa-bartolome-blanco-participen-en-la-trobada-vocacional-i-en-un-reces-comunitari\/","url":"http:\/\/www.salesianos.edu\/revistasmx\/ca\/els-joves-de-la-casa-bartolome-blanco-participen-en-la-trobada-vocacional-i-en-un-reces-comunitari\/","name":"Els joves de la Casa Bartolom\u00e9 Blanco participen en la Trobada Vocacional i en un rec\u00e9s comunitari - Revista SMX","isPartOf":{"@id":"http:\/\/www.salesianos.edu\/revistasmx\/#website"},"primaryImageOfPage":{"@id":"http:\/\/www.salesianos.edu\/revistasmx\/ca\/els-joves-de-la-casa-bartolome-blanco-participen-en-la-trobada-vocacional-i-en-un-reces-comunitari\/#primaryimage"},"image":{"@id":"http:\/\/www.salesianos.edu\/revistasmx\/ca\/els-joves-de-la-casa-bartolome-blanco-participen-en-la-trobada-vocacional-i-en-un-reces-comunitari\/#primaryimage"},"thumbnailUrl":"http:\/\/www.salesianos.edu\/revistasmx\/wp-content\/uploads\/sites\/8\/2021\/03\/Foto-Noticias--scaled.jpg","datePublished":"2021-03-28T22:44:14+00:00","dateModified":"2021-03-29T11:33:46+00:00","author":{"@id":"http:\/\/www.salesianos.edu\/revistasmx\/#\/schema\/person\/20a80be1bb4e0ed82068c57facf5b237"},"breadcrumb":{"@id":"http:\/\/www.salesianos.edu\/revistasmx\/ca\/els-joves-de-la-casa-bartolome-blanco-participen-en-la-trobada-vocacional-i-en-un-reces-comunitari\/#breadcrumb"},"inLanguage":"es","potentialAction":[{"@type":"ReadAction","target":["http:\/\/www.salesianos.edu\/revistasmx\/ca\/els-joves-de-la-casa-bartolome-blanco-participen-en-la-trobada-vocacional-i-en-un-reces-comunitari\/"]}]},{"@type":"ImageObject","inLanguage":"es","@id":"http:\/\/www.salesianos.edu\/revistasmx\/ca\/els-joves-de-la-casa-bartolome-blanco-participen-en-la-trobada-vocacional-i-en-un-reces-comunitari\/#primaryimage","url":"http:\/\/www.salesianos.edu\/revistasmx\/wp-content\/uploads\/sites\/8\/2021\/03\/Foto-Noticias--scaled.jpg","contentUrl":"http:\/\/www.salesianos.edu\/revistasmx\/wp-content\/uploads\/sites\/8\/2021\/03\/Foto-Noticias--scaled.jpg","width":2560,"height":1152},{"@type":"BreadcrumbList","@id":"http:\/\/www.salesianos.edu\/revistasmx\/ca\/els-joves-de-la-casa-bartolome-blanco-participen-en-la-trobada-vocacional-i-en-un-reces-comunitari\/#breadcrumb","itemListElement":[{"@type":"ListItem","position":1,"name":"Portada","item":"https:\/\/www.salesianos.edu\/revistasmx\/"},{"@type":"ListItem","position":2,"name":"Els joves de la Casa Bartolom\u00e9 Blanco participen en la Trobada Vocacional i en un rec\u00e9s comunitari"}]},{"@type":"WebSite","@id":"http:\/\/www.salesianos.edu\/revistasmx\/#website","url":"http:\/\/www.salesianos.edu\/revistasmx\/","name":"Revista SMX","description":"P\u00e1gina oficial de Inspector\u00eda Salesiana Mar\u00eda Auxiliadora","potentialAction":[{"@type":"SearchAction","target":{"@type":"EntryPoint","urlTemplate":"http:\/\/www.salesianos.edu\/revistasmx\/?s={search_term_string}"},"query-input":{"@type":"PropertyValueSpecification","valueRequired":true,"valueName":"search_term_string"}}],"inLanguage":"es"},{"@type":"Person","@id":"http:\/\/www.salesianos.edu\/revistasmx\/#\/schema\/person\/20a80be1bb4e0ed82068c57facf5b237","name":"martapeirat","image":{"@type":"ImageObject","inLanguage":"es","@id":"https:\/\/secure.gravatar.com\/avatar\/1139b81b40ed1dde466563679597db378e7092bbfdd7ebb264c437fedde866d7?s=96&d=mm&r=g","url":"https:\/\/secure.gravatar.com\/avatar\/1139b81b40ed1dde466563679597db378e7092bbfdd7ebb264c437fedde866d7?s=96&d=mm&r=g","contentUrl":"https:\/\/secure.gravatar.com\/avatar\/1139b81b40ed1dde466563679597db378e7092bbfdd7ebb264c437fedde866d7?s=96&d=mm&r=g","caption":"martapeirat"}}]}},"_links":{"self":[{"href":"http:\/\/www.salesianos.edu\/revistasmx\/wp-json\/wp\/v2\/posts\/17096","targetHints":{"allow":["GET"]}}],"collection":[{"href":"http:\/\/www.salesianos.edu\/revistasmx\/wp-json\/wp\/v2\/posts"}],"about":[{"href":"http:\/\/www.salesianos.edu\/revistasmx\/wp-json\/wp\/v2\/types\/post"}],"author":[{"embeddable":true,"href":"http:\/\/www.salesianos.edu\/revistasmx\/wp-json\/wp\/v2\/users\/5"}],"replies":[{"embeddable":true,"href":"http:\/\/www.salesianos.edu\/revistasmx\/wp-json\/wp\/v2\/comments?post=17096"}],"version-history":[{"count":3,"href":"http:\/\/www.salesianos.edu\/revistasmx\/wp-json\/wp\/v2\/posts\/17096\/revisions"}],"predecessor-version":[{"id":17100,"href":"http:\/\/www.salesianos.edu\/revistasmx\/wp-json\/wp\/v2\/posts\/17096\/revisions\/17100"}],"wp:featuredmedia":[{"embeddable":true,"href":"http:\/\/www.salesianos.edu\/revistasmx\/wp-json\/wp\/v2\/media\/17093"}],"wp:attachment":[{"href":"http:\/\/www.salesianos.edu\/revistasmx\/wp-json\/wp\/v2\/media?parent=17096"}],"wp:term":[{"taxonomy":"category","embeddable":true,"href":"http:\/\/www.salesianos.edu\/revistasmx\/wp-json\/wp\/v2\/categories?post=17096"},{"taxonomy":"post_tag","embeddable":true,"href":"http:\/\/www.salesianos.edu\/revistasmx\/wp-json\/wp\/v2\/tags?post=17096"}],"curies":[{"name":"wp","href":"https:\/\/api.w.org\/{rel}","templated":true}]}}