{"id":16932,"date":"2021-02-26T12:11:09","date_gmt":"2021-02-26T11:11:09","guid":{"rendered":"http:\/\/www.salesianos.edu\/revistasmx\/?p=16932"},"modified":"2021-02-26T14:20:26","modified_gmt":"2021-02-26T13:20:26","slug":"les-parroquies-salesianes-cridades-a-ser-punt-de-trobada","status":"publish","type":"post","link":"http:\/\/www.salesianos.edu\/revistasmx\/ca\/les-parroquies-salesianes-cridades-a-ser-punt-de-trobada\/","title":{"rendered":"Les parr\u00f2quies salesianes cridades a ser punt de trobada"},"content":{"rendered":"<div id=\"fb-root\"><\/div>\n<p>[et_pb_section fb_built=\u00bb1&#8243; admin_label=\u00bbsection\u00bb _builder_version=\u00bb3.22&#8243;][et_pb_row admin_label=\u00bbrow\u00bb _builder_version=\u00bb4.9.0&#8243; background_size=\u00bbinitial\u00bb background_position=\u00bbtop_left\u00bb background_repeat=\u00bbrepeat\u00bb][et_pb_column type=\u00bb4_4&#8243; _builder_version=\u00bb3.25&#8243; custom_padding=\u00bb|||\u00bb custom_padding__hover=\u00bb|||\u00bb][et_pb_text _builder_version=\u00bb4.9.0&#8243; _module_preset=\u00bbdefault\u00bb]<\/p>\n<p style=\"text-align: left\"><span style=\"font-weight: 400\">Per Salesianos Comunicaci\u00f3n<\/span><\/p>\n<p>Durant els dies 19 i 20 de febrer, en format on-line, va tenir lloc el Congr\u00e9s de Parr\u00f2quies salesianes. Aquesta cita va servir per posar en com\u00fa la feina feta entre rectors i laics sota el lema \u00abLa parr\u00f2quia salesiana, poble de D\u00e9u en sortida\u00bb. Tamb\u00e9 va permetre oferir bones pr\u00e0ctiques i testimonis relacionats amb els camins visualitzats al Congr\u00e9s de laics.<\/p>\n<p>L\u2019inspector de Santiago El Mayor, Fernando Garc\u00eda, recordava les paraules de Miguel \u00c1ngel G. Morcuende, conseller general de la Pastoral Juvenil en la seva intervenci\u00f3 quan deia que \u00abvivim en un context on no tenim tants fidels com pelegrins en les nostres parr\u00f2quies. En un context aix\u00ed la parr\u00f2quia est\u00e0 cridada a ser un punt per a la trobada \u00ab.<\/p>\n<blockquote>\n<p>Recordant un passatge de l&#8217;enc\u00edclica <em>Evangelii Gaudium<\/em> assenyalava que \u00abpotser la situaci\u00f3 que estem vivint, a moltes persones els faci sorgir una recerca de D\u00e9u que podia estar adormida i que pot suposar un nou pelegrinatge a la vida, i tant de bo la parr\u00f2quia salesiana sigui un lloc que no defraudi en aquesta recerca, que jo crec que requereix d\u2019espais d&#8217;espiritualitat, preg\u00e0ria i escolta per acollir i comprendre \u00ab.<\/p>\n<\/blockquote>\n<p>[\/et_pb_text][et_pb_gallery gallery_ids=\u00bb16813,16814,16818,16817,16816,16815&#8243; show_title_and_caption=\u00bboff\u00bb show_pagination=\u00bboff\u00bb _builder_version=\u00bb4.9.0&#8243; custom_margin=\u00bb||-19px|||\u00bb border_radii=\u00bbon|20px|20px|20px|20px\u00bb border_width_all=\u00bb3px\u00bb border_color_all=\u00bb#dc001b\u00bb][\/et_pb_gallery][et_pb_text _builder_version=\u00bb4.9.0&#8243; _module_preset=\u00bbdefault\u00bb]<\/p>\n<h2 style=\"text-align: center\"><em>\u00abVivim en un context on no tenim tants fidels com pelegrins en les nostres parr\u00f2quies. En un context aix\u00ed la parr\u00f2quia est\u00e0 cridada a ser un punt de trobada \u00ab.<\/em><\/h2>\n<p>[\/et_pb_text][et_pb_text _builder_version=\u00bb4.9.0&#8243; _module_preset=\u00bbdefault\u00bb]<\/p>\n<p><strong>\u00c1ngel Asurmendi<\/strong> va agrair la tasca de les parr\u00f2quies salesianes. Especialment va destacar la seva dimensi\u00f3 social amb el rostre que t\u00e9 l&#8217;Esgl\u00e9sia a trav\u00e9s de C\u00e0ritas i altres entitats, atenent tantes persones que en aquests moments truquen a les nostres portes demandant una m\u00e0 samaritana.<\/p>\n<p>En aquest context va destacar la tasca de la parr\u00f2quia salesiana de Girona, que actualment at\u00e9n feligresos de 74 nacionalitats. \u00abA cada parr\u00f2quia que he visitat hi ha una situaci\u00f3 que no \u00e9s comuna o habitual i que posa a les nostres cases en incertesa. Veig que \u00e9s moment de renovar, d&#8217;arriscar i llan\u00e7ar-se a nous reptes. Per aix\u00f2 considero que \u00e9s tremendament oport\u00fa que aquest congr\u00e9s de &#8216;Poble de D\u00e9u en sortida&#8217; compti amb el gran suport dels laics. \u00c9s veritat, hem d&#8217;estar en situaci\u00f3 de sortida, com la primera esgl\u00e9sia que es llan\u00e7ava a evangelitzar all\u00e0 on ning\u00fa els podia entendre i sense dubtar-ho es van deixar portar per aquesta missi\u00f3, amb la for\u00e7a de l&#8217;Esperit \u00ab.<\/p>\n<p>[\/et_pb_text][et_pb_text _builder_version=\u00bb4.9.0&#8243; _module_preset=\u00bbdefault\u00bb]<\/p>\n<h3><strong>Hall, sal\u00f3 i cuina. Elements imprescindibles d&#8217;una parr\u00f2quia salesiana.<\/strong><\/h3>\n<p>Miguel \u00c1ngel Calavia, coordinador nacional de Parr\u00f2quies Salesianes, en la seva conclusi\u00f3 final de la trobada va comen\u00e7ar destacant la pon\u00e8ncia del bisbe Antoni Vadell.<\/p>\n<p>\u00abLes nostres parr\u00f2quies han de tenir un hall on es rebi a la gent, se l\u2019escolti, un sal\u00f3 on es debati, es dialogui, es vegin els pros i contres de la vida de la parr\u00f2quia. Aqu\u00ed hi t\u00e9 un paper molt important el consell parroquial i l&#8217;Assemblea parroquial, perqu\u00e8 la gent opini, digui la seva paraula, una paraula que ha de ser acceptada pel rector. Despr\u00e9s hi ha la cuina, on es cou tot per nodrir i alimentar, un lloc per a les relacions personals i tamb\u00e9 per a l&#8217;acompanyament personal dels fidels i de les persones.<\/p>\n<p>[\/et_pb_text][et_pb_text _builder_version=\u00bb4.9.0&#8243; _module_preset=\u00bbdefault\u00bb]<\/p>\n<h3 style=\"text-align: center\">\u00abLes nostres parr\u00f2quies han de tenir un hall on es rebi a la gent, un sal\u00f3 on es dialogui i una cuina, on es cogui tot\u00bb<\/h3>\n<p>[\/et_pb_text][et_pb_gallery gallery_ids=\u00bb16811,16810,16820,16821,16824,16812,16825,16823&#8243; show_title_and_caption=\u00bboff\u00bb show_pagination=\u00bboff\u00bb _builder_version=\u00bb4.9.0&#8243; custom_margin=\u00bb||-19px|||\u00bb border_radii=\u00bbon|20px|20px|20px|20px\u00bb border_width_all=\u00bb3px\u00bb border_color_all=\u00bb#dc001b\u00bb][\/et_pb_gallery][\/et_pb_column][\/et_pb_row][et_pb_row _builder_version=\u00bb4.6.1&#8243; _module_preset=\u00bbdefault\u00bb custom_margin=\u00bb-71px|auto||auto||\u00bb][et_pb_column type=\u00bb4_4&#8243; _builder_version=\u00bb4.6.1&#8243; _module_preset=\u00bbdefault\u00bb][et_pb_divider show_divider=\u00bboff\u00bb _builder_version=\u00bb4.6.1&#8243; _module_preset=\u00bbdefault\u00bb custom_margin=\u00bb||17px||false|false\u00bb][\/et_pb_divider][et_pb_text _builder_version=\u00bb4.9.0&#8243; _module_preset=\u00bbdefault\u00bb custom_margin=\u00bb29px|||||\u00bb]<\/p>\n<h2><strong>Trepitjant terra<\/strong><\/h2>\n<p>[\/et_pb_text][et_pb_text _builder_version=\u00bb4.9.0&#8243; _module_preset=\u00bbdefault\u00bb custom_margin=\u00bb-15px|||||\u00bb]<\/p>\n<p>Va continuar recordant la interpretaci\u00f3 que va fer el bisbe de la multiplicaci\u00f3 dels pans i els peixos, on <strong>la gent es va asseure a l&#8217;herba, i no en una cadira<\/strong>. \u00ab\u00c9s molt important que tots els agents de pastoral seiem, trepitgem terra al costat de la gent, perqu\u00e8 ens ajuda a entendre, comprendre i veure les necessitats dels altres\u00bb.<\/p>\n<p>\u00ab\u00c9s molt important que tots els agents de pastoral trepitgem terra a al costat de la gent, perqu\u00e8 ens ajuda a entendre, comprendre i veure les necessitats dels altres\u00bb.<\/p>\n<p>Aquesta pand\u00e8mia ens fa m\u00e9s humils pel que fa als fruits de la nostra acci\u00f3 pastoral, per\u00f2 jo crec que ajudar\u00e0 a donar profunditat. La pastoral parroquial despr\u00e9s de la pand\u00e8mia no ser\u00e0 igual perqu\u00e8 potser despr\u00e9s d&#8217;aquest virus n\u2019arriba un altre i els ensenyaments que ens ha donat poden ser molt valuosos.<\/p>\n<blockquote>\n<p>I va concloure dient: \u00ab\u00c0nim i freq\u00fcentem el futur amb esperan\u00e7a, perqu\u00e8 el futur no ens atrapi i ens tregui credibilitat\u00bb.<\/p>\n<\/blockquote>\n<p>La trobada va comptar amb la participaci\u00f3 dels inspectors de les dues inspectories d&#8217;Espanya i dels dos delegats inspectorials de Pastoral Juvenil. Tamb\u00e9 va comptar amb tallers impartits per Xavier Morlans, Ana Arbona, Pedro V\u00edlchez, Manuel Olid, Myrian Navarro, \u00c1lvaro Ginel i Franciso Javier Cruz.<\/p>\n<p>[\/et_pb_text][et_pb_button button_url=\u00bbhttps:\/\/pastoraljuvenil.es\/congresoparroquias\/\u00bb url_new_window=\u00bbon\u00bb button_text=\u00bbVeure tots els v\u00eddeos\u00bb button_alignment=\u00bbcenter\u00bb _builder_version=\u00bb4.9.0&#8243; _module_preset=\u00bbdefault\u00bb custom_button=\u00bbon\u00bb button_text_size=\u00bb19px\u00bb button_text_color=\u00bb#ffffff\u00bb button_bg_color=\u00bb#dc001b\u00bb button_border_color=\u00bb#dc001b\u00bb button_border_radius=\u00bb18px\u00bb button_icon=\u00bb%%198%%\u00bb button_icon_color=\u00bb#ffffff\u00bb][\/et_pb_button][\/et_pb_column][\/et_pb_row][et_pb_row _builder_version=\u00bb4.7.3&#8243; _module_preset=\u00bbdefault\u00bb custom_margin=\u00bb-26px|auto||auto||\u00bb][et_pb_column type=\u00bb4_4&#8243; _builder_version=\u00bb4.7.3&#8243; _module_preset=\u00bbdefault\u00bb][et_pb_image src=\u00bbhttps:\/\/www.salesianos.edu\/revistasmx\/wp-content\/uploads\/sites\/8\/2021\/02\/Cartel-Parroquias-2021-scaled-1.jpg\u00bb title_text=\u00bbCartel-Parroquias-2021-scaled\u00bb url=\u00bbhttps:\/\/pastoraljuvenil.es\/congresoparroquias\/\u00bb url_new_window=\u00bbon\u00bb _builder_version=\u00bb4.9.0&#8243; _module_preset=\u00bbdefault\u00bb border_radii=\u00bbon|25px|25px|25px|25px\u00bb border_width_all=\u00bb2px\u00bb border_color_all=\u00bb#51626F\u00bb box_shadow_style=\u00bbpreset2&#8243; transform_styles__hover_enabled=\u00bbon|hover\u00bb transform_scale__hover_enabled=\u00bbon|hover\u00bb transform_translate__hover_enabled=\u00bbon|desktop\u00bb transform_rotate__hover_enabled=\u00bbon|desktop\u00bb transform_skew__hover_enabled=\u00bbon|desktop\u00bb transform_origin__hover_enabled=\u00bbon|desktop\u00bb transform_scale__hover=\u00bb104%|104%\u00bb][\/et_pb_image][\/et_pb_column][\/et_pb_row][\/et_pb_section]<\/p>\n","protected":false},"excerpt":{"rendered":"<p>El Congr\u00e9s de Parr\u00f2quies Salesianes convida a les cases salesianes a ser espais d&#8217;espiritualitat, oraci\u00f3 i d&#8217;escolta per acollir i comprendre.<\/p>\n","protected":false},"author":12,"featured_media":16949,"comment_status":"open","ping_status":"closed","sticky":false,"template":"","format":"standard","meta":{"_et_pb_use_builder":"on","_et_pb_old_content":"","_et_gb_content_width":"","footnotes":""},"categories":[53],"tags":[],"class_list":["post-16932","post","type-post","status-publish","format-standard","has-post-thumbnail","hentry","category-a-fons"],"yoast_head":"<!-- This site is optimized with the Yoast SEO plugin v27.5 - https:\/\/yoast.com\/product\/yoast-seo-wordpress\/ -->\n<title>Les parr\u00f2quies salesianes cridades a ser punt de trobada - Revista SMX<\/title>\n<meta name=\"description\" content=\"El Congreso de Parroquias Salesianas invita a las casas salesianas a ser espacios de espiritualidad, oraci\u00f3n y de escucha para acoger y comprender\" \/>\n<meta name=\"robots\" content=\"index, follow, max-snippet:-1, max-image-preview:large, max-video-preview:-1\" \/>\n<link rel=\"canonical\" href=\"http:\/\/www.salesianos.edu\/revistasmx\/ca\/les-parroquies-salesianes-cridades-a-ser-punt-de-trobada\/\" \/>\n<meta property=\"og:locale\" content=\"es_ES\" \/>\n<meta property=\"og:type\" content=\"article\" \/>\n<meta property=\"og:title\" content=\"Les parr\u00f2quies salesianes cridades a ser punt de trobada - Revista SMX\" \/>\n<meta property=\"og:description\" content=\"El Congreso de Parroquias Salesianas invita a las casas salesianas a ser espacios de espiritualidad, oraci\u00f3n y de escucha para acoger y comprender\" \/>\n<meta property=\"og:url\" content=\"http:\/\/www.salesianos.edu\/revistasmx\/ca\/les-parroquies-salesianes-cridades-a-ser-punt-de-trobada\/\" \/>\n<meta property=\"og:site_name\" content=\"Revista SMX\" \/>\n<meta property=\"article:published_time\" content=\"2021-02-26T11:11:09+00:00\" \/>\n<meta property=\"article:modified_time\" content=\"2021-02-26T13:20:26+00:00\" \/>\n<meta property=\"og:image\" content=\"http:\/\/www.salesianos.edu\/revistasmx\/wp-content\/uploads\/sites\/8\/2021\/02\/DSC05682-1-scaled.jpg\" \/>\n\t<meta property=\"og:image:width\" content=\"2560\" \/>\n\t<meta property=\"og:image:height\" content=\"1438\" \/>\n\t<meta property=\"og:image:type\" content=\"image\/jpeg\" \/>\n<meta name=\"author\" content=\"joseluisgarciamoscoso\" \/>\n<meta name=\"twitter:card\" content=\"summary_large_image\" \/>\n<meta name=\"twitter:label1\" content=\"Escrito por\" \/>\n\t<meta name=\"twitter:data1\" content=\"joseluisgarciamoscoso\" \/>\n\t<meta name=\"twitter:label2\" content=\"Tiempo de lectura\" \/>\n\t<meta name=\"twitter:data2\" content=\"6 minutos\" \/>\n<script type=\"application\/ld+json\" class=\"yoast-schema-graph\">{\"@context\":\"https:\\\/\\\/schema.org\",\"@graph\":[{\"@type\":\"Article\",\"@id\":\"http:\\\/\\\/www.salesianos.edu\\\/revistasmx\\\/ca\\\/les-parroquies-salesianes-cridades-a-ser-punt-de-trobada\\\/#article\",\"isPartOf\":{\"@id\":\"http:\\\/\\\/www.salesianos.edu\\\/revistasmx\\\/ca\\\/les-parroquies-salesianes-cridades-a-ser-punt-de-trobada\\\/\"},\"author\":{\"name\":\"joseluisgarciamoscoso\",\"@id\":\"http:\\\/\\\/www.salesianos.edu\\\/revistasmx\\\/#\\\/schema\\\/person\\\/a1d72ee5373cce7347fb2993ba9f47d6\"},\"headline\":\"Les parr\u00f2quies salesianes cridades a ser punt de trobada\",\"datePublished\":\"2021-02-26T11:11:09+00:00\",\"dateModified\":\"2021-02-26T13:20:26+00:00\",\"mainEntityOfPage\":{\"@id\":\"http:\\\/\\\/www.salesianos.edu\\\/revistasmx\\\/ca\\\/les-parroquies-salesianes-cridades-a-ser-punt-de-trobada\\\/\"},\"wordCount\":1262,\"commentCount\":0,\"image\":{\"@id\":\"http:\\\/\\\/www.salesianos.edu\\\/revistasmx\\\/ca\\\/les-parroquies-salesianes-cridades-a-ser-punt-de-trobada\\\/#primaryimage\"},\"thumbnailUrl\":\"http:\\\/\\\/www.salesianos.edu\\\/revistasmx\\\/wp-content\\\/uploads\\\/sites\\\/8\\\/2021\\\/02\\\/DSC05682-1-scaled.jpg\",\"articleSection\":[\"A FONS\"],\"inLanguage\":\"es\",\"potentialAction\":[{\"@type\":\"CommentAction\",\"name\":\"Comment\",\"target\":[\"http:\\\/\\\/www.salesianos.edu\\\/revistasmx\\\/ca\\\/les-parroquies-salesianes-cridades-a-ser-punt-de-trobada\\\/#respond\"]}]},{\"@type\":\"WebPage\",\"@id\":\"http:\\\/\\\/www.salesianos.edu\\\/revistasmx\\\/ca\\\/les-parroquies-salesianes-cridades-a-ser-punt-de-trobada\\\/\",\"url\":\"http:\\\/\\\/www.salesianos.edu\\\/revistasmx\\\/ca\\\/les-parroquies-salesianes-cridades-a-ser-punt-de-trobada\\\/\",\"name\":\"Les parr\u00f2quies salesianes cridades a ser punt de trobada - Revista SMX\",\"isPartOf\":{\"@id\":\"http:\\\/\\\/www.salesianos.edu\\\/revistasmx\\\/#website\"},\"primaryImageOfPage\":{\"@id\":\"http:\\\/\\\/www.salesianos.edu\\\/revistasmx\\\/ca\\\/les-parroquies-salesianes-cridades-a-ser-punt-de-trobada\\\/#primaryimage\"},\"image\":{\"@id\":\"http:\\\/\\\/www.salesianos.edu\\\/revistasmx\\\/ca\\\/les-parroquies-salesianes-cridades-a-ser-punt-de-trobada\\\/#primaryimage\"},\"thumbnailUrl\":\"http:\\\/\\\/www.salesianos.edu\\\/revistasmx\\\/wp-content\\\/uploads\\\/sites\\\/8\\\/2021\\\/02\\\/DSC05682-1-scaled.jpg\",\"datePublished\":\"2021-02-26T11:11:09+00:00\",\"dateModified\":\"2021-02-26T13:20:26+00:00\",\"author\":{\"@id\":\"http:\\\/\\\/www.salesianos.edu\\\/revistasmx\\\/#\\\/schema\\\/person\\\/a1d72ee5373cce7347fb2993ba9f47d6\"},\"description\":\"El Congreso de Parroquias Salesianas invita a las casas salesianas a ser espacios de espiritualidad, oraci\u00f3n y de escucha para acoger y comprender\",\"breadcrumb\":{\"@id\":\"http:\\\/\\\/www.salesianos.edu\\\/revistasmx\\\/ca\\\/les-parroquies-salesianes-cridades-a-ser-punt-de-trobada\\\/#breadcrumb\"},\"inLanguage\":\"es\",\"potentialAction\":[{\"@type\":\"ReadAction\",\"target\":[\"http:\\\/\\\/www.salesianos.edu\\\/revistasmx\\\/ca\\\/les-parroquies-salesianes-cridades-a-ser-punt-de-trobada\\\/\"]}]},{\"@type\":\"ImageObject\",\"inLanguage\":\"es\",\"@id\":\"http:\\\/\\\/www.salesianos.edu\\\/revistasmx\\\/ca\\\/les-parroquies-salesianes-cridades-a-ser-punt-de-trobada\\\/#primaryimage\",\"url\":\"http:\\\/\\\/www.salesianos.edu\\\/revistasmx\\\/wp-content\\\/uploads\\\/sites\\\/8\\\/2021\\\/02\\\/DSC05682-1-scaled.jpg\",\"contentUrl\":\"http:\\\/\\\/www.salesianos.edu\\\/revistasmx\\\/wp-content\\\/uploads\\\/sites\\\/8\\\/2021\\\/02\\\/DSC05682-1-scaled.jpg\",\"width\":2560,\"height\":1438},{\"@type\":\"BreadcrumbList\",\"@id\":\"http:\\\/\\\/www.salesianos.edu\\\/revistasmx\\\/ca\\\/les-parroquies-salesianes-cridades-a-ser-punt-de-trobada\\\/#breadcrumb\",\"itemListElement\":[{\"@type\":\"ListItem\",\"position\":1,\"name\":\"Portada\",\"item\":\"https:\\\/\\\/www.salesianos.edu\\\/revistasmx\\\/\"},{\"@type\":\"ListItem\",\"position\":2,\"name\":\"Les parr\u00f2quies salesianes cridades a ser punt de trobada\"}]},{\"@type\":\"WebSite\",\"@id\":\"http:\\\/\\\/www.salesianos.edu\\\/revistasmx\\\/#website\",\"url\":\"http:\\\/\\\/www.salesianos.edu\\\/revistasmx\\\/\",\"name\":\"Revista SMX\",\"description\":\"P\u00e1gina oficial de Inspector\u00eda Salesiana Mar\u00eda Auxiliadora\",\"potentialAction\":[{\"@type\":\"SearchAction\",\"target\":{\"@type\":\"EntryPoint\",\"urlTemplate\":\"http:\\\/\\\/www.salesianos.edu\\\/revistasmx\\\/?s={search_term_string}\"},\"query-input\":{\"@type\":\"PropertyValueSpecification\",\"valueRequired\":true,\"valueName\":\"search_term_string\"}}],\"inLanguage\":\"es\"},{\"@type\":\"Person\",\"@id\":\"http:\\\/\\\/www.salesianos.edu\\\/revistasmx\\\/#\\\/schema\\\/person\\\/a1d72ee5373cce7347fb2993ba9f47d6\",\"name\":\"joseluisgarciamoscoso\",\"image\":{\"@type\":\"ImageObject\",\"inLanguage\":\"es\",\"@id\":\"https:\\\/\\\/secure.gravatar.com\\\/avatar\\\/3fda3a0b2db3bc9a39871e47cbd526b42d6c3b74755b7ae1400a87b2913fea6a?s=96&d=mm&r=g\",\"url\":\"https:\\\/\\\/secure.gravatar.com\\\/avatar\\\/3fda3a0b2db3bc9a39871e47cbd526b42d6c3b74755b7ae1400a87b2913fea6a?s=96&d=mm&r=g\",\"contentUrl\":\"https:\\\/\\\/secure.gravatar.com\\\/avatar\\\/3fda3a0b2db3bc9a39871e47cbd526b42d6c3b74755b7ae1400a87b2913fea6a?s=96&d=mm&r=g\",\"caption\":\"joseluisgarciamoscoso\"}}]}<\/script>\n<!-- \/ Yoast SEO plugin. -->","yoast_head_json":{"title":"Les parr\u00f2quies salesianes cridades a ser punt de trobada - Revista SMX","description":"El Congreso de Parroquias Salesianas invita a las casas salesianas a ser espacios de espiritualidad, oraci\u00f3n y de escucha para acoger y comprender","robots":{"index":"index","follow":"follow","max-snippet":"max-snippet:-1","max-image-preview":"max-image-preview:large","max-video-preview":"max-video-preview:-1"},"canonical":"http:\/\/www.salesianos.edu\/revistasmx\/ca\/les-parroquies-salesianes-cridades-a-ser-punt-de-trobada\/","og_locale":"es_ES","og_type":"article","og_title":"Les parr\u00f2quies salesianes cridades a ser punt de trobada - Revista SMX","og_description":"El Congreso de Parroquias Salesianas invita a las casas salesianas a ser espacios de espiritualidad, oraci\u00f3n y de escucha para acoger y comprender","og_url":"http:\/\/www.salesianos.edu\/revistasmx\/ca\/les-parroquies-salesianes-cridades-a-ser-punt-de-trobada\/","og_site_name":"Revista SMX","article_published_time":"2021-02-26T11:11:09+00:00","article_modified_time":"2021-02-26T13:20:26+00:00","og_image":[{"width":2560,"height":1438,"url":"http:\/\/www.salesianos.edu\/revistasmx\/wp-content\/uploads\/sites\/8\/2021\/02\/DSC05682-1-scaled.jpg","type":"image\/jpeg"}],"author":"joseluisgarciamoscoso","twitter_card":"summary_large_image","twitter_misc":{"Escrito por":"joseluisgarciamoscoso","Tiempo de lectura":"6 minutos"},"schema":{"@context":"https:\/\/schema.org","@graph":[{"@type":"Article","@id":"http:\/\/www.salesianos.edu\/revistasmx\/ca\/les-parroquies-salesianes-cridades-a-ser-punt-de-trobada\/#article","isPartOf":{"@id":"http:\/\/www.salesianos.edu\/revistasmx\/ca\/les-parroquies-salesianes-cridades-a-ser-punt-de-trobada\/"},"author":{"name":"joseluisgarciamoscoso","@id":"http:\/\/www.salesianos.edu\/revistasmx\/#\/schema\/person\/a1d72ee5373cce7347fb2993ba9f47d6"},"headline":"Les parr\u00f2quies salesianes cridades a ser punt de trobada","datePublished":"2021-02-26T11:11:09+00:00","dateModified":"2021-02-26T13:20:26+00:00","mainEntityOfPage":{"@id":"http:\/\/www.salesianos.edu\/revistasmx\/ca\/les-parroquies-salesianes-cridades-a-ser-punt-de-trobada\/"},"wordCount":1262,"commentCount":0,"image":{"@id":"http:\/\/www.salesianos.edu\/revistasmx\/ca\/les-parroquies-salesianes-cridades-a-ser-punt-de-trobada\/#primaryimage"},"thumbnailUrl":"http:\/\/www.salesianos.edu\/revistasmx\/wp-content\/uploads\/sites\/8\/2021\/02\/DSC05682-1-scaled.jpg","articleSection":["A FONS"],"inLanguage":"es","potentialAction":[{"@type":"CommentAction","name":"Comment","target":["http:\/\/www.salesianos.edu\/revistasmx\/ca\/les-parroquies-salesianes-cridades-a-ser-punt-de-trobada\/#respond"]}]},{"@type":"WebPage","@id":"http:\/\/www.salesianos.edu\/revistasmx\/ca\/les-parroquies-salesianes-cridades-a-ser-punt-de-trobada\/","url":"http:\/\/www.salesianos.edu\/revistasmx\/ca\/les-parroquies-salesianes-cridades-a-ser-punt-de-trobada\/","name":"Les parr\u00f2quies salesianes cridades a ser punt de trobada - Revista SMX","isPartOf":{"@id":"http:\/\/www.salesianos.edu\/revistasmx\/#website"},"primaryImageOfPage":{"@id":"http:\/\/www.salesianos.edu\/revistasmx\/ca\/les-parroquies-salesianes-cridades-a-ser-punt-de-trobada\/#primaryimage"},"image":{"@id":"http:\/\/www.salesianos.edu\/revistasmx\/ca\/les-parroquies-salesianes-cridades-a-ser-punt-de-trobada\/#primaryimage"},"thumbnailUrl":"http:\/\/www.salesianos.edu\/revistasmx\/wp-content\/uploads\/sites\/8\/2021\/02\/DSC05682-1-scaled.jpg","datePublished":"2021-02-26T11:11:09+00:00","dateModified":"2021-02-26T13:20:26+00:00","author":{"@id":"http:\/\/www.salesianos.edu\/revistasmx\/#\/schema\/person\/a1d72ee5373cce7347fb2993ba9f47d6"},"description":"El Congreso de Parroquias Salesianas invita a las casas salesianas a ser espacios de espiritualidad, oraci\u00f3n y de escucha para acoger y comprender","breadcrumb":{"@id":"http:\/\/www.salesianos.edu\/revistasmx\/ca\/les-parroquies-salesianes-cridades-a-ser-punt-de-trobada\/#breadcrumb"},"inLanguage":"es","potentialAction":[{"@type":"ReadAction","target":["http:\/\/www.salesianos.edu\/revistasmx\/ca\/les-parroquies-salesianes-cridades-a-ser-punt-de-trobada\/"]}]},{"@type":"ImageObject","inLanguage":"es","@id":"http:\/\/www.salesianos.edu\/revistasmx\/ca\/les-parroquies-salesianes-cridades-a-ser-punt-de-trobada\/#primaryimage","url":"http:\/\/www.salesianos.edu\/revistasmx\/wp-content\/uploads\/sites\/8\/2021\/02\/DSC05682-1-scaled.jpg","contentUrl":"http:\/\/www.salesianos.edu\/revistasmx\/wp-content\/uploads\/sites\/8\/2021\/02\/DSC05682-1-scaled.jpg","width":2560,"height":1438},{"@type":"BreadcrumbList","@id":"http:\/\/www.salesianos.edu\/revistasmx\/ca\/les-parroquies-salesianes-cridades-a-ser-punt-de-trobada\/#breadcrumb","itemListElement":[{"@type":"ListItem","position":1,"name":"Portada","item":"https:\/\/www.salesianos.edu\/revistasmx\/"},{"@type":"ListItem","position":2,"name":"Les parr\u00f2quies salesianes cridades a ser punt de trobada"}]},{"@type":"WebSite","@id":"http:\/\/www.salesianos.edu\/revistasmx\/#website","url":"http:\/\/www.salesianos.edu\/revistasmx\/","name":"Revista SMX","description":"P\u00e1gina oficial de Inspector\u00eda Salesiana Mar\u00eda Auxiliadora","potentialAction":[{"@type":"SearchAction","target":{"@type":"EntryPoint","urlTemplate":"http:\/\/www.salesianos.edu\/revistasmx\/?s={search_term_string}"},"query-input":{"@type":"PropertyValueSpecification","valueRequired":true,"valueName":"search_term_string"}}],"inLanguage":"es"},{"@type":"Person","@id":"http:\/\/www.salesianos.edu\/revistasmx\/#\/schema\/person\/a1d72ee5373cce7347fb2993ba9f47d6","name":"joseluisgarciamoscoso","image":{"@type":"ImageObject","inLanguage":"es","@id":"https:\/\/secure.gravatar.com\/avatar\/3fda3a0b2db3bc9a39871e47cbd526b42d6c3b74755b7ae1400a87b2913fea6a?s=96&d=mm&r=g","url":"https:\/\/secure.gravatar.com\/avatar\/3fda3a0b2db3bc9a39871e47cbd526b42d6c3b74755b7ae1400a87b2913fea6a?s=96&d=mm&r=g","contentUrl":"https:\/\/secure.gravatar.com\/avatar\/3fda3a0b2db3bc9a39871e47cbd526b42d6c3b74755b7ae1400a87b2913fea6a?s=96&d=mm&r=g","caption":"joseluisgarciamoscoso"}}]}},"_links":{"self":[{"href":"http:\/\/www.salesianos.edu\/revistasmx\/wp-json\/wp\/v2\/posts\/16932","targetHints":{"allow":["GET"]}}],"collection":[{"href":"http:\/\/www.salesianos.edu\/revistasmx\/wp-json\/wp\/v2\/posts"}],"about":[{"href":"http:\/\/www.salesianos.edu\/revistasmx\/wp-json\/wp\/v2\/types\/post"}],"author":[{"embeddable":true,"href":"http:\/\/www.salesianos.edu\/revistasmx\/wp-json\/wp\/v2\/users\/12"}],"replies":[{"embeddable":true,"href":"http:\/\/www.salesianos.edu\/revistasmx\/wp-json\/wp\/v2\/comments?post=16932"}],"version-history":[{"count":5,"href":"http:\/\/www.salesianos.edu\/revistasmx\/wp-json\/wp\/v2\/posts\/16932\/revisions"}],"predecessor-version":[{"id":16950,"href":"http:\/\/www.salesianos.edu\/revistasmx\/wp-json\/wp\/v2\/posts\/16932\/revisions\/16950"}],"wp:featuredmedia":[{"embeddable":true,"href":"http:\/\/www.salesianos.edu\/revistasmx\/wp-json\/wp\/v2\/media\/16949"}],"wp:attachment":[{"href":"http:\/\/www.salesianos.edu\/revistasmx\/wp-json\/wp\/v2\/media?parent=16932"}],"wp:term":[{"taxonomy":"category","embeddable":true,"href":"http:\/\/www.salesianos.edu\/revistasmx\/wp-json\/wp\/v2\/categories?post=16932"},{"taxonomy":"post_tag","embeddable":true,"href":"http:\/\/www.salesianos.edu\/revistasmx\/wp-json\/wp\/v2\/tags?post=16932"}],"curies":[{"name":"wp","href":"https:\/\/api.w.org\/{rel}","templated":true}]}}