{"id":16809,"date":"2021-02-26T10:42:48","date_gmt":"2021-02-26T09:42:48","guid":{"rendered":"http:\/\/www.salesianos.edu\/revistasmx\/?p=16809"},"modified":"2021-03-01T13:17:20","modified_gmt":"2021-03-01T12:17:20","slug":"las-parroquias-salesianas-llamadas-a-ser-tienda-del-encuentro","status":"publish","type":"post","link":"http:\/\/www.salesianos.edu\/revistasmx\/las-parroquias-salesianas-llamadas-a-ser-tienda-del-encuentro\/","title":{"rendered":"Las parroquias salesianas llamadas a ser &#8216;Tienda del encuentro&#8217;"},"content":{"rendered":"<div id=\"fb-root\"><\/div>\n<p>[et_pb_section fb_built=\u00bb1&#8243; admin_label=\u00bbsection\u00bb _builder_version=\u00bb3.22&#8243;][et_pb_row admin_label=\u00bbrow\u00bb _builder_version=\u00bb4.7.3&#8243; background_size=\u00bbinitial\u00bb background_position=\u00bbtop_left\u00bb background_repeat=\u00bbrepeat\u00bb][et_pb_column type=\u00bb4_4&#8243; _builder_version=\u00bb3.25&#8243; custom_padding=\u00bb|||\u00bb custom_padding__hover=\u00bb|||\u00bb][et_pb_text _builder_version=\u00bb4.9.0&#8243; _module_preset=\u00bbdefault\u00bb]<\/p>\n<p style=\"text-align: left\"><span style=\"font-weight: 400\">Por Salesianos Comunicaci\u00f3n<\/span><\/p>\n<p>Durante los d\u00edas 19 y 20 de febrero, en formato online, tuvo lugar el Congreso de Parroquias salesianas. Esta cita sirvi\u00f3 para la puesta en com\u00fan del trabajo realizado entre p\u00e1rrocos y laicos bajo el lema \u201cLa parroquia salesiana, pueblo de Dios en salida\u201d. Tambi\u00e9n permiti\u00f3 ofrecer buenas pr\u00e1cticas y testimonios relacionados con los caminos visualizados en el Congreso de laicos.<\/p>\n<p>El inspector de Santiago El Mayor, Fernando Garc\u00eda, recordaba las palabras de Miguel \u00c1ngel G. Morcuende, consejero general para la Pastoral Juvenil en su intervenci\u00f3n cuando dec\u00eda que \u201cvivimos en un contexto donde no tenemos tantos fieles como peregrinos en nuestras parroquias. En un contexto as\u00ed la parroquia est\u00e1 llamada a ser una tienda del encuentro\u201d.<\/p>\n<blockquote>\n<p>Recordando\u00a0 un pasaje de la Enc\u00edclica Evangelii Gaudium se\u00f1alaba que \u201ctal vez la situaci\u00f3n que estamos viviendo para muchas personas les haga surgir una b\u00fasqueda de Dios que pod\u00eda estar adormecida y que puede suponer un nuevo peregrinaje en la vida y ojal\u00e1 la parroquia salesiana sea un lugar de que no defraude esa b\u00fasqueda de Dios, que yo creo que requiere espacios de espiritualidad, espacios de oraci\u00f3n, y espacios de escucha para acoger y comprender\u201d.<\/p>\n<\/blockquote>\n<p>[\/et_pb_text][et_pb_gallery gallery_ids=\u00bb16813,16814,16818,16817,16816,16815&#8243; show_title_and_caption=\u00bboff\u00bb show_pagination=\u00bboff\u00bb _builder_version=\u00bb4.9.0&#8243; custom_margin=\u00bb||-19px|||\u00bb border_radii=\u00bbon|20px|20px|20px|20px\u00bb border_width_all=\u00bb3px\u00bb border_color_all=\u00bb#dc001b\u00bb][\/et_pb_gallery][et_pb_text _builder_version=\u00bb4.9.0&#8243; _module_preset=\u00bbdefault\u00bb]<\/p>\n<h2 style=\"text-align: center\"><em>\u201cVivimos en un contexto donde no tenemos tantos fieles como peregrinos en nuestras parroquias. En un contexto as\u00ed la parroquia est\u00e1 llamada a ser una tienda del encuentro\u201d.<\/em><\/h2>\n<p>[\/et_pb_text][et_pb_text _builder_version=\u00bb4.9.0&#8243; _module_preset=\u00bbdefault\u00bb]<\/p>\n<p><strong>\u00c1ngel Asurmendi<\/strong> agradeci\u00f3 la labor de las parroquias salesianas. Especialmente destac\u00f3 la dimensi\u00f3n social de las mismas con el rostro que tiene la Iglesia a trav\u00e9s de C\u00e1ritas y otras entidades, atendiendo a tantas personas que en estos momentos llaman a nuestras puertas demandando una mano samaritana.<\/p>\n<p>En este contexto destac\u00f3 la labor de la parroquia salesiana de Girona que actualmente atiende a feligreses de 74 nacionalidades de todo el mundo. \u201cEn cada parroquia que he visitado hay una situaci\u00f3n que no es com\u00fan o habitual que pone a nuestras casas en incertidumbre. Veo que es momento de renovar, de arriesgar y lanzarse a nuevos retos. Por eso considero que es tremendamente oportuno este congreso de \u2018Pueblo de Dios en salida\u2019 contando con el gran apoyo de los laicos. Es verdad tenemos que estar en situaci\u00f3n de salida, como la primera iglesia que se lanzaba a evangelizar all\u00ed donde nadie les pod\u00eda entender\u00a0 y sin dudarlo se dejaron llevar por esa misi\u00f3n, con la fuerza del Esp\u00edritu\u201d.<\/p>\n<p>[\/et_pb_text][et_pb_text _builder_version=\u00bb4.9.0&#8243; _module_preset=\u00bbdefault\u00bb]<\/p>\n<h3><strong>Hall, sal\u00f3n y cocina. Elementos imprescindibles de una parroquia salesiana.<\/strong><\/h3>\n<p>Miguel \u00c1ngel Calavia, coordinador nacional de Parroquias Salesianas en su conclusi\u00f3n final del encuentro comenz\u00f3 destacando la ponencia del obispo Toni Vadell.<\/p>\n<p>\u201cNuestras parroquias han de tener un hall donde se reciba a la gente, se escuche, un sal\u00f3n donde se debata, se dialogue, se vean los pros y contras de la vida de la parroquia. Aqu\u00ed cuenta un papel muy importante el consejo parroquial y la Asamblea parroquial para que la gente opine, diga su palabra, una palabra que debe ser aceptada por el p\u00e1rroco. Despu\u00e9s est\u00e1 la cocina, donde se cuece todo para nutrir y alimentar, un lugar para las relaciones personales y tambi\u00e9n para el acompa\u00f1amiento personal de los fieles y de las personas.<\/p>\n<p>[\/et_pb_text][et_pb_text _builder_version=\u00bb4.9.0&#8243; _module_preset=\u00bbdefault\u00bb]<\/p>\n<h2 style=\"text-align: center\"><em>\u201cNuestras parroquias han de tener un hall donde se reciba a la gente, un sal\u00f3n donde se dialogue y una cocina, donde se cueza todo\u201d<\/em><\/h2>\n<p>[\/et_pb_text][et_pb_gallery gallery_ids=\u00bb16811,16810,16820,16821,16824,16812,16825,16823&#8243; show_title_and_caption=\u00bboff\u00bb show_pagination=\u00bboff\u00bb _builder_version=\u00bb4.9.0&#8243; custom_margin=\u00bb||-19px|||\u00bb border_radii=\u00bbon|20px|20px|20px|20px\u00bb border_width_all=\u00bb3px\u00bb border_color_all=\u00bb#dc001b\u00bb][\/et_pb_gallery][\/et_pb_column][\/et_pb_row][et_pb_row _builder_version=\u00bb4.6.1&#8243; _module_preset=\u00bbdefault\u00bb custom_margin=\u00bb-71px|auto||auto||\u00bb][et_pb_column type=\u00bb4_4&#8243; _builder_version=\u00bb4.6.1&#8243; _module_preset=\u00bbdefault\u00bb][et_pb_divider show_divider=\u00bboff\u00bb _builder_version=\u00bb4.6.1&#8243; _module_preset=\u00bbdefault\u00bb custom_margin=\u00bb||17px||false|false\u00bb][\/et_pb_divider][et_pb_text _builder_version=\u00bb4.9.0&#8243; _module_preset=\u00bbdefault\u00bb custom_margin=\u00bb29px|||||\u00bb]<\/p>\n<h2><b>Pisando tierra<\/b><\/h2>\n<p>[\/et_pb_text][et_pb_text _builder_version=\u00bb4.9.0&#8243; _module_preset=\u00bbdefault\u00bb custom_margin=\u00bb-15px|||||\u00bb]<\/p>\n<p>Continu\u00f3 recordando la interpretaci\u00f3n que hizo el obispo de la Multiplicaci\u00f3n de los panes y los peces, donde <strong>la gente se sent\u00f3 en la hierba, y no en una silla<\/strong>. \u201cEs muy importante que todos los agentes de pastoral nos sentemos, pisemos tierra al lado de la gente, lo que nos ayuda a entender, comprender y ver las necesidades de los dem\u00e1s\u201d.<\/p>\n<blockquote>\n<p><em>\u201cEs muy importante que todos los agentes de pastoral pisemos tierra al lado de la gente, lo que nos ayuda a entender, comprender y ver las necesidades de los dem\u00e1s\u201d<\/em>.<\/p>\n<\/blockquote>\n<p>Esta pandemia nos hace m\u00e1s humildes en cuanto a los frutos de nuestra acci\u00f3n pastoral, pero yo creo que va a ayudar a dar profundidad. La pastoral parroquial despu\u00e9s de la pandemia no ser\u00e1 igual porque igual despu\u00e9s de este virus viene otro y las ense\u00f1anzas que nos ha dado pueden ser muy valiosas.<\/p>\n<p>Y concluy\u00f3 diciendo: \u201c\u00c1nimo y frecuentemos el futuro con esperanza para que el futuro no nos atrape y nos quite credibilidad\u201d.<\/p>\n<p>En el encuentro estuvieron presentes los inspectores de las dos inspector\u00edas de Espa\u00f1a y los dos delegados inspectoriales de Pastoral Juvenil, adem\u00e1s de Jos\u00e9 Miguel N\u00fa\u00f1ez, director del Centro Nacional de Pastoral Juvenil. Tambi\u00e9n cont\u00f3 con talleres impartidos por Xavier Morlans, Ana Arbona, Pedro Vilchez, Manuel Olid, Myrian Navarro, \u00c1lvaro Ginel y Franciso Javier Cruz.<\/p>\n<p>[\/et_pb_text][\/et_pb_column][\/et_pb_row][et_pb_row _builder_version=\u00bb4.6.1&#8243; _module_preset=\u00bbdefault\u00bb custom_margin=\u00bb-71px|auto||auto||\u00bb][et_pb_column type=\u00bb4_4&#8243; _builder_version=\u00bb4.6.1&#8243; _module_preset=\u00bbdefault\u00bb][et_pb_divider show_divider=\u00bboff\u00bb _builder_version=\u00bb4.9.0&#8243; _module_preset=\u00bbdefault\u00bb custom_margin=\u00bb||17px||false|false\u00bb][\/et_pb_divider][et_pb_text _builder_version=\u00bb4.9.0&#8243; _module_preset=\u00bbdefault\u00bb custom_margin=\u00bb29px|||||\u00bb]<\/p>\n<h2><b>La misi\u00f3n de los laicos<\/b><\/h2>\n<p>[\/et_pb_text][et_pb_text _builder_version=\u00bb4.9.0&#8243; _module_preset=\u00bbdefault\u00bb custom_margin=\u00bb-15px|||||\u00bb hover_enabled=\u00bb0&#8243; sticky_enabled=\u00bb0&#8243;]<\/p>\n<p><strong>Mar\u00eda Jos\u00e9 Roca, <\/strong>Salesiana Cooperadora y catequista de la Parroquia Mar\u00eda Auxiliadora de <strong>Burriana<\/strong>, afirma que seg\u00fan su experiencia, la identidad de una parroquia salesiana se centra en el carisma de D. Bosco y su misi\u00f3n es dar a conocer ese carisma a todas las personas, de cualquier edad y condici\u00f3n que se relacionan con la parroquia en alg\u00fan momento de sus vidas.<\/p>\n<blockquote>\n<p><em>\u00abEn cuanto a la misi\u00f3n de los laicos en las parroquias salesianas, en estos momentos es fundamental y absolutamente necesaria. Por desgracia, cada vez quedan menos personas consagradas que se puedan hacer cargo de todas las tareas necesarias para el buen funcionamiento de una parroquia; y ah\u00ed es donde los laicos tenemos la misi\u00f3n de colaborar, como bautizados y como creyentes\u00bb a\u00f1ade.<\/em><\/p>\n<\/blockquote>\n<p>Por su propia experiencia, en las parroquias salesianas se cuida mucho ese aspecto; se ofrece la oportunidad de formarse a todos aquellos que est\u00e1n interesados en colaborar en alguna medida en la parroquia. \u00abPersonalmente, en nuestra parroquia, siempre hemos apostado por fomentar la formaci\u00f3n de todas las personas implicadas de una u otra manera en tareas parroquiales, ya sea como catequistas de ni\u00f1os, catequistas de adolescentes, catequistas de padres, ADMAs, coordinadores, etc. Creo que \u00e9sa es la principal misi\u00f3n de los laicos en este momento, la formaci\u00f3n y la colaboraci\u00f3n\u00bb concluye.<\/p>\n<p>[\/et_pb_text][et_pb_button button_url=\u00bbhttps:\/\/pastoraljuvenil.es\/congresoparroquias\/\u00bb url_new_window=\u00bbon\u00bb button_text=\u00bbVer todos los v\u00eddeos\u00bb button_alignment=\u00bbcenter\u00bb _builder_version=\u00bb4.9.0&#8243; _module_preset=\u00bbdefault\u00bb custom_button=\u00bbon\u00bb button_text_size=\u00bb19px\u00bb button_text_color=\u00bb#ffffff\u00bb button_bg_color=\u00bb#dc001b\u00bb button_border_color=\u00bb#dc001b\u00bb button_border_radius=\u00bb18px\u00bb button_icon=\u00bb%%198%%\u00bb button_icon_color=\u00bb#ffffff\u00bb][\/et_pb_button][\/et_pb_column][\/et_pb_row][et_pb_row _builder_version=\u00bb4.7.3&#8243; _module_preset=\u00bbdefault\u00bb custom_margin=\u00bb-26px|auto||auto||\u00bb][et_pb_column type=\u00bb4_4&#8243; _builder_version=\u00bb4.7.3&#8243; _module_preset=\u00bbdefault\u00bb][et_pb_image src=\u00bbhttps:\/\/www.salesianos.edu\/revistasmx\/wp-content\/uploads\/sites\/8\/2021\/02\/Cartel-Parroquias-2021-scaled-1.jpg\u00bb title_text=\u00bbCartel-Parroquias-2021-scaled\u00bb url=\u00bbhttps:\/\/pastoraljuvenil.es\/congresoparroquias\/\u00bb url_new_window=\u00bbon\u00bb _builder_version=\u00bb4.9.0&#8243; _module_preset=\u00bbdefault\u00bb border_radii=\u00bbon|25px|25px|25px|25px\u00bb border_width_all=\u00bb2px\u00bb border_color_all=\u00bb#51626F\u00bb box_shadow_style=\u00bbpreset2&#8243; transform_styles__hover_enabled=\u00bbon|hover\u00bb transform_scale__hover_enabled=\u00bbon|hover\u00bb transform_translate__hover_enabled=\u00bbon|desktop\u00bb transform_rotate__hover_enabled=\u00bbon|desktop\u00bb transform_skew__hover_enabled=\u00bbon|desktop\u00bb transform_origin__hover_enabled=\u00bbon|desktop\u00bb transform_scale__hover=\u00bb104%|104%\u00bb][\/et_pb_image][\/et_pb_column][\/et_pb_row][\/et_pb_section]<\/p>\n","protected":false},"excerpt":{"rendered":"<p>El Congreso de Parroquias Salesianas invita a las casas salesianas a ser espacios de espiritualidad, oraci\u00f3n y de escucha para acoger y comprender<\/p>\n","protected":false},"author":12,"featured_media":16816,"comment_status":"open","ping_status":"closed","sticky":false,"template":"","format":"standard","meta":{"_et_pb_use_builder":"on","_et_pb_old_content":"","_et_gb_content_width":"","footnotes":""},"categories":[34,1],"tags":[],"class_list":["post-16809","post","type-post","status-publish","format-standard","has-post-thumbnail","hentry","category-a-fondo","category-uncategorized"],"yoast_head":"<!-- This site is optimized with the Yoast SEO plugin v27.5 - https:\/\/yoast.com\/product\/yoast-seo-wordpress\/ -->\n<title>Las parroquias salesianas llamadas a ser &#039;Tienda del encuentro&#039; - Revista SMX<\/title>\n<meta name=\"description\" content=\"El Congreso de Parroquias Salesianas invita a las casas salesianas a ser espacios de espiritualidad, oraci\u00f3n y de escucha para acoger y comprender\" \/>\n<meta name=\"robots\" content=\"index, follow, max-snippet:-1, max-image-preview:large, max-video-preview:-1\" \/>\n<link rel=\"canonical\" href=\"http:\/\/www.salesianos.edu\/revistasmx\/las-parroquias-salesianas-llamadas-a-ser-tienda-del-encuentro\/\" \/>\n<meta property=\"og:locale\" content=\"es_ES\" \/>\n<meta property=\"og:type\" content=\"article\" \/>\n<meta property=\"og:title\" content=\"Las parroquias salesianas llamadas a ser &#039;Tienda del encuentro&#039; - Revista SMX\" \/>\n<meta property=\"og:description\" content=\"El Congreso de Parroquias Salesianas invita a las casas salesianas a ser espacios de espiritualidad, oraci\u00f3n y de escucha para acoger y comprender\" \/>\n<meta property=\"og:url\" content=\"http:\/\/www.salesianos.edu\/revistasmx\/las-parroquias-salesianas-llamadas-a-ser-tienda-del-encuentro\/\" \/>\n<meta property=\"og:site_name\" content=\"Revista SMX\" \/>\n<meta property=\"article:published_time\" content=\"2021-02-26T09:42:48+00:00\" \/>\n<meta property=\"article:modified_time\" content=\"2021-03-01T12:17:20+00:00\" \/>\n<meta property=\"og:image\" content=\"https:\/\/www.salesianos.edu\/revistasmx\/wp-content\/uploads\/sites\/8\/2021\/02\/CongresoParroquias9.png\" \/>\n\t<meta property=\"og:image:width\" content=\"1079\" \/>\n\t<meta property=\"og:image:height\" content=\"626\" \/>\n\t<meta property=\"og:image:type\" content=\"image\/png\" \/>\n<meta name=\"author\" content=\"joseluisgarciamoscoso\" \/>\n<meta name=\"twitter:card\" content=\"summary_large_image\" \/>\n<meta name=\"twitter:label1\" content=\"Escrito por\" \/>\n\t<meta name=\"twitter:data1\" content=\"joseluisgarciamoscoso\" \/>\n\t<meta name=\"twitter:label2\" content=\"Tiempo de lectura\" \/>\n\t<meta name=\"twitter:data2\" content=\"8 minutos\" \/>\n<script type=\"application\/ld+json\" class=\"yoast-schema-graph\">{\"@context\":\"https:\\\/\\\/schema.org\",\"@graph\":[{\"@type\":\"Article\",\"@id\":\"http:\\\/\\\/www.salesianos.edu\\\/revistasmx\\\/las-parroquias-salesianas-llamadas-a-ser-tienda-del-encuentro\\\/#article\",\"isPartOf\":{\"@id\":\"http:\\\/\\\/www.salesianos.edu\\\/revistasmx\\\/las-parroquias-salesianas-llamadas-a-ser-tienda-del-encuentro\\\/\"},\"author\":{\"name\":\"joseluisgarciamoscoso\",\"@id\":\"http:\\\/\\\/www.salesianos.edu\\\/revistasmx\\\/#\\\/schema\\\/person\\\/a1d72ee5373cce7347fb2993ba9f47d6\"},\"headline\":\"Las parroquias salesianas llamadas a ser &#8216;Tienda del encuentro&#8217;\",\"datePublished\":\"2021-02-26T09:42:48+00:00\",\"dateModified\":\"2021-03-01T12:17:20+00:00\",\"mainEntityOfPage\":{\"@id\":\"http:\\\/\\\/www.salesianos.edu\\\/revistasmx\\\/las-parroquias-salesianas-llamadas-a-ser-tienda-del-encuentro\\\/\"},\"wordCount\":1579,\"commentCount\":0,\"image\":{\"@id\":\"http:\\\/\\\/www.salesianos.edu\\\/revistasmx\\\/las-parroquias-salesianas-llamadas-a-ser-tienda-del-encuentro\\\/#primaryimage\"},\"thumbnailUrl\":\"http:\\\/\\\/www.salesianos.edu\\\/revistasmx\\\/wp-content\\\/uploads\\\/sites\\\/8\\\/2021\\\/02\\\/CongresoParroquias9.png\",\"articleSection\":[\"A FONDO\",\"Uncategorized\"],\"inLanguage\":\"es\",\"potentialAction\":[{\"@type\":\"CommentAction\",\"name\":\"Comment\",\"target\":[\"http:\\\/\\\/www.salesianos.edu\\\/revistasmx\\\/las-parroquias-salesianas-llamadas-a-ser-tienda-del-encuentro\\\/#respond\"]}]},{\"@type\":\"WebPage\",\"@id\":\"http:\\\/\\\/www.salesianos.edu\\\/revistasmx\\\/las-parroquias-salesianas-llamadas-a-ser-tienda-del-encuentro\\\/\",\"url\":\"http:\\\/\\\/www.salesianos.edu\\\/revistasmx\\\/las-parroquias-salesianas-llamadas-a-ser-tienda-del-encuentro\\\/\",\"name\":\"Las parroquias salesianas llamadas a ser 'Tienda del encuentro' - Revista SMX\",\"isPartOf\":{\"@id\":\"http:\\\/\\\/www.salesianos.edu\\\/revistasmx\\\/#website\"},\"primaryImageOfPage\":{\"@id\":\"http:\\\/\\\/www.salesianos.edu\\\/revistasmx\\\/las-parroquias-salesianas-llamadas-a-ser-tienda-del-encuentro\\\/#primaryimage\"},\"image\":{\"@id\":\"http:\\\/\\\/www.salesianos.edu\\\/revistasmx\\\/las-parroquias-salesianas-llamadas-a-ser-tienda-del-encuentro\\\/#primaryimage\"},\"thumbnailUrl\":\"http:\\\/\\\/www.salesianos.edu\\\/revistasmx\\\/wp-content\\\/uploads\\\/sites\\\/8\\\/2021\\\/02\\\/CongresoParroquias9.png\",\"datePublished\":\"2021-02-26T09:42:48+00:00\",\"dateModified\":\"2021-03-01T12:17:20+00:00\",\"author\":{\"@id\":\"http:\\\/\\\/www.salesianos.edu\\\/revistasmx\\\/#\\\/schema\\\/person\\\/a1d72ee5373cce7347fb2993ba9f47d6\"},\"description\":\"El Congreso de Parroquias Salesianas invita a las casas salesianas a ser espacios de espiritualidad, oraci\u00f3n y de escucha para acoger y comprender\",\"breadcrumb\":{\"@id\":\"http:\\\/\\\/www.salesianos.edu\\\/revistasmx\\\/las-parroquias-salesianas-llamadas-a-ser-tienda-del-encuentro\\\/#breadcrumb\"},\"inLanguage\":\"es\",\"potentialAction\":[{\"@type\":\"ReadAction\",\"target\":[\"http:\\\/\\\/www.salesianos.edu\\\/revistasmx\\\/las-parroquias-salesianas-llamadas-a-ser-tienda-del-encuentro\\\/\"]}]},{\"@type\":\"ImageObject\",\"inLanguage\":\"es\",\"@id\":\"http:\\\/\\\/www.salesianos.edu\\\/revistasmx\\\/las-parroquias-salesianas-llamadas-a-ser-tienda-del-encuentro\\\/#primaryimage\",\"url\":\"http:\\\/\\\/www.salesianos.edu\\\/revistasmx\\\/wp-content\\\/uploads\\\/sites\\\/8\\\/2021\\\/02\\\/CongresoParroquias9.png\",\"contentUrl\":\"http:\\\/\\\/www.salesianos.edu\\\/revistasmx\\\/wp-content\\\/uploads\\\/sites\\\/8\\\/2021\\\/02\\\/CongresoParroquias9.png\",\"width\":1079,\"height\":626},{\"@type\":\"BreadcrumbList\",\"@id\":\"http:\\\/\\\/www.salesianos.edu\\\/revistasmx\\\/las-parroquias-salesianas-llamadas-a-ser-tienda-del-encuentro\\\/#breadcrumb\",\"itemListElement\":[{\"@type\":\"ListItem\",\"position\":1,\"name\":\"Portada\",\"item\":\"https:\\\/\\\/www.salesianos.edu\\\/revistasmx\\\/\"},{\"@type\":\"ListItem\",\"position\":2,\"name\":\"Las parroquias salesianas llamadas a ser &#8216;Tienda del encuentro&#8217;\"}]},{\"@type\":\"WebSite\",\"@id\":\"http:\\\/\\\/www.salesianos.edu\\\/revistasmx\\\/#website\",\"url\":\"http:\\\/\\\/www.salesianos.edu\\\/revistasmx\\\/\",\"name\":\"Revista SMX\",\"description\":\"P\u00e1gina oficial de Inspector\u00eda Salesiana Mar\u00eda Auxiliadora\",\"potentialAction\":[{\"@type\":\"SearchAction\",\"target\":{\"@type\":\"EntryPoint\",\"urlTemplate\":\"http:\\\/\\\/www.salesianos.edu\\\/revistasmx\\\/?s={search_term_string}\"},\"query-input\":{\"@type\":\"PropertyValueSpecification\",\"valueRequired\":true,\"valueName\":\"search_term_string\"}}],\"inLanguage\":\"es\"},{\"@type\":\"Person\",\"@id\":\"http:\\\/\\\/www.salesianos.edu\\\/revistasmx\\\/#\\\/schema\\\/person\\\/a1d72ee5373cce7347fb2993ba9f47d6\",\"name\":\"joseluisgarciamoscoso\",\"image\":{\"@type\":\"ImageObject\",\"inLanguage\":\"es\",\"@id\":\"https:\\\/\\\/secure.gravatar.com\\\/avatar\\\/3fda3a0b2db3bc9a39871e47cbd526b42d6c3b74755b7ae1400a87b2913fea6a?s=96&d=mm&r=g\",\"url\":\"https:\\\/\\\/secure.gravatar.com\\\/avatar\\\/3fda3a0b2db3bc9a39871e47cbd526b42d6c3b74755b7ae1400a87b2913fea6a?s=96&d=mm&r=g\",\"contentUrl\":\"https:\\\/\\\/secure.gravatar.com\\\/avatar\\\/3fda3a0b2db3bc9a39871e47cbd526b42d6c3b74755b7ae1400a87b2913fea6a?s=96&d=mm&r=g\",\"caption\":\"joseluisgarciamoscoso\"}}]}<\/script>\n<!-- \/ Yoast SEO plugin. -->","yoast_head_json":{"title":"Las parroquias salesianas llamadas a ser 'Tienda del encuentro' - Revista SMX","description":"El Congreso de Parroquias Salesianas invita a las casas salesianas a ser espacios de espiritualidad, oraci\u00f3n y de escucha para acoger y comprender","robots":{"index":"index","follow":"follow","max-snippet":"max-snippet:-1","max-image-preview":"max-image-preview:large","max-video-preview":"max-video-preview:-1"},"canonical":"http:\/\/www.salesianos.edu\/revistasmx\/las-parroquias-salesianas-llamadas-a-ser-tienda-del-encuentro\/","og_locale":"es_ES","og_type":"article","og_title":"Las parroquias salesianas llamadas a ser 'Tienda del encuentro' - Revista SMX","og_description":"El Congreso de Parroquias Salesianas invita a las casas salesianas a ser espacios de espiritualidad, oraci\u00f3n y de escucha para acoger y comprender","og_url":"http:\/\/www.salesianos.edu\/revistasmx\/las-parroquias-salesianas-llamadas-a-ser-tienda-del-encuentro\/","og_site_name":"Revista SMX","article_published_time":"2021-02-26T09:42:48+00:00","article_modified_time":"2021-03-01T12:17:20+00:00","og_image":[{"width":1079,"height":626,"url":"https:\/\/www.salesianos.edu\/revistasmx\/wp-content\/uploads\/sites\/8\/2021\/02\/CongresoParroquias9.png","type":"image\/png"}],"author":"joseluisgarciamoscoso","twitter_card":"summary_large_image","twitter_misc":{"Escrito por":"joseluisgarciamoscoso","Tiempo de lectura":"8 minutos"},"schema":{"@context":"https:\/\/schema.org","@graph":[{"@type":"Article","@id":"http:\/\/www.salesianos.edu\/revistasmx\/las-parroquias-salesianas-llamadas-a-ser-tienda-del-encuentro\/#article","isPartOf":{"@id":"http:\/\/www.salesianos.edu\/revistasmx\/las-parroquias-salesianas-llamadas-a-ser-tienda-del-encuentro\/"},"author":{"name":"joseluisgarciamoscoso","@id":"http:\/\/www.salesianos.edu\/revistasmx\/#\/schema\/person\/a1d72ee5373cce7347fb2993ba9f47d6"},"headline":"Las parroquias salesianas llamadas a ser &#8216;Tienda del encuentro&#8217;","datePublished":"2021-02-26T09:42:48+00:00","dateModified":"2021-03-01T12:17:20+00:00","mainEntityOfPage":{"@id":"http:\/\/www.salesianos.edu\/revistasmx\/las-parroquias-salesianas-llamadas-a-ser-tienda-del-encuentro\/"},"wordCount":1579,"commentCount":0,"image":{"@id":"http:\/\/www.salesianos.edu\/revistasmx\/las-parroquias-salesianas-llamadas-a-ser-tienda-del-encuentro\/#primaryimage"},"thumbnailUrl":"http:\/\/www.salesianos.edu\/revistasmx\/wp-content\/uploads\/sites\/8\/2021\/02\/CongresoParroquias9.png","articleSection":["A FONDO","Uncategorized"],"inLanguage":"es","potentialAction":[{"@type":"CommentAction","name":"Comment","target":["http:\/\/www.salesianos.edu\/revistasmx\/las-parroquias-salesianas-llamadas-a-ser-tienda-del-encuentro\/#respond"]}]},{"@type":"WebPage","@id":"http:\/\/www.salesianos.edu\/revistasmx\/las-parroquias-salesianas-llamadas-a-ser-tienda-del-encuentro\/","url":"http:\/\/www.salesianos.edu\/revistasmx\/las-parroquias-salesianas-llamadas-a-ser-tienda-del-encuentro\/","name":"Las parroquias salesianas llamadas a ser 'Tienda del encuentro' - Revista SMX","isPartOf":{"@id":"http:\/\/www.salesianos.edu\/revistasmx\/#website"},"primaryImageOfPage":{"@id":"http:\/\/www.salesianos.edu\/revistasmx\/las-parroquias-salesianas-llamadas-a-ser-tienda-del-encuentro\/#primaryimage"},"image":{"@id":"http:\/\/www.salesianos.edu\/revistasmx\/las-parroquias-salesianas-llamadas-a-ser-tienda-del-encuentro\/#primaryimage"},"thumbnailUrl":"http:\/\/www.salesianos.edu\/revistasmx\/wp-content\/uploads\/sites\/8\/2021\/02\/CongresoParroquias9.png","datePublished":"2021-02-26T09:42:48+00:00","dateModified":"2021-03-01T12:17:20+00:00","author":{"@id":"http:\/\/www.salesianos.edu\/revistasmx\/#\/schema\/person\/a1d72ee5373cce7347fb2993ba9f47d6"},"description":"El Congreso de Parroquias Salesianas invita a las casas salesianas a ser espacios de espiritualidad, oraci\u00f3n y de escucha para acoger y comprender","breadcrumb":{"@id":"http:\/\/www.salesianos.edu\/revistasmx\/las-parroquias-salesianas-llamadas-a-ser-tienda-del-encuentro\/#breadcrumb"},"inLanguage":"es","potentialAction":[{"@type":"ReadAction","target":["http:\/\/www.salesianos.edu\/revistasmx\/las-parroquias-salesianas-llamadas-a-ser-tienda-del-encuentro\/"]}]},{"@type":"ImageObject","inLanguage":"es","@id":"http:\/\/www.salesianos.edu\/revistasmx\/las-parroquias-salesianas-llamadas-a-ser-tienda-del-encuentro\/#primaryimage","url":"http:\/\/www.salesianos.edu\/revistasmx\/wp-content\/uploads\/sites\/8\/2021\/02\/CongresoParroquias9.png","contentUrl":"http:\/\/www.salesianos.edu\/revistasmx\/wp-content\/uploads\/sites\/8\/2021\/02\/CongresoParroquias9.png","width":1079,"height":626},{"@type":"BreadcrumbList","@id":"http:\/\/www.salesianos.edu\/revistasmx\/las-parroquias-salesianas-llamadas-a-ser-tienda-del-encuentro\/#breadcrumb","itemListElement":[{"@type":"ListItem","position":1,"name":"Portada","item":"https:\/\/www.salesianos.edu\/revistasmx\/"},{"@type":"ListItem","position":2,"name":"Las parroquias salesianas llamadas a ser &#8216;Tienda del encuentro&#8217;"}]},{"@type":"WebSite","@id":"http:\/\/www.salesianos.edu\/revistasmx\/#website","url":"http:\/\/www.salesianos.edu\/revistasmx\/","name":"Revista SMX","description":"P\u00e1gina oficial de Inspector\u00eda Salesiana Mar\u00eda Auxiliadora","potentialAction":[{"@type":"SearchAction","target":{"@type":"EntryPoint","urlTemplate":"http:\/\/www.salesianos.edu\/revistasmx\/?s={search_term_string}"},"query-input":{"@type":"PropertyValueSpecification","valueRequired":true,"valueName":"search_term_string"}}],"inLanguage":"es"},{"@type":"Person","@id":"http:\/\/www.salesianos.edu\/revistasmx\/#\/schema\/person\/a1d72ee5373cce7347fb2993ba9f47d6","name":"joseluisgarciamoscoso","image":{"@type":"ImageObject","inLanguage":"es","@id":"https:\/\/secure.gravatar.com\/avatar\/3fda3a0b2db3bc9a39871e47cbd526b42d6c3b74755b7ae1400a87b2913fea6a?s=96&d=mm&r=g","url":"https:\/\/secure.gravatar.com\/avatar\/3fda3a0b2db3bc9a39871e47cbd526b42d6c3b74755b7ae1400a87b2913fea6a?s=96&d=mm&r=g","contentUrl":"https:\/\/secure.gravatar.com\/avatar\/3fda3a0b2db3bc9a39871e47cbd526b42d6c3b74755b7ae1400a87b2913fea6a?s=96&d=mm&r=g","caption":"joseluisgarciamoscoso"}}]}},"_links":{"self":[{"href":"http:\/\/www.salesianos.edu\/revistasmx\/wp-json\/wp\/v2\/posts\/16809","targetHints":{"allow":["GET"]}}],"collection":[{"href":"http:\/\/www.salesianos.edu\/revistasmx\/wp-json\/wp\/v2\/posts"}],"about":[{"href":"http:\/\/www.salesianos.edu\/revistasmx\/wp-json\/wp\/v2\/types\/post"}],"author":[{"embeddable":true,"href":"http:\/\/www.salesianos.edu\/revistasmx\/wp-json\/wp\/v2\/users\/12"}],"replies":[{"embeddable":true,"href":"http:\/\/www.salesianos.edu\/revistasmx\/wp-json\/wp\/v2\/comments?post=16809"}],"version-history":[{"count":10,"href":"http:\/\/www.salesianos.edu\/revistasmx\/wp-json\/wp\/v2\/posts\/16809\/revisions"}],"predecessor-version":[{"id":16963,"href":"http:\/\/www.salesianos.edu\/revistasmx\/wp-json\/wp\/v2\/posts\/16809\/revisions\/16963"}],"wp:featuredmedia":[{"embeddable":true,"href":"http:\/\/www.salesianos.edu\/revistasmx\/wp-json\/wp\/v2\/media\/16816"}],"wp:attachment":[{"href":"http:\/\/www.salesianos.edu\/revistasmx\/wp-json\/wp\/v2\/media?parent=16809"}],"wp:term":[{"taxonomy":"category","embeddable":true,"href":"http:\/\/www.salesianos.edu\/revistasmx\/wp-json\/wp\/v2\/categories?post=16809"},{"taxonomy":"post_tag","embeddable":true,"href":"http:\/\/www.salesianos.edu\/revistasmx\/wp-json\/wp\/v2\/tags?post=16809"}],"curies":[{"name":"wp","href":"https:\/\/api.w.org\/{rel}","templated":true}]}}