{"id":16802,"date":"2021-02-27T12:00:28","date_gmt":"2021-02-27T11:00:28","guid":{"rendered":"http:\/\/www.salesianos.edu\/revistasmx\/?p=16802"},"modified":"2021-02-28T09:17:34","modified_gmt":"2021-02-28T08:17:34","slug":"una-cosa-et-falta-capitol-5-es-necessari-que-en-lanimacio-vocacional-hi-haja-animadors-vocacionals-i-equips-danimacio-vocacional","status":"publish","type":"post","link":"http:\/\/www.salesianos.edu\/revistasmx\/ca\/una-cosa-et-falta-capitol-5-es-necessari-que-en-lanimacio-vocacional-hi-haja-animadors-vocacionals-i-equips-danimacio-vocacional\/","title":{"rendered":"Una cosa et falta cap\u00edtol 5, \u00c9s necessari que en l&#8217;animaci\u00f3 vocacional hi haja animadors vocacionals i equips d&#8217;animaci\u00f3 vocacional?"},"content":{"rendered":"<div id=\"fb-root\"><\/div>\n<p>[et_pb_section fb_built=\u00bb1&#8243; _builder_version=\u00bb3.22&#8243;][et_pb_row _builder_version=\u00bb3.25&#8243; background_size=\u00bbinitial\u00bb background_position=\u00bbtop_left\u00bb background_repeat=\u00bbrepeat\u00bb][et_pb_column type=\u00bb4_4&#8243; _builder_version=\u00bb3.25&#8243; custom_padding=\u00bb|||\u00bb custom_padding__hover=\u00bb|||\u00bb][et_pb_text _builder_version=\u00bb3.27.4&#8243; background_size=\u00bbinitial\u00bb background_position=\u00bbtop_left\u00bb background_repeat=\u00bbrepeat\u00bb]A la secci\u00f3\u00a0<strong>\u201cUna cosa et falta<\/strong>\u00a0\u2018cada mes s\u2019explica un dels 10 cap\u00edtols de el llibre que porta el mateix t\u00edtol, responent a diferents q\u00fcestions relacionades amb vocaci\u00f3 i vocacions en l\u2019Esgl\u00e9sia actual. A trav\u00e9s dels diferents cap\u00edtols s\u2019abordaran entre altres q\u00fcestions el sentit de la pastoral juvenil vocacional i la cultura vocacional, el perfil de l\u2019animador vocacional o la seva relaci\u00f3 amb els itineraris d\u2019educaci\u00f3 en la fe.<br \/>\n[\/et_pb_text][et_pb_video _builder_version=\u00bb4.9.0&#8243; _module_preset=\u00bbdefault\u00bb src=\u00bbhttps:\/\/www.youtube.com\/watch?v=6ecae49VIqU&amp;feature=youtu.be\u00bb hover_enabled=\u00bb0&#8243; sticky_enabled=\u00bb0&#8243;][\/et_pb_video][\/et_pb_column][\/et_pb_row][\/et_pb_section]<\/p>\n","protected":false},"excerpt":{"rendered":"<p>Charo Ten Soriano, coordinadora de Pastoral de les Salesianes<\/p>\n","protected":false},"author":5,"featured_media":16800,"comment_status":"open","ping_status":"closed","sticky":false,"template":"","format":"standard","meta":{"_et_pb_use_builder":"on","_et_pb_old_content":"<p>A la secci\u00f3\u00a0<strong>\u201cUna cosa et falta<\/strong>\u00a0\u2018cada mes s\u2019explica un dels 10 cap\u00edtols de el llibre que porta el mateix t\u00edtol, responent a diferents q\u00fcestions relacionades amb vocaci\u00f3 i vocacions en l\u2019Esgl\u00e9sia actual. A trav\u00e9s dels diferents cap\u00edtols s\u2019abordaran entre altres q\u00fcestions el sentit de la pastoral juvenil vocacional i la cultura vocacional, el perfil de l\u2019animador vocacional o la seva relaci\u00f3 amb els itineraris d\u2019educaci\u00f3 en la fe.<\/p>","_et_gb_content_width":"","footnotes":""},"categories":[600,84],"tags":[],"class_list":["post-16802","post","type-post","status-publish","format-standard","has-post-thumbnail","hentry","category-una-cosa-et-falta","category-vine-i-segueix-me"],"yoast_head":"<!-- This site is optimized with the Yoast SEO plugin v27.5 - https:\/\/yoast.com\/product\/yoast-seo-wordpress\/ -->\n<title>Una cosa et falta cap\u00edtol 5, \u00c9s necessari que en l&#039;animaci\u00f3 vocacional hi haja animadors vocacionals i equips d&#039;animaci\u00f3 vocacional? - Revista SMX<\/title>\n<meta name=\"robots\" content=\"index, follow, max-snippet:-1, max-image-preview:large, max-video-preview:-1\" \/>\n<link rel=\"canonical\" href=\"http:\/\/www.salesianos.edu\/revistasmx\/ca\/una-cosa-et-falta-capitol-5-es-necessari-que-en-lanimacio-vocacional-hi-haja-animadors-vocacionals-i-equips-danimacio-vocacional\/\" \/>\n<meta property=\"og:locale\" content=\"es_ES\" \/>\n<meta property=\"og:type\" content=\"article\" \/>\n<meta property=\"og:title\" content=\"Una cosa et falta cap\u00edtol 5, \u00c9s necessari que en l&#039;animaci\u00f3 vocacional hi haja animadors vocacionals i equips d&#039;animaci\u00f3 vocacional? - Revista SMX\" \/>\n<meta property=\"og:description\" content=\"Charo Ten Soriano, coordinadora de Pastoral de les Salesianes\" \/>\n<meta property=\"og:url\" content=\"http:\/\/www.salesianos.edu\/revistasmx\/ca\/una-cosa-et-falta-capitol-5-es-necessari-que-en-lanimacio-vocacional-hi-haja-animadors-vocacionals-i-equips-danimacio-vocacional\/\" \/>\n<meta property=\"og:site_name\" content=\"Revista SMX\" \/>\n<meta property=\"article:published_time\" content=\"2021-02-27T11:00:28+00:00\" \/>\n<meta property=\"article:modified_time\" content=\"2021-02-28T08:17:34+00:00\" \/>\n<meta property=\"og:image\" content=\"http:\/\/www.salesianos.edu\/revistasmx\/wp-content\/uploads\/sites\/8\/2021\/02\/Captura-de-pantalla-2021-02-26-a-las-9.47.48.png\" \/>\n\t<meta property=\"og:image:width\" content=\"766\" \/>\n\t<meta property=\"og:image:height\" content=\"497\" \/>\n\t<meta property=\"og:image:type\" content=\"image\/png\" \/>\n<meta name=\"author\" content=\"martapeirat\" \/>\n<meta name=\"twitter:card\" content=\"summary_large_image\" \/>\n<meta name=\"twitter:label1\" content=\"Escrito por\" \/>\n\t<meta name=\"twitter:data1\" content=\"martapeirat\" \/>\n\t<meta name=\"twitter:label2\" content=\"Tiempo de lectura\" \/>\n\t<meta name=\"twitter:data2\" content=\"1 minuto\" \/>\n<script type=\"application\/ld+json\" class=\"yoast-schema-graph\">{\"@context\":\"https:\\\/\\\/schema.org\",\"@graph\":[{\"@type\":\"Article\",\"@id\":\"http:\\\/\\\/www.salesianos.edu\\\/revistasmx\\\/ca\\\/una-cosa-et-falta-capitol-5-es-necessari-que-en-lanimacio-vocacional-hi-haja-animadors-vocacionals-i-equips-danimacio-vocacional\\\/#article\",\"isPartOf\":{\"@id\":\"http:\\\/\\\/www.salesianos.edu\\\/revistasmx\\\/ca\\\/una-cosa-et-falta-capitol-5-es-necessari-que-en-lanimacio-vocacional-hi-haja-animadors-vocacionals-i-equips-danimacio-vocacional\\\/\"},\"author\":{\"name\":\"martapeirat\",\"@id\":\"http:\\\/\\\/www.salesianos.edu\\\/revistasmx\\\/#\\\/schema\\\/person\\\/20a80be1bb4e0ed82068c57facf5b237\"},\"headline\":\"Una cosa et falta cap\u00edtol 5, \u00c9s necessari que en l&#8217;animaci\u00f3 vocacional hi haja animadors vocacionals i equips d&#8217;animaci\u00f3 vocacional?\",\"datePublished\":\"2021-02-27T11:00:28+00:00\",\"dateModified\":\"2021-02-28T08:17:34+00:00\",\"mainEntityOfPage\":{\"@id\":\"http:\\\/\\\/www.salesianos.edu\\\/revistasmx\\\/ca\\\/una-cosa-et-falta-capitol-5-es-necessari-que-en-lanimacio-vocacional-hi-haja-animadors-vocacionals-i-equips-danimacio-vocacional\\\/\"},\"wordCount\":191,\"commentCount\":0,\"image\":{\"@id\":\"http:\\\/\\\/www.salesianos.edu\\\/revistasmx\\\/ca\\\/una-cosa-et-falta-capitol-5-es-necessari-que-en-lanimacio-vocacional-hi-haja-animadors-vocacionals-i-equips-danimacio-vocacional\\\/#primaryimage\"},\"thumbnailUrl\":\"http:\\\/\\\/www.salesianos.edu\\\/revistasmx\\\/wp-content\\\/uploads\\\/sites\\\/8\\\/2021\\\/02\\\/Captura-de-pantalla-2021-02-26-a-las-9.47.48.png\",\"articleSection\":[\"Una cosa et falta\",\"VINE I SEGUEIX-ME\"],\"inLanguage\":\"es\",\"potentialAction\":[{\"@type\":\"CommentAction\",\"name\":\"Comment\",\"target\":[\"http:\\\/\\\/www.salesianos.edu\\\/revistasmx\\\/ca\\\/una-cosa-et-falta-capitol-5-es-necessari-que-en-lanimacio-vocacional-hi-haja-animadors-vocacionals-i-equips-danimacio-vocacional\\\/#respond\"]}]},{\"@type\":\"WebPage\",\"@id\":\"http:\\\/\\\/www.salesianos.edu\\\/revistasmx\\\/ca\\\/una-cosa-et-falta-capitol-5-es-necessari-que-en-lanimacio-vocacional-hi-haja-animadors-vocacionals-i-equips-danimacio-vocacional\\\/\",\"url\":\"http:\\\/\\\/www.salesianos.edu\\\/revistasmx\\\/ca\\\/una-cosa-et-falta-capitol-5-es-necessari-que-en-lanimacio-vocacional-hi-haja-animadors-vocacionals-i-equips-danimacio-vocacional\\\/\",\"name\":\"Una cosa et falta cap\u00edtol 5, \u00c9s necessari que en l'animaci\u00f3 vocacional hi haja animadors vocacionals i equips d'animaci\u00f3 vocacional? - Revista SMX\",\"isPartOf\":{\"@id\":\"http:\\\/\\\/www.salesianos.edu\\\/revistasmx\\\/#website\"},\"primaryImageOfPage\":{\"@id\":\"http:\\\/\\\/www.salesianos.edu\\\/revistasmx\\\/ca\\\/una-cosa-et-falta-capitol-5-es-necessari-que-en-lanimacio-vocacional-hi-haja-animadors-vocacionals-i-equips-danimacio-vocacional\\\/#primaryimage\"},\"image\":{\"@id\":\"http:\\\/\\\/www.salesianos.edu\\\/revistasmx\\\/ca\\\/una-cosa-et-falta-capitol-5-es-necessari-que-en-lanimacio-vocacional-hi-haja-animadors-vocacionals-i-equips-danimacio-vocacional\\\/#primaryimage\"},\"thumbnailUrl\":\"http:\\\/\\\/www.salesianos.edu\\\/revistasmx\\\/wp-content\\\/uploads\\\/sites\\\/8\\\/2021\\\/02\\\/Captura-de-pantalla-2021-02-26-a-las-9.47.48.png\",\"datePublished\":\"2021-02-27T11:00:28+00:00\",\"dateModified\":\"2021-02-28T08:17:34+00:00\",\"author\":{\"@id\":\"http:\\\/\\\/www.salesianos.edu\\\/revistasmx\\\/#\\\/schema\\\/person\\\/20a80be1bb4e0ed82068c57facf5b237\"},\"breadcrumb\":{\"@id\":\"http:\\\/\\\/www.salesianos.edu\\\/revistasmx\\\/ca\\\/una-cosa-et-falta-capitol-5-es-necessari-que-en-lanimacio-vocacional-hi-haja-animadors-vocacionals-i-equips-danimacio-vocacional\\\/#breadcrumb\"},\"inLanguage\":\"es\",\"potentialAction\":[{\"@type\":\"ReadAction\",\"target\":[\"http:\\\/\\\/www.salesianos.edu\\\/revistasmx\\\/ca\\\/una-cosa-et-falta-capitol-5-es-necessari-que-en-lanimacio-vocacional-hi-haja-animadors-vocacionals-i-equips-danimacio-vocacional\\\/\"]}]},{\"@type\":\"ImageObject\",\"inLanguage\":\"es\",\"@id\":\"http:\\\/\\\/www.salesianos.edu\\\/revistasmx\\\/ca\\\/una-cosa-et-falta-capitol-5-es-necessari-que-en-lanimacio-vocacional-hi-haja-animadors-vocacionals-i-equips-danimacio-vocacional\\\/#primaryimage\",\"url\":\"http:\\\/\\\/www.salesianos.edu\\\/revistasmx\\\/wp-content\\\/uploads\\\/sites\\\/8\\\/2021\\\/02\\\/Captura-de-pantalla-2021-02-26-a-las-9.47.48.png\",\"contentUrl\":\"http:\\\/\\\/www.salesianos.edu\\\/revistasmx\\\/wp-content\\\/uploads\\\/sites\\\/8\\\/2021\\\/02\\\/Captura-de-pantalla-2021-02-26-a-las-9.47.48.png\",\"width\":766,\"height\":497},{\"@type\":\"BreadcrumbList\",\"@id\":\"http:\\\/\\\/www.salesianos.edu\\\/revistasmx\\\/ca\\\/una-cosa-et-falta-capitol-5-es-necessari-que-en-lanimacio-vocacional-hi-haja-animadors-vocacionals-i-equips-danimacio-vocacional\\\/#breadcrumb\",\"itemListElement\":[{\"@type\":\"ListItem\",\"position\":1,\"name\":\"Portada\",\"item\":\"http:\\\/\\\/www.salesianos.edu\\\/revistasmx\\\/\"},{\"@type\":\"ListItem\",\"position\":2,\"name\":\"Una cosa et falta cap\u00edtol 5, \u00c9s necessari que en l&#8217;animaci\u00f3 vocacional hi haja animadors vocacionals i equips d&#8217;animaci\u00f3 vocacional?\"}]},{\"@type\":\"WebSite\",\"@id\":\"http:\\\/\\\/www.salesianos.edu\\\/revistasmx\\\/#website\",\"url\":\"http:\\\/\\\/www.salesianos.edu\\\/revistasmx\\\/\",\"name\":\"Revista SMX\",\"description\":\"P\u00e1gina oficial de Inspector\u00eda Salesiana Mar\u00eda Auxiliadora\",\"potentialAction\":[{\"@type\":\"SearchAction\",\"target\":{\"@type\":\"EntryPoint\",\"urlTemplate\":\"http:\\\/\\\/www.salesianos.edu\\\/revistasmx\\\/?s={search_term_string}\"},\"query-input\":{\"@type\":\"PropertyValueSpecification\",\"valueRequired\":true,\"valueName\":\"search_term_string\"}}],\"inLanguage\":\"es\"},{\"@type\":\"Person\",\"@id\":\"http:\\\/\\\/www.salesianos.edu\\\/revistasmx\\\/#\\\/schema\\\/person\\\/20a80be1bb4e0ed82068c57facf5b237\",\"name\":\"martapeirat\",\"image\":{\"@type\":\"ImageObject\",\"inLanguage\":\"es\",\"@id\":\"https:\\\/\\\/secure.gravatar.com\\\/avatar\\\/1139b81b40ed1dde466563679597db378e7092bbfdd7ebb264c437fedde866d7?s=96&d=mm&r=g\",\"url\":\"https:\\\/\\\/secure.gravatar.com\\\/avatar\\\/1139b81b40ed1dde466563679597db378e7092bbfdd7ebb264c437fedde866d7?s=96&d=mm&r=g\",\"contentUrl\":\"https:\\\/\\\/secure.gravatar.com\\\/avatar\\\/1139b81b40ed1dde466563679597db378e7092bbfdd7ebb264c437fedde866d7?s=96&d=mm&r=g\",\"caption\":\"martapeirat\"}}]}<\/script>\n<!-- \/ Yoast SEO plugin. -->","yoast_head_json":{"title":"Una cosa et falta cap\u00edtol 5, \u00c9s necessari que en l'animaci\u00f3 vocacional hi haja animadors vocacionals i equips d'animaci\u00f3 vocacional? - Revista SMX","robots":{"index":"index","follow":"follow","max-snippet":"max-snippet:-1","max-image-preview":"max-image-preview:large","max-video-preview":"max-video-preview:-1"},"canonical":"http:\/\/www.salesianos.edu\/revistasmx\/ca\/una-cosa-et-falta-capitol-5-es-necessari-que-en-lanimacio-vocacional-hi-haja-animadors-vocacionals-i-equips-danimacio-vocacional\/","og_locale":"es_ES","og_type":"article","og_title":"Una cosa et falta cap\u00edtol 5, \u00c9s necessari que en l'animaci\u00f3 vocacional hi haja animadors vocacionals i equips d'animaci\u00f3 vocacional? - Revista SMX","og_description":"Charo Ten Soriano, coordinadora de Pastoral de les Salesianes","og_url":"http:\/\/www.salesianos.edu\/revistasmx\/ca\/una-cosa-et-falta-capitol-5-es-necessari-que-en-lanimacio-vocacional-hi-haja-animadors-vocacionals-i-equips-danimacio-vocacional\/","og_site_name":"Revista SMX","article_published_time":"2021-02-27T11:00:28+00:00","article_modified_time":"2021-02-28T08:17:34+00:00","og_image":[{"width":766,"height":497,"url":"http:\/\/www.salesianos.edu\/revistasmx\/wp-content\/uploads\/sites\/8\/2021\/02\/Captura-de-pantalla-2021-02-26-a-las-9.47.48.png","type":"image\/png"}],"author":"martapeirat","twitter_card":"summary_large_image","twitter_misc":{"Escrito por":"martapeirat","Tiempo de lectura":"1 minuto"},"schema":{"@context":"https:\/\/schema.org","@graph":[{"@type":"Article","@id":"http:\/\/www.salesianos.edu\/revistasmx\/ca\/una-cosa-et-falta-capitol-5-es-necessari-que-en-lanimacio-vocacional-hi-haja-animadors-vocacionals-i-equips-danimacio-vocacional\/#article","isPartOf":{"@id":"http:\/\/www.salesianos.edu\/revistasmx\/ca\/una-cosa-et-falta-capitol-5-es-necessari-que-en-lanimacio-vocacional-hi-haja-animadors-vocacionals-i-equips-danimacio-vocacional\/"},"author":{"name":"martapeirat","@id":"http:\/\/www.salesianos.edu\/revistasmx\/#\/schema\/person\/20a80be1bb4e0ed82068c57facf5b237"},"headline":"Una cosa et falta cap\u00edtol 5, \u00c9s necessari que en l&#8217;animaci\u00f3 vocacional hi haja animadors vocacionals i equips d&#8217;animaci\u00f3 vocacional?","datePublished":"2021-02-27T11:00:28+00:00","dateModified":"2021-02-28T08:17:34+00:00","mainEntityOfPage":{"@id":"http:\/\/www.salesianos.edu\/revistasmx\/ca\/una-cosa-et-falta-capitol-5-es-necessari-que-en-lanimacio-vocacional-hi-haja-animadors-vocacionals-i-equips-danimacio-vocacional\/"},"wordCount":191,"commentCount":0,"image":{"@id":"http:\/\/www.salesianos.edu\/revistasmx\/ca\/una-cosa-et-falta-capitol-5-es-necessari-que-en-lanimacio-vocacional-hi-haja-animadors-vocacionals-i-equips-danimacio-vocacional\/#primaryimage"},"thumbnailUrl":"http:\/\/www.salesianos.edu\/revistasmx\/wp-content\/uploads\/sites\/8\/2021\/02\/Captura-de-pantalla-2021-02-26-a-las-9.47.48.png","articleSection":["Una cosa et falta","VINE I SEGUEIX-ME"],"inLanguage":"es","potentialAction":[{"@type":"CommentAction","name":"Comment","target":["http:\/\/www.salesianos.edu\/revistasmx\/ca\/una-cosa-et-falta-capitol-5-es-necessari-que-en-lanimacio-vocacional-hi-haja-animadors-vocacionals-i-equips-danimacio-vocacional\/#respond"]}]},{"@type":"WebPage","@id":"http:\/\/www.salesianos.edu\/revistasmx\/ca\/una-cosa-et-falta-capitol-5-es-necessari-que-en-lanimacio-vocacional-hi-haja-animadors-vocacionals-i-equips-danimacio-vocacional\/","url":"http:\/\/www.salesianos.edu\/revistasmx\/ca\/una-cosa-et-falta-capitol-5-es-necessari-que-en-lanimacio-vocacional-hi-haja-animadors-vocacionals-i-equips-danimacio-vocacional\/","name":"Una cosa et falta cap\u00edtol 5, \u00c9s necessari que en l'animaci\u00f3 vocacional hi haja animadors vocacionals i equips d'animaci\u00f3 vocacional? - Revista SMX","isPartOf":{"@id":"http:\/\/www.salesianos.edu\/revistasmx\/#website"},"primaryImageOfPage":{"@id":"http:\/\/www.salesianos.edu\/revistasmx\/ca\/una-cosa-et-falta-capitol-5-es-necessari-que-en-lanimacio-vocacional-hi-haja-animadors-vocacionals-i-equips-danimacio-vocacional\/#primaryimage"},"image":{"@id":"http:\/\/www.salesianos.edu\/revistasmx\/ca\/una-cosa-et-falta-capitol-5-es-necessari-que-en-lanimacio-vocacional-hi-haja-animadors-vocacionals-i-equips-danimacio-vocacional\/#primaryimage"},"thumbnailUrl":"http:\/\/www.salesianos.edu\/revistasmx\/wp-content\/uploads\/sites\/8\/2021\/02\/Captura-de-pantalla-2021-02-26-a-las-9.47.48.png","datePublished":"2021-02-27T11:00:28+00:00","dateModified":"2021-02-28T08:17:34+00:00","author":{"@id":"http:\/\/www.salesianos.edu\/revistasmx\/#\/schema\/person\/20a80be1bb4e0ed82068c57facf5b237"},"breadcrumb":{"@id":"http:\/\/www.salesianos.edu\/revistasmx\/ca\/una-cosa-et-falta-capitol-5-es-necessari-que-en-lanimacio-vocacional-hi-haja-animadors-vocacionals-i-equips-danimacio-vocacional\/#breadcrumb"},"inLanguage":"es","potentialAction":[{"@type":"ReadAction","target":["http:\/\/www.salesianos.edu\/revistasmx\/ca\/una-cosa-et-falta-capitol-5-es-necessari-que-en-lanimacio-vocacional-hi-haja-animadors-vocacionals-i-equips-danimacio-vocacional\/"]}]},{"@type":"ImageObject","inLanguage":"es","@id":"http:\/\/www.salesianos.edu\/revistasmx\/ca\/una-cosa-et-falta-capitol-5-es-necessari-que-en-lanimacio-vocacional-hi-haja-animadors-vocacionals-i-equips-danimacio-vocacional\/#primaryimage","url":"http:\/\/www.salesianos.edu\/revistasmx\/wp-content\/uploads\/sites\/8\/2021\/02\/Captura-de-pantalla-2021-02-26-a-las-9.47.48.png","contentUrl":"http:\/\/www.salesianos.edu\/revistasmx\/wp-content\/uploads\/sites\/8\/2021\/02\/Captura-de-pantalla-2021-02-26-a-las-9.47.48.png","width":766,"height":497},{"@type":"BreadcrumbList","@id":"http:\/\/www.salesianos.edu\/revistasmx\/ca\/una-cosa-et-falta-capitol-5-es-necessari-que-en-lanimacio-vocacional-hi-haja-animadors-vocacionals-i-equips-danimacio-vocacional\/#breadcrumb","itemListElement":[{"@type":"ListItem","position":1,"name":"Portada","item":"http:\/\/www.salesianos.edu\/revistasmx\/"},{"@type":"ListItem","position":2,"name":"Una cosa et falta cap\u00edtol 5, \u00c9s necessari que en l&#8217;animaci\u00f3 vocacional hi haja animadors vocacionals i equips d&#8217;animaci\u00f3 vocacional?"}]},{"@type":"WebSite","@id":"http:\/\/www.salesianos.edu\/revistasmx\/#website","url":"http:\/\/www.salesianos.edu\/revistasmx\/","name":"Revista SMX","description":"P\u00e1gina oficial de Inspector\u00eda Salesiana Mar\u00eda Auxiliadora","potentialAction":[{"@type":"SearchAction","target":{"@type":"EntryPoint","urlTemplate":"http:\/\/www.salesianos.edu\/revistasmx\/?s={search_term_string}"},"query-input":{"@type":"PropertyValueSpecification","valueRequired":true,"valueName":"search_term_string"}}],"inLanguage":"es"},{"@type":"Person","@id":"http:\/\/www.salesianos.edu\/revistasmx\/#\/schema\/person\/20a80be1bb4e0ed82068c57facf5b237","name":"martapeirat","image":{"@type":"ImageObject","inLanguage":"es","@id":"https:\/\/secure.gravatar.com\/avatar\/1139b81b40ed1dde466563679597db378e7092bbfdd7ebb264c437fedde866d7?s=96&d=mm&r=g","url":"https:\/\/secure.gravatar.com\/avatar\/1139b81b40ed1dde466563679597db378e7092bbfdd7ebb264c437fedde866d7?s=96&d=mm&r=g","contentUrl":"https:\/\/secure.gravatar.com\/avatar\/1139b81b40ed1dde466563679597db378e7092bbfdd7ebb264c437fedde866d7?s=96&d=mm&r=g","caption":"martapeirat"}}]}},"_links":{"self":[{"href":"http:\/\/www.salesianos.edu\/revistasmx\/wp-json\/wp\/v2\/posts\/16802","targetHints":{"allow":["GET"]}}],"collection":[{"href":"http:\/\/www.salesianos.edu\/revistasmx\/wp-json\/wp\/v2\/posts"}],"about":[{"href":"http:\/\/www.salesianos.edu\/revistasmx\/wp-json\/wp\/v2\/types\/post"}],"author":[{"embeddable":true,"href":"http:\/\/www.salesianos.edu\/revistasmx\/wp-json\/wp\/v2\/users\/5"}],"replies":[{"embeddable":true,"href":"http:\/\/www.salesianos.edu\/revistasmx\/wp-json\/wp\/v2\/comments?post=16802"}],"version-history":[{"count":3,"href":"http:\/\/www.salesianos.edu\/revistasmx\/wp-json\/wp\/v2\/posts\/16802\/revisions"}],"predecessor-version":[{"id":16806,"href":"http:\/\/www.salesianos.edu\/revistasmx\/wp-json\/wp\/v2\/posts\/16802\/revisions\/16806"}],"wp:featuredmedia":[{"embeddable":true,"href":"http:\/\/www.salesianos.edu\/revistasmx\/wp-json\/wp\/v2\/media\/16800"}],"wp:attachment":[{"href":"http:\/\/www.salesianos.edu\/revistasmx\/wp-json\/wp\/v2\/media?parent=16802"}],"wp:term":[{"taxonomy":"category","embeddable":true,"href":"http:\/\/www.salesianos.edu\/revistasmx\/wp-json\/wp\/v2\/categories?post=16802"},{"taxonomy":"post_tag","embeddable":true,"href":"http:\/\/www.salesianos.edu\/revistasmx\/wp-json\/wp\/v2\/tags?post=16802"}],"curies":[{"name":"wp","href":"https:\/\/api.w.org\/{rel}","templated":true}]}}