{"id":16727,"date":"2021-02-27T13:30:01","date_gmt":"2021-02-27T12:30:01","guid":{"rendered":"http:\/\/www.salesianos.edu\/revistasmx\/?p=16727"},"modified":"2021-02-28T09:16:20","modified_gmt":"2021-02-28T08:16:20","slug":"las-24-de-jesus-munoz-de-priego","status":"publish","type":"post","link":"http:\/\/www.salesianos.edu\/revistasmx\/las-24-de-jesus-munoz-de-priego\/","title":{"rendered":"Las 24 de Jes\u00fas Mu\u00f1oz de Priego"},"content":{"rendered":"<div id=\"fb-root\"><\/div>\n<p>[et_pb_section fb_built=\u00bb1&#8243; admin_label=\u00bbsection\u00bb _builder_version=\u00bb3.22&#8243;][et_pb_row _builder_version=\u00bb3.25&#8243; background_size=\u00bbinitial\u00bb background_position=\u00bbtop_left\u00bb background_repeat=\u00bbrepeat\u00bb][et_pb_column type=\u00bb4_4&#8243; _builder_version=\u00bb3.25&#8243; custom_padding=\u00bb|||\u00bb custom_padding__hover=\u00bb|||\u00bb][et_pb_text _builder_version=\u00bb4.9.0&#8243; text_line_height=\u00bb1.5em\u00bb]<\/p>\n<blockquote>\n<p><span style=\"font-weight: 400;\"><strong>Jes\u00fas Mu\u00f1oz de Priego<\/strong>\u00a0es Asesor Jur\u00eddico y abogado de la Inspector\u00eda salesiana\u00a0 (en septiembre de 2021 har\u00e1 25 a\u00f1os); Salesiano cooperador del centro de la Trinidad de Sevilla con promesa en 1992; entr\u00e9 en los Salesianos de la Trinidad, oficialmente, como alumno con seis a\u00f1os y nunca m\u00e1s sal\u00ed, aunque estaba vinculado ya desde antes, porque mi madre era muy devota de Mar\u00eda Auxiliadora; casado con dos hijos; defensor de la libertad de ense\u00f1anza en diferentes iniciativas y plataformas, con ponencias, art\u00edculos en prensa y libros publicados al respecto;<\/span><\/p>\n<p><b>1. Edad:<\/b><span style=\"font-weight: 400;\">\u00a050 a\u00f1os<\/span><\/p>\n<p><b>2. Un n\u00famero:<\/b><span style=\"font-weight: 400;\">\u00a01970<\/span><\/p>\n<p><b>3. Una ciudad:<\/b><span style=\"font-weight: 400;\"> Paris<\/span><\/p>\n<p><b>4. Una canci\u00f3n:<\/b><span style=\"font-weight: 400;\"> \u201cSue\u00f1a\u201d del Jorobado de Notre Dame.<\/span><\/p>\n<p><b>5. Un libro:<\/b> El Diario de Ana Frank, me obligaron a leerlo en el colegio y eso me transform\u00f3 en un lector empedernido.<\/p>\n<p><b>6. Una pel\u00edcula:<\/b> Cualquiera de Star Wars, tiendo al \u201cfrikismo\u201d.<\/p>\n<p><b>7. \u00bfQu\u00e9 personaje de serie te gustar\u00eda ser?:<\/b><span style=\"font-weight: 400;\"> Creo que Sam Seaborn de El Ala Oeste de la Casa Blanca, \u00a1pero no me hagas spoiler que hasta ahora no la estoy viendo entera y ordenadamente!<\/span><\/p>\n<p><b>8. Aficionado a:<\/b><span style=\"font-weight: 400;\"> \u2026 vivir<\/span><\/p>\n<p><b>9. Comida favorita: <\/b><span style=\"font-weight: 400;\">Pollo muy frito con sal<\/span><\/p>\n<p><b>10. Algo que no te quitas nunca:<\/b>Una cruz al cuello<\/p>\n<p><b>11. Una cualidad:<\/b><span style=\"font-weight: 400;\"> La constancia.<\/span><\/p>\n<p><b>12. Un recuerdo de verano salesiano:<\/b><span style=\"font-weight: 400;\"> Campobosco en Tur\u00edn de 1988<\/span><\/p>\n<p><b>13. La verdadera amistad:<\/b><span style=\"font-weight: 400;\"> Aquella que no necesita verse, tocarse, hablarse, para permanecer intacta.<\/span><\/p>\n<p><b>14. El amor m\u00e1s puro:\u00a0<\/b>El amor a un hijo<\/p>\n<p><b>15. La mejor experiencia en clave salesiana:<\/b><span style=\"font-weight: 400;\"> Conocer a Sdb como D. Luis Cornello, Alonso V\u00e1zquez, Juan Antonio G\u00f3mez, Juan Carlos P\u00e9rez Godoy, Pepe N\u00fa\u00f1ez,\u2026 y Salesianos Cooperadores como Manolo R. Piqueras, Emilio Ram\u00edrez,\u2026 Me faltan p\u00e1ginas para poner nombres y dar las gracias por lo afortunado que he sido y soy, Dios me ha rodeado de Santos.<\/span><\/p>\n<p><b>16. Es posible renunciar a todo por:<\/b><span style=\"font-weight: 400;\"> No es posible. Si renuncias a todo por algo, pues ya no renuncias a todo.<\/span><\/p>\n<p><b>17. Si volvieras atr\u00e1s:<\/b>Volver\u00eda a cometer errores. La experiencia me har\u00eda ser un joven \u201cviejuno\u201d y es mejor no nacer sabido.<\/p>\n<p><b>18. Un lema:<\/b><span style=\"font-weight: 400;\"> Adelante, siempre adelante.<\/span><\/p>\n<p><b>19. Algo que cambiar\u00edas del mundo:<\/b><span style=\"font-weight: 400;\"> el dolor y la enfermedad, sin sentido\u2026 o, en realidad, cuando uno no sabe darle el sentido.<\/span><\/p>\n<p><b>20. Mar\u00eda Auxiliadora:<\/b><span style=\"font-weight: 400;\"> Mi madre del cielo.<\/span><\/p>\n<p><b>21. La vocaci\u00f3n en 140 caracteres:<\/b>Es el camino que Dios prepar\u00f3 expresamente para m\u00ed, pensando en mi felicidad, y del que yo me separo est\u00fapidamente de vez en cuando.<\/p>\n<p><b>22. Un deseo:<\/b><span style=\"font-weight: 400;\"> Abrazar mucho, despu\u00e9s de esta pandemia<\/span><\/p>\n<p><b>23. Un pasaje de la vida de Don Bosco:<\/b><span style=\"font-weight: 400;\"> Me resulta casi imposible elegir solo uno. Si tuviera que hacerlo elegir\u00eda las desavenencias con el Arzobispo Gastaldi. Demuestran la humildad de D. Bosco domando su car\u00e1cter natural. Eso solo pueden hacerlo los Santos.<\/span><\/p>\n<p><span style=\"font-weight: 400;\"><b>24. Un mensaje dirigido a los j\u00f3venes:<\/b> Vosotros sois la sal del mundo, la esperanza del mundo, la salvaci\u00f3n del mundo. Conf\u00edo en vosotros.\u00a0\u00a0\u00a0\u00a0\u00a0\u00a0\u00a0\u00a0<\/span><\/p>\n<\/blockquote>\n<p>[\/et_pb_text][\/et_pb_column][\/et_pb_row][\/et_pb_section]<\/p>\n","protected":false},"excerpt":{"rendered":"<p>Padre de dos hijos. Asesor Jur\u00eddico y abogado de la Inspector\u00eda salesiana; Salesiano cooperador del centro de la Trinidad de Sevilla.<\/p>\n","protected":false},"author":12,"featured_media":16729,"comment_status":"open","ping_status":"closed","sticky":false,"template":"","format":"standard","meta":{"_et_pb_use_builder":"on","_et_pb_old_content":"","_et_gb_content_width":"","footnotes":""},"categories":[38],"tags":[],"class_list":["post-16727","post","type-post","status-publish","format-standard","has-post-thumbnail","hentry","category-las-24-de"],"yoast_head":"<!-- This site is optimized with the Yoast SEO plugin v27.5 - https:\/\/yoast.com\/product\/yoast-seo-wordpress\/ -->\n<title>Las 24 de Jes\u00fas Mu\u00f1oz de Priego - Revista SMX<\/title>\n<meta name=\"robots\" content=\"index, follow, max-snippet:-1, max-image-preview:large, max-video-preview:-1\" \/>\n<link rel=\"canonical\" href=\"http:\/\/www.salesianos.edu\/revistasmx\/las-24-de-jesus-munoz-de-priego\/\" \/>\n<meta property=\"og:locale\" content=\"es_ES\" \/>\n<meta property=\"og:type\" content=\"article\" \/>\n<meta property=\"og:title\" content=\"Las 24 de Jes\u00fas Mu\u00f1oz de Priego - Revista SMX\" \/>\n<meta property=\"og:description\" content=\"Padre de dos hijos. Asesor Jur\u00eddico y abogado de la Inspector\u00eda salesiana; Salesiano cooperador del centro de la Trinidad de Sevilla.\" \/>\n<meta property=\"og:url\" content=\"http:\/\/www.salesianos.edu\/revistasmx\/las-24-de-jesus-munoz-de-priego\/\" \/>\n<meta property=\"og:site_name\" content=\"Revista SMX\" \/>\n<meta property=\"article:published_time\" content=\"2021-02-27T12:30:01+00:00\" \/>\n<meta property=\"article:modified_time\" content=\"2021-02-28T08:16:20+00:00\" \/>\n<meta property=\"og:image\" content=\"https:\/\/www.salesianos.edu\/revistasmx\/wp-content\/uploads\/sites\/8\/2021\/02\/JesusMunoz-scaled.jpg\" \/>\n\t<meta property=\"og:image:width\" content=\"2560\" \/>\n\t<meta property=\"og:image:height\" content=\"1916\" \/>\n\t<meta property=\"og:image:type\" content=\"image\/jpeg\" \/>\n<meta name=\"author\" content=\"joseluisgarciamoscoso\" \/>\n<meta name=\"twitter:card\" content=\"summary_large_image\" \/>\n<meta name=\"twitter:label1\" content=\"Escrito por\" \/>\n\t<meta name=\"twitter:data1\" content=\"joseluisgarciamoscoso\" \/>\n\t<meta name=\"twitter:label2\" content=\"Tiempo de lectura\" \/>\n\t<meta name=\"twitter:data2\" content=\"3 minutos\" \/>\n<script type=\"application\/ld+json\" class=\"yoast-schema-graph\">{\"@context\":\"https:\\\/\\\/schema.org\",\"@graph\":[{\"@type\":\"Article\",\"@id\":\"http:\\\/\\\/www.salesianos.edu\\\/revistasmx\\\/las-24-de-jesus-munoz-de-priego\\\/#article\",\"isPartOf\":{\"@id\":\"http:\\\/\\\/www.salesianos.edu\\\/revistasmx\\\/las-24-de-jesus-munoz-de-priego\\\/\"},\"author\":{\"name\":\"joseluisgarciamoscoso\",\"@id\":\"http:\\\/\\\/www.salesianos.edu\\\/revistasmx\\\/#\\\/schema\\\/person\\\/a1d72ee5373cce7347fb2993ba9f47d6\"},\"headline\":\"Las 24 de Jes\u00fas Mu\u00f1oz de Priego\",\"datePublished\":\"2021-02-27T12:30:01+00:00\",\"dateModified\":\"2021-02-28T08:16:20+00:00\",\"mainEntityOfPage\":{\"@id\":\"http:\\\/\\\/www.salesianos.edu\\\/revistasmx\\\/las-24-de-jesus-munoz-de-priego\\\/\"},\"wordCount\":557,\"commentCount\":0,\"image\":{\"@id\":\"http:\\\/\\\/www.salesianos.edu\\\/revistasmx\\\/las-24-de-jesus-munoz-de-priego\\\/#primaryimage\"},\"thumbnailUrl\":\"http:\\\/\\\/www.salesianos.edu\\\/revistasmx\\\/wp-content\\\/uploads\\\/sites\\\/8\\\/2021\\\/02\\\/JesusMunoz-scaled.jpg\",\"articleSection\":[\"LAS 24 DE\"],\"inLanguage\":\"es\",\"potentialAction\":[{\"@type\":\"CommentAction\",\"name\":\"Comment\",\"target\":[\"http:\\\/\\\/www.salesianos.edu\\\/revistasmx\\\/las-24-de-jesus-munoz-de-priego\\\/#respond\"]}]},{\"@type\":\"WebPage\",\"@id\":\"http:\\\/\\\/www.salesianos.edu\\\/revistasmx\\\/las-24-de-jesus-munoz-de-priego\\\/\",\"url\":\"http:\\\/\\\/www.salesianos.edu\\\/revistasmx\\\/las-24-de-jesus-munoz-de-priego\\\/\",\"name\":\"Las 24 de Jes\u00fas Mu\u00f1oz de Priego - Revista SMX\",\"isPartOf\":{\"@id\":\"http:\\\/\\\/www.salesianos.edu\\\/revistasmx\\\/#website\"},\"primaryImageOfPage\":{\"@id\":\"http:\\\/\\\/www.salesianos.edu\\\/revistasmx\\\/las-24-de-jesus-munoz-de-priego\\\/#primaryimage\"},\"image\":{\"@id\":\"http:\\\/\\\/www.salesianos.edu\\\/revistasmx\\\/las-24-de-jesus-munoz-de-priego\\\/#primaryimage\"},\"thumbnailUrl\":\"http:\\\/\\\/www.salesianos.edu\\\/revistasmx\\\/wp-content\\\/uploads\\\/sites\\\/8\\\/2021\\\/02\\\/JesusMunoz-scaled.jpg\",\"datePublished\":\"2021-02-27T12:30:01+00:00\",\"dateModified\":\"2021-02-28T08:16:20+00:00\",\"author\":{\"@id\":\"http:\\\/\\\/www.salesianos.edu\\\/revistasmx\\\/#\\\/schema\\\/person\\\/a1d72ee5373cce7347fb2993ba9f47d6\"},\"breadcrumb\":{\"@id\":\"http:\\\/\\\/www.salesianos.edu\\\/revistasmx\\\/las-24-de-jesus-munoz-de-priego\\\/#breadcrumb\"},\"inLanguage\":\"es\",\"potentialAction\":[{\"@type\":\"ReadAction\",\"target\":[\"http:\\\/\\\/www.salesianos.edu\\\/revistasmx\\\/las-24-de-jesus-munoz-de-priego\\\/\"]}]},{\"@type\":\"ImageObject\",\"inLanguage\":\"es\",\"@id\":\"http:\\\/\\\/www.salesianos.edu\\\/revistasmx\\\/las-24-de-jesus-munoz-de-priego\\\/#primaryimage\",\"url\":\"http:\\\/\\\/www.salesianos.edu\\\/revistasmx\\\/wp-content\\\/uploads\\\/sites\\\/8\\\/2021\\\/02\\\/JesusMunoz-scaled.jpg\",\"contentUrl\":\"http:\\\/\\\/www.salesianos.edu\\\/revistasmx\\\/wp-content\\\/uploads\\\/sites\\\/8\\\/2021\\\/02\\\/JesusMunoz-scaled.jpg\",\"width\":2560,\"height\":1916},{\"@type\":\"BreadcrumbList\",\"@id\":\"http:\\\/\\\/www.salesianos.edu\\\/revistasmx\\\/las-24-de-jesus-munoz-de-priego\\\/#breadcrumb\",\"itemListElement\":[{\"@type\":\"ListItem\",\"position\":1,\"name\":\"Portada\",\"item\":\"https:\\\/\\\/www.salesianos.edu\\\/revistasmx\\\/\"},{\"@type\":\"ListItem\",\"position\":2,\"name\":\"Las 24 de Jes\u00fas Mu\u00f1oz de Priego\"}]},{\"@type\":\"WebSite\",\"@id\":\"http:\\\/\\\/www.salesianos.edu\\\/revistasmx\\\/#website\",\"url\":\"http:\\\/\\\/www.salesianos.edu\\\/revistasmx\\\/\",\"name\":\"Revista SMX\",\"description\":\"P\u00e1gina oficial de Inspector\u00eda Salesiana Mar\u00eda Auxiliadora\",\"potentialAction\":[{\"@type\":\"SearchAction\",\"target\":{\"@type\":\"EntryPoint\",\"urlTemplate\":\"http:\\\/\\\/www.salesianos.edu\\\/revistasmx\\\/?s={search_term_string}\"},\"query-input\":{\"@type\":\"PropertyValueSpecification\",\"valueRequired\":true,\"valueName\":\"search_term_string\"}}],\"inLanguage\":\"es\"},{\"@type\":\"Person\",\"@id\":\"http:\\\/\\\/www.salesianos.edu\\\/revistasmx\\\/#\\\/schema\\\/person\\\/a1d72ee5373cce7347fb2993ba9f47d6\",\"name\":\"joseluisgarciamoscoso\",\"image\":{\"@type\":\"ImageObject\",\"inLanguage\":\"es\",\"@id\":\"https:\\\/\\\/secure.gravatar.com\\\/avatar\\\/3fda3a0b2db3bc9a39871e47cbd526b42d6c3b74755b7ae1400a87b2913fea6a?s=96&d=mm&r=g\",\"url\":\"https:\\\/\\\/secure.gravatar.com\\\/avatar\\\/3fda3a0b2db3bc9a39871e47cbd526b42d6c3b74755b7ae1400a87b2913fea6a?s=96&d=mm&r=g\",\"contentUrl\":\"https:\\\/\\\/secure.gravatar.com\\\/avatar\\\/3fda3a0b2db3bc9a39871e47cbd526b42d6c3b74755b7ae1400a87b2913fea6a?s=96&d=mm&r=g\",\"caption\":\"joseluisgarciamoscoso\"}}]}<\/script>\n<!-- \/ Yoast SEO plugin. -->","yoast_head_json":{"title":"Las 24 de Jes\u00fas Mu\u00f1oz de Priego - Revista SMX","robots":{"index":"index","follow":"follow","max-snippet":"max-snippet:-1","max-image-preview":"max-image-preview:large","max-video-preview":"max-video-preview:-1"},"canonical":"http:\/\/www.salesianos.edu\/revistasmx\/las-24-de-jesus-munoz-de-priego\/","og_locale":"es_ES","og_type":"article","og_title":"Las 24 de Jes\u00fas Mu\u00f1oz de Priego - Revista SMX","og_description":"Padre de dos hijos. Asesor Jur\u00eddico y abogado de la Inspector\u00eda salesiana; Salesiano cooperador del centro de la Trinidad de Sevilla.","og_url":"http:\/\/www.salesianos.edu\/revistasmx\/las-24-de-jesus-munoz-de-priego\/","og_site_name":"Revista SMX","article_published_time":"2021-02-27T12:30:01+00:00","article_modified_time":"2021-02-28T08:16:20+00:00","og_image":[{"width":2560,"height":1916,"url":"https:\/\/www.salesianos.edu\/revistasmx\/wp-content\/uploads\/sites\/8\/2021\/02\/JesusMunoz-scaled.jpg","type":"image\/jpeg"}],"author":"joseluisgarciamoscoso","twitter_card":"summary_large_image","twitter_misc":{"Escrito por":"joseluisgarciamoscoso","Tiempo de lectura":"3 minutos"},"schema":{"@context":"https:\/\/schema.org","@graph":[{"@type":"Article","@id":"http:\/\/www.salesianos.edu\/revistasmx\/las-24-de-jesus-munoz-de-priego\/#article","isPartOf":{"@id":"http:\/\/www.salesianos.edu\/revistasmx\/las-24-de-jesus-munoz-de-priego\/"},"author":{"name":"joseluisgarciamoscoso","@id":"http:\/\/www.salesianos.edu\/revistasmx\/#\/schema\/person\/a1d72ee5373cce7347fb2993ba9f47d6"},"headline":"Las 24 de Jes\u00fas Mu\u00f1oz de Priego","datePublished":"2021-02-27T12:30:01+00:00","dateModified":"2021-02-28T08:16:20+00:00","mainEntityOfPage":{"@id":"http:\/\/www.salesianos.edu\/revistasmx\/las-24-de-jesus-munoz-de-priego\/"},"wordCount":557,"commentCount":0,"image":{"@id":"http:\/\/www.salesianos.edu\/revistasmx\/las-24-de-jesus-munoz-de-priego\/#primaryimage"},"thumbnailUrl":"http:\/\/www.salesianos.edu\/revistasmx\/wp-content\/uploads\/sites\/8\/2021\/02\/JesusMunoz-scaled.jpg","articleSection":["LAS 24 DE"],"inLanguage":"es","potentialAction":[{"@type":"CommentAction","name":"Comment","target":["http:\/\/www.salesianos.edu\/revistasmx\/las-24-de-jesus-munoz-de-priego\/#respond"]}]},{"@type":"WebPage","@id":"http:\/\/www.salesianos.edu\/revistasmx\/las-24-de-jesus-munoz-de-priego\/","url":"http:\/\/www.salesianos.edu\/revistasmx\/las-24-de-jesus-munoz-de-priego\/","name":"Las 24 de Jes\u00fas Mu\u00f1oz de Priego - Revista SMX","isPartOf":{"@id":"http:\/\/www.salesianos.edu\/revistasmx\/#website"},"primaryImageOfPage":{"@id":"http:\/\/www.salesianos.edu\/revistasmx\/las-24-de-jesus-munoz-de-priego\/#primaryimage"},"image":{"@id":"http:\/\/www.salesianos.edu\/revistasmx\/las-24-de-jesus-munoz-de-priego\/#primaryimage"},"thumbnailUrl":"http:\/\/www.salesianos.edu\/revistasmx\/wp-content\/uploads\/sites\/8\/2021\/02\/JesusMunoz-scaled.jpg","datePublished":"2021-02-27T12:30:01+00:00","dateModified":"2021-02-28T08:16:20+00:00","author":{"@id":"http:\/\/www.salesianos.edu\/revistasmx\/#\/schema\/person\/a1d72ee5373cce7347fb2993ba9f47d6"},"breadcrumb":{"@id":"http:\/\/www.salesianos.edu\/revistasmx\/las-24-de-jesus-munoz-de-priego\/#breadcrumb"},"inLanguage":"es","potentialAction":[{"@type":"ReadAction","target":["http:\/\/www.salesianos.edu\/revistasmx\/las-24-de-jesus-munoz-de-priego\/"]}]},{"@type":"ImageObject","inLanguage":"es","@id":"http:\/\/www.salesianos.edu\/revistasmx\/las-24-de-jesus-munoz-de-priego\/#primaryimage","url":"http:\/\/www.salesianos.edu\/revistasmx\/wp-content\/uploads\/sites\/8\/2021\/02\/JesusMunoz-scaled.jpg","contentUrl":"http:\/\/www.salesianos.edu\/revistasmx\/wp-content\/uploads\/sites\/8\/2021\/02\/JesusMunoz-scaled.jpg","width":2560,"height":1916},{"@type":"BreadcrumbList","@id":"http:\/\/www.salesianos.edu\/revistasmx\/las-24-de-jesus-munoz-de-priego\/#breadcrumb","itemListElement":[{"@type":"ListItem","position":1,"name":"Portada","item":"https:\/\/www.salesianos.edu\/revistasmx\/"},{"@type":"ListItem","position":2,"name":"Las 24 de Jes\u00fas Mu\u00f1oz de Priego"}]},{"@type":"WebSite","@id":"http:\/\/www.salesianos.edu\/revistasmx\/#website","url":"http:\/\/www.salesianos.edu\/revistasmx\/","name":"Revista SMX","description":"P\u00e1gina oficial de Inspector\u00eda Salesiana Mar\u00eda Auxiliadora","potentialAction":[{"@type":"SearchAction","target":{"@type":"EntryPoint","urlTemplate":"http:\/\/www.salesianos.edu\/revistasmx\/?s={search_term_string}"},"query-input":{"@type":"PropertyValueSpecification","valueRequired":true,"valueName":"search_term_string"}}],"inLanguage":"es"},{"@type":"Person","@id":"http:\/\/www.salesianos.edu\/revistasmx\/#\/schema\/person\/a1d72ee5373cce7347fb2993ba9f47d6","name":"joseluisgarciamoscoso","image":{"@type":"ImageObject","inLanguage":"es","@id":"https:\/\/secure.gravatar.com\/avatar\/3fda3a0b2db3bc9a39871e47cbd526b42d6c3b74755b7ae1400a87b2913fea6a?s=96&d=mm&r=g","url":"https:\/\/secure.gravatar.com\/avatar\/3fda3a0b2db3bc9a39871e47cbd526b42d6c3b74755b7ae1400a87b2913fea6a?s=96&d=mm&r=g","contentUrl":"https:\/\/secure.gravatar.com\/avatar\/3fda3a0b2db3bc9a39871e47cbd526b42d6c3b74755b7ae1400a87b2913fea6a?s=96&d=mm&r=g","caption":"joseluisgarciamoscoso"}}]}},"_links":{"self":[{"href":"http:\/\/www.salesianos.edu\/revistasmx\/wp-json\/wp\/v2\/posts\/16727","targetHints":{"allow":["GET"]}}],"collection":[{"href":"http:\/\/www.salesianos.edu\/revistasmx\/wp-json\/wp\/v2\/posts"}],"about":[{"href":"http:\/\/www.salesianos.edu\/revistasmx\/wp-json\/wp\/v2\/types\/post"}],"author":[{"embeddable":true,"href":"http:\/\/www.salesianos.edu\/revistasmx\/wp-json\/wp\/v2\/users\/12"}],"replies":[{"embeddable":true,"href":"http:\/\/www.salesianos.edu\/revistasmx\/wp-json\/wp\/v2\/comments?post=16727"}],"version-history":[{"count":4,"href":"http:\/\/www.salesianos.edu\/revistasmx\/wp-json\/wp\/v2\/posts\/16727\/revisions"}],"predecessor-version":[{"id":16951,"href":"http:\/\/www.salesianos.edu\/revistasmx\/wp-json\/wp\/v2\/posts\/16727\/revisions\/16951"}],"wp:featuredmedia":[{"embeddable":true,"href":"http:\/\/www.salesianos.edu\/revistasmx\/wp-json\/wp\/v2\/media\/16729"}],"wp:attachment":[{"href":"http:\/\/www.salesianos.edu\/revistasmx\/wp-json\/wp\/v2\/media?parent=16727"}],"wp:term":[{"taxonomy":"category","embeddable":true,"href":"http:\/\/www.salesianos.edu\/revistasmx\/wp-json\/wp\/v2\/categories?post=16727"},{"taxonomy":"post_tag","embeddable":true,"href":"http:\/\/www.salesianos.edu\/revistasmx\/wp-json\/wp\/v2\/tags?post=16727"}],"curies":[{"name":"wp","href":"https:\/\/api.w.org\/{rel}","templated":true}]}}