{"id":16519,"date":"2021-01-29T11:15:23","date_gmt":"2021-01-29T10:15:23","guid":{"rendered":"http:\/\/www.salesianos.edu\/revistasmx\/?p=16519"},"modified":"2021-01-29T13:45:00","modified_gmt":"2021-01-29T12:45:00","slug":"una-cosa-te-falta-capitulo-4-pastoral-vocacional-o-mejor-animacion-vocacional","status":"publish","type":"post","link":"http:\/\/www.salesianos.edu\/revistasmx\/una-cosa-te-falta-capitulo-4-pastoral-vocacional-o-mejor-animacion-vocacional\/","title":{"rendered":"Una cosa te falta, cap\u00edtulo 4 \u00bfPastoral vocacional o, mejor, animaci\u00f3n vocacional?"},"content":{"rendered":"<div id=\"fb-root\"><\/div>\n<p>[et_pb_section fb_built=\u00bb1&#8243; admin_label=\u00bbsection\u00bb _builder_version=\u00bb3.22&#8243;][et_pb_row admin_label=\u00bbrow\u00bb _builder_version=\u00bb3.25&#8243; background_size=\u00bbinitial\u00bb background_position=\u00bbtop_left\u00bb background_repeat=\u00bbrepeat\u00bb][et_pb_column type=\u00bb4_4&#8243; _builder_version=\u00bb3.25&#8243; custom_padding=\u00bb|||\u00bb custom_padding__hover=\u00bb|||\u00bb][et_pb_text _builder_version=\u00bb4.8.1&#8243; _module_preset=\u00bbdefault\u00bb hover_enabled=\u00bb0&#8243; sticky_enabled=\u00bb0&#8243;]<\/p>\n<p>En la secci\u00f3n\u00a0<strong>\u2018Una cosa te falta\u2019<\/strong>\u00a0cada mes se explica uno de los 10 cap\u00edtulos del libro que lleva el mismo t\u00edtulo, respondiendo a diferentes cuestiones relacionadas con vocaci\u00f3n y vocaciones en la Iglesia actual.<\/p>\n<p>A trav\u00e9s de los diferentes cap\u00edtulos se abordar\u00e1n entre otras cuestiones el sentido de la pastoral juvenil vocacional y la cultura vocacional, el perfil del animador vocacional o su relaci\u00f3n con los itinerarios de educaci\u00f3n en la fe.<\/p>\n<p>[\/et_pb_text][et_pb_video _builder_version=\u00bb4.8.1&#8243; _module_preset=\u00bbdefault\u00bb src=\u00bbhttps:\/\/www.youtube.com\/watch?v=IdCuI6nuoDA&amp;feature=youtu.be\u00bb hover_enabled=\u00bb0&#8243; sticky_enabled=\u00bb0&#8243;][\/et_pb_video][\/et_pb_column][\/et_pb_row][\/et_pb_section]<\/p>\n","protected":false},"excerpt":{"rendered":"<p>Paco Pepe P\u00e9rez responde a diferentes cuestiones relacionadas con vocaci\u00f3n y vocaciones en la Iglesia actual.<\/p>\n","protected":false},"author":5,"featured_media":16522,"comment_status":"open","ping_status":"closed","sticky":false,"template":"","format":"standard","meta":{"_et_pb_use_builder":"on","_et_pb_old_content":"","_et_gb_content_width":"","footnotes":""},"categories":[598,1,82],"tags":[],"class_list":["post-16519","post","type-post","status-publish","format-standard","has-post-thumbnail","hentry","category-una-cosa-te-falta","category-uncategorized","category-ven-y-sigueme"],"yoast_head":"<!-- This site is optimized with the Yoast SEO plugin v27.5 - https:\/\/yoast.com\/product\/yoast-seo-wordpress\/ -->\n<title>Una cosa te falta, cap\u00edtulo 4 \u00bfPastoral vocacional o, mejor, animaci\u00f3n vocacional? - Revista SMX<\/title>\n<meta name=\"robots\" content=\"index, follow, max-snippet:-1, max-image-preview:large, max-video-preview:-1\" \/>\n<link rel=\"canonical\" href=\"http:\/\/www.salesianos.edu\/revistasmx\/una-cosa-te-falta-capitulo-4-pastoral-vocacional-o-mejor-animacion-vocacional\/\" \/>\n<meta property=\"og:locale\" content=\"es_ES\" \/>\n<meta property=\"og:type\" content=\"article\" \/>\n<meta property=\"og:title\" content=\"Una cosa te falta, cap\u00edtulo 4 \u00bfPastoral vocacional o, mejor, animaci\u00f3n vocacional? - Revista SMX\" \/>\n<meta property=\"og:description\" content=\"Paco Pepe P\u00e9rez responde a diferentes cuestiones relacionadas con vocaci\u00f3n y vocaciones en la Iglesia actual.\" \/>\n<meta property=\"og:url\" content=\"http:\/\/www.salesianos.edu\/revistasmx\/una-cosa-te-falta-capitulo-4-pastoral-vocacional-o-mejor-animacion-vocacional\/\" \/>\n<meta property=\"og:site_name\" content=\"Revista SMX\" \/>\n<meta property=\"article:published_time\" content=\"2021-01-29T10:15:23+00:00\" \/>\n<meta property=\"article:modified_time\" content=\"2021-01-29T12:45:00+00:00\" \/>\n<meta property=\"og:image\" content=\"https:\/\/www.salesianos.edu\/revistasmx\/wp-content\/uploads\/sites\/8\/2021\/01\/Captura-de-pantalla-2021-01-28-a-las-14.05.42.png\" \/>\n\t<meta property=\"og:image:width\" content=\"808\" \/>\n\t<meta property=\"og:image:height\" content=\"618\" \/>\n\t<meta property=\"og:image:type\" content=\"image\/png\" \/>\n<meta name=\"author\" content=\"martapeirat\" \/>\n<meta name=\"twitter:card\" content=\"summary_large_image\" \/>\n<meta name=\"twitter:label1\" content=\"Escrito por\" \/>\n\t<meta name=\"twitter:data1\" content=\"martapeirat\" \/>\n\t<meta name=\"twitter:label2\" content=\"Tiempo de lectura\" \/>\n\t<meta name=\"twitter:data2\" content=\"1 minuto\" \/>\n<script type=\"application\/ld+json\" class=\"yoast-schema-graph\">{\"@context\":\"https:\\\/\\\/schema.org\",\"@graph\":[{\"@type\":\"Article\",\"@id\":\"http:\\\/\\\/www.salesianos.edu\\\/revistasmx\\\/una-cosa-te-falta-capitulo-4-pastoral-vocacional-o-mejor-animacion-vocacional\\\/#article\",\"isPartOf\":{\"@id\":\"http:\\\/\\\/www.salesianos.edu\\\/revistasmx\\\/una-cosa-te-falta-capitulo-4-pastoral-vocacional-o-mejor-animacion-vocacional\\\/\"},\"author\":{\"name\":\"martapeirat\",\"@id\":\"http:\\\/\\\/www.salesianos.edu\\\/revistasmx\\\/#\\\/schema\\\/person\\\/20a80be1bb4e0ed82068c57facf5b237\"},\"headline\":\"Una cosa te falta, cap\u00edtulo 4 \u00bfPastoral vocacional o, mejor, animaci\u00f3n vocacional?\",\"datePublished\":\"2021-01-29T10:15:23+00:00\",\"dateModified\":\"2021-01-29T12:45:00+00:00\",\"mainEntityOfPage\":{\"@id\":\"http:\\\/\\\/www.salesianos.edu\\\/revistasmx\\\/una-cosa-te-falta-capitulo-4-pastoral-vocacional-o-mejor-animacion-vocacional\\\/\"},\"wordCount\":186,\"commentCount\":0,\"image\":{\"@id\":\"http:\\\/\\\/www.salesianos.edu\\\/revistasmx\\\/una-cosa-te-falta-capitulo-4-pastoral-vocacional-o-mejor-animacion-vocacional\\\/#primaryimage\"},\"thumbnailUrl\":\"http:\\\/\\\/www.salesianos.edu\\\/revistasmx\\\/wp-content\\\/uploads\\\/sites\\\/8\\\/2021\\\/01\\\/Captura-de-pantalla-2021-01-28-a-las-14.05.42.png\",\"articleSection\":[\"Una cosa te falta\",\"Uncategorized\",\"VEN y SIGUEME\"],\"inLanguage\":\"es\",\"potentialAction\":[{\"@type\":\"CommentAction\",\"name\":\"Comment\",\"target\":[\"http:\\\/\\\/www.salesianos.edu\\\/revistasmx\\\/una-cosa-te-falta-capitulo-4-pastoral-vocacional-o-mejor-animacion-vocacional\\\/#respond\"]}]},{\"@type\":\"WebPage\",\"@id\":\"http:\\\/\\\/www.salesianos.edu\\\/revistasmx\\\/una-cosa-te-falta-capitulo-4-pastoral-vocacional-o-mejor-animacion-vocacional\\\/\",\"url\":\"http:\\\/\\\/www.salesianos.edu\\\/revistasmx\\\/una-cosa-te-falta-capitulo-4-pastoral-vocacional-o-mejor-animacion-vocacional\\\/\",\"name\":\"Una cosa te falta, cap\u00edtulo 4 \u00bfPastoral vocacional o, mejor, animaci\u00f3n vocacional? - Revista SMX\",\"isPartOf\":{\"@id\":\"http:\\\/\\\/www.salesianos.edu\\\/revistasmx\\\/#website\"},\"primaryImageOfPage\":{\"@id\":\"http:\\\/\\\/www.salesianos.edu\\\/revistasmx\\\/una-cosa-te-falta-capitulo-4-pastoral-vocacional-o-mejor-animacion-vocacional\\\/#primaryimage\"},\"image\":{\"@id\":\"http:\\\/\\\/www.salesianos.edu\\\/revistasmx\\\/una-cosa-te-falta-capitulo-4-pastoral-vocacional-o-mejor-animacion-vocacional\\\/#primaryimage\"},\"thumbnailUrl\":\"http:\\\/\\\/www.salesianos.edu\\\/revistasmx\\\/wp-content\\\/uploads\\\/sites\\\/8\\\/2021\\\/01\\\/Captura-de-pantalla-2021-01-28-a-las-14.05.42.png\",\"datePublished\":\"2021-01-29T10:15:23+00:00\",\"dateModified\":\"2021-01-29T12:45:00+00:00\",\"author\":{\"@id\":\"http:\\\/\\\/www.salesianos.edu\\\/revistasmx\\\/#\\\/schema\\\/person\\\/20a80be1bb4e0ed82068c57facf5b237\"},\"breadcrumb\":{\"@id\":\"http:\\\/\\\/www.salesianos.edu\\\/revistasmx\\\/una-cosa-te-falta-capitulo-4-pastoral-vocacional-o-mejor-animacion-vocacional\\\/#breadcrumb\"},\"inLanguage\":\"es\",\"potentialAction\":[{\"@type\":\"ReadAction\",\"target\":[\"http:\\\/\\\/www.salesianos.edu\\\/revistasmx\\\/una-cosa-te-falta-capitulo-4-pastoral-vocacional-o-mejor-animacion-vocacional\\\/\"]}]},{\"@type\":\"ImageObject\",\"inLanguage\":\"es\",\"@id\":\"http:\\\/\\\/www.salesianos.edu\\\/revistasmx\\\/una-cosa-te-falta-capitulo-4-pastoral-vocacional-o-mejor-animacion-vocacional\\\/#primaryimage\",\"url\":\"http:\\\/\\\/www.salesianos.edu\\\/revistasmx\\\/wp-content\\\/uploads\\\/sites\\\/8\\\/2021\\\/01\\\/Captura-de-pantalla-2021-01-28-a-las-14.05.42.png\",\"contentUrl\":\"http:\\\/\\\/www.salesianos.edu\\\/revistasmx\\\/wp-content\\\/uploads\\\/sites\\\/8\\\/2021\\\/01\\\/Captura-de-pantalla-2021-01-28-a-las-14.05.42.png\",\"width\":808,\"height\":618},{\"@type\":\"BreadcrumbList\",\"@id\":\"http:\\\/\\\/www.salesianos.edu\\\/revistasmx\\\/una-cosa-te-falta-capitulo-4-pastoral-vocacional-o-mejor-animacion-vocacional\\\/#breadcrumb\",\"itemListElement\":[{\"@type\":\"ListItem\",\"position\":1,\"name\":\"Portada\",\"item\":\"http:\\\/\\\/www.salesianos.edu\\\/revistasmx\\\/\"},{\"@type\":\"ListItem\",\"position\":2,\"name\":\"Una cosa te falta, cap\u00edtulo 4 \u00bfPastoral vocacional o, mejor, animaci\u00f3n vocacional?\"}]},{\"@type\":\"WebSite\",\"@id\":\"http:\\\/\\\/www.salesianos.edu\\\/revistasmx\\\/#website\",\"url\":\"http:\\\/\\\/www.salesianos.edu\\\/revistasmx\\\/\",\"name\":\"Revista SMX\",\"description\":\"P\u00e1gina oficial de Inspector\u00eda Salesiana Mar\u00eda Auxiliadora\",\"potentialAction\":[{\"@type\":\"SearchAction\",\"target\":{\"@type\":\"EntryPoint\",\"urlTemplate\":\"http:\\\/\\\/www.salesianos.edu\\\/revistasmx\\\/?s={search_term_string}\"},\"query-input\":{\"@type\":\"PropertyValueSpecification\",\"valueRequired\":true,\"valueName\":\"search_term_string\"}}],\"inLanguage\":\"es\"},{\"@type\":\"Person\",\"@id\":\"http:\\\/\\\/www.salesianos.edu\\\/revistasmx\\\/#\\\/schema\\\/person\\\/20a80be1bb4e0ed82068c57facf5b237\",\"name\":\"martapeirat\",\"image\":{\"@type\":\"ImageObject\",\"inLanguage\":\"es\",\"@id\":\"https:\\\/\\\/secure.gravatar.com\\\/avatar\\\/1139b81b40ed1dde466563679597db378e7092bbfdd7ebb264c437fedde866d7?s=96&d=mm&r=g\",\"url\":\"https:\\\/\\\/secure.gravatar.com\\\/avatar\\\/1139b81b40ed1dde466563679597db378e7092bbfdd7ebb264c437fedde866d7?s=96&d=mm&r=g\",\"contentUrl\":\"https:\\\/\\\/secure.gravatar.com\\\/avatar\\\/1139b81b40ed1dde466563679597db378e7092bbfdd7ebb264c437fedde866d7?s=96&d=mm&r=g\",\"caption\":\"martapeirat\"}}]}<\/script>\n<!-- \/ Yoast SEO plugin. -->","yoast_head_json":{"title":"Una cosa te falta, cap\u00edtulo 4 \u00bfPastoral vocacional o, mejor, animaci\u00f3n vocacional? - Revista SMX","robots":{"index":"index","follow":"follow","max-snippet":"max-snippet:-1","max-image-preview":"max-image-preview:large","max-video-preview":"max-video-preview:-1"},"canonical":"http:\/\/www.salesianos.edu\/revistasmx\/una-cosa-te-falta-capitulo-4-pastoral-vocacional-o-mejor-animacion-vocacional\/","og_locale":"es_ES","og_type":"article","og_title":"Una cosa te falta, cap\u00edtulo 4 \u00bfPastoral vocacional o, mejor, animaci\u00f3n vocacional? - Revista SMX","og_description":"Paco Pepe P\u00e9rez responde a diferentes cuestiones relacionadas con vocaci\u00f3n y vocaciones en la Iglesia actual.","og_url":"http:\/\/www.salesianos.edu\/revistasmx\/una-cosa-te-falta-capitulo-4-pastoral-vocacional-o-mejor-animacion-vocacional\/","og_site_name":"Revista SMX","article_published_time":"2021-01-29T10:15:23+00:00","article_modified_time":"2021-01-29T12:45:00+00:00","og_image":[{"width":808,"height":618,"url":"https:\/\/www.salesianos.edu\/revistasmx\/wp-content\/uploads\/sites\/8\/2021\/01\/Captura-de-pantalla-2021-01-28-a-las-14.05.42.png","type":"image\/png"}],"author":"martapeirat","twitter_card":"summary_large_image","twitter_misc":{"Escrito por":"martapeirat","Tiempo de lectura":"1 minuto"},"schema":{"@context":"https:\/\/schema.org","@graph":[{"@type":"Article","@id":"http:\/\/www.salesianos.edu\/revistasmx\/una-cosa-te-falta-capitulo-4-pastoral-vocacional-o-mejor-animacion-vocacional\/#article","isPartOf":{"@id":"http:\/\/www.salesianos.edu\/revistasmx\/una-cosa-te-falta-capitulo-4-pastoral-vocacional-o-mejor-animacion-vocacional\/"},"author":{"name":"martapeirat","@id":"http:\/\/www.salesianos.edu\/revistasmx\/#\/schema\/person\/20a80be1bb4e0ed82068c57facf5b237"},"headline":"Una cosa te falta, cap\u00edtulo 4 \u00bfPastoral vocacional o, mejor, animaci\u00f3n vocacional?","datePublished":"2021-01-29T10:15:23+00:00","dateModified":"2021-01-29T12:45:00+00:00","mainEntityOfPage":{"@id":"http:\/\/www.salesianos.edu\/revistasmx\/una-cosa-te-falta-capitulo-4-pastoral-vocacional-o-mejor-animacion-vocacional\/"},"wordCount":186,"commentCount":0,"image":{"@id":"http:\/\/www.salesianos.edu\/revistasmx\/una-cosa-te-falta-capitulo-4-pastoral-vocacional-o-mejor-animacion-vocacional\/#primaryimage"},"thumbnailUrl":"http:\/\/www.salesianos.edu\/revistasmx\/wp-content\/uploads\/sites\/8\/2021\/01\/Captura-de-pantalla-2021-01-28-a-las-14.05.42.png","articleSection":["Una cosa te falta","Uncategorized","VEN y SIGUEME"],"inLanguage":"es","potentialAction":[{"@type":"CommentAction","name":"Comment","target":["http:\/\/www.salesianos.edu\/revistasmx\/una-cosa-te-falta-capitulo-4-pastoral-vocacional-o-mejor-animacion-vocacional\/#respond"]}]},{"@type":"WebPage","@id":"http:\/\/www.salesianos.edu\/revistasmx\/una-cosa-te-falta-capitulo-4-pastoral-vocacional-o-mejor-animacion-vocacional\/","url":"http:\/\/www.salesianos.edu\/revistasmx\/una-cosa-te-falta-capitulo-4-pastoral-vocacional-o-mejor-animacion-vocacional\/","name":"Una cosa te falta, cap\u00edtulo 4 \u00bfPastoral vocacional o, mejor, animaci\u00f3n vocacional? - Revista SMX","isPartOf":{"@id":"http:\/\/www.salesianos.edu\/revistasmx\/#website"},"primaryImageOfPage":{"@id":"http:\/\/www.salesianos.edu\/revistasmx\/una-cosa-te-falta-capitulo-4-pastoral-vocacional-o-mejor-animacion-vocacional\/#primaryimage"},"image":{"@id":"http:\/\/www.salesianos.edu\/revistasmx\/una-cosa-te-falta-capitulo-4-pastoral-vocacional-o-mejor-animacion-vocacional\/#primaryimage"},"thumbnailUrl":"http:\/\/www.salesianos.edu\/revistasmx\/wp-content\/uploads\/sites\/8\/2021\/01\/Captura-de-pantalla-2021-01-28-a-las-14.05.42.png","datePublished":"2021-01-29T10:15:23+00:00","dateModified":"2021-01-29T12:45:00+00:00","author":{"@id":"http:\/\/www.salesianos.edu\/revistasmx\/#\/schema\/person\/20a80be1bb4e0ed82068c57facf5b237"},"breadcrumb":{"@id":"http:\/\/www.salesianos.edu\/revistasmx\/una-cosa-te-falta-capitulo-4-pastoral-vocacional-o-mejor-animacion-vocacional\/#breadcrumb"},"inLanguage":"es","potentialAction":[{"@type":"ReadAction","target":["http:\/\/www.salesianos.edu\/revistasmx\/una-cosa-te-falta-capitulo-4-pastoral-vocacional-o-mejor-animacion-vocacional\/"]}]},{"@type":"ImageObject","inLanguage":"es","@id":"http:\/\/www.salesianos.edu\/revistasmx\/una-cosa-te-falta-capitulo-4-pastoral-vocacional-o-mejor-animacion-vocacional\/#primaryimage","url":"http:\/\/www.salesianos.edu\/revistasmx\/wp-content\/uploads\/sites\/8\/2021\/01\/Captura-de-pantalla-2021-01-28-a-las-14.05.42.png","contentUrl":"http:\/\/www.salesianos.edu\/revistasmx\/wp-content\/uploads\/sites\/8\/2021\/01\/Captura-de-pantalla-2021-01-28-a-las-14.05.42.png","width":808,"height":618},{"@type":"BreadcrumbList","@id":"http:\/\/www.salesianos.edu\/revistasmx\/una-cosa-te-falta-capitulo-4-pastoral-vocacional-o-mejor-animacion-vocacional\/#breadcrumb","itemListElement":[{"@type":"ListItem","position":1,"name":"Portada","item":"http:\/\/www.salesianos.edu\/revistasmx\/"},{"@type":"ListItem","position":2,"name":"Una cosa te falta, cap\u00edtulo 4 \u00bfPastoral vocacional o, mejor, animaci\u00f3n vocacional?"}]},{"@type":"WebSite","@id":"http:\/\/www.salesianos.edu\/revistasmx\/#website","url":"http:\/\/www.salesianos.edu\/revistasmx\/","name":"Revista SMX","description":"P\u00e1gina oficial de Inspector\u00eda Salesiana Mar\u00eda Auxiliadora","potentialAction":[{"@type":"SearchAction","target":{"@type":"EntryPoint","urlTemplate":"http:\/\/www.salesianos.edu\/revistasmx\/?s={search_term_string}"},"query-input":{"@type":"PropertyValueSpecification","valueRequired":true,"valueName":"search_term_string"}}],"inLanguage":"es"},{"@type":"Person","@id":"http:\/\/www.salesianos.edu\/revistasmx\/#\/schema\/person\/20a80be1bb4e0ed82068c57facf5b237","name":"martapeirat","image":{"@type":"ImageObject","inLanguage":"es","@id":"https:\/\/secure.gravatar.com\/avatar\/1139b81b40ed1dde466563679597db378e7092bbfdd7ebb264c437fedde866d7?s=96&d=mm&r=g","url":"https:\/\/secure.gravatar.com\/avatar\/1139b81b40ed1dde466563679597db378e7092bbfdd7ebb264c437fedde866d7?s=96&d=mm&r=g","contentUrl":"https:\/\/secure.gravatar.com\/avatar\/1139b81b40ed1dde466563679597db378e7092bbfdd7ebb264c437fedde866d7?s=96&d=mm&r=g","caption":"martapeirat"}}]}},"_links":{"self":[{"href":"http:\/\/www.salesianos.edu\/revistasmx\/wp-json\/wp\/v2\/posts\/16519","targetHints":{"allow":["GET"]}}],"collection":[{"href":"http:\/\/www.salesianos.edu\/revistasmx\/wp-json\/wp\/v2\/posts"}],"about":[{"href":"http:\/\/www.salesianos.edu\/revistasmx\/wp-json\/wp\/v2\/types\/post"}],"author":[{"embeddable":true,"href":"http:\/\/www.salesianos.edu\/revistasmx\/wp-json\/wp\/v2\/users\/5"}],"replies":[{"embeddable":true,"href":"http:\/\/www.salesianos.edu\/revistasmx\/wp-json\/wp\/v2\/comments?post=16519"}],"version-history":[{"count":3,"href":"http:\/\/www.salesianos.edu\/revistasmx\/wp-json\/wp\/v2\/posts\/16519\/revisions"}],"predecessor-version":[{"id":16524,"href":"http:\/\/www.salesianos.edu\/revistasmx\/wp-json\/wp\/v2\/posts\/16519\/revisions\/16524"}],"wp:featuredmedia":[{"embeddable":true,"href":"http:\/\/www.salesianos.edu\/revistasmx\/wp-json\/wp\/v2\/media\/16522"}],"wp:attachment":[{"href":"http:\/\/www.salesianos.edu\/revistasmx\/wp-json\/wp\/v2\/media?parent=16519"}],"wp:term":[{"taxonomy":"category","embeddable":true,"href":"http:\/\/www.salesianos.edu\/revistasmx\/wp-json\/wp\/v2\/categories?post=16519"},{"taxonomy":"post_tag","embeddable":true,"href":"http:\/\/www.salesianos.edu\/revistasmx\/wp-json\/wp\/v2\/tags?post=16519"}],"curies":[{"name":"wp","href":"https:\/\/api.w.org\/{rel}","templated":true}]}}