{"id":16509,"date":"2021-01-28T14:01:36","date_gmt":"2021-01-28T13:01:36","guid":{"rendered":"http:\/\/www.salesianos.edu\/revistasmx\/?p=16509"},"modified":"2021-01-28T14:01:39","modified_gmt":"2021-01-28T13:01:39","slug":"testimonio-maribel-barreda-fma","status":"publish","type":"post","link":"http:\/\/www.salesianos.edu\/revistasmx\/testimonio-maribel-barreda-fma\/","title":{"rendered":"Testimonio: Maribel Barreda, fma"},"content":{"rendered":"<div id=\"fb-root\"><\/div>\n<p>[et_pb_section fb_built=\u00bb1&#8243; admin_label=\u00bbsection\u00bb _builder_version=\u00bb3.22&#8243;][et_pb_row _builder_version=\u00bb3.25&#8243; background_size=\u00bbinitial\u00bb background_position=\u00bbtop_left\u00bb background_repeat=\u00bbrepeat\u00bb][et_pb_column type=\u00bb4_4&#8243; _builder_version=\u00bb3.25&#8243; custom_padding=\u00bb|||\u00bb custom_padding__hover=\u00bb|||\u00bb][et_pb_text _builder_version=\u00bb4.8.1&#8243; text_line_height=\u00bb1.5em\u00bb hover_enabled=\u00bb0&#8243; sticky_enabled=\u00bb0&#8243;]<\/p>\n<p><i><span style=\"font-weight: 400\">\u201cCamina sola y llegar\u00e1s antes, camina acompa\u00f1ada y llegar\u00e1s lejos\u201d.<\/span><\/i><span style=\"font-weight: 400\"> Quisiera comenzar estas sencillas l\u00edneas sobre lo que significa la vida en comunidad con esta frase, a la que volver\u00e9 despu\u00e9s.\u00a0<\/span><\/p>\n<p><span style=\"font-weight: 400\">La vida en comunidad es inseparable de nuestra consagraci\u00f3n religiosa, \u201cel pack viene junto\u201d, y cuando comienzas a desenvolver ese pack y a mirar las instrucciones para saber c\u00f3mo vivirlo, te encuentras con indicaciones como \u00e9stas: <\/span><i><span style=\"font-weight: 400\">vivir y trabajar juntas en el nombre del Se\u00f1or, servir al Se\u00f1or con alegr\u00eda en un profundo esp\u00edritu de familia, procurar formar un solo coraz\u00f3n y una sola alma.<\/span><\/i><span style=\"font-weight: 400\"> En las Constituciones de las Hijas de M\u00aa Auxiliadora, es d\u00f3nde las encontramos y es bonito observar como el t\u00edtulo que las recoge dice: \u201cNuestra vida fraterna\u201d. Porque es eso hacia lo que caminamos d\u00eda a d\u00eda, con nuestras dificultades y cansancios que no faltan, pero con la certeza de que merece la pena porque el v\u00ednculo que nos une es la fe en Aquel que nos llam\u00f3 a todas a seguirle para entregar nuestra vida a los j\u00f3venes.\u00a0<\/span><\/p>\n<p><span style=\"font-weight: 400\">Despu\u00e9s del camino recorrido como salesiana, vas descubriendo que la comunidad es la fuerza que nos da el Esp\u00edritu Santo para caminar cada d\u00eda sabiendo que nadie eligi\u00f3 vivir con las personas que est\u00e1n a su lado, pero que Dios s\u00ed nos eligi\u00f3 para ser testimonio de que es posible vivir el amor cuando est\u00e1 hecho de escucha, de comprensi\u00f3n, de perd\u00f3n. Podemos caminar solas aun estando acompa\u00f1adas, ese es el riesgo, porque nos atrae llegar antes y no esperar por los dem\u00e1s.\u00a0<\/span><\/p>\n<p><span style=\"font-weight: 400\">Tambi\u00e9n quienes segu\u00edan a Jes\u00fas tuvieron esa tentaci\u00f3n, pero \u00c9l nos mostr\u00f3 que la vida en comunidad es descanso para el alma cuando la misi\u00f3n es dif\u00edcil, es alegr\u00eda compartida cuando descubrimos como Dios se abre paso en nuestra realidad, es discernimiento com\u00fan para entender d\u00f3nde el Se\u00f1or nos llama a estar hoy, es perd\u00f3n y acogida continua de nuestras fragilidades. Solo la fe sostiene nuestra vida en com\u00fan y nos ayuda a hacer de nuestra comunidad \u201cla casa del amor de Dios\u201d, como quiso Madre Mazzarello.\u00a0<\/span><\/p>\n<p><span style=\"font-weight: 400\">Y un amor que no es irreal, que no es inalcanzable, cuando Dios habita en ella.\u00a0<\/span><\/p>\n<p>[\/et_pb_text][\/et_pb_column][\/et_pb_row][\/et_pb_section]<\/p>\n","protected":false},"excerpt":{"rendered":"<p>La vida en comunidad es inseparable de nuestra consagraci\u00f3n religiosa, \u201cel pack viene junto\u201d.<\/p>\n","protected":false},"author":5,"featured_media":16512,"comment_status":"open","ping_status":"closed","sticky":false,"template":"","format":"standard","meta":{"_et_pb_use_builder":"on","_et_pb_old_content":"","_et_gb_content_width":"","footnotes":""},"categories":[136,1,82],"tags":[],"class_list":["post-16509","post","type-post","status-publish","format-standard","has-post-thumbnail","hentry","category-testimonio","category-uncategorized","category-ven-y-sigueme"],"yoast_head":"<!-- This site is optimized with the Yoast SEO plugin v27.5 - https:\/\/yoast.com\/product\/yoast-seo-wordpress\/ -->\n<title>Testimonio: Maribel Barreda, fma - Revista SMX<\/title>\n<meta name=\"robots\" content=\"index, follow, max-snippet:-1, max-image-preview:large, max-video-preview:-1\" \/>\n<link rel=\"canonical\" href=\"http:\/\/www.salesianos.edu\/revistasmx\/testimonio-maribel-barreda-fma\/\" \/>\n<meta property=\"og:locale\" content=\"es_ES\" \/>\n<meta property=\"og:type\" content=\"article\" \/>\n<meta property=\"og:title\" content=\"Testimonio: Maribel Barreda, fma - Revista SMX\" \/>\n<meta property=\"og:description\" content=\"La vida en comunidad es inseparable de nuestra consagraci\u00f3n religiosa, \u201cel pack viene junto\u201d.\" \/>\n<meta property=\"og:url\" content=\"http:\/\/www.salesianos.edu\/revistasmx\/testimonio-maribel-barreda-fma\/\" \/>\n<meta property=\"og:site_name\" content=\"Revista SMX\" \/>\n<meta property=\"article:published_time\" content=\"2021-01-28T13:01:36+00:00\" \/>\n<meta property=\"article:modified_time\" content=\"2021-01-28T13:01:39+00:00\" \/>\n<meta property=\"og:image\" content=\"http:\/\/www.salesianos.edu\/revistasmx\/wp-content\/uploads\/sites\/8\/2021\/01\/Captura-de-pantalla-2021-01-28-a-las-14.00.42.png\" \/>\n\t<meta property=\"og:image:width\" content=\"667\" \/>\n\t<meta property=\"og:image:height\" content=\"576\" \/>\n\t<meta property=\"og:image:type\" content=\"image\/png\" \/>\n<meta name=\"author\" content=\"martapeirat\" \/>\n<meta name=\"twitter:card\" content=\"summary_large_image\" \/>\n<meta name=\"twitter:label1\" content=\"Escrito por\" \/>\n\t<meta name=\"twitter:data1\" content=\"martapeirat\" \/>\n\t<meta name=\"twitter:label2\" content=\"Tiempo de lectura\" \/>\n\t<meta name=\"twitter:data2\" content=\"2 minutos\" \/>\n<script type=\"application\/ld+json\" class=\"yoast-schema-graph\">{\"@context\":\"https:\\\/\\\/schema.org\",\"@graph\":[{\"@type\":\"Article\",\"@id\":\"http:\\\/\\\/www.salesianos.edu\\\/revistasmx\\\/testimonio-maribel-barreda-fma\\\/#article\",\"isPartOf\":{\"@id\":\"http:\\\/\\\/www.salesianos.edu\\\/revistasmx\\\/testimonio-maribel-barreda-fma\\\/\"},\"author\":{\"name\":\"martapeirat\",\"@id\":\"http:\\\/\\\/www.salesianos.edu\\\/revistasmx\\\/#\\\/schema\\\/person\\\/20a80be1bb4e0ed82068c57facf5b237\"},\"headline\":\"Testimonio: Maribel Barreda, fma\",\"datePublished\":\"2021-01-28T13:01:36+00:00\",\"dateModified\":\"2021-01-28T13:01:39+00:00\",\"mainEntityOfPage\":{\"@id\":\"http:\\\/\\\/www.salesianos.edu\\\/revistasmx\\\/testimonio-maribel-barreda-fma\\\/\"},\"wordCount\":464,\"commentCount\":0,\"image\":{\"@id\":\"http:\\\/\\\/www.salesianos.edu\\\/revistasmx\\\/testimonio-maribel-barreda-fma\\\/#primaryimage\"},\"thumbnailUrl\":\"http:\\\/\\\/www.salesianos.edu\\\/revistasmx\\\/wp-content\\\/uploads\\\/sites\\\/8\\\/2021\\\/01\\\/Captura-de-pantalla-2021-01-28-a-las-14.00.42.png\",\"articleSection\":[\"Testimonio\",\"Uncategorized\",\"VEN y SIGUEME\"],\"inLanguage\":\"es\",\"potentialAction\":[{\"@type\":\"CommentAction\",\"name\":\"Comment\",\"target\":[\"http:\\\/\\\/www.salesianos.edu\\\/revistasmx\\\/testimonio-maribel-barreda-fma\\\/#respond\"]}]},{\"@type\":\"WebPage\",\"@id\":\"http:\\\/\\\/www.salesianos.edu\\\/revistasmx\\\/testimonio-maribel-barreda-fma\\\/\",\"url\":\"http:\\\/\\\/www.salesianos.edu\\\/revistasmx\\\/testimonio-maribel-barreda-fma\\\/\",\"name\":\"Testimonio: Maribel Barreda, fma - Revista SMX\",\"isPartOf\":{\"@id\":\"http:\\\/\\\/www.salesianos.edu\\\/revistasmx\\\/#website\"},\"primaryImageOfPage\":{\"@id\":\"http:\\\/\\\/www.salesianos.edu\\\/revistasmx\\\/testimonio-maribel-barreda-fma\\\/#primaryimage\"},\"image\":{\"@id\":\"http:\\\/\\\/www.salesianos.edu\\\/revistasmx\\\/testimonio-maribel-barreda-fma\\\/#primaryimage\"},\"thumbnailUrl\":\"http:\\\/\\\/www.salesianos.edu\\\/revistasmx\\\/wp-content\\\/uploads\\\/sites\\\/8\\\/2021\\\/01\\\/Captura-de-pantalla-2021-01-28-a-las-14.00.42.png\",\"datePublished\":\"2021-01-28T13:01:36+00:00\",\"dateModified\":\"2021-01-28T13:01:39+00:00\",\"author\":{\"@id\":\"http:\\\/\\\/www.salesianos.edu\\\/revistasmx\\\/#\\\/schema\\\/person\\\/20a80be1bb4e0ed82068c57facf5b237\"},\"breadcrumb\":{\"@id\":\"http:\\\/\\\/www.salesianos.edu\\\/revistasmx\\\/testimonio-maribel-barreda-fma\\\/#breadcrumb\"},\"inLanguage\":\"es\",\"potentialAction\":[{\"@type\":\"ReadAction\",\"target\":[\"http:\\\/\\\/www.salesianos.edu\\\/revistasmx\\\/testimonio-maribel-barreda-fma\\\/\"]}]},{\"@type\":\"ImageObject\",\"inLanguage\":\"es\",\"@id\":\"http:\\\/\\\/www.salesianos.edu\\\/revistasmx\\\/testimonio-maribel-barreda-fma\\\/#primaryimage\",\"url\":\"http:\\\/\\\/www.salesianos.edu\\\/revistasmx\\\/wp-content\\\/uploads\\\/sites\\\/8\\\/2021\\\/01\\\/Captura-de-pantalla-2021-01-28-a-las-14.00.42.png\",\"contentUrl\":\"http:\\\/\\\/www.salesianos.edu\\\/revistasmx\\\/wp-content\\\/uploads\\\/sites\\\/8\\\/2021\\\/01\\\/Captura-de-pantalla-2021-01-28-a-las-14.00.42.png\",\"width\":667,\"height\":576},{\"@type\":\"BreadcrumbList\",\"@id\":\"http:\\\/\\\/www.salesianos.edu\\\/revistasmx\\\/testimonio-maribel-barreda-fma\\\/#breadcrumb\",\"itemListElement\":[{\"@type\":\"ListItem\",\"position\":1,\"name\":\"Portada\",\"item\":\"http:\\\/\\\/www.salesianos.edu\\\/revistasmx\\\/\"},{\"@type\":\"ListItem\",\"position\":2,\"name\":\"Testimonio: Maribel Barreda, fma\"}]},{\"@type\":\"WebSite\",\"@id\":\"http:\\\/\\\/www.salesianos.edu\\\/revistasmx\\\/#website\",\"url\":\"http:\\\/\\\/www.salesianos.edu\\\/revistasmx\\\/\",\"name\":\"Revista SMX\",\"description\":\"P\u00e1gina oficial de Inspector\u00eda Salesiana Mar\u00eda Auxiliadora\",\"potentialAction\":[{\"@type\":\"SearchAction\",\"target\":{\"@type\":\"EntryPoint\",\"urlTemplate\":\"http:\\\/\\\/www.salesianos.edu\\\/revistasmx\\\/?s={search_term_string}\"},\"query-input\":{\"@type\":\"PropertyValueSpecification\",\"valueRequired\":true,\"valueName\":\"search_term_string\"}}],\"inLanguage\":\"es\"},{\"@type\":\"Person\",\"@id\":\"http:\\\/\\\/www.salesianos.edu\\\/revistasmx\\\/#\\\/schema\\\/person\\\/20a80be1bb4e0ed82068c57facf5b237\",\"name\":\"martapeirat\",\"image\":{\"@type\":\"ImageObject\",\"inLanguage\":\"es\",\"@id\":\"https:\\\/\\\/secure.gravatar.com\\\/avatar\\\/1139b81b40ed1dde466563679597db378e7092bbfdd7ebb264c437fedde866d7?s=96&d=mm&r=g\",\"url\":\"https:\\\/\\\/secure.gravatar.com\\\/avatar\\\/1139b81b40ed1dde466563679597db378e7092bbfdd7ebb264c437fedde866d7?s=96&d=mm&r=g\",\"contentUrl\":\"https:\\\/\\\/secure.gravatar.com\\\/avatar\\\/1139b81b40ed1dde466563679597db378e7092bbfdd7ebb264c437fedde866d7?s=96&d=mm&r=g\",\"caption\":\"martapeirat\"}}]}<\/script>\n<!-- \/ Yoast SEO plugin. -->","yoast_head_json":{"title":"Testimonio: Maribel Barreda, fma - Revista SMX","robots":{"index":"index","follow":"follow","max-snippet":"max-snippet:-1","max-image-preview":"max-image-preview:large","max-video-preview":"max-video-preview:-1"},"canonical":"http:\/\/www.salesianos.edu\/revistasmx\/testimonio-maribel-barreda-fma\/","og_locale":"es_ES","og_type":"article","og_title":"Testimonio: Maribel Barreda, fma - Revista SMX","og_description":"La vida en comunidad es inseparable de nuestra consagraci\u00f3n religiosa, \u201cel pack viene junto\u201d.","og_url":"http:\/\/www.salesianos.edu\/revistasmx\/testimonio-maribel-barreda-fma\/","og_site_name":"Revista SMX","article_published_time":"2021-01-28T13:01:36+00:00","article_modified_time":"2021-01-28T13:01:39+00:00","og_image":[{"width":667,"height":576,"url":"http:\/\/www.salesianos.edu\/revistasmx\/wp-content\/uploads\/sites\/8\/2021\/01\/Captura-de-pantalla-2021-01-28-a-las-14.00.42.png","type":"image\/png"}],"author":"martapeirat","twitter_card":"summary_large_image","twitter_misc":{"Escrito por":"martapeirat","Tiempo de lectura":"2 minutos"},"schema":{"@context":"https:\/\/schema.org","@graph":[{"@type":"Article","@id":"http:\/\/www.salesianos.edu\/revistasmx\/testimonio-maribel-barreda-fma\/#article","isPartOf":{"@id":"http:\/\/www.salesianos.edu\/revistasmx\/testimonio-maribel-barreda-fma\/"},"author":{"name":"martapeirat","@id":"http:\/\/www.salesianos.edu\/revistasmx\/#\/schema\/person\/20a80be1bb4e0ed82068c57facf5b237"},"headline":"Testimonio: Maribel Barreda, fma","datePublished":"2021-01-28T13:01:36+00:00","dateModified":"2021-01-28T13:01:39+00:00","mainEntityOfPage":{"@id":"http:\/\/www.salesianos.edu\/revistasmx\/testimonio-maribel-barreda-fma\/"},"wordCount":464,"commentCount":0,"image":{"@id":"http:\/\/www.salesianos.edu\/revistasmx\/testimonio-maribel-barreda-fma\/#primaryimage"},"thumbnailUrl":"http:\/\/www.salesianos.edu\/revistasmx\/wp-content\/uploads\/sites\/8\/2021\/01\/Captura-de-pantalla-2021-01-28-a-las-14.00.42.png","articleSection":["Testimonio","Uncategorized","VEN y SIGUEME"],"inLanguage":"es","potentialAction":[{"@type":"CommentAction","name":"Comment","target":["http:\/\/www.salesianos.edu\/revistasmx\/testimonio-maribel-barreda-fma\/#respond"]}]},{"@type":"WebPage","@id":"http:\/\/www.salesianos.edu\/revistasmx\/testimonio-maribel-barreda-fma\/","url":"http:\/\/www.salesianos.edu\/revistasmx\/testimonio-maribel-barreda-fma\/","name":"Testimonio: Maribel Barreda, fma - Revista SMX","isPartOf":{"@id":"http:\/\/www.salesianos.edu\/revistasmx\/#website"},"primaryImageOfPage":{"@id":"http:\/\/www.salesianos.edu\/revistasmx\/testimonio-maribel-barreda-fma\/#primaryimage"},"image":{"@id":"http:\/\/www.salesianos.edu\/revistasmx\/testimonio-maribel-barreda-fma\/#primaryimage"},"thumbnailUrl":"http:\/\/www.salesianos.edu\/revistasmx\/wp-content\/uploads\/sites\/8\/2021\/01\/Captura-de-pantalla-2021-01-28-a-las-14.00.42.png","datePublished":"2021-01-28T13:01:36+00:00","dateModified":"2021-01-28T13:01:39+00:00","author":{"@id":"http:\/\/www.salesianos.edu\/revistasmx\/#\/schema\/person\/20a80be1bb4e0ed82068c57facf5b237"},"breadcrumb":{"@id":"http:\/\/www.salesianos.edu\/revistasmx\/testimonio-maribel-barreda-fma\/#breadcrumb"},"inLanguage":"es","potentialAction":[{"@type":"ReadAction","target":["http:\/\/www.salesianos.edu\/revistasmx\/testimonio-maribel-barreda-fma\/"]}]},{"@type":"ImageObject","inLanguage":"es","@id":"http:\/\/www.salesianos.edu\/revistasmx\/testimonio-maribel-barreda-fma\/#primaryimage","url":"http:\/\/www.salesianos.edu\/revistasmx\/wp-content\/uploads\/sites\/8\/2021\/01\/Captura-de-pantalla-2021-01-28-a-las-14.00.42.png","contentUrl":"http:\/\/www.salesianos.edu\/revistasmx\/wp-content\/uploads\/sites\/8\/2021\/01\/Captura-de-pantalla-2021-01-28-a-las-14.00.42.png","width":667,"height":576},{"@type":"BreadcrumbList","@id":"http:\/\/www.salesianos.edu\/revistasmx\/testimonio-maribel-barreda-fma\/#breadcrumb","itemListElement":[{"@type":"ListItem","position":1,"name":"Portada","item":"http:\/\/www.salesianos.edu\/revistasmx\/"},{"@type":"ListItem","position":2,"name":"Testimonio: Maribel Barreda, fma"}]},{"@type":"WebSite","@id":"http:\/\/www.salesianos.edu\/revistasmx\/#website","url":"http:\/\/www.salesianos.edu\/revistasmx\/","name":"Revista SMX","description":"P\u00e1gina oficial de Inspector\u00eda Salesiana Mar\u00eda Auxiliadora","potentialAction":[{"@type":"SearchAction","target":{"@type":"EntryPoint","urlTemplate":"http:\/\/www.salesianos.edu\/revistasmx\/?s={search_term_string}"},"query-input":{"@type":"PropertyValueSpecification","valueRequired":true,"valueName":"search_term_string"}}],"inLanguage":"es"},{"@type":"Person","@id":"http:\/\/www.salesianos.edu\/revistasmx\/#\/schema\/person\/20a80be1bb4e0ed82068c57facf5b237","name":"martapeirat","image":{"@type":"ImageObject","inLanguage":"es","@id":"https:\/\/secure.gravatar.com\/avatar\/1139b81b40ed1dde466563679597db378e7092bbfdd7ebb264c437fedde866d7?s=96&d=mm&r=g","url":"https:\/\/secure.gravatar.com\/avatar\/1139b81b40ed1dde466563679597db378e7092bbfdd7ebb264c437fedde866d7?s=96&d=mm&r=g","contentUrl":"https:\/\/secure.gravatar.com\/avatar\/1139b81b40ed1dde466563679597db378e7092bbfdd7ebb264c437fedde866d7?s=96&d=mm&r=g","caption":"martapeirat"}}]}},"_links":{"self":[{"href":"http:\/\/www.salesianos.edu\/revistasmx\/wp-json\/wp\/v2\/posts\/16509","targetHints":{"allow":["GET"]}}],"collection":[{"href":"http:\/\/www.salesianos.edu\/revistasmx\/wp-json\/wp\/v2\/posts"}],"about":[{"href":"http:\/\/www.salesianos.edu\/revistasmx\/wp-json\/wp\/v2\/types\/post"}],"author":[{"embeddable":true,"href":"http:\/\/www.salesianos.edu\/revistasmx\/wp-json\/wp\/v2\/users\/5"}],"replies":[{"embeddable":true,"href":"http:\/\/www.salesianos.edu\/revistasmx\/wp-json\/wp\/v2\/comments?post=16509"}],"version-history":[{"count":2,"href":"http:\/\/www.salesianos.edu\/revistasmx\/wp-json\/wp\/v2\/posts\/16509\/revisions"}],"predecessor-version":[{"id":16513,"href":"http:\/\/www.salesianos.edu\/revistasmx\/wp-json\/wp\/v2\/posts\/16509\/revisions\/16513"}],"wp:featuredmedia":[{"embeddable":true,"href":"http:\/\/www.salesianos.edu\/revistasmx\/wp-json\/wp\/v2\/media\/16512"}],"wp:attachment":[{"href":"http:\/\/www.salesianos.edu\/revistasmx\/wp-json\/wp\/v2\/media?parent=16509"}],"wp:term":[{"taxonomy":"category","embeddable":true,"href":"http:\/\/www.salesianos.edu\/revistasmx\/wp-json\/wp\/v2\/categories?post=16509"},{"taxonomy":"post_tag","embeddable":true,"href":"http:\/\/www.salesianos.edu\/revistasmx\/wp-json\/wp\/v2\/tags?post=16509"}],"curies":[{"name":"wp","href":"https:\/\/api.w.org\/{rel}","templated":true}]}}