{"id":16211,"date":"2020-12-29T12:00:21","date_gmt":"2020-12-29T11:00:21","guid":{"rendered":"http:\/\/www.salesianos.edu\/revistasmx\/?p=16211"},"modified":"2020-12-30T12:09:00","modified_gmt":"2020-12-30T11:09:00","slug":"una-cosa-et-falta-cap-3-que-volem-dir-quan-parlem-de-cultura-vocacional","status":"publish","type":"post","link":"http:\/\/www.salesianos.edu\/revistasmx\/ca\/una-cosa-et-falta-cap-3-que-volem-dir-quan-parlem-de-cultura-vocacional\/","title":{"rendered":"\u00abUna cosa et falta\u00bb Cap\u00edtol 3 \u00abQu\u00e9 volem dir quan parlem de cultura vocacional?\u00bb"},"content":{"rendered":"<div id=\"fb-root\"><\/div>\n<p>[et_pb_section fb_built=\u00bb1&#8243; admin_label=\u00bbsection\u00bb _builder_version=\u00bb3.22&#8243;][et_pb_row admin_label=\u00bbrow\u00bb _builder_version=\u00bb3.25&#8243; background_size=\u00bbinitial\u00bb background_position=\u00bbtop_left\u00bb background_repeat=\u00bbrepeat\u00bb][et_pb_column type=\u00bb4_4&#8243; _builder_version=\u00bb3.25&#8243; custom_padding=\u00bb|||\u00bb custom_padding__hover=\u00bb|||\u00bb][et_pb_text _builder_version=\u00bb4.7.7&#8243; _module_preset=\u00bbdefault\u00bb]<\/p>\n<p>A la secci\u00f3 <strong>\u201cUna cosa et falta<\/strong> \u2018cada mes s\u2019explica un dels 10 cap\u00edtols de el llibre que porta el mateix t\u00edtol, responent a diferents q\u00fcestions relacionades amb vocaci\u00f3 i vocacions en l\u2019Esgl\u00e9sia actual. A trav\u00e9s dels diferents cap\u00edtols s\u2019abordaran entre altres q\u00fcestions el sentit de la pastoral juvenil vocacional i la cultura vocacional, el perfil de l\u2019animador vocacional o la seva relaci\u00f3 amb els itineraris d\u2019educaci\u00f3 en la fe.<\/p>\n<p>[\/et_pb_text][et_pb_video src=\u00bbhttps:\/\/www.youtube.com\/watch?v=Xo0jUXAaeVM&#038;feature=youtu.be\u00bb _builder_version=\u00bb4.7.7&#8243; _module_preset=\u00bbdefault\u00bb][\/et_pb_video][\/et_pb_column][\/et_pb_row][\/et_pb_section]<\/p>\n","protected":false},"excerpt":{"rendered":"<p>A la secci\u00f3 \u201cUna cosa et falta \u2018cada mes s\u2019explica un dels 10 cap\u00edtols de el llibre que porta el mateix t\u00edtol.<\/p>\n","protected":false},"author":5,"featured_media":16209,"comment_status":"open","ping_status":"closed","sticky":false,"template":"","format":"standard","meta":{"_et_pb_use_builder":"on","_et_pb_old_content":"","_et_gb_content_width":"","footnotes":""},"categories":[21,600,84],"tags":[],"class_list":["post-16211","post","type-post","status-publish","format-standard","has-post-thumbnail","hentry","category-sin-categoria-ca","category-una-cosa-et-falta","category-vine-i-segueix-me"],"yoast_head":"<!-- This site is optimized with the Yoast SEO plugin v27.5 - https:\/\/yoast.com\/product\/yoast-seo-wordpress\/ -->\n<title>&quot;Una cosa et falta&quot; Cap\u00edtol 3 &quot;Qu\u00e9 volem dir quan parlem de cultura vocacional?&quot; - Revista SMX<\/title>\n<meta name=\"robots\" content=\"index, follow, max-snippet:-1, max-image-preview:large, max-video-preview:-1\" \/>\n<link rel=\"canonical\" href=\"http:\/\/www.salesianos.edu\/revistasmx\/ca\/una-cosa-et-falta-cap-3-que-volem-dir-quan-parlem-de-cultura-vocacional\/\" \/>\n<meta property=\"og:locale\" content=\"es_ES\" \/>\n<meta property=\"og:type\" content=\"article\" \/>\n<meta property=\"og:title\" content=\"&quot;Una cosa et falta&quot; Cap\u00edtol 3 &quot;Qu\u00e9 volem dir quan parlem de cultura vocacional?&quot; - Revista SMX\" \/>\n<meta property=\"og:description\" content=\"A la secci\u00f3 \u201cUna cosa et falta \u2018cada mes s\u2019explica un dels 10 cap\u00edtols de el llibre que porta el mateix t\u00edtol.\" \/>\n<meta property=\"og:url\" content=\"http:\/\/www.salesianos.edu\/revistasmx\/ca\/una-cosa-et-falta-cap-3-que-volem-dir-quan-parlem-de-cultura-vocacional\/\" \/>\n<meta property=\"og:site_name\" content=\"Revista SMX\" \/>\n<meta property=\"article:published_time\" content=\"2020-12-29T11:00:21+00:00\" \/>\n<meta property=\"article:modified_time\" content=\"2020-12-30T11:09:00+00:00\" \/>\n<meta property=\"og:image\" content=\"http:\/\/www.salesianos.edu\/revistasmx\/wp-content\/uploads\/sites\/8\/2020\/12\/Captura-de-pantalla-2020-12-28-a-las-11.12.52.png\" \/>\n\t<meta property=\"og:image:width\" content=\"976\" \/>\n\t<meta property=\"og:image:height\" content=\"632\" \/>\n\t<meta property=\"og:image:type\" content=\"image\/png\" \/>\n<meta name=\"author\" content=\"martapeirat\" \/>\n<meta name=\"twitter:card\" content=\"summary_large_image\" \/>\n<meta name=\"twitter:label1\" content=\"Escrito por\" \/>\n\t<meta name=\"twitter:data1\" content=\"martapeirat\" \/>\n\t<meta name=\"twitter:label2\" content=\"Tiempo de lectura\" \/>\n\t<meta name=\"twitter:data2\" content=\"1 minuto\" \/>\n<script type=\"application\/ld+json\" class=\"yoast-schema-graph\">{\"@context\":\"https:\\\/\\\/schema.org\",\"@graph\":[{\"@type\":\"Article\",\"@id\":\"http:\\\/\\\/www.salesianos.edu\\\/revistasmx\\\/ca\\\/una-cosa-et-falta-cap-3-que-volem-dir-quan-parlem-de-cultura-vocacional\\\/#article\",\"isPartOf\":{\"@id\":\"http:\\\/\\\/www.salesianos.edu\\\/revistasmx\\\/ca\\\/una-cosa-et-falta-cap-3-que-volem-dir-quan-parlem-de-cultura-vocacional\\\/\"},\"author\":{\"name\":\"martapeirat\",\"@id\":\"http:\\\/\\\/www.salesianos.edu\\\/revistasmx\\\/#\\\/schema\\\/person\\\/20a80be1bb4e0ed82068c57facf5b237\"},\"headline\":\"\u00abUna cosa et falta\u00bb Cap\u00edtol 3 \u00abQu\u00e9 volem dir quan parlem de cultura vocacional?\u00bb\",\"datePublished\":\"2020-12-29T11:00:21+00:00\",\"dateModified\":\"2020-12-30T11:09:00+00:00\",\"mainEntityOfPage\":{\"@id\":\"http:\\\/\\\/www.salesianos.edu\\\/revistasmx\\\/ca\\\/una-cosa-et-falta-cap-3-que-volem-dir-quan-parlem-de-cultura-vocacional\\\/\"},\"wordCount\":177,\"commentCount\":0,\"image\":{\"@id\":\"http:\\\/\\\/www.salesianos.edu\\\/revistasmx\\\/ca\\\/una-cosa-et-falta-cap-3-que-volem-dir-quan-parlem-de-cultura-vocacional\\\/#primaryimage\"},\"thumbnailUrl\":\"http:\\\/\\\/www.salesianos.edu\\\/revistasmx\\\/wp-content\\\/uploads\\\/sites\\\/8\\\/2020\\\/12\\\/Captura-de-pantalla-2020-12-28-a-las-11.12.52.png\",\"articleSection\":{\"1\":\"Una cosa et falta\",\"2\":\"VINE I SEGUEIX-ME\"},\"inLanguage\":\"es\",\"potentialAction\":[{\"@type\":\"CommentAction\",\"name\":\"Comment\",\"target\":[\"http:\\\/\\\/www.salesianos.edu\\\/revistasmx\\\/ca\\\/una-cosa-et-falta-cap-3-que-volem-dir-quan-parlem-de-cultura-vocacional\\\/#respond\"]}]},{\"@type\":\"WebPage\",\"@id\":\"http:\\\/\\\/www.salesianos.edu\\\/revistasmx\\\/ca\\\/una-cosa-et-falta-cap-3-que-volem-dir-quan-parlem-de-cultura-vocacional\\\/\",\"url\":\"http:\\\/\\\/www.salesianos.edu\\\/revistasmx\\\/ca\\\/una-cosa-et-falta-cap-3-que-volem-dir-quan-parlem-de-cultura-vocacional\\\/\",\"name\":\"\\\"Una cosa et falta\\\" Cap\u00edtol 3 \\\"Qu\u00e9 volem dir quan parlem de cultura vocacional?\\\" - Revista SMX\",\"isPartOf\":{\"@id\":\"http:\\\/\\\/www.salesianos.edu\\\/revistasmx\\\/#website\"},\"primaryImageOfPage\":{\"@id\":\"http:\\\/\\\/www.salesianos.edu\\\/revistasmx\\\/ca\\\/una-cosa-et-falta-cap-3-que-volem-dir-quan-parlem-de-cultura-vocacional\\\/#primaryimage\"},\"image\":{\"@id\":\"http:\\\/\\\/www.salesianos.edu\\\/revistasmx\\\/ca\\\/una-cosa-et-falta-cap-3-que-volem-dir-quan-parlem-de-cultura-vocacional\\\/#primaryimage\"},\"thumbnailUrl\":\"http:\\\/\\\/www.salesianos.edu\\\/revistasmx\\\/wp-content\\\/uploads\\\/sites\\\/8\\\/2020\\\/12\\\/Captura-de-pantalla-2020-12-28-a-las-11.12.52.png\",\"datePublished\":\"2020-12-29T11:00:21+00:00\",\"dateModified\":\"2020-12-30T11:09:00+00:00\",\"author\":{\"@id\":\"http:\\\/\\\/www.salesianos.edu\\\/revistasmx\\\/#\\\/schema\\\/person\\\/20a80be1bb4e0ed82068c57facf5b237\"},\"breadcrumb\":{\"@id\":\"http:\\\/\\\/www.salesianos.edu\\\/revistasmx\\\/ca\\\/una-cosa-et-falta-cap-3-que-volem-dir-quan-parlem-de-cultura-vocacional\\\/#breadcrumb\"},\"inLanguage\":\"es\",\"potentialAction\":[{\"@type\":\"ReadAction\",\"target\":[\"http:\\\/\\\/www.salesianos.edu\\\/revistasmx\\\/ca\\\/una-cosa-et-falta-cap-3-que-volem-dir-quan-parlem-de-cultura-vocacional\\\/\"]}]},{\"@type\":\"ImageObject\",\"inLanguage\":\"es\",\"@id\":\"http:\\\/\\\/www.salesianos.edu\\\/revistasmx\\\/ca\\\/una-cosa-et-falta-cap-3-que-volem-dir-quan-parlem-de-cultura-vocacional\\\/#primaryimage\",\"url\":\"http:\\\/\\\/www.salesianos.edu\\\/revistasmx\\\/wp-content\\\/uploads\\\/sites\\\/8\\\/2020\\\/12\\\/Captura-de-pantalla-2020-12-28-a-las-11.12.52.png\",\"contentUrl\":\"http:\\\/\\\/www.salesianos.edu\\\/revistasmx\\\/wp-content\\\/uploads\\\/sites\\\/8\\\/2020\\\/12\\\/Captura-de-pantalla-2020-12-28-a-las-11.12.52.png\",\"width\":976,\"height\":632},{\"@type\":\"BreadcrumbList\",\"@id\":\"http:\\\/\\\/www.salesianos.edu\\\/revistasmx\\\/ca\\\/una-cosa-et-falta-cap-3-que-volem-dir-quan-parlem-de-cultura-vocacional\\\/#breadcrumb\",\"itemListElement\":[{\"@type\":\"ListItem\",\"position\":1,\"name\":\"Portada\",\"item\":\"http:\\\/\\\/www.salesianos.edu\\\/revistasmx\\\/\"},{\"@type\":\"ListItem\",\"position\":2,\"name\":\"&#8220;Una cosa et falta&#8221; Cap\u00edtol 3 &#8220;Qu\u00e9 volem dir quan parlem de cultura vocacional?&#8221;\"}]},{\"@type\":\"WebSite\",\"@id\":\"http:\\\/\\\/www.salesianos.edu\\\/revistasmx\\\/#website\",\"url\":\"http:\\\/\\\/www.salesianos.edu\\\/revistasmx\\\/\",\"name\":\"Revista SMX\",\"description\":\"P\u00e1gina oficial de Inspector\u00eda Salesiana Mar\u00eda Auxiliadora\",\"potentialAction\":[{\"@type\":\"SearchAction\",\"target\":{\"@type\":\"EntryPoint\",\"urlTemplate\":\"http:\\\/\\\/www.salesianos.edu\\\/revistasmx\\\/?s={search_term_string}\"},\"query-input\":{\"@type\":\"PropertyValueSpecification\",\"valueRequired\":true,\"valueName\":\"search_term_string\"}}],\"inLanguage\":\"es\"},{\"@type\":\"Person\",\"@id\":\"http:\\\/\\\/www.salesianos.edu\\\/revistasmx\\\/#\\\/schema\\\/person\\\/20a80be1bb4e0ed82068c57facf5b237\",\"name\":\"martapeirat\",\"image\":{\"@type\":\"ImageObject\",\"inLanguage\":\"es\",\"@id\":\"https:\\\/\\\/secure.gravatar.com\\\/avatar\\\/1139b81b40ed1dde466563679597db378e7092bbfdd7ebb264c437fedde866d7?s=96&d=mm&r=g\",\"url\":\"https:\\\/\\\/secure.gravatar.com\\\/avatar\\\/1139b81b40ed1dde466563679597db378e7092bbfdd7ebb264c437fedde866d7?s=96&d=mm&r=g\",\"contentUrl\":\"https:\\\/\\\/secure.gravatar.com\\\/avatar\\\/1139b81b40ed1dde466563679597db378e7092bbfdd7ebb264c437fedde866d7?s=96&d=mm&r=g\",\"caption\":\"martapeirat\"}}]}<\/script>\n<!-- \/ Yoast SEO plugin. -->","yoast_head_json":{"title":"\"Una cosa et falta\" Cap\u00edtol 3 \"Qu\u00e9 volem dir quan parlem de cultura vocacional?\" - Revista SMX","robots":{"index":"index","follow":"follow","max-snippet":"max-snippet:-1","max-image-preview":"max-image-preview:large","max-video-preview":"max-video-preview:-1"},"canonical":"http:\/\/www.salesianos.edu\/revistasmx\/ca\/una-cosa-et-falta-cap-3-que-volem-dir-quan-parlem-de-cultura-vocacional\/","og_locale":"es_ES","og_type":"article","og_title":"\"Una cosa et falta\" Cap\u00edtol 3 \"Qu\u00e9 volem dir quan parlem de cultura vocacional?\" - Revista SMX","og_description":"A la secci\u00f3 \u201cUna cosa et falta \u2018cada mes s\u2019explica un dels 10 cap\u00edtols de el llibre que porta el mateix t\u00edtol.","og_url":"http:\/\/www.salesianos.edu\/revistasmx\/ca\/una-cosa-et-falta-cap-3-que-volem-dir-quan-parlem-de-cultura-vocacional\/","og_site_name":"Revista SMX","article_published_time":"2020-12-29T11:00:21+00:00","article_modified_time":"2020-12-30T11:09:00+00:00","og_image":[{"width":976,"height":632,"url":"http:\/\/www.salesianos.edu\/revistasmx\/wp-content\/uploads\/sites\/8\/2020\/12\/Captura-de-pantalla-2020-12-28-a-las-11.12.52.png","type":"image\/png"}],"author":"martapeirat","twitter_card":"summary_large_image","twitter_misc":{"Escrito por":"martapeirat","Tiempo de lectura":"1 minuto"},"schema":{"@context":"https:\/\/schema.org","@graph":[{"@type":"Article","@id":"http:\/\/www.salesianos.edu\/revistasmx\/ca\/una-cosa-et-falta-cap-3-que-volem-dir-quan-parlem-de-cultura-vocacional\/#article","isPartOf":{"@id":"http:\/\/www.salesianos.edu\/revistasmx\/ca\/una-cosa-et-falta-cap-3-que-volem-dir-quan-parlem-de-cultura-vocacional\/"},"author":{"name":"martapeirat","@id":"http:\/\/www.salesianos.edu\/revistasmx\/#\/schema\/person\/20a80be1bb4e0ed82068c57facf5b237"},"headline":"\u00abUna cosa et falta\u00bb Cap\u00edtol 3 \u00abQu\u00e9 volem dir quan parlem de cultura vocacional?\u00bb","datePublished":"2020-12-29T11:00:21+00:00","dateModified":"2020-12-30T11:09:00+00:00","mainEntityOfPage":{"@id":"http:\/\/www.salesianos.edu\/revistasmx\/ca\/una-cosa-et-falta-cap-3-que-volem-dir-quan-parlem-de-cultura-vocacional\/"},"wordCount":177,"commentCount":0,"image":{"@id":"http:\/\/www.salesianos.edu\/revistasmx\/ca\/una-cosa-et-falta-cap-3-que-volem-dir-quan-parlem-de-cultura-vocacional\/#primaryimage"},"thumbnailUrl":"http:\/\/www.salesianos.edu\/revistasmx\/wp-content\/uploads\/sites\/8\/2020\/12\/Captura-de-pantalla-2020-12-28-a-las-11.12.52.png","articleSection":{"1":"Una cosa et falta","2":"VINE I SEGUEIX-ME"},"inLanguage":"es","potentialAction":[{"@type":"CommentAction","name":"Comment","target":["http:\/\/www.salesianos.edu\/revistasmx\/ca\/una-cosa-et-falta-cap-3-que-volem-dir-quan-parlem-de-cultura-vocacional\/#respond"]}]},{"@type":"WebPage","@id":"http:\/\/www.salesianos.edu\/revistasmx\/ca\/una-cosa-et-falta-cap-3-que-volem-dir-quan-parlem-de-cultura-vocacional\/","url":"http:\/\/www.salesianos.edu\/revistasmx\/ca\/una-cosa-et-falta-cap-3-que-volem-dir-quan-parlem-de-cultura-vocacional\/","name":"\"Una cosa et falta\" Cap\u00edtol 3 \"Qu\u00e9 volem dir quan parlem de cultura vocacional?\" - Revista SMX","isPartOf":{"@id":"http:\/\/www.salesianos.edu\/revistasmx\/#website"},"primaryImageOfPage":{"@id":"http:\/\/www.salesianos.edu\/revistasmx\/ca\/una-cosa-et-falta-cap-3-que-volem-dir-quan-parlem-de-cultura-vocacional\/#primaryimage"},"image":{"@id":"http:\/\/www.salesianos.edu\/revistasmx\/ca\/una-cosa-et-falta-cap-3-que-volem-dir-quan-parlem-de-cultura-vocacional\/#primaryimage"},"thumbnailUrl":"http:\/\/www.salesianos.edu\/revistasmx\/wp-content\/uploads\/sites\/8\/2020\/12\/Captura-de-pantalla-2020-12-28-a-las-11.12.52.png","datePublished":"2020-12-29T11:00:21+00:00","dateModified":"2020-12-30T11:09:00+00:00","author":{"@id":"http:\/\/www.salesianos.edu\/revistasmx\/#\/schema\/person\/20a80be1bb4e0ed82068c57facf5b237"},"breadcrumb":{"@id":"http:\/\/www.salesianos.edu\/revistasmx\/ca\/una-cosa-et-falta-cap-3-que-volem-dir-quan-parlem-de-cultura-vocacional\/#breadcrumb"},"inLanguage":"es","potentialAction":[{"@type":"ReadAction","target":["http:\/\/www.salesianos.edu\/revistasmx\/ca\/una-cosa-et-falta-cap-3-que-volem-dir-quan-parlem-de-cultura-vocacional\/"]}]},{"@type":"ImageObject","inLanguage":"es","@id":"http:\/\/www.salesianos.edu\/revistasmx\/ca\/una-cosa-et-falta-cap-3-que-volem-dir-quan-parlem-de-cultura-vocacional\/#primaryimage","url":"http:\/\/www.salesianos.edu\/revistasmx\/wp-content\/uploads\/sites\/8\/2020\/12\/Captura-de-pantalla-2020-12-28-a-las-11.12.52.png","contentUrl":"http:\/\/www.salesianos.edu\/revistasmx\/wp-content\/uploads\/sites\/8\/2020\/12\/Captura-de-pantalla-2020-12-28-a-las-11.12.52.png","width":976,"height":632},{"@type":"BreadcrumbList","@id":"http:\/\/www.salesianos.edu\/revistasmx\/ca\/una-cosa-et-falta-cap-3-que-volem-dir-quan-parlem-de-cultura-vocacional\/#breadcrumb","itemListElement":[{"@type":"ListItem","position":1,"name":"Portada","item":"http:\/\/www.salesianos.edu\/revistasmx\/"},{"@type":"ListItem","position":2,"name":"&#8220;Una cosa et falta&#8221; Cap\u00edtol 3 &#8220;Qu\u00e9 volem dir quan parlem de cultura vocacional?&#8221;"}]},{"@type":"WebSite","@id":"http:\/\/www.salesianos.edu\/revistasmx\/#website","url":"http:\/\/www.salesianos.edu\/revistasmx\/","name":"Revista SMX","description":"P\u00e1gina oficial de Inspector\u00eda Salesiana Mar\u00eda Auxiliadora","potentialAction":[{"@type":"SearchAction","target":{"@type":"EntryPoint","urlTemplate":"http:\/\/www.salesianos.edu\/revistasmx\/?s={search_term_string}"},"query-input":{"@type":"PropertyValueSpecification","valueRequired":true,"valueName":"search_term_string"}}],"inLanguage":"es"},{"@type":"Person","@id":"http:\/\/www.salesianos.edu\/revistasmx\/#\/schema\/person\/20a80be1bb4e0ed82068c57facf5b237","name":"martapeirat","image":{"@type":"ImageObject","inLanguage":"es","@id":"https:\/\/secure.gravatar.com\/avatar\/1139b81b40ed1dde466563679597db378e7092bbfdd7ebb264c437fedde866d7?s=96&d=mm&r=g","url":"https:\/\/secure.gravatar.com\/avatar\/1139b81b40ed1dde466563679597db378e7092bbfdd7ebb264c437fedde866d7?s=96&d=mm&r=g","contentUrl":"https:\/\/secure.gravatar.com\/avatar\/1139b81b40ed1dde466563679597db378e7092bbfdd7ebb264c437fedde866d7?s=96&d=mm&r=g","caption":"martapeirat"}}]}},"_links":{"self":[{"href":"http:\/\/www.salesianos.edu\/revistasmx\/wp-json\/wp\/v2\/posts\/16211","targetHints":{"allow":["GET"]}}],"collection":[{"href":"http:\/\/www.salesianos.edu\/revistasmx\/wp-json\/wp\/v2\/posts"}],"about":[{"href":"http:\/\/www.salesianos.edu\/revistasmx\/wp-json\/wp\/v2\/types\/post"}],"author":[{"embeddable":true,"href":"http:\/\/www.salesianos.edu\/revistasmx\/wp-json\/wp\/v2\/users\/5"}],"replies":[{"embeddable":true,"href":"http:\/\/www.salesianos.edu\/revistasmx\/wp-json\/wp\/v2\/comments?post=16211"}],"version-history":[{"count":5,"href":"http:\/\/www.salesianos.edu\/revistasmx\/wp-json\/wp\/v2\/posts\/16211\/revisions"}],"predecessor-version":[{"id":16391,"href":"http:\/\/www.salesianos.edu\/revistasmx\/wp-json\/wp\/v2\/posts\/16211\/revisions\/16391"}],"wp:featuredmedia":[{"embeddable":true,"href":"http:\/\/www.salesianos.edu\/revistasmx\/wp-json\/wp\/v2\/media\/16209"}],"wp:attachment":[{"href":"http:\/\/www.salesianos.edu\/revistasmx\/wp-json\/wp\/v2\/media?parent=16211"}],"wp:term":[{"taxonomy":"category","embeddable":true,"href":"http:\/\/www.salesianos.edu\/revistasmx\/wp-json\/wp\/v2\/categories?post=16211"},{"taxonomy":"post_tag","embeddable":true,"href":"http:\/\/www.salesianos.edu\/revistasmx\/wp-json\/wp\/v2\/tags?post=16211"}],"curies":[{"name":"wp","href":"https:\/\/api.w.org\/{rel}","templated":true}]}}