{"id":15811,"date":"2020-10-30T14:30:04","date_gmt":"2020-10-30T13:30:04","guid":{"rendered":"http:\/\/www.salesianos.edu\/revistasmx\/?p=15811"},"modified":"2020-11-02T10:07:16","modified_gmt":"2020-11-02T09:07:16","slug":"comunicacio-salesiana-una-vocacio-al-servei-del-projecte-inspectorial","status":"publish","type":"post","link":"http:\/\/www.salesianos.edu\/revistasmx\/ca\/comunicacio-salesiana-una-vocacio-al-servei-del-projecte-inspectorial\/","title":{"rendered":"Comunicaci\u00f3 salesiana, una vocaci\u00f3 al servei del projecte inspectorial"},"content":{"rendered":"<div id=\"fb-root\"><\/div>\n<p>[et_pb_section fb_built=\u00bb1&#8243; admin_label=\u00bbsection\u00bb _builder_version=\u00bb3.22&#8243;][et_pb_row admin_label=\u00bbrow\u00bb _builder_version=\u00bb3.25&#8243; background_size=\u00bbinitial\u00bb background_position=\u00bbtop_left\u00bb background_repeat=\u00bbrepeat\u00bb][et_pb_column type=\u00bb4_4&#8243; _builder_version=\u00bb3.25&#8243; custom_padding=\u00bb|||\u00bb custom_padding__hover=\u00bb|||\u00bb][et_pb_text _builder_version=\u00bb4.6.1&#8243; min_height=\u00bb556px\u00bb]<\/p>\n<p>En moltes ocasions ens han llan\u00e7at la seg\u00fcent pregunta.<\/p>\n<p><strong><span style=\"font-size: 18pt\">Tu veuries Don Bosco al pati digital?<\/span><\/strong><\/p>\n<p>A la recerca d&#8217;algunes pistes per refor\u00e7ar una resposta afirmativa \u00e9s possible agafar-se al missatge d\u2019<strong>Umberto Eco<\/strong>. \u00abL&#8217;oratori \u00e9s la gran revoluci\u00f3 de Don Bosco. Ell l\u2019inventa i despr\u00e9s l\u2019exporta a la xarxa de parr\u00f2quies i a l&#8217;acci\u00f3 cat\u00f2lica; per\u00f2 el nucli est\u00e0 a l&#8217;oratori. Quan aquest brillant reformador veu que la societat industrial requereix noves formes d&#8217;agregaci\u00f3, la primera \u00e9s la joventut i despr\u00e9s l&#8217;edat adulta, inventa una m\u00e0quina perfecta per cada canal de comunicaci\u00f3, des dels jocs fins a la m\u00fasica, del teatre fins la premsa \u00ab. Aquestes paraules, pronunciades amb especial afecte per l&#8217;escriptor i fil\u00f2sof gr\u00e0cies al seu passat com a antic alumne, resumeix la sensibilitat del sant salesi\u00e0 i l&#8217;eix des del qual va desenvolupar la seva acci\u00f3. \u00abDon Bosco no era nom\u00e9s un evangelitzador &#8211; educador, sin\u00f3 tamb\u00e9 un comunicador nat\u00bb, afirmava anys m\u00e9s tard <strong>don Pascual Ch\u00e1vez, Rector Major Em\u00e8rit de la Congregaci\u00f3, <\/strong>per ratificar aquesta idea.<\/p>\n<blockquote>\n<p><strong>\u00abQuina recepta s&#8217;aplicaria en els nostres dies?<\/strong> Alguns dels ingredients tindrien les seves arrels a Valdoco. Actualitzant les &#8216;paraules a cau d\u2019orella&#8217;, potser es centraria en una aposta per la comunicaci\u00f3 on-line com a \u00abtrobada interpersonal\u00bb. M&#8217;agrada imaginar-lo cuidant especialment el di\u00e0leg i les formes en qu\u00e8 va connectar amb els altres, i apostant per l&#8217;intercanvi d&#8217;informaci\u00f3, de continguts i idees evitant la desinformaci\u00f3. <strong>Ompliria la xarxa de salesianitat <\/strong>entenent aquest \u00abestar\u00bb en elles com una aposta per la transmissi\u00f3 de valors, de creences i d&#8217;opci\u00f3 per la vida. Un estil que permet\u00e9s adaptar-se al \u00abcomunicar evangelitzant i evangelitzar comunicant\u00bb, comparteix <strong>Carlos Mart\u00edn,<\/strong> delegat de Comunicaci\u00f3.<\/p>\n<\/blockquote>\n<p>Fixant-nos en l&#8217;actuaci\u00f3 de Don Bosco veiem la import\u00e0ncia que va atorgar a la <strong>comunicaci\u00f3 tu a tu<\/strong>, del saps xiular a el di\u00e0leg interpersonal amb els joves. Fer-se present en els f\u00f2rums en qu\u00e8 compartien les seves inquietuds per donar respostes adaptades a les seves necessitats. Aqu\u00ed va sorgir la posada en marxa de tallers, la recerca de professors per preparar els seus joves i que al formar-se ensenyessin als altres. <strong>Aix\u00f2 no es diu avui ser influencer ? <\/strong>Li preocupava la seva adequada formaci\u00f3 religiosa i, al servei de tot aix\u00f2, potencia el joc, la m\u00fasica, el teatre, i desenvolupa una prol\u00edfica tasca editorial. Un gran ecosistema al servei de la seva missi\u00f3 educativa i pastoral. <strong>Tot aix\u00f2 en una \u00e8poca en qu\u00e8 no hi havia Youtube, Spotify, Amazon o Netflix. Quin potencial tindria tanta inquietud amb el seu talent aplicant-se a algunes de les noves eines!<\/strong><\/p>\n<p><span style=\"font-weight: 400\">Imaginar d\u2019aquesta manera suposa un desafiament per a la Delegaci\u00f3 de Comunicaci\u00f3 i per a les pres\u00e8ncies salesianes. Com recull el <strong>Pla Inspectorial de Comunicaci\u00f3<\/strong> es tracta d&#8217;una opci\u00f3 transversal que pret\u00e9n <strong>\u201cpromoure un ecosistema comunicatiu salesi\u00e0 com a comuni\u00f3 de persones, obres i activitats\u201d<\/strong> fent pal\u00e8s que la Comunicaci\u00f3 \u00e9s el vehicle essencial per posar en pr\u00e0ctica el Som U. <\/span><\/p>\n<p>La realitat d&#8217;aquest ecosistema fa present el carisma de Don Bosco a cada rac\u00f3. La sort \u00e9s que aquest Pati Digital sempre est\u00e0 obert per continuar amb la gran revoluci\u00f3 que ell va comen\u00e7ar.<\/p>\n<p>Comunicar tamb\u00e9 \u00e9s cosa del cor i aix\u00ed ho demostren les pres\u00e8ncies salesianes de la Inspectoria Salesiana Maria Auxiliadora.<\/p>\n<p>&nbsp;<\/p>\n<p>&nbsp;<\/p>\n<p>[\/et_pb_text][et_pb_gallery gallery_ids=\u00bb15800,15801,15802,15803&#8243; show_title_and_caption=\u00bboff\u00bb show_pagination=\u00bboff\u00bb _builder_version=\u00bb4.6.1&#8243; custom_margin=\u00bb||-19px|||\u00bb border_radii=\u00bbon|20px|20px|20px|20px\u00bb border_width_all=\u00bb3px\u00bb border_color_all=\u00bb#dc001b\u00bb][\/et_pb_gallery][\/et_pb_column][\/et_pb_row][et_pb_row column_structure=\u00bb1_2,1_2&#8243; _builder_version=\u00bb4.6.1&#8243; _module_preset=\u00bbdefault\u00bb custom_margin=\u00bb-7px|auto||auto||\u00bb][et_pb_column type=\u00bb1_2&#8243; _builder_version=\u00bb4.6.1&#8243; _module_preset=\u00bbdefault\u00bb][et_pb_text _builder_version=\u00bb4.6.1&#8243; _module_preset=\u00bbdefault\u00bb]<\/p>\n<p><span style=\"font-size: 18pt\"><strong>Del confinament a la nova normalitat<\/strong><\/span><\/p>\n<p>[\/et_pb_text][et_pb_toggle title=\u00bb#YoMeQuedoenCasa\u00bb open_toggle_text_color=\u00bb#dc001b\u00bb open_toggle_background_color=\u00bb#ffffff\u00bb closed_toggle_text_color=\u00bb#51626f\u00bb _builder_version=\u00bb4.6.1&#8243; _module_preset=\u00bbdefault\u00bb title_text_color=\u00bb#dc001b\u00bb title_font_size=\u00bb17px\u00bb link_option_url=\u00bbhttps:\/\/www.salesianos.edu\/yomequedoencasa\/ \u00bb border_radii=\u00bbon|20px|20px|20px|20px\u00bb]<\/p>\n<p>Des que el passat 14 de mar\u00e7 el Govern aprov\u00e9s declarar el primer estat d&#8217;alarma a tot el territori nacional per afrontar la situaci\u00f3 d&#8217;emerg\u00e8ncia sanit\u00e0ria provocada per la COVID-19 van ser nombroses les iniciatives agrupades sota el moviment <a href=\"https:\/\/www.salesianos.edu\/yomequedoencasa\/\">#YoMeQuedoEnCasa<\/a>. <strong>Les portes de les cases salesianes van tancar temporalment, per\u00f2 les activitats van seguir en plena ebullici\u00f3.<\/strong> Cada mat\u00ed comen\u00e7aven amb els tradicionals \u00abBons dies\u00bb a Facebook i Instagram que han continuat aquest nou curs en <a href=\"https:\/\/www.salesianos.edu\/yomequedoencasa-los-salesianos-ante-la-alerta-por-el-coronavirus\/\">nombroses cases<\/a>; tamb\u00e9 els grups de formaci\u00f3 dels oratoris combinen avui la seva activitat de forma presencial i virtual, de la mateixa manera que els estudiants dels centres educatius van estar acompanyats en tot moment gr\u00e0cies als cursos i tutories digitals. Un aprenentatge a marxes for\u00e7ades que s&#8217;ha vist consolidat aquest any escolar.<\/p>\n<p>[\/et_pb_toggle][\/et_pb_column][et_pb_column type=\u00bb1_2&#8243; _builder_version=\u00bb4.6.1&#8243; _module_preset=\u00bbdefault\u00bb][et_pb_divider show_divider=\u00bboff\u00bb _builder_version=\u00bb4.6.1&#8243; _module_preset=\u00bbdefault\u00bb custom_margin=\u00bb||36px||false|false\u00bb][\/et_pb_divider][et_pb_toggle title=\u00bb De la #PascuaSalesiana al Podcast\u00bb open_toggle_text_color=\u00bb#dc001b\u00bb open_toggle_background_color=\u00bb#ffffff\u00bb closed_toggle_text_color=\u00bb#51626f\u00bb _builder_version=\u00bb4.6.1&#8243; _module_preset=\u00bbdefault\u00bb title_text_color=\u00bb#dc001b\u00bb title_font_size=\u00bb17px\u00bb link_option_url=\u00bbhttps:\/\/www.salesianos.edu\/yomequedoencasa\/ \u00bb border_radii=\u00bbon|20px|20px|20px|20px\u00bb]<\/p>\n<p>Tamb\u00e9 hi va haver ocasi\u00f3 de compartir recursos per viure la #PasquaSalesianaACasa o <a href=\"https:\/\/www.salesianos.edu\/el-podcast-ha-venido-para-quedarse\/\">sumar-se a un podcast<\/a> amb diferents missatges de <strong>Bona Nit<\/strong>. Com a mostra les 70 entregues, amb m\u00e9s de 8.500 oients directes i m\u00e9s de 375 subscriptors fixos entre Ivoox i Spotify. \u00abFills i educaci\u00f3\u00bb va ocupar un lloc entre els 20 podcast m\u00e9s escoltats de la categoria\u00a0 i es va instal\u00b7lar entre els 1.000 formats m\u00e9s escoltats a la plataforma. L&#8217;acollida i l&#8217;\u00fas pastoral d&#8217;aquest recurs va animar a la Delegaci\u00f3 de Comunicaci\u00f3 per estudiar nous formats d&#8217;\u00e0udio en propers projectes.<\/p>\n<p>&nbsp;<\/p>\n<p>[\/et_pb_toggle][\/et_pb_column][\/et_pb_row][et_pb_row _builder_version=\u00bb4.6.1&#8243; _module_preset=\u00bbdefault\u00bb custom_margin=\u00bb-71px|auto||auto||\u00bb][et_pb_column type=\u00bb4_4&#8243; _builder_version=\u00bb4.6.1&#8243; _module_preset=\u00bbdefault\u00bb][et_pb_divider show_divider=\u00bboff\u00bb _builder_version=\u00bb4.6.1&#8243; _module_preset=\u00bbdefault\u00bb custom_margin=\u00bb||17px||false|false\u00bb][\/et_pb_divider][et_pb_text _builder_version=\u00bb4.6.1&#8243; _module_preset=\u00bbdefault\u00bb]<\/p>\n<p><span style=\"font-size: 18pt\"><strong>Un aparador com\u00fa per a totes les pres\u00e8ncies salesianes<\/strong><\/span><\/p>\n<p>[\/et_pb_text][et_pb_text _builder_version=\u00bb4.6.1&#8243; _module_preset=\u00bbdefault\u00bb]<\/p>\n<p>Al setembre de 2017 veien la llum les <a href=\"https:\/\/www.salesianos.edu\/la-inspector-a-mar-a-auxiliadora-lanza-el-proyecto-de-web-local\/\">primeres noves webs locals<\/a> amb l&#8217;objectiu <strong>d&#8217;unificar les plataformes<\/strong> a Internet de la Inspectoria amb els avantatges econ\u00f2mics i t\u00e8cnics, que suposaven. Les Cases Salesianes d&#8217;Alacant, Villena, Ciutadella i Sant Antoni Abat de Val\u00e8ncia van ser les primeres a estrenar webs, per\u00f2 van ser moltes altres les que van llan\u00e7ar al p\u00fablic, progressivament, les seves noves plataformes a Internet.<\/p>\n<p>Continuant amb la proposta t\u00e8cnica oferta a les cases salesianes, les webs inspectorials van donar el salt al nou model el passat mes de maig. Les delegacions de comunicaci\u00f3 de les Inspectories Salesianes de Santiago el Mayor i Maria Auxiliadora van tornar a donar un <strong>pas conjunt<\/strong> per al canvi i actualitzaci\u00f3 de les <a href=\"https:\/\/www.salesianos.edu\/nueva-etapa-de-la-pagina-web-salesianos-edu\/\">p\u00e0gines web Inspectorials<\/a>. La versi\u00f3 anterior es va posar en marxa el 2014, quan va n\u00e9ixer la Inspectoria i, despr\u00e9s de sis anys, necessitava una renovaci\u00f3 profunda.<\/p>\n<p>Compartir disseny, formats i tecnologia ens permet un intercanvi m\u00e9s f\u00e0cil de continguts, <strong>aprofitar sinergies i projectar una imatge comuna<\/strong> que ens identifica com Salesians, sense importar el lloc en qu\u00e8 estiguem.<\/p>\n<p>[\/et_pb_text][\/et_pb_column][\/et_pb_row][et_pb_row column_structure=\u00bb1_4,3_4&#8243; _builder_version=\u00bb4.6.1&#8243; _module_preset=\u00bbdefault\u00bb custom_margin=\u00bb-31px|auto||auto||\u00bb][et_pb_column type=\u00bb1_4&#8243; _builder_version=\u00bb4.6.1&#8243; _module_preset=\u00bbdefault\u00bb][et_pb_blurb use_icon=\u00bbon\u00bb font_icon=\u00bb%%202%%\u00bb _builder_version=\u00bb4.6.1&#8243; _module_preset=\u00bbdefault\u00bb transform_scale=\u00bb90%|90%\u00bb transform_translate=\u00bb0px|-23px\u00bb transform_translate_linked=\u00bboff\u00bb][\/et_pb_blurb][\/et_pb_column][et_pb_column type=\u00bb3_4&#8243; _builder_version=\u00bb4.6.1&#8243; _module_preset=\u00bbdefault\u00bb][et_pb_toggle title=\u00bbLa import\u00e0ncia de la formaci\u00f3\u00bb open_toggle_text_color=\u00bb#dc001b\u00bb open_toggle_background_color=\u00bb#ffffff\u00bb closed_toggle_text_color=\u00bb#dc001b\u00bb _builder_version=\u00bb4.6.1&#8243; _module_preset=\u00bbdefault\u00bb title_text_color=\u00bb#dc001b\u00bb title_font_size=\u00bb17px\u00bb link_option_url=\u00bbhttps:\/\/www.salesianos.edu\/yomequedoencasa\/ \u00bb border_radii=\u00bbon|20px|20px|20px|20px\u00bb]<\/p>\n<p>Nombroses iniciatives formatives s&#8217;han desenvolupat en els \u00faltims anys, destacant especialment la consolidada <a href=\"https:\/\/www.salesianos.edu\/la-vi-jornada-de-comunicaci-n-profundiza-en-el-papel-del-comunicador-salesiano\/\">Jornada de Comunicaci\u00f3<\/a>, que el mes de febrer arribar\u00e0 a la seva 7ena edici\u00f3, i les trobades de delegats locals de comunicaci\u00f3. M\u00e9s de 70 delegats locals de comunicaci\u00f3 de les pres\u00e8ncies salesianes d&#8217;Espanya van participar durant el mes d&#8217;octubre a la <a href=\"https:\/\/www.salesianos.edu\/los-delegados-de-comunicacion-avanzan-en-el-plan-de-formacion-para-comunicar-en-tiempos-de-covid\/\">sessi\u00f3 formativa<\/a> <strong>&#8216;Disseny de l&#8217;estrat\u00e8gia i el pla de comunicaci\u00f3. Comunicaci\u00f3 en temps de Covid &#8216; <\/strong>amb l&#8217;objectiu d&#8217;adaptar la comunicaci\u00f3 de les cases i entitats al nou context, tendint ponts i posant la comunicaci\u00f3 al servei.<\/p>\n<p>Entre els aspectes tractats es va destacar la import\u00e0ncia d&#8217;un Pla de comunicaci\u00f3 desgranant els passos a realitzar per a desenvolupar-lo, tenint en compte els p\u00fablics de les entitats salesianes o escoles, els canals escollits i posant especial inter\u00e8s en assenyalar un objectiu general i concretant accions espec\u00edfiques, tot aix\u00f2 dins d&#8217;una planificaci\u00f3 temporal. <strong>Marta Cartiel<\/strong>, delegada local de comunicaci\u00f3 de Salesians Sabadell, va presentar el Pla de Comunicaci\u00f3 de l&#8217;escola per als propers quatre anys mostrant els objectius i accions previstes per als seus diferents p\u00fablics, que van des de les noves fam\u00edlies, fins als antics alumnes, passant per prove\u00efdors o mitjans de comunicaci\u00f3. En la seva intervenci\u00f3 assenyalava \u00abla import\u00e0ncia de fidelitzar els p\u00fablics\u00bb.<\/p>\n<p>Tamb\u00e9 es va parlar de la rellev\u00e0ncia de determinar un pla de conting\u00e8ncia i un pla en situacions de crisi assenyalant que \u00aba l&#8217;hora de comunicar s&#8217;ha d&#8217;assegurar que la informaci\u00f3 arriba i \u00e9s compresa per tota la comunitat educativa\u00bb. S&#8217;han assenyalat cinc objectius als quals conv\u00e9 prestar especial atenci\u00f3 a l&#8217;hora de comunicar davant un escenari com l&#8217;actual context Covid-19.<\/p>\n<p>Aquesta sessi\u00f3 formativa, coordinada per les delegacions de Comunicaci\u00f3 de la Inspectoria Maria Auxiliadora i la Inspectoria Santiago el Mayor, est\u00e0 immersa en l&#8217;Itinerari formatiu en comunicaci\u00f3 proposat per al curs 2020-21 que va en l\u00ednia amb els objectius inspectorials, en els quals s\u2019insistia en la possibilitat <strong>d&#8217;adaptar una proposta d&#8217;itineraris formatius en comunicaci\u00f3 davant el nou escenari digital i en la necessitat d&#8217;avan\u00e7ar en estrat\u00e8gies conjuntes de comunicaci\u00f3.<\/strong><\/p>\n<p>[\/et_pb_toggle][\/et_pb_column][\/et_pb_row][et_pb_row _builder_version=\u00bb4.6.1&#8243; _module_preset=\u00bbdefault\u00bb custom_margin=\u00bb-71px|auto||auto||\u00bb][et_pb_column type=\u00bb4_4&#8243; _builder_version=\u00bb4.6.1&#8243; _module_preset=\u00bbdefault\u00bb][et_pb_divider show_divider=\u00bboff\u00bb _builder_version=\u00bb4.6.1&#8243; _module_preset=\u00bbdefault\u00bb custom_margin=\u00bb||17px||false|false\u00bb][\/et_pb_divider][et_pb_text _builder_version=\u00bb4.6.1&#8243; _module_preset=\u00bbdefault\u00bb]<\/p>\n<p><span style=\"font-size: 24pt\"><strong>Els or\u00edgens de la Delegaci\u00f3<\/strong><\/span><\/p>\n<p>[\/et_pb_text][et_pb_tabs _builder_version=\u00bb4.6.1&#8243; _module_preset=\u00bbdefault\u00bb custom_padding=\u00bb||25px|||\u00bb][et_pb_tab title=\u00bbJosep Llu\u00eds Burguera\u00bb _builder_version=\u00bb4.6.1&#8243; _module_preset=\u00bbdefault\u00bb tab_text_color=\u00bb#51626f\u00bb tab_font_size=\u00bb18px\u00bb]<\/p>\n<p style=\"text-align: justify\"><span style=\"font-weight: 400\"><img loading=\"lazy\" decoding=\"async\" class=\"wp-image-15735 size-medium alignright\" src=\"https:\/\/www.salesianos.edu\/revistasmx\/wp-content\/uploads\/sites\/8\/2020\/10\/Burguera-300x300.jpg\" alt=\"\" width=\"300\" height=\"300\" srcset=\"http:\/\/www.salesianos.edu\/revistasmx\/wp-content\/uploads\/sites\/8\/2020\/10\/Burguera-300x300.jpg 300w, http:\/\/www.salesianos.edu\/revistasmx\/wp-content\/uploads\/sites\/8\/2020\/10\/Burguera-150x150.jpg 150w, http:\/\/www.salesianos.edu\/revistasmx\/wp-content\/uploads\/sites\/8\/2020\/10\/Burguera-100x100.jpg 100w, http:\/\/www.salesianos.edu\/revistasmx\/wp-content\/uploads\/sites\/8\/2020\/10\/Burguera.jpg 400w\" sizes=\"(max-width: 300px) 100vw, 300px\" \/><\/span><\/p>\n<p>El seu cam\u00ed en la comunicaci\u00f3 salesiana ha estat llarg i segueix recorrent-se avui, tot i que ara amb un altre ritme. Recorda una assemblea de salesians a La Almunia de Do\u00f1a Godina, a finals dels 80; li va escriure en un paperet a l&#8217;inspector -llavors Miguel Asurmendi- que hav\u00edem apostar per potenciar la comunicaci\u00f3 social a la inspectoria de Val\u00e8ncia. La proposta no va caure en l&#8217;oblit i va originar l&#8217;inici de la delegaci\u00f3 de comunicaci\u00f3; despr\u00e9s van venir els estudis de Ci\u00e8ncies de la Informaci\u00f3, els cinc anys de servei en el Dicasteri de la Comunicaci\u00f3, a Roma, i m\u00e9s tard el ser delegat, el primer en la inspectoria de Val\u00e8ncia i, des de 2014 a 2019, a la nostra actual. Ara segueixo donant suport des de la realitat local a Las Palmas.<\/p>\n<p><strong>Per qu\u00e8 \u00e9s important la comunicaci\u00f3 per a la Congregaci\u00f3 salesiana?<\/strong><\/p>\n<p>Som fills d&#8217;un comunicador, Don Bosco, que va ser escriptor, editor, distribu\u00efdor i va intuir el valor de la comunicaci\u00f3 en l&#8217;acci\u00f3 pastoral dels salesians. Al llarg de decennis la Congregaci\u00f3 ha reflexionat sobre la qualitat comunicativa que el seu fundador va infondre en la seva pres\u00e8ncia entre els joves.<\/p>\n<p>Des de finals de segle passat, la Congregaci\u00f3 salesiana ha anat sistematitzant la seva reflexi\u00f3 sobre la comunicaci\u00f3 i la seva import\u00e0ncia com a element transversal en l&#8217;acci\u00f3 pastoral; els Cap\u00edtols generals del segle XXI han ratificat la import\u00e0ncia de la comunicaci\u00f3 i han fet una crida a tots els salesians a convertir-se ells mateixos en bons comunicadors. El Dicasteri per a la comunicaci\u00f3 social ha insistit en la import\u00e0ncia d&#8217;organitzar la comunicaci\u00f3 a les inspectories i en les cases mitjan\u00e7ant delegacions que dissenyessin plans efica\u00e7os amb assignaci\u00f3 de recursos materials i humans.<\/p>\n<p>En l&#8217;actualitat s&#8217;obren nous reptes per ser presents al Pati Digital amb m\u00e9s propietat, incidint d&#8217;una manera m\u00e9s efica\u00e7 en l&#8217;opini\u00f3 p\u00fablica i repensant amb m\u00e9s profunditat els fonaments antropol\u00f2gics, teol\u00f2gics i salesians del nostre ser comunicadors.<\/p>\n<p style=\"text-align: justify\"><span style=\"font-weight: 400\">\u00a0<\/span><\/p>\n<p style=\"text-align: justify\">[\/et_pb_tab][et_pb_tab title=\u00bbMiguel \u00c1ngel Moreno Nu\u00f1o\u00bb _builder_version=\u00bb4.6.1&#8243; _module_preset=\u00bbdefault\u00bb tab_text_color=\u00bb#51626f\u00bb tab_font_size=\u00bb18px\u00bb]<\/p>\n<p style=\"text-align: justify\"><span style=\"font-weight: 400\"><img loading=\"lazy\" decoding=\"async\" class=\"wp-image-15741 size-medium alignright\" src=\"https:\/\/www.salesianos.edu\/revistasmx\/wp-content\/uploads\/sites\/8\/2020\/10\/nun\u0303o-169x300.jpg\" alt=\"\" width=\"169\" height=\"300\" srcset=\"http:\/\/www.salesianos.edu\/revistasmx\/wp-content\/uploads\/sites\/8\/2020\/10\/nun\u0303o-169x300.jpg 169w, http:\/\/www.salesianos.edu\/revistasmx\/wp-content\/uploads\/sites\/8\/2020\/10\/nun\u0303o-576x1024.jpg 576w, http:\/\/www.salesianos.edu\/revistasmx\/wp-content\/uploads\/sites\/8\/2020\/10\/nun\u0303o-768x1365.jpg 768w, http:\/\/www.salesianos.edu\/revistasmx\/wp-content\/uploads\/sites\/8\/2020\/10\/nun\u0303o-864x1536.jpg 864w, http:\/\/www.salesianos.edu\/revistasmx\/wp-content\/uploads\/sites\/8\/2020\/10\/nun\u0303o-1152x2048.jpg 1152w, http:\/\/www.salesianos.edu\/revistasmx\/wp-content\/uploads\/sites\/8\/2020\/10\/nun\u0303o-1080x1919.jpg 1080w, http:\/\/www.salesianos.edu\/revistasmx\/wp-content\/uploads\/sites\/8\/2020\/10\/nun\u0303o-1280x2276.jpg 1280w, http:\/\/www.salesianos.edu\/revistasmx\/wp-content\/uploads\/sites\/8\/2020\/10\/nun\u0303o-980x1742.jpg 980w, http:\/\/www.salesianos.edu\/revistasmx\/wp-content\/uploads\/sites\/8\/2020\/10\/nun\u0303o-480x853.jpg 480w, http:\/\/www.salesianos.edu\/revistasmx\/wp-content\/uploads\/sites\/8\/2020\/10\/nun\u0303o-scaled.jpg 1440w\" sizes=\"(max-width: 169px) 100vw, 169px\" \/><\/span>Salesi\u00e0, natural de Granada, que ara mateix es troba destinat a Madrid, per ra\u00f3 d&#8217;estudis. De 2005 a 2012 va ser delegat inspectorial de Comunicaci\u00f3 Social, en les inspectories de C\u00f3rdoba i posteriorment, Sevilla. \u00abCom a tal, vaig tenir la sort d&#8217;animar les dimensions d&#8217;animaci\u00f3, formaci\u00f3, informaci\u00f3 i producci\u00f3, segons els criteris i orientacions que la congregaci\u00f3 salesiana ens demana en el <em>Sistema Salesi\u00e0 de Comunicaci\u00f3 Social<\/em>, i iniciar molts dels processos que ara Carlos Mart\u00edn Trejo i el seu equip segueixen consolidant \u00abexplica.<\/p>\n<p><strong>Per qu\u00e8 \u00e9s important la comunicaci\u00f3 per a la congregaci\u00f3 salesiana?<\/strong><\/p>\n<p>No ser\u00e9 jo qui respongui a aquesta pregunta. Les <em>Constitucions<\/em> dels salesians de Don Bosco ho deixen ben clar: Don Bosco \u00abva intuir el valor d&#8217;aquesta escola de masses, que crea cultura i difon models de vida, i, per defensar i sostenir la fe del poble, va escometre empreses apost\u00f2liques originals. Seguint el seu exemple, aprofitem com a dons de D\u00e9u les grans possibilitats que la comunicaci\u00f3 social ens ofereix per a l&#8217;educaci\u00f3 i l&#8217;evangelitzaci\u00f3 \u00bb(art. 43). Si aquesta intu\u00efci\u00f3 ja la va tenir Don Bosco al segle XIX, molt m\u00e9s nosaltres en una cultura dominada per una comunicaci\u00f3 velo\u00e7 i immediata, que alhora posa a les nostres mans instruments de comunicaci\u00f3 de f\u00e0cil acc\u00e9s i maneig, i exigeix de tots nosaltres una capacitaci\u00f3 cada vegada m\u00e9s s\u00f2lida -fins i tot professional- en aquests \u00e0mbits!<\/p>\n<p style=\"text-align: justify\"><span style=\"font-weight: 400\">\u00a0<\/span><\/p>\n<p>[\/et_pb_tab][\/et_pb_tabs][et_pb_text _builder_version=\u00bb4.6.1&#8243; _module_preset=\u00bbdefault\u00bb]<\/p>\n<p><span style=\"font-size: 18pt\"><strong>Una comunicaci\u00f3 que uneix persones<\/strong><\/span><\/p>\n<p>[\/et_pb_text][\/et_pb_column][\/et_pb_row][et_pb_row _builder_version=\u00bb4.6.1&#8243; _module_preset=\u00bbdefault\u00bb custom_margin=\u00bb-71px|auto||auto||\u00bb][et_pb_column type=\u00bb4_4&#8243; _builder_version=\u00bb4.6.1&#8243; _module_preset=\u00bbdefault\u00bb][et_pb_accordion _builder_version=\u00bb4.6.1&#8243; _module_preset=\u00bbdefault\u00bb hover_enabled=\u00bb0&#8243; border_radii=\u00bbon|19px|19px|19px|19px\u00bb border_color_all=\u00bb#51626f\u00bb sticky_enabled=\u00bb0&#8243;][et_pb_accordion_item title=\u00bbAntonio Zaragoza\u00bb open=\u00bbon\u00bb open_toggle_text_color=\u00bb#dc001b\u00bb open_toggle_background_color=\u00bb#ffffff\u00bb closed_toggle_text_color=\u00bb#51626f\u00bb closed_toggle_background_color=\u00bbrgba(81,98,111,0.33)\u00bb _builder_version=\u00bb4.6.1&#8243; _module_preset=\u00bbdefault\u00bb toggle_text_align=\u00bbcenter\u00bb toggle_font_size=\u00bb20px\u00bb closed_toggle_font_size=\u00bb13px\u00bb]<\/p>\n<p><img loading=\"lazy\" decoding=\"async\" class=\"wp-image-15798 size-full alignright\" src=\"https:\/\/www.salesianos.edu\/revistasmx\/wp-content\/uploads\/sites\/8\/2020\/10\/0Antonio-Zaragoza.jpg\" alt=\"\" width=\"283\" height=\"283\" srcset=\"http:\/\/www.salesianos.edu\/revistasmx\/wp-content\/uploads\/sites\/8\/2020\/10\/0Antonio-Zaragoza.jpg 283w, http:\/\/www.salesianos.edu\/revistasmx\/wp-content\/uploads\/sites\/8\/2020\/10\/0Antonio-Zaragoza-150x150.jpg 150w, http:\/\/www.salesianos.edu\/revistasmx\/wp-content\/uploads\/sites\/8\/2020\/10\/0Antonio-Zaragoza-100x100.jpg 100w\" sizes=\"(max-width: 283px) 100vw, 283px\" \/><\/p>\n<p>La nostra participaci\u00f3 en la jornada de comunicaci\u00f3 organitzada pels salesians d&#8217;Espanya el passat mes de febrer, a Madrid, ens va agafar ganes de donar-li un impuls a la comunicaci\u00f3 de la nostra casa de <strong>Salesians El Campello.<\/strong><\/p>\n<p>Els mesos de confinament pel Covid-19, han afavorit el desenvolupament de les plataformes de comunicaci\u00f3, l&#8217;escola ha necessitat estar <strong>permanentment comunicada<\/strong> amb l\u2019alumnat i les seves fam\u00edlies. En aquesta pres\u00e8ncia salesiana de El Campello tamb\u00e9 hem hagut de fer un gran esfor\u00e7 per estar comunicats amb la fam\u00edlia salesiana i totes les personen que han vingut a la nostra parr\u00f2quia i casa de El Campello.<\/p>\n<p>Tots aquests esdeveniments ens han mogut activament i, des del passat mes de setembre, hem treballat amb un <strong>petit equip de persones<\/strong> per posar les bases d&#8217;un pla de comunicaci\u00f3 de qualitat, adaptat a la nostra realitat i amb tocant de peus a terra. Volem dir transparentment qui som i el que fem, amb transpar\u00e8ncia i des de la nostra proposta educativa i pastoral fent present avui a Don Bosco.<\/p>\n<p>[\/et_pb_accordion_item][et_pb_accordion_item title=\u00bbJos\u00e9 Carlos Mu\u00f1oz\u00bb open_toggle_text_color=\u00bb#dc001b\u00bb open_toggle_background_color=\u00bb#ffffff\u00bb closed_toggle_text_color=\u00bb#51626f\u00bb closed_toggle_background_color=\u00bbrgba(81,98,111,0.33)\u00bb _builder_version=\u00bb4.6.1&#8243; _module_preset=\u00bbdefault\u00bb toggle_text_align=\u00bbcenter\u00bb toggle_font_size=\u00bb20px\u00bb closed_toggle_font_size=\u00bb13px\u00bb open=\u00bboff\u00bb]<\/p>\n<p><span style=\"font-weight: 400\"><img loading=\"lazy\" decoding=\"async\" class=\"wp-image-15799 size-full alignright\" src=\"https:\/\/www.salesianos.edu\/revistasmx\/wp-content\/uploads\/sites\/8\/2020\/10\/0Jose-Carlos-Mun\u0303oz.jpg\" alt=\"\" width=\"163\" height=\"163\" srcset=\"http:\/\/www.salesianos.edu\/revistasmx\/wp-content\/uploads\/sites\/8\/2020\/10\/0Jose-Carlos-Mun\u0303oz.jpg 283w, http:\/\/www.salesianos.edu\/revistasmx\/wp-content\/uploads\/sites\/8\/2020\/10\/0Jose-Carlos-Mun\u0303oz-150x150.jpg 150w, http:\/\/www.salesianos.edu\/revistasmx\/wp-content\/uploads\/sites\/8\/2020\/10\/0Jose-Carlos-Mun\u0303oz-100x100.jpg 100w\" sizes=\"(max-width: 163px) 100vw, 163px\" \/><\/span><\/p>\n<p>L&#8217;aposta per la comunicaci\u00f3 en clau d&#8217;obra salesiana \u00e9s un dels aspectes diferencials de <strong>Salesians<\/strong> <strong>Terrassa<\/strong>. Les nostres xarxes socials i p\u00e0gina web s\u00f3n el mitj\u00e0 de comunicaci\u00f3 en el qual cada \u00e0mbit de l&#8217;Obra es veu representat, <strong>afavorint aix\u00ed el coneixement de totes les activitats i grups que \u00abSom U\u00bb a la casa<\/strong>. Aix\u00f2 ha afavorit tamb\u00e9 el sentiment de pertinen\u00e7a aconseguit en els \u00faltims anys: una aposta per la pres\u00e8ncia en xarxes socials, en qu\u00e8 fam\u00edlies, alumnat i membres de tots els \u00e0mbits de l&#8217;Obra, trobin, m\u00e9s que mai en aquests mesos, un lloc on trobar-se.<\/p>\n<p><span style=\"font-weight: 400\">\u00a0<\/span><\/p>\n<p>[\/et_pb_accordion_item][et_pb_accordion_item title=\u00bbJuan Carlos Mac\u00edas\u00bb open_toggle_text_color=\u00bb#dc001b\u00bb open_toggle_background_color=\u00bb#ffffff\u00bb closed_toggle_text_color=\u00bb#51626f\u00bb closed_toggle_background_color=\u00bbrgba(81,98,111,0.33)\u00bb _builder_version=\u00bb4.6.1&#8243; _module_preset=\u00bbdefault\u00bb toggle_text_align=\u00bbcenter\u00bb toggle_font_size=\u00bb20px\u00bb closed_toggle_font_size=\u00bb13px\u00bb open=\u00bboff\u00bb]<\/p>\n<p><span style=\"font-weight: 400\"><img loading=\"lazy\" decoding=\"async\" class=\"wp-image-15797 size-full alignright\" src=\"https:\/\/www.salesianos.edu\/revistasmx\/wp-content\/uploads\/sites\/8\/2020\/10\/0JuanCarlosMacias.jpg\" alt=\"\" width=\"283\" height=\"283\" srcset=\"http:\/\/www.salesianos.edu\/revistasmx\/wp-content\/uploads\/sites\/8\/2020\/10\/0JuanCarlosMacias.jpg 283w, http:\/\/www.salesianos.edu\/revistasmx\/wp-content\/uploads\/sites\/8\/2020\/10\/0JuanCarlosMacias-150x150.jpg 150w, http:\/\/www.salesianos.edu\/revistasmx\/wp-content\/uploads\/sites\/8\/2020\/10\/0JuanCarlosMacias-100x100.jpg 100w\" sizes=\"(max-width: 283px) 100vw, 283px\" \/><\/span><\/p>\n<p>El curs passat a <strong>Ja\u00e9n<\/strong>, durant l&#8217;elaboraci\u00f3 del Projecte Educatiu i Pastoral Salesi\u00e0 local, es va concloure la necessitat de visibilitzar la tasca pastoral de la nostra pres\u00e8ncia salesiana a les xarxes socials. Anteriorment, vam comen\u00e7ar a donar a con\u00e8ixer i a utilitzar els logotips corporatius i, especialment, la marca Salesianos Ja\u00e9n.<\/p>\n<p>Iniciem la tasca amb la configuraci\u00f3 d&#8217;una nova p\u00e0gina web i la conseg\u00fcent formaci\u00f3 del responsable, per part de la Delegaci\u00f3 Inspectorial de Comunicaci\u00f3 Social. <strong>Ha estat una tasca \u00e0rdua, il\u00b7lusionant i, encara, per concloure. <\/strong>Per\u00f2 ha tingut un efecte molt positiu en la comunicaci\u00f3, amb el reconeixement dels diferents grups de la Casa i amics de fora.<\/p>\n<p>Posteriorment, hem obert un facebook de Salesianos Ja\u00e9n que ens ha ajudat a anar comptant amb seguidors i multiplicadors de les nostres not\u00edcies. I, darrerament, ens hem fet presents a Instagram ia Twitter, amb un car\u00e0cter m\u00e9s juvenil.<\/p>\n<p>A hores d&#8217;ara, intentem configurar l&#8217;equip local de comunicaci\u00f3 social per cr\u00e9ixer en corresponsabilitat en aquest aspecte tan important i vital. <strong>Estem conven\u00e7uts que aquest esfor\u00e7 s&#8217;est\u00e0 veient recompensat amb m\u00e9s visibilitzaci\u00f3 i connexi\u00f3 <\/strong>amb les diferents persones que formen Salesianos Ja\u00e9n i les que es mouen pel gran Pati Digital.<\/p>\n<p><span style=\"font-weight: 400\">\u00a0<\/span><\/p>\n<p>[\/et_pb_accordion_item][\/et_pb_accordion][et_pb_text _builder_version=\u00bb4.6.1&#8243; _module_preset=\u00bbdefault\u00bb custom_margin=\u00bb50px|||||\u00bb]<\/p>\n<p><span style=\"font-size: 24pt\"><strong>Una comunicaci\u00f3 que uneix pres\u00e8ncies<\/strong><\/span><\/p>\n<p>[\/et_pb_text][\/et_pb_column][\/et_pb_row][et_pb_row _builder_version=\u00bb4.6.1&#8243; _module_preset=\u00bbdefault\u00bb custom_margin=\u00bb-71px|auto|-71px|auto|false|false\u00bb custom_padding=\u00bb||0px|||\u00bb][et_pb_column type=\u00bb4_4&#8243; _builder_version=\u00bb4.6.1&#8243; _module_preset=\u00bbdefault\u00bb][\/et_pb_column][\/et_pb_row][et_pb_row column_structure=\u00bb1_2,1_2&#8243; _builder_version=\u00bb4.6.1&#8243; _module_preset=\u00bbdefault\u00bb][et_pb_column type=\u00bb1_2&#8243; _builder_version=\u00bb4.6.1&#8243; _module_preset=\u00bbdefault\u00bb][et_pb_accordion _builder_version=\u00bb4.6.1&#8243; _module_preset=\u00bbdefault\u00bb custom_margin=\u00bb-37px|||||\u00bb hover_enabled=\u00bb0&#8243; border_radii=\u00bbon|19px|19px|19px|19px\u00bb border_color_all=\u00bb#51626f\u00bb sticky_enabled=\u00bb0&#8243;][et_pb_accordion_item title=\u00bbCarol S\u00e1nchez\u00bb open=\u00bbon\u00bb open_toggle_text_color=\u00bb#dc001b\u00bb open_toggle_background_color=\u00bb#ffffff\u00bb closed_toggle_text_color=\u00bb#51626f\u00bb closed_toggle_background_color=\u00bbrgba(81,98,111,0.33)\u00bb _builder_version=\u00bb4.6.1&#8243; _module_preset=\u00bbdefault\u00bb hover_enabled=\u00bb0&#8243; toggle_text_align=\u00bbcenter\u00bb toggle_font_size=\u00bb20px\u00bb closed_toggle_font_size=\u00bb13px\u00bb sticky_enabled=\u00bb0&#8243;]<\/p>\n<p style=\"text-align: justify\"><span style=\"font-weight: 400\"><img loading=\"lazy\" decoding=\"async\" class=\"wp-image-15891 size-thumbnail alignright\" src=\"http:\/\/www.salesianos.edu\/revistasmx\/wp-content\/uploads\/sites\/8\/2020\/10\/WhatsApp-Image-2020-10-29-at-21.57.46-1-150x150.jpeg\" alt=\"\" width=\"150\" height=\"150\" srcset=\"http:\/\/www.salesianos.edu\/revistasmx\/wp-content\/uploads\/sites\/8\/2020\/10\/WhatsApp-Image-2020-10-29-at-21.57.46-1-150x150.jpeg 150w, http:\/\/www.salesianos.edu\/revistasmx\/wp-content\/uploads\/sites\/8\/2020\/10\/WhatsApp-Image-2020-10-29-at-21.57.46-1-100x100.jpeg 100w\" sizes=\"(max-width: 150px) 100vw, 150px\" \/><\/span><\/p>\n<p>La comunicaci\u00f3 feta amb respecte i afecte <strong>sempre uneix<\/strong>. Per aix\u00f2 durant aquests anys que portem de treball ens hem unit tot i que el nostre cam\u00ed no ha estat f\u00e0cil. Part\u00edem de dos centres separats per diversos km, on quedava molt diferenciat pert\u00e0nyer a Salesianos San Jos\u00e9 o San Rafael.<\/p>\n<p>A dia d&#8217;avui estem m\u00e9s a prop d&#8217;aconseguir que se&#8217;ns reconegui com una comunitat \u00fanica Salesianos Elche. Aix\u00f2, al cap i a la fi, crea una identitat pr\u00f2pia, unida m\u00e9s enll\u00e0 de la part educativa, units per una pastoral comuna, per un club esportiu on tenen cabuda des dels m\u00e9s petits als m\u00e9s grans, com tamb\u00e9 succeeix amb els grups de fe, i aix\u00ed podr\u00edem seguir. <strong>La conclusi\u00f3 \u00e9s que seguim separats pels mateixos km per\u00f2 en realitat ara ens sentim m\u00e9s a prop, ens queda feina per\u00f2 ganes i il\u00b7lusi\u00f3 no ens en falta.<\/strong><\/p>\n<p style=\"text-align: justify\"><span style=\"font-weight: 400\">\u00a0<\/span><\/p>\n<p>[\/et_pb_accordion_item][et_pb_accordion_item title=\u00bbJorge Alqu\u00e9zar\u00bb open_toggle_text_color=\u00bb#dc001b\u00bb open_toggle_background_color=\u00bb#ffffff\u00bb closed_toggle_text_color=\u00bb#51626f\u00bb closed_toggle_background_color=\u00bbrgba(81,98,111,0.33)\u00bb _builder_version=\u00bb4.6.1&#8243; _module_preset=\u00bbdefault\u00bb toggle_text_align=\u00bbcenter\u00bb toggle_font_size=\u00bb20px\u00bb closed_toggle_font_size=\u00bb13px\u00bb open=\u00bboff\u00bb]<\/p>\n<p style=\"text-align: justify\"><span style=\"font-weight: 400\"><img loading=\"lazy\" decoding=\"async\" class=\"wp-image-15737  alignright\" src=\"https:\/\/www.salesianos.edu\/revistasmx\/wp-content\/uploads\/sites\/8\/2020\/10\/Jorge-Alquezar-300x300.jpg\" alt=\"\" width=\"167\" height=\"167\" srcset=\"http:\/\/www.salesianos.edu\/revistasmx\/wp-content\/uploads\/sites\/8\/2020\/10\/Jorge-Alquezar-300x300.jpg 300w, http:\/\/www.salesianos.edu\/revistasmx\/wp-content\/uploads\/sites\/8\/2020\/10\/Jorge-Alquezar-150x150.jpg 150w, http:\/\/www.salesianos.edu\/revistasmx\/wp-content\/uploads\/sites\/8\/2020\/10\/Jorge-Alquezar-100x100.jpg 100w, http:\/\/www.salesianos.edu\/revistasmx\/wp-content\/uploads\/sites\/8\/2020\/10\/Jorge-Alquezar.jpg 400w\" sizes=\"(max-width: 167px) 100vw, 167px\" \/><\/span><\/p>\n<p>Crec que la major aposta per la comunicaci\u00f3 a <strong>Monz\u00f3n<\/strong> \u00e9s la creaci\u00f3 d&#8217;un delegat de comunicaci\u00f3 amb assignaci\u00f3 hor\u00e0ria (fa 2 cursos) i de la creaci\u00f3 d&#8217;un grup de responsables en totes les etapes del centre. Al Centre, ens hem centrat sobretot en comen\u00e7ar a crear contingut de qualitat per a les xarxes socials i en dur a terme un control i an\u00e0lisi de les dades que les diferents apps ens ofereixen. Intentem col\u00b7laborar amb entitats locals per donar m\u00e9s visibilitat en les nostres xarxes a les seves propostes (ajuntament, centres socials).<\/p>\n<p>Tamb\u00e9, s&#8217;ha actualitzat una extensa base de dades de periodistes que havia quedat una mica arcaica i intentem enviar notes de premsa des del Centre de forma regular per <strong>millorar la \u00abrelaci\u00f3\u00bb amb la premsa local i comarcal<\/strong>. S&#8217;est\u00e0 apostant tamb\u00e9 per la creaci\u00f3 de v\u00eddeos, arribant fins i tot a crear una aula d&#8217;audiovisuals que compta amb un chroma, focus i editors de v\u00eddeo perqu\u00e8 els xavals puguin iniciar-se tamb\u00e9 en el m\u00f3n de la creaci\u00f3 de v\u00eddeos. Aix\u00ed mateix, hi ha algunes propostes com ara les de formar un equip de \u00abcorresponsals\u00bb en els diferents cursos, de crear un moment de trobada entre l&#8217;equip de comunicaci\u00f3, etc.<\/p>\n<p style=\"text-align: justify\">\n<p>&nbsp;<\/p>\n<p>[\/et_pb_accordion_item][et_pb_accordion_item title=\u00bb Antonio Luis Gonz\u00e1lez\u00bb open_toggle_text_color=\u00bb#dc001b\u00bb open_toggle_background_color=\u00bb#ffffff\u00bb closed_toggle_text_color=\u00bb#51626f\u00bb closed_toggle_background_color=\u00bbrgba(81,98,111,0.33)\u00bb _builder_version=\u00bb4.6.1&#8243; _module_preset=\u00bbdefault\u00bb toggle_text_align=\u00bbcenter\u00bb toggle_font_size=\u00bb20px\u00bb closed_toggle_font_size=\u00bb13px\u00bb open=\u00bboff\u00bb]<\/p>\n<p style=\"text-align: justify\"><span style=\"font-weight: 400\"><img loading=\"lazy\" decoding=\"async\" class=\"wp-image-15734  alignright\" src=\"https:\/\/www.salesianos.edu\/revistasmx\/wp-content\/uploads\/sites\/8\/2020\/10\/Antonio-Luis-Gonzalez-300x296.jpeg\" alt=\"\" width=\"181\" height=\"179\" \/><\/span><\/p>\n<p>Des de fa quatre anys aproximadament, a la Casa d\u2019<strong>Alcal\u00e1 de Guada\u00edra <\/strong>vam establir algunes estrat\u00e8gies comunicatives: obrim nous canals com la web actual, xarxes socials &#8230; per\u00f2 <strong>el major canvi l&#8217;hem notat al formalitzar un grup de treball <\/strong>amb el qual poder treballar de forma m\u00e9s efica\u00e7.<\/p>\n<p>La comunicaci\u00f3 a Alcal\u00e1 ja no \u00e9s el treball exclusiu d&#8217;una persona, \u00e9s fruit d&#8217;un treball col\u00b7lectiu que <strong>neix de la motivaci\u00f3 i l&#8217;entusiasme d&#8217;un grup de persones que volem transmetre l&#8217;ideari salesi\u00e0<\/strong>. Totes les accions que es realitzen a la nostra Casa s\u00f3n recollides tamb\u00e9 en altres mitjans que no pertanyen a l&#8217;\u00e0mbit salesi\u00e0: diaris, informatius de televisi\u00f3 a nivell nacional, programes de ci\u00e8ncia i innovaci\u00f3, revistes educatives, esgl\u00e9sia, etc\u00e8tera.<\/p>\n<p style=\"text-align: justify\"><span style=\"font-weight: 400\">\u00a0<\/span><\/p>\n<p>[\/et_pb_accordion_item][\/et_pb_accordion][\/et_pb_column][et_pb_column type=\u00bb1_2&#8243; _builder_version=\u00bb4.6.1&#8243; _module_preset=\u00bbdefault\u00bb][et_pb_accordion _builder_version=\u00bb4.6.1&#8243; _module_preset=\u00bbdefault\u00bb custom_margin=\u00bb-36px|||||\u00bb border_radii=\u00bbon|19px|19px|19px|19px\u00bb border_color_all=\u00bb#51626f\u00bb][et_pb_accordion_item title=\u00bbAgusti\u0301n Di\u0301az Barea\u00bb open=\u00bbon\u00bb open_toggle_text_color=\u00bb#dc001b\u00bb open_toggle_background_color=\u00bb#ffffff\u00bb closed_toggle_text_color=\u00bb#51626f\u00bb closed_toggle_background_color=\u00bbrgba(81,98,111,0.33)\u00bb _builder_version=\u00bb4.6.1&#8243; _module_preset=\u00bbdefault\u00bb toggle_text_align=\u00bbcenter\u00bb toggle_font_size=\u00bb20px\u00bb closed_toggle_font_size=\u00bb13px\u00bb]<\/p>\n<p style=\"text-align: justify\"><span style=\"font-weight: 400\"><img loading=\"lazy\" decoding=\"async\" class=\"wp-image-15733  alignright\" src=\"https:\/\/www.salesianos.edu\/revistasmx\/wp-content\/uploads\/sites\/8\/2020\/10\/Agustin-Diaz-300x300.jpg\" alt=\"\" width=\"178\" height=\"178\" srcset=\"http:\/\/www.salesianos.edu\/revistasmx\/wp-content\/uploads\/sites\/8\/2020\/10\/Agustin-Diaz-300x300.jpg 300w, http:\/\/www.salesianos.edu\/revistasmx\/wp-content\/uploads\/sites\/8\/2020\/10\/Agustin-Diaz-150x150.jpg 150w, http:\/\/www.salesianos.edu\/revistasmx\/wp-content\/uploads\/sites\/8\/2020\/10\/Agustin-Diaz-100x100.jpg 100w, http:\/\/www.salesianos.edu\/revistasmx\/wp-content\/uploads\/sites\/8\/2020\/10\/Agustin-Diaz.jpg 480w\" sizes=\"(max-width: 178px) 100vw, 178px\" \/><\/span><\/p>\n<p>A <strong>Campano, <\/strong>des de 2015, hem posat en marxa la comunicaci\u00f3, creant les xarxes socials de la casa aix\u00ed com la web, mantenint informats l\u2019alumnat, pares i mares i societat en general de la vida passada, present i futura de la casa. <strong>Hem aconseguit que la casa \u00absoni\u00bb en la societat en general gr\u00e0cies a l&#8217;esfor\u00e7 comunicatiu.<\/strong><\/p>\n<p>Participem de manera activa en tot el relacionat amb la comunicaci\u00f3 a nivell inspectorial. A m\u00e9s, hem implicat a tota la comunitat educativa i hem aconseguit unificar criteris d&#8217;imatge en tota la casa.<\/p>\n<p>Per a aquest any ens plantegem com a objectiu la creaci\u00f3 del grup de comunicaci\u00f3 de la casa, la creaci\u00f3 del projecte de comunicaci\u00f3 local i seguir afermant i renovant les xarxes socials i la web.<\/p>\n<p style=\"text-align: justify\"><span style=\"font-weight: 400\">\u00a0<\/span><\/p>\n<p style=\"text-align: justify\">[\/et_pb_accordion_item][et_pb_accordion_item title=\u00bbJuanfra Huertas\u00bb open_toggle_text_color=\u00bb#dc001b\u00bb open_toggle_background_color=\u00bb#ffffff\u00bb closed_toggle_text_color=\u00bb#51626f\u00bb closed_toggle_background_color=\u00bbrgba(81,98,111,0.33)\u00bb _builder_version=\u00bb4.6.1&#8243; _module_preset=\u00bbdefault\u00bb toggle_text_align=\u00bbcenter\u00bb toggle_font_size=\u00bb20px\u00bb closed_toggle_font_size=\u00bb13px\u00bb open=\u00bboff\u00bb]<\/p>\n<p><span style=\"font-weight: 400\"><img loading=\"lazy\" decoding=\"async\" class=\"wp-image-15740  alignright\" src=\"https:\/\/www.salesianos.edu\/revistasmx\/wp-content\/uploads\/sites\/8\/2020\/10\/Juanfra-Huertas-300x300.jpg\" alt=\"\" width=\"192\" height=\"192\" \/><\/span><\/p>\n<p>Des de <strong>Pozoblanco <\/strong>sentim una millora molt gran en l&#8217;\u00e0mbit de la Comunicaci\u00f3 de la nostra Obra. Per a aix\u00f2 ha estat vital l&#8217;actualitzaci\u00f3 de la nostra p\u00e0gina web i l&#8217;estrat\u00e8gia de comunicaci\u00f3 a xarxes socials. Entenem que el nostre portal \u00e9s una finestra permanentment oberta a tothom. Un espai en el qual apropar-se i con\u00e8ixer la petjada que la nostra Casa imprimeix a Pozoblanco i en tota la comarca del Valle de los Pedroches. A l&#8217;estar oberta 24 hores, tothom \u00e9s benvingut.<\/p>\n<p>Juntament amb la informaci\u00f3 permanent, les not\u00edcies es van actualitzant en els diversos apartats de la web i s\u00f3n coherents amb el que comuniquem a Xarxes.<strong> En elles, de manera m\u00e9s immediata i directa anem informant conforme \u00abest\u00e0 passant\u00bb. I \u00e9s una cosa que tant les fam\u00edlies, com els amics de l&#8217;Obra Salesiana agraeixen. <\/strong>Perqu\u00e8 estem transmetent la realitat d&#8217;una Casa din\u00e0mica i en continu moviment i aix\u00f2 sempre \u00e9s una bona not\u00edcia.<\/p>\n<p>Ens queda un cam\u00ed llarg per rec\u00f3rrer, de millora en la comunicaci\u00f3. <strong>Per\u00f2 estem conven\u00e7uts que \u00e9s l&#8217;estrat\u00e8gia m\u00e9s directa per formar consci\u00e8ncia de fam\u00edlia, <\/strong>sentit de pertinen\u00e7a, afecte per tot el que vingui de salesians, &#8230; en definitiva, la Comunicaci\u00f3 \u00e9s un vehicle essencial per fer realitat el SOM U i aix\u00ed ho sentim i comuniquem.<\/p>\n<p><span style=\"font-weight: 400\">\u00a0<\/span><\/p>\n<p>[\/et_pb_accordion_item][et_pb_accordion_item title=\u00bbRa\u00fal Rosales\u00bb open_toggle_text_color=\u00bb#dc001b\u00bb open_toggle_background_color=\u00bb#ffffff\u00bb closed_toggle_text_color=\u00bb#51626f\u00bb closed_toggle_background_color=\u00bbrgba(81,98,111,0.33)\u00bb _builder_version=\u00bb4.6.1&#8243; _module_preset=\u00bbdefault\u00bb toggle_text_align=\u00bbcenter\u00bb toggle_font_size=\u00bb20px\u00bb closed_toggle_font_size=\u00bb13px\u00bb open=\u00bboff\u00bb]<\/p>\n<p style=\"text-align: justify\"><span style=\"font-weight: 400\"><img loading=\"lazy\" decoding=\"async\" class=\"wp-image-15744  alignright\" src=\"https:\/\/www.salesianos.edu\/revistasmx\/wp-content\/uploads\/sites\/8\/2020\/10\/Raul-Rosales-300x225.jpg\" alt=\"\" width=\"207\" height=\"155\" \/><\/span><\/p>\n<p>A Santo Domingo Savio d\u2019<strong>\u00dabeda<\/strong> s&#8217;ha valorat sempre la comunicaci\u00f3 i la import\u00e0ncia que aquesta ocupa en els nostres dies, s\u00f3n moltes les mesures que s&#8217;han anat prenent en aquests anys per fer d&#8217;aquesta una comunicaci\u00f3 efica\u00e7. Ja per l&#8217;any 2013 ens vam fer presents en totes les xarxes socials i des del primer moment es va adaptar la nostra web a les necessitats de la Casa. Tres webs diferents en els \u00faltims anys!<\/p>\n<p>Des del principi es va veure la necessitat de <strong>coordinar la comunicaci\u00f3<\/strong> de la casa creant-se des de l&#8217;any 2012 la comissi\u00f3 de comunicaci\u00f3 i amb el nomenament de diferents vocals per etapa i seminaris, continuant amb el reconeixement de la figura del delegat local de comunicaci\u00f3 social, fins a la inclusi\u00f3 de la comunicaci\u00f3 i imatge de Centre en l&#8217;actual <strong>pla estrat\u00e8gic <\/strong>2020, fent evident que la comunicaci\u00f3 \u00e9s cosa de tots.<\/p>\n<p>Aquesta aposta forta es nodreix de l&#8217;elaboraci\u00f3 d&#8217;un pla estrat\u00e8gic, protocols i reunions trimestrals, almenys una per trimestre de l&#8217;equip de comunicaci\u00f3, tot i que per a segons quines activitats, se solen formar petites comissions de treball m\u00e9s espec\u00edfiques. Tot aix\u00f2 es vertebra i sost\u00e9 per un <strong>gran equip<\/strong> de recursos humans, on cadasc\u00fa, coneix les seves funcions i ofereix les seves virtuts, temps i il\u00b7lusi\u00f3 en formar-se, cr\u00e9ixer i fer all\u00f2 que millor sap. En aquest sentit i buscant una tem\u00e0tica en relaci\u00f3 al nostre ideari, vam dissenyar el v\u00eddeo d&#8217;admissi\u00f3 d&#8217;alumnat, aix\u00ed com diferents v\u00eddeos i muntatges fotogr\u00e0fics sobre diferents campanyes o activitats importants, no oblidant l&#8217;elaboraci\u00f3 de cartelleria, fulletons &#8230; per donar publicitat a les mateixes .<\/p>\n<p>Durant l&#8217;\u00e8poca de <strong>confinament<\/strong> s\u00f3n molts els projectes sorgits, destacant:<\/p>\n<p>&#8211; Creaci\u00f3 de la can\u00e7\u00f3 \u00abLa Veu del Cor\u00bb amb m\u00fasica i lletra pr\u00f2pia.<\/p>\n<p>&#8211; Projecte \u201cQuitarle la Corona al Virus\u201d, amb reptes diaris per al nostre alumnat i fam\u00edlies i creaci\u00f3 de fotomuntatges.<\/p>\n<p>&#8211; V\u00eddeo motivacional \u201cEn tiempos de Pandemia\u201d creat pel CEP local, on tots els grups de la fam\u00edlia salesiana hi han participat.<\/p>\n<p>&#8211; Publicaci\u00f3 de Bons dies diaris realitzats pel centre juvenil.<\/p>\n<p>&#8211; I creaci\u00f3 del joc de taula \u00abIndoor\u00bb per a realitzar activitat f\u00edsica a casa.<\/p>\n<p>Destaquem tamb\u00e9 la creaci\u00f3 de cartelleria Covid-19 per una mare del Centre (Clara Jeanneth Arancibia Pel\u00e1ez), que ha tingut bona acollida fins i tot en altres centres Salesians.<\/p>\n<p>Durant aquest temps s\u00f3n molts els <strong>\u00e8xits aconseguits<\/strong>, fruit d&#8217;un treball constant de revisi\u00f3 i avaluaci\u00f3 dels objectius i accions marcades. La nostra pres\u00e8ncia i posicionament en xarxes socials i mitjans de comunicaci\u00f3 locals i provincials com premsa i televisi\u00f3 ha augmentat, s&#8217;ha creat una nova web local, s&#8217;ha consolidat la figura del delegat de comunicaci\u00f3 local, aix\u00ed com dels membres de l&#8217;equip de comunicaci\u00f3, per\u00f2 sens dubte, els m\u00e9s grans \u00e8xits encara han d\u2019arribar, ja que seguim caminant i creixent en aquesta tasca tan important com \u00e9s la comunicaci\u00f3.<\/p>\n<p>Per consolidar i actuar de forma organitzada s&#8217;han incl\u00f2s, dins de la meta estrat\u00e8gica \u00abimatge de centre\u00bb, accions relacionades amb la comunicaci\u00f3 en el Pla Estrat\u00e8gic del nostre Col\u00b7legi. Unes de les accions a treballar i que m\u00e9s il\u00b7lusi\u00f3 ens est\u00e0 portant \u00e9s la creaci\u00f3 d&#8217;una r\u00e0dio escolar.<\/p>\n<p>Treballar de forma conjunta i en comuni\u00f3 inspectorial \u00e9s<strong> clau per seguir creixent, <\/strong>augmentant i donant for\u00e7a a la nostra identitat salesiana i imatge corporativa.<\/p>\n<p><strong>\u00a0<\/strong><\/p>\n<p><strong>\u00a0<\/strong><\/p>\n<p>&nbsp;<\/p>\n<p style=\"text-align: justify\"><span style=\"font-weight: 400\">\u00a0<\/span><\/p>\n<p>[\/et_pb_accordion_item][\/et_pb_accordion][\/et_pb_column][\/et_pb_row][\/et_pb_section]<\/p>\n","protected":false},"excerpt":{"rendered":"<p>Nombroses iniciatives es consoliden en les pres\u00e8ncies i entitats salesianes gr\u00e0cies a la tasca dels delegats i equips locals de Comunicaci\u00f3.<\/p>\n","protected":false},"author":12,"featured_media":15702,"comment_status":"open","ping_status":"closed","sticky":false,"template":"","format":"standard","meta":{"_et_pb_use_builder":"on","_et_pb_old_content":"","_et_gb_content_width":"","footnotes":""},"categories":[53],"tags":[],"class_list":["post-15811","post","type-post","status-publish","format-standard","has-post-thumbnail","hentry","category-a-fons"],"yoast_head":"<!-- This site is optimized with the Yoast SEO plugin v27.5 - https:\/\/yoast.com\/product\/yoast-seo-wordpress\/ -->\n<title>Comunicaci\u00f3 salesiana, una vocaci\u00f3 al servei del projecte inspectorial - Revista SMX<\/title>\n<meta name=\"robots\" content=\"index, follow, max-snippet:-1, max-image-preview:large, max-video-preview:-1\" \/>\n<link rel=\"canonical\" href=\"http:\/\/www.salesianos.edu\/revistasmx\/ca\/comunicacio-salesiana-una-vocacio-al-servei-del-projecte-inspectorial\/\" \/>\n<meta property=\"og:locale\" content=\"es_ES\" \/>\n<meta property=\"og:type\" content=\"article\" \/>\n<meta property=\"og:title\" content=\"Comunicaci\u00f3 salesiana, una vocaci\u00f3 al servei del projecte inspectorial - Revista SMX\" \/>\n<meta property=\"og:description\" content=\"Nombroses iniciatives es consoliden en les pres\u00e8ncies i entitats salesianes gr\u00e0cies a la tasca dels delegats i equips locals de Comunicaci\u00f3.\" \/>\n<meta property=\"og:url\" content=\"http:\/\/www.salesianos.edu\/revistasmx\/ca\/comunicacio-salesiana-una-vocacio-al-servei-del-projecte-inspectorial\/\" \/>\n<meta property=\"og:site_name\" content=\"Revista SMX\" \/>\n<meta property=\"article:published_time\" content=\"2020-10-30T13:30:04+00:00\" \/>\n<meta property=\"article:modified_time\" content=\"2020-11-02T09:07:16+00:00\" \/>\n<meta property=\"og:image\" content=\"http:\/\/www.salesianos.edu\/revistasmx\/wp-content\/uploads\/sites\/8\/2020\/10\/a9f5b261-8b46-4962-96fb-2a6fea0f6555.jpg\" \/>\n\t<meta property=\"og:image:width\" content=\"1467\" \/>\n\t<meta property=\"og:image:height\" content=\"743\" \/>\n\t<meta property=\"og:image:type\" content=\"image\/jpeg\" \/>\n<meta name=\"author\" content=\"joseluisgarciamoscoso\" \/>\n<meta name=\"twitter:card\" content=\"summary_large_image\" \/>\n<meta name=\"twitter:label1\" content=\"Escrito por\" \/>\n\t<meta name=\"twitter:data1\" content=\"joseluisgarciamoscoso\" \/>\n\t<meta name=\"twitter:label2\" content=\"Tiempo de lectura\" \/>\n\t<meta name=\"twitter:data2\" content=\"26 minutos\" \/>\n<script type=\"application\/ld+json\" class=\"yoast-schema-graph\">{\"@context\":\"https:\\\/\\\/schema.org\",\"@graph\":[{\"@type\":\"Article\",\"@id\":\"http:\\\/\\\/www.salesianos.edu\\\/revistasmx\\\/ca\\\/comunicacio-salesiana-una-vocacio-al-servei-del-projecte-inspectorial\\\/#article\",\"isPartOf\":{\"@id\":\"http:\\\/\\\/www.salesianos.edu\\\/revistasmx\\\/ca\\\/comunicacio-salesiana-una-vocacio-al-servei-del-projecte-inspectorial\\\/\"},\"author\":{\"name\":\"joseluisgarciamoscoso\",\"@id\":\"http:\\\/\\\/www.salesianos.edu\\\/revistasmx\\\/#\\\/schema\\\/person\\\/a1d72ee5373cce7347fb2993ba9f47d6\"},\"headline\":\"Comunicaci\u00f3 salesiana, una vocaci\u00f3 al servei del projecte inspectorial\",\"datePublished\":\"2020-10-30T13:30:04+00:00\",\"dateModified\":\"2020-11-02T09:07:16+00:00\",\"mainEntityOfPage\":{\"@id\":\"http:\\\/\\\/www.salesianos.edu\\\/revistasmx\\\/ca\\\/comunicacio-salesiana-una-vocacio-al-servei-del-projecte-inspectorial\\\/\"},\"wordCount\":5308,\"commentCount\":0,\"image\":{\"@id\":\"http:\\\/\\\/www.salesianos.edu\\\/revistasmx\\\/ca\\\/comunicacio-salesiana-una-vocacio-al-servei-del-projecte-inspectorial\\\/#primaryimage\"},\"thumbnailUrl\":\"http:\\\/\\\/www.salesianos.edu\\\/revistasmx\\\/wp-content\\\/uploads\\\/sites\\\/8\\\/2020\\\/10\\\/a9f5b261-8b46-4962-96fb-2a6fea0f6555.jpg\",\"articleSection\":[\"A FONS\"],\"inLanguage\":\"es\",\"potentialAction\":[{\"@type\":\"CommentAction\",\"name\":\"Comment\",\"target\":[\"http:\\\/\\\/www.salesianos.edu\\\/revistasmx\\\/ca\\\/comunicacio-salesiana-una-vocacio-al-servei-del-projecte-inspectorial\\\/#respond\"]}]},{\"@type\":\"WebPage\",\"@id\":\"http:\\\/\\\/www.salesianos.edu\\\/revistasmx\\\/ca\\\/comunicacio-salesiana-una-vocacio-al-servei-del-projecte-inspectorial\\\/\",\"url\":\"http:\\\/\\\/www.salesianos.edu\\\/revistasmx\\\/ca\\\/comunicacio-salesiana-una-vocacio-al-servei-del-projecte-inspectorial\\\/\",\"name\":\"Comunicaci\u00f3 salesiana, una vocaci\u00f3 al servei del projecte inspectorial - Revista SMX\",\"isPartOf\":{\"@id\":\"http:\\\/\\\/www.salesianos.edu\\\/revistasmx\\\/#website\"},\"primaryImageOfPage\":{\"@id\":\"http:\\\/\\\/www.salesianos.edu\\\/revistasmx\\\/ca\\\/comunicacio-salesiana-una-vocacio-al-servei-del-projecte-inspectorial\\\/#primaryimage\"},\"image\":{\"@id\":\"http:\\\/\\\/www.salesianos.edu\\\/revistasmx\\\/ca\\\/comunicacio-salesiana-una-vocacio-al-servei-del-projecte-inspectorial\\\/#primaryimage\"},\"thumbnailUrl\":\"http:\\\/\\\/www.salesianos.edu\\\/revistasmx\\\/wp-content\\\/uploads\\\/sites\\\/8\\\/2020\\\/10\\\/a9f5b261-8b46-4962-96fb-2a6fea0f6555.jpg\",\"datePublished\":\"2020-10-30T13:30:04+00:00\",\"dateModified\":\"2020-11-02T09:07:16+00:00\",\"author\":{\"@id\":\"http:\\\/\\\/www.salesianos.edu\\\/revistasmx\\\/#\\\/schema\\\/person\\\/a1d72ee5373cce7347fb2993ba9f47d6\"},\"breadcrumb\":{\"@id\":\"http:\\\/\\\/www.salesianos.edu\\\/revistasmx\\\/ca\\\/comunicacio-salesiana-una-vocacio-al-servei-del-projecte-inspectorial\\\/#breadcrumb\"},\"inLanguage\":\"es\",\"potentialAction\":[{\"@type\":\"ReadAction\",\"target\":[\"http:\\\/\\\/www.salesianos.edu\\\/revistasmx\\\/ca\\\/comunicacio-salesiana-una-vocacio-al-servei-del-projecte-inspectorial\\\/\"]}]},{\"@type\":\"ImageObject\",\"inLanguage\":\"es\",\"@id\":\"http:\\\/\\\/www.salesianos.edu\\\/revistasmx\\\/ca\\\/comunicacio-salesiana-una-vocacio-al-servei-del-projecte-inspectorial\\\/#primaryimage\",\"url\":\"http:\\\/\\\/www.salesianos.edu\\\/revistasmx\\\/wp-content\\\/uploads\\\/sites\\\/8\\\/2020\\\/10\\\/a9f5b261-8b46-4962-96fb-2a6fea0f6555.jpg\",\"contentUrl\":\"http:\\\/\\\/www.salesianos.edu\\\/revistasmx\\\/wp-content\\\/uploads\\\/sites\\\/8\\\/2020\\\/10\\\/a9f5b261-8b46-4962-96fb-2a6fea0f6555.jpg\",\"width\":1467,\"height\":743},{\"@type\":\"BreadcrumbList\",\"@id\":\"http:\\\/\\\/www.salesianos.edu\\\/revistasmx\\\/ca\\\/comunicacio-salesiana-una-vocacio-al-servei-del-projecte-inspectorial\\\/#breadcrumb\",\"itemListElement\":[{\"@type\":\"ListItem\",\"position\":1,\"name\":\"Portada\",\"item\":\"https:\\\/\\\/www.salesianos.edu\\\/revistasmx\\\/\"},{\"@type\":\"ListItem\",\"position\":2,\"name\":\"Comunicaci\u00f3 salesiana, una vocaci\u00f3 al servei del projecte inspectorial\"}]},{\"@type\":\"WebSite\",\"@id\":\"http:\\\/\\\/www.salesianos.edu\\\/revistasmx\\\/#website\",\"url\":\"http:\\\/\\\/www.salesianos.edu\\\/revistasmx\\\/\",\"name\":\"Revista SMX\",\"description\":\"P\u00e1gina oficial de Inspector\u00eda Salesiana Mar\u00eda Auxiliadora\",\"potentialAction\":[{\"@type\":\"SearchAction\",\"target\":{\"@type\":\"EntryPoint\",\"urlTemplate\":\"http:\\\/\\\/www.salesianos.edu\\\/revistasmx\\\/?s={search_term_string}\"},\"query-input\":{\"@type\":\"PropertyValueSpecification\",\"valueRequired\":true,\"valueName\":\"search_term_string\"}}],\"inLanguage\":\"es\"},{\"@type\":\"Person\",\"@id\":\"http:\\\/\\\/www.salesianos.edu\\\/revistasmx\\\/#\\\/schema\\\/person\\\/a1d72ee5373cce7347fb2993ba9f47d6\",\"name\":\"joseluisgarciamoscoso\",\"image\":{\"@type\":\"ImageObject\",\"inLanguage\":\"es\",\"@id\":\"https:\\\/\\\/secure.gravatar.com\\\/avatar\\\/3fda3a0b2db3bc9a39871e47cbd526b42d6c3b74755b7ae1400a87b2913fea6a?s=96&d=mm&r=g\",\"url\":\"https:\\\/\\\/secure.gravatar.com\\\/avatar\\\/3fda3a0b2db3bc9a39871e47cbd526b42d6c3b74755b7ae1400a87b2913fea6a?s=96&d=mm&r=g\",\"contentUrl\":\"https:\\\/\\\/secure.gravatar.com\\\/avatar\\\/3fda3a0b2db3bc9a39871e47cbd526b42d6c3b74755b7ae1400a87b2913fea6a?s=96&d=mm&r=g\",\"caption\":\"joseluisgarciamoscoso\"}}]}<\/script>\n<!-- \/ Yoast SEO plugin. -->","yoast_head_json":{"title":"Comunicaci\u00f3 salesiana, una vocaci\u00f3 al servei del projecte inspectorial - Revista SMX","robots":{"index":"index","follow":"follow","max-snippet":"max-snippet:-1","max-image-preview":"max-image-preview:large","max-video-preview":"max-video-preview:-1"},"canonical":"http:\/\/www.salesianos.edu\/revistasmx\/ca\/comunicacio-salesiana-una-vocacio-al-servei-del-projecte-inspectorial\/","og_locale":"es_ES","og_type":"article","og_title":"Comunicaci\u00f3 salesiana, una vocaci\u00f3 al servei del projecte inspectorial - Revista SMX","og_description":"Nombroses iniciatives es consoliden en les pres\u00e8ncies i entitats salesianes gr\u00e0cies a la tasca dels delegats i equips locals de Comunicaci\u00f3.","og_url":"http:\/\/www.salesianos.edu\/revistasmx\/ca\/comunicacio-salesiana-una-vocacio-al-servei-del-projecte-inspectorial\/","og_site_name":"Revista SMX","article_published_time":"2020-10-30T13:30:04+00:00","article_modified_time":"2020-11-02T09:07:16+00:00","og_image":[{"width":1467,"height":743,"url":"http:\/\/www.salesianos.edu\/revistasmx\/wp-content\/uploads\/sites\/8\/2020\/10\/a9f5b261-8b46-4962-96fb-2a6fea0f6555.jpg","type":"image\/jpeg"}],"author":"joseluisgarciamoscoso","twitter_card":"summary_large_image","twitter_misc":{"Escrito por":"joseluisgarciamoscoso","Tiempo de lectura":"26 minutos"},"schema":{"@context":"https:\/\/schema.org","@graph":[{"@type":"Article","@id":"http:\/\/www.salesianos.edu\/revistasmx\/ca\/comunicacio-salesiana-una-vocacio-al-servei-del-projecte-inspectorial\/#article","isPartOf":{"@id":"http:\/\/www.salesianos.edu\/revistasmx\/ca\/comunicacio-salesiana-una-vocacio-al-servei-del-projecte-inspectorial\/"},"author":{"name":"joseluisgarciamoscoso","@id":"http:\/\/www.salesianos.edu\/revistasmx\/#\/schema\/person\/a1d72ee5373cce7347fb2993ba9f47d6"},"headline":"Comunicaci\u00f3 salesiana, una vocaci\u00f3 al servei del projecte inspectorial","datePublished":"2020-10-30T13:30:04+00:00","dateModified":"2020-11-02T09:07:16+00:00","mainEntityOfPage":{"@id":"http:\/\/www.salesianos.edu\/revistasmx\/ca\/comunicacio-salesiana-una-vocacio-al-servei-del-projecte-inspectorial\/"},"wordCount":5308,"commentCount":0,"image":{"@id":"http:\/\/www.salesianos.edu\/revistasmx\/ca\/comunicacio-salesiana-una-vocacio-al-servei-del-projecte-inspectorial\/#primaryimage"},"thumbnailUrl":"http:\/\/www.salesianos.edu\/revistasmx\/wp-content\/uploads\/sites\/8\/2020\/10\/a9f5b261-8b46-4962-96fb-2a6fea0f6555.jpg","articleSection":["A FONS"],"inLanguage":"es","potentialAction":[{"@type":"CommentAction","name":"Comment","target":["http:\/\/www.salesianos.edu\/revistasmx\/ca\/comunicacio-salesiana-una-vocacio-al-servei-del-projecte-inspectorial\/#respond"]}]},{"@type":"WebPage","@id":"http:\/\/www.salesianos.edu\/revistasmx\/ca\/comunicacio-salesiana-una-vocacio-al-servei-del-projecte-inspectorial\/","url":"http:\/\/www.salesianos.edu\/revistasmx\/ca\/comunicacio-salesiana-una-vocacio-al-servei-del-projecte-inspectorial\/","name":"Comunicaci\u00f3 salesiana, una vocaci\u00f3 al servei del projecte inspectorial - Revista SMX","isPartOf":{"@id":"http:\/\/www.salesianos.edu\/revistasmx\/#website"},"primaryImageOfPage":{"@id":"http:\/\/www.salesianos.edu\/revistasmx\/ca\/comunicacio-salesiana-una-vocacio-al-servei-del-projecte-inspectorial\/#primaryimage"},"image":{"@id":"http:\/\/www.salesianos.edu\/revistasmx\/ca\/comunicacio-salesiana-una-vocacio-al-servei-del-projecte-inspectorial\/#primaryimage"},"thumbnailUrl":"http:\/\/www.salesianos.edu\/revistasmx\/wp-content\/uploads\/sites\/8\/2020\/10\/a9f5b261-8b46-4962-96fb-2a6fea0f6555.jpg","datePublished":"2020-10-30T13:30:04+00:00","dateModified":"2020-11-02T09:07:16+00:00","author":{"@id":"http:\/\/www.salesianos.edu\/revistasmx\/#\/schema\/person\/a1d72ee5373cce7347fb2993ba9f47d6"},"breadcrumb":{"@id":"http:\/\/www.salesianos.edu\/revistasmx\/ca\/comunicacio-salesiana-una-vocacio-al-servei-del-projecte-inspectorial\/#breadcrumb"},"inLanguage":"es","potentialAction":[{"@type":"ReadAction","target":["http:\/\/www.salesianos.edu\/revistasmx\/ca\/comunicacio-salesiana-una-vocacio-al-servei-del-projecte-inspectorial\/"]}]},{"@type":"ImageObject","inLanguage":"es","@id":"http:\/\/www.salesianos.edu\/revistasmx\/ca\/comunicacio-salesiana-una-vocacio-al-servei-del-projecte-inspectorial\/#primaryimage","url":"http:\/\/www.salesianos.edu\/revistasmx\/wp-content\/uploads\/sites\/8\/2020\/10\/a9f5b261-8b46-4962-96fb-2a6fea0f6555.jpg","contentUrl":"http:\/\/www.salesianos.edu\/revistasmx\/wp-content\/uploads\/sites\/8\/2020\/10\/a9f5b261-8b46-4962-96fb-2a6fea0f6555.jpg","width":1467,"height":743},{"@type":"BreadcrumbList","@id":"http:\/\/www.salesianos.edu\/revistasmx\/ca\/comunicacio-salesiana-una-vocacio-al-servei-del-projecte-inspectorial\/#breadcrumb","itemListElement":[{"@type":"ListItem","position":1,"name":"Portada","item":"https:\/\/www.salesianos.edu\/revistasmx\/"},{"@type":"ListItem","position":2,"name":"Comunicaci\u00f3 salesiana, una vocaci\u00f3 al servei del projecte inspectorial"}]},{"@type":"WebSite","@id":"http:\/\/www.salesianos.edu\/revistasmx\/#website","url":"http:\/\/www.salesianos.edu\/revistasmx\/","name":"Revista SMX","description":"P\u00e1gina oficial de Inspector\u00eda Salesiana Mar\u00eda Auxiliadora","potentialAction":[{"@type":"SearchAction","target":{"@type":"EntryPoint","urlTemplate":"http:\/\/www.salesianos.edu\/revistasmx\/?s={search_term_string}"},"query-input":{"@type":"PropertyValueSpecification","valueRequired":true,"valueName":"search_term_string"}}],"inLanguage":"es"},{"@type":"Person","@id":"http:\/\/www.salesianos.edu\/revistasmx\/#\/schema\/person\/a1d72ee5373cce7347fb2993ba9f47d6","name":"joseluisgarciamoscoso","image":{"@type":"ImageObject","inLanguage":"es","@id":"https:\/\/secure.gravatar.com\/avatar\/3fda3a0b2db3bc9a39871e47cbd526b42d6c3b74755b7ae1400a87b2913fea6a?s=96&d=mm&r=g","url":"https:\/\/secure.gravatar.com\/avatar\/3fda3a0b2db3bc9a39871e47cbd526b42d6c3b74755b7ae1400a87b2913fea6a?s=96&d=mm&r=g","contentUrl":"https:\/\/secure.gravatar.com\/avatar\/3fda3a0b2db3bc9a39871e47cbd526b42d6c3b74755b7ae1400a87b2913fea6a?s=96&d=mm&r=g","caption":"joseluisgarciamoscoso"}}]}},"_links":{"self":[{"href":"http:\/\/www.salesianos.edu\/revistasmx\/wp-json\/wp\/v2\/posts\/15811","targetHints":{"allow":["GET"]}}],"collection":[{"href":"http:\/\/www.salesianos.edu\/revistasmx\/wp-json\/wp\/v2\/posts"}],"about":[{"href":"http:\/\/www.salesianos.edu\/revistasmx\/wp-json\/wp\/v2\/types\/post"}],"author":[{"embeddable":true,"href":"http:\/\/www.salesianos.edu\/revistasmx\/wp-json\/wp\/v2\/users\/12"}],"replies":[{"embeddable":true,"href":"http:\/\/www.salesianos.edu\/revistasmx\/wp-json\/wp\/v2\/comments?post=15811"}],"version-history":[{"count":5,"href":"http:\/\/www.salesianos.edu\/revistasmx\/wp-json\/wp\/v2\/posts\/15811\/revisions"}],"predecessor-version":[{"id":15892,"href":"http:\/\/www.salesianos.edu\/revistasmx\/wp-json\/wp\/v2\/posts\/15811\/revisions\/15892"}],"wp:featuredmedia":[{"embeddable":true,"href":"http:\/\/www.salesianos.edu\/revistasmx\/wp-json\/wp\/v2\/media\/15702"}],"wp:attachment":[{"href":"http:\/\/www.salesianos.edu\/revistasmx\/wp-json\/wp\/v2\/media?parent=15811"}],"wp:term":[{"taxonomy":"category","embeddable":true,"href":"http:\/\/www.salesianos.edu\/revistasmx\/wp-json\/wp\/v2\/categories?post=15811"},{"taxonomy":"post_tag","embeddable":true,"href":"http:\/\/www.salesianos.edu\/revistasmx\/wp-json\/wp\/v2\/tags?post=15811"}],"curies":[{"name":"wp","href":"https:\/\/api.w.org\/{rel}","templated":true}]}}