{"id":15699,"date":"2020-10-30T14:30:51","date_gmt":"2020-10-30T13:30:51","guid":{"rendered":"http:\/\/www.salesianos.edu\/revistasmx\/?p=15699"},"modified":"2020-11-12T18:42:44","modified_gmt":"2020-11-12T17:42:44","slug":"comunicacion-salesiana-una-vocacion-al-servicio-del-proyecto-inspectorial","status":"publish","type":"post","link":"http:\/\/www.salesianos.edu\/revistasmx\/comunicacion-salesiana-una-vocacion-al-servicio-del-proyecto-inspectorial\/","title":{"rendered":"Comunicaci\u00f3n salesiana, una vocaci\u00f3n al servicio del proyecto inspectorial"},"content":{"rendered":"<div id=\"fb-root\"><\/div>\n<p>[et_pb_section fb_built=\u00bb1&#8243; admin_label=\u00bbsection\u00bb _builder_version=\u00bb3.22&#8243;][et_pb_row admin_label=\u00bbrow\u00bb _builder_version=\u00bb3.25&#8243; background_size=\u00bbinitial\u00bb background_position=\u00bbtop_left\u00bb background_repeat=\u00bbrepeat\u00bb][et_pb_column type=\u00bb4_4&#8243; _builder_version=\u00bb3.25&#8243; custom_padding=\u00bb|||\u00bb custom_padding__hover=\u00bb|||\u00bb][et_pb_text _builder_version=\u00bb4.6.1&#8243; min_height=\u00bb556px\u00bb]<\/p>\n<p style=\"text-align: left\"><span style=\"font-weight: 400\">En muchas ocasiones nos han lanzado la siguiente pregunta.<\/span><\/p>\n<p><strong><span style=\"font-size: 14pt\">\u00bfT\u00fa ver\u00edas a Don Bosco en el patio digital?<\/span><\/strong><\/p>\n<p><span style=\"font-weight: 400\">En busca de algunas pistas para reforzar una respuesta afirmativa es posible agarrarse al mensaje de <\/span><b>Umberto Eco<\/b><span style=\"font-weight: 400\">. \u201cEl oratorio es la gran revoluci\u00f3n de Don Bosco. \u00c9l lo inventa y luego lo exporta a la red de parroquias y a la acci\u00f3n cat\u00f3lica; pero el n\u00facleo est\u00e1 en el oratorio. Cuando este brillante reformador ve que la sociedad industrial requiere nuevas formas de agregaci\u00f3n, la primera es la juventud y luego la edad adulta, inventa una m\u00e1quina perfecta para cada canal de comunicaci\u00f3n, desde los juegos hasta la m\u00fasica, del teatro hasta la prensa\u201d. Estas palabras, pronunciadas con especial cari\u00f1o por el escritor y fil\u00f3sofo gracias a su pasado como antiguo alumno, resumen la sensibilidad del santo salesiano y el eje desde el que desarroll\u00f3 su acci\u00f3n. \u201cDon Bosco no era solo un evangelizador \u2013 educador, sino tambi\u00e9n un comunicador nato\u201d, afirmaba a\u00f1os m\u00e1s tarde <\/span><b>don Pascual Ch\u00e1vez, Rector Mayor Em\u00e9rito de la Congregaci\u00f3n, <\/b><span style=\"font-weight: 400\">para refrendar esta idea.<\/span><\/p>\n<blockquote>\n<p><span style=\"font-weight: 400\">\u201c<\/span><b>\u00bfQu\u00e9 receta aplicar\u00eda en nuestros d\u00edas?<\/b><span style=\"font-weight: 400\"> Algunos de los ingredientes tendr\u00edan sus ra\u00edces en Valdoco. Actualizando las \u2018palabras al o\u00eddo\u2019, quiz\u00e1s se centrar\u00eda en una apuesta por la comunicaci\u00f3n online como \u201cencuentro interpersonal\u201d. Me gusta imaginarlo cuidando especialmente el di\u00e1logo y las formas en las que conectar con los otros, y apostando por el intercambio de informaci\u00f3n, de contenidos e ideas evitando la desinformaci\u00f3n. <\/span><b>Llenar\u00eda la red de salesianidad<\/b><span style=\"font-weight: 400\"> entendiendo este \u201cestar\u201d en ellas como una apuesta por la transmisi\u00f3n de valores, de creencias y de opci\u00f3n por la vida. Un estilo que permitiera adaptarse al \u201ccomunicar evangelizando y el evangelizar comunicando\u201d, comparte <\/span><b>Carlos Mart\u00edn,<\/b><span style=\"font-weight: 400\"> delegado de Comunicaci\u00f3n.<\/span><\/p>\n<\/blockquote>\n<p><span style=\"font-weight: 400\">Fij\u00e1ndonos en la actuaci\u00f3n de Don Bosco vemos la importancia que otorg\u00f3 a la <\/span><b>comunicaci\u00f3n t\u00fa a t\u00fa<\/b><span style=\"font-weight: 400\">, del sabes silbar al di\u00e1logo interpersonal con los j\u00f3venes. Hacerse presente en los foros en los que compart\u00edan sus inquietudes para dar respuestas adaptadas a sus necesidades. Ah\u00ed surgi\u00f3 la puesta en marcha de talleres, la b\u00fasqueda de profesores para preparar a sus j\u00f3venes y que al formarse educaran a los otros <\/span><b>\u00bfesto no se llama hoy ser influencers?<\/b><span style=\"font-weight: 400\">. Le preocupaba su adecuada formaci\u00f3n religiosa y, al servicio de todo ello, potencia el juego, la m\u00fasica, el teatro, y desarrolla una prol\u00edfica labor editorial. Un gran ecosistema al servicio de su misi\u00f3n educativa y pastoral. <\/span><b>Todo esto en una \u00e9poca en la que no hab\u00eda Youtube, Spotify, Amazon o Netflix. \u00a1Qu\u00e9 potencial tendr\u00eda tanta inquietud con su talento aplic\u00e1ndose a algunas de las nuevas herramientas!<\/b><\/p>\n<p><span style=\"font-weight: 400\">Imaginarlo as\u00ed supone un desaf\u00edo para la Delegaci\u00f3n de Comunicaci\u00f3n y para las presencias salesianas. Como recoge el <\/span><b>Plan Inspectorial de Comunicaci\u00f3n<\/b><span style=\"font-weight: 400\"> se trata de una opci\u00f3n transversal que pretende <\/span><b>\u201cpromover un ecosistema comunicativo salesiano como comuni\u00f3n de personas, de obras y de actividades\u201d<\/b><span style=\"font-weight: 400\"> haciendo patente que la Comunicaci\u00f3n es el veh\u00edculo esencial para poner en pr\u00e1ctica el <\/span><a href=\"https:\/\/www.salesianos.edu\/somosuno\/\"><span style=\"font-weight: 400\">Somos Uno<\/span><\/a><span style=\"font-weight: 400\">.\u00a0<\/span><\/p>\n<p><span style=\"font-weight: 400\">La realidad de este ecosistema hace presente el carisma de Don Bosco en cada rinc\u00f3n. La suerte es que este Patio Digital siempre est\u00e1 abierto para continuar con la gran revoluci\u00f3n que \u00e9l comenz\u00f3.<\/span><\/p>\n<p><span style=\"font-weight: 400\">Comunicar tambi\u00e9n es cosa del coraz\u00f3n y as\u00ed lo demuestran las presencias salesianas de la inspector\u00eda Salesiana Mar\u00eda Auxiliadora. <\/span><\/p>\n<p>&nbsp;<\/p>\n<p>[\/et_pb_text][et_pb_gallery gallery_ids=\u00bb15800,15801,15802,15803&#8243; show_title_and_caption=\u00bboff\u00bb show_pagination=\u00bboff\u00bb _builder_version=\u00bb4.6.1&#8243; custom_margin=\u00bb||-19px|||\u00bb border_radii=\u00bbon|20px|20px|20px|20px\u00bb border_width_all=\u00bb3px\u00bb border_color_all=\u00bb#dc001b\u00bb][\/et_pb_gallery][\/et_pb_column][\/et_pb_row][et_pb_row column_structure=\u00bb1_2,1_2&#8243; _builder_version=\u00bb4.6.1&#8243; _module_preset=\u00bbdefault\u00bb custom_margin=\u00bb-7px|auto||auto||\u00bb][et_pb_column type=\u00bb1_2&#8243; _builder_version=\u00bb4.6.1&#8243; _module_preset=\u00bbdefault\u00bb][et_pb_text _builder_version=\u00bb4.6.1&#8243; _module_preset=\u00bbdefault\u00bb]<\/p>\n<h2><span style=\"font-size: 14pt\"><b>Del confinamiento a la nueva normalidad<\/b><\/span><\/h2>\n<p>[\/et_pb_text][et_pb_toggle title=\u00bb#YoMeQuedoenCasa\u00bb open_toggle_text_color=\u00bb#dc001b\u00bb open_toggle_background_color=\u00bb#ffffff\u00bb closed_toggle_text_color=\u00bb#51626f\u00bb _builder_version=\u00bb4.6.1&#8243; _module_preset=\u00bbdefault\u00bb title_text_color=\u00bb#dc001b\u00bb title_font_size=\u00bb17px\u00bb link_option_url=\u00bbhttps:\/\/www.salesianos.edu\/yomequedoencasa\/ \u00bb border_radii=\u00bbon|20px|20px|20px|20px\u00bb]<\/p>\n<p><span style=\"font-weight: 400\">Desde que el pasado 14 de marzo el Gobierno aprobara declarar el primer estado de alarma en todo el territorio nacional para afrontar la situaci\u00f3n de emergencia sanitaria provocada por la COVID-19 fueron numerosas las iniciativas agrupadas bajo el movimiento <\/span><span style=\"font-weight: 400\">#YoMeQuedoEnCasa<\/span><span style=\"font-weight: 400\">. <\/span><b>Las puertas de las casas salesianas estuvieron cerradas temporalmente, pero las actividades en plena ebullici\u00f3n.<\/b><span style=\"font-weight: 400\"> Todas las ma\u00f1anas comenzaban con los tradicionales \u201cBuenos d\u00edas\u201d en Facebook e Instagram que han continuado este nuevo curso en <\/span><span style=\"font-weight: 400\">numerosas casas<\/span><span style=\"font-weight: 400\">; tambi\u00e9n los grupos de formaci\u00f3n de los oratorios combinan hoy su actividad de forma presencial y virtual, al igual que los estudiantes de los centros educativos estuvieron acompa\u00f1ados en todo momento gracias los cursos y tutor\u00edas digitales. Un aprendizaje a marchas forzadas que se ha visto consolidado en este a\u00f1o escolar.<\/span><\/p>\n<p>[\/et_pb_toggle][\/et_pb_column][et_pb_column type=\u00bb1_2&#8243; _builder_version=\u00bb4.6.1&#8243; _module_preset=\u00bbdefault\u00bb][et_pb_divider show_divider=\u00bboff\u00bb _builder_version=\u00bb4.6.1&#8243; _module_preset=\u00bbdefault\u00bb custom_margin=\u00bb||36px||false|false\u00bb][\/et_pb_divider][et_pb_toggle title=\u00bb De la #PascuaSalesiana al Podcast\u00bb open_toggle_text_color=\u00bb#dc001b\u00bb open_toggle_background_color=\u00bb#ffffff\u00bb closed_toggle_text_color=\u00bb#51626f\u00bb _builder_version=\u00bb4.6.1&#8243; _module_preset=\u00bbdefault\u00bb title_text_color=\u00bb#dc001b\u00bb title_font_size=\u00bb17px\u00bb link_option_url=\u00bbhttps:\/\/www.salesianos.edu\/yomequedoencasa\/ \u00bb border_radii=\u00bbon|20px|20px|20px|20px\u00bb]<\/p>\n<p><span style=\"font-weight: 400\">Tambi\u00e9n hubo ocasi\u00f3n de compartir recursos para vivir la #PascuaSalesianaEnCasa o sumarse a un <\/span><a href=\"https:\/\/www.salesianos.edu\/el-podcast-ha-venido-para-quedarse\/\"><span style=\"font-weight: 400\">podcast<\/span><span style=\"font-weight: 400\"> con diferentes mensajes de <\/span><b>Buenas Noches<\/b><\/a><span style=\"font-weight: 400\">. Para muestra las 70 entregas que con m\u00e1s de 8500 oyentes directos y con m\u00e1s de 375 suscriptores fijos entre Ivoox y Spotify.\u00a0 Ocup\u00f3 un lugar entre los 20 podcast m\u00e1s escuchados de la categor\u00eda \u00abHijos y educaci\u00f3n\u00bb e instal\u00e1ndose entre los 1000 formatos m\u00e1s escuchados en la plataforma. La acogida y el uso pastoral de este recurso anim\u00f3 a la Delegaci\u00f3n de Comunicaci\u00f3n para estudiar nuevos formatos de audio en pr\u00f3ximos proyectos.<\/span><\/p>\n<p>&nbsp;<\/p>\n<p>[\/et_pb_toggle][\/et_pb_column][\/et_pb_row][et_pb_row _builder_version=\u00bb4.6.1&#8243; _module_preset=\u00bbdefault\u00bb custom_margin=\u00bb-71px|auto||auto||\u00bb][et_pb_column type=\u00bb4_4&#8243; _builder_version=\u00bb4.6.1&#8243; _module_preset=\u00bbdefault\u00bb][et_pb_divider show_divider=\u00bboff\u00bb _builder_version=\u00bb4.6.1&#8243; _module_preset=\u00bbdefault\u00bb custom_margin=\u00bb||17px||false|false\u00bb][\/et_pb_divider][et_pb_text _builder_version=\u00bb4.6.1&#8243; _module_preset=\u00bbdefault\u00bb]<\/p>\n<h2><b>Un escaparate com\u00fan para todas las presencias salesianas<\/b><\/h2>\n<p>[\/et_pb_text][et_pb_text _builder_version=\u00bb4.6.1&#8243; _module_preset=\u00bbdefault\u00bb]<\/p>\n<p><span style=\"font-weight: 400\">En septiembre de 2017 ve\u00edan la luz las <\/span><span style=\"font-weight: 400\"><a href=\"https:\/\/www.salesianos.edu\/la-inspector-a-mar-a-auxiliadora-lanza-el-proyecto-de-web-local\/\">primeras nuevas webs locales<\/a> <\/span><span style=\"font-weight: 400\">con el objetivo de <\/span><b>unificar las plataformas<\/b><span style=\"font-weight: 400\"> en Internet de la Inspector\u00eda con las ventajas econ\u00f3micas y t\u00e9cnicas, que supon\u00eda. Las Casas Salesianas de Alicante, Villena, Ciutadella y San Antonio Abad de Valencia fueron las primeras en estrenar webs, pero fueron muchas otras las que lanzaron al p\u00fablico, progresivamente, sus nuevas plataformas en Internet.<\/span><\/p>\n<p><span style=\"font-weight: 400\">Continuando con la propuesta t\u00e9cnica ofrecida a las casas salesianas, las web inspectoriales dieron el salto al nuevo modelo el pasado mes de mayo. Las delegaciones de comunicaci\u00f3n de las Inspector\u00edas Salesianas de Santiago el Mayor y Mar\u00eda Auxiliadora volvieron a dar un <\/span><b>paso conjunto<\/b><span style=\"font-weight: 400\"> para el cambio y actualizaci\u00f3n de las <\/span><a href=\"https:\/\/www.salesianos.edu\/nueva-etapa-de-la-pagina-web-salesianos-edu\/\"><span style=\"font-weight: 400\">p\u00e1ginas web Inspectoriales<\/span><\/a><span style=\"font-weight: 400\">. La versi\u00f3n anterior se puso en marcha en 2014, cuando naci\u00f3 la Inspector\u00eda y, despu\u00e9s de seis a\u00f1os, necesitaba una renovaci\u00f3n profunda.\u00a0<\/span><\/p>\n<p style=\"text-align: left\"><span style=\"font-weight: 400\">Compartir dise\u00f1o, formatos y tecnolog\u00eda nos permite un m\u00e1s f\u00e1cil intercambio de contenidos, <\/span><b>aprovechar sinergias y proyectar una imagen com\u00fan<\/b><span style=\"font-weight: 400\"> que nos identifica como Salesianos, independientemente del lugar en el que estemos.<\/span><\/p>\n<p>[\/et_pb_text][\/et_pb_column][\/et_pb_row][et_pb_row column_structure=\u00bb1_4,3_4&#8243; _builder_version=\u00bb4.6.1&#8243; _module_preset=\u00bbdefault\u00bb custom_margin=\u00bb-31px|auto||auto||\u00bb][et_pb_column type=\u00bb1_4&#8243; _builder_version=\u00bb4.6.1&#8243; _module_preset=\u00bbdefault\u00bb][et_pb_blurb use_icon=\u00bbon\u00bb font_icon=\u00bb%%202%%\u00bb _builder_version=\u00bb4.6.1&#8243; _module_preset=\u00bbdefault\u00bb transform_scale=\u00bb90%|90%\u00bb transform_translate=\u00bb0px|-23px\u00bb transform_translate_linked=\u00bboff\u00bb][\/et_pb_blurb][\/et_pb_column][et_pb_column type=\u00bb3_4&#8243; _builder_version=\u00bb4.6.1&#8243; _module_preset=\u00bbdefault\u00bb][et_pb_toggle title=\u00bbLa importancia de la formaci\u00f3n\u00bb open_toggle_text_color=\u00bb#dc001b\u00bb open_toggle_background_color=\u00bb#ffffff\u00bb closed_toggle_text_color=\u00bb#dc001b\u00bb _builder_version=\u00bb4.6.1&#8243; _module_preset=\u00bbdefault\u00bb title_text_color=\u00bb#dc001b\u00bb title_font_size=\u00bb17px\u00bb link_option_url=\u00bbhttps:\/\/www.salesianos.edu\/yomequedoencasa\/ \u00bb border_radii=\u00bbon|20px|20px|20px|20px\u00bb]<\/p>\n<p style=\"text-align: justify\"><span style=\"font-weight: 400\">Numerosas iniciativas formativas se han desarrollado en los \u00faltimos a\u00f1os, destacando especialmente la consolidada <\/span><a href=\"https:\/\/www.salesianos.edu\/la-vi-jornada-de-comunicaci-n-profundiza-en-el-papel-del-comunicador-salesiano\/\"><span style=\"font-weight: 400\">jornada de Comunicaci\u00f3n<\/span><\/a><span style=\"font-weight: 400\">, que el pr\u00f3ximo mes de febrero alcanzar\u00e1 su s\u00e9ptima edici\u00f3n, y los encuentros de delegados locales de comunicaci\u00f3n. Para muestra un bot\u00f3n. M\u00e1s de 70 delegados locales de comunicaci\u00f3n de las presencias salesianas de Espa\u00f1a participaron durante el mes de octubre en la <\/span><a href=\"https:\/\/www.salesianos.edu\/los-delegados-de-comunicacion-avanzan-en-el-plan-de-formacion-para-comunicar-en-tiempos-de-covid\/\"><span style=\"font-weight: 400\">sesi\u00f3n formativa<\/span><\/a> <b>\u2018Dise\u00f1o de la estrategia y el plan de comunicaci\u00f3n. Comunicaci\u00f3n en tiempos de Covid\u2019<\/b><span style=\"font-weight: 400\"> con el objetivo de adaptar la comunicaci\u00f3n de las casas y entidades al nuevo contexto, tendiendo puentes y poniendo la comunicaci\u00f3n al servicio.<\/span><\/p>\n<p style=\"text-align: justify\"><span style=\"font-weight: 400\">Entre los aspectos tratados se destac\u00f3 la importancia de un Plan de comunicaci\u00f3n desgranando los pasos a realizar para desarrollarlo, teniendo en cuenta los p\u00fablicos de las entidades salesianas o escuelas, los canales escogidos y poniendo especial inter\u00e9s en se\u00f1alar un objetivo general y concretar acciones espec\u00edficas, todo ello dentro de una planificaci\u00f3n temporal. <\/span><b>Marta Cartiel,<\/b><span style=\"font-weight: 400\"> delegada local de comunicaci\u00f3n de Salesians Sabadell, present\u00f3 el Plan de Comunicaci\u00f3n de la escuela para los pr\u00f3ximos cuatro a\u00f1os mostrando los objetivos y acciones previstas para sus distintos p\u00fablicos que van desde las nuevas familias, hasta los antiguos alumnos, pasando por proveedores o medios de comunicaci\u00f3n. En su intervenci\u00f3n se\u00f1alaba \u201cla importancia de fidelizar a los p\u00fablicos\u201d.<\/span><\/p>\n<p style=\"text-align: justify\"><span style=\"font-weight: 400\">Tambi\u00e9n se habl\u00f3 de la relevancia de determinar un plan de contingencia y un plan en situaciones de crisis se\u00f1alando que \u201ca la hora de comunicar se debe asegurar que la informaci\u00f3n llega y es comprendida por toda la comunidad educativa\u201d. Se han se\u00f1alado cinco objetivos a los que conviene prestar especial atenci\u00f3n a la hora de comunicar ante un escenario como el actual contexto Covid-19.<\/span><\/p>\n<p style=\"text-align: justify\"><span style=\"font-weight: 400\">Esta sesi\u00f3n formativa, coordinada por las delegaciones de Comunicaci\u00f3n de la Inspector\u00eda Mar\u00eda Auxiliadora y la Inspector\u00eda Santiago El Mayor, est\u00e1 inmersa en el Itinerario formativo en comunicaci\u00f3n propuesto para el curso 2020-21 que va e<\/span><span style=\"font-weight: 400\">n l\u00ednea con los objetivos inspectoriales, en los que se insist\u00eda en la posibilidad de\u00a0<\/span><b>adaptar una propuesta de itinerarios formativos en comunicaci\u00f3n ante el nuevo escenario digital y en la necesidad<\/b><span style=\"font-weight: 400\"> de\u00a0<\/span><b>avanzar en estrategias conjuntas de\u00a0comunicaci\u00f3n.<\/b> <\/p>\n<p>[\/et_pb_toggle][\/et_pb_column][\/et_pb_row][et_pb_row _builder_version=\u00bb4.6.1&#8243; _module_preset=\u00bbdefault\u00bb custom_margin=\u00bb-71px|auto||auto||\u00bb][et_pb_column type=\u00bb4_4&#8243; _builder_version=\u00bb4.6.1&#8243; _module_preset=\u00bbdefault\u00bb][et_pb_divider show_divider=\u00bboff\u00bb _builder_version=\u00bb4.6.1&#8243; _module_preset=\u00bbdefault\u00bb custom_margin=\u00bb||17px||false|false\u00bb][\/et_pb_divider][et_pb_text _builder_version=\u00bb4.6.1&#8243; _module_preset=\u00bbdefault\u00bb]<\/p>\n<h2><span style=\"font-size: 18pt\"><b>Los or\u00edgenes de la Delegaci\u00f3n<\/b><\/span><\/h2>\n<p>[\/et_pb_text][et_pb_tabs _builder_version=\u00bb4.6.1&#8243; _module_preset=\u00bbdefault\u00bb custom_padding=\u00bb||25px|||\u00bb][et_pb_tab title=\u00bbJosep Llu\u00eds Burguera\u00bb _builder_version=\u00bb4.6.1&#8243; _module_preset=\u00bbdefault\u00bb tab_text_color=\u00bb#51626f\u00bb tab_font_size=\u00bb18px\u00bb]<\/p>\n<p style=\"text-align: justify\"><span style=\"font-weight: 400\"><img loading=\"lazy\" decoding=\"async\" class=\"wp-image-15735 size-medium alignright\" src=\"https:\/\/www.salesianos.edu\/revistasmx\/wp-content\/uploads\/sites\/8\/2020\/10\/Burguera-300x300.jpg\" alt=\"\" width=\"300\" height=\"300\" srcset=\"http:\/\/www.salesianos.edu\/revistasmx\/wp-content\/uploads\/sites\/8\/2020\/10\/Burguera-300x300.jpg 300w, http:\/\/www.salesianos.edu\/revistasmx\/wp-content\/uploads\/sites\/8\/2020\/10\/Burguera-150x150.jpg 150w, http:\/\/www.salesianos.edu\/revistasmx\/wp-content\/uploads\/sites\/8\/2020\/10\/Burguera-100x100.jpg 100w, http:\/\/www.salesianos.edu\/revistasmx\/wp-content\/uploads\/sites\/8\/2020\/10\/Burguera.jpg 400w\" sizes=\"(max-width: 300px) 100vw, 300px\" \/>Su camino en la <strong>comunicaci\u00f3n salesiana<\/strong> ha sido largo y sigue recorri\u00e9ndolo hoy, aunque ahora con otro ritmo. Recuerda una asamblea de salesianos en La Almunia de Do\u00f1a Godina, a finales de los 80; le escribi\u00f3 en un papelito al inspector -entonces Miguel Asurmendi- que deb\u00edamos apostar por potenciar la comunicaci\u00f3n social en la inspector\u00eda de Valencia. La propuesta no cay\u00f3 en el olvido y origin\u00f3 el inicio de delegaci\u00f3n de comunicaci\u00f3n; luego vinieron los estudios de Ciencias de la Informaci\u00f3n, los cinco a\u00f1os de servicio en el Dicasterio de la Comunicaci\u00f3n, en Roma y m\u00e1s tarde el ser delegado, primero en la inspector\u00eda de Valencia y desde 2014 a 2019, en la nuestra actual. Ahora sigo apoyando desde la realidad local en Las Palmas.<\/span><\/p>\n<ul style=\"text-align: justify\">\n<li><span style=\"font-size: 12pt\"><b>\u00bfPor qu\u00e9 es importante la comunicaci\u00f3n para la Congregaci\u00f3n salesiana?<\/b><\/span><\/li>\n<\/ul>\n<p style=\"text-align: justify\"><span style=\"font-weight: 400\">Somos hijos de un comunicador, Don Bosco, quien fue escritor, editor, distribuidor e intuy\u00f3 el valor de la comunicaci\u00f3n en la acci\u00f3n pastoral de los salesianos. A lo largo de decenios la Congregaci\u00f3n ha reflexionado sobre la calidad comunicativa que su fundador infundi\u00f3 en su presencia entre los j\u00f3venes.<\/span><\/p>\n<p style=\"text-align: justify\"><span style=\"font-weight: 400\">Desde finales del siglo pasado, la Congregaci\u00f3n salesiana ha ido sistematizando su reflexi\u00f3n sobre la comunicaci\u00f3n y su importancia como elemento transversal en la acci\u00f3n pastoral; los Cap\u00edtulos generales del siglo XXI han refrendado la importancia de la comunicaci\u00f3n y han llamado a todos los salesianos a convertirse ellos mismos en buenos comunicadores. El Dicasterio para la comunicaci\u00f3n social ha insistido en la importancia de organizar la comunicaci\u00f3n en las inspector\u00edas y en las casas mediante delegaciones que dise\u00f1aran planes eficaces con asignaci\u00f3n de recursos materiales y humanos.<\/span><\/p>\n<p style=\"text-align: justify\"><span style=\"font-weight: 400\">En la actualidad se abren nuevos retos para estar presentes en el patio digital con mayor propiedad, incidir de un modo m\u00e1s eficaz en la opini\u00f3n p\u00fablica y repensar con mayor profundidad los fundamentos antropol\u00f3gicos, teol\u00f3gicos y salesianos de nuestro ser comunicadores. \u00a0 \u00a0 <\/span><\/p>\n<p style=\"text-align: justify\">[\/et_pb_tab][et_pb_tab title=\u00bbMiguel \u00c1ngel Moreno Nu\u00f1o\u00bb _builder_version=\u00bb4.6.1&#8243; _module_preset=\u00bbdefault\u00bb tab_text_color=\u00bb#51626f\u00bb tab_font_size=\u00bb18px\u00bb]<\/p>\n<p style=\"text-align: justify\"><span style=\"font-weight: 400\"><img loading=\"lazy\" decoding=\"async\" class=\"wp-image-15741 size-medium alignright\" src=\"https:\/\/www.salesianos.edu\/revistasmx\/wp-content\/uploads\/sites\/8\/2020\/10\/nun\u0303o-169x300.jpg\" alt=\"\" width=\"169\" height=\"300\" srcset=\"http:\/\/www.salesianos.edu\/revistasmx\/wp-content\/uploads\/sites\/8\/2020\/10\/nun\u0303o-169x300.jpg 169w, http:\/\/www.salesianos.edu\/revistasmx\/wp-content\/uploads\/sites\/8\/2020\/10\/nun\u0303o-576x1024.jpg 576w, http:\/\/www.salesianos.edu\/revistasmx\/wp-content\/uploads\/sites\/8\/2020\/10\/nun\u0303o-768x1365.jpg 768w, http:\/\/www.salesianos.edu\/revistasmx\/wp-content\/uploads\/sites\/8\/2020\/10\/nun\u0303o-864x1536.jpg 864w, http:\/\/www.salesianos.edu\/revistasmx\/wp-content\/uploads\/sites\/8\/2020\/10\/nun\u0303o-1152x2048.jpg 1152w, http:\/\/www.salesianos.edu\/revistasmx\/wp-content\/uploads\/sites\/8\/2020\/10\/nun\u0303o-1080x1919.jpg 1080w, http:\/\/www.salesianos.edu\/revistasmx\/wp-content\/uploads\/sites\/8\/2020\/10\/nun\u0303o-1280x2276.jpg 1280w, http:\/\/www.salesianos.edu\/revistasmx\/wp-content\/uploads\/sites\/8\/2020\/10\/nun\u0303o-980x1742.jpg 980w, http:\/\/www.salesianos.edu\/revistasmx\/wp-content\/uploads\/sites\/8\/2020\/10\/nun\u0303o-480x853.jpg 480w, http:\/\/www.salesianos.edu\/revistasmx\/wp-content\/uploads\/sites\/8\/2020\/10\/nun\u0303o-scaled.jpg 1440w\" sizes=\"(max-width: 169px) 100vw, 169px\" \/>Salesiano, natural de Granada, que ahora mismo se encuentra destinado en Madrid, por raz\u00f3n de estudios. De 2005 a 2012 fue delegado inspectorial de Comunicaci\u00f3n Social, en las inspector\u00edas de C\u00f3rdoba y posteriormente, Sevilla. \u201cComo tal, tuve la suerte de animar las dimensiones de animaci\u00f3n, formaci\u00f3n, informaci\u00f3n y producci\u00f3n, seg\u00fan los criterios y orientaciones que la congregaci\u00f3n salesiana nos pide en el <\/span><i><span style=\"font-weight: 400\">Sistema Salesiano de Comunicaci\u00f3n Social<\/span><\/i><span style=\"font-weight: 400\">, e iniciar muchos de los procesos que ahora Carlos Mart\u00edn Trejo y su equipo siguen consolidando\u201d explica.<\/span><\/p>\n<ul style=\"text-align: justify\">\n<li><span style=\"font-size: 12pt\"><b>\u00bfPor qu\u00e9 es importante la comunicaci\u00f3n para la Congregaci\u00f3n salesiana?<\/b><\/span><\/li>\n<\/ul>\n<p style=\"text-align: justify\"><span style=\"font-weight: 400\">\u00a0No ser\u00e9 yo qui\u00e9n d\u00e9 respuesta a esta pregunta. Las <\/span><i><span style=\"font-weight: 400\">Constituciones<\/span><\/i><span style=\"font-weight: 400\"> de los salesianos de Don Bosco lo dejan bien clarito: Don Bosco \u00abintuy\u00f3 el valor de esta escuela de masas, que crea cultura y difunde modelos de vida, y, para defender y sostener la fe del pueblo, acometi\u00f3 empresas apost\u00f3licas originales. Siguiendo su ejemplo, aprovechamos como dones de Dios las grandes posibilidades que la comunicaci\u00f3n social nos ofrece para la educaci\u00f3n y la evangelizaci\u00f3n\u00bb (art. 43). Si esta intuici\u00f3n ya la tuvo Don Bosco en el siglo XIX, \u00a1cu\u00e1nto m\u00e1s nosotros en una cultura dominada por una comunicaci\u00f3n veloz e inmediata, que a la vez pone en nuestras manos instrumentos de comunicaci\u00f3n de f\u00e1cil acceso y manejo, y exige de todos nosotros una capacitaci\u00f3n cada vez m\u00e1s s\u00f3lida \u2013incluso profesional\u2013 en estos \u00e1mbitos!<\/span><\/p>\n<p>[\/et_pb_tab][et_pb_tab title=\u00bbSergio Codera\u00bb _builder_version=\u00bb4.6.1&#8243; _module_preset=\u00bbdefault\u00bb]<\/p>\n<p>Desde peque\u00f1o los salesianos me transmitieron la importancia de la Comunicaci\u00f3n Social en nuestra pastoral.<img loading=\"lazy\" decoding=\"async\" class=\"size-thumbnail wp-image-15898 alignright\" src=\"https:\/\/www.salesianos.edu\/revistasmx\/wp-content\/uploads\/sites\/8\/2020\/10\/WhatsApp-Image-2020-11-03-at-10.31.32-150x150.jpeg\" alt=\"\" width=\"150\" height=\"150\" \/><br \/>Siendo alumno fui me encargu\u00e9 de coordinar la revista del colegio y el telediario en video que emit\u00edamos para los internos de Campano.<\/p>\n<p>En el instituto me apunt\u00e9 a Medios de Comunicaci\u00f3n como asignatura de libre configuraci\u00f3n y aprend\u00ed a hacer p\u00e1ginas webs con el bloc de notas&#8230; \u00a1Eso me encant\u00f3! La primera web que hice fue la del Movimiento ADS para la inspector\u00eda, all\u00e1 por el curso 1996-97. Como salesiano empec\u00e9 a colaborar como fot\u00f3grafo en el Bolet\u00edn Salesiano con Alfonso Francia de director. Estudi\u00e9 Realizaci\u00f3n Audiovisual, y trabaj\u00e9 para Mar\u00eda Visi\u00f3n Espa\u00f1a presentando un programa en directo semanal y la producci\u00f3n y puesta en marcha de otros 4 programas m\u00e1s.<\/p>\n<p>Me nombraron Delegado Inspectorial de Comunicaci\u00f3n Social durante el curso 2011-12, en esos a\u00f1os lo m\u00e1s bonito fue la visita de la urna de Don Bosco que puede acompa\u00f1ar por todas las casas. Desde hace a\u00f1os llevo adelante distintas iniciativas de Evangelizaci\u00f3n Digital, como <a href=\"http:\/\/www.quierosersanto.com\">www.quierosersanto.com<\/a> animado a un grupo de j\u00f3venes ciberap\u00f3stoles de distintas pares del mundo. O <a href=\"http:\/\/www.curaslocos.com\">www.curaslocos.com<\/a> la m\u00e1s reciente. La web est\u00e1 a\u00fan a medio hacer. Pero puedes ver nuestro trabajo con el usuario @curaslocos. Sigue leyendo <a href=\"https:\/\/www.diariodesevilla.es\/sevilla\/sergio-codera-Influencer-sacerdote_0_1498650340.html\">m\u00e1s informaci\u00f3n<\/a> sobre Sergio Codera.<\/p>\n<p><span style=\"font-size: 18pt\"><strong>Por qu\u00e9 es importante la comunicaci\u00f3n para la congregaci\u00f3n<\/strong><\/span><\/p>\n<p>Es un encargo que nos hizo el Se\u00f1or, <strong>\u201cid por el mundo entero y proclamad el Evangelio\u201d<\/strong> Mc 16, 15-20 Esto es lo que da sentido a nuestra comunicaci\u00f3n. Una comunicaci\u00f3n evangelizadora. La comunicaci\u00f3n interna es necesaria: comunicar eventos, difuntos, cierre de casas\u2026 Pero es insuficiente. Estamos llamados a algo m\u00e1s. Una comunicaci\u00f3n salesiana que no evangeliza, o al menos, no se lo propone, ser\u00e1 muy profesional, pero no es salesiana.<\/p>\n<p>[\/et_pb_tab][\/et_pb_tabs][et_pb_text _builder_version=\u00bb4.6.1&#8243; _module_preset=\u00bbdefault\u00bb]<\/p>\n<h2><b>Una comunicaci\u00f3n que une personas<\/b><\/h2>\n<p>[\/et_pb_text][\/et_pb_column][\/et_pb_row][et_pb_row _builder_version=\u00bb4.6.1&#8243; _module_preset=\u00bbdefault\u00bb custom_margin=\u00bb-71px|auto||auto||\u00bb][et_pb_column type=\u00bb4_4&#8243; _builder_version=\u00bb4.6.1&#8243; _module_preset=\u00bbdefault\u00bb][et_pb_accordion _builder_version=\u00bb4.6.6&#8243; _module_preset=\u00bbdefault\u00bb hover_enabled=\u00bb0&#8243; border_radii=\u00bbon|19px|19px|19px|19px\u00bb border_color_all=\u00bb#51626f\u00bb sticky_enabled=\u00bb0&#8243;][et_pb_accordion_item title=\u00bbAntonio Zaragoza\u00bb open=\u00bbon\u00bb open_toggle_text_color=\u00bb#dc001b\u00bb open_toggle_background_color=\u00bb#ffffff\u00bb closed_toggle_text_color=\u00bb#51626f\u00bb closed_toggle_background_color=\u00bbrgba(81,98,111,0.33)\u00bb _builder_version=\u00bb4.6.6&#8243; _module_preset=\u00bbdefault\u00bb hover_enabled=\u00bb0&#8243; toggle_text_align=\u00bbcenter\u00bb toggle_font_size=\u00bb20px\u00bb closed_toggle_font_size=\u00bb13px\u00bb overflow-x=\u00bbhidden\u00bb overflow-y=\u00bbhidden\u00bb sticky_enabled=\u00bb0&#8243;]<\/p>\n<p><img loading=\"lazy\" decoding=\"async\" class=\"wp-image-15798 size-full alignright\" src=\"https:\/\/www.salesianos.edu\/revistasmx\/wp-content\/uploads\/sites\/8\/2020\/10\/0Antonio-Zaragoza.jpg\" alt=\"\" width=\"283\" height=\"283\" srcset=\"http:\/\/www.salesianos.edu\/revistasmx\/wp-content\/uploads\/sites\/8\/2020\/10\/0Antonio-Zaragoza.jpg 283w, http:\/\/www.salesianos.edu\/revistasmx\/wp-content\/uploads\/sites\/8\/2020\/10\/0Antonio-Zaragoza-150x150.jpg 150w, http:\/\/www.salesianos.edu\/revistasmx\/wp-content\/uploads\/sites\/8\/2020\/10\/0Antonio-Zaragoza-100x100.jpg 100w\" sizes=\"(max-width: 283px) 100vw, 283px\" \/>Nuestra participaci\u00f3n en la jornada de comunicaci\u00f3n organizada por los salesianos de Espa\u00f1a el pasado mes de febrero, en Madrid, nos abri\u00f3 el apetito y nos entraron ganas de darle un impulso a la comunicaci\u00f3n en nuestra casa de <b>Salesianos El Campello.<\/b><\/p>\n<p><span style=\"font-weight: 400;\">Los meses de confinamiento por el Covid-19, han favorecido el desarrollo de las plataformas de comunicaci\u00f3n, la escuela ha necesitado estar <\/span><b>permanentemente comunicada<\/b><span style=\"font-weight: 400;\"> con los alumnos y sus familias. En esta presencia salesiana de El Campello tambi\u00e9n hemos tenido que hacer un gran esfuerzo para estar comunicados con la familia salesiana y cuantos vienen a nuestra parroquia y casa de El Campello.<\/span><\/p>\n<p><span style=\"font-weight: 400;\">Todos estos acontecimientos nos han movido activamente y desde el pasado mes de septiembre trabajamos con un <\/span><b>peque\u00f1o equipo de personas<\/b><span style=\"font-weight: 400;\"> para poner las bases de un plan de comunicaci\u00f3n de calidad, adaptado a nuestra realidad y con los pies en el suelo. Queremos decir transparentemente qui\u00e9nes somos y lo que hacemos, con transparencia y desde nuestra propuesta educativa y pastoral haciendo presente hoy a Don Bosco.<\/span><\/p>\n<p>[\/et_pb_accordion_item][et_pb_accordion_item title=\u00bbJos\u00e9 Carlos Mu\u00f1oz\u00bb open_toggle_text_color=\u00bb#dc001b\u00bb open_toggle_background_color=\u00bb#ffffff\u00bb closed_toggle_text_color=\u00bb#51626f\u00bb closed_toggle_background_color=\u00bbrgba(81,98,111,0.33)\u00bb _builder_version=\u00bb4.6.1&#8243; _module_preset=\u00bbdefault\u00bb hover_enabled=\u00bb0&#8243; toggle_text_align=\u00bbcenter\u00bb toggle_font_size=\u00bb20px\u00bb closed_toggle_font_size=\u00bb13px\u00bb open=\u00bboff\u00bb sticky_enabled=\u00bb0&#8243;]<\/p>\n<p><span style=\"font-weight: 400\"><img loading=\"lazy\" decoding=\"async\" class=\"wp-image-15799 size-full alignright\" src=\"https:\/\/www.salesianos.edu\/revistasmx\/wp-content\/uploads\/sites\/8\/2020\/10\/0Jose-Carlos-Mun\u0303oz.jpg\" alt=\"\" width=\"163\" height=\"163\" srcset=\"http:\/\/www.salesianos.edu\/revistasmx\/wp-content\/uploads\/sites\/8\/2020\/10\/0Jose-Carlos-Mun\u0303oz.jpg 283w, http:\/\/www.salesianos.edu\/revistasmx\/wp-content\/uploads\/sites\/8\/2020\/10\/0Jose-Carlos-Mun\u0303oz-150x150.jpg 150w, http:\/\/www.salesianos.edu\/revistasmx\/wp-content\/uploads\/sites\/8\/2020\/10\/0Jose-Carlos-Mun\u0303oz-100x100.jpg 100w\" sizes=\"(max-width: 163px) 100vw, 163px\" \/>La apuesta por la comunicaci\u00f3n en clave de obra salesiana es uno de los aspectos diferenciales de Salesians <\/span><b>Terrassa<\/b><span style=\"font-weight: 400\">. Nuestras redes sociales y p\u00e1gina web son el medio de comunicaci\u00f3n en el que cada \u00e1mbito de la Obra se ve representado, <\/span><b>favoreciendo as\u00ed el conocimiento de todas las actividades y grupos que \u00absomos uno\u00bb en la casa<\/b><span style=\"font-weight: 400\">. Esto ha favorecido tambi\u00e9n el sentimiento de pertenencia logrado en los \u00faltimos a\u00f1os: una apuesta por la presencia en redes sociales, en las que familias, alumnos y miembros de todos los \u00e1mbitos de la Obra, encuentren, m\u00e1s que nunca en estos meses, un lugar donde encontrarse.\u00a0<\/span><\/p>\n<p>[\/et_pb_accordion_item][et_pb_accordion_item title=\u00bbJuan Carlos Mac\u00edas\u00bb open_toggle_text_color=\u00bb#dc001b\u00bb open_toggle_background_color=\u00bb#ffffff\u00bb closed_toggle_text_color=\u00bb#51626f\u00bb closed_toggle_background_color=\u00bbrgba(81,98,111,0.33)\u00bb _builder_version=\u00bb4.6.1&#8243; _module_preset=\u00bbdefault\u00bb toggle_text_align=\u00bbcenter\u00bb toggle_font_size=\u00bb20px\u00bb closed_toggle_font_size=\u00bb13px\u00bb open=\u00bboff\u00bb]<\/p>\n<p><span style=\"font-weight: 400\"><img loading=\"lazy\" decoding=\"async\" class=\"wp-image-15797 size-full alignright\" src=\"https:\/\/www.salesianos.edu\/revistasmx\/wp-content\/uploads\/sites\/8\/2020\/10\/0JuanCarlosMacias.jpg\" alt=\"\" width=\"283\" height=\"283\" srcset=\"http:\/\/www.salesianos.edu\/revistasmx\/wp-content\/uploads\/sites\/8\/2020\/10\/0JuanCarlosMacias.jpg 283w, http:\/\/www.salesianos.edu\/revistasmx\/wp-content\/uploads\/sites\/8\/2020\/10\/0JuanCarlosMacias-150x150.jpg 150w, http:\/\/www.salesianos.edu\/revistasmx\/wp-content\/uploads\/sites\/8\/2020\/10\/0JuanCarlosMacias-100x100.jpg 100w\" sizes=\"(max-width: 283px) 100vw, 283px\" \/>El curso pasado en <\/span><b>Ja\u00e9n<\/b><span style=\"font-weight: 400\">, durante la elaboraci\u00f3n del Proyecto Educativo Pastoral Salesiano local, se concluy\u00f3 la necesidad de visibilizar la labor pastoral de nuestra presencia salesiana en las redes sociales. Anteriormente, comenzamos a dar a conocer y a utilizar los logos corporativos y, especialmente, la marca Salesianos Ja\u00e9n.<\/span><\/p>\n<p><span style=\"font-weight: 400\">Iniciamos la tarea con la configuraci\u00f3n de una nueva p\u00e1gina web y la consiguiente formaci\u00f3n del responsable, por parte de la Delegaci\u00f3n Inspectorial de Comunicaci\u00f3n Social. <\/span><b>Ha sido una tarea ardua, ilusionante y, a\u00fan, por concluir.<\/b><span style=\"font-weight: 400\"> Pero ha tenido un efecto muy positivo en la comunicaci\u00f3n, con el reconocimiento de los diferentes grupos de la Casa y amigos de fuera.<\/span><\/p>\n<p><span style=\"font-weight: 400\">Posteriormente, abrimos un facebook de Salesianos Ja\u00e9n que nos ha ayudado a ir contando con seguidores y multiplicadores de nuestras noticias. Y, \u00faltimamente, nos hemos hecho presentes en Instagram y en Twitter, con un car\u00e1cter m\u00e1s juvenil.<\/span><\/p>\n<p><span style=\"font-weight: 400\">En estos momentos, intentamos configurar el equipo local de comunicaci\u00f3n social para crecer en corresponsabilidad en este aspecto tan importante y vital. <b>Estamos convencidos que este esfuerzo se est\u00e1 viendo recompensado con mayor visibilizaci\u00f3n y conexi\u00f3n <\/b>con las diferentes personas que forman Salesianos Ja\u00e9n y las que se mueven por el gran patio digital.<br \/><\/span><\/p>\n<p>[\/et_pb_accordion_item][\/et_pb_accordion][et_pb_text _builder_version=\u00bb4.6.1&#8243; _module_preset=\u00bbdefault\u00bb custom_margin=\u00bb50px|||||\u00bb]<\/p>\n<h2><b>Una comunicaci\u00f3n que une presencias<\/b><\/h2>\n<p>[\/et_pb_text][\/et_pb_column][\/et_pb_row][et_pb_row _builder_version=\u00bb4.6.1&#8243; _module_preset=\u00bbdefault\u00bb custom_margin=\u00bb-71px|auto|-71px|auto|false|false\u00bb custom_padding=\u00bb||0px|||\u00bb][et_pb_column type=\u00bb4_4&#8243; _builder_version=\u00bb4.6.1&#8243; _module_preset=\u00bbdefault\u00bb][\/et_pb_column][\/et_pb_row][et_pb_row column_structure=\u00bb1_2,1_2&#8243; _builder_version=\u00bb4.6.1&#8243; _module_preset=\u00bbdefault\u00bb][et_pb_column type=\u00bb1_2&#8243; _builder_version=\u00bb4.6.1&#8243; _module_preset=\u00bbdefault\u00bb][et_pb_accordion _builder_version=\u00bb4.6.1&#8243; _module_preset=\u00bbdefault\u00bb custom_margin=\u00bb-37px|||||\u00bb border_radii=\u00bbon|19px|19px|19px|19px\u00bb border_color_all=\u00bb#51626f\u00bb][et_pb_accordion_item title=\u00bbCarol S\u00e1nchez\u00bb open=\u00bbon\u00bb open_toggle_text_color=\u00bb#dc001b\u00bb open_toggle_background_color=\u00bb#ffffff\u00bb closed_toggle_text_color=\u00bb#51626f\u00bb closed_toggle_background_color=\u00bbrgba(81,98,111,0.33)\u00bb _builder_version=\u00bb4.6.1&#8243; _module_preset=\u00bbdefault\u00bb toggle_text_align=\u00bbcenter\u00bb toggle_font_size=\u00bb20px\u00bb closed_toggle_font_size=\u00bb13px\u00bb]<\/p>\n<p style=\"text-align: justify\"><span style=\"font-weight: 400\"><img loading=\"lazy\" decoding=\"async\" class=\"wp-image-15886 size-thumbnail alignright\" src=\"https:\/\/www.salesianos.edu\/revistasmx\/wp-content\/uploads\/sites\/8\/2020\/10\/WhatsApp-Image-2020-10-29-at-21.57.46-150x150.jpeg\" alt=\"\" width=\"150\" height=\"150\" srcset=\"http:\/\/www.salesianos.edu\/revistasmx\/wp-content\/uploads\/sites\/8\/2020\/10\/WhatsApp-Image-2020-10-29-at-21.57.46-150x150.jpeg 150w, http:\/\/www.salesianos.edu\/revistasmx\/wp-content\/uploads\/sites\/8\/2020\/10\/WhatsApp-Image-2020-10-29-at-21.57.46-100x100.jpeg 100w\" sizes=\"(max-width: 150px) 100vw, 150px\" \/>La comunicaci\u00f3n hecha con respeto y cari\u00f1o <\/span><b>siempre une<\/b><span style=\"font-weight: 400\">. Por ello durante estos a\u00f1os que llevamos de trabajo nos hemos unido aunque nuestro camino no ha sido f\u00e1cil. Part\u00edamos de dos centros separados por varios Km, donde quedaba muy diferenciado el ser de Salesianos San Jos\u00e9 o San Rafael.\u00a0<\/span><\/p>\n<p style=\"text-align: justify\"><span style=\"font-weight: 400\">A d\u00eda de hoy estamos m\u00e1s cerca de conseguir que se nos reconozca como una comunidad \u00fanica Salesianos Elche. Eso al final crea una identidad propia, unida m\u00e1s all\u00e1 de la parte educativa, unidos por una Pastoral com\u00fan, por un club deportivo donde tienen cabida desde los m\u00e1s peque\u00f1os a los m\u00e1s mayores, como tambi\u00e9n sucede con los grupos de FE y as\u00ed podr\u00edamos seguir. <\/span><b>La conclusi\u00f3n es que seguimos separados por los mismos km pero en realidad ahora nos sentimos m\u00e1s cerca, nos queda trabajo pero ganas e ilusi\u00f3n no nos faltan.<\/b><\/p>\n<p>[\/et_pb_accordion_item][et_pb_accordion_item title=\u00bbJorge Alqu\u00e9zar\u00bb open_toggle_text_color=\u00bb#dc001b\u00bb open_toggle_background_color=\u00bb#ffffff\u00bb closed_toggle_text_color=\u00bb#51626f\u00bb closed_toggle_background_color=\u00bbrgba(81,98,111,0.33)\u00bb _builder_version=\u00bb4.6.1&#8243; _module_preset=\u00bbdefault\u00bb toggle_text_align=\u00bbcenter\u00bb toggle_font_size=\u00bb20px\u00bb closed_toggle_font_size=\u00bb13px\u00bb open=\u00bboff\u00bb]<\/p>\n<p style=\"text-align: justify\"><span style=\"font-weight: 400\"><img loading=\"lazy\" decoding=\"async\" class=\"wp-image-15737  alignright\" src=\"https:\/\/www.salesianos.edu\/revistasmx\/wp-content\/uploads\/sites\/8\/2020\/10\/Jorge-Alquezar-300x300.jpg\" alt=\"\" width=\"167\" height=\"167\" srcset=\"http:\/\/www.salesianos.edu\/revistasmx\/wp-content\/uploads\/sites\/8\/2020\/10\/Jorge-Alquezar-300x300.jpg 300w, http:\/\/www.salesianos.edu\/revistasmx\/wp-content\/uploads\/sites\/8\/2020\/10\/Jorge-Alquezar-150x150.jpg 150w, http:\/\/www.salesianos.edu\/revistasmx\/wp-content\/uploads\/sites\/8\/2020\/10\/Jorge-Alquezar-100x100.jpg 100w, http:\/\/www.salesianos.edu\/revistasmx\/wp-content\/uploads\/sites\/8\/2020\/10\/Jorge-Alquezar.jpg 400w\" sizes=\"(max-width: 167px) 100vw, 167px\" \/><\/span><span style=\"font-weight: 400\">Creo que la mayor apuesta por la comunicaci\u00f3n en <\/span><b>Monz\u00f3n <\/b><span style=\"font-weight: 400\">es la creaci\u00f3n de un delegado de comunicaci\u00f3n con asignaci\u00f3n horaria (hace 2 cursos) y de la creaci\u00f3n de un grupo de responsables en todas las etapas del centro. En el centro, nos hemos centrado sobre todo en comenzar a crear contenido de calidad para las redes sociales y en llevar a cabo un control y an\u00e1lisis de los datos que las diferentes apps nos ofrecen. Intentamos, colaborar con entidades locales para dar mayor visibilidad en nuestras redes a sus propuestas (ayuntamiento, centros sociales).\u00a0<\/span><\/p>\n<p style=\"text-align: justify\"><span style=\"font-weight: 400\">Tambi\u00e9n, se ha actualizado una extensa base de datos de periodistas que se hab\u00eda quedado algo arcaica e intentamos mandar notas de prensa desde el centro de forma regular para<\/span><b> mejorar la \u00abrelaci\u00f3n\u00bb con la prensa local y comarcal<\/b><span style=\"font-weight: 400\">. Se est\u00e1 apostando tambi\u00e9n por la creaci\u00f3n de videos llegando incluso a crear un aula de audiovisuales que cuenta con un chroma, focos y editores de video para que los chavales puedan iniciarse tambi\u00e9n en el mundo de la creaci\u00f3n de videos. As\u00ed mismo, existen algunas propuestas tales como las de formar un equipo de \u00abcorresponsales\u00bb en los diferentes cursos, de crear un momento de encuentro entre el equipo de comunicaci\u00f3n, etc.\u00a0<\/span><\/p>\n<p style=\"text-align: justify\"><span style=\"font-weight: 400\"><\/p>\n<p><\/span><\/p>\n<p>[\/et_pb_accordion_item][et_pb_accordion_item title=\u00bb Antonio Luis Gonz\u00e1lez\u00bb open_toggle_text_color=\u00bb#dc001b\u00bb open_toggle_background_color=\u00bb#ffffff\u00bb closed_toggle_text_color=\u00bb#51626f\u00bb closed_toggle_background_color=\u00bbrgba(81,98,111,0.33)\u00bb _builder_version=\u00bb4.6.1&#8243; _module_preset=\u00bbdefault\u00bb toggle_text_align=\u00bbcenter\u00bb toggle_font_size=\u00bb20px\u00bb closed_toggle_font_size=\u00bb13px\u00bb open=\u00bboff\u00bb]<\/p>\n<p style=\"text-align: justify\"><span style=\"font-weight: 400\"><img loading=\"lazy\" decoding=\"async\" class=\"wp-image-15734  alignright\" src=\"https:\/\/www.salesianos.edu\/revistasmx\/wp-content\/uploads\/sites\/8\/2020\/10\/Antonio-Luis-Gonzalez-300x296.jpeg\" alt=\"\" width=\"181\" height=\"179\" \/>Desde hace cuatro a\u00f1os aproximadamente, en la Casa de <\/span><b>Alcal\u00e1 de Guada\u00edra <\/b><span style=\"font-weight: 400\">establecimos algunas estrategias comunicativas: abrimos nuevos canales como la web actual, redes sociales\u2026 pero <\/span><b>el mayor cambio lo hemos notado al formalizar un grupo de trabajo<\/b><span style=\"font-weight: 400\"> con el que poder trabajar de forma m\u00e1s eficaz.\u00a0<\/span><\/p>\n<p style=\"text-align: justify\"><span style=\"font-weight: 400\">La comunicaci\u00f3n en Alcal\u00e1 ya no es el trabajo exclusivo de una persona, es fruto de un trabajo colectivo que <b>nace de la motivaci\u00f3n y el entusiasmo de un grupo de personas que queremos transmitir el ideario salesiano<\/b> en Alcal\u00e1. Todas las acciones que se realizan en nuestra Casa son recogidas tambi\u00e9n en otros medios que no pertenecen al \u00e1mbito salesiano: peri\u00f3dicos, informativos de televisi\u00f3n a nivel nacional, programas de ciencia e innovaci\u00f3n, revistas educativas, iglesia, etc\u00e9tera.<\/span><\/p>\n<p><span style=\"font-weight: 400\">\u00a0<\/span><\/p>\n<p>[\/et_pb_accordion_item][\/et_pb_accordion][\/et_pb_column][et_pb_column type=\u00bb1_2&#8243; _builder_version=\u00bb4.6.1&#8243; _module_preset=\u00bbdefault\u00bb][et_pb_accordion _builder_version=\u00bb4.6.1&#8243; _module_preset=\u00bbdefault\u00bb custom_margin=\u00bb-36px|||||\u00bb border_radii=\u00bbon|19px|19px|19px|19px\u00bb border_color_all=\u00bb#51626f\u00bb][et_pb_accordion_item title=\u00bbAgusti\u0301n Di\u0301az Barea\u00bb open=\u00bbon\u00bb open_toggle_text_color=\u00bb#dc001b\u00bb open_toggle_background_color=\u00bb#ffffff\u00bb closed_toggle_text_color=\u00bb#51626f\u00bb closed_toggle_background_color=\u00bbrgba(81,98,111,0.33)\u00bb _builder_version=\u00bb4.6.1&#8243; _module_preset=\u00bbdefault\u00bb toggle_text_align=\u00bbcenter\u00bb toggle_font_size=\u00bb20px\u00bb closed_toggle_font_size=\u00bb13px\u00bb]<\/p>\n<p style=\"text-align: justify\"><span style=\"font-weight: 400\"><img loading=\"lazy\" decoding=\"async\" class=\"wp-image-15733  alignright\" src=\"https:\/\/www.salesianos.edu\/revistasmx\/wp-content\/uploads\/sites\/8\/2020\/10\/Agustin-Diaz-300x300.jpg\" alt=\"\" width=\"178\" height=\"178\" srcset=\"http:\/\/www.salesianos.edu\/revistasmx\/wp-content\/uploads\/sites\/8\/2020\/10\/Agustin-Diaz-300x300.jpg 300w, http:\/\/www.salesianos.edu\/revistasmx\/wp-content\/uploads\/sites\/8\/2020\/10\/Agustin-Diaz-150x150.jpg 150w, http:\/\/www.salesianos.edu\/revistasmx\/wp-content\/uploads\/sites\/8\/2020\/10\/Agustin-Diaz-100x100.jpg 100w, http:\/\/www.salesianos.edu\/revistasmx\/wp-content\/uploads\/sites\/8\/2020\/10\/Agustin-Diaz.jpg 480w\" sizes=\"(max-width: 178px) 100vw, 178px\" \/>En <\/span><b>Campano <\/b><span style=\"font-weight: 400\">desde 2015, hemos puesto en marcha la comunicaci\u00f3n, creando las redes sociales de la casa as\u00ed como la web, manteniendo informado a los alumnos, padres y sociedad en general de la vida pasada, presente y futura de la casa. <\/span><b>Hemos conseguido que la casa \u201csuene\u201d en la sociedad en general gracias al esfuerzo comunicativo.<\/b><\/p>\n<p style=\"text-align: justify\"><span style=\"font-weight: 400\">Participamos de manera activa en todo lo relacionado con la comunicaci\u00f3n a nivel inspectorial. Adem\u00e1s, hemos implicado a toda la comunidad educativa y hemos conseguido unificar criterios de imagen en toda la casa.<\/span><\/p>\n<p style=\"text-align: justify\"><span style=\"font-weight: 400\">Para este a\u00f1o nos planteamos como objetivo la creaci\u00f3n del grupo de comunicaci\u00f3n de la casa, la creaci\u00f3n del proyecto de comunicaci\u00f3n local y seguir afianzando y renovando las redes sociales y la web.<\/span><\/p>\n<p style=\"text-align: justify\">[\/et_pb_accordion_item][et_pb_accordion_item title=\u00bbJuanfra Huertas\u00bb open_toggle_text_color=\u00bb#dc001b\u00bb open_toggle_background_color=\u00bb#ffffff\u00bb closed_toggle_text_color=\u00bb#51626f\u00bb closed_toggle_background_color=\u00bbrgba(81,98,111,0.33)\u00bb _builder_version=\u00bb4.6.1&#8243; _module_preset=\u00bbdefault\u00bb toggle_text_align=\u00bbcenter\u00bb toggle_font_size=\u00bb20px\u00bb closed_toggle_font_size=\u00bb13px\u00bb open=\u00bboff\u00bb]<\/p>\n<p><span style=\"font-weight: 400\"><img loading=\"lazy\" decoding=\"async\" class=\"wp-image-15740  alignright\" src=\"https:\/\/www.salesianos.edu\/revistasmx\/wp-content\/uploads\/sites\/8\/2020\/10\/Juanfra-Huertas-300x300.jpg\" alt=\"\" width=\"192\" height=\"192\" \/>Desde <\/span><b>Pozoblanco <\/b><span style=\"font-weight: 400\">sentimos una mejora muy grande en el \u00e1mbito de la Comunicaci\u00f3n de nuestra Obra. Para ello ha sido vital la actualizaci\u00f3n de nuestra p\u00e1gina web y la estrategia de comunicaci\u00f3n en redes sociales. Entendemos que nuestro portal es una ventana permanentemente abierta al mundo. Un espacio en el que acercarse y conocer la huella que nuestra Casa imprime en Pozoblanco y en toda la comarca del Valle de los Pedroches. Al estar abierta 24 horas, todo el mundo es bienvenido.\u00a0<\/span><\/p>\n<p><span style=\"font-weight: 400\">Junto con la informaci\u00f3n permanente, las noticias se van actualizando en los diversos apartados de la web y est\u00e1n en consonancia con lo que comunicamos en Redes.<\/span><b> En ellas, de modo m\u00e1s inmediato y directo vamos informando conforme \u00abest\u00e1 pasando\u00bb. Y es algo que tanto las familias, como los amigos de la Obra Salesiana agradecen. <\/b><span style=\"font-weight: 400\">Porque estamos transmitiendo la realidad de una Casa din\u00e1mica y en continuo movimiento y eso siempre es una buena noticia.<\/span><\/p>\n<p><span style=\"font-weight: 400\">Nos queda un camino largo que recorrer, de mejora en la comunicaci\u00f3n. <b>Pero estamos convencidos que es la estrategia m\u00e1s directa para formar conciencia de familia,<\/b> sentido de pertenencia, cari\u00f1o por todo lo que venga de salesianos,&#8230;en definitiva, la Comunicaci\u00f3n es un veh\u00edculo esencial para hacer realidad pr\u00e1ctica el SOMOS UNO y as\u00ed lo sentimos y comunicamos<br \/><\/span><\/p>\n<p>[\/et_pb_accordion_item][et_pb_accordion_item title=\u00bbRa\u00fal Rosales\u00bb open_toggle_text_color=\u00bb#dc001b\u00bb open_toggle_background_color=\u00bb#ffffff\u00bb closed_toggle_text_color=\u00bb#51626f\u00bb closed_toggle_background_color=\u00bbrgba(81,98,111,0.33)\u00bb _builder_version=\u00bb4.6.1&#8243; _module_preset=\u00bbdefault\u00bb toggle_text_align=\u00bbcenter\u00bb toggle_font_size=\u00bb20px\u00bb closed_toggle_font_size=\u00bb13px\u00bb open=\u00bboff\u00bb]<\/p>\n<p style=\"text-align: justify\"><span style=\"font-weight: 400\"><img loading=\"lazy\" decoding=\"async\" class=\"wp-image-15744  alignright\" src=\"https:\/\/www.salesianos.edu\/revistasmx\/wp-content\/uploads\/sites\/8\/2020\/10\/Raul-Rosales-300x225.jpg\" alt=\"\" width=\"207\" height=\"155\" \/>En Santo Domingo Savio de <\/span><b>\u00dabeda<\/b><span style=\"font-weight: 400\"> se ha valorado siempre la comunicaci\u00f3n y la importancia que esta ocupa en nuestros d\u00edas, son muchas las medidas que se han ido tomando en estos a\u00f1os para hacer de \u00e9sta una comunicaci\u00f3n eficaz. Ya por el a\u00f1o 2013 nos hicimos presentes en todas las redes sociales y desde el primer momento se adapt\u00f3 nuestra web a las necesidades de la Casa \u00a1Tres webs distintas en los \u00faltimos a\u00f1os!<\/span><\/p>\n<p style=\"text-align: justify\"><span style=\"font-weight: 400\">Desde el principio se vio la necesidad de <\/span><b>coordinar la comunicaci\u00f3n<\/b><span style=\"font-weight: 400\"> de la casa cre\u00e1ndose desde el a\u00f1o 2012 la comisi\u00f3n de comunicaci\u00f3n y nombramiento de distintos vocales por etapa y seminarios, continuando con el reconocimiento de la figura del delegado local de comunicaci\u00f3n social, hasta la inclusi\u00f3n de la comunicaci\u00f3n e imagen de centro en el actual <\/span><b>plan estrat\u00e9gico <\/b><span style=\"font-weight: 400\">2020, haciendo ver que la comunicaci\u00f3n es cosa de todos.<\/span><\/p>\n<p style=\"text-align: justify\"><span style=\"font-weight: 400\">Esta apuesta fuerte se nutre de la elaboraci\u00f3n de un plan estrat\u00e9gico, protocolos y reuniones trimestrales, al menos una por trimestre del equipo de comunicaci\u00f3n, aunque para seg\u00fan qu\u00e9 actividades, se suelen formar peque\u00f1as comisiones de trabajo m\u00e1s espec\u00edficas. Todo ello se vertebra y sostiene por un <\/span><b>gran equipo<\/b><span style=\"font-weight: 400\"> de recursos humanos, donde cada uno, conoce sus funciones y ofrece sus virtudes, tiempo e ilusi\u00f3n en formarse, crecer y hacer aquello que mejor sabe. En este sentido y buscando una tem\u00e1tica en relaci\u00f3n a nuestro ideario, dise\u00f1amos el v\u00eddeo de admisi\u00f3n de alumnos, as\u00ed como distintos v\u00eddeos y montajes fotogr\u00e1ficos sobre distintas campa\u00f1as o actividades importantes, no olvidando la elaboraci\u00f3n de carteler\u00eda, folletos\u2026 para dar publicidad a las mismas.<\/span><\/p>\n<p style=\"text-align: justify\"><span style=\"font-weight: 400\">Durante la \u00e9poca de <\/span><b>confinamiento<\/b><span style=\"font-weight: 400\"> son muchos los proyectos surgidos,destacando:<\/span><\/p>\n<ul style=\"text-align: justify\">\n<li><span style=\"font-weight: 400\">Creaci\u00f3n de la canci\u00f3n \u201cLa Voz del Coraz\u00f3n\u201d con m\u00fasica y letra propia.<\/span><\/li>\n<li><span style=\"font-weight: 400\">Proyecto \u201cQuitarle la Corona al Virus\u201d, con retos diarios para nuestros alumnos y familias y creaci\u00f3n de fotomontajes.<\/span><\/li>\n<li><span style=\"font-weight: 400\">Video motivacional \u201cEn tiempos de Pandemia\u201d creado por el CEP local donde todos los grupos de la familia salesiana han participado.<\/span><\/li>\n<li><span style=\"font-weight: 400\">Publicaci\u00f3n de buenos d\u00edas diarios realizados por el centro juvenil.<\/span><\/li>\n<li><span style=\"font-weight: 400\">Y creaci\u00f3n del juego de mesa \u201cIndoor\u201d para realizar actividad f\u00edsica en casa.<\/span><\/li>\n<\/ul>\n<p style=\"text-align: justify\"><span style=\"font-weight: 400\">Destacamos tambi\u00e9n la creaci\u00f3n de carteler\u00eda Covid por una madre del centro (Clara Jeanneth Arancibia Pel\u00e1ez), los cuales han tenido buena acogida incluso en otros centros Salesianos.<\/span><\/p>\n<p style=\"text-align: justify\"><span style=\"font-weight: 400\">Durante este tiempo son muchos los <\/span><b>logros conseguidos<\/b><span style=\"font-weight: 400\">, fruto de un trabajo constante de revisi\u00f3n y evaluaci\u00f3n de los objetivos y acciones marcadas. Nuestra presencia y posicionamiento en redes sociales y medios de comunicaci\u00f3n locales y provinciales como prensa y televisi\u00f3n ha aumentado, se ha creado una nueva web local, se ha afianzado la figura del delegado de comunicaci\u00f3n local, as\u00ed como de los miembros del equipo de comunicaci\u00f3n, pero sin duda, los mayores logros estar\u00e1n por venir, ya que seguimos caminando y creciendo en esta tarea tan importante como es la comunicaci\u00f3n.<\/span><\/p>\n<p style=\"text-align: justify\"><span style=\"font-weight: 400\">Para consolidar y actuar de forma organizada se han incluido, dentro de la meta estrat\u00e9gica \u201cimagen de centro\u201d, acciones relacionadas con la comunicaci\u00f3n en el Plan Estrat\u00e9gico de nuestro Colegio. Unas de las acciones a trabajar y que m\u00e1s ilusi\u00f3n nos est\u00e1 llevando es la creaci\u00f3n de una radio escolar.<\/span><\/p>\n<p style=\"text-align: justify\"><span style=\"font-weight: 400\">Trabajar de forma conjunta y en comuni\u00f3n inspectorial es <b>clave para seguir creciendo<\/b>, aumentando y dando fuerza a nuestra identidad salesiana e imagen corporativa.<\/span><\/p>\n<p><span style=\"font-weight: 400\">\u00a0<\/span><\/p>\n<p>[\/et_pb_accordion_item][\/et_pb_accordion][\/et_pb_column][\/et_pb_row][\/et_pb_section]<\/p>\n","protected":false},"excerpt":{"rendered":"<p>Numerosas iniciativas se consolidan en las presencias y entidades salesianas gracias a la labor de los delegados y equipos locales de Comunicaci\u00f3n.<\/p>\n","protected":false},"author":12,"featured_media":15702,"comment_status":"open","ping_status":"closed","sticky":false,"template":"","format":"standard","meta":{"_et_pb_use_builder":"on","_et_pb_old_content":"","_et_gb_content_width":"","footnotes":""},"categories":[34],"tags":[],"class_list":["post-15699","post","type-post","status-publish","format-standard","has-post-thumbnail","hentry","category-a-fondo"],"yoast_head":"<!-- This site is optimized with the Yoast SEO plugin v27.5 - https:\/\/yoast.com\/product\/yoast-seo-wordpress\/ -->\n<title>Comunicaci\u00f3n salesiana, una vocaci\u00f3n al servicio del proyecto inspectorial - Revista SMX<\/title>\n<meta name=\"robots\" content=\"index, follow, max-snippet:-1, max-image-preview:large, max-video-preview:-1\" \/>\n<link rel=\"canonical\" href=\"http:\/\/www.salesianos.edu\/revistasmx\/comunicacion-salesiana-una-vocacion-al-servicio-del-proyecto-inspectorial\/\" \/>\n<meta property=\"og:locale\" content=\"es_ES\" \/>\n<meta property=\"og:type\" content=\"article\" \/>\n<meta property=\"og:title\" content=\"Comunicaci\u00f3n salesiana, una vocaci\u00f3n al servicio del proyecto inspectorial - Revista SMX\" \/>\n<meta property=\"og:description\" content=\"Numerosas iniciativas se consolidan en las presencias y entidades salesianas gracias a la labor de los delegados y equipos locales de Comunicaci\u00f3n.\" \/>\n<meta property=\"og:url\" content=\"http:\/\/www.salesianos.edu\/revistasmx\/comunicacion-salesiana-una-vocacion-al-servicio-del-proyecto-inspectorial\/\" \/>\n<meta property=\"og:site_name\" content=\"Revista SMX\" \/>\n<meta property=\"article:published_time\" content=\"2020-10-30T13:30:51+00:00\" \/>\n<meta property=\"article:modified_time\" content=\"2020-11-12T17:42:44+00:00\" \/>\n<meta property=\"og:image\" content=\"https:\/\/www.salesianos.edu\/revistasmx\/wp-content\/uploads\/sites\/8\/2020\/10\/a9f5b261-8b46-4962-96fb-2a6fea0f6555.jpg\" \/>\n\t<meta property=\"og:image:width\" content=\"1467\" \/>\n\t<meta property=\"og:image:height\" content=\"743\" \/>\n\t<meta property=\"og:image:type\" content=\"image\/jpeg\" \/>\n<meta name=\"author\" content=\"joseluisgarciamoscoso\" \/>\n<meta name=\"twitter:card\" content=\"summary_large_image\" \/>\n<meta name=\"twitter:label1\" content=\"Escrito por\" \/>\n\t<meta name=\"twitter:data1\" content=\"joseluisgarciamoscoso\" \/>\n\t<meta name=\"twitter:label2\" content=\"Tiempo de lectura\" \/>\n\t<meta name=\"twitter:data2\" content=\"28 minutos\" \/>\n<script type=\"application\/ld+json\" class=\"yoast-schema-graph\">{\"@context\":\"https:\\\/\\\/schema.org\",\"@graph\":[{\"@type\":\"Article\",\"@id\":\"http:\\\/\\\/www.salesianos.edu\\\/revistasmx\\\/comunicacion-salesiana-una-vocacion-al-servicio-del-proyecto-inspectorial\\\/#article\",\"isPartOf\":{\"@id\":\"http:\\\/\\\/www.salesianos.edu\\\/revistasmx\\\/comunicacion-salesiana-una-vocacion-al-servicio-del-proyecto-inspectorial\\\/\"},\"author\":{\"name\":\"joseluisgarciamoscoso\",\"@id\":\"http:\\\/\\\/www.salesianos.edu\\\/revistasmx\\\/#\\\/schema\\\/person\\\/a1d72ee5373cce7347fb2993ba9f47d6\"},\"headline\":\"Comunicaci\u00f3n salesiana, una vocaci\u00f3n al servicio del proyecto inspectorial\",\"datePublished\":\"2020-10-30T13:30:51+00:00\",\"dateModified\":\"2020-11-12T17:42:44+00:00\",\"mainEntityOfPage\":{\"@id\":\"http:\\\/\\\/www.salesianos.edu\\\/revistasmx\\\/comunicacion-salesiana-una-vocacion-al-servicio-del-proyecto-inspectorial\\\/\"},\"wordCount\":5702,\"commentCount\":0,\"image\":{\"@id\":\"http:\\\/\\\/www.salesianos.edu\\\/revistasmx\\\/comunicacion-salesiana-una-vocacion-al-servicio-del-proyecto-inspectorial\\\/#primaryimage\"},\"thumbnailUrl\":\"http:\\\/\\\/www.salesianos.edu\\\/revistasmx\\\/wp-content\\\/uploads\\\/sites\\\/8\\\/2020\\\/10\\\/a9f5b261-8b46-4962-96fb-2a6fea0f6555.jpg\",\"articleSection\":[\"A FONDO\"],\"inLanguage\":\"es\",\"potentialAction\":[{\"@type\":\"CommentAction\",\"name\":\"Comment\",\"target\":[\"http:\\\/\\\/www.salesianos.edu\\\/revistasmx\\\/comunicacion-salesiana-una-vocacion-al-servicio-del-proyecto-inspectorial\\\/#respond\"]}]},{\"@type\":\"WebPage\",\"@id\":\"http:\\\/\\\/www.salesianos.edu\\\/revistasmx\\\/comunicacion-salesiana-una-vocacion-al-servicio-del-proyecto-inspectorial\\\/\",\"url\":\"http:\\\/\\\/www.salesianos.edu\\\/revistasmx\\\/comunicacion-salesiana-una-vocacion-al-servicio-del-proyecto-inspectorial\\\/\",\"name\":\"Comunicaci\u00f3n salesiana, una vocaci\u00f3n al servicio del proyecto inspectorial - Revista SMX\",\"isPartOf\":{\"@id\":\"http:\\\/\\\/www.salesianos.edu\\\/revistasmx\\\/#website\"},\"primaryImageOfPage\":{\"@id\":\"http:\\\/\\\/www.salesianos.edu\\\/revistasmx\\\/comunicacion-salesiana-una-vocacion-al-servicio-del-proyecto-inspectorial\\\/#primaryimage\"},\"image\":{\"@id\":\"http:\\\/\\\/www.salesianos.edu\\\/revistasmx\\\/comunicacion-salesiana-una-vocacion-al-servicio-del-proyecto-inspectorial\\\/#primaryimage\"},\"thumbnailUrl\":\"http:\\\/\\\/www.salesianos.edu\\\/revistasmx\\\/wp-content\\\/uploads\\\/sites\\\/8\\\/2020\\\/10\\\/a9f5b261-8b46-4962-96fb-2a6fea0f6555.jpg\",\"datePublished\":\"2020-10-30T13:30:51+00:00\",\"dateModified\":\"2020-11-12T17:42:44+00:00\",\"author\":{\"@id\":\"http:\\\/\\\/www.salesianos.edu\\\/revistasmx\\\/#\\\/schema\\\/person\\\/a1d72ee5373cce7347fb2993ba9f47d6\"},\"breadcrumb\":{\"@id\":\"http:\\\/\\\/www.salesianos.edu\\\/revistasmx\\\/comunicacion-salesiana-una-vocacion-al-servicio-del-proyecto-inspectorial\\\/#breadcrumb\"},\"inLanguage\":\"es\",\"potentialAction\":[{\"@type\":\"ReadAction\",\"target\":[\"http:\\\/\\\/www.salesianos.edu\\\/revistasmx\\\/comunicacion-salesiana-una-vocacion-al-servicio-del-proyecto-inspectorial\\\/\"]}]},{\"@type\":\"ImageObject\",\"inLanguage\":\"es\",\"@id\":\"http:\\\/\\\/www.salesianos.edu\\\/revistasmx\\\/comunicacion-salesiana-una-vocacion-al-servicio-del-proyecto-inspectorial\\\/#primaryimage\",\"url\":\"http:\\\/\\\/www.salesianos.edu\\\/revistasmx\\\/wp-content\\\/uploads\\\/sites\\\/8\\\/2020\\\/10\\\/a9f5b261-8b46-4962-96fb-2a6fea0f6555.jpg\",\"contentUrl\":\"http:\\\/\\\/www.salesianos.edu\\\/revistasmx\\\/wp-content\\\/uploads\\\/sites\\\/8\\\/2020\\\/10\\\/a9f5b261-8b46-4962-96fb-2a6fea0f6555.jpg\",\"width\":1467,\"height\":743},{\"@type\":\"BreadcrumbList\",\"@id\":\"http:\\\/\\\/www.salesianos.edu\\\/revistasmx\\\/comunicacion-salesiana-una-vocacion-al-servicio-del-proyecto-inspectorial\\\/#breadcrumb\",\"itemListElement\":[{\"@type\":\"ListItem\",\"position\":1,\"name\":\"Portada\",\"item\":\"https:\\\/\\\/www.salesianos.edu\\\/revistasmx\\\/\"},{\"@type\":\"ListItem\",\"position\":2,\"name\":\"Comunicaci\u00f3n salesiana, una vocaci\u00f3n al servicio del proyecto inspectorial\"}]},{\"@type\":\"WebSite\",\"@id\":\"http:\\\/\\\/www.salesianos.edu\\\/revistasmx\\\/#website\",\"url\":\"http:\\\/\\\/www.salesianos.edu\\\/revistasmx\\\/\",\"name\":\"Revista SMX\",\"description\":\"P\u00e1gina oficial de Inspector\u00eda Salesiana Mar\u00eda Auxiliadora\",\"potentialAction\":[{\"@type\":\"SearchAction\",\"target\":{\"@type\":\"EntryPoint\",\"urlTemplate\":\"http:\\\/\\\/www.salesianos.edu\\\/revistasmx\\\/?s={search_term_string}\"},\"query-input\":{\"@type\":\"PropertyValueSpecification\",\"valueRequired\":true,\"valueName\":\"search_term_string\"}}],\"inLanguage\":\"es\"},{\"@type\":\"Person\",\"@id\":\"http:\\\/\\\/www.salesianos.edu\\\/revistasmx\\\/#\\\/schema\\\/person\\\/a1d72ee5373cce7347fb2993ba9f47d6\",\"name\":\"joseluisgarciamoscoso\",\"image\":{\"@type\":\"ImageObject\",\"inLanguage\":\"es\",\"@id\":\"https:\\\/\\\/secure.gravatar.com\\\/avatar\\\/3fda3a0b2db3bc9a39871e47cbd526b42d6c3b74755b7ae1400a87b2913fea6a?s=96&d=mm&r=g\",\"url\":\"https:\\\/\\\/secure.gravatar.com\\\/avatar\\\/3fda3a0b2db3bc9a39871e47cbd526b42d6c3b74755b7ae1400a87b2913fea6a?s=96&d=mm&r=g\",\"contentUrl\":\"https:\\\/\\\/secure.gravatar.com\\\/avatar\\\/3fda3a0b2db3bc9a39871e47cbd526b42d6c3b74755b7ae1400a87b2913fea6a?s=96&d=mm&r=g\",\"caption\":\"joseluisgarciamoscoso\"}}]}<\/script>\n<!-- \/ Yoast SEO plugin. -->","yoast_head_json":{"title":"Comunicaci\u00f3n salesiana, una vocaci\u00f3n al servicio del proyecto inspectorial - Revista SMX","robots":{"index":"index","follow":"follow","max-snippet":"max-snippet:-1","max-image-preview":"max-image-preview:large","max-video-preview":"max-video-preview:-1"},"canonical":"http:\/\/www.salesianos.edu\/revistasmx\/comunicacion-salesiana-una-vocacion-al-servicio-del-proyecto-inspectorial\/","og_locale":"es_ES","og_type":"article","og_title":"Comunicaci\u00f3n salesiana, una vocaci\u00f3n al servicio del proyecto inspectorial - Revista SMX","og_description":"Numerosas iniciativas se consolidan en las presencias y entidades salesianas gracias a la labor de los delegados y equipos locales de Comunicaci\u00f3n.","og_url":"http:\/\/www.salesianos.edu\/revistasmx\/comunicacion-salesiana-una-vocacion-al-servicio-del-proyecto-inspectorial\/","og_site_name":"Revista SMX","article_published_time":"2020-10-30T13:30:51+00:00","article_modified_time":"2020-11-12T17:42:44+00:00","og_image":[{"width":1467,"height":743,"url":"https:\/\/www.salesianos.edu\/revistasmx\/wp-content\/uploads\/sites\/8\/2020\/10\/a9f5b261-8b46-4962-96fb-2a6fea0f6555.jpg","type":"image\/jpeg"}],"author":"joseluisgarciamoscoso","twitter_card":"summary_large_image","twitter_misc":{"Escrito por":"joseluisgarciamoscoso","Tiempo de lectura":"28 minutos"},"schema":{"@context":"https:\/\/schema.org","@graph":[{"@type":"Article","@id":"http:\/\/www.salesianos.edu\/revistasmx\/comunicacion-salesiana-una-vocacion-al-servicio-del-proyecto-inspectorial\/#article","isPartOf":{"@id":"http:\/\/www.salesianos.edu\/revistasmx\/comunicacion-salesiana-una-vocacion-al-servicio-del-proyecto-inspectorial\/"},"author":{"name":"joseluisgarciamoscoso","@id":"http:\/\/www.salesianos.edu\/revistasmx\/#\/schema\/person\/a1d72ee5373cce7347fb2993ba9f47d6"},"headline":"Comunicaci\u00f3n salesiana, una vocaci\u00f3n al servicio del proyecto inspectorial","datePublished":"2020-10-30T13:30:51+00:00","dateModified":"2020-11-12T17:42:44+00:00","mainEntityOfPage":{"@id":"http:\/\/www.salesianos.edu\/revistasmx\/comunicacion-salesiana-una-vocacion-al-servicio-del-proyecto-inspectorial\/"},"wordCount":5702,"commentCount":0,"image":{"@id":"http:\/\/www.salesianos.edu\/revistasmx\/comunicacion-salesiana-una-vocacion-al-servicio-del-proyecto-inspectorial\/#primaryimage"},"thumbnailUrl":"http:\/\/www.salesianos.edu\/revistasmx\/wp-content\/uploads\/sites\/8\/2020\/10\/a9f5b261-8b46-4962-96fb-2a6fea0f6555.jpg","articleSection":["A FONDO"],"inLanguage":"es","potentialAction":[{"@type":"CommentAction","name":"Comment","target":["http:\/\/www.salesianos.edu\/revistasmx\/comunicacion-salesiana-una-vocacion-al-servicio-del-proyecto-inspectorial\/#respond"]}]},{"@type":"WebPage","@id":"http:\/\/www.salesianos.edu\/revistasmx\/comunicacion-salesiana-una-vocacion-al-servicio-del-proyecto-inspectorial\/","url":"http:\/\/www.salesianos.edu\/revistasmx\/comunicacion-salesiana-una-vocacion-al-servicio-del-proyecto-inspectorial\/","name":"Comunicaci\u00f3n salesiana, una vocaci\u00f3n al servicio del proyecto inspectorial - Revista SMX","isPartOf":{"@id":"http:\/\/www.salesianos.edu\/revistasmx\/#website"},"primaryImageOfPage":{"@id":"http:\/\/www.salesianos.edu\/revistasmx\/comunicacion-salesiana-una-vocacion-al-servicio-del-proyecto-inspectorial\/#primaryimage"},"image":{"@id":"http:\/\/www.salesianos.edu\/revistasmx\/comunicacion-salesiana-una-vocacion-al-servicio-del-proyecto-inspectorial\/#primaryimage"},"thumbnailUrl":"http:\/\/www.salesianos.edu\/revistasmx\/wp-content\/uploads\/sites\/8\/2020\/10\/a9f5b261-8b46-4962-96fb-2a6fea0f6555.jpg","datePublished":"2020-10-30T13:30:51+00:00","dateModified":"2020-11-12T17:42:44+00:00","author":{"@id":"http:\/\/www.salesianos.edu\/revistasmx\/#\/schema\/person\/a1d72ee5373cce7347fb2993ba9f47d6"},"breadcrumb":{"@id":"http:\/\/www.salesianos.edu\/revistasmx\/comunicacion-salesiana-una-vocacion-al-servicio-del-proyecto-inspectorial\/#breadcrumb"},"inLanguage":"es","potentialAction":[{"@type":"ReadAction","target":["http:\/\/www.salesianos.edu\/revistasmx\/comunicacion-salesiana-una-vocacion-al-servicio-del-proyecto-inspectorial\/"]}]},{"@type":"ImageObject","inLanguage":"es","@id":"http:\/\/www.salesianos.edu\/revistasmx\/comunicacion-salesiana-una-vocacion-al-servicio-del-proyecto-inspectorial\/#primaryimage","url":"http:\/\/www.salesianos.edu\/revistasmx\/wp-content\/uploads\/sites\/8\/2020\/10\/a9f5b261-8b46-4962-96fb-2a6fea0f6555.jpg","contentUrl":"http:\/\/www.salesianos.edu\/revistasmx\/wp-content\/uploads\/sites\/8\/2020\/10\/a9f5b261-8b46-4962-96fb-2a6fea0f6555.jpg","width":1467,"height":743},{"@type":"BreadcrumbList","@id":"http:\/\/www.salesianos.edu\/revistasmx\/comunicacion-salesiana-una-vocacion-al-servicio-del-proyecto-inspectorial\/#breadcrumb","itemListElement":[{"@type":"ListItem","position":1,"name":"Portada","item":"https:\/\/www.salesianos.edu\/revistasmx\/"},{"@type":"ListItem","position":2,"name":"Comunicaci\u00f3n salesiana, una vocaci\u00f3n al servicio del proyecto inspectorial"}]},{"@type":"WebSite","@id":"http:\/\/www.salesianos.edu\/revistasmx\/#website","url":"http:\/\/www.salesianos.edu\/revistasmx\/","name":"Revista SMX","description":"P\u00e1gina oficial de Inspector\u00eda Salesiana Mar\u00eda Auxiliadora","potentialAction":[{"@type":"SearchAction","target":{"@type":"EntryPoint","urlTemplate":"http:\/\/www.salesianos.edu\/revistasmx\/?s={search_term_string}"},"query-input":{"@type":"PropertyValueSpecification","valueRequired":true,"valueName":"search_term_string"}}],"inLanguage":"es"},{"@type":"Person","@id":"http:\/\/www.salesianos.edu\/revistasmx\/#\/schema\/person\/a1d72ee5373cce7347fb2993ba9f47d6","name":"joseluisgarciamoscoso","image":{"@type":"ImageObject","inLanguage":"es","@id":"https:\/\/secure.gravatar.com\/avatar\/3fda3a0b2db3bc9a39871e47cbd526b42d6c3b74755b7ae1400a87b2913fea6a?s=96&d=mm&r=g","url":"https:\/\/secure.gravatar.com\/avatar\/3fda3a0b2db3bc9a39871e47cbd526b42d6c3b74755b7ae1400a87b2913fea6a?s=96&d=mm&r=g","contentUrl":"https:\/\/secure.gravatar.com\/avatar\/3fda3a0b2db3bc9a39871e47cbd526b42d6c3b74755b7ae1400a87b2913fea6a?s=96&d=mm&r=g","caption":"joseluisgarciamoscoso"}}]}},"_links":{"self":[{"href":"http:\/\/www.salesianos.edu\/revistasmx\/wp-json\/wp\/v2\/posts\/15699","targetHints":{"allow":["GET"]}}],"collection":[{"href":"http:\/\/www.salesianos.edu\/revistasmx\/wp-json\/wp\/v2\/posts"}],"about":[{"href":"http:\/\/www.salesianos.edu\/revistasmx\/wp-json\/wp\/v2\/types\/post"}],"author":[{"embeddable":true,"href":"http:\/\/www.salesianos.edu\/revistasmx\/wp-json\/wp\/v2\/users\/12"}],"replies":[{"embeddable":true,"href":"http:\/\/www.salesianos.edu\/revistasmx\/wp-json\/wp\/v2\/comments?post=15699"}],"version-history":[{"count":14,"href":"http:\/\/www.salesianos.edu\/revistasmx\/wp-json\/wp\/v2\/posts\/15699\/revisions"}],"predecessor-version":[{"id":15927,"href":"http:\/\/www.salesianos.edu\/revistasmx\/wp-json\/wp\/v2\/posts\/15699\/revisions\/15927"}],"wp:featuredmedia":[{"embeddable":true,"href":"http:\/\/www.salesianos.edu\/revistasmx\/wp-json\/wp\/v2\/media\/15702"}],"wp:attachment":[{"href":"http:\/\/www.salesianos.edu\/revistasmx\/wp-json\/wp\/v2\/media?parent=15699"}],"wp:term":[{"taxonomy":"category","embeddable":true,"href":"http:\/\/www.salesianos.edu\/revistasmx\/wp-json\/wp\/v2\/categories?post=15699"},{"taxonomy":"post_tag","embeddable":true,"href":"http:\/\/www.salesianos.edu\/revistasmx\/wp-json\/wp\/v2\/tags?post=15699"}],"curies":[{"name":"wp","href":"https:\/\/api.w.org\/{rel}","templated":true}]}}