{"id":15570,"date":"2020-03-14T10:34:48","date_gmt":"2020-03-14T09:34:48","guid":{"rendered":"http:\/\/www.salesianos.edu\/revistasmx\/?p=15570"},"modified":"2020-10-14T10:56:16","modified_gmt":"2020-10-14T08:56:16","slug":"la-voz-de-los-jovenes-pablo-baltasar","status":"publish","type":"post","link":"http:\/\/www.salesianos.edu\/revistasmx\/la-voz-de-los-jovenes-pablo-baltasar\/","title":{"rendered":"La voz de los j\u00f3venes: Pablo Baltasar"},"content":{"rendered":"<div id=\"fb-root\"><\/div>\n<p>[et_pb_section fb_built=\u00bb1&#8243; admin_label=\u00bbsection\u00bb _builder_version=\u00bb3.22&#8243;][et_pb_row admin_label=\u00bbrow\u00bb _builder_version=\u00bb3.25&#8243; background_size=\u00bbinitial\u00bb background_position=\u00bbtop_left\u00bb background_repeat=\u00bbrepeat\u00bb][et_pb_column type=\u00bb4_4&#8243; _builder_version=\u00bb3.25&#8243; custom_padding=\u00bb|||\u00bb custom_padding__hover=\u00bb|||\u00bb][et_pb_text _builder_version=\u00bb4.6.1&#8243; _module_preset=\u00bbdefault\u00bb]<\/p>\n<p>Soy <strong>Pablo Baltasar Gracia<\/strong>, de <strong>Huesca<\/strong>, tengo 22 a\u00f1os, estudio Magisterio de Educaci\u00f3n Primaria,\u00a0y en este momento soy el Presidente del Club Amigos de Domingo Savio del Centro Juvenil, de Huesca.<\/p>\n<p>Lo primero que me viene a la cabeza cuando me realizan esta pregunta es, sin ninguna duda, mayores, por lo menos en lo que a edad se refiere. Pero si continuo pensando la respuesta, rejuvenecen en cada pensamiento que surge. Es impresionante la cantidad de tareas que realizan, la energ\u00eda con la que las llevan a cabo y su af\u00e1n permanente de preocupaci\u00f3n por los j\u00f3venes. Da gusto ser joven y que ellos est\u00e9n all\u00ed, escuchando, ayudando y acompa\u00f1\u00e1ndonos en nuestro camino, con la capacidad de no juzgar y siempre querer. A su vez creo que algo muy importante y de lo que, en ocasiones carecen, es la uni\u00f3n de fuerzas con las salesianas. Muchos j\u00f3venes con los que hemos compartido impresiones y largas convivencias so\u00f1amos con trabajar juntos, independientemente que seamos salesianos o salesianas, porque como nuestro lema dice, \u201cSomos uno\u201d y unidos somos\u00a0 m\u00e1s fuertes, con la fuerza de Don Bosco y Madre Mazzarello.<\/p>\n<p>[\/et_pb_text][\/et_pb_column][\/et_pb_row][\/et_pb_section]<\/p>\n","protected":false},"excerpt":{"rendered":"<p>Soy Pablo Baltasar Gracia, de Huesca, tengo 22 a\u00f1os, estudio Magisterio de Educaci\u00f3n Primaria,\u00a0y en este momento soy el Presidente del Club Amigos de Domingo Savio del Centro Juvenil, de Huesca. Lo primero que me viene a la cabeza cuando me realizan esta pregunta es, sin ninguna duda, mayores, por lo menos en lo que [&hellip;]<\/p>\n","protected":false},"author":5,"featured_media":15574,"comment_status":"open","ping_status":"closed","sticky":false,"template":"","format":"standard","meta":{"_et_pb_use_builder":"on","_et_pb_old_content":"","_et_gb_content_width":"","footnotes":""},"categories":[615,82],"tags":[],"class_list":["post-15570","post","type-post","status-publish","format-standard","has-post-thumbnail","hentry","category-la-voz-de-los-jovenes","category-ven-y-sigueme"],"yoast_head":"<!-- This site is optimized with the Yoast SEO plugin v27.5 - https:\/\/yoast.com\/product\/yoast-seo-wordpress\/ -->\n<title>La voz de los j\u00f3venes: Pablo Baltasar - Revista SMX<\/title>\n<meta name=\"robots\" content=\"index, follow, max-snippet:-1, max-image-preview:large, max-video-preview:-1\" \/>\n<link rel=\"canonical\" href=\"http:\/\/www.salesianos.edu\/revistasmx\/la-voz-de-los-jovenes-pablo-baltasar\/\" \/>\n<meta property=\"og:locale\" content=\"es_ES\" \/>\n<meta property=\"og:type\" content=\"article\" \/>\n<meta property=\"og:title\" content=\"La voz de los j\u00f3venes: Pablo Baltasar - Revista SMX\" \/>\n<meta property=\"og:description\" content=\"Titulo p\u00e1ginas Subtitulo 1 Lorem Ipsum es simplemente el texto de relleno de las imprentas y archivos de texto. Lorem Ipsum ha sido el texto de relleno est\u00e1ndar de las industrias desde el a\u00f1o 1500, cuando un impresor (N. del T. persona que se dedica a la imprenta) desconocido us\u00f3 una galer\u00eda de textos y [&hellip;]\" \/>\n<meta property=\"og:url\" content=\"http:\/\/www.salesianos.edu\/revistasmx\/la-voz-de-los-jovenes-pablo-baltasar\/\" \/>\n<meta property=\"og:site_name\" content=\"Revista SMX\" \/>\n<meta property=\"article:published_time\" content=\"2020-03-14T09:34:48+00:00\" \/>\n<meta property=\"article:modified_time\" content=\"2020-10-14T08:56:16+00:00\" \/>\n<meta property=\"og:image\" content=\"http:\/\/www.salesianos.edu\/revistasmx\/wp-content\/uploads\/sites\/8\/2020\/08\/Foto-Pablo-Baltasar-.jpg\" \/>\n\t<meta property=\"og:image:width\" content=\"1066\" \/>\n\t<meta property=\"og:image:height\" content=\"1066\" \/>\n\t<meta property=\"og:image:type\" content=\"image\/jpeg\" \/>\n<meta name=\"author\" content=\"martapeirat\" \/>\n<meta name=\"twitter:card\" content=\"summary_large_image\" \/>\n<meta name=\"twitter:label1\" content=\"Escrito por\" \/>\n\t<meta name=\"twitter:data1\" content=\"martapeirat\" \/>\n\t<meta name=\"twitter:label2\" content=\"Tiempo de lectura\" \/>\n\t<meta name=\"twitter:data2\" content=\"1 minuto\" \/>\n<script type=\"application\/ld+json\" class=\"yoast-schema-graph\">{\"@context\":\"https:\\\/\\\/schema.org\",\"@graph\":[{\"@type\":\"Article\",\"@id\":\"http:\\\/\\\/www.salesianos.edu\\\/revistasmx\\\/la-voz-de-los-jovenes-pablo-baltasar\\\/#article\",\"isPartOf\":{\"@id\":\"http:\\\/\\\/www.salesianos.edu\\\/revistasmx\\\/la-voz-de-los-jovenes-pablo-baltasar\\\/\"},\"author\":{\"name\":\"martapeirat\",\"@id\":\"http:\\\/\\\/www.salesianos.edu\\\/revistasmx\\\/#\\\/schema\\\/person\\\/20a80be1bb4e0ed82068c57facf5b237\"},\"headline\":\"La voz de los j\u00f3venes: Pablo Baltasar\",\"datePublished\":\"2020-03-14T09:34:48+00:00\",\"dateModified\":\"2020-10-14T08:56:16+00:00\",\"mainEntityOfPage\":{\"@id\":\"http:\\\/\\\/www.salesianos.edu\\\/revistasmx\\\/la-voz-de-los-jovenes-pablo-baltasar\\\/\"},\"wordCount\":266,\"commentCount\":0,\"image\":{\"@id\":\"http:\\\/\\\/www.salesianos.edu\\\/revistasmx\\\/la-voz-de-los-jovenes-pablo-baltasar\\\/#primaryimage\"},\"thumbnailUrl\":\"http:\\\/\\\/www.salesianos.edu\\\/revistasmx\\\/wp-content\\\/uploads\\\/sites\\\/8\\\/2020\\\/08\\\/Foto-Pablo-Baltasar-.jpg\",\"articleSection\":[\"La voz de los j\u00f3venes\",\"VEN y SIGUEME\"],\"inLanguage\":\"es\",\"potentialAction\":[{\"@type\":\"CommentAction\",\"name\":\"Comment\",\"target\":[\"http:\\\/\\\/www.salesianos.edu\\\/revistasmx\\\/la-voz-de-los-jovenes-pablo-baltasar\\\/#respond\"]}]},{\"@type\":\"WebPage\",\"@id\":\"http:\\\/\\\/www.salesianos.edu\\\/revistasmx\\\/la-voz-de-los-jovenes-pablo-baltasar\\\/\",\"url\":\"http:\\\/\\\/www.salesianos.edu\\\/revistasmx\\\/la-voz-de-los-jovenes-pablo-baltasar\\\/\",\"name\":\"La voz de los j\u00f3venes: Pablo Baltasar - Revista SMX\",\"isPartOf\":{\"@id\":\"http:\\\/\\\/www.salesianos.edu\\\/revistasmx\\\/#website\"},\"primaryImageOfPage\":{\"@id\":\"http:\\\/\\\/www.salesianos.edu\\\/revistasmx\\\/la-voz-de-los-jovenes-pablo-baltasar\\\/#primaryimage\"},\"image\":{\"@id\":\"http:\\\/\\\/www.salesianos.edu\\\/revistasmx\\\/la-voz-de-los-jovenes-pablo-baltasar\\\/#primaryimage\"},\"thumbnailUrl\":\"http:\\\/\\\/www.salesianos.edu\\\/revistasmx\\\/wp-content\\\/uploads\\\/sites\\\/8\\\/2020\\\/08\\\/Foto-Pablo-Baltasar-.jpg\",\"datePublished\":\"2020-03-14T09:34:48+00:00\",\"dateModified\":\"2020-10-14T08:56:16+00:00\",\"author\":{\"@id\":\"http:\\\/\\\/www.salesianos.edu\\\/revistasmx\\\/#\\\/schema\\\/person\\\/20a80be1bb4e0ed82068c57facf5b237\"},\"breadcrumb\":{\"@id\":\"http:\\\/\\\/www.salesianos.edu\\\/revistasmx\\\/la-voz-de-los-jovenes-pablo-baltasar\\\/#breadcrumb\"},\"inLanguage\":\"es\",\"potentialAction\":[{\"@type\":\"ReadAction\",\"target\":[\"http:\\\/\\\/www.salesianos.edu\\\/revistasmx\\\/la-voz-de-los-jovenes-pablo-baltasar\\\/\"]}]},{\"@type\":\"ImageObject\",\"inLanguage\":\"es\",\"@id\":\"http:\\\/\\\/www.salesianos.edu\\\/revistasmx\\\/la-voz-de-los-jovenes-pablo-baltasar\\\/#primaryimage\",\"url\":\"http:\\\/\\\/www.salesianos.edu\\\/revistasmx\\\/wp-content\\\/uploads\\\/sites\\\/8\\\/2020\\\/08\\\/Foto-Pablo-Baltasar-.jpg\",\"contentUrl\":\"http:\\\/\\\/www.salesianos.edu\\\/revistasmx\\\/wp-content\\\/uploads\\\/sites\\\/8\\\/2020\\\/08\\\/Foto-Pablo-Baltasar-.jpg\",\"width\":1066,\"height\":1066},{\"@type\":\"BreadcrumbList\",\"@id\":\"http:\\\/\\\/www.salesianos.edu\\\/revistasmx\\\/la-voz-de-los-jovenes-pablo-baltasar\\\/#breadcrumb\",\"itemListElement\":[{\"@type\":\"ListItem\",\"position\":1,\"name\":\"Portada\",\"item\":\"https:\\\/\\\/www.salesianos.edu\\\/revistasmx\\\/\"},{\"@type\":\"ListItem\",\"position\":2,\"name\":\"La voz de los j\u00f3venes: Pablo Baltasar\"}]},{\"@type\":\"WebSite\",\"@id\":\"http:\\\/\\\/www.salesianos.edu\\\/revistasmx\\\/#website\",\"url\":\"http:\\\/\\\/www.salesianos.edu\\\/revistasmx\\\/\",\"name\":\"Revista SMX\",\"description\":\"P\u00e1gina oficial de Inspector\u00eda Salesiana Mar\u00eda Auxiliadora\",\"potentialAction\":[{\"@type\":\"SearchAction\",\"target\":{\"@type\":\"EntryPoint\",\"urlTemplate\":\"http:\\\/\\\/www.salesianos.edu\\\/revistasmx\\\/?s={search_term_string}\"},\"query-input\":{\"@type\":\"PropertyValueSpecification\",\"valueRequired\":true,\"valueName\":\"search_term_string\"}}],\"inLanguage\":\"es\"},{\"@type\":\"Person\",\"@id\":\"http:\\\/\\\/www.salesianos.edu\\\/revistasmx\\\/#\\\/schema\\\/person\\\/20a80be1bb4e0ed82068c57facf5b237\",\"name\":\"martapeirat\",\"image\":{\"@type\":\"ImageObject\",\"inLanguage\":\"es\",\"@id\":\"https:\\\/\\\/secure.gravatar.com\\\/avatar\\\/1139b81b40ed1dde466563679597db378e7092bbfdd7ebb264c437fedde866d7?s=96&d=mm&r=g\",\"url\":\"https:\\\/\\\/secure.gravatar.com\\\/avatar\\\/1139b81b40ed1dde466563679597db378e7092bbfdd7ebb264c437fedde866d7?s=96&d=mm&r=g\",\"contentUrl\":\"https:\\\/\\\/secure.gravatar.com\\\/avatar\\\/1139b81b40ed1dde466563679597db378e7092bbfdd7ebb264c437fedde866d7?s=96&d=mm&r=g\",\"caption\":\"martapeirat\"}}]}<\/script>\n<!-- \/ Yoast SEO plugin. -->","yoast_head_json":{"title":"La voz de los j\u00f3venes: Pablo Baltasar - Revista SMX","robots":{"index":"index","follow":"follow","max-snippet":"max-snippet:-1","max-image-preview":"max-image-preview:large","max-video-preview":"max-video-preview:-1"},"canonical":"http:\/\/www.salesianos.edu\/revistasmx\/la-voz-de-los-jovenes-pablo-baltasar\/","og_locale":"es_ES","og_type":"article","og_title":"La voz de los j\u00f3venes: Pablo Baltasar - Revista SMX","og_description":"Titulo p\u00e1ginas Subtitulo 1 Lorem Ipsum es simplemente el texto de relleno de las imprentas y archivos de texto. Lorem Ipsum ha sido el texto de relleno est\u00e1ndar de las industrias desde el a\u00f1o 1500, cuando un impresor (N. del T. persona que se dedica a la imprenta) desconocido us\u00f3 una galer\u00eda de textos y [&hellip;]","og_url":"http:\/\/www.salesianos.edu\/revistasmx\/la-voz-de-los-jovenes-pablo-baltasar\/","og_site_name":"Revista SMX","article_published_time":"2020-03-14T09:34:48+00:00","article_modified_time":"2020-10-14T08:56:16+00:00","og_image":[{"width":1066,"height":1066,"url":"http:\/\/www.salesianos.edu\/revistasmx\/wp-content\/uploads\/sites\/8\/2020\/08\/Foto-Pablo-Baltasar-.jpg","type":"image\/jpeg"}],"author":"martapeirat","twitter_card":"summary_large_image","twitter_misc":{"Escrito por":"martapeirat","Tiempo de lectura":"1 minuto"},"schema":{"@context":"https:\/\/schema.org","@graph":[{"@type":"Article","@id":"http:\/\/www.salesianos.edu\/revistasmx\/la-voz-de-los-jovenes-pablo-baltasar\/#article","isPartOf":{"@id":"http:\/\/www.salesianos.edu\/revistasmx\/la-voz-de-los-jovenes-pablo-baltasar\/"},"author":{"name":"martapeirat","@id":"http:\/\/www.salesianos.edu\/revistasmx\/#\/schema\/person\/20a80be1bb4e0ed82068c57facf5b237"},"headline":"La voz de los j\u00f3venes: Pablo Baltasar","datePublished":"2020-03-14T09:34:48+00:00","dateModified":"2020-10-14T08:56:16+00:00","mainEntityOfPage":{"@id":"http:\/\/www.salesianos.edu\/revistasmx\/la-voz-de-los-jovenes-pablo-baltasar\/"},"wordCount":266,"commentCount":0,"image":{"@id":"http:\/\/www.salesianos.edu\/revistasmx\/la-voz-de-los-jovenes-pablo-baltasar\/#primaryimage"},"thumbnailUrl":"http:\/\/www.salesianos.edu\/revistasmx\/wp-content\/uploads\/sites\/8\/2020\/08\/Foto-Pablo-Baltasar-.jpg","articleSection":["La voz de los j\u00f3venes","VEN y SIGUEME"],"inLanguage":"es","potentialAction":[{"@type":"CommentAction","name":"Comment","target":["http:\/\/www.salesianos.edu\/revistasmx\/la-voz-de-los-jovenes-pablo-baltasar\/#respond"]}]},{"@type":"WebPage","@id":"http:\/\/www.salesianos.edu\/revistasmx\/la-voz-de-los-jovenes-pablo-baltasar\/","url":"http:\/\/www.salesianos.edu\/revistasmx\/la-voz-de-los-jovenes-pablo-baltasar\/","name":"La voz de los j\u00f3venes: Pablo Baltasar - Revista SMX","isPartOf":{"@id":"http:\/\/www.salesianos.edu\/revistasmx\/#website"},"primaryImageOfPage":{"@id":"http:\/\/www.salesianos.edu\/revistasmx\/la-voz-de-los-jovenes-pablo-baltasar\/#primaryimage"},"image":{"@id":"http:\/\/www.salesianos.edu\/revistasmx\/la-voz-de-los-jovenes-pablo-baltasar\/#primaryimage"},"thumbnailUrl":"http:\/\/www.salesianos.edu\/revistasmx\/wp-content\/uploads\/sites\/8\/2020\/08\/Foto-Pablo-Baltasar-.jpg","datePublished":"2020-03-14T09:34:48+00:00","dateModified":"2020-10-14T08:56:16+00:00","author":{"@id":"http:\/\/www.salesianos.edu\/revistasmx\/#\/schema\/person\/20a80be1bb4e0ed82068c57facf5b237"},"breadcrumb":{"@id":"http:\/\/www.salesianos.edu\/revistasmx\/la-voz-de-los-jovenes-pablo-baltasar\/#breadcrumb"},"inLanguage":"es","potentialAction":[{"@type":"ReadAction","target":["http:\/\/www.salesianos.edu\/revistasmx\/la-voz-de-los-jovenes-pablo-baltasar\/"]}]},{"@type":"ImageObject","inLanguage":"es","@id":"http:\/\/www.salesianos.edu\/revistasmx\/la-voz-de-los-jovenes-pablo-baltasar\/#primaryimage","url":"http:\/\/www.salesianos.edu\/revistasmx\/wp-content\/uploads\/sites\/8\/2020\/08\/Foto-Pablo-Baltasar-.jpg","contentUrl":"http:\/\/www.salesianos.edu\/revistasmx\/wp-content\/uploads\/sites\/8\/2020\/08\/Foto-Pablo-Baltasar-.jpg","width":1066,"height":1066},{"@type":"BreadcrumbList","@id":"http:\/\/www.salesianos.edu\/revistasmx\/la-voz-de-los-jovenes-pablo-baltasar\/#breadcrumb","itemListElement":[{"@type":"ListItem","position":1,"name":"Portada","item":"https:\/\/www.salesianos.edu\/revistasmx\/"},{"@type":"ListItem","position":2,"name":"La voz de los j\u00f3venes: Pablo Baltasar"}]},{"@type":"WebSite","@id":"http:\/\/www.salesianos.edu\/revistasmx\/#website","url":"http:\/\/www.salesianos.edu\/revistasmx\/","name":"Revista SMX","description":"P\u00e1gina oficial de Inspector\u00eda Salesiana Mar\u00eda Auxiliadora","potentialAction":[{"@type":"SearchAction","target":{"@type":"EntryPoint","urlTemplate":"http:\/\/www.salesianos.edu\/revistasmx\/?s={search_term_string}"},"query-input":{"@type":"PropertyValueSpecification","valueRequired":true,"valueName":"search_term_string"}}],"inLanguage":"es"},{"@type":"Person","@id":"http:\/\/www.salesianos.edu\/revistasmx\/#\/schema\/person\/20a80be1bb4e0ed82068c57facf5b237","name":"martapeirat","image":{"@type":"ImageObject","inLanguage":"es","@id":"https:\/\/secure.gravatar.com\/avatar\/1139b81b40ed1dde466563679597db378e7092bbfdd7ebb264c437fedde866d7?s=96&d=mm&r=g","url":"https:\/\/secure.gravatar.com\/avatar\/1139b81b40ed1dde466563679597db378e7092bbfdd7ebb264c437fedde866d7?s=96&d=mm&r=g","contentUrl":"https:\/\/secure.gravatar.com\/avatar\/1139b81b40ed1dde466563679597db378e7092bbfdd7ebb264c437fedde866d7?s=96&d=mm&r=g","caption":"martapeirat"}}]}},"_links":{"self":[{"href":"http:\/\/www.salesianos.edu\/revistasmx\/wp-json\/wp\/v2\/posts\/15570","targetHints":{"allow":["GET"]}}],"collection":[{"href":"http:\/\/www.salesianos.edu\/revistasmx\/wp-json\/wp\/v2\/posts"}],"about":[{"href":"http:\/\/www.salesianos.edu\/revistasmx\/wp-json\/wp\/v2\/types\/post"}],"author":[{"embeddable":true,"href":"http:\/\/www.salesianos.edu\/revistasmx\/wp-json\/wp\/v2\/users\/5"}],"replies":[{"embeddable":true,"href":"http:\/\/www.salesianos.edu\/revistasmx\/wp-json\/wp\/v2\/comments?post=15570"}],"version-history":[{"count":6,"href":"http:\/\/www.salesianos.edu\/revistasmx\/wp-json\/wp\/v2\/posts\/15570\/revisions"}],"predecessor-version":[{"id":15578,"href":"http:\/\/www.salesianos.edu\/revistasmx\/wp-json\/wp\/v2\/posts\/15570\/revisions\/15578"}],"wp:featuredmedia":[{"embeddable":true,"href":"http:\/\/www.salesianos.edu\/revistasmx\/wp-json\/wp\/v2\/media\/15574"}],"wp:attachment":[{"href":"http:\/\/www.salesianos.edu\/revistasmx\/wp-json\/wp\/v2\/media?parent=15570"}],"wp:term":[{"taxonomy":"category","embeddable":true,"href":"http:\/\/www.salesianos.edu\/revistasmx\/wp-json\/wp\/v2\/categories?post=15570"},{"taxonomy":"post_tag","embeddable":true,"href":"http:\/\/www.salesianos.edu\/revistasmx\/wp-json\/wp\/v2\/tags?post=15570"}],"curies":[{"name":"wp","href":"https:\/\/api.w.org\/{rel}","templated":true}]}}