{"id":15523,"date":"2020-04-14T10:03:49","date_gmt":"2020-04-14T08:03:49","guid":{"rendered":"http:\/\/www.salesianos.edu\/revistasmx\/?p=15523"},"modified":"2020-10-14T10:53:37","modified_gmt":"2020-10-14T08:53:37","slug":"la-voz-de-los-jovenes-alberto-salazar","status":"publish","type":"post","link":"http:\/\/www.salesianos.edu\/revistasmx\/la-voz-de-los-jovenes-alberto-salazar\/","title":{"rendered":"La Voz de los j\u00f3venes: Alberto Salazar"},"content":{"rendered":"<div id=\"fb-root\"><\/div>\n<p>[et_pb_section fb_built=\u00bb1&#8243; admin_label=\u00bbsection\u00bb _builder_version=\u00bb3.22&#8243;][et_pb_row admin_label=\u00bbrow\u00bb _builder_version=\u00bb3.25&#8243; background_size=\u00bbinitial\u00bb background_position=\u00bbtop_left\u00bb background_repeat=\u00bbrepeat\u00bb][et_pb_column type=\u00bb4_4&#8243; _builder_version=\u00bb3.25&#8243; custom_padding=\u00bb|||\u00bb custom_padding__hover=\u00bb|||\u00bb][et_pb_text _builder_version=\u00bb4.6.1&#8243; _module_preset=\u00bbdefault\u00bb]<\/p>\n<p>Mi nombre es <strong>Alberto<\/strong>, tengo 21 a\u00f1os y vivo en el Colegio Mayor San Juan Bosco, en <strong>Sevilla<\/strong>. Soy estudiante de cuarto curso de Ingenier\u00eda Industrial y llevo los cuatro a\u00f1os de carrera en esta casa, de cuyo Consejo Colegial soy Decano y d participo como animador del Catecumenado Juvenil <em>Sal Terrae<\/em>.<\/p>\n<p>Como en mi ciudad natal (El Puerto de Santa Mar\u00eda) no hay presencia Salesiana, descubr\u00ed a esta congregaci\u00f3n cuando llegu\u00e9 al Bosco, y mi experiencia hasta ahora no ha podido ser m\u00e1s grata. Veo en ellos una vocaci\u00f3n de servicio que gira en torno a nosotros, los j\u00f3venes, preocup\u00e1ndose por que lleguemos a ser hombres de provecho para la sociedad en el futuro. Adem\u00e1s, nos animan a preocuparnos nosotros de los que no gozan de nuestra suerte.<\/p>\n<p>He de admitir, sin embargo, que esto se debe a la suerte que he tenido en cuanto a los salesianos que he conocido: Don Miguel \u00c1ngel sabe siempre darme un buen consejo, Don Jorge Juan es muy atento con los que menos tienen y puedo decir con seguridad que Don Antonio Calero ha sido la persona m\u00e1s buena que he conocido.<\/p>\n<p>[\/et_pb_text][\/et_pb_column][\/et_pb_row][\/et_pb_section]<\/p>\n","protected":false},"excerpt":{"rendered":"<p>Mi nombre es Alberto, tengo 21 a\u00f1os y vivo en el Colegio Mayor San Juan Bosco, en Sevilla. Soy estudiante de cuarto curso de Ingenier\u00eda Industrial y llevo los cuatro a\u00f1os de carrera en esta casa, de cuyo Consejo Colegial soy Decano y d participo como animador del Catecumenado Juvenil Sal Terrae. Como en mi [&hellip;]<\/p>\n","protected":false},"author":5,"featured_media":15527,"comment_status":"open","ping_status":"closed","sticky":false,"template":"","format":"standard","meta":{"_et_pb_use_builder":"on","_et_pb_old_content":"","_et_gb_content_width":"","footnotes":""},"categories":[615,1,82],"tags":[],"class_list":["post-15523","post","type-post","status-publish","format-standard","has-post-thumbnail","hentry","category-la-voz-de-los-jovenes","category-uncategorized","category-ven-y-sigueme"],"yoast_head":"<!-- This site is optimized with the Yoast SEO plugin v27.5 - https:\/\/yoast.com\/product\/yoast-seo-wordpress\/ -->\n<title>La Voz de los j\u00f3venes: Alberto Salazar - Revista SMX<\/title>\n<meta name=\"robots\" content=\"index, follow, max-snippet:-1, max-image-preview:large, max-video-preview:-1\" \/>\n<link rel=\"canonical\" href=\"http:\/\/www.salesianos.edu\/revistasmx\/la-voz-de-los-jovenes-alberto-salazar\/\" \/>\n<meta property=\"og:locale\" content=\"es_ES\" \/>\n<meta property=\"og:type\" content=\"article\" \/>\n<meta property=\"og:title\" content=\"La Voz de los j\u00f3venes: Alberto Salazar - Revista SMX\" \/>\n<meta property=\"og:description\" content=\"Titulo p\u00e1ginas Subtitulo 1 Lorem Ipsum es simplemente el texto de relleno de las imprentas y archivos de texto. Lorem Ipsum ha sido el texto de relleno est\u00e1ndar de las industrias desde el a\u00f1o 1500, cuando un impresor (N. del T. persona que se dedica a la imprenta) desconocido us\u00f3 una galer\u00eda de textos y [&hellip;]\" \/>\n<meta property=\"og:url\" content=\"http:\/\/www.salesianos.edu\/revistasmx\/la-voz-de-los-jovenes-alberto-salazar\/\" \/>\n<meta property=\"og:site_name\" content=\"Revista SMX\" \/>\n<meta property=\"article:published_time\" content=\"2020-04-14T08:03:49+00:00\" \/>\n<meta property=\"article:modified_time\" content=\"2020-10-14T08:53:37+00:00\" \/>\n<meta property=\"og:image\" content=\"http:\/\/www.salesianos.edu\/revistasmx\/wp-content\/uploads\/sites\/8\/2020\/10\/Alberto-Salazar-.jpg\" \/>\n\t<meta property=\"og:image:width\" content=\"1340\" \/>\n\t<meta property=\"og:image:height\" content=\"1340\" \/>\n\t<meta property=\"og:image:type\" content=\"image\/jpeg\" \/>\n<meta name=\"author\" content=\"martapeirat\" \/>\n<meta name=\"twitter:card\" content=\"summary_large_image\" \/>\n<meta name=\"twitter:label1\" content=\"Escrito por\" \/>\n\t<meta name=\"twitter:data1\" content=\"martapeirat\" \/>\n\t<meta name=\"twitter:label2\" content=\"Tiempo de lectura\" \/>\n\t<meta name=\"twitter:data2\" content=\"1 minuto\" \/>\n<script type=\"application\/ld+json\" class=\"yoast-schema-graph\">{\"@context\":\"https:\\\/\\\/schema.org\",\"@graph\":[{\"@type\":\"Article\",\"@id\":\"http:\\\/\\\/www.salesianos.edu\\\/revistasmx\\\/la-voz-de-los-jovenes-alberto-salazar\\\/#article\",\"isPartOf\":{\"@id\":\"http:\\\/\\\/www.salesianos.edu\\\/revistasmx\\\/la-voz-de-los-jovenes-alberto-salazar\\\/\"},\"author\":{\"name\":\"martapeirat\",\"@id\":\"http:\\\/\\\/www.salesianos.edu\\\/revistasmx\\\/#\\\/schema\\\/person\\\/20a80be1bb4e0ed82068c57facf5b237\"},\"headline\":\"La Voz de los j\u00f3venes: Alberto Salazar\",\"datePublished\":\"2020-04-14T08:03:49+00:00\",\"dateModified\":\"2020-10-14T08:53:37+00:00\",\"mainEntityOfPage\":{\"@id\":\"http:\\\/\\\/www.salesianos.edu\\\/revistasmx\\\/la-voz-de-los-jovenes-alberto-salazar\\\/\"},\"wordCount\":267,\"commentCount\":0,\"image\":{\"@id\":\"http:\\\/\\\/www.salesianos.edu\\\/revistasmx\\\/la-voz-de-los-jovenes-alberto-salazar\\\/#primaryimage\"},\"thumbnailUrl\":\"http:\\\/\\\/www.salesianos.edu\\\/revistasmx\\\/wp-content\\\/uploads\\\/sites\\\/8\\\/2020\\\/10\\\/Alberto-Salazar-.jpg\",\"articleSection\":[\"La voz de los j\u00f3venes\",\"Uncategorized\",\"VEN y SIGUEME\"],\"inLanguage\":\"es\",\"potentialAction\":[{\"@type\":\"CommentAction\",\"name\":\"Comment\",\"target\":[\"http:\\\/\\\/www.salesianos.edu\\\/revistasmx\\\/la-voz-de-los-jovenes-alberto-salazar\\\/#respond\"]}]},{\"@type\":\"WebPage\",\"@id\":\"http:\\\/\\\/www.salesianos.edu\\\/revistasmx\\\/la-voz-de-los-jovenes-alberto-salazar\\\/\",\"url\":\"http:\\\/\\\/www.salesianos.edu\\\/revistasmx\\\/la-voz-de-los-jovenes-alberto-salazar\\\/\",\"name\":\"La Voz de los j\u00f3venes: Alberto Salazar - Revista SMX\",\"isPartOf\":{\"@id\":\"http:\\\/\\\/www.salesianos.edu\\\/revistasmx\\\/#website\"},\"primaryImageOfPage\":{\"@id\":\"http:\\\/\\\/www.salesianos.edu\\\/revistasmx\\\/la-voz-de-los-jovenes-alberto-salazar\\\/#primaryimage\"},\"image\":{\"@id\":\"http:\\\/\\\/www.salesianos.edu\\\/revistasmx\\\/la-voz-de-los-jovenes-alberto-salazar\\\/#primaryimage\"},\"thumbnailUrl\":\"http:\\\/\\\/www.salesianos.edu\\\/revistasmx\\\/wp-content\\\/uploads\\\/sites\\\/8\\\/2020\\\/10\\\/Alberto-Salazar-.jpg\",\"datePublished\":\"2020-04-14T08:03:49+00:00\",\"dateModified\":\"2020-10-14T08:53:37+00:00\",\"author\":{\"@id\":\"http:\\\/\\\/www.salesianos.edu\\\/revistasmx\\\/#\\\/schema\\\/person\\\/20a80be1bb4e0ed82068c57facf5b237\"},\"breadcrumb\":{\"@id\":\"http:\\\/\\\/www.salesianos.edu\\\/revistasmx\\\/la-voz-de-los-jovenes-alberto-salazar\\\/#breadcrumb\"},\"inLanguage\":\"es\",\"potentialAction\":[{\"@type\":\"ReadAction\",\"target\":[\"http:\\\/\\\/www.salesianos.edu\\\/revistasmx\\\/la-voz-de-los-jovenes-alberto-salazar\\\/\"]}]},{\"@type\":\"ImageObject\",\"inLanguage\":\"es\",\"@id\":\"http:\\\/\\\/www.salesianos.edu\\\/revistasmx\\\/la-voz-de-los-jovenes-alberto-salazar\\\/#primaryimage\",\"url\":\"http:\\\/\\\/www.salesianos.edu\\\/revistasmx\\\/wp-content\\\/uploads\\\/sites\\\/8\\\/2020\\\/10\\\/Alberto-Salazar-.jpg\",\"contentUrl\":\"http:\\\/\\\/www.salesianos.edu\\\/revistasmx\\\/wp-content\\\/uploads\\\/sites\\\/8\\\/2020\\\/10\\\/Alberto-Salazar-.jpg\",\"width\":1340,\"height\":1340},{\"@type\":\"BreadcrumbList\",\"@id\":\"http:\\\/\\\/www.salesianos.edu\\\/revistasmx\\\/la-voz-de-los-jovenes-alberto-salazar\\\/#breadcrumb\",\"itemListElement\":[{\"@type\":\"ListItem\",\"position\":1,\"name\":\"Portada\",\"item\":\"https:\\\/\\\/www.salesianos.edu\\\/revistasmx\\\/\"},{\"@type\":\"ListItem\",\"position\":2,\"name\":\"La Voz de los j\u00f3venes: Alberto Salazar\"}]},{\"@type\":\"WebSite\",\"@id\":\"http:\\\/\\\/www.salesianos.edu\\\/revistasmx\\\/#website\",\"url\":\"http:\\\/\\\/www.salesianos.edu\\\/revistasmx\\\/\",\"name\":\"Revista SMX\",\"description\":\"P\u00e1gina oficial de Inspector\u00eda Salesiana Mar\u00eda Auxiliadora\",\"potentialAction\":[{\"@type\":\"SearchAction\",\"target\":{\"@type\":\"EntryPoint\",\"urlTemplate\":\"http:\\\/\\\/www.salesianos.edu\\\/revistasmx\\\/?s={search_term_string}\"},\"query-input\":{\"@type\":\"PropertyValueSpecification\",\"valueRequired\":true,\"valueName\":\"search_term_string\"}}],\"inLanguage\":\"es\"},{\"@type\":\"Person\",\"@id\":\"http:\\\/\\\/www.salesianos.edu\\\/revistasmx\\\/#\\\/schema\\\/person\\\/20a80be1bb4e0ed82068c57facf5b237\",\"name\":\"martapeirat\",\"image\":{\"@type\":\"ImageObject\",\"inLanguage\":\"es\",\"@id\":\"https:\\\/\\\/secure.gravatar.com\\\/avatar\\\/1139b81b40ed1dde466563679597db378e7092bbfdd7ebb264c437fedde866d7?s=96&d=mm&r=g\",\"url\":\"https:\\\/\\\/secure.gravatar.com\\\/avatar\\\/1139b81b40ed1dde466563679597db378e7092bbfdd7ebb264c437fedde866d7?s=96&d=mm&r=g\",\"contentUrl\":\"https:\\\/\\\/secure.gravatar.com\\\/avatar\\\/1139b81b40ed1dde466563679597db378e7092bbfdd7ebb264c437fedde866d7?s=96&d=mm&r=g\",\"caption\":\"martapeirat\"}}]}<\/script>\n<!-- \/ Yoast SEO plugin. -->","yoast_head_json":{"title":"La Voz de los j\u00f3venes: Alberto Salazar - Revista SMX","robots":{"index":"index","follow":"follow","max-snippet":"max-snippet:-1","max-image-preview":"max-image-preview:large","max-video-preview":"max-video-preview:-1"},"canonical":"http:\/\/www.salesianos.edu\/revistasmx\/la-voz-de-los-jovenes-alberto-salazar\/","og_locale":"es_ES","og_type":"article","og_title":"La Voz de los j\u00f3venes: Alberto Salazar - Revista SMX","og_description":"Titulo p\u00e1ginas Subtitulo 1 Lorem Ipsum es simplemente el texto de relleno de las imprentas y archivos de texto. Lorem Ipsum ha sido el texto de relleno est\u00e1ndar de las industrias desde el a\u00f1o 1500, cuando un impresor (N. del T. persona que se dedica a la imprenta) desconocido us\u00f3 una galer\u00eda de textos y [&hellip;]","og_url":"http:\/\/www.salesianos.edu\/revistasmx\/la-voz-de-los-jovenes-alberto-salazar\/","og_site_name":"Revista SMX","article_published_time":"2020-04-14T08:03:49+00:00","article_modified_time":"2020-10-14T08:53:37+00:00","og_image":[{"width":1340,"height":1340,"url":"http:\/\/www.salesianos.edu\/revistasmx\/wp-content\/uploads\/sites\/8\/2020\/10\/Alberto-Salazar-.jpg","type":"image\/jpeg"}],"author":"martapeirat","twitter_card":"summary_large_image","twitter_misc":{"Escrito por":"martapeirat","Tiempo de lectura":"1 minuto"},"schema":{"@context":"https:\/\/schema.org","@graph":[{"@type":"Article","@id":"http:\/\/www.salesianos.edu\/revistasmx\/la-voz-de-los-jovenes-alberto-salazar\/#article","isPartOf":{"@id":"http:\/\/www.salesianos.edu\/revistasmx\/la-voz-de-los-jovenes-alberto-salazar\/"},"author":{"name":"martapeirat","@id":"http:\/\/www.salesianos.edu\/revistasmx\/#\/schema\/person\/20a80be1bb4e0ed82068c57facf5b237"},"headline":"La Voz de los j\u00f3venes: Alberto Salazar","datePublished":"2020-04-14T08:03:49+00:00","dateModified":"2020-10-14T08:53:37+00:00","mainEntityOfPage":{"@id":"http:\/\/www.salesianos.edu\/revistasmx\/la-voz-de-los-jovenes-alberto-salazar\/"},"wordCount":267,"commentCount":0,"image":{"@id":"http:\/\/www.salesianos.edu\/revistasmx\/la-voz-de-los-jovenes-alberto-salazar\/#primaryimage"},"thumbnailUrl":"http:\/\/www.salesianos.edu\/revistasmx\/wp-content\/uploads\/sites\/8\/2020\/10\/Alberto-Salazar-.jpg","articleSection":["La voz de los j\u00f3venes","Uncategorized","VEN y SIGUEME"],"inLanguage":"es","potentialAction":[{"@type":"CommentAction","name":"Comment","target":["http:\/\/www.salesianos.edu\/revistasmx\/la-voz-de-los-jovenes-alberto-salazar\/#respond"]}]},{"@type":"WebPage","@id":"http:\/\/www.salesianos.edu\/revistasmx\/la-voz-de-los-jovenes-alberto-salazar\/","url":"http:\/\/www.salesianos.edu\/revistasmx\/la-voz-de-los-jovenes-alberto-salazar\/","name":"La Voz de los j\u00f3venes: Alberto Salazar - Revista SMX","isPartOf":{"@id":"http:\/\/www.salesianos.edu\/revistasmx\/#website"},"primaryImageOfPage":{"@id":"http:\/\/www.salesianos.edu\/revistasmx\/la-voz-de-los-jovenes-alberto-salazar\/#primaryimage"},"image":{"@id":"http:\/\/www.salesianos.edu\/revistasmx\/la-voz-de-los-jovenes-alberto-salazar\/#primaryimage"},"thumbnailUrl":"http:\/\/www.salesianos.edu\/revistasmx\/wp-content\/uploads\/sites\/8\/2020\/10\/Alberto-Salazar-.jpg","datePublished":"2020-04-14T08:03:49+00:00","dateModified":"2020-10-14T08:53:37+00:00","author":{"@id":"http:\/\/www.salesianos.edu\/revistasmx\/#\/schema\/person\/20a80be1bb4e0ed82068c57facf5b237"},"breadcrumb":{"@id":"http:\/\/www.salesianos.edu\/revistasmx\/la-voz-de-los-jovenes-alberto-salazar\/#breadcrumb"},"inLanguage":"es","potentialAction":[{"@type":"ReadAction","target":["http:\/\/www.salesianos.edu\/revistasmx\/la-voz-de-los-jovenes-alberto-salazar\/"]}]},{"@type":"ImageObject","inLanguage":"es","@id":"http:\/\/www.salesianos.edu\/revistasmx\/la-voz-de-los-jovenes-alberto-salazar\/#primaryimage","url":"http:\/\/www.salesianos.edu\/revistasmx\/wp-content\/uploads\/sites\/8\/2020\/10\/Alberto-Salazar-.jpg","contentUrl":"http:\/\/www.salesianos.edu\/revistasmx\/wp-content\/uploads\/sites\/8\/2020\/10\/Alberto-Salazar-.jpg","width":1340,"height":1340},{"@type":"BreadcrumbList","@id":"http:\/\/www.salesianos.edu\/revistasmx\/la-voz-de-los-jovenes-alberto-salazar\/#breadcrumb","itemListElement":[{"@type":"ListItem","position":1,"name":"Portada","item":"https:\/\/www.salesianos.edu\/revistasmx\/"},{"@type":"ListItem","position":2,"name":"La Voz de los j\u00f3venes: Alberto Salazar"}]},{"@type":"WebSite","@id":"http:\/\/www.salesianos.edu\/revistasmx\/#website","url":"http:\/\/www.salesianos.edu\/revistasmx\/","name":"Revista SMX","description":"P\u00e1gina oficial de Inspector\u00eda Salesiana Mar\u00eda Auxiliadora","potentialAction":[{"@type":"SearchAction","target":{"@type":"EntryPoint","urlTemplate":"http:\/\/www.salesianos.edu\/revistasmx\/?s={search_term_string}"},"query-input":{"@type":"PropertyValueSpecification","valueRequired":true,"valueName":"search_term_string"}}],"inLanguage":"es"},{"@type":"Person","@id":"http:\/\/www.salesianos.edu\/revistasmx\/#\/schema\/person\/20a80be1bb4e0ed82068c57facf5b237","name":"martapeirat","image":{"@type":"ImageObject","inLanguage":"es","@id":"https:\/\/secure.gravatar.com\/avatar\/1139b81b40ed1dde466563679597db378e7092bbfdd7ebb264c437fedde866d7?s=96&d=mm&r=g","url":"https:\/\/secure.gravatar.com\/avatar\/1139b81b40ed1dde466563679597db378e7092bbfdd7ebb264c437fedde866d7?s=96&d=mm&r=g","contentUrl":"https:\/\/secure.gravatar.com\/avatar\/1139b81b40ed1dde466563679597db378e7092bbfdd7ebb264c437fedde866d7?s=96&d=mm&r=g","caption":"martapeirat"}}]}},"_links":{"self":[{"href":"http:\/\/www.salesianos.edu\/revistasmx\/wp-json\/wp\/v2\/posts\/15523","targetHints":{"allow":["GET"]}}],"collection":[{"href":"http:\/\/www.salesianos.edu\/revistasmx\/wp-json\/wp\/v2\/posts"}],"about":[{"href":"http:\/\/www.salesianos.edu\/revistasmx\/wp-json\/wp\/v2\/types\/post"}],"author":[{"embeddable":true,"href":"http:\/\/www.salesianos.edu\/revistasmx\/wp-json\/wp\/v2\/users\/5"}],"replies":[{"embeddable":true,"href":"http:\/\/www.salesianos.edu\/revistasmx\/wp-json\/wp\/v2\/comments?post=15523"}],"version-history":[{"count":3,"href":"http:\/\/www.salesianos.edu\/revistasmx\/wp-json\/wp\/v2\/posts\/15523\/revisions"}],"predecessor-version":[{"id":15531,"href":"http:\/\/www.salesianos.edu\/revistasmx\/wp-json\/wp\/v2\/posts\/15523\/revisions\/15531"}],"wp:featuredmedia":[{"embeddable":true,"href":"http:\/\/www.salesianos.edu\/revistasmx\/wp-json\/wp\/v2\/media\/15527"}],"wp:attachment":[{"href":"http:\/\/www.salesianos.edu\/revistasmx\/wp-json\/wp\/v2\/media?parent=15523"}],"wp:term":[{"taxonomy":"category","embeddable":true,"href":"http:\/\/www.salesianos.edu\/revistasmx\/wp-json\/wp\/v2\/categories?post=15523"},{"taxonomy":"post_tag","embeddable":true,"href":"http:\/\/www.salesianos.edu\/revistasmx\/wp-json\/wp\/v2\/tags?post=15523"}],"curies":[{"name":"wp","href":"https:\/\/api.w.org\/{rel}","templated":true}]}}