{"id":15051,"date":"2020-09-28T07:28:20","date_gmt":"2020-09-28T05:28:20","guid":{"rendered":"http:\/\/www.salesianos.edu\/revistasmx\/?p=15051"},"modified":"2020-09-30T09:06:01","modified_gmt":"2020-09-30T07:06:01","slug":"testimonio-de-josemi-perez-sdb-mi-dia-a-dia-como-salesiano-en-la-casa-de-triana-es-apasionante","status":"publish","type":"post","link":"http:\/\/www.salesianos.edu\/revistasmx\/testimonio-de-josemi-perez-sdb-mi-dia-a-dia-como-salesiano-en-la-casa-de-triana-es-apasionante\/","title":{"rendered":"Testimonio de Josemi P\u00e9rez, sdb: Mi d\u00eda a d\u00eda como salesiano en la casa de Triana es apasionante"},"content":{"rendered":"<div id=\"fb-root\"><\/div>\n<p>[et_pb_section fb_built=\u00bb1&#8243; _builder_version=\u00bb4.6.1&#8243; _module_preset=\u00bbdefault\u00bb][et_pb_row _builder_version=\u00bb4.6.1&#8243; _module_preset=\u00bbdefault\u00bb][et_pb_column type=\u00bb4_4&#8243; _builder_version=\u00bb4.6.1&#8243; _module_preset=\u00bbdefault\u00bb][et_pb_text _builder_version=\u00bb4.6.1&#8243; _module_preset=\u00bbdefault\u00bb]<\/p>\n<p><span style=\"font-weight: 400;\">Inicio mi d\u00eda con una ducha, un caf\u00e9 y acto seguido yendo a la capilla a poner la jornada que comienza en manos de Dios, despu\u00e9s toda la comunidad rezamos juntos.<\/span><\/p>\n<p><span style=\"font-weight: 400;\">Antes de salir para la universidad bajo al colegio a los buenos d\u00edas, saludo a los j\u00f3venes y profesores.\u00a0<\/span><\/p>\n<p><span style=\"font-weight: 400;\">Siempre hay cosas que hacer en una casa tan grande; el truco est\u00e1 en organizarse y dar prioridad a las cosas m\u00e1s importantes. En mi caso son los estudios, la comunidad y la pastoral.\u00a0<\/span><\/p>\n<p><span style=\"font-weight: 400;\">A nivel comunitario, tenemos nuestros tiempos de oraci\u00f3n, formaci\u00f3n y distensi\u00f3n. Tengo la gran suerte de estar en una comunidad donde los hermanos tienen muchas cualidades, y a pesar de la edad de algunos, se siguen entregando todo lo que pueden. Son todo un ejemplo.<\/span><\/p>\n<p><span style=\"font-weight: 400;\">En la universidad intento dar testimonio de mi opci\u00f3n de vida, comparto las ma\u00f1anas con mis compa\u00f1eros de clase. Las tardes las dedico al estudio y trabajos. El final de la tarde lo dedico a la pastoral. Especialmente, la tarde de los viernes con todas las actividades de los grupos de fe, y los domingos en la eucarist\u00eda con los animadores.\u00a0<\/span><\/p>\n<p><span style=\"font-weight: 400;\">Al final del d\u00eda, trato de buscar un tiempo pausado y en silencio ante el Se\u00f1or, para revisar el d\u00eda y darle gracias por tantas personas y cosas buenas que suceden a m\u00ed alrededor.<\/span><\/p>\n<p>&nbsp;<\/p>\n<p>[\/et_pb_text][\/et_pb_column][\/et_pb_row][\/et_pb_section]<\/p>\n","protected":false},"excerpt":{"rendered":"<p>Testimonio de Josemi, salesiano. Cuenta su d\u00eda a d\u00eda en la Casa de Triana.<\/p>\n","protected":false},"author":12,"featured_media":15052,"comment_status":"open","ping_status":"closed","sticky":false,"template":"","format":"standard","meta":{"_et_pb_use_builder":"on","_et_pb_old_content":"","_et_gb_content_width":"","footnotes":""},"categories":[136,82],"tags":[],"class_list":["post-15051","post","type-post","status-publish","format-standard","has-post-thumbnail","hentry","category-testimonio","category-ven-y-sigueme"],"yoast_head":"<!-- This site is optimized with the Yoast SEO plugin v27.5 - https:\/\/yoast.com\/product\/yoast-seo-wordpress\/ -->\n<title>Testimonio de Josemi P\u00e9rez, sdb: Mi d\u00eda a d\u00eda como salesiano en la casa de Triana es apasionante - Revista SMX<\/title>\n<meta name=\"robots\" content=\"index, follow, max-snippet:-1, max-image-preview:large, max-video-preview:-1\" \/>\n<link rel=\"canonical\" href=\"http:\/\/www.salesianos.edu\/revistasmx\/testimonio-de-josemi-perez-sdb-mi-dia-a-dia-como-salesiano-en-la-casa-de-triana-es-apasionante\/\" \/>\n<meta property=\"og:locale\" content=\"es_ES\" \/>\n<meta property=\"og:type\" content=\"article\" \/>\n<meta property=\"og:title\" content=\"Testimonio de Josemi P\u00e9rez, sdb: Mi d\u00eda a d\u00eda como salesiano en la casa de Triana es apasionante - Revista SMX\" \/>\n<meta property=\"og:description\" content=\"Testimonio de Josemi, salesiano. Cuenta su d\u00eda a d\u00eda en la Casa de Triana.\" \/>\n<meta property=\"og:url\" content=\"http:\/\/www.salesianos.edu\/revistasmx\/testimonio-de-josemi-perez-sdb-mi-dia-a-dia-como-salesiano-en-la-casa-de-triana-es-apasionante\/\" \/>\n<meta property=\"og:site_name\" content=\"Revista SMX\" \/>\n<meta property=\"article:published_time\" content=\"2020-09-28T05:28:20+00:00\" \/>\n<meta property=\"article:modified_time\" content=\"2020-09-30T07:06:01+00:00\" \/>\n<meta property=\"og:image\" content=\"http:\/\/www.salesianos.edu\/revistasmx\/wp-content\/uploads\/sites\/8\/2020\/09\/Josemi-sdb.png\" \/>\n\t<meta property=\"og:image:width\" content=\"960\" \/>\n\t<meta property=\"og:image:height\" content=\"471\" \/>\n\t<meta property=\"og:image:type\" content=\"image\/png\" \/>\n<meta name=\"author\" content=\"joseluisgarciamoscoso\" \/>\n<meta name=\"twitter:card\" content=\"summary_large_image\" \/>\n<meta name=\"twitter:label1\" content=\"Escrito por\" \/>\n\t<meta name=\"twitter:data1\" content=\"joseluisgarciamoscoso\" \/>\n\t<meta name=\"twitter:label2\" content=\"Tiempo de lectura\" \/>\n\t<meta name=\"twitter:data2\" content=\"1 minuto\" \/>\n<script type=\"application\/ld+json\" class=\"yoast-schema-graph\">{\"@context\":\"https:\\\/\\\/schema.org\",\"@graph\":[{\"@type\":\"Article\",\"@id\":\"http:\\\/\\\/www.salesianos.edu\\\/revistasmx\\\/testimonio-de-josemi-perez-sdb-mi-dia-a-dia-como-salesiano-en-la-casa-de-triana-es-apasionante\\\/#article\",\"isPartOf\":{\"@id\":\"http:\\\/\\\/www.salesianos.edu\\\/revistasmx\\\/testimonio-de-josemi-perez-sdb-mi-dia-a-dia-como-salesiano-en-la-casa-de-triana-es-apasionante\\\/\"},\"author\":{\"name\":\"joseluisgarciamoscoso\",\"@id\":\"http:\\\/\\\/www.salesianos.edu\\\/revistasmx\\\/#\\\/schema\\\/person\\\/a1d72ee5373cce7347fb2993ba9f47d6\"},\"headline\":\"Testimonio de Josemi P\u00e9rez, sdb: Mi d\u00eda a d\u00eda como salesiano en la casa de Triana es apasionante\",\"datePublished\":\"2020-09-28T05:28:20+00:00\",\"dateModified\":\"2020-09-30T07:06:01+00:00\",\"mainEntityOfPage\":{\"@id\":\"http:\\\/\\\/www.salesianos.edu\\\/revistasmx\\\/testimonio-de-josemi-perez-sdb-mi-dia-a-dia-como-salesiano-en-la-casa-de-triana-es-apasionante\\\/\"},\"wordCount\":308,\"commentCount\":0,\"image\":{\"@id\":\"http:\\\/\\\/www.salesianos.edu\\\/revistasmx\\\/testimonio-de-josemi-perez-sdb-mi-dia-a-dia-como-salesiano-en-la-casa-de-triana-es-apasionante\\\/#primaryimage\"},\"thumbnailUrl\":\"http:\\\/\\\/www.salesianos.edu\\\/revistasmx\\\/wp-content\\\/uploads\\\/sites\\\/8\\\/2020\\\/09\\\/Josemi-sdb.png\",\"articleSection\":[\"Testimonio\",\"VEN y SIGUEME\"],\"inLanguage\":\"es\",\"potentialAction\":[{\"@type\":\"CommentAction\",\"name\":\"Comment\",\"target\":[\"http:\\\/\\\/www.salesianos.edu\\\/revistasmx\\\/testimonio-de-josemi-perez-sdb-mi-dia-a-dia-como-salesiano-en-la-casa-de-triana-es-apasionante\\\/#respond\"]}]},{\"@type\":\"WebPage\",\"@id\":\"http:\\\/\\\/www.salesianos.edu\\\/revistasmx\\\/testimonio-de-josemi-perez-sdb-mi-dia-a-dia-como-salesiano-en-la-casa-de-triana-es-apasionante\\\/\",\"url\":\"http:\\\/\\\/www.salesianos.edu\\\/revistasmx\\\/testimonio-de-josemi-perez-sdb-mi-dia-a-dia-como-salesiano-en-la-casa-de-triana-es-apasionante\\\/\",\"name\":\"Testimonio de Josemi P\u00e9rez, sdb: Mi d\u00eda a d\u00eda como salesiano en la casa de Triana es apasionante - Revista SMX\",\"isPartOf\":{\"@id\":\"http:\\\/\\\/www.salesianos.edu\\\/revistasmx\\\/#website\"},\"primaryImageOfPage\":{\"@id\":\"http:\\\/\\\/www.salesianos.edu\\\/revistasmx\\\/testimonio-de-josemi-perez-sdb-mi-dia-a-dia-como-salesiano-en-la-casa-de-triana-es-apasionante\\\/#primaryimage\"},\"image\":{\"@id\":\"http:\\\/\\\/www.salesianos.edu\\\/revistasmx\\\/testimonio-de-josemi-perez-sdb-mi-dia-a-dia-como-salesiano-en-la-casa-de-triana-es-apasionante\\\/#primaryimage\"},\"thumbnailUrl\":\"http:\\\/\\\/www.salesianos.edu\\\/revistasmx\\\/wp-content\\\/uploads\\\/sites\\\/8\\\/2020\\\/09\\\/Josemi-sdb.png\",\"datePublished\":\"2020-09-28T05:28:20+00:00\",\"dateModified\":\"2020-09-30T07:06:01+00:00\",\"author\":{\"@id\":\"http:\\\/\\\/www.salesianos.edu\\\/revistasmx\\\/#\\\/schema\\\/person\\\/a1d72ee5373cce7347fb2993ba9f47d6\"},\"breadcrumb\":{\"@id\":\"http:\\\/\\\/www.salesianos.edu\\\/revistasmx\\\/testimonio-de-josemi-perez-sdb-mi-dia-a-dia-como-salesiano-en-la-casa-de-triana-es-apasionante\\\/#breadcrumb\"},\"inLanguage\":\"es\",\"potentialAction\":[{\"@type\":\"ReadAction\",\"target\":[\"http:\\\/\\\/www.salesianos.edu\\\/revistasmx\\\/testimonio-de-josemi-perez-sdb-mi-dia-a-dia-como-salesiano-en-la-casa-de-triana-es-apasionante\\\/\"]}]},{\"@type\":\"ImageObject\",\"inLanguage\":\"es\",\"@id\":\"http:\\\/\\\/www.salesianos.edu\\\/revistasmx\\\/testimonio-de-josemi-perez-sdb-mi-dia-a-dia-como-salesiano-en-la-casa-de-triana-es-apasionante\\\/#primaryimage\",\"url\":\"http:\\\/\\\/www.salesianos.edu\\\/revistasmx\\\/wp-content\\\/uploads\\\/sites\\\/8\\\/2020\\\/09\\\/Josemi-sdb.png\",\"contentUrl\":\"http:\\\/\\\/www.salesianos.edu\\\/revistasmx\\\/wp-content\\\/uploads\\\/sites\\\/8\\\/2020\\\/09\\\/Josemi-sdb.png\",\"width\":960,\"height\":471},{\"@type\":\"BreadcrumbList\",\"@id\":\"http:\\\/\\\/www.salesianos.edu\\\/revistasmx\\\/testimonio-de-josemi-perez-sdb-mi-dia-a-dia-como-salesiano-en-la-casa-de-triana-es-apasionante\\\/#breadcrumb\",\"itemListElement\":[{\"@type\":\"ListItem\",\"position\":1,\"name\":\"Portada\",\"item\":\"https:\\\/\\\/www.salesianos.edu\\\/revistasmx\\\/\"},{\"@type\":\"ListItem\",\"position\":2,\"name\":\"Testimonio de Josemi P\u00e9rez, sdb: Mi d\u00eda a d\u00eda como salesiano en la casa de Triana es apasionante\"}]},{\"@type\":\"WebSite\",\"@id\":\"http:\\\/\\\/www.salesianos.edu\\\/revistasmx\\\/#website\",\"url\":\"http:\\\/\\\/www.salesianos.edu\\\/revistasmx\\\/\",\"name\":\"Revista SMX\",\"description\":\"P\u00e1gina oficial de Inspector\u00eda Salesiana Mar\u00eda Auxiliadora\",\"potentialAction\":[{\"@type\":\"SearchAction\",\"target\":{\"@type\":\"EntryPoint\",\"urlTemplate\":\"http:\\\/\\\/www.salesianos.edu\\\/revistasmx\\\/?s={search_term_string}\"},\"query-input\":{\"@type\":\"PropertyValueSpecification\",\"valueRequired\":true,\"valueName\":\"search_term_string\"}}],\"inLanguage\":\"es\"},{\"@type\":\"Person\",\"@id\":\"http:\\\/\\\/www.salesianos.edu\\\/revistasmx\\\/#\\\/schema\\\/person\\\/a1d72ee5373cce7347fb2993ba9f47d6\",\"name\":\"joseluisgarciamoscoso\",\"image\":{\"@type\":\"ImageObject\",\"inLanguage\":\"es\",\"@id\":\"https:\\\/\\\/secure.gravatar.com\\\/avatar\\\/3fda3a0b2db3bc9a39871e47cbd526b42d6c3b74755b7ae1400a87b2913fea6a?s=96&d=mm&r=g\",\"url\":\"https:\\\/\\\/secure.gravatar.com\\\/avatar\\\/3fda3a0b2db3bc9a39871e47cbd526b42d6c3b74755b7ae1400a87b2913fea6a?s=96&d=mm&r=g\",\"contentUrl\":\"https:\\\/\\\/secure.gravatar.com\\\/avatar\\\/3fda3a0b2db3bc9a39871e47cbd526b42d6c3b74755b7ae1400a87b2913fea6a?s=96&d=mm&r=g\",\"caption\":\"joseluisgarciamoscoso\"}}]}<\/script>\n<!-- \/ Yoast SEO plugin. -->","yoast_head_json":{"title":"Testimonio de Josemi P\u00e9rez, sdb: Mi d\u00eda a d\u00eda como salesiano en la casa de Triana es apasionante - Revista SMX","robots":{"index":"index","follow":"follow","max-snippet":"max-snippet:-1","max-image-preview":"max-image-preview:large","max-video-preview":"max-video-preview:-1"},"canonical":"http:\/\/www.salesianos.edu\/revistasmx\/testimonio-de-josemi-perez-sdb-mi-dia-a-dia-como-salesiano-en-la-casa-de-triana-es-apasionante\/","og_locale":"es_ES","og_type":"article","og_title":"Testimonio de Josemi P\u00e9rez, sdb: Mi d\u00eda a d\u00eda como salesiano en la casa de Triana es apasionante - Revista SMX","og_description":"Testimonio de Josemi, salesiano. Cuenta su d\u00eda a d\u00eda en la Casa de Triana.","og_url":"http:\/\/www.salesianos.edu\/revistasmx\/testimonio-de-josemi-perez-sdb-mi-dia-a-dia-como-salesiano-en-la-casa-de-triana-es-apasionante\/","og_site_name":"Revista SMX","article_published_time":"2020-09-28T05:28:20+00:00","article_modified_time":"2020-09-30T07:06:01+00:00","og_image":[{"width":960,"height":471,"url":"http:\/\/www.salesianos.edu\/revistasmx\/wp-content\/uploads\/sites\/8\/2020\/09\/Josemi-sdb.png","type":"image\/png"}],"author":"joseluisgarciamoscoso","twitter_card":"summary_large_image","twitter_misc":{"Escrito por":"joseluisgarciamoscoso","Tiempo de lectura":"1 minuto"},"schema":{"@context":"https:\/\/schema.org","@graph":[{"@type":"Article","@id":"http:\/\/www.salesianos.edu\/revistasmx\/testimonio-de-josemi-perez-sdb-mi-dia-a-dia-como-salesiano-en-la-casa-de-triana-es-apasionante\/#article","isPartOf":{"@id":"http:\/\/www.salesianos.edu\/revistasmx\/testimonio-de-josemi-perez-sdb-mi-dia-a-dia-como-salesiano-en-la-casa-de-triana-es-apasionante\/"},"author":{"name":"joseluisgarciamoscoso","@id":"http:\/\/www.salesianos.edu\/revistasmx\/#\/schema\/person\/a1d72ee5373cce7347fb2993ba9f47d6"},"headline":"Testimonio de Josemi P\u00e9rez, sdb: Mi d\u00eda a d\u00eda como salesiano en la casa de Triana es apasionante","datePublished":"2020-09-28T05:28:20+00:00","dateModified":"2020-09-30T07:06:01+00:00","mainEntityOfPage":{"@id":"http:\/\/www.salesianos.edu\/revistasmx\/testimonio-de-josemi-perez-sdb-mi-dia-a-dia-como-salesiano-en-la-casa-de-triana-es-apasionante\/"},"wordCount":308,"commentCount":0,"image":{"@id":"http:\/\/www.salesianos.edu\/revistasmx\/testimonio-de-josemi-perez-sdb-mi-dia-a-dia-como-salesiano-en-la-casa-de-triana-es-apasionante\/#primaryimage"},"thumbnailUrl":"http:\/\/www.salesianos.edu\/revistasmx\/wp-content\/uploads\/sites\/8\/2020\/09\/Josemi-sdb.png","articleSection":["Testimonio","VEN y SIGUEME"],"inLanguage":"es","potentialAction":[{"@type":"CommentAction","name":"Comment","target":["http:\/\/www.salesianos.edu\/revistasmx\/testimonio-de-josemi-perez-sdb-mi-dia-a-dia-como-salesiano-en-la-casa-de-triana-es-apasionante\/#respond"]}]},{"@type":"WebPage","@id":"http:\/\/www.salesianos.edu\/revistasmx\/testimonio-de-josemi-perez-sdb-mi-dia-a-dia-como-salesiano-en-la-casa-de-triana-es-apasionante\/","url":"http:\/\/www.salesianos.edu\/revistasmx\/testimonio-de-josemi-perez-sdb-mi-dia-a-dia-como-salesiano-en-la-casa-de-triana-es-apasionante\/","name":"Testimonio de Josemi P\u00e9rez, sdb: Mi d\u00eda a d\u00eda como salesiano en la casa de Triana es apasionante - Revista SMX","isPartOf":{"@id":"http:\/\/www.salesianos.edu\/revistasmx\/#website"},"primaryImageOfPage":{"@id":"http:\/\/www.salesianos.edu\/revistasmx\/testimonio-de-josemi-perez-sdb-mi-dia-a-dia-como-salesiano-en-la-casa-de-triana-es-apasionante\/#primaryimage"},"image":{"@id":"http:\/\/www.salesianos.edu\/revistasmx\/testimonio-de-josemi-perez-sdb-mi-dia-a-dia-como-salesiano-en-la-casa-de-triana-es-apasionante\/#primaryimage"},"thumbnailUrl":"http:\/\/www.salesianos.edu\/revistasmx\/wp-content\/uploads\/sites\/8\/2020\/09\/Josemi-sdb.png","datePublished":"2020-09-28T05:28:20+00:00","dateModified":"2020-09-30T07:06:01+00:00","author":{"@id":"http:\/\/www.salesianos.edu\/revistasmx\/#\/schema\/person\/a1d72ee5373cce7347fb2993ba9f47d6"},"breadcrumb":{"@id":"http:\/\/www.salesianos.edu\/revistasmx\/testimonio-de-josemi-perez-sdb-mi-dia-a-dia-como-salesiano-en-la-casa-de-triana-es-apasionante\/#breadcrumb"},"inLanguage":"es","potentialAction":[{"@type":"ReadAction","target":["http:\/\/www.salesianos.edu\/revistasmx\/testimonio-de-josemi-perez-sdb-mi-dia-a-dia-como-salesiano-en-la-casa-de-triana-es-apasionante\/"]}]},{"@type":"ImageObject","inLanguage":"es","@id":"http:\/\/www.salesianos.edu\/revistasmx\/testimonio-de-josemi-perez-sdb-mi-dia-a-dia-como-salesiano-en-la-casa-de-triana-es-apasionante\/#primaryimage","url":"http:\/\/www.salesianos.edu\/revistasmx\/wp-content\/uploads\/sites\/8\/2020\/09\/Josemi-sdb.png","contentUrl":"http:\/\/www.salesianos.edu\/revistasmx\/wp-content\/uploads\/sites\/8\/2020\/09\/Josemi-sdb.png","width":960,"height":471},{"@type":"BreadcrumbList","@id":"http:\/\/www.salesianos.edu\/revistasmx\/testimonio-de-josemi-perez-sdb-mi-dia-a-dia-como-salesiano-en-la-casa-de-triana-es-apasionante\/#breadcrumb","itemListElement":[{"@type":"ListItem","position":1,"name":"Portada","item":"https:\/\/www.salesianos.edu\/revistasmx\/"},{"@type":"ListItem","position":2,"name":"Testimonio de Josemi P\u00e9rez, sdb: Mi d\u00eda a d\u00eda como salesiano en la casa de Triana es apasionante"}]},{"@type":"WebSite","@id":"http:\/\/www.salesianos.edu\/revistasmx\/#website","url":"http:\/\/www.salesianos.edu\/revistasmx\/","name":"Revista SMX","description":"P\u00e1gina oficial de Inspector\u00eda Salesiana Mar\u00eda Auxiliadora","potentialAction":[{"@type":"SearchAction","target":{"@type":"EntryPoint","urlTemplate":"http:\/\/www.salesianos.edu\/revistasmx\/?s={search_term_string}"},"query-input":{"@type":"PropertyValueSpecification","valueRequired":true,"valueName":"search_term_string"}}],"inLanguage":"es"},{"@type":"Person","@id":"http:\/\/www.salesianos.edu\/revistasmx\/#\/schema\/person\/a1d72ee5373cce7347fb2993ba9f47d6","name":"joseluisgarciamoscoso","image":{"@type":"ImageObject","inLanguage":"es","@id":"https:\/\/secure.gravatar.com\/avatar\/3fda3a0b2db3bc9a39871e47cbd526b42d6c3b74755b7ae1400a87b2913fea6a?s=96&d=mm&r=g","url":"https:\/\/secure.gravatar.com\/avatar\/3fda3a0b2db3bc9a39871e47cbd526b42d6c3b74755b7ae1400a87b2913fea6a?s=96&d=mm&r=g","contentUrl":"https:\/\/secure.gravatar.com\/avatar\/3fda3a0b2db3bc9a39871e47cbd526b42d6c3b74755b7ae1400a87b2913fea6a?s=96&d=mm&r=g","caption":"joseluisgarciamoscoso"}}]}},"_links":{"self":[{"href":"http:\/\/www.salesianos.edu\/revistasmx\/wp-json\/wp\/v2\/posts\/15051","targetHints":{"allow":["GET"]}}],"collection":[{"href":"http:\/\/www.salesianos.edu\/revistasmx\/wp-json\/wp\/v2\/posts"}],"about":[{"href":"http:\/\/www.salesianos.edu\/revistasmx\/wp-json\/wp\/v2\/types\/post"}],"author":[{"embeddable":true,"href":"http:\/\/www.salesianos.edu\/revistasmx\/wp-json\/wp\/v2\/users\/12"}],"replies":[{"embeddable":true,"href":"http:\/\/www.salesianos.edu\/revistasmx\/wp-json\/wp\/v2\/comments?post=15051"}],"version-history":[{"count":6,"href":"http:\/\/www.salesianos.edu\/revistasmx\/wp-json\/wp\/v2\/posts\/15051\/revisions"}],"predecessor-version":[{"id":15059,"href":"http:\/\/www.salesianos.edu\/revistasmx\/wp-json\/wp\/v2\/posts\/15051\/revisions\/15059"}],"wp:featuredmedia":[{"embeddable":true,"href":"http:\/\/www.salesianos.edu\/revistasmx\/wp-json\/wp\/v2\/media\/15052"}],"wp:attachment":[{"href":"http:\/\/www.salesianos.edu\/revistasmx\/wp-json\/wp\/v2\/media?parent=15051"}],"wp:term":[{"taxonomy":"category","embeddable":true,"href":"http:\/\/www.salesianos.edu\/revistasmx\/wp-json\/wp\/v2\/categories?post=15051"},{"taxonomy":"post_tag","embeddable":true,"href":"http:\/\/www.salesianos.edu\/revistasmx\/wp-json\/wp\/v2\/tags?post=15051"}],"curies":[{"name":"wp","href":"https:\/\/api.w.org\/{rel}","templated":true}]}}