{"id":14819,"date":"2020-06-24T11:00:32","date_gmt":"2020-06-24T09:00:32","guid":{"rendered":"http:\/\/www.salesianos.edu\/revistasmx\/?p=14819"},"modified":"2020-06-30T12:22:46","modified_gmt":"2020-06-30T10:22:46","slug":"la-pandemia-redimensiona-la-campana-inspectorial-somos-uno-y-marca-nuevos-retos-de-futuro","status":"publish","type":"post","link":"http:\/\/www.salesianos.edu\/revistasmx\/la-pandemia-redimensiona-la-campana-inspectorial-somos-uno-y-marca-nuevos-retos-de-futuro\/","title":{"rendered":"La pandemia redimensiona la campa\u00f1a inspectorial \u2018Somos Uno\u2019 y marca nuevos retos de futuro"},"content":{"rendered":"<div id=\"fb-root\"><\/div>\n<p>[et_pb_section fb_built=\u00bb1&#8243; _builder_version=\u00bb4.4.7&#8243; custom_padding=\u00bb||0px|||\u00bb][et_pb_row _builder_version=\u00bb4.4.7&#8243; custom_padding=\u00bb||0px|||\u00bb][et_pb_column type=\u00bb4_4&#8243; _builder_version=\u00bb4.4.7&#8243;][et_pb_video src=\u00bbhttps:\/\/www.youtube.com\/watch?v=gJZnAeQLR3o\u00bb admin_label=\u00bbV\u00eddeo\u00bb _builder_version=\u00bb4.4.8&#8243;][\/et_pb_video][et_pb_text _builder_version=\u00bb4.4.8&#8243; hover_enabled=\u00bb0&#8243;]<\/p>\n<p><em><strong>Por: Joana Monz\u00f3 Esteve<\/strong><\/em><\/p>\n<p><span style=\"font-weight: 400;\">Hace nueve meses comenzaba una de las campa\u00f1as inspectoriales m\u00e1s ambiciosas desde que naciera la Inspector\u00eda Mar\u00eda Auxiliadora tras las exitosas experiencias del <strong>\u201cVen y ver\u00e1s\u201d<\/strong> y \u201c<strong>Primero, los \u00faltimos\u201d<\/strong>. Bajo el lema \u2018Somos Uno\u2019 se present\u00f3 el objetivo de crecer en la comuni\u00f3n de esp\u00edritu, carisma y misi\u00f3n entre salesianos y seglares; una campa\u00f1a para trabajar a dos a\u00f1os vista y que ha resistido en su primer curso a un desarrollo inesperado con motivo de la COVID-19, pero fortaleciendo su mensaje.<\/span><\/p>\n<p><span style=\"font-weight: 400;\">La terrible pandemia ha trastocado actividades, planes, celebraciones, pero tambi\u00e9n ha redimensionado el \u2018Somos Uno\u2019, d\u00e1ndole m\u00e1s sentido si cab\u00eda, llev\u00e1ndolo hasta extremos, implicando a todas y cada una de las personas que forman parte de la Familia Salesiana. \u201cSin saberlo, hemos hecho realidad el lema \u2018Somos uno\u2019 cada uno desde su casa\u201d, se\u00f1ala <\/span><b>Paco Pepe<\/b><span style=\"font-weight: 400;\">, que se despide como delegado de Pastoral Juvenil compartiendo esta premisa.<\/span><\/p>\n<blockquote>\n<p><span style=\"font-weight: 400;\">A principio de curso, el inspector, <\/span><b>\u00c1ngel Asurmendi<\/b><span style=\"font-weight: 400;\">, animaba a \u201cunirnos en la misi\u00f3n que el buen Dios nos ha encomendado: ser signos y portadores de su amor. Lo que m\u00e1s nos une es hacer el bien en com\u00fan\u201d. Y subrayaba un aspecto que sin duda ha puesto a prueba la capacidad de respuesta de quienes est\u00e1n llamados a desarrollar la campa\u00f1a de la Inspector\u00eda: \u201cEl modo de estar y realizar esta misi\u00f3n es tan importante como el resultado de la misma. Abramos con los j\u00f3venes espacios de encuentro, escucha, oraci\u00f3n y di\u00e1logo ante los desaf\u00edos de la sociedad\u201d, explicaba.\u00a0<\/span><\/p>\n<\/blockquote>\n<p>[\/et_pb_text][\/et_pb_column][\/et_pb_row][et_pb_row _builder_version=\u00bb4.4.8&#8243; column_structure=\u00bb1_2,1_2&#8243;][et_pb_column _builder_version=\u00bb4.4.8&#8243; type=\u00bb1_2&#8243;][et_pb_video src=\u00bbhttps:\/\/www.youtube.com\/watch?v=mrxF6HFBm8k\u00bb _builder_version=\u00bb4.4.8&#8243;][\/et_pb_video][\/et_pb_column][et_pb_column _builder_version=\u00bb4.4.8&#8243; type=\u00bb1_2&#8243;][et_pb_video src=\u00bbhttps:\/\/www.youtube.com\/watch?v=LAoDfaobB3k\u00bb _builder_version=\u00bb4.4.8&#8243;][\/et_pb_video][\/et_pb_column][\/et_pb_row][et_pb_row _builder_version=\u00bb4.4.8&#8243;][et_pb_column _builder_version=\u00bb4.4.8&#8243; type=\u00bb4_4&#8243;][et_pb_text _builder_version=\u00bb4.4.8&#8243; hover_enabled=\u00bb0&#8243;]<\/p>\n<p><span>El cierre f\u00edsico de las casas salesianas en sus escuelas, parroquias, centros juveniles o algunos proyectos de las plataformas sociales como centros de d\u00eda y PAES no ha impedido que se siguiera desarrollando la campa\u00f1a. Como explica el salesiano <strong>Pepe G\u00f3mez<\/strong> desde <strong>Burriana<\/strong>, \u201ca pesar de la situaci\u00f3n provocada por el estado de alarma y los consiguientes confinamientos, se ha realizado un muy buen trabajo <\/span><i><span>online<\/span><\/i><span>. En todo momento se ha mantenido la unidad de la casa salesiana en torno al proyecto pastoral. El esfuerzo realizado y la creatividad han sido muy importantes\u201d, comparte gracias a su visi\u00f3n pastoral.\u00a0<\/span><br \/><span style=\"font-weight: 400;\"><\/span><\/p>\n<p><span style=\"font-weight: 400;\">Ese esfuerzo se ha materializado en decenas de iniciativas y recursos con el objetivo de estar cerca en la distancia. Desde <\/span><b>Salesianos San Juan Bosco de Granada <\/b><span style=\"font-weight: 400;\">consideran que ha sido muy enriquecedor y enumeran algunas de estas acciones, muchas de ellas tambi\u00e9n llevadas a cabo en el resto de casas de la Inspector\u00eda. \u201cHemos mantenido el blog de los buenos d\u00edas diarios, hemos hecho celebraciones en directo los 24, en el canal <em>youtube<\/em> y redes sociales, se ha llamado de modo personalizado a familias y alumnos a los que se ve\u00eda que lo necesitaban, celebramos por todo lo alto <strong>Mar\u00eda Auxiliadora<\/strong> con un <em>magazine<\/em> en directo con mucha unidad por parte de todos; graduaciones virtuales y con celebraci\u00f3n de la palabra, videos motivadores del equipo de pastoral; el coro de profesores grabando canciones puestas al servicio de las celebraciones\u2026\u201d. Un sin fin de iniciativas reproducidas en los distintos puntos de la geograf\u00eda inspectorial pero que han servido de muestra del compromiso por sentirse uno desde la distancia.<\/span><\/p>\n<p><span style=\"font-weight: 400;\">Y siempre con una atenci\u00f3n especial a las personas m\u00e1s vulnerables. Desde la comunidad de <\/span><b>Barcelona Ciudad Meridiana<\/b><span style=\"font-weight: 400;\"> calculan que se han realizado \u201cuna media de 180 conexiones semanales por tel\u00e9fono, Whatsapp, Instagram, Google Meet&#8230; con los destinatarios, parroquianos, ni\u00f1os y j\u00f3venes de la PES y sus familias&#8230; Todo ello sin contar con las videoconferencias de los educadores y equipos de la PES\u201d, explican.\u00a0<\/span><\/p>\n<p><span style=\"font-weight: 400;\">Los nuevos espacios, canales y modos de comunicaci\u00f3n han servido para tender unos puentes, en muchas ocasiones inesperados, pero que han trazado un nuevo camino de encuentro que, donde muchas casas coinciden, hay que seguir aprovechando: \u201cNo debemos descuidar el contacto con nuestros destinatarios y familias. Debido a la situaci\u00f3n originada por la COVID-19 pensamos que se ha intensificado m\u00e1s el contacto con ellos que incluso anteriormente en persona, lo cual nos invita a la reflexi\u00f3n de no caer en la rutina anterior a esta situaci\u00f3n y seguir creciendo en retos, propuestas y sobre todo cercan\u00eda con nuestros destinatarios\u201d, apuntan desde <\/span><b>San Juan Bosco Campano<\/b><span style=\"font-weight: 400;\">.<\/span><\/p>\n<p><span style=\"font-weight: 400;\">En el mismo sentido desde <\/span><b>Granada<\/b><span style=\"font-weight: 400;\"> se se\u00f1ala la idoneidad de \u00abmantener grupos de difusi\u00f3n e inercias para seguir aprovechando las redes para unir y difundir, manteniendo tambi\u00e9n el contacto personal. Durante el confinamiento se ha llegado a muchas personas que antes no nos conoc\u00edan bien, ni sab\u00edan qu\u00e9 hacemos\u201d.<\/span><\/p>\n<p><span style=\"font-weight: 400;\">Sin embargo, hay que contar tambi\u00e9n con los efectos negativos de la virtualizaci\u00f3n de las relaciones personales que ha intensificado el confinamiento. Sobre ello advierten desde <\/span><b>Jerez Lora Tamayo<\/b><span style=\"font-weight: 400;\"> que consideran \u201cnecesario e imprescindible el acompa\u00f1amiento a los j\u00f3venes\u201d. \u201cEl distanciamiento f\u00edsico y el confinamiento, al que razonablemente nos ha obligado la pandemia, pueden provocar una brecha en la participaci\u00f3n en los momentos de culto, en actividades convivenciales, etc. cuando todo recupere la normalidad. Por ello, se hace m\u00e1s necesaria que nunca esta comunicaci\u00f3n, sensible a sus preocupaciones y que pueda evitar un aislamiento virtual excusado en la situaci\u00f3n de seguridad\u201d.<\/span><\/p>\n<blockquote>\n<p><span style=\"font-weight: 400;\">De las reflexiones extra\u00eddas en la revisi\u00f3n del curso, la clave se perfila en c\u00f3mo reorientar el acercamiento propiciado durante el confinamiento a un nuevo escenario de recuperaci\u00f3n del espacio f\u00edsico:\u00a0 \u201cSer\u00eda importante hacer una pastoral de acompa\u00f1amiento cercana, m\u00e1s que una pastoral de grandes masas. Creo que le tenemos que dedicar momentos al di\u00e1logo con compa\u00f1eros, alumnos, padres&#8230; Que sientan que pueden contar con nosotros de verdad\u201d, argumenta <strong>Carolina Illescas<\/strong> de <\/span><b>Salesianos Granada<\/b><span style=\"font-weight: 400;\">.<\/span><\/p>\n<\/blockquote>\n<p>[\/et_pb_text][\/et_pb_column][\/et_pb_row][\/et_pb_section][et_pb_section fb_built=\u00bb1&#8243; _builder_version=\u00bb4.4.8&#8243; custom_padding=\u00bb0px|||||\u00bb][et_pb_row _builder_version=\u00bb4.4.8&#8243;][et_pb_column type=\u00bb4_4&#8243; _builder_version=\u00bb4.4.8&#8243;][et_pb_cta title=\u00bbObjetivos de la campa\u00f1a 2020-2021&#8243; _builder_version=\u00bb4.4.8&#8243; hover_enabled=\u00bb0&#8243; custom_margin=\u00bb-26px|||||\u00bb border_radii=\u00bbon|30px|30px|30px|30px\u00bb box_shadow_style=\u00bbpreset1&#8243;]<\/p>\n<p><span style=\"font-weight: 400;\">En el curso 2019-2020 el objetivo de la campa\u00f1a \u2018Somo Uno\u2019 ha sido el de tomar conciencia del propio yo; el descubrimiento del otro como individuo y la suma de ambos como unidad. En el pr\u00f3ximo curso se parte de la experiencia de unidad, \u201cpara ser fermento en las diversas <\/span><span style=\"font-weight: 400;\">realidades en las que los miembros de la comunidad educativa se desarrollan, procurando, <\/span><span style=\"font-weight: 400;\">de este modo, la transformaci\u00f3n social\u201d, tal y como se explica en la nueva presentaci\u00f3n de la campa\u00f1a para el segundo a\u00f1o.<\/span><\/p>\n<p><span style=\"font-weight: 400;\">Bajo el prisma de la pandemia, el vuelco econ\u00f3mico y social ha hecho repensar y replantearse los retos y las actuaciones m\u00e1s importantes de cara al curso 2020- 2021. Son muchas las propuestas enumeradas por las casas salesianas que ponen el foco en la atenci\u00f3n en las secuelas de la crisis. <strong>Josan Montull<\/strong>, director de <\/span><b>Salesianos Huesca<\/b><span style=\"font-weight: 400;\">, considera que se debe asegurar que nadie se quede fuera por motivos econ\u00f3micos.\u00a0<\/span><\/p>\n<p><span style=\"font-weight: 400;\">En el aspecto educativo, Montull insta a priorizar la atenci\u00f3n a todos los ni\u00f1os y ni\u00f1as que se han quedado descolgados en el sistema educativo. \u201cPrevemos que va a haber mucho desfase educativo el pr\u00f3ximo curso\u201d, por ello pide un proyecto claro de refuerzo del curso.\u00a0<\/span><\/p>\n<p><span style=\"font-weight: 400;\">La brecha digital ha jugado una vez m\u00e1s en contra de las familias con menos recursos. \u201cUrge la atenci\u00f3n de los hogares mediante iniciativas, no solo de asistencia de los bienes prioritarios, sino tambi\u00e9n de formaci\u00f3n por la enorme carencia de competencia digital que ha dejado al descubierto la crisis y provocada por los problemas de preparaci\u00f3n y medios tecnol\u00f3gicos en los hogares\u201d, reflexiona <strong>Mario Pardos<\/strong> desde <strong>Jerez Lora Tamayo<\/strong>.\u00a0<\/span><\/p>\n<h3><span style=\"font-weight: 400;\"><img loading=\"lazy\" decoding=\"async\" class=\"wp-image-14831 size-medium alignleft\" src=\"https:\/\/www.salesianos.edu\/revistasmx\/wp-content\/uploads\/sites\/8\/2020\/06\/SU-Burriana-225x300.jpg\" alt=\"\" width=\"225\" height=\"300\" \/><strong>Una campa\u00f1a que nos ha he hecho so\u00f1ar<\/strong><\/span><\/h3>\n<p><span style=\"font-weight: 400;\">En septiembre de 2019 se comenz\u00f3 a verbalizar el sue\u00f1o de \u201cir a medias\u201d en esta misi\u00f3n.\u00a0 \u201c<\/span><span style=\"font-weight: 400;\">Estoy convencido de que esta campa\u00f1a nos puede ayudar a entender que todos somos necesarios, que entre todos podemos ir construyendo el objetivo y el sue\u00f1o de Don Bosco\u201d, dec\u00eda <strong>Javi Jaldo<\/strong>, salesiano cooperador, y uno de los muchos testimonios difundidos durante este curso a trav\u00e9s de la revista SMX.<\/span><\/p>\n<p><span style=\"font-weight: 400;\"><strong>Mayca Crespo<\/strong>, de <\/span><b>Salesianos Las Palmas<\/b><span style=\"font-weight: 400;\"> y <strong>Paco Pepe<\/strong>, Delegado de Pastoral Juvenil y acompa\u00f1ante directo durante la primera parte de la campa\u00f1a, se\u00f1alaban el refuerzo de la uni\u00f3n como familia para \u201csentirnos parte de un mismo proyecto, de una misma familia al servicio de los j\u00f3venes\u201d.<\/span><\/p>\n<p><span style=\"font-weight: 400;\">Como una premonici\u00f3n, <strong>Santiago Villegas<\/strong>, coordinador de econom\u00eda en los servicios inspectoriales de Barcelona, deseaba que la campa\u00f1a nos hiciera m\u00e1s fuertes \u201cy que con ello nos ayude tambi\u00e9n a superar mejor los retos que seguro nos deparar\u00e1 el futuro\u201d.\u00a0 As\u00ed fue.\u00a0<\/span><\/p>\n<p><span style=\"font-weight: 400;\">La recuperaci\u00f3n material y psicol\u00f3gica va a ser un el gran caballo de batalla. La ventaja es que en este camino que ahora toca emprender nos hemos encontrado. Como apunta Montull,\u00a0 \u201cel a\u00f1o que viene vamos a tener que demostrar que \u2018Somos Uno\u2019\u201d.<\/span><\/p>\n<p>&nbsp;<\/p>\n<p>[\/et_pb_cta][\/et_pb_column][\/et_pb_row][\/et_pb_section][et_pb_section fb_built=\u00bb1&#8243; _builder_version=\u00bb4.4.8&#8243; custom_margin=\u00bb-141px|||||\u00bb][et_pb_row _builder_version=\u00bb4.4.8&#8243; hover_enabled=\u00bb0&#8243;][et_pb_column type=\u00bb4_4&#8243; _builder_version=\u00bb4.4.8&#8243;][et_pb_gallery gallery_ids=\u00bb14909,14910,14911,14912&#8243; _builder_version=\u00bb4.4.8&#8243; hover_enabled=\u00bb0&#8243; show_title_and_caption=\u00bboff\u00bb show_pagination=\u00bboff\u00bb custom_margin=\u00bb||-19px|||\u00bb][\/et_pb_gallery][et_pb_gallery gallery_ids=\u00bb14900,14898,14899,14901&#8243; _builder_version=\u00bb4.4.8&#8243; hover_enabled=\u00bb0&#8243; show_title_and_caption=\u00bboff\u00bb show_pagination=\u00bboff\u00bb][\/et_pb_gallery][\/et_pb_column][\/et_pb_row][\/et_pb_section]<\/p>\n","protected":false},"excerpt":{"rendered":"<p>La terrible pandemia ha trastocado actividades, planes, celebraciones, pero tambi\u00e9n ha redimensionado el \u2018Somos Uno\u2019, d\u00e1ndole m\u00e1s sentido si cab\u00eda, llev\u00e1ndolo hasta extremos, implicando a todas y cada una de las personas que forman parte de la Familia Salesiana. Y bajo el prisma de la pandemia, el vuelco econ\u00f3mico y social se repiensan y replantean los retos y las actuaciones m\u00e1s importantes de cara al curso 2020- 2021.<\/p>\n","protected":false},"author":12,"featured_media":14829,"comment_status":"open","ping_status":"closed","sticky":false,"template":"","format":"standard","meta":{"_et_pb_use_builder":"on","_et_pb_old_content":"","_et_gb_content_width":"","footnotes":""},"categories":[34],"tags":[575],"class_list":["post-14819","post","type-post","status-publish","format-standard","has-post-thumbnail","hentry","category-a-fondo","tag-smx59"],"yoast_head":"<!-- This site is optimized with the Yoast SEO plugin v27.5 - https:\/\/yoast.com\/product\/yoast-seo-wordpress\/ -->\n<title>La pandemia redimensiona la campa\u00f1a inspectorial \u2018Somos Uno\u2019 y marca nuevos retos de futuro - Revista SMX<\/title>\n<meta name=\"description\" content=\"La pandemia ha trastocado actividades, planes, celebraciones, pero tambi\u00e9n ha redimensionado el \u2018Somos Uno\u2019 y ha hecho replantearse los retos de futuro.\" \/>\n<meta name=\"robots\" content=\"index, follow, max-snippet:-1, max-image-preview:large, max-video-preview:-1\" \/>\n<link rel=\"canonical\" href=\"http:\/\/www.salesianos.edu\/revistasmx\/la-pandemia-redimensiona-la-campana-inspectorial-somos-uno-y-marca-nuevos-retos-de-futuro\/\" \/>\n<meta property=\"og:locale\" content=\"es_ES\" \/>\n<meta property=\"og:type\" content=\"article\" \/>\n<meta property=\"og:title\" content=\"La pandemia redimensiona la campa\u00f1a inspectorial \u2018Somos Uno\u2019 y marca nuevos retos de futuro - Revista SMX\" \/>\n<meta property=\"og:description\" content=\"La pandemia ha trastocado actividades, planes, celebraciones, pero tambi\u00e9n ha redimensionado el \u2018Somos Uno\u2019 y ha hecho replantearse los retos de futuro.\" \/>\n<meta property=\"og:url\" content=\"http:\/\/www.salesianos.edu\/revistasmx\/la-pandemia-redimensiona-la-campana-inspectorial-somos-uno-y-marca-nuevos-retos-de-futuro\/\" \/>\n<meta property=\"og:site_name\" content=\"Revista SMX\" \/>\n<meta property=\"article:published_time\" content=\"2020-06-24T09:00:32+00:00\" \/>\n<meta property=\"article:modified_time\" content=\"2020-06-30T10:22:46+00:00\" \/>\n<meta property=\"og:image\" content=\"https:\/\/www.salesianos.edu\/revistasmx\/wp-content\/uploads\/sites\/8\/2020\/06\/Somos-Uno-u\u0308beda.jpg\" \/>\n\t<meta property=\"og:image:width\" content=\"960\" \/>\n\t<meta property=\"og:image:height\" content=\"540\" \/>\n\t<meta property=\"og:image:type\" content=\"image\/jpeg\" \/>\n<meta name=\"author\" content=\"joseluisgarciamoscoso\" \/>\n<meta name=\"twitter:card\" content=\"summary_large_image\" \/>\n<meta name=\"twitter:label1\" content=\"Escrito por\" \/>\n\t<meta name=\"twitter:data1\" content=\"joseluisgarciamoscoso\" \/>\n\t<meta name=\"twitter:label2\" content=\"Tiempo de lectura\" \/>\n\t<meta name=\"twitter:data2\" content=\"9 minutos\" \/>\n<script type=\"application\/ld+json\" class=\"yoast-schema-graph\">{\"@context\":\"https:\\\/\\\/schema.org\",\"@graph\":[{\"@type\":\"Article\",\"@id\":\"http:\\\/\\\/www.salesianos.edu\\\/revistasmx\\\/la-pandemia-redimensiona-la-campana-inspectorial-somos-uno-y-marca-nuevos-retos-de-futuro\\\/#article\",\"isPartOf\":{\"@id\":\"http:\\\/\\\/www.salesianos.edu\\\/revistasmx\\\/la-pandemia-redimensiona-la-campana-inspectorial-somos-uno-y-marca-nuevos-retos-de-futuro\\\/\"},\"author\":{\"name\":\"joseluisgarciamoscoso\",\"@id\":\"http:\\\/\\\/www.salesianos.edu\\\/revistasmx\\\/#\\\/schema\\\/person\\\/a1d72ee5373cce7347fb2993ba9f47d6\"},\"headline\":\"La pandemia redimensiona la campa\u00f1a inspectorial \u2018Somos Uno\u2019 y marca nuevos retos de futuro\",\"datePublished\":\"2020-06-24T09:00:32+00:00\",\"dateModified\":\"2020-06-30T10:22:46+00:00\",\"mainEntityOfPage\":{\"@id\":\"http:\\\/\\\/www.salesianos.edu\\\/revistasmx\\\/la-pandemia-redimensiona-la-campana-inspectorial-somos-uno-y-marca-nuevos-retos-de-futuro\\\/\"},\"wordCount\":1813,\"commentCount\":0,\"image\":{\"@id\":\"http:\\\/\\\/www.salesianos.edu\\\/revistasmx\\\/la-pandemia-redimensiona-la-campana-inspectorial-somos-uno-y-marca-nuevos-retos-de-futuro\\\/#primaryimage\"},\"thumbnailUrl\":\"http:\\\/\\\/www.salesianos.edu\\\/revistasmx\\\/wp-content\\\/uploads\\\/sites\\\/8\\\/2020\\\/06\\\/Somos-Uno-u\u0308beda.jpg\",\"keywords\":[\"SMX59\"],\"articleSection\":[\"A FONDO\"],\"inLanguage\":\"es\",\"potentialAction\":[{\"@type\":\"CommentAction\",\"name\":\"Comment\",\"target\":[\"http:\\\/\\\/www.salesianos.edu\\\/revistasmx\\\/la-pandemia-redimensiona-la-campana-inspectorial-somos-uno-y-marca-nuevos-retos-de-futuro\\\/#respond\"]}]},{\"@type\":\"WebPage\",\"@id\":\"http:\\\/\\\/www.salesianos.edu\\\/revistasmx\\\/la-pandemia-redimensiona-la-campana-inspectorial-somos-uno-y-marca-nuevos-retos-de-futuro\\\/\",\"url\":\"http:\\\/\\\/www.salesianos.edu\\\/revistasmx\\\/la-pandemia-redimensiona-la-campana-inspectorial-somos-uno-y-marca-nuevos-retos-de-futuro\\\/\",\"name\":\"La pandemia redimensiona la campa\u00f1a inspectorial \u2018Somos Uno\u2019 y marca nuevos retos de futuro - Revista SMX\",\"isPartOf\":{\"@id\":\"http:\\\/\\\/www.salesianos.edu\\\/revistasmx\\\/#website\"},\"primaryImageOfPage\":{\"@id\":\"http:\\\/\\\/www.salesianos.edu\\\/revistasmx\\\/la-pandemia-redimensiona-la-campana-inspectorial-somos-uno-y-marca-nuevos-retos-de-futuro\\\/#primaryimage\"},\"image\":{\"@id\":\"http:\\\/\\\/www.salesianos.edu\\\/revistasmx\\\/la-pandemia-redimensiona-la-campana-inspectorial-somos-uno-y-marca-nuevos-retos-de-futuro\\\/#primaryimage\"},\"thumbnailUrl\":\"http:\\\/\\\/www.salesianos.edu\\\/revistasmx\\\/wp-content\\\/uploads\\\/sites\\\/8\\\/2020\\\/06\\\/Somos-Uno-u\u0308beda.jpg\",\"datePublished\":\"2020-06-24T09:00:32+00:00\",\"dateModified\":\"2020-06-30T10:22:46+00:00\",\"author\":{\"@id\":\"http:\\\/\\\/www.salesianos.edu\\\/revistasmx\\\/#\\\/schema\\\/person\\\/a1d72ee5373cce7347fb2993ba9f47d6\"},\"description\":\"La pandemia ha trastocado actividades, planes, celebraciones, pero tambi\u00e9n ha redimensionado el \u2018Somos Uno\u2019 y ha hecho replantearse los retos de futuro.\",\"breadcrumb\":{\"@id\":\"http:\\\/\\\/www.salesianos.edu\\\/revistasmx\\\/la-pandemia-redimensiona-la-campana-inspectorial-somos-uno-y-marca-nuevos-retos-de-futuro\\\/#breadcrumb\"},\"inLanguage\":\"es\",\"potentialAction\":[{\"@type\":\"ReadAction\",\"target\":[\"http:\\\/\\\/www.salesianos.edu\\\/revistasmx\\\/la-pandemia-redimensiona-la-campana-inspectorial-somos-uno-y-marca-nuevos-retos-de-futuro\\\/\"]}]},{\"@type\":\"ImageObject\",\"inLanguage\":\"es\",\"@id\":\"http:\\\/\\\/www.salesianos.edu\\\/revistasmx\\\/la-pandemia-redimensiona-la-campana-inspectorial-somos-uno-y-marca-nuevos-retos-de-futuro\\\/#primaryimage\",\"url\":\"http:\\\/\\\/www.salesianos.edu\\\/revistasmx\\\/wp-content\\\/uploads\\\/sites\\\/8\\\/2020\\\/06\\\/Somos-Uno-u\u0308beda.jpg\",\"contentUrl\":\"http:\\\/\\\/www.salesianos.edu\\\/revistasmx\\\/wp-content\\\/uploads\\\/sites\\\/8\\\/2020\\\/06\\\/Somos-Uno-u\u0308beda.jpg\",\"width\":960,\"height\":540},{\"@type\":\"BreadcrumbList\",\"@id\":\"http:\\\/\\\/www.salesianos.edu\\\/revistasmx\\\/la-pandemia-redimensiona-la-campana-inspectorial-somos-uno-y-marca-nuevos-retos-de-futuro\\\/#breadcrumb\",\"itemListElement\":[{\"@type\":\"ListItem\",\"position\":1,\"name\":\"Portada\",\"item\":\"http:\\\/\\\/www.salesianos.edu\\\/revistasmx\\\/\"},{\"@type\":\"ListItem\",\"position\":2,\"name\":\"La pandemia redimensiona la campa\u00f1a inspectorial \u2018Somos Uno\u2019 y marca nuevos retos de futuro\"}]},{\"@type\":\"WebSite\",\"@id\":\"http:\\\/\\\/www.salesianos.edu\\\/revistasmx\\\/#website\",\"url\":\"http:\\\/\\\/www.salesianos.edu\\\/revistasmx\\\/\",\"name\":\"Revista SMX\",\"description\":\"P\u00e1gina oficial de Inspector\u00eda Salesiana Mar\u00eda Auxiliadora\",\"potentialAction\":[{\"@type\":\"SearchAction\",\"target\":{\"@type\":\"EntryPoint\",\"urlTemplate\":\"http:\\\/\\\/www.salesianos.edu\\\/revistasmx\\\/?s={search_term_string}\"},\"query-input\":{\"@type\":\"PropertyValueSpecification\",\"valueRequired\":true,\"valueName\":\"search_term_string\"}}],\"inLanguage\":\"es\"},{\"@type\":\"Person\",\"@id\":\"http:\\\/\\\/www.salesianos.edu\\\/revistasmx\\\/#\\\/schema\\\/person\\\/a1d72ee5373cce7347fb2993ba9f47d6\",\"name\":\"joseluisgarciamoscoso\",\"image\":{\"@type\":\"ImageObject\",\"inLanguage\":\"es\",\"@id\":\"https:\\\/\\\/secure.gravatar.com\\\/avatar\\\/3fda3a0b2db3bc9a39871e47cbd526b42d6c3b74755b7ae1400a87b2913fea6a?s=96&d=mm&r=g\",\"url\":\"https:\\\/\\\/secure.gravatar.com\\\/avatar\\\/3fda3a0b2db3bc9a39871e47cbd526b42d6c3b74755b7ae1400a87b2913fea6a?s=96&d=mm&r=g\",\"contentUrl\":\"https:\\\/\\\/secure.gravatar.com\\\/avatar\\\/3fda3a0b2db3bc9a39871e47cbd526b42d6c3b74755b7ae1400a87b2913fea6a?s=96&d=mm&r=g\",\"caption\":\"joseluisgarciamoscoso\"}}]}<\/script>\n<!-- \/ Yoast SEO plugin. -->","yoast_head_json":{"title":"La pandemia redimensiona la campa\u00f1a inspectorial \u2018Somos Uno\u2019 y marca nuevos retos de futuro - Revista SMX","description":"La pandemia ha trastocado actividades, planes, celebraciones, pero tambi\u00e9n ha redimensionado el \u2018Somos Uno\u2019 y ha hecho replantearse los retos de futuro.","robots":{"index":"index","follow":"follow","max-snippet":"max-snippet:-1","max-image-preview":"max-image-preview:large","max-video-preview":"max-video-preview:-1"},"canonical":"http:\/\/www.salesianos.edu\/revistasmx\/la-pandemia-redimensiona-la-campana-inspectorial-somos-uno-y-marca-nuevos-retos-de-futuro\/","og_locale":"es_ES","og_type":"article","og_title":"La pandemia redimensiona la campa\u00f1a inspectorial \u2018Somos Uno\u2019 y marca nuevos retos de futuro - Revista SMX","og_description":"La pandemia ha trastocado actividades, planes, celebraciones, pero tambi\u00e9n ha redimensionado el \u2018Somos Uno\u2019 y ha hecho replantearse los retos de futuro.","og_url":"http:\/\/www.salesianos.edu\/revistasmx\/la-pandemia-redimensiona-la-campana-inspectorial-somos-uno-y-marca-nuevos-retos-de-futuro\/","og_site_name":"Revista SMX","article_published_time":"2020-06-24T09:00:32+00:00","article_modified_time":"2020-06-30T10:22:46+00:00","og_image":[{"width":960,"height":540,"url":"https:\/\/www.salesianos.edu\/revistasmx\/wp-content\/uploads\/sites\/8\/2020\/06\/Somos-Uno-u\u0308beda.jpg","type":"image\/jpeg"}],"author":"joseluisgarciamoscoso","twitter_card":"summary_large_image","twitter_misc":{"Escrito por":"joseluisgarciamoscoso","Tiempo de lectura":"9 minutos"},"schema":{"@context":"https:\/\/schema.org","@graph":[{"@type":"Article","@id":"http:\/\/www.salesianos.edu\/revistasmx\/la-pandemia-redimensiona-la-campana-inspectorial-somos-uno-y-marca-nuevos-retos-de-futuro\/#article","isPartOf":{"@id":"http:\/\/www.salesianos.edu\/revistasmx\/la-pandemia-redimensiona-la-campana-inspectorial-somos-uno-y-marca-nuevos-retos-de-futuro\/"},"author":{"name":"joseluisgarciamoscoso","@id":"http:\/\/www.salesianos.edu\/revistasmx\/#\/schema\/person\/a1d72ee5373cce7347fb2993ba9f47d6"},"headline":"La pandemia redimensiona la campa\u00f1a inspectorial \u2018Somos Uno\u2019 y marca nuevos retos de futuro","datePublished":"2020-06-24T09:00:32+00:00","dateModified":"2020-06-30T10:22:46+00:00","mainEntityOfPage":{"@id":"http:\/\/www.salesianos.edu\/revistasmx\/la-pandemia-redimensiona-la-campana-inspectorial-somos-uno-y-marca-nuevos-retos-de-futuro\/"},"wordCount":1813,"commentCount":0,"image":{"@id":"http:\/\/www.salesianos.edu\/revistasmx\/la-pandemia-redimensiona-la-campana-inspectorial-somos-uno-y-marca-nuevos-retos-de-futuro\/#primaryimage"},"thumbnailUrl":"http:\/\/www.salesianos.edu\/revistasmx\/wp-content\/uploads\/sites\/8\/2020\/06\/Somos-Uno-u\u0308beda.jpg","keywords":["SMX59"],"articleSection":["A FONDO"],"inLanguage":"es","potentialAction":[{"@type":"CommentAction","name":"Comment","target":["http:\/\/www.salesianos.edu\/revistasmx\/la-pandemia-redimensiona-la-campana-inspectorial-somos-uno-y-marca-nuevos-retos-de-futuro\/#respond"]}]},{"@type":"WebPage","@id":"http:\/\/www.salesianos.edu\/revistasmx\/la-pandemia-redimensiona-la-campana-inspectorial-somos-uno-y-marca-nuevos-retos-de-futuro\/","url":"http:\/\/www.salesianos.edu\/revistasmx\/la-pandemia-redimensiona-la-campana-inspectorial-somos-uno-y-marca-nuevos-retos-de-futuro\/","name":"La pandemia redimensiona la campa\u00f1a inspectorial \u2018Somos Uno\u2019 y marca nuevos retos de futuro - Revista SMX","isPartOf":{"@id":"http:\/\/www.salesianos.edu\/revistasmx\/#website"},"primaryImageOfPage":{"@id":"http:\/\/www.salesianos.edu\/revistasmx\/la-pandemia-redimensiona-la-campana-inspectorial-somos-uno-y-marca-nuevos-retos-de-futuro\/#primaryimage"},"image":{"@id":"http:\/\/www.salesianos.edu\/revistasmx\/la-pandemia-redimensiona-la-campana-inspectorial-somos-uno-y-marca-nuevos-retos-de-futuro\/#primaryimage"},"thumbnailUrl":"http:\/\/www.salesianos.edu\/revistasmx\/wp-content\/uploads\/sites\/8\/2020\/06\/Somos-Uno-u\u0308beda.jpg","datePublished":"2020-06-24T09:00:32+00:00","dateModified":"2020-06-30T10:22:46+00:00","author":{"@id":"http:\/\/www.salesianos.edu\/revistasmx\/#\/schema\/person\/a1d72ee5373cce7347fb2993ba9f47d6"},"description":"La pandemia ha trastocado actividades, planes, celebraciones, pero tambi\u00e9n ha redimensionado el \u2018Somos Uno\u2019 y ha hecho replantearse los retos de futuro.","breadcrumb":{"@id":"http:\/\/www.salesianos.edu\/revistasmx\/la-pandemia-redimensiona-la-campana-inspectorial-somos-uno-y-marca-nuevos-retos-de-futuro\/#breadcrumb"},"inLanguage":"es","potentialAction":[{"@type":"ReadAction","target":["http:\/\/www.salesianos.edu\/revistasmx\/la-pandemia-redimensiona-la-campana-inspectorial-somos-uno-y-marca-nuevos-retos-de-futuro\/"]}]},{"@type":"ImageObject","inLanguage":"es","@id":"http:\/\/www.salesianos.edu\/revistasmx\/la-pandemia-redimensiona-la-campana-inspectorial-somos-uno-y-marca-nuevos-retos-de-futuro\/#primaryimage","url":"http:\/\/www.salesianos.edu\/revistasmx\/wp-content\/uploads\/sites\/8\/2020\/06\/Somos-Uno-u\u0308beda.jpg","contentUrl":"http:\/\/www.salesianos.edu\/revistasmx\/wp-content\/uploads\/sites\/8\/2020\/06\/Somos-Uno-u\u0308beda.jpg","width":960,"height":540},{"@type":"BreadcrumbList","@id":"http:\/\/www.salesianos.edu\/revistasmx\/la-pandemia-redimensiona-la-campana-inspectorial-somos-uno-y-marca-nuevos-retos-de-futuro\/#breadcrumb","itemListElement":[{"@type":"ListItem","position":1,"name":"Portada","item":"http:\/\/www.salesianos.edu\/revistasmx\/"},{"@type":"ListItem","position":2,"name":"La pandemia redimensiona la campa\u00f1a inspectorial \u2018Somos Uno\u2019 y marca nuevos retos de futuro"}]},{"@type":"WebSite","@id":"http:\/\/www.salesianos.edu\/revistasmx\/#website","url":"http:\/\/www.salesianos.edu\/revistasmx\/","name":"Revista SMX","description":"P\u00e1gina oficial de Inspector\u00eda Salesiana Mar\u00eda Auxiliadora","potentialAction":[{"@type":"SearchAction","target":{"@type":"EntryPoint","urlTemplate":"http:\/\/www.salesianos.edu\/revistasmx\/?s={search_term_string}"},"query-input":{"@type":"PropertyValueSpecification","valueRequired":true,"valueName":"search_term_string"}}],"inLanguage":"es"},{"@type":"Person","@id":"http:\/\/www.salesianos.edu\/revistasmx\/#\/schema\/person\/a1d72ee5373cce7347fb2993ba9f47d6","name":"joseluisgarciamoscoso","image":{"@type":"ImageObject","inLanguage":"es","@id":"https:\/\/secure.gravatar.com\/avatar\/3fda3a0b2db3bc9a39871e47cbd526b42d6c3b74755b7ae1400a87b2913fea6a?s=96&d=mm&r=g","url":"https:\/\/secure.gravatar.com\/avatar\/3fda3a0b2db3bc9a39871e47cbd526b42d6c3b74755b7ae1400a87b2913fea6a?s=96&d=mm&r=g","contentUrl":"https:\/\/secure.gravatar.com\/avatar\/3fda3a0b2db3bc9a39871e47cbd526b42d6c3b74755b7ae1400a87b2913fea6a?s=96&d=mm&r=g","caption":"joseluisgarciamoscoso"}}]}},"_links":{"self":[{"href":"http:\/\/www.salesianos.edu\/revistasmx\/wp-json\/wp\/v2\/posts\/14819","targetHints":{"allow":["GET"]}}],"collection":[{"href":"http:\/\/www.salesianos.edu\/revistasmx\/wp-json\/wp\/v2\/posts"}],"about":[{"href":"http:\/\/www.salesianos.edu\/revistasmx\/wp-json\/wp\/v2\/types\/post"}],"author":[{"embeddable":true,"href":"http:\/\/www.salesianos.edu\/revistasmx\/wp-json\/wp\/v2\/users\/12"}],"replies":[{"embeddable":true,"href":"http:\/\/www.salesianos.edu\/revistasmx\/wp-json\/wp\/v2\/comments?post=14819"}],"version-history":[{"count":26,"href":"http:\/\/www.salesianos.edu\/revistasmx\/wp-json\/wp\/v2\/posts\/14819\/revisions"}],"predecessor-version":[{"id":14929,"href":"http:\/\/www.salesianos.edu\/revistasmx\/wp-json\/wp\/v2\/posts\/14819\/revisions\/14929"}],"wp:featuredmedia":[{"embeddable":true,"href":"http:\/\/www.salesianos.edu\/revistasmx\/wp-json\/wp\/v2\/media\/14829"}],"wp:attachment":[{"href":"http:\/\/www.salesianos.edu\/revistasmx\/wp-json\/wp\/v2\/media?parent=14819"}],"wp:term":[{"taxonomy":"category","embeddable":true,"href":"http:\/\/www.salesianos.edu\/revistasmx\/wp-json\/wp\/v2\/categories?post=14819"},{"taxonomy":"post_tag","embeddable":true,"href":"http:\/\/www.salesianos.edu\/revistasmx\/wp-json\/wp\/v2\/tags?post=14819"}],"curies":[{"name":"wp","href":"https:\/\/api.w.org\/{rel}","templated":true}]}}