{"id":14784,"date":"2020-06-24T15:30:35","date_gmt":"2020-06-24T13:30:35","guid":{"rendered":"http:\/\/www.salesianos.edu\/revistasmx\/?p=14784"},"modified":"2020-06-30T07:48:44","modified_gmt":"2020-06-30T05:48:44","slug":"en-confianza-francisco-jose-perez-camacho","status":"publish","type":"post","link":"http:\/\/www.salesianos.edu\/revistasmx\/en-confianza-francisco-jose-perez-camacho\/","title":{"rendered":"En confianza: Francisco Jos\u00e9 P\u00e9rez Camacho"},"content":{"rendered":"<div id=\"fb-root\"><\/div>\n<p>[et_pb_section fb_built=\u00bb1&#8243; _builder_version=\u00bb3.22&#8243;][et_pb_row _builder_version=\u00bb3.25&#8243; background_size=\u00bbinitial\u00bb background_position=\u00bbtop_left\u00bb background_repeat=\u00bbrepeat\u00bb][et_pb_column type=\u00bb4_4&#8243; _builder_version=\u00bb3.25&#8243; custom_padding=\u00bb|||\u00bb custom_padding__hover=\u00bb|||\u00bb][et_pb_video src=\u00bbhttps:\/\/youtu.be\/_ZPTCLTwX7A\u00bb _builder_version=\u00bb4.4.7&#8243;][\/et_pb_video][et_pb_text _builder_version=\u00bb4.4.7&#8243; background_size=\u00bbinitial\u00bb background_position=\u00bbtop_left\u00bb background_repeat=\u00bbrepeat\u00bb]<\/p>\n<p>&nbsp;<\/p>\n<p><em><strong>Francisco Jos\u00e9 P\u00e9rez Camacho, Coordinador Inspectorial Animaci\u00f3n Vocacional.\u00a0\u00a0<\/strong><\/em><\/p>\n<p><span style=\"font-weight: 400\">Un nuevo curso llega a su fin, te\u00f1ido por esta experiencia que estamos viviendo de la pandemia.\u00a0 Durante estos meses hemos experimentado la fragilidad, la pobreza, la soledad, pero tambi\u00e9n ha nacido en nosotros el deseo de estar cercanos unos a otros como fuera, de inventar soluciones creativas para acompa\u00f1ar a todos nuestros destinatarios y a sus familias.\u00a0 Sin saberlo hemos hecho realidad el lema <\/span><b>\u201cSomos uno\u201d<\/b><span style=\"font-weight: 400\"> cada uno desde su casa.\u00a0<\/span><\/p>\n<p><span style=\"font-weight: 400\">Este curso nos propusimos crecer en comuni\u00f3n de Esp\u00edritu, carisma y Misi\u00f3n entre salesianos y seglares. Nos sentimos m\u00e1s unidos que nunca, porque hay alguien presente en la vida de nuestras casas que nos mantiene unidos m\u00e1s all\u00e1 de la distancia, m\u00e1s all\u00e1 de las tareas que cada uno desempe\u00f1a.<\/span><\/p>\n<p><span style=\"font-weight: 400\">Tendremos que seguir dando respuestas valientes, como hemos hecho siempre.\u00a0 El coraz\u00f3n salesiano nos llevar\u00e1 a que juntos, unidos, pensemos en los modos de acompa\u00f1ar a todos en especial a los j\u00f3venes y familias que presenten m\u00e1s carencias.\u00a0 Somos hijos de un so\u00f1ador y somos hijos de un Dios que ha decidido compartir la vida con los olvidados.\u00a0<\/span><\/p>\n<blockquote>\n<p><span style=\"font-weight: 400\">Con este sexto a\u00f1o de andadura desde que comenz\u00f3 nuestra inspector\u00eda termina una primera etapa. Se han dado muchos pasos en todo este tiempo. Hemos crecido en conocimiento y afianzado nuestras opciones pastorales recogidas en el PEPSI. Todo este trabajo se ha realizado gracias a la implicaci\u00f3n y el buen hacer de todos los consejos de las comunidades Educativo pastorales, de los equipos locales de pastoral, de los equipos directivos, de comisiones y de grupos de trabajo.\u00a0<\/span><\/p>\n<p><span style=\"font-weight: 400\">Para el pr\u00f3ximo curso <\/span><b>2020 \u2013 2021<\/b><span style=\"font-weight: 400\"> continuaremos con este mismo objetivo y este mismo lema, seguiremos profundizando en el deseo que Dios tiene para nosotros que seamos uno como su hijo Jes\u00fas lo es con \u00c9l.<\/span><\/p>\n<\/blockquote>\n<p><span style=\"font-weight: 400\"><strong>Como sab\u00e9is dejo esta tarea de delegado de pastoral juvenil que se me encomend\u00f3 en junio del 2014<\/strong>. Ha sido un regalo compartir tantos momentos y tantas experiencias con vosotros. Gracias por el testimonio que me hab\u00e9is aportado, por el buen hacer y el entusiasmo de cada uno. He aprendido mucho de vosotros y me he sentido en cada lugar, en cada casa y en cada encuentro muy bien acogido.\u00a0<\/span><\/p>\n<p><span style=\"font-weight: 400\">La delegaci\u00f3n de pastoral juvenil se queda en buenas manos. Jordi sabr\u00e1 continuar el camino emprendido. Seguiremos trabajando desde otras encomiendas en esta hermosa tarea de acercar a los j\u00f3venes a Dios a trav\u00e9s de Jesucristo.\u00a0<\/span><\/p>\n<p><span style=\"font-weight: 400\">Buen final de curso y buen verano.\u00a0<\/span><\/p>\n<p><span style=\"font-weight: 400\">\u00a1Somos uno!<\/span><\/p>\n<p>[\/et_pb_text][\/et_pb_column][\/et_pb_row][\/et_pb_section]<\/p>\n","protected":false},"excerpt":{"rendered":"<p>Paco Pepe se despide de su etapa de delegado de Pastoral Juvenil haciendo balance de la primera parte de la campa\u00f1a inspectorial Somos Uno.<\/p>\n","protected":false},"author":12,"featured_media":14786,"comment_status":"open","ping_status":"closed","sticky":false,"template":"","format":"standard","meta":{"_et_pb_use_builder":"on","_et_pb_old_content":"<p>\u00a0<\/p><p><em><strong>Francisco Jos\u00e9 P\u00e9rez Camacho, Coordinador Inspectorial Animaci\u00f3n Vocacional.\u00a0\u00a0<\/strong><\/em><\/p><p><span style=\"font-weight: 400;\">Un nuevo curso llega a su fin, te\u00f1ido por esta experiencia que estamos viviendo de la pandemia.\u00a0 Durante estos meses hemos experimentado la fragilidad, la pobreza, la soledad, pero tambi\u00e9n ha nacido en nosotros el deseo de estar cercanos unos a otros como fuera, de inventar soluciones creativas para acompa\u00f1ar a todos nuestros destinatarios y a sus familias.\u00a0 Sin saberlo hemos hecho realidad el lema <\/span><b>\u201cSomos uno\u201d<\/b><span style=\"font-weight: 400;\"> cada uno desde su casa.\u00a0<\/span><\/p><p><span style=\"font-weight: 400;\">Este curso nos propusimos crecer en comuni\u00f3n de Esp\u00edritu, carisma y Misi\u00f3n entre salesianos y seglares. Nos sentimos m\u00e1s unidos que nunca, porque hay alguien presente en la vida de nuestras casas que nos mantiene unidos m\u00e1s all\u00e1 de la distancia, m\u00e1s all\u00e1 de las tareas que cada uno desempe\u00f1a.<\/span><\/p><p><span style=\"font-weight: 400;\">Tendremos que seguir dando respuestas valientes, como hemos hecho siempre.\u00a0 El coraz\u00f3n salesiano nos llevar\u00e1 a que juntos, unidos, pensemos en los modos de acompa\u00f1ar a todos en especial a los j\u00f3venes y familias que presenten m\u00e1s carencias.\u00a0 Somos hijos de un so\u00f1ador y somos hijos de un Dios que ha decidido compartir la vida con los olvidados.\u00a0<\/span><\/p><blockquote><p><span style=\"font-weight: 400;\">Con este sexto a\u00f1o de andadura desde que comenz\u00f3 nuestra inspector\u00eda termina una primera etapa. Se han dado muchos pasos en todo este tiempo. Hemos crecido en conocimiento y afianzado nuestras opciones pastorales recogidas en el PEPSI. Todo este trabajo se ha realizado gracias a la implicaci\u00f3n y el buen hacer de todos los consejos de las comunidades Educativo pastorales, de los equipos locales de pastoral, de los equipos directivos, de comisiones y de grupos de trabajo.\u00a0<\/span><\/p><p><span style=\"font-weight: 400;\">Para el pr\u00f3ximo curso <\/span><b>2020 \u2013 2021<\/b><span style=\"font-weight: 400;\"> continuaremos con este mismo objetivo y este mismo lema, seguiremos profundizando en el deseo que Dios tiene para nosotros que seamos uno como su hijo Jes\u00fas lo es con \u00c9l.<\/span><\/p><\/blockquote><p><span style=\"font-weight: 400;\"><strong>Como sab\u00e9is dejo esta tarea de delegado de pastoral juvenil que se me encomend\u00f3 en junio del 2014<\/strong>. Ha sido un regalo compartir tantos momentos y tantas experiencias con vosotros. Gracias por el testimonio que me hab\u00e9is aportado, por el buen hacer y el entusiasmo de cada uno. He aprendido mucho de vosotros y me he sentido en cada lugar, en cada casa y en cada encuentro muy bien acogido.\u00a0<\/span><\/p><p><span style=\"font-weight: 400;\">La delegaci\u00f3n de pastoral juvenil se queda en buenas manos. Jordi sabr\u00e1 continuar el camino emprendido. Seguiremos trabajando desde otras encomiendas en esta hermosa tarea de acercar a los j\u00f3venes a Dios a trav\u00e9s de Jesucristo.\u00a0<\/span><\/p><p><span style=\"font-weight: 400;\">Buen final de curso y buen verano.\u00a0<\/span><\/p><p><span style=\"font-weight: 400;\">\u00a1Somos uno!<\/span><\/p>","_et_gb_content_width":"","footnotes":""},"categories":[32],"tags":[575],"class_list":["post-14784","post","type-post","status-publish","format-standard","has-post-thumbnail","hentry","category-en-confianza","tag-smx59"],"yoast_head":"<!-- This site is optimized with the Yoast SEO plugin v27.5 - https:\/\/yoast.com\/product\/yoast-seo-wordpress\/ -->\n<title>En confianza: Francisco Jos\u00e9 P\u00e9rez Camacho - Revista SMX<\/title>\n<meta name=\"robots\" content=\"index, follow, max-snippet:-1, max-image-preview:large, max-video-preview:-1\" \/>\n<link rel=\"canonical\" href=\"http:\/\/www.salesianos.edu\/revistasmx\/en-confianza-francisco-jose-perez-camacho\/\" \/>\n<meta property=\"og:locale\" content=\"es_ES\" \/>\n<meta property=\"og:type\" content=\"article\" \/>\n<meta property=\"og:title\" content=\"En confianza: Francisco Jos\u00e9 P\u00e9rez Camacho - Revista SMX\" \/>\n<meta property=\"og:description\" content=\"Paco Pepe se despide de su etapa de delegado de Pastoral Juvenil haciendo balance de la primera parte de la campa\u00f1a inspectorial Somos Uno.\" \/>\n<meta property=\"og:url\" content=\"http:\/\/www.salesianos.edu\/revistasmx\/en-confianza-francisco-jose-perez-camacho\/\" \/>\n<meta property=\"og:site_name\" content=\"Revista SMX\" \/>\n<meta property=\"article:published_time\" content=\"2020-06-24T13:30:35+00:00\" \/>\n<meta property=\"article:modified_time\" content=\"2020-06-30T05:48:44+00:00\" \/>\n<meta property=\"og:image\" content=\"http:\/\/www.salesianos.edu\/revistasmx\/wp-content\/uploads\/sites\/8\/2020\/06\/PacoPepe.png\" \/>\n\t<meta property=\"og:image:width\" content=\"1022\" \/>\n\t<meta property=\"og:image:height\" content=\"593\" \/>\n\t<meta property=\"og:image:type\" content=\"image\/png\" \/>\n<meta name=\"author\" content=\"joseluisgarciamoscoso\" \/>\n<meta name=\"twitter:card\" content=\"summary_large_image\" \/>\n<meta name=\"twitter:label1\" content=\"Escrito por\" \/>\n\t<meta name=\"twitter:data1\" content=\"joseluisgarciamoscoso\" \/>\n\t<meta name=\"twitter:label2\" content=\"Tiempo de lectura\" \/>\n\t<meta name=\"twitter:data2\" content=\"3 minutos\" \/>\n<script type=\"application\/ld+json\" class=\"yoast-schema-graph\">{\"@context\":\"https:\\\/\\\/schema.org\",\"@graph\":[{\"@type\":\"Article\",\"@id\":\"http:\\\/\\\/www.salesianos.edu\\\/revistasmx\\\/en-confianza-francisco-jose-perez-camacho\\\/#article\",\"isPartOf\":{\"@id\":\"http:\\\/\\\/www.salesianos.edu\\\/revistasmx\\\/en-confianza-francisco-jose-perez-camacho\\\/\"},\"author\":{\"name\":\"joseluisgarciamoscoso\",\"@id\":\"http:\\\/\\\/www.salesianos.edu\\\/revistasmx\\\/#\\\/schema\\\/person\\\/a1d72ee5373cce7347fb2993ba9f47d6\"},\"headline\":\"En confianza: Francisco Jos\u00e9 P\u00e9rez Camacho\",\"datePublished\":\"2020-06-24T13:30:35+00:00\",\"dateModified\":\"2020-06-30T05:48:44+00:00\",\"mainEntityOfPage\":{\"@id\":\"http:\\\/\\\/www.salesianos.edu\\\/revistasmx\\\/en-confianza-francisco-jose-perez-camacho\\\/\"},\"wordCount\":522,\"commentCount\":0,\"image\":{\"@id\":\"http:\\\/\\\/www.salesianos.edu\\\/revistasmx\\\/en-confianza-francisco-jose-perez-camacho\\\/#primaryimage\"},\"thumbnailUrl\":\"http:\\\/\\\/www.salesianos.edu\\\/revistasmx\\\/wp-content\\\/uploads\\\/sites\\\/8\\\/2020\\\/06\\\/PacoPepe.png\",\"keywords\":[\"SMX59\"],\"articleSection\":[\"EN CONFIANZA\"],\"inLanguage\":\"es\",\"potentialAction\":[{\"@type\":\"CommentAction\",\"name\":\"Comment\",\"target\":[\"http:\\\/\\\/www.salesianos.edu\\\/revistasmx\\\/en-confianza-francisco-jose-perez-camacho\\\/#respond\"]}]},{\"@type\":\"WebPage\",\"@id\":\"http:\\\/\\\/www.salesianos.edu\\\/revistasmx\\\/en-confianza-francisco-jose-perez-camacho\\\/\",\"url\":\"http:\\\/\\\/www.salesianos.edu\\\/revistasmx\\\/en-confianza-francisco-jose-perez-camacho\\\/\",\"name\":\"En confianza: Francisco Jos\u00e9 P\u00e9rez Camacho - Revista SMX\",\"isPartOf\":{\"@id\":\"http:\\\/\\\/www.salesianos.edu\\\/revistasmx\\\/#website\"},\"primaryImageOfPage\":{\"@id\":\"http:\\\/\\\/www.salesianos.edu\\\/revistasmx\\\/en-confianza-francisco-jose-perez-camacho\\\/#primaryimage\"},\"image\":{\"@id\":\"http:\\\/\\\/www.salesianos.edu\\\/revistasmx\\\/en-confianza-francisco-jose-perez-camacho\\\/#primaryimage\"},\"thumbnailUrl\":\"http:\\\/\\\/www.salesianos.edu\\\/revistasmx\\\/wp-content\\\/uploads\\\/sites\\\/8\\\/2020\\\/06\\\/PacoPepe.png\",\"datePublished\":\"2020-06-24T13:30:35+00:00\",\"dateModified\":\"2020-06-30T05:48:44+00:00\",\"author\":{\"@id\":\"http:\\\/\\\/www.salesianos.edu\\\/revistasmx\\\/#\\\/schema\\\/person\\\/a1d72ee5373cce7347fb2993ba9f47d6\"},\"breadcrumb\":{\"@id\":\"http:\\\/\\\/www.salesianos.edu\\\/revistasmx\\\/en-confianza-francisco-jose-perez-camacho\\\/#breadcrumb\"},\"inLanguage\":\"es\",\"potentialAction\":[{\"@type\":\"ReadAction\",\"target\":[\"http:\\\/\\\/www.salesianos.edu\\\/revistasmx\\\/en-confianza-francisco-jose-perez-camacho\\\/\"]}]},{\"@type\":\"ImageObject\",\"inLanguage\":\"es\",\"@id\":\"http:\\\/\\\/www.salesianos.edu\\\/revistasmx\\\/en-confianza-francisco-jose-perez-camacho\\\/#primaryimage\",\"url\":\"http:\\\/\\\/www.salesianos.edu\\\/revistasmx\\\/wp-content\\\/uploads\\\/sites\\\/8\\\/2020\\\/06\\\/PacoPepe.png\",\"contentUrl\":\"http:\\\/\\\/www.salesianos.edu\\\/revistasmx\\\/wp-content\\\/uploads\\\/sites\\\/8\\\/2020\\\/06\\\/PacoPepe.png\",\"width\":1022,\"height\":593},{\"@type\":\"BreadcrumbList\",\"@id\":\"http:\\\/\\\/www.salesianos.edu\\\/revistasmx\\\/en-confianza-francisco-jose-perez-camacho\\\/#breadcrumb\",\"itemListElement\":[{\"@type\":\"ListItem\",\"position\":1,\"name\":\"Portada\",\"item\":\"http:\\\/\\\/www.salesianos.edu\\\/revistasmx\\\/\"},{\"@type\":\"ListItem\",\"position\":2,\"name\":\"En confianza: Francisco Jos\u00e9 P\u00e9rez Camacho\"}]},{\"@type\":\"WebSite\",\"@id\":\"http:\\\/\\\/www.salesianos.edu\\\/revistasmx\\\/#website\",\"url\":\"http:\\\/\\\/www.salesianos.edu\\\/revistasmx\\\/\",\"name\":\"Revista SMX\",\"description\":\"P\u00e1gina oficial de Inspector\u00eda Salesiana Mar\u00eda Auxiliadora\",\"potentialAction\":[{\"@type\":\"SearchAction\",\"target\":{\"@type\":\"EntryPoint\",\"urlTemplate\":\"http:\\\/\\\/www.salesianos.edu\\\/revistasmx\\\/?s={search_term_string}\"},\"query-input\":{\"@type\":\"PropertyValueSpecification\",\"valueRequired\":true,\"valueName\":\"search_term_string\"}}],\"inLanguage\":\"es\"},{\"@type\":\"Person\",\"@id\":\"http:\\\/\\\/www.salesianos.edu\\\/revistasmx\\\/#\\\/schema\\\/person\\\/a1d72ee5373cce7347fb2993ba9f47d6\",\"name\":\"joseluisgarciamoscoso\",\"image\":{\"@type\":\"ImageObject\",\"inLanguage\":\"es\",\"@id\":\"https:\\\/\\\/secure.gravatar.com\\\/avatar\\\/3fda3a0b2db3bc9a39871e47cbd526b42d6c3b74755b7ae1400a87b2913fea6a?s=96&d=mm&r=g\",\"url\":\"https:\\\/\\\/secure.gravatar.com\\\/avatar\\\/3fda3a0b2db3bc9a39871e47cbd526b42d6c3b74755b7ae1400a87b2913fea6a?s=96&d=mm&r=g\",\"contentUrl\":\"https:\\\/\\\/secure.gravatar.com\\\/avatar\\\/3fda3a0b2db3bc9a39871e47cbd526b42d6c3b74755b7ae1400a87b2913fea6a?s=96&d=mm&r=g\",\"caption\":\"joseluisgarciamoscoso\"}}]}<\/script>\n<!-- \/ Yoast SEO plugin. -->","yoast_head_json":{"title":"En confianza: Francisco Jos\u00e9 P\u00e9rez Camacho - Revista SMX","robots":{"index":"index","follow":"follow","max-snippet":"max-snippet:-1","max-image-preview":"max-image-preview:large","max-video-preview":"max-video-preview:-1"},"canonical":"http:\/\/www.salesianos.edu\/revistasmx\/en-confianza-francisco-jose-perez-camacho\/","og_locale":"es_ES","og_type":"article","og_title":"En confianza: Francisco Jos\u00e9 P\u00e9rez Camacho - Revista SMX","og_description":"Paco Pepe se despide de su etapa de delegado de Pastoral Juvenil haciendo balance de la primera parte de la campa\u00f1a inspectorial Somos Uno.","og_url":"http:\/\/www.salesianos.edu\/revistasmx\/en-confianza-francisco-jose-perez-camacho\/","og_site_name":"Revista SMX","article_published_time":"2020-06-24T13:30:35+00:00","article_modified_time":"2020-06-30T05:48:44+00:00","og_image":[{"width":1022,"height":593,"url":"http:\/\/www.salesianos.edu\/revistasmx\/wp-content\/uploads\/sites\/8\/2020\/06\/PacoPepe.png","type":"image\/png"}],"author":"joseluisgarciamoscoso","twitter_card":"summary_large_image","twitter_misc":{"Escrito por":"joseluisgarciamoscoso","Tiempo de lectura":"3 minutos"},"schema":{"@context":"https:\/\/schema.org","@graph":[{"@type":"Article","@id":"http:\/\/www.salesianos.edu\/revistasmx\/en-confianza-francisco-jose-perez-camacho\/#article","isPartOf":{"@id":"http:\/\/www.salesianos.edu\/revistasmx\/en-confianza-francisco-jose-perez-camacho\/"},"author":{"name":"joseluisgarciamoscoso","@id":"http:\/\/www.salesianos.edu\/revistasmx\/#\/schema\/person\/a1d72ee5373cce7347fb2993ba9f47d6"},"headline":"En confianza: Francisco Jos\u00e9 P\u00e9rez Camacho","datePublished":"2020-06-24T13:30:35+00:00","dateModified":"2020-06-30T05:48:44+00:00","mainEntityOfPage":{"@id":"http:\/\/www.salesianos.edu\/revistasmx\/en-confianza-francisco-jose-perez-camacho\/"},"wordCount":522,"commentCount":0,"image":{"@id":"http:\/\/www.salesianos.edu\/revistasmx\/en-confianza-francisco-jose-perez-camacho\/#primaryimage"},"thumbnailUrl":"http:\/\/www.salesianos.edu\/revistasmx\/wp-content\/uploads\/sites\/8\/2020\/06\/PacoPepe.png","keywords":["SMX59"],"articleSection":["EN CONFIANZA"],"inLanguage":"es","potentialAction":[{"@type":"CommentAction","name":"Comment","target":["http:\/\/www.salesianos.edu\/revistasmx\/en-confianza-francisco-jose-perez-camacho\/#respond"]}]},{"@type":"WebPage","@id":"http:\/\/www.salesianos.edu\/revistasmx\/en-confianza-francisco-jose-perez-camacho\/","url":"http:\/\/www.salesianos.edu\/revistasmx\/en-confianza-francisco-jose-perez-camacho\/","name":"En confianza: Francisco Jos\u00e9 P\u00e9rez Camacho - Revista SMX","isPartOf":{"@id":"http:\/\/www.salesianos.edu\/revistasmx\/#website"},"primaryImageOfPage":{"@id":"http:\/\/www.salesianos.edu\/revistasmx\/en-confianza-francisco-jose-perez-camacho\/#primaryimage"},"image":{"@id":"http:\/\/www.salesianos.edu\/revistasmx\/en-confianza-francisco-jose-perez-camacho\/#primaryimage"},"thumbnailUrl":"http:\/\/www.salesianos.edu\/revistasmx\/wp-content\/uploads\/sites\/8\/2020\/06\/PacoPepe.png","datePublished":"2020-06-24T13:30:35+00:00","dateModified":"2020-06-30T05:48:44+00:00","author":{"@id":"http:\/\/www.salesianos.edu\/revistasmx\/#\/schema\/person\/a1d72ee5373cce7347fb2993ba9f47d6"},"breadcrumb":{"@id":"http:\/\/www.salesianos.edu\/revistasmx\/en-confianza-francisco-jose-perez-camacho\/#breadcrumb"},"inLanguage":"es","potentialAction":[{"@type":"ReadAction","target":["http:\/\/www.salesianos.edu\/revistasmx\/en-confianza-francisco-jose-perez-camacho\/"]}]},{"@type":"ImageObject","inLanguage":"es","@id":"http:\/\/www.salesianos.edu\/revistasmx\/en-confianza-francisco-jose-perez-camacho\/#primaryimage","url":"http:\/\/www.salesianos.edu\/revistasmx\/wp-content\/uploads\/sites\/8\/2020\/06\/PacoPepe.png","contentUrl":"http:\/\/www.salesianos.edu\/revistasmx\/wp-content\/uploads\/sites\/8\/2020\/06\/PacoPepe.png","width":1022,"height":593},{"@type":"BreadcrumbList","@id":"http:\/\/www.salesianos.edu\/revistasmx\/en-confianza-francisco-jose-perez-camacho\/#breadcrumb","itemListElement":[{"@type":"ListItem","position":1,"name":"Portada","item":"http:\/\/www.salesianos.edu\/revistasmx\/"},{"@type":"ListItem","position":2,"name":"En confianza: Francisco Jos\u00e9 P\u00e9rez Camacho"}]},{"@type":"WebSite","@id":"http:\/\/www.salesianos.edu\/revistasmx\/#website","url":"http:\/\/www.salesianos.edu\/revistasmx\/","name":"Revista SMX","description":"P\u00e1gina oficial de Inspector\u00eda Salesiana Mar\u00eda Auxiliadora","potentialAction":[{"@type":"SearchAction","target":{"@type":"EntryPoint","urlTemplate":"http:\/\/www.salesianos.edu\/revistasmx\/?s={search_term_string}"},"query-input":{"@type":"PropertyValueSpecification","valueRequired":true,"valueName":"search_term_string"}}],"inLanguage":"es"},{"@type":"Person","@id":"http:\/\/www.salesianos.edu\/revistasmx\/#\/schema\/person\/a1d72ee5373cce7347fb2993ba9f47d6","name":"joseluisgarciamoscoso","image":{"@type":"ImageObject","inLanguage":"es","@id":"https:\/\/secure.gravatar.com\/avatar\/3fda3a0b2db3bc9a39871e47cbd526b42d6c3b74755b7ae1400a87b2913fea6a?s=96&d=mm&r=g","url":"https:\/\/secure.gravatar.com\/avatar\/3fda3a0b2db3bc9a39871e47cbd526b42d6c3b74755b7ae1400a87b2913fea6a?s=96&d=mm&r=g","contentUrl":"https:\/\/secure.gravatar.com\/avatar\/3fda3a0b2db3bc9a39871e47cbd526b42d6c3b74755b7ae1400a87b2913fea6a?s=96&d=mm&r=g","caption":"joseluisgarciamoscoso"}}]}},"_links":{"self":[{"href":"http:\/\/www.salesianos.edu\/revistasmx\/wp-json\/wp\/v2\/posts\/14784","targetHints":{"allow":["GET"]}}],"collection":[{"href":"http:\/\/www.salesianos.edu\/revistasmx\/wp-json\/wp\/v2\/posts"}],"about":[{"href":"http:\/\/www.salesianos.edu\/revistasmx\/wp-json\/wp\/v2\/types\/post"}],"author":[{"embeddable":true,"href":"http:\/\/www.salesianos.edu\/revistasmx\/wp-json\/wp\/v2\/users\/12"}],"replies":[{"embeddable":true,"href":"http:\/\/www.salesianos.edu\/revistasmx\/wp-json\/wp\/v2\/comments?post=14784"}],"version-history":[{"count":6,"href":"http:\/\/www.salesianos.edu\/revistasmx\/wp-json\/wp\/v2\/posts\/14784\/revisions"}],"predecessor-version":[{"id":14792,"href":"http:\/\/www.salesianos.edu\/revistasmx\/wp-json\/wp\/v2\/posts\/14784\/revisions\/14792"}],"wp:featuredmedia":[{"embeddable":true,"href":"http:\/\/www.salesianos.edu\/revistasmx\/wp-json\/wp\/v2\/media\/14786"}],"wp:attachment":[{"href":"http:\/\/www.salesianos.edu\/revistasmx\/wp-json\/wp\/v2\/media?parent=14784"}],"wp:term":[{"taxonomy":"category","embeddable":true,"href":"http:\/\/www.salesianos.edu\/revistasmx\/wp-json\/wp\/v2\/categories?post=14784"},{"taxonomy":"post_tag","embeddable":true,"href":"http:\/\/www.salesianos.edu\/revistasmx\/wp-json\/wp\/v2\/tags?post=14784"}],"curies":[{"name":"wp","href":"https:\/\/api.w.org\/{rel}","templated":true}]}}