{"id":14666,"date":"2020-06-24T11:45:33","date_gmt":"2020-06-24T09:45:33","guid":{"rendered":"http:\/\/www.salesianos.edu\/revistasmx\/?p=14666"},"modified":"2020-06-30T08:03:39","modified_gmt":"2020-06-30T06:03:39","slug":"imagen-historia-san-vicente-ferrer-alcoy","status":"publish","type":"post","link":"http:\/\/www.salesianos.edu\/revistasmx\/imagen-historia-san-vicente-ferrer-alcoy\/","title":{"rendered":"Alcoy San Vicente Ferrer siempre al servicio de la juventud"},"content":{"rendered":"<div id=\"fb-root\"><\/div>\n<p>[et_pb_section fb_built=\u00bb1&#8243; _builder_version=\u00bb4.4.7&#8243;][et_pb_row _builder_version=\u00bb4.4.7&#8243;][et_pb_column type=\u00bb4_4&#8243; _builder_version=\u00bb4.4.7&#8243;][et_pb_gallery gallery_ids=\u00bb14665,14664,14663,14662,14661,14660,14659,14658,14657,14656,14655,14654,14653,14652,14651,14650,14649,14648,14647&#8243; show_title_and_caption=\u00bboff\u00bb _builder_version=\u00bb4.4.7&#8243;][\/et_pb_gallery][et_pb_text _builder_version=\u00bb4.4.7&#8243;]<\/p>\n<p><strong><em>Redacci\u00f3n: Alcoy San Vicente Ferrer<\/em><\/strong><\/p>\n<p><span style=\"font-weight: 400\">El <strong>1 de octubre de 1927<\/strong> los salesianos llegan a <strong>Alcoy<\/strong>, para hacerse cargo del <strong>Patronato de la Juventud Obrera<\/strong>, instituci\u00f3n cat\u00f3lica-social, surgida como respuesta a los desaf\u00edos educativos de los j\u00f3venes obreros, en una ciudad en emergencia industrial.<\/span><\/p>\n<p><span style=\"font-weight: 400\">Preocupados por la pervivencia de la obra, el sacerdote <strong>Jos\u00e9 Jord\u00e1 Cant\u00f3<\/strong>, \u201c<strong>Moss\u00e9n Josep<\/strong>\u201d, director y alma del Patronato, junto con el industrial <strong>Vicente Gisbert Juli\u00e1<\/strong>, quien se hab\u00eda ofrecido a pagar la construcci\u00f3n de un edificio para Escuelas Salesianas del Patronato, con capacidad para 300 alumnos, impulsan la venida de la Congregaci\u00f3n Salesiana.<\/span><\/p>\n<p><span style=\"font-weight: 400\">En <strong>septiembre de 1925<\/strong>, daban comienzo las obras del edificio, destinado a <strong>colegio salesiano<\/strong>, siendo visitadas y bendecidas el 18 de febrero de 1926 por el <strong>Beato Felipe Rinaldi<\/strong>.<\/span><\/p>\n<p><span style=\"font-weight: 400\">La inauguraci\u00f3n oficial del colegio tuvo lugar el 20 de noviembre de 1927, teniendo como director fundador a <strong>D.Antonio Recasens. Cruset.<\/strong><\/span><\/p>\n<p><span style=\"font-weight: 400\">En<strong> febrero de 1928<\/strong> aparece el <strong>Oratorio Festivo<\/strong>, y en mayo siguiente <strong>ADMA<\/strong>. Al mismo tiempo se funda la <strong>Asociaci\u00f3n de Antiguos Alumnos<\/strong>, en cuyo seno surgir\u00e1 con el tiempo la <strong>Fil\u00e0 Alcodianos (1960)<\/strong> que participa en las Fiestas de Moros y Cristianos. En 1983 tendr\u00e1n lugar las primeras promesas de<strong> Salesianos Cooperadores<\/strong>, completando la presencia de la Familia Salesiana.<\/span><\/p>\n<p><span style=\"font-weight: 400\">El <strong>9 de abril de 1929<\/strong> se pone la primera piedra del <strong>Santuario M\u00aa Auxiliadora<\/strong>. Tras la Guerra Civil, la Comunidad Salesiana, incrementa sus esfuerzos educativos, incorporando el <strong>bachillerato libre<\/strong>. En este tiempo y para favorecer la pr\u00e1ctica deportiva del f\u00fatbol (<strong>Atl\u00e9tico Salesiano<\/strong>) y hockey patines (<strong>Pat\u00edn Alcodiam Salesiano<\/strong>) se ampl\u00edan las instalaciones deportivas. Tambi\u00e9n se construy\u00f3 un <strong>teatro<\/strong> al contar con dos grupos\u00a0 de teatro en el propio centro, <strong>Tesal\u00edn<\/strong> y Tesal\u00edn Antiguos Alumnos.<\/span><\/p>\n<p><span style=\"font-weight: 400\">El aumento progresivo del alumnado provoca la construcci\u00f3n de un nuevo pabell\u00f3n que en la actualidad cuenta con una doble l\u00ednea desde infantil hasta cuarto de secundaria.<\/span><\/p>\n<p><span style=\"font-weight: 400\">La educaci\u00f3n en el tiempo libre recaen en el <strong>Grup Scout Brownsea (1972)<\/strong> y el centro <strong>Juvenil Pinardi (2012)<\/strong> adem\u00e1s del grupo <strong>COMFYA<\/strong>.<\/span><\/p>\n<p>[\/et_pb_text][\/et_pb_column][\/et_pb_row][\/et_pb_section]<\/p>\n","protected":false},"excerpt":{"rendered":"<p>El 1 de octubre de 1927 los salesianos llegan a Alcoy, para hacerse cargo del Patronato de la Juventud Obrera, instituci\u00f3n cat\u00f3lica-social, surgida como respuesta a los desaf\u00edos educativos de los j\u00f3venes obreros, en una ciudad en emergencia industrial.<\/p>\n","protected":false},"author":12,"featured_media":14659,"comment_status":"open","ping_status":"closed","sticky":false,"template":"","format":"standard","meta":{"_et_pb_use_builder":"on","_et_pb_old_content":"","_et_gb_content_width":"","footnotes":""},"categories":[40],"tags":[575],"class_list":["post-14666","post","type-post","status-publish","format-standard","has-post-thumbnail","hentry","category-imagen-historica","tag-smx59"],"yoast_head":"<!-- This site is optimized with the Yoast SEO plugin v27.5 - https:\/\/yoast.com\/product\/yoast-seo-wordpress\/ -->\n<title>Alcoy San Vicente Ferrer siempre al servicio de la juventud - Revista SMX<\/title>\n<meta name=\"description\" content=\"Los salesianos llegan a Alcoy, para dar respuesta a los desaf\u00edos educativos de los j\u00f3venes obreros, en una ciudad en emergencia industrial.\" \/>\n<meta name=\"robots\" content=\"index, follow, max-snippet:-1, max-image-preview:large, max-video-preview:-1\" \/>\n<link rel=\"canonical\" href=\"http:\/\/www.salesianos.edu\/revistasmx\/imagen-historia-san-vicente-ferrer-alcoy\/\" \/>\n<meta property=\"og:locale\" content=\"es_ES\" \/>\n<meta property=\"og:type\" content=\"article\" \/>\n<meta property=\"og:title\" content=\"Alcoy San Vicente Ferrer siempre al servicio de la juventud - Revista SMX\" \/>\n<meta property=\"og:description\" content=\"Los salesianos llegan a Alcoy, para dar respuesta a los desaf\u00edos educativos de los j\u00f3venes obreros, en una ciudad en emergencia industrial.\" \/>\n<meta property=\"og:url\" content=\"http:\/\/www.salesianos.edu\/revistasmx\/imagen-historia-san-vicente-ferrer-alcoy\/\" \/>\n<meta property=\"og:site_name\" content=\"Revista SMX\" \/>\n<meta property=\"article:published_time\" content=\"2020-06-24T09:45:33+00:00\" \/>\n<meta property=\"article:modified_time\" content=\"2020-06-30T06:03:39+00:00\" \/>\n<meta property=\"og:image\" content=\"http:\/\/www.salesianos.edu\/revistasmx\/wp-content\/uploads\/sites\/8\/2020\/06\/AlcoyJ23-13-scaled.jpg\" \/>\n\t<meta property=\"og:image:width\" content=\"2560\" \/>\n\t<meta property=\"og:image:height\" content=\"1920\" \/>\n\t<meta property=\"og:image:type\" content=\"image\/jpeg\" \/>\n<meta name=\"author\" content=\"joseluisgarciamoscoso\" \/>\n<meta name=\"twitter:card\" content=\"summary_large_image\" \/>\n<meta name=\"twitter:label1\" content=\"Escrito por\" \/>\n\t<meta name=\"twitter:data1\" content=\"joseluisgarciamoscoso\" \/>\n\t<meta name=\"twitter:label2\" content=\"Tiempo de lectura\" \/>\n\t<meta name=\"twitter:data2\" content=\"2 minutos\" \/>\n<script type=\"application\/ld+json\" class=\"yoast-schema-graph\">{\"@context\":\"https:\\\/\\\/schema.org\",\"@graph\":[{\"@type\":\"Article\",\"@id\":\"http:\\\/\\\/www.salesianos.edu\\\/revistasmx\\\/imagen-historia-san-vicente-ferrer-alcoy\\\/#article\",\"isPartOf\":{\"@id\":\"http:\\\/\\\/www.salesianos.edu\\\/revistasmx\\\/imagen-historia-san-vicente-ferrer-alcoy\\\/\"},\"author\":{\"name\":\"joseluisgarciamoscoso\",\"@id\":\"http:\\\/\\\/www.salesianos.edu\\\/revistasmx\\\/#\\\/schema\\\/person\\\/a1d72ee5373cce7347fb2993ba9f47d6\"},\"headline\":\"Alcoy San Vicente Ferrer siempre al servicio de la juventud\",\"datePublished\":\"2020-06-24T09:45:33+00:00\",\"dateModified\":\"2020-06-30T06:03:39+00:00\",\"mainEntityOfPage\":{\"@id\":\"http:\\\/\\\/www.salesianos.edu\\\/revistasmx\\\/imagen-historia-san-vicente-ferrer-alcoy\\\/\"},\"wordCount\":404,\"commentCount\":0,\"image\":{\"@id\":\"http:\\\/\\\/www.salesianos.edu\\\/revistasmx\\\/imagen-historia-san-vicente-ferrer-alcoy\\\/#primaryimage\"},\"thumbnailUrl\":\"http:\\\/\\\/www.salesianos.edu\\\/revistasmx\\\/wp-content\\\/uploads\\\/sites\\\/8\\\/2020\\\/06\\\/AlcoyJ23-13-scaled.jpg\",\"keywords\":[\"SMX59\"],\"articleSection\":[\"IMAGEN HIST\u00d3RICA\"],\"inLanguage\":\"es\",\"potentialAction\":[{\"@type\":\"CommentAction\",\"name\":\"Comment\",\"target\":[\"http:\\\/\\\/www.salesianos.edu\\\/revistasmx\\\/imagen-historia-san-vicente-ferrer-alcoy\\\/#respond\"]}]},{\"@type\":\"WebPage\",\"@id\":\"http:\\\/\\\/www.salesianos.edu\\\/revistasmx\\\/imagen-historia-san-vicente-ferrer-alcoy\\\/\",\"url\":\"http:\\\/\\\/www.salesianos.edu\\\/revistasmx\\\/imagen-historia-san-vicente-ferrer-alcoy\\\/\",\"name\":\"Alcoy San Vicente Ferrer siempre al servicio de la juventud - Revista SMX\",\"isPartOf\":{\"@id\":\"http:\\\/\\\/www.salesianos.edu\\\/revistasmx\\\/#website\"},\"primaryImageOfPage\":{\"@id\":\"http:\\\/\\\/www.salesianos.edu\\\/revistasmx\\\/imagen-historia-san-vicente-ferrer-alcoy\\\/#primaryimage\"},\"image\":{\"@id\":\"http:\\\/\\\/www.salesianos.edu\\\/revistasmx\\\/imagen-historia-san-vicente-ferrer-alcoy\\\/#primaryimage\"},\"thumbnailUrl\":\"http:\\\/\\\/www.salesianos.edu\\\/revistasmx\\\/wp-content\\\/uploads\\\/sites\\\/8\\\/2020\\\/06\\\/AlcoyJ23-13-scaled.jpg\",\"datePublished\":\"2020-06-24T09:45:33+00:00\",\"dateModified\":\"2020-06-30T06:03:39+00:00\",\"author\":{\"@id\":\"http:\\\/\\\/www.salesianos.edu\\\/revistasmx\\\/#\\\/schema\\\/person\\\/a1d72ee5373cce7347fb2993ba9f47d6\"},\"description\":\"Los salesianos llegan a Alcoy, para dar respuesta a los desaf\u00edos educativos de los j\u00f3venes obreros, en una ciudad en emergencia industrial.\",\"breadcrumb\":{\"@id\":\"http:\\\/\\\/www.salesianos.edu\\\/revistasmx\\\/imagen-historia-san-vicente-ferrer-alcoy\\\/#breadcrumb\"},\"inLanguage\":\"es\",\"potentialAction\":[{\"@type\":\"ReadAction\",\"target\":[\"http:\\\/\\\/www.salesianos.edu\\\/revistasmx\\\/imagen-historia-san-vicente-ferrer-alcoy\\\/\"]}]},{\"@type\":\"ImageObject\",\"inLanguage\":\"es\",\"@id\":\"http:\\\/\\\/www.salesianos.edu\\\/revistasmx\\\/imagen-historia-san-vicente-ferrer-alcoy\\\/#primaryimage\",\"url\":\"http:\\\/\\\/www.salesianos.edu\\\/revistasmx\\\/wp-content\\\/uploads\\\/sites\\\/8\\\/2020\\\/06\\\/AlcoyJ23-13-scaled.jpg\",\"contentUrl\":\"http:\\\/\\\/www.salesianos.edu\\\/revistasmx\\\/wp-content\\\/uploads\\\/sites\\\/8\\\/2020\\\/06\\\/AlcoyJ23-13-scaled.jpg\",\"width\":2560,\"height\":1920},{\"@type\":\"BreadcrumbList\",\"@id\":\"http:\\\/\\\/www.salesianos.edu\\\/revistasmx\\\/imagen-historia-san-vicente-ferrer-alcoy\\\/#breadcrumb\",\"itemListElement\":[{\"@type\":\"ListItem\",\"position\":1,\"name\":\"Portada\",\"item\":\"http:\\\/\\\/www.salesianos.edu\\\/revistasmx\\\/\"},{\"@type\":\"ListItem\",\"position\":2,\"name\":\"Alcoy San Vicente Ferrer siempre al servicio de la juventud\"}]},{\"@type\":\"WebSite\",\"@id\":\"http:\\\/\\\/www.salesianos.edu\\\/revistasmx\\\/#website\",\"url\":\"http:\\\/\\\/www.salesianos.edu\\\/revistasmx\\\/\",\"name\":\"Revista SMX\",\"description\":\"P\u00e1gina oficial de Inspector\u00eda Salesiana Mar\u00eda Auxiliadora\",\"potentialAction\":[{\"@type\":\"SearchAction\",\"target\":{\"@type\":\"EntryPoint\",\"urlTemplate\":\"http:\\\/\\\/www.salesianos.edu\\\/revistasmx\\\/?s={search_term_string}\"},\"query-input\":{\"@type\":\"PropertyValueSpecification\",\"valueRequired\":true,\"valueName\":\"search_term_string\"}}],\"inLanguage\":\"es\"},{\"@type\":\"Person\",\"@id\":\"http:\\\/\\\/www.salesianos.edu\\\/revistasmx\\\/#\\\/schema\\\/person\\\/a1d72ee5373cce7347fb2993ba9f47d6\",\"name\":\"joseluisgarciamoscoso\",\"image\":{\"@type\":\"ImageObject\",\"inLanguage\":\"es\",\"@id\":\"https:\\\/\\\/secure.gravatar.com\\\/avatar\\\/3fda3a0b2db3bc9a39871e47cbd526b42d6c3b74755b7ae1400a87b2913fea6a?s=96&d=mm&r=g\",\"url\":\"https:\\\/\\\/secure.gravatar.com\\\/avatar\\\/3fda3a0b2db3bc9a39871e47cbd526b42d6c3b74755b7ae1400a87b2913fea6a?s=96&d=mm&r=g\",\"contentUrl\":\"https:\\\/\\\/secure.gravatar.com\\\/avatar\\\/3fda3a0b2db3bc9a39871e47cbd526b42d6c3b74755b7ae1400a87b2913fea6a?s=96&d=mm&r=g\",\"caption\":\"joseluisgarciamoscoso\"}}]}<\/script>\n<!-- \/ Yoast SEO plugin. -->","yoast_head_json":{"title":"Alcoy San Vicente Ferrer siempre al servicio de la juventud - Revista SMX","description":"Los salesianos llegan a Alcoy, para dar respuesta a los desaf\u00edos educativos de los j\u00f3venes obreros, en una ciudad en emergencia industrial.","robots":{"index":"index","follow":"follow","max-snippet":"max-snippet:-1","max-image-preview":"max-image-preview:large","max-video-preview":"max-video-preview:-1"},"canonical":"http:\/\/www.salesianos.edu\/revistasmx\/imagen-historia-san-vicente-ferrer-alcoy\/","og_locale":"es_ES","og_type":"article","og_title":"Alcoy San Vicente Ferrer siempre al servicio de la juventud - Revista SMX","og_description":"Los salesianos llegan a Alcoy, para dar respuesta a los desaf\u00edos educativos de los j\u00f3venes obreros, en una ciudad en emergencia industrial.","og_url":"http:\/\/www.salesianos.edu\/revistasmx\/imagen-historia-san-vicente-ferrer-alcoy\/","og_site_name":"Revista SMX","article_published_time":"2020-06-24T09:45:33+00:00","article_modified_time":"2020-06-30T06:03:39+00:00","og_image":[{"width":2560,"height":1920,"url":"http:\/\/www.salesianos.edu\/revistasmx\/wp-content\/uploads\/sites\/8\/2020\/06\/AlcoyJ23-13-scaled.jpg","type":"image\/jpeg"}],"author":"joseluisgarciamoscoso","twitter_card":"summary_large_image","twitter_misc":{"Escrito por":"joseluisgarciamoscoso","Tiempo de lectura":"2 minutos"},"schema":{"@context":"https:\/\/schema.org","@graph":[{"@type":"Article","@id":"http:\/\/www.salesianos.edu\/revistasmx\/imagen-historia-san-vicente-ferrer-alcoy\/#article","isPartOf":{"@id":"http:\/\/www.salesianos.edu\/revistasmx\/imagen-historia-san-vicente-ferrer-alcoy\/"},"author":{"name":"joseluisgarciamoscoso","@id":"http:\/\/www.salesianos.edu\/revistasmx\/#\/schema\/person\/a1d72ee5373cce7347fb2993ba9f47d6"},"headline":"Alcoy San Vicente Ferrer siempre al servicio de la juventud","datePublished":"2020-06-24T09:45:33+00:00","dateModified":"2020-06-30T06:03:39+00:00","mainEntityOfPage":{"@id":"http:\/\/www.salesianos.edu\/revistasmx\/imagen-historia-san-vicente-ferrer-alcoy\/"},"wordCount":404,"commentCount":0,"image":{"@id":"http:\/\/www.salesianos.edu\/revistasmx\/imagen-historia-san-vicente-ferrer-alcoy\/#primaryimage"},"thumbnailUrl":"http:\/\/www.salesianos.edu\/revistasmx\/wp-content\/uploads\/sites\/8\/2020\/06\/AlcoyJ23-13-scaled.jpg","keywords":["SMX59"],"articleSection":["IMAGEN HIST\u00d3RICA"],"inLanguage":"es","potentialAction":[{"@type":"CommentAction","name":"Comment","target":["http:\/\/www.salesianos.edu\/revistasmx\/imagen-historia-san-vicente-ferrer-alcoy\/#respond"]}]},{"@type":"WebPage","@id":"http:\/\/www.salesianos.edu\/revistasmx\/imagen-historia-san-vicente-ferrer-alcoy\/","url":"http:\/\/www.salesianos.edu\/revistasmx\/imagen-historia-san-vicente-ferrer-alcoy\/","name":"Alcoy San Vicente Ferrer siempre al servicio de la juventud - Revista SMX","isPartOf":{"@id":"http:\/\/www.salesianos.edu\/revistasmx\/#website"},"primaryImageOfPage":{"@id":"http:\/\/www.salesianos.edu\/revistasmx\/imagen-historia-san-vicente-ferrer-alcoy\/#primaryimage"},"image":{"@id":"http:\/\/www.salesianos.edu\/revistasmx\/imagen-historia-san-vicente-ferrer-alcoy\/#primaryimage"},"thumbnailUrl":"http:\/\/www.salesianos.edu\/revistasmx\/wp-content\/uploads\/sites\/8\/2020\/06\/AlcoyJ23-13-scaled.jpg","datePublished":"2020-06-24T09:45:33+00:00","dateModified":"2020-06-30T06:03:39+00:00","author":{"@id":"http:\/\/www.salesianos.edu\/revistasmx\/#\/schema\/person\/a1d72ee5373cce7347fb2993ba9f47d6"},"description":"Los salesianos llegan a Alcoy, para dar respuesta a los desaf\u00edos educativos de los j\u00f3venes obreros, en una ciudad en emergencia industrial.","breadcrumb":{"@id":"http:\/\/www.salesianos.edu\/revistasmx\/imagen-historia-san-vicente-ferrer-alcoy\/#breadcrumb"},"inLanguage":"es","potentialAction":[{"@type":"ReadAction","target":["http:\/\/www.salesianos.edu\/revistasmx\/imagen-historia-san-vicente-ferrer-alcoy\/"]}]},{"@type":"ImageObject","inLanguage":"es","@id":"http:\/\/www.salesianos.edu\/revistasmx\/imagen-historia-san-vicente-ferrer-alcoy\/#primaryimage","url":"http:\/\/www.salesianos.edu\/revistasmx\/wp-content\/uploads\/sites\/8\/2020\/06\/AlcoyJ23-13-scaled.jpg","contentUrl":"http:\/\/www.salesianos.edu\/revistasmx\/wp-content\/uploads\/sites\/8\/2020\/06\/AlcoyJ23-13-scaled.jpg","width":2560,"height":1920},{"@type":"BreadcrumbList","@id":"http:\/\/www.salesianos.edu\/revistasmx\/imagen-historia-san-vicente-ferrer-alcoy\/#breadcrumb","itemListElement":[{"@type":"ListItem","position":1,"name":"Portada","item":"http:\/\/www.salesianos.edu\/revistasmx\/"},{"@type":"ListItem","position":2,"name":"Alcoy San Vicente Ferrer siempre al servicio de la juventud"}]},{"@type":"WebSite","@id":"http:\/\/www.salesianos.edu\/revistasmx\/#website","url":"http:\/\/www.salesianos.edu\/revistasmx\/","name":"Revista SMX","description":"P\u00e1gina oficial de Inspector\u00eda Salesiana Mar\u00eda Auxiliadora","potentialAction":[{"@type":"SearchAction","target":{"@type":"EntryPoint","urlTemplate":"http:\/\/www.salesianos.edu\/revistasmx\/?s={search_term_string}"},"query-input":{"@type":"PropertyValueSpecification","valueRequired":true,"valueName":"search_term_string"}}],"inLanguage":"es"},{"@type":"Person","@id":"http:\/\/www.salesianos.edu\/revistasmx\/#\/schema\/person\/a1d72ee5373cce7347fb2993ba9f47d6","name":"joseluisgarciamoscoso","image":{"@type":"ImageObject","inLanguage":"es","@id":"https:\/\/secure.gravatar.com\/avatar\/3fda3a0b2db3bc9a39871e47cbd526b42d6c3b74755b7ae1400a87b2913fea6a?s=96&d=mm&r=g","url":"https:\/\/secure.gravatar.com\/avatar\/3fda3a0b2db3bc9a39871e47cbd526b42d6c3b74755b7ae1400a87b2913fea6a?s=96&d=mm&r=g","contentUrl":"https:\/\/secure.gravatar.com\/avatar\/3fda3a0b2db3bc9a39871e47cbd526b42d6c3b74755b7ae1400a87b2913fea6a?s=96&d=mm&r=g","caption":"joseluisgarciamoscoso"}}]}},"_links":{"self":[{"href":"http:\/\/www.salesianos.edu\/revistasmx\/wp-json\/wp\/v2\/posts\/14666","targetHints":{"allow":["GET"]}}],"collection":[{"href":"http:\/\/www.salesianos.edu\/revistasmx\/wp-json\/wp\/v2\/posts"}],"about":[{"href":"http:\/\/www.salesianos.edu\/revistasmx\/wp-json\/wp\/v2\/types\/post"}],"author":[{"embeddable":true,"href":"http:\/\/www.salesianos.edu\/revistasmx\/wp-json\/wp\/v2\/users\/12"}],"replies":[{"embeddable":true,"href":"http:\/\/www.salesianos.edu\/revistasmx\/wp-json\/wp\/v2\/comments?post=14666"}],"version-history":[{"count":11,"href":"http:\/\/www.salesianos.edu\/revistasmx\/wp-json\/wp\/v2\/posts\/14666\/revisions"}],"predecessor-version":[{"id":14678,"href":"http:\/\/www.salesianos.edu\/revistasmx\/wp-json\/wp\/v2\/posts\/14666\/revisions\/14678"}],"wp:featuredmedia":[{"embeddable":true,"href":"http:\/\/www.salesianos.edu\/revistasmx\/wp-json\/wp\/v2\/media\/14659"}],"wp:attachment":[{"href":"http:\/\/www.salesianos.edu\/revistasmx\/wp-json\/wp\/v2\/media?parent=14666"}],"wp:term":[{"taxonomy":"category","embeddable":true,"href":"http:\/\/www.salesianos.edu\/revistasmx\/wp-json\/wp\/v2\/categories?post=14666"},{"taxonomy":"post_tag","embeddable":true,"href":"http:\/\/www.salesianos.edu\/revistasmx\/wp-json\/wp\/v2\/tags?post=14666"}],"curies":[{"name":"wp","href":"https:\/\/api.w.org\/{rel}","templated":true}]}}