{"id":13456,"date":"2020-02-24T11:00:42","date_gmt":"2020-02-24T10:00:42","guid":{"rendered":"http:\/\/www.salesianos.edu\/revistasmx\/?p=13456"},"modified":"2020-02-28T10:23:37","modified_gmt":"2020-02-28T09:23:37","slug":"in-memoriam-antonio-calero-de-los-rios","status":"publish","type":"post","link":"http:\/\/www.salesianos.edu\/revistasmx\/in-memoriam-antonio-calero-de-los-rios\/","title":{"rendered":"In Memoriam: Antonio Calero de los R\u00edos"},"content":{"rendered":"<div id=\"fb-root\"><\/div>\n<p>[et_pb_section fb_built=\u00bb1&#8243; admin_label=\u00bbsection\u00bb _builder_version=\u00bb3.22&#8243;][et_pb_row column_structure=\u00bb2_5,3_5&#8243; admin_label=\u00bbrow\u00bb _builder_version=\u00bb3.25&#8243; background_size=\u00bbinitial\u00bb background_position=\u00bbtop_left\u00bb background_repeat=\u00bbrepeat\u00bb][et_pb_column type=\u00bb2_5&#8243; _builder_version=\u00bb3.25&#8243; custom_padding=\u00bb|||\u00bb custom_padding__hover=\u00bb|||\u00bb][et_pb_image src=\u00bbhttps:\/\/www.salesianos.edu\/revistasmx\/wp-content\/uploads\/sites\/8\/2020\/02\/Calero.png\u00bb _builder_version=\u00bb4.3.2&#8243;][\/et_pb_image][\/et_pb_column][et_pb_column type=\u00bb3_5&#8243; _builder_version=\u00bb3.25&#8243; custom_padding=\u00bb|||\u00bb custom_padding__hover=\u00bb|||\u00bb][et_pb_text _builder_version=\u00bb4.3.2&#8243;]<\/p>\n<p><span style=\"font-weight: 400;\">\u00a0Antonio Calero de los R\u00edos, salesiano sacerdote, falleci\u00f3 el 18 de febrero. Ten\u00eda 92 a\u00f1os de edad y hab\u00eda cumplido los 75 de salesiano y los 66 de sacerdote.\u00a0<\/span><\/p>\n<p><span style=\"font-weight: 400;\">Don Antonio naci\u00f3 en Sevilla, el 23 de junio de 1927. Hizo el Noviciado en San Jos\u00e9 del Valle (C\u00e1diz), donde profes\u00f3 el 16 de agosto de 1944.\u00a0 En el desarrollo de su labor pastoral estuvo en Posadas (1955-63) de donde, en 2004, ser\u00eda nombrado Hijo Adoptivo; en Sevilla-Colegio Mayor (1964-65 como director; 1985-87 y 1989-2001); Sanl\u00facar la Mayor (1965-68) como director; Santiago de Chile-La Cisterna como profesor en la Universidad Cat\u00f3lica de Santiago (1968-72); Inspector de la Inspector\u00eda de C\u00f3rdoba (1972-78); Sevilla-Centro de Estudios Catequ\u00e9ticos (1978-81); Sevilla-Teologado-Comunidad San Isidoro (1981-85 como director; 1987-89 y 2001-11). De 1991 a 2003 fue Rector del Centro de Estudios Teol\u00f3gicos de Sevilla. El 15 de febrero de 2004 recibi\u00f3 la medalla \u201cPro Ecclesia et Pontifice\u201d. Sigui\u00f3 trabajando en Sevilla-Trinidad (2011-14), y nuevamente en el Colegio Mayor San Juan Bosco de Sevilla (2014-2020). Desde hace apenas un mes, muy enfermo, pas\u00f3 a la Residencia Don Pedro Ricaldone, donde ha fallecido.<\/span><\/p>\n<p><span style=\"font-weight: 400;\">Antonio deja el recuerdo de \u201cuna gran persona\u201d.<\/span><\/p>\n<p>&nbsp;<\/p>\n<p>[\/et_pb_text][\/et_pb_column][\/et_pb_row][\/et_pb_section]<\/p>\n","protected":false},"excerpt":{"rendered":"<p>Antonio Calero de los R\u00edos, salesiano sacerdote, falleci\u00f3 el 18 de febrero. Ten\u00eda 92 a\u00f1os de edad y hab\u00eda cumplido los 75 de salesiano y los 66 de sacerdote. <\/p>\n","protected":false},"author":12,"featured_media":13459,"comment_status":"open","ping_status":"closed","sticky":false,"template":"","format":"standard","meta":{"_et_pb_use_builder":"on","_et_pb_old_content":"","_et_gb_content_width":"","footnotes":""},"categories":[44],"tags":[506],"class_list":["post-13456","post","type-post","status-publish","format-standard","has-post-thumbnail","hentry","category-in-memoriam","tag-smx55-es"],"yoast_head":"<!-- This site is optimized with the Yoast SEO plugin v27.5 - https:\/\/yoast.com\/product\/yoast-seo-wordpress\/ -->\n<title>In Memoriam: Antonio Calero de los R\u00edos - Revista SMX<\/title>\n<meta name=\"description\" content=\"Antonio Calero de los R\u00edos, salesiano sacerdote, falleci\u00f3 el 18 de febrero. Ten\u00eda 92 a\u00f1os de edad y hab\u00eda cumplido los 75 de salesiano y los 66 de sacerdote.\" \/>\n<meta name=\"robots\" content=\"index, follow, max-snippet:-1, max-image-preview:large, max-video-preview:-1\" \/>\n<link rel=\"canonical\" href=\"http:\/\/www.salesianos.edu\/revistasmx\/in-memoriam-antonio-calero-de-los-rios\/\" \/>\n<meta property=\"og:locale\" content=\"es_ES\" \/>\n<meta property=\"og:type\" content=\"article\" \/>\n<meta property=\"og:title\" content=\"In Memoriam: Antonio Calero de los R\u00edos - Revista SMX\" \/>\n<meta property=\"og:description\" content=\"Antonio Calero de los R\u00edos, salesiano sacerdote, falleci\u00f3 el 18 de febrero. Ten\u00eda 92 a\u00f1os de edad y hab\u00eda cumplido los 75 de salesiano y los 66 de sacerdote.\" \/>\n<meta property=\"og:url\" content=\"http:\/\/www.salesianos.edu\/revistasmx\/in-memoriam-antonio-calero-de-los-rios\/\" \/>\n<meta property=\"og:site_name\" content=\"Revista SMX\" \/>\n<meta property=\"article:published_time\" content=\"2020-02-24T10:00:42+00:00\" \/>\n<meta property=\"article:modified_time\" content=\"2020-02-28T09:23:37+00:00\" \/>\n<meta property=\"og:image\" content=\"http:\/\/www.salesianos.edu\/revistasmx\/wp-content\/uploads\/sites\/8\/2020\/02\/Calero.png\" \/>\n\t<meta property=\"og:image:width\" content=\"298\" \/>\n\t<meta property=\"og:image:height\" content=\"455\" \/>\n\t<meta property=\"og:image:type\" content=\"image\/png\" \/>\n<meta name=\"author\" content=\"joseluisgarciamoscoso\" \/>\n<meta name=\"twitter:card\" content=\"summary_large_image\" \/>\n<meta name=\"twitter:label1\" content=\"Escrito por\" \/>\n\t<meta name=\"twitter:data1\" content=\"joseluisgarciamoscoso\" \/>\n\t<meta name=\"twitter:label2\" content=\"Tiempo de lectura\" \/>\n\t<meta name=\"twitter:data2\" content=\"1 minuto\" \/>\n<script type=\"application\/ld+json\" class=\"yoast-schema-graph\">{\"@context\":\"https:\\\/\\\/schema.org\",\"@graph\":[{\"@type\":\"Article\",\"@id\":\"http:\\\/\\\/www.salesianos.edu\\\/revistasmx\\\/in-memoriam-antonio-calero-de-los-rios\\\/#article\",\"isPartOf\":{\"@id\":\"http:\\\/\\\/www.salesianos.edu\\\/revistasmx\\\/in-memoriam-antonio-calero-de-los-rios\\\/\"},\"author\":{\"name\":\"joseluisgarciamoscoso\",\"@id\":\"http:\\\/\\\/www.salesianos.edu\\\/revistasmx\\\/#\\\/schema\\\/person\\\/a1d72ee5373cce7347fb2993ba9f47d6\"},\"headline\":\"In Memoriam: Antonio Calero de los R\u00edos\",\"datePublished\":\"2020-02-24T10:00:42+00:00\",\"dateModified\":\"2020-02-28T09:23:37+00:00\",\"mainEntityOfPage\":{\"@id\":\"http:\\\/\\\/www.salesianos.edu\\\/revistasmx\\\/in-memoriam-antonio-calero-de-los-rios\\\/\"},\"wordCount\":292,\"commentCount\":0,\"image\":{\"@id\":\"http:\\\/\\\/www.salesianos.edu\\\/revistasmx\\\/in-memoriam-antonio-calero-de-los-rios\\\/#primaryimage\"},\"thumbnailUrl\":\"http:\\\/\\\/www.salesianos.edu\\\/revistasmx\\\/wp-content\\\/uploads\\\/sites\\\/8\\\/2020\\\/02\\\/Calero.png\",\"keywords\":[\"SMX55\"],\"articleSection\":[\"IN MEMORIAM\"],\"inLanguage\":\"es\",\"potentialAction\":[{\"@type\":\"CommentAction\",\"name\":\"Comment\",\"target\":[\"http:\\\/\\\/www.salesianos.edu\\\/revistasmx\\\/in-memoriam-antonio-calero-de-los-rios\\\/#respond\"]}]},{\"@type\":\"WebPage\",\"@id\":\"http:\\\/\\\/www.salesianos.edu\\\/revistasmx\\\/in-memoriam-antonio-calero-de-los-rios\\\/\",\"url\":\"http:\\\/\\\/www.salesianos.edu\\\/revistasmx\\\/in-memoriam-antonio-calero-de-los-rios\\\/\",\"name\":\"In Memoriam: Antonio Calero de los R\u00edos - Revista SMX\",\"isPartOf\":{\"@id\":\"http:\\\/\\\/www.salesianos.edu\\\/revistasmx\\\/#website\"},\"primaryImageOfPage\":{\"@id\":\"http:\\\/\\\/www.salesianos.edu\\\/revistasmx\\\/in-memoriam-antonio-calero-de-los-rios\\\/#primaryimage\"},\"image\":{\"@id\":\"http:\\\/\\\/www.salesianos.edu\\\/revistasmx\\\/in-memoriam-antonio-calero-de-los-rios\\\/#primaryimage\"},\"thumbnailUrl\":\"http:\\\/\\\/www.salesianos.edu\\\/revistasmx\\\/wp-content\\\/uploads\\\/sites\\\/8\\\/2020\\\/02\\\/Calero.png\",\"datePublished\":\"2020-02-24T10:00:42+00:00\",\"dateModified\":\"2020-02-28T09:23:37+00:00\",\"author\":{\"@id\":\"http:\\\/\\\/www.salesianos.edu\\\/revistasmx\\\/#\\\/schema\\\/person\\\/a1d72ee5373cce7347fb2993ba9f47d6\"},\"description\":\"Antonio Calero de los R\u00edos, salesiano sacerdote, falleci\u00f3 el 18 de febrero. Ten\u00eda 92 a\u00f1os de edad y hab\u00eda cumplido los 75 de salesiano y los 66 de sacerdote.\",\"breadcrumb\":{\"@id\":\"http:\\\/\\\/www.salesianos.edu\\\/revistasmx\\\/in-memoriam-antonio-calero-de-los-rios\\\/#breadcrumb\"},\"inLanguage\":\"es\",\"potentialAction\":[{\"@type\":\"ReadAction\",\"target\":[\"http:\\\/\\\/www.salesianos.edu\\\/revistasmx\\\/in-memoriam-antonio-calero-de-los-rios\\\/\"]}]},{\"@type\":\"ImageObject\",\"inLanguage\":\"es\",\"@id\":\"http:\\\/\\\/www.salesianos.edu\\\/revistasmx\\\/in-memoriam-antonio-calero-de-los-rios\\\/#primaryimage\",\"url\":\"http:\\\/\\\/www.salesianos.edu\\\/revistasmx\\\/wp-content\\\/uploads\\\/sites\\\/8\\\/2020\\\/02\\\/Calero.png\",\"contentUrl\":\"http:\\\/\\\/www.salesianos.edu\\\/revistasmx\\\/wp-content\\\/uploads\\\/sites\\\/8\\\/2020\\\/02\\\/Calero.png\",\"width\":298,\"height\":455},{\"@type\":\"BreadcrumbList\",\"@id\":\"http:\\\/\\\/www.salesianos.edu\\\/revistasmx\\\/in-memoriam-antonio-calero-de-los-rios\\\/#breadcrumb\",\"itemListElement\":[{\"@type\":\"ListItem\",\"position\":1,\"name\":\"Portada\",\"item\":\"https:\\\/\\\/www.salesianos.edu\\\/revistasmx\\\/\"},{\"@type\":\"ListItem\",\"position\":2,\"name\":\"In Memoriam: Antonio Calero de los R\u00edos\"}]},{\"@type\":\"WebSite\",\"@id\":\"http:\\\/\\\/www.salesianos.edu\\\/revistasmx\\\/#website\",\"url\":\"http:\\\/\\\/www.salesianos.edu\\\/revistasmx\\\/\",\"name\":\"Revista SMX\",\"description\":\"P\u00e1gina oficial de Inspector\u00eda Salesiana Mar\u00eda Auxiliadora\",\"potentialAction\":[{\"@type\":\"SearchAction\",\"target\":{\"@type\":\"EntryPoint\",\"urlTemplate\":\"http:\\\/\\\/www.salesianos.edu\\\/revistasmx\\\/?s={search_term_string}\"},\"query-input\":{\"@type\":\"PropertyValueSpecification\",\"valueRequired\":true,\"valueName\":\"search_term_string\"}}],\"inLanguage\":\"es\"},{\"@type\":\"Person\",\"@id\":\"http:\\\/\\\/www.salesianos.edu\\\/revistasmx\\\/#\\\/schema\\\/person\\\/a1d72ee5373cce7347fb2993ba9f47d6\",\"name\":\"joseluisgarciamoscoso\",\"image\":{\"@type\":\"ImageObject\",\"inLanguage\":\"es\",\"@id\":\"https:\\\/\\\/secure.gravatar.com\\\/avatar\\\/3fda3a0b2db3bc9a39871e47cbd526b42d6c3b74755b7ae1400a87b2913fea6a?s=96&d=mm&r=g\",\"url\":\"https:\\\/\\\/secure.gravatar.com\\\/avatar\\\/3fda3a0b2db3bc9a39871e47cbd526b42d6c3b74755b7ae1400a87b2913fea6a?s=96&d=mm&r=g\",\"contentUrl\":\"https:\\\/\\\/secure.gravatar.com\\\/avatar\\\/3fda3a0b2db3bc9a39871e47cbd526b42d6c3b74755b7ae1400a87b2913fea6a?s=96&d=mm&r=g\",\"caption\":\"joseluisgarciamoscoso\"}}]}<\/script>\n<!-- \/ Yoast SEO plugin. -->","yoast_head_json":{"title":"In Memoriam: Antonio Calero de los R\u00edos - Revista SMX","description":"Antonio Calero de los R\u00edos, salesiano sacerdote, falleci\u00f3 el 18 de febrero. Ten\u00eda 92 a\u00f1os de edad y hab\u00eda cumplido los 75 de salesiano y los 66 de sacerdote.","robots":{"index":"index","follow":"follow","max-snippet":"max-snippet:-1","max-image-preview":"max-image-preview:large","max-video-preview":"max-video-preview:-1"},"canonical":"http:\/\/www.salesianos.edu\/revistasmx\/in-memoriam-antonio-calero-de-los-rios\/","og_locale":"es_ES","og_type":"article","og_title":"In Memoriam: Antonio Calero de los R\u00edos - Revista SMX","og_description":"Antonio Calero de los R\u00edos, salesiano sacerdote, falleci\u00f3 el 18 de febrero. Ten\u00eda 92 a\u00f1os de edad y hab\u00eda cumplido los 75 de salesiano y los 66 de sacerdote.","og_url":"http:\/\/www.salesianos.edu\/revistasmx\/in-memoriam-antonio-calero-de-los-rios\/","og_site_name":"Revista SMX","article_published_time":"2020-02-24T10:00:42+00:00","article_modified_time":"2020-02-28T09:23:37+00:00","og_image":[{"width":298,"height":455,"url":"http:\/\/www.salesianos.edu\/revistasmx\/wp-content\/uploads\/sites\/8\/2020\/02\/Calero.png","type":"image\/png"}],"author":"joseluisgarciamoscoso","twitter_card":"summary_large_image","twitter_misc":{"Escrito por":"joseluisgarciamoscoso","Tiempo de lectura":"1 minuto"},"schema":{"@context":"https:\/\/schema.org","@graph":[{"@type":"Article","@id":"http:\/\/www.salesianos.edu\/revistasmx\/in-memoriam-antonio-calero-de-los-rios\/#article","isPartOf":{"@id":"http:\/\/www.salesianos.edu\/revistasmx\/in-memoriam-antonio-calero-de-los-rios\/"},"author":{"name":"joseluisgarciamoscoso","@id":"http:\/\/www.salesianos.edu\/revistasmx\/#\/schema\/person\/a1d72ee5373cce7347fb2993ba9f47d6"},"headline":"In Memoriam: Antonio Calero de los R\u00edos","datePublished":"2020-02-24T10:00:42+00:00","dateModified":"2020-02-28T09:23:37+00:00","mainEntityOfPage":{"@id":"http:\/\/www.salesianos.edu\/revistasmx\/in-memoriam-antonio-calero-de-los-rios\/"},"wordCount":292,"commentCount":0,"image":{"@id":"http:\/\/www.salesianos.edu\/revistasmx\/in-memoriam-antonio-calero-de-los-rios\/#primaryimage"},"thumbnailUrl":"http:\/\/www.salesianos.edu\/revistasmx\/wp-content\/uploads\/sites\/8\/2020\/02\/Calero.png","keywords":["SMX55"],"articleSection":["IN MEMORIAM"],"inLanguage":"es","potentialAction":[{"@type":"CommentAction","name":"Comment","target":["http:\/\/www.salesianos.edu\/revistasmx\/in-memoriam-antonio-calero-de-los-rios\/#respond"]}]},{"@type":"WebPage","@id":"http:\/\/www.salesianos.edu\/revistasmx\/in-memoriam-antonio-calero-de-los-rios\/","url":"http:\/\/www.salesianos.edu\/revistasmx\/in-memoriam-antonio-calero-de-los-rios\/","name":"In Memoriam: Antonio Calero de los R\u00edos - Revista SMX","isPartOf":{"@id":"http:\/\/www.salesianos.edu\/revistasmx\/#website"},"primaryImageOfPage":{"@id":"http:\/\/www.salesianos.edu\/revistasmx\/in-memoriam-antonio-calero-de-los-rios\/#primaryimage"},"image":{"@id":"http:\/\/www.salesianos.edu\/revistasmx\/in-memoriam-antonio-calero-de-los-rios\/#primaryimage"},"thumbnailUrl":"http:\/\/www.salesianos.edu\/revistasmx\/wp-content\/uploads\/sites\/8\/2020\/02\/Calero.png","datePublished":"2020-02-24T10:00:42+00:00","dateModified":"2020-02-28T09:23:37+00:00","author":{"@id":"http:\/\/www.salesianos.edu\/revistasmx\/#\/schema\/person\/a1d72ee5373cce7347fb2993ba9f47d6"},"description":"Antonio Calero de los R\u00edos, salesiano sacerdote, falleci\u00f3 el 18 de febrero. Ten\u00eda 92 a\u00f1os de edad y hab\u00eda cumplido los 75 de salesiano y los 66 de sacerdote.","breadcrumb":{"@id":"http:\/\/www.salesianos.edu\/revistasmx\/in-memoriam-antonio-calero-de-los-rios\/#breadcrumb"},"inLanguage":"es","potentialAction":[{"@type":"ReadAction","target":["http:\/\/www.salesianos.edu\/revistasmx\/in-memoriam-antonio-calero-de-los-rios\/"]}]},{"@type":"ImageObject","inLanguage":"es","@id":"http:\/\/www.salesianos.edu\/revistasmx\/in-memoriam-antonio-calero-de-los-rios\/#primaryimage","url":"http:\/\/www.salesianos.edu\/revistasmx\/wp-content\/uploads\/sites\/8\/2020\/02\/Calero.png","contentUrl":"http:\/\/www.salesianos.edu\/revistasmx\/wp-content\/uploads\/sites\/8\/2020\/02\/Calero.png","width":298,"height":455},{"@type":"BreadcrumbList","@id":"http:\/\/www.salesianos.edu\/revistasmx\/in-memoriam-antonio-calero-de-los-rios\/#breadcrumb","itemListElement":[{"@type":"ListItem","position":1,"name":"Portada","item":"https:\/\/www.salesianos.edu\/revistasmx\/"},{"@type":"ListItem","position":2,"name":"In Memoriam: Antonio Calero de los R\u00edos"}]},{"@type":"WebSite","@id":"http:\/\/www.salesianos.edu\/revistasmx\/#website","url":"http:\/\/www.salesianos.edu\/revistasmx\/","name":"Revista SMX","description":"P\u00e1gina oficial de Inspector\u00eda Salesiana Mar\u00eda Auxiliadora","potentialAction":[{"@type":"SearchAction","target":{"@type":"EntryPoint","urlTemplate":"http:\/\/www.salesianos.edu\/revistasmx\/?s={search_term_string}"},"query-input":{"@type":"PropertyValueSpecification","valueRequired":true,"valueName":"search_term_string"}}],"inLanguage":"es"},{"@type":"Person","@id":"http:\/\/www.salesianos.edu\/revistasmx\/#\/schema\/person\/a1d72ee5373cce7347fb2993ba9f47d6","name":"joseluisgarciamoscoso","image":{"@type":"ImageObject","inLanguage":"es","@id":"https:\/\/secure.gravatar.com\/avatar\/3fda3a0b2db3bc9a39871e47cbd526b42d6c3b74755b7ae1400a87b2913fea6a?s=96&d=mm&r=g","url":"https:\/\/secure.gravatar.com\/avatar\/3fda3a0b2db3bc9a39871e47cbd526b42d6c3b74755b7ae1400a87b2913fea6a?s=96&d=mm&r=g","contentUrl":"https:\/\/secure.gravatar.com\/avatar\/3fda3a0b2db3bc9a39871e47cbd526b42d6c3b74755b7ae1400a87b2913fea6a?s=96&d=mm&r=g","caption":"joseluisgarciamoscoso"}}]}},"_links":{"self":[{"href":"http:\/\/www.salesianos.edu\/revistasmx\/wp-json\/wp\/v2\/posts\/13456","targetHints":{"allow":["GET"]}}],"collection":[{"href":"http:\/\/www.salesianos.edu\/revistasmx\/wp-json\/wp\/v2\/posts"}],"about":[{"href":"http:\/\/www.salesianos.edu\/revistasmx\/wp-json\/wp\/v2\/types\/post"}],"author":[{"embeddable":true,"href":"http:\/\/www.salesianos.edu\/revistasmx\/wp-json\/wp\/v2\/users\/12"}],"replies":[{"embeddable":true,"href":"http:\/\/www.salesianos.edu\/revistasmx\/wp-json\/wp\/v2\/comments?post=13456"}],"version-history":[{"count":5,"href":"http:\/\/www.salesianos.edu\/revistasmx\/wp-json\/wp\/v2\/posts\/13456\/revisions"}],"predecessor-version":[{"id":13492,"href":"http:\/\/www.salesianos.edu\/revistasmx\/wp-json\/wp\/v2\/posts\/13456\/revisions\/13492"}],"wp:featuredmedia":[{"embeddable":true,"href":"http:\/\/www.salesianos.edu\/revistasmx\/wp-json\/wp\/v2\/media\/13459"}],"wp:attachment":[{"href":"http:\/\/www.salesianos.edu\/revistasmx\/wp-json\/wp\/v2\/media?parent=13456"}],"wp:term":[{"taxonomy":"category","embeddable":true,"href":"http:\/\/www.salesianos.edu\/revistasmx\/wp-json\/wp\/v2\/categories?post=13456"},{"taxonomy":"post_tag","embeddable":true,"href":"http:\/\/www.salesianos.edu\/revistasmx\/wp-json\/wp\/v2\/tags?post=13456"}],"curies":[{"name":"wp","href":"https:\/\/api.w.org\/{rel}","templated":true}]}}