{"id":13249,"date":"2020-01-24T11:00:30","date_gmt":"2020-01-24T10:00:30","guid":{"rendered":"http:\/\/www.salesianos.edu\/revistasmx\/?p=13249"},"modified":"2020-01-29T10:20:33","modified_gmt":"2020-01-29T09:20:33","slug":"les-cases-salesianes-posen-els-peus-a-terra","status":"publish","type":"post","link":"http:\/\/www.salesianos.edu\/revistasmx\/ca\/les-cases-salesianes-posen-els-peus-a-terra\/","title":{"rendered":"Les Cases Salesianes posen \u00abels peus a terra\u00bb"},"content":{"rendered":"<div id=\"fb-root\"><\/div>\n<p>[et_pb_section fb_built=\u00bb1&#8243; _builder_version=\u00bb3.22&#8243;][et_pb_row _builder_version=\u00bb3.25&#8243; background_size=\u00bbinitial\u00bb background_position=\u00bbtop_left\u00bb background_repeat=\u00bbrepeat\u00bb][et_pb_column type=\u00bb4_4&#8243; _builder_version=\u00bb3.25&#8243; custom_padding=\u00bb|||\u00bb custom_padding__hover=\u00bb|||\u00bb][et_pb_image src=\u00bbhttps:\/\/www.salesianos.edu\/revistasmx\/wp-content\/uploads\/sites\/8\/2020\/01\/DBGreen-La-Orotava.jpg\u00bb admin_label=\u00bbImagen\u00bb _builder_version=\u00bb4.0.6&#8243;][\/et_pb_image][et_pb_text _builder_version=\u00bb4.0.6&#8243; background_size=\u00bbinitial\u00bb background_position=\u00bbtop_left\u00bb background_repeat=\u00bbrepeat\u00bb]<\/p>\n<p>\u200b<strong>La Don Bosco Green Alliance crea una xarxa d&#8217;entitats salesianes compromeses amb el medi ambient<\/strong><\/p>\n<p><em>Per:\u00a0<\/em><em>Marta M Peirat Clemente.<\/em><\/p>\n<p>Com a fruit del comprom\u00eds per tenir cura del planeta pel qual han optat els salesians, ha sorgit la <strong>Don Bosco Green Alliance (DBGA)<\/strong>, una iniciativa salesiana ecol\u00f2gica que pret\u00e9n combatre la contaminaci\u00f3, reduir l&#8217;escalfament global i eliminar el pl\u00e0stic d&#8217;un sol \u00fas. En el marc de la campanya Som U, a continuaci\u00f3 es desglossen iniciatives i projectes que han posat \u00ab<em>els peus a terr<\/em>a\u00bb a nombroses cases salesianes de la Inspectoria, aprofitant l&#8217;excusa per a realitzar campanyes que s&#8217;estan unint encara m\u00e9s a les comunitats educativo-pastorals.<\/p>\n<p>[\/et_pb_text][\/et_pb_column][\/et_pb_row][et_pb_row _builder_version=\u00bb3.25&#8243; background_size=\u00bbinitial\u00bb background_position=\u00bbtop_left\u00bb background_repeat=\u00bbrepeat\u00bb][et_pb_column type=\u00bb4_4&#8243; _builder_version=\u00bb3.25&#8243; custom_padding=\u00bb|||\u00bb custom_padding__hover=\u00bb|||\u00bb][et_pb_accordion _builder_version=\u00bb4.0.6&#8243;][et_pb_accordion_item title=\u00bbQu\u00e8 \u00e9s la Don Bosco Green Alliance? \u00bb open=\u00bbon\u00bb _builder_version=\u00bb4.0.6&#8243;]<\/p>\n<p><a href=\"https:\/\/donboscogreen.org\/es\/\"><strong>Don Bosco Green Alliance<\/strong><\/a> \u00e9s un col\u00b7lectiu internacional d&#8217;institucions i entitats salesianes que comprometen els joves a contribuir a l&#8217;acci\u00f3, el pensament i les pol\u00edtiques mediambientals globals.\u00a0<\/p>\n<p>La seva missi\u00f3 \u00e9s crear un ambient que sigui segur i que tingui cura del planeta, i al mateix temps anar creant una nova generaci\u00f3 de ciutadans compromesos amb el medi ambient. Actualment es concreta en tres <strong>\u00e0rees priorit\u00e0ries<\/strong>: la lluita contra la contaminaci\u00f3, la reducci\u00f3 de l&#8217;escalfament global i l&#8217;eliminaci\u00f3 dels pl\u00e0stics sol \u00fas. Cadascuna d&#8217;aquestes \u00e0rees, s&#8217;associa amb campanyes mundials en curs promogudes pel Programa de les Nacions Unides pel Medi Ambient.<\/p>\n<p><img loading=\"lazy\" decoding=\"async\" class=\"wp-image-13094  aligncenter\" src=\"https:\/\/www.salesianos.edu\/revistasmx\/wp-content\/uploads\/sites\/8\/2020\/01\/dbga-logo-1-780x405-1-300x156.jpg\" alt=\"\" width=\"377\" height=\"196\" \/><\/p>\n<p>[\/et_pb_accordion_item][\/et_pb_accordion][et_pb_text _builder_version=\u00bb4.0.6&#8243;]<\/p>\n<p>\u200bCom afirma el <strong>Papa Francesc<\/strong> \u00abels joves ens reclamen un canvi. Ells es pregunten com \u00e9s possible que es pretengui construir un futur millor sense pensar en la crisi de l&#8217;ambient i en els sofriments dels exclosos \u00ab. Don Bosco Green Alliance \u00e9s la plataforma perfecta per compartir aquesta responsabilitat que totes les persones, joves i grans, hem d&#8217;assumir.<\/p>\n<p>El Papa Francesc a<a href=\"http:\/\/www.vatican.va\/content\/francesco\/es\/encyclicals\/documents\/papa-francesco_20150524_enciclica-laudato-si.html\"> <strong>&#8216;Laudato Si&#8217;<\/strong> <\/a>explica que l&#8217;ecologia no \u00e9s un tema marginal, sin\u00f3 que cada dia que passa es mostra com un tema urgent i afirma que \u00ab\u00e9s molt noble assumir el deure de tenir cura de la creaci\u00f3 amb petites accions quotidianes, i \u00e9s meravell\u00f3s que l&#8217;educaci\u00f3 sigui capa\u00e7 de motivar-les fins a conformar un estil de vida \u00ab. Aquesta ecologia integral \u00e9s la que les organitzacions salesianes han assumit: una ecologia ambiental, econ\u00f2mica i social, una ecologia cultural, una ecologia de la vida quotidiana; una ecologia guiada pel principi del b\u00e9 com\u00fa i la just\u00edcia entre generacions.<\/p>\n<p>&nbsp;<\/p>\n<p>[\/et_pb_text][et_pb_text _builder_version=\u00bb4.0.6&#8243;]<\/p>\n<h4><strong>Qui la forma? <\/strong><\/h4>\n<p><strong>Don Bosco Green Alliance <\/strong>(Alian\u00e7a verda) \u00e9s una xarxa en creixement, amb <a href=\"http:\/\/donboscogreen.org\/\"><strong>nous membres<\/strong><\/a> que s&#8217;uneixen constantment a l&#8217;alian\u00e7a. Els membres actuals s\u00f3n 227 cases o entitats salesianes de 52 pa\u00efsos. A <strong>la nostra inspectoria<\/strong> s&#8217;hi han unit 22 cases i entitats: l&#8217;Associaci\u00f3 Juvenil i el col\u00b7legi Don Bosco d&#8217;<strong>Alacant<\/strong>, <strong>les Federacions<\/strong> <strong>de CJ<\/strong> <strong>de Catalunya<\/strong>, de <strong>la Regi\u00f3 de<\/strong> <strong>M\u00farcia,<\/strong> <strong>d&#8217;Andalusia, d&#8217;Arag\u00f3<\/strong>; la plataforma social de <strong>Sant Boi i de Cru\u00eflla<\/strong>, les ONGD VOLS i Solidaridad Don Bosco, les escoles <strong>de Cartagena, de Ciutadella, de La Orotava, de Montilla, de Algeciras, de Rota, de Sabadell i de Villena; el centre juvenil de Terrassa i l&#8217;Escola d&#8217;Educaci\u00f3 Ambiental<\/strong> <strong>Bosco de Val\u00e8ncia.<\/strong><\/p>\n<p>&nbsp;<\/p>\n<p>&nbsp;<\/p>\n<p>[\/et_pb_text][et_pb_text _builder_version=\u00bb4.0.6&#8243;]<\/p>\n<p><strong>Roc\u00edo D\u00edaz <\/strong>explica que quan va sorgir el projecte<strong> DBGA<\/strong> no va dubtar a aliar a l\u2019Escola Don Bosco d&#8217;Andalusia amb el comprom\u00eds de dur a terme aquestes propostes: transport sostenible dels empleats, rebutjar l&#8217;\u00fas d&#8217;ampolles d&#8217;aigua de pl\u00e0stic a canvi d&#8217;ampolles i gots de vidre i aigua corrent i la participaci\u00f3 en el projecte de plantar 1.000.000 d&#8217;arbres. D&#8217;altra banda, en moments especials de l&#8217;any, se&#8217;ls obsequia als ponents amb un brot d&#8217;arbre, informant pr\u00e8viament de la nostra alian\u00e7a<strong>.\u00a0<\/strong><\/p>\n<p><strong>Per la seva banda, als Salesians Villena<\/strong>, el professor Ismael Ferri, explica que entre altres iniciatives, es porta a terme la recollida selectiva d&#8217;envasos i pl\u00e0stics i de paper i cartr\u00f3. \u00abTotes les setmanes es recull de forma sistem\u00e0tica un gran percentatge d&#8217;aquests tipus de residus generats al nostre centre. Sabem que l&#8217;objectiu principal \u00e9s Reduir (aquesta \u00e9s la <strong>R<\/strong> m\u00e9s important), per\u00f2 alhora que l&#8217;estem refor\u00e7ant a casa nostra, no perdem de vista les altres R, <strong><em>Reutilitzar i Reciclar<\/em><\/strong>, que ens ajudaran a ser m\u00e9s una Ecoescola \u00ab.<\/p>\n<p>A m\u00e9s, estan planificat fer \u00abcampanyes de xoc\u00bb, on alumnat dels m\u00e9s grans es forma i prepara presentacions per passar per les classes i recordar la import\u00e0ncia de fer-ho b\u00e9. Aix\u00f2 s&#8217;acompanyaria amb altres iniciatives; com per exemple, amb \u00abpatrulles grogues\u00bb formades per alumnes m\u00e9s grans, que es col\u00b7locarien al costat dels contenidors de pati a el principi de l&#8217;esbarjo per felicitar i ajudar els que puguin tenir algun dubte sobre on cal llen\u00e7ar els envasos.<\/p>\n<p><strong>Als Salesians La Orotava,<\/strong> el <strong>professor Juan Jes\u00fas Garc\u00eda,<\/strong> explica que realitzen diverses iniciatives:<\/p>\n<p><a href=\"https:\/\/laorotava.salesianos.edu\/blog\/manifestacion-por-el-futuro-de-la-juventud\/\">\u00abLa primera va ser una Manifestaci\u00f3<\/a> \u00a0que ens va servir per a presentar l&#8217;Alian\u00e7a tant a professors, pares i alumnes. Tothom es va bolcar amb aquesta iniciativa i aprofitant la pres\u00e8ncia de l&#8217;Alcalde pengem el distintiu de <strong>Don Bosco Green <\/strong>a la fa\u00e7ana<strong> \u00ab<\/strong>A m\u00e9s, totes les aules estan dotades amb petits contenidors per reciclar paper i aviat es reciclaran tamb\u00e9 pl\u00e0stics. Una altra iniciativa, que porten fent des de fa temps, \u00e9s que tots els comunicats a les fam\u00edlies es fan de forma digital, fins i tot les sortides de l&#8217;escola i excursions. Finalment, una altra iniciativa \u00e9s <em>el <a href=\"https:\/\/proyecto-arbol.wixsite.com\/proyectoarbol\">Projecte Arbre<\/a><\/em><strong>\u00a0\u00ab<\/strong>amb l&#8217;objectiu de reciclar tot el material escolar que puguem\u00bb afegeix.<\/p>\n<p><strong>A Cartagena<\/strong> segons detalla <strong>Francisco C\u00e1novas<\/strong> s&#8217;han endegat una muni\u00f3 d&#8217;accions relacionades amb el comprom\u00eds <strong>DBGA<\/strong>. Des de plantar una olivera, col\u00b7locar a cada aula una paperera per recollir paper i cartr\u00f3, posar als passadissos de contenidors per classificar pl\u00e0stics i envasos, substituir els gots de pl\u00e0stic d&#8217;un sol \u00fas per altres de pl\u00e0stic reutilitzables, \u00fas de paper reciclat, \u00fas de filtres de aigua per evitar comprar aigua embotellada, AMPAS ha promogut l&#8217;\u00fas de fundes de vinil (reutilitzables) per als entrepans, per evitar l&#8217;\u00fas de paper d&#8217;alumini o instal\u00b7laci\u00f3 de temporitzadors en els interruptors de llums de passadissos i banys.<\/p>\n<p><strong>T\u00f2nia Florit de Salesians Ciutadella (Menorca<\/strong>), explica que despr\u00e9s d\u2019analitzar-lo amb els alumnes van arribar a la seg\u00fcent conclusi\u00f3: \u00abTenim clar que volem un mar sense pl\u00e0stics, volem un m\u00f3n m\u00e9s sostenible, volem formar part d&#8217;un canvi en el nostre entorn i volem actuar ja! \u00ab. Per aix\u00f2 han decidit utilitzar Boc&#8217;n roll o carmanyoles per portar l&#8217;esmorzar i eliminar l&#8217;\u00fas del paper d&#8217;alumini i les bosses de pl\u00e0stic, utilitzarem les ampolles reutilitzables i eliminar les ampolles de pl\u00e0stic d&#8217;un sol \u00fas aix\u00ed com tamb\u00e9 els brics, entre moltes altres iniciatives.<\/p>\n<p>Aquestes i moltes altres iniciatives, es troben dins dels prop\u00f2sits verds per al 2020, que estan sent impulsats per les xarxes socials, fomentant l&#8217;expansi\u00f3 de l&#8217;Alian\u00e7a. De fet, en la versi\u00f3 en espanyol del compte d&#8217;Instagram de la <strong>DBGA<\/strong>, els usuaris estan proposant bons prop\u00f2sits i iniciatives adaptables a la vida quotidiana sota el t\u00edtol <strong>&#8216;Prop\u00f2sits verds per al 2020&#8217;<\/strong>. Entre ells destaca: portar sempre bossetes de reutilitzables a l&#8217;hora de la compra, consumir el menys possible en general, comprar roba de segona m\u00e0, entre d&#8217;altres.<\/p>\n<p>[\/et_pb_text][et_pb_text _builder_version=\u00bb4.0.6&#8243;]<\/p>\n<h4><strong>Un missatge que segueix vigent<\/strong><\/h4>\n<p>En el seu discurs dirigit l&#8217;Assemblea General de l&#8217;ONU el 25 de setembre de 2015 el Papa va emfatitzar sobre la import\u00e0ncia de cuidar i respectar el medi ambient per al b\u00e9 de la humanitat. El discurs finalitza amb les paraules de Pau VI fa 50 anys, vigents avui dia:<\/p>\n<p>\u00abEls \u00e9ssers humans som part de l&#8217;ambient, vivim en comuni\u00f3 amb ell. Cadascuna de les criatures t\u00e9 un valor en si mateixa: de bellesa, d&#8217;exist\u00e8ncia i d&#8217;independ\u00e8ncia amb les altres criatures. El veritable perill est\u00e0 en l&#8217;home que disposa d&#8217;instruments cada vegada m\u00e9s poderosos capa\u00e7os de portar tant a la ru\u00efna com a les m\u00e9s altes conquestes. Els m\u00e9s pobres s\u00f3n els que m\u00e9s pateixen aquests atemptats, s\u00f3n descartats per la societat, obligats a viure del <em>\u201cdescart\u201d<\/em> i han de patir les conseq\u00fc\u00e8ncies de l&#8217;ab\u00fas de l&#8217;ambient.<\/p>\n<p>La crisi ecol\u00f2gica, juntament amb la destrucci\u00f3 de bona part de la biodiversitat pot posar en perill, l&#8217;exist\u00e8ncia mateixa de l&#8217;esp\u00e8cie humana \u00ab.<\/p>\n<p>[\/et_pb_text][et_pb_video src=\u00bbhttps:\/\/www.youtube.com\/watch?v=IouONIzza38&#8243; _builder_version=\u00bb4.0.6&#8243;][\/et_pb_video][et_pb_text _builder_version=\u00bb4.0.6&#8243;]<\/p>\n<h4><strong>Cimera Mundial de Clima<\/strong><\/h4>\n<p>Amb motiu d&#8217;aquesta trobada mundial, que va tenir lloc del 2 al 13 de desembre a Madrid, v\u00e0ries organitzacions salesianes van mostrar les seves propostes amb els joves per lluitar contra el canvi clim\u00e0tic canalitzat a trav\u00e9s de la campanya &#8216;Posa&#8217;t en verd pel futur dels joves&#8217; .<\/p>\n<p>Don Bosco, ja al seu temps, es va entestar a respondre a les necessitats dels joves del seu temps. Avui els salesians cerquen respondre a les urg\u00e8ncies i necessitats de segle XXI on es veu necessari comprometre a la Cura de la Casa Comuna.<\/p>\n<p>[\/et_pb_text][\/et_pb_column][\/et_pb_row][\/et_pb_section][et_pb_section fb_built=\u00bb1&#8243; _builder_version=\u00bb4.0.6&#8243;][et_pb_row _builder_version=\u00bb4.0.6&#8243;][et_pb_column type=\u00bb4_4&#8243; _builder_version=\u00bb4.0.6&#8243;][et_pb_gallery gallery_ids=\u00bb13083,13082,13081,13080,13079,13078,13077,13076,13075,13074,13073&#8243; show_title_and_caption=\u00bboff\u00bb show_pagination=\u00bboff\u00bb _builder_version=\u00bb4.0.6&#8243;][\/et_pb_gallery][\/et_pb_column][\/et_pb_row][\/et_pb_section]<\/p>\n","protected":false},"excerpt":{"rendered":"<p>La Don Bosco Green Alliance crea una xarxa d&#8217;entitats salesianes compromeses amb el medi ambient<\/p>\n","protected":false},"author":12,"featured_media":13267,"comment_status":"open","ping_status":"closed","sticky":false,"template":"","format":"standard","meta":{"_et_pb_use_builder":"on","_et_pb_old_content":"","_et_gb_content_width":"","footnotes":""},"categories":[53],"tags":[469],"class_list":["post-13249","post","type-post","status-publish","format-standard","has-post-thumbnail","hentry","category-a-fons","tag-smx-54-ca"],"yoast_head":"<!-- This site is optimized with the Yoast SEO plugin v27.5 - https:\/\/yoast.com\/product\/yoast-seo-wordpress\/ -->\n<title>Les Cases Salesianes posen &quot;els peus a terra&quot; - Revista SMX<\/title>\n<meta name=\"robots\" content=\"index, follow, max-snippet:-1, max-image-preview:large, max-video-preview:-1\" \/>\n<link rel=\"canonical\" href=\"http:\/\/www.salesianos.edu\/revistasmx\/ca\/les-cases-salesianes-posen-els-peus-a-terra\/\" \/>\n<meta property=\"og:locale\" content=\"es_ES\" \/>\n<meta property=\"og:type\" content=\"article\" \/>\n<meta property=\"og:title\" content=\"Les Cases Salesianes posen &quot;els peus a terra&quot; - Revista SMX\" \/>\n<meta property=\"og:description\" content=\"La Don Bosco Green Alliance crea una xarxa d&#039;entitats salesianes compromeses amb el medi ambient\" \/>\n<meta property=\"og:url\" content=\"http:\/\/www.salesianos.edu\/revistasmx\/ca\/les-cases-salesianes-posen-els-peus-a-terra\/\" \/>\n<meta property=\"og:site_name\" content=\"Revista SMX\" \/>\n<meta property=\"article:published_time\" content=\"2020-01-24T10:00:30+00:00\" \/>\n<meta property=\"article:modified_time\" content=\"2020-01-29T09:20:33+00:00\" \/>\n<meta property=\"og:image\" content=\"https:\/\/www.salesianos.edu\/revistasmx\/wp-content\/uploads\/sites\/8\/2020\/01\/DBGreen-La-Orotava-2.jpg\" \/>\n\t<meta property=\"og:image:width\" content=\"1744\" \/>\n\t<meta property=\"og:image:height\" content=\"1362\" \/>\n\t<meta property=\"og:image:type\" content=\"image\/jpeg\" \/>\n<meta name=\"author\" content=\"joseluisgarciamoscoso\" \/>\n<meta name=\"twitter:card\" content=\"summary_large_image\" \/>\n<meta name=\"twitter:label1\" content=\"Escrito por\" \/>\n\t<meta name=\"twitter:data1\" content=\"joseluisgarciamoscoso\" \/>\n\t<meta name=\"twitter:label2\" content=\"Tiempo de lectura\" \/>\n\t<meta name=\"twitter:data2\" content=\"9 minutos\" \/>\n<script type=\"application\/ld+json\" class=\"yoast-schema-graph\">{\"@context\":\"https:\\\/\\\/schema.org\",\"@graph\":[{\"@type\":\"Article\",\"@id\":\"http:\\\/\\\/www.salesianos.edu\\\/revistasmx\\\/ca\\\/les-cases-salesianes-posen-els-peus-a-terra\\\/#article\",\"isPartOf\":{\"@id\":\"http:\\\/\\\/www.salesianos.edu\\\/revistasmx\\\/ca\\\/les-cases-salesianes-posen-els-peus-a-terra\\\/\"},\"author\":{\"name\":\"joseluisgarciamoscoso\",\"@id\":\"http:\\\/\\\/www.salesianos.edu\\\/revistasmx\\\/#\\\/schema\\\/person\\\/a1d72ee5373cce7347fb2993ba9f47d6\"},\"headline\":\"Les Cases Salesianes posen \u00abels peus a terra\u00bb\",\"datePublished\":\"2020-01-24T10:00:30+00:00\",\"dateModified\":\"2020-01-29T09:20:33+00:00\",\"mainEntityOfPage\":{\"@id\":\"http:\\\/\\\/www.salesianos.edu\\\/revistasmx\\\/ca\\\/les-cases-salesianes-posen-els-peus-a-terra\\\/\"},\"wordCount\":1790,\"commentCount\":0,\"image\":{\"@id\":\"http:\\\/\\\/www.salesianos.edu\\\/revistasmx\\\/ca\\\/les-cases-salesianes-posen-els-peus-a-terra\\\/#primaryimage\"},\"thumbnailUrl\":\"http:\\\/\\\/www.salesianos.edu\\\/revistasmx\\\/wp-content\\\/uploads\\\/sites\\\/8\\\/2020\\\/01\\\/DBGreen-La-Orotava-2.jpg\",\"keywords\":[\"SMX 54\"],\"articleSection\":[\"A FONS\"],\"inLanguage\":\"es\",\"potentialAction\":[{\"@type\":\"CommentAction\",\"name\":\"Comment\",\"target\":[\"http:\\\/\\\/www.salesianos.edu\\\/revistasmx\\\/ca\\\/les-cases-salesianes-posen-els-peus-a-terra\\\/#respond\"]}]},{\"@type\":\"WebPage\",\"@id\":\"http:\\\/\\\/www.salesianos.edu\\\/revistasmx\\\/ca\\\/les-cases-salesianes-posen-els-peus-a-terra\\\/\",\"url\":\"http:\\\/\\\/www.salesianos.edu\\\/revistasmx\\\/ca\\\/les-cases-salesianes-posen-els-peus-a-terra\\\/\",\"name\":\"Les Cases Salesianes posen \\\"els peus a terra\\\" - Revista SMX\",\"isPartOf\":{\"@id\":\"http:\\\/\\\/www.salesianos.edu\\\/revistasmx\\\/#website\"},\"primaryImageOfPage\":{\"@id\":\"http:\\\/\\\/www.salesianos.edu\\\/revistasmx\\\/ca\\\/les-cases-salesianes-posen-els-peus-a-terra\\\/#primaryimage\"},\"image\":{\"@id\":\"http:\\\/\\\/www.salesianos.edu\\\/revistasmx\\\/ca\\\/les-cases-salesianes-posen-els-peus-a-terra\\\/#primaryimage\"},\"thumbnailUrl\":\"http:\\\/\\\/www.salesianos.edu\\\/revistasmx\\\/wp-content\\\/uploads\\\/sites\\\/8\\\/2020\\\/01\\\/DBGreen-La-Orotava-2.jpg\",\"datePublished\":\"2020-01-24T10:00:30+00:00\",\"dateModified\":\"2020-01-29T09:20:33+00:00\",\"author\":{\"@id\":\"http:\\\/\\\/www.salesianos.edu\\\/revistasmx\\\/#\\\/schema\\\/person\\\/a1d72ee5373cce7347fb2993ba9f47d6\"},\"breadcrumb\":{\"@id\":\"http:\\\/\\\/www.salesianos.edu\\\/revistasmx\\\/ca\\\/les-cases-salesianes-posen-els-peus-a-terra\\\/#breadcrumb\"},\"inLanguage\":\"es\",\"potentialAction\":[{\"@type\":\"ReadAction\",\"target\":[\"http:\\\/\\\/www.salesianos.edu\\\/revistasmx\\\/ca\\\/les-cases-salesianes-posen-els-peus-a-terra\\\/\"]}]},{\"@type\":\"ImageObject\",\"inLanguage\":\"es\",\"@id\":\"http:\\\/\\\/www.salesianos.edu\\\/revistasmx\\\/ca\\\/les-cases-salesianes-posen-els-peus-a-terra\\\/#primaryimage\",\"url\":\"http:\\\/\\\/www.salesianos.edu\\\/revistasmx\\\/wp-content\\\/uploads\\\/sites\\\/8\\\/2020\\\/01\\\/DBGreen-La-Orotava-2.jpg\",\"contentUrl\":\"http:\\\/\\\/www.salesianos.edu\\\/revistasmx\\\/wp-content\\\/uploads\\\/sites\\\/8\\\/2020\\\/01\\\/DBGreen-La-Orotava-2.jpg\",\"width\":1744,\"height\":1362},{\"@type\":\"BreadcrumbList\",\"@id\":\"http:\\\/\\\/www.salesianos.edu\\\/revistasmx\\\/ca\\\/les-cases-salesianes-posen-els-peus-a-terra\\\/#breadcrumb\",\"itemListElement\":[{\"@type\":\"ListItem\",\"position\":1,\"name\":\"Portada\",\"item\":\"https:\\\/\\\/www.salesianos.edu\\\/revistasmx\\\/\"},{\"@type\":\"ListItem\",\"position\":2,\"name\":\"Les Cases Salesianes posen &#8220;els peus a terra&#8221;\"}]},{\"@type\":\"WebSite\",\"@id\":\"http:\\\/\\\/www.salesianos.edu\\\/revistasmx\\\/#website\",\"url\":\"http:\\\/\\\/www.salesianos.edu\\\/revistasmx\\\/\",\"name\":\"Revista SMX\",\"description\":\"P\u00e1gina oficial de Inspector\u00eda Salesiana Mar\u00eda Auxiliadora\",\"potentialAction\":[{\"@type\":\"SearchAction\",\"target\":{\"@type\":\"EntryPoint\",\"urlTemplate\":\"http:\\\/\\\/www.salesianos.edu\\\/revistasmx\\\/?s={search_term_string}\"},\"query-input\":{\"@type\":\"PropertyValueSpecification\",\"valueRequired\":true,\"valueName\":\"search_term_string\"}}],\"inLanguage\":\"es\"},{\"@type\":\"Person\",\"@id\":\"http:\\\/\\\/www.salesianos.edu\\\/revistasmx\\\/#\\\/schema\\\/person\\\/a1d72ee5373cce7347fb2993ba9f47d6\",\"name\":\"joseluisgarciamoscoso\",\"image\":{\"@type\":\"ImageObject\",\"inLanguage\":\"es\",\"@id\":\"https:\\\/\\\/secure.gravatar.com\\\/avatar\\\/3fda3a0b2db3bc9a39871e47cbd526b42d6c3b74755b7ae1400a87b2913fea6a?s=96&d=mm&r=g\",\"url\":\"https:\\\/\\\/secure.gravatar.com\\\/avatar\\\/3fda3a0b2db3bc9a39871e47cbd526b42d6c3b74755b7ae1400a87b2913fea6a?s=96&d=mm&r=g\",\"contentUrl\":\"https:\\\/\\\/secure.gravatar.com\\\/avatar\\\/3fda3a0b2db3bc9a39871e47cbd526b42d6c3b74755b7ae1400a87b2913fea6a?s=96&d=mm&r=g\",\"caption\":\"joseluisgarciamoscoso\"}}]}<\/script>\n<!-- \/ Yoast SEO plugin. -->","yoast_head_json":{"title":"Les Cases Salesianes posen \"els peus a terra\" - Revista SMX","robots":{"index":"index","follow":"follow","max-snippet":"max-snippet:-1","max-image-preview":"max-image-preview:large","max-video-preview":"max-video-preview:-1"},"canonical":"http:\/\/www.salesianos.edu\/revistasmx\/ca\/les-cases-salesianes-posen-els-peus-a-terra\/","og_locale":"es_ES","og_type":"article","og_title":"Les Cases Salesianes posen \"els peus a terra\" - Revista SMX","og_description":"La Don Bosco Green Alliance crea una xarxa d'entitats salesianes compromeses amb el medi ambient","og_url":"http:\/\/www.salesianos.edu\/revistasmx\/ca\/les-cases-salesianes-posen-els-peus-a-terra\/","og_site_name":"Revista SMX","article_published_time":"2020-01-24T10:00:30+00:00","article_modified_time":"2020-01-29T09:20:33+00:00","og_image":[{"width":1744,"height":1362,"url":"https:\/\/www.salesianos.edu\/revistasmx\/wp-content\/uploads\/sites\/8\/2020\/01\/DBGreen-La-Orotava-2.jpg","type":"image\/jpeg"}],"author":"joseluisgarciamoscoso","twitter_card":"summary_large_image","twitter_misc":{"Escrito por":"joseluisgarciamoscoso","Tiempo de lectura":"9 minutos"},"schema":{"@context":"https:\/\/schema.org","@graph":[{"@type":"Article","@id":"http:\/\/www.salesianos.edu\/revistasmx\/ca\/les-cases-salesianes-posen-els-peus-a-terra\/#article","isPartOf":{"@id":"http:\/\/www.salesianos.edu\/revistasmx\/ca\/les-cases-salesianes-posen-els-peus-a-terra\/"},"author":{"name":"joseluisgarciamoscoso","@id":"http:\/\/www.salesianos.edu\/revistasmx\/#\/schema\/person\/a1d72ee5373cce7347fb2993ba9f47d6"},"headline":"Les Cases Salesianes posen \u00abels peus a terra\u00bb","datePublished":"2020-01-24T10:00:30+00:00","dateModified":"2020-01-29T09:20:33+00:00","mainEntityOfPage":{"@id":"http:\/\/www.salesianos.edu\/revistasmx\/ca\/les-cases-salesianes-posen-els-peus-a-terra\/"},"wordCount":1790,"commentCount":0,"image":{"@id":"http:\/\/www.salesianos.edu\/revistasmx\/ca\/les-cases-salesianes-posen-els-peus-a-terra\/#primaryimage"},"thumbnailUrl":"http:\/\/www.salesianos.edu\/revistasmx\/wp-content\/uploads\/sites\/8\/2020\/01\/DBGreen-La-Orotava-2.jpg","keywords":["SMX 54"],"articleSection":["A FONS"],"inLanguage":"es","potentialAction":[{"@type":"CommentAction","name":"Comment","target":["http:\/\/www.salesianos.edu\/revistasmx\/ca\/les-cases-salesianes-posen-els-peus-a-terra\/#respond"]}]},{"@type":"WebPage","@id":"http:\/\/www.salesianos.edu\/revistasmx\/ca\/les-cases-salesianes-posen-els-peus-a-terra\/","url":"http:\/\/www.salesianos.edu\/revistasmx\/ca\/les-cases-salesianes-posen-els-peus-a-terra\/","name":"Les Cases Salesianes posen \"els peus a terra\" - Revista SMX","isPartOf":{"@id":"http:\/\/www.salesianos.edu\/revistasmx\/#website"},"primaryImageOfPage":{"@id":"http:\/\/www.salesianos.edu\/revistasmx\/ca\/les-cases-salesianes-posen-els-peus-a-terra\/#primaryimage"},"image":{"@id":"http:\/\/www.salesianos.edu\/revistasmx\/ca\/les-cases-salesianes-posen-els-peus-a-terra\/#primaryimage"},"thumbnailUrl":"http:\/\/www.salesianos.edu\/revistasmx\/wp-content\/uploads\/sites\/8\/2020\/01\/DBGreen-La-Orotava-2.jpg","datePublished":"2020-01-24T10:00:30+00:00","dateModified":"2020-01-29T09:20:33+00:00","author":{"@id":"http:\/\/www.salesianos.edu\/revistasmx\/#\/schema\/person\/a1d72ee5373cce7347fb2993ba9f47d6"},"breadcrumb":{"@id":"http:\/\/www.salesianos.edu\/revistasmx\/ca\/les-cases-salesianes-posen-els-peus-a-terra\/#breadcrumb"},"inLanguage":"es","potentialAction":[{"@type":"ReadAction","target":["http:\/\/www.salesianos.edu\/revistasmx\/ca\/les-cases-salesianes-posen-els-peus-a-terra\/"]}]},{"@type":"ImageObject","inLanguage":"es","@id":"http:\/\/www.salesianos.edu\/revistasmx\/ca\/les-cases-salesianes-posen-els-peus-a-terra\/#primaryimage","url":"http:\/\/www.salesianos.edu\/revistasmx\/wp-content\/uploads\/sites\/8\/2020\/01\/DBGreen-La-Orotava-2.jpg","contentUrl":"http:\/\/www.salesianos.edu\/revistasmx\/wp-content\/uploads\/sites\/8\/2020\/01\/DBGreen-La-Orotava-2.jpg","width":1744,"height":1362},{"@type":"BreadcrumbList","@id":"http:\/\/www.salesianos.edu\/revistasmx\/ca\/les-cases-salesianes-posen-els-peus-a-terra\/#breadcrumb","itemListElement":[{"@type":"ListItem","position":1,"name":"Portada","item":"https:\/\/www.salesianos.edu\/revistasmx\/"},{"@type":"ListItem","position":2,"name":"Les Cases Salesianes posen &#8220;els peus a terra&#8221;"}]},{"@type":"WebSite","@id":"http:\/\/www.salesianos.edu\/revistasmx\/#website","url":"http:\/\/www.salesianos.edu\/revistasmx\/","name":"Revista SMX","description":"P\u00e1gina oficial de Inspector\u00eda Salesiana Mar\u00eda Auxiliadora","potentialAction":[{"@type":"SearchAction","target":{"@type":"EntryPoint","urlTemplate":"http:\/\/www.salesianos.edu\/revistasmx\/?s={search_term_string}"},"query-input":{"@type":"PropertyValueSpecification","valueRequired":true,"valueName":"search_term_string"}}],"inLanguage":"es"},{"@type":"Person","@id":"http:\/\/www.salesianos.edu\/revistasmx\/#\/schema\/person\/a1d72ee5373cce7347fb2993ba9f47d6","name":"joseluisgarciamoscoso","image":{"@type":"ImageObject","inLanguage":"es","@id":"https:\/\/secure.gravatar.com\/avatar\/3fda3a0b2db3bc9a39871e47cbd526b42d6c3b74755b7ae1400a87b2913fea6a?s=96&d=mm&r=g","url":"https:\/\/secure.gravatar.com\/avatar\/3fda3a0b2db3bc9a39871e47cbd526b42d6c3b74755b7ae1400a87b2913fea6a?s=96&d=mm&r=g","contentUrl":"https:\/\/secure.gravatar.com\/avatar\/3fda3a0b2db3bc9a39871e47cbd526b42d6c3b74755b7ae1400a87b2913fea6a?s=96&d=mm&r=g","caption":"joseluisgarciamoscoso"}}]}},"_links":{"self":[{"href":"http:\/\/www.salesianos.edu\/revistasmx\/wp-json\/wp\/v2\/posts\/13249","targetHints":{"allow":["GET"]}}],"collection":[{"href":"http:\/\/www.salesianos.edu\/revistasmx\/wp-json\/wp\/v2\/posts"}],"about":[{"href":"http:\/\/www.salesianos.edu\/revistasmx\/wp-json\/wp\/v2\/types\/post"}],"author":[{"embeddable":true,"href":"http:\/\/www.salesianos.edu\/revistasmx\/wp-json\/wp\/v2\/users\/12"}],"replies":[{"embeddable":true,"href":"http:\/\/www.salesianos.edu\/revistasmx\/wp-json\/wp\/v2\/comments?post=13249"}],"version-history":[{"count":5,"href":"http:\/\/www.salesianos.edu\/revistasmx\/wp-json\/wp\/v2\/posts\/13249\/revisions"}],"predecessor-version":[{"id":13276,"href":"http:\/\/www.salesianos.edu\/revistasmx\/wp-json\/wp\/v2\/posts\/13249\/revisions\/13276"}],"wp:featuredmedia":[{"embeddable":true,"href":"http:\/\/www.salesianos.edu\/revistasmx\/wp-json\/wp\/v2\/media\/13267"}],"wp:attachment":[{"href":"http:\/\/www.salesianos.edu\/revistasmx\/wp-json\/wp\/v2\/media?parent=13249"}],"wp:term":[{"taxonomy":"category","embeddable":true,"href":"http:\/\/www.salesianos.edu\/revistasmx\/wp-json\/wp\/v2\/categories?post=13249"},{"taxonomy":"post_tag","embeddable":true,"href":"http:\/\/www.salesianos.edu\/revistasmx\/wp-json\/wp\/v2\/tags?post=13249"}],"curies":[{"name":"wp","href":"https:\/\/api.w.org\/{rel}","templated":true}]}}