{"id":13089,"date":"2020-01-24T11:30:40","date_gmt":"2020-01-24T10:30:40","guid":{"rendered":"http:\/\/www.salesianos.edu\/revistasmx\/?p=13089"},"modified":"2020-01-31T10:39:47","modified_gmt":"2020-01-31T09:39:47","slug":"las-casas-salesianas-ponen-los-pies-en-la-tierra","status":"publish","type":"post","link":"http:\/\/www.salesianos.edu\/revistasmx\/las-casas-salesianas-ponen-los-pies-en-la-tierra\/","title":{"rendered":"Las Casas Salesianas ponen \u201clos pies en la tierra\u201d"},"content":{"rendered":"<div id=\"fb-root\"><\/div>\n<p>[et_pb_section fb_built=\u00bb1&#8243; _builder_version=\u00bb3.22&#8243;][et_pb_row _builder_version=\u00bb3.25&#8243; background_size=\u00bbinitial\u00bb background_position=\u00bbtop_left\u00bb background_repeat=\u00bbrepeat\u00bb][et_pb_column type=\u00bb4_4&#8243; _builder_version=\u00bb3.25&#8243; custom_padding=\u00bb|||\u00bb custom_padding__hover=\u00bb|||\u00bb][et_pb_image src=\u00bbhttps:\/\/www.salesianos.edu\/revistasmx\/wp-content\/uploads\/sites\/8\/2020\/01\/DBGreen-La-Orotava.jpg\u00bb admin_label=\u00bbImagen\u00bb _builder_version=\u00bb4.0.6&#8243;][\/et_pb_image][et_pb_text _builder_version=\u00bb4.0.6&#8243; background_size=\u00bbinitial\u00bb background_position=\u00bbtop_left\u00bb background_repeat=\u00bbrepeat\u00bb]<strong>La Don Bosco Green Alliance crea una red de entidades salesianas comprometidas con el medio ambiente<\/strong><\/p>\n<p>&nbsp;<\/p>\n<p><em>Por:\u00a0<\/em><em>Marta M Peirat Clemente.<\/em><\/p>\n<p>Fruto del compromiso para cuidar el planeta por el que han optado los salesianos, ha surgido la Don Bosco Green Alliance, una iniciativa salesiana ecol\u00f3gica que pretende combatir la contaminaci\u00f3n, reducir el calentamiento global y eliminar el pl\u00e1stico de un solo uso. En el marco de la campa\u00f1a Somos Uno, a continuaci\u00f3n se desglosan iniciativas y proyectos que han puesto \u201clos pies en la tierra\u201d a bastantes de nuestras casas salesianas en la Inspector\u00eda, aprovechando la excusa para realizar campa\u00f1as que est\u00e1n uniendo a\u00fan m\u00e1s a las comunidades educativo pastorales.<br \/>\n[\/et_pb_text][\/et_pb_column][\/et_pb_row][et_pb_row _builder_version=\u00bb3.25&#8243; background_size=\u00bbinitial\u00bb background_position=\u00bbtop_left\u00bb background_repeat=\u00bbrepeat\u00bb][et_pb_column type=\u00bb4_4&#8243; _builder_version=\u00bb3.25&#8243; custom_padding=\u00bb|||\u00bb custom_padding__hover=\u00bb|||\u00bb][et_pb_accordion _builder_version=\u00bb4.0.6&#8243;][et_pb_accordion_item title=\u00bb\u00bfQu\u00e9 es Don Bosco Green Alliance? \u00bb open=\u00bbon\u00bb _builder_version=\u00bb4.0.6&#8243;]<a href=\"https:\/\/donboscogreen.org\/es\/\"><strong><u>Don Bosco Green Alliance<\/u><\/strong><\/a> es un colectivo internacional de instituciones y entidades salesianas que comprometen a los j\u00f3venes a contribuir a la acci\u00f3n, el pensamiento y las pol\u00edticas medioambientales globales.<\/p>\n<p>Su misi\u00f3n es crear un ambiente que sea seguro y que cuide el planeta, al mismo tiempo que ir creando una nueva generaci\u00f3n de ciudadanos comprometidos con el medio ambiente. Actualmente se concreta en <strong>tres \u00e1reas prioritarias<\/strong>: la lucha contra la contaminaci\u00f3n, la reducci\u00f3n del calentamiento global y la eliminaci\u00f3n de los pl\u00e1sticos desechables. Cada una de estas \u00e1reas, se asocia con campa\u00f1as mundiales en curso promovidas por el Programa de las Naciones Unidas para el Medio Ambiente.<\/p>\n<p><img loading=\"lazy\" decoding=\"async\" class=\"wp-image-13094  aligncenter\" src=\"https:\/\/www.salesianos.edu\/revistasmx\/wp-content\/uploads\/sites\/8\/2020\/01\/dbga-logo-1-780x405-1-300x156.jpg\" alt=\"\" width=\"377\" height=\"196\" \/><br \/>\n[\/et_pb_accordion_item][\/et_pb_accordion][et_pb_text _builder_version=\u00bb4.0.6&#8243;]Como afirma el <strong>Papa Francisco<\/strong> \u201clos j\u00f3venes nos reclaman un cambio. Ellos se preguntan c\u00f3mo es posible que se pretenda construir un futuro mejor sin pensar en la crisis del ambiente y en los sufrimientos de los excluidos\u201d. Don Bosco Green Alliance es la plataforma perfecta para compartir esta responsabilidad que todas las personas, j\u00f3venes y mayores, tenemos que asumir.<\/p>\n<p>El Papa Francisco en <a href=\"http:\/\/www.vatican.va\/content\/francesco\/es\/encyclicals\/documents\/papa-francesco_20150524_enciclica--si.html\"><strong><u>\u2018Laudato Si\u2019<\/u><\/strong><\/a> explica que la ecolog\u00eda no es un tema marginal, sino que cada d\u00eda que pasa se muestra como un tema urgente y afirma que \u201ces muy noble asumir el deber de cuidar la creaci\u00f3n con peque\u00f1as acciones cotidianas, y es maravilloso que la educaci\u00f3n sea capaz de motivarlas hasta conformar un estilo de vida\u00bb. Esta ecolog\u00eda integral es la que las organizaciones salesianas han asumido: una ecolog\u00eda ambiental, econ\u00f3mica y social; una ecolog\u00eda cultural; una ecolog\u00eda de la vida cotidiana; una ecolog\u00eda guiada por el principio del bien com\u00fan y la justicia entre generaciones.<\/p>\n<p>&nbsp;<br \/>\n[\/et_pb_text][et_pb_text _builder_version=\u00bb4.0.6&#8243;]<\/p>\n<h4><strong>\u00bfQui\u00e9n la forma? <\/strong><\/h4>\n<p><strong>Don Bosco Alianza Verde<\/strong> es una red en crecimiento, con <a href=\"http:\/\/donboscogreen.org\/es\/alliance-members-es\/\"><strong><u>nuevos miembros<\/u><\/strong><\/a> que se unen constantemente a la alianza. Los miembros actuales de la alianza son 227 casas o entidades salesianas de 52 pa\u00edses. En <strong>nuestra inspector\u00eda<\/strong> se han unido a la Alianza 22 casas y entidades: la Asociaci\u00f3n Juvenil y el colegio Don Bosco de <strong>Alicante<\/strong>, las Federaciones de CJ de <strong>Catalu\u00f1a<\/strong>, de la Regi\u00f3n de <strong>Murcia<\/strong>, de <strong>Andaluc\u00eda<\/strong>, de <strong>Arag\u00f3n<\/strong>; la plataforma social de <strong>Sant Boi<\/strong> y de <strong>Cru\u00eflla<\/strong>, las ONG VOLS y Solidaridad Don Bosco, los colegios de <strong>Cartagena<\/strong>, de <strong>Ciutadella<\/strong>, de <strong>La Orotava<\/strong>, de <strong>Algeciras<\/strong>, de <strong>Montilla<\/strong>, de <strong>Rota<\/strong>, de <strong>Sabadell<\/strong> y de <strong>Villena<\/strong>; el centro juvenil de <strong>Terrassa<\/strong> y la Escuela de Educaci\u00f3n Ambiental Bosco de <strong>Valencia<\/strong>.<\/p>\n<p>&nbsp;<br \/>\n[\/et_pb_text][et_pb_text _builder_version=\u00bb4.0.6&#8243;]<strong>Roc\u00edo D\u00edaz<\/strong> explica que cuando surgi\u00f3 el proyecto <strong>DBGA<\/strong> no dud\u00f3 en aliar a Escuela Don Bosco de Andaluc\u00eda con el compromiso de llevar a cabo estas propuestas: Transporte sostenible de los empleados, desechar el uso de botellas de\u00a0agua de pl\u00e1stico a cambio de botellas y vasos de cristal y agua corriente y la participaci\u00f3n en el proyecto de plantar 1.000.000 de \u00e1rboles. Por otro lado, en momentos especiales del a\u00f1o, se les obsequia a los ponentes con un brote de \u00e1rbol, inform\u00e1ndoles previamente de nuestra alianza.<\/p>\n<p>Por su parte, en <strong>Salesianos Villena<\/strong>, el profesor <strong>Ismael Ferri<\/strong>, cuenta que entre otras iniciativas, se lleva a cabo la recogida selectiva de envases y pl\u00e1sticos y de papel y cart\u00f3n.\u00a0 \u201cTodas las semanas se recoge de forma sistem\u00e1tica un gran porcentaje de estos tipos de residuos generados en nuestro centro. Sabemos que el objetivo principal es Reducir (esa es la R m\u00e1s importante), pero a la vez que la estamos reforzando en nuestra casa, no perdemos de vista las otras R, Reutilizar y Reciclar, que nos ayudar\u00e1n a ser m\u00e1s un Ecocole\u201d.<\/p>\n<p>Adem\u00e1s, est\u00e1n planificado hacer \u201ccampa\u00f1as de choque\u201d, donde alumnado mayor se forma y prepara presentaciones para pasar por las clases y recordar la importancia de hacerlo bien.\u00a0 Esto se acompa\u00f1ar\u00eda con otras iniciativas; como por ejemplo, con \u201cpatrullas amarillas\u201d formadas por alumnos mayores, que se colocar\u00edan junto a los contenedores del patio al principio del recreo para felicitar y ayudar a los que puedan tener alguna duda sobre d\u00f3nde hay que tirar los envases.<\/p>\n<p>&nbsp;<\/p>\n<p>En <strong>Salesianos La Orotava<\/strong>, el profesor <strong>Juan Jes\u00fas Garc\u00eda<\/strong>, explica que realizan varias iniciativas:<\/p>\n<p>\u201c<a href=\"https:\/\/laorotava.salesianos.edu\/blog\/manifestacion-por-el-futuro-de-la-juventud\/\">la primera fue una Manifestaci\u00f3n<\/a>\u00a0que nos sirvi\u00f3 para presentar la Alianza tanto a profesores, padres y alumnos. Todo el mundo se volc\u00f3 con esta iniciativa y aprovechando la presencia del Alcalde colgamos el distintivo de Don Bosco Green en la fachada\u201d.<\/p>\n<p>&nbsp;<\/p>\n<p>Adem\u00e1s, todas las aulas est\u00e1n dotadas con peque\u00f1os\u00a0contenedores para reciclar papel y pronto se reciclar\u00e1n tambi\u00e9n pl\u00e1sticos. Otra iniciativa, que llevan haciendo desde hace tiempo, es que todos los comunicados a las familias se hacen de forma digital, incluso las salidas del colegio y excursiones. Por \u00faltimo, otra iniciativa es el <a href=\"https:\/\/proyecto-arbol.wixsite.com\/proyectoarbol\">Proyecto Arbol<\/a>\u00a0\u201ccon el objetivo de reciclar todo el material escolar que podamos\u201d a\u00f1ade.<\/p>\n<p>&nbsp;<\/p>\n<p>En <strong>Cartagena<\/strong> seg\u00fan detalla <strong>Francisco C\u00e1novas<\/strong> han puesto en marca multitud de acciones relacionadas con el compromiso DBGA. Desde plantar un olivo, colocar en cada aula una papelera para recoger papel y cart\u00f3n, colocacr en los pasillos de contenedores para clasificar pl\u00e1sticos y envases, sustituir los vasos de pl\u00e1stico desechable por otros de pl\u00e1stico reutilizables, uso de papel reciclado, uso de filtros de agua para evitar comprar agua embotellada, AMPAS ha promovido el uso de fundas de vinilo (reutilizables) para los bocadillos, para evitar el uso de papel de aluminio o instalaci\u00f3n de temporizadores en los interruptores de luces de pasillos y ba\u00f1os.<\/p>\n<p><strong>Tonia Florit<\/strong> de Salesianos <strong>Ciutadella<\/strong> (Menorca), explica que tras analizarlo con los alumnos llegaron a la conclusi\u00f3n de: \u201cTenemos claro que queremos un mar sin pl\u00e1sticos, queremos un Mundo m\u00e1s sostenible, queremos formar parte de un cambio en nuestro entorno y queremos actuar \u00a1ya!\u201d. Por eso han decidido utilizar Boc&#8217;n roll o fiambreras para llevar el desayuno y eliminar el uso del papel de aluminio y las bolsas de pl\u00e1stico, utilizaremos las botellas reutilizables y eliminar las botellas de pl\u00e1stico de un solo uso as\u00ed como tambi\u00e9n los tetrabriks, entre otras muchas iniciativas.<\/p>\n<p>Estas y otras muchas iniciativas, se encuentran dentro de los prop\u00f3sitos verdes para el 2020, que est\u00e1n siendo impulsados por las redes sociales, fomentando la expansi\u00f3n de la Alianza. De hecho en la versi\u00f3n en espa\u00f1ol de la cuenta de Instagram de la DGA, los usuarios est\u00e1n proponiendo buenos prop\u00f3sitos e inicativas adaptables a la vida cotidiana bajo el t\u00edtulo \u2018Prop\u00f3sitos verdes para el 2020\u2019. Entre ellos destaca: llevar siempre bolsitas de reutilizables a la hora de la compra, consumir lo menos posible en general, comprar ropa de segunda mano, entre otras.<br \/>\n[\/et_pb_text][et_pb_text _builder_version=\u00bb4.0.6&#8243;]<\/p>\n<h4><strong>Un mensaje que sigue vigente <\/strong><\/h4>\n<p>En su discurso dirigido la Asamblea General de la ONU el 25 de septiembre de 2015 el Papa enfatiz\u00f3 la importancia de cuidar y respetar el medio ambiente para el bien de la humanidad. El discurso finaliza con las <strong><u>palabras de Pablo VI hace 50 a\u00f1os<\/u><\/strong>, vigentes hoy en d\u00eda:<\/p>\n<p>\u201cLos seres humanos somos parte del ambiente, vivimos en comuni\u00f3n con \u00e9l Cada una de las creaturas tiene un valor en s\u00ed misma: de belleza, de existencia y de independencia con las dem\u00e1s criaturas. El verdadero peligro est\u00e1 en el hombre que dispone de instrumentos cada vez m\u00e1s poderosos capaz de llevar tanto a la ruina como a las m\u00e1s altas conquistas. Los m\u00e1s pobres son los que m\u00e1s sufren estos atentados, son descartados por la sociedad, obligados a vivir del descarte y deben sufrir las consecuencias del abuso del ambiente. La crisis ecol\u00f3gica, junto con la destrucci\u00f3n de buena parte de la biodiversidad puede poner en peligro, la existencia misma de la especie humana\u201d.<\/p>\n<p>&nbsp;<br \/>\n[\/et_pb_text][et_pb_video src=\u00bbhttps:\/\/www.youtube.com\/watch?v=IouONIzza38&#8243; _builder_version=\u00bb4.0.6&#8243;][\/et_pb_video][et_pb_text _builder_version=\u00bb4.0.6&#8243;]<\/p>\n<h4><strong>Cumbre Mundial del Clima<\/strong><\/h4>\n<p>Con motivo de este encuentro mundial, que tuvo lugar del 2 al 13 de diciembre en Madrid, organizaciones salesianas mostraron sus propuestas con los j\u00f3venes para luchar contra el cambio clim\u00e1tico canalizado a trav\u00e9s de la campa\u00f1a \u2018Ponte en verde por el futuro de los j\u00f3venes\u2019.<\/p>\n<p>En su \u00e9poca Don Bosco se empe\u00f1\u00f3 en responder a las necesidades de los j\u00f3venes de su tiempo. Hoy los salesianos buscan responder a las urgencias y necesidades del siglo XXI donde se ve necesario comprometerse en el Cuidado de la Casa Com\u00fan.<br \/>\n[\/et_pb_text][\/et_pb_column][\/et_pb_row][\/et_pb_section][et_pb_section fb_built=\u00bb1&#8243; _builder_version=\u00bb4.0.6&#8243;][et_pb_row _builder_version=\u00bb4.0.6&#8243;][et_pb_column type=\u00bb4_4&#8243; _builder_version=\u00bb4.0.6&#8243;][et_pb_gallery gallery_ids=\u00bb13083,13082,13081,13080,13079,13078,13077,13076,13075,13074,13073&#8243; show_title_and_caption=\u00bboff\u00bb show_pagination=\u00bboff\u00bb _builder_version=\u00bb4.0.6&#8243;][\/et_pb_gallery][\/et_pb_column][\/et_pb_row][\/et_pb_section]<\/p>\n","protected":false},"excerpt":{"rendered":"<p>La Don Bosco Green Alliance crea una red de entidades salesianas comprometidas con el medio ambiente &nbsp; Por:\u00a0Marta M Peirat Clemente. Fruto del compromiso para cuidar el planeta por el que han optado los salesianos, ha surgido la Don Bosco Green Alliance, una iniciativa salesiana ecol\u00f3gica que pretende combatir la contaminaci\u00f3n, reducir el calentamiento global [&hellip;]<\/p>\n","protected":false},"author":12,"featured_media":13262,"comment_status":"open","ping_status":"closed","sticky":false,"template":"","format":"standard","meta":{"_et_pb_use_builder":"on","_et_pb_old_content":"","_et_gb_content_width":"","footnotes":""},"categories":[34],"tags":[467],"class_list":["post-13089","post","type-post","status-publish","format-standard","has-post-thumbnail","hentry","category-a-fondo","tag-smx-54"],"yoast_head":"<!-- This site is optimized with the Yoast SEO plugin v27.5 - https:\/\/yoast.com\/product\/yoast-seo-wordpress\/ -->\n<title>Las Casas Salesianas ponen \u201clos pies en la tierra\u201d - Revista SMX<\/title>\n<meta name=\"robots\" content=\"index, follow, max-snippet:-1, max-image-preview:large, max-video-preview:-1\" \/>\n<link rel=\"canonical\" href=\"http:\/\/www.salesianos.edu\/revistasmx\/las-casas-salesianas-ponen-los-pies-en-la-tierra\/\" \/>\n<meta property=\"og:locale\" content=\"es_ES\" \/>\n<meta property=\"og:type\" content=\"article\" \/>\n<meta property=\"og:title\" content=\"Las Casas Salesianas ponen \u201clos pies en la tierra\u201d - Revista SMX\" \/>\n<meta property=\"og:description\" content=\"Titulo p\u00e1ginas Subtitulo 1 Lorem Ipsum es simplemente el texto de relleno de las imprentas y archivos de texto. Lorem Ipsum ha sido el texto de relleno est\u00e1ndar de las industrias desde el a\u00f1o 1500, cuando un impresor (N. del T. persona que se dedica a la imprenta) desconocido us\u00f3 una galer\u00eda de textos y [&hellip;]\" \/>\n<meta property=\"og:url\" content=\"http:\/\/www.salesianos.edu\/revistasmx\/las-casas-salesianas-ponen-los-pies-en-la-tierra\/\" \/>\n<meta property=\"og:site_name\" content=\"Revista SMX\" \/>\n<meta property=\"article:published_time\" content=\"2020-01-24T10:30:40+00:00\" \/>\n<meta property=\"article:modified_time\" content=\"2020-01-31T09:39:47+00:00\" \/>\n<meta property=\"og:image\" content=\"https:\/\/www.salesianos.edu\/revistasmx\/wp-content\/uploads\/sites\/8\/2020\/01\/DBGreen-La-Orotava-2.jpg\" \/>\n\t<meta property=\"og:image:width\" content=\"1744\" \/>\n\t<meta property=\"og:image:height\" content=\"1362\" \/>\n\t<meta property=\"og:image:type\" content=\"image\/jpeg\" \/>\n<meta name=\"author\" content=\"joseluisgarciamoscoso\" \/>\n<meta name=\"twitter:card\" content=\"summary_large_image\" \/>\n<meta name=\"twitter:label1\" content=\"Escrito por\" \/>\n\t<meta name=\"twitter:data1\" content=\"joseluisgarciamoscoso\" \/>\n\t<meta name=\"twitter:label2\" content=\"Tiempo de lectura\" \/>\n\t<meta name=\"twitter:data2\" content=\"9 minutos\" \/>\n<script type=\"application\/ld+json\" class=\"yoast-schema-graph\">{\"@context\":\"https:\\\/\\\/schema.org\",\"@graph\":[{\"@type\":\"Article\",\"@id\":\"http:\\\/\\\/www.salesianos.edu\\\/revistasmx\\\/las-casas-salesianas-ponen-los-pies-en-la-tierra\\\/#article\",\"isPartOf\":{\"@id\":\"http:\\\/\\\/www.salesianos.edu\\\/revistasmx\\\/las-casas-salesianas-ponen-los-pies-en-la-tierra\\\/\"},\"author\":{\"name\":\"joseluisgarciamoscoso\",\"@id\":\"http:\\\/\\\/www.salesianos.edu\\\/revistasmx\\\/#\\\/schema\\\/person\\\/a1d72ee5373cce7347fb2993ba9f47d6\"},\"headline\":\"Las Casas Salesianas ponen \u201clos pies en la tierra\u201d\",\"datePublished\":\"2020-01-24T10:30:40+00:00\",\"dateModified\":\"2020-01-31T09:39:47+00:00\",\"mainEntityOfPage\":{\"@id\":\"http:\\\/\\\/www.salesianos.edu\\\/revistasmx\\\/las-casas-salesianas-ponen-los-pies-en-la-tierra\\\/\"},\"wordCount\":1795,\"commentCount\":0,\"image\":{\"@id\":\"http:\\\/\\\/www.salesianos.edu\\\/revistasmx\\\/las-casas-salesianas-ponen-los-pies-en-la-tierra\\\/#primaryimage\"},\"thumbnailUrl\":\"http:\\\/\\\/www.salesianos.edu\\\/revistasmx\\\/wp-content\\\/uploads\\\/sites\\\/8\\\/2020\\\/01\\\/DBGreen-La-Orotava-2.jpg\",\"keywords\":[\"SMX 54\"],\"articleSection\":[\"A FONDO\"],\"inLanguage\":\"es\",\"potentialAction\":[{\"@type\":\"CommentAction\",\"name\":\"Comment\",\"target\":[\"http:\\\/\\\/www.salesianos.edu\\\/revistasmx\\\/las-casas-salesianas-ponen-los-pies-en-la-tierra\\\/#respond\"]}]},{\"@type\":\"WebPage\",\"@id\":\"http:\\\/\\\/www.salesianos.edu\\\/revistasmx\\\/las-casas-salesianas-ponen-los-pies-en-la-tierra\\\/\",\"url\":\"http:\\\/\\\/www.salesianos.edu\\\/revistasmx\\\/las-casas-salesianas-ponen-los-pies-en-la-tierra\\\/\",\"name\":\"Las Casas Salesianas ponen \u201clos pies en la tierra\u201d - Revista SMX\",\"isPartOf\":{\"@id\":\"http:\\\/\\\/www.salesianos.edu\\\/revistasmx\\\/#website\"},\"primaryImageOfPage\":{\"@id\":\"http:\\\/\\\/www.salesianos.edu\\\/revistasmx\\\/las-casas-salesianas-ponen-los-pies-en-la-tierra\\\/#primaryimage\"},\"image\":{\"@id\":\"http:\\\/\\\/www.salesianos.edu\\\/revistasmx\\\/las-casas-salesianas-ponen-los-pies-en-la-tierra\\\/#primaryimage\"},\"thumbnailUrl\":\"http:\\\/\\\/www.salesianos.edu\\\/revistasmx\\\/wp-content\\\/uploads\\\/sites\\\/8\\\/2020\\\/01\\\/DBGreen-La-Orotava-2.jpg\",\"datePublished\":\"2020-01-24T10:30:40+00:00\",\"dateModified\":\"2020-01-31T09:39:47+00:00\",\"author\":{\"@id\":\"http:\\\/\\\/www.salesianos.edu\\\/revistasmx\\\/#\\\/schema\\\/person\\\/a1d72ee5373cce7347fb2993ba9f47d6\"},\"breadcrumb\":{\"@id\":\"http:\\\/\\\/www.salesianos.edu\\\/revistasmx\\\/las-casas-salesianas-ponen-los-pies-en-la-tierra\\\/#breadcrumb\"},\"inLanguage\":\"es\",\"potentialAction\":[{\"@type\":\"ReadAction\",\"target\":[\"http:\\\/\\\/www.salesianos.edu\\\/revistasmx\\\/las-casas-salesianas-ponen-los-pies-en-la-tierra\\\/\"]}]},{\"@type\":\"ImageObject\",\"inLanguage\":\"es\",\"@id\":\"http:\\\/\\\/www.salesianos.edu\\\/revistasmx\\\/las-casas-salesianas-ponen-los-pies-en-la-tierra\\\/#primaryimage\",\"url\":\"http:\\\/\\\/www.salesianos.edu\\\/revistasmx\\\/wp-content\\\/uploads\\\/sites\\\/8\\\/2020\\\/01\\\/DBGreen-La-Orotava-2.jpg\",\"contentUrl\":\"http:\\\/\\\/www.salesianos.edu\\\/revistasmx\\\/wp-content\\\/uploads\\\/sites\\\/8\\\/2020\\\/01\\\/DBGreen-La-Orotava-2.jpg\",\"width\":1744,\"height\":1362},{\"@type\":\"BreadcrumbList\",\"@id\":\"http:\\\/\\\/www.salesianos.edu\\\/revistasmx\\\/las-casas-salesianas-ponen-los-pies-en-la-tierra\\\/#breadcrumb\",\"itemListElement\":[{\"@type\":\"ListItem\",\"position\":1,\"name\":\"Portada\",\"item\":\"https:\\\/\\\/www.salesianos.edu\\\/revistasmx\\\/\"},{\"@type\":\"ListItem\",\"position\":2,\"name\":\"Las Casas Salesianas ponen \u201clos pies en la tierra\u201d\"}]},{\"@type\":\"WebSite\",\"@id\":\"http:\\\/\\\/www.salesianos.edu\\\/revistasmx\\\/#website\",\"url\":\"http:\\\/\\\/www.salesianos.edu\\\/revistasmx\\\/\",\"name\":\"Revista SMX\",\"description\":\"P\u00e1gina oficial de Inspector\u00eda Salesiana Mar\u00eda Auxiliadora\",\"potentialAction\":[{\"@type\":\"SearchAction\",\"target\":{\"@type\":\"EntryPoint\",\"urlTemplate\":\"http:\\\/\\\/www.salesianos.edu\\\/revistasmx\\\/?s={search_term_string}\"},\"query-input\":{\"@type\":\"PropertyValueSpecification\",\"valueRequired\":true,\"valueName\":\"search_term_string\"}}],\"inLanguage\":\"es\"},{\"@type\":\"Person\",\"@id\":\"http:\\\/\\\/www.salesianos.edu\\\/revistasmx\\\/#\\\/schema\\\/person\\\/a1d72ee5373cce7347fb2993ba9f47d6\",\"name\":\"joseluisgarciamoscoso\",\"image\":{\"@type\":\"ImageObject\",\"inLanguage\":\"es\",\"@id\":\"https:\\\/\\\/secure.gravatar.com\\\/avatar\\\/3fda3a0b2db3bc9a39871e47cbd526b42d6c3b74755b7ae1400a87b2913fea6a?s=96&d=mm&r=g\",\"url\":\"https:\\\/\\\/secure.gravatar.com\\\/avatar\\\/3fda3a0b2db3bc9a39871e47cbd526b42d6c3b74755b7ae1400a87b2913fea6a?s=96&d=mm&r=g\",\"contentUrl\":\"https:\\\/\\\/secure.gravatar.com\\\/avatar\\\/3fda3a0b2db3bc9a39871e47cbd526b42d6c3b74755b7ae1400a87b2913fea6a?s=96&d=mm&r=g\",\"caption\":\"joseluisgarciamoscoso\"}}]}<\/script>\n<!-- \/ Yoast SEO plugin. -->","yoast_head_json":{"title":"Las Casas Salesianas ponen \u201clos pies en la tierra\u201d - Revista SMX","robots":{"index":"index","follow":"follow","max-snippet":"max-snippet:-1","max-image-preview":"max-image-preview:large","max-video-preview":"max-video-preview:-1"},"canonical":"http:\/\/www.salesianos.edu\/revistasmx\/las-casas-salesianas-ponen-los-pies-en-la-tierra\/","og_locale":"es_ES","og_type":"article","og_title":"Las Casas Salesianas ponen \u201clos pies en la tierra\u201d - Revista SMX","og_description":"Titulo p\u00e1ginas Subtitulo 1 Lorem Ipsum es simplemente el texto de relleno de las imprentas y archivos de texto. Lorem Ipsum ha sido el texto de relleno est\u00e1ndar de las industrias desde el a\u00f1o 1500, cuando un impresor (N. del T. persona que se dedica a la imprenta) desconocido us\u00f3 una galer\u00eda de textos y [&hellip;]","og_url":"http:\/\/www.salesianos.edu\/revistasmx\/las-casas-salesianas-ponen-los-pies-en-la-tierra\/","og_site_name":"Revista SMX","article_published_time":"2020-01-24T10:30:40+00:00","article_modified_time":"2020-01-31T09:39:47+00:00","og_image":[{"width":1744,"height":1362,"url":"https:\/\/www.salesianos.edu\/revistasmx\/wp-content\/uploads\/sites\/8\/2020\/01\/DBGreen-La-Orotava-2.jpg","type":"image\/jpeg"}],"author":"joseluisgarciamoscoso","twitter_card":"summary_large_image","twitter_misc":{"Escrito por":"joseluisgarciamoscoso","Tiempo de lectura":"9 minutos"},"schema":{"@context":"https:\/\/schema.org","@graph":[{"@type":"Article","@id":"http:\/\/www.salesianos.edu\/revistasmx\/las-casas-salesianas-ponen-los-pies-en-la-tierra\/#article","isPartOf":{"@id":"http:\/\/www.salesianos.edu\/revistasmx\/las-casas-salesianas-ponen-los-pies-en-la-tierra\/"},"author":{"name":"joseluisgarciamoscoso","@id":"http:\/\/www.salesianos.edu\/revistasmx\/#\/schema\/person\/a1d72ee5373cce7347fb2993ba9f47d6"},"headline":"Las Casas Salesianas ponen \u201clos pies en la tierra\u201d","datePublished":"2020-01-24T10:30:40+00:00","dateModified":"2020-01-31T09:39:47+00:00","mainEntityOfPage":{"@id":"http:\/\/www.salesianos.edu\/revistasmx\/las-casas-salesianas-ponen-los-pies-en-la-tierra\/"},"wordCount":1795,"commentCount":0,"image":{"@id":"http:\/\/www.salesianos.edu\/revistasmx\/las-casas-salesianas-ponen-los-pies-en-la-tierra\/#primaryimage"},"thumbnailUrl":"http:\/\/www.salesianos.edu\/revistasmx\/wp-content\/uploads\/sites\/8\/2020\/01\/DBGreen-La-Orotava-2.jpg","keywords":["SMX 54"],"articleSection":["A FONDO"],"inLanguage":"es","potentialAction":[{"@type":"CommentAction","name":"Comment","target":["http:\/\/www.salesianos.edu\/revistasmx\/las-casas-salesianas-ponen-los-pies-en-la-tierra\/#respond"]}]},{"@type":"WebPage","@id":"http:\/\/www.salesianos.edu\/revistasmx\/las-casas-salesianas-ponen-los-pies-en-la-tierra\/","url":"http:\/\/www.salesianos.edu\/revistasmx\/las-casas-salesianas-ponen-los-pies-en-la-tierra\/","name":"Las Casas Salesianas ponen \u201clos pies en la tierra\u201d - Revista SMX","isPartOf":{"@id":"http:\/\/www.salesianos.edu\/revistasmx\/#website"},"primaryImageOfPage":{"@id":"http:\/\/www.salesianos.edu\/revistasmx\/las-casas-salesianas-ponen-los-pies-en-la-tierra\/#primaryimage"},"image":{"@id":"http:\/\/www.salesianos.edu\/revistasmx\/las-casas-salesianas-ponen-los-pies-en-la-tierra\/#primaryimage"},"thumbnailUrl":"http:\/\/www.salesianos.edu\/revistasmx\/wp-content\/uploads\/sites\/8\/2020\/01\/DBGreen-La-Orotava-2.jpg","datePublished":"2020-01-24T10:30:40+00:00","dateModified":"2020-01-31T09:39:47+00:00","author":{"@id":"http:\/\/www.salesianos.edu\/revistasmx\/#\/schema\/person\/a1d72ee5373cce7347fb2993ba9f47d6"},"breadcrumb":{"@id":"http:\/\/www.salesianos.edu\/revistasmx\/las-casas-salesianas-ponen-los-pies-en-la-tierra\/#breadcrumb"},"inLanguage":"es","potentialAction":[{"@type":"ReadAction","target":["http:\/\/www.salesianos.edu\/revistasmx\/las-casas-salesianas-ponen-los-pies-en-la-tierra\/"]}]},{"@type":"ImageObject","inLanguage":"es","@id":"http:\/\/www.salesianos.edu\/revistasmx\/las-casas-salesianas-ponen-los-pies-en-la-tierra\/#primaryimage","url":"http:\/\/www.salesianos.edu\/revistasmx\/wp-content\/uploads\/sites\/8\/2020\/01\/DBGreen-La-Orotava-2.jpg","contentUrl":"http:\/\/www.salesianos.edu\/revistasmx\/wp-content\/uploads\/sites\/8\/2020\/01\/DBGreen-La-Orotava-2.jpg","width":1744,"height":1362},{"@type":"BreadcrumbList","@id":"http:\/\/www.salesianos.edu\/revistasmx\/las-casas-salesianas-ponen-los-pies-en-la-tierra\/#breadcrumb","itemListElement":[{"@type":"ListItem","position":1,"name":"Portada","item":"https:\/\/www.salesianos.edu\/revistasmx\/"},{"@type":"ListItem","position":2,"name":"Las Casas Salesianas ponen \u201clos pies en la tierra\u201d"}]},{"@type":"WebSite","@id":"http:\/\/www.salesianos.edu\/revistasmx\/#website","url":"http:\/\/www.salesianos.edu\/revistasmx\/","name":"Revista SMX","description":"P\u00e1gina oficial de Inspector\u00eda Salesiana Mar\u00eda Auxiliadora","potentialAction":[{"@type":"SearchAction","target":{"@type":"EntryPoint","urlTemplate":"http:\/\/www.salesianos.edu\/revistasmx\/?s={search_term_string}"},"query-input":{"@type":"PropertyValueSpecification","valueRequired":true,"valueName":"search_term_string"}}],"inLanguage":"es"},{"@type":"Person","@id":"http:\/\/www.salesianos.edu\/revistasmx\/#\/schema\/person\/a1d72ee5373cce7347fb2993ba9f47d6","name":"joseluisgarciamoscoso","image":{"@type":"ImageObject","inLanguage":"es","@id":"https:\/\/secure.gravatar.com\/avatar\/3fda3a0b2db3bc9a39871e47cbd526b42d6c3b74755b7ae1400a87b2913fea6a?s=96&d=mm&r=g","url":"https:\/\/secure.gravatar.com\/avatar\/3fda3a0b2db3bc9a39871e47cbd526b42d6c3b74755b7ae1400a87b2913fea6a?s=96&d=mm&r=g","contentUrl":"https:\/\/secure.gravatar.com\/avatar\/3fda3a0b2db3bc9a39871e47cbd526b42d6c3b74755b7ae1400a87b2913fea6a?s=96&d=mm&r=g","caption":"joseluisgarciamoscoso"}}]}},"_links":{"self":[{"href":"http:\/\/www.salesianos.edu\/revistasmx\/wp-json\/wp\/v2\/posts\/13089","targetHints":{"allow":["GET"]}}],"collection":[{"href":"http:\/\/www.salesianos.edu\/revistasmx\/wp-json\/wp\/v2\/posts"}],"about":[{"href":"http:\/\/www.salesianos.edu\/revistasmx\/wp-json\/wp\/v2\/types\/post"}],"author":[{"embeddable":true,"href":"http:\/\/www.salesianos.edu\/revistasmx\/wp-json\/wp\/v2\/users\/12"}],"replies":[{"embeddable":true,"href":"http:\/\/www.salesianos.edu\/revistasmx\/wp-json\/wp\/v2\/comments?post=13089"}],"version-history":[{"count":8,"href":"http:\/\/www.salesianos.edu\/revistasmx\/wp-json\/wp\/v2\/posts\/13089\/revisions"}],"predecessor-version":[{"id":13277,"href":"http:\/\/www.salesianos.edu\/revistasmx\/wp-json\/wp\/v2\/posts\/13089\/revisions\/13277"}],"wp:featuredmedia":[{"embeddable":true,"href":"http:\/\/www.salesianos.edu\/revistasmx\/wp-json\/wp\/v2\/media\/13262"}],"wp:attachment":[{"href":"http:\/\/www.salesianos.edu\/revistasmx\/wp-json\/wp\/v2\/media?parent=13089"}],"wp:term":[{"taxonomy":"category","embeddable":true,"href":"http:\/\/www.salesianos.edu\/revistasmx\/wp-json\/wp\/v2\/categories?post=13089"},{"taxonomy":"post_tag","embeddable":true,"href":"http:\/\/www.salesianos.edu\/revistasmx\/wp-json\/wp\/v2\/tags?post=13089"}],"curies":[{"name":"wp","href":"https:\/\/api.w.org\/{rel}","templated":true}]}}