{"id":13003,"date":"2019-12-26T18:19:19","date_gmt":"2019-12-26T17:19:19","guid":{"rendered":"http:\/\/www.salesianos.edu\/revistasmx\/?p=13003"},"modified":"2019-12-26T18:19:25","modified_gmt":"2019-12-26T17:19:25","slug":"innovacio-salesiana-un-proces-en-continu-creixement","status":"publish","type":"post","link":"http:\/\/www.salesianos.edu\/revistasmx\/ca\/innovacio-salesiana-un-proces-en-continu-creixement\/","title":{"rendered":"Innovaci\u00f3 salesiana, un proc\u00e9s en continu creixement"},"content":{"rendered":"<div id=\"fb-root\"><\/div>\n<p>[et_pb_section fb_built=\u00bb1&#8243; admin_label=\u00bbsection\u00bb _builder_version=\u00bb3.22&#8243;][et_pb_row admin_label=\u00bbrow\u00bb _builder_version=\u00bb3.25&#8243; background_size=\u00bbinitial\u00bb background_position=\u00bbtop_left\u00bb background_repeat=\u00bbrepeat\u00bb][et_pb_column type=\u00bb4_4&#8243; _builder_version=\u00bb3.25&#8243; custom_padding=\u00bb|||\u00bb custom_padding__hover=\u00bb|||\u00bb][et_pb_image src=\u00bbhttps:\/\/www.salesianos.edu\/revistasmx\/wp-content\/uploads\/sites\/8\/2019\/12\/D-i4cfNX4AAmlzu.jpg\u00bb _builder_version=\u00bb4.0.6&#8243;][\/et_pb_image][et_pb_text _builder_version=\u00bb4.0.6&#8243; hover_enabled=\u00bb0&#8243;]<\/p>\n<p><span style=\"font-weight: 400;\">Potser pugui ser aquesta una frase que sintetitzi tot el proc\u00e9s de canvi que est\u00e0 experimentant l&#8217;escola salesiana a Espanya des del passat 2015.\u00a0<\/span><\/p>\n<p><span style=\"font-weight: 400;\">Aquest any, coincidint amb el bicentenari del naixement de Sant Joan Bosco, fundador d&#8217;aquesta Congregaci\u00f3, se celebra un <\/span><i><span style=\"font-weight: 400;\">Congr\u00e9s Nacional<\/span><\/i><span style=\"font-weight: 400;\"> de les 144 escoles salesianes que suposa l&#8217;inici d&#8217;un proc\u00e9s de reflexi\u00f3 amb la finalitat d&#8217;actualitzar la seva tasca educativa. Un proc\u00e9s enfocat a l&#8217;actualitzaci\u00f3, ja que els principis pedag\u00f2gics de l&#8217;estil educatiu s&#8217;han de mantenir, per\u00f2 adaptant-los a les caracter\u00edstiques de la societat d&#8217;avui i els seus joves.<\/span><\/p>\n<p><span style=\"font-weight: 400;\">En el marc d&#8217;aquesta tasca d&#8217;actualitzaci\u00f3 a la primavera de 2019 es va celebrar un Congr\u00e9s d&#8217;Escoles Salesianes de la Comunitat Valenciana, Regi\u00f3 de M\u00farcia i Saragossa sota el lema <\/span><i><span style=\"font-weight: 400;\">\u00abJunts som<\/span><\/i> <i><span style=\"font-weight: 400;\">m\u00e9s\u00bb<\/span><\/i><span style=\"font-weight: 400;\">, amb l&#8217;objectiu d&#8217;assentar les bases dels actuals i futurs canvis metodol\u00f2gics des de l&#8217;humanisme cristi\u00e0.<\/span><\/p>\n<p><iframe loading=\"lazy\" title=\"#JuntosSomosM\u00e1s - I Congreso Escuelas Salesianas - 3 Julio, #Valencia - #ResumenFinal\" width=\"1080\" height=\"608\" src=\"https:\/\/www.youtube.com\/embed\/VHGUZIWPYCQ?feature=oembed\" frameborder=\"0\" allow=\"accelerometer; autoplay; encrypted-media; gyroscope; picture-in-picture\" allowfullscreen><\/iframe><\/p>\n<p>[\/et_pb_text][et_pb_text _builder_version=\u00bb4.0.6&#8243; hover_enabled=\u00bb0&#8243;]<\/p>\n<h4><b><i>Un enfocament finalista<\/i><\/b><\/h4>\n<p><span style=\"font-weight: 400;\">El punt de partida ha d&#8217;estar basat en <\/span><b>el model de persona que<\/b> <b>generar\u00e0 l&#8217;acci\u00f3 educativa<\/b><span style=\"font-weight: 400;\">. Doncs si b\u00e9 \u00e9s cert que la diversitat \u00e9s una riquesa de la societat i l&#8217;escola, ha de tenir unes bases de desenvolupament que portin l&#8217;alumne a un aut\u00e8ntic creixement personal i professional perqu\u00e8 arribi a ser un \u00abciutad\u00e0 feli\u00e7\u00bb.\u00a0<\/span><\/p>\n<p><span style=\"font-weight: 400;\">D&#8217;aqu\u00ed que parlem d&#8217;enfocament finalista posant a l&#8217;alumnat en el centre de tot el proc\u00e9s educatiu <\/span><b>generant experi\u00e8ncies educatives memorables que construeixin biografies.\u00a0<\/b><\/p>\n<p><span style=\"font-weight: 400;\">La finalitat ha de ser <\/span><b>un alumne que:<\/b><\/p>\n<ul>\n<li><span style=\"font-weight: 400;\">Es coneix, es valora, es cuida i desenvolupa h\u00e0bits saludables.<\/span><\/li>\n<li><span style=\"font-weight: 400;\">\u00c9s capa\u00e7 de comprendre el m\u00f3n que l&#8217;envolta, adaptar-se amb \u00e8xit a diferents realitats i als processos de canvi que s\u00b4hi puguin donar, des d&#8217;un enfocament creatiu, innovador i emprenedor, que li permet integrar-se al m\u00f3n laboral de forma constructiva.<\/span><\/li>\n<li><span style=\"font-weight: 400;\">Posseeix intel\u00b7lig\u00e8ncia intrapersonal per gestionar les emocions, aix\u00ed com interpersonal per establir relacions i vincles afectius positius.<\/span><\/li>\n<li><span style=\"font-weight: 400;\">T\u00e9 un adequat coneixement cultural que li permet interpretar el m\u00f3n amb sentit cr\u00edtic i participar en el seu desenvolupament mitjan\u00e7ant noves creacions culturals, art\u00edstiques i cient\u00edfiques.<\/span><\/li>\n<li><span style=\"font-weight: 400;\">\u00c9s capa\u00e7 de comunicar-se, treballar en equip i cooperar amb els altres per exercir una ciutadania global activa i compromesa, basada en els valors de conviv\u00e8ncia democr\u00e0tics.<\/span><\/li>\n<li><span style=\"font-weight: 400;\">Desenvolupa i viu la seva interioritat, es planteja preguntes i elabora respostes personals que li permeten aclarir els seus valors i les seves creences.<\/span><\/li>\n<li><span style=\"font-weight: 400;\">Ha experimentat &#8211; Ha experimentat una comunitat educativa amb valors inspirats en l&#8217;Evangeli i ha tingut l&#8217;opci\u00f3 de trobar-se amb Jes\u00fas i descobrir a un D\u00e9u personal amb qui es pot relacionar.<\/span><\/li>\n<li><span style=\"font-weight: 400;\">Coneix i articula els principals continguts de la fe cristiana.<\/span><\/li>\n<li><span style=\"font-weight: 400;\">Viu la vida amb sentit vocacional, sent capa\u00e7 de discernir amb un sentit \u00e8tic. Una vocaci\u00f3 de servei a la societat de la qual en forma part.<\/span><\/li>\n<\/ul>\n<p>&nbsp;<\/p>\n<p>[\/et_pb_text][et_pb_image src=\u00bbhttps:\/\/www.salesianos.edu\/revistasmx\/wp-content\/uploads\/sites\/8\/2019\/12\/INFOGRAFI\u0301A.jpg\u00bb admin_label=\u00bbImagen\u00bb _builder_version=\u00bb4.0.6&#8243;][\/et_pb_image][et_pb_text _builder_version=\u00bb4.0.6&#8243; hover_enabled=\u00bb0&#8243;]<\/p>\n<h3><b><i>Tenint cura i gaudint del proc\u00e9s<\/i><\/b><\/h3>\n<p><span style=\"font-weight: 400;\">El focus de tot el projecte educatiu de l&#8217;escola salesiana ha d&#8217;estar dirigit a l&#8217;alumne com a resultat del proc\u00e9s educatiu. Aix\u00ed doncs, per a formar un determinat tipus de persona nom\u00e9s \u00e9s possible <\/span><b>des d&#8217;una escola amb unes caracter\u00edstiques determinades:<\/b><\/p>\n<ul>\n<li><span style=\"font-weight: 400;\">Inclusiva: acull a tots i at\u00e9n cadascun tot procurant la seva promoci\u00f3, prioritzant l&#8217;atenci\u00f3 als m\u00e9s desfavorits.<\/span><\/li>\n<li><span style=\"font-weight: 400;\">Que adopta un enfocament i sistema preventiu.<\/span><\/li>\n<li><span style=\"font-weight: 400;\">On l&#8217;alumnat \u00e9s el centre de l&#8217;proc\u00e9s educatiu i les seves necessitats i desenvolupament.<\/span><\/li>\n<li><span style=\"font-weight: 400;\">Enfocada vers el desenvolupament integral de l&#8217;alumnat en totes les seves dimensions, d&#8217;acord amb la visi\u00f3 humana i cristiana de la vida.<\/span><\/li>\n<li><span style=\"font-weight: 400;\">On la metodologia, estructures, programes, recursos, ambient i persones estiguin enfocades a la missi\u00f3 i tenyides de valors evang\u00e8lics.<\/span><\/li>\n<li><span style=\"font-weight: 400;\">Que busca i afavoreix la participaci\u00f3 activa de les fam\u00edlies, principals responsables de l&#8217;educaci\u00f3 integral de l&#8217;alumnat.<\/span><\/li>\n<li><span style=\"font-weight: 400;\">Que es basa en la participaci\u00f3 activa dels educadors, que tenen un paper essencial a fer realitat en la pr\u00e0ctica el Projecte educatiu.<\/span><\/li>\n<li><span style=\"font-weight: 400;\">Que promou, a trav\u00e9s de l&#8217;acompanyament, la maduresa, la formaci\u00f3 i la compet\u00e8ncia dels seus educadors.<\/span><\/li>\n<li><span style=\"font-weight: 400;\">Que prepara per la vida: inserci\u00f3 social, formaci\u00f3 professional &#8230;<\/span><\/li>\n<li><span style=\"font-weight: 400;\">Amb una formaci\u00f3 social que orienti cap al comprom\u00eds amb la millora de la comunitat.<\/span><\/li>\n<li><span style=\"font-weight: 400;\">Que promou que l&#8217;alumnat realitzi una s\u00edntesi fe-cultura-vida.<\/span><\/li>\n<\/ul>\n<p><span style=\"font-weight: 400;\">Atempta als reptes, oberta als canvis, promovent la innovaci\u00f3 i actualitzaci\u00f3 cont\u00ednua, que utilitza llenguatges, recursos i pedagogia actuals i propers a la realitat del jove.<\/span><\/p>\n<p><span style=\"font-weight: 400;\">Per tot aix\u00f2 la metodologia a seguir ha de ser d\u00b4acord amb la proposta educativa de les escoles salesianes, contribuint amb aix\u00f2 al desenvolupament competencial de l&#8217;alumnat i ajudant-se de les TIC com a eines innovadores, ja que s\u00f3n les eines que preferentment utilitzaran els ciutadans de segle XXI i hem d&#8217;introduir-les en l&#8217;activitat escolar com avui ho\u00a0 s\u00f3n el llapis, el paper i el guix.<\/span><\/p>\n<p>&nbsp;<\/p>\n<p>[\/et_pb_text][et_pb_text _builder_version=\u00bb4.0.6&#8243; hover_enabled=\u00bb0&#8243;]<\/p>\n<div style=\"width: 100%;\">\n<div style=\"position: relative; padding-bottom: 70.72135785007072%; padding-top: 0; height: 0;\"><iframe loading=\"lazy\" style=\"position: absolute; top: 0; left: 0; width: 100%; height: 100%;\" src=\"https:\/\/view.genial.ly\/5e0086f8dc63a91471fff8dd\" width=\"1414\" height=\"1000\" frameborder=\"0\" scrolling=\"yes\" allowfullscreen=\"allowfullscreen\"><\/iframe><\/div>\n<\/div>\n<p>[\/et_pb_text][et_pb_text _builder_version=\u00bb4.0.6&#8243; hover_enabled=\u00bb0&#8243;]<\/p>\n<p><span style=\"font-weight: 400;\">Incloure experi\u00e8ncies innovadores en cadascuna de les metodologies:<\/span><\/p>\n<ul>\n<li><span style=\"font-weight: 400;\">Aprenentatge cooperatiu i aprenentatge col\u00b7laboratiu<\/span><\/li>\n<li><span style=\"font-weight: 400;\">Aprenentatge dial\u00f2gic \/ grups interactius<\/span><\/li>\n<li><span style=\"font-weight: 400;\">Pensament efica\u00e7: rutines i destreses de pensament<\/span><\/li>\n<li><span style=\"font-weight: 400;\">Aprenentatge per Projectes i Tasques<\/span><\/li>\n<li><span style=\"font-weight: 400;\">Aprenentatge-Servei<\/span><\/li>\n<li><span style=\"font-weight: 400;\">Aprenentatge Basat en Problemes<\/span><\/li>\n<li><span style=\"font-weight: 400;\">Contracte did\u00e0ctic. Racons de treball.<\/span><\/li>\n<li><span style=\"font-weight: 400;\">Gamificaci\u00f3 &#8211; Ludificaci\u00f3.<\/span><\/li>\n<li><span style=\"font-weight: 400;\">Estudi de casos.<\/span><\/li>\n<\/ul>\n<p><span style=\"font-weight: 400;\">Com deia el propi Don Bosco, \u00absense confian\u00e7a i amor no pot haver-hi una bona educaci\u00f3\u00bb, per aix\u00f2 s&#8217;ha de mimar el proc\u00e9s per poder arribar a <\/span><b>generar experi\u00e8ncies educatives que construeixin biografies<\/b><\/p>\n<p>[\/et_pb_text][et_pb_gallery gallery_ids=\u00bb12981,12982,12826,12796,12794,12527,12410,12259,12198,12009&#8243; show_title_and_caption=\u00bboff\u00bb show_pagination=\u00bboff\u00bb _builder_version=\u00bb4.0.6&#8243;][\/et_pb_gallery][\/et_pb_column][\/et_pb_row][\/et_pb_section]<\/p>\n","protected":false},"excerpt":{"rendered":"<p>Potser pugui ser aquesta una frase que sintetitzi tot el proc\u00e9s de canvi que est\u00e0 experimentant l&#8217;escola salesiana a Espanya des del passat 2015.\u00a0 Aquest any, coincidint amb el bicentenari del naixement de Sant Joan Bosco, fundador d&#8217;aquesta Congregaci\u00f3, se celebra un Congr\u00e9s Nacional de les 144 escoles salesianes que suposa l&#8217;inici d&#8217;un proc\u00e9s de [&hellip;]<\/p>\n","protected":false},"author":12,"featured_media":12981,"comment_status":"open","ping_status":"closed","sticky":false,"template":"","format":"standard","meta":{"_et_pb_use_builder":"on","_et_pb_old_content":"","_et_gb_content_width":"","footnotes":""},"categories":[53],"tags":[],"class_list":["post-13003","post","type-post","status-publish","format-standard","has-post-thumbnail","hentry","category-a-fons"],"yoast_head":"<!-- This site is optimized with the Yoast SEO plugin v27.5 - https:\/\/yoast.com\/product\/yoast-seo-wordpress\/ -->\n<title>Innovaci\u00f3 salesiana, un proc\u00e9s en continu creixement - Revista SMX<\/title>\n<meta name=\"description\" content=\"Innovaci\u00f3 salesiana, un proc\u00e9s en continu creixement\" \/>\n<meta name=\"robots\" content=\"index, follow, max-snippet:-1, max-image-preview:large, max-video-preview:-1\" \/>\n<link rel=\"canonical\" href=\"http:\/\/www.salesianos.edu\/revistasmx\/ca\/innovacio-salesiana-un-proces-en-continu-creixement\/\" \/>\n<meta property=\"og:locale\" content=\"es_ES\" \/>\n<meta property=\"og:type\" content=\"article\" \/>\n<meta property=\"og:title\" content=\"Innovaci\u00f3 salesiana, un proc\u00e9s en continu creixement - Revista SMX\" \/>\n<meta property=\"og:description\" content=\"Innovaci\u00f3 salesiana, un proc\u00e9s en continu creixement\" \/>\n<meta property=\"og:url\" content=\"http:\/\/www.salesianos.edu\/revistasmx\/ca\/innovacio-salesiana-un-proces-en-continu-creixement\/\" \/>\n<meta property=\"og:site_name\" content=\"Revista SMX\" \/>\n<meta property=\"article:published_time\" content=\"2019-12-26T17:19:19+00:00\" \/>\n<meta property=\"article:modified_time\" content=\"2019-12-26T17:19:25+00:00\" \/>\n<meta property=\"og:image\" content=\"https:\/\/www.salesianos.edu\/revistasmx\/wp-content\/uploads\/sites\/8\/2019\/12\/e7c9996d-4933-46fc-9429-3ac8c73381cf.jpg\" \/>\n\t<meta property=\"og:image:width\" content=\"1984\" \/>\n\t<meta property=\"og:image:height\" content=\"1488\" \/>\n\t<meta property=\"og:image:type\" content=\"image\/jpeg\" \/>\n<meta name=\"author\" content=\"joseluisgarciamoscoso\" \/>\n<meta name=\"twitter:card\" content=\"summary_large_image\" \/>\n<meta name=\"twitter:label1\" content=\"Escrito por\" \/>\n\t<meta name=\"twitter:data1\" content=\"joseluisgarciamoscoso\" \/>\n\t<meta name=\"twitter:label2\" content=\"Tiempo de lectura\" \/>\n\t<meta name=\"twitter:data2\" content=\"5 minutos\" \/>\n<script type=\"application\/ld+json\" class=\"yoast-schema-graph\">{\"@context\":\"https:\\\/\\\/schema.org\",\"@graph\":[{\"@type\":\"Article\",\"@id\":\"http:\\\/\\\/www.salesianos.edu\\\/revistasmx\\\/ca\\\/innovacio-salesiana-un-proces-en-continu-creixement\\\/#article\",\"isPartOf\":{\"@id\":\"http:\\\/\\\/www.salesianos.edu\\\/revistasmx\\\/ca\\\/innovacio-salesiana-un-proces-en-continu-creixement\\\/\"},\"author\":{\"name\":\"joseluisgarciamoscoso\",\"@id\":\"http:\\\/\\\/www.salesianos.edu\\\/revistasmx\\\/#\\\/schema\\\/person\\\/a1d72ee5373cce7347fb2993ba9f47d6\"},\"headline\":\"Innovaci\u00f3 salesiana, un proc\u00e9s en continu creixement\",\"datePublished\":\"2019-12-26T17:19:19+00:00\",\"dateModified\":\"2019-12-26T17:19:25+00:00\",\"mainEntityOfPage\":{\"@id\":\"http:\\\/\\\/www.salesianos.edu\\\/revistasmx\\\/ca\\\/innovacio-salesiana-un-proces-en-continu-creixement\\\/\"},\"wordCount\":1096,\"commentCount\":0,\"image\":{\"@id\":\"http:\\\/\\\/www.salesianos.edu\\\/revistasmx\\\/ca\\\/innovacio-salesiana-un-proces-en-continu-creixement\\\/#primaryimage\"},\"thumbnailUrl\":\"http:\\\/\\\/www.salesianos.edu\\\/revistasmx\\\/wp-content\\\/uploads\\\/sites\\\/8\\\/2019\\\/12\\\/e7c9996d-4933-46fc-9429-3ac8c73381cf.jpg\",\"articleSection\":[\"A FONS\"],\"inLanguage\":\"es\",\"potentialAction\":[{\"@type\":\"CommentAction\",\"name\":\"Comment\",\"target\":[\"http:\\\/\\\/www.salesianos.edu\\\/revistasmx\\\/ca\\\/innovacio-salesiana-un-proces-en-continu-creixement\\\/#respond\"]}]},{\"@type\":\"WebPage\",\"@id\":\"http:\\\/\\\/www.salesianos.edu\\\/revistasmx\\\/ca\\\/innovacio-salesiana-un-proces-en-continu-creixement\\\/\",\"url\":\"http:\\\/\\\/www.salesianos.edu\\\/revistasmx\\\/ca\\\/innovacio-salesiana-un-proces-en-continu-creixement\\\/\",\"name\":\"Innovaci\u00f3 salesiana, un proc\u00e9s en continu creixement - Revista SMX\",\"isPartOf\":{\"@id\":\"http:\\\/\\\/www.salesianos.edu\\\/revistasmx\\\/#website\"},\"primaryImageOfPage\":{\"@id\":\"http:\\\/\\\/www.salesianos.edu\\\/revistasmx\\\/ca\\\/innovacio-salesiana-un-proces-en-continu-creixement\\\/#primaryimage\"},\"image\":{\"@id\":\"http:\\\/\\\/www.salesianos.edu\\\/revistasmx\\\/ca\\\/innovacio-salesiana-un-proces-en-continu-creixement\\\/#primaryimage\"},\"thumbnailUrl\":\"http:\\\/\\\/www.salesianos.edu\\\/revistasmx\\\/wp-content\\\/uploads\\\/sites\\\/8\\\/2019\\\/12\\\/e7c9996d-4933-46fc-9429-3ac8c73381cf.jpg\",\"datePublished\":\"2019-12-26T17:19:19+00:00\",\"dateModified\":\"2019-12-26T17:19:25+00:00\",\"author\":{\"@id\":\"http:\\\/\\\/www.salesianos.edu\\\/revistasmx\\\/#\\\/schema\\\/person\\\/a1d72ee5373cce7347fb2993ba9f47d6\"},\"description\":\"Innovaci\u00f3 salesiana, un proc\u00e9s en continu creixement\",\"breadcrumb\":{\"@id\":\"http:\\\/\\\/www.salesianos.edu\\\/revistasmx\\\/ca\\\/innovacio-salesiana-un-proces-en-continu-creixement\\\/#breadcrumb\"},\"inLanguage\":\"es\",\"potentialAction\":[{\"@type\":\"ReadAction\",\"target\":[\"http:\\\/\\\/www.salesianos.edu\\\/revistasmx\\\/ca\\\/innovacio-salesiana-un-proces-en-continu-creixement\\\/\"]}]},{\"@type\":\"ImageObject\",\"inLanguage\":\"es\",\"@id\":\"http:\\\/\\\/www.salesianos.edu\\\/revistasmx\\\/ca\\\/innovacio-salesiana-un-proces-en-continu-creixement\\\/#primaryimage\",\"url\":\"http:\\\/\\\/www.salesianos.edu\\\/revistasmx\\\/wp-content\\\/uploads\\\/sites\\\/8\\\/2019\\\/12\\\/e7c9996d-4933-46fc-9429-3ac8c73381cf.jpg\",\"contentUrl\":\"http:\\\/\\\/www.salesianos.edu\\\/revistasmx\\\/wp-content\\\/uploads\\\/sites\\\/8\\\/2019\\\/12\\\/e7c9996d-4933-46fc-9429-3ac8c73381cf.jpg\",\"width\":1984,\"height\":1488},{\"@type\":\"BreadcrumbList\",\"@id\":\"http:\\\/\\\/www.salesianos.edu\\\/revistasmx\\\/ca\\\/innovacio-salesiana-un-proces-en-continu-creixement\\\/#breadcrumb\",\"itemListElement\":[{\"@type\":\"ListItem\",\"position\":1,\"name\":\"Portada\",\"item\":\"https:\\\/\\\/www.salesianos.edu\\\/revistasmx\\\/\"},{\"@type\":\"ListItem\",\"position\":2,\"name\":\"Innovaci\u00f3 salesiana, un proc\u00e9s en continu creixement\"}]},{\"@type\":\"WebSite\",\"@id\":\"http:\\\/\\\/www.salesianos.edu\\\/revistasmx\\\/#website\",\"url\":\"http:\\\/\\\/www.salesianos.edu\\\/revistasmx\\\/\",\"name\":\"Revista SMX\",\"description\":\"P\u00e1gina oficial de Inspector\u00eda Salesiana Mar\u00eda Auxiliadora\",\"potentialAction\":[{\"@type\":\"SearchAction\",\"target\":{\"@type\":\"EntryPoint\",\"urlTemplate\":\"http:\\\/\\\/www.salesianos.edu\\\/revistasmx\\\/?s={search_term_string}\"},\"query-input\":{\"@type\":\"PropertyValueSpecification\",\"valueRequired\":true,\"valueName\":\"search_term_string\"}}],\"inLanguage\":\"es\"},{\"@type\":\"Person\",\"@id\":\"http:\\\/\\\/www.salesianos.edu\\\/revistasmx\\\/#\\\/schema\\\/person\\\/a1d72ee5373cce7347fb2993ba9f47d6\",\"name\":\"joseluisgarciamoscoso\",\"image\":{\"@type\":\"ImageObject\",\"inLanguage\":\"es\",\"@id\":\"https:\\\/\\\/secure.gravatar.com\\\/avatar\\\/3fda3a0b2db3bc9a39871e47cbd526b42d6c3b74755b7ae1400a87b2913fea6a?s=96&d=mm&r=g\",\"url\":\"https:\\\/\\\/secure.gravatar.com\\\/avatar\\\/3fda3a0b2db3bc9a39871e47cbd526b42d6c3b74755b7ae1400a87b2913fea6a?s=96&d=mm&r=g\",\"contentUrl\":\"https:\\\/\\\/secure.gravatar.com\\\/avatar\\\/3fda3a0b2db3bc9a39871e47cbd526b42d6c3b74755b7ae1400a87b2913fea6a?s=96&d=mm&r=g\",\"caption\":\"joseluisgarciamoscoso\"}}]}<\/script>\n<!-- \/ Yoast SEO plugin. -->","yoast_head_json":{"title":"Innovaci\u00f3 salesiana, un proc\u00e9s en continu creixement - Revista SMX","description":"Innovaci\u00f3 salesiana, un proc\u00e9s en continu creixement","robots":{"index":"index","follow":"follow","max-snippet":"max-snippet:-1","max-image-preview":"max-image-preview:large","max-video-preview":"max-video-preview:-1"},"canonical":"http:\/\/www.salesianos.edu\/revistasmx\/ca\/innovacio-salesiana-un-proces-en-continu-creixement\/","og_locale":"es_ES","og_type":"article","og_title":"Innovaci\u00f3 salesiana, un proc\u00e9s en continu creixement - Revista SMX","og_description":"Innovaci\u00f3 salesiana, un proc\u00e9s en continu creixement","og_url":"http:\/\/www.salesianos.edu\/revistasmx\/ca\/innovacio-salesiana-un-proces-en-continu-creixement\/","og_site_name":"Revista SMX","article_published_time":"2019-12-26T17:19:19+00:00","article_modified_time":"2019-12-26T17:19:25+00:00","og_image":[{"width":1984,"height":1488,"url":"https:\/\/www.salesianos.edu\/revistasmx\/wp-content\/uploads\/sites\/8\/2019\/12\/e7c9996d-4933-46fc-9429-3ac8c73381cf.jpg","type":"image\/jpeg"}],"author":"joseluisgarciamoscoso","twitter_card":"summary_large_image","twitter_misc":{"Escrito por":"joseluisgarciamoscoso","Tiempo de lectura":"5 minutos"},"schema":{"@context":"https:\/\/schema.org","@graph":[{"@type":"Article","@id":"http:\/\/www.salesianos.edu\/revistasmx\/ca\/innovacio-salesiana-un-proces-en-continu-creixement\/#article","isPartOf":{"@id":"http:\/\/www.salesianos.edu\/revistasmx\/ca\/innovacio-salesiana-un-proces-en-continu-creixement\/"},"author":{"name":"joseluisgarciamoscoso","@id":"http:\/\/www.salesianos.edu\/revistasmx\/#\/schema\/person\/a1d72ee5373cce7347fb2993ba9f47d6"},"headline":"Innovaci\u00f3 salesiana, un proc\u00e9s en continu creixement","datePublished":"2019-12-26T17:19:19+00:00","dateModified":"2019-12-26T17:19:25+00:00","mainEntityOfPage":{"@id":"http:\/\/www.salesianos.edu\/revistasmx\/ca\/innovacio-salesiana-un-proces-en-continu-creixement\/"},"wordCount":1096,"commentCount":0,"image":{"@id":"http:\/\/www.salesianos.edu\/revistasmx\/ca\/innovacio-salesiana-un-proces-en-continu-creixement\/#primaryimage"},"thumbnailUrl":"http:\/\/www.salesianos.edu\/revistasmx\/wp-content\/uploads\/sites\/8\/2019\/12\/e7c9996d-4933-46fc-9429-3ac8c73381cf.jpg","articleSection":["A FONS"],"inLanguage":"es","potentialAction":[{"@type":"CommentAction","name":"Comment","target":["http:\/\/www.salesianos.edu\/revistasmx\/ca\/innovacio-salesiana-un-proces-en-continu-creixement\/#respond"]}]},{"@type":"WebPage","@id":"http:\/\/www.salesianos.edu\/revistasmx\/ca\/innovacio-salesiana-un-proces-en-continu-creixement\/","url":"http:\/\/www.salesianos.edu\/revistasmx\/ca\/innovacio-salesiana-un-proces-en-continu-creixement\/","name":"Innovaci\u00f3 salesiana, un proc\u00e9s en continu creixement - Revista SMX","isPartOf":{"@id":"http:\/\/www.salesianos.edu\/revistasmx\/#website"},"primaryImageOfPage":{"@id":"http:\/\/www.salesianos.edu\/revistasmx\/ca\/innovacio-salesiana-un-proces-en-continu-creixement\/#primaryimage"},"image":{"@id":"http:\/\/www.salesianos.edu\/revistasmx\/ca\/innovacio-salesiana-un-proces-en-continu-creixement\/#primaryimage"},"thumbnailUrl":"http:\/\/www.salesianos.edu\/revistasmx\/wp-content\/uploads\/sites\/8\/2019\/12\/e7c9996d-4933-46fc-9429-3ac8c73381cf.jpg","datePublished":"2019-12-26T17:19:19+00:00","dateModified":"2019-12-26T17:19:25+00:00","author":{"@id":"http:\/\/www.salesianos.edu\/revistasmx\/#\/schema\/person\/a1d72ee5373cce7347fb2993ba9f47d6"},"description":"Innovaci\u00f3 salesiana, un proc\u00e9s en continu creixement","breadcrumb":{"@id":"http:\/\/www.salesianos.edu\/revistasmx\/ca\/innovacio-salesiana-un-proces-en-continu-creixement\/#breadcrumb"},"inLanguage":"es","potentialAction":[{"@type":"ReadAction","target":["http:\/\/www.salesianos.edu\/revistasmx\/ca\/innovacio-salesiana-un-proces-en-continu-creixement\/"]}]},{"@type":"ImageObject","inLanguage":"es","@id":"http:\/\/www.salesianos.edu\/revistasmx\/ca\/innovacio-salesiana-un-proces-en-continu-creixement\/#primaryimage","url":"http:\/\/www.salesianos.edu\/revistasmx\/wp-content\/uploads\/sites\/8\/2019\/12\/e7c9996d-4933-46fc-9429-3ac8c73381cf.jpg","contentUrl":"http:\/\/www.salesianos.edu\/revistasmx\/wp-content\/uploads\/sites\/8\/2019\/12\/e7c9996d-4933-46fc-9429-3ac8c73381cf.jpg","width":1984,"height":1488},{"@type":"BreadcrumbList","@id":"http:\/\/www.salesianos.edu\/revistasmx\/ca\/innovacio-salesiana-un-proces-en-continu-creixement\/#breadcrumb","itemListElement":[{"@type":"ListItem","position":1,"name":"Portada","item":"https:\/\/www.salesianos.edu\/revistasmx\/"},{"@type":"ListItem","position":2,"name":"Innovaci\u00f3 salesiana, un proc\u00e9s en continu creixement"}]},{"@type":"WebSite","@id":"http:\/\/www.salesianos.edu\/revistasmx\/#website","url":"http:\/\/www.salesianos.edu\/revistasmx\/","name":"Revista SMX","description":"P\u00e1gina oficial de Inspector\u00eda Salesiana Mar\u00eda Auxiliadora","potentialAction":[{"@type":"SearchAction","target":{"@type":"EntryPoint","urlTemplate":"http:\/\/www.salesianos.edu\/revistasmx\/?s={search_term_string}"},"query-input":{"@type":"PropertyValueSpecification","valueRequired":true,"valueName":"search_term_string"}}],"inLanguage":"es"},{"@type":"Person","@id":"http:\/\/www.salesianos.edu\/revistasmx\/#\/schema\/person\/a1d72ee5373cce7347fb2993ba9f47d6","name":"joseluisgarciamoscoso","image":{"@type":"ImageObject","inLanguage":"es","@id":"https:\/\/secure.gravatar.com\/avatar\/3fda3a0b2db3bc9a39871e47cbd526b42d6c3b74755b7ae1400a87b2913fea6a?s=96&d=mm&r=g","url":"https:\/\/secure.gravatar.com\/avatar\/3fda3a0b2db3bc9a39871e47cbd526b42d6c3b74755b7ae1400a87b2913fea6a?s=96&d=mm&r=g","contentUrl":"https:\/\/secure.gravatar.com\/avatar\/3fda3a0b2db3bc9a39871e47cbd526b42d6c3b74755b7ae1400a87b2913fea6a?s=96&d=mm&r=g","caption":"joseluisgarciamoscoso"}}]}},"_links":{"self":[{"href":"http:\/\/www.salesianos.edu\/revistasmx\/wp-json\/wp\/v2\/posts\/13003","targetHints":{"allow":["GET"]}}],"collection":[{"href":"http:\/\/www.salesianos.edu\/revistasmx\/wp-json\/wp\/v2\/posts"}],"about":[{"href":"http:\/\/www.salesianos.edu\/revistasmx\/wp-json\/wp\/v2\/types\/post"}],"author":[{"embeddable":true,"href":"http:\/\/www.salesianos.edu\/revistasmx\/wp-json\/wp\/v2\/users\/12"}],"replies":[{"embeddable":true,"href":"http:\/\/www.salesianos.edu\/revistasmx\/wp-json\/wp\/v2\/comments?post=13003"}],"version-history":[{"count":4,"href":"http:\/\/www.salesianos.edu\/revistasmx\/wp-json\/wp\/v2\/posts\/13003\/revisions"}],"predecessor-version":[{"id":13008,"href":"http:\/\/www.salesianos.edu\/revistasmx\/wp-json\/wp\/v2\/posts\/13003\/revisions\/13008"}],"wp:featuredmedia":[{"embeddable":true,"href":"http:\/\/www.salesianos.edu\/revistasmx\/wp-json\/wp\/v2\/media\/12981"}],"wp:attachment":[{"href":"http:\/\/www.salesianos.edu\/revistasmx\/wp-json\/wp\/v2\/media?parent=13003"}],"wp:term":[{"taxonomy":"category","embeddable":true,"href":"http:\/\/www.salesianos.edu\/revistasmx\/wp-json\/wp\/v2\/categories?post=13003"},{"taxonomy":"post_tag","embeddable":true,"href":"http:\/\/www.salesianos.edu\/revistasmx\/wp-json\/wp\/v2\/tags?post=13003"}],"curies":[{"name":"wp","href":"https:\/\/api.w.org\/{rel}","templated":true}]}}