{"id":12956,"date":"2019-12-24T11:30:15","date_gmt":"2019-12-24T10:30:15","guid":{"rendered":"http:\/\/www.salesianos.edu\/revistasmx\/?p=12956"},"modified":"2019-12-26T18:49:24","modified_gmt":"2019-12-26T17:49:24","slug":"testimoniatge-angel-moraleda","status":"publish","type":"post","link":"http:\/\/www.salesianos.edu\/revistasmx\/ca\/testimoniatge-angel-moraleda\/","title":{"rendered":"Testimoniatge: \u00c1ngel Moraleda"},"content":{"rendered":"<div id=\"fb-root\"><\/div>\n<p>[et_pb_section fb_built=\u00bb1&#8243; _builder_version=\u00bb4.0.6&#8243;][et_pb_row _builder_version=\u00bb4.0.6&#8243;][et_pb_column type=\u00bb4_4&#8243; _builder_version=\u00bb4.0.6&#8243;][et_pb_image src=\u00bbhttps:\/\/www.salesianos.edu\/revistasmx\/wp-content\/uploads\/sites\/8\/2019\/12\/Foto-\u00c1ngel-.jpg\u00bb _builder_version=\u00bb4.0.6&#8243;][\/et_pb_image][et_pb_text _builder_version=\u00bb4.0.6&#8243;]<\/p>\n<p>El meu nom \u00e9s \u00c0ngel. Tinc 31 anys. Durant aquest curs estic vivint a la Comunitat Proposta Bartolom\u00e9 Blanco. La meva experi\u00e8ncia en aquesta comunitat est\u00e0 sent humanament un per\u00edode de molt creixement, i des del punt de vista espiritual, tamb\u00e9.<\/p>\n<p>En aquesta comunitat he tingut l&#8217;oportunitat de trobar-me amb persones d&#8217;una qualitat excepcional, les quals m&#8217;estan ajudant a adonar-me de la import\u00e0ncia de viure la fe i l&#8217;experi\u00e8ncia del discerniment dins d&#8217;una comunitat de fe, en la qual la t\u00f2nica general \u00e9s el suport, la comprensi\u00f3 m\u00fatua i el saber-nos perdonar entre nosaltres les nostres petites faltes i errors, que com a \u00e9ssers humans, cometem els uns amb els altres.<\/p>\n<p>Tot l&#8217;anterior, unit als meus estudis de teologia, i a la pastoral que realitzo a la localitat de Mor\u00f3n, aix\u00ed com al Col\u00b7legi Major dels salesians a Sevilla, m&#8217;est\u00e0 ajudant i permetent fer un bon discerniment sobre la crida de D\u00e9u, per poder aconseguir saber d&#8217;una manera m\u00e9s clara quina \u00e9s la seva voluntat per a mi.<\/p>\n<p>A la casa de Bartolom\u00e9 Blanco tinc a m\u00e9s la sort, de conviure amb persones d&#8217;una cultura i religi\u00f3 diferent, la qual cosa em permet cr\u00e9ixer espiritualment, humanament i intel\u00b7lectualment, ja que totes elles m&#8217;aporten la riquesa que porten dins seu, per la qual cosa estic molt agra\u00eft per aquest immens regal que la vida m&#8217;ha ofert.<\/p>\n<p>Nom\u00e9s puc donar les gr\u00e0cies a totes les persones que fan possible aquest projecte meravell\u00f3s.<\/p>\n<p>[\/et_pb_text][\/et_pb_column][\/et_pb_row][\/et_pb_section]<\/p>\n","protected":false},"excerpt":{"rendered":"<p>En aquesta comunitat he tingut l&#8217;oportunitat de trobar-me amb persones d&#8217;una qualitat excepcional<\/p>\n","protected":false},"author":12,"featured_media":12939,"comment_status":"open","ping_status":"closed","sticky":false,"template":"","format":"standard","meta":{"_et_pb_use_builder":"on","_et_pb_old_content":"","_et_gb_content_width":"","footnotes":""},"categories":[144,84],"tags":[465],"class_list":["post-12956","post","type-post","status-publish","format-standard","has-post-thumbnail","hentry","category-testimoniatge","category-vine-i-segueix-me","tag-smx-53-ca"],"yoast_head":"<!-- This site is optimized with the Yoast SEO plugin v27.5 - https:\/\/yoast.com\/product\/yoast-seo-wordpress\/ -->\n<title>Testimoniatge: \u00c1ngel Moraleda - Revista SMX<\/title>\n<meta name=\"description\" content=\"En aquesta comunitat he tingut l&#039;oportunitat de trobar-me amb persones d&#039;una qualitat excepcional\" \/>\n<meta name=\"robots\" content=\"index, follow, max-snippet:-1, max-image-preview:large, max-video-preview:-1\" \/>\n<link rel=\"canonical\" href=\"http:\/\/www.salesianos.edu\/revistasmx\/ca\/testimoniatge-angel-moraleda\/\" \/>\n<meta property=\"og:locale\" content=\"es_ES\" \/>\n<meta property=\"og:type\" content=\"article\" \/>\n<meta property=\"og:title\" content=\"Testimoniatge: \u00c1ngel Moraleda - Revista SMX\" \/>\n<meta property=\"og:description\" content=\"En aquesta comunitat he tingut l&#039;oportunitat de trobar-me amb persones d&#039;una qualitat excepcional\" \/>\n<meta property=\"og:url\" content=\"http:\/\/www.salesianos.edu\/revistasmx\/ca\/testimoniatge-angel-moraleda\/\" \/>\n<meta property=\"og:site_name\" content=\"Revista SMX\" \/>\n<meta property=\"article:published_time\" content=\"2019-12-24T10:30:15+00:00\" \/>\n<meta property=\"article:modified_time\" content=\"2019-12-26T17:49:24+00:00\" \/>\n<meta property=\"og:image\" content=\"https:\/\/www.salesianos.edu\/revistasmx\/wp-content\/uploads\/sites\/8\/2019\/12\/Foto-\u00c1ngel-.jpg\" \/>\n\t<meta property=\"og:image:width\" content=\"928\" \/>\n\t<meta property=\"og:image:height\" content=\"1208\" \/>\n\t<meta property=\"og:image:type\" content=\"image\/jpeg\" \/>\n<meta name=\"author\" content=\"joseluisgarciamoscoso\" \/>\n<meta name=\"twitter:card\" content=\"summary_large_image\" \/>\n<meta name=\"twitter:label1\" content=\"Escrito por\" \/>\n\t<meta name=\"twitter:data1\" content=\"joseluisgarciamoscoso\" \/>\n\t<meta name=\"twitter:label2\" content=\"Tiempo de lectura\" \/>\n\t<meta name=\"twitter:data2\" content=\"2 minutos\" \/>\n<script type=\"application\/ld+json\" class=\"yoast-schema-graph\">{\"@context\":\"https:\\\/\\\/schema.org\",\"@graph\":[{\"@type\":\"Article\",\"@id\":\"http:\\\/\\\/www.salesianos.edu\\\/revistasmx\\\/ca\\\/testimoniatge-angel-moraleda\\\/#article\",\"isPartOf\":{\"@id\":\"http:\\\/\\\/www.salesianos.edu\\\/revistasmx\\\/ca\\\/testimoniatge-angel-moraleda\\\/\"},\"author\":{\"name\":\"joseluisgarciamoscoso\",\"@id\":\"http:\\\/\\\/www.salesianos.edu\\\/revistasmx\\\/#\\\/schema\\\/person\\\/a1d72ee5373cce7347fb2993ba9f47d6\"},\"headline\":\"Testimoniatge: \u00c1ngel Moraleda\",\"datePublished\":\"2019-12-24T10:30:15+00:00\",\"dateModified\":\"2019-12-26T17:49:24+00:00\",\"mainEntityOfPage\":{\"@id\":\"http:\\\/\\\/www.salesianos.edu\\\/revistasmx\\\/ca\\\/testimoniatge-angel-moraleda\\\/\"},\"wordCount\":325,\"commentCount\":0,\"image\":{\"@id\":\"http:\\\/\\\/www.salesianos.edu\\\/revistasmx\\\/ca\\\/testimoniatge-angel-moraleda\\\/#primaryimage\"},\"thumbnailUrl\":\"http:\\\/\\\/www.salesianos.edu\\\/revistasmx\\\/wp-content\\\/uploads\\\/sites\\\/8\\\/2019\\\/12\\\/Foto-\u00c1ngel-.jpg\",\"keywords\":[\"SMX 53\"],\"articleSection\":[\"Testimoniatge\",\"VINE I SEGUEIX-ME\"],\"inLanguage\":\"es\",\"potentialAction\":[{\"@type\":\"CommentAction\",\"name\":\"Comment\",\"target\":[\"http:\\\/\\\/www.salesianos.edu\\\/revistasmx\\\/ca\\\/testimoniatge-angel-moraleda\\\/#respond\"]}]},{\"@type\":\"WebPage\",\"@id\":\"http:\\\/\\\/www.salesianos.edu\\\/revistasmx\\\/ca\\\/testimoniatge-angel-moraleda\\\/\",\"url\":\"http:\\\/\\\/www.salesianos.edu\\\/revistasmx\\\/ca\\\/testimoniatge-angel-moraleda\\\/\",\"name\":\"Testimoniatge: \u00c1ngel Moraleda - Revista SMX\",\"isPartOf\":{\"@id\":\"http:\\\/\\\/www.salesianos.edu\\\/revistasmx\\\/#website\"},\"primaryImageOfPage\":{\"@id\":\"http:\\\/\\\/www.salesianos.edu\\\/revistasmx\\\/ca\\\/testimoniatge-angel-moraleda\\\/#primaryimage\"},\"image\":{\"@id\":\"http:\\\/\\\/www.salesianos.edu\\\/revistasmx\\\/ca\\\/testimoniatge-angel-moraleda\\\/#primaryimage\"},\"thumbnailUrl\":\"http:\\\/\\\/www.salesianos.edu\\\/revistasmx\\\/wp-content\\\/uploads\\\/sites\\\/8\\\/2019\\\/12\\\/Foto-\u00c1ngel-.jpg\",\"datePublished\":\"2019-12-24T10:30:15+00:00\",\"dateModified\":\"2019-12-26T17:49:24+00:00\",\"author\":{\"@id\":\"http:\\\/\\\/www.salesianos.edu\\\/revistasmx\\\/#\\\/schema\\\/person\\\/a1d72ee5373cce7347fb2993ba9f47d6\"},\"description\":\"En aquesta comunitat he tingut l'oportunitat de trobar-me amb persones d'una qualitat excepcional\",\"breadcrumb\":{\"@id\":\"http:\\\/\\\/www.salesianos.edu\\\/revistasmx\\\/ca\\\/testimoniatge-angel-moraleda\\\/#breadcrumb\"},\"inLanguage\":\"es\",\"potentialAction\":[{\"@type\":\"ReadAction\",\"target\":[\"http:\\\/\\\/www.salesianos.edu\\\/revistasmx\\\/ca\\\/testimoniatge-angel-moraleda\\\/\"]}]},{\"@type\":\"ImageObject\",\"inLanguage\":\"es\",\"@id\":\"http:\\\/\\\/www.salesianos.edu\\\/revistasmx\\\/ca\\\/testimoniatge-angel-moraleda\\\/#primaryimage\",\"url\":\"http:\\\/\\\/www.salesianos.edu\\\/revistasmx\\\/wp-content\\\/uploads\\\/sites\\\/8\\\/2019\\\/12\\\/Foto-\u00c1ngel-.jpg\",\"contentUrl\":\"http:\\\/\\\/www.salesianos.edu\\\/revistasmx\\\/wp-content\\\/uploads\\\/sites\\\/8\\\/2019\\\/12\\\/Foto-\u00c1ngel-.jpg\",\"width\":928,\"height\":1208},{\"@type\":\"BreadcrumbList\",\"@id\":\"http:\\\/\\\/www.salesianos.edu\\\/revistasmx\\\/ca\\\/testimoniatge-angel-moraleda\\\/#breadcrumb\",\"itemListElement\":[{\"@type\":\"ListItem\",\"position\":1,\"name\":\"Portada\",\"item\":\"https:\\\/\\\/www.salesianos.edu\\\/revistasmx\\\/\"},{\"@type\":\"ListItem\",\"position\":2,\"name\":\"Testimoniatge: \u00c1ngel Moraleda\"}]},{\"@type\":\"WebSite\",\"@id\":\"http:\\\/\\\/www.salesianos.edu\\\/revistasmx\\\/#website\",\"url\":\"http:\\\/\\\/www.salesianos.edu\\\/revistasmx\\\/\",\"name\":\"Revista SMX\",\"description\":\"P\u00e1gina oficial de Inspector\u00eda Salesiana Mar\u00eda Auxiliadora\",\"potentialAction\":[{\"@type\":\"SearchAction\",\"target\":{\"@type\":\"EntryPoint\",\"urlTemplate\":\"http:\\\/\\\/www.salesianos.edu\\\/revistasmx\\\/?s={search_term_string}\"},\"query-input\":{\"@type\":\"PropertyValueSpecification\",\"valueRequired\":true,\"valueName\":\"search_term_string\"}}],\"inLanguage\":\"es\"},{\"@type\":\"Person\",\"@id\":\"http:\\\/\\\/www.salesianos.edu\\\/revistasmx\\\/#\\\/schema\\\/person\\\/a1d72ee5373cce7347fb2993ba9f47d6\",\"name\":\"joseluisgarciamoscoso\",\"image\":{\"@type\":\"ImageObject\",\"inLanguage\":\"es\",\"@id\":\"https:\\\/\\\/secure.gravatar.com\\\/avatar\\\/3fda3a0b2db3bc9a39871e47cbd526b42d6c3b74755b7ae1400a87b2913fea6a?s=96&d=mm&r=g\",\"url\":\"https:\\\/\\\/secure.gravatar.com\\\/avatar\\\/3fda3a0b2db3bc9a39871e47cbd526b42d6c3b74755b7ae1400a87b2913fea6a?s=96&d=mm&r=g\",\"contentUrl\":\"https:\\\/\\\/secure.gravatar.com\\\/avatar\\\/3fda3a0b2db3bc9a39871e47cbd526b42d6c3b74755b7ae1400a87b2913fea6a?s=96&d=mm&r=g\",\"caption\":\"joseluisgarciamoscoso\"}}]}<\/script>\n<!-- \/ Yoast SEO plugin. -->","yoast_head_json":{"title":"Testimoniatge: \u00c1ngel Moraleda - Revista SMX","description":"En aquesta comunitat he tingut l'oportunitat de trobar-me amb persones d'una qualitat excepcional","robots":{"index":"index","follow":"follow","max-snippet":"max-snippet:-1","max-image-preview":"max-image-preview:large","max-video-preview":"max-video-preview:-1"},"canonical":"http:\/\/www.salesianos.edu\/revistasmx\/ca\/testimoniatge-angel-moraleda\/","og_locale":"es_ES","og_type":"article","og_title":"Testimoniatge: \u00c1ngel Moraleda - Revista SMX","og_description":"En aquesta comunitat he tingut l'oportunitat de trobar-me amb persones d'una qualitat excepcional","og_url":"http:\/\/www.salesianos.edu\/revistasmx\/ca\/testimoniatge-angel-moraleda\/","og_site_name":"Revista SMX","article_published_time":"2019-12-24T10:30:15+00:00","article_modified_time":"2019-12-26T17:49:24+00:00","og_image":[{"width":928,"height":1208,"url":"https:\/\/www.salesianos.edu\/revistasmx\/wp-content\/uploads\/sites\/8\/2019\/12\/Foto-\u00c1ngel-.jpg","type":"image\/jpeg"}],"author":"joseluisgarciamoscoso","twitter_card":"summary_large_image","twitter_misc":{"Escrito por":"joseluisgarciamoscoso","Tiempo de lectura":"2 minutos"},"schema":{"@context":"https:\/\/schema.org","@graph":[{"@type":"Article","@id":"http:\/\/www.salesianos.edu\/revistasmx\/ca\/testimoniatge-angel-moraleda\/#article","isPartOf":{"@id":"http:\/\/www.salesianos.edu\/revistasmx\/ca\/testimoniatge-angel-moraleda\/"},"author":{"name":"joseluisgarciamoscoso","@id":"http:\/\/www.salesianos.edu\/revistasmx\/#\/schema\/person\/a1d72ee5373cce7347fb2993ba9f47d6"},"headline":"Testimoniatge: \u00c1ngel Moraleda","datePublished":"2019-12-24T10:30:15+00:00","dateModified":"2019-12-26T17:49:24+00:00","mainEntityOfPage":{"@id":"http:\/\/www.salesianos.edu\/revistasmx\/ca\/testimoniatge-angel-moraleda\/"},"wordCount":325,"commentCount":0,"image":{"@id":"http:\/\/www.salesianos.edu\/revistasmx\/ca\/testimoniatge-angel-moraleda\/#primaryimage"},"thumbnailUrl":"http:\/\/www.salesianos.edu\/revistasmx\/wp-content\/uploads\/sites\/8\/2019\/12\/Foto-\u00c1ngel-.jpg","keywords":["SMX 53"],"articleSection":["Testimoniatge","VINE I SEGUEIX-ME"],"inLanguage":"es","potentialAction":[{"@type":"CommentAction","name":"Comment","target":["http:\/\/www.salesianos.edu\/revistasmx\/ca\/testimoniatge-angel-moraleda\/#respond"]}]},{"@type":"WebPage","@id":"http:\/\/www.salesianos.edu\/revistasmx\/ca\/testimoniatge-angel-moraleda\/","url":"http:\/\/www.salesianos.edu\/revistasmx\/ca\/testimoniatge-angel-moraleda\/","name":"Testimoniatge: \u00c1ngel Moraleda - Revista SMX","isPartOf":{"@id":"http:\/\/www.salesianos.edu\/revistasmx\/#website"},"primaryImageOfPage":{"@id":"http:\/\/www.salesianos.edu\/revistasmx\/ca\/testimoniatge-angel-moraleda\/#primaryimage"},"image":{"@id":"http:\/\/www.salesianos.edu\/revistasmx\/ca\/testimoniatge-angel-moraleda\/#primaryimage"},"thumbnailUrl":"http:\/\/www.salesianos.edu\/revistasmx\/wp-content\/uploads\/sites\/8\/2019\/12\/Foto-\u00c1ngel-.jpg","datePublished":"2019-12-24T10:30:15+00:00","dateModified":"2019-12-26T17:49:24+00:00","author":{"@id":"http:\/\/www.salesianos.edu\/revistasmx\/#\/schema\/person\/a1d72ee5373cce7347fb2993ba9f47d6"},"description":"En aquesta comunitat he tingut l'oportunitat de trobar-me amb persones d'una qualitat excepcional","breadcrumb":{"@id":"http:\/\/www.salesianos.edu\/revistasmx\/ca\/testimoniatge-angel-moraleda\/#breadcrumb"},"inLanguage":"es","potentialAction":[{"@type":"ReadAction","target":["http:\/\/www.salesianos.edu\/revistasmx\/ca\/testimoniatge-angel-moraleda\/"]}]},{"@type":"ImageObject","inLanguage":"es","@id":"http:\/\/www.salesianos.edu\/revistasmx\/ca\/testimoniatge-angel-moraleda\/#primaryimage","url":"http:\/\/www.salesianos.edu\/revistasmx\/wp-content\/uploads\/sites\/8\/2019\/12\/Foto-\u00c1ngel-.jpg","contentUrl":"http:\/\/www.salesianos.edu\/revistasmx\/wp-content\/uploads\/sites\/8\/2019\/12\/Foto-\u00c1ngel-.jpg","width":928,"height":1208},{"@type":"BreadcrumbList","@id":"http:\/\/www.salesianos.edu\/revistasmx\/ca\/testimoniatge-angel-moraleda\/#breadcrumb","itemListElement":[{"@type":"ListItem","position":1,"name":"Portada","item":"https:\/\/www.salesianos.edu\/revistasmx\/"},{"@type":"ListItem","position":2,"name":"Testimoniatge: \u00c1ngel Moraleda"}]},{"@type":"WebSite","@id":"http:\/\/www.salesianos.edu\/revistasmx\/#website","url":"http:\/\/www.salesianos.edu\/revistasmx\/","name":"Revista SMX","description":"P\u00e1gina oficial de Inspector\u00eda Salesiana Mar\u00eda Auxiliadora","potentialAction":[{"@type":"SearchAction","target":{"@type":"EntryPoint","urlTemplate":"http:\/\/www.salesianos.edu\/revistasmx\/?s={search_term_string}"},"query-input":{"@type":"PropertyValueSpecification","valueRequired":true,"valueName":"search_term_string"}}],"inLanguage":"es"},{"@type":"Person","@id":"http:\/\/www.salesianos.edu\/revistasmx\/#\/schema\/person\/a1d72ee5373cce7347fb2993ba9f47d6","name":"joseluisgarciamoscoso","image":{"@type":"ImageObject","inLanguage":"es","@id":"https:\/\/secure.gravatar.com\/avatar\/3fda3a0b2db3bc9a39871e47cbd526b42d6c3b74755b7ae1400a87b2913fea6a?s=96&d=mm&r=g","url":"https:\/\/secure.gravatar.com\/avatar\/3fda3a0b2db3bc9a39871e47cbd526b42d6c3b74755b7ae1400a87b2913fea6a?s=96&d=mm&r=g","contentUrl":"https:\/\/secure.gravatar.com\/avatar\/3fda3a0b2db3bc9a39871e47cbd526b42d6c3b74755b7ae1400a87b2913fea6a?s=96&d=mm&r=g","caption":"joseluisgarciamoscoso"}}]}},"_links":{"self":[{"href":"http:\/\/www.salesianos.edu\/revistasmx\/wp-json\/wp\/v2\/posts\/12956","targetHints":{"allow":["GET"]}}],"collection":[{"href":"http:\/\/www.salesianos.edu\/revistasmx\/wp-json\/wp\/v2\/posts"}],"about":[{"href":"http:\/\/www.salesianos.edu\/revistasmx\/wp-json\/wp\/v2\/types\/post"}],"author":[{"embeddable":true,"href":"http:\/\/www.salesianos.edu\/revistasmx\/wp-json\/wp\/v2\/users\/12"}],"replies":[{"embeddable":true,"href":"http:\/\/www.salesianos.edu\/revistasmx\/wp-json\/wp\/v2\/comments?post=12956"}],"version-history":[{"count":5,"href":"http:\/\/www.salesianos.edu\/revistasmx\/wp-json\/wp\/v2\/posts\/12956\/revisions"}],"predecessor-version":[{"id":12962,"href":"http:\/\/www.salesianos.edu\/revistasmx\/wp-json\/wp\/v2\/posts\/12956\/revisions\/12962"}],"wp:featuredmedia":[{"embeddable":true,"href":"http:\/\/www.salesianos.edu\/revistasmx\/wp-json\/wp\/v2\/media\/12939"}],"wp:attachment":[{"href":"http:\/\/www.salesianos.edu\/revistasmx\/wp-json\/wp\/v2\/media?parent=12956"}],"wp:term":[{"taxonomy":"category","embeddable":true,"href":"http:\/\/www.salesianos.edu\/revistasmx\/wp-json\/wp\/v2\/categories?post=12956"},{"taxonomy":"post_tag","embeddable":true,"href":"http:\/\/www.salesianos.edu\/revistasmx\/wp-json\/wp\/v2\/tags?post=12956"}],"curies":[{"name":"wp","href":"https:\/\/api.w.org\/{rel}","templated":true}]}}