{"id":12925,"date":"2019-12-24T16:30:34","date_gmt":"2019-12-24T15:30:34","guid":{"rendered":"http:\/\/www.salesianos.edu\/revistasmx\/?p=12925"},"modified":"2019-12-27T10:48:16","modified_gmt":"2019-12-27T09:48:16","slug":"carles-innovacio-educativa","status":"publish","type":"post","link":"http:\/\/www.salesianos.edu\/revistasmx\/ca\/carles-innovacio-educativa\/","title":{"rendered":"\u00abUna comunitat en qu\u00e8 el lideratge \u00e9s compartit, on cadasc\u00fa assumeix el seu paper com a agent educativo-pastoral\u00bb"},"content":{"rendered":"<div id=\"fb-root\"><\/div>\n<p><span style=\"font-weight: 400;\">Bon dia, benvinguts tots els lectors de la Revista Inspectorial. M&#8217;han demanat que us parli del projecte d&#8217;actualitzaci\u00f3 pedag\u00f2gica i pastoral que estem vivint a les escoles. En relaci\u00f3 <\/span><b><i>al qu\u00e8<\/i><\/b><span style=\"font-weight: 400;\">, seria l&#8217;actualitzaci\u00f3 del projecte educativo-pastoral, un projecte com\u00fa, compartit, pensant en un enfocament competencial, adre\u00e7at al creixement de les persones, del nostre alumnat, perqu\u00e8 puguin organitzar el seu projecte de vida. Un projecte de vida que contempli, com no, el comprom\u00eds social, de transformaci\u00f3 de l&#8217;entorn. <\/span><b><i>De quina manera<\/i><\/b><b>?<\/b><span style=\"font-weight: 400;\"> O sigui, <\/span><b><i>com?<\/i><\/b><span style=\"font-weight: 400;\">, doncs amb la personalitzaci\u00f3, amb l&#8217;estil t\u00edpic i caracter\u00edstic de la pedagogia salesiana, per\u00f2 actualitzada als temps, amb els elements que ens permeten les metodologies actives, b\u00e0sicament amb el treball per projectes, a trav\u00e9s d&#8217;ambients \u2013a l\u2019educaci\u00f3 infantil-, aplicant tot el que ens d\u00f3na la ci\u00e8ncia de la psicologia i la pedagogia a dia d&#8217;avui. Aplicant tamb\u00e9 la cultura del pensament, amb activitats de metacondici\u00f3, perqu\u00e8 siguin conscients del seu propi proc\u00e9s d&#8217;aprenentatge. <\/span><b><i>I el qui?<\/i><\/b><span style=\"font-weight: 400;\"> Doncs la comunitat educativo-pastoral, que en aquest cas es transforma en comunitat d&#8217;aprenentatge. Una comunitat en qu\u00e8 el lideratge \u00e9s compartit, on cadasc\u00fa assumeix el seu paper com a agent educativo-pastoral, i on el destinatari \u00faltim \u00e9s la pr\u00f2pia comunitat. \u00c9s a dir, primer l&#8217;alumnat, per\u00f2 tamb\u00e9 les seves fam\u00edlies, els mateixos docents i personal d&#8217;administraci\u00f3 i servei. Tot el conjunt de les persones que conformen l&#8217;escola.<\/span><\/p>\n<p><iframe loading=\"lazy\" title=\"SMX - Carles Rubio Coordinador de referencia de Escuelas\" width=\"1080\" height=\"608\" src=\"https:\/\/www.youtube.com\/embed\/aReT4Vmg8Io?feature=oembed\" frameborder=\"0\" allow=\"accelerometer; autoplay; encrypted-media; gyroscope; picture-in-picture\" allowfullscreen><\/iframe><\/p>\n","protected":false},"excerpt":{"rendered":"<p>Carles Rubio explica el projecte d&#8217;actualitzaci\u00f3 pedag\u00f2gica i pastoral a les escoles<\/p>\n","protected":false},"author":12,"featured_media":12916,"comment_status":"open","ping_status":"closed","sticky":false,"template":"","format":"standard","meta":{"_et_pb_use_builder":"off","_et_pb_old_content":"","_et_gb_content_width":"","footnotes":""},"categories":[49],"tags":[465],"class_list":["post-12925","post","type-post","status-publish","format-standard","has-post-thumbnail","hentry","category-en-confianca","tag-smx-53-ca"],"yoast_head":"<!-- This site is optimized with the Yoast SEO plugin v27.5 - https:\/\/yoast.com\/product\/yoast-seo-wordpress\/ -->\n<title>&quot;Una comunitat en qu\u00e8 el lideratge \u00e9s compartit, on cadasc\u00fa assumeix el seu paper com a agent educativo-pastoral&quot; - Revista SMX<\/title>\n<meta name=\"description\" content=\"En relaci\u00f3 al qu\u00e8, seria l&#039;actualitzaci\u00f3 del projecte educativo-pastoral\" \/>\n<meta name=\"robots\" content=\"index, follow, max-snippet:-1, max-image-preview:large, max-video-preview:-1\" \/>\n<link rel=\"canonical\" href=\"http:\/\/www.salesianos.edu\/revistasmx\/ca\/carles-innovacio-educativa\/\" \/>\n<meta property=\"og:locale\" content=\"es_ES\" \/>\n<meta property=\"og:type\" content=\"article\" \/>\n<meta property=\"og:title\" content=\"&quot;Una comunitat en qu\u00e8 el lideratge \u00e9s compartit, on cadasc\u00fa assumeix el seu paper com a agent educativo-pastoral&quot; - Revista SMX\" \/>\n<meta property=\"og:description\" content=\"En relaci\u00f3 al qu\u00e8, seria l&#039;actualitzaci\u00f3 del projecte educativo-pastoral\" \/>\n<meta property=\"og:url\" content=\"http:\/\/www.salesianos.edu\/revistasmx\/ca\/carles-innovacio-educativa\/\" \/>\n<meta property=\"og:site_name\" content=\"Revista SMX\" \/>\n<meta property=\"article:published_time\" content=\"2019-12-24T15:30:34+00:00\" \/>\n<meta property=\"article:modified_time\" content=\"2019-12-27T09:48:16+00:00\" \/>\n<meta property=\"og:image\" content=\"https:\/\/www.salesianos.edu\/revistasmx\/wp-content\/uploads\/sites\/8\/2019\/12\/carles-Rubio.png\" \/>\n\t<meta property=\"og:image:width\" content=\"1273\" \/>\n\t<meta property=\"og:image:height\" content=\"713\" \/>\n\t<meta property=\"og:image:type\" content=\"image\/png\" \/>\n<meta name=\"author\" content=\"joseluisgarciamoscoso\" \/>\n<meta name=\"twitter:card\" content=\"summary_large_image\" \/>\n<meta name=\"twitter:label1\" content=\"Escrito por\" \/>\n\t<meta name=\"twitter:data1\" content=\"joseluisgarciamoscoso\" \/>\n\t<meta name=\"twitter:label2\" content=\"Tiempo de lectura\" \/>\n\t<meta name=\"twitter:data2\" content=\"1 minuto\" \/>\n<script type=\"application\/ld+json\" class=\"yoast-schema-graph\">{\"@context\":\"https:\\\/\\\/schema.org\",\"@graph\":[{\"@type\":\"Article\",\"@id\":\"http:\\\/\\\/www.salesianos.edu\\\/revistasmx\\\/ca\\\/carles-innovacio-educativa\\\/#article\",\"isPartOf\":{\"@id\":\"http:\\\/\\\/www.salesianos.edu\\\/revistasmx\\\/ca\\\/carles-innovacio-educativa\\\/\"},\"author\":{\"name\":\"joseluisgarciamoscoso\",\"@id\":\"http:\\\/\\\/www.salesianos.edu\\\/revistasmx\\\/#\\\/schema\\\/person\\\/a1d72ee5373cce7347fb2993ba9f47d6\"},\"headline\":\"\u00abUna comunitat en qu\u00e8 el lideratge \u00e9s compartit, on cadasc\u00fa assumeix el seu paper com a agent educativo-pastoral\u00bb\",\"datePublished\":\"2019-12-24T15:30:34+00:00\",\"dateModified\":\"2019-12-27T09:48:16+00:00\",\"mainEntityOfPage\":{\"@id\":\"http:\\\/\\\/www.salesianos.edu\\\/revistasmx\\\/ca\\\/carles-innovacio-educativa\\\/\"},\"wordCount\":275,\"commentCount\":0,\"image\":{\"@id\":\"http:\\\/\\\/www.salesianos.edu\\\/revistasmx\\\/ca\\\/carles-innovacio-educativa\\\/#primaryimage\"},\"thumbnailUrl\":\"http:\\\/\\\/www.salesianos.edu\\\/revistasmx\\\/wp-content\\\/uploads\\\/sites\\\/8\\\/2019\\\/12\\\/carles-Rubio.png\",\"keywords\":[\"SMX 53\"],\"articleSection\":[\"EN CONFIAN\u00c7A\"],\"inLanguage\":\"es\",\"potentialAction\":[{\"@type\":\"CommentAction\",\"name\":\"Comment\",\"target\":[\"http:\\\/\\\/www.salesianos.edu\\\/revistasmx\\\/ca\\\/carles-innovacio-educativa\\\/#respond\"]}]},{\"@type\":\"WebPage\",\"@id\":\"http:\\\/\\\/www.salesianos.edu\\\/revistasmx\\\/ca\\\/carles-innovacio-educativa\\\/\",\"url\":\"http:\\\/\\\/www.salesianos.edu\\\/revistasmx\\\/ca\\\/carles-innovacio-educativa\\\/\",\"name\":\"\\\"Una comunitat en qu\u00e8 el lideratge \u00e9s compartit, on cadasc\u00fa assumeix el seu paper com a agent educativo-pastoral\\\" - Revista SMX\",\"isPartOf\":{\"@id\":\"http:\\\/\\\/www.salesianos.edu\\\/revistasmx\\\/#website\"},\"primaryImageOfPage\":{\"@id\":\"http:\\\/\\\/www.salesianos.edu\\\/revistasmx\\\/ca\\\/carles-innovacio-educativa\\\/#primaryimage\"},\"image\":{\"@id\":\"http:\\\/\\\/www.salesianos.edu\\\/revistasmx\\\/ca\\\/carles-innovacio-educativa\\\/#primaryimage\"},\"thumbnailUrl\":\"http:\\\/\\\/www.salesianos.edu\\\/revistasmx\\\/wp-content\\\/uploads\\\/sites\\\/8\\\/2019\\\/12\\\/carles-Rubio.png\",\"datePublished\":\"2019-12-24T15:30:34+00:00\",\"dateModified\":\"2019-12-27T09:48:16+00:00\",\"author\":{\"@id\":\"http:\\\/\\\/www.salesianos.edu\\\/revistasmx\\\/#\\\/schema\\\/person\\\/a1d72ee5373cce7347fb2993ba9f47d6\"},\"description\":\"En relaci\u00f3 al qu\u00e8, seria l'actualitzaci\u00f3 del projecte educativo-pastoral\",\"breadcrumb\":{\"@id\":\"http:\\\/\\\/www.salesianos.edu\\\/revistasmx\\\/ca\\\/carles-innovacio-educativa\\\/#breadcrumb\"},\"inLanguage\":\"es\",\"potentialAction\":[{\"@type\":\"ReadAction\",\"target\":[\"http:\\\/\\\/www.salesianos.edu\\\/revistasmx\\\/ca\\\/carles-innovacio-educativa\\\/\"]}]},{\"@type\":\"ImageObject\",\"inLanguage\":\"es\",\"@id\":\"http:\\\/\\\/www.salesianos.edu\\\/revistasmx\\\/ca\\\/carles-innovacio-educativa\\\/#primaryimage\",\"url\":\"http:\\\/\\\/www.salesianos.edu\\\/revistasmx\\\/wp-content\\\/uploads\\\/sites\\\/8\\\/2019\\\/12\\\/carles-Rubio.png\",\"contentUrl\":\"http:\\\/\\\/www.salesianos.edu\\\/revistasmx\\\/wp-content\\\/uploads\\\/sites\\\/8\\\/2019\\\/12\\\/carles-Rubio.png\",\"width\":1273,\"height\":713},{\"@type\":\"BreadcrumbList\",\"@id\":\"http:\\\/\\\/www.salesianos.edu\\\/revistasmx\\\/ca\\\/carles-innovacio-educativa\\\/#breadcrumb\",\"itemListElement\":[{\"@type\":\"ListItem\",\"position\":1,\"name\":\"Portada\",\"item\":\"https:\\\/\\\/www.salesianos.edu\\\/revistasmx\\\/\"},{\"@type\":\"ListItem\",\"position\":2,\"name\":\"&#8220;Una comunitat en qu\u00e8 el lideratge \u00e9s compartit, on cadasc\u00fa assumeix el seu paper com a agent educativo-pastoral&#8221;\"}]},{\"@type\":\"WebSite\",\"@id\":\"http:\\\/\\\/www.salesianos.edu\\\/revistasmx\\\/#website\",\"url\":\"http:\\\/\\\/www.salesianos.edu\\\/revistasmx\\\/\",\"name\":\"Revista SMX\",\"description\":\"P\u00e1gina oficial de Inspector\u00eda Salesiana Mar\u00eda Auxiliadora\",\"potentialAction\":[{\"@type\":\"SearchAction\",\"target\":{\"@type\":\"EntryPoint\",\"urlTemplate\":\"http:\\\/\\\/www.salesianos.edu\\\/revistasmx\\\/?s={search_term_string}\"},\"query-input\":{\"@type\":\"PropertyValueSpecification\",\"valueRequired\":true,\"valueName\":\"search_term_string\"}}],\"inLanguage\":\"es\"},{\"@type\":\"Person\",\"@id\":\"http:\\\/\\\/www.salesianos.edu\\\/revistasmx\\\/#\\\/schema\\\/person\\\/a1d72ee5373cce7347fb2993ba9f47d6\",\"name\":\"joseluisgarciamoscoso\",\"image\":{\"@type\":\"ImageObject\",\"inLanguage\":\"es\",\"@id\":\"https:\\\/\\\/secure.gravatar.com\\\/avatar\\\/3fda3a0b2db3bc9a39871e47cbd526b42d6c3b74755b7ae1400a87b2913fea6a?s=96&d=mm&r=g\",\"url\":\"https:\\\/\\\/secure.gravatar.com\\\/avatar\\\/3fda3a0b2db3bc9a39871e47cbd526b42d6c3b74755b7ae1400a87b2913fea6a?s=96&d=mm&r=g\",\"contentUrl\":\"https:\\\/\\\/secure.gravatar.com\\\/avatar\\\/3fda3a0b2db3bc9a39871e47cbd526b42d6c3b74755b7ae1400a87b2913fea6a?s=96&d=mm&r=g\",\"caption\":\"joseluisgarciamoscoso\"}}]}<\/script>\n<!-- \/ Yoast SEO plugin. -->","yoast_head_json":{"title":"\"Una comunitat en qu\u00e8 el lideratge \u00e9s compartit, on cadasc\u00fa assumeix el seu paper com a agent educativo-pastoral\" - Revista SMX","description":"En relaci\u00f3 al qu\u00e8, seria l'actualitzaci\u00f3 del projecte educativo-pastoral","robots":{"index":"index","follow":"follow","max-snippet":"max-snippet:-1","max-image-preview":"max-image-preview:large","max-video-preview":"max-video-preview:-1"},"canonical":"http:\/\/www.salesianos.edu\/revistasmx\/ca\/carles-innovacio-educativa\/","og_locale":"es_ES","og_type":"article","og_title":"\"Una comunitat en qu\u00e8 el lideratge \u00e9s compartit, on cadasc\u00fa assumeix el seu paper com a agent educativo-pastoral\" - Revista SMX","og_description":"En relaci\u00f3 al qu\u00e8, seria l'actualitzaci\u00f3 del projecte educativo-pastoral","og_url":"http:\/\/www.salesianos.edu\/revistasmx\/ca\/carles-innovacio-educativa\/","og_site_name":"Revista SMX","article_published_time":"2019-12-24T15:30:34+00:00","article_modified_time":"2019-12-27T09:48:16+00:00","og_image":[{"width":1273,"height":713,"url":"https:\/\/www.salesianos.edu\/revistasmx\/wp-content\/uploads\/sites\/8\/2019\/12\/carles-Rubio.png","type":"image\/png"}],"author":"joseluisgarciamoscoso","twitter_card":"summary_large_image","twitter_misc":{"Escrito por":"joseluisgarciamoscoso","Tiempo de lectura":"1 minuto"},"schema":{"@context":"https:\/\/schema.org","@graph":[{"@type":"Article","@id":"http:\/\/www.salesianos.edu\/revistasmx\/ca\/carles-innovacio-educativa\/#article","isPartOf":{"@id":"http:\/\/www.salesianos.edu\/revistasmx\/ca\/carles-innovacio-educativa\/"},"author":{"name":"joseluisgarciamoscoso","@id":"http:\/\/www.salesianos.edu\/revistasmx\/#\/schema\/person\/a1d72ee5373cce7347fb2993ba9f47d6"},"headline":"\u00abUna comunitat en qu\u00e8 el lideratge \u00e9s compartit, on cadasc\u00fa assumeix el seu paper com a agent educativo-pastoral\u00bb","datePublished":"2019-12-24T15:30:34+00:00","dateModified":"2019-12-27T09:48:16+00:00","mainEntityOfPage":{"@id":"http:\/\/www.salesianos.edu\/revistasmx\/ca\/carles-innovacio-educativa\/"},"wordCount":275,"commentCount":0,"image":{"@id":"http:\/\/www.salesianos.edu\/revistasmx\/ca\/carles-innovacio-educativa\/#primaryimage"},"thumbnailUrl":"http:\/\/www.salesianos.edu\/revistasmx\/wp-content\/uploads\/sites\/8\/2019\/12\/carles-Rubio.png","keywords":["SMX 53"],"articleSection":["EN CONFIAN\u00c7A"],"inLanguage":"es","potentialAction":[{"@type":"CommentAction","name":"Comment","target":["http:\/\/www.salesianos.edu\/revistasmx\/ca\/carles-innovacio-educativa\/#respond"]}]},{"@type":"WebPage","@id":"http:\/\/www.salesianos.edu\/revistasmx\/ca\/carles-innovacio-educativa\/","url":"http:\/\/www.salesianos.edu\/revistasmx\/ca\/carles-innovacio-educativa\/","name":"\"Una comunitat en qu\u00e8 el lideratge \u00e9s compartit, on cadasc\u00fa assumeix el seu paper com a agent educativo-pastoral\" - Revista SMX","isPartOf":{"@id":"http:\/\/www.salesianos.edu\/revistasmx\/#website"},"primaryImageOfPage":{"@id":"http:\/\/www.salesianos.edu\/revistasmx\/ca\/carles-innovacio-educativa\/#primaryimage"},"image":{"@id":"http:\/\/www.salesianos.edu\/revistasmx\/ca\/carles-innovacio-educativa\/#primaryimage"},"thumbnailUrl":"http:\/\/www.salesianos.edu\/revistasmx\/wp-content\/uploads\/sites\/8\/2019\/12\/carles-Rubio.png","datePublished":"2019-12-24T15:30:34+00:00","dateModified":"2019-12-27T09:48:16+00:00","author":{"@id":"http:\/\/www.salesianos.edu\/revistasmx\/#\/schema\/person\/a1d72ee5373cce7347fb2993ba9f47d6"},"description":"En relaci\u00f3 al qu\u00e8, seria l'actualitzaci\u00f3 del projecte educativo-pastoral","breadcrumb":{"@id":"http:\/\/www.salesianos.edu\/revistasmx\/ca\/carles-innovacio-educativa\/#breadcrumb"},"inLanguage":"es","potentialAction":[{"@type":"ReadAction","target":["http:\/\/www.salesianos.edu\/revistasmx\/ca\/carles-innovacio-educativa\/"]}]},{"@type":"ImageObject","inLanguage":"es","@id":"http:\/\/www.salesianos.edu\/revistasmx\/ca\/carles-innovacio-educativa\/#primaryimage","url":"http:\/\/www.salesianos.edu\/revistasmx\/wp-content\/uploads\/sites\/8\/2019\/12\/carles-Rubio.png","contentUrl":"http:\/\/www.salesianos.edu\/revistasmx\/wp-content\/uploads\/sites\/8\/2019\/12\/carles-Rubio.png","width":1273,"height":713},{"@type":"BreadcrumbList","@id":"http:\/\/www.salesianos.edu\/revistasmx\/ca\/carles-innovacio-educativa\/#breadcrumb","itemListElement":[{"@type":"ListItem","position":1,"name":"Portada","item":"https:\/\/www.salesianos.edu\/revistasmx\/"},{"@type":"ListItem","position":2,"name":"&#8220;Una comunitat en qu\u00e8 el lideratge \u00e9s compartit, on cadasc\u00fa assumeix el seu paper com a agent educativo-pastoral&#8221;"}]},{"@type":"WebSite","@id":"http:\/\/www.salesianos.edu\/revistasmx\/#website","url":"http:\/\/www.salesianos.edu\/revistasmx\/","name":"Revista SMX","description":"P\u00e1gina oficial de Inspector\u00eda Salesiana Mar\u00eda Auxiliadora","potentialAction":[{"@type":"SearchAction","target":{"@type":"EntryPoint","urlTemplate":"http:\/\/www.salesianos.edu\/revistasmx\/?s={search_term_string}"},"query-input":{"@type":"PropertyValueSpecification","valueRequired":true,"valueName":"search_term_string"}}],"inLanguage":"es"},{"@type":"Person","@id":"http:\/\/www.salesianos.edu\/revistasmx\/#\/schema\/person\/a1d72ee5373cce7347fb2993ba9f47d6","name":"joseluisgarciamoscoso","image":{"@type":"ImageObject","inLanguage":"es","@id":"https:\/\/secure.gravatar.com\/avatar\/3fda3a0b2db3bc9a39871e47cbd526b42d6c3b74755b7ae1400a87b2913fea6a?s=96&d=mm&r=g","url":"https:\/\/secure.gravatar.com\/avatar\/3fda3a0b2db3bc9a39871e47cbd526b42d6c3b74755b7ae1400a87b2913fea6a?s=96&d=mm&r=g","contentUrl":"https:\/\/secure.gravatar.com\/avatar\/3fda3a0b2db3bc9a39871e47cbd526b42d6c3b74755b7ae1400a87b2913fea6a?s=96&d=mm&r=g","caption":"joseluisgarciamoscoso"}}]}},"_links":{"self":[{"href":"http:\/\/www.salesianos.edu\/revistasmx\/wp-json\/wp\/v2\/posts\/12925","targetHints":{"allow":["GET"]}}],"collection":[{"href":"http:\/\/www.salesianos.edu\/revistasmx\/wp-json\/wp\/v2\/posts"}],"about":[{"href":"http:\/\/www.salesianos.edu\/revistasmx\/wp-json\/wp\/v2\/types\/post"}],"author":[{"embeddable":true,"href":"http:\/\/www.salesianos.edu\/revistasmx\/wp-json\/wp\/v2\/users\/12"}],"replies":[{"embeddable":true,"href":"http:\/\/www.salesianos.edu\/revistasmx\/wp-json\/wp\/v2\/comments?post=12925"}],"version-history":[{"count":10,"href":"http:\/\/www.salesianos.edu\/revistasmx\/wp-json\/wp\/v2\/posts\/12925\/revisions"}],"predecessor-version":[{"id":13051,"href":"http:\/\/www.salesianos.edu\/revistasmx\/wp-json\/wp\/v2\/posts\/12925\/revisions\/13051"}],"wp:featuredmedia":[{"embeddable":true,"href":"http:\/\/www.salesianos.edu\/revistasmx\/wp-json\/wp\/v2\/media\/12916"}],"wp:attachment":[{"href":"http:\/\/www.salesianos.edu\/revistasmx\/wp-json\/wp\/v2\/media?parent=12925"}],"wp:term":[{"taxonomy":"category","embeddable":true,"href":"http:\/\/www.salesianos.edu\/revistasmx\/wp-json\/wp\/v2\/categories?post=12925"},{"taxonomy":"post_tag","embeddable":true,"href":"http:\/\/www.salesianos.edu\/revistasmx\/wp-json\/wp\/v2\/tags?post=12925"}],"curies":[{"name":"wp","href":"https:\/\/api.w.org\/{rel}","templated":true}]}}