{"id":12869,"date":"2019-12-24T14:00:06","date_gmt":"2019-12-24T13:00:06","guid":{"rendered":"http:\/\/www.salesianos.edu\/revistasmx\/?p=12869"},"modified":"2019-12-26T18:48:02","modified_gmt":"2019-12-26T17:48:02","slug":"coneixent-julio-fernandez-aspirant-a-salesia-cooperador","status":"publish","type":"post","link":"http:\/\/www.salesianos.edu\/revistasmx\/ca\/coneixent-julio-fernandez-aspirant-a-salesia-cooperador\/","title":{"rendered":"Coneixent Julio Fern\u00e1ndez, aspirant a salesi\u00e0 cooperador"},"content":{"rendered":"<div id=\"fb-root\"><\/div>\n<p>[et_pb_section fb_built=\u00bb1&#8243; admin_label=\u00bbsection\u00bb _builder_version=\u00bb3.22&#8243;][et_pb_row admin_label=\u00bbrow\u00bb _builder_version=\u00bb3.25&#8243; background_size=\u00bbinitial\u00bb background_position=\u00bbtop_left\u00bb background_repeat=\u00bbrepeat\u00bb][et_pb_column type=\u00bb4_4&#8243; _builder_version=\u00bb3.25&#8243; custom_padding=\u00bb|||\u00bb custom_padding__hover=\u00bb|||\u00bb][et_pb_image src=\u00bbhttps:\/\/www.salesianos.edu\/revistasmx\/wp-content\/uploads\/sites\/8\/2019\/12\/Foto-Julio-.jpg\u00bb _builder_version=\u00bb4.0.6&#8243;][\/et_pb_image][et_pb_text _builder_version=\u00bb4.0.6&#8243;]<\/p>\n<p><span style=\"font-weight: 400;\">Simp\u00e0tic, inquiet, alegre, amant del carnaval (ha cantat al Teatre Falla de Cadis, en diverses ocasions), i un entusiasta de Don Bosco i de Santa Maria Mazarello. Aix\u00ed es defineix Julio Fern\u00e1ndez, animador i aspirant a salesi\u00e0 cooperador a la casa de les Filles de Maria Auxiliadora del sevill\u00e0 barri de Nervi\u00f3n.<\/span><\/p>\n<p><span style=\"font-weight: 400;\">Va n\u00e9ixer el 23 de juny de 1995, precisament el dia en qu\u00e8 la Fam\u00edlia Salesiana celebra la festa de Sant Josep Cafasso, confessor i director espiritual de Sant Joan Bosco durant molts anys. Quina casualitat! Va fer els seus estudis d&#8217;Educaci\u00f3 Prim\u00e0ria, ESO i Formaci\u00f3 Professional en el col\u00b7legi de les salesianes de Nervi\u00f3n. \u00c9s Animador Sociocultural i T\u00e8cnic en Gesti\u00f3 Administrativa. Des de petit ha participat a l&#8217;oratori i en els grups de fe. Ha viscut nombroses trobades, pasq\u00fces juvenils i campaments d&#8217;estiu que l&#8217;han marcat profundament en la seva vida i en la seva persona. Conserva el record i l&#8217;amistat de moltes Filles de Maria Auxiliadora, amb qui ha compartit el seu cam\u00ed de creixement i maduraci\u00f3, cosa de la qual se sent molt content i orgull\u00f3s.<\/span><\/p>\n<p><span style=\"font-weight: 400;\">En diverses ocasions, ha tingut l&#8217;oportunitat de veure en persona la Mare General, Mare Ivonne. En una d&#8217;elles, es va atrevir a convidar-la a ballar. Confessa que aquest moment va ser per a ell molt emocionant, i que mai no l\u2019oblidar\u00e0.<\/span><\/p>\n<p><span style=\"font-weight: 400;\">Julio ha sentit que D\u00e9u el crida a forma part de la gran Fam\u00edlia Salesiana; per aix\u00f2, des de fa uns mesos, est\u00e0 realitzant el seu discerniment vocacional en un grup d&#8217;aspirants a salesi\u00e0 cooperador, a la casa on ha crescut i on s&#8217;ha format.<\/span><\/p>\n<p>&nbsp;<\/p>\n<p><b>VIS: Julio, \u00bfqu\u00e8 ha suposat per a tu el fet d&#8217;haver estat tots aquests anys a la casa de les Filles de Maria Auxiliadora?<\/b><\/p>\n<p><b>J<\/b><span style=\"font-weight: 400;\">: Per a mi, el fet d&#8217;haver-hi estat tots aquests anys, ha contribu\u00eft a ser la persona que avui s\u00f3c, amb els valors que m&#8217;han inculcat, l&#8217;alegria per bandera, el servei.<\/span><\/p>\n<p><b>ViS: Com has descobert que D\u00e9u et crida a ser salesi\u00e0 cooperador?<\/b><\/p>\n<p><b>J:<\/b><span style=\"font-weight: 400;\"> Encara estic en fase de descobriment, i no ho tinc gens clar encara. Com passa en aquests casos, D\u00e9u no et fa una crida al tel\u00e8fon&#8230; alguna cosa m&#8217;ha dit i poc a poc Ell i jo ho estem descobrint.<\/span><\/p>\n<p><b>ViS: Qu\u00e8 has apr\u00e8s de les Filles de Maria Auxiliadora?<\/b><\/p>\n<p><b>J:<\/b><span style=\"font-weight: 400;\"> He apr\u00e8s moltes coses i bones. He apr\u00e8s a ser servicial, a estimar els joves, el fet que el que gratis t&#8217;han donat, gratis has de donar-ho tu tamb\u00e9 als altres; en definitiva, he apr\u00e8s a ser feli\u00e7 i a estar orgull\u00f3s de ser cristi\u00e0.<\/span><\/p>\n<p><b>ViS: Quins s\u00f3n els signes que t&#8217;han portat a pensar que D\u00e9u et pot estar cridant a ser salesi\u00e0 cooperador?<\/b><\/p>\n<p><b>J:<\/b><span style=\"font-weight: 400;\"> Que el carisma salesi\u00e0 hagi calat tant en la meva pr\u00f2pia persona, l&#8217;amor pels joves, especialment els m\u00e9s desfavorits. En ells he vist un toc d&#8217;atenci\u00f3 clara cap a mi. En ells he vist el rostre de D\u00e9u, igual que els va passar a Don Bosco i Maria Mazzarello.<\/span><\/p>\n<p><b>ViS: Qu\u00e8 \u00e9s el que m\u00e9s admires de Don Bosco i de Mare Mazzarello?<\/b><\/p>\n<p><b>J:<\/b><span style=\"font-weight: 400;\"> De Don Bosco, la seva capacitat de adaptar-se a les adversitats que se li plantejaven dia a dia; i de Main, la seva humilitat, la seva for\u00e7a, la seva fe, la seva rebel\u00b7lia poc normal per a una noia d&#8217;aquella \u00e8poca. Avui necessitem molts Don Bosco i moltes Main.<\/span><\/p>\n<p><b>ViS: El S\u00ednode dels joves, que es va celebrar a l&#8217;octubre de l&#8217;any 2018, a Roma, ha demanat que es doni m\u00e9s participaci\u00f3 als joves en la pr\u00f2pia pastoral juvenil. Qu\u00e8 creus tu que haur\u00edem de fer per poder realitzar aquesta petici\u00f3?<\/b><\/p>\n<p><b>J:<\/b><span style=\"font-weight: 400;\"> Crec que moltes de les coses que el S\u00ednode ha dit nosaltres ja les tenim assumides des de fa molt temps; potser ens falti una mica fer un pas m\u00e9s, i passar de la teoria a la pr\u00e0ctica, i de veritat fer que els mateixos joves siguin protagonistes del seu cam\u00ed.<\/span><\/p>\n<p><b>ViS: Coneixes algun jove que estigui plantejant-se la seva vocaci\u00f3? Qu\u00e8 li diries?<\/b><\/p>\n<p><b>J:<\/b><span style=\"font-weight: 400;\"> Crec que tots els joves amb els quals tracto s&#8217;estan plantejant cont\u00ednuament la seva vocaci\u00f3. Els diria que no tinguin pressa, i que en aquesta vida, on no hi ha temps per a res, busquin oportunitats per aturar-se, pensar i resar.<\/span><\/p>\n<p><span style=\"font-weight: 400;\">Moltes gr\u00e0cies\u00a0<\/span><\/p>\n<p>&nbsp;<\/p>\n<p>[\/et_pb_text][\/et_pb_column][\/et_pb_row][\/et_pb_section]<\/p>\n","protected":false},"excerpt":{"rendered":"<p>Va n\u00e9ixer el 23 de juny de 1995, precisament el dia en qu\u00e8 la Fam\u00edlia Salesiana celebra la festa de Sant Josep Cafasso, confessor i director espiritual de Sant Joan Bosco durant molts anys.<\/p>\n","protected":false},"author":12,"featured_media":12864,"comment_status":"open","ping_status":"closed","sticky":false,"template":"","format":"standard","meta":{"_et_pb_use_builder":"on","_et_pb_old_content":"","_et_gb_content_width":"","footnotes":""},"categories":[142,84],"tags":[465],"class_list":["post-12869","post","type-post","status-publish","format-standard","has-post-thumbnail","hentry","category-coneixent-a","category-vine-i-segueix-me","tag-smx-53-ca"],"yoast_head":"<!-- This site is optimized with the Yoast SEO plugin v27.5 - https:\/\/yoast.com\/product\/yoast-seo-wordpress\/ -->\n<title>Coneixent Julio Fern\u00e1ndez, aspirant a salesi\u00e0 cooperador - Revista SMX<\/title>\n<meta name=\"description\" content=\"Va n\u00e9ixer el 23 de juny de 1995, precisament el dia en qu\u00e8 la Fam\u00edlia Salesiana celebra la festa de Sant Josep Cafasso, confessor i director espiritual de Sant Joan Bosco durant molts anys.\" \/>\n<meta name=\"robots\" content=\"index, follow, max-snippet:-1, max-image-preview:large, max-video-preview:-1\" \/>\n<link rel=\"canonical\" href=\"http:\/\/www.salesianos.edu\/revistasmx\/ca\/coneixent-julio-fernandez-aspirant-a-salesia-cooperador\/\" \/>\n<meta property=\"og:locale\" content=\"es_ES\" \/>\n<meta property=\"og:type\" content=\"article\" \/>\n<meta property=\"og:title\" content=\"Coneixent Julio Fern\u00e1ndez, aspirant a salesi\u00e0 cooperador - Revista SMX\" \/>\n<meta property=\"og:description\" content=\"Va n\u00e9ixer el 23 de juny de 1995, precisament el dia en qu\u00e8 la Fam\u00edlia Salesiana celebra la festa de Sant Josep Cafasso, confessor i director espiritual de Sant Joan Bosco durant molts anys.\" \/>\n<meta property=\"og:url\" content=\"http:\/\/www.salesianos.edu\/revistasmx\/ca\/coneixent-julio-fernandez-aspirant-a-salesia-cooperador\/\" \/>\n<meta property=\"og:site_name\" content=\"Revista SMX\" \/>\n<meta property=\"article:published_time\" content=\"2019-12-24T13:00:06+00:00\" \/>\n<meta property=\"article:modified_time\" content=\"2019-12-26T17:48:02+00:00\" \/>\n<meta property=\"og:image\" content=\"https:\/\/www.salesianos.edu\/revistasmx\/wp-content\/uploads\/sites\/8\/2019\/12\/Foto-Julio-.jpg\" \/>\n\t<meta property=\"og:image:width\" content=\"795\" \/>\n\t<meta property=\"og:image:height\" content=\"795\" \/>\n\t<meta property=\"og:image:type\" content=\"image\/jpeg\" \/>\n<meta name=\"author\" content=\"joseluisgarciamoscoso\" \/>\n<meta name=\"twitter:card\" content=\"summary_large_image\" \/>\n<meta name=\"twitter:label1\" content=\"Escrito por\" \/>\n\t<meta name=\"twitter:data1\" content=\"joseluisgarciamoscoso\" \/>\n\t<meta name=\"twitter:label2\" content=\"Tiempo de lectura\" \/>\n\t<meta name=\"twitter:data2\" content=\"4 minutos\" \/>\n<script type=\"application\/ld+json\" class=\"yoast-schema-graph\">{\"@context\":\"https:\\\/\\\/schema.org\",\"@graph\":[{\"@type\":\"Article\",\"@id\":\"http:\\\/\\\/www.salesianos.edu\\\/revistasmx\\\/ca\\\/coneixent-julio-fernandez-aspirant-a-salesia-cooperador\\\/#article\",\"isPartOf\":{\"@id\":\"http:\\\/\\\/www.salesianos.edu\\\/revistasmx\\\/ca\\\/coneixent-julio-fernandez-aspirant-a-salesia-cooperador\\\/\"},\"author\":{\"name\":\"joseluisgarciamoscoso\",\"@id\":\"http:\\\/\\\/www.salesianos.edu\\\/revistasmx\\\/#\\\/schema\\\/person\\\/a1d72ee5373cce7347fb2993ba9f47d6\"},\"headline\":\"Coneixent Julio Fern\u00e1ndez, aspirant a salesi\u00e0 cooperador\",\"datePublished\":\"2019-12-24T13:00:06+00:00\",\"dateModified\":\"2019-12-26T17:48:02+00:00\",\"mainEntityOfPage\":{\"@id\":\"http:\\\/\\\/www.salesianos.edu\\\/revistasmx\\\/ca\\\/coneixent-julio-fernandez-aspirant-a-salesia-cooperador\\\/\"},\"wordCount\":862,\"commentCount\":0,\"image\":{\"@id\":\"http:\\\/\\\/www.salesianos.edu\\\/revistasmx\\\/ca\\\/coneixent-julio-fernandez-aspirant-a-salesia-cooperador\\\/#primaryimage\"},\"thumbnailUrl\":\"http:\\\/\\\/www.salesianos.edu\\\/revistasmx\\\/wp-content\\\/uploads\\\/sites\\\/8\\\/2019\\\/12\\\/Foto-Julio-.jpg\",\"keywords\":[\"SMX 53\"],\"articleSection\":[\"Coneixent a\",\"VINE I SEGUEIX-ME\"],\"inLanguage\":\"es\",\"potentialAction\":[{\"@type\":\"CommentAction\",\"name\":\"Comment\",\"target\":[\"http:\\\/\\\/www.salesianos.edu\\\/revistasmx\\\/ca\\\/coneixent-julio-fernandez-aspirant-a-salesia-cooperador\\\/#respond\"]}]},{\"@type\":\"WebPage\",\"@id\":\"http:\\\/\\\/www.salesianos.edu\\\/revistasmx\\\/ca\\\/coneixent-julio-fernandez-aspirant-a-salesia-cooperador\\\/\",\"url\":\"http:\\\/\\\/www.salesianos.edu\\\/revistasmx\\\/ca\\\/coneixent-julio-fernandez-aspirant-a-salesia-cooperador\\\/\",\"name\":\"Coneixent Julio Fern\u00e1ndez, aspirant a salesi\u00e0 cooperador - Revista SMX\",\"isPartOf\":{\"@id\":\"http:\\\/\\\/www.salesianos.edu\\\/revistasmx\\\/#website\"},\"primaryImageOfPage\":{\"@id\":\"http:\\\/\\\/www.salesianos.edu\\\/revistasmx\\\/ca\\\/coneixent-julio-fernandez-aspirant-a-salesia-cooperador\\\/#primaryimage\"},\"image\":{\"@id\":\"http:\\\/\\\/www.salesianos.edu\\\/revistasmx\\\/ca\\\/coneixent-julio-fernandez-aspirant-a-salesia-cooperador\\\/#primaryimage\"},\"thumbnailUrl\":\"http:\\\/\\\/www.salesianos.edu\\\/revistasmx\\\/wp-content\\\/uploads\\\/sites\\\/8\\\/2019\\\/12\\\/Foto-Julio-.jpg\",\"datePublished\":\"2019-12-24T13:00:06+00:00\",\"dateModified\":\"2019-12-26T17:48:02+00:00\",\"author\":{\"@id\":\"http:\\\/\\\/www.salesianos.edu\\\/revistasmx\\\/#\\\/schema\\\/person\\\/a1d72ee5373cce7347fb2993ba9f47d6\"},\"description\":\"Va n\u00e9ixer el 23 de juny de 1995, precisament el dia en qu\u00e8 la Fam\u00edlia Salesiana celebra la festa de Sant Josep Cafasso, confessor i director espiritual de Sant Joan Bosco durant molts anys.\",\"breadcrumb\":{\"@id\":\"http:\\\/\\\/www.salesianos.edu\\\/revistasmx\\\/ca\\\/coneixent-julio-fernandez-aspirant-a-salesia-cooperador\\\/#breadcrumb\"},\"inLanguage\":\"es\",\"potentialAction\":[{\"@type\":\"ReadAction\",\"target\":[\"http:\\\/\\\/www.salesianos.edu\\\/revistasmx\\\/ca\\\/coneixent-julio-fernandez-aspirant-a-salesia-cooperador\\\/\"]}]},{\"@type\":\"ImageObject\",\"inLanguage\":\"es\",\"@id\":\"http:\\\/\\\/www.salesianos.edu\\\/revistasmx\\\/ca\\\/coneixent-julio-fernandez-aspirant-a-salesia-cooperador\\\/#primaryimage\",\"url\":\"http:\\\/\\\/www.salesianos.edu\\\/revistasmx\\\/wp-content\\\/uploads\\\/sites\\\/8\\\/2019\\\/12\\\/Foto-Julio-.jpg\",\"contentUrl\":\"http:\\\/\\\/www.salesianos.edu\\\/revistasmx\\\/wp-content\\\/uploads\\\/sites\\\/8\\\/2019\\\/12\\\/Foto-Julio-.jpg\",\"width\":795,\"height\":795},{\"@type\":\"BreadcrumbList\",\"@id\":\"http:\\\/\\\/www.salesianos.edu\\\/revistasmx\\\/ca\\\/coneixent-julio-fernandez-aspirant-a-salesia-cooperador\\\/#breadcrumb\",\"itemListElement\":[{\"@type\":\"ListItem\",\"position\":1,\"name\":\"Portada\",\"item\":\"https:\\\/\\\/www.salesianos.edu\\\/revistasmx\\\/\"},{\"@type\":\"ListItem\",\"position\":2,\"name\":\"Coneixent Julio Fern\u00e1ndez, aspirant a salesi\u00e0 cooperador\"}]},{\"@type\":\"WebSite\",\"@id\":\"http:\\\/\\\/www.salesianos.edu\\\/revistasmx\\\/#website\",\"url\":\"http:\\\/\\\/www.salesianos.edu\\\/revistasmx\\\/\",\"name\":\"Revista SMX\",\"description\":\"P\u00e1gina oficial de Inspector\u00eda Salesiana Mar\u00eda Auxiliadora\",\"potentialAction\":[{\"@type\":\"SearchAction\",\"target\":{\"@type\":\"EntryPoint\",\"urlTemplate\":\"http:\\\/\\\/www.salesianos.edu\\\/revistasmx\\\/?s={search_term_string}\"},\"query-input\":{\"@type\":\"PropertyValueSpecification\",\"valueRequired\":true,\"valueName\":\"search_term_string\"}}],\"inLanguage\":\"es\"},{\"@type\":\"Person\",\"@id\":\"http:\\\/\\\/www.salesianos.edu\\\/revistasmx\\\/#\\\/schema\\\/person\\\/a1d72ee5373cce7347fb2993ba9f47d6\",\"name\":\"joseluisgarciamoscoso\",\"image\":{\"@type\":\"ImageObject\",\"inLanguage\":\"es\",\"@id\":\"https:\\\/\\\/secure.gravatar.com\\\/avatar\\\/3fda3a0b2db3bc9a39871e47cbd526b42d6c3b74755b7ae1400a87b2913fea6a?s=96&d=mm&r=g\",\"url\":\"https:\\\/\\\/secure.gravatar.com\\\/avatar\\\/3fda3a0b2db3bc9a39871e47cbd526b42d6c3b74755b7ae1400a87b2913fea6a?s=96&d=mm&r=g\",\"contentUrl\":\"https:\\\/\\\/secure.gravatar.com\\\/avatar\\\/3fda3a0b2db3bc9a39871e47cbd526b42d6c3b74755b7ae1400a87b2913fea6a?s=96&d=mm&r=g\",\"caption\":\"joseluisgarciamoscoso\"}}]}<\/script>\n<!-- \/ Yoast SEO plugin. -->","yoast_head_json":{"title":"Coneixent Julio Fern\u00e1ndez, aspirant a salesi\u00e0 cooperador - Revista SMX","description":"Va n\u00e9ixer el 23 de juny de 1995, precisament el dia en qu\u00e8 la Fam\u00edlia Salesiana celebra la festa de Sant Josep Cafasso, confessor i director espiritual de Sant Joan Bosco durant molts anys.","robots":{"index":"index","follow":"follow","max-snippet":"max-snippet:-1","max-image-preview":"max-image-preview:large","max-video-preview":"max-video-preview:-1"},"canonical":"http:\/\/www.salesianos.edu\/revistasmx\/ca\/coneixent-julio-fernandez-aspirant-a-salesia-cooperador\/","og_locale":"es_ES","og_type":"article","og_title":"Coneixent Julio Fern\u00e1ndez, aspirant a salesi\u00e0 cooperador - Revista SMX","og_description":"Va n\u00e9ixer el 23 de juny de 1995, precisament el dia en qu\u00e8 la Fam\u00edlia Salesiana celebra la festa de Sant Josep Cafasso, confessor i director espiritual de Sant Joan Bosco durant molts anys.","og_url":"http:\/\/www.salesianos.edu\/revistasmx\/ca\/coneixent-julio-fernandez-aspirant-a-salesia-cooperador\/","og_site_name":"Revista SMX","article_published_time":"2019-12-24T13:00:06+00:00","article_modified_time":"2019-12-26T17:48:02+00:00","og_image":[{"width":795,"height":795,"url":"https:\/\/www.salesianos.edu\/revistasmx\/wp-content\/uploads\/sites\/8\/2019\/12\/Foto-Julio-.jpg","type":"image\/jpeg"}],"author":"joseluisgarciamoscoso","twitter_card":"summary_large_image","twitter_misc":{"Escrito por":"joseluisgarciamoscoso","Tiempo de lectura":"4 minutos"},"schema":{"@context":"https:\/\/schema.org","@graph":[{"@type":"Article","@id":"http:\/\/www.salesianos.edu\/revistasmx\/ca\/coneixent-julio-fernandez-aspirant-a-salesia-cooperador\/#article","isPartOf":{"@id":"http:\/\/www.salesianos.edu\/revistasmx\/ca\/coneixent-julio-fernandez-aspirant-a-salesia-cooperador\/"},"author":{"name":"joseluisgarciamoscoso","@id":"http:\/\/www.salesianos.edu\/revistasmx\/#\/schema\/person\/a1d72ee5373cce7347fb2993ba9f47d6"},"headline":"Coneixent Julio Fern\u00e1ndez, aspirant a salesi\u00e0 cooperador","datePublished":"2019-12-24T13:00:06+00:00","dateModified":"2019-12-26T17:48:02+00:00","mainEntityOfPage":{"@id":"http:\/\/www.salesianos.edu\/revistasmx\/ca\/coneixent-julio-fernandez-aspirant-a-salesia-cooperador\/"},"wordCount":862,"commentCount":0,"image":{"@id":"http:\/\/www.salesianos.edu\/revistasmx\/ca\/coneixent-julio-fernandez-aspirant-a-salesia-cooperador\/#primaryimage"},"thumbnailUrl":"http:\/\/www.salesianos.edu\/revistasmx\/wp-content\/uploads\/sites\/8\/2019\/12\/Foto-Julio-.jpg","keywords":["SMX 53"],"articleSection":["Coneixent a","VINE I SEGUEIX-ME"],"inLanguage":"es","potentialAction":[{"@type":"CommentAction","name":"Comment","target":["http:\/\/www.salesianos.edu\/revistasmx\/ca\/coneixent-julio-fernandez-aspirant-a-salesia-cooperador\/#respond"]}]},{"@type":"WebPage","@id":"http:\/\/www.salesianos.edu\/revistasmx\/ca\/coneixent-julio-fernandez-aspirant-a-salesia-cooperador\/","url":"http:\/\/www.salesianos.edu\/revistasmx\/ca\/coneixent-julio-fernandez-aspirant-a-salesia-cooperador\/","name":"Coneixent Julio Fern\u00e1ndez, aspirant a salesi\u00e0 cooperador - Revista SMX","isPartOf":{"@id":"http:\/\/www.salesianos.edu\/revistasmx\/#website"},"primaryImageOfPage":{"@id":"http:\/\/www.salesianos.edu\/revistasmx\/ca\/coneixent-julio-fernandez-aspirant-a-salesia-cooperador\/#primaryimage"},"image":{"@id":"http:\/\/www.salesianos.edu\/revistasmx\/ca\/coneixent-julio-fernandez-aspirant-a-salesia-cooperador\/#primaryimage"},"thumbnailUrl":"http:\/\/www.salesianos.edu\/revistasmx\/wp-content\/uploads\/sites\/8\/2019\/12\/Foto-Julio-.jpg","datePublished":"2019-12-24T13:00:06+00:00","dateModified":"2019-12-26T17:48:02+00:00","author":{"@id":"http:\/\/www.salesianos.edu\/revistasmx\/#\/schema\/person\/a1d72ee5373cce7347fb2993ba9f47d6"},"description":"Va n\u00e9ixer el 23 de juny de 1995, precisament el dia en qu\u00e8 la Fam\u00edlia Salesiana celebra la festa de Sant Josep Cafasso, confessor i director espiritual de Sant Joan Bosco durant molts anys.","breadcrumb":{"@id":"http:\/\/www.salesianos.edu\/revistasmx\/ca\/coneixent-julio-fernandez-aspirant-a-salesia-cooperador\/#breadcrumb"},"inLanguage":"es","potentialAction":[{"@type":"ReadAction","target":["http:\/\/www.salesianos.edu\/revistasmx\/ca\/coneixent-julio-fernandez-aspirant-a-salesia-cooperador\/"]}]},{"@type":"ImageObject","inLanguage":"es","@id":"http:\/\/www.salesianos.edu\/revistasmx\/ca\/coneixent-julio-fernandez-aspirant-a-salesia-cooperador\/#primaryimage","url":"http:\/\/www.salesianos.edu\/revistasmx\/wp-content\/uploads\/sites\/8\/2019\/12\/Foto-Julio-.jpg","contentUrl":"http:\/\/www.salesianos.edu\/revistasmx\/wp-content\/uploads\/sites\/8\/2019\/12\/Foto-Julio-.jpg","width":795,"height":795},{"@type":"BreadcrumbList","@id":"http:\/\/www.salesianos.edu\/revistasmx\/ca\/coneixent-julio-fernandez-aspirant-a-salesia-cooperador\/#breadcrumb","itemListElement":[{"@type":"ListItem","position":1,"name":"Portada","item":"https:\/\/www.salesianos.edu\/revistasmx\/"},{"@type":"ListItem","position":2,"name":"Coneixent Julio Fern\u00e1ndez, aspirant a salesi\u00e0 cooperador"}]},{"@type":"WebSite","@id":"http:\/\/www.salesianos.edu\/revistasmx\/#website","url":"http:\/\/www.salesianos.edu\/revistasmx\/","name":"Revista SMX","description":"P\u00e1gina oficial de Inspector\u00eda Salesiana Mar\u00eda Auxiliadora","potentialAction":[{"@type":"SearchAction","target":{"@type":"EntryPoint","urlTemplate":"http:\/\/www.salesianos.edu\/revistasmx\/?s={search_term_string}"},"query-input":{"@type":"PropertyValueSpecification","valueRequired":true,"valueName":"search_term_string"}}],"inLanguage":"es"},{"@type":"Person","@id":"http:\/\/www.salesianos.edu\/revistasmx\/#\/schema\/person\/a1d72ee5373cce7347fb2993ba9f47d6","name":"joseluisgarciamoscoso","image":{"@type":"ImageObject","inLanguage":"es","@id":"https:\/\/secure.gravatar.com\/avatar\/3fda3a0b2db3bc9a39871e47cbd526b42d6c3b74755b7ae1400a87b2913fea6a?s=96&d=mm&r=g","url":"https:\/\/secure.gravatar.com\/avatar\/3fda3a0b2db3bc9a39871e47cbd526b42d6c3b74755b7ae1400a87b2913fea6a?s=96&d=mm&r=g","contentUrl":"https:\/\/secure.gravatar.com\/avatar\/3fda3a0b2db3bc9a39871e47cbd526b42d6c3b74755b7ae1400a87b2913fea6a?s=96&d=mm&r=g","caption":"joseluisgarciamoscoso"}}]}},"_links":{"self":[{"href":"http:\/\/www.salesianos.edu\/revistasmx\/wp-json\/wp\/v2\/posts\/12869","targetHints":{"allow":["GET"]}}],"collection":[{"href":"http:\/\/www.salesianos.edu\/revistasmx\/wp-json\/wp\/v2\/posts"}],"about":[{"href":"http:\/\/www.salesianos.edu\/revistasmx\/wp-json\/wp\/v2\/types\/post"}],"author":[{"embeddable":true,"href":"http:\/\/www.salesianos.edu\/revistasmx\/wp-json\/wp\/v2\/users\/12"}],"replies":[{"embeddable":true,"href":"http:\/\/www.salesianos.edu\/revistasmx\/wp-json\/wp\/v2\/comments?post=12869"}],"version-history":[{"count":4,"href":"http:\/\/www.salesianos.edu\/revistasmx\/wp-json\/wp\/v2\/posts\/12869\/revisions"}],"predecessor-version":[{"id":12874,"href":"http:\/\/www.salesianos.edu\/revistasmx\/wp-json\/wp\/v2\/posts\/12869\/revisions\/12874"}],"wp:featuredmedia":[{"embeddable":true,"href":"http:\/\/www.salesianos.edu\/revistasmx\/wp-json\/wp\/v2\/media\/12864"}],"wp:attachment":[{"href":"http:\/\/www.salesianos.edu\/revistasmx\/wp-json\/wp\/v2\/media?parent=12869"}],"wp:term":[{"taxonomy":"category","embeddable":true,"href":"http:\/\/www.salesianos.edu\/revistasmx\/wp-json\/wp\/v2\/categories?post=12869"},{"taxonomy":"post_tag","embeddable":true,"href":"http:\/\/www.salesianos.edu\/revistasmx\/wp-json\/wp\/v2\/tags?post=12869"}],"curies":[{"name":"wp","href":"https:\/\/api.w.org\/{rel}","templated":true}]}}