{"id":12665,"date":"2019-11-24T14:15:07","date_gmt":"2019-11-24T13:15:07","guid":{"rendered":"http:\/\/www.salesianos.edu\/revistasmx\/?p=12665"},"modified":"2019-11-29T18:47:02","modified_gmt":"2019-11-29T17:47:02","slug":"coneixent-manuel-ruperez-salesia-coadjutor","status":"publish","type":"post","link":"http:\/\/www.salesianos.edu\/revistasmx\/ca\/coneixent-manuel-ruperez-salesia-coadjutor\/","title":{"rendered":"Coneixent Manuel Rup\u00e9rez, salesi\u00e0 coadjutor"},"content":{"rendered":"<div id=\"fb-root\"><\/div>\n<p>[et_pb_section fb_built=\u00bb1&#8243; admin_label=\u00bbsection\u00bb _builder_version=\u00bb3.22&#8243;][et_pb_row admin_label=\u00bbrow\u00bb _builder_version=\u00bb3.25&#8243; background_size=\u00bbinitial\u00bb background_position=\u00bbtop_left\u00bb background_repeat=\u00bbrepeat\u00bb][et_pb_column type=\u00bb4_4&#8243; _builder_version=\u00bb3.25&#8243; custom_padding=\u00bb|||\u00bb custom_padding__hover=\u00bb|||\u00bb][et_pb_image src=\u00bbhttps:\/\/www.salesianos.edu\/revistasmx\/wp-content\/uploads\/sites\/8\/2019\/11\/Conociendo-Manuel-Ruiz&#8211;scaled.jpg\u00bb _builder_version=\u00bb4.0.6&#8243;][\/et_pb_image][et_pb_text _builder_version=\u00bb4.0.6&#8243;]<\/p>\n<p>Manuel va n\u00e9ixer a la vila de Madrid, l&#8217;any 1980. Fill \u00fanic. Va perdre els seus pares sent jove. Aquesta experi\u00e8ncia va marcar el seu cor, encara que va trobar en els seus amics una veritable fam\u00edlia, que l&#8217;acompanya des de fa m\u00e9s de 20 anys.<\/p>\n<p>Va estudiar als Salesians d&#8217;Atocha, per posteriorment llicenciar-se en enginyeria industrial. Li agrada llegir, passejar per Madrid, la poesia i el teatre. Despr\u00e9s d&#8217;anys de buscar com viure la fe, un rec\u00e9s amb els monjos benedictins i una experi\u00e8ncia de voluntariat missioner a la Rep\u00fablica Dominicana, van ser claus per a plantejar-se la possibilitat de ser religi\u00f3s.<\/p>\n<p>Va fer el noviciat a Granada, professant com a salesi\u00e0 el 16 d&#8217;agost de 2012. I la professi\u00f3 perp\u00e8tua, a l&#8217;any 2018. Despr\u00e9s de concloure la seva formaci\u00f3 inicial va marxar a Filipines-Mal\u00e0isia.<\/p>\n<p>Se sent content de ser salesi\u00e0. Creu que l&#8217;opci\u00f3 feta val la pena.<\/p>\n<p>&nbsp;<\/p>\n<p><strong>ViS: Manuel, on et trobes ara mateix i qu\u00e8 est\u00e0s fent?<\/strong><\/p>\n<p>M: Ara soc a Barcelona. En l&#8217;obra de Mart\u00ed Codolar ha comen\u00e7at, aquest curs, el projecte d&#8217;una casa de formaci\u00f3 salesiana, on m&#8217;han demanat que m&#8217;uneixi com a formador. Correspon a l&#8217;\u00faltima etapa de la formaci\u00f3 inicial, i est\u00e0 especialment pensada per als salesians coadjutors; \u00e9s a dir, per als salesians que, sense la perspectiva de ser sacerdots, completen la seva formaci\u00f3 teol\u00f2gica i pastoral.<\/p>\n<p>&nbsp;<\/p>\n<p><strong>ViS: Per qu\u00e8 salesi\u00e0 coadjutor?<\/strong><\/p>\n<p>M: El desig de Don Bosco va ser el de crear una fam\u00edlia gran, i quan va decidir fundar la congregaci\u00f3 salesiana, va voler que tots, laics i sacerdots, pogu\u00e9ssim seguir l&#8217;estil de vida religiosa. Ser coadjutor significa apostar per la vida religiosa, la fraternitat i el lliurament total als joves. I ho puc viure de manera plena sense sentir-me, per aix\u00f2, cridat al sacerdoci. M\u2019apropa a l&#8217;escola i al treball encarnant a la meva manera la figura del Bon Pastor, que \u00e9s el model que va inspirar Don Bosco a l&#8217;hora d&#8217;estimar i educar els joves.<\/p>\n<p>&nbsp;<\/p>\n<p><strong>ViS: Com vas descobrir que D\u00e9u et cridava a ser salesi\u00e0? Vas tenir alguna dificultat? Com la vas superar?<\/strong><\/p>\n<p>M: Quan vaig pensar en la vida religiosa, vaig adonar-me que els salesians m&#8217;havien ensenyat una forma d&#8217;educar i de viure la fe, que m&#8217;havien mostrat un \u00abestil\u00bb que jo podia seguir. Aquests primers anys han estat preciosos i he viscut moltes experi\u00e8ncies. No puc dir que hagi tingut dificultats serioses. Al contrari, he tingut molta sort. Puc sentir-me bene\u00eft fins i tot en alguns moments en qu\u00e8 em va costar entendre m\u00e9s.<\/p>\n<p>&nbsp;<\/p>\n<p><strong>ViS: Qu\u00e8 han aportat a la teva vida les experi\u00e8ncies missioneres a Am\u00e8rica i a \u00c0sia?<\/strong><\/p>\n<p>M: M&#8217;han ajudat a saber descobrir D\u00e9u en la senzillesa, en tantes persones bones. M&#8217;adono, a m\u00e9s, que no podem mantenir un discurs local, que hi ha moltes barreres per enderrocar i que no tenim dret a mirar-nos el melic. A Europa volem seguir tenint la resposta per als problemes que de vegades creem nosaltres.<\/p>\n<p>&nbsp;<\/p>\n<p><strong>ViS: Qu\u00e8 \u00e9s el que m\u00e9s admires de Don Bosco?<\/strong><\/p>\n<p>M: Admiro el Don Bosco que, amb seixanta anys, va descobrir tot el que podrien fer \u00abels seus salesians\u00bb i es va dedicar fins al l\u00edmit de les seves forces a fer-ho possible. Sabia que era possible una cosa molt m\u00e9s gran que un Oratori gran i va veure que en aquesta oportunitat D\u00e9u li demanava quelcom de molt bonic, encara que amb molts sacrificis. Crec que aquest zel de Don Bosco anima a tenir un cor molt gener\u00f3s per\u00f2 tamb\u00e9 a sentir-nos molt a prop de D\u00e9u per tal que de veritat els joves trobin el que es mereixen.<\/p>\n<p>&nbsp;<\/p>\n<p><strong>ViS: Coneixes algun jove que estigui plantejant-se la seva vocaci\u00f3? Qu\u00e8 li diries?<\/strong><\/p>\n<p>M: Hi ha un jove ara al Noviciat que vaig con\u00e8ixer durant el meu tirocini. Abans de marxar, li vaig dir que no an\u00e9s \u00aba veure qu\u00e8 vol D\u00e9u\u00bb, com si la confirmaci\u00f3 vingu\u00e9s de fora. Que respongui al seu noble desig, que ja D\u00e9u se servir\u00e0 de l&#8217;ordinari, d&#8217;altres germans, dels joves&#8230; per parlar clar des del propi cor. De vegades tenim por de fer passos enrere, que ens tanquin portes. Nom\u00e9s apostant de veritat per all\u00f2 que sentim que ve de D\u00e9u fem que la vida valgui la pena.<\/p>\n<p><strong>Moltes gr\u00e0cies <\/strong><\/p>\n<p>[\/et_pb_text][\/et_pb_column][\/et_pb_row][\/et_pb_section]<\/p>\n","protected":false},"excerpt":{"rendered":"<p>Manuel va n\u00e9ixer a la vila de Madrid, l&#8217;any 1980. Fill \u00fanic. Va perdre els seus pares sent jove. Aquesta experi\u00e8ncia va marcar el seu cor, encara que va trobar en els seus amics una veritable fam\u00edlia, que l&#8217;acompanya des de fa m\u00e9s de 20 anys.<\/p>\n","protected":false},"author":12,"featured_media":12540,"comment_status":"open","ping_status":"closed","sticky":false,"template":"","format":"standard","meta":{"_et_pb_use_builder":"on","_et_pb_old_content":"","_et_gb_content_width":"","footnotes":""},"categories":[142,84],"tags":[],"class_list":["post-12665","post","type-post","status-publish","format-standard","has-post-thumbnail","hentry","category-coneixent-a","category-vine-i-segueix-me"],"yoast_head":"<!-- This site is optimized with the Yoast SEO plugin v27.5 - https:\/\/yoast.com\/product\/yoast-seo-wordpress\/ -->\n<title>Coneixent Manuel Rup\u00e9rez, salesi\u00e0 coadjutor - Revista SMX<\/title>\n<meta name=\"description\" content=\"Manuel va n\u00e9ixer a la vila de Madrid, l&#039;any 1980. Fill \u00fanic. Va perdre els seus pares sent jove. Aquesta experi\u00e8ncia va marcar el seu cor, encara que va trobar en els seus amics una veritable fam\u00edlia, que l&#039;acompanya des de fa m\u00e9s de 20 anys.\" \/>\n<meta name=\"robots\" content=\"index, follow, max-snippet:-1, max-image-preview:large, max-video-preview:-1\" \/>\n<link rel=\"canonical\" href=\"http:\/\/www.salesianos.edu\/revistasmx\/ca\/coneixent-manuel-ruperez-salesia-coadjutor\/\" \/>\n<meta property=\"og:locale\" content=\"es_ES\" \/>\n<meta property=\"og:type\" content=\"article\" \/>\n<meta property=\"og:title\" content=\"Coneixent Manuel Rup\u00e9rez, salesi\u00e0 coadjutor - Revista SMX\" \/>\n<meta property=\"og:description\" content=\"Manuel va n\u00e9ixer a la vila de Madrid, l&#039;any 1980. Fill \u00fanic. Va perdre els seus pares sent jove. Aquesta experi\u00e8ncia va marcar el seu cor, encara que va trobar en els seus amics una veritable fam\u00edlia, que l&#039;acompanya des de fa m\u00e9s de 20 anys.\" \/>\n<meta property=\"og:url\" content=\"http:\/\/www.salesianos.edu\/revistasmx\/ca\/coneixent-manuel-ruperez-salesia-coadjutor\/\" \/>\n<meta property=\"og:site_name\" content=\"Revista SMX\" \/>\n<meta property=\"article:published_time\" content=\"2019-11-24T13:15:07+00:00\" \/>\n<meta property=\"article:modified_time\" content=\"2019-11-29T17:47:02+00:00\" \/>\n<meta property=\"og:image\" content=\"https:\/\/www.salesianos.edu\/revistasmx\/wp-content\/uploads\/sites\/8\/2019\/11\/Conociendo-Manuel-Ruiz--scaled.jpg\" \/>\n\t<meta property=\"og:image:width\" content=\"2560\" \/>\n\t<meta property=\"og:image:height\" content=\"1920\" \/>\n\t<meta property=\"og:image:type\" content=\"image\/jpeg\" \/>\n<meta name=\"author\" content=\"joseluisgarciamoscoso\" \/>\n<meta name=\"twitter:card\" content=\"summary_large_image\" \/>\n<meta name=\"twitter:label1\" content=\"Escrito por\" \/>\n\t<meta name=\"twitter:data1\" content=\"joseluisgarciamoscoso\" \/>\n\t<meta name=\"twitter:label2\" content=\"Tiempo de lectura\" \/>\n\t<meta name=\"twitter:data2\" content=\"4 minutos\" \/>\n<script type=\"application\/ld+json\" class=\"yoast-schema-graph\">{\"@context\":\"https:\\\/\\\/schema.org\",\"@graph\":[{\"@type\":\"Article\",\"@id\":\"http:\\\/\\\/www.salesianos.edu\\\/revistasmx\\\/ca\\\/coneixent-manuel-ruperez-salesia-coadjutor\\\/#article\",\"isPartOf\":{\"@id\":\"http:\\\/\\\/www.salesianos.edu\\\/revistasmx\\\/ca\\\/coneixent-manuel-ruperez-salesia-coadjutor\\\/\"},\"author\":{\"name\":\"joseluisgarciamoscoso\",\"@id\":\"http:\\\/\\\/www.salesianos.edu\\\/revistasmx\\\/#\\\/schema\\\/person\\\/a1d72ee5373cce7347fb2993ba9f47d6\"},\"headline\":\"Coneixent Manuel Rup\u00e9rez, salesi\u00e0 coadjutor\",\"datePublished\":\"2019-11-24T13:15:07+00:00\",\"dateModified\":\"2019-11-29T17:47:02+00:00\",\"mainEntityOfPage\":{\"@id\":\"http:\\\/\\\/www.salesianos.edu\\\/revistasmx\\\/ca\\\/coneixent-manuel-ruperez-salesia-coadjutor\\\/\"},\"wordCount\":851,\"commentCount\":0,\"image\":{\"@id\":\"http:\\\/\\\/www.salesianos.edu\\\/revistasmx\\\/ca\\\/coneixent-manuel-ruperez-salesia-coadjutor\\\/#primaryimage\"},\"thumbnailUrl\":\"http:\\\/\\\/www.salesianos.edu\\\/revistasmx\\\/wp-content\\\/uploads\\\/sites\\\/8\\\/2019\\\/11\\\/Conociendo-Manuel-Ruiz--scaled.jpg\",\"articleSection\":[\"Coneixent a\",\"VINE I SEGUEIX-ME\"],\"inLanguage\":\"es\",\"potentialAction\":[{\"@type\":\"CommentAction\",\"name\":\"Comment\",\"target\":[\"http:\\\/\\\/www.salesianos.edu\\\/revistasmx\\\/ca\\\/coneixent-manuel-ruperez-salesia-coadjutor\\\/#respond\"]}]},{\"@type\":\"WebPage\",\"@id\":\"http:\\\/\\\/www.salesianos.edu\\\/revistasmx\\\/ca\\\/coneixent-manuel-ruperez-salesia-coadjutor\\\/\",\"url\":\"http:\\\/\\\/www.salesianos.edu\\\/revistasmx\\\/ca\\\/coneixent-manuel-ruperez-salesia-coadjutor\\\/\",\"name\":\"Coneixent Manuel Rup\u00e9rez, salesi\u00e0 coadjutor - Revista SMX\",\"isPartOf\":{\"@id\":\"http:\\\/\\\/www.salesianos.edu\\\/revistasmx\\\/#website\"},\"primaryImageOfPage\":{\"@id\":\"http:\\\/\\\/www.salesianos.edu\\\/revistasmx\\\/ca\\\/coneixent-manuel-ruperez-salesia-coadjutor\\\/#primaryimage\"},\"image\":{\"@id\":\"http:\\\/\\\/www.salesianos.edu\\\/revistasmx\\\/ca\\\/coneixent-manuel-ruperez-salesia-coadjutor\\\/#primaryimage\"},\"thumbnailUrl\":\"http:\\\/\\\/www.salesianos.edu\\\/revistasmx\\\/wp-content\\\/uploads\\\/sites\\\/8\\\/2019\\\/11\\\/Conociendo-Manuel-Ruiz--scaled.jpg\",\"datePublished\":\"2019-11-24T13:15:07+00:00\",\"dateModified\":\"2019-11-29T17:47:02+00:00\",\"author\":{\"@id\":\"http:\\\/\\\/www.salesianos.edu\\\/revistasmx\\\/#\\\/schema\\\/person\\\/a1d72ee5373cce7347fb2993ba9f47d6\"},\"description\":\"Manuel va n\u00e9ixer a la vila de Madrid, l'any 1980. Fill \u00fanic. Va perdre els seus pares sent jove. Aquesta experi\u00e8ncia va marcar el seu cor, encara que va trobar en els seus amics una veritable fam\u00edlia, que l'acompanya des de fa m\u00e9s de 20 anys.\",\"breadcrumb\":{\"@id\":\"http:\\\/\\\/www.salesianos.edu\\\/revistasmx\\\/ca\\\/coneixent-manuel-ruperez-salesia-coadjutor\\\/#breadcrumb\"},\"inLanguage\":\"es\",\"potentialAction\":[{\"@type\":\"ReadAction\",\"target\":[\"http:\\\/\\\/www.salesianos.edu\\\/revistasmx\\\/ca\\\/coneixent-manuel-ruperez-salesia-coadjutor\\\/\"]}]},{\"@type\":\"ImageObject\",\"inLanguage\":\"es\",\"@id\":\"http:\\\/\\\/www.salesianos.edu\\\/revistasmx\\\/ca\\\/coneixent-manuel-ruperez-salesia-coadjutor\\\/#primaryimage\",\"url\":\"http:\\\/\\\/www.salesianos.edu\\\/revistasmx\\\/wp-content\\\/uploads\\\/sites\\\/8\\\/2019\\\/11\\\/Conociendo-Manuel-Ruiz--scaled.jpg\",\"contentUrl\":\"http:\\\/\\\/www.salesianos.edu\\\/revistasmx\\\/wp-content\\\/uploads\\\/sites\\\/8\\\/2019\\\/11\\\/Conociendo-Manuel-Ruiz--scaled.jpg\",\"width\":2560,\"height\":1920},{\"@type\":\"BreadcrumbList\",\"@id\":\"http:\\\/\\\/www.salesianos.edu\\\/revistasmx\\\/ca\\\/coneixent-manuel-ruperez-salesia-coadjutor\\\/#breadcrumb\",\"itemListElement\":[{\"@type\":\"ListItem\",\"position\":1,\"name\":\"Portada\",\"item\":\"https:\\\/\\\/www.salesianos.edu\\\/revistasmx\\\/\"},{\"@type\":\"ListItem\",\"position\":2,\"name\":\"Coneixent Manuel Rup\u00e9rez, salesi\u00e0 coadjutor\"}]},{\"@type\":\"WebSite\",\"@id\":\"http:\\\/\\\/www.salesianos.edu\\\/revistasmx\\\/#website\",\"url\":\"http:\\\/\\\/www.salesianos.edu\\\/revistasmx\\\/\",\"name\":\"Revista SMX\",\"description\":\"P\u00e1gina oficial de Inspector\u00eda Salesiana Mar\u00eda Auxiliadora\",\"potentialAction\":[{\"@type\":\"SearchAction\",\"target\":{\"@type\":\"EntryPoint\",\"urlTemplate\":\"http:\\\/\\\/www.salesianos.edu\\\/revistasmx\\\/?s={search_term_string}\"},\"query-input\":{\"@type\":\"PropertyValueSpecification\",\"valueRequired\":true,\"valueName\":\"search_term_string\"}}],\"inLanguage\":\"es\"},{\"@type\":\"Person\",\"@id\":\"http:\\\/\\\/www.salesianos.edu\\\/revistasmx\\\/#\\\/schema\\\/person\\\/a1d72ee5373cce7347fb2993ba9f47d6\",\"name\":\"joseluisgarciamoscoso\",\"image\":{\"@type\":\"ImageObject\",\"inLanguage\":\"es\",\"@id\":\"https:\\\/\\\/secure.gravatar.com\\\/avatar\\\/3fda3a0b2db3bc9a39871e47cbd526b42d6c3b74755b7ae1400a87b2913fea6a?s=96&d=mm&r=g\",\"url\":\"https:\\\/\\\/secure.gravatar.com\\\/avatar\\\/3fda3a0b2db3bc9a39871e47cbd526b42d6c3b74755b7ae1400a87b2913fea6a?s=96&d=mm&r=g\",\"contentUrl\":\"https:\\\/\\\/secure.gravatar.com\\\/avatar\\\/3fda3a0b2db3bc9a39871e47cbd526b42d6c3b74755b7ae1400a87b2913fea6a?s=96&d=mm&r=g\",\"caption\":\"joseluisgarciamoscoso\"}}]}<\/script>\n<!-- \/ Yoast SEO plugin. -->","yoast_head_json":{"title":"Coneixent Manuel Rup\u00e9rez, salesi\u00e0 coadjutor - Revista SMX","description":"Manuel va n\u00e9ixer a la vila de Madrid, l'any 1980. Fill \u00fanic. Va perdre els seus pares sent jove. Aquesta experi\u00e8ncia va marcar el seu cor, encara que va trobar en els seus amics una veritable fam\u00edlia, que l'acompanya des de fa m\u00e9s de 20 anys.","robots":{"index":"index","follow":"follow","max-snippet":"max-snippet:-1","max-image-preview":"max-image-preview:large","max-video-preview":"max-video-preview:-1"},"canonical":"http:\/\/www.salesianos.edu\/revistasmx\/ca\/coneixent-manuel-ruperez-salesia-coadjutor\/","og_locale":"es_ES","og_type":"article","og_title":"Coneixent Manuel Rup\u00e9rez, salesi\u00e0 coadjutor - Revista SMX","og_description":"Manuel va n\u00e9ixer a la vila de Madrid, l'any 1980. Fill \u00fanic. Va perdre els seus pares sent jove. Aquesta experi\u00e8ncia va marcar el seu cor, encara que va trobar en els seus amics una veritable fam\u00edlia, que l'acompanya des de fa m\u00e9s de 20 anys.","og_url":"http:\/\/www.salesianos.edu\/revistasmx\/ca\/coneixent-manuel-ruperez-salesia-coadjutor\/","og_site_name":"Revista SMX","article_published_time":"2019-11-24T13:15:07+00:00","article_modified_time":"2019-11-29T17:47:02+00:00","og_image":[{"width":2560,"height":1920,"url":"https:\/\/www.salesianos.edu\/revistasmx\/wp-content\/uploads\/sites\/8\/2019\/11\/Conociendo-Manuel-Ruiz--scaled.jpg","type":"image\/jpeg"}],"author":"joseluisgarciamoscoso","twitter_card":"summary_large_image","twitter_misc":{"Escrito por":"joseluisgarciamoscoso","Tiempo de lectura":"4 minutos"},"schema":{"@context":"https:\/\/schema.org","@graph":[{"@type":"Article","@id":"http:\/\/www.salesianos.edu\/revistasmx\/ca\/coneixent-manuel-ruperez-salesia-coadjutor\/#article","isPartOf":{"@id":"http:\/\/www.salesianos.edu\/revistasmx\/ca\/coneixent-manuel-ruperez-salesia-coadjutor\/"},"author":{"name":"joseluisgarciamoscoso","@id":"http:\/\/www.salesianos.edu\/revistasmx\/#\/schema\/person\/a1d72ee5373cce7347fb2993ba9f47d6"},"headline":"Coneixent Manuel Rup\u00e9rez, salesi\u00e0 coadjutor","datePublished":"2019-11-24T13:15:07+00:00","dateModified":"2019-11-29T17:47:02+00:00","mainEntityOfPage":{"@id":"http:\/\/www.salesianos.edu\/revistasmx\/ca\/coneixent-manuel-ruperez-salesia-coadjutor\/"},"wordCount":851,"commentCount":0,"image":{"@id":"http:\/\/www.salesianos.edu\/revistasmx\/ca\/coneixent-manuel-ruperez-salesia-coadjutor\/#primaryimage"},"thumbnailUrl":"http:\/\/www.salesianos.edu\/revistasmx\/wp-content\/uploads\/sites\/8\/2019\/11\/Conociendo-Manuel-Ruiz--scaled.jpg","articleSection":["Coneixent a","VINE I SEGUEIX-ME"],"inLanguage":"es","potentialAction":[{"@type":"CommentAction","name":"Comment","target":["http:\/\/www.salesianos.edu\/revistasmx\/ca\/coneixent-manuel-ruperez-salesia-coadjutor\/#respond"]}]},{"@type":"WebPage","@id":"http:\/\/www.salesianos.edu\/revistasmx\/ca\/coneixent-manuel-ruperez-salesia-coadjutor\/","url":"http:\/\/www.salesianos.edu\/revistasmx\/ca\/coneixent-manuel-ruperez-salesia-coadjutor\/","name":"Coneixent Manuel Rup\u00e9rez, salesi\u00e0 coadjutor - Revista SMX","isPartOf":{"@id":"http:\/\/www.salesianos.edu\/revistasmx\/#website"},"primaryImageOfPage":{"@id":"http:\/\/www.salesianos.edu\/revistasmx\/ca\/coneixent-manuel-ruperez-salesia-coadjutor\/#primaryimage"},"image":{"@id":"http:\/\/www.salesianos.edu\/revistasmx\/ca\/coneixent-manuel-ruperez-salesia-coadjutor\/#primaryimage"},"thumbnailUrl":"http:\/\/www.salesianos.edu\/revistasmx\/wp-content\/uploads\/sites\/8\/2019\/11\/Conociendo-Manuel-Ruiz--scaled.jpg","datePublished":"2019-11-24T13:15:07+00:00","dateModified":"2019-11-29T17:47:02+00:00","author":{"@id":"http:\/\/www.salesianos.edu\/revistasmx\/#\/schema\/person\/a1d72ee5373cce7347fb2993ba9f47d6"},"description":"Manuel va n\u00e9ixer a la vila de Madrid, l'any 1980. Fill \u00fanic. Va perdre els seus pares sent jove. Aquesta experi\u00e8ncia va marcar el seu cor, encara que va trobar en els seus amics una veritable fam\u00edlia, que l'acompanya des de fa m\u00e9s de 20 anys.","breadcrumb":{"@id":"http:\/\/www.salesianos.edu\/revistasmx\/ca\/coneixent-manuel-ruperez-salesia-coadjutor\/#breadcrumb"},"inLanguage":"es","potentialAction":[{"@type":"ReadAction","target":["http:\/\/www.salesianos.edu\/revistasmx\/ca\/coneixent-manuel-ruperez-salesia-coadjutor\/"]}]},{"@type":"ImageObject","inLanguage":"es","@id":"http:\/\/www.salesianos.edu\/revistasmx\/ca\/coneixent-manuel-ruperez-salesia-coadjutor\/#primaryimage","url":"http:\/\/www.salesianos.edu\/revistasmx\/wp-content\/uploads\/sites\/8\/2019\/11\/Conociendo-Manuel-Ruiz--scaled.jpg","contentUrl":"http:\/\/www.salesianos.edu\/revistasmx\/wp-content\/uploads\/sites\/8\/2019\/11\/Conociendo-Manuel-Ruiz--scaled.jpg","width":2560,"height":1920},{"@type":"BreadcrumbList","@id":"http:\/\/www.salesianos.edu\/revistasmx\/ca\/coneixent-manuel-ruperez-salesia-coadjutor\/#breadcrumb","itemListElement":[{"@type":"ListItem","position":1,"name":"Portada","item":"https:\/\/www.salesianos.edu\/revistasmx\/"},{"@type":"ListItem","position":2,"name":"Coneixent Manuel Rup\u00e9rez, salesi\u00e0 coadjutor"}]},{"@type":"WebSite","@id":"http:\/\/www.salesianos.edu\/revistasmx\/#website","url":"http:\/\/www.salesianos.edu\/revistasmx\/","name":"Revista SMX","description":"P\u00e1gina oficial de Inspector\u00eda Salesiana Mar\u00eda Auxiliadora","potentialAction":[{"@type":"SearchAction","target":{"@type":"EntryPoint","urlTemplate":"http:\/\/www.salesianos.edu\/revistasmx\/?s={search_term_string}"},"query-input":{"@type":"PropertyValueSpecification","valueRequired":true,"valueName":"search_term_string"}}],"inLanguage":"es"},{"@type":"Person","@id":"http:\/\/www.salesianos.edu\/revistasmx\/#\/schema\/person\/a1d72ee5373cce7347fb2993ba9f47d6","name":"joseluisgarciamoscoso","image":{"@type":"ImageObject","inLanguage":"es","@id":"https:\/\/secure.gravatar.com\/avatar\/3fda3a0b2db3bc9a39871e47cbd526b42d6c3b74755b7ae1400a87b2913fea6a?s=96&d=mm&r=g","url":"https:\/\/secure.gravatar.com\/avatar\/3fda3a0b2db3bc9a39871e47cbd526b42d6c3b74755b7ae1400a87b2913fea6a?s=96&d=mm&r=g","contentUrl":"https:\/\/secure.gravatar.com\/avatar\/3fda3a0b2db3bc9a39871e47cbd526b42d6c3b74755b7ae1400a87b2913fea6a?s=96&d=mm&r=g","caption":"joseluisgarciamoscoso"}}]}},"_links":{"self":[{"href":"http:\/\/www.salesianos.edu\/revistasmx\/wp-json\/wp\/v2\/posts\/12665","targetHints":{"allow":["GET"]}}],"collection":[{"href":"http:\/\/www.salesianos.edu\/revistasmx\/wp-json\/wp\/v2\/posts"}],"about":[{"href":"http:\/\/www.salesianos.edu\/revistasmx\/wp-json\/wp\/v2\/types\/post"}],"author":[{"embeddable":true,"href":"http:\/\/www.salesianos.edu\/revistasmx\/wp-json\/wp\/v2\/users\/12"}],"replies":[{"embeddable":true,"href":"http:\/\/www.salesianos.edu\/revistasmx\/wp-json\/wp\/v2\/comments?post=12665"}],"version-history":[{"count":3,"href":"http:\/\/www.salesianos.edu\/revistasmx\/wp-json\/wp\/v2\/posts\/12665\/revisions"}],"predecessor-version":[{"id":12702,"href":"http:\/\/www.salesianos.edu\/revistasmx\/wp-json\/wp\/v2\/posts\/12665\/revisions\/12702"}],"wp:featuredmedia":[{"embeddable":true,"href":"http:\/\/www.salesianos.edu\/revistasmx\/wp-json\/wp\/v2\/media\/12540"}],"wp:attachment":[{"href":"http:\/\/www.salesianos.edu\/revistasmx\/wp-json\/wp\/v2\/media?parent=12665"}],"wp:term":[{"taxonomy":"category","embeddable":true,"href":"http:\/\/www.salesianos.edu\/revistasmx\/wp-json\/wp\/v2\/categories?post=12665"},{"taxonomy":"post_tag","embeddable":true,"href":"http:\/\/www.salesianos.edu\/revistasmx\/wp-json\/wp\/v2\/tags?post=12665"}],"curies":[{"name":"wp","href":"https:\/\/api.w.org\/{rel}","templated":true}]}}