{"id":12594,"date":"2019-11-29T11:27:53","date_gmt":"2019-11-29T10:27:53","guid":{"rendered":"http:\/\/www.salesianos.edu\/revistasmx\/?p=12594"},"modified":"2019-11-29T11:53:03","modified_gmt":"2019-11-29T10:53:03","slug":"la-obra-social-del-barrio-de-nostra-llar-nuestro-hogar-la-obra-salesiana-de-sabadell","status":"publish","type":"post","link":"http:\/\/www.salesianos.edu\/revistasmx\/la-obra-social-del-barrio-de-nostra-llar-nuestro-hogar-la-obra-salesiana-de-sabadell\/","title":{"rendered":"La Obra social del barrio de Nostra Llar (Nuestro Hogar): la Obra Salesiana de Sabadell"},"content":{"rendered":"<div id=\"fb-root\"><\/div>\n<p>[et_pb_section fb_built=\u00bb1&#8243; admin_label=\u00bbsection\u00bb _builder_version=\u00bb3.22&#8243;][et_pb_row admin_label=\u00bbrow\u00bb _builder_version=\u00bb3.25&#8243; background_size=\u00bbinitial\u00bb background_position=\u00bbtop_left\u00bb background_repeat=\u00bbrepeat\u00bb][et_pb_column type=\u00bb4_4&#8243; _builder_version=\u00bb3.25&#8243; custom_padding=\u00bb|||\u00bb custom_padding__hover=\u00bb|||\u00bb][et_pb_image src=\u00bbhttps:\/\/www.salesianos.edu\/revistasmx\/wp-content\/uploads\/sites\/8\/2019\/11\/ImagenDestacada.jpg\u00bb _builder_version=\u00bb4.0.6&#8243;][\/et_pb_image][et_pb_text _builder_version=\u00bb4.0.6&#8243;]Los salesianos se establecieron en Sabadell cuando la ciudad se encontraba en plena expansi\u00f3n industrial y demogr\u00e1fica. En los a\u00f1os 40-50 Sabadell recibi\u00f3 miles de inmigrantes provenientes de todo el territorio espa\u00f1ol por motivos econ\u00f3micos a ra\u00edz de la industria textil, o bien, por razones pol\u00edticas, evitando represalias pol\u00edticas. La falta de vivienda para la clase obrera, conjuntamente con los bajos sueldos, los llev\u00f3 a que muchos de estos reci\u00e9n llegados se instalaran en cuevas ubicadas en el talud del margen oeste del r\u00edo Ripoll, o bien, en barriadas donde conviv\u00edan en un piso de pocos metros cuadrados m\u00e1s de tres familias.<\/p>\n<p>El empresario Josep Garc\u00eda Planas, propietario de la empresa Art\u00e8xtil SA, proyect\u00f3 hacer una obra social en beneficio de los trabajadores de su f\u00e1brica ya que era conocedor de que muchos de sus trabajadores viv\u00edan en las cuevas de Sant Oleguer o bien, en barrios perif\u00e9ricos con escaseces. Esta obra social ten\u00eda una filosof\u00eda muy clara que se resumi\u00f3 en cuatro palabras: <strong>fe, cultura, vivienda y diversi\u00f3n.<\/strong><\/p>\n<p>Las Salesianas y los Salesianos tendr\u00e1n un papel clave en el desarrollo de esta filosof\u00eda, en la fe y la cultura con la construcci\u00f3n de una iglesia para la barriada y dos escuelas (una para ni\u00f1os y otra para ni\u00f1as).<\/p>\n<p>El hecho de desear que la formaci\u00f3n fuera humana, cristiana y, a la vez, profesionalizadora, hizo confiar la direcci\u00f3n de la escuela en los Salesianos y las Salesianas. Ya en aquellos a\u00f1os, la Obra salesiana, y concretamente la Escuela T\u00e9cnica de Sarri\u00e0, ten\u00eda gran renombre en el campo de la Formaci\u00f3n Profesional. Pero quien hace que se decida definitivamente son los Monjes de Montserrat, que asesoraron inicialmente al empresario. Esta fue la clave para que Garc\u00eda Planas reclamara a la congregaci\u00f3n salesiana el formar parte del barrio.<\/p>\n<p>Fue el propio arquitecto Santiago Casulleras y Forteza quien se dirige a Sarri\u00e0 para hablar con el provincial Salesiano y transmitir la idea de trasladar una congregaci\u00f3n en la ciudad de Sabadell.<\/p>\n<p>La construcci\u00f3n de la barriada, de las escuelas y de la iglesia se iniciaron a principios de 1955, pero la llegada de la comunidad salesiana se har\u00e1 esperar.<\/p>\n<p>Ya construido el edificio de la comunidad femenina, hacia las 5 de la tarde del 23 de octubre de 1958 llegan las tres primeras Salesianas<\/p>\n<p>Durante los primeros a\u00f1os de la presencia de las Hijas de M\u00aa Auxiliadora en Sabadell, la iglesia y parroquia de Sant Oleguer estaba todav\u00eda en construcci\u00f3n, fue a finales de 1960 cuando se erige definitivamente.<\/p>\n<p>La novedad del curso 1961\/1962 es el inicio de la escuela de los Salesianos y la llegada de toda la comunidad, un total de 4 salesianos, encabezados por el director ya la vez rector parroquial Joan Santaul\u00e0ria.<\/p>\n<p>El 29 de diciembre de 1966 la empresa Art\u00e8xtil cede las escuelas de Salesianos y Salesianas en las respectivas congregaciones. El m\u00f3vil que impuls\u00f3 Garc\u00eda Planas a efectuar estas donaciones fue la de dotar al barrio de un medio aut\u00f3nomo de educaci\u00f3n en su amplio sentido.<\/p>\n<p>En verano de 1968 se inicia el Centro Juvenil de las Salesianas. Aunque las dos escuelas a\u00fan estaban separadas, los alumnos de los Salesianos se integraban con las chicas durante su tiempo libre. Paralelamente a la creaci\u00f3n del Centro, se inicia un grupo vinculado a la escuela de los Salesianos. A\u00f1os m\u00e1s tarde, con la colaboraci\u00f3n de las dos comunidades se establece instaurar una \u00fanica escuela con la cesi\u00f3n de la titularidad en los Salesianos. Esta unificaci\u00f3n finalizar\u00e1 definitivamente en 1995.<br \/>\n[\/et_pb_text][et_pb_gallery gallery_ids=\u00bb12593,12591,12590&#8243; _builder_version=\u00bb4.0.6&#8243;][\/et_pb_gallery][\/et_pb_column][\/et_pb_row][\/et_pb_section]<\/p>\n","protected":false},"excerpt":{"rendered":"<p>Los salesianos se establecieron en Sabadell cuando la ciudad se encontraba en plena expansi\u00f3n industrial y demogr\u00e1fica. En los a\u00f1os 40-50 Sabadell recibi\u00f3 miles de inmigrantes provenientes de todo el territorio espa\u00f1ol por motivos econ\u00f3micos a ra\u00edz de la industria textil, o bien, por razones pol\u00edticas, evitando represalias pol\u00edticas. La falta de vivienda para la [&hellip;]<\/p>\n","protected":false},"author":12,"featured_media":12592,"comment_status":"open","ping_status":"closed","sticky":false,"template":"","format":"standard","meta":{"_et_pb_use_builder":"on","_et_pb_old_content":"","_et_gb_content_width":"","footnotes":""},"categories":[40],"tags":[],"class_list":["post-12594","post","type-post","status-publish","format-standard","has-post-thumbnail","hentry","category-imagen-historica"],"yoast_head":"<!-- This site is optimized with the Yoast SEO plugin v27.5 - https:\/\/yoast.com\/product\/yoast-seo-wordpress\/ -->\n<title>La Obra social del barrio de Nostra Llar (Nuestro Hogar): la Obra Salesiana de Sabadell - Revista SMX<\/title>\n<meta name=\"robots\" content=\"index, follow, max-snippet:-1, max-image-preview:large, max-video-preview:-1\" \/>\n<link rel=\"canonical\" href=\"http:\/\/www.salesianos.edu\/revistasmx\/la-obra-social-del-barrio-de-nostra-llar-nuestro-hogar-la-obra-salesiana-de-sabadell\/\" \/>\n<meta property=\"og:locale\" content=\"es_ES\" \/>\n<meta property=\"og:type\" content=\"article\" \/>\n<meta property=\"og:title\" content=\"La Obra social del barrio de Nostra Llar (Nuestro Hogar): la Obra Salesiana de Sabadell - Revista SMX\" \/>\n<meta property=\"og:description\" content=\"Titulo p\u00e1ginas Subtitulo 1 Lorem Ipsum es simplemente el texto de relleno de las imprentas y archivos de texto. Lorem Ipsum ha sido el texto de relleno est\u00e1ndar de las industrias desde el a\u00f1o 1500, cuando un impresor (N. del T. persona que se dedica a la imprenta) desconocido us\u00f3 una galer\u00eda de textos y [&hellip;]\" \/>\n<meta property=\"og:url\" content=\"http:\/\/www.salesianos.edu\/revistasmx\/la-obra-social-del-barrio-de-nostra-llar-nuestro-hogar-la-obra-salesiana-de-sabadell\/\" \/>\n<meta property=\"og:site_name\" content=\"Revista SMX\" \/>\n<meta property=\"article:published_time\" content=\"2019-11-29T10:27:53+00:00\" \/>\n<meta property=\"article:modified_time\" content=\"2019-11-29T10:53:03+00:00\" \/>\n<meta property=\"og:image\" content=\"https:\/\/www.salesianos.edu\/revistasmx\/wp-content\/uploads\/sites\/8\/2019\/11\/ImagenDestacada.jpg\" \/>\n\t<meta property=\"og:image:width\" content=\"600\" \/>\n\t<meta property=\"og:image:height\" content=\"400\" \/>\n\t<meta property=\"og:image:type\" content=\"image\/jpeg\" \/>\n<meta name=\"author\" content=\"joseluisgarciamoscoso\" \/>\n<meta name=\"twitter:card\" content=\"summary_large_image\" \/>\n<meta name=\"twitter:label1\" content=\"Escrito por\" \/>\n\t<meta name=\"twitter:data1\" content=\"joseluisgarciamoscoso\" \/>\n\t<meta name=\"twitter:label2\" content=\"Tiempo de lectura\" \/>\n\t<meta name=\"twitter:data2\" content=\"4 minutos\" \/>\n<script type=\"application\/ld+json\" class=\"yoast-schema-graph\">{\"@context\":\"https:\\\/\\\/schema.org\",\"@graph\":[{\"@type\":\"Article\",\"@id\":\"http:\\\/\\\/www.salesianos.edu\\\/revistasmx\\\/la-obra-social-del-barrio-de-nostra-llar-nuestro-hogar-la-obra-salesiana-de-sabadell\\\/#article\",\"isPartOf\":{\"@id\":\"http:\\\/\\\/www.salesianos.edu\\\/revistasmx\\\/la-obra-social-del-barrio-de-nostra-llar-nuestro-hogar-la-obra-salesiana-de-sabadell\\\/\"},\"author\":{\"name\":\"joseluisgarciamoscoso\",\"@id\":\"http:\\\/\\\/www.salesianos.edu\\\/revistasmx\\\/#\\\/schema\\\/person\\\/a1d72ee5373cce7347fb2993ba9f47d6\"},\"headline\":\"La Obra social del barrio de Nostra Llar (Nuestro Hogar): la Obra Salesiana de Sabadell\",\"datePublished\":\"2019-11-29T10:27:53+00:00\",\"dateModified\":\"2019-11-29T10:53:03+00:00\",\"mainEntityOfPage\":{\"@id\":\"http:\\\/\\\/www.salesianos.edu\\\/revistasmx\\\/la-obra-social-del-barrio-de-nostra-llar-nuestro-hogar-la-obra-salesiana-de-sabadell\\\/\"},\"wordCount\":720,\"commentCount\":0,\"image\":{\"@id\":\"http:\\\/\\\/www.salesianos.edu\\\/revistasmx\\\/la-obra-social-del-barrio-de-nostra-llar-nuestro-hogar-la-obra-salesiana-de-sabadell\\\/#primaryimage\"},\"thumbnailUrl\":\"http:\\\/\\\/www.salesianos.edu\\\/revistasmx\\\/wp-content\\\/uploads\\\/sites\\\/8\\\/2019\\\/11\\\/ImagenDestacada.jpg\",\"articleSection\":[\"IMAGEN HIST\u00d3RICA\"],\"inLanguage\":\"es\",\"potentialAction\":[{\"@type\":\"CommentAction\",\"name\":\"Comment\",\"target\":[\"http:\\\/\\\/www.salesianos.edu\\\/revistasmx\\\/la-obra-social-del-barrio-de-nostra-llar-nuestro-hogar-la-obra-salesiana-de-sabadell\\\/#respond\"]}]},{\"@type\":\"WebPage\",\"@id\":\"http:\\\/\\\/www.salesianos.edu\\\/revistasmx\\\/la-obra-social-del-barrio-de-nostra-llar-nuestro-hogar-la-obra-salesiana-de-sabadell\\\/\",\"url\":\"http:\\\/\\\/www.salesianos.edu\\\/revistasmx\\\/la-obra-social-del-barrio-de-nostra-llar-nuestro-hogar-la-obra-salesiana-de-sabadell\\\/\",\"name\":\"La Obra social del barrio de Nostra Llar (Nuestro Hogar): la Obra Salesiana de Sabadell - Revista SMX\",\"isPartOf\":{\"@id\":\"http:\\\/\\\/www.salesianos.edu\\\/revistasmx\\\/#website\"},\"primaryImageOfPage\":{\"@id\":\"http:\\\/\\\/www.salesianos.edu\\\/revistasmx\\\/la-obra-social-del-barrio-de-nostra-llar-nuestro-hogar-la-obra-salesiana-de-sabadell\\\/#primaryimage\"},\"image\":{\"@id\":\"http:\\\/\\\/www.salesianos.edu\\\/revistasmx\\\/la-obra-social-del-barrio-de-nostra-llar-nuestro-hogar-la-obra-salesiana-de-sabadell\\\/#primaryimage\"},\"thumbnailUrl\":\"http:\\\/\\\/www.salesianos.edu\\\/revistasmx\\\/wp-content\\\/uploads\\\/sites\\\/8\\\/2019\\\/11\\\/ImagenDestacada.jpg\",\"datePublished\":\"2019-11-29T10:27:53+00:00\",\"dateModified\":\"2019-11-29T10:53:03+00:00\",\"author\":{\"@id\":\"http:\\\/\\\/www.salesianos.edu\\\/revistasmx\\\/#\\\/schema\\\/person\\\/a1d72ee5373cce7347fb2993ba9f47d6\"},\"breadcrumb\":{\"@id\":\"http:\\\/\\\/www.salesianos.edu\\\/revistasmx\\\/la-obra-social-del-barrio-de-nostra-llar-nuestro-hogar-la-obra-salesiana-de-sabadell\\\/#breadcrumb\"},\"inLanguage\":\"es\",\"potentialAction\":[{\"@type\":\"ReadAction\",\"target\":[\"http:\\\/\\\/www.salesianos.edu\\\/revistasmx\\\/la-obra-social-del-barrio-de-nostra-llar-nuestro-hogar-la-obra-salesiana-de-sabadell\\\/\"]}]},{\"@type\":\"ImageObject\",\"inLanguage\":\"es\",\"@id\":\"http:\\\/\\\/www.salesianos.edu\\\/revistasmx\\\/la-obra-social-del-barrio-de-nostra-llar-nuestro-hogar-la-obra-salesiana-de-sabadell\\\/#primaryimage\",\"url\":\"http:\\\/\\\/www.salesianos.edu\\\/revistasmx\\\/wp-content\\\/uploads\\\/sites\\\/8\\\/2019\\\/11\\\/ImagenDestacada.jpg\",\"contentUrl\":\"http:\\\/\\\/www.salesianos.edu\\\/revistasmx\\\/wp-content\\\/uploads\\\/sites\\\/8\\\/2019\\\/11\\\/ImagenDestacada.jpg\",\"width\":600,\"height\":400},{\"@type\":\"BreadcrumbList\",\"@id\":\"http:\\\/\\\/www.salesianos.edu\\\/revistasmx\\\/la-obra-social-del-barrio-de-nostra-llar-nuestro-hogar-la-obra-salesiana-de-sabadell\\\/#breadcrumb\",\"itemListElement\":[{\"@type\":\"ListItem\",\"position\":1,\"name\":\"Portada\",\"item\":\"https:\\\/\\\/www.salesianos.edu\\\/revistasmx\\\/\"},{\"@type\":\"ListItem\",\"position\":2,\"name\":\"La Obra social del barrio de Nostra Llar (Nuestro Hogar): la Obra Salesiana de Sabadell\"}]},{\"@type\":\"WebSite\",\"@id\":\"http:\\\/\\\/www.salesianos.edu\\\/revistasmx\\\/#website\",\"url\":\"http:\\\/\\\/www.salesianos.edu\\\/revistasmx\\\/\",\"name\":\"Revista SMX\",\"description\":\"P\u00e1gina oficial de Inspector\u00eda Salesiana Mar\u00eda Auxiliadora\",\"potentialAction\":[{\"@type\":\"SearchAction\",\"target\":{\"@type\":\"EntryPoint\",\"urlTemplate\":\"http:\\\/\\\/www.salesianos.edu\\\/revistasmx\\\/?s={search_term_string}\"},\"query-input\":{\"@type\":\"PropertyValueSpecification\",\"valueRequired\":true,\"valueName\":\"search_term_string\"}}],\"inLanguage\":\"es\"},{\"@type\":\"Person\",\"@id\":\"http:\\\/\\\/www.salesianos.edu\\\/revistasmx\\\/#\\\/schema\\\/person\\\/a1d72ee5373cce7347fb2993ba9f47d6\",\"name\":\"joseluisgarciamoscoso\",\"image\":{\"@type\":\"ImageObject\",\"inLanguage\":\"es\",\"@id\":\"https:\\\/\\\/secure.gravatar.com\\\/avatar\\\/3fda3a0b2db3bc9a39871e47cbd526b42d6c3b74755b7ae1400a87b2913fea6a?s=96&d=mm&r=g\",\"url\":\"https:\\\/\\\/secure.gravatar.com\\\/avatar\\\/3fda3a0b2db3bc9a39871e47cbd526b42d6c3b74755b7ae1400a87b2913fea6a?s=96&d=mm&r=g\",\"contentUrl\":\"https:\\\/\\\/secure.gravatar.com\\\/avatar\\\/3fda3a0b2db3bc9a39871e47cbd526b42d6c3b74755b7ae1400a87b2913fea6a?s=96&d=mm&r=g\",\"caption\":\"joseluisgarciamoscoso\"}}]}<\/script>\n<!-- \/ Yoast SEO plugin. -->","yoast_head_json":{"title":"La Obra social del barrio de Nostra Llar (Nuestro Hogar): la Obra Salesiana de Sabadell - Revista SMX","robots":{"index":"index","follow":"follow","max-snippet":"max-snippet:-1","max-image-preview":"max-image-preview:large","max-video-preview":"max-video-preview:-1"},"canonical":"http:\/\/www.salesianos.edu\/revistasmx\/la-obra-social-del-barrio-de-nostra-llar-nuestro-hogar-la-obra-salesiana-de-sabadell\/","og_locale":"es_ES","og_type":"article","og_title":"La Obra social del barrio de Nostra Llar (Nuestro Hogar): la Obra Salesiana de Sabadell - Revista SMX","og_description":"Titulo p\u00e1ginas Subtitulo 1 Lorem Ipsum es simplemente el texto de relleno de las imprentas y archivos de texto. Lorem Ipsum ha sido el texto de relleno est\u00e1ndar de las industrias desde el a\u00f1o 1500, cuando un impresor (N. del T. persona que se dedica a la imprenta) desconocido us\u00f3 una galer\u00eda de textos y [&hellip;]","og_url":"http:\/\/www.salesianos.edu\/revistasmx\/la-obra-social-del-barrio-de-nostra-llar-nuestro-hogar-la-obra-salesiana-de-sabadell\/","og_site_name":"Revista SMX","article_published_time":"2019-11-29T10:27:53+00:00","article_modified_time":"2019-11-29T10:53:03+00:00","og_image":[{"width":600,"height":400,"url":"https:\/\/www.salesianos.edu\/revistasmx\/wp-content\/uploads\/sites\/8\/2019\/11\/ImagenDestacada.jpg","type":"image\/jpeg"}],"author":"joseluisgarciamoscoso","twitter_card":"summary_large_image","twitter_misc":{"Escrito por":"joseluisgarciamoscoso","Tiempo de lectura":"4 minutos"},"schema":{"@context":"https:\/\/schema.org","@graph":[{"@type":"Article","@id":"http:\/\/www.salesianos.edu\/revistasmx\/la-obra-social-del-barrio-de-nostra-llar-nuestro-hogar-la-obra-salesiana-de-sabadell\/#article","isPartOf":{"@id":"http:\/\/www.salesianos.edu\/revistasmx\/la-obra-social-del-barrio-de-nostra-llar-nuestro-hogar-la-obra-salesiana-de-sabadell\/"},"author":{"name":"joseluisgarciamoscoso","@id":"http:\/\/www.salesianos.edu\/revistasmx\/#\/schema\/person\/a1d72ee5373cce7347fb2993ba9f47d6"},"headline":"La Obra social del barrio de Nostra Llar (Nuestro Hogar): la Obra Salesiana de Sabadell","datePublished":"2019-11-29T10:27:53+00:00","dateModified":"2019-11-29T10:53:03+00:00","mainEntityOfPage":{"@id":"http:\/\/www.salesianos.edu\/revistasmx\/la-obra-social-del-barrio-de-nostra-llar-nuestro-hogar-la-obra-salesiana-de-sabadell\/"},"wordCount":720,"commentCount":0,"image":{"@id":"http:\/\/www.salesianos.edu\/revistasmx\/la-obra-social-del-barrio-de-nostra-llar-nuestro-hogar-la-obra-salesiana-de-sabadell\/#primaryimage"},"thumbnailUrl":"http:\/\/www.salesianos.edu\/revistasmx\/wp-content\/uploads\/sites\/8\/2019\/11\/ImagenDestacada.jpg","articleSection":["IMAGEN HIST\u00d3RICA"],"inLanguage":"es","potentialAction":[{"@type":"CommentAction","name":"Comment","target":["http:\/\/www.salesianos.edu\/revistasmx\/la-obra-social-del-barrio-de-nostra-llar-nuestro-hogar-la-obra-salesiana-de-sabadell\/#respond"]}]},{"@type":"WebPage","@id":"http:\/\/www.salesianos.edu\/revistasmx\/la-obra-social-del-barrio-de-nostra-llar-nuestro-hogar-la-obra-salesiana-de-sabadell\/","url":"http:\/\/www.salesianos.edu\/revistasmx\/la-obra-social-del-barrio-de-nostra-llar-nuestro-hogar-la-obra-salesiana-de-sabadell\/","name":"La Obra social del barrio de Nostra Llar (Nuestro Hogar): la Obra Salesiana de Sabadell - Revista SMX","isPartOf":{"@id":"http:\/\/www.salesianos.edu\/revistasmx\/#website"},"primaryImageOfPage":{"@id":"http:\/\/www.salesianos.edu\/revistasmx\/la-obra-social-del-barrio-de-nostra-llar-nuestro-hogar-la-obra-salesiana-de-sabadell\/#primaryimage"},"image":{"@id":"http:\/\/www.salesianos.edu\/revistasmx\/la-obra-social-del-barrio-de-nostra-llar-nuestro-hogar-la-obra-salesiana-de-sabadell\/#primaryimage"},"thumbnailUrl":"http:\/\/www.salesianos.edu\/revistasmx\/wp-content\/uploads\/sites\/8\/2019\/11\/ImagenDestacada.jpg","datePublished":"2019-11-29T10:27:53+00:00","dateModified":"2019-11-29T10:53:03+00:00","author":{"@id":"http:\/\/www.salesianos.edu\/revistasmx\/#\/schema\/person\/a1d72ee5373cce7347fb2993ba9f47d6"},"breadcrumb":{"@id":"http:\/\/www.salesianos.edu\/revistasmx\/la-obra-social-del-barrio-de-nostra-llar-nuestro-hogar-la-obra-salesiana-de-sabadell\/#breadcrumb"},"inLanguage":"es","potentialAction":[{"@type":"ReadAction","target":["http:\/\/www.salesianos.edu\/revistasmx\/la-obra-social-del-barrio-de-nostra-llar-nuestro-hogar-la-obra-salesiana-de-sabadell\/"]}]},{"@type":"ImageObject","inLanguage":"es","@id":"http:\/\/www.salesianos.edu\/revistasmx\/la-obra-social-del-barrio-de-nostra-llar-nuestro-hogar-la-obra-salesiana-de-sabadell\/#primaryimage","url":"http:\/\/www.salesianos.edu\/revistasmx\/wp-content\/uploads\/sites\/8\/2019\/11\/ImagenDestacada.jpg","contentUrl":"http:\/\/www.salesianos.edu\/revistasmx\/wp-content\/uploads\/sites\/8\/2019\/11\/ImagenDestacada.jpg","width":600,"height":400},{"@type":"BreadcrumbList","@id":"http:\/\/www.salesianos.edu\/revistasmx\/la-obra-social-del-barrio-de-nostra-llar-nuestro-hogar-la-obra-salesiana-de-sabadell\/#breadcrumb","itemListElement":[{"@type":"ListItem","position":1,"name":"Portada","item":"https:\/\/www.salesianos.edu\/revistasmx\/"},{"@type":"ListItem","position":2,"name":"La Obra social del barrio de Nostra Llar (Nuestro Hogar): la Obra Salesiana de Sabadell"}]},{"@type":"WebSite","@id":"http:\/\/www.salesianos.edu\/revistasmx\/#website","url":"http:\/\/www.salesianos.edu\/revistasmx\/","name":"Revista SMX","description":"P\u00e1gina oficial de Inspector\u00eda Salesiana Mar\u00eda Auxiliadora","potentialAction":[{"@type":"SearchAction","target":{"@type":"EntryPoint","urlTemplate":"http:\/\/www.salesianos.edu\/revistasmx\/?s={search_term_string}"},"query-input":{"@type":"PropertyValueSpecification","valueRequired":true,"valueName":"search_term_string"}}],"inLanguage":"es"},{"@type":"Person","@id":"http:\/\/www.salesianos.edu\/revistasmx\/#\/schema\/person\/a1d72ee5373cce7347fb2993ba9f47d6","name":"joseluisgarciamoscoso","image":{"@type":"ImageObject","inLanguage":"es","@id":"https:\/\/secure.gravatar.com\/avatar\/3fda3a0b2db3bc9a39871e47cbd526b42d6c3b74755b7ae1400a87b2913fea6a?s=96&d=mm&r=g","url":"https:\/\/secure.gravatar.com\/avatar\/3fda3a0b2db3bc9a39871e47cbd526b42d6c3b74755b7ae1400a87b2913fea6a?s=96&d=mm&r=g","contentUrl":"https:\/\/secure.gravatar.com\/avatar\/3fda3a0b2db3bc9a39871e47cbd526b42d6c3b74755b7ae1400a87b2913fea6a?s=96&d=mm&r=g","caption":"joseluisgarciamoscoso"}}]}},"_links":{"self":[{"href":"http:\/\/www.salesianos.edu\/revistasmx\/wp-json\/wp\/v2\/posts\/12594","targetHints":{"allow":["GET"]}}],"collection":[{"href":"http:\/\/www.salesianos.edu\/revistasmx\/wp-json\/wp\/v2\/posts"}],"about":[{"href":"http:\/\/www.salesianos.edu\/revistasmx\/wp-json\/wp\/v2\/types\/post"}],"author":[{"embeddable":true,"href":"http:\/\/www.salesianos.edu\/revistasmx\/wp-json\/wp\/v2\/users\/12"}],"replies":[{"embeddable":true,"href":"http:\/\/www.salesianos.edu\/revistasmx\/wp-json\/wp\/v2\/comments?post=12594"}],"version-history":[{"count":6,"href":"http:\/\/www.salesianos.edu\/revistasmx\/wp-json\/wp\/v2\/posts\/12594\/revisions"}],"predecessor-version":[{"id":12602,"href":"http:\/\/www.salesianos.edu\/revistasmx\/wp-json\/wp\/v2\/posts\/12594\/revisions\/12602"}],"wp:featuredmedia":[{"embeddable":true,"href":"http:\/\/www.salesianos.edu\/revistasmx\/wp-json\/wp\/v2\/media\/12592"}],"wp:attachment":[{"href":"http:\/\/www.salesianos.edu\/revistasmx\/wp-json\/wp\/v2\/media?parent=12594"}],"wp:term":[{"taxonomy":"category","embeddable":true,"href":"http:\/\/www.salesianos.edu\/revistasmx\/wp-json\/wp\/v2\/categories?post=12594"},{"taxonomy":"post_tag","embeddable":true,"href":"http:\/\/www.salesianos.edu\/revistasmx\/wp-json\/wp\/v2\/tags?post=12594"}],"curies":[{"name":"wp","href":"https:\/\/api.w.org\/{rel}","templated":true}]}}