{"id":12564,"date":"2019-11-24T10:00:48","date_gmt":"2019-11-24T09:00:48","guid":{"rendered":"http:\/\/www.salesianos.edu\/revistasmx\/?p=12564"},"modified":"2019-11-29T12:30:27","modified_gmt":"2019-11-29T11:30:27","slug":"recordar-el-passat-per-projectar-el-futur-aixi-celebren-les-cases-salesianes-un-curs-carregat-defemerides","status":"publish","type":"post","link":"http:\/\/www.salesianos.edu\/revistasmx\/ca\/recordar-el-passat-per-projectar-el-futur-aixi-celebren-les-cases-salesianes-un-curs-carregat-defemerides\/","title":{"rendered":"Recordar el passat per projectar el futur: Aix\u00ed celebren les cases salesianes un curs carregat d&#8217;efem\u00e8rides"},"content":{"rendered":"<div id=\"fb-root\"><\/div>\n<p>[et_pb_section fb_built=\u00bb1&#8243; _builder_version=\u00bb3.22&#8243;][et_pb_row _builder_version=\u00bb3.25&#8243; background_size=\u00bbinitial\u00bb background_position=\u00bbtop_left\u00bb background_repeat=\u00bbrepeat\u00bb][et_pb_column type=\u00bb4_4&#8243; _builder_version=\u00bb3.25&#8243; custom_padding=\u00bb|||\u00bb custom_padding__hover=\u00bb|||\u00bb][et_pb_image src=\u00bbhttps:\/\/www.salesianos.edu\/revistasmx\/wp-content\/uploads\/sites\/8\/2019\/11\/PORTADA-Huelva-Comienzos-77.jpg\u00bb align_tablet=\u00bbcenter\u00bb align_phone=\u00bb\u00bb align_last_edited=\u00bbon|desktop\u00bb _builder_version=\u00bb4.0.6&#8243; z_index_tablet=\u00bb500&#8243;][\/et_pb_image][et_pb_text _builder_version=\u00bb4.0.6&#8243; z_index_tablet=\u00bb500&#8243;]<\/p>\n<p><em>Por: Carlos Mart\u00edn<\/em><\/p>\n<p>La Inspectoria Salesiana Maria Auxiliadora encara la recta final de l&#8217;any 2019 i mira amb il\u00b7lusi\u00f3 l&#8217;any 2020 al comprovar la intensa vida que emana de les diferents pres\u00e8ncies salesianes. Tot i que dins d&#8217;aquest conjunt hi ha diverses cases que tenen el curs actual assenyalat en vermell per un motiu especial. <strong>Cartagena, Ja\u00e9n, Alcoy, Huelva i el Colegio Mayor Universitario San Juan Bosco de Sevilla festegen els seus 50 i 75 anys; unes noces d&#8217;or i brillants que reflecteixen el vigent comprom\u00eds salesi\u00e0 amb la joventut.<\/strong><\/p>\n<p>\u201c<a href=\"https:\/\/www.salesianos.edu\/Articulos\/11698\/1\/1\/El-Colegio-Mayor-San-Juan-Bosco-abre-las-puertas-de-su-75-aniversario\">Celebrar 75 anys \u00e9s, en primer lloc, una ocasi\u00f3\u00a0<em>per agrair al Senyor<\/em>\u00a0tot lo bo que s\u2019ha fet en aquest temps a trav\u00e9s d\u2019aquesta pres\u00e8ncia salesiana<\/a>: als seus destinataris, als col\u00b7legials que han passat per aqu\u00ed, per\u00f2 tamb\u00e9 a tantes fam\u00edlies que han entrat en contacte amb nosaltres. A tots ells sempre se&#8217;ls ha tractat de transmetre el de ser \u00abbons cristians i honorats ciutadans\u00bb \u00ab, comparteix \u00a0<strong>Miguel \u00c1ngel \u00c1lvarez Paulino, director del Colegio Mayor San Juan Bosco,<\/strong>sobre l&#8217;aniversari que s&#8217;est\u00e0 celebrant a la ciutat de Sevilla. \u00ab\u00c9s una oportunitat tamb\u00e9 per donar gr\u00e0cies pels salesians que han format part de el Colegio Mayor; per les Filles de Maria Auxiliadora, que en el seu moment van estar col\u00b7laborant amb la comunitat salesiana; pel personal de servei, que ha treballat per fer d&#8217;aquesta obra una casa salesiana, una fam\u00edlia \u00ab, afegeix mentre v\u00e9nen a la mem\u00f2ria noms com els de <strong>Jos\u00e9 Antonio S\u00e1nchez Romate, Valent\u00edn Viguera, Luis Valpuesta o Antonio Calero.<\/strong><\/p>\n<p>\u00abEn segon lloc, <strong>75 anys \u00e9s una ocasi\u00f3 especial per projectar el Colegio cap al futur.<\/strong>Els temps han canviat, tamb\u00e9 els col\u00b7legials, amb noves exig\u00e8ncies i necessitats, i circumst\u00e0ncies socials. I <strong>el Colegio Mayor s&#8217;ha d&#8217;adaptar a aquests canvis si vol seguir sent la casa de Don Bosco per a joves universitaris \u00ab<\/strong>, comparteix sobre la necessitat de projectar aquest esdeveniment ad extra, com es va poder comprovar amb la <a href=\"https:\/\/www.salesianos.edu\/Articulos\/11745\/1\/1\/Los-antiguos-alumnos-del-Colegio-Mayor-San-Juan-Bosco-elevan-una-petici-n-muy-especial-por-el-75-aniversario\">campanya de recollida de signatures organitzada per un grup d\u2019antics alumnes per sol\u00b7licitar a l\u2019 Ajuntament de Sevilla la concessi\u00f3 de la Medalla d\u2019Or<\/a>. Una instituci\u00f3 que mant\u00e9 intacta la seva vinculaci\u00f3 amb la ciutat, sent en ella un referent cultural, gr\u00e0cies a l&#8217;acollida i formaci\u00f3 de ciutadans i professionals que acudeixen a la capital sevillana per rebre la seva formaci\u00f3 universit\u00e0ria.<\/p>\n<p>Tamb\u00e9 s&#8217;apaguen 50 espelmes a Cartagena. Una celebraci\u00f3 que mira el passat amb l&#8217;agra\u00efment a<strong>Donya Trinidad Nieto que, en mem\u00f2ria del seu esp\u00f2s Don Juan Sol\u00e9, va fer la donaci\u00f3 d&#8217;una finca situada a Los Dolores a la Congregaci\u00f3 Salesiana<\/strong>perqu\u00e8 es cre\u00e9s una instituci\u00f3 que fes realitat un projecte educatiu per als seus conciutadans. Aquest petit gest va ser l&#8217;origen del comprom\u00eds amb la poblaci\u00f3 de Cartagena. \u00abEl 5 d&#8217;octubre de 1970 van comen\u00e7ar les primeres classes al col\u00b7legi salesi\u00e0. <strong>Les dificultats inicials no van poder amb l&#8217;entusiasme dels primers salesians, juntament amb els professors, alumnes i col\u00b7laboradors seglars van comen\u00e7ar una hist\u00f2ria que arriba fins als nostres dies i es projecta cap al futur.<\/strong>50 anys m\u00e9s tard ens disposem a celebrar amb gratitud aquests anys de lliurament i servei a l&#8217;educaci\u00f3 dels infants i joves. I a renovar el comprom\u00eds per la joventut de Cartagena amb l&#8217;estil de Don Bosco \u00ab, aix\u00ed presenta <strong>Jos\u00e9 Joaqu\u00edn Coma, director de la casa, <\/strong>uns actes que arrencaran el 31 de gener i finalitzaran el 5 d&#8217;octubre de 2020. \u00abUn any per al record, l&#8217;agra\u00efment i el comprom\u00eds pel futur\u00bb, comparteixen amb la il\u00b7lusi\u00f3 mentre afronten els \u00faltims preparatius per presentar un himne que est\u00e0 en fase de postproducci\u00f3. \u00abAmb la celebraci\u00f3 d&#8217;aquest aniversari Salesians Cartagena vol agrair a tots els de Cartagena i a el barri de Los Dolores aquests 50 anys de treball compartit per la promoci\u00f3 de la inf\u00e0ncia i la joventut\u00bb, comparteixen.<\/p>\n<p>A escassos 350 quil\u00f2metres, en aquest mateix context hist\u00f2ric, <strong>els salesians van arribar a Ja\u00e9n al setembre de 1970, <\/strong>encara que fins al 2 de desembre no poden passar a la nova resid\u00e8ncia. Era en aquells dies <strong>Bisbe de la Di\u00f2cesis Don F\u00e9lix Romero Meng\u00edbar<\/strong>, amic i admirador dels salesians, que no nom\u00e9s va donar amb satisfacci\u00f3 els permisos corresponents, sin\u00f3 que va <strong>erigir una nova parr\u00f2quia a la zona lim\u00edtrofa a la Resid\u00e8ncia amb el nom de Sant Joan Bosco.<\/strong><\/p>\n<p>A partir d&#8217;aqu\u00ed s&#8217;inicia la tasca m\u00e9s dif\u00edcil: la progressiva transformaci\u00f3 de la resid\u00e8ncia amb l&#8217;aplicaci\u00f3 dels m\u00e8todes educatius salesians, l&#8217;atenci\u00f3 a cada un dels acollits, la integraci\u00f3 escolar i social dels mateixos. Encara que el setembre de 1983 aquesta tasca va quedar bruscament truncada. \u00abS&#8217;havien produ\u00eft canvis pol\u00edtics i corrien nous aires per la Diputaci\u00f3. Es va fer impossible la renovaci\u00f3 del contracte davant les demandes d&#8217;aquesta instituci\u00f3 sobre l&#8217;orientaci\u00f3 en l&#8217;educaci\u00f3 i selecci\u00f3 d&#8217;educadors. El 30 de setembre es va donar per conclosa la nostra pres\u00e8ncia a la Resid\u00e8ncia \u00ab, recullen les cr\u00f2niques de l&#8217;\u00e8poca.<\/p>\n<p><strong>La Parr\u00f2quia de Sant Joan Bosco va ser llavors una realitat providencial que va permetre la perman\u00e8ncia dels Salesians a la ciutat i al barri de EL Valle<\/strong>. Gr\u00e0cies a la sol\u00b7licitud del Bisbe D. Miguel Peinado i de l&#8217;afecte dels feligresos, es va dur a terme la instal\u00b7laci\u00f3 en el nou domicili, situat al carrer Tetuan, fins al trasllat definitiu a l&#8217;actual situaci\u00f3 (Avda. de la Universidad) al desembre de 1985.<\/p>\n<p>Al mateix temps que la nova situaci\u00f3 anava assentant-se, madura l&#8217;esfor\u00e7 pastoral i diferents activitats juvenils, donant com a fruit el mar\u00e7 de 1984 el Centre Juvenil DOSA., lloc de trobada, centre dinamitzador i part important d&#8217;aquesta obra Salesiana, especialment, per als joves de barri. Finalment, la preocupaci\u00f3 pastoral constant present en els membres d&#8217;aquesta casa pels joves en major dificultat, es fa patent amb el desenvolupament progressiu de diversos projectes que culminen i s&#8217;aglutinen en la constituci\u00f3 a Ja\u00e9n de la delegaci\u00f3 de la Fundaci\u00f3n Don\u00a0Bosco, al gener de 2001. Un comprom\u00eds social i juvenil amb arrels profundes i projecci\u00f3 de futur.<\/p>\n<p>Amb aquest mateix desig va n\u00e9ixer la <strong>casa salesiana d\u2019Alcoi Joan XXIII en el curs 1969-70.<\/strong>Pensada com a Escola de Formaci\u00f3 Professional, va acollir tamb\u00e9 els ensenyaments d&#8217;EGB i Preescolar o Infantil. La creaci\u00f3 de la parr\u00f2quia Sant Joan de Ribera (1970) va venir a completar els serveis d&#8217;aquesta pres\u00e8ncia salesiana a la part nord d&#8217;Alcoi, una zona urbana de cont\u00ednua expansi\u00f3 que ofereix un vast camp a la tasca pastoral cristiana. El 2003 les comunitats salesianes de Sant Vicent i Joan XXIII es van fusionar en una amb resid\u00e8ncia en aquesta casa de Joan XXIII.<\/p>\n<p>Des de 1927, els salesians dirigien el Col\u00b7legi creat pel Patronat de la Joventut Obrera d&#8217;Alcoi i encomanat per Moss\u00e9n Josep a la Congregaci\u00f3 Salesiana. No obstant aix\u00f2, quedava sense atendre un gran sector dels joves que cada any engrossia les f\u00e0briques i tallers d&#8217;aquesta ciutat eminentment industrial. Aquests joves necessitaven una bona preparaci\u00f3 professional i t\u00e8cnica i fins i tot podrien dirigir-se cap a estudis t\u00e8cnics superiors.<\/p>\n<p><strong>\u00abVa ser don Jos\u00e9 Carbonell, superior de la inspectoria Sant Josep i alcoi\u00e0, juntament amb la comunitat religiosa, qui van aconseguir tots els permisos i ajudes per dur a terme aquest projecte.<\/strong>Es va adquirir un solar situat a l&#8217;extrem nord de l&#8217;eixample al costat dels nous nuclis de poblaci\u00f3 denominats San Mauro i Juan XXIII. Aqu\u00ed es va construir l&#8217;edifici de 100 metres de llarg per vint-i-u d\u2019ample amb dues plantes i un cos central; la planta baixa i el soterrani es destinava a tallers. <strong>En el curs 1969-1970 s&#8217;inicien les activitats acad\u00e8miques en iniciaci\u00f3 professional, mec\u00e0nica i automoci\u00f3. Don Alfonso Eslava i els coadjutors Jes\u00fas El\u00eda i Juli\u00e1n Moreno seran els tres primers salesians a portar endavant el treball educatiu en aquest nou centre \u00ab<\/strong>, recullen les mem\u00f2ries de l&#8217;\u00e8poca.<\/p>\n<p>Des del curs 1970-1971 un augment progressiu dels alumnes i les especialitats, al costat de l&#8217;ampliaci\u00f3 de les instal\u00b7lacions esportives, van posar les bases per donar una resposta a les necessitats d&#8217;escolaritzaci\u00f3 de barri que arriba fins a l&#8217;actualitat.<\/p>\n<p>Aquest mateix fil conductor impregna una altra celebraci\u00f3.<a href=\"https:\/\/www.salesianos.edu\/Articulos\/11654\/1\/1\/Salesianos-Huelva-cinco-d-cadas-creando-futuro\">En la tarda del 24 de setembre va tenir lloc l\u2019obertura del 50\u00e8 aniversari de la pres\u00e8ncia salesiana de Huelva sota el lema \u00ab50 anys creant futur\u00bb.<\/a>D&#8217;aquesta manera, es va commemorar l&#8217;arribada a la capital de Huelva per dedicar-se als joves de les populars barriades del Torrej\u00f3n, Hispanidad, Santa Marta, La Orden o Tres Ventanas, on es contextualitza el Colegio Salesiano Cristo Sacerdote. Des del cor del barri de Verdeluz es continua en l&#8217;actualitat amb una aposta per un projecte amb segell salesi\u00e0 gr\u00e0cies a la seva proposta educativa i pastoral.<\/p>\n<p>\u00abAquestes noces d&#8217;or signifiquen un punt i seguit en la hist\u00f2ria de la nostra Casa.\u00a0<strong>\u00c9s un moment per donar les gr\u00e0cies a tanta gent bona que ha fet possible la pres\u00e8ncia de Don Bosco a la nostra estimada Huelva. <\/strong>Per sort, gaireb\u00e9 tota la gent que va estar en els comen\u00e7aments, segueix amb nosaltres, per aix\u00f2 els cinquantenaris s\u00f3n tan especials en el record de les persones, perqu\u00e8 segueixen pr\u00f2xims a l&#8217;obra\u00bb, comparteix <strong>Manuel Ernesto Granja, director titular de la casa.<\/strong><\/p>\n<p><strong>L&#8217;arribada de la comunitat salesiana va tenir lloc al setembre de 1969, sent el seu primer director don Francisco Barrueco<\/strong>. No era la primera vegada que els Fills de Don Bosco arribaven a Huelva, ja en l&#8217;any 1962, atenent a la crida que va fer el llavors Bisbe de Huelva D. Pedro Cantero Cuadrado. Es van fer c\u00e0rrec en aquest moment de l&#8217;Escola de Formaci\u00f3 Professional Mar\u00edtim-Pesquera \u201cStella Maris\u201d. El 1968 es tanca Stella Maris i els Salesians estan un any fora de Huelva, seguint en actiu en el Centre Juvenil Salesi\u00e0. Al 1964 la di\u00f2cesi adquireix els terrenys on s&#8217;iniciarien el 1966 les obres de Col\u00b7legi \u201cCristo Sacerdote\u201d, que culminaria el 1968. Va ser el llavors <strong>Bisbe de Huelva, D. Jos\u00e9 M\u00aa Garc\u00eda la Higuera, qui al 1969 va cridar de nou als Salesians per comptar amb la seva pres\u00e8ncia en el servei educatiu.<\/strong><\/p>\n<p>\u00abEns agradaria amb aquest aniversari recuperar la hist\u00f2ria desconeguda de la nostra casa, fent present els grans esdeveniments que han marcat aquests anys, les dates destacades que hem viscut, o les opcions que s&#8217;han anat implementant per seguir atenent els joves m\u00e9s pobres i necessitats \u00ab, afegeix. \u00abPer\u00f2 <strong><em>aquest cinquantenari vol tamb\u00e9 mirar a el futur, per aix\u00f2 el lema triat ha estat Salesians Huelva, 50 anys creant futur.<\/em><\/strong>Aquests anys s\u00f3n el trampol\u00ed per als propers anys que v\u00e9nen per davant \u00ab, comparteix el salesi\u00e0 sobre un programa d&#8217;actes que busca fer part\u00edcips a tots els membres de la fam\u00edlia de Huelva. \u00abAmb molt afecte hem involucrat a tots els estaments de la Casa i els hi <strong>hem demanat que facin de manera extraordin\u00e0ria el que cada any s&#8217;ha anat celebrant de forma ordin\u00e0ria. <\/strong>Ens espera un any ple d&#8217;emocions i bons moments per compartir amb tots els amics de la Casa Salesiana de Huelva \u00ab, expliquen.<\/p>\n<p>Des de llavors i fins avui al col\u00b7legi salesi\u00e0 <a href=\"https:\/\/www.salesianos.edu\/Articulos\/11748\/1\/1\/La-Asociaci-n-Juvenil-Carabela-reconocida-como-onubense-del-a-o-por-su-labor-solidaria-y-humana\">\u00a0ha acompanyat a milers de joves a obrir-se cam\u00ed en la vida creant futur en les seves vides i en la societat<\/a>.<\/p>\n<p>Aix\u00ed es viu el curs 2019\/20, un any en el qual <strong>Cartagena, Ja\u00e9n, Alcoy, Huelva i el Colegio Mayor Universitario San Juan Bosco de Sevilla <\/strong>s&#8217;uneixen pel fruit de la seva rica hist\u00f2ria i gr\u00e0cies a la vig\u00e8ncia de l&#8217;estil de Don Bosco. Una oportunitat per recordar el passat mentre es projecta el futur.<\/p>\n<p>[\/et_pb_text][et_pb_gallery gallery_ids=\u00bb12477,12476,12475,12474,12473,12472,12471,12470,12469,12468,12467,12466,12465,12464&#8243; show_title_and_caption=\u00bboff\u00bb _builder_version=\u00bb4.0.6&#8243; z_index_tablet=\u00bb500&#8243;][\/et_pb_gallery][et_pb_tabs _builder_version=\u00bb4.0.6&#8243;][et_pb_tab title=\u00bbQuin moment o cap\u00edtol de la hist\u00f2ria del Colegio Mayor es podria destacar de tot el viscut?\u00bb _builder_version=\u00bb4.0.6&#8243;]<\/p>\n<p>\u00abLes primeres d\u00e8cades van ser els anys de la Resid\u00e8ncia Universit\u00e0ria Salesiana (RUS), fins que el 1853 se li concedeix la categoria de Colegio Mayor, tot i que per a molts sempre ha seguit sent la RUS. Ja des dels inicis destaca per la seva tasca formativa i cultural, les personalitats eclesi\u00e0stiques i de la cultura que passen per aqu\u00ed, i l&#8217;aposta per la formaci\u00f3 integral dels residents.<\/p>\n<p>Els anys &#8217;80 -&#8217;90 van estar marcats per la pres\u00e8ncia de diversos salesians que van deixar la seva empremta en aquesta casa i en el seu col\u00b7legials: Jos\u00e9 Antonio S\u00e1nchez Romate, Valent\u00edn Viguera, Luis Valpuesta, Antonio Calero\u2026 Quan v\u00e9nen antics col\u00b7legials pregunten per ells o expliquen agra\u00efts com els van marcar en el seu pas per la casa.<\/p>\n<p>L&#8217;\u00faltima d\u00e8cada ha suposat una aposta decidida en el Colegio Mayor per l&#8217;excel\u00b7l\u00e8ncia i per treballar en consolidar la seva organitzaci\u00f3 interna. Els processos iniciats en vista a l&#8217;obtenci\u00f3 de diversos segells de qualitat i, ara recentment, del segell EFQM 500+ han obligat a sistematitzar els processos interns d&#8217;admissi\u00f3 i selecci\u00f3 de col\u00b7legials, d&#8217;acompanyament, de compres, formatius &#8230;, fent-los menys dependents del salesi\u00e0 o de la persona que estigui al capdavant\u00bb.<\/p>\n<p>Miguel \u00c1ngel \u00c1lvarez\u00a0\u00a0\u00a0<\/p>\n<p>[\/et_pb_tab][et_pb_tab title=\u00bbQuin moment o cap\u00edtol de la hist\u00f2ria de Huelva es podria destacar de tot el viscut?\u00bb _builder_version=\u00bb4.0.6&#8243;]<\/p>\n<p>\u00abNo \u00e9s f\u00e0cil destacar algun esdeveniment d&#8217;aquests 50 anys, perqu\u00e8 la nostra hist\u00f2ria est\u00e0 sembrada de molts petits moments.<\/p>\n<p>Potser cal destacar els primers anys de la Casa. En concret els deu primers anys van ser realment heroics. En aquests deu anys van passar sis directors per la casa, on qualsevol decisi\u00f3 es convertia en un problema. Per\u00f2 al voltant d&#8217;aquests problemes es va anar forjant un entramat de persones que van lluitar per la Casa d&#8217;una forma incre\u00efble.<\/p>\n<p>Si hagu\u00e9s de destacar un esdeveniment \u00e9s la construcci\u00f3 de tots els barris que envolten el Col\u00b7legi. A del principi el Col\u00b7legi estava en un gran descampat, i els nois venien de el Centre de la Ciutat. Per\u00f2 en pocs anys, es construeixen els barris que actualment abracen la Casa. Amb l&#8217;arribada de les noves fam\u00edlies, el col\u00b7legi canvia la seva fisonomia, i adquireix el car\u00e0cter social i popular que actualment marquen la seva fisonomia. \u00ab<\/p>\n<p>Manuel Ernesto Granja\u00a0<\/p>\n<p>[\/et_pb_tab][\/et_pb_tabs][\/et_pb_column][\/et_pb_row][\/et_pb_section]<\/p>\n","protected":false},"excerpt":{"rendered":"<p>Por: Carlos Mart\u00edn La Inspectoria Salesiana Maria Auxiliadora encara la recta final de l&#8217;any 2019 i mira amb il\u00b7lusi\u00f3 l&#8217;any 2020 al comprovar la intensa vida que emana de les diferents pres\u00e8ncies salesianes. Tot i que dins d&#8217;aquest conjunt hi ha diverses cases que tenen el curs actual assenyalat en vermell per un motiu especial. [&hellip;]<\/p>\n","protected":false},"author":12,"featured_media":12477,"comment_status":"open","ping_status":"closed","sticky":false,"template":"","format":"standard","meta":{"_et_pb_use_builder":"on","_et_pb_old_content":"","_et_gb_content_width":"","footnotes":""},"categories":[53],"tags":[],"class_list":["post-12564","post","type-post","status-publish","format-standard","has-post-thumbnail","hentry","category-a-fons"],"yoast_head":"<!-- This site is optimized with the Yoast SEO plugin v27.5 - https:\/\/yoast.com\/product\/yoast-seo-wordpress\/ -->\n<title>Recordar el passat per projectar el futur: Aix\u00ed celebren les cases salesianes un curs carregat d&#039;efem\u00e8rides - Revista SMX<\/title>\n<meta name=\"robots\" content=\"index, follow, max-snippet:-1, max-image-preview:large, max-video-preview:-1\" \/>\n<link rel=\"canonical\" href=\"http:\/\/www.salesianos.edu\/revistasmx\/ca\/recordar-el-passat-per-projectar-el-futur-aixi-celebren-les-cases-salesianes-un-curs-carregat-defemerides\/\" \/>\n<meta property=\"og:locale\" content=\"es_ES\" \/>\n<meta property=\"og:type\" content=\"article\" \/>\n<meta property=\"og:title\" content=\"Recordar el passat per projectar el futur: Aix\u00ed celebren les cases salesianes un curs carregat d&#039;efem\u00e8rides - Revista SMX\" \/>\n<meta property=\"og:description\" content=\"Titulo p\u00e1ginas Subtitulo 1 Lorem Ipsum es simplemente el texto de relleno de las imprentas y archivos de texto. Lorem Ipsum ha sido el texto de relleno est\u00e1ndar de las industrias desde el a\u00f1o 1500, cuando un impresor (N. del T. persona que se dedica a la imprenta) desconocido us\u00f3 una galer\u00eda de textos y [&hellip;]\" \/>\n<meta property=\"og:url\" content=\"http:\/\/www.salesianos.edu\/revistasmx\/ca\/recordar-el-passat-per-projectar-el-futur-aixi-celebren-les-cases-salesianes-un-curs-carregat-defemerides\/\" \/>\n<meta property=\"og:site_name\" content=\"Revista SMX\" \/>\n<meta property=\"article:published_time\" content=\"2019-11-24T09:00:48+00:00\" \/>\n<meta property=\"article:modified_time\" content=\"2019-11-29T11:30:27+00:00\" \/>\n<meta property=\"og:image\" content=\"http:\/\/www.salesianos.edu\/revistasmx\/wp-content\/uploads\/sites\/8\/2019\/11\/PORTADA-Huelva-Comienzos-77.jpg\" \/>\n\t<meta property=\"og:image:width\" content=\"1024\" \/>\n\t<meta property=\"og:image:height\" content=\"758\" \/>\n\t<meta property=\"og:image:type\" content=\"image\/jpeg\" \/>\n<meta name=\"author\" content=\"joseluisgarciamoscoso\" \/>\n<meta name=\"twitter:card\" content=\"summary_large_image\" \/>\n<meta name=\"twitter:label1\" content=\"Escrito por\" \/>\n\t<meta name=\"twitter:data1\" content=\"joseluisgarciamoscoso\" \/>\n\t<meta name=\"twitter:label2\" content=\"Tiempo de lectura\" \/>\n\t<meta name=\"twitter:data2\" content=\"13 minutos\" \/>\n<script type=\"application\/ld+json\" class=\"yoast-schema-graph\">{\"@context\":\"https:\\\/\\\/schema.org\",\"@graph\":[{\"@type\":\"Article\",\"@id\":\"http:\\\/\\\/www.salesianos.edu\\\/revistasmx\\\/ca\\\/recordar-el-passat-per-projectar-el-futur-aixi-celebren-les-cases-salesianes-un-curs-carregat-defemerides\\\/#article\",\"isPartOf\":{\"@id\":\"http:\\\/\\\/www.salesianos.edu\\\/revistasmx\\\/ca\\\/recordar-el-passat-per-projectar-el-futur-aixi-celebren-les-cases-salesianes-un-curs-carregat-defemerides\\\/\"},\"author\":{\"name\":\"joseluisgarciamoscoso\",\"@id\":\"http:\\\/\\\/www.salesianos.edu\\\/revistasmx\\\/#\\\/schema\\\/person\\\/a1d72ee5373cce7347fb2993ba9f47d6\"},\"headline\":\"Recordar el passat per projectar el futur: Aix\u00ed celebren les cases salesianes un curs carregat d&#8217;efem\u00e8rides\",\"datePublished\":\"2019-11-24T09:00:48+00:00\",\"dateModified\":\"2019-11-29T11:30:27+00:00\",\"mainEntityOfPage\":{\"@id\":\"http:\\\/\\\/www.salesianos.edu\\\/revistasmx\\\/ca\\\/recordar-el-passat-per-projectar-el-futur-aixi-celebren-les-cases-salesianes-un-curs-carregat-defemerides\\\/\"},\"wordCount\":2597,\"commentCount\":0,\"image\":{\"@id\":\"http:\\\/\\\/www.salesianos.edu\\\/revistasmx\\\/ca\\\/recordar-el-passat-per-projectar-el-futur-aixi-celebren-les-cases-salesianes-un-curs-carregat-defemerides\\\/#primaryimage\"},\"thumbnailUrl\":\"http:\\\/\\\/www.salesianos.edu\\\/revistasmx\\\/wp-content\\\/uploads\\\/sites\\\/8\\\/2019\\\/11\\\/PORTADA-Huelva-Comienzos-77.jpg\",\"articleSection\":[\"A FONS\"],\"inLanguage\":\"es\",\"potentialAction\":[{\"@type\":\"CommentAction\",\"name\":\"Comment\",\"target\":[\"http:\\\/\\\/www.salesianos.edu\\\/revistasmx\\\/ca\\\/recordar-el-passat-per-projectar-el-futur-aixi-celebren-les-cases-salesianes-un-curs-carregat-defemerides\\\/#respond\"]}]},{\"@type\":\"WebPage\",\"@id\":\"http:\\\/\\\/www.salesianos.edu\\\/revistasmx\\\/ca\\\/recordar-el-passat-per-projectar-el-futur-aixi-celebren-les-cases-salesianes-un-curs-carregat-defemerides\\\/\",\"url\":\"http:\\\/\\\/www.salesianos.edu\\\/revistasmx\\\/ca\\\/recordar-el-passat-per-projectar-el-futur-aixi-celebren-les-cases-salesianes-un-curs-carregat-defemerides\\\/\",\"name\":\"Recordar el passat per projectar el futur: Aix\u00ed celebren les cases salesianes un curs carregat d'efem\u00e8rides - Revista SMX\",\"isPartOf\":{\"@id\":\"http:\\\/\\\/www.salesianos.edu\\\/revistasmx\\\/#website\"},\"primaryImageOfPage\":{\"@id\":\"http:\\\/\\\/www.salesianos.edu\\\/revistasmx\\\/ca\\\/recordar-el-passat-per-projectar-el-futur-aixi-celebren-les-cases-salesianes-un-curs-carregat-defemerides\\\/#primaryimage\"},\"image\":{\"@id\":\"http:\\\/\\\/www.salesianos.edu\\\/revistasmx\\\/ca\\\/recordar-el-passat-per-projectar-el-futur-aixi-celebren-les-cases-salesianes-un-curs-carregat-defemerides\\\/#primaryimage\"},\"thumbnailUrl\":\"http:\\\/\\\/www.salesianos.edu\\\/revistasmx\\\/wp-content\\\/uploads\\\/sites\\\/8\\\/2019\\\/11\\\/PORTADA-Huelva-Comienzos-77.jpg\",\"datePublished\":\"2019-11-24T09:00:48+00:00\",\"dateModified\":\"2019-11-29T11:30:27+00:00\",\"author\":{\"@id\":\"http:\\\/\\\/www.salesianos.edu\\\/revistasmx\\\/#\\\/schema\\\/person\\\/a1d72ee5373cce7347fb2993ba9f47d6\"},\"breadcrumb\":{\"@id\":\"http:\\\/\\\/www.salesianos.edu\\\/revistasmx\\\/ca\\\/recordar-el-passat-per-projectar-el-futur-aixi-celebren-les-cases-salesianes-un-curs-carregat-defemerides\\\/#breadcrumb\"},\"inLanguage\":\"es\",\"potentialAction\":[{\"@type\":\"ReadAction\",\"target\":[\"http:\\\/\\\/www.salesianos.edu\\\/revistasmx\\\/ca\\\/recordar-el-passat-per-projectar-el-futur-aixi-celebren-les-cases-salesianes-un-curs-carregat-defemerides\\\/\"]}]},{\"@type\":\"ImageObject\",\"inLanguage\":\"es\",\"@id\":\"http:\\\/\\\/www.salesianos.edu\\\/revistasmx\\\/ca\\\/recordar-el-passat-per-projectar-el-futur-aixi-celebren-les-cases-salesianes-un-curs-carregat-defemerides\\\/#primaryimage\",\"url\":\"http:\\\/\\\/www.salesianos.edu\\\/revistasmx\\\/wp-content\\\/uploads\\\/sites\\\/8\\\/2019\\\/11\\\/PORTADA-Huelva-Comienzos-77.jpg\",\"contentUrl\":\"http:\\\/\\\/www.salesianos.edu\\\/revistasmx\\\/wp-content\\\/uploads\\\/sites\\\/8\\\/2019\\\/11\\\/PORTADA-Huelva-Comienzos-77.jpg\",\"width\":1024,\"height\":758},{\"@type\":\"BreadcrumbList\",\"@id\":\"http:\\\/\\\/www.salesianos.edu\\\/revistasmx\\\/ca\\\/recordar-el-passat-per-projectar-el-futur-aixi-celebren-les-cases-salesianes-un-curs-carregat-defemerides\\\/#breadcrumb\",\"itemListElement\":[{\"@type\":\"ListItem\",\"position\":1,\"name\":\"Portada\",\"item\":\"https:\\\/\\\/www.salesianos.edu\\\/revistasmx\\\/\"},{\"@type\":\"ListItem\",\"position\":2,\"name\":\"Recordar el passat per projectar el futur: Aix\u00ed celebren les cases salesianes un curs carregat d&#8217;efem\u00e8rides\"}]},{\"@type\":\"WebSite\",\"@id\":\"http:\\\/\\\/www.salesianos.edu\\\/revistasmx\\\/#website\",\"url\":\"http:\\\/\\\/www.salesianos.edu\\\/revistasmx\\\/\",\"name\":\"Revista SMX\",\"description\":\"P\u00e1gina oficial de Inspector\u00eda Salesiana Mar\u00eda Auxiliadora\",\"potentialAction\":[{\"@type\":\"SearchAction\",\"target\":{\"@type\":\"EntryPoint\",\"urlTemplate\":\"http:\\\/\\\/www.salesianos.edu\\\/revistasmx\\\/?s={search_term_string}\"},\"query-input\":{\"@type\":\"PropertyValueSpecification\",\"valueRequired\":true,\"valueName\":\"search_term_string\"}}],\"inLanguage\":\"es\"},{\"@type\":\"Person\",\"@id\":\"http:\\\/\\\/www.salesianos.edu\\\/revistasmx\\\/#\\\/schema\\\/person\\\/a1d72ee5373cce7347fb2993ba9f47d6\",\"name\":\"joseluisgarciamoscoso\",\"image\":{\"@type\":\"ImageObject\",\"inLanguage\":\"es\",\"@id\":\"https:\\\/\\\/secure.gravatar.com\\\/avatar\\\/3fda3a0b2db3bc9a39871e47cbd526b42d6c3b74755b7ae1400a87b2913fea6a?s=96&d=mm&r=g\",\"url\":\"https:\\\/\\\/secure.gravatar.com\\\/avatar\\\/3fda3a0b2db3bc9a39871e47cbd526b42d6c3b74755b7ae1400a87b2913fea6a?s=96&d=mm&r=g\",\"contentUrl\":\"https:\\\/\\\/secure.gravatar.com\\\/avatar\\\/3fda3a0b2db3bc9a39871e47cbd526b42d6c3b74755b7ae1400a87b2913fea6a?s=96&d=mm&r=g\",\"caption\":\"joseluisgarciamoscoso\"}}]}<\/script>\n<!-- \/ Yoast SEO plugin. -->","yoast_head_json":{"title":"Recordar el passat per projectar el futur: Aix\u00ed celebren les cases salesianes un curs carregat d'efem\u00e8rides - Revista SMX","robots":{"index":"index","follow":"follow","max-snippet":"max-snippet:-1","max-image-preview":"max-image-preview:large","max-video-preview":"max-video-preview:-1"},"canonical":"http:\/\/www.salesianos.edu\/revistasmx\/ca\/recordar-el-passat-per-projectar-el-futur-aixi-celebren-les-cases-salesianes-un-curs-carregat-defemerides\/","og_locale":"es_ES","og_type":"article","og_title":"Recordar el passat per projectar el futur: Aix\u00ed celebren les cases salesianes un curs carregat d'efem\u00e8rides - Revista SMX","og_description":"Titulo p\u00e1ginas Subtitulo 1 Lorem Ipsum es simplemente el texto de relleno de las imprentas y archivos de texto. Lorem Ipsum ha sido el texto de relleno est\u00e1ndar de las industrias desde el a\u00f1o 1500, cuando un impresor (N. del T. persona que se dedica a la imprenta) desconocido us\u00f3 una galer\u00eda de textos y [&hellip;]","og_url":"http:\/\/www.salesianos.edu\/revistasmx\/ca\/recordar-el-passat-per-projectar-el-futur-aixi-celebren-les-cases-salesianes-un-curs-carregat-defemerides\/","og_site_name":"Revista SMX","article_published_time":"2019-11-24T09:00:48+00:00","article_modified_time":"2019-11-29T11:30:27+00:00","og_image":[{"width":1024,"height":758,"url":"http:\/\/www.salesianos.edu\/revistasmx\/wp-content\/uploads\/sites\/8\/2019\/11\/PORTADA-Huelva-Comienzos-77.jpg","type":"image\/jpeg"}],"author":"joseluisgarciamoscoso","twitter_card":"summary_large_image","twitter_misc":{"Escrito por":"joseluisgarciamoscoso","Tiempo de lectura":"13 minutos"},"schema":{"@context":"https:\/\/schema.org","@graph":[{"@type":"Article","@id":"http:\/\/www.salesianos.edu\/revistasmx\/ca\/recordar-el-passat-per-projectar-el-futur-aixi-celebren-les-cases-salesianes-un-curs-carregat-defemerides\/#article","isPartOf":{"@id":"http:\/\/www.salesianos.edu\/revistasmx\/ca\/recordar-el-passat-per-projectar-el-futur-aixi-celebren-les-cases-salesianes-un-curs-carregat-defemerides\/"},"author":{"name":"joseluisgarciamoscoso","@id":"http:\/\/www.salesianos.edu\/revistasmx\/#\/schema\/person\/a1d72ee5373cce7347fb2993ba9f47d6"},"headline":"Recordar el passat per projectar el futur: Aix\u00ed celebren les cases salesianes un curs carregat d&#8217;efem\u00e8rides","datePublished":"2019-11-24T09:00:48+00:00","dateModified":"2019-11-29T11:30:27+00:00","mainEntityOfPage":{"@id":"http:\/\/www.salesianos.edu\/revistasmx\/ca\/recordar-el-passat-per-projectar-el-futur-aixi-celebren-les-cases-salesianes-un-curs-carregat-defemerides\/"},"wordCount":2597,"commentCount":0,"image":{"@id":"http:\/\/www.salesianos.edu\/revistasmx\/ca\/recordar-el-passat-per-projectar-el-futur-aixi-celebren-les-cases-salesianes-un-curs-carregat-defemerides\/#primaryimage"},"thumbnailUrl":"http:\/\/www.salesianos.edu\/revistasmx\/wp-content\/uploads\/sites\/8\/2019\/11\/PORTADA-Huelva-Comienzos-77.jpg","articleSection":["A FONS"],"inLanguage":"es","potentialAction":[{"@type":"CommentAction","name":"Comment","target":["http:\/\/www.salesianos.edu\/revistasmx\/ca\/recordar-el-passat-per-projectar-el-futur-aixi-celebren-les-cases-salesianes-un-curs-carregat-defemerides\/#respond"]}]},{"@type":"WebPage","@id":"http:\/\/www.salesianos.edu\/revistasmx\/ca\/recordar-el-passat-per-projectar-el-futur-aixi-celebren-les-cases-salesianes-un-curs-carregat-defemerides\/","url":"http:\/\/www.salesianos.edu\/revistasmx\/ca\/recordar-el-passat-per-projectar-el-futur-aixi-celebren-les-cases-salesianes-un-curs-carregat-defemerides\/","name":"Recordar el passat per projectar el futur: Aix\u00ed celebren les cases salesianes un curs carregat d'efem\u00e8rides - Revista SMX","isPartOf":{"@id":"http:\/\/www.salesianos.edu\/revistasmx\/#website"},"primaryImageOfPage":{"@id":"http:\/\/www.salesianos.edu\/revistasmx\/ca\/recordar-el-passat-per-projectar-el-futur-aixi-celebren-les-cases-salesianes-un-curs-carregat-defemerides\/#primaryimage"},"image":{"@id":"http:\/\/www.salesianos.edu\/revistasmx\/ca\/recordar-el-passat-per-projectar-el-futur-aixi-celebren-les-cases-salesianes-un-curs-carregat-defemerides\/#primaryimage"},"thumbnailUrl":"http:\/\/www.salesianos.edu\/revistasmx\/wp-content\/uploads\/sites\/8\/2019\/11\/PORTADA-Huelva-Comienzos-77.jpg","datePublished":"2019-11-24T09:00:48+00:00","dateModified":"2019-11-29T11:30:27+00:00","author":{"@id":"http:\/\/www.salesianos.edu\/revistasmx\/#\/schema\/person\/a1d72ee5373cce7347fb2993ba9f47d6"},"breadcrumb":{"@id":"http:\/\/www.salesianos.edu\/revistasmx\/ca\/recordar-el-passat-per-projectar-el-futur-aixi-celebren-les-cases-salesianes-un-curs-carregat-defemerides\/#breadcrumb"},"inLanguage":"es","potentialAction":[{"@type":"ReadAction","target":["http:\/\/www.salesianos.edu\/revistasmx\/ca\/recordar-el-passat-per-projectar-el-futur-aixi-celebren-les-cases-salesianes-un-curs-carregat-defemerides\/"]}]},{"@type":"ImageObject","inLanguage":"es","@id":"http:\/\/www.salesianos.edu\/revistasmx\/ca\/recordar-el-passat-per-projectar-el-futur-aixi-celebren-les-cases-salesianes-un-curs-carregat-defemerides\/#primaryimage","url":"http:\/\/www.salesianos.edu\/revistasmx\/wp-content\/uploads\/sites\/8\/2019\/11\/PORTADA-Huelva-Comienzos-77.jpg","contentUrl":"http:\/\/www.salesianos.edu\/revistasmx\/wp-content\/uploads\/sites\/8\/2019\/11\/PORTADA-Huelva-Comienzos-77.jpg","width":1024,"height":758},{"@type":"BreadcrumbList","@id":"http:\/\/www.salesianos.edu\/revistasmx\/ca\/recordar-el-passat-per-projectar-el-futur-aixi-celebren-les-cases-salesianes-un-curs-carregat-defemerides\/#breadcrumb","itemListElement":[{"@type":"ListItem","position":1,"name":"Portada","item":"https:\/\/www.salesianos.edu\/revistasmx\/"},{"@type":"ListItem","position":2,"name":"Recordar el passat per projectar el futur: Aix\u00ed celebren les cases salesianes un curs carregat d&#8217;efem\u00e8rides"}]},{"@type":"WebSite","@id":"http:\/\/www.salesianos.edu\/revistasmx\/#website","url":"http:\/\/www.salesianos.edu\/revistasmx\/","name":"Revista SMX","description":"P\u00e1gina oficial de Inspector\u00eda Salesiana Mar\u00eda Auxiliadora","potentialAction":[{"@type":"SearchAction","target":{"@type":"EntryPoint","urlTemplate":"http:\/\/www.salesianos.edu\/revistasmx\/?s={search_term_string}"},"query-input":{"@type":"PropertyValueSpecification","valueRequired":true,"valueName":"search_term_string"}}],"inLanguage":"es"},{"@type":"Person","@id":"http:\/\/www.salesianos.edu\/revistasmx\/#\/schema\/person\/a1d72ee5373cce7347fb2993ba9f47d6","name":"joseluisgarciamoscoso","image":{"@type":"ImageObject","inLanguage":"es","@id":"https:\/\/secure.gravatar.com\/avatar\/3fda3a0b2db3bc9a39871e47cbd526b42d6c3b74755b7ae1400a87b2913fea6a?s=96&d=mm&r=g","url":"https:\/\/secure.gravatar.com\/avatar\/3fda3a0b2db3bc9a39871e47cbd526b42d6c3b74755b7ae1400a87b2913fea6a?s=96&d=mm&r=g","contentUrl":"https:\/\/secure.gravatar.com\/avatar\/3fda3a0b2db3bc9a39871e47cbd526b42d6c3b74755b7ae1400a87b2913fea6a?s=96&d=mm&r=g","caption":"joseluisgarciamoscoso"}}]}},"_links":{"self":[{"href":"http:\/\/www.salesianos.edu\/revistasmx\/wp-json\/wp\/v2\/posts\/12564","targetHints":{"allow":["GET"]}}],"collection":[{"href":"http:\/\/www.salesianos.edu\/revistasmx\/wp-json\/wp\/v2\/posts"}],"about":[{"href":"http:\/\/www.salesianos.edu\/revistasmx\/wp-json\/wp\/v2\/types\/post"}],"author":[{"embeddable":true,"href":"http:\/\/www.salesianos.edu\/revistasmx\/wp-json\/wp\/v2\/users\/12"}],"replies":[{"embeddable":true,"href":"http:\/\/www.salesianos.edu\/revistasmx\/wp-json\/wp\/v2\/comments?post=12564"}],"version-history":[{"count":5,"href":"http:\/\/www.salesianos.edu\/revistasmx\/wp-json\/wp\/v2\/posts\/12564\/revisions"}],"predecessor-version":[{"id":12570,"href":"http:\/\/www.salesianos.edu\/revistasmx\/wp-json\/wp\/v2\/posts\/12564\/revisions\/12570"}],"wp:featuredmedia":[{"embeddable":true,"href":"http:\/\/www.salesianos.edu\/revistasmx\/wp-json\/wp\/v2\/media\/12477"}],"wp:attachment":[{"href":"http:\/\/www.salesianos.edu\/revistasmx\/wp-json\/wp\/v2\/media?parent=12564"}],"wp:term":[{"taxonomy":"category","embeddable":true,"href":"http:\/\/www.salesianos.edu\/revistasmx\/wp-json\/wp\/v2\/categories?post=12564"},{"taxonomy":"post_tag","embeddable":true,"href":"http:\/\/www.salesianos.edu\/revistasmx\/wp-json\/wp\/v2\/tags?post=12564"}],"curies":[{"name":"wp","href":"https:\/\/api.w.org\/{rel}","templated":true}]}}