{"id":12543,"date":"2019-11-24T14:00:07","date_gmt":"2019-11-24T13:00:07","guid":{"rendered":"http:\/\/www.salesianos.edu\/revistasmx\/?p=12543"},"modified":"2020-09-28T11:16:06","modified_gmt":"2020-09-28T09:16:06","slug":"entre-los-mas-abandonados-y-en-peligro-2","status":"publish","type":"post","link":"http:\/\/www.salesianos.edu\/revistasmx\/entre-los-mas-abandonados-y-en-peligro-2\/","title":{"rendered":"Entre los mas abandonados y en peligro"},"content":{"rendered":"<div id=\"fb-root\"><\/div>\n<p>Escribe Don Bosco en las Memorias del Oratorio, refiri\u00e9ndose a los or\u00edgenes de Valdocco y el inicio de los talleres en el Oratorio:<\/p>\n<p><em>\u201cApenas se pudo disponer de otras habitaciones, aument\u00f3 el n\u00famero de aprendices artesanos, que lleg\u00f3 a ser de quince; todos escogidos de entre los m\u00e1s abandonados y en peligro\u201d <\/em>(en el original a\u00f1ade: 1847).<\/p>\n<p>Don Bosco escogi\u00f3, lo expresa \u00e9l mismo con claridad, a los j\u00f3venes m\u00e1s abandonados y en peligro para el inicio de su Oratorio. En nuestra familia, la preocupaci\u00f3n por los \u00faltimos, por los m\u00e1s pobres, por los m\u00e1s abandonados ha sido siempre una constante y es una herencia comprometedora que hemos recibido de nuestro padre.<\/p>\n<p>La preocupaci\u00f3n social, el compromiso transformador, el sentido de la justicia y la sensibilidad hacia los \u00faltimos han sido siempre caracter\u00edsticas de su acci\u00f3n pastoral y han vertebrado su misi\u00f3n.<\/p>\n<p>Don Bosco mir\u00f3 a su alrededor y no dud\u00f3 en tomar cartas en el asunto. Su contacto con los arrabales de Tur\u00edn, con la miseria de sus calles, con la penuria de sus gentes, le hizo implicarse en la realidad y buscar soluciones creativas para afrontar el necesario cambio social.<\/p>\n<p>Abandono, soledad, fracaso escolar, falta de expectativas, marginalidad, exclusi\u00f3n social\u2026 realidades que hoy est\u00e1n a nuestro alrededor y que requieren la mirada atenta del educador y el compromiso creativo y transformador de todos los que hemos recibido el \u201clegado\u201d de Don Bosco. \u00bfTe animas, tambi\u00e9n t\u00fa a continuar con su herencia? Hay un sitio para ti.<\/p>\n<p style=\"text-align: right\"><strong>Jos\u00e9 Miguel N\u00fa\u00f1ez<\/strong><\/p>\n<p style=\"text-align: right\"><strong>Director de la CP \u201cBartolom\u00e9 Blanco\u201d<\/strong><\/p>\n","protected":false},"excerpt":{"rendered":"<p>Escribe Don Bosco en las Memorias del Oratorio, refiri\u00e9ndose a los or\u00edgenes de Valdocco y el inicio de los talleres en el Oratorio: \u201cApenas se pudo disponer de otras habitaciones, aument\u00f3 el n\u00famero de aprendices artesanos, que lleg\u00f3 a ser de quince; todos escogidos de entre los m\u00e1s abandonados y en peligro\u201d (en el original [&hellip;]<\/p>\n","protected":false},"author":12,"featured_media":12539,"comment_status":"open","ping_status":"closed","sticky":false,"template":"","format":"standard","meta":{"_et_pb_use_builder":"","_et_pb_old_content":"","_et_gb_content_width":"","footnotes":""},"categories":[138],"tags":[],"class_list":["post-12543","post","type-post","status-publish","format-standard","has-post-thumbnail","hentry","category-reflexiones-vocacionales"],"yoast_head":"<!-- This site is optimized with the Yoast SEO plugin v27.5 - https:\/\/yoast.com\/product\/yoast-seo-wordpress\/ -->\n<title>Entre los mas abandonados y en peligro - Revista SMX<\/title>\n<meta name=\"robots\" content=\"index, follow, max-snippet:-1, max-image-preview:large, max-video-preview:-1\" \/>\n<link rel=\"canonical\" href=\"http:\/\/www.salesianos.edu\/revistasmx\/entre-los-mas-abandonados-y-en-peligro-2\/\" \/>\n<meta property=\"og:locale\" content=\"es_ES\" \/>\n<meta property=\"og:type\" content=\"article\" \/>\n<meta property=\"og:title\" content=\"Entre los mas abandonados y en peligro - Revista SMX\" \/>\n<meta property=\"og:description\" content=\"Escribe Don Bosco en las Memorias del Oratorio, refiri\u00e9ndose a los or\u00edgenes de Valdocco y el inicio de los talleres en el Oratorio: \u201cApenas se pudo disponer de otras habitaciones, aument\u00f3 el n\u00famero de aprendices artesanos, que lleg\u00f3 a ser de quince; todos escogidos de entre los m\u00e1s abandonados y en peligro\u201d (en el original [&hellip;]\" \/>\n<meta property=\"og:url\" content=\"http:\/\/www.salesianos.edu\/revistasmx\/entre-los-mas-abandonados-y-en-peligro-2\/\" \/>\n<meta property=\"og:site_name\" content=\"Revista SMX\" \/>\n<meta property=\"article:published_time\" content=\"2019-11-24T13:00:07+00:00\" \/>\n<meta property=\"article:modified_time\" content=\"2020-09-28T09:16:06+00:00\" \/>\n<meta property=\"og:image\" content=\"https:\/\/www.salesianos.edu\/revistasmx\/wp-content\/uploads\/sites\/8\/2019\/11\/DesdeBartolomeB.jpg\" \/>\n\t<meta property=\"og:image:width\" content=\"770\" \/>\n\t<meta property=\"og:image:height\" content=\"480\" \/>\n\t<meta property=\"og:image:type\" content=\"image\/jpeg\" \/>\n<meta name=\"author\" content=\"joseluisgarciamoscoso\" \/>\n<meta name=\"twitter:card\" content=\"summary_large_image\" \/>\n<meta name=\"twitter:label1\" content=\"Escrito por\" \/>\n\t<meta name=\"twitter:data1\" content=\"joseluisgarciamoscoso\" \/>\n\t<meta name=\"twitter:label2\" content=\"Tiempo de lectura\" \/>\n\t<meta name=\"twitter:data2\" content=\"1 minuto\" \/>\n<script type=\"application\/ld+json\" class=\"yoast-schema-graph\">{\"@context\":\"https:\\\/\\\/schema.org\",\"@graph\":[{\"@type\":\"Article\",\"@id\":\"http:\\\/\\\/www.salesianos.edu\\\/revistasmx\\\/entre-los-mas-abandonados-y-en-peligro-2\\\/#article\",\"isPartOf\":{\"@id\":\"http:\\\/\\\/www.salesianos.edu\\\/revistasmx\\\/entre-los-mas-abandonados-y-en-peligro-2\\\/\"},\"author\":{\"name\":\"joseluisgarciamoscoso\",\"@id\":\"http:\\\/\\\/www.salesianos.edu\\\/revistasmx\\\/#\\\/schema\\\/person\\\/a1d72ee5373cce7347fb2993ba9f47d6\"},\"headline\":\"Entre los mas abandonados y en peligro\",\"datePublished\":\"2019-11-24T13:00:07+00:00\",\"dateModified\":\"2020-09-28T09:16:06+00:00\",\"mainEntityOfPage\":{\"@id\":\"http:\\\/\\\/www.salesianos.edu\\\/revistasmx\\\/entre-los-mas-abandonados-y-en-peligro-2\\\/\"},\"wordCount\":282,\"commentCount\":0,\"image\":{\"@id\":\"http:\\\/\\\/www.salesianos.edu\\\/revistasmx\\\/entre-los-mas-abandonados-y-en-peligro-2\\\/#primaryimage\"},\"thumbnailUrl\":\"http:\\\/\\\/www.salesianos.edu\\\/revistasmx\\\/wp-content\\\/uploads\\\/sites\\\/8\\\/2019\\\/11\\\/DesdeBartolomeB.jpg\",\"articleSection\":[\"Reflexiones vocacionales\"],\"inLanguage\":\"es\",\"potentialAction\":[{\"@type\":\"CommentAction\",\"name\":\"Comment\",\"target\":[\"http:\\\/\\\/www.salesianos.edu\\\/revistasmx\\\/entre-los-mas-abandonados-y-en-peligro-2\\\/#respond\"]}]},{\"@type\":\"WebPage\",\"@id\":\"http:\\\/\\\/www.salesianos.edu\\\/revistasmx\\\/entre-los-mas-abandonados-y-en-peligro-2\\\/\",\"url\":\"http:\\\/\\\/www.salesianos.edu\\\/revistasmx\\\/entre-los-mas-abandonados-y-en-peligro-2\\\/\",\"name\":\"Entre los mas abandonados y en peligro - Revista SMX\",\"isPartOf\":{\"@id\":\"http:\\\/\\\/www.salesianos.edu\\\/revistasmx\\\/#website\"},\"primaryImageOfPage\":{\"@id\":\"http:\\\/\\\/www.salesianos.edu\\\/revistasmx\\\/entre-los-mas-abandonados-y-en-peligro-2\\\/#primaryimage\"},\"image\":{\"@id\":\"http:\\\/\\\/www.salesianos.edu\\\/revistasmx\\\/entre-los-mas-abandonados-y-en-peligro-2\\\/#primaryimage\"},\"thumbnailUrl\":\"http:\\\/\\\/www.salesianos.edu\\\/revistasmx\\\/wp-content\\\/uploads\\\/sites\\\/8\\\/2019\\\/11\\\/DesdeBartolomeB.jpg\",\"datePublished\":\"2019-11-24T13:00:07+00:00\",\"dateModified\":\"2020-09-28T09:16:06+00:00\",\"author\":{\"@id\":\"http:\\\/\\\/www.salesianos.edu\\\/revistasmx\\\/#\\\/schema\\\/person\\\/a1d72ee5373cce7347fb2993ba9f47d6\"},\"breadcrumb\":{\"@id\":\"http:\\\/\\\/www.salesianos.edu\\\/revistasmx\\\/entre-los-mas-abandonados-y-en-peligro-2\\\/#breadcrumb\"},\"inLanguage\":\"es\",\"potentialAction\":[{\"@type\":\"ReadAction\",\"target\":[\"http:\\\/\\\/www.salesianos.edu\\\/revistasmx\\\/entre-los-mas-abandonados-y-en-peligro-2\\\/\"]}]},{\"@type\":\"ImageObject\",\"inLanguage\":\"es\",\"@id\":\"http:\\\/\\\/www.salesianos.edu\\\/revistasmx\\\/entre-los-mas-abandonados-y-en-peligro-2\\\/#primaryimage\",\"url\":\"http:\\\/\\\/www.salesianos.edu\\\/revistasmx\\\/wp-content\\\/uploads\\\/sites\\\/8\\\/2019\\\/11\\\/DesdeBartolomeB.jpg\",\"contentUrl\":\"http:\\\/\\\/www.salesianos.edu\\\/revistasmx\\\/wp-content\\\/uploads\\\/sites\\\/8\\\/2019\\\/11\\\/DesdeBartolomeB.jpg\",\"width\":770,\"height\":480},{\"@type\":\"BreadcrumbList\",\"@id\":\"http:\\\/\\\/www.salesianos.edu\\\/revistasmx\\\/entre-los-mas-abandonados-y-en-peligro-2\\\/#breadcrumb\",\"itemListElement\":[{\"@type\":\"ListItem\",\"position\":1,\"name\":\"Portada\",\"item\":\"https:\\\/\\\/www.salesianos.edu\\\/revistasmx\\\/\"},{\"@type\":\"ListItem\",\"position\":2,\"name\":\"Entre los mas abandonados y en peligro\"}]},{\"@type\":\"WebSite\",\"@id\":\"http:\\\/\\\/www.salesianos.edu\\\/revistasmx\\\/#website\",\"url\":\"http:\\\/\\\/www.salesianos.edu\\\/revistasmx\\\/\",\"name\":\"Revista SMX\",\"description\":\"P\u00e1gina oficial de Inspector\u00eda Salesiana Mar\u00eda Auxiliadora\",\"potentialAction\":[{\"@type\":\"SearchAction\",\"target\":{\"@type\":\"EntryPoint\",\"urlTemplate\":\"http:\\\/\\\/www.salesianos.edu\\\/revistasmx\\\/?s={search_term_string}\"},\"query-input\":{\"@type\":\"PropertyValueSpecification\",\"valueRequired\":true,\"valueName\":\"search_term_string\"}}],\"inLanguage\":\"es\"},{\"@type\":\"Person\",\"@id\":\"http:\\\/\\\/www.salesianos.edu\\\/revistasmx\\\/#\\\/schema\\\/person\\\/a1d72ee5373cce7347fb2993ba9f47d6\",\"name\":\"joseluisgarciamoscoso\",\"image\":{\"@type\":\"ImageObject\",\"inLanguage\":\"es\",\"@id\":\"https:\\\/\\\/secure.gravatar.com\\\/avatar\\\/3fda3a0b2db3bc9a39871e47cbd526b42d6c3b74755b7ae1400a87b2913fea6a?s=96&d=mm&r=g\",\"url\":\"https:\\\/\\\/secure.gravatar.com\\\/avatar\\\/3fda3a0b2db3bc9a39871e47cbd526b42d6c3b74755b7ae1400a87b2913fea6a?s=96&d=mm&r=g\",\"contentUrl\":\"https:\\\/\\\/secure.gravatar.com\\\/avatar\\\/3fda3a0b2db3bc9a39871e47cbd526b42d6c3b74755b7ae1400a87b2913fea6a?s=96&d=mm&r=g\",\"caption\":\"joseluisgarciamoscoso\"}}]}<\/script>\n<!-- \/ Yoast SEO plugin. -->","yoast_head_json":{"title":"Entre los mas abandonados y en peligro - Revista SMX","robots":{"index":"index","follow":"follow","max-snippet":"max-snippet:-1","max-image-preview":"max-image-preview:large","max-video-preview":"max-video-preview:-1"},"canonical":"http:\/\/www.salesianos.edu\/revistasmx\/entre-los-mas-abandonados-y-en-peligro-2\/","og_locale":"es_ES","og_type":"article","og_title":"Entre los mas abandonados y en peligro - Revista SMX","og_description":"Escribe Don Bosco en las Memorias del Oratorio, refiri\u00e9ndose a los or\u00edgenes de Valdocco y el inicio de los talleres en el Oratorio: \u201cApenas se pudo disponer de otras habitaciones, aument\u00f3 el n\u00famero de aprendices artesanos, que lleg\u00f3 a ser de quince; todos escogidos de entre los m\u00e1s abandonados y en peligro\u201d (en el original [&hellip;]","og_url":"http:\/\/www.salesianos.edu\/revistasmx\/entre-los-mas-abandonados-y-en-peligro-2\/","og_site_name":"Revista SMX","article_published_time":"2019-11-24T13:00:07+00:00","article_modified_time":"2020-09-28T09:16:06+00:00","og_image":[{"width":770,"height":480,"url":"https:\/\/www.salesianos.edu\/revistasmx\/wp-content\/uploads\/sites\/8\/2019\/11\/DesdeBartolomeB.jpg","type":"image\/jpeg"}],"author":"joseluisgarciamoscoso","twitter_card":"summary_large_image","twitter_misc":{"Escrito por":"joseluisgarciamoscoso","Tiempo de lectura":"1 minuto"},"schema":{"@context":"https:\/\/schema.org","@graph":[{"@type":"Article","@id":"http:\/\/www.salesianos.edu\/revistasmx\/entre-los-mas-abandonados-y-en-peligro-2\/#article","isPartOf":{"@id":"http:\/\/www.salesianos.edu\/revistasmx\/entre-los-mas-abandonados-y-en-peligro-2\/"},"author":{"name":"joseluisgarciamoscoso","@id":"http:\/\/www.salesianos.edu\/revistasmx\/#\/schema\/person\/a1d72ee5373cce7347fb2993ba9f47d6"},"headline":"Entre los mas abandonados y en peligro","datePublished":"2019-11-24T13:00:07+00:00","dateModified":"2020-09-28T09:16:06+00:00","mainEntityOfPage":{"@id":"http:\/\/www.salesianos.edu\/revistasmx\/entre-los-mas-abandonados-y-en-peligro-2\/"},"wordCount":282,"commentCount":0,"image":{"@id":"http:\/\/www.salesianos.edu\/revistasmx\/entre-los-mas-abandonados-y-en-peligro-2\/#primaryimage"},"thumbnailUrl":"http:\/\/www.salesianos.edu\/revistasmx\/wp-content\/uploads\/sites\/8\/2019\/11\/DesdeBartolomeB.jpg","articleSection":["Reflexiones vocacionales"],"inLanguage":"es","potentialAction":[{"@type":"CommentAction","name":"Comment","target":["http:\/\/www.salesianos.edu\/revistasmx\/entre-los-mas-abandonados-y-en-peligro-2\/#respond"]}]},{"@type":"WebPage","@id":"http:\/\/www.salesianos.edu\/revistasmx\/entre-los-mas-abandonados-y-en-peligro-2\/","url":"http:\/\/www.salesianos.edu\/revistasmx\/entre-los-mas-abandonados-y-en-peligro-2\/","name":"Entre los mas abandonados y en peligro - Revista SMX","isPartOf":{"@id":"http:\/\/www.salesianos.edu\/revistasmx\/#website"},"primaryImageOfPage":{"@id":"http:\/\/www.salesianos.edu\/revistasmx\/entre-los-mas-abandonados-y-en-peligro-2\/#primaryimage"},"image":{"@id":"http:\/\/www.salesianos.edu\/revistasmx\/entre-los-mas-abandonados-y-en-peligro-2\/#primaryimage"},"thumbnailUrl":"http:\/\/www.salesianos.edu\/revistasmx\/wp-content\/uploads\/sites\/8\/2019\/11\/DesdeBartolomeB.jpg","datePublished":"2019-11-24T13:00:07+00:00","dateModified":"2020-09-28T09:16:06+00:00","author":{"@id":"http:\/\/www.salesianos.edu\/revistasmx\/#\/schema\/person\/a1d72ee5373cce7347fb2993ba9f47d6"},"breadcrumb":{"@id":"http:\/\/www.salesianos.edu\/revistasmx\/entre-los-mas-abandonados-y-en-peligro-2\/#breadcrumb"},"inLanguage":"es","potentialAction":[{"@type":"ReadAction","target":["http:\/\/www.salesianos.edu\/revistasmx\/entre-los-mas-abandonados-y-en-peligro-2\/"]}]},{"@type":"ImageObject","inLanguage":"es","@id":"http:\/\/www.salesianos.edu\/revistasmx\/entre-los-mas-abandonados-y-en-peligro-2\/#primaryimage","url":"http:\/\/www.salesianos.edu\/revistasmx\/wp-content\/uploads\/sites\/8\/2019\/11\/DesdeBartolomeB.jpg","contentUrl":"http:\/\/www.salesianos.edu\/revistasmx\/wp-content\/uploads\/sites\/8\/2019\/11\/DesdeBartolomeB.jpg","width":770,"height":480},{"@type":"BreadcrumbList","@id":"http:\/\/www.salesianos.edu\/revistasmx\/entre-los-mas-abandonados-y-en-peligro-2\/#breadcrumb","itemListElement":[{"@type":"ListItem","position":1,"name":"Portada","item":"https:\/\/www.salesianos.edu\/revistasmx\/"},{"@type":"ListItem","position":2,"name":"Entre los mas abandonados y en peligro"}]},{"@type":"WebSite","@id":"http:\/\/www.salesianos.edu\/revistasmx\/#website","url":"http:\/\/www.salesianos.edu\/revistasmx\/","name":"Revista SMX","description":"P\u00e1gina oficial de Inspector\u00eda Salesiana Mar\u00eda Auxiliadora","potentialAction":[{"@type":"SearchAction","target":{"@type":"EntryPoint","urlTemplate":"http:\/\/www.salesianos.edu\/revistasmx\/?s={search_term_string}"},"query-input":{"@type":"PropertyValueSpecification","valueRequired":true,"valueName":"search_term_string"}}],"inLanguage":"es"},{"@type":"Person","@id":"http:\/\/www.salesianos.edu\/revistasmx\/#\/schema\/person\/a1d72ee5373cce7347fb2993ba9f47d6","name":"joseluisgarciamoscoso","image":{"@type":"ImageObject","inLanguage":"es","@id":"https:\/\/secure.gravatar.com\/avatar\/3fda3a0b2db3bc9a39871e47cbd526b42d6c3b74755b7ae1400a87b2913fea6a?s=96&d=mm&r=g","url":"https:\/\/secure.gravatar.com\/avatar\/3fda3a0b2db3bc9a39871e47cbd526b42d6c3b74755b7ae1400a87b2913fea6a?s=96&d=mm&r=g","contentUrl":"https:\/\/secure.gravatar.com\/avatar\/3fda3a0b2db3bc9a39871e47cbd526b42d6c3b74755b7ae1400a87b2913fea6a?s=96&d=mm&r=g","caption":"joseluisgarciamoscoso"}}]}},"_links":{"self":[{"href":"http:\/\/www.salesianos.edu\/revistasmx\/wp-json\/wp\/v2\/posts\/12543","targetHints":{"allow":["GET"]}}],"collection":[{"href":"http:\/\/www.salesianos.edu\/revistasmx\/wp-json\/wp\/v2\/posts"}],"about":[{"href":"http:\/\/www.salesianos.edu\/revistasmx\/wp-json\/wp\/v2\/types\/post"}],"author":[{"embeddable":true,"href":"http:\/\/www.salesianos.edu\/revistasmx\/wp-json\/wp\/v2\/users\/12"}],"replies":[{"embeddable":true,"href":"http:\/\/www.salesianos.edu\/revistasmx\/wp-json\/wp\/v2\/comments?post=12543"}],"version-history":[{"count":2,"href":"http:\/\/www.salesianos.edu\/revistasmx\/wp-json\/wp\/v2\/posts\/12543\/revisions"}],"predecessor-version":[{"id":15100,"href":"http:\/\/www.salesianos.edu\/revistasmx\/wp-json\/wp\/v2\/posts\/12543\/revisions\/15100"}],"wp:featuredmedia":[{"embeddable":true,"href":"http:\/\/www.salesianos.edu\/revistasmx\/wp-json\/wp\/v2\/media\/12539"}],"wp:attachment":[{"href":"http:\/\/www.salesianos.edu\/revistasmx\/wp-json\/wp\/v2\/media?parent=12543"}],"wp:term":[{"taxonomy":"category","embeddable":true,"href":"http:\/\/www.salesianos.edu\/revistasmx\/wp-json\/wp\/v2\/categories?post=12543"},{"taxonomy":"post_tag","embeddable":true,"href":"http:\/\/www.salesianos.edu\/revistasmx\/wp-json\/wp\/v2\/tags?post=12543"}],"curies":[{"name":"wp","href":"https:\/\/api.w.org\/{rel}","templated":true}]}}