{"id":12036,"date":"2019-09-24T17:00:37","date_gmt":"2019-09-24T15:00:37","guid":{"rendered":"http:\/\/www.salesianos.edu\/revistasmx\/?p=12036"},"modified":"2020-09-28T11:01:44","modified_gmt":"2020-09-28T09:01:44","slug":"no-es-pot-ser-felic-sense-respondre-a-la-vocacio-a-la-qual-hom-ha-estat-cridat","status":"publish","type":"post","link":"http:\/\/www.salesianos.edu\/revistasmx\/ca\/no-es-pot-ser-felic-sense-respondre-a-la-vocacio-a-la-qual-hom-ha-estat-cridat\/","title":{"rendered":"Coneixent Manuel Hurtado"},"content":{"rendered":"<div id=\"fb-root\"><\/div>\n<p>[et_pb_section fb_built=\u00bb1&#8243; _builder_version=\u00bb3.22&#8243;][et_pb_row _builder_version=\u00bb3.25&#8243; background_size=\u00bbinitial\u00bb background_position=\u00bbtop_left\u00bb background_repeat=\u00bbrepeat\u00bb][et_pb_column type=\u00bb4_4&#8243; _builder_version=\u00bb3.25&#8243; custom_padding=\u00bb|||\u00bb custom_padding__hover=\u00bb|||\u00bb][et_pb_image src=\u00bbhttps:\/\/www.salesianos.edu\/revistasmx\/wp-content\/uploads\/sites\/8\/2019\/09\/mh.jpg\u00bb _builder_version=\u00bb3.29.3&#8243; z_index_tablet=\u00bb500&#8243; box_shadow_horizontal_tablet=\u00bb0px\u00bb box_shadow_vertical_tablet=\u00bb0px\u00bb box_shadow_blur_tablet=\u00bb40px\u00bb box_shadow_spread_tablet=\u00bb0px\u00bb][\/et_pb_image][et_pb_text _builder_version=\u00bb3.27.4&#8243; background_size=\u00bbinitial\u00bb background_position=\u00bbtop_left\u00bb background_repeat=\u00bbrepeat\u00bb]Cada dia estic m\u00e9s conven\u00e7ut d&#8217;aquesta afirmaci\u00f3. Com m\u00e9s temps passa m\u00e9s em reafirmo en el convenciment que la vocaci\u00f3 \u00e9s la clau de la felicitat plena. Hi ha gent que va fent tombs, de viv\u00e8ncia en viv\u00e8ncia, d\u2019una banda a l\u2019altra, deixant-se escapar la vida entre els dits. \u00c9s aquesta sensaci\u00f3 que la vida te l&#8217;estan vivint altres. Com si alg\u00fa hagu\u00e9s posat una m\u00fasica i estigu\u00e9ssim obligats a ballar el ball que altres ens marquen, no el que nosaltres volem.<\/p>\n<p>Quanta tristesa genera aquest tipus de vida! Quant neguit! Quant desassossec! \u00c9s un vaixell a la deriva. Diu Fernando Pessoa en la seva obra <em>\u00abEl Llibre del desassossec\u00bb<\/em> que els homes i dones de la seva generaci\u00f3 s\u00f3n com un vaixell navegant sense un port al qual arribar. Per\u00f2, \u00bfcom es pot viure aix\u00ed? Sense un objectiu, sense una meta, sense un port al qual dirigir-se. Com es pot viure xipollejant en el mar immens de la vida sense un altre objectiu de seguir xipollejant per no enfonsar-se?<\/p>\n<p>Aquestes i altres preguntes s\u00f3n les que em sorgeixen quan em trobo amb persones sense rumb, que es viuen des de la indifer\u00e8ncia i que no volen ni tan sols pensar que la seva vida pot tenir un per qu\u00e8 i un per a qu\u00e8. I m&#8217;agradaria dir-los que hi ha una meta, i que \u00e9s de deb\u00f2; que estan cridats a viure una vocaci\u00f3 meravellosa que ning\u00fa mai no viur\u00e0 si no la viuen ells; que aquesta vocaci\u00f3 \u00e9s a la Vida (amb maj\u00fascula) i que ve d&#8217;un Altre (tamb\u00e9 amb maj\u00fascula); i que nom\u00e9s valdr\u00e0 la pena la travessia si, finalment, aconsegueixen arribar al Port segur que \u00e9s D\u00e9u. L&#8217;onatge, les tempestes i els sismes submarins de la vida nom\u00e9s tindran sentit en un D\u00e9u que sempre hi \u00e9s per reparar el nostre malm\u00e8s vaixell, que sempre ens espera i que sempre ens acollir\u00e0 amb els bra\u00e7os oberts.<\/p>\n<p>Feli\u00e7 curs a tots, amics.<br \/>\n[\/et_pb_text][\/et_pb_column][\/et_pb_row][\/et_pb_section]<\/p>\n","protected":false},"excerpt":{"rendered":"<p>[et_pb_section fb_built=\u00bb1&#8243; _builder_version=\u00bb3.22&#8243;][et_pb_row _builder_version=\u00bb3.25&#8243; background_size=\u00bbinitial\u00bb background_position=\u00bbtop_left\u00bb background_repeat=\u00bbrepeat\u00bb][et_pb_column type=\u00bb4_4&#8243; _builder_version=\u00bb3.25&#8243; custom_padding=\u00bb|||\u00bb custom_padding__hover=\u00bb|||\u00bb][et_pb_image src=\u00bbhttps:\/\/www.salesianos.edu\/revistasmx\/wp-content\/uploads\/sites\/8\/2019\/09\/mh.jpg\u00bb _builder_version=\u00bb3.29.3&#8243; z_index_tablet=\u00bb500&#8243; box_shadow_horizontal_tablet=\u00bb0px\u00bb box_shadow_vertical_tablet=\u00bb0px\u00bb box_shadow_blur_tablet=\u00bb40px\u00bb box_shadow_spread_tablet=\u00bb0px\u00bb][\/et_pb_image][et_pb_text _builder_version=\u00bb3.27.4&#8243; background_size=\u00bbinitial\u00bb background_position=\u00bbtop_left\u00bb background_repeat=\u00bbrepeat\u00bb]Cada dia estic m\u00e9s conven\u00e7ut d&#8217;aquesta afirmaci\u00f3. Com m\u00e9s temps passa m\u00e9s em reafirmo en el convenciment que la vocaci\u00f3 \u00e9s la clau de la felicitat plena. Hi ha gent que va fent tombs, [&hellip;]<\/p>\n","protected":false},"author":5,"featured_media":12111,"comment_status":"open","ping_status":"closed","sticky":false,"template":"","format":"standard","meta":{"_et_pb_use_builder":"on","_et_pb_old_content":"<p>Cada dia estic m\u00e9s conven\u00e7ut d'aquesta afirmaci\u00f3. Com m\u00e9s temps passa m\u00e9s em reafirmo en el convenciment que la vocaci\u00f3 \u00e9s la clau de la felicitat plena. Hi ha gent que va fent tombs, de viv\u00e8ncia en viv\u00e8ncia, d\u2019una banda a l\u2019altra, deixant-se escapar la vida entre els dits. \u00c9s aquesta sensaci\u00f3 que la vida te l'estan vivint altres. Com si alg\u00fa hagu\u00e9s posat una m\u00fasica i estigu\u00e9ssim obligats a ballar el ball que altres ens marquen, no el que nosaltres volem.<\/p><p>Quanta tristesa genera aquest tipus de vida! Quant neguit! Quant desassossec! \u00c9s un vaixell a la deriva. Diu Fernando Pessoa en la seva obra <em>\"El Llibre del desassossec\"<\/em> que els homes i dones de la seva generaci\u00f3 s\u00f3n com un vaixell navegant sense un port al qual arribar. Per\u00f2, \u00bfcom es pot viure aix\u00ed? Sense un objectiu, sense una meta, sense un port al qual dirigir-se. Com es pot viure xipollejant en el mar immens de la vida sense un altre objectiu de seguir xipollejant per no enfonsar-se?<\/p><p>Aquestes i altres preguntes s\u00f3n les que em sorgeixen quan em trobo amb persones sense rumb, que es viuen des de la indifer\u00e8ncia i que no volen ni tan sols pensar que la seva vida pot tenir un per qu\u00e8 i un per a qu\u00e8. I m'agradaria dir-los que hi ha una meta, i que \u00e9s de deb\u00f2; que estan cridats a viure una vocaci\u00f3 meravellosa que ning\u00fa mai no viur\u00e0 si no la viuen ells; que aquesta vocaci\u00f3 \u00e9s a la Vida (amb maj\u00fascula) i que ve d'un Altre (tamb\u00e9 amb maj\u00fascula); i que nom\u00e9s valdr\u00e0 la pena la travessia si, finalment, aconsegueixen arribar al Port segur que \u00e9s D\u00e9u. L'onatge, les tempestes i els sismes submarins de la vida nom\u00e9s tindran sentit en un D\u00e9u que sempre hi \u00e9s per reparar el nostre malm\u00e8s vaixell, que sempre ens espera i que sempre ens acollir\u00e0 amb els bra\u00e7os oberts.<\/p><p>Feli\u00e7 curs a tots, amics.<\/p>","_et_gb_content_width":"","footnotes":""},"categories":[142],"tags":[425],"class_list":["post-12036","post","type-post","status-publish","format-standard","has-post-thumbnail","hentry","category-coneixent-a","tag-smx50-ca"],"yoast_head":"<!-- This site is optimized with the Yoast SEO plugin v27.5 - https:\/\/yoast.com\/product\/yoast-seo-wordpress\/ -->\n<title>Coneixent Manuel Hurtado - Revista SMX<\/title>\n<meta name=\"robots\" content=\"index, follow, max-snippet:-1, max-image-preview:large, max-video-preview:-1\" \/>\n<link rel=\"canonical\" href=\"http:\/\/www.salesianos.edu\/revistasmx\/ca\/no-es-pot-ser-felic-sense-respondre-a-la-vocacio-a-la-qual-hom-ha-estat-cridat\/\" \/>\n<meta property=\"og:locale\" content=\"es_ES\" \/>\n<meta property=\"og:type\" content=\"article\" \/>\n<meta property=\"og:title\" content=\"Coneixent Manuel Hurtado - Revista SMX\" \/>\n<meta property=\"og:description\" content=\"[et_pb_section fb_built=\u00bb1&#8243; _builder_version=\u00bb3.22&#8243;][et_pb_row _builder_version=\u00bb3.25&#8243; background_size=\u00bbinitial\u00bb background_position=\u00bbtop_left\u00bb background_repeat=\u00bbrepeat\u00bb][et_pb_column type=\u00bb4_4&#8243; _builder_version=\u00bb3.25&#8243; custom_padding=\u00bb|||\u00bb custom_padding__hover=\u00bb|||\u00bb][et_pb_image src=\u00bbhttps:\/\/www.salesianos.edu\/revistasmx\/wp-content\/uploads\/sites\/8\/2019\/09\/mh.jpg\u00bb _builder_version=\u00bb3.29.3&#8243; z_index_tablet=\u00bb500&#8243; box_shadow_horizontal_tablet=\u00bb0px\u00bb box_shadow_vertical_tablet=\u00bb0px\u00bb box_shadow_blur_tablet=\u00bb40px\u00bb box_shadow_spread_tablet=\u00bb0px\u00bb][\/et_pb_image][et_pb_text _builder_version=\u00bb3.27.4&#8243; background_size=\u00bbinitial\u00bb background_position=\u00bbtop_left\u00bb background_repeat=\u00bbrepeat\u00bb]Cada dia estic m\u00e9s conven\u00e7ut d&#8217;aquesta afirmaci\u00f3. Com m\u00e9s temps passa m\u00e9s em reafirmo en el convenciment que la vocaci\u00f3 \u00e9s la clau de la felicitat plena. Hi ha gent que va fent tombs, [&hellip;]\" \/>\n<meta property=\"og:url\" content=\"http:\/\/www.salesianos.edu\/revistasmx\/ca\/no-es-pot-ser-felic-sense-respondre-a-la-vocacio-a-la-qual-hom-ha-estat-cridat\/\" \/>\n<meta property=\"og:site_name\" content=\"Revista SMX\" \/>\n<meta property=\"article:published_time\" content=\"2019-09-24T15:00:37+00:00\" \/>\n<meta property=\"article:modified_time\" content=\"2020-09-28T09:01:44+00:00\" \/>\n<meta property=\"og:image\" content=\"http:\/\/www.salesianos.edu\/revistasmx\/wp-content\/uploads\/sites\/8\/2019\/09\/mh-1.jpg\" \/>\n\t<meta property=\"og:image:width\" content=\"600\" \/>\n\t<meta property=\"og:image:height\" content=\"400\" \/>\n\t<meta property=\"og:image:type\" content=\"image\/jpeg\" \/>\n<meta name=\"author\" content=\"martapeirat\" \/>\n<meta name=\"twitter:card\" content=\"summary_large_image\" \/>\n<meta name=\"twitter:label1\" content=\"Escrito por\" \/>\n\t<meta name=\"twitter:data1\" content=\"martapeirat\" \/>\n\t<meta name=\"twitter:label2\" content=\"Tiempo de lectura\" \/>\n\t<meta name=\"twitter:data2\" content=\"2 minutos\" \/>\n<script type=\"application\/ld+json\" class=\"yoast-schema-graph\">{\"@context\":\"https:\\\/\\\/schema.org\",\"@graph\":[{\"@type\":\"Article\",\"@id\":\"http:\\\/\\\/www.salesianos.edu\\\/revistasmx\\\/ca\\\/no-es-pot-ser-felic-sense-respondre-a-la-vocacio-a-la-qual-hom-ha-estat-cridat\\\/#article\",\"isPartOf\":{\"@id\":\"http:\\\/\\\/www.salesianos.edu\\\/revistasmx\\\/ca\\\/no-es-pot-ser-felic-sense-respondre-a-la-vocacio-a-la-qual-hom-ha-estat-cridat\\\/\"},\"author\":{\"name\":\"martapeirat\",\"@id\":\"http:\\\/\\\/www.salesianos.edu\\\/revistasmx\\\/#\\\/schema\\\/person\\\/20a80be1bb4e0ed82068c57facf5b237\"},\"headline\":\"Coneixent Manuel Hurtado\",\"datePublished\":\"2019-09-24T15:00:37+00:00\",\"dateModified\":\"2020-09-28T09:01:44+00:00\",\"mainEntityOfPage\":{\"@id\":\"http:\\\/\\\/www.salesianos.edu\\\/revistasmx\\\/ca\\\/no-es-pot-ser-felic-sense-respondre-a-la-vocacio-a-la-qual-hom-ha-estat-cridat\\\/\"},\"wordCount\":457,\"commentCount\":0,\"image\":{\"@id\":\"http:\\\/\\\/www.salesianos.edu\\\/revistasmx\\\/ca\\\/no-es-pot-ser-felic-sense-respondre-a-la-vocacio-a-la-qual-hom-ha-estat-cridat\\\/#primaryimage\"},\"thumbnailUrl\":\"http:\\\/\\\/www.salesianos.edu\\\/revistasmx\\\/wp-content\\\/uploads\\\/sites\\\/8\\\/2019\\\/09\\\/mh-1.jpg\",\"keywords\":[\"smx50\"],\"articleSection\":[\"Coneixent a\"],\"inLanguage\":\"es\",\"potentialAction\":[{\"@type\":\"CommentAction\",\"name\":\"Comment\",\"target\":[\"http:\\\/\\\/www.salesianos.edu\\\/revistasmx\\\/ca\\\/no-es-pot-ser-felic-sense-respondre-a-la-vocacio-a-la-qual-hom-ha-estat-cridat\\\/#respond\"]}]},{\"@type\":\"WebPage\",\"@id\":\"http:\\\/\\\/www.salesianos.edu\\\/revistasmx\\\/ca\\\/no-es-pot-ser-felic-sense-respondre-a-la-vocacio-a-la-qual-hom-ha-estat-cridat\\\/\",\"url\":\"http:\\\/\\\/www.salesianos.edu\\\/revistasmx\\\/ca\\\/no-es-pot-ser-felic-sense-respondre-a-la-vocacio-a-la-qual-hom-ha-estat-cridat\\\/\",\"name\":\"Coneixent Manuel Hurtado - Revista SMX\",\"isPartOf\":{\"@id\":\"http:\\\/\\\/www.salesianos.edu\\\/revistasmx\\\/#website\"},\"primaryImageOfPage\":{\"@id\":\"http:\\\/\\\/www.salesianos.edu\\\/revistasmx\\\/ca\\\/no-es-pot-ser-felic-sense-respondre-a-la-vocacio-a-la-qual-hom-ha-estat-cridat\\\/#primaryimage\"},\"image\":{\"@id\":\"http:\\\/\\\/www.salesianos.edu\\\/revistasmx\\\/ca\\\/no-es-pot-ser-felic-sense-respondre-a-la-vocacio-a-la-qual-hom-ha-estat-cridat\\\/#primaryimage\"},\"thumbnailUrl\":\"http:\\\/\\\/www.salesianos.edu\\\/revistasmx\\\/wp-content\\\/uploads\\\/sites\\\/8\\\/2019\\\/09\\\/mh-1.jpg\",\"datePublished\":\"2019-09-24T15:00:37+00:00\",\"dateModified\":\"2020-09-28T09:01:44+00:00\",\"author\":{\"@id\":\"http:\\\/\\\/www.salesianos.edu\\\/revistasmx\\\/#\\\/schema\\\/person\\\/20a80be1bb4e0ed82068c57facf5b237\"},\"breadcrumb\":{\"@id\":\"http:\\\/\\\/www.salesianos.edu\\\/revistasmx\\\/ca\\\/no-es-pot-ser-felic-sense-respondre-a-la-vocacio-a-la-qual-hom-ha-estat-cridat\\\/#breadcrumb\"},\"inLanguage\":\"es\",\"potentialAction\":[{\"@type\":\"ReadAction\",\"target\":[\"http:\\\/\\\/www.salesianos.edu\\\/revistasmx\\\/ca\\\/no-es-pot-ser-felic-sense-respondre-a-la-vocacio-a-la-qual-hom-ha-estat-cridat\\\/\"]}]},{\"@type\":\"ImageObject\",\"inLanguage\":\"es\",\"@id\":\"http:\\\/\\\/www.salesianos.edu\\\/revistasmx\\\/ca\\\/no-es-pot-ser-felic-sense-respondre-a-la-vocacio-a-la-qual-hom-ha-estat-cridat\\\/#primaryimage\",\"url\":\"http:\\\/\\\/www.salesianos.edu\\\/revistasmx\\\/wp-content\\\/uploads\\\/sites\\\/8\\\/2019\\\/09\\\/mh-1.jpg\",\"contentUrl\":\"http:\\\/\\\/www.salesianos.edu\\\/revistasmx\\\/wp-content\\\/uploads\\\/sites\\\/8\\\/2019\\\/09\\\/mh-1.jpg\",\"width\":600,\"height\":400},{\"@type\":\"BreadcrumbList\",\"@id\":\"http:\\\/\\\/www.salesianos.edu\\\/revistasmx\\\/ca\\\/no-es-pot-ser-felic-sense-respondre-a-la-vocacio-a-la-qual-hom-ha-estat-cridat\\\/#breadcrumb\",\"itemListElement\":[{\"@type\":\"ListItem\",\"position\":1,\"name\":\"Portada\",\"item\":\"https:\\\/\\\/www.salesianos.edu\\\/revistasmx\\\/\"},{\"@type\":\"ListItem\",\"position\":2,\"name\":\"Coneixent Manuel Hurtado\"}]},{\"@type\":\"WebSite\",\"@id\":\"http:\\\/\\\/www.salesianos.edu\\\/revistasmx\\\/#website\",\"url\":\"http:\\\/\\\/www.salesianos.edu\\\/revistasmx\\\/\",\"name\":\"Revista SMX\",\"description\":\"P\u00e1gina oficial de Inspector\u00eda Salesiana Mar\u00eda Auxiliadora\",\"potentialAction\":[{\"@type\":\"SearchAction\",\"target\":{\"@type\":\"EntryPoint\",\"urlTemplate\":\"http:\\\/\\\/www.salesianos.edu\\\/revistasmx\\\/?s={search_term_string}\"},\"query-input\":{\"@type\":\"PropertyValueSpecification\",\"valueRequired\":true,\"valueName\":\"search_term_string\"}}],\"inLanguage\":\"es\"},{\"@type\":\"Person\",\"@id\":\"http:\\\/\\\/www.salesianos.edu\\\/revistasmx\\\/#\\\/schema\\\/person\\\/20a80be1bb4e0ed82068c57facf5b237\",\"name\":\"martapeirat\",\"image\":{\"@type\":\"ImageObject\",\"inLanguage\":\"es\",\"@id\":\"https:\\\/\\\/secure.gravatar.com\\\/avatar\\\/1139b81b40ed1dde466563679597db378e7092bbfdd7ebb264c437fedde866d7?s=96&d=mm&r=g\",\"url\":\"https:\\\/\\\/secure.gravatar.com\\\/avatar\\\/1139b81b40ed1dde466563679597db378e7092bbfdd7ebb264c437fedde866d7?s=96&d=mm&r=g\",\"contentUrl\":\"https:\\\/\\\/secure.gravatar.com\\\/avatar\\\/1139b81b40ed1dde466563679597db378e7092bbfdd7ebb264c437fedde866d7?s=96&d=mm&r=g\",\"caption\":\"martapeirat\"}}]}<\/script>\n<!-- \/ Yoast SEO plugin. -->","yoast_head_json":{"title":"Coneixent Manuel Hurtado - Revista SMX","robots":{"index":"index","follow":"follow","max-snippet":"max-snippet:-1","max-image-preview":"max-image-preview:large","max-video-preview":"max-video-preview:-1"},"canonical":"http:\/\/www.salesianos.edu\/revistasmx\/ca\/no-es-pot-ser-felic-sense-respondre-a-la-vocacio-a-la-qual-hom-ha-estat-cridat\/","og_locale":"es_ES","og_type":"article","og_title":"Coneixent Manuel Hurtado - Revista SMX","og_description":"[et_pb_section fb_built=\u00bb1&#8243; _builder_version=\u00bb3.22&#8243;][et_pb_row _builder_version=\u00bb3.25&#8243; background_size=\u00bbinitial\u00bb background_position=\u00bbtop_left\u00bb background_repeat=\u00bbrepeat\u00bb][et_pb_column type=\u00bb4_4&#8243; _builder_version=\u00bb3.25&#8243; custom_padding=\u00bb|||\u00bb custom_padding__hover=\u00bb|||\u00bb][et_pb_image src=\u00bbhttps:\/\/www.salesianos.edu\/revistasmx\/wp-content\/uploads\/sites\/8\/2019\/09\/mh.jpg\u00bb _builder_version=\u00bb3.29.3&#8243; z_index_tablet=\u00bb500&#8243; box_shadow_horizontal_tablet=\u00bb0px\u00bb box_shadow_vertical_tablet=\u00bb0px\u00bb box_shadow_blur_tablet=\u00bb40px\u00bb box_shadow_spread_tablet=\u00bb0px\u00bb][\/et_pb_image][et_pb_text _builder_version=\u00bb3.27.4&#8243; background_size=\u00bbinitial\u00bb background_position=\u00bbtop_left\u00bb background_repeat=\u00bbrepeat\u00bb]Cada dia estic m\u00e9s conven\u00e7ut d&#8217;aquesta afirmaci\u00f3. Com m\u00e9s temps passa m\u00e9s em reafirmo en el convenciment que la vocaci\u00f3 \u00e9s la clau de la felicitat plena. Hi ha gent que va fent tombs, [&hellip;]","og_url":"http:\/\/www.salesianos.edu\/revistasmx\/ca\/no-es-pot-ser-felic-sense-respondre-a-la-vocacio-a-la-qual-hom-ha-estat-cridat\/","og_site_name":"Revista SMX","article_published_time":"2019-09-24T15:00:37+00:00","article_modified_time":"2020-09-28T09:01:44+00:00","og_image":[{"width":600,"height":400,"url":"http:\/\/www.salesianos.edu\/revistasmx\/wp-content\/uploads\/sites\/8\/2019\/09\/mh-1.jpg","type":"image\/jpeg"}],"author":"martapeirat","twitter_card":"summary_large_image","twitter_misc":{"Escrito por":"martapeirat","Tiempo de lectura":"2 minutos"},"schema":{"@context":"https:\/\/schema.org","@graph":[{"@type":"Article","@id":"http:\/\/www.salesianos.edu\/revistasmx\/ca\/no-es-pot-ser-felic-sense-respondre-a-la-vocacio-a-la-qual-hom-ha-estat-cridat\/#article","isPartOf":{"@id":"http:\/\/www.salesianos.edu\/revistasmx\/ca\/no-es-pot-ser-felic-sense-respondre-a-la-vocacio-a-la-qual-hom-ha-estat-cridat\/"},"author":{"name":"martapeirat","@id":"http:\/\/www.salesianos.edu\/revistasmx\/#\/schema\/person\/20a80be1bb4e0ed82068c57facf5b237"},"headline":"Coneixent Manuel Hurtado","datePublished":"2019-09-24T15:00:37+00:00","dateModified":"2020-09-28T09:01:44+00:00","mainEntityOfPage":{"@id":"http:\/\/www.salesianos.edu\/revistasmx\/ca\/no-es-pot-ser-felic-sense-respondre-a-la-vocacio-a-la-qual-hom-ha-estat-cridat\/"},"wordCount":457,"commentCount":0,"image":{"@id":"http:\/\/www.salesianos.edu\/revistasmx\/ca\/no-es-pot-ser-felic-sense-respondre-a-la-vocacio-a-la-qual-hom-ha-estat-cridat\/#primaryimage"},"thumbnailUrl":"http:\/\/www.salesianos.edu\/revistasmx\/wp-content\/uploads\/sites\/8\/2019\/09\/mh-1.jpg","keywords":["smx50"],"articleSection":["Coneixent a"],"inLanguage":"es","potentialAction":[{"@type":"CommentAction","name":"Comment","target":["http:\/\/www.salesianos.edu\/revistasmx\/ca\/no-es-pot-ser-felic-sense-respondre-a-la-vocacio-a-la-qual-hom-ha-estat-cridat\/#respond"]}]},{"@type":"WebPage","@id":"http:\/\/www.salesianos.edu\/revistasmx\/ca\/no-es-pot-ser-felic-sense-respondre-a-la-vocacio-a-la-qual-hom-ha-estat-cridat\/","url":"http:\/\/www.salesianos.edu\/revistasmx\/ca\/no-es-pot-ser-felic-sense-respondre-a-la-vocacio-a-la-qual-hom-ha-estat-cridat\/","name":"Coneixent Manuel Hurtado - Revista SMX","isPartOf":{"@id":"http:\/\/www.salesianos.edu\/revistasmx\/#website"},"primaryImageOfPage":{"@id":"http:\/\/www.salesianos.edu\/revistasmx\/ca\/no-es-pot-ser-felic-sense-respondre-a-la-vocacio-a-la-qual-hom-ha-estat-cridat\/#primaryimage"},"image":{"@id":"http:\/\/www.salesianos.edu\/revistasmx\/ca\/no-es-pot-ser-felic-sense-respondre-a-la-vocacio-a-la-qual-hom-ha-estat-cridat\/#primaryimage"},"thumbnailUrl":"http:\/\/www.salesianos.edu\/revistasmx\/wp-content\/uploads\/sites\/8\/2019\/09\/mh-1.jpg","datePublished":"2019-09-24T15:00:37+00:00","dateModified":"2020-09-28T09:01:44+00:00","author":{"@id":"http:\/\/www.salesianos.edu\/revistasmx\/#\/schema\/person\/20a80be1bb4e0ed82068c57facf5b237"},"breadcrumb":{"@id":"http:\/\/www.salesianos.edu\/revistasmx\/ca\/no-es-pot-ser-felic-sense-respondre-a-la-vocacio-a-la-qual-hom-ha-estat-cridat\/#breadcrumb"},"inLanguage":"es","potentialAction":[{"@type":"ReadAction","target":["http:\/\/www.salesianos.edu\/revistasmx\/ca\/no-es-pot-ser-felic-sense-respondre-a-la-vocacio-a-la-qual-hom-ha-estat-cridat\/"]}]},{"@type":"ImageObject","inLanguage":"es","@id":"http:\/\/www.salesianos.edu\/revistasmx\/ca\/no-es-pot-ser-felic-sense-respondre-a-la-vocacio-a-la-qual-hom-ha-estat-cridat\/#primaryimage","url":"http:\/\/www.salesianos.edu\/revistasmx\/wp-content\/uploads\/sites\/8\/2019\/09\/mh-1.jpg","contentUrl":"http:\/\/www.salesianos.edu\/revistasmx\/wp-content\/uploads\/sites\/8\/2019\/09\/mh-1.jpg","width":600,"height":400},{"@type":"BreadcrumbList","@id":"http:\/\/www.salesianos.edu\/revistasmx\/ca\/no-es-pot-ser-felic-sense-respondre-a-la-vocacio-a-la-qual-hom-ha-estat-cridat\/#breadcrumb","itemListElement":[{"@type":"ListItem","position":1,"name":"Portada","item":"https:\/\/www.salesianos.edu\/revistasmx\/"},{"@type":"ListItem","position":2,"name":"Coneixent Manuel Hurtado"}]},{"@type":"WebSite","@id":"http:\/\/www.salesianos.edu\/revistasmx\/#website","url":"http:\/\/www.salesianos.edu\/revistasmx\/","name":"Revista SMX","description":"P\u00e1gina oficial de Inspector\u00eda Salesiana Mar\u00eda Auxiliadora","potentialAction":[{"@type":"SearchAction","target":{"@type":"EntryPoint","urlTemplate":"http:\/\/www.salesianos.edu\/revistasmx\/?s={search_term_string}"},"query-input":{"@type":"PropertyValueSpecification","valueRequired":true,"valueName":"search_term_string"}}],"inLanguage":"es"},{"@type":"Person","@id":"http:\/\/www.salesianos.edu\/revistasmx\/#\/schema\/person\/20a80be1bb4e0ed82068c57facf5b237","name":"martapeirat","image":{"@type":"ImageObject","inLanguage":"es","@id":"https:\/\/secure.gravatar.com\/avatar\/1139b81b40ed1dde466563679597db378e7092bbfdd7ebb264c437fedde866d7?s=96&d=mm&r=g","url":"https:\/\/secure.gravatar.com\/avatar\/1139b81b40ed1dde466563679597db378e7092bbfdd7ebb264c437fedde866d7?s=96&d=mm&r=g","contentUrl":"https:\/\/secure.gravatar.com\/avatar\/1139b81b40ed1dde466563679597db378e7092bbfdd7ebb264c437fedde866d7?s=96&d=mm&r=g","caption":"martapeirat"}}]}},"_links":{"self":[{"href":"http:\/\/www.salesianos.edu\/revistasmx\/wp-json\/wp\/v2\/posts\/12036","targetHints":{"allow":["GET"]}}],"collection":[{"href":"http:\/\/www.salesianos.edu\/revistasmx\/wp-json\/wp\/v2\/posts"}],"about":[{"href":"http:\/\/www.salesianos.edu\/revistasmx\/wp-json\/wp\/v2\/types\/post"}],"author":[{"embeddable":true,"href":"http:\/\/www.salesianos.edu\/revistasmx\/wp-json\/wp\/v2\/users\/5"}],"replies":[{"embeddable":true,"href":"http:\/\/www.salesianos.edu\/revistasmx\/wp-json\/wp\/v2\/comments?post=12036"}],"version-history":[{"count":5,"href":"http:\/\/www.salesianos.edu\/revistasmx\/wp-json\/wp\/v2\/posts\/12036\/revisions"}],"predecessor-version":[{"id":15090,"href":"http:\/\/www.salesianos.edu\/revistasmx\/wp-json\/wp\/v2\/posts\/12036\/revisions\/15090"}],"wp:featuredmedia":[{"embeddable":true,"href":"http:\/\/www.salesianos.edu\/revistasmx\/wp-json\/wp\/v2\/media\/12111"}],"wp:attachment":[{"href":"http:\/\/www.salesianos.edu\/revistasmx\/wp-json\/wp\/v2\/media?parent=12036"}],"wp:term":[{"taxonomy":"category","embeddable":true,"href":"http:\/\/www.salesianos.edu\/revistasmx\/wp-json\/wp\/v2\/categories?post=12036"},{"taxonomy":"post_tag","embeddable":true,"href":"http:\/\/www.salesianos.edu\/revistasmx\/wp-json\/wp\/v2\/tags?post=12036"}],"curies":[{"name":"wp","href":"https:\/\/api.w.org\/{rel}","templated":true}]}}