{"id":12034,"date":"2019-09-24T17:00:15","date_gmt":"2019-09-24T15:00:15","guid":{"rendered":"http:\/\/www.salesianos.edu\/revistasmx\/?p=12034"},"modified":"2020-05-29T10:31:08","modified_gmt":"2020-05-29T08:31:08","slug":"no-se-puede-ser-feliz-sin-responder-a-la-vocacion-a-la-que-se-ha-sido-llamado","status":"publish","type":"post","link":"http:\/\/www.salesianos.edu\/revistasmx\/ca\/no-se-puede-ser-feliz-sin-responder-a-la-vocacion-a-la-que-se-ha-sido-llamado\/","title":{"rendered":"No se puede ser feliz sin responder a la vocaci\u00f3n a la que se ha sido llamado"},"content":{"rendered":"<div id=\"fb-root\"><\/div>\n<p>[et_pb_section fb_built=\u00bb1&#8243; _builder_version=\u00bb3.22&#8243;][et_pb_row _builder_version=\u00bb3.25&#8243; background_size=\u00bbinitial\u00bb background_position=\u00bbtop_left\u00bb background_repeat=\u00bbrepeat\u00bb][et_pb_column type=\u00bb4_4&#8243; _builder_version=\u00bb3.25&#8243; custom_padding=\u00bb|||\u00bb custom_padding__hover=\u00bb|||\u00bb][et_pb_image src=\u00bbhttps:\/\/www.salesianos.edu\/revistasmx\/wp-content\/uploads\/sites\/8\/2019\/09\/mh.jpg\u00bb _builder_version=\u00bb3.29.3&#8243; z_index_tablet=\u00bb500&#8243; box_shadow_horizontal_tablet=\u00bb0px\u00bb box_shadow_vertical_tablet=\u00bb0px\u00bb box_shadow_blur_tablet=\u00bb40px\u00bb box_shadow_spread_tablet=\u00bb0px\u00bb][\/et_pb_image][et_pb_text _builder_version=\u00bb3.27.4&#8243; background_size=\u00bbinitial\u00bb background_position=\u00bbtop_left\u00bb background_repeat=\u00bbrepeat\u00bb]<em>Manuel Hurtado, sdb<\/em><\/p>\n<p>Cada d\u00eda estoy m\u00e1s convencido de esta afirmaci\u00f3n. Cuanto m\u00e1s tiempo pasa m\u00e1s me reafirmo en el convencimiento de que la vocaci\u00f3n es la clave de la felicidad plena. Hay gente que va dando tumbos, de vivencia en vivencia, de ac\u00e1 para all\u00e1 dej\u00e1ndose escapar la vida por entre los dedos. Es esa sensaci\u00f3n de que la vida te la est\u00e1n viviendo otros. Como si alguien hubiera puesto una m\u00fasica y uno estuviera obligado a bailar el baile que otros le marcan, no el que uno quiere.<\/p>\n<p>\u00a1Cu\u00e1nta tristeza genera este tipo de vida! \u00a1Cu\u00e1nta desaz\u00f3n! \u00a1Cu\u00e1nto desasosiego! Es un barco a la deriva. Dice Fernando Pessoa en su obra <a href=\"http:\/\/www.acantilado.es\/catalogo\/libro-del-desasosiego\/\">\u201c<em>El Libro del Desasosiego<\/em>\u201d<\/a> que los hombres y mujeres de su generaci\u00f3n son como un barco navegando sin un puerto al que llegar. Pero, \u00bfc\u00f3mo se puede vivir as\u00ed? Sin un objetivo, sin una meta, sin un puerto al que dirigirse. <strong>\u00bfC\u00f3mo se puede vivir chapoteando en el mar inmenso de la vida sin otro objetivo que seguir chapoteando para no hundirse?<\/strong><\/p>\n<p>Estas y otras preguntas son las que me surgen cuando me encuentro con personas sin rumbo, que se viven desde la indiferencia y que no quieren ni tan siquiera pensar que su vida puede tener un por qu\u00e9 y un para qu\u00e9. Y me gustar\u00eda decirles que hay una meta y es de verdad; que <strong>est\u00e1n llamados a vivir una vocaci\u00f3n maravillosa que nadie nunca vivir\u00e1 si no la viven ellos; que esa vocaci\u00f3n es a la Vida (con may\u00fascula) y que viene de Otro (tambi\u00e9n con may\u00fascula); y que s\u00f3lo merecer\u00e1 la pena la traves\u00eda si, finalmente, consiguen llegar al Puerto seguro que es Dios.<\/strong> El oleaje, las tempestades y los maremotos de la vida s\u00f3lo tendr\u00e1n sentido en un Dios que siempre est\u00e1 ah\u00ed para reparar nuestro maltrecho barco, que siempre nos espera y que siempre nos acoger\u00e1 con los brazos abiertos.<\/p>\n<p>Feliz curso a todos amigos.<br \/>\n[\/et_pb_text][\/et_pb_column][\/et_pb_row][\/et_pb_section]<\/p>\n","protected":false},"excerpt":{"rendered":"<p>Manuel Hurtado, sdb<\/p>\n","protected":false},"author":5,"featured_media":12107,"comment_status":"open","ping_status":"closed","sticky":false,"template":"","format":"standard","meta":{"_et_pb_use_builder":"on","_et_pb_old_content":"<p><em>Manuel Hurtado, sdb<\/em><\/p><p>Cada d\u00eda estoy m\u00e1s convencido de esta afirmaci\u00f3n. Cuanto m\u00e1s tiempo pasa m\u00e1s me reafirmo en el convencimiento de que la vocaci\u00f3n es la clave de la felicidad plena. Hay gente que va dando tumbos, de vivencia en vivencia, de ac\u00e1 para all\u00e1 dej\u00e1ndose escapar la vida por entre los dedos. Es esa sensaci\u00f3n de que la vida te la est\u00e1n viviendo otros. Como si alguien hubiera puesto una m\u00fasica y uno estuviera obligado a bailar el baile que otros le marcan, no el que uno quiere.<\/p><p>\u00a1Cu\u00e1nta tristeza genera este tipo de vida! \u00a1Cu\u00e1nta desaz\u00f3n! \u00a1Cu\u00e1nto desasosiego! Es un barco a la deriva. Dice Fernando Pessoa en su obra <a href=\"http:\/\/www.acantilado.es\/catalogo\/libro-del-desasosiego\/\">\u201c<em>El Libro del Desasosiego<\/em>\u201d<\/a> que los hombres y mujeres de su generaci\u00f3n son como un barco navegando sin un puerto al que llegar. Pero, \u00bfc\u00f3mo se puede vivir as\u00ed? Sin un objetivo, sin una meta, sin un puerto al que dirigirse. <strong>\u00bfC\u00f3mo se puede vivir chapoteando en el mar inmenso de la vida sin otro objetivo que seguir chapoteando para no hundirse?<\/strong><\/p><p>Estas y otras preguntas son las que me surgen cuando me encuentro con personas sin rumbo, que se viven desde la indiferencia y que no quieren ni tan siquiera pensar que su vida puede tener un por qu\u00e9 y un para qu\u00e9. Y me gustar\u00eda decirles que hay una meta y es de verdad; que <strong>est\u00e1n llamados a vivir una vocaci\u00f3n maravillosa que nadie nunca vivir\u00e1 si no la viven ellos; que esa vocaci\u00f3n es a la Vida (con may\u00fascula) y que viene de Otro (tambi\u00e9n con may\u00fascula); y que s\u00f3lo merecer\u00e1 la pena la traves\u00eda si, finalmente, consiguen llegar al Puerto seguro que es Dios.<\/strong> El oleaje, las tempestades y los maremotos de la vida s\u00f3lo tendr\u00e1n sentido en un Dios que siempre est\u00e1 ah\u00ed para reparar nuestro maltrecho barco, que siempre nos espera y que siempre nos acoger\u00e1 con los brazos abiertos.<\/p><p>Feliz curso a todos amigos.<\/p>","_et_gb_content_width":"","footnotes":""},"categories":[144,84],"tags":[425],"class_list":["post-12034","post","type-post","status-publish","format-standard","has-post-thumbnail","hentry","category-testimoniatge","category-vine-i-segueix-me","tag-smx50-ca"],"yoast_head":"<!-- This site is optimized with the Yoast SEO plugin v27.5 - https:\/\/yoast.com\/product\/yoast-seo-wordpress\/ -->\n<title>No se puede ser feliz sin responder a la vocaci\u00f3n a la que se ha sido llamado - Revista SMX<\/title>\n<meta name=\"robots\" content=\"index, follow, max-snippet:-1, max-image-preview:large, max-video-preview:-1\" \/>\n<link rel=\"canonical\" href=\"http:\/\/www.salesianos.edu\/revistasmx\/ca\/no-se-puede-ser-feliz-sin-responder-a-la-vocacion-a-la-que-se-ha-sido-llamado\/\" \/>\n<meta property=\"og:locale\" content=\"es_ES\" \/>\n<meta property=\"og:type\" content=\"article\" \/>\n<meta property=\"og:title\" content=\"No se puede ser feliz sin responder a la vocaci\u00f3n a la que se ha sido llamado - Revista SMX\" \/>\n<meta property=\"og:description\" content=\"Manuel Hurtado, sdb\" \/>\n<meta property=\"og:url\" content=\"http:\/\/www.salesianos.edu\/revistasmx\/ca\/no-se-puede-ser-feliz-sin-responder-a-la-vocacion-a-la-que-se-ha-sido-llamado\/\" \/>\n<meta property=\"og:site_name\" content=\"Revista SMX\" \/>\n<meta property=\"article:published_time\" content=\"2019-09-24T15:00:15+00:00\" \/>\n<meta property=\"article:modified_time\" content=\"2020-05-29T08:31:08+00:00\" \/>\n<meta property=\"og:image\" content=\"https:\/\/www.salesianos.edu\/revistasmx\/wp-content\/uploads\/sites\/8\/2019\/09\/mh.jpg\" \/>\n\t<meta property=\"og:image:width\" content=\"600\" \/>\n\t<meta property=\"og:image:height\" content=\"400\" \/>\n\t<meta property=\"og:image:type\" content=\"image\/jpeg\" \/>\n<meta name=\"author\" content=\"martapeirat\" \/>\n<meta name=\"twitter:card\" content=\"summary_large_image\" \/>\n<meta name=\"twitter:label1\" content=\"Escrito por\" \/>\n\t<meta name=\"twitter:data1\" content=\"martapeirat\" \/>\n\t<meta name=\"twitter:label2\" content=\"Tiempo de lectura\" \/>\n\t<meta name=\"twitter:data2\" content=\"2 minutos\" \/>\n<script type=\"application\/ld+json\" class=\"yoast-schema-graph\">{\"@context\":\"https:\\\/\\\/schema.org\",\"@graph\":[{\"@type\":\"Article\",\"@id\":\"http:\\\/\\\/www.salesianos.edu\\\/revistasmx\\\/ca\\\/no-se-puede-ser-feliz-sin-responder-a-la-vocacion-a-la-que-se-ha-sido-llamado\\\/#article\",\"isPartOf\":{\"@id\":\"http:\\\/\\\/www.salesianos.edu\\\/revistasmx\\\/ca\\\/no-se-puede-ser-feliz-sin-responder-a-la-vocacion-a-la-que-se-ha-sido-llamado\\\/\"},\"author\":{\"name\":\"martapeirat\",\"@id\":\"http:\\\/\\\/www.salesianos.edu\\\/revistasmx\\\/#\\\/schema\\\/person\\\/20a80be1bb4e0ed82068c57facf5b237\"},\"headline\":\"No se puede ser feliz sin responder a la vocaci\u00f3n a la que se ha sido llamado\",\"datePublished\":\"2019-09-24T15:00:15+00:00\",\"dateModified\":\"2020-05-29T08:31:08+00:00\",\"mainEntityOfPage\":{\"@id\":\"http:\\\/\\\/www.salesianos.edu\\\/revistasmx\\\/ca\\\/no-se-puede-ser-feliz-sin-responder-a-la-vocacion-a-la-que-se-ha-sido-llamado\\\/\"},\"wordCount\":472,\"commentCount\":0,\"image\":{\"@id\":\"http:\\\/\\\/www.salesianos.edu\\\/revistasmx\\\/ca\\\/no-se-puede-ser-feliz-sin-responder-a-la-vocacion-a-la-que-se-ha-sido-llamado\\\/#primaryimage\"},\"thumbnailUrl\":\"http:\\\/\\\/www.salesianos.edu\\\/revistasmx\\\/wp-content\\\/uploads\\\/sites\\\/8\\\/2019\\\/09\\\/mh.jpg\",\"keywords\":[\"smx50\"],\"articleSection\":[\"Testimoniatge\",\"VINE I SEGUEIX-ME\"],\"inLanguage\":\"es\",\"potentialAction\":[{\"@type\":\"CommentAction\",\"name\":\"Comment\",\"target\":[\"http:\\\/\\\/www.salesianos.edu\\\/revistasmx\\\/ca\\\/no-se-puede-ser-feliz-sin-responder-a-la-vocacion-a-la-que-se-ha-sido-llamado\\\/#respond\"]}]},{\"@type\":\"WebPage\",\"@id\":\"http:\\\/\\\/www.salesianos.edu\\\/revistasmx\\\/ca\\\/no-se-puede-ser-feliz-sin-responder-a-la-vocacion-a-la-que-se-ha-sido-llamado\\\/\",\"url\":\"http:\\\/\\\/www.salesianos.edu\\\/revistasmx\\\/ca\\\/no-se-puede-ser-feliz-sin-responder-a-la-vocacion-a-la-que-se-ha-sido-llamado\\\/\",\"name\":\"No se puede ser feliz sin responder a la vocaci\u00f3n a la que se ha sido llamado - Revista SMX\",\"isPartOf\":{\"@id\":\"http:\\\/\\\/www.salesianos.edu\\\/revistasmx\\\/#website\"},\"primaryImageOfPage\":{\"@id\":\"http:\\\/\\\/www.salesianos.edu\\\/revistasmx\\\/ca\\\/no-se-puede-ser-feliz-sin-responder-a-la-vocacion-a-la-que-se-ha-sido-llamado\\\/#primaryimage\"},\"image\":{\"@id\":\"http:\\\/\\\/www.salesianos.edu\\\/revistasmx\\\/ca\\\/no-se-puede-ser-feliz-sin-responder-a-la-vocacion-a-la-que-se-ha-sido-llamado\\\/#primaryimage\"},\"thumbnailUrl\":\"http:\\\/\\\/www.salesianos.edu\\\/revistasmx\\\/wp-content\\\/uploads\\\/sites\\\/8\\\/2019\\\/09\\\/mh.jpg\",\"datePublished\":\"2019-09-24T15:00:15+00:00\",\"dateModified\":\"2020-05-29T08:31:08+00:00\",\"author\":{\"@id\":\"http:\\\/\\\/www.salesianos.edu\\\/revistasmx\\\/#\\\/schema\\\/person\\\/20a80be1bb4e0ed82068c57facf5b237\"},\"breadcrumb\":{\"@id\":\"http:\\\/\\\/www.salesianos.edu\\\/revistasmx\\\/ca\\\/no-se-puede-ser-feliz-sin-responder-a-la-vocacion-a-la-que-se-ha-sido-llamado\\\/#breadcrumb\"},\"inLanguage\":\"es\",\"potentialAction\":[{\"@type\":\"ReadAction\",\"target\":[\"http:\\\/\\\/www.salesianos.edu\\\/revistasmx\\\/ca\\\/no-se-puede-ser-feliz-sin-responder-a-la-vocacion-a-la-que-se-ha-sido-llamado\\\/\"]}]},{\"@type\":\"ImageObject\",\"inLanguage\":\"es\",\"@id\":\"http:\\\/\\\/www.salesianos.edu\\\/revistasmx\\\/ca\\\/no-se-puede-ser-feliz-sin-responder-a-la-vocacion-a-la-que-se-ha-sido-llamado\\\/#primaryimage\",\"url\":\"http:\\\/\\\/www.salesianos.edu\\\/revistasmx\\\/wp-content\\\/uploads\\\/sites\\\/8\\\/2019\\\/09\\\/mh.jpg\",\"contentUrl\":\"http:\\\/\\\/www.salesianos.edu\\\/revistasmx\\\/wp-content\\\/uploads\\\/sites\\\/8\\\/2019\\\/09\\\/mh.jpg\",\"width\":600,\"height\":400},{\"@type\":\"BreadcrumbList\",\"@id\":\"http:\\\/\\\/www.salesianos.edu\\\/revistasmx\\\/ca\\\/no-se-puede-ser-feliz-sin-responder-a-la-vocacion-a-la-que-se-ha-sido-llamado\\\/#breadcrumb\",\"itemListElement\":[{\"@type\":\"ListItem\",\"position\":1,\"name\":\"Portada\",\"item\":\"https:\\\/\\\/www.salesianos.edu\\\/revistasmx\\\/\"},{\"@type\":\"ListItem\",\"position\":2,\"name\":\"No se puede ser feliz sin responder a la vocaci\u00f3n a la que se ha sido llamado\"}]},{\"@type\":\"WebSite\",\"@id\":\"http:\\\/\\\/www.salesianos.edu\\\/revistasmx\\\/#website\",\"url\":\"http:\\\/\\\/www.salesianos.edu\\\/revistasmx\\\/\",\"name\":\"Revista SMX\",\"description\":\"P\u00e1gina oficial de Inspector\u00eda Salesiana Mar\u00eda Auxiliadora\",\"potentialAction\":[{\"@type\":\"SearchAction\",\"target\":{\"@type\":\"EntryPoint\",\"urlTemplate\":\"http:\\\/\\\/www.salesianos.edu\\\/revistasmx\\\/?s={search_term_string}\"},\"query-input\":{\"@type\":\"PropertyValueSpecification\",\"valueRequired\":true,\"valueName\":\"search_term_string\"}}],\"inLanguage\":\"es\"},{\"@type\":\"Person\",\"@id\":\"http:\\\/\\\/www.salesianos.edu\\\/revistasmx\\\/#\\\/schema\\\/person\\\/20a80be1bb4e0ed82068c57facf5b237\",\"name\":\"martapeirat\",\"image\":{\"@type\":\"ImageObject\",\"inLanguage\":\"es\",\"@id\":\"https:\\\/\\\/secure.gravatar.com\\\/avatar\\\/1139b81b40ed1dde466563679597db378e7092bbfdd7ebb264c437fedde866d7?s=96&d=mm&r=g\",\"url\":\"https:\\\/\\\/secure.gravatar.com\\\/avatar\\\/1139b81b40ed1dde466563679597db378e7092bbfdd7ebb264c437fedde866d7?s=96&d=mm&r=g\",\"contentUrl\":\"https:\\\/\\\/secure.gravatar.com\\\/avatar\\\/1139b81b40ed1dde466563679597db378e7092bbfdd7ebb264c437fedde866d7?s=96&d=mm&r=g\",\"caption\":\"martapeirat\"}}]}<\/script>\n<!-- \/ Yoast SEO plugin. -->","yoast_head_json":{"title":"No se puede ser feliz sin responder a la vocaci\u00f3n a la que se ha sido llamado - Revista SMX","robots":{"index":"index","follow":"follow","max-snippet":"max-snippet:-1","max-image-preview":"max-image-preview:large","max-video-preview":"max-video-preview:-1"},"canonical":"http:\/\/www.salesianos.edu\/revistasmx\/ca\/no-se-puede-ser-feliz-sin-responder-a-la-vocacion-a-la-que-se-ha-sido-llamado\/","og_locale":"es_ES","og_type":"article","og_title":"No se puede ser feliz sin responder a la vocaci\u00f3n a la que se ha sido llamado - Revista SMX","og_description":"Manuel Hurtado, sdb","og_url":"http:\/\/www.salesianos.edu\/revistasmx\/ca\/no-se-puede-ser-feliz-sin-responder-a-la-vocacion-a-la-que-se-ha-sido-llamado\/","og_site_name":"Revista SMX","article_published_time":"2019-09-24T15:00:15+00:00","article_modified_time":"2020-05-29T08:31:08+00:00","og_image":[{"width":600,"height":400,"url":"https:\/\/www.salesianos.edu\/revistasmx\/wp-content\/uploads\/sites\/8\/2019\/09\/mh.jpg","type":"image\/jpeg"}],"author":"martapeirat","twitter_card":"summary_large_image","twitter_misc":{"Escrito por":"martapeirat","Tiempo de lectura":"2 minutos"},"schema":{"@context":"https:\/\/schema.org","@graph":[{"@type":"Article","@id":"http:\/\/www.salesianos.edu\/revistasmx\/ca\/no-se-puede-ser-feliz-sin-responder-a-la-vocacion-a-la-que-se-ha-sido-llamado\/#article","isPartOf":{"@id":"http:\/\/www.salesianos.edu\/revistasmx\/ca\/no-se-puede-ser-feliz-sin-responder-a-la-vocacion-a-la-que-se-ha-sido-llamado\/"},"author":{"name":"martapeirat","@id":"http:\/\/www.salesianos.edu\/revistasmx\/#\/schema\/person\/20a80be1bb4e0ed82068c57facf5b237"},"headline":"No se puede ser feliz sin responder a la vocaci\u00f3n a la que se ha sido llamado","datePublished":"2019-09-24T15:00:15+00:00","dateModified":"2020-05-29T08:31:08+00:00","mainEntityOfPage":{"@id":"http:\/\/www.salesianos.edu\/revistasmx\/ca\/no-se-puede-ser-feliz-sin-responder-a-la-vocacion-a-la-que-se-ha-sido-llamado\/"},"wordCount":472,"commentCount":0,"image":{"@id":"http:\/\/www.salesianos.edu\/revistasmx\/ca\/no-se-puede-ser-feliz-sin-responder-a-la-vocacion-a-la-que-se-ha-sido-llamado\/#primaryimage"},"thumbnailUrl":"http:\/\/www.salesianos.edu\/revistasmx\/wp-content\/uploads\/sites\/8\/2019\/09\/mh.jpg","keywords":["smx50"],"articleSection":["Testimoniatge","VINE I SEGUEIX-ME"],"inLanguage":"es","potentialAction":[{"@type":"CommentAction","name":"Comment","target":["http:\/\/www.salesianos.edu\/revistasmx\/ca\/no-se-puede-ser-feliz-sin-responder-a-la-vocacion-a-la-que-se-ha-sido-llamado\/#respond"]}]},{"@type":"WebPage","@id":"http:\/\/www.salesianos.edu\/revistasmx\/ca\/no-se-puede-ser-feliz-sin-responder-a-la-vocacion-a-la-que-se-ha-sido-llamado\/","url":"http:\/\/www.salesianos.edu\/revistasmx\/ca\/no-se-puede-ser-feliz-sin-responder-a-la-vocacion-a-la-que-se-ha-sido-llamado\/","name":"No se puede ser feliz sin responder a la vocaci\u00f3n a la que se ha sido llamado - Revista SMX","isPartOf":{"@id":"http:\/\/www.salesianos.edu\/revistasmx\/#website"},"primaryImageOfPage":{"@id":"http:\/\/www.salesianos.edu\/revistasmx\/ca\/no-se-puede-ser-feliz-sin-responder-a-la-vocacion-a-la-que-se-ha-sido-llamado\/#primaryimage"},"image":{"@id":"http:\/\/www.salesianos.edu\/revistasmx\/ca\/no-se-puede-ser-feliz-sin-responder-a-la-vocacion-a-la-que-se-ha-sido-llamado\/#primaryimage"},"thumbnailUrl":"http:\/\/www.salesianos.edu\/revistasmx\/wp-content\/uploads\/sites\/8\/2019\/09\/mh.jpg","datePublished":"2019-09-24T15:00:15+00:00","dateModified":"2020-05-29T08:31:08+00:00","author":{"@id":"http:\/\/www.salesianos.edu\/revistasmx\/#\/schema\/person\/20a80be1bb4e0ed82068c57facf5b237"},"breadcrumb":{"@id":"http:\/\/www.salesianos.edu\/revistasmx\/ca\/no-se-puede-ser-feliz-sin-responder-a-la-vocacion-a-la-que-se-ha-sido-llamado\/#breadcrumb"},"inLanguage":"es","potentialAction":[{"@type":"ReadAction","target":["http:\/\/www.salesianos.edu\/revistasmx\/ca\/no-se-puede-ser-feliz-sin-responder-a-la-vocacion-a-la-que-se-ha-sido-llamado\/"]}]},{"@type":"ImageObject","inLanguage":"es","@id":"http:\/\/www.salesianos.edu\/revistasmx\/ca\/no-se-puede-ser-feliz-sin-responder-a-la-vocacion-a-la-que-se-ha-sido-llamado\/#primaryimage","url":"http:\/\/www.salesianos.edu\/revistasmx\/wp-content\/uploads\/sites\/8\/2019\/09\/mh.jpg","contentUrl":"http:\/\/www.salesianos.edu\/revistasmx\/wp-content\/uploads\/sites\/8\/2019\/09\/mh.jpg","width":600,"height":400},{"@type":"BreadcrumbList","@id":"http:\/\/www.salesianos.edu\/revistasmx\/ca\/no-se-puede-ser-feliz-sin-responder-a-la-vocacion-a-la-que-se-ha-sido-llamado\/#breadcrumb","itemListElement":[{"@type":"ListItem","position":1,"name":"Portada","item":"https:\/\/www.salesianos.edu\/revistasmx\/"},{"@type":"ListItem","position":2,"name":"No se puede ser feliz sin responder a la vocaci\u00f3n a la que se ha sido llamado"}]},{"@type":"WebSite","@id":"http:\/\/www.salesianos.edu\/revistasmx\/#website","url":"http:\/\/www.salesianos.edu\/revistasmx\/","name":"Revista SMX","description":"P\u00e1gina oficial de Inspector\u00eda Salesiana Mar\u00eda Auxiliadora","potentialAction":[{"@type":"SearchAction","target":{"@type":"EntryPoint","urlTemplate":"http:\/\/www.salesianos.edu\/revistasmx\/?s={search_term_string}"},"query-input":{"@type":"PropertyValueSpecification","valueRequired":true,"valueName":"search_term_string"}}],"inLanguage":"es"},{"@type":"Person","@id":"http:\/\/www.salesianos.edu\/revistasmx\/#\/schema\/person\/20a80be1bb4e0ed82068c57facf5b237","name":"martapeirat","image":{"@type":"ImageObject","inLanguage":"es","@id":"https:\/\/secure.gravatar.com\/avatar\/1139b81b40ed1dde466563679597db378e7092bbfdd7ebb264c437fedde866d7?s=96&d=mm&r=g","url":"https:\/\/secure.gravatar.com\/avatar\/1139b81b40ed1dde466563679597db378e7092bbfdd7ebb264c437fedde866d7?s=96&d=mm&r=g","contentUrl":"https:\/\/secure.gravatar.com\/avatar\/1139b81b40ed1dde466563679597db378e7092bbfdd7ebb264c437fedde866d7?s=96&d=mm&r=g","caption":"martapeirat"}}]}},"_links":{"self":[{"href":"http:\/\/www.salesianos.edu\/revistasmx\/wp-json\/wp\/v2\/posts\/12034","targetHints":{"allow":["GET"]}}],"collection":[{"href":"http:\/\/www.salesianos.edu\/revistasmx\/wp-json\/wp\/v2\/posts"}],"about":[{"href":"http:\/\/www.salesianos.edu\/revistasmx\/wp-json\/wp\/v2\/types\/post"}],"author":[{"embeddable":true,"href":"http:\/\/www.salesianos.edu\/revistasmx\/wp-json\/wp\/v2\/users\/5"}],"replies":[{"embeddable":true,"href":"http:\/\/www.salesianos.edu\/revistasmx\/wp-json\/wp\/v2\/comments?post=12034"}],"version-history":[{"count":4,"href":"http:\/\/www.salesianos.edu\/revistasmx\/wp-json\/wp\/v2\/posts\/12034\/revisions"}],"predecessor-version":[{"id":14592,"href":"http:\/\/www.salesianos.edu\/revistasmx\/wp-json\/wp\/v2\/posts\/12034\/revisions\/14592"}],"wp:featuredmedia":[{"embeddable":true,"href":"http:\/\/www.salesianos.edu\/revistasmx\/wp-json\/wp\/v2\/media\/12107"}],"wp:attachment":[{"href":"http:\/\/www.salesianos.edu\/revistasmx\/wp-json\/wp\/v2\/media?parent=12034"}],"wp:term":[{"taxonomy":"category","embeddable":true,"href":"http:\/\/www.salesianos.edu\/revistasmx\/wp-json\/wp\/v2\/categories?post=12034"},{"taxonomy":"post_tag","embeddable":true,"href":"http:\/\/www.salesianos.edu\/revistasmx\/wp-json\/wp\/v2\/tags?post=12034"}],"curies":[{"name":"wp","href":"https:\/\/api.w.org\/{rel}","templated":true}]}}