{"id":11944,"date":"2019-09-24T22:00:41","date_gmt":"2019-09-24T20:00:41","guid":{"rendered":"http:\/\/www.salesianos.edu\/revistasmx\/?p=11944"},"modified":"2019-09-30T19:54:38","modified_gmt":"2019-09-30T17:54:38","slug":"paco-pepe-perez-treballar-junts-pels-joves","status":"publish","type":"post","link":"http:\/\/www.salesianos.edu\/revistasmx\/ca\/paco-pepe-perez-treballar-junts-pels-joves\/","title":{"rendered":"Paco Pepe P\u00e9rez: \u00abTreballar junts pels joves\u00bb"},"content":{"rendered":"<div id=\"fb-root\"><\/div>\n<p><iframe loading=\"lazy\" title=\"SMX -  Paco Pepe, Delegado Inspectorial de Pastoral Juvenil\" width=\"1080\" height=\"608\" src=\"https:\/\/www.youtube.com\/embed\/a5xXXMtGy_Y?feature=oembed\" frameborder=\"0\" allow=\"accelerometer; autoplay; encrypted-media; gyroscope; picture-in-picture\" allowfullscreen><\/iframe><\/p>\n<p>Comencem un nou curs 2019-20 amb molta il\u00b7lusi\u00f3, moltes ganes, posant en marxa un munt d&#8217;iniciatives, projectes en totes les nostres cases i comunitats educatives. Precisament aquest any tenim com a lema \u2018Som un\u2019 perqu\u00e8 volem cr\u00e9ixer en comuni\u00f3, cr\u00e9ixer en uni\u00f3 en totes les nostres comunitats educatives.<\/p>\n<p>No es tracta que siguem m\u00e9s efica\u00e7os, es tracta que cada dia m\u00e9s, siguem comunitats, siguem fam\u00edlia salesiana, formada per pares, adults, joves, salesians. De manera que puguem complir aquesta missi\u00f3 que D\u00e9u ens ha deixat, treballar junts pels joves. Treballar junts en aquesta uni\u00f3 i que totes les iniciatives que se&#8217;ns ocorrin les portem a la pr\u00e0ctica. Paco Pepe P\u00e9rez.<\/p>\n","protected":false},"excerpt":{"rendered":"<p>Comencem un nou curs 2019-20 amb molta il\u00b7lusi\u00f3, moltes ganes, posant en marxa un munt d&#8217;iniciatives, projectes en totes les nostres cases i comunitats educatives. Precisament aquest any tenim com a lema \u2018Som un\u2019 perqu\u00e8 volem cr\u00e9ixer en comuni\u00f3, cr\u00e9ixer en uni\u00f3 en totes les nostres comunitats educatives. No es tracta que siguem m\u00e9s efica\u00e7os, [&hellip;]<\/p>\n","protected":false},"author":5,"featured_media":11942,"comment_status":"open","ping_status":"closed","sticky":false,"template":"","format":"standard","meta":{"_et_pb_use_builder":"off","_et_pb_old_content":"<p>Comencem un nou curs 2019-20 amb molta il\u00b7lusi\u00f3, moltes ganes, posant en marxa un munt d'iniciatives, projectes en totes les nostres cases i comunitats educatives. Precisament aquest any tenim com a lema \u2018Som un\u2019 perqu\u00e8 volem cr\u00e9ixer en comuni\u00f3, cr\u00e9ixer en uni\u00f3 en totes les nostres comunitats educatives.<\/p><p>No es tracta que siguem m\u00e9s efica\u00e7os, es tracta que cada dia m\u00e9s, siguem comunitats, siguem fam\u00edlia salesiana, formada per pares, adults, joves, salesians. De manera que puguem complir aquesta missi\u00f3 que D\u00e9u ens ha deixat, treballar junts pels joves. Treballar junts en aquesta uni\u00f3 i que totes les iniciatives que se'ns ocorrin les portem a la pr\u00e0ctica. Paco Pepe P\u00e9rez.<\/p>","_et_gb_content_width":"","footnotes":""},"categories":[49],"tags":[425],"class_list":["post-11944","post","type-post","status-publish","format-standard","has-post-thumbnail","hentry","category-en-confianca","tag-smx50-ca"],"yoast_head":"<!-- This site is optimized with the Yoast SEO plugin v27.5 - https:\/\/yoast.com\/product\/yoast-seo-wordpress\/ -->\n<title>Paco Pepe P\u00e9rez: &quot;Treballar junts pels joves&quot; - Revista SMX<\/title>\n<meta name=\"robots\" content=\"index, follow, max-snippet:-1, max-image-preview:large, max-video-preview:-1\" \/>\n<link rel=\"canonical\" href=\"http:\/\/www.salesianos.edu\/revistasmx\/ca\/paco-pepe-perez-treballar-junts-pels-joves\/\" \/>\n<meta property=\"og:locale\" content=\"es_ES\" \/>\n<meta property=\"og:type\" content=\"article\" \/>\n<meta property=\"og:title\" content=\"Paco Pepe P\u00e9rez: &quot;Treballar junts pels joves&quot; - Revista SMX\" \/>\n<meta property=\"og:description\" content=\"Comencem un nou curs 2019-20 amb molta il\u00b7lusi\u00f3, moltes ganes, posant en marxa un munt d&#8217;iniciatives, projectes en totes les nostres cases i comunitats educatives. Precisament aquest any tenim com a lema \u2018Som un\u2019 perqu\u00e8 volem cr\u00e9ixer en comuni\u00f3, cr\u00e9ixer en uni\u00f3 en totes les nostres comunitats educatives. No es tracta que siguem m\u00e9s efica\u00e7os, [&hellip;]\" \/>\n<meta property=\"og:url\" content=\"http:\/\/www.salesianos.edu\/revistasmx\/ca\/paco-pepe-perez-treballar-junts-pels-joves\/\" \/>\n<meta property=\"og:site_name\" content=\"Revista SMX\" \/>\n<meta property=\"article:published_time\" content=\"2019-09-24T20:00:41+00:00\" \/>\n<meta property=\"article:modified_time\" content=\"2019-09-30T17:54:38+00:00\" \/>\n<meta property=\"og:image\" content=\"http:\/\/www.salesianos.edu\/revistasmx\/wp-content\/uploads\/sites\/8\/2019\/09\/Captura-de-pantalla-2019-09-26-a-las-13.26.06.png\" \/>\n\t<meta property=\"og:image:width\" content=\"712\" \/>\n\t<meta property=\"og:image:height\" content=\"507\" \/>\n\t<meta property=\"og:image:type\" content=\"image\/png\" \/>\n<meta name=\"author\" content=\"martapeirat\" \/>\n<meta name=\"twitter:card\" content=\"summary_large_image\" \/>\n<meta name=\"twitter:label1\" content=\"Escrito por\" \/>\n\t<meta name=\"twitter:data1\" content=\"martapeirat\" \/>\n\t<meta name=\"twitter:label2\" content=\"Tiempo de lectura\" \/>\n\t<meta name=\"twitter:data2\" content=\"1 minuto\" \/>\n<script type=\"application\/ld+json\" class=\"yoast-schema-graph\">{\"@context\":\"https:\\\/\\\/schema.org\",\"@graph\":[{\"@type\":\"Article\",\"@id\":\"http:\\\/\\\/www.salesianos.edu\\\/revistasmx\\\/ca\\\/paco-pepe-perez-treballar-junts-pels-joves\\\/#article\",\"isPartOf\":{\"@id\":\"http:\\\/\\\/www.salesianos.edu\\\/revistasmx\\\/ca\\\/paco-pepe-perez-treballar-junts-pels-joves\\\/\"},\"author\":{\"name\":\"martapeirat\",\"@id\":\"http:\\\/\\\/www.salesianos.edu\\\/revistasmx\\\/#\\\/schema\\\/person\\\/20a80be1bb4e0ed82068c57facf5b237\"},\"headline\":\"Paco Pepe P\u00e9rez: \u00abTreballar junts pels joves\u00bb\",\"datePublished\":\"2019-09-24T20:00:41+00:00\",\"dateModified\":\"2019-09-30T17:54:38+00:00\",\"mainEntityOfPage\":{\"@id\":\"http:\\\/\\\/www.salesianos.edu\\\/revistasmx\\\/ca\\\/paco-pepe-perez-treballar-junts-pels-joves\\\/\"},\"wordCount\":137,\"commentCount\":0,\"image\":{\"@id\":\"http:\\\/\\\/www.salesianos.edu\\\/revistasmx\\\/ca\\\/paco-pepe-perez-treballar-junts-pels-joves\\\/#primaryimage\"},\"thumbnailUrl\":\"http:\\\/\\\/www.salesianos.edu\\\/revistasmx\\\/wp-content\\\/uploads\\\/sites\\\/8\\\/2019\\\/09\\\/Captura-de-pantalla-2019-09-26-a-las-13.26.06.png\",\"keywords\":[\"smx50\"],\"articleSection\":[\"EN CONFIAN\u00c7A\"],\"inLanguage\":\"es\",\"potentialAction\":[{\"@type\":\"CommentAction\",\"name\":\"Comment\",\"target\":[\"http:\\\/\\\/www.salesianos.edu\\\/revistasmx\\\/ca\\\/paco-pepe-perez-treballar-junts-pels-joves\\\/#respond\"]}]},{\"@type\":\"WebPage\",\"@id\":\"http:\\\/\\\/www.salesianos.edu\\\/revistasmx\\\/ca\\\/paco-pepe-perez-treballar-junts-pels-joves\\\/\",\"url\":\"http:\\\/\\\/www.salesianos.edu\\\/revistasmx\\\/ca\\\/paco-pepe-perez-treballar-junts-pels-joves\\\/\",\"name\":\"Paco Pepe P\u00e9rez: \\\"Treballar junts pels joves\\\" - Revista SMX\",\"isPartOf\":{\"@id\":\"http:\\\/\\\/www.salesianos.edu\\\/revistasmx\\\/#website\"},\"primaryImageOfPage\":{\"@id\":\"http:\\\/\\\/www.salesianos.edu\\\/revistasmx\\\/ca\\\/paco-pepe-perez-treballar-junts-pels-joves\\\/#primaryimage\"},\"image\":{\"@id\":\"http:\\\/\\\/www.salesianos.edu\\\/revistasmx\\\/ca\\\/paco-pepe-perez-treballar-junts-pels-joves\\\/#primaryimage\"},\"thumbnailUrl\":\"http:\\\/\\\/www.salesianos.edu\\\/revistasmx\\\/wp-content\\\/uploads\\\/sites\\\/8\\\/2019\\\/09\\\/Captura-de-pantalla-2019-09-26-a-las-13.26.06.png\",\"datePublished\":\"2019-09-24T20:00:41+00:00\",\"dateModified\":\"2019-09-30T17:54:38+00:00\",\"author\":{\"@id\":\"http:\\\/\\\/www.salesianos.edu\\\/revistasmx\\\/#\\\/schema\\\/person\\\/20a80be1bb4e0ed82068c57facf5b237\"},\"breadcrumb\":{\"@id\":\"http:\\\/\\\/www.salesianos.edu\\\/revistasmx\\\/ca\\\/paco-pepe-perez-treballar-junts-pels-joves\\\/#breadcrumb\"},\"inLanguage\":\"es\",\"potentialAction\":[{\"@type\":\"ReadAction\",\"target\":[\"http:\\\/\\\/www.salesianos.edu\\\/revistasmx\\\/ca\\\/paco-pepe-perez-treballar-junts-pels-joves\\\/\"]}]},{\"@type\":\"ImageObject\",\"inLanguage\":\"es\",\"@id\":\"http:\\\/\\\/www.salesianos.edu\\\/revistasmx\\\/ca\\\/paco-pepe-perez-treballar-junts-pels-joves\\\/#primaryimage\",\"url\":\"http:\\\/\\\/www.salesianos.edu\\\/revistasmx\\\/wp-content\\\/uploads\\\/sites\\\/8\\\/2019\\\/09\\\/Captura-de-pantalla-2019-09-26-a-las-13.26.06.png\",\"contentUrl\":\"http:\\\/\\\/www.salesianos.edu\\\/revistasmx\\\/wp-content\\\/uploads\\\/sites\\\/8\\\/2019\\\/09\\\/Captura-de-pantalla-2019-09-26-a-las-13.26.06.png\",\"width\":712,\"height\":507},{\"@type\":\"BreadcrumbList\",\"@id\":\"http:\\\/\\\/www.salesianos.edu\\\/revistasmx\\\/ca\\\/paco-pepe-perez-treballar-junts-pels-joves\\\/#breadcrumb\",\"itemListElement\":[{\"@type\":\"ListItem\",\"position\":1,\"name\":\"Portada\",\"item\":\"https:\\\/\\\/www.salesianos.edu\\\/revistasmx\\\/\"},{\"@type\":\"ListItem\",\"position\":2,\"name\":\"Paco Pepe P\u00e9rez: &#8220;Treballar junts pels joves&#8221;\"}]},{\"@type\":\"WebSite\",\"@id\":\"http:\\\/\\\/www.salesianos.edu\\\/revistasmx\\\/#website\",\"url\":\"http:\\\/\\\/www.salesianos.edu\\\/revistasmx\\\/\",\"name\":\"Revista SMX\",\"description\":\"P\u00e1gina oficial de Inspector\u00eda Salesiana Mar\u00eda Auxiliadora\",\"potentialAction\":[{\"@type\":\"SearchAction\",\"target\":{\"@type\":\"EntryPoint\",\"urlTemplate\":\"http:\\\/\\\/www.salesianos.edu\\\/revistasmx\\\/?s={search_term_string}\"},\"query-input\":{\"@type\":\"PropertyValueSpecification\",\"valueRequired\":true,\"valueName\":\"search_term_string\"}}],\"inLanguage\":\"es\"},{\"@type\":\"Person\",\"@id\":\"http:\\\/\\\/www.salesianos.edu\\\/revistasmx\\\/#\\\/schema\\\/person\\\/20a80be1bb4e0ed82068c57facf5b237\",\"name\":\"martapeirat\",\"image\":{\"@type\":\"ImageObject\",\"inLanguage\":\"es\",\"@id\":\"https:\\\/\\\/secure.gravatar.com\\\/avatar\\\/1139b81b40ed1dde466563679597db378e7092bbfdd7ebb264c437fedde866d7?s=96&d=mm&r=g\",\"url\":\"https:\\\/\\\/secure.gravatar.com\\\/avatar\\\/1139b81b40ed1dde466563679597db378e7092bbfdd7ebb264c437fedde866d7?s=96&d=mm&r=g\",\"contentUrl\":\"https:\\\/\\\/secure.gravatar.com\\\/avatar\\\/1139b81b40ed1dde466563679597db378e7092bbfdd7ebb264c437fedde866d7?s=96&d=mm&r=g\",\"caption\":\"martapeirat\"}}]}<\/script>\n<!-- \/ Yoast SEO plugin. -->","yoast_head_json":{"title":"Paco Pepe P\u00e9rez: \"Treballar junts pels joves\" - Revista SMX","robots":{"index":"index","follow":"follow","max-snippet":"max-snippet:-1","max-image-preview":"max-image-preview:large","max-video-preview":"max-video-preview:-1"},"canonical":"http:\/\/www.salesianos.edu\/revistasmx\/ca\/paco-pepe-perez-treballar-junts-pels-joves\/","og_locale":"es_ES","og_type":"article","og_title":"Paco Pepe P\u00e9rez: \"Treballar junts pels joves\" - Revista SMX","og_description":"Comencem un nou curs 2019-20 amb molta il\u00b7lusi\u00f3, moltes ganes, posant en marxa un munt d&#8217;iniciatives, projectes en totes les nostres cases i comunitats educatives. Precisament aquest any tenim com a lema \u2018Som un\u2019 perqu\u00e8 volem cr\u00e9ixer en comuni\u00f3, cr\u00e9ixer en uni\u00f3 en totes les nostres comunitats educatives. No es tracta que siguem m\u00e9s efica\u00e7os, [&hellip;]","og_url":"http:\/\/www.salesianos.edu\/revistasmx\/ca\/paco-pepe-perez-treballar-junts-pels-joves\/","og_site_name":"Revista SMX","article_published_time":"2019-09-24T20:00:41+00:00","article_modified_time":"2019-09-30T17:54:38+00:00","og_image":[{"width":712,"height":507,"url":"http:\/\/www.salesianos.edu\/revistasmx\/wp-content\/uploads\/sites\/8\/2019\/09\/Captura-de-pantalla-2019-09-26-a-las-13.26.06.png","type":"image\/png"}],"author":"martapeirat","twitter_card":"summary_large_image","twitter_misc":{"Escrito por":"martapeirat","Tiempo de lectura":"1 minuto"},"schema":{"@context":"https:\/\/schema.org","@graph":[{"@type":"Article","@id":"http:\/\/www.salesianos.edu\/revistasmx\/ca\/paco-pepe-perez-treballar-junts-pels-joves\/#article","isPartOf":{"@id":"http:\/\/www.salesianos.edu\/revistasmx\/ca\/paco-pepe-perez-treballar-junts-pels-joves\/"},"author":{"name":"martapeirat","@id":"http:\/\/www.salesianos.edu\/revistasmx\/#\/schema\/person\/20a80be1bb4e0ed82068c57facf5b237"},"headline":"Paco Pepe P\u00e9rez: \u00abTreballar junts pels joves\u00bb","datePublished":"2019-09-24T20:00:41+00:00","dateModified":"2019-09-30T17:54:38+00:00","mainEntityOfPage":{"@id":"http:\/\/www.salesianos.edu\/revistasmx\/ca\/paco-pepe-perez-treballar-junts-pels-joves\/"},"wordCount":137,"commentCount":0,"image":{"@id":"http:\/\/www.salesianos.edu\/revistasmx\/ca\/paco-pepe-perez-treballar-junts-pels-joves\/#primaryimage"},"thumbnailUrl":"http:\/\/www.salesianos.edu\/revistasmx\/wp-content\/uploads\/sites\/8\/2019\/09\/Captura-de-pantalla-2019-09-26-a-las-13.26.06.png","keywords":["smx50"],"articleSection":["EN CONFIAN\u00c7A"],"inLanguage":"es","potentialAction":[{"@type":"CommentAction","name":"Comment","target":["http:\/\/www.salesianos.edu\/revistasmx\/ca\/paco-pepe-perez-treballar-junts-pels-joves\/#respond"]}]},{"@type":"WebPage","@id":"http:\/\/www.salesianos.edu\/revistasmx\/ca\/paco-pepe-perez-treballar-junts-pels-joves\/","url":"http:\/\/www.salesianos.edu\/revistasmx\/ca\/paco-pepe-perez-treballar-junts-pels-joves\/","name":"Paco Pepe P\u00e9rez: \"Treballar junts pels joves\" - Revista SMX","isPartOf":{"@id":"http:\/\/www.salesianos.edu\/revistasmx\/#website"},"primaryImageOfPage":{"@id":"http:\/\/www.salesianos.edu\/revistasmx\/ca\/paco-pepe-perez-treballar-junts-pels-joves\/#primaryimage"},"image":{"@id":"http:\/\/www.salesianos.edu\/revistasmx\/ca\/paco-pepe-perez-treballar-junts-pels-joves\/#primaryimage"},"thumbnailUrl":"http:\/\/www.salesianos.edu\/revistasmx\/wp-content\/uploads\/sites\/8\/2019\/09\/Captura-de-pantalla-2019-09-26-a-las-13.26.06.png","datePublished":"2019-09-24T20:00:41+00:00","dateModified":"2019-09-30T17:54:38+00:00","author":{"@id":"http:\/\/www.salesianos.edu\/revistasmx\/#\/schema\/person\/20a80be1bb4e0ed82068c57facf5b237"},"breadcrumb":{"@id":"http:\/\/www.salesianos.edu\/revistasmx\/ca\/paco-pepe-perez-treballar-junts-pels-joves\/#breadcrumb"},"inLanguage":"es","potentialAction":[{"@type":"ReadAction","target":["http:\/\/www.salesianos.edu\/revistasmx\/ca\/paco-pepe-perez-treballar-junts-pels-joves\/"]}]},{"@type":"ImageObject","inLanguage":"es","@id":"http:\/\/www.salesianos.edu\/revistasmx\/ca\/paco-pepe-perez-treballar-junts-pels-joves\/#primaryimage","url":"http:\/\/www.salesianos.edu\/revistasmx\/wp-content\/uploads\/sites\/8\/2019\/09\/Captura-de-pantalla-2019-09-26-a-las-13.26.06.png","contentUrl":"http:\/\/www.salesianos.edu\/revistasmx\/wp-content\/uploads\/sites\/8\/2019\/09\/Captura-de-pantalla-2019-09-26-a-las-13.26.06.png","width":712,"height":507},{"@type":"BreadcrumbList","@id":"http:\/\/www.salesianos.edu\/revistasmx\/ca\/paco-pepe-perez-treballar-junts-pels-joves\/#breadcrumb","itemListElement":[{"@type":"ListItem","position":1,"name":"Portada","item":"https:\/\/www.salesianos.edu\/revistasmx\/"},{"@type":"ListItem","position":2,"name":"Paco Pepe P\u00e9rez: &#8220;Treballar junts pels joves&#8221;"}]},{"@type":"WebSite","@id":"http:\/\/www.salesianos.edu\/revistasmx\/#website","url":"http:\/\/www.salesianos.edu\/revistasmx\/","name":"Revista SMX","description":"P\u00e1gina oficial de Inspector\u00eda Salesiana Mar\u00eda Auxiliadora","potentialAction":[{"@type":"SearchAction","target":{"@type":"EntryPoint","urlTemplate":"http:\/\/www.salesianos.edu\/revistasmx\/?s={search_term_string}"},"query-input":{"@type":"PropertyValueSpecification","valueRequired":true,"valueName":"search_term_string"}}],"inLanguage":"es"},{"@type":"Person","@id":"http:\/\/www.salesianos.edu\/revistasmx\/#\/schema\/person\/20a80be1bb4e0ed82068c57facf5b237","name":"martapeirat","image":{"@type":"ImageObject","inLanguage":"es","@id":"https:\/\/secure.gravatar.com\/avatar\/1139b81b40ed1dde466563679597db378e7092bbfdd7ebb264c437fedde866d7?s=96&d=mm&r=g","url":"https:\/\/secure.gravatar.com\/avatar\/1139b81b40ed1dde466563679597db378e7092bbfdd7ebb264c437fedde866d7?s=96&d=mm&r=g","contentUrl":"https:\/\/secure.gravatar.com\/avatar\/1139b81b40ed1dde466563679597db378e7092bbfdd7ebb264c437fedde866d7?s=96&d=mm&r=g","caption":"martapeirat"}}]}},"_links":{"self":[{"href":"http:\/\/www.salesianos.edu\/revistasmx\/wp-json\/wp\/v2\/posts\/11944","targetHints":{"allow":["GET"]}}],"collection":[{"href":"http:\/\/www.salesianos.edu\/revistasmx\/wp-json\/wp\/v2\/posts"}],"about":[{"href":"http:\/\/www.salesianos.edu\/revistasmx\/wp-json\/wp\/v2\/types\/post"}],"author":[{"embeddable":true,"href":"http:\/\/www.salesianos.edu\/revistasmx\/wp-json\/wp\/v2\/users\/5"}],"replies":[{"embeddable":true,"href":"http:\/\/www.salesianos.edu\/revistasmx\/wp-json\/wp\/v2\/comments?post=11944"}],"version-history":[{"count":8,"href":"http:\/\/www.salesianos.edu\/revistasmx\/wp-json\/wp\/v2\/posts\/11944\/revisions"}],"predecessor-version":[{"id":12158,"href":"http:\/\/www.salesianos.edu\/revistasmx\/wp-json\/wp\/v2\/posts\/11944\/revisions\/12158"}],"wp:featuredmedia":[{"embeddable":true,"href":"http:\/\/www.salesianos.edu\/revistasmx\/wp-json\/wp\/v2\/media\/11942"}],"wp:attachment":[{"href":"http:\/\/www.salesianos.edu\/revistasmx\/wp-json\/wp\/v2\/media?parent=11944"}],"wp:term":[{"taxonomy":"category","embeddable":true,"href":"http:\/\/www.salesianos.edu\/revistasmx\/wp-json\/wp\/v2\/categories?post=11944"},{"taxonomy":"post_tag","embeddable":true,"href":"http:\/\/www.salesianos.edu\/revistasmx\/wp-json\/wp\/v2\/tags?post=11944"}],"curies":[{"name":"wp","href":"https:\/\/api.w.org\/{rel}","templated":true}]}}