{"id":11941,"date":"2019-09-24T22:00:12","date_gmt":"2019-09-24T20:00:12","guid":{"rendered":"http:\/\/www.salesianos.edu\/revistasmx\/?p=11941"},"modified":"2019-10-01T09:47:47","modified_gmt":"2019-10-01T07:47:47","slug":"paco-pepe-perez-trabajar-juntos-por-los-jovenes","status":"publish","type":"post","link":"http:\/\/www.salesianos.edu\/revistasmx\/paco-pepe-perez-trabajar-juntos-por-los-jovenes\/","title":{"rendered":"Paco Pepe P\u00e9rez: Trabajar juntos por los j\u00f3venes"},"content":{"rendered":"<div id=\"fb-root\"><\/div>\n<p>[et_pb_section bb_built=\u00bb1&#8243; inner_width=\u00bbauto\u00bb inner_max_width=\u00bb1080px\u00bb][et_pb_row][et_pb_column type=\u00bb4_4&#8243; custom_padding__hover=\u00bb|||\u00bb custom_padding=\u00bb|||\u00bb][et_pb_video _builder_version=\u00bb3.29.3&#8243; src=\u00bbhttps:\/\/youtu.be\/a5xXXMtGy_Y\u00bb box_shadow_horizontal_tablet=\u00bb0px\u00bb box_shadow_vertical_tablet=\u00bb0px\u00bb box_shadow_blur_tablet=\u00bb40px\u00bb box_shadow_spread_tablet=\u00bb0px\u00bb z_index_tablet=\u00bb500&#8243; \/][et_pb_text]<\/p>\n<p>\nComenzamos un nuevo curso 2019-20 con mucha ilusi\u00f3n, muchas ganas, poniendo en marcha un mont\u00f3n de iniciativas, proyectos en todas nuestras casas y comunidades educativas. Precisamente este a\u00f1o tenemos como lema \u2018Somos uno\u2019 porque queremos crecer en comuni\u00f3n, crecer en uni\u00f3n en todas nuestras comunidades educativas.<\/p>\n<p>No se trata de que seamos m\u00e1s eficaces, se trata de que cada d\u00eda m\u00e1s, seamos comunidades, seamos familia salesiana, formada por padres, adultos, j\u00f3venes, salesianos. De manera que podamos cumplir esa misi\u00f3n que Dios nos ha dejado, trabajar juntos por los j\u00f3venes. Trabajar juntos en esa uni\u00f3n y que todas las iniciativas que se nos ocurran las llevemos a la pr\u00e1ctica. Paco Pepe P\u00e9rez.<\/p>\n<p>[\/et_pb_text][\/et_pb_column][\/et_pb_row][\/et_pb_section]<\/p>\n","protected":false},"excerpt":{"rendered":"<p>Paco Pepe P\u00e9rez, explica a grandes rasgos el por qu\u00e9 de esta campa\u00f1a inspectorial.<\/p>\n","protected":false},"author":5,"featured_media":11942,"comment_status":"open","ping_status":"closed","sticky":false,"template":"","format":"standard","meta":{"_et_pb_use_builder":"on","_et_pb_old_content":"<p>Comenzamos un nuevo curso 2019-20 con mucha ilusi\u00f3n, muchas ganas, poniendo en marcha un mont\u00f3n de iniciativas, proyectos en todas nuestras casas y comunidades educativas. Precisamente este a\u00f1o tenemos como lema \u2018Somos uno\u2019 porque queremos crecer en comuni\u00f3n, crecer en uni\u00f3n en todas nuestras comunidades educativas.<\/p><p>No se trata de que seamos m\u00e1s eficaces, se trata de que cada d\u00eda m\u00e1s, seamos comunidades, seamos familia salesiana, formada por padres, adultos, j\u00f3venes, salesianos. De manera que podamos cumplir esa misi\u00f3n que Dios nos ha dejado, trabajar juntos por los j\u00f3venes. Trabajar juntos en esa uni\u00f3n y que todas las iniciativas que se nos ocurran las llevemos a la pr\u00e1ctica. Paco Pepe P\u00e9rez.<\/p>","_et_gb_content_width":"","footnotes":""},"categories":[32],"tags":[423],"class_list":["post-11941","post","type-post","status-publish","format-standard","has-post-thumbnail","hentry","category-en-confianza","tag-smx50"],"yoast_head":"<!-- This site is optimized with the Yoast SEO plugin v27.5 - https:\/\/yoast.com\/product\/yoast-seo-wordpress\/ -->\n<title>Paco Pepe P\u00e9rez: Trabajar juntos por los j\u00f3venes - Revista SMX<\/title>\n<meta name=\"robots\" content=\"index, follow, max-snippet:-1, max-image-preview:large, max-video-preview:-1\" \/>\n<link rel=\"canonical\" href=\"http:\/\/www.salesianos.edu\/revistasmx\/paco-pepe-perez-trabajar-juntos-por-los-jovenes\/\" \/>\n<meta property=\"og:locale\" content=\"es_ES\" \/>\n<meta property=\"og:type\" content=\"article\" \/>\n<meta property=\"og:title\" content=\"Paco Pepe P\u00e9rez: Trabajar juntos por los j\u00f3venes - Revista SMX\" \/>\n<meta property=\"og:description\" content=\"Paco Pepe P\u00e9rez, explica a grandes rasgos el por qu\u00e9 de esta campa\u00f1a inspectorial.\" \/>\n<meta property=\"og:url\" content=\"http:\/\/www.salesianos.edu\/revistasmx\/paco-pepe-perez-trabajar-juntos-por-los-jovenes\/\" \/>\n<meta property=\"og:site_name\" content=\"Revista SMX\" \/>\n<meta property=\"article:published_time\" content=\"2019-09-24T20:00:12+00:00\" \/>\n<meta property=\"article:modified_time\" content=\"2019-10-01T07:47:47+00:00\" \/>\n<meta property=\"og:image\" content=\"https:\/\/www.salesianos.edu\/revistasmx\/wp-content\/uploads\/sites\/8\/2019\/09\/Captura-de-pantalla-2019-09-26-a-las-13.26.06.png\" \/>\n\t<meta property=\"og:image:width\" content=\"712\" \/>\n\t<meta property=\"og:image:height\" content=\"507\" \/>\n\t<meta property=\"og:image:type\" content=\"image\/png\" \/>\n<meta name=\"author\" content=\"martapeirat\" \/>\n<meta name=\"twitter:card\" content=\"summary_large_image\" \/>\n<meta name=\"twitter:label1\" content=\"Escrito por\" \/>\n\t<meta name=\"twitter:data1\" content=\"martapeirat\" \/>\n\t<meta name=\"twitter:label2\" content=\"Tiempo de lectura\" \/>\n\t<meta name=\"twitter:data2\" content=\"1 minuto\" \/>\n<script type=\"application\/ld+json\" class=\"yoast-schema-graph\">{\"@context\":\"https:\\\/\\\/schema.org\",\"@graph\":[{\"@type\":\"Article\",\"@id\":\"http:\\\/\\\/www.salesianos.edu\\\/revistasmx\\\/paco-pepe-perez-trabajar-juntos-por-los-jovenes\\\/#article\",\"isPartOf\":{\"@id\":\"http:\\\/\\\/www.salesianos.edu\\\/revistasmx\\\/paco-pepe-perez-trabajar-juntos-por-los-jovenes\\\/\"},\"author\":{\"name\":\"martapeirat\",\"@id\":\"http:\\\/\\\/www.salesianos.edu\\\/revistasmx\\\/#\\\/schema\\\/person\\\/20a80be1bb4e0ed82068c57facf5b237\"},\"headline\":\"Paco Pepe P\u00e9rez: Trabajar juntos por los j\u00f3venes\",\"datePublished\":\"2019-09-24T20:00:12+00:00\",\"dateModified\":\"2019-10-01T07:47:47+00:00\",\"mainEntityOfPage\":{\"@id\":\"http:\\\/\\\/www.salesianos.edu\\\/revistasmx\\\/paco-pepe-perez-trabajar-juntos-por-los-jovenes\\\/\"},\"wordCount\":209,\"commentCount\":0,\"image\":{\"@id\":\"http:\\\/\\\/www.salesianos.edu\\\/revistasmx\\\/paco-pepe-perez-trabajar-juntos-por-los-jovenes\\\/#primaryimage\"},\"thumbnailUrl\":\"http:\\\/\\\/www.salesianos.edu\\\/revistasmx\\\/wp-content\\\/uploads\\\/sites\\\/8\\\/2019\\\/09\\\/Captura-de-pantalla-2019-09-26-a-las-13.26.06.png\",\"keywords\":[\"smx50\"],\"articleSection\":[\"EN CONFIANZA\"],\"inLanguage\":\"es\",\"potentialAction\":[{\"@type\":\"CommentAction\",\"name\":\"Comment\",\"target\":[\"http:\\\/\\\/www.salesianos.edu\\\/revistasmx\\\/paco-pepe-perez-trabajar-juntos-por-los-jovenes\\\/#respond\"]}]},{\"@type\":\"WebPage\",\"@id\":\"http:\\\/\\\/www.salesianos.edu\\\/revistasmx\\\/paco-pepe-perez-trabajar-juntos-por-los-jovenes\\\/\",\"url\":\"http:\\\/\\\/www.salesianos.edu\\\/revistasmx\\\/paco-pepe-perez-trabajar-juntos-por-los-jovenes\\\/\",\"name\":\"Paco Pepe P\u00e9rez: Trabajar juntos por los j\u00f3venes - Revista SMX\",\"isPartOf\":{\"@id\":\"http:\\\/\\\/www.salesianos.edu\\\/revistasmx\\\/#website\"},\"primaryImageOfPage\":{\"@id\":\"http:\\\/\\\/www.salesianos.edu\\\/revistasmx\\\/paco-pepe-perez-trabajar-juntos-por-los-jovenes\\\/#primaryimage\"},\"image\":{\"@id\":\"http:\\\/\\\/www.salesianos.edu\\\/revistasmx\\\/paco-pepe-perez-trabajar-juntos-por-los-jovenes\\\/#primaryimage\"},\"thumbnailUrl\":\"http:\\\/\\\/www.salesianos.edu\\\/revistasmx\\\/wp-content\\\/uploads\\\/sites\\\/8\\\/2019\\\/09\\\/Captura-de-pantalla-2019-09-26-a-las-13.26.06.png\",\"datePublished\":\"2019-09-24T20:00:12+00:00\",\"dateModified\":\"2019-10-01T07:47:47+00:00\",\"author\":{\"@id\":\"http:\\\/\\\/www.salesianos.edu\\\/revistasmx\\\/#\\\/schema\\\/person\\\/20a80be1bb4e0ed82068c57facf5b237\"},\"breadcrumb\":{\"@id\":\"http:\\\/\\\/www.salesianos.edu\\\/revistasmx\\\/paco-pepe-perez-trabajar-juntos-por-los-jovenes\\\/#breadcrumb\"},\"inLanguage\":\"es\",\"potentialAction\":[{\"@type\":\"ReadAction\",\"target\":[\"http:\\\/\\\/www.salesianos.edu\\\/revistasmx\\\/paco-pepe-perez-trabajar-juntos-por-los-jovenes\\\/\"]}]},{\"@type\":\"ImageObject\",\"inLanguage\":\"es\",\"@id\":\"http:\\\/\\\/www.salesianos.edu\\\/revistasmx\\\/paco-pepe-perez-trabajar-juntos-por-los-jovenes\\\/#primaryimage\",\"url\":\"http:\\\/\\\/www.salesianos.edu\\\/revistasmx\\\/wp-content\\\/uploads\\\/sites\\\/8\\\/2019\\\/09\\\/Captura-de-pantalla-2019-09-26-a-las-13.26.06.png\",\"contentUrl\":\"http:\\\/\\\/www.salesianos.edu\\\/revistasmx\\\/wp-content\\\/uploads\\\/sites\\\/8\\\/2019\\\/09\\\/Captura-de-pantalla-2019-09-26-a-las-13.26.06.png\",\"width\":712,\"height\":507},{\"@type\":\"BreadcrumbList\",\"@id\":\"http:\\\/\\\/www.salesianos.edu\\\/revistasmx\\\/paco-pepe-perez-trabajar-juntos-por-los-jovenes\\\/#breadcrumb\",\"itemListElement\":[{\"@type\":\"ListItem\",\"position\":1,\"name\":\"Portada\",\"item\":\"https:\\\/\\\/www.salesianos.edu\\\/revistasmx\\\/\"},{\"@type\":\"ListItem\",\"position\":2,\"name\":\"Paco Pepe P\u00e9rez: Trabajar juntos por los j\u00f3venes\"}]},{\"@type\":\"WebSite\",\"@id\":\"http:\\\/\\\/www.salesianos.edu\\\/revistasmx\\\/#website\",\"url\":\"http:\\\/\\\/www.salesianos.edu\\\/revistasmx\\\/\",\"name\":\"Revista SMX\",\"description\":\"P\u00e1gina oficial de Inspector\u00eda Salesiana Mar\u00eda Auxiliadora\",\"potentialAction\":[{\"@type\":\"SearchAction\",\"target\":{\"@type\":\"EntryPoint\",\"urlTemplate\":\"http:\\\/\\\/www.salesianos.edu\\\/revistasmx\\\/?s={search_term_string}\"},\"query-input\":{\"@type\":\"PropertyValueSpecification\",\"valueRequired\":true,\"valueName\":\"search_term_string\"}}],\"inLanguage\":\"es\"},{\"@type\":\"Person\",\"@id\":\"http:\\\/\\\/www.salesianos.edu\\\/revistasmx\\\/#\\\/schema\\\/person\\\/20a80be1bb4e0ed82068c57facf5b237\",\"name\":\"martapeirat\",\"image\":{\"@type\":\"ImageObject\",\"inLanguage\":\"es\",\"@id\":\"https:\\\/\\\/secure.gravatar.com\\\/avatar\\\/1139b81b40ed1dde466563679597db378e7092bbfdd7ebb264c437fedde866d7?s=96&d=mm&r=g\",\"url\":\"https:\\\/\\\/secure.gravatar.com\\\/avatar\\\/1139b81b40ed1dde466563679597db378e7092bbfdd7ebb264c437fedde866d7?s=96&d=mm&r=g\",\"contentUrl\":\"https:\\\/\\\/secure.gravatar.com\\\/avatar\\\/1139b81b40ed1dde466563679597db378e7092bbfdd7ebb264c437fedde866d7?s=96&d=mm&r=g\",\"caption\":\"martapeirat\"}}]}<\/script>\n<!-- \/ Yoast SEO plugin. -->","yoast_head_json":{"title":"Paco Pepe P\u00e9rez: Trabajar juntos por los j\u00f3venes - Revista SMX","robots":{"index":"index","follow":"follow","max-snippet":"max-snippet:-1","max-image-preview":"max-image-preview:large","max-video-preview":"max-video-preview:-1"},"canonical":"http:\/\/www.salesianos.edu\/revistasmx\/paco-pepe-perez-trabajar-juntos-por-los-jovenes\/","og_locale":"es_ES","og_type":"article","og_title":"Paco Pepe P\u00e9rez: Trabajar juntos por los j\u00f3venes - Revista SMX","og_description":"Paco Pepe P\u00e9rez, explica a grandes rasgos el por qu\u00e9 de esta campa\u00f1a inspectorial.","og_url":"http:\/\/www.salesianos.edu\/revistasmx\/paco-pepe-perez-trabajar-juntos-por-los-jovenes\/","og_site_name":"Revista SMX","article_published_time":"2019-09-24T20:00:12+00:00","article_modified_time":"2019-10-01T07:47:47+00:00","og_image":[{"width":712,"height":507,"url":"https:\/\/www.salesianos.edu\/revistasmx\/wp-content\/uploads\/sites\/8\/2019\/09\/Captura-de-pantalla-2019-09-26-a-las-13.26.06.png","type":"image\/png"}],"author":"martapeirat","twitter_card":"summary_large_image","twitter_misc":{"Escrito por":"martapeirat","Tiempo de lectura":"1 minuto"},"schema":{"@context":"https:\/\/schema.org","@graph":[{"@type":"Article","@id":"http:\/\/www.salesianos.edu\/revistasmx\/paco-pepe-perez-trabajar-juntos-por-los-jovenes\/#article","isPartOf":{"@id":"http:\/\/www.salesianos.edu\/revistasmx\/paco-pepe-perez-trabajar-juntos-por-los-jovenes\/"},"author":{"name":"martapeirat","@id":"http:\/\/www.salesianos.edu\/revistasmx\/#\/schema\/person\/20a80be1bb4e0ed82068c57facf5b237"},"headline":"Paco Pepe P\u00e9rez: Trabajar juntos por los j\u00f3venes","datePublished":"2019-09-24T20:00:12+00:00","dateModified":"2019-10-01T07:47:47+00:00","mainEntityOfPage":{"@id":"http:\/\/www.salesianos.edu\/revistasmx\/paco-pepe-perez-trabajar-juntos-por-los-jovenes\/"},"wordCount":209,"commentCount":0,"image":{"@id":"http:\/\/www.salesianos.edu\/revistasmx\/paco-pepe-perez-trabajar-juntos-por-los-jovenes\/#primaryimage"},"thumbnailUrl":"http:\/\/www.salesianos.edu\/revistasmx\/wp-content\/uploads\/sites\/8\/2019\/09\/Captura-de-pantalla-2019-09-26-a-las-13.26.06.png","keywords":["smx50"],"articleSection":["EN CONFIANZA"],"inLanguage":"es","potentialAction":[{"@type":"CommentAction","name":"Comment","target":["http:\/\/www.salesianos.edu\/revistasmx\/paco-pepe-perez-trabajar-juntos-por-los-jovenes\/#respond"]}]},{"@type":"WebPage","@id":"http:\/\/www.salesianos.edu\/revistasmx\/paco-pepe-perez-trabajar-juntos-por-los-jovenes\/","url":"http:\/\/www.salesianos.edu\/revistasmx\/paco-pepe-perez-trabajar-juntos-por-los-jovenes\/","name":"Paco Pepe P\u00e9rez: Trabajar juntos por los j\u00f3venes - Revista SMX","isPartOf":{"@id":"http:\/\/www.salesianos.edu\/revistasmx\/#website"},"primaryImageOfPage":{"@id":"http:\/\/www.salesianos.edu\/revistasmx\/paco-pepe-perez-trabajar-juntos-por-los-jovenes\/#primaryimage"},"image":{"@id":"http:\/\/www.salesianos.edu\/revistasmx\/paco-pepe-perez-trabajar-juntos-por-los-jovenes\/#primaryimage"},"thumbnailUrl":"http:\/\/www.salesianos.edu\/revistasmx\/wp-content\/uploads\/sites\/8\/2019\/09\/Captura-de-pantalla-2019-09-26-a-las-13.26.06.png","datePublished":"2019-09-24T20:00:12+00:00","dateModified":"2019-10-01T07:47:47+00:00","author":{"@id":"http:\/\/www.salesianos.edu\/revistasmx\/#\/schema\/person\/20a80be1bb4e0ed82068c57facf5b237"},"breadcrumb":{"@id":"http:\/\/www.salesianos.edu\/revistasmx\/paco-pepe-perez-trabajar-juntos-por-los-jovenes\/#breadcrumb"},"inLanguage":"es","potentialAction":[{"@type":"ReadAction","target":["http:\/\/www.salesianos.edu\/revistasmx\/paco-pepe-perez-trabajar-juntos-por-los-jovenes\/"]}]},{"@type":"ImageObject","inLanguage":"es","@id":"http:\/\/www.salesianos.edu\/revistasmx\/paco-pepe-perez-trabajar-juntos-por-los-jovenes\/#primaryimage","url":"http:\/\/www.salesianos.edu\/revistasmx\/wp-content\/uploads\/sites\/8\/2019\/09\/Captura-de-pantalla-2019-09-26-a-las-13.26.06.png","contentUrl":"http:\/\/www.salesianos.edu\/revistasmx\/wp-content\/uploads\/sites\/8\/2019\/09\/Captura-de-pantalla-2019-09-26-a-las-13.26.06.png","width":712,"height":507},{"@type":"BreadcrumbList","@id":"http:\/\/www.salesianos.edu\/revistasmx\/paco-pepe-perez-trabajar-juntos-por-los-jovenes\/#breadcrumb","itemListElement":[{"@type":"ListItem","position":1,"name":"Portada","item":"https:\/\/www.salesianos.edu\/revistasmx\/"},{"@type":"ListItem","position":2,"name":"Paco Pepe P\u00e9rez: Trabajar juntos por los j\u00f3venes"}]},{"@type":"WebSite","@id":"http:\/\/www.salesianos.edu\/revistasmx\/#website","url":"http:\/\/www.salesianos.edu\/revistasmx\/","name":"Revista SMX","description":"P\u00e1gina oficial de Inspector\u00eda Salesiana Mar\u00eda Auxiliadora","potentialAction":[{"@type":"SearchAction","target":{"@type":"EntryPoint","urlTemplate":"http:\/\/www.salesianos.edu\/revistasmx\/?s={search_term_string}"},"query-input":{"@type":"PropertyValueSpecification","valueRequired":true,"valueName":"search_term_string"}}],"inLanguage":"es"},{"@type":"Person","@id":"http:\/\/www.salesianos.edu\/revistasmx\/#\/schema\/person\/20a80be1bb4e0ed82068c57facf5b237","name":"martapeirat","image":{"@type":"ImageObject","inLanguage":"es","@id":"https:\/\/secure.gravatar.com\/avatar\/1139b81b40ed1dde466563679597db378e7092bbfdd7ebb264c437fedde866d7?s=96&d=mm&r=g","url":"https:\/\/secure.gravatar.com\/avatar\/1139b81b40ed1dde466563679597db378e7092bbfdd7ebb264c437fedde866d7?s=96&d=mm&r=g","contentUrl":"https:\/\/secure.gravatar.com\/avatar\/1139b81b40ed1dde466563679597db378e7092bbfdd7ebb264c437fedde866d7?s=96&d=mm&r=g","caption":"martapeirat"}}]}},"_links":{"self":[{"href":"http:\/\/www.salesianos.edu\/revistasmx\/wp-json\/wp\/v2\/posts\/11941","targetHints":{"allow":["GET"]}}],"collection":[{"href":"http:\/\/www.salesianos.edu\/revistasmx\/wp-json\/wp\/v2\/posts"}],"about":[{"href":"http:\/\/www.salesianos.edu\/revistasmx\/wp-json\/wp\/v2\/types\/post"}],"author":[{"embeddable":true,"href":"http:\/\/www.salesianos.edu\/revistasmx\/wp-json\/wp\/v2\/users\/5"}],"replies":[{"embeddable":true,"href":"http:\/\/www.salesianos.edu\/revistasmx\/wp-json\/wp\/v2\/comments?post=11941"}],"version-history":[{"count":2,"href":"http:\/\/www.salesianos.edu\/revistasmx\/wp-json\/wp\/v2\/posts\/11941\/revisions"}],"predecessor-version":[{"id":12160,"href":"http:\/\/www.salesianos.edu\/revistasmx\/wp-json\/wp\/v2\/posts\/11941\/revisions\/12160"}],"wp:featuredmedia":[{"embeddable":true,"href":"http:\/\/www.salesianos.edu\/revistasmx\/wp-json\/wp\/v2\/media\/11942"}],"wp:attachment":[{"href":"http:\/\/www.salesianos.edu\/revistasmx\/wp-json\/wp\/v2\/media?parent=11941"}],"wp:term":[{"taxonomy":"category","embeddable":true,"href":"http:\/\/www.salesianos.edu\/revistasmx\/wp-json\/wp\/v2\/categories?post=11941"},{"taxonomy":"post_tag","embeddable":true,"href":"http:\/\/www.salesianos.edu\/revistasmx\/wp-json\/wp\/v2\/tags?post=11941"}],"curies":[{"name":"wp","href":"https:\/\/api.w.org\/{rel}","templated":true}]}}