{"id":11638,"date":"2019-05-24T22:00:12","date_gmt":"2019-05-24T20:00:12","guid":{"rendered":"http:\/\/www.salesianos.edu\/revistasmx\/?p=11638"},"modified":"2019-05-31T13:15:15","modified_gmt":"2019-05-31T11:15:15","slug":"fran-canovas-despres-del-curs-continuem-treballant","status":"publish","type":"post","link":"http:\/\/www.salesianos.edu\/revistasmx\/ca\/fran-canovas-despres-del-curs-continuem-treballant\/","title":{"rendered":"\u2018Despr\u00e9s del curs continuem treballant\u2019"},"content":{"rendered":"<div id=\"fb-root\"><\/div>\n<p>[et_pb_section bb_built=\u00bb1&#8243; inner_width=\u00bbauto\u00bb inner_max_width=\u00bbnone\u00bb][et_pb_row][et_pb_column type=\u00bb4_4&#8243;][et_pb_video _builder_version=\u00bb3.22.7&#8243; src=\u00bbhttps:\/\/youtu.be\/Jcu2A24a3rs\u00bb z_index_tablet=\u00bb500&#8243; \/][et_pb_text _builder_version=\u00bb3.22.7&#8243; text_text_shadow_horizontal_length=\u00bbtext_text_shadow_style,%91object Object%93&#8243; text_text_shadow_vertical_length=\u00bbtext_text_shadow_style,%91object Object%93&#8243; text_text_shadow_blur_strength=\u00bbtext_text_shadow_style,%91object Object%93&#8243; link_text_shadow_horizontal_length=\u00bblink_text_shadow_style,%91object Object%93&#8243; link_text_shadow_vertical_length=\u00bblink_text_shadow_style,%91object Object%93&#8243; link_text_shadow_blur_strength=\u00bblink_text_shadow_style,%91object Object%93&#8243; ul_text_shadow_horizontal_length=\u00bbul_text_shadow_style,%91object Object%93&#8243; ul_text_shadow_vertical_length=\u00bbul_text_shadow_style,%91object Object%93&#8243; ul_text_shadow_blur_strength=\u00bbul_text_shadow_style,%91object Object%93&#8243; ol_text_shadow_horizontal_length=\u00bbol_text_shadow_style,%91object Object%93&#8243; ol_text_shadow_vertical_length=\u00bbol_text_shadow_style,%91object Object%93&#8243; ol_text_shadow_blur_strength=\u00bbol_text_shadow_style,%91object Object%93&#8243; quote_text_shadow_horizontal_length=\u00bbquote_text_shadow_style,%91object Object%93&#8243; quote_text_shadow_vertical_length=\u00bbquote_text_shadow_style,%91object Object%93&#8243; quote_text_shadow_blur_strength=\u00bbquote_text_shadow_style,%91object Object%93&#8243; header_text_shadow_horizontal_length=\u00bbheader_text_shadow_style,%91object Object%93&#8243; header_text_shadow_vertical_length=\u00bbheader_text_shadow_style,%91object Object%93&#8243; header_text_shadow_blur_strength=\u00bbheader_text_shadow_style,%91object Object%93&#8243; header_2_text_shadow_horizontal_length=\u00bbheader_2_text_shadow_style,%91object Object%93&#8243; header_2_text_shadow_vertical_length=\u00bbheader_2_text_shadow_style,%91object Object%93&#8243; header_2_text_shadow_blur_strength=\u00bbheader_2_text_shadow_style,%91object Object%93&#8243; header_3_text_shadow_horizontal_length=\u00bbheader_3_text_shadow_style,%91object Object%93&#8243; header_3_text_shadow_vertical_length=\u00bbheader_3_text_shadow_style,%91object Object%93&#8243; header_3_text_shadow_blur_strength=\u00bbheader_3_text_shadow_style,%91object Object%93&#8243; header_4_text_shadow_horizontal_length=\u00bbheader_4_text_shadow_style,%91object Object%93&#8243; header_4_text_shadow_vertical_length=\u00bbheader_4_text_shadow_style,%91object Object%93&#8243; header_4_text_shadow_blur_strength=\u00bbheader_4_text_shadow_style,%91object Object%93&#8243; header_5_text_shadow_horizontal_length=\u00bbheader_5_text_shadow_style,%91object Object%93&#8243; header_5_text_shadow_vertical_length=\u00bbheader_5_text_shadow_style,%91object Object%93&#8243; header_5_text_shadow_blur_strength=\u00bbheader_5_text_shadow_style,%91object Object%93&#8243; header_6_text_shadow_horizontal_length=\u00bbheader_6_text_shadow_style,%91object Object%93&#8243; header_6_text_shadow_vertical_length=\u00bbheader_6_text_shadow_style,%91object Object%93&#8243; header_6_text_shadow_blur_strength=\u00bbheader_6_text_shadow_style,%91object Object%93&#8243; z_index_tablet=\u00bb500&#8243;]<\/p>\n<p>Amb la celebraci\u00f3 de les festes de Maria Auxiliadora en cada casa salesiana s&#8217;acosta l&#8217;estiu, despr\u00e9s del curs continuem treballant i ho fem d&#8217;una manera molt intensa posant aqueix fermall final a totes les activitats que s&#8217;han anat desenvolupant en els diferents ambients de cada casa salesiana al llarg del curs.<\/p>\n<p>Parlem de milers de xiquets, de xiquetes, adolescents i joves que participen en m\u00faltiples activitats com poden ser activitats d&#8217;estiu o campaments d&#8217;estiu que organitzen els centres juvenils els campaments que organitza l&#8217;itinerari d&#8217;educaci\u00f3 en la fe els grups de fe podem parlar tamb\u00e9 de la quantitat de joves que es formen durant l&#8217;estiu en aqueixes escoles d&#8217;animaci\u00f3 i de temps lliure o d&#8217;aquells que decideixen fer una experi\u00e8ncia de voluntariat tamb\u00e9 internacional amb la quantitat de joves que participen durant tot l&#8217;any en les plataformes socials i que continuen les seues activitats al llarg de l&#8217;estiu.<\/p>\n<p>Com deia, s\u00f3n milers els joves que participen d&#8217;aquestes activitats i molts tamb\u00e9 s\u00f3n els voluntaris que dediquen el seu temps, els seus esfor\u00e7os i el seu treball tamb\u00e9 a l&#8217;estiu als altres, per a ells la nostra salutaci\u00f3 i el nostre agra\u00efment.<\/p>\n<p style=\"text-align: left\"><em>Fran C\u00e1novas. Coordinador Inspectorial de Centres Juvenils.<\/em><\/p>\n<p>[\/et_pb_text][\/et_pb_column][\/et_pb_row][\/et_pb_section]<\/p>\n","protected":false},"excerpt":{"rendered":"<p>S\u00f3n milers els joves voluntaris que dediquen el seu temps, els seus esfor\u00e7os i el seu treball als altres<\/p>\n","protected":false},"author":5,"featured_media":11632,"comment_status":"open","ping_status":"closed","sticky":false,"template":"","format":"standard","meta":{"_et_pb_use_builder":"on","_et_pb_old_content":"<p>Amb la celebraci\u00f3 de les festes de Maria Auxiliadora en cada casa salesiana s'acosta l'estiu, despr\u00e9s del curs continuem treballant i ho fem d'una manera molt intensa posant aqueix fermall final a totes les activitats que s'han anat desenvolupant en els diferents ambients de cada casa salesiana al llarg del curs.<\/p><p>Parlem de milers de xiquets, de xiquetes, adolescents i joves que participen en m\u00faltiples activitats com poden ser activitats d'estiu o campaments d'estiu que organitzen els centres juvenils els campaments que organitza l'itinerari d'educaci\u00f3 en la fe els grups de fe podem parlar tamb\u00e9 de la quantitat de joves que es formen durant l'estiu en aqueixes escoles d'animaci\u00f3 i de temps lliure o d'aquells que decideixen fer una experi\u00e8ncia de voluntariat tamb\u00e9 internacional amb la quantitat de joves que participen durant tot l'any en les plataformes socials i que continuen les seues activitats al llarg de l'estiu.<\/p><p>Com deia, s\u00f3n milers els joves que participen d'aquestes activitats i molts tamb\u00e9 s\u00f3n els voluntaris que dediquen el seu temps, els seus esfor\u00e7os i el seu treball tamb\u00e9 a l'estiu als altres, per a ells la nostra salutaci\u00f3 i el nostre agra\u00efment.<\/p><p style=\"text-align: left;\"><em>Fran C\u00e1novas<\/em><\/p>","_et_gb_content_width":"","footnotes":""},"categories":[49],"tags":[],"class_list":["post-11638","post","type-post","status-publish","format-standard","has-post-thumbnail","hentry","category-en-confianca"],"yoast_head":"<!-- This site is optimized with the Yoast SEO plugin v27.5 - https:\/\/yoast.com\/product\/yoast-seo-wordpress\/ -->\n<title>\u2018Despr\u00e9s del curs continuem treballant\u2019 - Revista SMX<\/title>\n<meta name=\"robots\" content=\"index, follow, max-snippet:-1, max-image-preview:large, max-video-preview:-1\" \/>\n<link rel=\"canonical\" href=\"http:\/\/www.salesianos.edu\/revistasmx\/ca\/fran-canovas-despres-del-curs-continuem-treballant\/\" \/>\n<meta property=\"og:locale\" content=\"es_ES\" \/>\n<meta property=\"og:type\" content=\"article\" \/>\n<meta property=\"og:title\" content=\"\u2018Despr\u00e9s del curs continuem treballant\u2019 - Revista SMX\" \/>\n<meta property=\"og:description\" content=\"S\u00f3n milers els joves voluntaris que dediquen el seu temps, els seus esfor\u00e7os i el seu treball als altres\" \/>\n<meta property=\"og:url\" content=\"http:\/\/www.salesianos.edu\/revistasmx\/ca\/fran-canovas-despres-del-curs-continuem-treballant\/\" \/>\n<meta property=\"og:site_name\" content=\"Revista SMX\" \/>\n<meta property=\"article:published_time\" content=\"2019-05-24T20:00:12+00:00\" \/>\n<meta property=\"article:modified_time\" content=\"2019-05-31T11:15:15+00:00\" \/>\n<meta property=\"og:image\" content=\"https:\/\/www.salesianos.edu\/revistasmx\/wp-content\/uploads\/sites\/8\/2019\/05\/Captura-de-pantalla-2019-05-28-a-las-13.54.53.png\" \/>\n\t<meta property=\"og:image:width\" content=\"965\" \/>\n\t<meta property=\"og:image:height\" content=\"659\" \/>\n\t<meta property=\"og:image:type\" content=\"image\/png\" \/>\n<meta name=\"author\" content=\"martapeirat\" \/>\n<meta name=\"twitter:card\" content=\"summary_large_image\" \/>\n<meta name=\"twitter:label1\" content=\"Escrito por\" \/>\n\t<meta name=\"twitter:data1\" content=\"martapeirat\" \/>\n\t<meta name=\"twitter:label2\" content=\"Tiempo de lectura\" \/>\n\t<meta name=\"twitter:data2\" content=\"3 minutos\" \/>\n<script type=\"application\/ld+json\" class=\"yoast-schema-graph\">{\"@context\":\"https:\\\/\\\/schema.org\",\"@graph\":[{\"@type\":\"Article\",\"@id\":\"http:\\\/\\\/www.salesianos.edu\\\/revistasmx\\\/ca\\\/fran-canovas-despres-del-curs-continuem-treballant\\\/#article\",\"isPartOf\":{\"@id\":\"http:\\\/\\\/www.salesianos.edu\\\/revistasmx\\\/ca\\\/fran-canovas-despres-del-curs-continuem-treballant\\\/\"},\"author\":{\"name\":\"martapeirat\",\"@id\":\"http:\\\/\\\/www.salesianos.edu\\\/revistasmx\\\/#\\\/schema\\\/person\\\/20a80be1bb4e0ed82068c57facf5b237\"},\"headline\":\"\u2018Despr\u00e9s del curs continuem treballant\u2019\",\"datePublished\":\"2019-05-24T20:00:12+00:00\",\"dateModified\":\"2019-05-31T11:15:15+00:00\",\"mainEntityOfPage\":{\"@id\":\"http:\\\/\\\/www.salesianos.edu\\\/revistasmx\\\/ca\\\/fran-canovas-despres-del-curs-continuem-treballant\\\/\"},\"wordCount\":645,\"commentCount\":0,\"image\":{\"@id\":\"http:\\\/\\\/www.salesianos.edu\\\/revistasmx\\\/ca\\\/fran-canovas-despres-del-curs-continuem-treballant\\\/#primaryimage\"},\"thumbnailUrl\":\"http:\\\/\\\/www.salesianos.edu\\\/revistasmx\\\/wp-content\\\/uploads\\\/sites\\\/8\\\/2019\\\/05\\\/Captura-de-pantalla-2019-05-28-a-las-13.54.53.png\",\"articleSection\":[\"EN CONFIAN\u00c7A\"],\"inLanguage\":\"es\",\"potentialAction\":[{\"@type\":\"CommentAction\",\"name\":\"Comment\",\"target\":[\"http:\\\/\\\/www.salesianos.edu\\\/revistasmx\\\/ca\\\/fran-canovas-despres-del-curs-continuem-treballant\\\/#respond\"]}]},{\"@type\":\"WebPage\",\"@id\":\"http:\\\/\\\/www.salesianos.edu\\\/revistasmx\\\/ca\\\/fran-canovas-despres-del-curs-continuem-treballant\\\/\",\"url\":\"http:\\\/\\\/www.salesianos.edu\\\/revistasmx\\\/ca\\\/fran-canovas-despres-del-curs-continuem-treballant\\\/\",\"name\":\"\u2018Despr\u00e9s del curs continuem treballant\u2019 - Revista SMX\",\"isPartOf\":{\"@id\":\"http:\\\/\\\/www.salesianos.edu\\\/revistasmx\\\/#website\"},\"primaryImageOfPage\":{\"@id\":\"http:\\\/\\\/www.salesianos.edu\\\/revistasmx\\\/ca\\\/fran-canovas-despres-del-curs-continuem-treballant\\\/#primaryimage\"},\"image\":{\"@id\":\"http:\\\/\\\/www.salesianos.edu\\\/revistasmx\\\/ca\\\/fran-canovas-despres-del-curs-continuem-treballant\\\/#primaryimage\"},\"thumbnailUrl\":\"http:\\\/\\\/www.salesianos.edu\\\/revistasmx\\\/wp-content\\\/uploads\\\/sites\\\/8\\\/2019\\\/05\\\/Captura-de-pantalla-2019-05-28-a-las-13.54.53.png\",\"datePublished\":\"2019-05-24T20:00:12+00:00\",\"dateModified\":\"2019-05-31T11:15:15+00:00\",\"author\":{\"@id\":\"http:\\\/\\\/www.salesianos.edu\\\/revistasmx\\\/#\\\/schema\\\/person\\\/20a80be1bb4e0ed82068c57facf5b237\"},\"breadcrumb\":{\"@id\":\"http:\\\/\\\/www.salesianos.edu\\\/revistasmx\\\/ca\\\/fran-canovas-despres-del-curs-continuem-treballant\\\/#breadcrumb\"},\"inLanguage\":\"es\",\"potentialAction\":[{\"@type\":\"ReadAction\",\"target\":[\"http:\\\/\\\/www.salesianos.edu\\\/revistasmx\\\/ca\\\/fran-canovas-despres-del-curs-continuem-treballant\\\/\"]}]},{\"@type\":\"ImageObject\",\"inLanguage\":\"es\",\"@id\":\"http:\\\/\\\/www.salesianos.edu\\\/revistasmx\\\/ca\\\/fran-canovas-despres-del-curs-continuem-treballant\\\/#primaryimage\",\"url\":\"http:\\\/\\\/www.salesianos.edu\\\/revistasmx\\\/wp-content\\\/uploads\\\/sites\\\/8\\\/2019\\\/05\\\/Captura-de-pantalla-2019-05-28-a-las-13.54.53.png\",\"contentUrl\":\"http:\\\/\\\/www.salesianos.edu\\\/revistasmx\\\/wp-content\\\/uploads\\\/sites\\\/8\\\/2019\\\/05\\\/Captura-de-pantalla-2019-05-28-a-las-13.54.53.png\",\"width\":965,\"height\":659},{\"@type\":\"BreadcrumbList\",\"@id\":\"http:\\\/\\\/www.salesianos.edu\\\/revistasmx\\\/ca\\\/fran-canovas-despres-del-curs-continuem-treballant\\\/#breadcrumb\",\"itemListElement\":[{\"@type\":\"ListItem\",\"position\":1,\"name\":\"Portada\",\"item\":\"https:\\\/\\\/www.salesianos.edu\\\/revistasmx\\\/\"},{\"@type\":\"ListItem\",\"position\":2,\"name\":\"\u2018Despr\u00e9s del curs continuem treballant\u2019\"}]},{\"@type\":\"WebSite\",\"@id\":\"http:\\\/\\\/www.salesianos.edu\\\/revistasmx\\\/#website\",\"url\":\"http:\\\/\\\/www.salesianos.edu\\\/revistasmx\\\/\",\"name\":\"Revista SMX\",\"description\":\"P\u00e1gina oficial de Inspector\u00eda Salesiana Mar\u00eda Auxiliadora\",\"potentialAction\":[{\"@type\":\"SearchAction\",\"target\":{\"@type\":\"EntryPoint\",\"urlTemplate\":\"http:\\\/\\\/www.salesianos.edu\\\/revistasmx\\\/?s={search_term_string}\"},\"query-input\":{\"@type\":\"PropertyValueSpecification\",\"valueRequired\":true,\"valueName\":\"search_term_string\"}}],\"inLanguage\":\"es\"},{\"@type\":\"Person\",\"@id\":\"http:\\\/\\\/www.salesianos.edu\\\/revistasmx\\\/#\\\/schema\\\/person\\\/20a80be1bb4e0ed82068c57facf5b237\",\"name\":\"martapeirat\",\"image\":{\"@type\":\"ImageObject\",\"inLanguage\":\"es\",\"@id\":\"https:\\\/\\\/secure.gravatar.com\\\/avatar\\\/1139b81b40ed1dde466563679597db378e7092bbfdd7ebb264c437fedde866d7?s=96&d=mm&r=g\",\"url\":\"https:\\\/\\\/secure.gravatar.com\\\/avatar\\\/1139b81b40ed1dde466563679597db378e7092bbfdd7ebb264c437fedde866d7?s=96&d=mm&r=g\",\"contentUrl\":\"https:\\\/\\\/secure.gravatar.com\\\/avatar\\\/1139b81b40ed1dde466563679597db378e7092bbfdd7ebb264c437fedde866d7?s=96&d=mm&r=g\",\"caption\":\"martapeirat\"}}]}<\/script>\n<!-- \/ Yoast SEO plugin. -->","yoast_head_json":{"title":"\u2018Despr\u00e9s del curs continuem treballant\u2019 - Revista SMX","robots":{"index":"index","follow":"follow","max-snippet":"max-snippet:-1","max-image-preview":"max-image-preview:large","max-video-preview":"max-video-preview:-1"},"canonical":"http:\/\/www.salesianos.edu\/revistasmx\/ca\/fran-canovas-despres-del-curs-continuem-treballant\/","og_locale":"es_ES","og_type":"article","og_title":"\u2018Despr\u00e9s del curs continuem treballant\u2019 - Revista SMX","og_description":"S\u00f3n milers els joves voluntaris que dediquen el seu temps, els seus esfor\u00e7os i el seu treball als altres","og_url":"http:\/\/www.salesianos.edu\/revistasmx\/ca\/fran-canovas-despres-del-curs-continuem-treballant\/","og_site_name":"Revista SMX","article_published_time":"2019-05-24T20:00:12+00:00","article_modified_time":"2019-05-31T11:15:15+00:00","og_image":[{"width":965,"height":659,"url":"https:\/\/www.salesianos.edu\/revistasmx\/wp-content\/uploads\/sites\/8\/2019\/05\/Captura-de-pantalla-2019-05-28-a-las-13.54.53.png","type":"image\/png"}],"author":"martapeirat","twitter_card":"summary_large_image","twitter_misc":{"Escrito por":"martapeirat","Tiempo de lectura":"3 minutos"},"schema":{"@context":"https:\/\/schema.org","@graph":[{"@type":"Article","@id":"http:\/\/www.salesianos.edu\/revistasmx\/ca\/fran-canovas-despres-del-curs-continuem-treballant\/#article","isPartOf":{"@id":"http:\/\/www.salesianos.edu\/revistasmx\/ca\/fran-canovas-despres-del-curs-continuem-treballant\/"},"author":{"name":"martapeirat","@id":"http:\/\/www.salesianos.edu\/revistasmx\/#\/schema\/person\/20a80be1bb4e0ed82068c57facf5b237"},"headline":"\u2018Despr\u00e9s del curs continuem treballant\u2019","datePublished":"2019-05-24T20:00:12+00:00","dateModified":"2019-05-31T11:15:15+00:00","mainEntityOfPage":{"@id":"http:\/\/www.salesianos.edu\/revistasmx\/ca\/fran-canovas-despres-del-curs-continuem-treballant\/"},"wordCount":645,"commentCount":0,"image":{"@id":"http:\/\/www.salesianos.edu\/revistasmx\/ca\/fran-canovas-despres-del-curs-continuem-treballant\/#primaryimage"},"thumbnailUrl":"http:\/\/www.salesianos.edu\/revistasmx\/wp-content\/uploads\/sites\/8\/2019\/05\/Captura-de-pantalla-2019-05-28-a-las-13.54.53.png","articleSection":["EN CONFIAN\u00c7A"],"inLanguage":"es","potentialAction":[{"@type":"CommentAction","name":"Comment","target":["http:\/\/www.salesianos.edu\/revistasmx\/ca\/fran-canovas-despres-del-curs-continuem-treballant\/#respond"]}]},{"@type":"WebPage","@id":"http:\/\/www.salesianos.edu\/revistasmx\/ca\/fran-canovas-despres-del-curs-continuem-treballant\/","url":"http:\/\/www.salesianos.edu\/revistasmx\/ca\/fran-canovas-despres-del-curs-continuem-treballant\/","name":"\u2018Despr\u00e9s del curs continuem treballant\u2019 - Revista SMX","isPartOf":{"@id":"http:\/\/www.salesianos.edu\/revistasmx\/#website"},"primaryImageOfPage":{"@id":"http:\/\/www.salesianos.edu\/revistasmx\/ca\/fran-canovas-despres-del-curs-continuem-treballant\/#primaryimage"},"image":{"@id":"http:\/\/www.salesianos.edu\/revistasmx\/ca\/fran-canovas-despres-del-curs-continuem-treballant\/#primaryimage"},"thumbnailUrl":"http:\/\/www.salesianos.edu\/revistasmx\/wp-content\/uploads\/sites\/8\/2019\/05\/Captura-de-pantalla-2019-05-28-a-las-13.54.53.png","datePublished":"2019-05-24T20:00:12+00:00","dateModified":"2019-05-31T11:15:15+00:00","author":{"@id":"http:\/\/www.salesianos.edu\/revistasmx\/#\/schema\/person\/20a80be1bb4e0ed82068c57facf5b237"},"breadcrumb":{"@id":"http:\/\/www.salesianos.edu\/revistasmx\/ca\/fran-canovas-despres-del-curs-continuem-treballant\/#breadcrumb"},"inLanguage":"es","potentialAction":[{"@type":"ReadAction","target":["http:\/\/www.salesianos.edu\/revistasmx\/ca\/fran-canovas-despres-del-curs-continuem-treballant\/"]}]},{"@type":"ImageObject","inLanguage":"es","@id":"http:\/\/www.salesianos.edu\/revistasmx\/ca\/fran-canovas-despres-del-curs-continuem-treballant\/#primaryimage","url":"http:\/\/www.salesianos.edu\/revistasmx\/wp-content\/uploads\/sites\/8\/2019\/05\/Captura-de-pantalla-2019-05-28-a-las-13.54.53.png","contentUrl":"http:\/\/www.salesianos.edu\/revistasmx\/wp-content\/uploads\/sites\/8\/2019\/05\/Captura-de-pantalla-2019-05-28-a-las-13.54.53.png","width":965,"height":659},{"@type":"BreadcrumbList","@id":"http:\/\/www.salesianos.edu\/revistasmx\/ca\/fran-canovas-despres-del-curs-continuem-treballant\/#breadcrumb","itemListElement":[{"@type":"ListItem","position":1,"name":"Portada","item":"https:\/\/www.salesianos.edu\/revistasmx\/"},{"@type":"ListItem","position":2,"name":"\u2018Despr\u00e9s del curs continuem treballant\u2019"}]},{"@type":"WebSite","@id":"http:\/\/www.salesianos.edu\/revistasmx\/#website","url":"http:\/\/www.salesianos.edu\/revistasmx\/","name":"Revista SMX","description":"P\u00e1gina oficial de Inspector\u00eda Salesiana Mar\u00eda Auxiliadora","potentialAction":[{"@type":"SearchAction","target":{"@type":"EntryPoint","urlTemplate":"http:\/\/www.salesianos.edu\/revistasmx\/?s={search_term_string}"},"query-input":{"@type":"PropertyValueSpecification","valueRequired":true,"valueName":"search_term_string"}}],"inLanguage":"es"},{"@type":"Person","@id":"http:\/\/www.salesianos.edu\/revistasmx\/#\/schema\/person\/20a80be1bb4e0ed82068c57facf5b237","name":"martapeirat","image":{"@type":"ImageObject","inLanguage":"es","@id":"https:\/\/secure.gravatar.com\/avatar\/1139b81b40ed1dde466563679597db378e7092bbfdd7ebb264c437fedde866d7?s=96&d=mm&r=g","url":"https:\/\/secure.gravatar.com\/avatar\/1139b81b40ed1dde466563679597db378e7092bbfdd7ebb264c437fedde866d7?s=96&d=mm&r=g","contentUrl":"https:\/\/secure.gravatar.com\/avatar\/1139b81b40ed1dde466563679597db378e7092bbfdd7ebb264c437fedde866d7?s=96&d=mm&r=g","caption":"martapeirat"}}]}},"_links":{"self":[{"href":"http:\/\/www.salesianos.edu\/revistasmx\/wp-json\/wp\/v2\/posts\/11638","targetHints":{"allow":["GET"]}}],"collection":[{"href":"http:\/\/www.salesianos.edu\/revistasmx\/wp-json\/wp\/v2\/posts"}],"about":[{"href":"http:\/\/www.salesianos.edu\/revistasmx\/wp-json\/wp\/v2\/types\/post"}],"author":[{"embeddable":true,"href":"http:\/\/www.salesianos.edu\/revistasmx\/wp-json\/wp\/v2\/users\/5"}],"replies":[{"embeddable":true,"href":"http:\/\/www.salesianos.edu\/revistasmx\/wp-json\/wp\/v2\/comments?post=11638"}],"version-history":[{"count":6,"href":"http:\/\/www.salesianos.edu\/revistasmx\/wp-json\/wp\/v2\/posts\/11638\/revisions"}],"predecessor-version":[{"id":11740,"href":"http:\/\/www.salesianos.edu\/revistasmx\/wp-json\/wp\/v2\/posts\/11638\/revisions\/11740"}],"wp:featuredmedia":[{"embeddable":true,"href":"http:\/\/www.salesianos.edu\/revistasmx\/wp-json\/wp\/v2\/media\/11632"}],"wp:attachment":[{"href":"http:\/\/www.salesianos.edu\/revistasmx\/wp-json\/wp\/v2\/media?parent=11638"}],"wp:term":[{"taxonomy":"category","embeddable":true,"href":"http:\/\/www.salesianos.edu\/revistasmx\/wp-json\/wp\/v2\/categories?post=11638"},{"taxonomy":"post_tag","embeddable":true,"href":"http:\/\/www.salesianos.edu\/revistasmx\/wp-json\/wp\/v2\/tags?post=11638"}],"curies":[{"name":"wp","href":"https:\/\/api.w.org\/{rel}","templated":true}]}}