{"id":11636,"date":"2019-05-24T22:00:07","date_gmt":"2019-05-24T20:00:07","guid":{"rendered":"http:\/\/www.salesianos.edu\/revistasmx\/?p=11636"},"modified":"2019-05-31T13:15:47","modified_gmt":"2019-05-31T11:15:47","slug":"despues-del-curso-continuamos-trabajando-miles-de-ninos-y-jovenes-participan-en-actividades-de-verano","status":"publish","type":"post","link":"http:\/\/www.salesianos.edu\/revistasmx\/despues-del-curso-continuamos-trabajando-miles-de-ninos-y-jovenes-participan-en-actividades-de-verano\/","title":{"rendered":"\u2018Despu\u00e9s del curso continuamos trabajando\u2019"},"content":{"rendered":"<div id=\"fb-root\"><\/div>\n<p>[et_pb_section bb_built=\u00bb1&#8243; inner_width=\u00bbauto\u00bb inner_max_width=\u00bbnone\u00bb][et_pb_row][et_pb_column type=\u00bb4_4&#8243;][et_pb_video _builder_version=\u00bb3.22.7&#8243; src=\u00bbhttps:\/\/youtu.be\/Jcu2A24a3rs\u00bb z_index_tablet=\u00bb500&#8243; \/][et_pb_text _builder_version=\u00bb3.22.7&#8243; text_text_shadow_horizontal_length=\u00bbtext_text_shadow_style,%91object Object%93&#8243; text_text_shadow_vertical_length=\u00bbtext_text_shadow_style,%91object Object%93&#8243; text_text_shadow_blur_strength=\u00bbtext_text_shadow_style,%91object Object%93&#8243; link_text_shadow_horizontal_length=\u00bblink_text_shadow_style,%91object Object%93&#8243; link_text_shadow_vertical_length=\u00bblink_text_shadow_style,%91object Object%93&#8243; link_text_shadow_blur_strength=\u00bblink_text_shadow_style,%91object Object%93&#8243; ul_text_shadow_horizontal_length=\u00bbul_text_shadow_style,%91object Object%93&#8243; ul_text_shadow_vertical_length=\u00bbul_text_shadow_style,%91object Object%93&#8243; ul_text_shadow_blur_strength=\u00bbul_text_shadow_style,%91object Object%93&#8243; ol_text_shadow_horizontal_length=\u00bbol_text_shadow_style,%91object Object%93&#8243; ol_text_shadow_vertical_length=\u00bbol_text_shadow_style,%91object Object%93&#8243; ol_text_shadow_blur_strength=\u00bbol_text_shadow_style,%91object Object%93&#8243; quote_text_shadow_horizontal_length=\u00bbquote_text_shadow_style,%91object Object%93&#8243; quote_text_shadow_vertical_length=\u00bbquote_text_shadow_style,%91object Object%93&#8243; quote_text_shadow_blur_strength=\u00bbquote_text_shadow_style,%91object Object%93&#8243; header_text_shadow_horizontal_length=\u00bbheader_text_shadow_style,%91object Object%93&#8243; header_text_shadow_vertical_length=\u00bbheader_text_shadow_style,%91object Object%93&#8243; header_text_shadow_blur_strength=\u00bbheader_text_shadow_style,%91object Object%93&#8243; header_2_text_shadow_horizontal_length=\u00bbheader_2_text_shadow_style,%91object Object%93&#8243; header_2_text_shadow_vertical_length=\u00bbheader_2_text_shadow_style,%91object Object%93&#8243; header_2_text_shadow_blur_strength=\u00bbheader_2_text_shadow_style,%91object Object%93&#8243; header_3_text_shadow_horizontal_length=\u00bbheader_3_text_shadow_style,%91object Object%93&#8243; header_3_text_shadow_vertical_length=\u00bbheader_3_text_shadow_style,%91object Object%93&#8243; header_3_text_shadow_blur_strength=\u00bbheader_3_text_shadow_style,%91object Object%93&#8243; header_4_text_shadow_horizontal_length=\u00bbheader_4_text_shadow_style,%91object Object%93&#8243; header_4_text_shadow_vertical_length=\u00bbheader_4_text_shadow_style,%91object Object%93&#8243; header_4_text_shadow_blur_strength=\u00bbheader_4_text_shadow_style,%91object Object%93&#8243; header_5_text_shadow_horizontal_length=\u00bbheader_5_text_shadow_style,%91object Object%93&#8243; header_5_text_shadow_vertical_length=\u00bbheader_5_text_shadow_style,%91object Object%93&#8243; header_5_text_shadow_blur_strength=\u00bbheader_5_text_shadow_style,%91object Object%93&#8243; header_6_text_shadow_horizontal_length=\u00bbheader_6_text_shadow_style,%91object Object%93&#8243; header_6_text_shadow_vertical_length=\u00bbheader_6_text_shadow_style,%91object Object%93&#8243; header_6_text_shadow_blur_strength=\u00bbheader_6_text_shadow_style,%91object Object%93&#8243; z_index_tablet=\u00bb500&#8243;]<\/p>\n<p>Con la celebraci\u00f3n de las fiestas de Mar\u00eda Auxiliadora en cada casa salesiana se acerca el verano, despu\u00e9s del curso continuamos trabajando y lo hacemos de una manera muy intensa poniendo ese broche final a todas las actividades que se han ido desarrollando en los distintos ambientes de cada casa salesiana a lo largo del curso.<\/p>\n<p>Hablamos de miles de ni\u00f1os, de ni\u00f1as, adolescentes y j\u00f3venes que participan en m\u00faltiples actividades como pueden ser actividades de verano o campamentos de verano que organizan los centros juveniles los campamentos que organiza el itinerario de educaci\u00f3n en la fe los grupos de fe podemos hablar tambi\u00e9n de la cantidad de j\u00f3venes que se forman durante el verano en esas escuelas de animaci\u00f3n y de tiempo libre o de aquellos que deciden hacer una experiencia de voluntariado tambi\u00e9n internacional con la cantidad de j\u00f3venes que participan durante todo el a\u00f1o en las plataformas sociales y que contin\u00faan sus actividades a lo largo del verano.<\/p>\n<p>Como dec\u00eda, son miles los j\u00f3venes que participan de estas actividades y muchos tambi\u00e9n son los voluntarios que dedican su tiempo, sus esfuerzos y su trabajo tambi\u00e9n en verano a los dem\u00e1s, para ellos nuestro saludo y nuestro agradecimiento.<\/p>\n<p><em>Fran C\u00e1novas. Coordinador Inspectorial de Centros Juveniles<\/em><\/p>\n<p>[\/et_pb_text][\/et_pb_column][\/et_pb_row][\/et_pb_section]<\/p>\n","protected":false},"excerpt":{"rendered":"<p>Son miles voluntarios que dedican su tiempo, sus esfuerzos y su trabajo tambi\u00e9n en verano a los dem\u00e1s<\/p>\n","protected":false},"author":5,"featured_media":11632,"comment_status":"open","ping_status":"closed","sticky":false,"template":"","format":"standard","meta":{"_et_pb_use_builder":"on","_et_pb_old_content":"<p>Con la celebraci\u00f3n de las fiestas de Mar\u00eda Auxiliadora en cada casa salesiana se acerca el verano, despu\u00e9s del curso continuamos trabajando y lo hacemos de una manera muy intensa poniendo ese broche final a todas las actividades que se han ido desarrollando en los distintos ambientes de cada casa salesiana a lo largo del curso.<\/p><p>Hablamos de miles de ni\u00f1os, de ni\u00f1as, adolescentes y j\u00f3venes que participan en m\u00faltiples actividades como pueden ser actividades de verano o campamentos de verano que organizan los centros juveniles los campamentos que organiza el itinerario de educaci\u00f3n en la fe los grupos de fe podemos hablar tambi\u00e9n de la cantidad de j\u00f3venes que se forman durante el verano en esas escuelas de animaci\u00f3n y de tiempo libre o de aquellos que deciden hacer una experiencia de voluntariado tambi\u00e9n internacional con la cantidad de j\u00f3venes que participan durante todo el a\u00f1o en las plataformas sociales y que contin\u00faan sus actividades a lo largo del verano.<\/p><p>Como dec\u00eda, son miles los j\u00f3venes que participan de estas actividades y muchos tambi\u00e9n son los voluntarios que dedican su tiempo, sus esfuerzos y su trabajo tambi\u00e9n en verano a los dem\u00e1s, para ellos nuestro saludo y nuestro agradecimiento.<\/p><p><em>Fran C\u00e1novas<\/em><\/p>","_et_gb_content_width":"","footnotes":""},"categories":[32],"tags":[],"class_list":["post-11636","post","type-post","status-publish","format-standard","has-post-thumbnail","hentry","category-en-confianza"],"yoast_head":"<!-- This site is optimized with the Yoast SEO plugin v27.5 - https:\/\/yoast.com\/product\/yoast-seo-wordpress\/ -->\n<title>\u2018Despu\u00e9s del curso continuamos trabajando\u2019 - Revista SMX<\/title>\n<meta name=\"robots\" content=\"index, follow, max-snippet:-1, max-image-preview:large, max-video-preview:-1\" \/>\n<link rel=\"canonical\" href=\"http:\/\/www.salesianos.edu\/revistasmx\/despues-del-curso-continuamos-trabajando-miles-de-ninos-y-jovenes-participan-en-actividades-de-verano\/\" \/>\n<meta property=\"og:locale\" content=\"es_ES\" \/>\n<meta property=\"og:type\" content=\"article\" \/>\n<meta property=\"og:title\" content=\"\u2018Despu\u00e9s del curso continuamos trabajando\u2019 - Revista SMX\" \/>\n<meta property=\"og:description\" content=\"Son miles voluntarios que dedican su tiempo, sus esfuerzos y su trabajo tambi\u00e9n en verano a los dem\u00e1s\" \/>\n<meta property=\"og:url\" content=\"http:\/\/www.salesianos.edu\/revistasmx\/despues-del-curso-continuamos-trabajando-miles-de-ninos-y-jovenes-participan-en-actividades-de-verano\/\" \/>\n<meta property=\"og:site_name\" content=\"Revista SMX\" \/>\n<meta property=\"article:published_time\" content=\"2019-05-24T20:00:07+00:00\" \/>\n<meta property=\"article:modified_time\" content=\"2019-05-31T11:15:47+00:00\" \/>\n<meta property=\"og:image\" content=\"http:\/\/www.salesianos.edu\/revistasmx\/wp-content\/uploads\/sites\/8\/2019\/05\/Captura-de-pantalla-2019-05-28-a-las-13.54.53.png\" \/>\n\t<meta property=\"og:image:width\" content=\"965\" \/>\n\t<meta property=\"og:image:height\" content=\"659\" \/>\n\t<meta property=\"og:image:type\" content=\"image\/png\" \/>\n<meta name=\"author\" content=\"martapeirat\" \/>\n<meta name=\"twitter:card\" content=\"summary_large_image\" \/>\n<meta name=\"twitter:label1\" content=\"Escrito por\" \/>\n\t<meta name=\"twitter:data1\" content=\"martapeirat\" \/>\n\t<meta name=\"twitter:label2\" content=\"Tiempo de lectura\" \/>\n\t<meta name=\"twitter:data2\" content=\"3 minutos\" \/>\n<script type=\"application\/ld+json\" class=\"yoast-schema-graph\">{\"@context\":\"https:\\\/\\\/schema.org\",\"@graph\":[{\"@type\":\"Article\",\"@id\":\"http:\\\/\\\/www.salesianos.edu\\\/revistasmx\\\/despues-del-curso-continuamos-trabajando-miles-de-ninos-y-jovenes-participan-en-actividades-de-verano\\\/#article\",\"isPartOf\":{\"@id\":\"http:\\\/\\\/www.salesianos.edu\\\/revistasmx\\\/despues-del-curso-continuamos-trabajando-miles-de-ninos-y-jovenes-participan-en-actividades-de-verano\\\/\"},\"author\":{\"name\":\"martapeirat\",\"@id\":\"http:\\\/\\\/www.salesianos.edu\\\/revistasmx\\\/#\\\/schema\\\/person\\\/20a80be1bb4e0ed82068c57facf5b237\"},\"headline\":\"\u2018Despu\u00e9s del curso continuamos trabajando\u2019\",\"datePublished\":\"2019-05-24T20:00:07+00:00\",\"dateModified\":\"2019-05-31T11:15:47+00:00\",\"mainEntityOfPage\":{\"@id\":\"http:\\\/\\\/www.salesianos.edu\\\/revistasmx\\\/despues-del-curso-continuamos-trabajando-miles-de-ninos-y-jovenes-participan-en-actividades-de-verano\\\/\"},\"wordCount\":652,\"commentCount\":0,\"image\":{\"@id\":\"http:\\\/\\\/www.salesianos.edu\\\/revistasmx\\\/despues-del-curso-continuamos-trabajando-miles-de-ninos-y-jovenes-participan-en-actividades-de-verano\\\/#primaryimage\"},\"thumbnailUrl\":\"http:\\\/\\\/www.salesianos.edu\\\/revistasmx\\\/wp-content\\\/uploads\\\/sites\\\/8\\\/2019\\\/05\\\/Captura-de-pantalla-2019-05-28-a-las-13.54.53.png\",\"articleSection\":[\"EN CONFIANZA\"],\"inLanguage\":\"es\",\"potentialAction\":[{\"@type\":\"CommentAction\",\"name\":\"Comment\",\"target\":[\"http:\\\/\\\/www.salesianos.edu\\\/revistasmx\\\/despues-del-curso-continuamos-trabajando-miles-de-ninos-y-jovenes-participan-en-actividades-de-verano\\\/#respond\"]}]},{\"@type\":\"WebPage\",\"@id\":\"http:\\\/\\\/www.salesianos.edu\\\/revistasmx\\\/despues-del-curso-continuamos-trabajando-miles-de-ninos-y-jovenes-participan-en-actividades-de-verano\\\/\",\"url\":\"http:\\\/\\\/www.salesianos.edu\\\/revistasmx\\\/despues-del-curso-continuamos-trabajando-miles-de-ninos-y-jovenes-participan-en-actividades-de-verano\\\/\",\"name\":\"\u2018Despu\u00e9s del curso continuamos trabajando\u2019 - Revista SMX\",\"isPartOf\":{\"@id\":\"http:\\\/\\\/www.salesianos.edu\\\/revistasmx\\\/#website\"},\"primaryImageOfPage\":{\"@id\":\"http:\\\/\\\/www.salesianos.edu\\\/revistasmx\\\/despues-del-curso-continuamos-trabajando-miles-de-ninos-y-jovenes-participan-en-actividades-de-verano\\\/#primaryimage\"},\"image\":{\"@id\":\"http:\\\/\\\/www.salesianos.edu\\\/revistasmx\\\/despues-del-curso-continuamos-trabajando-miles-de-ninos-y-jovenes-participan-en-actividades-de-verano\\\/#primaryimage\"},\"thumbnailUrl\":\"http:\\\/\\\/www.salesianos.edu\\\/revistasmx\\\/wp-content\\\/uploads\\\/sites\\\/8\\\/2019\\\/05\\\/Captura-de-pantalla-2019-05-28-a-las-13.54.53.png\",\"datePublished\":\"2019-05-24T20:00:07+00:00\",\"dateModified\":\"2019-05-31T11:15:47+00:00\",\"author\":{\"@id\":\"http:\\\/\\\/www.salesianos.edu\\\/revistasmx\\\/#\\\/schema\\\/person\\\/20a80be1bb4e0ed82068c57facf5b237\"},\"breadcrumb\":{\"@id\":\"http:\\\/\\\/www.salesianos.edu\\\/revistasmx\\\/despues-del-curso-continuamos-trabajando-miles-de-ninos-y-jovenes-participan-en-actividades-de-verano\\\/#breadcrumb\"},\"inLanguage\":\"es\",\"potentialAction\":[{\"@type\":\"ReadAction\",\"target\":[\"http:\\\/\\\/www.salesianos.edu\\\/revistasmx\\\/despues-del-curso-continuamos-trabajando-miles-de-ninos-y-jovenes-participan-en-actividades-de-verano\\\/\"]}]},{\"@type\":\"ImageObject\",\"inLanguage\":\"es\",\"@id\":\"http:\\\/\\\/www.salesianos.edu\\\/revistasmx\\\/despues-del-curso-continuamos-trabajando-miles-de-ninos-y-jovenes-participan-en-actividades-de-verano\\\/#primaryimage\",\"url\":\"http:\\\/\\\/www.salesianos.edu\\\/revistasmx\\\/wp-content\\\/uploads\\\/sites\\\/8\\\/2019\\\/05\\\/Captura-de-pantalla-2019-05-28-a-las-13.54.53.png\",\"contentUrl\":\"http:\\\/\\\/www.salesianos.edu\\\/revistasmx\\\/wp-content\\\/uploads\\\/sites\\\/8\\\/2019\\\/05\\\/Captura-de-pantalla-2019-05-28-a-las-13.54.53.png\",\"width\":965,\"height\":659},{\"@type\":\"BreadcrumbList\",\"@id\":\"http:\\\/\\\/www.salesianos.edu\\\/revistasmx\\\/despues-del-curso-continuamos-trabajando-miles-de-ninos-y-jovenes-participan-en-actividades-de-verano\\\/#breadcrumb\",\"itemListElement\":[{\"@type\":\"ListItem\",\"position\":1,\"name\":\"Portada\",\"item\":\"https:\\\/\\\/www.salesianos.edu\\\/revistasmx\\\/\"},{\"@type\":\"ListItem\",\"position\":2,\"name\":\"\u2018Despu\u00e9s del curso continuamos trabajando\u2019\"}]},{\"@type\":\"WebSite\",\"@id\":\"http:\\\/\\\/www.salesianos.edu\\\/revistasmx\\\/#website\",\"url\":\"http:\\\/\\\/www.salesianos.edu\\\/revistasmx\\\/\",\"name\":\"Revista SMX\",\"description\":\"P\u00e1gina oficial de Inspector\u00eda Salesiana Mar\u00eda Auxiliadora\",\"potentialAction\":[{\"@type\":\"SearchAction\",\"target\":{\"@type\":\"EntryPoint\",\"urlTemplate\":\"http:\\\/\\\/www.salesianos.edu\\\/revistasmx\\\/?s={search_term_string}\"},\"query-input\":{\"@type\":\"PropertyValueSpecification\",\"valueRequired\":true,\"valueName\":\"search_term_string\"}}],\"inLanguage\":\"es\"},{\"@type\":\"Person\",\"@id\":\"http:\\\/\\\/www.salesianos.edu\\\/revistasmx\\\/#\\\/schema\\\/person\\\/20a80be1bb4e0ed82068c57facf5b237\",\"name\":\"martapeirat\",\"image\":{\"@type\":\"ImageObject\",\"inLanguage\":\"es\",\"@id\":\"https:\\\/\\\/secure.gravatar.com\\\/avatar\\\/1139b81b40ed1dde466563679597db378e7092bbfdd7ebb264c437fedde866d7?s=96&d=mm&r=g\",\"url\":\"https:\\\/\\\/secure.gravatar.com\\\/avatar\\\/1139b81b40ed1dde466563679597db378e7092bbfdd7ebb264c437fedde866d7?s=96&d=mm&r=g\",\"contentUrl\":\"https:\\\/\\\/secure.gravatar.com\\\/avatar\\\/1139b81b40ed1dde466563679597db378e7092bbfdd7ebb264c437fedde866d7?s=96&d=mm&r=g\",\"caption\":\"martapeirat\"}}]}<\/script>\n<!-- \/ Yoast SEO plugin. -->","yoast_head_json":{"title":"\u2018Despu\u00e9s del curso continuamos trabajando\u2019 - Revista SMX","robots":{"index":"index","follow":"follow","max-snippet":"max-snippet:-1","max-image-preview":"max-image-preview:large","max-video-preview":"max-video-preview:-1"},"canonical":"http:\/\/www.salesianos.edu\/revistasmx\/despues-del-curso-continuamos-trabajando-miles-de-ninos-y-jovenes-participan-en-actividades-de-verano\/","og_locale":"es_ES","og_type":"article","og_title":"\u2018Despu\u00e9s del curso continuamos trabajando\u2019 - Revista SMX","og_description":"Son miles voluntarios que dedican su tiempo, sus esfuerzos y su trabajo tambi\u00e9n en verano a los dem\u00e1s","og_url":"http:\/\/www.salesianos.edu\/revistasmx\/despues-del-curso-continuamos-trabajando-miles-de-ninos-y-jovenes-participan-en-actividades-de-verano\/","og_site_name":"Revista SMX","article_published_time":"2019-05-24T20:00:07+00:00","article_modified_time":"2019-05-31T11:15:47+00:00","og_image":[{"width":965,"height":659,"url":"http:\/\/www.salesianos.edu\/revistasmx\/wp-content\/uploads\/sites\/8\/2019\/05\/Captura-de-pantalla-2019-05-28-a-las-13.54.53.png","type":"image\/png"}],"author":"martapeirat","twitter_card":"summary_large_image","twitter_misc":{"Escrito por":"martapeirat","Tiempo de lectura":"3 minutos"},"schema":{"@context":"https:\/\/schema.org","@graph":[{"@type":"Article","@id":"http:\/\/www.salesianos.edu\/revistasmx\/despues-del-curso-continuamos-trabajando-miles-de-ninos-y-jovenes-participan-en-actividades-de-verano\/#article","isPartOf":{"@id":"http:\/\/www.salesianos.edu\/revistasmx\/despues-del-curso-continuamos-trabajando-miles-de-ninos-y-jovenes-participan-en-actividades-de-verano\/"},"author":{"name":"martapeirat","@id":"http:\/\/www.salesianos.edu\/revistasmx\/#\/schema\/person\/20a80be1bb4e0ed82068c57facf5b237"},"headline":"\u2018Despu\u00e9s del curso continuamos trabajando\u2019","datePublished":"2019-05-24T20:00:07+00:00","dateModified":"2019-05-31T11:15:47+00:00","mainEntityOfPage":{"@id":"http:\/\/www.salesianos.edu\/revistasmx\/despues-del-curso-continuamos-trabajando-miles-de-ninos-y-jovenes-participan-en-actividades-de-verano\/"},"wordCount":652,"commentCount":0,"image":{"@id":"http:\/\/www.salesianos.edu\/revistasmx\/despues-del-curso-continuamos-trabajando-miles-de-ninos-y-jovenes-participan-en-actividades-de-verano\/#primaryimage"},"thumbnailUrl":"http:\/\/www.salesianos.edu\/revistasmx\/wp-content\/uploads\/sites\/8\/2019\/05\/Captura-de-pantalla-2019-05-28-a-las-13.54.53.png","articleSection":["EN CONFIANZA"],"inLanguage":"es","potentialAction":[{"@type":"CommentAction","name":"Comment","target":["http:\/\/www.salesianos.edu\/revistasmx\/despues-del-curso-continuamos-trabajando-miles-de-ninos-y-jovenes-participan-en-actividades-de-verano\/#respond"]}]},{"@type":"WebPage","@id":"http:\/\/www.salesianos.edu\/revistasmx\/despues-del-curso-continuamos-trabajando-miles-de-ninos-y-jovenes-participan-en-actividades-de-verano\/","url":"http:\/\/www.salesianos.edu\/revistasmx\/despues-del-curso-continuamos-trabajando-miles-de-ninos-y-jovenes-participan-en-actividades-de-verano\/","name":"\u2018Despu\u00e9s del curso continuamos trabajando\u2019 - Revista SMX","isPartOf":{"@id":"http:\/\/www.salesianos.edu\/revistasmx\/#website"},"primaryImageOfPage":{"@id":"http:\/\/www.salesianos.edu\/revistasmx\/despues-del-curso-continuamos-trabajando-miles-de-ninos-y-jovenes-participan-en-actividades-de-verano\/#primaryimage"},"image":{"@id":"http:\/\/www.salesianos.edu\/revistasmx\/despues-del-curso-continuamos-trabajando-miles-de-ninos-y-jovenes-participan-en-actividades-de-verano\/#primaryimage"},"thumbnailUrl":"http:\/\/www.salesianos.edu\/revistasmx\/wp-content\/uploads\/sites\/8\/2019\/05\/Captura-de-pantalla-2019-05-28-a-las-13.54.53.png","datePublished":"2019-05-24T20:00:07+00:00","dateModified":"2019-05-31T11:15:47+00:00","author":{"@id":"http:\/\/www.salesianos.edu\/revistasmx\/#\/schema\/person\/20a80be1bb4e0ed82068c57facf5b237"},"breadcrumb":{"@id":"http:\/\/www.salesianos.edu\/revistasmx\/despues-del-curso-continuamos-trabajando-miles-de-ninos-y-jovenes-participan-en-actividades-de-verano\/#breadcrumb"},"inLanguage":"es","potentialAction":[{"@type":"ReadAction","target":["http:\/\/www.salesianos.edu\/revistasmx\/despues-del-curso-continuamos-trabajando-miles-de-ninos-y-jovenes-participan-en-actividades-de-verano\/"]}]},{"@type":"ImageObject","inLanguage":"es","@id":"http:\/\/www.salesianos.edu\/revistasmx\/despues-del-curso-continuamos-trabajando-miles-de-ninos-y-jovenes-participan-en-actividades-de-verano\/#primaryimage","url":"http:\/\/www.salesianos.edu\/revistasmx\/wp-content\/uploads\/sites\/8\/2019\/05\/Captura-de-pantalla-2019-05-28-a-las-13.54.53.png","contentUrl":"http:\/\/www.salesianos.edu\/revistasmx\/wp-content\/uploads\/sites\/8\/2019\/05\/Captura-de-pantalla-2019-05-28-a-las-13.54.53.png","width":965,"height":659},{"@type":"BreadcrumbList","@id":"http:\/\/www.salesianos.edu\/revistasmx\/despues-del-curso-continuamos-trabajando-miles-de-ninos-y-jovenes-participan-en-actividades-de-verano\/#breadcrumb","itemListElement":[{"@type":"ListItem","position":1,"name":"Portada","item":"https:\/\/www.salesianos.edu\/revistasmx\/"},{"@type":"ListItem","position":2,"name":"\u2018Despu\u00e9s del curso continuamos trabajando\u2019"}]},{"@type":"WebSite","@id":"http:\/\/www.salesianos.edu\/revistasmx\/#website","url":"http:\/\/www.salesianos.edu\/revistasmx\/","name":"Revista SMX","description":"P\u00e1gina oficial de Inspector\u00eda Salesiana Mar\u00eda Auxiliadora","potentialAction":[{"@type":"SearchAction","target":{"@type":"EntryPoint","urlTemplate":"http:\/\/www.salesianos.edu\/revistasmx\/?s={search_term_string}"},"query-input":{"@type":"PropertyValueSpecification","valueRequired":true,"valueName":"search_term_string"}}],"inLanguage":"es"},{"@type":"Person","@id":"http:\/\/www.salesianos.edu\/revistasmx\/#\/schema\/person\/20a80be1bb4e0ed82068c57facf5b237","name":"martapeirat","image":{"@type":"ImageObject","inLanguage":"es","@id":"https:\/\/secure.gravatar.com\/avatar\/1139b81b40ed1dde466563679597db378e7092bbfdd7ebb264c437fedde866d7?s=96&d=mm&r=g","url":"https:\/\/secure.gravatar.com\/avatar\/1139b81b40ed1dde466563679597db378e7092bbfdd7ebb264c437fedde866d7?s=96&d=mm&r=g","contentUrl":"https:\/\/secure.gravatar.com\/avatar\/1139b81b40ed1dde466563679597db378e7092bbfdd7ebb264c437fedde866d7?s=96&d=mm&r=g","caption":"martapeirat"}}]}},"_links":{"self":[{"href":"http:\/\/www.salesianos.edu\/revistasmx\/wp-json\/wp\/v2\/posts\/11636","targetHints":{"allow":["GET"]}}],"collection":[{"href":"http:\/\/www.salesianos.edu\/revistasmx\/wp-json\/wp\/v2\/posts"}],"about":[{"href":"http:\/\/www.salesianos.edu\/revistasmx\/wp-json\/wp\/v2\/types\/post"}],"author":[{"embeddable":true,"href":"http:\/\/www.salesianos.edu\/revistasmx\/wp-json\/wp\/v2\/users\/5"}],"replies":[{"embeddable":true,"href":"http:\/\/www.salesianos.edu\/revistasmx\/wp-json\/wp\/v2\/comments?post=11636"}],"version-history":[{"count":6,"href":"http:\/\/www.salesianos.edu\/revistasmx\/wp-json\/wp\/v2\/posts\/11636\/revisions"}],"predecessor-version":[{"id":11741,"href":"http:\/\/www.salesianos.edu\/revistasmx\/wp-json\/wp\/v2\/posts\/11636\/revisions\/11741"}],"wp:featuredmedia":[{"embeddable":true,"href":"http:\/\/www.salesianos.edu\/revistasmx\/wp-json\/wp\/v2\/media\/11632"}],"wp:attachment":[{"href":"http:\/\/www.salesianos.edu\/revistasmx\/wp-json\/wp\/v2\/media?parent=11636"}],"wp:term":[{"taxonomy":"category","embeddable":true,"href":"http:\/\/www.salesianos.edu\/revistasmx\/wp-json\/wp\/v2\/categories?post=11636"},{"taxonomy":"post_tag","embeddable":true,"href":"http:\/\/www.salesianos.edu\/revistasmx\/wp-json\/wp\/v2\/tags?post=11636"}],"curies":[{"name":"wp","href":"https:\/\/api.w.org\/{rel}","templated":true}]}}