{"id":11399,"date":"2019-04-24T21:00:58","date_gmt":"2019-04-24T19:00:58","guid":{"rendered":"http:\/\/www.salesianos.edu\/revistasmx\/?p=11399"},"modified":"2019-05-08T10:06:20","modified_gmt":"2019-05-08T08:06:20","slug":"con-flores-a-maria","status":"publish","type":"post","link":"http:\/\/www.salesianos.edu\/revistasmx\/con-flores-a-maria\/","title":{"rendered":"Con flores a Mar\u00eda"},"content":{"rendered":"<div id=\"fb-root\"><\/div>\n<p><img loading=\"lazy\" decoding=\"async\" class=\"alignnone size-medium wp-image-11400\" src=\"https:\/\/www.salesianos.edu\/revistasmx\/wp-content\/uploads\/sites\/8\/2019\/04\/ADMATurin-300x187.jpg\" alt=\"\" width=\"300\" height=\"187\" srcset=\"http:\/\/www.salesianos.edu\/revistasmx\/wp-content\/uploads\/sites\/8\/2019\/04\/ADMATurin-300x187.jpg 300w, http:\/\/www.salesianos.edu\/revistasmx\/wp-content\/uploads\/sites\/8\/2019\/04\/ADMATurin-768x479.jpg 768w, http:\/\/www.salesianos.edu\/revistasmx\/wp-content\/uploads\/sites\/8\/2019\/04\/ADMATurin-400x250.jpg 400w, http:\/\/www.salesianos.edu\/revistasmx\/wp-content\/uploads\/sites\/8\/2019\/04\/ADMATurin.jpg 770w\" sizes=\"(max-width: 300px) 100vw, 300px\" \/><\/p>\n<p>Este n\u00famero de mayo de SMX Comunidad Inspectorial no pod\u00eda estar dedicado a otro tema que no fuera la figura de Mar\u00eda Auxiliadora, en este caso vista desde el prisma de las ADMA en nuestra inspector\u00eda.<\/p>\n<p>Las razones para esta elecci\u00f3n son claras: el car\u00e1cter mariano de todo el mes y, en especial, los 150 a\u00f1os de la Asociaci\u00f3n de Mar\u00eda Auxiliadora, nacida en Tur\u00edn el 18 de abril de 1869. Por si faltaba algo: resulta que dos asociaciones locales cumplen su centenario: la de Villena, el 5 de mayo y la de Valencia San Antonio Abad, el 8.<\/p>\n<p>Es bueno honrar a Mar\u00eda, Madre nuestra con flores, como dice el conocido canto salesiano, pero es mejor a\u00fan honrarla en el compromiso de la vida diaria entregada a los dem\u00e1s en clave salesiana, por eso presentamos los ejemplos de Juan Miguel Salvador, docente de nuestra casa de Ibi, excelente comunicador y muy buen fot\u00f3grafo, ahora se prepara para ser Salesiano Cooperador. Y la entrevista se la hacemos a Laura Ba\u00f1os, directora del Centre Obert de Mart\u00ed-Codolar y del Centro Juvenil de Terrassa.<\/p>\n<p>Atenci\u00f3n tambi\u00e9n a la rese\u00f1a bibliogr\u00e1fica firmada por el salesiano Franscesc Grabulosa: \u201cMart\u00ed-Codolar, una obra social de la burgues\u00eda\u201d, un libro ya cl\u00e1sico de dos salesianos muy competentes: Ram\u00f3n Alberdi, ya fallecido, y Rafael Casasnovas.<\/p>\n","protected":false},"excerpt":{"rendered":"<p>Este n\u00famero de mayo de SMX Comunidad Inspectorial no pod\u00eda estar dedicado a otro tema que no fuera la figura de Mar\u00eda Auxiliadora, en este caso vista desde el prisma de las ADMA en nuestra inspector\u00eda.<\/p>\n","protected":false},"author":12,"featured_media":11400,"comment_status":"open","ping_status":"closed","sticky":false,"template":"","format":"standard","meta":{"_et_pb_use_builder":"","_et_pb_old_content":"","_et_gb_content_width":"","footnotes":""},"categories":[30],"tags":[344],"class_list":["post-11399","post","type-post","status-publish","format-standard","has-post-thumbnail","hentry","category-enfoque","tag-smx-47"],"yoast_head":"<!-- This site is optimized with the Yoast SEO plugin v27.5 - https:\/\/yoast.com\/product\/yoast-seo-wordpress\/ -->\n<title>Con flores a Mar\u00eda - Revista SMX<\/title>\n<meta name=\"robots\" content=\"index, follow, max-snippet:-1, max-image-preview:large, max-video-preview:-1\" \/>\n<link rel=\"canonical\" href=\"http:\/\/www.salesianos.edu\/revistasmx\/con-flores-a-maria\/\" \/>\n<meta property=\"og:locale\" content=\"es_ES\" \/>\n<meta property=\"og:type\" content=\"article\" \/>\n<meta property=\"og:title\" content=\"Con flores a Mar\u00eda - Revista SMX\" \/>\n<meta property=\"og:description\" content=\"Este n\u00famero de mayo de SMX Comunidad Inspectorial no pod\u00eda estar dedicado a otro tema que no fuera la figura de Mar\u00eda Auxiliadora, en este caso vista desde el prisma de las ADMA en nuestra inspector\u00eda.\" \/>\n<meta property=\"og:url\" content=\"http:\/\/www.salesianos.edu\/revistasmx\/con-flores-a-maria\/\" \/>\n<meta property=\"og:site_name\" content=\"Revista SMX\" \/>\n<meta property=\"article:published_time\" content=\"2019-04-24T19:00:58+00:00\" \/>\n<meta property=\"article:modified_time\" content=\"2019-05-08T08:06:20+00:00\" \/>\n<meta property=\"og:image\" content=\"http:\/\/www.salesianos.edu\/revistasmx\/wp-content\/uploads\/sites\/8\/2019\/04\/ADMATurin.jpg\" \/>\n\t<meta property=\"og:image:width\" content=\"770\" \/>\n\t<meta property=\"og:image:height\" content=\"480\" \/>\n\t<meta property=\"og:image:type\" content=\"image\/jpeg\" \/>\n<meta name=\"author\" content=\"joseluisgarciamoscoso\" \/>\n<meta name=\"twitter:card\" content=\"summary_large_image\" \/>\n<meta name=\"twitter:label1\" content=\"Escrito por\" \/>\n\t<meta name=\"twitter:data1\" content=\"joseluisgarciamoscoso\" \/>\n\t<meta name=\"twitter:label2\" content=\"Tiempo de lectura\" \/>\n\t<meta name=\"twitter:data2\" content=\"1 minuto\" \/>\n<script type=\"application\/ld+json\" class=\"yoast-schema-graph\">{\"@context\":\"https:\\\/\\\/schema.org\",\"@graph\":[{\"@type\":\"Article\",\"@id\":\"http:\\\/\\\/www.salesianos.edu\\\/revistasmx\\\/con-flores-a-maria\\\/#article\",\"isPartOf\":{\"@id\":\"http:\\\/\\\/www.salesianos.edu\\\/revistasmx\\\/con-flores-a-maria\\\/\"},\"author\":{\"name\":\"joseluisgarciamoscoso\",\"@id\":\"http:\\\/\\\/www.salesianos.edu\\\/revistasmx\\\/#\\\/schema\\\/person\\\/a1d72ee5373cce7347fb2993ba9f47d6\"},\"headline\":\"Con flores a Mar\u00eda\",\"datePublished\":\"2019-04-24T19:00:58+00:00\",\"dateModified\":\"2019-05-08T08:06:20+00:00\",\"mainEntityOfPage\":{\"@id\":\"http:\\\/\\\/www.salesianos.edu\\\/revistasmx\\\/con-flores-a-maria\\\/\"},\"wordCount\":241,\"commentCount\":0,\"image\":{\"@id\":\"http:\\\/\\\/www.salesianos.edu\\\/revistasmx\\\/con-flores-a-maria\\\/#primaryimage\"},\"thumbnailUrl\":\"http:\\\/\\\/www.salesianos.edu\\\/revistasmx\\\/wp-content\\\/uploads\\\/sites\\\/8\\\/2019\\\/04\\\/ADMATurin.jpg\",\"keywords\":[\"SMX 47\"],\"articleSection\":[\"ENFOQUE\"],\"inLanguage\":\"es\",\"potentialAction\":[{\"@type\":\"CommentAction\",\"name\":\"Comment\",\"target\":[\"http:\\\/\\\/www.salesianos.edu\\\/revistasmx\\\/con-flores-a-maria\\\/#respond\"]}]},{\"@type\":\"WebPage\",\"@id\":\"http:\\\/\\\/www.salesianos.edu\\\/revistasmx\\\/con-flores-a-maria\\\/\",\"url\":\"http:\\\/\\\/www.salesianos.edu\\\/revistasmx\\\/con-flores-a-maria\\\/\",\"name\":\"Con flores a Mar\u00eda - Revista SMX\",\"isPartOf\":{\"@id\":\"http:\\\/\\\/www.salesianos.edu\\\/revistasmx\\\/#website\"},\"primaryImageOfPage\":{\"@id\":\"http:\\\/\\\/www.salesianos.edu\\\/revistasmx\\\/con-flores-a-maria\\\/#primaryimage\"},\"image\":{\"@id\":\"http:\\\/\\\/www.salesianos.edu\\\/revistasmx\\\/con-flores-a-maria\\\/#primaryimage\"},\"thumbnailUrl\":\"http:\\\/\\\/www.salesianos.edu\\\/revistasmx\\\/wp-content\\\/uploads\\\/sites\\\/8\\\/2019\\\/04\\\/ADMATurin.jpg\",\"datePublished\":\"2019-04-24T19:00:58+00:00\",\"dateModified\":\"2019-05-08T08:06:20+00:00\",\"author\":{\"@id\":\"http:\\\/\\\/www.salesianos.edu\\\/revistasmx\\\/#\\\/schema\\\/person\\\/a1d72ee5373cce7347fb2993ba9f47d6\"},\"breadcrumb\":{\"@id\":\"http:\\\/\\\/www.salesianos.edu\\\/revistasmx\\\/con-flores-a-maria\\\/#breadcrumb\"},\"inLanguage\":\"es\",\"potentialAction\":[{\"@type\":\"ReadAction\",\"target\":[\"http:\\\/\\\/www.salesianos.edu\\\/revistasmx\\\/con-flores-a-maria\\\/\"]}]},{\"@type\":\"ImageObject\",\"inLanguage\":\"es\",\"@id\":\"http:\\\/\\\/www.salesianos.edu\\\/revistasmx\\\/con-flores-a-maria\\\/#primaryimage\",\"url\":\"http:\\\/\\\/www.salesianos.edu\\\/revistasmx\\\/wp-content\\\/uploads\\\/sites\\\/8\\\/2019\\\/04\\\/ADMATurin.jpg\",\"contentUrl\":\"http:\\\/\\\/www.salesianos.edu\\\/revistasmx\\\/wp-content\\\/uploads\\\/sites\\\/8\\\/2019\\\/04\\\/ADMATurin.jpg\",\"width\":770,\"height\":480},{\"@type\":\"BreadcrumbList\",\"@id\":\"http:\\\/\\\/www.salesianos.edu\\\/revistasmx\\\/con-flores-a-maria\\\/#breadcrumb\",\"itemListElement\":[{\"@type\":\"ListItem\",\"position\":1,\"name\":\"Portada\",\"item\":\"https:\\\/\\\/www.salesianos.edu\\\/revistasmx\\\/\"},{\"@type\":\"ListItem\",\"position\":2,\"name\":\"Con flores a Mar\u00eda\"}]},{\"@type\":\"WebSite\",\"@id\":\"http:\\\/\\\/www.salesianos.edu\\\/revistasmx\\\/#website\",\"url\":\"http:\\\/\\\/www.salesianos.edu\\\/revistasmx\\\/\",\"name\":\"Revista SMX\",\"description\":\"P\u00e1gina oficial de Inspector\u00eda Salesiana Mar\u00eda Auxiliadora\",\"potentialAction\":[{\"@type\":\"SearchAction\",\"target\":{\"@type\":\"EntryPoint\",\"urlTemplate\":\"http:\\\/\\\/www.salesianos.edu\\\/revistasmx\\\/?s={search_term_string}\"},\"query-input\":{\"@type\":\"PropertyValueSpecification\",\"valueRequired\":true,\"valueName\":\"search_term_string\"}}],\"inLanguage\":\"es\"},{\"@type\":\"Person\",\"@id\":\"http:\\\/\\\/www.salesianos.edu\\\/revistasmx\\\/#\\\/schema\\\/person\\\/a1d72ee5373cce7347fb2993ba9f47d6\",\"name\":\"joseluisgarciamoscoso\",\"image\":{\"@type\":\"ImageObject\",\"inLanguage\":\"es\",\"@id\":\"https:\\\/\\\/secure.gravatar.com\\\/avatar\\\/3fda3a0b2db3bc9a39871e47cbd526b42d6c3b74755b7ae1400a87b2913fea6a?s=96&d=mm&r=g\",\"url\":\"https:\\\/\\\/secure.gravatar.com\\\/avatar\\\/3fda3a0b2db3bc9a39871e47cbd526b42d6c3b74755b7ae1400a87b2913fea6a?s=96&d=mm&r=g\",\"contentUrl\":\"https:\\\/\\\/secure.gravatar.com\\\/avatar\\\/3fda3a0b2db3bc9a39871e47cbd526b42d6c3b74755b7ae1400a87b2913fea6a?s=96&d=mm&r=g\",\"caption\":\"joseluisgarciamoscoso\"}}]}<\/script>\n<!-- \/ Yoast SEO plugin. -->","yoast_head_json":{"title":"Con flores a Mar\u00eda - Revista SMX","robots":{"index":"index","follow":"follow","max-snippet":"max-snippet:-1","max-image-preview":"max-image-preview:large","max-video-preview":"max-video-preview:-1"},"canonical":"http:\/\/www.salesianos.edu\/revistasmx\/con-flores-a-maria\/","og_locale":"es_ES","og_type":"article","og_title":"Con flores a Mar\u00eda - Revista SMX","og_description":"Este n\u00famero de mayo de SMX Comunidad Inspectorial no pod\u00eda estar dedicado a otro tema que no fuera la figura de Mar\u00eda Auxiliadora, en este caso vista desde el prisma de las ADMA en nuestra inspector\u00eda.","og_url":"http:\/\/www.salesianos.edu\/revistasmx\/con-flores-a-maria\/","og_site_name":"Revista SMX","article_published_time":"2019-04-24T19:00:58+00:00","article_modified_time":"2019-05-08T08:06:20+00:00","og_image":[{"width":770,"height":480,"url":"http:\/\/www.salesianos.edu\/revistasmx\/wp-content\/uploads\/sites\/8\/2019\/04\/ADMATurin.jpg","type":"image\/jpeg"}],"author":"joseluisgarciamoscoso","twitter_card":"summary_large_image","twitter_misc":{"Escrito por":"joseluisgarciamoscoso","Tiempo de lectura":"1 minuto"},"schema":{"@context":"https:\/\/schema.org","@graph":[{"@type":"Article","@id":"http:\/\/www.salesianos.edu\/revistasmx\/con-flores-a-maria\/#article","isPartOf":{"@id":"http:\/\/www.salesianos.edu\/revistasmx\/con-flores-a-maria\/"},"author":{"name":"joseluisgarciamoscoso","@id":"http:\/\/www.salesianos.edu\/revistasmx\/#\/schema\/person\/a1d72ee5373cce7347fb2993ba9f47d6"},"headline":"Con flores a Mar\u00eda","datePublished":"2019-04-24T19:00:58+00:00","dateModified":"2019-05-08T08:06:20+00:00","mainEntityOfPage":{"@id":"http:\/\/www.salesianos.edu\/revistasmx\/con-flores-a-maria\/"},"wordCount":241,"commentCount":0,"image":{"@id":"http:\/\/www.salesianos.edu\/revistasmx\/con-flores-a-maria\/#primaryimage"},"thumbnailUrl":"http:\/\/www.salesianos.edu\/revistasmx\/wp-content\/uploads\/sites\/8\/2019\/04\/ADMATurin.jpg","keywords":["SMX 47"],"articleSection":["ENFOQUE"],"inLanguage":"es","potentialAction":[{"@type":"CommentAction","name":"Comment","target":["http:\/\/www.salesianos.edu\/revistasmx\/con-flores-a-maria\/#respond"]}]},{"@type":"WebPage","@id":"http:\/\/www.salesianos.edu\/revistasmx\/con-flores-a-maria\/","url":"http:\/\/www.salesianos.edu\/revistasmx\/con-flores-a-maria\/","name":"Con flores a Mar\u00eda - Revista SMX","isPartOf":{"@id":"http:\/\/www.salesianos.edu\/revistasmx\/#website"},"primaryImageOfPage":{"@id":"http:\/\/www.salesianos.edu\/revistasmx\/con-flores-a-maria\/#primaryimage"},"image":{"@id":"http:\/\/www.salesianos.edu\/revistasmx\/con-flores-a-maria\/#primaryimage"},"thumbnailUrl":"http:\/\/www.salesianos.edu\/revistasmx\/wp-content\/uploads\/sites\/8\/2019\/04\/ADMATurin.jpg","datePublished":"2019-04-24T19:00:58+00:00","dateModified":"2019-05-08T08:06:20+00:00","author":{"@id":"http:\/\/www.salesianos.edu\/revistasmx\/#\/schema\/person\/a1d72ee5373cce7347fb2993ba9f47d6"},"breadcrumb":{"@id":"http:\/\/www.salesianos.edu\/revistasmx\/con-flores-a-maria\/#breadcrumb"},"inLanguage":"es","potentialAction":[{"@type":"ReadAction","target":["http:\/\/www.salesianos.edu\/revistasmx\/con-flores-a-maria\/"]}]},{"@type":"ImageObject","inLanguage":"es","@id":"http:\/\/www.salesianos.edu\/revistasmx\/con-flores-a-maria\/#primaryimage","url":"http:\/\/www.salesianos.edu\/revistasmx\/wp-content\/uploads\/sites\/8\/2019\/04\/ADMATurin.jpg","contentUrl":"http:\/\/www.salesianos.edu\/revistasmx\/wp-content\/uploads\/sites\/8\/2019\/04\/ADMATurin.jpg","width":770,"height":480},{"@type":"BreadcrumbList","@id":"http:\/\/www.salesianos.edu\/revistasmx\/con-flores-a-maria\/#breadcrumb","itemListElement":[{"@type":"ListItem","position":1,"name":"Portada","item":"https:\/\/www.salesianos.edu\/revistasmx\/"},{"@type":"ListItem","position":2,"name":"Con flores a Mar\u00eda"}]},{"@type":"WebSite","@id":"http:\/\/www.salesianos.edu\/revistasmx\/#website","url":"http:\/\/www.salesianos.edu\/revistasmx\/","name":"Revista SMX","description":"P\u00e1gina oficial de Inspector\u00eda Salesiana Mar\u00eda Auxiliadora","potentialAction":[{"@type":"SearchAction","target":{"@type":"EntryPoint","urlTemplate":"http:\/\/www.salesianos.edu\/revistasmx\/?s={search_term_string}"},"query-input":{"@type":"PropertyValueSpecification","valueRequired":true,"valueName":"search_term_string"}}],"inLanguage":"es"},{"@type":"Person","@id":"http:\/\/www.salesianos.edu\/revistasmx\/#\/schema\/person\/a1d72ee5373cce7347fb2993ba9f47d6","name":"joseluisgarciamoscoso","image":{"@type":"ImageObject","inLanguage":"es","@id":"https:\/\/secure.gravatar.com\/avatar\/3fda3a0b2db3bc9a39871e47cbd526b42d6c3b74755b7ae1400a87b2913fea6a?s=96&d=mm&r=g","url":"https:\/\/secure.gravatar.com\/avatar\/3fda3a0b2db3bc9a39871e47cbd526b42d6c3b74755b7ae1400a87b2913fea6a?s=96&d=mm&r=g","contentUrl":"https:\/\/secure.gravatar.com\/avatar\/3fda3a0b2db3bc9a39871e47cbd526b42d6c3b74755b7ae1400a87b2913fea6a?s=96&d=mm&r=g","caption":"joseluisgarciamoscoso"}}]}},"_links":{"self":[{"href":"http:\/\/www.salesianos.edu\/revistasmx\/wp-json\/wp\/v2\/posts\/11399","targetHints":{"allow":["GET"]}}],"collection":[{"href":"http:\/\/www.salesianos.edu\/revistasmx\/wp-json\/wp\/v2\/posts"}],"about":[{"href":"http:\/\/www.salesianos.edu\/revistasmx\/wp-json\/wp\/v2\/types\/post"}],"author":[{"embeddable":true,"href":"http:\/\/www.salesianos.edu\/revistasmx\/wp-json\/wp\/v2\/users\/12"}],"replies":[{"embeddable":true,"href":"http:\/\/www.salesianos.edu\/revistasmx\/wp-json\/wp\/v2\/comments?post=11399"}],"version-history":[{"count":1,"href":"http:\/\/www.salesianos.edu\/revistasmx\/wp-json\/wp\/v2\/posts\/11399\/revisions"}],"predecessor-version":[{"id":11401,"href":"http:\/\/www.salesianos.edu\/revistasmx\/wp-json\/wp\/v2\/posts\/11399\/revisions\/11401"}],"wp:featuredmedia":[{"embeddable":true,"href":"http:\/\/www.salesianos.edu\/revistasmx\/wp-json\/wp\/v2\/media\/11400"}],"wp:attachment":[{"href":"http:\/\/www.salesianos.edu\/revistasmx\/wp-json\/wp\/v2\/media?parent=11399"}],"wp:term":[{"taxonomy":"category","embeddable":true,"href":"http:\/\/www.salesianos.edu\/revistasmx\/wp-json\/wp\/v2\/categories?post=11399"},{"taxonomy":"post_tag","embeddable":true,"href":"http:\/\/www.salesianos.edu\/revistasmx\/wp-json\/wp\/v2\/tags?post=11399"}],"curies":[{"name":"wp","href":"https:\/\/api.w.org\/{rel}","templated":true}]}}