{"id":11239,"date":"2019-03-24T20:30:01","date_gmt":"2019-03-24T19:30:01","guid":{"rendered":"http:\/\/www.salesianos.edu\/revistasmx\/?p=11239"},"modified":"2019-04-03T16:06:47","modified_gmt":"2019-04-03T14:06:47","slug":"si-realment-vols-que-el-mon-vagi-per-un-altre-cami-empeny-se-tu-limpulsor-daquest-cami","status":"publish","type":"post","link":"http:\/\/www.salesianos.edu\/revistasmx\/ca\/si-realment-vols-que-el-mon-vagi-per-un-altre-cami-empeny-se-tu-limpulsor-daquest-cami\/","title":{"rendered":"\u201cSi realment vols que el m\u00f3n vagi per un altre cam\u00ed, empeny, s\u00e9 tu l&#8217;impulsor d&#8217;aquest cam\u00ed\u201d"},"content":{"rendered":"<div id=\"fb-root\"><\/div>\n<p>[et_pb_section bb_built=\u00bb1&#8243;][et_pb_row][et_pb_column type=\u00bb4_4&#8243;][et_pb_video _builder_version=\u00bb3.20.2&#8243; src=\u00bbhttps:\/\/youtu.be\/kMwK2YIih7s\u00bb \/][et_pb_text _builder_version=\u00bb3.20.2&#8243;]<\/p>\n<p><strong>Pregunta-Resposta: Cristina Riquelme. Coordinadora del programa ALRASO de FISAT.<\/strong><\/p>\n<p><strong>Com vius el carisma de Don Bosco en el teu dia a dia?<\/strong><\/p>\n<p>El m\u00e9s important \u00e9s que l&#8217;educador o l&#8217;educadora sigui realment pr\u00f2xim a la gent amb la qual treballa; que les persones sentin que estem aqu\u00ed i que estarem aqu\u00ed passi el que passi.\u00a0 Sempre hi haur\u00e0 persones a les quals en un moment determinat els diguem alguna cosa que no volen sentir, per\u00f2 sempre serem pr\u00f2xims.<\/p>\n<p>L&#8217;ambient d&#8217;ampli acolliment, familiar facilita molt el treball que es fa amb les persones.<\/p>\n<p>D&#8217;altra banda, tamb\u00e9 valoro molt el tema de l&#8217;educador de pati. Aix\u00f2\u00a0 es pot veure en el dia a dia.\u00a0 Els educadors sempre estan en els moments d&#8217;oci, no es treballa nom\u00e9s en un ambient educatiu, formal d&#8217;aula sin\u00f3 que al pati, en el moment de joc, en el moment de descans, sempre hi ha un educador i sempre hi ha intenci\u00f3 educativa. No s\u00f3n moments simplement d&#8217;estar sin\u00f3 estar amb sentit educatiu. A trav\u00e9s d&#8217;aquests moments es potencia molt que es puguin treballar un altre tipus d&#8217;aspectes que dins d&#8217;una aula o d&#8217;un ambient m\u00e9s tancat no es pot.<\/p>\n<p><strong>Com veieu el fenomen actual de la immigraci\u00f3?<\/strong><\/p>\n<p>Crec que actualment s&#8217;haurien de fer pol\u00edtiques m\u00e9s integradores, m\u00e9s acollidores perqu\u00e8 les persones migrants de deb\u00f2 participin en igualtat de condicions respecte a les persones nacionals, en la vida p\u00fablica, en la vida social. Per a aix\u00f2 les pol\u00edtiques no haurien de centrar-se tant en els n\u00fameros sin\u00f3 de deb\u00f2 m\u00e9s en la integraci\u00f3.\u00a0 No haurien d&#8217;estar tan centrades en la migraci\u00f3 i intentar que en totes les lleis, en tots els programes socials, en tots els \u00e0mbits: educatiu, social, sanitari, etc. s&#8217;integr\u00e9s una perspectiva intercultural. Crec que seria una manera molt m\u00e9s acollidora i molt m\u00e9s efectiva perqu\u00e8 les persones migrants realment poguessin participar, com un membre m\u00e9s de la societat<\/p>\n<p><strong>Com animaries als joves a implicar-se pels \u00faltims i transformar la realitat local?<\/strong><\/p>\n<p>Jo els diria als joves -escolto molt aix\u00f2 que no m&#8217;agraden les coses com estan- que perqu\u00e8 les coses canvi\u00efn cal implicar-se. Si tu realment vols que el m\u00f3n, que la societat vagi per un altre cam\u00ed, empeny, s\u00e9 tu l&#8217;impulsor d&#8217;aquest cam\u00ed i fes tot el que puguis perqu\u00e8 la societat es transformi en el sentit que tu vols.<\/p>\n<p>Quan realment t&#8217;impliques en un projecte, en una activitat, en una acci\u00f3 social, la persona que m\u00e9s es beneficia ets tu perqu\u00e8 t&#8217;enriqueix i aprens.<\/p>\n<p>Pots implicar-te en l&#8217;\u00e0mbit que m\u00e9s t&#8217;agradi; hi ha molt\u00edssimes opcions: medi ambient, joventut, oci, integraci\u00f3, fer classes d&#8217;espanyol\u2026 hi ha molt\u00edssims altres \u00e0mbits en els quals un jove es pot implicar.<\/p>\n<p>\u00a0I si tu fas una miqueta, les coses canviaran i milloraran i estar\u00e0s orgull\u00f3s de dir: jo vaig ser part d&#8217;aquest canvi i a llarg termini he aconseguit un resultat que m&#8217;agrada.<\/p>\n<p>[\/et_pb_text][\/et_pb_column][\/et_pb_row][\/et_pb_section]<\/p>\n","protected":false},"excerpt":{"rendered":"<p>Cristina Riquelme \u00e9s la coordinadora del programa ALRASO de la Fundaci\u00f3 \u00c1ngel Tom\u00e1s- FISAT. Aquest projecte treballa amb persones migrants afavorint un acolliment integral i acompanyant-los en una inserci\u00f3 en la societat com a ciutadans participatius i actius.<\/p>\n","protected":false},"author":12,"featured_media":11236,"comment_status":"open","ping_status":"closed","sticky":false,"template":"","format":"standard","meta":{"_et_pb_use_builder":"on","_et_pb_old_content":"","_et_gb_content_width":"","footnotes":""},"categories":[51],"tags":[328],"class_list":["post-11239","post","type-post","status-publish","format-standard","has-post-thumbnail","hentry","category-pregunta-resposta","tag-smx-46-ca"],"yoast_head":"<!-- This site is optimized with the Yoast SEO plugin v27.5 - https:\/\/yoast.com\/product\/yoast-seo-wordpress\/ -->\n<title>\u201cSi realment vols que el m\u00f3n vagi per un altre cam\u00ed, empeny, s\u00e9 tu l&#039;impulsor d&#039;aquest cam\u00ed\u201d - Revista SMX<\/title>\n<meta name=\"robots\" content=\"index, follow, max-snippet:-1, max-image-preview:large, max-video-preview:-1\" \/>\n<link rel=\"canonical\" href=\"http:\/\/www.salesianos.edu\/revistasmx\/ca\/si-realment-vols-que-el-mon-vagi-per-un-altre-cami-empeny-se-tu-limpulsor-daquest-cami\/\" \/>\n<meta property=\"og:locale\" content=\"es_ES\" \/>\n<meta property=\"og:type\" content=\"article\" \/>\n<meta property=\"og:title\" content=\"\u201cSi realment vols que el m\u00f3n vagi per un altre cam\u00ed, empeny, s\u00e9 tu l&#039;impulsor d&#039;aquest cam\u00ed\u201d - Revista SMX\" \/>\n<meta property=\"og:description\" content=\"Cristina Riquelme \u00e9s la coordinadora del programa ALRASO de la Fundaci\u00f3 \u00c1ngel Tom\u00e1s- FISAT. Aquest projecte treballa amb persones migrants afavorint un acolliment integral i acompanyant-los en una inserci\u00f3 en la societat com a ciutadans participatius i actius.\" \/>\n<meta property=\"og:url\" content=\"http:\/\/www.salesianos.edu\/revistasmx\/ca\/si-realment-vols-que-el-mon-vagi-per-un-altre-cami-empeny-se-tu-limpulsor-daquest-cami\/\" \/>\n<meta property=\"og:site_name\" content=\"Revista SMX\" \/>\n<meta property=\"article:published_time\" content=\"2019-03-24T19:30:01+00:00\" \/>\n<meta property=\"article:modified_time\" content=\"2019-04-03T14:06:47+00:00\" \/>\n<meta property=\"og:image\" content=\"http:\/\/www.salesianos.edu\/revistasmx\/wp-content\/uploads\/sites\/8\/2019\/04\/Cristina-Riquelme.png\" \/>\n\t<meta property=\"og:image:width\" content=\"1038\" \/>\n\t<meta property=\"og:image:height\" content=\"575\" \/>\n\t<meta property=\"og:image:type\" content=\"image\/png\" \/>\n<meta name=\"author\" content=\"joseluisgarciamoscoso\" \/>\n<meta name=\"twitter:card\" content=\"summary_large_image\" \/>\n<meta name=\"twitter:label1\" content=\"Escrito por\" \/>\n\t<meta name=\"twitter:data1\" content=\"joseluisgarciamoscoso\" \/>\n\t<meta name=\"twitter:label2\" content=\"Tiempo de lectura\" \/>\n\t<meta name=\"twitter:data2\" content=\"3 minutos\" \/>\n<script type=\"application\/ld+json\" class=\"yoast-schema-graph\">{\"@context\":\"https:\\\/\\\/schema.org\",\"@graph\":[{\"@type\":\"Article\",\"@id\":\"http:\\\/\\\/www.salesianos.edu\\\/revistasmx\\\/ca\\\/si-realment-vols-que-el-mon-vagi-per-un-altre-cami-empeny-se-tu-limpulsor-daquest-cami\\\/#article\",\"isPartOf\":{\"@id\":\"http:\\\/\\\/www.salesianos.edu\\\/revistasmx\\\/ca\\\/si-realment-vols-que-el-mon-vagi-per-un-altre-cami-empeny-se-tu-limpulsor-daquest-cami\\\/\"},\"author\":{\"name\":\"joseluisgarciamoscoso\",\"@id\":\"http:\\\/\\\/www.salesianos.edu\\\/revistasmx\\\/#\\\/schema\\\/person\\\/a1d72ee5373cce7347fb2993ba9f47d6\"},\"headline\":\"\u201cSi realment vols que el m\u00f3n vagi per un altre cam\u00ed, empeny, s\u00e9 tu l&#8217;impulsor d&#8217;aquest cam\u00ed\u201d\",\"datePublished\":\"2019-03-24T19:30:01+00:00\",\"dateModified\":\"2019-04-03T14:06:47+00:00\",\"mainEntityOfPage\":{\"@id\":\"http:\\\/\\\/www.salesianos.edu\\\/revistasmx\\\/ca\\\/si-realment-vols-que-el-mon-vagi-per-un-altre-cami-empeny-se-tu-limpulsor-daquest-cami\\\/\"},\"wordCount\":588,\"commentCount\":0,\"image\":{\"@id\":\"http:\\\/\\\/www.salesianos.edu\\\/revistasmx\\\/ca\\\/si-realment-vols-que-el-mon-vagi-per-un-altre-cami-empeny-se-tu-limpulsor-daquest-cami\\\/#primaryimage\"},\"thumbnailUrl\":\"http:\\\/\\\/www.salesianos.edu\\\/revistasmx\\\/wp-content\\\/uploads\\\/sites\\\/8\\\/2019\\\/04\\\/Cristina-Riquelme.png\",\"keywords\":[\"SMX 46\"],\"articleSection\":[\"PREGUNTA - RESPOSTA\"],\"inLanguage\":\"es\",\"potentialAction\":[{\"@type\":\"CommentAction\",\"name\":\"Comment\",\"target\":[\"http:\\\/\\\/www.salesianos.edu\\\/revistasmx\\\/ca\\\/si-realment-vols-que-el-mon-vagi-per-un-altre-cami-empeny-se-tu-limpulsor-daquest-cami\\\/#respond\"]}]},{\"@type\":\"WebPage\",\"@id\":\"http:\\\/\\\/www.salesianos.edu\\\/revistasmx\\\/ca\\\/si-realment-vols-que-el-mon-vagi-per-un-altre-cami-empeny-se-tu-limpulsor-daquest-cami\\\/\",\"url\":\"http:\\\/\\\/www.salesianos.edu\\\/revistasmx\\\/ca\\\/si-realment-vols-que-el-mon-vagi-per-un-altre-cami-empeny-se-tu-limpulsor-daquest-cami\\\/\",\"name\":\"\u201cSi realment vols que el m\u00f3n vagi per un altre cam\u00ed, empeny, s\u00e9 tu l'impulsor d'aquest cam\u00ed\u201d - Revista SMX\",\"isPartOf\":{\"@id\":\"http:\\\/\\\/www.salesianos.edu\\\/revistasmx\\\/#website\"},\"primaryImageOfPage\":{\"@id\":\"http:\\\/\\\/www.salesianos.edu\\\/revistasmx\\\/ca\\\/si-realment-vols-que-el-mon-vagi-per-un-altre-cami-empeny-se-tu-limpulsor-daquest-cami\\\/#primaryimage\"},\"image\":{\"@id\":\"http:\\\/\\\/www.salesianos.edu\\\/revistasmx\\\/ca\\\/si-realment-vols-que-el-mon-vagi-per-un-altre-cami-empeny-se-tu-limpulsor-daquest-cami\\\/#primaryimage\"},\"thumbnailUrl\":\"http:\\\/\\\/www.salesianos.edu\\\/revistasmx\\\/wp-content\\\/uploads\\\/sites\\\/8\\\/2019\\\/04\\\/Cristina-Riquelme.png\",\"datePublished\":\"2019-03-24T19:30:01+00:00\",\"dateModified\":\"2019-04-03T14:06:47+00:00\",\"author\":{\"@id\":\"http:\\\/\\\/www.salesianos.edu\\\/revistasmx\\\/#\\\/schema\\\/person\\\/a1d72ee5373cce7347fb2993ba9f47d6\"},\"breadcrumb\":{\"@id\":\"http:\\\/\\\/www.salesianos.edu\\\/revistasmx\\\/ca\\\/si-realment-vols-que-el-mon-vagi-per-un-altre-cami-empeny-se-tu-limpulsor-daquest-cami\\\/#breadcrumb\"},\"inLanguage\":\"es\",\"potentialAction\":[{\"@type\":\"ReadAction\",\"target\":[\"http:\\\/\\\/www.salesianos.edu\\\/revistasmx\\\/ca\\\/si-realment-vols-que-el-mon-vagi-per-un-altre-cami-empeny-se-tu-limpulsor-daquest-cami\\\/\"]}]},{\"@type\":\"ImageObject\",\"inLanguage\":\"es\",\"@id\":\"http:\\\/\\\/www.salesianos.edu\\\/revistasmx\\\/ca\\\/si-realment-vols-que-el-mon-vagi-per-un-altre-cami-empeny-se-tu-limpulsor-daquest-cami\\\/#primaryimage\",\"url\":\"http:\\\/\\\/www.salesianos.edu\\\/revistasmx\\\/wp-content\\\/uploads\\\/sites\\\/8\\\/2019\\\/04\\\/Cristina-Riquelme.png\",\"contentUrl\":\"http:\\\/\\\/www.salesianos.edu\\\/revistasmx\\\/wp-content\\\/uploads\\\/sites\\\/8\\\/2019\\\/04\\\/Cristina-Riquelme.png\",\"width\":1038,\"height\":575},{\"@type\":\"BreadcrumbList\",\"@id\":\"http:\\\/\\\/www.salesianos.edu\\\/revistasmx\\\/ca\\\/si-realment-vols-que-el-mon-vagi-per-un-altre-cami-empeny-se-tu-limpulsor-daquest-cami\\\/#breadcrumb\",\"itemListElement\":[{\"@type\":\"ListItem\",\"position\":1,\"name\":\"Portada\",\"item\":\"https:\\\/\\\/www.salesianos.edu\\\/revistasmx\\\/\"},{\"@type\":\"ListItem\",\"position\":2,\"name\":\"\u201cSi realment vols que el m\u00f3n vagi per un altre cam\u00ed, empeny, s\u00e9 tu l&#8217;impulsor d&#8217;aquest cam\u00ed\u201d\"}]},{\"@type\":\"WebSite\",\"@id\":\"http:\\\/\\\/www.salesianos.edu\\\/revistasmx\\\/#website\",\"url\":\"http:\\\/\\\/www.salesianos.edu\\\/revistasmx\\\/\",\"name\":\"Revista SMX\",\"description\":\"P\u00e1gina oficial de Inspector\u00eda Salesiana Mar\u00eda Auxiliadora\",\"potentialAction\":[{\"@type\":\"SearchAction\",\"target\":{\"@type\":\"EntryPoint\",\"urlTemplate\":\"http:\\\/\\\/www.salesianos.edu\\\/revistasmx\\\/?s={search_term_string}\"},\"query-input\":{\"@type\":\"PropertyValueSpecification\",\"valueRequired\":true,\"valueName\":\"search_term_string\"}}],\"inLanguage\":\"es\"},{\"@type\":\"Person\",\"@id\":\"http:\\\/\\\/www.salesianos.edu\\\/revistasmx\\\/#\\\/schema\\\/person\\\/a1d72ee5373cce7347fb2993ba9f47d6\",\"name\":\"joseluisgarciamoscoso\",\"image\":{\"@type\":\"ImageObject\",\"inLanguage\":\"es\",\"@id\":\"https:\\\/\\\/secure.gravatar.com\\\/avatar\\\/3fda3a0b2db3bc9a39871e47cbd526b42d6c3b74755b7ae1400a87b2913fea6a?s=96&d=mm&r=g\",\"url\":\"https:\\\/\\\/secure.gravatar.com\\\/avatar\\\/3fda3a0b2db3bc9a39871e47cbd526b42d6c3b74755b7ae1400a87b2913fea6a?s=96&d=mm&r=g\",\"contentUrl\":\"https:\\\/\\\/secure.gravatar.com\\\/avatar\\\/3fda3a0b2db3bc9a39871e47cbd526b42d6c3b74755b7ae1400a87b2913fea6a?s=96&d=mm&r=g\",\"caption\":\"joseluisgarciamoscoso\"}}]}<\/script>\n<!-- \/ Yoast SEO plugin. -->","yoast_head_json":{"title":"\u201cSi realment vols que el m\u00f3n vagi per un altre cam\u00ed, empeny, s\u00e9 tu l'impulsor d'aquest cam\u00ed\u201d - Revista SMX","robots":{"index":"index","follow":"follow","max-snippet":"max-snippet:-1","max-image-preview":"max-image-preview:large","max-video-preview":"max-video-preview:-1"},"canonical":"http:\/\/www.salesianos.edu\/revistasmx\/ca\/si-realment-vols-que-el-mon-vagi-per-un-altre-cami-empeny-se-tu-limpulsor-daquest-cami\/","og_locale":"es_ES","og_type":"article","og_title":"\u201cSi realment vols que el m\u00f3n vagi per un altre cam\u00ed, empeny, s\u00e9 tu l'impulsor d'aquest cam\u00ed\u201d - Revista SMX","og_description":"Cristina Riquelme \u00e9s la coordinadora del programa ALRASO de la Fundaci\u00f3 \u00c1ngel Tom\u00e1s- FISAT. Aquest projecte treballa amb persones migrants afavorint un acolliment integral i acompanyant-los en una inserci\u00f3 en la societat com a ciutadans participatius i actius.","og_url":"http:\/\/www.salesianos.edu\/revistasmx\/ca\/si-realment-vols-que-el-mon-vagi-per-un-altre-cami-empeny-se-tu-limpulsor-daquest-cami\/","og_site_name":"Revista SMX","article_published_time":"2019-03-24T19:30:01+00:00","article_modified_time":"2019-04-03T14:06:47+00:00","og_image":[{"width":1038,"height":575,"url":"http:\/\/www.salesianos.edu\/revistasmx\/wp-content\/uploads\/sites\/8\/2019\/04\/Cristina-Riquelme.png","type":"image\/png"}],"author":"joseluisgarciamoscoso","twitter_card":"summary_large_image","twitter_misc":{"Escrito por":"joseluisgarciamoscoso","Tiempo de lectura":"3 minutos"},"schema":{"@context":"https:\/\/schema.org","@graph":[{"@type":"Article","@id":"http:\/\/www.salesianos.edu\/revistasmx\/ca\/si-realment-vols-que-el-mon-vagi-per-un-altre-cami-empeny-se-tu-limpulsor-daquest-cami\/#article","isPartOf":{"@id":"http:\/\/www.salesianos.edu\/revistasmx\/ca\/si-realment-vols-que-el-mon-vagi-per-un-altre-cami-empeny-se-tu-limpulsor-daquest-cami\/"},"author":{"name":"joseluisgarciamoscoso","@id":"http:\/\/www.salesianos.edu\/revistasmx\/#\/schema\/person\/a1d72ee5373cce7347fb2993ba9f47d6"},"headline":"\u201cSi realment vols que el m\u00f3n vagi per un altre cam\u00ed, empeny, s\u00e9 tu l&#8217;impulsor d&#8217;aquest cam\u00ed\u201d","datePublished":"2019-03-24T19:30:01+00:00","dateModified":"2019-04-03T14:06:47+00:00","mainEntityOfPage":{"@id":"http:\/\/www.salesianos.edu\/revistasmx\/ca\/si-realment-vols-que-el-mon-vagi-per-un-altre-cami-empeny-se-tu-limpulsor-daquest-cami\/"},"wordCount":588,"commentCount":0,"image":{"@id":"http:\/\/www.salesianos.edu\/revistasmx\/ca\/si-realment-vols-que-el-mon-vagi-per-un-altre-cami-empeny-se-tu-limpulsor-daquest-cami\/#primaryimage"},"thumbnailUrl":"http:\/\/www.salesianos.edu\/revistasmx\/wp-content\/uploads\/sites\/8\/2019\/04\/Cristina-Riquelme.png","keywords":["SMX 46"],"articleSection":["PREGUNTA - RESPOSTA"],"inLanguage":"es","potentialAction":[{"@type":"CommentAction","name":"Comment","target":["http:\/\/www.salesianos.edu\/revistasmx\/ca\/si-realment-vols-que-el-mon-vagi-per-un-altre-cami-empeny-se-tu-limpulsor-daquest-cami\/#respond"]}]},{"@type":"WebPage","@id":"http:\/\/www.salesianos.edu\/revistasmx\/ca\/si-realment-vols-que-el-mon-vagi-per-un-altre-cami-empeny-se-tu-limpulsor-daquest-cami\/","url":"http:\/\/www.salesianos.edu\/revistasmx\/ca\/si-realment-vols-que-el-mon-vagi-per-un-altre-cami-empeny-se-tu-limpulsor-daquest-cami\/","name":"\u201cSi realment vols que el m\u00f3n vagi per un altre cam\u00ed, empeny, s\u00e9 tu l'impulsor d'aquest cam\u00ed\u201d - Revista SMX","isPartOf":{"@id":"http:\/\/www.salesianos.edu\/revistasmx\/#website"},"primaryImageOfPage":{"@id":"http:\/\/www.salesianos.edu\/revistasmx\/ca\/si-realment-vols-que-el-mon-vagi-per-un-altre-cami-empeny-se-tu-limpulsor-daquest-cami\/#primaryimage"},"image":{"@id":"http:\/\/www.salesianos.edu\/revistasmx\/ca\/si-realment-vols-que-el-mon-vagi-per-un-altre-cami-empeny-se-tu-limpulsor-daquest-cami\/#primaryimage"},"thumbnailUrl":"http:\/\/www.salesianos.edu\/revistasmx\/wp-content\/uploads\/sites\/8\/2019\/04\/Cristina-Riquelme.png","datePublished":"2019-03-24T19:30:01+00:00","dateModified":"2019-04-03T14:06:47+00:00","author":{"@id":"http:\/\/www.salesianos.edu\/revistasmx\/#\/schema\/person\/a1d72ee5373cce7347fb2993ba9f47d6"},"breadcrumb":{"@id":"http:\/\/www.salesianos.edu\/revistasmx\/ca\/si-realment-vols-que-el-mon-vagi-per-un-altre-cami-empeny-se-tu-limpulsor-daquest-cami\/#breadcrumb"},"inLanguage":"es","potentialAction":[{"@type":"ReadAction","target":["http:\/\/www.salesianos.edu\/revistasmx\/ca\/si-realment-vols-que-el-mon-vagi-per-un-altre-cami-empeny-se-tu-limpulsor-daquest-cami\/"]}]},{"@type":"ImageObject","inLanguage":"es","@id":"http:\/\/www.salesianos.edu\/revistasmx\/ca\/si-realment-vols-que-el-mon-vagi-per-un-altre-cami-empeny-se-tu-limpulsor-daquest-cami\/#primaryimage","url":"http:\/\/www.salesianos.edu\/revistasmx\/wp-content\/uploads\/sites\/8\/2019\/04\/Cristina-Riquelme.png","contentUrl":"http:\/\/www.salesianos.edu\/revistasmx\/wp-content\/uploads\/sites\/8\/2019\/04\/Cristina-Riquelme.png","width":1038,"height":575},{"@type":"BreadcrumbList","@id":"http:\/\/www.salesianos.edu\/revistasmx\/ca\/si-realment-vols-que-el-mon-vagi-per-un-altre-cami-empeny-se-tu-limpulsor-daquest-cami\/#breadcrumb","itemListElement":[{"@type":"ListItem","position":1,"name":"Portada","item":"https:\/\/www.salesianos.edu\/revistasmx\/"},{"@type":"ListItem","position":2,"name":"\u201cSi realment vols que el m\u00f3n vagi per un altre cam\u00ed, empeny, s\u00e9 tu l&#8217;impulsor d&#8217;aquest cam\u00ed\u201d"}]},{"@type":"WebSite","@id":"http:\/\/www.salesianos.edu\/revistasmx\/#website","url":"http:\/\/www.salesianos.edu\/revistasmx\/","name":"Revista SMX","description":"P\u00e1gina oficial de Inspector\u00eda Salesiana Mar\u00eda Auxiliadora","potentialAction":[{"@type":"SearchAction","target":{"@type":"EntryPoint","urlTemplate":"http:\/\/www.salesianos.edu\/revistasmx\/?s={search_term_string}"},"query-input":{"@type":"PropertyValueSpecification","valueRequired":true,"valueName":"search_term_string"}}],"inLanguage":"es"},{"@type":"Person","@id":"http:\/\/www.salesianos.edu\/revistasmx\/#\/schema\/person\/a1d72ee5373cce7347fb2993ba9f47d6","name":"joseluisgarciamoscoso","image":{"@type":"ImageObject","inLanguage":"es","@id":"https:\/\/secure.gravatar.com\/avatar\/3fda3a0b2db3bc9a39871e47cbd526b42d6c3b74755b7ae1400a87b2913fea6a?s=96&d=mm&r=g","url":"https:\/\/secure.gravatar.com\/avatar\/3fda3a0b2db3bc9a39871e47cbd526b42d6c3b74755b7ae1400a87b2913fea6a?s=96&d=mm&r=g","contentUrl":"https:\/\/secure.gravatar.com\/avatar\/3fda3a0b2db3bc9a39871e47cbd526b42d6c3b74755b7ae1400a87b2913fea6a?s=96&d=mm&r=g","caption":"joseluisgarciamoscoso"}}]}},"_links":{"self":[{"href":"http:\/\/www.salesianos.edu\/revistasmx\/wp-json\/wp\/v2\/posts\/11239","targetHints":{"allow":["GET"]}}],"collection":[{"href":"http:\/\/www.salesianos.edu\/revistasmx\/wp-json\/wp\/v2\/posts"}],"about":[{"href":"http:\/\/www.salesianos.edu\/revistasmx\/wp-json\/wp\/v2\/types\/post"}],"author":[{"embeddable":true,"href":"http:\/\/www.salesianos.edu\/revistasmx\/wp-json\/wp\/v2\/users\/12"}],"replies":[{"embeddable":true,"href":"http:\/\/www.salesianos.edu\/revistasmx\/wp-json\/wp\/v2\/comments?post=11239"}],"version-history":[{"count":2,"href":"http:\/\/www.salesianos.edu\/revistasmx\/wp-json\/wp\/v2\/posts\/11239\/revisions"}],"predecessor-version":[{"id":11241,"href":"http:\/\/www.salesianos.edu\/revistasmx\/wp-json\/wp\/v2\/posts\/11239\/revisions\/11241"}],"wp:featuredmedia":[{"embeddable":true,"href":"http:\/\/www.salesianos.edu\/revistasmx\/wp-json\/wp\/v2\/media\/11236"}],"wp:attachment":[{"href":"http:\/\/www.salesianos.edu\/revistasmx\/wp-json\/wp\/v2\/media?parent=11239"}],"wp:term":[{"taxonomy":"category","embeddable":true,"href":"http:\/\/www.salesianos.edu\/revistasmx\/wp-json\/wp\/v2\/categories?post=11239"},{"taxonomy":"post_tag","embeddable":true,"href":"http:\/\/www.salesianos.edu\/revistasmx\/wp-json\/wp\/v2\/tags?post=11239"}],"curies":[{"name":"wp","href":"https:\/\/api.w.org\/{rel}","templated":true}]}}