{"id":10977,"date":"2019-02-24T14:00:51","date_gmt":"2019-02-24T13:00:51","guid":{"rendered":"http:\/\/www.salesianos.edu\/revistasmx\/?p=10977"},"modified":"2019-03-05T11:33:56","modified_gmt":"2019-03-05T10:33:56","slug":"in-memoriam-antonio-cesar-fernandez-fernandez-2","status":"publish","type":"post","link":"http:\/\/www.salesianos.edu\/revistasmx\/ca\/in-memoriam-antonio-cesar-fernandez-fernandez-2\/","title":{"rendered":"In Memoriam: Antonio C\u00e9sar Fern\u00e1ndez Fern\u00e1ndez"},"content":{"rendered":"<div id=\"fb-root\"><\/div>\n<p>[et_pb_section bb_built=\u00bb1&#8243;][et_pb_row][et_pb_column type=\u00bb4_4&#8243;][et_pb_text _builder_version=\u00bb3.19.18&#8243;]<\/p>\n<p>\n<strong><img loading=\"lazy\" decoding=\"async\" class=\"wp-image-10978 alignleft\" src=\"https:\/\/www.salesianos.edu\/revistasmx\/wp-content\/uploads\/sites\/8\/2019\/02\/CesarFernandez-1-287x300.jpg\" alt=\"\" width=\"195\" height=\"204\" srcset=\"http:\/\/www.salesianos.edu\/revistasmx\/wp-content\/uploads\/sites\/8\/2019\/02\/CesarFernandez-1-287x300.jpg 287w, http:\/\/www.salesianos.edu\/revistasmx\/wp-content\/uploads\/sites\/8\/2019\/02\/CesarFernandez-1.jpg 567w\" sizes=\"(max-width: 195px) 100vw, 195px\" \/>Antonio C\u00e9sar Fern\u00e1ndez Fern\u00e1ndez va faltar el 15 de febrer en Burkina Faso. Tenia 72 anys d&#8217;edat i havia complert els 55 de salesi\u00e0 i els 46 de sacerdot.<\/strong><\/p>\n<p>Antonio C\u00e9sar Fern\u00e1ndez Fern\u00e1ndez, nascut en Pozoblanco el 7 de juliol de 1946, va ser missioner en diversos pa\u00efsos d&#8217;\u00c0frica des de 1982, sent fundador en aquell any de la pres\u00e8ncia salesiana a Togo, sent la seva primera destinaci\u00f3. Al llarg de la seva traject\u00f2ria va treballar com a mestre de novicis (1988 &#8211; 1998) i hi va exercir, entre altres funcions, com a delegat de l\u2019AFO en el Cap\u00edtol General 25 (2002). En l&#8217;actualitat exercia el seu ministeri a Burkina Faso. Tenia 72 anys d&#8217;edat i havia complert els 55 de salesi\u00e0 i els 46 de sacerdot.<\/p>\n<p>Aquest atac s&#8217;emmarca dins de l&#8217;ona de viol\u00e8ncia que assola Burkina Faso des de 2015, en un context que ha viscut una recrudesc\u00e8ncia de l&#8217;amena\u00e7a terrorista en les \u00faltimes setmanes despr\u00e9s de la celebraci\u00f3 de la V Confer\u00e8ncia de Caps d&#8217;Estat del G5 del Sahel, en la qual aquest pa\u00eds va assumir la presid\u00e8ncia rotat\u00f2ria.<\/p>\n<p>Que el Senyor Ressuscitat aculli amb tendresa el germ\u00e0 Antonio C\u00e9sar entre tots aquells que han lliurat la seva vida a la missi\u00f3 salesiana, i que Maria Auxiliadora, a la qual tant va estimar, ho aculli amb l&#8217;afecte de Bona Mare del cel.<\/p>\n<p>Descansi en pau.<\/p>\n<p>[\/et_pb_text][et_pb_testimonial _builder_version=\u00bb3.19.18&#8243; author=\u00bbAlfonso Francia, sdb (Per\u00fa-Lima) \u00bb quote_icon_background_color=\u00bb#f5f5f5&#8243;]<\/p>\n<p><strong>A C\u00e9sar, el meu germ\u00e0 salesi\u00e0, el van matar <\/strong><\/p>\n<p>Ja era heroi, tot i que no l\u2019haguessin matat de tres trets els enemics de D\u00e9u, i dels homes. C\u00e9sar fou dels primers (1982) que van sembrar la llavor de la fe, en clau salesiana, en una part d\u2019\u00c0frica. La llavor fou bona, regada amb molta suor, alguna ll\u00e0grima i tota llur sang. Per\u00f2 la collita \u00e9s espl\u00e8ndida.<\/p>\n<p>El tragueren del cotxe juntament amb altres dos salesians i en el boscatge el crivellaren. \u00bfEls altres dos salesians sentiren els trets i cregueren que serien els seg\u00fcents? No en tinc dades, per\u00f2 segur que estarien disposats. Aquesta actitud \u00e9s la meravellosa realitat de l\u2019Esgl\u00e9sia, de milers i milers de cristians de totes les cultures i llocs -sacerdots, religiosos, catequistes o cristians \u00abdel carrer\u00bb-, que estan disposats a donar llur vida, llur sang i energies, per estendre el regne d\u2019amor sobre la terra. Nom\u00e9s els cal una bala i qui premi el gallet, alg\u00fa dels qui acumulen tant d\u2019odi &#8230; Serien milers i milers els qui regarien amb llur sang la terra que conreen amb tant d\u2019heroisme.<\/p>\n<p>Com estem tan informats sobre la maldat i crueltat del cor hum\u00e0 i de tants pecats, i tan poc informats de les hero\u00efcitats de molts, cristians i no cristians?<\/p>\n<p>Els qui ens tractem amb tanta gent meravellosa, ens enutgem, no nom\u00e9s davant dels criminals, delinq\u00fcents i \u00abdesentesos\u00bb dels problemes del m\u00f3n, sin\u00f3 tamb\u00e9 perqu\u00e8 ens empassem tantes not\u00edcies de maldats, ens acostumem al triomf aparent del mal i vivim como anestesiats o porucs, refugiats en les nostres ignor\u00e0ncies i covardies, en els nostres temples tan \u00abacollidors\u00bb, i en els nostres grups \u00abtebis\u00bb, aut\u00e8ntics dormidors, peixeres on ens movem fent mil piruetes \u00abreligioses\u00bb, atractives per acolorides, en qu\u00e8 entretenim, ens entretenim, i on morim sense alimentar en res, amb res, els m\u00e9s necessitats de tot. Ai!, les nostres espiritualitats sense esperit, sense \u00e0nima, sense el foc pentecostal que voler fer-nos saltar cap a les perif\u00e8ries dels germans sense pa, sense cultura, sense medicines, sense fe, sense veu &#8230; \u00abCa\u00edn, Ca\u00edn, qu\u00e8 n\u2019has fet del teu germ\u00e0?\u00bb<\/p>\n<p>Hi ha delinq\u00fcents perqu\u00e8 destrueixen vides i omplen de creus els nostres carrers, i n\u2019hi ha perqu\u00e8 omplen el seu cos i carrer de creus, per\u00f2 no destrueixen les creus de tants germans.<\/p>\n<p>\u00c9s una constataci\u00f3 i una lamentaci\u00f3 molt universals, que ja expressava el poeta espanyol: \u00abEn temps de les nacions b\u00e0rbares, penjaven els lladres de les creus, per\u00f2 ara en el segle de les llums, del coll del lladre pengen les creus\u00bb.<\/p>\n<p>Gl\u00f2ria als nostres herois, a tants C\u00e9sar, fets a imatge i semblan\u00e7a d\u2019aquest D\u00e9u, que crea homes amb tanta humanitat, y que donen llur vida, cruenta o incruenta, per amor!<\/p>\n<p>C\u00e9sar era el meu germ\u00e0 de la Inspectoria Sevilla. Ens vam trobar diverses vegades en el meu poble de Salamanca, on vivien familiars seus; ens vam trobar a Madrid i a \u00c0frica on ell sembr\u00e0 llur vida. El seu rostre, les seves paraules, les paraules totes dels altres, parlaven un\u00e0nimement de llur qualitat humana, del seu estil salesi\u00e0, de les seves opcions sempre en sortida cap a les perif\u00e8ries.<\/p>\n<p>No sabem si li van prendre la vida per ser sacerdot, religi\u00f3s o per la seva fe, s\u00ed sabem que perd\u00e9, o millor dit, don\u00e0 llur vida per la fe i l\u2019amor; sens dubte per aix\u00f2 se\u2019n an\u00e0 a l\u2019\u00c0frica. All\u00ed, el pecat criminal de sang, li avan\u00e7\u00e0 la VIDA i la felicitat. \u00abOh feli\u00e7 pecat\u00bb, cantem en la Lit\u00fargia de la Nit de Pasqua&#8230;<\/p>\n<p>Segur que, des del cel, ens portar\u00e0 m\u00e9s vocacions i les formar\u00e0 millor fins i tot que quan va \u00e9sser Pare Mestre tants anys all\u00e0 a Togo. Els seus novicis d\u2019aleshores, no veuran ara la coher\u00e8ncia dels seus ensenyaments? \u201cNing\u00fa no t\u00e9 un amor m\u00e9s gran que el qui dona la vida pels seus amics\u201d, va dir Crist. I jo em permeto afegir: \u201cestima m\u00e9s qui dona la seva vida \u00e0dhuc pels seus enemics\u201d.<\/p>\n<p>Gr\u00e0cies, C\u00e9sar, i prega per nosaltres.<\/p>\n<p>[\/et_pb_testimonial][\/et_pb_column][\/et_pb_row][\/et_pb_section]<\/p>\n","protected":false},"excerpt":{"rendered":"<p>Antonio C\u00e9sar Fern\u00e1ndez Fern\u00e1ndez va faltar el 15 de febrer en Burkina Faso. Tenia 72 anys d&#8217;edat i havia complert els 55 de salesi\u00e0 i els 46 de sacerdot.<\/p>\n","protected":false},"author":12,"featured_media":11115,"comment_status":"open","ping_status":"closed","sticky":false,"template":"","format":"standard","meta":{"_et_pb_use_builder":"on","_et_pb_old_content":"<p><strong><img class=\"wp-image-10978 alignleft\" src=\"https:\/\/www.salesianos.edu\/revistasmx\/wp-content\/uploads\/sites\/8\/2019\/02\/CesarFernandez-1-287x300.jpg\" alt=\"\" width=\"195\" height=\"204\" \/>Antonio C\u00e9sar Fern\u00e1ndez Fern\u00e1ndez va faltar el 15 de febrer en Burkina Faso. Tenia 72 anys d'edat i havia complert els 55 de salesi\u00e0 i els 46 de sacerdot.<\/strong><\/p><p>Antonio C\u00e9sar Fern\u00e1ndez Fern\u00e1ndez, nascut en Pozoblanco el 7 de juliol de 1946, va ser missioner en diversos pa\u00efsos d'\u00c0frica des de 1982, sent fundador en aquell any de la pres\u00e8ncia salesiana a Togo, sent la seva primera destinaci\u00f3. Al llarg de la seva traject\u00f2ria va treballar com a mestre de novicis (1988 - 1998) i hi va exercir, entre altres funcions, com a delegat de l\u2019AFO en el Cap\u00edtol General 25 (2002). En l'actualitat exercia el seu ministeri a Burkina Faso. Tenia 72 anys d'edat i havia complert els 55 de salesi\u00e0 i els 46 de sacerdot.<\/p><p>Aquest atac s'emmarca dins de l'ona de viol\u00e8ncia que assola Burkina Faso des de 2015, en un context que ha viscut una recrudesc\u00e8ncia de l'amena\u00e7a terrorista en les \u00faltimes setmanes despr\u00e9s de la celebraci\u00f3 de la V Confer\u00e8ncia de Caps d'Estat del G5 del Sahel, en la qual aquest pa\u00eds va assumir la presid\u00e8ncia rotat\u00f2ria.<\/p><p>Que el Senyor Ressuscitat aculli amb tendresa el germ\u00e0 Antonio C\u00e9sar entre tots aquells que han lliurat la seva vida a la missi\u00f3 salesiana, i que Maria Auxiliadora, a la qual tant va estimar, ho aculli amb l'afecte de Bona Mare del cel.<\/p><p>Descansi en pau.<\/p>","_et_gb_content_width":"","footnotes":""},"categories":[57],"tags":[308],"class_list":["post-10977","post","type-post","status-publish","format-standard","has-post-thumbnail","hentry","category-in-memoriam-ca","tag-smx45-ca"],"yoast_head":"<!-- This site is optimized with the Yoast SEO plugin v27.5 - https:\/\/yoast.com\/product\/yoast-seo-wordpress\/ -->\n<title>In Memoriam: Antonio C\u00e9sar Fern\u00e1ndez Fern\u00e1ndez - Revista SMX<\/title>\n<meta name=\"robots\" content=\"index, follow, max-snippet:-1, max-image-preview:large, max-video-preview:-1\" \/>\n<link rel=\"canonical\" href=\"http:\/\/www.salesianos.edu\/revistasmx\/ca\/in-memoriam-antonio-cesar-fernandez-fernandez-2\/\" \/>\n<meta property=\"og:locale\" content=\"es_ES\" \/>\n<meta property=\"og:type\" content=\"article\" \/>\n<meta property=\"og:title\" content=\"In Memoriam: Antonio C\u00e9sar Fern\u00e1ndez Fern\u00e1ndez - Revista SMX\" \/>\n<meta property=\"og:description\" content=\"Antonio C\u00e9sar Fern\u00e1ndez Fern\u00e1ndez va faltar el 15 de febrer en Burkina Faso. Tenia 72 anys d&#039;edat i havia complert els 55 de salesi\u00e0 i els 46 de sacerdot.\" \/>\n<meta property=\"og:url\" content=\"http:\/\/www.salesianos.edu\/revistasmx\/ca\/in-memoriam-antonio-cesar-fernandez-fernandez-2\/\" \/>\n<meta property=\"og:site_name\" content=\"Revista SMX\" \/>\n<meta property=\"article:published_time\" content=\"2019-02-24T13:00:51+00:00\" \/>\n<meta property=\"article:modified_time\" content=\"2019-03-05T10:33:56+00:00\" \/>\n<meta property=\"og:image\" content=\"https:\/\/www.salesianos.edu\/revistasmx\/wp-content\/uploads\/sites\/8\/2019\/02\/CesarFernandez_600.jpg\" \/>\n\t<meta property=\"og:image:width\" content=\"600\" \/>\n\t<meta property=\"og:image:height\" content=\"400\" \/>\n\t<meta property=\"og:image:type\" content=\"image\/jpeg\" \/>\n<meta name=\"author\" content=\"joseluisgarciamoscoso\" \/>\n<meta name=\"twitter:card\" content=\"summary_large_image\" \/>\n<meta name=\"twitter:label1\" content=\"Escrito por\" \/>\n\t<meta name=\"twitter:data1\" content=\"joseluisgarciamoscoso\" \/>\n\t<meta name=\"twitter:label2\" content=\"Tiempo de lectura\" \/>\n\t<meta name=\"twitter:data2\" content=\"5 minutos\" \/>\n<script type=\"application\/ld+json\" class=\"yoast-schema-graph\">{\"@context\":\"https:\\\/\\\/schema.org\",\"@graph\":[{\"@type\":\"Article\",\"@id\":\"http:\\\/\\\/www.salesianos.edu\\\/revistasmx\\\/ca\\\/in-memoriam-antonio-cesar-fernandez-fernandez-2\\\/#article\",\"isPartOf\":{\"@id\":\"http:\\\/\\\/www.salesianos.edu\\\/revistasmx\\\/ca\\\/in-memoriam-antonio-cesar-fernandez-fernandez-2\\\/\"},\"author\":{\"name\":\"joseluisgarciamoscoso\",\"@id\":\"http:\\\/\\\/www.salesianos.edu\\\/revistasmx\\\/#\\\/schema\\\/person\\\/a1d72ee5373cce7347fb2993ba9f47d6\"},\"headline\":\"In Memoriam: Antonio C\u00e9sar Fern\u00e1ndez Fern\u00e1ndez\",\"datePublished\":\"2019-02-24T13:00:51+00:00\",\"dateModified\":\"2019-03-05T10:33:56+00:00\",\"mainEntityOfPage\":{\"@id\":\"http:\\\/\\\/www.salesianos.edu\\\/revistasmx\\\/ca\\\/in-memoriam-antonio-cesar-fernandez-fernandez-2\\\/\"},\"wordCount\":1015,\"commentCount\":0,\"image\":{\"@id\":\"http:\\\/\\\/www.salesianos.edu\\\/revistasmx\\\/ca\\\/in-memoriam-antonio-cesar-fernandez-fernandez-2\\\/#primaryimage\"},\"thumbnailUrl\":\"http:\\\/\\\/www.salesianos.edu\\\/revistasmx\\\/wp-content\\\/uploads\\\/sites\\\/8\\\/2019\\\/02\\\/CesarFernandez_600.jpg\",\"keywords\":[\"smx45\"],\"articleSection\":[\"IN MEMORIAM\"],\"inLanguage\":\"es\",\"potentialAction\":[{\"@type\":\"CommentAction\",\"name\":\"Comment\",\"target\":[\"http:\\\/\\\/www.salesianos.edu\\\/revistasmx\\\/ca\\\/in-memoriam-antonio-cesar-fernandez-fernandez-2\\\/#respond\"]}]},{\"@type\":\"WebPage\",\"@id\":\"http:\\\/\\\/www.salesianos.edu\\\/revistasmx\\\/ca\\\/in-memoriam-antonio-cesar-fernandez-fernandez-2\\\/\",\"url\":\"http:\\\/\\\/www.salesianos.edu\\\/revistasmx\\\/ca\\\/in-memoriam-antonio-cesar-fernandez-fernandez-2\\\/\",\"name\":\"In Memoriam: Antonio C\u00e9sar Fern\u00e1ndez Fern\u00e1ndez - Revista SMX\",\"isPartOf\":{\"@id\":\"http:\\\/\\\/www.salesianos.edu\\\/revistasmx\\\/#website\"},\"primaryImageOfPage\":{\"@id\":\"http:\\\/\\\/www.salesianos.edu\\\/revistasmx\\\/ca\\\/in-memoriam-antonio-cesar-fernandez-fernandez-2\\\/#primaryimage\"},\"image\":{\"@id\":\"http:\\\/\\\/www.salesianos.edu\\\/revistasmx\\\/ca\\\/in-memoriam-antonio-cesar-fernandez-fernandez-2\\\/#primaryimage\"},\"thumbnailUrl\":\"http:\\\/\\\/www.salesianos.edu\\\/revistasmx\\\/wp-content\\\/uploads\\\/sites\\\/8\\\/2019\\\/02\\\/CesarFernandez_600.jpg\",\"datePublished\":\"2019-02-24T13:00:51+00:00\",\"dateModified\":\"2019-03-05T10:33:56+00:00\",\"author\":{\"@id\":\"http:\\\/\\\/www.salesianos.edu\\\/revistasmx\\\/#\\\/schema\\\/person\\\/a1d72ee5373cce7347fb2993ba9f47d6\"},\"breadcrumb\":{\"@id\":\"http:\\\/\\\/www.salesianos.edu\\\/revistasmx\\\/ca\\\/in-memoriam-antonio-cesar-fernandez-fernandez-2\\\/#breadcrumb\"},\"inLanguage\":\"es\",\"potentialAction\":[{\"@type\":\"ReadAction\",\"target\":[\"http:\\\/\\\/www.salesianos.edu\\\/revistasmx\\\/ca\\\/in-memoriam-antonio-cesar-fernandez-fernandez-2\\\/\"]}]},{\"@type\":\"ImageObject\",\"inLanguage\":\"es\",\"@id\":\"http:\\\/\\\/www.salesianos.edu\\\/revistasmx\\\/ca\\\/in-memoriam-antonio-cesar-fernandez-fernandez-2\\\/#primaryimage\",\"url\":\"http:\\\/\\\/www.salesianos.edu\\\/revistasmx\\\/wp-content\\\/uploads\\\/sites\\\/8\\\/2019\\\/02\\\/CesarFernandez_600.jpg\",\"contentUrl\":\"http:\\\/\\\/www.salesianos.edu\\\/revistasmx\\\/wp-content\\\/uploads\\\/sites\\\/8\\\/2019\\\/02\\\/CesarFernandez_600.jpg\",\"width\":600,\"height\":400},{\"@type\":\"BreadcrumbList\",\"@id\":\"http:\\\/\\\/www.salesianos.edu\\\/revistasmx\\\/ca\\\/in-memoriam-antonio-cesar-fernandez-fernandez-2\\\/#breadcrumb\",\"itemListElement\":[{\"@type\":\"ListItem\",\"position\":1,\"name\":\"Portada\",\"item\":\"https:\\\/\\\/www.salesianos.edu\\\/revistasmx\\\/\"},{\"@type\":\"ListItem\",\"position\":2,\"name\":\"In Memoriam: Antonio C\u00e9sar Fern\u00e1ndez Fern\u00e1ndez\"}]},{\"@type\":\"WebSite\",\"@id\":\"http:\\\/\\\/www.salesianos.edu\\\/revistasmx\\\/#website\",\"url\":\"http:\\\/\\\/www.salesianos.edu\\\/revistasmx\\\/\",\"name\":\"Revista SMX\",\"description\":\"P\u00e1gina oficial de Inspector\u00eda Salesiana Mar\u00eda Auxiliadora\",\"potentialAction\":[{\"@type\":\"SearchAction\",\"target\":{\"@type\":\"EntryPoint\",\"urlTemplate\":\"http:\\\/\\\/www.salesianos.edu\\\/revistasmx\\\/?s={search_term_string}\"},\"query-input\":{\"@type\":\"PropertyValueSpecification\",\"valueRequired\":true,\"valueName\":\"search_term_string\"}}],\"inLanguage\":\"es\"},{\"@type\":\"Person\",\"@id\":\"http:\\\/\\\/www.salesianos.edu\\\/revistasmx\\\/#\\\/schema\\\/person\\\/a1d72ee5373cce7347fb2993ba9f47d6\",\"name\":\"joseluisgarciamoscoso\",\"image\":{\"@type\":\"ImageObject\",\"inLanguage\":\"es\",\"@id\":\"https:\\\/\\\/secure.gravatar.com\\\/avatar\\\/3fda3a0b2db3bc9a39871e47cbd526b42d6c3b74755b7ae1400a87b2913fea6a?s=96&d=mm&r=g\",\"url\":\"https:\\\/\\\/secure.gravatar.com\\\/avatar\\\/3fda3a0b2db3bc9a39871e47cbd526b42d6c3b74755b7ae1400a87b2913fea6a?s=96&d=mm&r=g\",\"contentUrl\":\"https:\\\/\\\/secure.gravatar.com\\\/avatar\\\/3fda3a0b2db3bc9a39871e47cbd526b42d6c3b74755b7ae1400a87b2913fea6a?s=96&d=mm&r=g\",\"caption\":\"joseluisgarciamoscoso\"}}]}<\/script>\n<!-- \/ Yoast SEO plugin. -->","yoast_head_json":{"title":"In Memoriam: Antonio C\u00e9sar Fern\u00e1ndez Fern\u00e1ndez - Revista SMX","robots":{"index":"index","follow":"follow","max-snippet":"max-snippet:-1","max-image-preview":"max-image-preview:large","max-video-preview":"max-video-preview:-1"},"canonical":"http:\/\/www.salesianos.edu\/revistasmx\/ca\/in-memoriam-antonio-cesar-fernandez-fernandez-2\/","og_locale":"es_ES","og_type":"article","og_title":"In Memoriam: Antonio C\u00e9sar Fern\u00e1ndez Fern\u00e1ndez - Revista SMX","og_description":"Antonio C\u00e9sar Fern\u00e1ndez Fern\u00e1ndez va faltar el 15 de febrer en Burkina Faso. Tenia 72 anys d'edat i havia complert els 55 de salesi\u00e0 i els 46 de sacerdot.","og_url":"http:\/\/www.salesianos.edu\/revistasmx\/ca\/in-memoriam-antonio-cesar-fernandez-fernandez-2\/","og_site_name":"Revista SMX","article_published_time":"2019-02-24T13:00:51+00:00","article_modified_time":"2019-03-05T10:33:56+00:00","og_image":[{"width":600,"height":400,"url":"https:\/\/www.salesianos.edu\/revistasmx\/wp-content\/uploads\/sites\/8\/2019\/02\/CesarFernandez_600.jpg","type":"image\/jpeg"}],"author":"joseluisgarciamoscoso","twitter_card":"summary_large_image","twitter_misc":{"Escrito por":"joseluisgarciamoscoso","Tiempo de lectura":"5 minutos"},"schema":{"@context":"https:\/\/schema.org","@graph":[{"@type":"Article","@id":"http:\/\/www.salesianos.edu\/revistasmx\/ca\/in-memoriam-antonio-cesar-fernandez-fernandez-2\/#article","isPartOf":{"@id":"http:\/\/www.salesianos.edu\/revistasmx\/ca\/in-memoriam-antonio-cesar-fernandez-fernandez-2\/"},"author":{"name":"joseluisgarciamoscoso","@id":"http:\/\/www.salesianos.edu\/revistasmx\/#\/schema\/person\/a1d72ee5373cce7347fb2993ba9f47d6"},"headline":"In Memoriam: Antonio C\u00e9sar Fern\u00e1ndez Fern\u00e1ndez","datePublished":"2019-02-24T13:00:51+00:00","dateModified":"2019-03-05T10:33:56+00:00","mainEntityOfPage":{"@id":"http:\/\/www.salesianos.edu\/revistasmx\/ca\/in-memoriam-antonio-cesar-fernandez-fernandez-2\/"},"wordCount":1015,"commentCount":0,"image":{"@id":"http:\/\/www.salesianos.edu\/revistasmx\/ca\/in-memoriam-antonio-cesar-fernandez-fernandez-2\/#primaryimage"},"thumbnailUrl":"http:\/\/www.salesianos.edu\/revistasmx\/wp-content\/uploads\/sites\/8\/2019\/02\/CesarFernandez_600.jpg","keywords":["smx45"],"articleSection":["IN MEMORIAM"],"inLanguage":"es","potentialAction":[{"@type":"CommentAction","name":"Comment","target":["http:\/\/www.salesianos.edu\/revistasmx\/ca\/in-memoriam-antonio-cesar-fernandez-fernandez-2\/#respond"]}]},{"@type":"WebPage","@id":"http:\/\/www.salesianos.edu\/revistasmx\/ca\/in-memoriam-antonio-cesar-fernandez-fernandez-2\/","url":"http:\/\/www.salesianos.edu\/revistasmx\/ca\/in-memoriam-antonio-cesar-fernandez-fernandez-2\/","name":"In Memoriam: Antonio C\u00e9sar Fern\u00e1ndez Fern\u00e1ndez - Revista SMX","isPartOf":{"@id":"http:\/\/www.salesianos.edu\/revistasmx\/#website"},"primaryImageOfPage":{"@id":"http:\/\/www.salesianos.edu\/revistasmx\/ca\/in-memoriam-antonio-cesar-fernandez-fernandez-2\/#primaryimage"},"image":{"@id":"http:\/\/www.salesianos.edu\/revistasmx\/ca\/in-memoriam-antonio-cesar-fernandez-fernandez-2\/#primaryimage"},"thumbnailUrl":"http:\/\/www.salesianos.edu\/revistasmx\/wp-content\/uploads\/sites\/8\/2019\/02\/CesarFernandez_600.jpg","datePublished":"2019-02-24T13:00:51+00:00","dateModified":"2019-03-05T10:33:56+00:00","author":{"@id":"http:\/\/www.salesianos.edu\/revistasmx\/#\/schema\/person\/a1d72ee5373cce7347fb2993ba9f47d6"},"breadcrumb":{"@id":"http:\/\/www.salesianos.edu\/revistasmx\/ca\/in-memoriam-antonio-cesar-fernandez-fernandez-2\/#breadcrumb"},"inLanguage":"es","potentialAction":[{"@type":"ReadAction","target":["http:\/\/www.salesianos.edu\/revistasmx\/ca\/in-memoriam-antonio-cesar-fernandez-fernandez-2\/"]}]},{"@type":"ImageObject","inLanguage":"es","@id":"http:\/\/www.salesianos.edu\/revistasmx\/ca\/in-memoriam-antonio-cesar-fernandez-fernandez-2\/#primaryimage","url":"http:\/\/www.salesianos.edu\/revistasmx\/wp-content\/uploads\/sites\/8\/2019\/02\/CesarFernandez_600.jpg","contentUrl":"http:\/\/www.salesianos.edu\/revistasmx\/wp-content\/uploads\/sites\/8\/2019\/02\/CesarFernandez_600.jpg","width":600,"height":400},{"@type":"BreadcrumbList","@id":"http:\/\/www.salesianos.edu\/revistasmx\/ca\/in-memoriam-antonio-cesar-fernandez-fernandez-2\/#breadcrumb","itemListElement":[{"@type":"ListItem","position":1,"name":"Portada","item":"https:\/\/www.salesianos.edu\/revistasmx\/"},{"@type":"ListItem","position":2,"name":"In Memoriam: Antonio C\u00e9sar Fern\u00e1ndez Fern\u00e1ndez"}]},{"@type":"WebSite","@id":"http:\/\/www.salesianos.edu\/revistasmx\/#website","url":"http:\/\/www.salesianos.edu\/revistasmx\/","name":"Revista SMX","description":"P\u00e1gina oficial de Inspector\u00eda Salesiana Mar\u00eda Auxiliadora","potentialAction":[{"@type":"SearchAction","target":{"@type":"EntryPoint","urlTemplate":"http:\/\/www.salesianos.edu\/revistasmx\/?s={search_term_string}"},"query-input":{"@type":"PropertyValueSpecification","valueRequired":true,"valueName":"search_term_string"}}],"inLanguage":"es"},{"@type":"Person","@id":"http:\/\/www.salesianos.edu\/revistasmx\/#\/schema\/person\/a1d72ee5373cce7347fb2993ba9f47d6","name":"joseluisgarciamoscoso","image":{"@type":"ImageObject","inLanguage":"es","@id":"https:\/\/secure.gravatar.com\/avatar\/3fda3a0b2db3bc9a39871e47cbd526b42d6c3b74755b7ae1400a87b2913fea6a?s=96&d=mm&r=g","url":"https:\/\/secure.gravatar.com\/avatar\/3fda3a0b2db3bc9a39871e47cbd526b42d6c3b74755b7ae1400a87b2913fea6a?s=96&d=mm&r=g","contentUrl":"https:\/\/secure.gravatar.com\/avatar\/3fda3a0b2db3bc9a39871e47cbd526b42d6c3b74755b7ae1400a87b2913fea6a?s=96&d=mm&r=g","caption":"joseluisgarciamoscoso"}}]}},"_links":{"self":[{"href":"http:\/\/www.salesianos.edu\/revistasmx\/wp-json\/wp\/v2\/posts\/10977","targetHints":{"allow":["GET"]}}],"collection":[{"href":"http:\/\/www.salesianos.edu\/revistasmx\/wp-json\/wp\/v2\/posts"}],"about":[{"href":"http:\/\/www.salesianos.edu\/revistasmx\/wp-json\/wp\/v2\/types\/post"}],"author":[{"embeddable":true,"href":"http:\/\/www.salesianos.edu\/revistasmx\/wp-json\/wp\/v2\/users\/12"}],"replies":[{"embeddable":true,"href":"http:\/\/www.salesianos.edu\/revistasmx\/wp-json\/wp\/v2\/comments?post=10977"}],"version-history":[{"count":5,"href":"http:\/\/www.salesianos.edu\/revistasmx\/wp-json\/wp\/v2\/posts\/10977\/revisions"}],"predecessor-version":[{"id":11108,"href":"http:\/\/www.salesianos.edu\/revistasmx\/wp-json\/wp\/v2\/posts\/10977\/revisions\/11108"}],"wp:featuredmedia":[{"embeddable":true,"href":"http:\/\/www.salesianos.edu\/revistasmx\/wp-json\/wp\/v2\/media\/11115"}],"wp:attachment":[{"href":"http:\/\/www.salesianos.edu\/revistasmx\/wp-json\/wp\/v2\/media?parent=10977"}],"wp:term":[{"taxonomy":"category","embeddable":true,"href":"http:\/\/www.salesianos.edu\/revistasmx\/wp-json\/wp\/v2\/categories?post=10977"},{"taxonomy":"post_tag","embeddable":true,"href":"http:\/\/www.salesianos.edu\/revistasmx\/wp-json\/wp\/v2\/tags?post=10977"}],"curies":[{"name":"wp","href":"https:\/\/api.w.org\/{rel}","templated":true}]}}