{"id":10936,"date":"2019-02-24T20:00:58","date_gmt":"2019-02-24T19:00:58","guid":{"rendered":"http:\/\/www.salesianos.edu\/revistasmx\/?p=10936"},"modified":"2019-03-06T16:09:41","modified_gmt":"2019-03-06T15:09:41","slug":"si-don-bosco-visques-avui-tindria-una-mirada-afectuosa-i-especial-cap-als-migrants","status":"publish","type":"post","link":"http:\/\/www.salesianos.edu\/revistasmx\/ca\/si-don-bosco-visques-avui-tindria-una-mirada-afectuosa-i-especial-cap-als-migrants\/","title":{"rendered":"\u00abSi Don Bosco visqu\u00e9s avui tindria una mirada afectuosa i especial cap als migrants\u00bb"},"content":{"rendered":"<div id=\"fb-root\"><\/div>\n<p>[et_pb_section bb_built=\u00bb1&#8243;][et_pb_row][et_pb_column type=\u00bb4_4&#8243;][et_pb_video _builder_version=\u00bb3.19.18&#8243; src=\u00bbhttps:\/\/youtu.be\/uJk5UBmaMN8&#8243; image_src=\u00bbhttps:\/\/www.salesianos.edu\/revistasmx\/wp-content\/uploads\/sites\/8\/2019\/02\/Ana-Belmonte-Fundacio\u0301n-Don-Bosco.png\u00bb \/][et_pb_text _builder_version=\u00bb3.19.18&#8243;]<\/p>\n<p><strong>Pregunta-Resposta:\u00a0<\/strong><strong>Ana Belmonte. Coordinaci\u00f3 de projectes de persones inmigrants. Serveis centrals Fundaci\u00f3 Don Bosco.<\/strong><\/p>\n<p><em><strong>Autor: Luis Fernando Medina. Fundaci\u00f3 Don Bosco.<\/strong><\/em><\/p>\n<p><strong>\u00abSi Don Bosco visqu\u00e9s avui tindria una mirada afectuosa i especial cap als migrants.\u00bb.<\/strong><\/p>\n<p><strong>Com vas descobrirla teva vocaci\u00f3 pels \u00faltims?<\/strong><\/p>\n<p>Sincerament no s\u00f3c capa\u00e7 de recordar en quin moment vaig descobrir la meva vocaci\u00f3 pels \u00faltims. Miro cap endarrere i la meva vida sempre ha estat lligada a una vocaci\u00f3 clara per ells, per\u00f2 es cert que recordo una experi\u00e8ncia molt significativa que vaig viure per l&#8217;any 2008 de voluntariat de curta durada a Tenerife, concretament en Tegueste. Va ser amb la Fundaci\u00f3, atenent la arribada massiva de pasteres, als nois immigrants que arribaven a les nostres costes;\u00a0 assistint-los en classe de refor\u00e7 de la llengua espanyola, en la cultura d&#8217;acolliment, esport, acompanyant-los personalment. En aquest moment s\u00ed que em ratifico que aquest era el meu cam\u00ed i era la meva opci\u00f3 de vida.<\/p>\n<p><strong>Com vius el carisma de Don Bosco en el teu dia a dia?<\/strong><\/p>\n<p>Com a advocada d&#8217;estrangeria i protecci\u00f3 internacional intente viure el carisma de Don Bosco, que per a mi \u00e9s un clar referent de vida, a trav\u00e9s de la lluita per la just\u00edcia social. Tamb\u00e9 intento viure-ho en el meu dia a dia en les claus de l&#8217;alegria, de l&#8217;espontane\u00eftat, de l&#8217;acompanyament als equips i als nois i noies. Moltes vegades ells s\u00f3n nom\u00e9s conscients dels seus defectes i tamb\u00e9 intento fer-los ser conscients de les seves moltes fortaleses<\/p>\n<p><strong>Com est\u00e0 responent la Fundaci\u00f3 Don Bosco als \u00daltims?<\/strong><\/p>\n<p>La Fundaci\u00f3 Don Bosco porta responent 20 anys als \u00faltims. \u00c9s cert que en aquests \u00faltims anys el creixement de l&#8217;entitat s&#8217;ha fet molt m\u00e9s potent per a poder arribar a tots aquests col\u00b7lectius vulnerables; a totes aquestes persones que sofreixen en les seves vides.\u00a0 I com arriben als \u00faltims? a trav\u00e9s de totes les persones que treballen en l&#8217;entitat perqu\u00e8 la Fundaci\u00f3 \u00e9s el que \u00e9s per les persones que la integrem, ja sigui a trav\u00e9s de contractes laborals, de forma altruista lliurant el seu temps o com a destinataris d&#8217;aquesta. Nosaltres no parlem de la Fundaci\u00f3 sin\u00f3 de Don Bosco, de la nostra casa.<\/p>\n<p><strong>Com animaries als joves a bolcar-se des del social en la seva realitat local?<\/strong><\/p>\n<p>Sincerament penso que actualment la societat en la qual vivim no t\u00e9 molt bon concepte social com estem dient, per\u00f2 jo li diria a tots els joves que sentin aquesta inquietud que s&#8217;animin perqu\u00e8 el que s\u00ed que els puc assegurar des de ja \u00e9s que el que ells donin ho rebran multiplicat, sens dubte.<\/p>\n<p><strong>Alguna opini\u00f3 sobre el fenomen migratori dels joves en l&#8217;actualitat?<\/strong><\/p>\n<p>Quan penso en el fenomen migratori avui dia em recordo sempre de Don Bosco perqu\u00e8 Don Bosco anava a les presons, que era on va detectar que hi havia joves que necessitaven ser acompanyats i ser cuidats, i estic segura que si Don Bosco visqu\u00e9s avui en nostra societat tindria una mirada afectuosa i especial cap als migrants.<\/p>\n<p>\u00c9s cert que actualment estem vivint un fenomen que no s&#8217;havia donat abans, sense precedents; estan arribant molt\u00edssimes persones a les nostres costes, el flux mixt migratori que vol dir que s\u00f3n persones que v\u00e9nen buscant millorar la seva qualitat de vida, menors estrangers no acompanyats perqu\u00e8 la seva fam\u00edlia aix\u00ed ho decideixen, v\u00e9nen persones que sol\u00b7liciten la protecci\u00f3 internacional, fugint de problemes reals, de conflictes, de violacions, de matrimonis for\u00e7osos, de pr\u00e0ctiques que molt\u00edssimes vegades la nostra ment no \u00e9s capa\u00e7 ni d&#8217;imaginar.<\/p>\n<p>I crec que la Fundaci\u00f3 t\u00e9 una mirada afectuosa cap a ells perqu\u00e8, encara que treballem amb joves vulnerables, ells s\u00f3n especialment vulnerables. S\u00f3n nois i noies que estan sols en un pa\u00eds que no \u00e9s el seu, davant una cultura que no \u00e9s la seva i construir un futur en aquest entorn \u00e9s complicat.<\/p>\n<p>Per aix\u00f2 vull aprofitar l&#8217;ocasi\u00f3 de convidar a totes les persones que formen part dels grups salesians de la nostra Congregaci\u00f3 perqu\u00e8 s&#8217;involucrin d&#8217;una forma especial amb aquests joves i al fet que participin en la mesura de les seves possibilitats a fer b\u00e9 a aquests nois i a aquestes noies que tant ho necessiten.<\/p>\n<p>[\/et_pb_text][\/et_pb_column][\/et_pb_row][\/et_pb_section]<\/p>\n","protected":false},"excerpt":{"rendered":"<p>Ana Belmonte de la Fundaci\u00f3 Don Bosco \u00e9s advocada d&#8217;Estrangeria. Reconeix que el fenomen migratori actual no t\u00e9 precedents i anima a la Fam\u00edlia Salesiana a involucrar-se d&#8217;una forma especial amb aquests joves, com est\u00e0 segura, faria Don Bosco si visqu\u00e9s en la societat d&#8217;avui.<\/p>\n","protected":false},"author":12,"featured_media":10984,"comment_status":"open","ping_status":"closed","sticky":false,"template":"","format":"standard","meta":{"_et_pb_use_builder":"on","_et_pb_old_content":"","_et_gb_content_width":"","footnotes":""},"categories":[51],"tags":[308],"class_list":["post-10936","post","type-post","status-publish","format-standard","has-post-thumbnail","hentry","category-pregunta-resposta","tag-smx45-ca"],"yoast_head":"<!-- This site is optimized with the Yoast SEO plugin v27.5 - https:\/\/yoast.com\/product\/yoast-seo-wordpress\/ -->\n<title>&quot;Si Don Bosco visqu\u00e9s avui tindria una mirada afectuosa i especial cap als migrants&quot; - Revista SMX<\/title>\n<meta name=\"robots\" content=\"index, follow, max-snippet:-1, max-image-preview:large, max-video-preview:-1\" \/>\n<link rel=\"canonical\" href=\"http:\/\/www.salesianos.edu\/revistasmx\/ca\/si-don-bosco-visques-avui-tindria-una-mirada-afectuosa-i-especial-cap-als-migrants\/\" \/>\n<meta property=\"og:locale\" content=\"es_ES\" \/>\n<meta property=\"og:type\" content=\"article\" \/>\n<meta property=\"og:title\" content=\"&quot;Si Don Bosco visqu\u00e9s avui tindria una mirada afectuosa i especial cap als migrants&quot; - Revista SMX\" \/>\n<meta property=\"og:description\" content=\"Ana Belmonte de la Fundaci\u00f3 Don Bosco \u00e9s advocada d&#039;Estrangeria. Reconeix que el fenomen migratori actual no t\u00e9 precedents i anima a la Fam\u00edlia Salesiana a involucrar-se d&#039;una forma especial amb aquests joves, com est\u00e0 segura, faria Don Bosco si visqu\u00e9s en la societat d&#039;avui.\" \/>\n<meta property=\"og:url\" content=\"http:\/\/www.salesianos.edu\/revistasmx\/ca\/si-don-bosco-visques-avui-tindria-una-mirada-afectuosa-i-especial-cap-als-migrants\/\" \/>\n<meta property=\"og:site_name\" content=\"Revista SMX\" \/>\n<meta property=\"article:published_time\" content=\"2019-02-24T19:00:58+00:00\" \/>\n<meta property=\"article:modified_time\" content=\"2019-03-06T15:09:41+00:00\" \/>\n<meta property=\"og:image\" content=\"https:\/\/www.salesianos.edu\/revistasmx\/wp-content\/uploads\/sites\/8\/2019\/02\/Ana-Belmonte-Fundacio\u0301n-Don-Bosco.png\" \/>\n\t<meta property=\"og:image:width\" content=\"1161\" \/>\n\t<meta property=\"og:image:height\" content=\"681\" \/>\n\t<meta property=\"og:image:type\" content=\"image\/png\" \/>\n<meta name=\"author\" content=\"joseluisgarciamoscoso\" \/>\n<meta name=\"twitter:card\" content=\"summary_large_image\" \/>\n<meta name=\"twitter:label1\" content=\"Escrito por\" \/>\n\t<meta name=\"twitter:data1\" content=\"joseluisgarciamoscoso\" \/>\n\t<meta name=\"twitter:label2\" content=\"Tiempo de lectura\" \/>\n\t<meta name=\"twitter:data2\" content=\"4 minutos\" \/>\n<script type=\"application\/ld+json\" class=\"yoast-schema-graph\">{\"@context\":\"https:\\\/\\\/schema.org\",\"@graph\":[{\"@type\":\"Article\",\"@id\":\"http:\\\/\\\/www.salesianos.edu\\\/revistasmx\\\/ca\\\/si-don-bosco-visques-avui-tindria-una-mirada-afectuosa-i-especial-cap-als-migrants\\\/#article\",\"isPartOf\":{\"@id\":\"http:\\\/\\\/www.salesianos.edu\\\/revistasmx\\\/ca\\\/si-don-bosco-visques-avui-tindria-una-mirada-afectuosa-i-especial-cap-als-migrants\\\/\"},\"author\":{\"name\":\"joseluisgarciamoscoso\",\"@id\":\"http:\\\/\\\/www.salesianos.edu\\\/revistasmx\\\/#\\\/schema\\\/person\\\/a1d72ee5373cce7347fb2993ba9f47d6\"},\"headline\":\"\u00abSi Don Bosco visqu\u00e9s avui tindria una mirada afectuosa i especial cap als migrants\u00bb\",\"datePublished\":\"2019-02-24T19:00:58+00:00\",\"dateModified\":\"2019-03-06T15:09:41+00:00\",\"mainEntityOfPage\":{\"@id\":\"http:\\\/\\\/www.salesianos.edu\\\/revistasmx\\\/ca\\\/si-don-bosco-visques-avui-tindria-una-mirada-afectuosa-i-especial-cap-als-migrants\\\/\"},\"wordCount\":801,\"commentCount\":0,\"image\":{\"@id\":\"http:\\\/\\\/www.salesianos.edu\\\/revistasmx\\\/ca\\\/si-don-bosco-visques-avui-tindria-una-mirada-afectuosa-i-especial-cap-als-migrants\\\/#primaryimage\"},\"thumbnailUrl\":\"http:\\\/\\\/www.salesianos.edu\\\/revistasmx\\\/wp-content\\\/uploads\\\/sites\\\/8\\\/2019\\\/02\\\/Ana-Belmonte-Fundacio\u0301n-Don-Bosco.png\",\"keywords\":[\"smx45\"],\"articleSection\":[\"PREGUNTA - RESPOSTA\"],\"inLanguage\":\"es\",\"potentialAction\":[{\"@type\":\"CommentAction\",\"name\":\"Comment\",\"target\":[\"http:\\\/\\\/www.salesianos.edu\\\/revistasmx\\\/ca\\\/si-don-bosco-visques-avui-tindria-una-mirada-afectuosa-i-especial-cap-als-migrants\\\/#respond\"]}]},{\"@type\":\"WebPage\",\"@id\":\"http:\\\/\\\/www.salesianos.edu\\\/revistasmx\\\/ca\\\/si-don-bosco-visques-avui-tindria-una-mirada-afectuosa-i-especial-cap-als-migrants\\\/\",\"url\":\"http:\\\/\\\/www.salesianos.edu\\\/revistasmx\\\/ca\\\/si-don-bosco-visques-avui-tindria-una-mirada-afectuosa-i-especial-cap-als-migrants\\\/\",\"name\":\"\\\"Si Don Bosco visqu\u00e9s avui tindria una mirada afectuosa i especial cap als migrants\\\" - Revista SMX\",\"isPartOf\":{\"@id\":\"http:\\\/\\\/www.salesianos.edu\\\/revistasmx\\\/#website\"},\"primaryImageOfPage\":{\"@id\":\"http:\\\/\\\/www.salesianos.edu\\\/revistasmx\\\/ca\\\/si-don-bosco-visques-avui-tindria-una-mirada-afectuosa-i-especial-cap-als-migrants\\\/#primaryimage\"},\"image\":{\"@id\":\"http:\\\/\\\/www.salesianos.edu\\\/revistasmx\\\/ca\\\/si-don-bosco-visques-avui-tindria-una-mirada-afectuosa-i-especial-cap-als-migrants\\\/#primaryimage\"},\"thumbnailUrl\":\"http:\\\/\\\/www.salesianos.edu\\\/revistasmx\\\/wp-content\\\/uploads\\\/sites\\\/8\\\/2019\\\/02\\\/Ana-Belmonte-Fundacio\u0301n-Don-Bosco.png\",\"datePublished\":\"2019-02-24T19:00:58+00:00\",\"dateModified\":\"2019-03-06T15:09:41+00:00\",\"author\":{\"@id\":\"http:\\\/\\\/www.salesianos.edu\\\/revistasmx\\\/#\\\/schema\\\/person\\\/a1d72ee5373cce7347fb2993ba9f47d6\"},\"breadcrumb\":{\"@id\":\"http:\\\/\\\/www.salesianos.edu\\\/revistasmx\\\/ca\\\/si-don-bosco-visques-avui-tindria-una-mirada-afectuosa-i-especial-cap-als-migrants\\\/#breadcrumb\"},\"inLanguage\":\"es\",\"potentialAction\":[{\"@type\":\"ReadAction\",\"target\":[\"http:\\\/\\\/www.salesianos.edu\\\/revistasmx\\\/ca\\\/si-don-bosco-visques-avui-tindria-una-mirada-afectuosa-i-especial-cap-als-migrants\\\/\"]}]},{\"@type\":\"ImageObject\",\"inLanguage\":\"es\",\"@id\":\"http:\\\/\\\/www.salesianos.edu\\\/revistasmx\\\/ca\\\/si-don-bosco-visques-avui-tindria-una-mirada-afectuosa-i-especial-cap-als-migrants\\\/#primaryimage\",\"url\":\"http:\\\/\\\/www.salesianos.edu\\\/revistasmx\\\/wp-content\\\/uploads\\\/sites\\\/8\\\/2019\\\/02\\\/Ana-Belmonte-Fundacio\u0301n-Don-Bosco.png\",\"contentUrl\":\"http:\\\/\\\/www.salesianos.edu\\\/revistasmx\\\/wp-content\\\/uploads\\\/sites\\\/8\\\/2019\\\/02\\\/Ana-Belmonte-Fundacio\u0301n-Don-Bosco.png\",\"width\":1161,\"height\":681},{\"@type\":\"BreadcrumbList\",\"@id\":\"http:\\\/\\\/www.salesianos.edu\\\/revistasmx\\\/ca\\\/si-don-bosco-visques-avui-tindria-una-mirada-afectuosa-i-especial-cap-als-migrants\\\/#breadcrumb\",\"itemListElement\":[{\"@type\":\"ListItem\",\"position\":1,\"name\":\"Portada\",\"item\":\"https:\\\/\\\/www.salesianos.edu\\\/revistasmx\\\/\"},{\"@type\":\"ListItem\",\"position\":2,\"name\":\"&#8220;Si Don Bosco visqu\u00e9s avui tindria una mirada afectuosa i especial cap als migrants&#8221;\"}]},{\"@type\":\"WebSite\",\"@id\":\"http:\\\/\\\/www.salesianos.edu\\\/revistasmx\\\/#website\",\"url\":\"http:\\\/\\\/www.salesianos.edu\\\/revistasmx\\\/\",\"name\":\"Revista SMX\",\"description\":\"P\u00e1gina oficial de Inspector\u00eda Salesiana Mar\u00eda Auxiliadora\",\"potentialAction\":[{\"@type\":\"SearchAction\",\"target\":{\"@type\":\"EntryPoint\",\"urlTemplate\":\"http:\\\/\\\/www.salesianos.edu\\\/revistasmx\\\/?s={search_term_string}\"},\"query-input\":{\"@type\":\"PropertyValueSpecification\",\"valueRequired\":true,\"valueName\":\"search_term_string\"}}],\"inLanguage\":\"es\"},{\"@type\":\"Person\",\"@id\":\"http:\\\/\\\/www.salesianos.edu\\\/revistasmx\\\/#\\\/schema\\\/person\\\/a1d72ee5373cce7347fb2993ba9f47d6\",\"name\":\"joseluisgarciamoscoso\",\"image\":{\"@type\":\"ImageObject\",\"inLanguage\":\"es\",\"@id\":\"https:\\\/\\\/secure.gravatar.com\\\/avatar\\\/3fda3a0b2db3bc9a39871e47cbd526b42d6c3b74755b7ae1400a87b2913fea6a?s=96&d=mm&r=g\",\"url\":\"https:\\\/\\\/secure.gravatar.com\\\/avatar\\\/3fda3a0b2db3bc9a39871e47cbd526b42d6c3b74755b7ae1400a87b2913fea6a?s=96&d=mm&r=g\",\"contentUrl\":\"https:\\\/\\\/secure.gravatar.com\\\/avatar\\\/3fda3a0b2db3bc9a39871e47cbd526b42d6c3b74755b7ae1400a87b2913fea6a?s=96&d=mm&r=g\",\"caption\":\"joseluisgarciamoscoso\"}}]}<\/script>\n<!-- \/ Yoast SEO plugin. -->","yoast_head_json":{"title":"\"Si Don Bosco visqu\u00e9s avui tindria una mirada afectuosa i especial cap als migrants\" - Revista SMX","robots":{"index":"index","follow":"follow","max-snippet":"max-snippet:-1","max-image-preview":"max-image-preview:large","max-video-preview":"max-video-preview:-1"},"canonical":"http:\/\/www.salesianos.edu\/revistasmx\/ca\/si-don-bosco-visques-avui-tindria-una-mirada-afectuosa-i-especial-cap-als-migrants\/","og_locale":"es_ES","og_type":"article","og_title":"\"Si Don Bosco visqu\u00e9s avui tindria una mirada afectuosa i especial cap als migrants\" - Revista SMX","og_description":"Ana Belmonte de la Fundaci\u00f3 Don Bosco \u00e9s advocada d'Estrangeria. Reconeix que el fenomen migratori actual no t\u00e9 precedents i anima a la Fam\u00edlia Salesiana a involucrar-se d'una forma especial amb aquests joves, com est\u00e0 segura, faria Don Bosco si visqu\u00e9s en la societat d'avui.","og_url":"http:\/\/www.salesianos.edu\/revistasmx\/ca\/si-don-bosco-visques-avui-tindria-una-mirada-afectuosa-i-especial-cap-als-migrants\/","og_site_name":"Revista SMX","article_published_time":"2019-02-24T19:00:58+00:00","article_modified_time":"2019-03-06T15:09:41+00:00","og_image":[{"width":1161,"height":681,"url":"https:\/\/www.salesianos.edu\/revistasmx\/wp-content\/uploads\/sites\/8\/2019\/02\/Ana-Belmonte-Fundacio\u0301n-Don-Bosco.png","type":"image\/png"}],"author":"joseluisgarciamoscoso","twitter_card":"summary_large_image","twitter_misc":{"Escrito por":"joseluisgarciamoscoso","Tiempo de lectura":"4 minutos"},"schema":{"@context":"https:\/\/schema.org","@graph":[{"@type":"Article","@id":"http:\/\/www.salesianos.edu\/revistasmx\/ca\/si-don-bosco-visques-avui-tindria-una-mirada-afectuosa-i-especial-cap-als-migrants\/#article","isPartOf":{"@id":"http:\/\/www.salesianos.edu\/revistasmx\/ca\/si-don-bosco-visques-avui-tindria-una-mirada-afectuosa-i-especial-cap-als-migrants\/"},"author":{"name":"joseluisgarciamoscoso","@id":"http:\/\/www.salesianos.edu\/revistasmx\/#\/schema\/person\/a1d72ee5373cce7347fb2993ba9f47d6"},"headline":"\u00abSi Don Bosco visqu\u00e9s avui tindria una mirada afectuosa i especial cap als migrants\u00bb","datePublished":"2019-02-24T19:00:58+00:00","dateModified":"2019-03-06T15:09:41+00:00","mainEntityOfPage":{"@id":"http:\/\/www.salesianos.edu\/revistasmx\/ca\/si-don-bosco-visques-avui-tindria-una-mirada-afectuosa-i-especial-cap-als-migrants\/"},"wordCount":801,"commentCount":0,"image":{"@id":"http:\/\/www.salesianos.edu\/revistasmx\/ca\/si-don-bosco-visques-avui-tindria-una-mirada-afectuosa-i-especial-cap-als-migrants\/#primaryimage"},"thumbnailUrl":"http:\/\/www.salesianos.edu\/revistasmx\/wp-content\/uploads\/sites\/8\/2019\/02\/Ana-Belmonte-Fundacio\u0301n-Don-Bosco.png","keywords":["smx45"],"articleSection":["PREGUNTA - RESPOSTA"],"inLanguage":"es","potentialAction":[{"@type":"CommentAction","name":"Comment","target":["http:\/\/www.salesianos.edu\/revistasmx\/ca\/si-don-bosco-visques-avui-tindria-una-mirada-afectuosa-i-especial-cap-als-migrants\/#respond"]}]},{"@type":"WebPage","@id":"http:\/\/www.salesianos.edu\/revistasmx\/ca\/si-don-bosco-visques-avui-tindria-una-mirada-afectuosa-i-especial-cap-als-migrants\/","url":"http:\/\/www.salesianos.edu\/revistasmx\/ca\/si-don-bosco-visques-avui-tindria-una-mirada-afectuosa-i-especial-cap-als-migrants\/","name":"\"Si Don Bosco visqu\u00e9s avui tindria una mirada afectuosa i especial cap als migrants\" - Revista SMX","isPartOf":{"@id":"http:\/\/www.salesianos.edu\/revistasmx\/#website"},"primaryImageOfPage":{"@id":"http:\/\/www.salesianos.edu\/revistasmx\/ca\/si-don-bosco-visques-avui-tindria-una-mirada-afectuosa-i-especial-cap-als-migrants\/#primaryimage"},"image":{"@id":"http:\/\/www.salesianos.edu\/revistasmx\/ca\/si-don-bosco-visques-avui-tindria-una-mirada-afectuosa-i-especial-cap-als-migrants\/#primaryimage"},"thumbnailUrl":"http:\/\/www.salesianos.edu\/revistasmx\/wp-content\/uploads\/sites\/8\/2019\/02\/Ana-Belmonte-Fundacio\u0301n-Don-Bosco.png","datePublished":"2019-02-24T19:00:58+00:00","dateModified":"2019-03-06T15:09:41+00:00","author":{"@id":"http:\/\/www.salesianos.edu\/revistasmx\/#\/schema\/person\/a1d72ee5373cce7347fb2993ba9f47d6"},"breadcrumb":{"@id":"http:\/\/www.salesianos.edu\/revistasmx\/ca\/si-don-bosco-visques-avui-tindria-una-mirada-afectuosa-i-especial-cap-als-migrants\/#breadcrumb"},"inLanguage":"es","potentialAction":[{"@type":"ReadAction","target":["http:\/\/www.salesianos.edu\/revistasmx\/ca\/si-don-bosco-visques-avui-tindria-una-mirada-afectuosa-i-especial-cap-als-migrants\/"]}]},{"@type":"ImageObject","inLanguage":"es","@id":"http:\/\/www.salesianos.edu\/revistasmx\/ca\/si-don-bosco-visques-avui-tindria-una-mirada-afectuosa-i-especial-cap-als-migrants\/#primaryimage","url":"http:\/\/www.salesianos.edu\/revistasmx\/wp-content\/uploads\/sites\/8\/2019\/02\/Ana-Belmonte-Fundacio\u0301n-Don-Bosco.png","contentUrl":"http:\/\/www.salesianos.edu\/revistasmx\/wp-content\/uploads\/sites\/8\/2019\/02\/Ana-Belmonte-Fundacio\u0301n-Don-Bosco.png","width":1161,"height":681},{"@type":"BreadcrumbList","@id":"http:\/\/www.salesianos.edu\/revistasmx\/ca\/si-don-bosco-visques-avui-tindria-una-mirada-afectuosa-i-especial-cap-als-migrants\/#breadcrumb","itemListElement":[{"@type":"ListItem","position":1,"name":"Portada","item":"https:\/\/www.salesianos.edu\/revistasmx\/"},{"@type":"ListItem","position":2,"name":"&#8220;Si Don Bosco visqu\u00e9s avui tindria una mirada afectuosa i especial cap als migrants&#8221;"}]},{"@type":"WebSite","@id":"http:\/\/www.salesianos.edu\/revistasmx\/#website","url":"http:\/\/www.salesianos.edu\/revistasmx\/","name":"Revista SMX","description":"P\u00e1gina oficial de Inspector\u00eda Salesiana Mar\u00eda Auxiliadora","potentialAction":[{"@type":"SearchAction","target":{"@type":"EntryPoint","urlTemplate":"http:\/\/www.salesianos.edu\/revistasmx\/?s={search_term_string}"},"query-input":{"@type":"PropertyValueSpecification","valueRequired":true,"valueName":"search_term_string"}}],"inLanguage":"es"},{"@type":"Person","@id":"http:\/\/www.salesianos.edu\/revistasmx\/#\/schema\/person\/a1d72ee5373cce7347fb2993ba9f47d6","name":"joseluisgarciamoscoso","image":{"@type":"ImageObject","inLanguage":"es","@id":"https:\/\/secure.gravatar.com\/avatar\/3fda3a0b2db3bc9a39871e47cbd526b42d6c3b74755b7ae1400a87b2913fea6a?s=96&d=mm&r=g","url":"https:\/\/secure.gravatar.com\/avatar\/3fda3a0b2db3bc9a39871e47cbd526b42d6c3b74755b7ae1400a87b2913fea6a?s=96&d=mm&r=g","contentUrl":"https:\/\/secure.gravatar.com\/avatar\/3fda3a0b2db3bc9a39871e47cbd526b42d6c3b74755b7ae1400a87b2913fea6a?s=96&d=mm&r=g","caption":"joseluisgarciamoscoso"}}]}},"_links":{"self":[{"href":"http:\/\/www.salesianos.edu\/revistasmx\/wp-json\/wp\/v2\/posts\/10936","targetHints":{"allow":["GET"]}}],"collection":[{"href":"http:\/\/www.salesianos.edu\/revistasmx\/wp-json\/wp\/v2\/posts"}],"about":[{"href":"http:\/\/www.salesianos.edu\/revistasmx\/wp-json\/wp\/v2\/types\/post"}],"author":[{"embeddable":true,"href":"http:\/\/www.salesianos.edu\/revistasmx\/wp-json\/wp\/v2\/users\/12"}],"replies":[{"embeddable":true,"href":"http:\/\/www.salesianos.edu\/revistasmx\/wp-json\/wp\/v2\/comments?post=10936"}],"version-history":[{"count":5,"href":"http:\/\/www.salesianos.edu\/revistasmx\/wp-json\/wp\/v2\/posts\/10936\/revisions"}],"predecessor-version":[{"id":11126,"href":"http:\/\/www.salesianos.edu\/revistasmx\/wp-json\/wp\/v2\/posts\/10936\/revisions\/11126"}],"wp:featuredmedia":[{"embeddable":true,"href":"http:\/\/www.salesianos.edu\/revistasmx\/wp-json\/wp\/v2\/media\/10984"}],"wp:attachment":[{"href":"http:\/\/www.salesianos.edu\/revistasmx\/wp-json\/wp\/v2\/media?parent=10936"}],"wp:term":[{"taxonomy":"category","embeddable":true,"href":"http:\/\/www.salesianos.edu\/revistasmx\/wp-json\/wp\/v2\/categories?post=10936"},{"taxonomy":"post_tag","embeddable":true,"href":"http:\/\/www.salesianos.edu\/revistasmx\/wp-json\/wp\/v2\/tags?post=10936"}],"curies":[{"name":"wp","href":"https:\/\/api.w.org\/{rel}","templated":true}]}}