{"id":10634,"date":"2019-01-24T22:00:02","date_gmt":"2019-01-24T21:00:02","guid":{"rendered":"http:\/\/www.salesianos.edu\/revistasmx\/?p=10634"},"modified":"2019-01-29T08:38:38","modified_gmt":"2019-01-29T07:38:38","slug":"vos-convide-a-potenciar-lambient-de-familia-des-del-nostre-estil-salesia","status":"publish","type":"post","link":"http:\/\/www.salesianos.edu\/revistasmx\/ca\/vos-convide-a-potenciar-lambient-de-familia-des-del-nostre-estil-salesia\/","title":{"rendered":"\u00abVos convide a potenciar l&#8217;ambient de fam\u00edlia des del nostre estil salesi\u00e0\u00bb"},"content":{"rendered":"<div id=\"fb-root\"><\/div>\n<p>[et_pb_section bb_built=\u00bb1&#8243;][et_pb_row][et_pb_column type=\u00bb1_4&#8243;][et_pb_team_member _builder_version=\u00bb3.18.7&#8243; name=\u00bbFernando Miranda\u00bb position=\u00bbVicari inspectorial\u00bb image_url=\u00bbhttps:\/\/www.salesianos.edu\/revistasmx\/wp-content\/uploads\/sites\/8\/2018\/11\/FernandoMiranda-1.jpg\u00bb \/][\/et_pb_column][et_pb_column type=\u00bb3_4&#8243;][et_pb_video _builder_version=\u00bb3.18.7&#8243; src=\u00bbhttps:\/\/www.youtube.com\/watch?v=2JDPmCwzfcM\u00bb \/][et_pb_text]<\/p>\n<p>\nFernando Miranda, Vicari Inspectorial.<\/p>\n<p>Una salutaci\u00f3 a tots els que formem aquesta gran Fam\u00edlia Salesiana.<\/p>\n<p>Acabem d&#8217;acabar el mes de gener segur que durant tota aquesta \u00faltima setmana i durant tot el mes de gener hi haur\u00e0 hagut moltes activitats que ens hagin acostat als joves i que ens hagin convidat a escoltar, a reflexionar i a compartir la nostra vida. Ara se&#8217;ns obri per davant el que queda de curs. Aquest mes de febrer us convidaria al fet que des del nostre estil salesi\u00e0 potenci\u00e9ssim l&#8217;ambient de fam\u00edlia; la familiaritat, cap a dins, cap a les nostres cases.<\/p>\n<p>En aquest ambient de fam\u00edlia tan caracter\u00edstic nostre, sent conscient de les cases de salut, dels germans que estan all\u00ed, acompanyant-los, estant prop d&#8217;ells, per\u00f2 tamb\u00e9 dins de qualsevol de les nostres cases, de les nostres comunitats salesianes. Potenciant la comunicaci\u00f3, l&#8217;inter\u00e8s pels altres, la cura dels joves, l&#8217;acompanyament, estar present amb la fam\u00edlia Salesiana i amb la gent que ve a les nostres cases, cases de portes obertes com qualsevol fam\u00edlia.<\/p>\n<p>\u00c0nim per a tots, feli\u00e7 festa de Don Bosco, feli\u00e7 curs i avant.<\/p>\n<p>[\/et_pb_text][\/et_pb_column][\/et_pb_row][\/et_pb_section]<\/p>\n","protected":false},"excerpt":{"rendered":"<p>Aquest mes de febrer us convidaria al fet que des del nostre estil salesi\u00e0 potenci\u00e9ssim l&#8217;ambient de fam\u00edlia; la familiaritat, cap a dins, cap a les nostres cases.<\/p>\n","protected":false},"author":12,"featured_media":10629,"comment_status":"open","ping_status":"closed","sticky":false,"template":"","format":"standard","meta":{"_et_pb_use_builder":"on","_et_pb_old_content":"<p>Fernando Miranda, Vicari Inspectorial.<\/p><p>Una salutaci\u00f3 a tots els que formem aquesta gran Fam\u00edlia Salesiana.<\/p><p>Acabem d'acabar el mes de gener segur que durant tota aquesta \u00faltima setmana i durant tot el mes de gener hi haur\u00e0 hagut moltes activitats que ens hagin acostat als joves i que ens hagin convidat a escoltar, a reflexionar i a compartir la nostra vida. Ara se'ns obri per davant el que queda de curs. Aquest mes de febrer us convidaria al fet que des del nostre estil salesi\u00e0 potenci\u00e9ssim l'ambient de fam\u00edlia; la familiaritat, cap a dins, cap a les nostres cases.<\/p><p>En aquest ambient de fam\u00edlia tan caracter\u00edstic nostre, sent conscient de les cases de salut, dels germans que estan all\u00ed, acompanyant-los, estant prop d'ells, per\u00f2 tamb\u00e9 dins de qualsevol de les nostres cases, de les nostres comunitats salesianes. Potenciant la comunicaci\u00f3, l'inter\u00e8s pels altres, la cura dels joves, l'acompanyament, estar present amb la fam\u00edlia Salesiana i amb la gent que ve a les nostres cases, cases de portes obertes com qualsevol fam\u00edlia.<\/p><p>\u00c0nim per a tots, feli\u00e7 festa de Don Bosco, feli\u00e7 curs i avant.<\/p>","_et_gb_content_width":"","footnotes":""},"categories":[49],"tags":[280],"class_list":["post-10634","post","type-post","status-publish","format-standard","has-post-thumbnail","hentry","category-en-confianca","tag-smx44"],"yoast_head":"<!-- This site is optimized with the Yoast SEO plugin v27.5 - https:\/\/yoast.com\/product\/yoast-seo-wordpress\/ -->\n<title>&quot;Vos convide a potenciar l&#039;ambient de fam\u00edlia des del nostre estil salesi\u00e0&quot; - Revista SMX<\/title>\n<meta name=\"robots\" content=\"index, follow, max-snippet:-1, max-image-preview:large, max-video-preview:-1\" \/>\n<link rel=\"canonical\" href=\"http:\/\/www.salesianos.edu\/revistasmx\/ca\/vos-convide-a-potenciar-lambient-de-familia-des-del-nostre-estil-salesia\/\" \/>\n<meta property=\"og:locale\" content=\"es_ES\" \/>\n<meta property=\"og:type\" content=\"article\" \/>\n<meta property=\"og:title\" content=\"&quot;Vos convide a potenciar l&#039;ambient de fam\u00edlia des del nostre estil salesi\u00e0&quot; - Revista SMX\" \/>\n<meta property=\"og:description\" content=\"Aquest mes de febrer us convidaria al fet que des del nostre estil salesi\u00e0 potenci\u00e9ssim l&#039;ambient de fam\u00edlia; la familiaritat, cap a dins, cap a les nostres cases.\" \/>\n<meta property=\"og:url\" content=\"http:\/\/www.salesianos.edu\/revistasmx\/ca\/vos-convide-a-potenciar-lambient-de-familia-des-del-nostre-estil-salesia\/\" \/>\n<meta property=\"og:site_name\" content=\"Revista SMX\" \/>\n<meta property=\"article:published_time\" content=\"2019-01-24T21:00:02+00:00\" \/>\n<meta property=\"article:modified_time\" content=\"2019-01-29T07:38:38+00:00\" \/>\n<meta property=\"og:image\" content=\"https:\/\/www.salesianos.edu\/revistasmx\/wp-content\/uploads\/sites\/8\/2019\/01\/En-confianza-F.-Miranda.jpg\" \/>\n\t<meta property=\"og:image:width\" content=\"774\" \/>\n\t<meta property=\"og:image:height\" content=\"468\" \/>\n\t<meta property=\"og:image:type\" content=\"image\/jpeg\" \/>\n<meta name=\"author\" content=\"joseluisgarciamoscoso\" \/>\n<meta name=\"twitter:card\" content=\"summary_large_image\" \/>\n<meta name=\"twitter:label1\" content=\"Escrito por\" \/>\n\t<meta name=\"twitter:data1\" content=\"joseluisgarciamoscoso\" \/>\n\t<meta name=\"twitter:label2\" content=\"Tiempo de lectura\" \/>\n\t<meta name=\"twitter:data2\" content=\"1 minuto\" \/>\n<script type=\"application\/ld+json\" class=\"yoast-schema-graph\">{\"@context\":\"https:\\\/\\\/schema.org\",\"@graph\":[{\"@type\":\"Article\",\"@id\":\"http:\\\/\\\/www.salesianos.edu\\\/revistasmx\\\/ca\\\/vos-convide-a-potenciar-lambient-de-familia-des-del-nostre-estil-salesia\\\/#article\",\"isPartOf\":{\"@id\":\"http:\\\/\\\/www.salesianos.edu\\\/revistasmx\\\/ca\\\/vos-convide-a-potenciar-lambient-de-familia-des-del-nostre-estil-salesia\\\/\"},\"author\":{\"name\":\"joseluisgarciamoscoso\",\"@id\":\"http:\\\/\\\/www.salesianos.edu\\\/revistasmx\\\/#\\\/schema\\\/person\\\/a1d72ee5373cce7347fb2993ba9f47d6\"},\"headline\":\"\u00abVos convide a potenciar l&#8217;ambient de fam\u00edlia des del nostre estil salesi\u00e0\u00bb\",\"datePublished\":\"2019-01-24T21:00:02+00:00\",\"dateModified\":\"2019-01-29T07:38:38+00:00\",\"mainEntityOfPage\":{\"@id\":\"http:\\\/\\\/www.salesianos.edu\\\/revistasmx\\\/ca\\\/vos-convide-a-potenciar-lambient-de-familia-des-del-nostre-estil-salesia\\\/\"},\"wordCount\":283,\"commentCount\":0,\"image\":{\"@id\":\"http:\\\/\\\/www.salesianos.edu\\\/revistasmx\\\/ca\\\/vos-convide-a-potenciar-lambient-de-familia-des-del-nostre-estil-salesia\\\/#primaryimage\"},\"thumbnailUrl\":\"http:\\\/\\\/www.salesianos.edu\\\/revistasmx\\\/wp-content\\\/uploads\\\/sites\\\/8\\\/2019\\\/01\\\/En-confianza-F.-Miranda.jpg\",\"keywords\":[\"smx44\"],\"articleSection\":[\"EN CONFIAN\u00c7A\"],\"inLanguage\":\"es\",\"potentialAction\":[{\"@type\":\"CommentAction\",\"name\":\"Comment\",\"target\":[\"http:\\\/\\\/www.salesianos.edu\\\/revistasmx\\\/ca\\\/vos-convide-a-potenciar-lambient-de-familia-des-del-nostre-estil-salesia\\\/#respond\"]}]},{\"@type\":\"WebPage\",\"@id\":\"http:\\\/\\\/www.salesianos.edu\\\/revistasmx\\\/ca\\\/vos-convide-a-potenciar-lambient-de-familia-des-del-nostre-estil-salesia\\\/\",\"url\":\"http:\\\/\\\/www.salesianos.edu\\\/revistasmx\\\/ca\\\/vos-convide-a-potenciar-lambient-de-familia-des-del-nostre-estil-salesia\\\/\",\"name\":\"\\\"Vos convide a potenciar l'ambient de fam\u00edlia des del nostre estil salesi\u00e0\\\" - Revista SMX\",\"isPartOf\":{\"@id\":\"http:\\\/\\\/www.salesianos.edu\\\/revistasmx\\\/#website\"},\"primaryImageOfPage\":{\"@id\":\"http:\\\/\\\/www.salesianos.edu\\\/revistasmx\\\/ca\\\/vos-convide-a-potenciar-lambient-de-familia-des-del-nostre-estil-salesia\\\/#primaryimage\"},\"image\":{\"@id\":\"http:\\\/\\\/www.salesianos.edu\\\/revistasmx\\\/ca\\\/vos-convide-a-potenciar-lambient-de-familia-des-del-nostre-estil-salesia\\\/#primaryimage\"},\"thumbnailUrl\":\"http:\\\/\\\/www.salesianos.edu\\\/revistasmx\\\/wp-content\\\/uploads\\\/sites\\\/8\\\/2019\\\/01\\\/En-confianza-F.-Miranda.jpg\",\"datePublished\":\"2019-01-24T21:00:02+00:00\",\"dateModified\":\"2019-01-29T07:38:38+00:00\",\"author\":{\"@id\":\"http:\\\/\\\/www.salesianos.edu\\\/revistasmx\\\/#\\\/schema\\\/person\\\/a1d72ee5373cce7347fb2993ba9f47d6\"},\"breadcrumb\":{\"@id\":\"http:\\\/\\\/www.salesianos.edu\\\/revistasmx\\\/ca\\\/vos-convide-a-potenciar-lambient-de-familia-des-del-nostre-estil-salesia\\\/#breadcrumb\"},\"inLanguage\":\"es\",\"potentialAction\":[{\"@type\":\"ReadAction\",\"target\":[\"http:\\\/\\\/www.salesianos.edu\\\/revistasmx\\\/ca\\\/vos-convide-a-potenciar-lambient-de-familia-des-del-nostre-estil-salesia\\\/\"]}]},{\"@type\":\"ImageObject\",\"inLanguage\":\"es\",\"@id\":\"http:\\\/\\\/www.salesianos.edu\\\/revistasmx\\\/ca\\\/vos-convide-a-potenciar-lambient-de-familia-des-del-nostre-estil-salesia\\\/#primaryimage\",\"url\":\"http:\\\/\\\/www.salesianos.edu\\\/revistasmx\\\/wp-content\\\/uploads\\\/sites\\\/8\\\/2019\\\/01\\\/En-confianza-F.-Miranda.jpg\",\"contentUrl\":\"http:\\\/\\\/www.salesianos.edu\\\/revistasmx\\\/wp-content\\\/uploads\\\/sites\\\/8\\\/2019\\\/01\\\/En-confianza-F.-Miranda.jpg\",\"width\":774,\"height\":468},{\"@type\":\"BreadcrumbList\",\"@id\":\"http:\\\/\\\/www.salesianos.edu\\\/revistasmx\\\/ca\\\/vos-convide-a-potenciar-lambient-de-familia-des-del-nostre-estil-salesia\\\/#breadcrumb\",\"itemListElement\":[{\"@type\":\"ListItem\",\"position\":1,\"name\":\"Portada\",\"item\":\"https:\\\/\\\/www.salesianos.edu\\\/revistasmx\\\/\"},{\"@type\":\"ListItem\",\"position\":2,\"name\":\"&#8220;Vos convide a potenciar l&#8217;ambient de fam\u00edlia des del nostre estil salesi\u00e0&#8221;\"}]},{\"@type\":\"WebSite\",\"@id\":\"http:\\\/\\\/www.salesianos.edu\\\/revistasmx\\\/#website\",\"url\":\"http:\\\/\\\/www.salesianos.edu\\\/revistasmx\\\/\",\"name\":\"Revista SMX\",\"description\":\"P\u00e1gina oficial de Inspector\u00eda Salesiana Mar\u00eda Auxiliadora\",\"potentialAction\":[{\"@type\":\"SearchAction\",\"target\":{\"@type\":\"EntryPoint\",\"urlTemplate\":\"http:\\\/\\\/www.salesianos.edu\\\/revistasmx\\\/?s={search_term_string}\"},\"query-input\":{\"@type\":\"PropertyValueSpecification\",\"valueRequired\":true,\"valueName\":\"search_term_string\"}}],\"inLanguage\":\"es\"},{\"@type\":\"Person\",\"@id\":\"http:\\\/\\\/www.salesianos.edu\\\/revistasmx\\\/#\\\/schema\\\/person\\\/a1d72ee5373cce7347fb2993ba9f47d6\",\"name\":\"joseluisgarciamoscoso\",\"image\":{\"@type\":\"ImageObject\",\"inLanguage\":\"es\",\"@id\":\"https:\\\/\\\/secure.gravatar.com\\\/avatar\\\/3fda3a0b2db3bc9a39871e47cbd526b42d6c3b74755b7ae1400a87b2913fea6a?s=96&d=mm&r=g\",\"url\":\"https:\\\/\\\/secure.gravatar.com\\\/avatar\\\/3fda3a0b2db3bc9a39871e47cbd526b42d6c3b74755b7ae1400a87b2913fea6a?s=96&d=mm&r=g\",\"contentUrl\":\"https:\\\/\\\/secure.gravatar.com\\\/avatar\\\/3fda3a0b2db3bc9a39871e47cbd526b42d6c3b74755b7ae1400a87b2913fea6a?s=96&d=mm&r=g\",\"caption\":\"joseluisgarciamoscoso\"}}]}<\/script>\n<!-- \/ Yoast SEO plugin. -->","yoast_head_json":{"title":"\"Vos convide a potenciar l'ambient de fam\u00edlia des del nostre estil salesi\u00e0\" - Revista SMX","robots":{"index":"index","follow":"follow","max-snippet":"max-snippet:-1","max-image-preview":"max-image-preview:large","max-video-preview":"max-video-preview:-1"},"canonical":"http:\/\/www.salesianos.edu\/revistasmx\/ca\/vos-convide-a-potenciar-lambient-de-familia-des-del-nostre-estil-salesia\/","og_locale":"es_ES","og_type":"article","og_title":"\"Vos convide a potenciar l'ambient de fam\u00edlia des del nostre estil salesi\u00e0\" - Revista SMX","og_description":"Aquest mes de febrer us convidaria al fet que des del nostre estil salesi\u00e0 potenci\u00e9ssim l'ambient de fam\u00edlia; la familiaritat, cap a dins, cap a les nostres cases.","og_url":"http:\/\/www.salesianos.edu\/revistasmx\/ca\/vos-convide-a-potenciar-lambient-de-familia-des-del-nostre-estil-salesia\/","og_site_name":"Revista SMX","article_published_time":"2019-01-24T21:00:02+00:00","article_modified_time":"2019-01-29T07:38:38+00:00","og_image":[{"width":774,"height":468,"url":"https:\/\/www.salesianos.edu\/revistasmx\/wp-content\/uploads\/sites\/8\/2019\/01\/En-confianza-F.-Miranda.jpg","type":"image\/jpeg"}],"author":"joseluisgarciamoscoso","twitter_card":"summary_large_image","twitter_misc":{"Escrito por":"joseluisgarciamoscoso","Tiempo de lectura":"1 minuto"},"schema":{"@context":"https:\/\/schema.org","@graph":[{"@type":"Article","@id":"http:\/\/www.salesianos.edu\/revistasmx\/ca\/vos-convide-a-potenciar-lambient-de-familia-des-del-nostre-estil-salesia\/#article","isPartOf":{"@id":"http:\/\/www.salesianos.edu\/revistasmx\/ca\/vos-convide-a-potenciar-lambient-de-familia-des-del-nostre-estil-salesia\/"},"author":{"name":"joseluisgarciamoscoso","@id":"http:\/\/www.salesianos.edu\/revistasmx\/#\/schema\/person\/a1d72ee5373cce7347fb2993ba9f47d6"},"headline":"\u00abVos convide a potenciar l&#8217;ambient de fam\u00edlia des del nostre estil salesi\u00e0\u00bb","datePublished":"2019-01-24T21:00:02+00:00","dateModified":"2019-01-29T07:38:38+00:00","mainEntityOfPage":{"@id":"http:\/\/www.salesianos.edu\/revistasmx\/ca\/vos-convide-a-potenciar-lambient-de-familia-des-del-nostre-estil-salesia\/"},"wordCount":283,"commentCount":0,"image":{"@id":"http:\/\/www.salesianos.edu\/revistasmx\/ca\/vos-convide-a-potenciar-lambient-de-familia-des-del-nostre-estil-salesia\/#primaryimage"},"thumbnailUrl":"http:\/\/www.salesianos.edu\/revistasmx\/wp-content\/uploads\/sites\/8\/2019\/01\/En-confianza-F.-Miranda.jpg","keywords":["smx44"],"articleSection":["EN CONFIAN\u00c7A"],"inLanguage":"es","potentialAction":[{"@type":"CommentAction","name":"Comment","target":["http:\/\/www.salesianos.edu\/revistasmx\/ca\/vos-convide-a-potenciar-lambient-de-familia-des-del-nostre-estil-salesia\/#respond"]}]},{"@type":"WebPage","@id":"http:\/\/www.salesianos.edu\/revistasmx\/ca\/vos-convide-a-potenciar-lambient-de-familia-des-del-nostre-estil-salesia\/","url":"http:\/\/www.salesianos.edu\/revistasmx\/ca\/vos-convide-a-potenciar-lambient-de-familia-des-del-nostre-estil-salesia\/","name":"\"Vos convide a potenciar l'ambient de fam\u00edlia des del nostre estil salesi\u00e0\" - Revista SMX","isPartOf":{"@id":"http:\/\/www.salesianos.edu\/revistasmx\/#website"},"primaryImageOfPage":{"@id":"http:\/\/www.salesianos.edu\/revistasmx\/ca\/vos-convide-a-potenciar-lambient-de-familia-des-del-nostre-estil-salesia\/#primaryimage"},"image":{"@id":"http:\/\/www.salesianos.edu\/revistasmx\/ca\/vos-convide-a-potenciar-lambient-de-familia-des-del-nostre-estil-salesia\/#primaryimage"},"thumbnailUrl":"http:\/\/www.salesianos.edu\/revistasmx\/wp-content\/uploads\/sites\/8\/2019\/01\/En-confianza-F.-Miranda.jpg","datePublished":"2019-01-24T21:00:02+00:00","dateModified":"2019-01-29T07:38:38+00:00","author":{"@id":"http:\/\/www.salesianos.edu\/revistasmx\/#\/schema\/person\/a1d72ee5373cce7347fb2993ba9f47d6"},"breadcrumb":{"@id":"http:\/\/www.salesianos.edu\/revistasmx\/ca\/vos-convide-a-potenciar-lambient-de-familia-des-del-nostre-estil-salesia\/#breadcrumb"},"inLanguage":"es","potentialAction":[{"@type":"ReadAction","target":["http:\/\/www.salesianos.edu\/revistasmx\/ca\/vos-convide-a-potenciar-lambient-de-familia-des-del-nostre-estil-salesia\/"]}]},{"@type":"ImageObject","inLanguage":"es","@id":"http:\/\/www.salesianos.edu\/revistasmx\/ca\/vos-convide-a-potenciar-lambient-de-familia-des-del-nostre-estil-salesia\/#primaryimage","url":"http:\/\/www.salesianos.edu\/revistasmx\/wp-content\/uploads\/sites\/8\/2019\/01\/En-confianza-F.-Miranda.jpg","contentUrl":"http:\/\/www.salesianos.edu\/revistasmx\/wp-content\/uploads\/sites\/8\/2019\/01\/En-confianza-F.-Miranda.jpg","width":774,"height":468},{"@type":"BreadcrumbList","@id":"http:\/\/www.salesianos.edu\/revistasmx\/ca\/vos-convide-a-potenciar-lambient-de-familia-des-del-nostre-estil-salesia\/#breadcrumb","itemListElement":[{"@type":"ListItem","position":1,"name":"Portada","item":"https:\/\/www.salesianos.edu\/revistasmx\/"},{"@type":"ListItem","position":2,"name":"&#8220;Vos convide a potenciar l&#8217;ambient de fam\u00edlia des del nostre estil salesi\u00e0&#8221;"}]},{"@type":"WebSite","@id":"http:\/\/www.salesianos.edu\/revistasmx\/#website","url":"http:\/\/www.salesianos.edu\/revistasmx\/","name":"Revista SMX","description":"P\u00e1gina oficial de Inspector\u00eda Salesiana Mar\u00eda Auxiliadora","potentialAction":[{"@type":"SearchAction","target":{"@type":"EntryPoint","urlTemplate":"http:\/\/www.salesianos.edu\/revistasmx\/?s={search_term_string}"},"query-input":{"@type":"PropertyValueSpecification","valueRequired":true,"valueName":"search_term_string"}}],"inLanguage":"es"},{"@type":"Person","@id":"http:\/\/www.salesianos.edu\/revistasmx\/#\/schema\/person\/a1d72ee5373cce7347fb2993ba9f47d6","name":"joseluisgarciamoscoso","image":{"@type":"ImageObject","inLanguage":"es","@id":"https:\/\/secure.gravatar.com\/avatar\/3fda3a0b2db3bc9a39871e47cbd526b42d6c3b74755b7ae1400a87b2913fea6a?s=96&d=mm&r=g","url":"https:\/\/secure.gravatar.com\/avatar\/3fda3a0b2db3bc9a39871e47cbd526b42d6c3b74755b7ae1400a87b2913fea6a?s=96&d=mm&r=g","contentUrl":"https:\/\/secure.gravatar.com\/avatar\/3fda3a0b2db3bc9a39871e47cbd526b42d6c3b74755b7ae1400a87b2913fea6a?s=96&d=mm&r=g","caption":"joseluisgarciamoscoso"}}]}},"_links":{"self":[{"href":"http:\/\/www.salesianos.edu\/revistasmx\/wp-json\/wp\/v2\/posts\/10634","targetHints":{"allow":["GET"]}}],"collection":[{"href":"http:\/\/www.salesianos.edu\/revistasmx\/wp-json\/wp\/v2\/posts"}],"about":[{"href":"http:\/\/www.salesianos.edu\/revistasmx\/wp-json\/wp\/v2\/types\/post"}],"author":[{"embeddable":true,"href":"http:\/\/www.salesianos.edu\/revistasmx\/wp-json\/wp\/v2\/users\/12"}],"replies":[{"embeddable":true,"href":"http:\/\/www.salesianos.edu\/revistasmx\/wp-json\/wp\/v2\/comments?post=10634"}],"version-history":[{"count":6,"href":"http:\/\/www.salesianos.edu\/revistasmx\/wp-json\/wp\/v2\/posts\/10634\/revisions"}],"predecessor-version":[{"id":10845,"href":"http:\/\/www.salesianos.edu\/revistasmx\/wp-json\/wp\/v2\/posts\/10634\/revisions\/10845"}],"wp:featuredmedia":[{"embeddable":true,"href":"http:\/\/www.salesianos.edu\/revistasmx\/wp-json\/wp\/v2\/media\/10629"}],"wp:attachment":[{"href":"http:\/\/www.salesianos.edu\/revistasmx\/wp-json\/wp\/v2\/media?parent=10634"}],"wp:term":[{"taxonomy":"category","embeddable":true,"href":"http:\/\/www.salesianos.edu\/revistasmx\/wp-json\/wp\/v2\/categories?post=10634"},{"taxonomy":"post_tag","embeddable":true,"href":"http:\/\/www.salesianos.edu\/revistasmx\/wp-json\/wp\/v2\/tags?post=10634"}],"curies":[{"name":"wp","href":"https:\/\/api.w.org\/{rel}","templated":true}]}}