{"id":10628,"date":"2019-01-24T22:00:42","date_gmt":"2019-01-24T21:00:42","guid":{"rendered":"http:\/\/www.salesianos.edu\/revistasmx\/?p=10628"},"modified":"2019-01-29T08:37:56","modified_gmt":"2019-01-29T07:37:56","slug":"os-invito-a-potenciar-el-ambiente-de-familia-desde-nuestro-estilo-salesiano","status":"publish","type":"post","link":"http:\/\/www.salesianos.edu\/revistasmx\/os-invito-a-potenciar-el-ambiente-de-familia-desde-nuestro-estilo-salesiano\/","title":{"rendered":"\u00abOs invito a potenciar el ambiente de familia desde nuestro estilo salesiano\u00bb"},"content":{"rendered":"<div id=\"fb-root\"><\/div>\n<p>[et_pb_section bb_built=\u00bb1&#8243;][et_pb_row _builder_version=\u00bb3.18.7&#8243;][et_pb_column type=\u00bb1_4&#8243;][et_pb_team_member _builder_version=\u00bb3.18.7&#8243; name=\u00bbFernando Miranda\u00bb position=\u00bbVicario inspectorial\u00bb image_url=\u00bbhttps:\/\/www.salesianos.edu\/revistasmx\/wp-content\/uploads\/sites\/8\/2018\/11\/FernandoMiranda-1.jpg\u00bb \/][\/et_pb_column][et_pb_column type=\u00bb3_4&#8243;][et_pb_video _builder_version=\u00bb3.18.7&#8243; src=\u00bbhttps:\/\/www.youtube.com\/watch?v=2JDPmCwzfcM\u00bb \/][et_pb_text _builder_version=\u00bb3.18.7&#8243;]<\/p>\n<p>Un saludo a todos los que formamos esta gran Familia Salesiana.<\/p>\n<p>Acabamos de terminar el mes de enero seguro que durante toda esta \u00faltima semana y durante todo el mes de enero habr\u00e1 habido muchas actividades que nos hayan acercado a los j\u00f3venes y que nos hayan invitado a escuchar, a reflexionar y a compartir nuestra vida.<\/p>\n<p>Ahora se nos abre por delante lo que queda de curso. Este mes de febrero os invitar\u00eda a que desde nuestro estilo salesiano potenci\u00e1ramos el ambiente de familia; la familiaridad, hacia dentro, hacia nuestras casas. En este ambiente de familia tan caracter\u00edstico nuestro, siendo conscientes de las casas de salud, de los hermanos que est\u00e1n all\u00ed, acompa\u00f1\u00e1ndoles, estando cerca de ellos, pero tambi\u00e9n dentro de cualquiera de nuestras casas, de nuestras comunidades salesianas. Potenciando la comunicaci\u00f3n, el inter\u00e9s por los dem\u00e1s, el cuidado de los j\u00f3venes, el acompa\u00f1amiento, estar presentes con la familia Salesiana y con la gente que viene a nuestras casas, casas de puertas abiertas como cualquier familia.<\/p>\n<p>\u00a0\u00c1nimo para todos, feliz fiesta de Don Bosco, feliz curso, y adelante.<\/p>\n<p>[\/et_pb_text][\/et_pb_column][\/et_pb_row][\/et_pb_section]<\/p>\n","protected":false},"excerpt":{"rendered":"<p>\u00abOs invito a que desde nuestro estilo salesiano potenciemos el ambiente de familia; la familiaridad, hacia dentro, hacia nuestras casas\u00bb.<\/p>\n","protected":false},"author":12,"featured_media":10629,"comment_status":"open","ping_status":"closed","sticky":false,"template":"","format":"standard","meta":{"_et_pb_use_builder":"on","_et_pb_old_content":"","_et_gb_content_width":"","footnotes":""},"categories":[32],"tags":[282],"class_list":["post-10628","post","type-post","status-publish","format-standard","has-post-thumbnail","hentry","category-en-confianza","tag-smx44-es"],"yoast_head":"<!-- This site is optimized with the Yoast SEO plugin v27.5 - https:\/\/yoast.com\/product\/yoast-seo-wordpress\/ -->\n<title>&quot;Os invito a potenciar el ambiente de familia desde nuestro estilo salesiano&quot; - Revista SMX<\/title>\n<meta name=\"robots\" content=\"index, follow, max-snippet:-1, max-image-preview:large, max-video-preview:-1\" \/>\n<link rel=\"canonical\" href=\"http:\/\/www.salesianos.edu\/revistasmx\/os-invito-a-potenciar-el-ambiente-de-familia-desde-nuestro-estilo-salesiano\/\" \/>\n<meta property=\"og:locale\" content=\"es_ES\" \/>\n<meta property=\"og:type\" content=\"article\" \/>\n<meta property=\"og:title\" content=\"&quot;Os invito a potenciar el ambiente de familia desde nuestro estilo salesiano&quot; - Revista SMX\" \/>\n<meta property=\"og:description\" content=\"&quot;Os invito a que desde nuestro estilo salesiano potenciemos el ambiente de familia; la familiaridad, hacia dentro, hacia nuestras casas&quot;.\" \/>\n<meta property=\"og:url\" content=\"http:\/\/www.salesianos.edu\/revistasmx\/os-invito-a-potenciar-el-ambiente-de-familia-desde-nuestro-estilo-salesiano\/\" \/>\n<meta property=\"og:site_name\" content=\"Revista SMX\" \/>\n<meta property=\"article:published_time\" content=\"2019-01-24T21:00:42+00:00\" \/>\n<meta property=\"article:modified_time\" content=\"2019-01-29T07:37:56+00:00\" \/>\n<meta property=\"og:image\" content=\"http:\/\/www.salesianos.edu\/revistasmx\/wp-content\/uploads\/sites\/8\/2019\/01\/En-confianza-F.-Miranda.jpg\" \/>\n\t<meta property=\"og:image:width\" content=\"774\" \/>\n\t<meta property=\"og:image:height\" content=\"468\" \/>\n\t<meta property=\"og:image:type\" content=\"image\/jpeg\" \/>\n<meta name=\"author\" content=\"joseluisgarciamoscoso\" \/>\n<meta name=\"twitter:card\" content=\"summary_large_image\" \/>\n<meta name=\"twitter:label1\" content=\"Escrito por\" \/>\n\t<meta name=\"twitter:data1\" content=\"joseluisgarciamoscoso\" \/>\n\t<meta name=\"twitter:label2\" content=\"Tiempo de lectura\" \/>\n\t<meta name=\"twitter:data2\" content=\"1 minuto\" \/>\n<script type=\"application\/ld+json\" class=\"yoast-schema-graph\">{\"@context\":\"https:\\\/\\\/schema.org\",\"@graph\":[{\"@type\":\"Article\",\"@id\":\"http:\\\/\\\/www.salesianos.edu\\\/revistasmx\\\/os-invito-a-potenciar-el-ambiente-de-familia-desde-nuestro-estilo-salesiano\\\/#article\",\"isPartOf\":{\"@id\":\"http:\\\/\\\/www.salesianos.edu\\\/revistasmx\\\/os-invito-a-potenciar-el-ambiente-de-familia-desde-nuestro-estilo-salesiano\\\/\"},\"author\":{\"name\":\"joseluisgarciamoscoso\",\"@id\":\"http:\\\/\\\/www.salesianos.edu\\\/revistasmx\\\/#\\\/schema\\\/person\\\/a1d72ee5373cce7347fb2993ba9f47d6\"},\"headline\":\"\u00abOs invito a potenciar el ambiente de familia desde nuestro estilo salesiano\u00bb\",\"datePublished\":\"2019-01-24T21:00:42+00:00\",\"dateModified\":\"2019-01-29T07:37:56+00:00\",\"mainEntityOfPage\":{\"@id\":\"http:\\\/\\\/www.salesianos.edu\\\/revistasmx\\\/os-invito-a-potenciar-el-ambiente-de-familia-desde-nuestro-estilo-salesiano\\\/\"},\"wordCount\":278,\"commentCount\":0,\"image\":{\"@id\":\"http:\\\/\\\/www.salesianos.edu\\\/revistasmx\\\/os-invito-a-potenciar-el-ambiente-de-familia-desde-nuestro-estilo-salesiano\\\/#primaryimage\"},\"thumbnailUrl\":\"http:\\\/\\\/www.salesianos.edu\\\/revistasmx\\\/wp-content\\\/uploads\\\/sites\\\/8\\\/2019\\\/01\\\/En-confianza-F.-Miranda.jpg\",\"keywords\":[\"smx44\"],\"articleSection\":[\"EN CONFIANZA\"],\"inLanguage\":\"es\",\"potentialAction\":[{\"@type\":\"CommentAction\",\"name\":\"Comment\",\"target\":[\"http:\\\/\\\/www.salesianos.edu\\\/revistasmx\\\/os-invito-a-potenciar-el-ambiente-de-familia-desde-nuestro-estilo-salesiano\\\/#respond\"]}]},{\"@type\":\"WebPage\",\"@id\":\"http:\\\/\\\/www.salesianos.edu\\\/revistasmx\\\/os-invito-a-potenciar-el-ambiente-de-familia-desde-nuestro-estilo-salesiano\\\/\",\"url\":\"http:\\\/\\\/www.salesianos.edu\\\/revistasmx\\\/os-invito-a-potenciar-el-ambiente-de-familia-desde-nuestro-estilo-salesiano\\\/\",\"name\":\"\\\"Os invito a potenciar el ambiente de familia desde nuestro estilo salesiano\\\" - Revista SMX\",\"isPartOf\":{\"@id\":\"http:\\\/\\\/www.salesianos.edu\\\/revistasmx\\\/#website\"},\"primaryImageOfPage\":{\"@id\":\"http:\\\/\\\/www.salesianos.edu\\\/revistasmx\\\/os-invito-a-potenciar-el-ambiente-de-familia-desde-nuestro-estilo-salesiano\\\/#primaryimage\"},\"image\":{\"@id\":\"http:\\\/\\\/www.salesianos.edu\\\/revistasmx\\\/os-invito-a-potenciar-el-ambiente-de-familia-desde-nuestro-estilo-salesiano\\\/#primaryimage\"},\"thumbnailUrl\":\"http:\\\/\\\/www.salesianos.edu\\\/revistasmx\\\/wp-content\\\/uploads\\\/sites\\\/8\\\/2019\\\/01\\\/En-confianza-F.-Miranda.jpg\",\"datePublished\":\"2019-01-24T21:00:42+00:00\",\"dateModified\":\"2019-01-29T07:37:56+00:00\",\"author\":{\"@id\":\"http:\\\/\\\/www.salesianos.edu\\\/revistasmx\\\/#\\\/schema\\\/person\\\/a1d72ee5373cce7347fb2993ba9f47d6\"},\"breadcrumb\":{\"@id\":\"http:\\\/\\\/www.salesianos.edu\\\/revistasmx\\\/os-invito-a-potenciar-el-ambiente-de-familia-desde-nuestro-estilo-salesiano\\\/#breadcrumb\"},\"inLanguage\":\"es\",\"potentialAction\":[{\"@type\":\"ReadAction\",\"target\":[\"http:\\\/\\\/www.salesianos.edu\\\/revistasmx\\\/os-invito-a-potenciar-el-ambiente-de-familia-desde-nuestro-estilo-salesiano\\\/\"]}]},{\"@type\":\"ImageObject\",\"inLanguage\":\"es\",\"@id\":\"http:\\\/\\\/www.salesianos.edu\\\/revistasmx\\\/os-invito-a-potenciar-el-ambiente-de-familia-desde-nuestro-estilo-salesiano\\\/#primaryimage\",\"url\":\"http:\\\/\\\/www.salesianos.edu\\\/revistasmx\\\/wp-content\\\/uploads\\\/sites\\\/8\\\/2019\\\/01\\\/En-confianza-F.-Miranda.jpg\",\"contentUrl\":\"http:\\\/\\\/www.salesianos.edu\\\/revistasmx\\\/wp-content\\\/uploads\\\/sites\\\/8\\\/2019\\\/01\\\/En-confianza-F.-Miranda.jpg\",\"width\":774,\"height\":468},{\"@type\":\"BreadcrumbList\",\"@id\":\"http:\\\/\\\/www.salesianos.edu\\\/revistasmx\\\/os-invito-a-potenciar-el-ambiente-de-familia-desde-nuestro-estilo-salesiano\\\/#breadcrumb\",\"itemListElement\":[{\"@type\":\"ListItem\",\"position\":1,\"name\":\"Portada\",\"item\":\"https:\\\/\\\/www.salesianos.edu\\\/revistasmx\\\/\"},{\"@type\":\"ListItem\",\"position\":2,\"name\":\"\u00abOs invito a potenciar el ambiente de familia desde nuestro estilo salesiano\u00bb\"}]},{\"@type\":\"WebSite\",\"@id\":\"http:\\\/\\\/www.salesianos.edu\\\/revistasmx\\\/#website\",\"url\":\"http:\\\/\\\/www.salesianos.edu\\\/revistasmx\\\/\",\"name\":\"Revista SMX\",\"description\":\"P\u00e1gina oficial de Inspector\u00eda Salesiana Mar\u00eda Auxiliadora\",\"potentialAction\":[{\"@type\":\"SearchAction\",\"target\":{\"@type\":\"EntryPoint\",\"urlTemplate\":\"http:\\\/\\\/www.salesianos.edu\\\/revistasmx\\\/?s={search_term_string}\"},\"query-input\":{\"@type\":\"PropertyValueSpecification\",\"valueRequired\":true,\"valueName\":\"search_term_string\"}}],\"inLanguage\":\"es\"},{\"@type\":\"Person\",\"@id\":\"http:\\\/\\\/www.salesianos.edu\\\/revistasmx\\\/#\\\/schema\\\/person\\\/a1d72ee5373cce7347fb2993ba9f47d6\",\"name\":\"joseluisgarciamoscoso\",\"image\":{\"@type\":\"ImageObject\",\"inLanguage\":\"es\",\"@id\":\"https:\\\/\\\/secure.gravatar.com\\\/avatar\\\/3fda3a0b2db3bc9a39871e47cbd526b42d6c3b74755b7ae1400a87b2913fea6a?s=96&d=mm&r=g\",\"url\":\"https:\\\/\\\/secure.gravatar.com\\\/avatar\\\/3fda3a0b2db3bc9a39871e47cbd526b42d6c3b74755b7ae1400a87b2913fea6a?s=96&d=mm&r=g\",\"contentUrl\":\"https:\\\/\\\/secure.gravatar.com\\\/avatar\\\/3fda3a0b2db3bc9a39871e47cbd526b42d6c3b74755b7ae1400a87b2913fea6a?s=96&d=mm&r=g\",\"caption\":\"joseluisgarciamoscoso\"}}]}<\/script>\n<!-- \/ Yoast SEO plugin. -->","yoast_head_json":{"title":"\"Os invito a potenciar el ambiente de familia desde nuestro estilo salesiano\" - Revista SMX","robots":{"index":"index","follow":"follow","max-snippet":"max-snippet:-1","max-image-preview":"max-image-preview:large","max-video-preview":"max-video-preview:-1"},"canonical":"http:\/\/www.salesianos.edu\/revistasmx\/os-invito-a-potenciar-el-ambiente-de-familia-desde-nuestro-estilo-salesiano\/","og_locale":"es_ES","og_type":"article","og_title":"\"Os invito a potenciar el ambiente de familia desde nuestro estilo salesiano\" - Revista SMX","og_description":"\"Os invito a que desde nuestro estilo salesiano potenciemos el ambiente de familia; la familiaridad, hacia dentro, hacia nuestras casas\".","og_url":"http:\/\/www.salesianos.edu\/revistasmx\/os-invito-a-potenciar-el-ambiente-de-familia-desde-nuestro-estilo-salesiano\/","og_site_name":"Revista SMX","article_published_time":"2019-01-24T21:00:42+00:00","article_modified_time":"2019-01-29T07:37:56+00:00","og_image":[{"width":774,"height":468,"url":"http:\/\/www.salesianos.edu\/revistasmx\/wp-content\/uploads\/sites\/8\/2019\/01\/En-confianza-F.-Miranda.jpg","type":"image\/jpeg"}],"author":"joseluisgarciamoscoso","twitter_card":"summary_large_image","twitter_misc":{"Escrito por":"joseluisgarciamoscoso","Tiempo de lectura":"1 minuto"},"schema":{"@context":"https:\/\/schema.org","@graph":[{"@type":"Article","@id":"http:\/\/www.salesianos.edu\/revistasmx\/os-invito-a-potenciar-el-ambiente-de-familia-desde-nuestro-estilo-salesiano\/#article","isPartOf":{"@id":"http:\/\/www.salesianos.edu\/revistasmx\/os-invito-a-potenciar-el-ambiente-de-familia-desde-nuestro-estilo-salesiano\/"},"author":{"name":"joseluisgarciamoscoso","@id":"http:\/\/www.salesianos.edu\/revistasmx\/#\/schema\/person\/a1d72ee5373cce7347fb2993ba9f47d6"},"headline":"\u00abOs invito a potenciar el ambiente de familia desde nuestro estilo salesiano\u00bb","datePublished":"2019-01-24T21:00:42+00:00","dateModified":"2019-01-29T07:37:56+00:00","mainEntityOfPage":{"@id":"http:\/\/www.salesianos.edu\/revistasmx\/os-invito-a-potenciar-el-ambiente-de-familia-desde-nuestro-estilo-salesiano\/"},"wordCount":278,"commentCount":0,"image":{"@id":"http:\/\/www.salesianos.edu\/revistasmx\/os-invito-a-potenciar-el-ambiente-de-familia-desde-nuestro-estilo-salesiano\/#primaryimage"},"thumbnailUrl":"http:\/\/www.salesianos.edu\/revistasmx\/wp-content\/uploads\/sites\/8\/2019\/01\/En-confianza-F.-Miranda.jpg","keywords":["smx44"],"articleSection":["EN CONFIANZA"],"inLanguage":"es","potentialAction":[{"@type":"CommentAction","name":"Comment","target":["http:\/\/www.salesianos.edu\/revistasmx\/os-invito-a-potenciar-el-ambiente-de-familia-desde-nuestro-estilo-salesiano\/#respond"]}]},{"@type":"WebPage","@id":"http:\/\/www.salesianos.edu\/revistasmx\/os-invito-a-potenciar-el-ambiente-de-familia-desde-nuestro-estilo-salesiano\/","url":"http:\/\/www.salesianos.edu\/revistasmx\/os-invito-a-potenciar-el-ambiente-de-familia-desde-nuestro-estilo-salesiano\/","name":"\"Os invito a potenciar el ambiente de familia desde nuestro estilo salesiano\" - Revista SMX","isPartOf":{"@id":"http:\/\/www.salesianos.edu\/revistasmx\/#website"},"primaryImageOfPage":{"@id":"http:\/\/www.salesianos.edu\/revistasmx\/os-invito-a-potenciar-el-ambiente-de-familia-desde-nuestro-estilo-salesiano\/#primaryimage"},"image":{"@id":"http:\/\/www.salesianos.edu\/revistasmx\/os-invito-a-potenciar-el-ambiente-de-familia-desde-nuestro-estilo-salesiano\/#primaryimage"},"thumbnailUrl":"http:\/\/www.salesianos.edu\/revistasmx\/wp-content\/uploads\/sites\/8\/2019\/01\/En-confianza-F.-Miranda.jpg","datePublished":"2019-01-24T21:00:42+00:00","dateModified":"2019-01-29T07:37:56+00:00","author":{"@id":"http:\/\/www.salesianos.edu\/revistasmx\/#\/schema\/person\/a1d72ee5373cce7347fb2993ba9f47d6"},"breadcrumb":{"@id":"http:\/\/www.salesianos.edu\/revistasmx\/os-invito-a-potenciar-el-ambiente-de-familia-desde-nuestro-estilo-salesiano\/#breadcrumb"},"inLanguage":"es","potentialAction":[{"@type":"ReadAction","target":["http:\/\/www.salesianos.edu\/revistasmx\/os-invito-a-potenciar-el-ambiente-de-familia-desde-nuestro-estilo-salesiano\/"]}]},{"@type":"ImageObject","inLanguage":"es","@id":"http:\/\/www.salesianos.edu\/revistasmx\/os-invito-a-potenciar-el-ambiente-de-familia-desde-nuestro-estilo-salesiano\/#primaryimage","url":"http:\/\/www.salesianos.edu\/revistasmx\/wp-content\/uploads\/sites\/8\/2019\/01\/En-confianza-F.-Miranda.jpg","contentUrl":"http:\/\/www.salesianos.edu\/revistasmx\/wp-content\/uploads\/sites\/8\/2019\/01\/En-confianza-F.-Miranda.jpg","width":774,"height":468},{"@type":"BreadcrumbList","@id":"http:\/\/www.salesianos.edu\/revistasmx\/os-invito-a-potenciar-el-ambiente-de-familia-desde-nuestro-estilo-salesiano\/#breadcrumb","itemListElement":[{"@type":"ListItem","position":1,"name":"Portada","item":"https:\/\/www.salesianos.edu\/revistasmx\/"},{"@type":"ListItem","position":2,"name":"\u00abOs invito a potenciar el ambiente de familia desde nuestro estilo salesiano\u00bb"}]},{"@type":"WebSite","@id":"http:\/\/www.salesianos.edu\/revistasmx\/#website","url":"http:\/\/www.salesianos.edu\/revistasmx\/","name":"Revista SMX","description":"P\u00e1gina oficial de Inspector\u00eda Salesiana Mar\u00eda Auxiliadora","potentialAction":[{"@type":"SearchAction","target":{"@type":"EntryPoint","urlTemplate":"http:\/\/www.salesianos.edu\/revistasmx\/?s={search_term_string}"},"query-input":{"@type":"PropertyValueSpecification","valueRequired":true,"valueName":"search_term_string"}}],"inLanguage":"es"},{"@type":"Person","@id":"http:\/\/www.salesianos.edu\/revistasmx\/#\/schema\/person\/a1d72ee5373cce7347fb2993ba9f47d6","name":"joseluisgarciamoscoso","image":{"@type":"ImageObject","inLanguage":"es","@id":"https:\/\/secure.gravatar.com\/avatar\/3fda3a0b2db3bc9a39871e47cbd526b42d6c3b74755b7ae1400a87b2913fea6a?s=96&d=mm&r=g","url":"https:\/\/secure.gravatar.com\/avatar\/3fda3a0b2db3bc9a39871e47cbd526b42d6c3b74755b7ae1400a87b2913fea6a?s=96&d=mm&r=g","contentUrl":"https:\/\/secure.gravatar.com\/avatar\/3fda3a0b2db3bc9a39871e47cbd526b42d6c3b74755b7ae1400a87b2913fea6a?s=96&d=mm&r=g","caption":"joseluisgarciamoscoso"}}]}},"_links":{"self":[{"href":"http:\/\/www.salesianos.edu\/revistasmx\/wp-json\/wp\/v2\/posts\/10628","targetHints":{"allow":["GET"]}}],"collection":[{"href":"http:\/\/www.salesianos.edu\/revistasmx\/wp-json\/wp\/v2\/posts"}],"about":[{"href":"http:\/\/www.salesianos.edu\/revistasmx\/wp-json\/wp\/v2\/types\/post"}],"author":[{"embeddable":true,"href":"http:\/\/www.salesianos.edu\/revistasmx\/wp-json\/wp\/v2\/users\/12"}],"replies":[{"embeddable":true,"href":"http:\/\/www.salesianos.edu\/revistasmx\/wp-json\/wp\/v2\/comments?post=10628"}],"version-history":[{"count":12,"href":"http:\/\/www.salesianos.edu\/revistasmx\/wp-json\/wp\/v2\/posts\/10628\/revisions"}],"predecessor-version":[{"id":10844,"href":"http:\/\/www.salesianos.edu\/revistasmx\/wp-json\/wp\/v2\/posts\/10628\/revisions\/10844"}],"wp:featuredmedia":[{"embeddable":true,"href":"http:\/\/www.salesianos.edu\/revistasmx\/wp-json\/wp\/v2\/media\/10629"}],"wp:attachment":[{"href":"http:\/\/www.salesianos.edu\/revistasmx\/wp-json\/wp\/v2\/media?parent=10628"}],"wp:term":[{"taxonomy":"category","embeddable":true,"href":"http:\/\/www.salesianos.edu\/revistasmx\/wp-json\/wp\/v2\/categories?post=10628"},{"taxonomy":"post_tag","embeddable":true,"href":"http:\/\/www.salesianos.edu\/revistasmx\/wp-json\/wp\/v2\/tags?post=10628"}],"curies":[{"name":"wp","href":"https:\/\/api.w.org\/{rel}","templated":true}]}}