{"id":10570,"date":"2019-01-24T23:00:44","date_gmt":"2019-01-24T22:00:44","guid":{"rendered":"http:\/\/www.salesianos.edu\/revistasmx\/?p=10570"},"modified":"2019-01-28T11:18:18","modified_gmt":"2019-01-28T10:18:18","slug":"vivir-el-carisma-de-don-bosco-en-la-vejez","status":"publish","type":"post","link":"http:\/\/www.salesianos.edu\/revistasmx\/vivir-el-carisma-de-don-bosco-en-la-vejez\/","title":{"rendered":"Vivir el carisma de Don Bosco en la vejez"},"content":{"rendered":"<div id=\"fb-root\"><\/div>\n<p>[et_pb_section bb_built=\u00bb1&#8243; _builder_version=\u00bb3.13.1&#8243;][et_pb_row _builder_version=\u00bb3.13.1&#8243; background_size=\u00bbinitial\u00bb background_position=\u00bbtop_left\u00bb background_repeat=\u00bbrepeat\u00bb][et_pb_column type=\u00bb1_2&#8243;][et_pb_text _builder_version=\u00bb3.18.7&#8243; background_size=\u00bbinitial\u00bb background_position=\u00bbtop_left\u00bb background_repeat=\u00bbrepeat\u00bb]<\/p>\n<p><em>Por: Xavier Costa<\/em><\/p>\n<p><span style=\"font-weight: 400\">La edad no perdona y vivir la vejez desde el carisma salesiano es toda una experiencia que se lleva a cabo en las tres casas de salud de nuestra Inspector\u00eda: <\/span><b>Barcelona &#8211; Mart\u00ed, Codolar, El Campello &#8211; El Mirador, \u00a0y Sevilla &#8211; Pedro Ricaldone<\/b><span style=\"font-weight: 400\">. <\/span><\/p>\n<p><span style=\"font-weight: 400\">Al frente de estas casas encontramos a los salesianos <\/span><b>M\u00e1ximo Ech\u00e1varri<\/b><span style=\"font-weight: 400\"> \u00a0(Mart\u00ed Codolar), <\/span><b>Antonio Zaragoza<\/b><span style=\"font-weight: 400\"> (El Campello) y <\/span><b>Fidel Mart\u00edn<\/b><span style=\"font-weight: 400\"> (Pedro Ricaldone), que se desviven, conjuntamente con un equipo de profesionales y voluntarios, por sus salesianos mayores y enfermos. <\/span><\/p>\n<p><span style=\"font-weight: 400\">El objetivo es que est\u00e9n bien cuidados, acompa\u00f1ados y puedan seguir aportando su granito de arena desde la limitaci\u00f3n de capacidades que comporta la vejez y los achaques de salud asociados a la edad.<\/span><\/p>\n<p><b>\u00bfC\u00f3mo lo viven sus responsables?<\/b><\/p>\n<p><span style=\"font-weight: 400\">M\u00e1ximo explica que para \u00e9l esta nueva tarea \u201cha sido un momento de \u201ccorte\u201d entre la orientaci\u00f3n de mi vida, hasta ahora, y la nueva. He pasado de dedicarme a ni\u00f1os, j\u00f3venes y adultos, a salesianos ancianos. Un cambio de 180\u00ba. \u00a0Es una suerte poder hacerlo y es digno de mucho respeto. Son hermanos que con su esfuerzo, han creado, trabajado y levantado la Inspector\u00eda durante muchos a\u00f1os, y han dado lo mejor \u2013 todo- de sus vidas\u201d.<\/span><\/p>\n<p><span style=\"font-weight: 400\">Por su parte, Antonio explica que \u201cd<\/span><span style=\"font-weight: 400\">escubro d\u00eda a d\u00eda la riqueza de sabidur\u00eda y experiencia de los hermanos que constantemente enriquecen mi vida salesiana y me ayudan en el crecimiento de mi fe. Ojal\u00e1 que cada salesiano tuviera la oportunidad de conocer de cerca el tesoro que tenemos en El Campello\u201d.<\/span><\/p>\n<p><span style=\"font-weight: 400\">Fidel intenta cada d\u00eda \u201ctratar de la mejor manera que puedo, a esos salesianos que nos ense\u00f1aron a ser lo que somos. Vivo esta experiencia de servicio, con alegr\u00eda y paciencia\u201d.<\/span><\/p>\n<p><b>Ritmo de actividades y acompa\u00f1amiento adaptado a sus necesidades<\/b><\/p>\n<p><span style=\"font-weight: 400\">En las tres casas de salud se realizan diferentes actividades, la m\u00e1s importante para la mayor\u00eda de salesianos est\u00e1 focalizada en los servicios religiosos (momentos de oraci\u00f3n, eucarist\u00eda, etc). Cada hermano sigue un ritmo distinto seg\u00fan sus aficiones y campos de inter\u00e9s. Pero siempre hay un buen grupo a los que les gusta los juegos de mesa, como por ejemplo jugar al domin\u00f3, compartir ratos de televisi\u00f3n, escuchar la radio, etc. Disfrutan y, de este modo, al menos por un rato, se les olvidan sus males. \u00a0<\/span><\/p>\n<p><span style=\"font-weight: 400\">En algunas de las casas el voluntariado juega un papel muy importante. Adem\u00e1s de los salesianos de la comunidad, con frecuencia personas voluntarias de diferentes ambientes salesianos vienen para acompa\u00f1arles en la sala de estar, en sus habitaciones e incluso salen a dar paseos por los jardines y otros espacios abiertos de la casa; el buen clima acompa\u00f1a siempre y les mejora la salud.<\/span><\/p>\n<p>[\/et_pb_text][et_pb_text _builder_version=\u00bb3.18.7&#8243;]<\/p>\n<h3><strong>TESTIMONIOS PROFESIONALES<\/strong><\/h3>\n<p>[\/et_pb_text][et_pb_image _builder_version=\u00bb3.18.7&#8243; src=\u00bbhttps:\/\/www.salesianos.edu\/revistasmx\/wp-content\/uploads\/sites\/8\/2019\/01\/ResidenaciMart\u00edCodolar5.jpg\u00bb \/][et_pb_accordion _builder_version=\u00bb3.18.7&#8243;][et_pb_accordion_item _builder_version=\u00bb3.18.7&#8243; title=\u00bb%22Es una gran experiencia y enorme responsabilidad que cada residente pueda seguir viviendo su salesianidad%22 \u00bb link_option_url_new_window=\u00bboff\u00bb use_background_color_gradient=\u00bboff\u00bb background_color_gradient_start=\u00bb#2b87da\u00bb background_color_gradient_end=\u00bb#29c4a9&#8243; background_color_gradient_type=\u00bblinear\u00bb background_color_gradient_direction=\u00bb180deg\u00bb background_color_gradient_direction_radial=\u00bbcenter\u00bb background_color_gradient_start_position=\u00bb0%\u00bb background_color_gradient_end_position=\u00bb100%\u00bb background_color_gradient_overlays_image=\u00bboff\u00bb parallax=\u00bboff\u00bb parallax_method=\u00bbon\u00bb background_size=\u00bbcover\u00bb background_position=\u00bbcenter\u00bb background_repeat=\u00bbno-repeat\u00bb background_blend=\u00bbnormal\u00bb allow_player_pause=\u00bboff\u00bb background_video_pause_outside_viewport=\u00bbon\u00bb text_shadow_style=\u00bbnone\u00bb box_shadow_style=\u00bbnone\u00bb hover_transition_duration=\u00bb300ms\u00bb hover_transition_delay=\u00bb0ms\u00bb hover_transition_speed_curve=\u00bbease\u00bb]<\/p>\n<p><img loading=\"lazy\" decoding=\"async\" class=\"alignnone size-full wp-image-10583\" src=\"https:\/\/www.salesianos.edu\/revistasmx\/wp-content\/uploads\/sites\/8\/2019\/01\/JordiBlancafort_Mart\u00edCodolar.jpg\" alt=\"\" width=\"231\" height=\"278\"><\/p>\n<p><b>Jordi Blancafort.<\/b><span style=\"font-weight: 400\"> Enfermer\u00eda. Barcelona \u2013 Mart\u00ed Codolar.<\/span><\/p>\n<p><span style=\"font-weight: 400\">Hace 10 a\u00f1os que estoy en Mart\u00ed-Codolar como responsable del equipo de enfermer\u00eda, mi trabajo es la gesti\u00f3n y organizaci\u00f3n del equipo humano que trabaja en la Residencia para que cada residente pueda recibir la mejor asistencia posible dentro de los recursos existentes. <\/span><\/p>\n<p><span style=\"font-weight: 400\">Para m\u00ed, es una gran experiencia y enorme responsabilidad que cada residente pueda seguir viviendo su salesianidad adaptado a las circunstancias de la edad y la enfermedad. Intentar que sea vivida por sus residentes como una casa m\u00e1s de su vida, pero tambi\u00e9n entendida como especial para la Inspector\u00eda (igual que las otras Casas de Salud) por las necesidades extraordinarias que requieren cuando les falta ese bien tan preciado como es la salud.<\/span><\/p>\n<p>&nbsp;<\/p>\n<p>[\/et_pb_accordion_item][et_pb_accordion_item _builder_version=\u00bb3.18.7&#8243; title=\u00bb%22Es muy emotivo y me anima d\u00eda a d\u00eda a seguir creciendo como profesional de la salud%22&#8243; link_option_url_new_window=\u00bboff\u00bb use_background_color_gradient=\u00bboff\u00bb background_color_gradient_start=\u00bb#2b87da\u00bb background_color_gradient_end=\u00bb#29c4a9&#8243; background_color_gradient_type=\u00bblinear\u00bb background_color_gradient_direction=\u00bb180deg\u00bb background_color_gradient_direction_radial=\u00bbcenter\u00bb background_color_gradient_start_position=\u00bb0%\u00bb background_color_gradient_end_position=\u00bb100%\u00bb background_color_gradient_overlays_image=\u00bboff\u00bb parallax=\u00bboff\u00bb parallax_method=\u00bbon\u00bb background_size=\u00bbcover\u00bb background_position=\u00bbcenter\u00bb background_repeat=\u00bbno-repeat\u00bb background_blend=\u00bbnormal\u00bb allow_player_pause=\u00bboff\u00bb background_video_pause_outside_viewport=\u00bbon\u00bb text_shadow_style=\u00bbnone\u00bb box_shadow_style=\u00bbnone\u00bb hover_transition_duration=\u00bb300ms\u00bb hover_transition_delay=\u00bb0ms\u00bb hover_transition_speed_curve=\u00bbease\u00bb]<\/p>\n<p><img loading=\"lazy\" decoding=\"async\" class=\"alignnone size-medium wp-image-10596\" src=\"https:\/\/www.salesianos.edu\/revistasmx\/wp-content\/uploads\/sites\/8\/2019\/01\/Juan-Antonio-Garc\u00eda_PedroRicaldone-225x300.jpg\" alt=\"\" width=\"225\" height=\"300\" srcset=\"http:\/\/www.salesianos.edu\/revistasmx\/wp-content\/uploads\/sites\/8\/2019\/01\/Juan-Antonio-Garc\u00eda_PedroRicaldone-225x300.jpg 225w, http:\/\/www.salesianos.edu\/revistasmx\/wp-content\/uploads\/sites\/8\/2019\/01\/Juan-Antonio-Garc\u00eda_PedroRicaldone-768x1024.jpg 768w, http:\/\/www.salesianos.edu\/revistasmx\/wp-content\/uploads\/sites\/8\/2019\/01\/Juan-Antonio-Garc\u00eda_PedroRicaldone-1080x1440.jpg 1080w\" sizes=\"(max-width: 225px) 100vw, 225px\" \/><\/p>\n<p><b>Juan Antonio Garc\u00eda. <\/b><span style=\"font-weight: 400\">Enfermero. Sevilla \u2013 Pedro Ricaldone.<\/span><\/p>\n<p><span style=\"font-weight: 400\">Soy el enfermero de la Residencia Salesiana D. Pedro Ricaldone. Mi funci\u00f3n principal es vigilar detenidamente el estado de salud de todos los pacientes y acompa\u00f1arlos en su evoluci\u00f3n. En esta casa recibimos hermanos que acuden con enfermedades agudas, que requieren un tratamiento y una vigilancia intensiva durante unos meses, y posteriormente vuelven a recuperar su independencia y pueden regresar a sus casas de origen (ictus, fracturas de cadera, operaciones programadas&#8230;) y por otro lado, hermanos con enfermedades m\u00e1s cr\u00f3nicas y con &nbsp;m\u00e1s dependencia para las actividades b\u00e1sicas de la vida diaria, donde controlamos su evoluci\u00f3n y les acompa\u00f1amos hasta su final (Parkinson, Alzheimer, tumores, demencias\u2026).<\/span><\/p>\n<p><span style=\"font-weight: 400\">Siempre he sido una persona muy ligada a la congregaci\u00f3n salesiana, crec\u00ed en la casa madre, los salesianos de Utrera, y desarroll\u00e9 mi vocaci\u00f3n como cristiano en el servicio a los enfermos. Para m\u00ed, poder entregar mis conocimientos y mi afecto a aquellos salesianos que han dado su vida por nosotros, es muy emotivo y me anima d\u00eda a d\u00eda a seguir creciendo como profesional de la salud.<\/span><\/p>\n<p>[\/et_pb_accordion_item][et_pb_accordion_item _builder_version=\u00bb3.18.7&#8243; title=\u00bb%22El cari\u00f1o que les he dado se me ha devuelto con creces%22&#8243; link_option_url_new_window=\u00bboff\u00bb use_background_color_gradient=\u00bboff\u00bb background_color_gradient_start=\u00bb#2b87da\u00bb background_color_gradient_end=\u00bb#29c4a9&#8243; background_color_gradient_type=\u00bblinear\u00bb background_color_gradient_direction=\u00bb180deg\u00bb background_color_gradient_direction_radial=\u00bbcenter\u00bb background_color_gradient_start_position=\u00bb0%\u00bb background_color_gradient_end_position=\u00bb100%\u00bb background_color_gradient_overlays_image=\u00bboff\u00bb parallax=\u00bboff\u00bb parallax_method=\u00bbon\u00bb background_size=\u00bbcover\u00bb background_position=\u00bbcenter\u00bb background_repeat=\u00bbno-repeat\u00bb background_blend=\u00bbnormal\u00bb allow_player_pause=\u00bboff\u00bb background_video_pause_outside_viewport=\u00bbon\u00bb text_shadow_style=\u00bbnone\u00bb box_shadow_style=\u00bbnone\u00bb hover_transition_duration=\u00bb300ms\u00bb hover_transition_delay=\u00bb0ms\u00bb hover_transition_speed_curve=\u00bbease\u00bb text_shadow_horizontal_length=\u00bb0em\u00bb text_shadow_vertical_length=\u00bb0em\u00bb text_shadow_blur_strength=\u00bb0em\u00bb]<\/p>\n<p><img loading=\"lazy\" decoding=\"async\" class=\"alignnone size-medium wp-image-10578\" src=\"https:\/\/www.salesianos.edu\/revistasmx\/wp-content\/uploads\/sites\/8\/2019\/01\/M\u00f3nica-Carre\u00f1o_cuidadoraElMirador_ElCampello-e1548354933128-300x225.jpg\" alt=\"\" width=\"300\" height=\"225\" srcset=\"http:\/\/www.salesianos.edu\/revistasmx\/wp-content\/uploads\/sites\/8\/2019\/01\/M\u00f3nica-Carre\u00f1o_cuidadoraElMirador_ElCampello-e1548354933128-300x225.jpg 300w, http:\/\/www.salesianos.edu\/revistasmx\/wp-content\/uploads\/sites\/8\/2019\/01\/M\u00f3nica-Carre\u00f1o_cuidadoraElMirador_ElCampello-e1548354933128-768x576.jpg 768w, http:\/\/www.salesianos.edu\/revistasmx\/wp-content\/uploads\/sites\/8\/2019\/01\/M\u00f3nica-Carre\u00f1o_cuidadoraElMirador_ElCampello-e1548354933128-1024x768.jpg 1024w, http:\/\/www.salesianos.edu\/revistasmx\/wp-content\/uploads\/sites\/8\/2019\/01\/M\u00f3nica-Carre\u00f1o_cuidadoraElMirador_ElCampello-e1548354933128-510x382.jpg 510w, http:\/\/www.salesianos.edu\/revistasmx\/wp-content\/uploads\/sites\/8\/2019\/01\/M\u00f3nica-Carre\u00f1o_cuidadoraElMirador_ElCampello-e1548354933128-1080x810.jpg 1080w\" sizes=\"(max-width: 300px) 100vw, 300px\" \/><\/p>\n<p><b>M\u00f3nica Carre\u00f1o.<\/b><span style=\"font-weight: 400\"> Cuidadora. El Campello \u2013 El Mirador<\/span><\/p>\n<p><span style=\"font-weight: 400\">Mi labor en la Casa Salesiana, junto a mis compa\u00f1eras, y asistidas por la doctora Navarro, consiste en ayudar a las personas enfermas a realizar tareas cotidianas y atenderlas en necesidades como el aseo, la ingesta de alimentos o la compa\u00f1\u00eda. La parte m\u00e1s dura de esta profesi\u00f3n es la de acompa\u00f1arlos en el \u00faltimo momento de sus vidas. No todo es de color de rosa y, m\u00e1s que un trabajo f\u00edsico, se requiere mucha paciencia. Los \u201cabuelos\u201d, como los llamamos cari\u00f1osamente, llegan a formar una parte muy importante de nuestras vidas.<\/span><\/p>\n<p><span style=\"font-weight: 400\">Trabajar con personas mayores te aporta muchas cosas positivas. Yo vine a vivir a Alicante hace ya 12 a\u00f1os, que se dice pronto, y mi \u00fanico empleo aqu\u00ed ha sido en Salesianos. Es algo que agradecer\u00e9 siempre porque en este tiempo he conocido personas estupendas, de las cuales he aprendido much\u00edsimo. El cari\u00f1o que les he dado se me ha devuelto con creces. Mi familia vive en Asturias y todos sabemos que los seres queridos son una parte muy importante de nuestras vidas. Pero puedo decir que<\/span><span style=\"font-weight: 400\">&nbsp;<\/span><span style=\"font-weight: 400\">desde que trabajo en Salesianos me he sentido como en familia, como en mi propia casa. He recibido much\u00edsimo cari\u00f1o y muestras de afecto y en d\u00edas que, quiz\u00e1, me sent\u00eda un poco sola, llegaba al trabajo y siempre contaba con alg\u00fan abrazo. Por eso quiero agradec\u00e9rselo a los \u201cabuelos\u201d que siguen entre nosotros y a los que ya no est\u00e1n.<\/span><\/p>\n<p>[\/et_pb_accordion_item][\/et_pb_accordion][et_pb_image _builder_version=\u00bb3.18.7&#8243; src=\u00bbhttps:\/\/www.salesianos.edu\/revistasmx\/wp-content\/uploads\/sites\/8\/2019\/01\/FachadaPedroRicaldone.jpg\u00bb \/][et_pb_cta _builder_version=\u00bb3.18.7&#8243; title=\u00bbCASA DE SALUD PEDRO RICALDONE. SEVILLA\u00bb]<\/p>\n<p><b>\u00bfEn qu\u00e9 a\u00f1o empez\u00f3 a funcionar la casa de salud?<\/b><span style=\"font-weight: 400\">\u00a0\u00a0<\/span><span style=\"font-weight: 400\">Comenz\u00f3 sus andaduras en el curso de 1996, siendo inspector D. Cipriano Gonz\u00e1lez, creando una comunidad compuesta por cuatro salesianos de los cuales, dos de ellos trabajaban en la formaci\u00f3n profesional de la casa. El primer director de esta casa de salud fue D. Rafael Mata.<\/span><span style=\"font-weight: 400\">\u00a0<\/span><\/p>\n<p><b>\u00bfA cu\u00e1ntos hermanos ancianos atend\u00e9is en estos momentos?<\/b><span style=\"font-weight: 400\">\u00a0\u00a0<\/span><span style=\"font-weight: 400\">Actualmente atendemos a un total de 12 salesianos, 9 de ellos son dependientes para todas las actividades b\u00e1sicas de la vida diaria, mientras que los tres restantes son m\u00e1s independientes. Tenemos capacidad para atender hasta un total de 18. <\/span><span style=\"font-weight: 400\">\u00a0<\/span><\/p>\n<p><b>\u00bfCon qu\u00e9 tipo de personal cont\u00e1is (enfermer\u00eda, cocina, m\u00e9dico, fisioterapeuta, etc.) y cu\u00e1ntos son?<\/b><span style=\"font-weight: 400\">\u00a0<\/span><span style=\"font-weight: 400\">El equipo actual est\u00e1 formado por una parte, en la atenci\u00f3n sanitaria, por un\u00a0 doctor, un enfermero y 10 auxiliares de enfermer\u00eda. Por otra parte, en la prestaci\u00f3n de servicios, contamos con dos empleados de limpieza y una cocinera. <\/span><\/p>\n<p>[\/et_pb_cta][\/et_pb_column][et_pb_column type=\u00bb1_2&#8243;][et_pb_image src=\u00bbhttps:\/\/www.salesianos.edu\/revistasmx\/wp-content\/uploads\/sites\/8\/2019\/01\/ResidenaciMart\u00edCodolar8.jpg\u00bb _builder_version=\u00bb3.18.7&#8243; \/][et_pb_text _builder_version=\u00bb3.18.7&#8243;]<\/p>\n<h3><strong>TESTIMONIOS SALESIANOS<\/strong><\/h3>\n<p>[\/et_pb_text][et_pb_accordion _builder_version=\u00bb3.18.7&#8243; open_toggle_text_color=\u00bb#b3343b\u00bb][et_pb_accordion_item title=\u00bb%22 Vivo el carisma de Don Bosco, con la voluntad de seguir mi vida salesiana, aceptando los l\u00edmites normales%22&#8243; _builder_version=\u00bb3.18.7&#8243; open=\u00bbon\u00bb use_background_color_gradient=\u00bboff\u00bb background_color_gradient_start=\u00bb#2b87da\u00bb background_color_gradient_end=\u00bb#29c4a9&#8243; background_color_gradient_type=\u00bblinear\u00bb background_color_gradient_direction=\u00bb180deg\u00bb background_color_gradient_direction_radial=\u00bbcenter\u00bb background_color_gradient_start_position=\u00bb0%\u00bb background_color_gradient_end_position=\u00bb100%\u00bb background_color_gradient_overlays_image=\u00bboff\u00bb parallax=\u00bboff\u00bb parallax_method=\u00bbon\u00bb background_size=\u00bbcover\u00bb background_position=\u00bbcenter\u00bb background_repeat=\u00bbno-repeat\u00bb background_blend=\u00bbnormal\u00bb allow_player_pause=\u00bboff\u00bb background_video_pause_outside_viewport=\u00bbon\u00bb text_shadow_style=\u00bbnone\u00bb box_shadow_style=\u00bbnone\u00bb text_shadow_horizontal_length=\u00bb0em\u00bb text_shadow_vertical_length=\u00bb0em\u00bb text_shadow_blur_strength=\u00bb0em\u00bb link_option_url_new_window=\u00bboff\u00bb hover_transition_duration=\u00bb300ms\u00bb hover_transition_delay=\u00bb0ms\u00bb hover_transition_speed_curve=\u00bbease\u00bb]<\/p>\n<p><b><img loading=\"lazy\" decoding=\"async\" class=\"alignnone size-medium wp-image-10579\" src=\"https:\/\/www.salesianos.edu\/revistasmx\/wp-content\/uploads\/sites\/8\/2019\/01\/Don-Antonio-Armi\u00f1ana_Mart\u00edCodolar-300x225.jpg\" alt=\"\" width=\"300\" height=\"225\" srcset=\"http:\/\/www.salesianos.edu\/revistasmx\/wp-content\/uploads\/sites\/8\/2019\/01\/Don-Antonio-Armi\u00f1ana_Mart\u00edCodolar-300x225.jpg 300w, http:\/\/www.salesianos.edu\/revistasmx\/wp-content\/uploads\/sites\/8\/2019\/01\/Don-Antonio-Armi\u00f1ana_Mart\u00edCodolar-768x576.jpg 768w, http:\/\/www.salesianos.edu\/revistasmx\/wp-content\/uploads\/sites\/8\/2019\/01\/Don-Antonio-Armi\u00f1ana_Mart\u00edCodolar-1024x768.jpg 1024w, http:\/\/www.salesianos.edu\/revistasmx\/wp-content\/uploads\/sites\/8\/2019\/01\/Don-Antonio-Armi\u00f1ana_Mart\u00edCodolar-510x382.jpg 510w, http:\/\/www.salesianos.edu\/revistasmx\/wp-content\/uploads\/sites\/8\/2019\/01\/Don-Antonio-Armi\u00f1ana_Mart\u00edCodolar-1080x810.jpg 1080w\" sizes=\"(max-width: 300px) 100vw, 300px\" \/><\/b><\/p>\n<p>&nbsp;<\/p>\n<p><b>Don Antonio &nbsp;Armi\u00f1ana<\/b><span style=\"font-weight: 400\">. Salesiano, 93 a\u00f1os. Barcelona \u2013 Mart\u00ed Codolar.<\/span><\/p>\n<p><span style=\"font-weight: 400\">Con mi edad avanzada, vivo el carisma de Don Bosco, con la voluntad de seguir mi vida salesiana, aceptando los l\u00edmites normales, aceptando la voluntad de Dios. <\/span><span style=\"font-weight: 400\">He tenido varias operaciones, lo que me ha llevado a una gran dependencia.<\/span><\/p>\n<p><span style=\"font-weight: 400\">He trabajado en diferentes colegios salesianos: desde Matar\u00f3 a Andorra, pasando por muchos colegios. Hace 7 a\u00f1os que estoy en la Residencia de Ntra. Sra. De la Merced. Agradezco <\/span><span style=\"font-weight: 400\">lo que hacen con mi persona. Vivo como encerrado en <\/span><span style=\"font-weight: 400\">mi inevitable aislamiento.<\/span> <span style=\"font-weight: 400\">Como hobby me han gustado las &nbsp;manualidades y en concreto la papiroflexia. Actualmente me ocupa bastantes horas del d\u00eda. Al llegar el cumplea\u00f1os de un salesiano residente, le regalo una flor de papel, alusiva a los gustos del hermano. <\/span><\/p>\n<p><span style=\"font-weight: 400\">Tambi\u00e9n, durante varios a\u00f1os he ido ideando, creando y modelando el Bel\u00e9n que cada a\u00f1o montamos en la Residencia. &nbsp;He dedicado muchos afanes al proyecto, desarrollo y realizaci\u00f3n del bel\u00e9n, en Navidad. He representado diferentes escenas y edificios; uno de ellos ha sido integrar la Casa de Don Bosco de I Becchi en el bel\u00e9n. A\u00f1o tras a\u00f1o, manos m\u00e1s j\u00f3venes realizan el montaje con nuevas aportaciones.<\/span><\/p>\n<p>[\/et_pb_accordion_item][et_pb_accordion_item title=\u00bb %22Doy gracias al se\u00f1or por su presencia en mi vida actual, a trav\u00e9s de las personas y de los j\u00f3venes.\u00bb _builder_version=\u00bb3.18.7&#8243; open=\u00bboff\u00bb use_background_color_gradient=\u00bboff\u00bb background_color_gradient_start=\u00bb#2b87da\u00bb background_color_gradient_end=\u00bb#29c4a9&#8243; background_color_gradient_type=\u00bblinear\u00bb background_color_gradient_direction=\u00bb180deg\u00bb background_color_gradient_direction_radial=\u00bbcenter\u00bb background_color_gradient_start_position=\u00bb0%\u00bb background_color_gradient_end_position=\u00bb100%\u00bb background_color_gradient_overlays_image=\u00bboff\u00bb parallax=\u00bboff\u00bb parallax_method=\u00bbon\u00bb background_size=\u00bbcover\u00bb background_position=\u00bbcenter\u00bb background_repeat=\u00bbno-repeat\u00bb background_blend=\u00bbnormal\u00bb allow_player_pause=\u00bboff\u00bb background_video_pause_outside_viewport=\u00bbon\u00bb text_shadow_style=\u00bbnone\u00bb box_shadow_style=\u00bbnone\u00bb link_option_url_new_window=\u00bboff\u00bb text_shadow_horizontal_length=\u00bb0em\u00bb text_shadow_vertical_length=\u00bb0em\u00bb text_shadow_blur_strength=\u00bb0em\u00bb hover_transition_duration=\u00bb300ms\u00bb hover_transition_delay=\u00bb0ms\u00bb hover_transition_speed_curve=\u00bbease\u00bb]<\/p>\n<p><b><img loading=\"lazy\" decoding=\"async\" class=\"size-medium wp-image-10594 alignleft\" src=\"https:\/\/www.salesianos.edu\/revistasmx\/wp-content\/uploads\/sites\/8\/2019\/01\/D.-Edesio-Fern\u00e1ndez_PedroRicaldone-225x300.jpg\" alt=\"\" width=\"225\" height=\"300\" srcset=\"http:\/\/www.salesianos.edu\/revistasmx\/wp-content\/uploads\/sites\/8\/2019\/01\/D.-Edesio-Fern\u00e1ndez_PedroRicaldone-225x300.jpg 225w, http:\/\/www.salesianos.edu\/revistasmx\/wp-content\/uploads\/sites\/8\/2019\/01\/D.-Edesio-Fern\u00e1ndez_PedroRicaldone-768x1024.jpg 768w, http:\/\/www.salesianos.edu\/revistasmx\/wp-content\/uploads\/sites\/8\/2019\/01\/D.-Edesio-Fern\u00e1ndez_PedroRicaldone-1080x1440.jpg 1080w\" sizes=\"(max-width: 225px) 100vw, 225px\" \/><\/b><\/p>\n<p>&nbsp;<\/p>\n<p>&nbsp;<\/p>\n<p>&nbsp;<\/p>\n<p>&nbsp;<\/p>\n<p>&nbsp;<\/p>\n<p>&nbsp;<\/p>\n<p>&nbsp;<\/p>\n<p><b>Don Edesio Fern\u00e1ndez. <\/b><span style=\"font-weight: 400\">Salesiano, 84 a\u00f1os. Sevilla \u2013 Pedro Ricaldone.<\/span><\/p>\n<p><span style=\"font-weight: 400\"> \u201cCon alegr\u00eda y dando gracias al se\u00f1or por su presencia en mi vida actual, a trav\u00e9s de las personas y de los j\u00f3venes.\u201d <\/span><\/p>\n<p>[\/et_pb_accordion_item][et_pb_accordion_item title=\u00bb%22Despu\u00e9s de tantos a\u00f1os de vida activa salesiana aqu\u00ed y en Oriente, le agradezco al Se\u00f1or la vida que me concede%22&#8243; _builder_version=\u00bb3.18.7&#8243; open=\u00bboff\u00bb use_background_color_gradient=\u00bboff\u00bb background_color_gradient_start=\u00bb#2b87da\u00bb background_color_gradient_end=\u00bb#29c4a9&#8243; background_color_gradient_type=\u00bblinear\u00bb background_color_gradient_direction=\u00bb180deg\u00bb background_color_gradient_direction_radial=\u00bbcenter\u00bb background_color_gradient_start_position=\u00bb0%\u00bb background_color_gradient_end_position=\u00bb100%\u00bb background_color_gradient_overlays_image=\u00bboff\u00bb parallax=\u00bboff\u00bb parallax_method=\u00bbon\u00bb background_size=\u00bbcover\u00bb background_position=\u00bbcenter\u00bb background_repeat=\u00bbno-repeat\u00bb background_blend=\u00bbnormal\u00bb allow_player_pause=\u00bboff\u00bb background_video_pause_outside_viewport=\u00bbon\u00bb text_shadow_style=\u00bbnone\u00bb box_shadow_style=\u00bbnone\u00bb link_option_url_new_window=\u00bboff\u00bb text_shadow_horizontal_length=\u00bb0em\u00bb text_shadow_vertical_length=\u00bb0em\u00bb text_shadow_blur_strength=\u00bb0em\u00bb hover_transition_duration=\u00bb300ms\u00bb hover_transition_delay=\u00bb0ms\u00bb hover_transition_speed_curve=\u00bbease\u00bb]<\/p>\n<p><b><img loading=\"lazy\" decoding=\"async\" class=\"size-medium wp-image-10572 alignleft\" src=\"https:\/\/www.salesianos.edu\/revistasmx\/wp-content\/uploads\/sites\/8\/2019\/01\/Don-Jos\u00e9-Carbonell-ElMirador_ElCampello-300x169.jpg\" alt=\"\" width=\"300\" height=\"169\" srcset=\"http:\/\/www.salesianos.edu\/revistasmx\/wp-content\/uploads\/sites\/8\/2019\/01\/Don-Jos\u00e9-Carbonell-ElMirador_ElCampello-300x169.jpg 300w, http:\/\/www.salesianos.edu\/revistasmx\/wp-content\/uploads\/sites\/8\/2019\/01\/Don-Jos\u00e9-Carbonell-ElMirador_ElCampello-768x432.jpg 768w, http:\/\/www.salesianos.edu\/revistasmx\/wp-content\/uploads\/sites\/8\/2019\/01\/Don-Jos\u00e9-Carbonell-ElMirador_ElCampello-1024x576.jpg 1024w, http:\/\/www.salesianos.edu\/revistasmx\/wp-content\/uploads\/sites\/8\/2019\/01\/Don-Jos\u00e9-Carbonell-ElMirador_ElCampello-1080x608.jpg 1080w\" sizes=\"(max-width: 300px) 100vw, 300px\" \/><\/b><\/p>\n<p>&nbsp;<\/p>\n<p>&nbsp;<\/p>\n<p>&nbsp;<\/p>\n<p>&nbsp;<\/p>\n<p>&nbsp;<\/p>\n<p><b>Don &nbsp;Jos\u00e9 Carbonell, <\/b><span style=\"font-weight: 400\">Salesiano, 90 a\u00f1os. El Campello \u2013 El Mirador.<\/span><\/p>\n<p><span style=\"font-weight: 400\">Despu\u00e9s de tantos a\u00f1os de vida activa salesiana aqu\u00ed y en Oriente, le agradezco al Se\u00f1or la vida que me concede, y en el mismo agradecimiento quiero incluir la oportunidad que \u00c9l me sigue dando para rezar por tantas situaciones que se dan en todas las partes del mundo, tantas necesidades y no pocas personas que en estos momentos me vienen a la memoria. <\/span><\/p>\n<p><span style=\"font-weight: 400\">Desde esta casa que tenemos en El Campello rezo cada d\u00eda por las vocaciones, le pido al Se\u00f1or que ilumine a los salesianos que est\u00e1n ahora mismo desarrollando muchas tareas en el ejercicio de diversas funciones, sin olvidarme de ninguno.<\/span><\/p>\n<p><span style=\"font-weight: 400\">Mi vida, como la de mis hermanos de El Mirador, lleva un ritmo muy organizado y sereno, que es lo que nos hace falta, y atendidos siempre por estas grandes personas que nos cuidan, las enfermeras, la doctora y todos los que nos atienden. Desayunamos a las nueve y media, celebramos la eucarist\u00eda a las diez y media, comemos a la una y cuarto de la tarde, merendamos a las cinco, rezamos el santo rosario a las seis y cenamos a las ocho y cuarto de la noche. Tenemos tiempo para leer, seguir las noticias del mundo, rezar la liturgia, escribir correos. Y por todas estas cosas doy gracias a Dios. &nbsp;<\/span><\/p>\n<p>[\/et_pb_accordion_item][\/et_pb_accordion][et_pb_image _builder_version=\u00bb3.18.7&#8243; src=\u00bbhttps:\/\/www.salesianos.edu\/revistasmx\/wp-content\/uploads\/sites\/8\/2019\/01\/FachadaMart\u00edCodolar.jpg\u00bb \/][et_pb_cta _builder_version=\u00bb3.18.7&#8243; title=\u00bbCASA DE SALUD NUESTRA SE\u00d1ORA DE LA MERCED. MART\u00cd CODOLAR- BARCELONA\u00bb]<\/p>\n<p><b>\u00bfEn qu\u00e9 a\u00f1o empez\u00f3 a funcionar la casa de salud?<\/b><b>\u00a0\u00a0<\/b><span style=\"font-weight: 400\">La Residencia se inici\u00f3 paulatinamente, y en lento desarrollo, compartida con la antigua Comunidad. Podemos situarla en 1979 en sus primeros pasos, coexistiendo con los dem\u00e1s hermanos. <\/span><\/p>\n<p><b>\u00bfA cu\u00e1ntos hermanos ancianos atend\u00e9is en estos momentos?<\/b><b>\u00a0<\/b><span style=\"font-weight: 400\">A \u00a022.<\/span><\/p>\n<p><b>\u00bfCon qu\u00e9 tipo de personal cont\u00e1is (enfermer\u00eda, cocina, m\u00e9dico, fisioterapeuta, etc) y cu\u00e1ntos son?<\/b><b>\u00a0\u00a0<\/b><span style=\"font-weight: 400\">El servicio especializado est\u00e1 externalizado: doctora, enfermeros, cocina, aseo de personas y limpieza de espacios. Son: una doctora, un coordinador general,\u00a0 tres enfermeros, seis auxiliares y una empresa responsable de cocina y limpieza. Y hay dos salesianos, responsables del acompa\u00f1amiento de los salesianos ancianos. <\/span><\/p>\n<p>[\/et_pb_cta][et_pb_image _builder_version=\u00bb3.18.7&#8243; src=\u00bbhttps:\/\/www.salesianos.edu\/revistasmx\/wp-content\/uploads\/sites\/8\/2019\/01\/ElMirador_ElCampello3.jpg\u00bb \/][et_pb_cta _builder_version=\u00bb3.18.7&#8243; title=\u00bbCASA DE LA SALUD EL MIRADOR. EL CAMPELLO \u00ab]<\/p>\n<p><b>\u00bfEn qu\u00e9 a\u00f1o empez\u00f3 a funcionar la casa de salud?\u00a0<\/b><span style=\"font-weight: 400\">Inici\u00f3 su andadura el d\u00eda 5 de septiembre del a\u00f1o 1995, siendo Jes\u00fas Mari M\u00e9lida su primer morador, pero enseguida en las horas siguientes empezaron a ocupar sus habitaciones Pedro Llinares, Luis Jornet, Jos\u00e9 Choimet, Rafael Mu\u00f1oz y Ambrosio D\u00edaz. El primer responsable de la casa de salud fue Jos\u00e9 Luis M\u00e9lida. Desde el primer minuto los hermanos empezaron a darle vida a esta nueva f\u00f3rmula de presencia salesiana, con muchas expectativas por delante y tambi\u00e9n con \u201calguna que otra mosca en la oreja\u201d, como dice el refr\u00e1n.<\/span><\/p>\n<p><span style=\"font-weight: 400\">\u00a0<\/span><b>\u00bfA cu\u00e1ntos hermanos ancianos atend\u00e9is en estos momentos?\u00a0<\/b><span style=\"font-weight: 400\">A ocho hermanos, m\u00e1s otros dos que est\u00e1n recuper\u00e1ndose despu\u00e9s de diversas intervenciones quir\u00fargicas. <\/span><\/p>\n<p><span style=\"font-weight: 400\">\u00a0<\/span><b>\u00bfCon qu\u00e9 tipo de personal cont\u00e1is (enfermer\u00eda, cocina, m\u00e9dico, fisioterapeuta, etc) y cu\u00e1ntos son?\u00a0<\/b><span style=\"font-weight: 400\">Hay un excelente equipo de enfermer\u00eda con la especialidad en geriatr\u00eda, en turno continuado de 24 h, responsables, entregadas y muy profesionales, guiadas por una doctora, tambi\u00e9n con la especialidad en geriatr\u00eda. El Campello, al ser una casa integrada, por decirlo de alguna forma, pone al servicio de los salesianos de El Mirador a un gran equipo de personas que dedican tiempo para atenderles: cocina, limpieza, mantenimiento y personal de administraci\u00f3n y servicios. Mensualmente les atienden otros grandes profesionales, que as\u00ed lo demuestran en cada una de sus visitas: mensualmente un pod\u00f3logo, y con una fisioterapeuta cada vez que se necesita establecer un periodo de atenci\u00f3n. Los salesianos de la comunidad tambi\u00e9n cuentan en el momento de hacer una referencia a las atenciones que reciben los hermanos de la casa de salud por el amplio abanico de atenciones que se tienen con ellos. <\/span><\/p>\n<p>[\/et_pb_cta][\/et_pb_column][\/et_pb_row][et_pb_row _builder_version=\u00bb3.13.1&#8243;][et_pb_column type=\u00bb4_4&#8243;][et_pb_divider _builder_version=\u00bb3.18.7&#8243; \/][et_pb_gallery _builder_version=\u00bb3.18.7&#8243; gallery_ids=\u00bb10598,10597,10593,10591,10590,10588,10587,10586,10585,10584,10582,10580,10576,10575,10574,10573&#8243; hover_overlay_color=\u00bbrgba(255,255,255,0.9)\u00bb show_title_and_caption=\u00bboff\u00bb \/][\/et_pb_column][\/et_pb_row][et_pb_row _builder_version=\u00bb3.13.1&#8243;][et_pb_column type=\u00bb4_4&#8243;][\/et_pb_column][\/et_pb_row][et_pb_row _builder_version=\u00bb3.13.1&#8243;][et_pb_column type=\u00bb1_2&#8243;][\/et_pb_column][et_pb_column type=\u00bb1_2&#8243;][\/et_pb_column][\/et_pb_row][et_pb_row _builder_version=\u00bb3.13.1&#8243;][et_pb_column type=\u00bb4_4&#8243;][\/et_pb_column][\/et_pb_row][et_pb_row _builder_version=\u00bb3.13.1&#8243;][et_pb_column type=\u00bb4_4&#8243;][\/et_pb_column][\/et_pb_row][\/et_pb_section]<\/p>\n","protected":false},"excerpt":{"rendered":"<p>La edad no perdona y vivir la vejez desde el carisma salesiano es toda una experiencia que se lleva a cabo en las tres casas de salud de nuestra Inspector\u00eda: Barcelona &#8211; Mart\u00ed, Codolar, El Campello &#8211; El Mirador, \u00a0y Sevilla &#8211; Pedro Ricaldone.<\/p>\n","protected":false},"author":12,"featured_media":10592,"comment_status":"open","ping_status":"closed","sticky":false,"template":"","format":"standard","meta":{"_et_pb_use_builder":"on","_et_pb_old_content":"","_et_gb_content_width":"","footnotes":""},"categories":[34],"tags":[282],"class_list":["post-10570","post","type-post","status-publish","format-standard","has-post-thumbnail","hentry","category-a-fondo","tag-smx44-es"],"yoast_head":"<!-- This site is optimized with the Yoast SEO plugin v27.5 - https:\/\/yoast.com\/product\/yoast-seo-wordpress\/ -->\n<title>Vivir el carisma de Don Bosco en la vejez - Revista SMX<\/title>\n<meta name=\"robots\" content=\"index, follow, max-snippet:-1, max-image-preview:large, max-video-preview:-1\" \/>\n<link rel=\"canonical\" href=\"http:\/\/www.salesianos.edu\/revistasmx\/vivir-el-carisma-de-don-bosco-en-la-vejez\/\" \/>\n<meta property=\"og:locale\" content=\"es_ES\" \/>\n<meta property=\"og:type\" content=\"article\" \/>\n<meta property=\"og:title\" content=\"Vivir el carisma de Don Bosco en la vejez - Revista SMX\" \/>\n<meta property=\"og:description\" content=\"La edad no perdona y vivir la vejez desde el carisma salesiano es toda una experiencia que se lleva a cabo en las tres casas de salud de nuestra Inspector\u00eda: Barcelona - Mart\u00ed, Codolar, El Campello - El Mirador, \u00a0y Sevilla - Pedro Ricaldone.\" \/>\n<meta property=\"og:url\" content=\"http:\/\/www.salesianos.edu\/revistasmx\/vivir-el-carisma-de-don-bosco-en-la-vejez\/\" \/>\n<meta property=\"og:site_name\" content=\"Revista SMX\" \/>\n<meta property=\"article:published_time\" content=\"2019-01-24T22:00:44+00:00\" \/>\n<meta property=\"article:modified_time\" content=\"2019-01-28T10:18:18+00:00\" \/>\n<meta property=\"og:image\" content=\"http:\/\/www.salesianos.edu\/revistasmx\/wp-content\/uploads\/sites\/8\/2019\/01\/ResidenaciMart\u00edCodolar8-1024x655.jpg\" \/>\n\t<meta property=\"og:image:width\" content=\"1024\" \/>\n\t<meta property=\"og:image:height\" content=\"655\" \/>\n\t<meta property=\"og:image:type\" content=\"image\/jpeg\" \/>\n<meta name=\"author\" content=\"joseluisgarciamoscoso\" \/>\n<meta name=\"twitter:card\" content=\"summary_large_image\" \/>\n<meta name=\"twitter:label1\" content=\"Escrito por\" \/>\n\t<meta name=\"twitter:data1\" content=\"joseluisgarciamoscoso\" \/>\n\t<meta name=\"twitter:label2\" content=\"Tiempo de lectura\" \/>\n\t<meta name=\"twitter:data2\" content=\"17 minutos\" \/>\n<script type=\"application\/ld+json\" class=\"yoast-schema-graph\">{\"@context\":\"https:\\\/\\\/schema.org\",\"@graph\":[{\"@type\":\"Article\",\"@id\":\"http:\\\/\\\/www.salesianos.edu\\\/revistasmx\\\/vivir-el-carisma-de-don-bosco-en-la-vejez\\\/#article\",\"isPartOf\":{\"@id\":\"http:\\\/\\\/www.salesianos.edu\\\/revistasmx\\\/vivir-el-carisma-de-don-bosco-en-la-vejez\\\/\"},\"author\":{\"name\":\"joseluisgarciamoscoso\",\"@id\":\"http:\\\/\\\/www.salesianos.edu\\\/revistasmx\\\/#\\\/schema\\\/person\\\/a1d72ee5373cce7347fb2993ba9f47d6\"},\"headline\":\"Vivir el carisma de Don Bosco en la vejez\",\"datePublished\":\"2019-01-24T22:00:44+00:00\",\"dateModified\":\"2019-01-28T10:18:18+00:00\",\"mainEntityOfPage\":{\"@id\":\"http:\\\/\\\/www.salesianos.edu\\\/revistasmx\\\/vivir-el-carisma-de-don-bosco-en-la-vejez\\\/\"},\"wordCount\":3363,\"commentCount\":0,\"image\":{\"@id\":\"http:\\\/\\\/www.salesianos.edu\\\/revistasmx\\\/vivir-el-carisma-de-don-bosco-en-la-vejez\\\/#primaryimage\"},\"thumbnailUrl\":\"http:\\\/\\\/www.salesianos.edu\\\/revistasmx\\\/wp-content\\\/uploads\\\/sites\\\/8\\\/2019\\\/01\\\/ResidenaciMart\u00edCodolar8.jpg\",\"keywords\":[\"smx44\"],\"articleSection\":[\"A FONDO\"],\"inLanguage\":\"es\",\"potentialAction\":[{\"@type\":\"CommentAction\",\"name\":\"Comment\",\"target\":[\"http:\\\/\\\/www.salesianos.edu\\\/revistasmx\\\/vivir-el-carisma-de-don-bosco-en-la-vejez\\\/#respond\"]}]},{\"@type\":\"WebPage\",\"@id\":\"http:\\\/\\\/www.salesianos.edu\\\/revistasmx\\\/vivir-el-carisma-de-don-bosco-en-la-vejez\\\/\",\"url\":\"http:\\\/\\\/www.salesianos.edu\\\/revistasmx\\\/vivir-el-carisma-de-don-bosco-en-la-vejez\\\/\",\"name\":\"Vivir el carisma de Don Bosco en la vejez - Revista SMX\",\"isPartOf\":{\"@id\":\"http:\\\/\\\/www.salesianos.edu\\\/revistasmx\\\/#website\"},\"primaryImageOfPage\":{\"@id\":\"http:\\\/\\\/www.salesianos.edu\\\/revistasmx\\\/vivir-el-carisma-de-don-bosco-en-la-vejez\\\/#primaryimage\"},\"image\":{\"@id\":\"http:\\\/\\\/www.salesianos.edu\\\/revistasmx\\\/vivir-el-carisma-de-don-bosco-en-la-vejez\\\/#primaryimage\"},\"thumbnailUrl\":\"http:\\\/\\\/www.salesianos.edu\\\/revistasmx\\\/wp-content\\\/uploads\\\/sites\\\/8\\\/2019\\\/01\\\/ResidenaciMart\u00edCodolar8.jpg\",\"datePublished\":\"2019-01-24T22:00:44+00:00\",\"dateModified\":\"2019-01-28T10:18:18+00:00\",\"author\":{\"@id\":\"http:\\\/\\\/www.salesianos.edu\\\/revistasmx\\\/#\\\/schema\\\/person\\\/a1d72ee5373cce7347fb2993ba9f47d6\"},\"breadcrumb\":{\"@id\":\"http:\\\/\\\/www.salesianos.edu\\\/revistasmx\\\/vivir-el-carisma-de-don-bosco-en-la-vejez\\\/#breadcrumb\"},\"inLanguage\":\"es\",\"potentialAction\":[{\"@type\":\"ReadAction\",\"target\":[\"http:\\\/\\\/www.salesianos.edu\\\/revistasmx\\\/vivir-el-carisma-de-don-bosco-en-la-vejez\\\/\"]}]},{\"@type\":\"ImageObject\",\"inLanguage\":\"es\",\"@id\":\"http:\\\/\\\/www.salesianos.edu\\\/revistasmx\\\/vivir-el-carisma-de-don-bosco-en-la-vejez\\\/#primaryimage\",\"url\":\"http:\\\/\\\/www.salesianos.edu\\\/revistasmx\\\/wp-content\\\/uploads\\\/sites\\\/8\\\/2019\\\/01\\\/ResidenaciMart\u00edCodolar8.jpg\",\"contentUrl\":\"http:\\\/\\\/www.salesianos.edu\\\/revistasmx\\\/wp-content\\\/uploads\\\/sites\\\/8\\\/2019\\\/01\\\/ResidenaciMart\u00edCodolar8.jpg\",\"width\":4504,\"height\":2883},{\"@type\":\"BreadcrumbList\",\"@id\":\"http:\\\/\\\/www.salesianos.edu\\\/revistasmx\\\/vivir-el-carisma-de-don-bosco-en-la-vejez\\\/#breadcrumb\",\"itemListElement\":[{\"@type\":\"ListItem\",\"position\":1,\"name\":\"Portada\",\"item\":\"https:\\\/\\\/www.salesianos.edu\\\/revistasmx\\\/\"},{\"@type\":\"ListItem\",\"position\":2,\"name\":\"Vivir el carisma de Don Bosco en la vejez\"}]},{\"@type\":\"WebSite\",\"@id\":\"http:\\\/\\\/www.salesianos.edu\\\/revistasmx\\\/#website\",\"url\":\"http:\\\/\\\/www.salesianos.edu\\\/revistasmx\\\/\",\"name\":\"Revista SMX\",\"description\":\"P\u00e1gina oficial de Inspector\u00eda Salesiana Mar\u00eda Auxiliadora\",\"potentialAction\":[{\"@type\":\"SearchAction\",\"target\":{\"@type\":\"EntryPoint\",\"urlTemplate\":\"http:\\\/\\\/www.salesianos.edu\\\/revistasmx\\\/?s={search_term_string}\"},\"query-input\":{\"@type\":\"PropertyValueSpecification\",\"valueRequired\":true,\"valueName\":\"search_term_string\"}}],\"inLanguage\":\"es\"},{\"@type\":\"Person\",\"@id\":\"http:\\\/\\\/www.salesianos.edu\\\/revistasmx\\\/#\\\/schema\\\/person\\\/a1d72ee5373cce7347fb2993ba9f47d6\",\"name\":\"joseluisgarciamoscoso\",\"image\":{\"@type\":\"ImageObject\",\"inLanguage\":\"es\",\"@id\":\"https:\\\/\\\/secure.gravatar.com\\\/avatar\\\/3fda3a0b2db3bc9a39871e47cbd526b42d6c3b74755b7ae1400a87b2913fea6a?s=96&d=mm&r=g\",\"url\":\"https:\\\/\\\/secure.gravatar.com\\\/avatar\\\/3fda3a0b2db3bc9a39871e47cbd526b42d6c3b74755b7ae1400a87b2913fea6a?s=96&d=mm&r=g\",\"contentUrl\":\"https:\\\/\\\/secure.gravatar.com\\\/avatar\\\/3fda3a0b2db3bc9a39871e47cbd526b42d6c3b74755b7ae1400a87b2913fea6a?s=96&d=mm&r=g\",\"caption\":\"joseluisgarciamoscoso\"}}]}<\/script>\n<!-- \/ Yoast SEO plugin. -->","yoast_head_json":{"title":"Vivir el carisma de Don Bosco en la vejez - Revista SMX","robots":{"index":"index","follow":"follow","max-snippet":"max-snippet:-1","max-image-preview":"max-image-preview:large","max-video-preview":"max-video-preview:-1"},"canonical":"http:\/\/www.salesianos.edu\/revistasmx\/vivir-el-carisma-de-don-bosco-en-la-vejez\/","og_locale":"es_ES","og_type":"article","og_title":"Vivir el carisma de Don Bosco en la vejez - Revista SMX","og_description":"La edad no perdona y vivir la vejez desde el carisma salesiano es toda una experiencia que se lleva a cabo en las tres casas de salud de nuestra Inspector\u00eda: Barcelona - Mart\u00ed, Codolar, El Campello - El Mirador, \u00a0y Sevilla - Pedro Ricaldone.","og_url":"http:\/\/www.salesianos.edu\/revistasmx\/vivir-el-carisma-de-don-bosco-en-la-vejez\/","og_site_name":"Revista SMX","article_published_time":"2019-01-24T22:00:44+00:00","article_modified_time":"2019-01-28T10:18:18+00:00","og_image":[{"width":1024,"height":655,"url":"http:\/\/www.salesianos.edu\/revistasmx\/wp-content\/uploads\/sites\/8\/2019\/01\/ResidenaciMart\u00edCodolar8-1024x655.jpg","type":"image\/jpeg"}],"author":"joseluisgarciamoscoso","twitter_card":"summary_large_image","twitter_misc":{"Escrito por":"joseluisgarciamoscoso","Tiempo de lectura":"17 minutos"},"schema":{"@context":"https:\/\/schema.org","@graph":[{"@type":"Article","@id":"http:\/\/www.salesianos.edu\/revistasmx\/vivir-el-carisma-de-don-bosco-en-la-vejez\/#article","isPartOf":{"@id":"http:\/\/www.salesianos.edu\/revistasmx\/vivir-el-carisma-de-don-bosco-en-la-vejez\/"},"author":{"name":"joseluisgarciamoscoso","@id":"http:\/\/www.salesianos.edu\/revistasmx\/#\/schema\/person\/a1d72ee5373cce7347fb2993ba9f47d6"},"headline":"Vivir el carisma de Don Bosco en la vejez","datePublished":"2019-01-24T22:00:44+00:00","dateModified":"2019-01-28T10:18:18+00:00","mainEntityOfPage":{"@id":"http:\/\/www.salesianos.edu\/revistasmx\/vivir-el-carisma-de-don-bosco-en-la-vejez\/"},"wordCount":3363,"commentCount":0,"image":{"@id":"http:\/\/www.salesianos.edu\/revistasmx\/vivir-el-carisma-de-don-bosco-en-la-vejez\/#primaryimage"},"thumbnailUrl":"http:\/\/www.salesianos.edu\/revistasmx\/wp-content\/uploads\/sites\/8\/2019\/01\/ResidenaciMart\u00edCodolar8.jpg","keywords":["smx44"],"articleSection":["A FONDO"],"inLanguage":"es","potentialAction":[{"@type":"CommentAction","name":"Comment","target":["http:\/\/www.salesianos.edu\/revistasmx\/vivir-el-carisma-de-don-bosco-en-la-vejez\/#respond"]}]},{"@type":"WebPage","@id":"http:\/\/www.salesianos.edu\/revistasmx\/vivir-el-carisma-de-don-bosco-en-la-vejez\/","url":"http:\/\/www.salesianos.edu\/revistasmx\/vivir-el-carisma-de-don-bosco-en-la-vejez\/","name":"Vivir el carisma de Don Bosco en la vejez - Revista SMX","isPartOf":{"@id":"http:\/\/www.salesianos.edu\/revistasmx\/#website"},"primaryImageOfPage":{"@id":"http:\/\/www.salesianos.edu\/revistasmx\/vivir-el-carisma-de-don-bosco-en-la-vejez\/#primaryimage"},"image":{"@id":"http:\/\/www.salesianos.edu\/revistasmx\/vivir-el-carisma-de-don-bosco-en-la-vejez\/#primaryimage"},"thumbnailUrl":"http:\/\/www.salesianos.edu\/revistasmx\/wp-content\/uploads\/sites\/8\/2019\/01\/ResidenaciMart\u00edCodolar8.jpg","datePublished":"2019-01-24T22:00:44+00:00","dateModified":"2019-01-28T10:18:18+00:00","author":{"@id":"http:\/\/www.salesianos.edu\/revistasmx\/#\/schema\/person\/a1d72ee5373cce7347fb2993ba9f47d6"},"breadcrumb":{"@id":"http:\/\/www.salesianos.edu\/revistasmx\/vivir-el-carisma-de-don-bosco-en-la-vejez\/#breadcrumb"},"inLanguage":"es","potentialAction":[{"@type":"ReadAction","target":["http:\/\/www.salesianos.edu\/revistasmx\/vivir-el-carisma-de-don-bosco-en-la-vejez\/"]}]},{"@type":"ImageObject","inLanguage":"es","@id":"http:\/\/www.salesianos.edu\/revistasmx\/vivir-el-carisma-de-don-bosco-en-la-vejez\/#primaryimage","url":"http:\/\/www.salesianos.edu\/revistasmx\/wp-content\/uploads\/sites\/8\/2019\/01\/ResidenaciMart\u00edCodolar8.jpg","contentUrl":"http:\/\/www.salesianos.edu\/revistasmx\/wp-content\/uploads\/sites\/8\/2019\/01\/ResidenaciMart\u00edCodolar8.jpg","width":4504,"height":2883},{"@type":"BreadcrumbList","@id":"http:\/\/www.salesianos.edu\/revistasmx\/vivir-el-carisma-de-don-bosco-en-la-vejez\/#breadcrumb","itemListElement":[{"@type":"ListItem","position":1,"name":"Portada","item":"https:\/\/www.salesianos.edu\/revistasmx\/"},{"@type":"ListItem","position":2,"name":"Vivir el carisma de Don Bosco en la vejez"}]},{"@type":"WebSite","@id":"http:\/\/www.salesianos.edu\/revistasmx\/#website","url":"http:\/\/www.salesianos.edu\/revistasmx\/","name":"Revista SMX","description":"P\u00e1gina oficial de Inspector\u00eda Salesiana Mar\u00eda Auxiliadora","potentialAction":[{"@type":"SearchAction","target":{"@type":"EntryPoint","urlTemplate":"http:\/\/www.salesianos.edu\/revistasmx\/?s={search_term_string}"},"query-input":{"@type":"PropertyValueSpecification","valueRequired":true,"valueName":"search_term_string"}}],"inLanguage":"es"},{"@type":"Person","@id":"http:\/\/www.salesianos.edu\/revistasmx\/#\/schema\/person\/a1d72ee5373cce7347fb2993ba9f47d6","name":"joseluisgarciamoscoso","image":{"@type":"ImageObject","inLanguage":"es","@id":"https:\/\/secure.gravatar.com\/avatar\/3fda3a0b2db3bc9a39871e47cbd526b42d6c3b74755b7ae1400a87b2913fea6a?s=96&d=mm&r=g","url":"https:\/\/secure.gravatar.com\/avatar\/3fda3a0b2db3bc9a39871e47cbd526b42d6c3b74755b7ae1400a87b2913fea6a?s=96&d=mm&r=g","contentUrl":"https:\/\/secure.gravatar.com\/avatar\/3fda3a0b2db3bc9a39871e47cbd526b42d6c3b74755b7ae1400a87b2913fea6a?s=96&d=mm&r=g","caption":"joseluisgarciamoscoso"}}]}},"_links":{"self":[{"href":"http:\/\/www.salesianos.edu\/revistasmx\/wp-json\/wp\/v2\/posts\/10570","targetHints":{"allow":["GET"]}}],"collection":[{"href":"http:\/\/www.salesianos.edu\/revistasmx\/wp-json\/wp\/v2\/posts"}],"about":[{"href":"http:\/\/www.salesianos.edu\/revistasmx\/wp-json\/wp\/v2\/types\/post"}],"author":[{"embeddable":true,"href":"http:\/\/www.salesianos.edu\/revistasmx\/wp-json\/wp\/v2\/users\/12"}],"replies":[{"embeddable":true,"href":"http:\/\/www.salesianos.edu\/revistasmx\/wp-json\/wp\/v2\/comments?post=10570"}],"version-history":[{"count":16,"href":"http:\/\/www.salesianos.edu\/revistasmx\/wp-json\/wp\/v2\/posts\/10570\/revisions"}],"predecessor-version":[{"id":11689,"href":"http:\/\/www.salesianos.edu\/revistasmx\/wp-json\/wp\/v2\/posts\/10570\/revisions\/11689"}],"wp:featuredmedia":[{"embeddable":true,"href":"http:\/\/www.salesianos.edu\/revistasmx\/wp-json\/wp\/v2\/media\/10592"}],"wp:attachment":[{"href":"http:\/\/www.salesianos.edu\/revistasmx\/wp-json\/wp\/v2\/media?parent=10570"}],"wp:term":[{"taxonomy":"category","embeddable":true,"href":"http:\/\/www.salesianos.edu\/revistasmx\/wp-json\/wp\/v2\/categories?post=10570"},{"taxonomy":"post_tag","embeddable":true,"href":"http:\/\/www.salesianos.edu\/revistasmx\/wp-json\/wp\/v2\/tags?post=10570"}],"curies":[{"name":"wp","href":"https:\/\/api.w.org\/{rel}","templated":true}]}}