{"id":10056,"date":"2018-11-24T23:00:04","date_gmt":"2018-11-24T22:00:04","guid":{"rendered":"http:\/\/www.salesianos.edu\/revistasmx\/?p=10056"},"modified":"2018-11-30T14:30:10","modified_gmt":"2018-11-30T13:30:10","slug":"quin-salesia-per-als-joves-davui","status":"publish","type":"post","link":"http:\/\/www.salesianos.edu\/revistasmx\/ca\/quin-salesia-per-als-joves-davui\/","title":{"rendered":"Quin salesi\u00e0 per als joves d&#8217;avui?"},"content":{"rendered":"<div id=\"fb-root\"><\/div>\n<p>[et_pb_section fb_built=\u00bb1&#8243; _builder_version=\u00bb3.0.47&#8243;][et_pb_row _builder_version=\u00bb3.0.48&#8243; background_size=\u00bbinitial\u00bb background_position=\u00bbtop_left\u00bb background_repeat=\u00bbrepeat\u00bb][et_pb_column type=\u00bb1_2&#8243; _builder_version=\u00bb3.0.47&#8243; parallax=\u00bboff\u00bb parallax_method=\u00bbon\u00bb][et_pb_text _builder_version=\u00bb3.13.1&#8243; background_size=\u00bbinitial\u00bb background_position=\u00bbtop_left\u00bb background_repeat=\u00bbrepeat\u00bb]La Inspectoria Salesiana Maria Auxiliadora celebra <strong>del 27 al 29 de desembre l\u2019inici del que ser\u00e0 el seu segon Cap\u00edtol Inspectorial (CI).<\/strong> Es desenvolupar\u00e0 en dues sessions que tindran lloc a <strong>Barcelona Mart\u00ed Codolar;<\/strong> amb una primera part al desembre, i una altra <strong>entre el 25 i el 27 d&#8217;abril de 2019, amb m\u00e9s de 130 participants.<\/strong><\/p>\n<p>Per\u00f2 a les portes d&#8217;aquest nou esdeveniment, <strong>quin significat t\u00e9 el Cap\u00edtol?<\/strong><\/p>\n<p>Des de l\u2019etimologia, al submergir-se en el diccionari de la Reial Acad\u00e8mia de la Llengua, en la seva primera accepci\u00f3, apareix aquest substantiu mascul\u00ed que es defineix com la divisi\u00f3 que es fa en els llibres i en qualsevol altre escrit per a millorar l\u2019ordre i facilitar la comprensi\u00f3 de la mat\u00e8ria. Tamb\u00e9 fa refer\u00e8ncia, en r\u00e0dio i televisi\u00f3, a cadascuna de les parts en qu\u00e8 es divideix una obra dram\u00e0tica o documental per a la seva emissi\u00f3. Tots dos casos queden lluny de la vida salesiana. Tamb\u00e9 es descarten les locucions verbals que parlen de ser \u00abcap\u00edtol a part\u00bb o \u00abcridar alg\u00fa a cap\u00edtol\u00bb, com una manera de ser diferent o per demanar compte pels actes. Per concebre el Cap\u00edtol com a Salesians cal dirigir-se a la cinquena accepci\u00f3, la que fa refer\u00e8ncia a la junta que fan els religiosos i clergues regulars a determinats temps, d&#8217;acord amb els estatuts de les seves ordres, per a les eleccions de prelats i per altres assumptes.<\/p>\n<p><strong>I qu\u00e8 diuen les Constitucions Salesianes? <\/strong>Si anem a l&#8217;arrel de la celebraci\u00f3 d&#8217;aquest esdeveniment<a href=\"http:\/\/archivio.sdb.org\/images\/documenti\/Salesiani_DB\/Costituzioni\/pdf\/Costituzioni_es.pdf\">, segons es recull en l\u2019<strong>article 170<\/strong><\/a>, el Cap\u00edtol Inspectorial \u00e9s la reuni\u00f3 fraterna on les comunitats locals reforcen el seu sentit de pertinen\u00e7a a la comunitat inspectorial, mitjan\u00e7ant la sol\u00b7licitud comuna pels problemes generals. \u00c9s, aix\u00ed mateix, l&#8217;assemblea representativa dels germans i de les comunitats locals. \u00c9s el cas de Salesians SMX, presents en les Comunitats Aut\u00f2nomes de Catalunya, Arag\u00f3, Comunitat Valenciana, Regi\u00f3 de M\u00farcia, Illes Balears, Andalusia, Extremadura i Can\u00e0ries.<\/p>\n<p>En aquest context, <strong>\u00c1ngel Asurmendi, provincial de la Inspectoria Maria Auxiliadora<\/strong>, compartia en la seva carta de convocat\u00f2ria com a preparaci\u00f3 al CI&#8217;19 que aquesta viv\u00e8ncia \u00e9s un <strong>moment clau en la vida de la Inspectoria<\/strong>.\u00a0 <em>\u00abNo nom\u00e9s per l&#8217;influx notable que t\u00e9 a trav\u00e9s de les decisions que es prenen, sin\u00f3 tamb\u00e9 perqu\u00e8 en el proc\u00e9s de preparaci\u00f3 s&#8217;impliquen tots els germans\u00bb,<\/em> comentava.<\/p>\n<p>A m\u00e9s, aquest cap\u00edtol \u00e9s <strong>l&#8217;avantsala de la celebraci\u00f3 del Cap\u00edtol General 28<\/strong> <strong>(CG28)<\/strong> convocat pel <strong>Rector Major<\/strong>. Aquesta convocat\u00f2ria compromet a la Inspectoria amb la reflexi\u00f3 per enviar aportacions al regulador del Cap\u00edtol General, i a triar tamb\u00e9 a tres delegats dels germans per participar-hi, al costat del inspector.<\/p>\n<p>&nbsp;<\/p>\n<p>&nbsp;<\/p>\n<p><span style=\"font-size: 14px\">\u00a0<\/span><\/p>\n<p>&nbsp;<br \/>\n[\/et_pb_text][\/et_pb_column][et_pb_column type=\u00bb1_2&#8243; _builder_version=\u00bb3.0.47&#8243; parallax=\u00bboff\u00bb parallax_method=\u00bbon\u00bb][et_pb_image src=\u00bbhttps:\/\/www.salesianos.edu\/revistasmx\/wp-content\/uploads\/sites\/8\/2018\/11\/Logo-CI-19.png\u00bb _builder_version=\u00bb3.13.1&#8243;][\/et_pb_image][et_pb_cta title=\u00bbEscoltar els joves d&#8217;avui\u00bb button_text=\u00bbClick Here\u00bb _builder_version=\u00bb3.13.1&#8243;]El tema central a abordar pel CI&#8217;19, vinculat al CG28, ser\u00e0 respondre la q\u00fcesti\u00f3: <strong>Quin salesi\u00e0 per als joves d&#8217;avui? <\/strong>Aquest objectiu principal estar\u00e0 articulat en tres grups tem\u00e0tics:<\/p>\n<ol>\n<li><strong> Prioritats de la missi\u00f3.<\/strong><\/li>\n<li><strong> Perfil del salesi\u00e0.<\/strong><\/li>\n<li><strong> Compartir la missi\u00f3 i la formaci\u00f3 amb els seglars.<\/strong><\/li>\n<\/ol>\n<p>D&#8217;altra banda, el CG28 s&#8217;ocupar\u00e0 d&#8217;uns quants assumptes de naturalesa jur\u00eddica que fan refer\u00e8ncia a les Constitucions i als Reglaments Generals, a la vida de les inspectories i de les comunitats locals. Mentre que, a la Inspectoria Salesiana Maria Auxiliadora, a m\u00e9s, es tractaran alguns punts assenyalats en el full de ruta de la unificaci\u00f3 i reestructuraci\u00f3: funci\u00f3 de la comunitat religiosa a la casa, criteris per a la reducci\u00f3 de comunitats i criteris per a l&#8217;atenci\u00f3 a les cases sense comunitat.<br \/>\n[\/et_pb_cta][\/et_pb_column][\/et_pb_row][et_pb_row _builder_version=\u00bb3.13.1&#8243;][et_pb_column type=\u00bb1_2&#8243; _builder_version=\u00bb3.0.47&#8243; parallax=\u00bboff\u00bb parallax_method=\u00bbon\u00bb][et_pb_accordion open_toggle_text_color=\u00bb#b3343b\u00bb _builder_version=\u00bb3.13.1&#8243;][et_pb_accordion_item title=\u00bbQuines compet\u00e8ncies t\u00e9 el Cap\u00edtol Inspectorial?\u00bb open=\u00bbon\u00bb _builder_version=\u00bb3.13.1&#8243; title_text_shadow_horizontal_length=\u00bb0em\u00bb title_text_shadow_vertical_length=\u00bb0em\u00bb title_text_shadow_blur_strength=\u00bb0em\u00bb body_text_shadow_horizontal_length=\u00bb0em\u00bb body_text_shadow_vertical_length=\u00bb0em\u00bb body_text_shadow_blur_strength=\u00bb0em\u00bb]<a href=\"http:\/\/archivio.sdb.org\/images\/documenti\/Salesiani_DB\/Costituzioni\/pdf\/Costituzioni_es.pdf\">Segons l\u2019 <strong>article 171<\/strong><\/a>, el CI ha d&#8217;establir pel que fa a la bona marxa de la inspectoria; buscar els mitjans adequats per promoure la vida religiosa i pastoral de la comunitat inspectorial; estudiar i revisar l&#8217;actuaci\u00f3 concreta de les decisions del Cap\u00edtol General; fer i revisar el directori inspectorial, en l&#8217;\u00e0mbit de les compet\u00e8ncies assignades a aquest nivell; triar a un o dos delegats per al Cap\u00edtol General i els seus suplents, segons s&#8217;indica en els reglaments generals. (R 167.190)<\/p>\n<p><a href=\"https:\/\/salesianos.edu\/Articulos\/7826\/1\/1\/El-Cap-tulo-Inspectorial-llega-a-buen-puerto\">Rere l\u2019edici\u00f3 de 2016<\/a>, arriba aquesta nova sessi\u00f3 a causa que, ordin\u00e0riament, el CI \u00e9s convocat per l&#8217;inspector cada tres anys, i sempre que es convoqui el Cap\u00edtol General; de manera extraordin\u00e0ria, quan l&#8217;inspector, amb el consentiment del seu Consell i despr\u00e9s de consulta al Rector Major, ho cregui convenient per al b\u00e9 de la Inspectoria. (R 168).<br \/>\n[\/et_pb_accordion_item][et_pb_accordion_item title=\u00bbQui participa en aquest esdeveniment?\u00bb open=\u00bboff\u00bb _builder_version=\u00bb3.13.1&#8243; title_text_shadow_horizontal_length=\u00bb0em\u00bb title_text_shadow_vertical_length=\u00bb0em\u00bb title_text_shadow_blur_strength=\u00bb0em\u00bb body_text_shadow_horizontal_length=\u00bb0em\u00bb body_text_shadow_vertical_length=\u00bb0em\u00bb body_text_shadow_blur_strength=\u00bb0em\u00bb]Al CI&#8217;19 intervenen amb dret a vot: l&#8217;inspector, que presideix; els consellers inspectorials; el superior de cada delegaci\u00f3 inspectorial; el regulador del cap\u00edtol inspectorial; el director de tota casa erigida can\u00f2nicament o, si aquest es troba greument impedit, el seu vicari, pr\u00e8via aprovaci\u00f3 de l&#8217;inspector; el mestre de novicis; els delegats de les comunitats locals i de la comunitat inspectorial, elegits entre els professos perpetus com estableixen els reglaments generals. (R 161.165.168).<\/p>\n<p>A m\u00e9s, en l&#8217;elecci\u00f3 dels delegats de les comunitats locals i de la comunitat inspectorial, participen tots els professos perpetus i temporals. (R 165).<br \/>\n[\/et_pb_accordion_item][et_pb_accordion_item title=\u00bbCom es prepara aquest esdeveniment?\u00bb open=\u00bboff\u00bb _builder_version=\u00bb3.13.1&#8243; title_text_shadow_horizontal_length=\u00bb0em\u00bb title_text_shadow_vertical_length=\u00bb0em\u00bb title_text_shadow_blur_strength=\u00bb0em\u00bb body_text_shadow_horizontal_length=\u00bb0em\u00bb body_text_shadow_vertical_length=\u00bb0em\u00bb body_text_shadow_blur_strength=\u00bb0em\u00bb]A nivell personal, cada salesi\u00e0 segueix la preparaci\u00f3, el desenvolupament i les conclusions del CI per mitj\u00e0 de l&#8217;oraci\u00f3 i la informaci\u00f3. Tamb\u00e9 es suggereix viure-ho en un clima de conversi\u00f3 personal, per assumir les implicacions espirituals i pastorals del tema del CG\u201928. D\u00f3na el seu propi vot per a l&#8217;elecci\u00f3 del delegat de la pr\u00f2pia comunitat i del seu suplent, participa a l&#8217;elecci\u00f3 dels delegats dels germans de la Inspectoria o estudia personalment el tema, servint-se del material rebut i de l&#8217;intercanvi d&#8217;idees en la seva comunitat.<\/p>\n<p>D&#8217;altra banda, cada comunitat acompanya tot el proc\u00e9s capitular amb la preg\u00e0ria di\u00e0ria; tria al seu delegat per al CI i al seu suplent; aixeca acta d&#8217;aquesta elecci\u00f3 o estudia el tema proposat mana les seves aportacions al Regulador del CI.<\/p>\n<p>Encara que pugui semblar que els treballs del CI es concentren en les \u00faltimes setmanes, els preparatius arrenquen temps enrere. Per exemple, amb data 1 de juliol, es publicava la carta de convocat\u00f2ria on figurava el nomenament de Miguel \u00c1ngel \u00c1lvarez Paulino, director del Colegio Mayor Universitario San Juan Bosco de Sevilla, com a Regulador i els membres de la comissi\u00f3 precapitular. En ella estaven salesians i laics, amb diferents responsabilitats en la marxa ordin\u00e0ria de la Inspectoria, entre els quals es trobaven Fernando Miranda, Rosa Mar\u00eda Bellido, Carles Rubio, Segundo Garc\u00eda i Marco Antonio V\u00e1zquez.<\/p>\n<p>D&#8217;altra banda, per abordar els assumptes de naturalesa jur\u00eddica que demana el CG&#8217;28, l&#8217;inspector va crear un grup de treball ad hoc, presidit pel salesi\u00e0 Luis Onrubia.<\/p>\n<p>L&#8217;estudi dels treballs de preparaci\u00f3 es van iniciar el passat 9 de juliol i, al llarg d&#8217;aquests mesos, s&#8217;han dut a terme diferents sessions per elaborar materials perqu\u00e8 els salesians, les comunitats salesianes, els joves, laics i Fam\u00edlia Salesiana de les obres puguin participar en el CI&#8217;19 amb les seves aportacions, com demana el Rector Major. Igualment, per a aquesta edici\u00f3, atenent la petici\u00f3 del Regulador del CG&#8217;28, Stefano Vanoli, es demanava a cada comunitat salesiana local posar-se a l&#8217;escolta dels joves.<\/p>\n<p>&nbsp;<br \/>\n[\/et_pb_accordion_item][\/et_pb_accordion][\/et_pb_column][et_pb_column type=\u00bb1_2&#8243; _builder_version=\u00bb3.0.47&#8243; parallax=\u00bboff\u00bb parallax_method=\u00bbon\u00bb][et_pb_countdown_timer title=\u00bbDies que falten per al CI\u00b419&#8243; date_time=\u00bb2018-12-27 12:56&#8243; _builder_version=\u00bb3.13.1&#8243;][\/et_pb_countdown_timer][et_pb_video src=\u00bbhttps:\/\/www.youtube.com\/watch?v=tK8qjiqjaI4&amp;index=17&amp;list=PLIQiy0ygYteNS5lNZ9YORsUH-3RaDwMp_\u00bb _builder_version=\u00bb3.13.1&#8243;][\/et_pb_video][et_pb_video src=\u00bbhttps:\/\/www.youtube.com\/watch?v=_SrY8l48NlQ&amp;index=7&amp;list=PLIQiy0ygYteNS5lNZ9YORsUH-3RaDwMp_\u00bb _builder_version=\u00bb3.13.1&#8243;][\/et_pb_video][et_pb_button button_url=\u00bbhttps:\/\/www.youtube.com\/watch?v=D9HFHXUXaaM&amp;list=PLIQiy0ygYteNS5lNZ9YORsUH-3RaDwMp_\u00bb button_text=\u00bbVisita m\u00e1s v\u00eddeos sobre el CI\u00b416&#8243; _builder_version=\u00bb3.13.1&#8243;][\/et_pb_button][\/et_pb_column][\/et_pb_row][et_pb_row _builder_version=\u00bb3.13.1&#8243;][et_pb_column type=\u00bb4_4&#8243; _builder_version=\u00bb3.0.47&#8243; parallax=\u00bboff\u00bb parallax_method=\u00bbon\u00bb][et_pb_divider _builder_version=\u00bb3.13.1&#8243;][\/et_pb_divider][\/et_pb_column][\/et_pb_row][et_pb_row _builder_version=\u00bb3.13.1&#8243;][et_pb_column type=\u00bb4_4&#8243; _builder_version=\u00bb3.0.47&#8243; parallax=\u00bboff\u00bb parallax_method=\u00bbon\u00bb][et_pb_testimonial portrait_url=\u00bbhttps:\/\/www.salesianos.edu\/revistasmx\/wp-content\/uploads\/sites\/8\/2018\/11\/MIGUEANGEL.jpg\u00bb _builder_version=\u00bb3.13.1&#8243;]<strong>&#8211; Qu\u00e8 esperes d&#8217;aquest nou cap\u00edtol?<\/strong><\/p>\n<p>L&#8217;any passat vaig acompanyar al Cam\u00ed de Sant Jaume un grup de col\u00b7legials; durant el viatge, una idea que es repetia era que l&#8217;important era el cam\u00ed, no tant arribar a Santiago. Una cosa semblant dic del Cap\u00edtol. El poder durant aquests mesos parlar entre nosaltres, compartir les nostres inquietuds, temors i esperances amb altres salesians religiosos, per\u00f2 tamb\u00e9 amb joves, membres de la Fam\u00edlia Salesiana i seglars, penso que, m\u00e9s enll\u00e0 de possibles decisions operatives, \u00e9s el que aporta una experi\u00e8ncia com aquesta.<\/p>\n<p><strong>&#8211; Qu\u00e8 suposa com a salesi\u00e0 exercir la funci\u00f3 de Regulador?<\/strong><\/p>\n<p>\u00abUna gran responsabilitat; primer, per la confian\u00e7a dipositada en el Regulador per part de l&#8217;inspector a l&#8217;hora de nomenar-; segon, per la tasca d&#8217;organitzar i portar endavant un moment de capital import\u00e0ncia per a la vida d&#8217;una Inspectoria com \u00e9s la celebraci\u00f3 del seu cap\u00edtol, la \u00abassemblea representativa dels germans i de les comunitats locals\u00bb.<\/p>\n<p><strong><em>Miguel \u00c1ngel \u00c1lvarez,<\/em><\/strong>\u00a0 sdb, director del Colegio Mayor Universitario San Juan Bosco de Sevilla i Regulador del CI\u00b419.<\/p>\n<p><strong>\u00a0<\/strong><br \/>\n[\/et_pb_testimonial][et_pb_testimonial portrait_url=\u00bbhttps:\/\/www.salesianos.edu\/revistasmx\/wp-content\/uploads\/sites\/8\/2018\/11\/FernandoMiranda-1.jpg\u00bb _builder_version=\u00bb3.13.1&#8243;]<\/p>\n<p><strong>Qu\u00e8 suposa aquest nou Cap\u00edtol per a la Inspectoria?<\/strong><\/p>\n<p>\u00abCrec que suposa un pas de qualitat molt important. D&#8217;una banda, respondre a la demanda que ens fa el Rector Major per mirar el nostre futur com a salesians entre els joves i que es recull en el t\u00edtol del CG \u201828 \u00abQuins salesians per als joves d&#8217;avui?\u00bb.<\/p>\n<p>Fer una reflexi\u00f3 seriosa sobre aix\u00f2, es pot fer de moltes maneres, per\u00f2 si no es fa deixant que la nostra vida, personal i comunit\u00e0ria, es vegi compromesa i afectada, crec que no tindr\u00e0 molta repercussi\u00f3.<\/p>\n<p>Per una altra, la mirada a la nostra realitat com Inspectoria. Prendre en les mans alguns temes que ens preocupen com el cam\u00ed que hem de seguir per reestructurar les nostres pres\u00e8ncies, les nostres comunitats, la nostra forma d&#8217;estar i acompanyar, la missi\u00f3 compartida amb els seglars.<\/p>\n<p>La resposta de les comunitats ha estat molt positiva i molt rica. Veritablement les aportacions ens llancen a un escenari al qual caldr\u00e0 respondre amb fidelitat i creativitat. Tot aix\u00f2, sabent escoltar l&#8217;Esperit que no deixa de guiar-nos en aquest cam\u00ed\u00bb.<\/p>\n<p><strong>Fernando Miranda,<\/strong> sdb, vicari inspectorial.<\/p>\n<p><strong>\u00a0<\/strong><\/p>\n<p>[\/et_pb_testimonial][\/et_pb_column][\/et_pb_row][et_pb_row _builder_version=\u00bb3.13.1&#8243;][et_pb_column type=\u00bb1_2&#8243; _builder_version=\u00bb3.0.47&#8243; parallax=\u00bboff\u00bb parallax_method=\u00bbon\u00bb][et_pb_image src=\u00bbhttps:\/\/www.salesianos.edu\/revistasmx\/wp-content\/uploads\/sites\/8\/2018\/11\/Imagen1-1.jpg\u00bb _builder_version=\u00bb3.13.1&#8243;][\/et_pb_image][et_pb_text _builder_version=\u00bb3.13.1&#8243;]<\/p>\n<p><strong><span>Qu\u00e8 suposa com a salesi\u00e0 treballar en la comissi\u00f3 precapitular?<\/span><\/strong><\/p>\n<p style=\"font-weight: 400\">\u201cEn primer lloc, \u00e9s una oportunitat<span>\u00a0<\/span>per<span>\u00a0<\/span>fer la teva petita aportaci\u00f3 en la manera d&#8217;enfocar el treball del Cap\u00edtol, en di\u00e0leg amb altres persones de la<span>\u00a0<\/span>Comissi\u00f3, tant seglars com salesians. En segon lloc, suposa l&#8217;enriquiment de poder recollir les aportacions de totes les comunitats, seglars i joves entorn del tema del<span>\u00a0<\/span>Cap\u00edtol. Aix\u00f2 et permet captar<span>\u00a0<\/span>quina \u00e9s\u00a0la sintonia inspectorial.<\/p>\n<p>Finalment, suposa la possibilitat d&#8217;exercir la coresponsabilitat amb els seglars en temes importants per a la nostra Inspectoria\u201d.<\/p>\n<p><strong>Segundo Garc\u00eda,<\/strong> sdb, director titular de Salesians Val\u00e8ncia Sant Antoni Abat.<\/p>\n<p>&nbsp;<\/p>\n<p>[\/et_pb_text][et_pb_image src=\u00bbhttps:\/\/www.salesianos.edu\/revistasmx\/wp-content\/uploads\/sites\/8\/2018\/11\/12642878_1087911077910355_1995724800113580428_n.jpg\u00bb _builder_version=\u00bb3.13.1&#8243;][\/et_pb_image][et_pb_text _builder_version=\u00bb3.13.1&#8243;]<strong>Qu\u00e8 suposa com a laic treballar a la Comissi\u00f3 Precapitular?<\/strong><\/p>\n<p>\u00abSuposa l&#8217;oportunitat de col\u00b7laborar amb un proc\u00e9s de discerniment clau per consolidar el futur de la missi\u00f3 i la vida salesiana a la nostra Inspectoria. Una experi\u00e8ncia que m&#8217;ha perm\u00e8s aprofundir en la metodologia d&#8217;escoltar, interpretar i optar que se&#8217;ns proposa des de Roma \u00ab.<\/p>\n<p><strong><em>Carles Rubio<\/em><\/strong>, coordinador de les Escoles de Catalunya, Balears i Alt Arag\u00f3.<br \/>\n[\/et_pb_text][\/et_pb_column][et_pb_column type=\u00bb1_2&#8243; _builder_version=\u00bb3.0.47&#8243; parallax=\u00bboff\u00bb parallax_method=\u00bbon\u00bb][et_pb_image src=\u00bbhttps:\/\/www.salesianos.edu\/revistasmx\/wp-content\/uploads\/sites\/8\/2018\/11\/marco.jpg\u00bb _builder_version=\u00bb3.13.1&#8243;][\/et_pb_image][et_pb_text _builder_version=\u00bb3.13.1&#8243;]<strong>&#8211; Com influeix la visi\u00f3 dels joves al treball del Cap\u00edtol?<\/strong><\/p>\n<p>\u00abLa veritat \u00e9s que la pregunta em sembla important i nuclear enmig del m\u00f3n en qu\u00e8 estem i el Cap\u00edtol que anem a celebrar. Senzillament amb la mirada posada en el D\u00e9u de la vida que ens d\u00f3na la llum cada mat\u00ed i amb els joves com a horitz\u00f3 i oce\u00e0 on navegar, la Fam\u00edlia Salesiana necessita d&#8217;una manera vital, entrar en di\u00e0leg amb els joves, all\u00e0 on es troben. Amb els seus desitjos i aspiracions. Amb les seves llums i ombres. \u00c9s el lloc en el qual el Senyor ens segueix cridant a tots i cadasc\u00fa de nosaltres pel nostre nom personal, amb estima i afecte inesgotable. Altrament, sense la seva aportaci\u00f3, la nostra reflexi\u00f3 es queda buida i en l&#8217;aire\u00bb.<\/p>\n<p><strong><em>Marco V\u00e1zquez<\/em><\/strong>, sdb, director titular de Salesians \u00dabeda i Linares.<\/p>\n<p>&nbsp;<br \/>\n[\/et_pb_text][et_pb_image src=\u00bbhttps:\/\/www.salesianos.edu\/revistasmx\/wp-content\/uploads\/sites\/8\/2018\/11\/Captura-de-pantalla-2018-11-28-a-las-12.19.21.png\u00bb _builder_version=\u00bb3.13.1&#8243;][\/et_pb_image][et_pb_text _builder_version=\u00bb3.13.1&#8243;]<strong>Qu\u00e8 suposa com a laic treballar a la Comissi\u00f3 Precapitular?<\/strong><\/p>\n<p>\u00abDiria que orgull i responsabilitat. Orgull per ser escollida per a aix\u00f2. D&#8217;alguna manera estan dipositant en tu la confian\u00e7a de la missi\u00f3 compartida. T\u2019estan dient \u2018creiem en tu i volem que ajudis a preparar el Cap\u00edtol inspectorial\u2019. Responsabilitat per ser capa\u00e7 de respondre com es mereix aquesta invitaci\u00f3 i contribuir de la millor manera possible a preparar els materials i l&#8217;organitzaci\u00f3 del Cap\u00edtol Inspectorial \u00bb<\/p>\n<p><strong><em>Rosa M\u00aa Bellido<\/em><\/strong>, directora de centre de Salesians C\u00f3rdoba<br \/>\n[\/et_pb_text][\/et_pb_column][\/et_pb_row][et_pb_row _builder_version=\u00bb3.13.1&#8243;][et_pb_column type=\u00bb4_4&#8243; _builder_version=\u00bb3.0.47&#8243; parallax=\u00bboff\u00bb parallax_method=\u00bbon\u00bb][\/et_pb_column][\/et_pb_row][et_pb_row _builder_version=\u00bb3.13.1&#8243;][et_pb_column type=\u00bb4_4&#8243; _builder_version=\u00bb3.0.47&#8243; parallax=\u00bboff\u00bb parallax_method=\u00bbon\u00bb][et_pb_gallery gallery_ids=\u00bb9984,9983,9981,9979,9978,9977,9976,9975,9974,9973,9972,9970,9969,9968,9967,9966,9965,9964,9963,9962,9961,9960,9959,9958,9957,9956,9955,9954,9953,9952,9951,9950,9949,9947,9946&#8243; fullwidth=\u00bbon\u00bb _builder_version=\u00bb3.13.1&#8243;][\/et_pb_gallery][\/et_pb_column][\/et_pb_row][\/et_pb_section]<\/p>\n","protected":false},"excerpt":{"rendered":"<p>La Inspectoria Salesiana Maria Auxiliadora celebra del 27 al 29 de desembre l\u2019inici del que ser\u00e0 el seu segon Cap\u00edtol Inspectorial (CI). Es desenvolupar\u00e0 en dues sessions que tindran lloc a Barcelona Mart\u00ed Codolar; amb una primera part al desembre, i una altra entre el 25 i el 27 d&#8217;abril de 2019, amb m\u00e9s de [&hellip;]<\/p>\n","protected":false},"author":5,"featured_media":10069,"comment_status":"open","ping_status":"closed","sticky":false,"template":"","format":"standard","meta":{"_et_pb_use_builder":"on","_et_pb_old_content":"","_et_gb_content_width":"","footnotes":""},"categories":[53],"tags":[239],"class_list":["post-10056","post","type-post","status-publish","format-standard","has-post-thumbnail","hentry","category-a-fons","tag-smx42"],"yoast_head":"<!-- This site is optimized with the Yoast SEO plugin v27.5 - https:\/\/yoast.com\/product\/yoast-seo-wordpress\/ -->\n<title>Quin salesi\u00e0 per als joves d&#039;avui? - Revista SMX<\/title>\n<meta name=\"robots\" content=\"index, follow, max-snippet:-1, max-image-preview:large, max-video-preview:-1\" \/>\n<link rel=\"canonical\" href=\"http:\/\/www.salesianos.edu\/revistasmx\/ca\/quin-salesia-per-als-joves-davui\/\" \/>\n<meta property=\"og:locale\" content=\"es_ES\" \/>\n<meta property=\"og:type\" content=\"article\" \/>\n<meta property=\"og:title\" content=\"Quin salesi\u00e0 per als joves d&#039;avui? - Revista SMX\" \/>\n<meta property=\"og:description\" content=\"Titulo p\u00e1ginas Subtitulo 1 Lorem Ipsum es simplemente el texto de relleno de las imprentas y archivos de texto. Lorem Ipsum ha sido el texto de relleno est\u00e1ndar de las industrias desde el a\u00f1o 1500, cuando un impresor (N. del T. persona que se dedica a la imprenta) desconocido us\u00f3 una galer\u00eda de textos y [&hellip;]\" \/>\n<meta property=\"og:url\" content=\"http:\/\/www.salesianos.edu\/revistasmx\/ca\/quin-salesia-per-als-joves-davui\/\" \/>\n<meta property=\"og:site_name\" content=\"Revista SMX\" \/>\n<meta property=\"article:published_time\" content=\"2018-11-24T22:00:04+00:00\" \/>\n<meta property=\"article:modified_time\" content=\"2018-11-30T13:30:10+00:00\" \/>\n<meta property=\"og:image\" content=\"http:\/\/www.salesianos.edu\/revistasmx\/wp-content\/uploads\/sites\/8\/2018\/11\/LogoSalesianos_CapituloInspectorial_19-1.jpg\" \/>\n\t<meta property=\"og:image:width\" content=\"600\" \/>\n\t<meta property=\"og:image:height\" content=\"450\" \/>\n\t<meta property=\"og:image:type\" content=\"image\/jpeg\" \/>\n<meta name=\"author\" content=\"martapeirat\" \/>\n<meta name=\"twitter:card\" content=\"summary_large_image\" \/>\n<meta name=\"twitter:label1\" content=\"Escrito por\" \/>\n\t<meta name=\"twitter:data1\" content=\"martapeirat\" \/>\n\t<meta name=\"twitter:label2\" content=\"Tiempo de lectura\" \/>\n\t<meta name=\"twitter:data2\" content=\"14 minutos\" \/>\n<script type=\"application\/ld+json\" class=\"yoast-schema-graph\">{\"@context\":\"https:\\\/\\\/schema.org\",\"@graph\":[{\"@type\":\"Article\",\"@id\":\"http:\\\/\\\/www.salesianos.edu\\\/revistasmx\\\/ca\\\/quin-salesia-per-als-joves-davui\\\/#article\",\"isPartOf\":{\"@id\":\"http:\\\/\\\/www.salesianos.edu\\\/revistasmx\\\/ca\\\/quin-salesia-per-als-joves-davui\\\/\"},\"author\":{\"name\":\"martapeirat\",\"@id\":\"http:\\\/\\\/www.salesianos.edu\\\/revistasmx\\\/#\\\/schema\\\/person\\\/20a80be1bb4e0ed82068c57facf5b237\"},\"headline\":\"Quin salesi\u00e0 per als joves d&#8217;avui?\",\"datePublished\":\"2018-11-24T22:00:04+00:00\",\"dateModified\":\"2018-11-30T13:30:10+00:00\",\"mainEntityOfPage\":{\"@id\":\"http:\\\/\\\/www.salesianos.edu\\\/revistasmx\\\/ca\\\/quin-salesia-per-als-joves-davui\\\/\"},\"wordCount\":2767,\"commentCount\":0,\"image\":{\"@id\":\"http:\\\/\\\/www.salesianos.edu\\\/revistasmx\\\/ca\\\/quin-salesia-per-als-joves-davui\\\/#primaryimage\"},\"thumbnailUrl\":\"http:\\\/\\\/www.salesianos.edu\\\/revistasmx\\\/wp-content\\\/uploads\\\/sites\\\/8\\\/2018\\\/11\\\/LogoSalesianos_CapituloInspectorial_19-1.jpg\",\"keywords\":[\"smx42\"],\"articleSection\":[\"A FONS\"],\"inLanguage\":\"es\",\"potentialAction\":[{\"@type\":\"CommentAction\",\"name\":\"Comment\",\"target\":[\"http:\\\/\\\/www.salesianos.edu\\\/revistasmx\\\/ca\\\/quin-salesia-per-als-joves-davui\\\/#respond\"]}]},{\"@type\":\"WebPage\",\"@id\":\"http:\\\/\\\/www.salesianos.edu\\\/revistasmx\\\/ca\\\/quin-salesia-per-als-joves-davui\\\/\",\"url\":\"http:\\\/\\\/www.salesianos.edu\\\/revistasmx\\\/ca\\\/quin-salesia-per-als-joves-davui\\\/\",\"name\":\"Quin salesi\u00e0 per als joves d'avui? - Revista SMX\",\"isPartOf\":{\"@id\":\"http:\\\/\\\/www.salesianos.edu\\\/revistasmx\\\/#website\"},\"primaryImageOfPage\":{\"@id\":\"http:\\\/\\\/www.salesianos.edu\\\/revistasmx\\\/ca\\\/quin-salesia-per-als-joves-davui\\\/#primaryimage\"},\"image\":{\"@id\":\"http:\\\/\\\/www.salesianos.edu\\\/revistasmx\\\/ca\\\/quin-salesia-per-als-joves-davui\\\/#primaryimage\"},\"thumbnailUrl\":\"http:\\\/\\\/www.salesianos.edu\\\/revistasmx\\\/wp-content\\\/uploads\\\/sites\\\/8\\\/2018\\\/11\\\/LogoSalesianos_CapituloInspectorial_19-1.jpg\",\"datePublished\":\"2018-11-24T22:00:04+00:00\",\"dateModified\":\"2018-11-30T13:30:10+00:00\",\"author\":{\"@id\":\"http:\\\/\\\/www.salesianos.edu\\\/revistasmx\\\/#\\\/schema\\\/person\\\/20a80be1bb4e0ed82068c57facf5b237\"},\"breadcrumb\":{\"@id\":\"http:\\\/\\\/www.salesianos.edu\\\/revistasmx\\\/ca\\\/quin-salesia-per-als-joves-davui\\\/#breadcrumb\"},\"inLanguage\":\"es\",\"potentialAction\":[{\"@type\":\"ReadAction\",\"target\":[\"http:\\\/\\\/www.salesianos.edu\\\/revistasmx\\\/ca\\\/quin-salesia-per-als-joves-davui\\\/\"]}]},{\"@type\":\"ImageObject\",\"inLanguage\":\"es\",\"@id\":\"http:\\\/\\\/www.salesianos.edu\\\/revistasmx\\\/ca\\\/quin-salesia-per-als-joves-davui\\\/#primaryimage\",\"url\":\"http:\\\/\\\/www.salesianos.edu\\\/revistasmx\\\/wp-content\\\/uploads\\\/sites\\\/8\\\/2018\\\/11\\\/LogoSalesianos_CapituloInspectorial_19-1.jpg\",\"contentUrl\":\"http:\\\/\\\/www.salesianos.edu\\\/revistasmx\\\/wp-content\\\/uploads\\\/sites\\\/8\\\/2018\\\/11\\\/LogoSalesianos_CapituloInspectorial_19-1.jpg\",\"width\":600,\"height\":450},{\"@type\":\"BreadcrumbList\",\"@id\":\"http:\\\/\\\/www.salesianos.edu\\\/revistasmx\\\/ca\\\/quin-salesia-per-als-joves-davui\\\/#breadcrumb\",\"itemListElement\":[{\"@type\":\"ListItem\",\"position\":1,\"name\":\"Portada\",\"item\":\"http:\\\/\\\/www.salesianos.edu\\\/revistasmx\\\/\"},{\"@type\":\"ListItem\",\"position\":2,\"name\":\"Quin salesi\u00e0 per als joves d&#8217;avui?\"}]},{\"@type\":\"WebSite\",\"@id\":\"http:\\\/\\\/www.salesianos.edu\\\/revistasmx\\\/#website\",\"url\":\"http:\\\/\\\/www.salesianos.edu\\\/revistasmx\\\/\",\"name\":\"Revista SMX\",\"description\":\"P\u00e1gina oficial de Inspector\u00eda Salesiana Mar\u00eda Auxiliadora\",\"potentialAction\":[{\"@type\":\"SearchAction\",\"target\":{\"@type\":\"EntryPoint\",\"urlTemplate\":\"http:\\\/\\\/www.salesianos.edu\\\/revistasmx\\\/?s={search_term_string}\"},\"query-input\":{\"@type\":\"PropertyValueSpecification\",\"valueRequired\":true,\"valueName\":\"search_term_string\"}}],\"inLanguage\":\"es\"},{\"@type\":\"Person\",\"@id\":\"http:\\\/\\\/www.salesianos.edu\\\/revistasmx\\\/#\\\/schema\\\/person\\\/20a80be1bb4e0ed82068c57facf5b237\",\"name\":\"martapeirat\",\"image\":{\"@type\":\"ImageObject\",\"inLanguage\":\"es\",\"@id\":\"https:\\\/\\\/secure.gravatar.com\\\/avatar\\\/1139b81b40ed1dde466563679597db378e7092bbfdd7ebb264c437fedde866d7?s=96&d=mm&r=g\",\"url\":\"https:\\\/\\\/secure.gravatar.com\\\/avatar\\\/1139b81b40ed1dde466563679597db378e7092bbfdd7ebb264c437fedde866d7?s=96&d=mm&r=g\",\"contentUrl\":\"https:\\\/\\\/secure.gravatar.com\\\/avatar\\\/1139b81b40ed1dde466563679597db378e7092bbfdd7ebb264c437fedde866d7?s=96&d=mm&r=g\",\"caption\":\"martapeirat\"}}]}<\/script>\n<!-- \/ Yoast SEO plugin. -->","yoast_head_json":{"title":"Quin salesi\u00e0 per als joves d'avui? - Revista SMX","robots":{"index":"index","follow":"follow","max-snippet":"max-snippet:-1","max-image-preview":"max-image-preview:large","max-video-preview":"max-video-preview:-1"},"canonical":"http:\/\/www.salesianos.edu\/revistasmx\/ca\/quin-salesia-per-als-joves-davui\/","og_locale":"es_ES","og_type":"article","og_title":"Quin salesi\u00e0 per als joves d'avui? - Revista SMX","og_description":"Titulo p\u00e1ginas Subtitulo 1 Lorem Ipsum es simplemente el texto de relleno de las imprentas y archivos de texto. Lorem Ipsum ha sido el texto de relleno est\u00e1ndar de las industrias desde el a\u00f1o 1500, cuando un impresor (N. del T. persona que se dedica a la imprenta) desconocido us\u00f3 una galer\u00eda de textos y [&hellip;]","og_url":"http:\/\/www.salesianos.edu\/revistasmx\/ca\/quin-salesia-per-als-joves-davui\/","og_site_name":"Revista SMX","article_published_time":"2018-11-24T22:00:04+00:00","article_modified_time":"2018-11-30T13:30:10+00:00","og_image":[{"width":600,"height":450,"url":"http:\/\/www.salesianos.edu\/revistasmx\/wp-content\/uploads\/sites\/8\/2018\/11\/LogoSalesianos_CapituloInspectorial_19-1.jpg","type":"image\/jpeg"}],"author":"martapeirat","twitter_card":"summary_large_image","twitter_misc":{"Escrito por":"martapeirat","Tiempo de lectura":"14 minutos"},"schema":{"@context":"https:\/\/schema.org","@graph":[{"@type":"Article","@id":"http:\/\/www.salesianos.edu\/revistasmx\/ca\/quin-salesia-per-als-joves-davui\/#article","isPartOf":{"@id":"http:\/\/www.salesianos.edu\/revistasmx\/ca\/quin-salesia-per-als-joves-davui\/"},"author":{"name":"martapeirat","@id":"http:\/\/www.salesianos.edu\/revistasmx\/#\/schema\/person\/20a80be1bb4e0ed82068c57facf5b237"},"headline":"Quin salesi\u00e0 per als joves d&#8217;avui?","datePublished":"2018-11-24T22:00:04+00:00","dateModified":"2018-11-30T13:30:10+00:00","mainEntityOfPage":{"@id":"http:\/\/www.salesianos.edu\/revistasmx\/ca\/quin-salesia-per-als-joves-davui\/"},"wordCount":2767,"commentCount":0,"image":{"@id":"http:\/\/www.salesianos.edu\/revistasmx\/ca\/quin-salesia-per-als-joves-davui\/#primaryimage"},"thumbnailUrl":"http:\/\/www.salesianos.edu\/revistasmx\/wp-content\/uploads\/sites\/8\/2018\/11\/LogoSalesianos_CapituloInspectorial_19-1.jpg","keywords":["smx42"],"articleSection":["A FONS"],"inLanguage":"es","potentialAction":[{"@type":"CommentAction","name":"Comment","target":["http:\/\/www.salesianos.edu\/revistasmx\/ca\/quin-salesia-per-als-joves-davui\/#respond"]}]},{"@type":"WebPage","@id":"http:\/\/www.salesianos.edu\/revistasmx\/ca\/quin-salesia-per-als-joves-davui\/","url":"http:\/\/www.salesianos.edu\/revistasmx\/ca\/quin-salesia-per-als-joves-davui\/","name":"Quin salesi\u00e0 per als joves d'avui? - Revista SMX","isPartOf":{"@id":"http:\/\/www.salesianos.edu\/revistasmx\/#website"},"primaryImageOfPage":{"@id":"http:\/\/www.salesianos.edu\/revistasmx\/ca\/quin-salesia-per-als-joves-davui\/#primaryimage"},"image":{"@id":"http:\/\/www.salesianos.edu\/revistasmx\/ca\/quin-salesia-per-als-joves-davui\/#primaryimage"},"thumbnailUrl":"http:\/\/www.salesianos.edu\/revistasmx\/wp-content\/uploads\/sites\/8\/2018\/11\/LogoSalesianos_CapituloInspectorial_19-1.jpg","datePublished":"2018-11-24T22:00:04+00:00","dateModified":"2018-11-30T13:30:10+00:00","author":{"@id":"http:\/\/www.salesianos.edu\/revistasmx\/#\/schema\/person\/20a80be1bb4e0ed82068c57facf5b237"},"breadcrumb":{"@id":"http:\/\/www.salesianos.edu\/revistasmx\/ca\/quin-salesia-per-als-joves-davui\/#breadcrumb"},"inLanguage":"es","potentialAction":[{"@type":"ReadAction","target":["http:\/\/www.salesianos.edu\/revistasmx\/ca\/quin-salesia-per-als-joves-davui\/"]}]},{"@type":"ImageObject","inLanguage":"es","@id":"http:\/\/www.salesianos.edu\/revistasmx\/ca\/quin-salesia-per-als-joves-davui\/#primaryimage","url":"http:\/\/www.salesianos.edu\/revistasmx\/wp-content\/uploads\/sites\/8\/2018\/11\/LogoSalesianos_CapituloInspectorial_19-1.jpg","contentUrl":"http:\/\/www.salesianos.edu\/revistasmx\/wp-content\/uploads\/sites\/8\/2018\/11\/LogoSalesianos_CapituloInspectorial_19-1.jpg","width":600,"height":450},{"@type":"BreadcrumbList","@id":"http:\/\/www.salesianos.edu\/revistasmx\/ca\/quin-salesia-per-als-joves-davui\/#breadcrumb","itemListElement":[{"@type":"ListItem","position":1,"name":"Portada","item":"http:\/\/www.salesianos.edu\/revistasmx\/"},{"@type":"ListItem","position":2,"name":"Quin salesi\u00e0 per als joves d&#8217;avui?"}]},{"@type":"WebSite","@id":"http:\/\/www.salesianos.edu\/revistasmx\/#website","url":"http:\/\/www.salesianos.edu\/revistasmx\/","name":"Revista SMX","description":"P\u00e1gina oficial de Inspector\u00eda Salesiana Mar\u00eda Auxiliadora","potentialAction":[{"@type":"SearchAction","target":{"@type":"EntryPoint","urlTemplate":"http:\/\/www.salesianos.edu\/revistasmx\/?s={search_term_string}"},"query-input":{"@type":"PropertyValueSpecification","valueRequired":true,"valueName":"search_term_string"}}],"inLanguage":"es"},{"@type":"Person","@id":"http:\/\/www.salesianos.edu\/revistasmx\/#\/schema\/person\/20a80be1bb4e0ed82068c57facf5b237","name":"martapeirat","image":{"@type":"ImageObject","inLanguage":"es","@id":"https:\/\/secure.gravatar.com\/avatar\/1139b81b40ed1dde466563679597db378e7092bbfdd7ebb264c437fedde866d7?s=96&d=mm&r=g","url":"https:\/\/secure.gravatar.com\/avatar\/1139b81b40ed1dde466563679597db378e7092bbfdd7ebb264c437fedde866d7?s=96&d=mm&r=g","contentUrl":"https:\/\/secure.gravatar.com\/avatar\/1139b81b40ed1dde466563679597db378e7092bbfdd7ebb264c437fedde866d7?s=96&d=mm&r=g","caption":"martapeirat"}}]}},"_links":{"self":[{"href":"http:\/\/www.salesianos.edu\/revistasmx\/wp-json\/wp\/v2\/posts\/10056","targetHints":{"allow":["GET"]}}],"collection":[{"href":"http:\/\/www.salesianos.edu\/revistasmx\/wp-json\/wp\/v2\/posts"}],"about":[{"href":"http:\/\/www.salesianos.edu\/revistasmx\/wp-json\/wp\/v2\/types\/post"}],"author":[{"embeddable":true,"href":"http:\/\/www.salesianos.edu\/revistasmx\/wp-json\/wp\/v2\/users\/5"}],"replies":[{"embeddable":true,"href":"http:\/\/www.salesianos.edu\/revistasmx\/wp-json\/wp\/v2\/comments?post=10056"}],"version-history":[{"count":9,"href":"http:\/\/www.salesianos.edu\/revistasmx\/wp-json\/wp\/v2\/posts\/10056\/revisions"}],"predecessor-version":[{"id":10132,"href":"http:\/\/www.salesianos.edu\/revistasmx\/wp-json\/wp\/v2\/posts\/10056\/revisions\/10132"}],"wp:featuredmedia":[{"embeddable":true,"href":"http:\/\/www.salesianos.edu\/revistasmx\/wp-json\/wp\/v2\/media\/10069"}],"wp:attachment":[{"href":"http:\/\/www.salesianos.edu\/revistasmx\/wp-json\/wp\/v2\/media?parent=10056"}],"wp:term":[{"taxonomy":"category","embeddable":true,"href":"http:\/\/www.salesianos.edu\/revistasmx\/wp-json\/wp\/v2\/categories?post=10056"},{"taxonomy":"post_tag","embeddable":true,"href":"http:\/\/www.salesianos.edu\/revistasmx\/wp-json\/wp\/v2\/tags?post=10056"}],"curies":[{"name":"wp","href":"https:\/\/api.w.org\/{rel}","templated":true}]}}