{"id":9820,"date":"2021-12-01T09:47:50","date_gmt":"2021-12-01T08:47:50","guid":{"rendered":"https:\/\/www.salesianos.edu\/familiasalesiana\/?p=9820"},"modified":"2021-12-01T09:48:18","modified_gmt":"2021-12-01T08:48:18","slug":"imposicion-insignia-de-oro-de-la-confederacion-nacional-a-cristobal-sanchez-leon","status":"publish","type":"post","link":"http:\/\/www.salesianos.edu\/familiasalesiana\/imposicion-insignia-de-oro-de-la-confederacion-nacional-a-cristobal-sanchez-leon\/","title":{"rendered":"Imposici\u00f3n insignia de oro de la Confederaci\u00f3n Nacional a Crist\u00f3bal S\u00e1nchez Le\u00f3n."},"content":{"rendered":"<div id=\"fb-root\"><\/div>\n<p>[et_pb_section fb_built=\u00bb1&#8243; admin_label=\u00bbsection\u00bb _builder_version=\u00bb3.22&#8243; global_colors_info=\u00bb{}\u00bb][et_pb_row admin_label=\u00bbrow\u00bb _builder_version=\u00bb3.25&#8243; background_size=\u00bbinitial\u00bb background_position=\u00bbtop_left\u00bb background_repeat=\u00bbrepeat\u00bb global_colors_info=\u00bb{}\u00bb][et_pb_column type=\u00bb4_4&#8243; _builder_version=\u00bb3.25&#8243; custom_padding=\u00bb|||\u00bb global_colors_info=\u00bb{}\u00bb custom_padding__hover=\u00bb|||\u00bb][et_pb_text _builder_version=\u00bb4.14.2&#8243; _module_preset=\u00bbdefault\u00bb hover_enabled=\u00bb0&#8243; global_colors_info=\u00bb{}\u00bb sticky_enabled=\u00bb0&#8243;]<\/p>\n<p>El pasado d\u00eda 14 de noviembre fue un d\u00eda grande para la Asociaci\u00f3n de C\u00e1diz. La concesi\u00f3n de la insignia de oro de la Confederaci\u00f3n Nacional de Antiguos y Alumnas de Don Bosco es la mayor distinci\u00f3n que a nivel nacional puede recibir un miembro de nuestro movimiento.<\/p>\n<p>Su concesi\u00f3n no es f\u00e1cil, m\u00e1s bien lo contrario, a los m\u00e9ritos que debe contraer el aspirante se une la elaboraci\u00f3n de un dosier donde se reflejen con detalle y la adhesi\u00f3n a la solicitud de personas de relevancia a nivel del propio movimiento, as\u00ed como de la Familia Salesiana. Despu\u00e9s debe contar con el visto bueno de la Federaci\u00f3n Regional, y por \u00faltimo, la aprobaci\u00f3n de los miembros que componen la Asamblea Confederal.<\/p>\n<p>Despu\u00e9s de 34 a\u00f1os dedicados al movimiento de los Antiguos Alumnos tanto a nivel local como a nivel regional, los m\u00e9ritos contra\u00eddos por Crist\u00f3bal S\u00e1nchez Le\u00f3n como presidente y miembro de juntas directivas son m\u00e1s que elocuentes y as\u00ed fue ratificado por unanimidad de todos los miembros de la Asamblea Confederal.<\/p>\n<p>Y despu\u00e9s de casi dos a\u00f1os desde su concesi\u00f3n por fin hemos podido celebrar con nuestro amigo Crist\u00f3bal este hecho. En un sencillo y emotivo acto en el transcurso de una Eucarist\u00eda de acci\u00f3n de gracias, como a \u00e9l le gusta, rodeado de quienes hemos compartido con el mucho trabajo, siendo quienes han tenido el honor de imponerla los dos miembros de la actual junta local que ya formaban parte de la misma cuando lleg\u00f3 a la Asociaci\u00f3n de C\u00e1diz y que han estado a su lado desde entonces. Despu\u00e9s de la Eucarist\u00eda recibi\u00f3 la felicitaciones de m\u00e1s de 180 personas que le acompa\u00f1aron en un almuerzo de hermandad y que finaliz\u00f3 con la actuaci\u00f3n de una agrupaci\u00f3n carnavalesca y la proyecci\u00f3n de un montaje audiovisual sobre la vida asociativa de Crist\u00f3bal.<\/p>\n<p>En cada gramito de oro de esa insignia se incluye una parte del coraz\u00f3n de todos cuantos lo queremos y apreciamos.<\/p>\n<p>L\u00facela con orgullo.<\/p>\n<p>[\/et_pb_text][\/et_pb_column][\/et_pb_row][\/et_pb_section]<\/p>\n","protected":false},"excerpt":{"rendered":"<p>El pasado d\u00eda 14 de noviembre fue un d\u00eda grande para la Asociaci\u00f3n de C\u00e1diz. La concesi\u00f3n de la insignia de oro de la Confederaci\u00f3n Nacional de Antiguos y Alumnas de Don Bosco es la mayor distinci\u00f3n que a nivel nacional puede recibir un miembro de nuestro movimiento.<\/p>\n","protected":false},"author":31,"featured_media":9823,"comment_status":"open","ping_status":"open","sticky":false,"template":"","format":"standard","meta":{"_et_pb_use_builder":"on","_et_pb_old_content":"","_et_gb_content_width":"","footnotes":""},"categories":[54],"tags":[],"class_list":["post-9820","post","type-post","status-publish","format-standard","has-post-thumbnail","hentry","category-antiguos-alumnos"],"yoast_head":"<!-- This site is optimized with the Yoast SEO plugin v27.5 - https:\/\/yoast.com\/product\/yoast-seo-wordpress\/ -->\n<title>Imposici\u00f3n insignia de oro de la Confederaci\u00f3n Nacional a Crist\u00f3bal S\u00e1nchez Le\u00f3n. - Familia Salesiana<\/title>\n<meta name=\"robots\" content=\"index, follow, max-snippet:-1, max-image-preview:large, max-video-preview:-1\" \/>\n<link rel=\"canonical\" href=\"http:\/\/www.salesianos.edu\/familiasalesiana\/imposicion-insignia-de-oro-de-la-confederacion-nacional-a-cristobal-sanchez-leon\/\" \/>\n<meta property=\"og:locale\" content=\"es_ES\" \/>\n<meta property=\"og:type\" content=\"article\" \/>\n<meta property=\"og:title\" content=\"Imposici\u00f3n insignia de oro de la Confederaci\u00f3n Nacional a Crist\u00f3bal S\u00e1nchez Le\u00f3n. - Familia Salesiana\" \/>\n<meta property=\"og:description\" content=\"El pasado d\u00eda 14 de noviembre fue un d\u00eda grande para la Asociaci\u00f3n de C\u00e1diz. La concesi\u00f3n de la insignia de oro de la Confederaci\u00f3n Nacional de Antiguos y Alumnas de Don Bosco es la mayor distinci\u00f3n que a nivel nacional puede recibir un miembro de nuestro movimiento.\" \/>\n<meta property=\"og:url\" content=\"http:\/\/www.salesianos.edu\/familiasalesiana\/imposicion-insignia-de-oro-de-la-confederacion-nacional-a-cristobal-sanchez-leon\/\" \/>\n<meta property=\"og:site_name\" content=\"Familia Salesiana\" \/>\n<meta property=\"article:published_time\" content=\"2021-12-01T08:47:50+00:00\" \/>\n<meta property=\"article:modified_time\" content=\"2021-12-01T08:48:18+00:00\" \/>\n<meta property=\"og:image\" content=\"http:\/\/www.salesianos.edu\/familiasalesiana\/wp-content\/uploads\/sites\/5\/2021\/12\/Foto-Cristo\u0301bal-scaled.jpg\" \/>\n\t<meta property=\"og:image:width\" content=\"2560\" \/>\n\t<meta property=\"og:image:height\" content=\"1706\" \/>\n\t<meta property=\"og:image:type\" content=\"image\/jpeg\" \/>\n<meta name=\"author\" content=\"antoninogomez\" \/>\n<meta name=\"twitter:card\" content=\"summary_large_image\" \/>\n<meta name=\"twitter:label1\" content=\"Escrito por\" \/>\n\t<meta name=\"twitter:data1\" content=\"antoninogomez\" \/>\n\t<meta name=\"twitter:label2\" content=\"Tiempo de lectura\" \/>\n\t<meta name=\"twitter:data2\" content=\"2 minutos\" \/>\n<script type=\"application\/ld+json\" class=\"yoast-schema-graph\">{\"@context\":\"https:\\\/\\\/schema.org\",\"@graph\":[{\"@type\":\"Article\",\"@id\":\"http:\\\/\\\/www.salesianos.edu\\\/familiasalesiana\\\/imposicion-insignia-de-oro-de-la-confederacion-nacional-a-cristobal-sanchez-leon\\\/#article\",\"isPartOf\":{\"@id\":\"http:\\\/\\\/www.salesianos.edu\\\/familiasalesiana\\\/imposicion-insignia-de-oro-de-la-confederacion-nacional-a-cristobal-sanchez-leon\\\/\"},\"author\":{\"name\":\"antoninogomez\",\"@id\":\"http:\\\/\\\/www.salesianos.edu\\\/familiasalesiana\\\/#\\\/schema\\\/person\\\/a379b91cdbdb13a276ccd4465b96104e\"},\"headline\":\"Imposici\u00f3n insignia de oro de la Confederaci\u00f3n Nacional a Crist\u00f3bal S\u00e1nchez Le\u00f3n.\",\"datePublished\":\"2021-12-01T08:47:50+00:00\",\"dateModified\":\"2021-12-01T08:48:18+00:00\",\"mainEntityOfPage\":{\"@id\":\"http:\\\/\\\/www.salesianos.edu\\\/familiasalesiana\\\/imposicion-insignia-de-oro-de-la-confederacion-nacional-a-cristobal-sanchez-leon\\\/\"},\"wordCount\":460,\"commentCount\":0,\"image\":{\"@id\":\"http:\\\/\\\/www.salesianos.edu\\\/familiasalesiana\\\/imposicion-insignia-de-oro-de-la-confederacion-nacional-a-cristobal-sanchez-leon\\\/#primaryimage\"},\"thumbnailUrl\":\"http:\\\/\\\/www.salesianos.edu\\\/familiasalesiana\\\/wp-content\\\/uploads\\\/sites\\\/5\\\/2021\\\/12\\\/Foto-Cristo\u0301bal-scaled.jpg\",\"articleSection\":[\"Antiguos Alumnos\"],\"inLanguage\":\"es\",\"potentialAction\":[{\"@type\":\"CommentAction\",\"name\":\"Comment\",\"target\":[\"http:\\\/\\\/www.salesianos.edu\\\/familiasalesiana\\\/imposicion-insignia-de-oro-de-la-confederacion-nacional-a-cristobal-sanchez-leon\\\/#respond\"]}]},{\"@type\":\"WebPage\",\"@id\":\"http:\\\/\\\/www.salesianos.edu\\\/familiasalesiana\\\/imposicion-insignia-de-oro-de-la-confederacion-nacional-a-cristobal-sanchez-leon\\\/\",\"url\":\"http:\\\/\\\/www.salesianos.edu\\\/familiasalesiana\\\/imposicion-insignia-de-oro-de-la-confederacion-nacional-a-cristobal-sanchez-leon\\\/\",\"name\":\"Imposici\u00f3n insignia de oro de la Confederaci\u00f3n Nacional a Crist\u00f3bal S\u00e1nchez Le\u00f3n. - Familia Salesiana\",\"isPartOf\":{\"@id\":\"http:\\\/\\\/www.salesianos.edu\\\/familiasalesiana\\\/#website\"},\"primaryImageOfPage\":{\"@id\":\"http:\\\/\\\/www.salesianos.edu\\\/familiasalesiana\\\/imposicion-insignia-de-oro-de-la-confederacion-nacional-a-cristobal-sanchez-leon\\\/#primaryimage\"},\"image\":{\"@id\":\"http:\\\/\\\/www.salesianos.edu\\\/familiasalesiana\\\/imposicion-insignia-de-oro-de-la-confederacion-nacional-a-cristobal-sanchez-leon\\\/#primaryimage\"},\"thumbnailUrl\":\"http:\\\/\\\/www.salesianos.edu\\\/familiasalesiana\\\/wp-content\\\/uploads\\\/sites\\\/5\\\/2021\\\/12\\\/Foto-Cristo\u0301bal-scaled.jpg\",\"datePublished\":\"2021-12-01T08:47:50+00:00\",\"dateModified\":\"2021-12-01T08:48:18+00:00\",\"author\":{\"@id\":\"http:\\\/\\\/www.salesianos.edu\\\/familiasalesiana\\\/#\\\/schema\\\/person\\\/a379b91cdbdb13a276ccd4465b96104e\"},\"breadcrumb\":{\"@id\":\"http:\\\/\\\/www.salesianos.edu\\\/familiasalesiana\\\/imposicion-insignia-de-oro-de-la-confederacion-nacional-a-cristobal-sanchez-leon\\\/#breadcrumb\"},\"inLanguage\":\"es\",\"potentialAction\":[{\"@type\":\"ReadAction\",\"target\":[\"http:\\\/\\\/www.salesianos.edu\\\/familiasalesiana\\\/imposicion-insignia-de-oro-de-la-confederacion-nacional-a-cristobal-sanchez-leon\\\/\"]}]},{\"@type\":\"ImageObject\",\"inLanguage\":\"es\",\"@id\":\"http:\\\/\\\/www.salesianos.edu\\\/familiasalesiana\\\/imposicion-insignia-de-oro-de-la-confederacion-nacional-a-cristobal-sanchez-leon\\\/#primaryimage\",\"url\":\"http:\\\/\\\/www.salesianos.edu\\\/familiasalesiana\\\/wp-content\\\/uploads\\\/sites\\\/5\\\/2021\\\/12\\\/Foto-Cristo\u0301bal-scaled.jpg\",\"contentUrl\":\"http:\\\/\\\/www.salesianos.edu\\\/familiasalesiana\\\/wp-content\\\/uploads\\\/sites\\\/5\\\/2021\\\/12\\\/Foto-Cristo\u0301bal-scaled.jpg\",\"width\":2560,\"height\":1706},{\"@type\":\"BreadcrumbList\",\"@id\":\"http:\\\/\\\/www.salesianos.edu\\\/familiasalesiana\\\/imposicion-insignia-de-oro-de-la-confederacion-nacional-a-cristobal-sanchez-leon\\\/#breadcrumb\",\"itemListElement\":[{\"@type\":\"ListItem\",\"position\":1,\"name\":\"Portada\",\"item\":\"http:\\\/\\\/www.salesianos.edu\\\/familiasalesiana\\\/\"},{\"@type\":\"ListItem\",\"position\":2,\"name\":\"Imposici\u00f3n insignia de oro de la Confederaci\u00f3n Nacional a Crist\u00f3bal S\u00e1nchez Le\u00f3n.\"}]},{\"@type\":\"WebSite\",\"@id\":\"http:\\\/\\\/www.salesianos.edu\\\/familiasalesiana\\\/#website\",\"url\":\"http:\\\/\\\/www.salesianos.edu\\\/familiasalesiana\\\/\",\"name\":\"Familia Salesiana\",\"description\":\"P\u00e1gina oficial de Inspector\u00eda Salesiana Mar\u00eda Auxiliadora\",\"potentialAction\":[{\"@type\":\"SearchAction\",\"target\":{\"@type\":\"EntryPoint\",\"urlTemplate\":\"http:\\\/\\\/www.salesianos.edu\\\/familiasalesiana\\\/?s={search_term_string}\"},\"query-input\":{\"@type\":\"PropertyValueSpecification\",\"valueRequired\":true,\"valueName\":\"search_term_string\"}}],\"inLanguage\":\"es\"},{\"@type\":\"Person\",\"@id\":\"http:\\\/\\\/www.salesianos.edu\\\/familiasalesiana\\\/#\\\/schema\\\/person\\\/a379b91cdbdb13a276ccd4465b96104e\",\"name\":\"antoninogomez\",\"image\":{\"@type\":\"ImageObject\",\"inLanguage\":\"es\",\"@id\":\"https:\\\/\\\/secure.gravatar.com\\\/avatar\\\/7ec9a9a03fb85ee41fe7eaf1bac753f58d6718a944b75d031135858e327f16cf?s=96&d=mm&r=g\",\"url\":\"https:\\\/\\\/secure.gravatar.com\\\/avatar\\\/7ec9a9a03fb85ee41fe7eaf1bac753f58d6718a944b75d031135858e327f16cf?s=96&d=mm&r=g\",\"contentUrl\":\"https:\\\/\\\/secure.gravatar.com\\\/avatar\\\/7ec9a9a03fb85ee41fe7eaf1bac753f58d6718a944b75d031135858e327f16cf?s=96&d=mm&r=g\",\"caption\":\"antoninogomez\"}}]}<\/script>\n<!-- \/ Yoast SEO plugin. -->","yoast_head_json":{"title":"Imposici\u00f3n insignia de oro de la Confederaci\u00f3n Nacional a Crist\u00f3bal S\u00e1nchez Le\u00f3n. - Familia Salesiana","robots":{"index":"index","follow":"follow","max-snippet":"max-snippet:-1","max-image-preview":"max-image-preview:large","max-video-preview":"max-video-preview:-1"},"canonical":"http:\/\/www.salesianos.edu\/familiasalesiana\/imposicion-insignia-de-oro-de-la-confederacion-nacional-a-cristobal-sanchez-leon\/","og_locale":"es_ES","og_type":"article","og_title":"Imposici\u00f3n insignia de oro de la Confederaci\u00f3n Nacional a Crist\u00f3bal S\u00e1nchez Le\u00f3n. - Familia Salesiana","og_description":"El pasado d\u00eda 14 de noviembre fue un d\u00eda grande para la Asociaci\u00f3n de C\u00e1diz. La concesi\u00f3n de la insignia de oro de la Confederaci\u00f3n Nacional de Antiguos y Alumnas de Don Bosco es la mayor distinci\u00f3n que a nivel nacional puede recibir un miembro de nuestro movimiento.","og_url":"http:\/\/www.salesianos.edu\/familiasalesiana\/imposicion-insignia-de-oro-de-la-confederacion-nacional-a-cristobal-sanchez-leon\/","og_site_name":"Familia Salesiana","article_published_time":"2021-12-01T08:47:50+00:00","article_modified_time":"2021-12-01T08:48:18+00:00","og_image":[{"width":2560,"height":1706,"url":"http:\/\/www.salesianos.edu\/familiasalesiana\/wp-content\/uploads\/sites\/5\/2021\/12\/Foto-Cristo\u0301bal-scaled.jpg","type":"image\/jpeg"}],"author":"antoninogomez","twitter_card":"summary_large_image","twitter_misc":{"Escrito por":"antoninogomez","Tiempo de lectura":"2 minutos"},"schema":{"@context":"https:\/\/schema.org","@graph":[{"@type":"Article","@id":"http:\/\/www.salesianos.edu\/familiasalesiana\/imposicion-insignia-de-oro-de-la-confederacion-nacional-a-cristobal-sanchez-leon\/#article","isPartOf":{"@id":"http:\/\/www.salesianos.edu\/familiasalesiana\/imposicion-insignia-de-oro-de-la-confederacion-nacional-a-cristobal-sanchez-leon\/"},"author":{"name":"antoninogomez","@id":"http:\/\/www.salesianos.edu\/familiasalesiana\/#\/schema\/person\/a379b91cdbdb13a276ccd4465b96104e"},"headline":"Imposici\u00f3n insignia de oro de la Confederaci\u00f3n Nacional a Crist\u00f3bal S\u00e1nchez Le\u00f3n.","datePublished":"2021-12-01T08:47:50+00:00","dateModified":"2021-12-01T08:48:18+00:00","mainEntityOfPage":{"@id":"http:\/\/www.salesianos.edu\/familiasalesiana\/imposicion-insignia-de-oro-de-la-confederacion-nacional-a-cristobal-sanchez-leon\/"},"wordCount":460,"commentCount":0,"image":{"@id":"http:\/\/www.salesianos.edu\/familiasalesiana\/imposicion-insignia-de-oro-de-la-confederacion-nacional-a-cristobal-sanchez-leon\/#primaryimage"},"thumbnailUrl":"http:\/\/www.salesianos.edu\/familiasalesiana\/wp-content\/uploads\/sites\/5\/2021\/12\/Foto-Cristo\u0301bal-scaled.jpg","articleSection":["Antiguos Alumnos"],"inLanguage":"es","potentialAction":[{"@type":"CommentAction","name":"Comment","target":["http:\/\/www.salesianos.edu\/familiasalesiana\/imposicion-insignia-de-oro-de-la-confederacion-nacional-a-cristobal-sanchez-leon\/#respond"]}]},{"@type":"WebPage","@id":"http:\/\/www.salesianos.edu\/familiasalesiana\/imposicion-insignia-de-oro-de-la-confederacion-nacional-a-cristobal-sanchez-leon\/","url":"http:\/\/www.salesianos.edu\/familiasalesiana\/imposicion-insignia-de-oro-de-la-confederacion-nacional-a-cristobal-sanchez-leon\/","name":"Imposici\u00f3n insignia de oro de la Confederaci\u00f3n Nacional a Crist\u00f3bal S\u00e1nchez Le\u00f3n. - Familia Salesiana","isPartOf":{"@id":"http:\/\/www.salesianos.edu\/familiasalesiana\/#website"},"primaryImageOfPage":{"@id":"http:\/\/www.salesianos.edu\/familiasalesiana\/imposicion-insignia-de-oro-de-la-confederacion-nacional-a-cristobal-sanchez-leon\/#primaryimage"},"image":{"@id":"http:\/\/www.salesianos.edu\/familiasalesiana\/imposicion-insignia-de-oro-de-la-confederacion-nacional-a-cristobal-sanchez-leon\/#primaryimage"},"thumbnailUrl":"http:\/\/www.salesianos.edu\/familiasalesiana\/wp-content\/uploads\/sites\/5\/2021\/12\/Foto-Cristo\u0301bal-scaled.jpg","datePublished":"2021-12-01T08:47:50+00:00","dateModified":"2021-12-01T08:48:18+00:00","author":{"@id":"http:\/\/www.salesianos.edu\/familiasalesiana\/#\/schema\/person\/a379b91cdbdb13a276ccd4465b96104e"},"breadcrumb":{"@id":"http:\/\/www.salesianos.edu\/familiasalesiana\/imposicion-insignia-de-oro-de-la-confederacion-nacional-a-cristobal-sanchez-leon\/#breadcrumb"},"inLanguage":"es","potentialAction":[{"@type":"ReadAction","target":["http:\/\/www.salesianos.edu\/familiasalesiana\/imposicion-insignia-de-oro-de-la-confederacion-nacional-a-cristobal-sanchez-leon\/"]}]},{"@type":"ImageObject","inLanguage":"es","@id":"http:\/\/www.salesianos.edu\/familiasalesiana\/imposicion-insignia-de-oro-de-la-confederacion-nacional-a-cristobal-sanchez-leon\/#primaryimage","url":"http:\/\/www.salesianos.edu\/familiasalesiana\/wp-content\/uploads\/sites\/5\/2021\/12\/Foto-Cristo\u0301bal-scaled.jpg","contentUrl":"http:\/\/www.salesianos.edu\/familiasalesiana\/wp-content\/uploads\/sites\/5\/2021\/12\/Foto-Cristo\u0301bal-scaled.jpg","width":2560,"height":1706},{"@type":"BreadcrumbList","@id":"http:\/\/www.salesianos.edu\/familiasalesiana\/imposicion-insignia-de-oro-de-la-confederacion-nacional-a-cristobal-sanchez-leon\/#breadcrumb","itemListElement":[{"@type":"ListItem","position":1,"name":"Portada","item":"http:\/\/www.salesianos.edu\/familiasalesiana\/"},{"@type":"ListItem","position":2,"name":"Imposici\u00f3n insignia de oro de la Confederaci\u00f3n Nacional a Crist\u00f3bal S\u00e1nchez Le\u00f3n."}]},{"@type":"WebSite","@id":"http:\/\/www.salesianos.edu\/familiasalesiana\/#website","url":"http:\/\/www.salesianos.edu\/familiasalesiana\/","name":"Familia Salesiana","description":"P\u00e1gina oficial de Inspector\u00eda Salesiana Mar\u00eda Auxiliadora","potentialAction":[{"@type":"SearchAction","target":{"@type":"EntryPoint","urlTemplate":"http:\/\/www.salesianos.edu\/familiasalesiana\/?s={search_term_string}"},"query-input":{"@type":"PropertyValueSpecification","valueRequired":true,"valueName":"search_term_string"}}],"inLanguage":"es"},{"@type":"Person","@id":"http:\/\/www.salesianos.edu\/familiasalesiana\/#\/schema\/person\/a379b91cdbdb13a276ccd4465b96104e","name":"antoninogomez","image":{"@type":"ImageObject","inLanguage":"es","@id":"https:\/\/secure.gravatar.com\/avatar\/7ec9a9a03fb85ee41fe7eaf1bac753f58d6718a944b75d031135858e327f16cf?s=96&d=mm&r=g","url":"https:\/\/secure.gravatar.com\/avatar\/7ec9a9a03fb85ee41fe7eaf1bac753f58d6718a944b75d031135858e327f16cf?s=96&d=mm&r=g","contentUrl":"https:\/\/secure.gravatar.com\/avatar\/7ec9a9a03fb85ee41fe7eaf1bac753f58d6718a944b75d031135858e327f16cf?s=96&d=mm&r=g","caption":"antoninogomez"}}]}},"_links":{"self":[{"href":"http:\/\/www.salesianos.edu\/familiasalesiana\/wp-json\/wp\/v2\/posts\/9820","targetHints":{"allow":["GET"]}}],"collection":[{"href":"http:\/\/www.salesianos.edu\/familiasalesiana\/wp-json\/wp\/v2\/posts"}],"about":[{"href":"http:\/\/www.salesianos.edu\/familiasalesiana\/wp-json\/wp\/v2\/types\/post"}],"author":[{"embeddable":true,"href":"http:\/\/www.salesianos.edu\/familiasalesiana\/wp-json\/wp\/v2\/users\/31"}],"replies":[{"embeddable":true,"href":"http:\/\/www.salesianos.edu\/familiasalesiana\/wp-json\/wp\/v2\/comments?post=9820"}],"version-history":[{"count":5,"href":"http:\/\/www.salesianos.edu\/familiasalesiana\/wp-json\/wp\/v2\/posts\/9820\/revisions"}],"predecessor-version":[{"id":9827,"href":"http:\/\/www.salesianos.edu\/familiasalesiana\/wp-json\/wp\/v2\/posts\/9820\/revisions\/9827"}],"wp:featuredmedia":[{"embeddable":true,"href":"http:\/\/www.salesianos.edu\/familiasalesiana\/wp-json\/wp\/v2\/media\/9823"}],"wp:attachment":[{"href":"http:\/\/www.salesianos.edu\/familiasalesiana\/wp-json\/wp\/v2\/media?parent=9820"}],"wp:term":[{"taxonomy":"category","embeddable":true,"href":"http:\/\/www.salesianos.edu\/familiasalesiana\/wp-json\/wp\/v2\/categories?post=9820"},{"taxonomy":"post_tag","embeddable":true,"href":"http:\/\/www.salesianos.edu\/familiasalesiana\/wp-json\/wp\/v2\/tags?post=9820"}],"curies":[{"name":"wp","href":"https:\/\/api.w.org\/{rel}","templated":true}]}}